{"id":9998,"date":"2016-11-14T06:45:07","date_gmt":"2016-11-14T05:45:07","guid":{"rendered":"https:\/\/wp.muchomaas.com\/article-la-revue-du-14-novembre-2016\/"},"modified":"2023-06-23T23:23:26","modified_gmt":"2023-06-23T21:23:26","slug":"article-la-revue-du-14-novembre-2016","status":"publish","type":"post","link":"https:\/\/archives.regards.fr\/?p=9998","title":{"rendered":"La Revue du 14 novembre 2016"},"content":{"rendered":"<strong>ACTUALITE<\/strong>\n\n-&#8220;Une journ\u00e9e d&#8217;hommage aux 130 victimes sans discours politiques&#8221; (Marie Quenet) : http:\/\/www.lejdd.fr\/Societe\/Une-journee-d-hommage-aux-130-victimes-sans-discours-politique-824362\n\n<strong>-La longue liste des victimes du Bataclan (vid\u00e9o) :<\/strong> http:\/\/www.lci.fr\/societe\/video-hommage-13-novembre-bataclan-les-noms-des-90-victimes-prononce-2012307.html\n\n-Les 25 sans-papiers du chantier de la rue de Breteuil \u00e0 Paris ont gagn\u00e9 (la CGT) : http:\/\/www.cgt.fr\/La-lutte-et-la-determination-des.html\n\n<strong>-&#8220;Les huitres, stars des f\u00eates de fin d&#8217;ann\u00e9e&#8221;  (vid\u00e9os) : <\/strong>                                  http:\/\/www.francetvinfo.fr\/culture\/gastronomie\/les-huitres-stars-des-fetes-de-fin-d-annee_1917773.html                                                                                      http:\/\/www.francetvinfo.fr\/culture\/gastronomie\/quels-prix-pour-nos-huitres_1917775.html\n\n-Une femme \u00e0 la t\u00eate de la Ligue du football professionnel (Rams\u00e8s Kefi) : http:\/\/www.liberation.fr\/sports\/2016\/11\/11\/raymond-domenech-president-d-une-heure-de-la-lfp_1527799?xtor\n\n-Rennes veut reconqu\u00e9rir la Vilaine (Pascale Paoli-Lebailly) : http:\/\/www.latribune.fr\/regions\/bretagne\/pourquoi-rennes-veut-reconquerir-la-vilaine-614777.html#xtor\n\n<strong>-Le triste \u00e9tat des routes fran\u00e7aises (vid\u00e9os) :<\/strong> http:\/\/www.francetvinfo.fr\/societe\/securite-routiere\/dans-quel-etat-sont-les-routes-de-france_1916390.html                                                                       http:\/\/www.francetvinfo.fr\/economie\/automobile\/infrastructures-routieres-degradees-le-budget-alloue-par-l-etat-en-question_1916447.html\n\n-&#8220;Une voiture en copropri\u00e9t\u00e9&#8221; (l&#8217;expert Laurent Meillaud; son, amener le curseur sur 17:30) : http:\/\/www.europe1.fr\/emissions\/c-est-arrive-cette-semaine\/cest-arrive-cette-semaine-121116-2898278\n\n-Les \u00e9lagueurs-grimpeurs (vid\u00e9o) : http:\/\/www.francetvinfo.fr\/france\/decouverte-immersion-avec-les-elagueurs-grimpeurs_1916451.html\n\n<strong>-Gr\u00e9goire Courtine, un chercheur fran\u00e7ais pr\u00e9curseur (vid\u00e9o) : <\/strong> http:\/\/www.francetvinfo.fr\/sante\/paralysie-un-chercheur-francais-precurseur_1917477.html\n\n-Euro Disney annonce des pertes records apr\u00e8s les attentats (Christian Meyze; vid\u00e9o) : http:\/\/france3-regions.francetvinfo.fr\/paris-ile-de-france\/euro-disney-picsou-annonce-pertes-record-apres-attentats-1128431.html#xtor\n\n<strong>-Cible d&#8217;attaques r\u00e9p\u00e9t\u00e9es dans le 16e arrondissement de Paris, le cirque Roman\u00e8s &#8220;aimerait qu&#8217;on le laisse tranquille&#8221; (Carole B\u00e9lingard) <\/strong> :                                                                             http:\/\/www.francetvinfo.fr\/culture\/cible-d-attaques-repetees-a-paris-le-cirque-romanes-aimerait-qu-on-le-laisse-tranquille_1910703.html#xtor\n\n<strong>-Plaine Commune Habitat&#8221;, l&#8217;Office HLM de Saint-Denis (93), assigne l&#8217;Etat en justice pour &#8220;rupture d&#8217;\u00e9galit\u00e9 de traitement&#8221;. &#8220;Aujourd&#8217;hui, la police est exangue, sous-dot\u00e9e et sous \u00e9quip\u00e9e. La s\u00e9curit\u00e9 est un droit de l&#8217;homme, il y a des conditions de vie qui sont intol\u00e9rables&#8221; accuse son pr\u00e9sident, St\u00e9phane Peu (J\u00e9r\u00e9my Denoyer) : <\/strong>  http:\/\/www.leparisien.fr\/saint-denis-93200\/il-y-a-des-guetteurs-un-peu-partout-myriam-habitante-de-la-cite-paul-eluard-de-saint-denis-08-11-2016-6304713.php?xtor\n\n-Le mouvement des policiers est tenace (vid\u00e9o) : http:\/\/www.francetvinfo.fr\/societe\/manifestation-des-policiers\/policiers-en-colere-le-mouvement-est-tenace_1917286.html\n\n\n<strong>POLITIQUE<\/strong>\n\n<strong>-&#8220;L&#8217;Am\u00e9rique et nous&#8221; (G\u00e9rard Lahellec, vice-pr\u00e9sident communiste du Conseil r\u00e9gional de Bretagne; pi\u00e8ce jointe);<\/strong>\n\n<strong>-&#8220;Le choix d&#8217;une candidature communiste nous isolerait&#8221; (Marie-George Buffet, d\u00e9put\u00e9e de Seine-Saint-Denis; propos recueillis par Pierre Jacquemain) <\/strong> :                                                                 https:\/\/wp.muchomaas.com\/web\/article\/marie-george-buffet-le-choix-d-une-candidature-communiste-nous-isolerait\n\n-Le s\u00e9nateur Paul Verg\u00e8s, fondateur du Parti communiste r\u00e9unionnais, est mort \u00e0 91 ans (Eug\u00e8nie Barbezat; vid\u00e9o) : http:\/\/www.humanite.fr\/paul-verges-le-fondateur-du-parti-communiste-reunionnais-est-mort-623318      \n\n-&#8220;Une carri\u00e8re politique sur tous les fronts&#8221; (Idriss Issa) :                                                                                                                                                                                                                    http:\/\/www.publicsenat.fr\/lcp\/politique\/paul-verges-60-ans-carriere-politique-tous-fronts-1558617\n\n-Les personnalit\u00e9s r\u00e9unionnaises lui rendent hommage : http:\/\/m.zinfos974.com\/Les-Reunionnais-rendent-hommage-a-Paul-Verges-Les-reactions-de-nos-personnalites_a107535.html\n\n-Pierre Laurent salue &#8220;la m\u00e9moire d&#8217;un homme libre&#8221; : http:\/\/www.pcf.fr\/93666\n\n-&#8220;Adieu Paul&#8221; (Jean-Luc M\u00e9lenchon) : http:\/\/melenchon.fr\/2016\/11\/12\/adieu-paul\/\n\n<strong>-Andr\u00e9 Chassaigne, d\u00e9put\u00e9 communiste du Puy-de-D\u00f4me, a invit\u00e9 Jean Lassalle, d\u00e9put\u00e9 non-inscrit des Pyr\u00e9n\u00e9es-Atlantiques \u00e0 participer \u00e0 l&#8217;\u00e9mission &#8220;Dimanche en politiques en r\u00e9gions&#8221; (vid\u00e9o) :    <\/strong>                                                                  http:\/\/pluzz.francetv.fr\/videos\/dimanche_en_politique_auvergne_,148636364.html\n\n                                                                                                \n-&#8220;Il y a d&#8217;abord une d\u00e9faite de Mme Clinton qui a perdu dix millions de voix par rapport \u00e0 Obama. Je ne veux pas interf\u00e9rer dans le d\u00e9bat des communistes. Je suis un peu surpris qu&#8217;apr\u00e8s avoir souhait\u00e9 une candidature de rassemblement, ils en ajoutent une&#8221; (Alexis Corbi\u00e8re, porte-parole de Jean-M\u00e9lenchon; interrog\u00e9 par Brigitte Boucher; vid\u00e9o, amener le curseur sur 28:37) :                             http:\/\/www.lcp.fr\/emissions\/politique-matin\/278988-politique-matin\n\n-&#8220;Des dizaines de &#8220;caravanes d&#8217;insoumis&#8221; sillonnent la France \u00e0 la rencontre d&#8217;\u00e9lecteurs d\u00e9sabus\u00e9s&#8221; (vid\u00e9o) :                                                                                                                       http:\/\/www.dailymotion.com\/video\/x51ldx5_les-militants-de-jean-luc-melenchon-en-campagne-sur-le-terrain_news\n\n<strong>-&#8220;Il y a des plaisirs dans toutes les situations. Je ne r\u00e8ve pas d&#8217;une soci\u00e9t\u00e9 o\u00f9 on pense  tous la m\u00eame chose. Au gouvernement, quand je n&#8217;ai pas pu convaincre, ce fut la rupture. La gauche a accumul\u00e9 les d\u00e9faites culturelles et politiques&#8221; (Christiane Taubira, ancienne Garde des sceaux, invit\u00e9e de Nicolas Demorand dans &#8220;Questions Politiques&#8221;; vid\u00e9os; amener le curseur sur 14:56 pour la premi\u00e8re) :<\/strong> https:\/\/www.franceinter.fr\/emissions\/questions-politiques\/questions-politiques-13-novembre-2016\n\n-&#8220;Il y a une coupure entre une partie des \u00e9lites et le  peuple. Donald Trump est un milliardaire mais il incarne la coupure avec des politiques qui ont rendu plus vuln\u00e9rables les classes moyennes et populaires. Les propositions d&#8217;Emmanuel Macron sont tr\u00e8s lib\u00e9rales. Si j&#8217;arrive derri\u00e8re lui, je soutiendrai Arnaud Montebourg. Alain Jupp\u00e9 n&#8217;a pas le programme pour emp\u00eacher que &#8220;la Trump fran\u00e7aise&#8221; l&#8217;emporte&#8221; (Beno\u00eet Hamon, d\u00e9put\u00e9 PS des Yvelines; invit\u00e9 de la matinale de Franceinfo; son et vid\u00e9os) : http:\/\/www.francetvinfo.fr\/replay-radio\/8h30-politique\/pour-benoit-hamon-il-y-a-une-coupure-entre-une-partie-des-elites-et-le-peuple_1906809.html\n\n-&#8220;Les attentats m&#8217;ont marqu\u00e9 \u00e0 tout jamais. Ce sera une bataille de longue haleine mais nous la gagnerons&#8221; (Manuel Valls sur la BBC, qui a envisag\u00e9 une prolongation de l&#8217;\u00e9tat d&#8217;urgence pendant plusieurs mois; vid\u00e9o) : http:\/\/www.bbc.com\/news\/world-europe-37951931\n\n-&#8220;Quand on fait une campagne que contre, on finit par perdre. Avec d&#8217;un c\u00f4t\u00e9 Poutine, de l&#8217;autre Trump, deux m\u00e9chants, on a besoin de quelqu&#8217;un de solide, qui a de l&#8217;exp\u00e9rience&#8221; (Julien Dray, conseiller r\u00e9gional PS d&#8217;Ile-de-France; invit\u00e9 de Thierry Ardisson; vid\u00e9o) : http:\/\/www.c8.fr\/c8-divertissement\/ms-salut-les-terriens\/pid8608-invites.html?vid=1423828\n\n-&#8220;En France nous avons aussi une d\u00e9sindustrialisation li\u00e9e \u00e0 la mondialisation mais nous avons la protection sociale comme diff\u00e9rence. Seul Fran\u00e7ois Hollande peut porter les espoirs de la gauche. Son bilan sera r\u00e9\u00e9valu\u00e9. Les gens voient la situation plus grave qu&#8217;elle ne l&#8217;est. Il faut toujours y croire en politique&#8221; (Fran\u00e7ois Rebsamen, maire PS de Dijon, ancien ministre du Travail, invit\u00e9 de &#8220;On n&#8217;est pas couch\u00e9&#8221;; vid\u00e9o) : http:\/\/www.france2.fr\/emissions\/on-n-est-pas-couche\/videos\/francois_rebsamen_-_on_nest_pas_couche_12_novembre_2016_onpc_12-11-2016_1350683?onglet\n\n<strong>-Le n\u00b0 303 de &#8220;Cerises&#8221;, avec la radiographie de &#8220;L&#8217;Avenir en Commun&#8221;, le programme de &#8220;la France Insoumise&#8221;<\/strong> : http:\/\/www.cerisesenligne.fr\/file\/archive\/cerises-303.pdf\n\n-Le n\u00b0 827 de &#8220;ReSPUBLICA&#8221;, avec un article sur le PCF : http:\/\/www.gaucherepublicaine.org\/wp-content\/uploads\/lettres\/20161111_respublica-lettre-sommaire_lettre-827.htm\n\n-&#8220;Si Hollande n&#8217;est pas candidat, la gauche aura \u00e9chou\u00e9&#8221; (Bruno Le Roux, pr\u00e9sident du groupe socialiste \u00e0 l&#8217;Assembl\u00e9e nationale; interrog\u00e9 par J\u00e9r\u00f4me Chapuis; vid\u00e9os) : http:\/\/www.rtl.fr\/actu\/politique\/presidentielle-2017-hollande-pas-candidat-la-gauche-aura-echoue-le-roux-7785720761?utm_campaign\n\n-&#8220;J&#8217;ai abandonn\u00e9 toute ambition politique. Je veux rendre service \u00e0 mon pays d&#8217;une autre fa\u00e7on. J&#8217;ai pour passion la France dans le monde. Je ne suis pas favorable aux primaires. Y compris aux Etats-Unis, la conqu\u00eate du pouvoir n&#8217;a rien \u00e0 voir avec l&#8217;exercice du pouvoir. Trump est avant tout un homme d&#8217;affaires&#8221; (Dominique de Villepin, interrog\u00e9 par Yves Calvi; vid\u00e9o, amener le curseur sur 1:05:45) :  http:\/\/www.lci.fr\/replay\/replay-calvi-24-heures-en-questions-du-11-novembre-peuple-populaire-populisme-2012185.html\n\n-&#8220;Je n&#8217;accepte pas qu&#8217;on dise que je suis tr\u00e8s droitier. Bayrou et moi, on n&#8217;a pas la m\u00eame moralit\u00e9. M. Hollande signe des ch\u00e8ques en bois. Il faut que les fonctionnaires travaillent plus. Toujours plus de profs, ce n&#8217;est pas la solution. Si j&#8217;avais quoi que ce soit \u00e0 me reprocher, je ne serais pas candidat&#8221; (Nicolas Sarkozy dans le &#8220;Parisien&#8221;; vid\u00e9os) :                                                      http:\/\/www.leparisien.fr\/espace-premium\/fait-du-jour\/je-n-accepte-pas-qu-on-dise-que-je-suis-tres-droitier-12-11-2016-6318726.php\n\n-La r\u00e9ponse de Fran\u00e7ois Bayrou) : http:\/\/www.leparisien.fr\/elections\/presidentielle\/video-bayrou-prend-comme-un-compliment-que-sarkozy-n-ait-pas-la-meme-moralite-que-lui-12-11-2016-6320457.php\n\n-&#8220;Je ne crois pas \u00e0 l&#8217;identit\u00e9 heureuse&#8221; (l&#8217;ancien pr\u00e9sident \u00e0 Bordeaux; vid\u00e9o) :  \nhttp:\/\/www.francetvinfo.fr\/politique\/les-republicains\/primaire-de-la-droite\/video-nicolas-sarkozy-defie-alain-juppe-a-bordeaux-je-ne-crois-pas-a-l-identite-heureuse_1917631.html\n\n-&#8220;Faces aux actes terroristes, le gouvernement a fait son devoir. Nous avons fait l&#8217;erreur de supprimer les Renseignements g\u00e9n\u00e9raux et 10 000 postes de policiers. Tant que le risque est l\u00e0, il faut maintenir l&#8217;Etat d&#8217;urgence. Je suis favorable au grand fichier&#8221; (Alain Jupp\u00e9, qui a fait r\u00e9f\u00e9rence \u00e0 &#8220;la vendeuse de Prisunic&#8221;&#8230;enseigne qui a disparu depuis 2002;  interrog\u00e9 par Francis Letellier dans &#8220;Dimanche en Politique&#8221;; vid\u00e9o) : http:\/\/pluzz.francetv.fr\/videos\/dimanche_en_politique.html\n\n-&#8220;D\u00e9sol\u00e9, mais les Fran\u00e7ais sont en train de bousculer les sc\u00e9narios&#8221; (Fran\u00e7ois Fillon; propos recueillis par Anna Cabana et Christine Olivier) : http:\/\/www.lejdd.fr\/Politique\/Francois-Fillon-Juppe-est-trop-modere-pour-changer-la-donne-824383\n\n-&#8220;Son regain de forme&#8221; (vid\u00e9o) : http:\/\/www.francetvinfo.fr\/politique\/francois-fillon\/primaire-a-droite-le-regain-de-forme-de-francois-fillon_1918877.html\n\n-Fran\u00e7ois Fillon et Bruno Le Maire en campagne (vid\u00e9o) : http:\/\/www.lcp.fr\/emissions\/lcp-info\/279144-lcp-info\n\n-&#8220;Le renouveau, c&#8217;est tout sauf un gadget. Ma fa\u00e7on de faire la politique, c&#8217;est d&#8217;aller voir chaque Fran\u00e7ais, comprendre leurs difficult\u00e9s et leur apporter des r\u00e9ponses. Avec moi, on baisse les imp\u00f4ts de tous les Fran\u00e7ais. Je veux \u00eatre pr\u00e9sident de la R\u00e9publique en mai prochain pour que \u00e7a change. Le pr\u00e9l\u00e8vement \u00e0 la source n&#8217;est pas pr\u00eat. Pour lutter contre le terrorisme, chacun doit se sentir responsable de la s\u00e9curit\u00e9 des autres citoyens fran\u00e7ais&#8221; (Bruno Le Maire, invit\u00e9 de &#8220;BFM Politique&#8221;; vid\u00e9os) :                                                                            http:\/\/www.bfmtv.com\/mediaplayer\/video\/le-renouveau-c-est-tout-sauf-un-gadget-bruno-le-maire-12-884689.html                                                                  http:\/\/www.bfmtv.com\/mediaplayer\/video\/politiques-au-quotidien-ma-facon-de-faire-la-politique-c-est-aller-voir-chaque-francais-comprendre-leurs-difficultes-et-y-apporter-des-reponses-bruno-le-maire-884691.html                                    http:\/\/www.bfmtv.com\/mediaplayer\/video\/questions-d-eco-avec-moi-c-est-fini-on-baisse-les-impots-pour-tous-les-francais-bruno-le-maire-884693.html            http:\/\/www.bfmtv.com\/mediaplayer\/video\/je-veux-etre-president-de-la-republique-en-mai-prochain-pour-que-ca-change-vraiment-bruno-le-maire-22-884715.html   http:\/\/www.bfmtv.com\/mediaplayer\/video\/bruno-le-maire-face-aux-francais-le-prelevement-a-la-source-n-est-pas-pret-884721.html                                 http:\/\/www.bfmtv.com\/mediaplayer\/video\/comptes-de-campagne-pour-lutter-contre-le-terrorisme-chacun-doit-se-sentir-responsable-de-la-securite-des-autres-citoyens-francais-bruno-le-maire-884717.html\n\n<strong>-Son face \u00e0 face avec Yannick Jadot, candidat \u00e9cologiste \u00e0 l&#8217;\u00e9lection pr\u00e9sidentielle (vid\u00e9o) :<\/strong> http:\/\/www.bfmtv.com\/mediaplayer\/video\/bruno-le-maire-face-a-yannick-jadot-le-principe-d-innovation-est-une-facon-d-encourager-le-developpement-de-l-environnement-884719.html\n\n-&#8220;La destitution de Fran\u00e7ois Hollande aura lieu en avril&#8221; (Thierry Sol\u00e8re, d\u00e9put\u00e9 LR des Hauts-de-Seine, organisateur de la primaire; vid\u00e9o) : http:\/\/www.dailymotion.com\/video\/x51g8vl_thierry-solere-la-destitution-de-francois-hollande-aura-lieu-en-avril-prochain_news\n\n<em>-Les intentions de vote \u00e0 la primaire de la droite et du centre (SOFRES) : <\/em> http:\/\/www.lefigaro.fr\/elections\/presidentielles\/primaires-droite\/2016\/11\/13\/35004-20161113ARTFIG00197-sondage-fillon-et-sarkozy-en-hausse-juppe-en-baisse.php\n\n-&#8220;Quand on met le couvercle sur la marmite, quand on brime les peuples, quand on gouverne pour une petite minorit\u00e9, un jour \u00e7a p\u00eate. Je suis heureux de voir les Am\u00e9ricains reprendre le pouvoir&#8221; (Nicolas Dupont-Aignan, d\u00e9put\u00e9 DC de l&#8217;Essonne, qui estime que Fran\u00e7ois Hollande a une part de respocabilit\u00e9 dans les attentats; invit\u00e9 du &#8220;Grand Jury RTL; vid\u00e9os) : http:\/\/www.rtl.fr\/actu\/politique\/dupont-aignan-s-en-prend-a-la-place-de-l-islam-dans-les-manuels-scolaires-7785755901\n\n-&#8220;Un effet Trump en France qui saute aux yeux&#8221; (Herv\u00e9 Gattegno du JDD; son) :http:\/\/www.europe1.fr\/emissions\/ledito-du-jdd\/un-effet-trump-jusquen-france-2898842\n\n-&#8220;Qu&#8217;ont-ils fait de l&#8217;\u00e9tat d&#8217;urgence ? La priorit\u00e9, c&#8217;est de r\u00e9tablir nos fronti\u00e8res nationales. Est-ce que le gouvernement se rend compte que chaque nuit, il y a des policiers qui manifestent en France ?&#8221; (Florian Philippot, eurod\u00e9put\u00e9 FN, invit\u00e9 du &#8220;Brunch Politique&#8221; de Sud Radio. Il \u00e9tait interrog\u00e9 par Louis Morin; son) :           http:\/\/www.sudradio.fr\/Podcasts\/Le-Brunch-Politique\/Florian-Philippot4      \n\n<strong>-Le FN analys\u00e9 par des chercheurs (vid\u00e9o)<\/strong> : https:\/\/youtu.be\/rEpUWNvJOTc\n\n<em>-Le barom\u00e8tre IFOP-JDD :<\/em>http:\/\/www.ifop.com\/?option=com_publication&#038;type=poll&#038;id=3547\n\n<strong>EUROPE-MONDE<\/strong>\n\n<strong>-&#8220;La menace terroriste est toujours l\u00e0. La prolongation de l&#8217;\u00e9tat d&#8217;urgence se d\u00e9cidera dans les instances. Nicolas Sarkozy a supprim\u00e9 13 000 postes de policiers. L&#8217;\u00e9lection de Donald Trump ne m&#8217;emp\u00eache pas de dormir. J&#8217;ai \u00e9t\u00e9 moins surpris que vous ne le pensez. Notre syst\u00e8me est plus protecteur. Dans le camp D\u00e9mocrate, Bernie Sanders a secou\u00e9 Hillary Clinton&#8221; (Jean-Marc Ayrault, ministre des Affaires \u00e9trang\u00e8res, invit\u00e9 du &#8220;Grand Rendez-vous&#8221; d&#8217;Europe 1; son) : <\/strong> http:\/\/www.europe1.fr\/emissions\/le-grand-rendez-vous\/le-grand-rendez-vous-jean-marc-ayrault-2899022    \n\n-Le 75e lancement d&#8217;Arianespace (le PDG St\u00e9phane Isra\u00ebl, interrog\u00e9 par David Abiker; son, amener le curseur sur 28:53) :                                                  http:\/\/www.europe1.fr\/emissions\/c-est-arrive-demain\/cest-arrive-demain-david-abiker-131116-2898920\n\n<strong>-&#8220;Les outils pour cr\u00e9er une Pologne totalitaire sont l\u00e0&#8221; (Mateusz Kijowski, cofondateur du Comit\u00e9 de d\u00e9fense de la d\u00e9mocratie; propos recueillis par Weronika Zarachowicz) :  <\/strong>          http:\/\/www.telerama.fr\/monde\/tous-les-outils-pour-creer-une-pologne-totalitaire-sont-la,149898.php#xto\n\n-&#8220;Victor Orban veut en finir avec les m\u00e9dias d&#8217;opposition en Hongrie&#8221; (Andras D\u00e9si, r\u00e9dacteur en chef; propos recueillis par Jo\u00ebl Le Pavous) :                                                                              http:\/\/www.telerama.fr\/medias\/viktor-orban-veut-en-finir-avec-les-medias-d-opposition-en-hongrie,148743.php#xtor\n\n-Le journaliste Olivier Bertrand arr\u00eat\u00e9 en Turquie : http:\/\/www.lemonde.fr\/proche-orient\/article\/2016\/11\/12\/le-journaliste-olivier-bertrand-arrete-en-turquie_5029880_3218.html\n\n-Il a \u00e9t\u00e9 lib\u00e9r\u00e9 : http:\/\/www.lefigaro.fr\/flash-actu\/2016\/11\/13\/97001-20161113FILWWW00138-le-journaliste-retenu-par-la-police-en-turquie-est-libre-en-route-pour-paris.php?een\n\n<strong>-En prison \u00e0 Istanbul, la romanci\u00e8re Asli Erdogan lance un appel d&#8217;urgence (Amandine Schmitt) <\/strong> : http:\/\/bibliobs.nouvelobs.com\/actualites\/20161104.OBS0725\/en-prison-a-istanbul-la-romanciere-asli-erdogan-lance-un-appel-d-urgence.html\n\n<strong>-D\u00e9claration conjointe Fran\u00e7ois Hollande\/Youssef Chahed, premier ministre tunisien (vid\u00e9o) <\/strong> : http:\/\/www.elysee.fr\/videos\/declaration-conjointe-avec-m-youssef-chahed-premier-ministre-de-la-republique-tunisienne\/\n\n-Le FMI accorde un pr\u00eat de 12 milliards de dollars \u00e0 l&#8217;Egypte (vid\u00e9o) :                      http:\/\/nr.news-republic.com\/Web\/ArticleWeb.aspx?regionid=2&#038;articleid=77371490\n\n-&#8220;Afrique et \u00e9lectricit\u00e9, la grande mobilisation !&#8221; (Dominique Pialot) : http:\/\/www.latribune.fr\/entreprises-finance\/green-business\/afrique-et-electricite-la-grande-mobilisation-615187.html#xtor\n\n<strong>-Au S\u00e9n\u00e9gal, &#8220;la magie du delta du Sine Saloum; vid\u00e9os) :   <\/strong> http:\/\/www.francetvinfo.fr\/monde\/senegal\/feuilleton-la-magie-du-delta-1-5_1909613.html                                                                              http:\/\/www.francetvinfo.fr\/monde\/senegal\/feuilleton-la-magie-du-delta-2-5_1911179.html                                                                                                                                                                                http:\/\/www.francetvinfo.fr\/monde\/afrique\/feuilleton-la-magie-du-delta-4-5_1914681.html                                                                                                                                                                             http:\/\/www.francetvinfo.fr\/monde\/afrique\/feuilleton-la-magie-du-delta-5-5_1916123.html\n\n-&#8220;Le vote Trump et ses le\u00e7ons&#8221; (Jacques Sapir) : http:\/\/russeurope.hypotheses.org\/5417\n\n<strong>-L&#8217;analyse des r\u00e9sultats du sociologue Eric Fassin, professeur \u00e0 l&#8217;universit\u00e9 Paris 8-Saint-Denis <\/strong> : https:\/\/blogs.mediapart.fr\/eric-fassin\/blog\/121116\/c-est-l-abstention-imbecile-les-lecons-de-lelection-de-donald-trump?utm_source\n\n-Six cartes pour mieux comprendre (Nicolas Enault) : http:\/\/www.francetvinfo.fr\/monde\/usa\/presidentielle\/donald-trump-elu-aux-etats-unis-six-cartes-pour-mieux-comprendre-les-resultats-de-la-presidentielle_1916121.html#xtor\n\n-Pour le Ku Klux Klan, Trump &#8220;est le plus qualifi\u00e9&#8221; (vid\u00e9o) : http:\/\/www.francetvinfo.fr\/monde\/usa\/presidentielle\/donald-trump\/video-le-ku-klux-klan-prefere-trump-le-plus-qualifie_1915625.html#xtor\n\n-Vague d&#8217;actes racistes aux Etats-Unis (vid\u00e9o) : http:\/\/nr.news-republic.com\/Web\/ArticleWeb.aspx?regionid=2&#038;articleid=77344505\n\n<strong>-Mercredi 16 novembre, de 8H45 \u00e0 10H15, &#8220;De Sanders \u00e0 Trump, questions sur l&#8217;Am\u00e9rique&#8221; (A l&#8217;initiative de la Fondation Gabriel P\u00e9ri, rencontre-petit d\u00e9jeuner avec John Masson, professeur de sciences politiques \u00e0 l&#8217;universit\u00e9 William Patterson dans le New Jersey) <\/strong> : http:\/\/www.gabrielperi.fr\/de-sanders-%C3%A0-trump-questions-sur-lam%C3%A9rique,-rencontre-petit-d%C3%A9jeuner-avec-john-mason.html\n\n-&#8220;Le jour o\u00f9 Trump \u00e0 sid\u00e9rer le monde&#8221; (Laurence Nardon, directrice du programme Am\u00e9rique du Nord de l&#8217;Ifri; interrog\u00e9e par David Abiker; son, amener le curseur sur 1:00) :                               http:\/\/www.europe1.fr\/emissions\/c-est-arrive-cette-semaine\/cest-arrive-cette-semaine-121116-2898278\n\n<strong>-&#8220;L&#8217;Am\u00e9rique de Donald Trump&#8221; (13H15 le dimanche&#8221;; vid\u00e9o) :        <\/strong>          http:\/\/www.francetvinfo.fr\/replay-magazine\/france-2\/13h15\/\n\n<strong>-Sa premi\u00e8re interview t\u00e9l\u00e9vis\u00e9e de pr\u00e9sident (vid\u00e9o) <\/strong> :  http:\/\/www.francetvinfo.fr\/monde\/usa\/presidentielle\/donald-trump\/etats-unis-premiere-interview-pour-donald-trump_1917765.html\n\n-&#8220;A quoi peut-on s&#8217;attendre pour la politique am\u00e9ricaine ?&#8221; (Romain Huret, directeur d&#8217;\u00e9tudes \u00e0 l&#8217;Ecole des hautes \u00e9tudes en sciences sociales; interrog\u00e9 par Pierre Weill; son) : https:\/\/www.franceinter.fr\/emissions\/l-interview-politique\/l-interview-politique-12-novembre-2016\n\n-&#8220;Comment penser la d\u00e9mocratie apr\u00e8s son \u00e9lection qui est la victoire du populisme ?&#8221; (le philosophe Andr\u00e9 Comte-Sponville; son, amener le curseur sur 9:20) :                                                        http:\/\/www.europe1.fr\/emissions\/c-est-arrive-cette-semaine\/cest-arrive-cette-semaine-121116-2898278\n\n-&#8220;C&#8217;est la d\u00e9faite de la d\u00e9mocratie, d&#8217;un mod\u00e8le d\u00e9mocratique rong\u00e9 de l&#8217;int\u00e9rieur&#8221; (le r\u00e9alisateur et \u00e9crivain Marc Dugain; propos recueillis par Thibaud Le Meenec) : http:\/\/www.lejdd.fr\/International\/USA\/Marc-Dugain-Trump-c-est-la-defaite-de-la-democratie-823942\n\n-&#8220;Le pouvoir au f\u00e9minin&#8221; (Elisabeth Badinter, interrog\u00e9e par David Abiker; son, amener le curseur sur 19:20) : http:\/\/www.europe1.fr\/emissions\/c-est-arrive-demain\/cest-arrive-demain-david-abiker-131116-2898920\n\n-Le gouvernement colombien conclut un nouvel accord avec les Farc : http:\/\/www.francetvinfo.fr\/monde\/ameriques\/colombie-le-gouvernement-conclut-un-nouvel-accord-de-paix-avec-les-farc_1918575.html#xtor\n\n-En Cor\u00e9e du Sud, des centaines de milliers de manifestants r\u00e9clament la destitution de la pr\u00e9sidente (vid\u00e9o) :                                                                                                                             http:\/\/www.francetvinfo.fr\/monde\/asie\/video-coree-du-sud-des-centaines-de-milliers-de-personnes-manifestent-pour-reclamer-la-destitution-de-la-presidente_1917417.html\n\n<strong>CULTURE-MEDIAS<\/strong>\n\n<strong>-&#8220;A voix haute&#8221;, documentaire poignant de St\u00e9phane de Freitas sur la prise de parole, tourn\u00e9 \u00e0 Saint-Denis (93; \u00e0 voir ici seulement ce jour et demain mardi sur France 2 \u00e0 22H50; Raoul Mbog; vid\u00e9o) <\/strong> : http:\/\/television.telerama.fr\/television\/a-voir-sur-telerama-fr-a-voix-haute-documentaire-poignant-sur-la-prise-de-parole,149943.php#xtor\n\n<strong>-&#8220;La fatigue d\u00e9mocratique aux Etats-Unis et ailleurs&#8221; (Guillaume Erner re\u00e7oit Fran\u00e7ois Cusset, historien des id\u00e9es et Dick Howard, professeur \u00e9m\u00e9rite \u00e0 l&#8217;universit\u00e9 Stony Brook de New York; sons)<\/strong> : https:\/\/www.franceculture.fr\/emissions\/linvite-des-matins\/la-fatigue-democratique-aux-etats-unis-et-ailleurs                                                                                                                     https:\/\/www.franceculture.fr\/emissions\/linvite-des-matins-2eme-partie\/la-fatigue-democratique-aux-etats-unis-et-ailleurs-2eme\n\n-&#8220;Peuple, populaire, populisme&#8221; (en d\u00e9bat dans &#8220;24 heures en questions&#8221;, anim\u00e9e par Yves Calvi; vid\u00e9o) : http:\/\/www.lci.fr\/replay\/replay-calvi-24-heures-en-questions-du-11-novembre-peuple-populaire-populisme-2012185.html\n\n-&#8220;Il existe une souche virulente d&#8217;anti-intellectualisme aux Etats-Unis&#8221; (Trois \u00e9crivains am\u00e9ricains r\u00e9agissent \u00e0 l&#8217;\u00e9lection de Donald Trump; propos recueillis par Lisbeth Koutchoumoff) :                   https:\/\/www.letemps.ch\/culture\/2016\/11\/11\/existe-une-souche-virulente-dantiintellectualisme-aux-etatsunis?utm_source\n\n-&#8220;Le d\u00e9sarroi des jazzmen de &#8220;The Bad Plus&#8221; (propos recueillis par Annie Yanb\u00e9kian; vid\u00e9o) : http:\/\/culturebox.francetvinfo.fr\/musique\/jazz-blues\/victoire-de-trump-le-desarroi-des-jazzmen-de-the-bad-plus-248603#xtor\n\n-Robert De Niro, &#8220;tr\u00e8s d\u00e9prim\u00e9&#8221;, soutient les marches anti-Trump (vid\u00e9os) : http:\/\/culturebox.francetvinfo.fr\/cinema\/stars\/robert-de-niro-tres-deprime-soutient-les-marches-anti-trump-248653\n\n<strong>-L&#8217;\u00e9mission d&#8217;Alexandra Bensaid &#8220;On n&#8217;arr\u00eate pas l&#8217;\u00e9co&#8221; sur France Inter, enti\u00e8rement consacr\u00e9e \u00e0 Thomas Piketty; interrog\u00e9 par Christian Chavagneux d&#8217;Alternatives \u00e9conomiques et Emmanuel Lechypre de BFM Business (son) :    <\/strong>      https:\/\/www.franceinter.fr\/emissions\/on-n-arrete-pas-l-eco\/on-n-arrete-pas-l-eco-12-novembre-2016 \n\n-La mort de l&#8217;anthropologue alg\u00e9rien Malek Chebel, d\u00e9fenseur d&#8217;un &#8220;islam des Lumi\u00e8res&#8221; (vid\u00e9o) : http:\/\/culturebox.francetvinfo.fr\/livres\/essais-documents\/mort-de-l-anthropologue-malek-chebel-defenseur-d-un-islam-des-lumieres-248671\n\n<strong>-Chansons de L\u00e9onard Cohen (vid\u00e9os et sons) <\/strong> : http:\/\/www.leparisien.fr\/laparisienne\/actu-people\/videos-mort-de-leonard-cohen-legende-legendaire-re-ecoutez-ses-tubes-planetaires-11-11-2016-6316035.php            http:\/\/culturebox.francetvinfo.fr\/musique\/hommage-a-leonard-cohen-avec-ses-dix-plus-belles-chansons-248617#xtor\n\n-&#8220;Hallelujah  pour L\u00e9onard Cohen&#8221; (Hugo Cassavetti) : http:\/\/www.telerama.fr\/musique\/hallelujah-pour-leonard,149952.php#xtor\n\n<strong>-&#8220;La m\u00e9lancolie que l&#8217;on aimait&#8221; (Olivier Cachin, journaliste musical; interrog\u00e9 par David Abiker; son, amener le curseur sur 23:28) <\/strong> :                                                                                              http:\/\/www.europe1.fr\/emissions\/c-est-arrive-cette-semaine\/cest-arrive-cette-semaine-121116-2898278\n\n-La r\u00e9action de Fr\u00e9d\u00e9ric Mitterrand, ancien ministre de la Culture; invit\u00e9 d&#8217;Audrey Crespo-Mara (vid\u00e9o) :                                                                                                                                                      http:\/\/www.lci.fr\/politique\/replay-l-invite-politique-de-lci-matin-du-11-novembre-2016-frederic-mitterrand-2012068.html%3Ftype=content      \n\n-L&#8217;hommage d&#8217;Hydra, son \u00eele grecque (vid\u00e9o) :                                                     http:\/\/nr.news-republic.com\/Web\/ArticleWeb.aspx?regionid=2&#038;articleid=77349596      \n                                                                                                                                                                                \n<strong>-&#8220;Je suis Paris&#8221;, le recueil des messages du 13 novembre et &#8220;Tour de France&#8221;, le nouveau film de G\u00e9rard Depardieu (Pascale Deschamp; vid\u00e9o) : <\/strong> http:\/\/www.francetvinfo.fr\/culture\/cinema\/la-chronique-culture-le-13-novembre-et-un-tour-de-france_1917481.html\n\n-&#8220;Qu&#8217;a chang\u00e9 le 13 novembre en France ?&#8221; (l&#8217;historien Pascal Ory, interrog\u00e9 par David Abiker; son, amen\u00e9 le curseur sur 1:05 :                                                 http:\/\/www.europe1.fr\/emissions\/c-est-arrive-demain\/cest-arrive-demain-david-abiker-131116-2898920\n\n-Bataclan, les chanteurs se souviennent (Val\u00e9rie Lehoux; sons) : http:\/\/www.telerama.fr\/musique\/bataclan-les-chanteurs-se-souviennent,149867.php#xtor\n\n<strong>-Le concert de Sting (vid\u00e9o int\u00e9grale<\/strong>) : http:\/\/culturebox.francetvinfo.fr\/live\/musique\/rock\/sting-au-bataclan-248573\n\n-Il a repris ses grands classiques (Thomas Liabot; vid\u00e9os) :                             http:\/\/www.lejdd.fr\/Culture\/Musique\/VIDEOS-Sting-interprete-ses-grands-classiques-pour-la-reouverture-du-Bataclan-824278\n\n-La r\u00e9p\u00e9tition avec Ibrahim Maalouf (vid\u00e9o) : http:\/\/www.francetvinfo.fr\/faits-divers\/terrorisme\/attaques-du-13-novembre-a-paris\/video-decouvrez-les-repetitions-de-sting-au-bataclan-avec-ibrahim-maalouf_1917715.html\n\n<strong>-&#8220;Bataclan, une vie de spectacles&#8221; (un documentaire de Philippe Manoeuvre et St\u00e9phane Basset; vid\u00e9o pendant 6 jours)<\/strong> : http:\/\/www.france2.fr\/emission\/bataclan-une-vie-de-spectacles\/diffusion-du-13-11-2016-23h20\n\n<strong>-&#8220;Les Insus&#8221;, r\u00e9formation du groupe &#8220;T\u00e9l\u00e9phone&#8221;, \u00e9taient les invit\u00e9s du JT de TF1, interrog\u00e9s par Anne-Claire Coudray. Ils ont annonc\u00e9 un concert au Stade de France en septembre 2017 (vid\u00e9os)<\/strong> : http:\/\/www.lci.fr\/replay\/jt-we-l-interview-exclusive-des-insus-ils-annoncent-un-concert-au-stade-de-france-en-2017-2012278.html%3Ftype=content                                                                     http:\/\/www.lci.fr\/replay\/jt-we-l-interview-exclusive-des-insus-leur-hommage-aux-victimes-des-attentats-du-13-novembre-2012280.html%3Ftype=content                              \n\n-&#8220;On ne peut pas laisser cette salle devenir un mausol\u00e9e&#8221; (Jules Frutos, son codirecteur, invit\u00e9 de Wendy Bouchard; son) : http:\/\/www.europe1.fr\/emissions\/linterview-verite-du-week-end\/jules-frutos-on-ne-peut-pas-laisser-le-bataclan-devenir-un-mausolee-2898152\n\n<strong>-&#8220;13 novembre, la vie d&#8217;apr\u00e8s&#8221; (&#8220;13H15 le samedi&#8221;; vid\u00e9o) : <\/strong> http:\/\/www.francetvinfo.fr\/replay-magazine\/france-2\/13h15\/13h15-du-samedi-12-novembre-2016_1906465.html\n\n-&#8220;Le pass\u00e9 nous permet de pr\u00e9parer l&#8217;avenir&#8221; (Juliette M\u00e9adel, secr\u00e9taire d&#8217;Etat charg\u00e9e de l&#8217;aide aux victimes; interrog\u00e9e par Wendy Bouchard; vid\u00e9o) :                                                                       http:\/\/www.europe1.fr\/emissions\/l-interview-politique-du-week-end\/13-novembre-le-passe-nous-permet-de-preparer-lavenir-estime-juliette-meadel-2898200     \n\n-Elle \u00e9tait l&#8217;invit\u00e9e du &#8220;20 heures&#8221; de France 2; interrog\u00e9e par Laurent Delahousse; vid\u00e9o) :  http:\/\/www.francetvinfo.fr\/faits-divers\/terrorisme\/attaques-du-13-novembre-a-paris\/13-novembre-juliette-meadel-se-rappelle-de-l-effroi_1917755.html\n\n<strong>-&#8220;A-t-on vraiment tir\u00e9 les le\u00e7ons du 13 novembre ?&#8221; (&#8220;C Pol\u00e9mique&#8221; de Bruce Toussaint avec notamment Gil Kepel, professeur \u00e0 l&#8217;Ecole normale sup\u00e9rieure; vid\u00e9o) :<\/strong> http:\/\/www.france5.fr\/emissions\/c-politique\/videos\/a-t-on_vraiment_tire_les_lecons_du_13_novembre__13-11-2016_1350835?onglet=tous&#038;page=1 \n\n<strong>-&#8220;Eduquer apr\u00e8s les attentats&#8221; (le chercheur en  p\u00e9dagogie Philippe M\u00e9rieux, interrog\u00e9 par Emmanuelle Daviet; son) :<\/strong> https:\/\/www.franceinter.fr\/emissions\/interclass\/interclass-13-novembre-2016\n\n<em>-Un an apr\u00e8s, les Fran\u00e7ais et les attentats (ODOXA) :<\/em> http:\/\/www.odoxa.fr\/commemoration-des-attentats-du-1311-un-an-apres\/\n\n-Roberto Alagna \u00e9tait l&#8217;invit\u00e9 de Laurent Delahousse pour la sortie de son nouvel album &#8220;Mal\u00e8na&#8221; (vid\u00e9o) :                                                                                                                                  http:\/\/www.francetvinfo.fr\/culture\/musique\/musique-roberto-alagna-presente-malena_1917779.html\n\n-&#8220;A Paris&#8221; (Yves Montand; vid\u00e9o de l&#8217;INA) : http:\/\/www.ina.fr\/video\/I16314586     \n\n-Un album hommage \u00e0 Michel Delpech (vid\u00e9o) : http:\/\/www.francetvinfo.fr\/culture\/musique\/michel-delpech\/un-album-hommage-a-michel-delpech-et-a-son-incroyable-parcours_1919141.html\n\n<strong>-Lang Lang, le pianiste virtuose chinois (vid\u00e9o) :<\/strong> http:\/\/www.francetvinfo.fr\/monde\/asie\/lang-lang-pianiste-virtuose-a-la-croisee-des-genres_1918891.html   \n\n-&#8220;Dans le Trou&#8221; (M2GB; vid\u00e9o) :  https:\/\/www.youtube.com\/watch?v=2UyPnESmiNw&#038;list=PLEyoECs71G_nqbf3g6PxPSEUoYFPYJRrS&#038;sns=em             \n    \n-&#8220;SaphirLab&#8221;, le programme qui veut donner suite aux printemps arabes (Sophie Rahal) : http:\/\/www.telerama.fr\/monde\/safirlab-le-programme-qui-veut-donner-suite-aux-printemps-arabes,149932.php#xtor\n\n-L&#8217;art contemporain africain s&#8217;est expos\u00e9 pendant trois jours au &#8220;Carreau du Temple&#8221; \u00e0 Paris (Raoul Mbog) :                                                                                                                                   http:\/\/www.telerama.fr\/sortir\/akaa-l-art-contemporain-africain-fait-la-foire-a-paris,149909.php#xtor\n\n<strong>-Jusqu&#8217;au 3 d\u00e9cembre, les plantureuses baigneuses de Mariano Otero expos\u00e9es \u00e0 Marseille (vid\u00e9o) <\/strong> : http:\/\/culturebox.francetvinfo.fr\/expositions\/peinture\/les-plantureuses-baigneuses-de-mariano-otero-pour-la-premiere-fois-a-marseille-248655\n\n<strong>-La vingti\u00e8me \u00e9dition de &#8220;Paris Photo&#8221; sort le grand jeu (Cl\u00e9mentine Mercier) : <\/strong> http:\/\/next.liberation.fr\/arts\/2016\/11\/12\/paris-photo-sort-le-grand-jeu_1527785?xtor\n\n-&#8220;Il y a un \u00e9norme vivier de danseurs hip-hop en France&#8221; (Mourad Merzouki; propos recueillis par B\u00e9linda Mathieu; vid\u00e9os) :                                                                                                       http:\/\/www.telerama.fr\/sortir\/mourad-merzouki-il-y-a-un-enorme-vivier-de-danseurs-hip-hop-en-france,149869.php#xtor\n\n<strong>-Laurent Delmas a vu &#8220;La Sociale&#8221;, le documentaire de Gilles Perret, consacr\u00e9 \u00e0 la S\u00e9curit\u00e9 sociale et au ministre communiste Ambroise Croizat. &#8220;Un tr\u00e8s, tr\u00e8s beau documentaire dit-il&#8221; (son et vid\u00e9o) :<\/strong> https:\/\/www.franceinter.fr\/emissions\/la-prescription-cinema-de-laurent-delmas\/la-prescription-cinema-de-laurent-delmas-12-novembre-2016\n\n<strong>-Avec Christine Masson, ils ont appr\u00e9ci\u00e9 &#8220;Swagger&#8221; d&#8217;Olivier Babinet et re\u00e7u l&#8217;\u00e9quipe \ndu film venue du coll\u00e8ge Claude Debussy d&#8217;Aulnay-sous-Bois en Seine-Saint-Denis; son) <\/strong> : https:\/\/www.franceinter.fr\/emissions\/on-aura-tout-vu\/on-aura-tout-vu-12-novembre-2016\n\n-Revoir &#8220;Boulevard du Cr\u00e9puscule&#8221; de Billy Wilder  (Nicolas Didier; vid\u00e9o) : http:\/\/www.telerama.fr\/cinema\/trois-raisons-de-re-voir-boulevard-du-crepuscule-de-billy-wilder,149939.php#xtor\n\n-A la Filmoth\u00e8que du Quartier latin, voir &#8220;Man on a Tightrope&#8221; d&#8217;Elia Kazan (J\u00e9r\u00e9mie Couston; vid\u00e9o) :  http:\/\/www.telerama.fr\/sortir\/pourquoi-il-faut-voir-man-on-a-tightrope-film-meconnu-d-elia-kazan,149858.php#xtor\n\n-Dans &#8220;Tu ne tueras point&#8221;, Mel Gibson a mis ses obsessions (Caroline Besse; vid\u00e9o) :    http:\/\/www.telerama.fr\/cinema\/religion-violence-nature-les-obsessions-de-mel-gibson-dans-tu-ne-tueras-point,149922.php#xtor \n\n-A 83 ans, la mort de Robert Vaughn, le dernier des sept mercenaires (vid\u00e9os) : http:\/\/culturebox.francetvinfo.fr\/cinema\/stars\/mort-de-robert-vaughn-83-ans-le-dernier-des-sept-mercenaires-248647\n\n-La disparition du critique de cin\u00e9ma Pierre Billard : http:\/\/m.culturebox.francetvinfo.fr\/cinema\/disparition-du-critique-de-cinema-pierre-billard-248659#xtor=EREC-15\n\n<strong>-Six dessins anim\u00e9s fran\u00e7ais pr\u00e9s\u00e9lectionn\u00e9s pour les Oscars : <\/strong> http:\/\/www.lemonde.fr\/culture\/article\/2016\/11\/12\/six-dessins-animes-francais-en-lice-pour-les-89e-oscars_5029887_3246.html\n\n-La premi\u00e8re bande-annonce de &#8220;Val\u00e9rian&#8221;, le nouveau film de Luc Besson (vid\u00e9o) : http:\/\/culturebox.francetvinfo.fr\/cinema\/luc-besson-devoile-la-premiere-bande-annonce-de-son-valerian-248615#xtor\n\n-&#8220;La BD cartonne dans les ventes aux ench\u00e8res&#8221; (l&#8217;expert Eric Leroy, interrog\u00e9 par Laurence Houot) : http:\/\/culturebox.francetvinfo.fr\/livres\/bande-dessinee\/pourquoi-la-bd-cartonne-dans-les-ventes-aux-encheres-248537#xtor\n\n<strong>-Jusqu&#8217;au 15 janvier, Herg\u00e9 au Grand Palais (vid\u00e9o) : <\/strong> http:\/\/culturebox.francetvinfo.fr\/expositions\/evenements\/herge-au-grand-palais-les-secrets-d-un-genie-de-la-bd-246529\n\n-Il y a seize ans &#8220;Les Simpson avaient imagin\u00e9 la victoire de Donald Trump (vid\u00e9o) : http:\/\/www.francetvinfo.fr\/monde\/usa\/presidentielle\/donald-trump\/les-simpson-avaient-imagine-la-victoire-de-donald-trump-il-y-a-16-ans_1912353.html#xtor\n\n<strong>-Jul, sc\u00e9nariste du nouveau &#8220;Lucky Luke&#8221;, invit\u00e9 de &#8220;On n&#8217;est pas couch\u00e9&#8221; (vid\u00e9o) : <\/strong> http:\/\/www.france2.fr\/emissions\/on-n-est-pas-couche\/videos\/jul_-_on_nest_pas_couche_12_novembre_2016_onpc_12-11-2016_1350701?onglet\n\n-&#8220;EDF accompagne les innovations&#8221;&#8230; dans un clip publicitaire ! (vid\u00e9o) : https:\/\/www.youtube.com\/watch?v=xwcJhLJNpFw\n\n-&#8220;Moi je ne d\u00eene pas avec Vincent Bollor\u00e9&#8221; (Beno\u00eet Hamon; vid\u00e9o) : http:\/\/www.francetvinfo.fr\/economie\/medias\/crise-a-i-tele\/benoit-hamon-sur-la-crise-a-i-tele-moi-je-ne-dine-pas-avec-vincent-bollore_1917234.html\n\n-Laurent Baffie fait deux doigts d&#8217;honneur \u00e0 son patron Vincent Bollor\u00e9 (vid\u00e9o) :   http:\/\/www.francetvinfo.fr\/culture\/tv\/canal\/video-laurent-baffie-fait-deux-doigts-d-honneur-a-vincent-bollore_1918923.html\n\n-Sur la t\u00e9l\u00e9vision locale de Gennevilliers (92; vid\u00e9o) : http:\/\/videotheque.ville-gennevilliers.fr\/emissions\/resource\/toujours-en-bref-emission-du-9-novembre-2016\/\n\n<strong>-&#8220;Nous avons plaid\u00e9 pour un renouveau, nous avons r\u00e9colt\u00e9 l&#8217;ancien&#8221; (Jean-Fran\u00e7ois Kahn, auteur de &#8220;R\u00e9flexions sur mon \u00e9chec&#8221;; propos recueillis par Alexis Lacroix) : <\/strong> http:\/\/www.marianne.net\/jean-francois-kahn-nous-avons-plaide-renouveau-nous-avons-recolte-ancien-100247826.html\n\n-La presse am\u00e9ricaine en accusation, la r\u00e9daction de i-T\u00e9l\u00e9 toujours en gr\u00e8ve et la r\u00e9pression des journalistes en Turquie (Alexandra Akoun; son) : https:\/\/www.franceinter.fr\/emissions\/regard-sur-les-medias\/regard-sur-les-medias-12-novembre-2016\n\n<strong>-L&#8217;\u00e9tonnante chor\u00e9graphie d&#8217;une mari\u00e9e avec son p\u00e8re (vid\u00e9o) : <\/strong> https:\/\/www.youtube.com\/watch?v=t-BHDpP5opA\n\n-Les Chevaliers du fiel chez Thierry Ardisson (vid\u00e9o) : http:\/\/www.c8.fr\/c8-divertissement\/ms-salut-les-terriens\/pid8608-invites.html?vid=1423826\n\n-St\u00e9phane Guillon 2017 (vid\u00e9o): http:\/\/www.c8.fr\/c8-divertissement\/ms-salut-les-terriens\/pid8294-stephane-guillon.html\n\n<strong>-Christophe Al\u00e9v\u00eaque, invit\u00e9 de &#8220;Vivement Dimanche&#8221; sur France 2 (vid\u00e9o, amener le curseur sur 1:00:31<\/strong> : http:\/\/www.france2.fr\/emissions\/vivement-dimanche\/videos\/replay_-_vivement_dimanche_prochain_13-11-2016_1350843\n<h2 class=\"wp-block-heading\">Documents joints<\/h2>\n\n\n\n<div class=\"wp-block-file\"><a href=\"https:\/\/wp.muchomaas.com\/wp-content\/uploads\/2016\/11\/l_amerique_et_nous-1f0.pdf\">l_amerique_et_nous.pdf<\/a><\/div>\n\n\n","protected":false},"excerpt":{"rendered":"<p>ACTUALITE -&#8220;Une journ\u00e9e d&#8217;hommage aux 130 victimes sans discours politiques&#8221; (Marie Quenet) : http:\/\/www.lejdd.fr\/Societe\/Une-journee-d-hommage-aux-130-victimes-sans-discours-politique-824362 -La longue liste des victimes du Bataclan (vid\u00e9o) : http:\/\/www.lci.fr\/societe\/video-hommage-13-novembre-bataclan-les-noms-des-90-victimes-prononce-2012307.html -Les 25 sans-papiers du chantier de la rue de Breteuil \u00e0 Paris ont gagn\u00e9 (la CGT) : http:\/\/www.cgt.fr\/La-lutte-et-la-determination-des.html -&#8220;Les huitres, stars des f\u00eates de fin d&#8217;ann\u00e9e&#8221; (vid\u00e9os) : http:\/\/www.francetvinfo.fr\/culture\/gastronomie\/les-huitres-stars-des-fetes-de-fin-d-annee_1917773.html http:\/\/www.francetvinfo.fr\/culture\/gastronomie\/quels-prix-pour-nos-huitres_1917775.html -Une [&hellip;]<\/p>\n","protected":false},"author":1042,"featured_media":0,"comment_status":"open","ping_status":"open","sticky":false,"template":"","format":"standard","meta":{"_themeisle_gutenberg_block_has_review":false,"footnotes":""},"categories":[151],"tags":[],"class_list":["post-9998","post","type-post","status-publish","format-standard","hentry","category-la-revue-de-presse-de-lulu"],"_links":{"self":[{"href":"https:\/\/archives.regards.fr\/index.php?rest_route=\/wp\/v2\/posts\/9998","targetHints":{"allow":["GET"]}}],"collection":[{"href":"https:\/\/archives.regards.fr\/index.php?rest_route=\/wp\/v2\/posts"}],"about":[{"href":"https:\/\/archives.regards.fr\/index.php?rest_route=\/wp\/v2\/types\/post"}],"author":[{"embeddable":true,"href":"https:\/\/archives.regards.fr\/index.php?rest_route=\/wp\/v2\/users\/1042"}],"replies":[{"embeddable":true,"href":"https:\/\/archives.regards.fr\/index.php?rest_route=%2Fwp%2Fv2%2Fcomments&post=9998"}],"version-history":[{"count":0,"href":"https:\/\/archives.regards.fr\/index.php?rest_route=\/wp\/v2\/posts\/9998\/revisions"}],"wp:attachment":[{"href":"https:\/\/archives.regards.fr\/index.php?rest_route=%2Fwp%2Fv2%2Fmedia&parent=9998"}],"wp:term":[{"taxonomy":"category","embeddable":true,"href":"https:\/\/archives.regards.fr\/index.php?rest_route=%2Fwp%2Fv2%2Fcategories&post=9998"},{"taxonomy":"post_tag","embeddable":true,"href":"https:\/\/archives.regards.fr\/index.php?rest_route=%2Fwp%2Fv2%2Ftags&post=9998"}],"curies":[{"name":"wp","href":"https:\/\/api.w.org\/{rel}","templated":true}]}}