{"id":9995,"date":"2016-11-11T08:17:41","date_gmt":"2016-11-11T07:17:41","guid":{"rendered":"https:\/\/wp.muchomaas.com\/article-la-revue-du-11-novembre-2016\/"},"modified":"2016-11-11T08:17:41","modified_gmt":"2016-11-11T07:17:41","slug":"article-la-revue-du-11-novembre-2016","status":"publish","type":"post","link":"https:\/\/archives.regards.fr\/?p=9995","title":{"rendered":"La Revue du 11 novembre 2016"},"content":{"rendered":"<p><strong>ACTUALITE<\/strong><\/p>\n<p>-A Morez dans le Jura, la liquidation de l&#8217;entreprise Logo (vid\u00e9o) : http:\/\/www.francetvinfo.fr\/economie\/emploi\/economie-liquidation-de-l-entreprise-logo_1914706.html<\/p>\n<p><strong>-Un an apr\u00e8s, les personnels soignants se souviennent des attentats (vid\u00e9o) : <\/strong> http:\/\/www.francetvinfo.fr\/faits-divers\/terrorisme\/attaques-du-13-novembre-a-paris\/victimes-des-attentats-a-paris\/un-an-apres-les-personnels-soignants-franciliens-se-souviennent-des-attentats_1914649.html<\/p>\n<p><em>-Au troisi\u00e8me trimestre 2016, l&#8217;emploi marchand continue \u00e0 progresser, port\u00e9 par l&#8217;int\u00e9rim&#8221; (document de l&#8217;INSEE \u00e0 t\u00e9l\u00e9charger)<\/em> :  http:\/\/www.insee.fr\/fr\/themes\/info-rapide.asp?id=18&#038;date=20161110<\/p>\n<p><em>-Sur un an, la production manufacturi\u00e8re est stable (documents de l&#8217;INSEE \u00e0 t\u00e9l\u00e9charger) :<\/em> http:\/\/www.insee.fr\/fr\/themes\/info-rapide.asp?id=10&#038;date=20161110<\/p>\n<p><em>-Les Fran\u00e7ais et la politique industrielle (OPINION-WAY) :<\/em> http:\/\/www.opinion-way.com\/pdf\/opinionway_pour_opeo_-_les_francais_et_la_politique_industrielle_-_novembre_2016.pdf<\/p>\n<p><strong>-Egalit\u00e9 salariale homme\/femme, &#8220;les bonnes poires travaillent pour des prunes&#8221; (t\u00e9moignages recueillis par Charlotte Mongibeaux et Guillaume Hubert (vid\u00e9o et sons) : <\/strong>                                           http:\/\/www.50-50magazine.fr\/2016\/11\/09\/7novembre16h34-les-bonnes-poires-travaillent-pour-des-prunes\/<\/p>\n<p>-Les illuminations de No\u00ebl, un march\u00e9 juteux (vid\u00e9o) : http:\/\/www.francetvinfo.fr\/decouverte\/noel\/illuminations-de-noel-un-marche-juteux_1914563.html<\/p>\n<p>-&#8220;Quelle d\u00e9pense pour une ville ?&#8221; (Justine Weyl; vid\u00e9o) : http:\/\/www.francetvinfo.fr\/decouverte\/noel\/decorations-de-noel-quel-budget-pour-une-ville_1914683.html<\/p>\n<p>-Pour les migrants, le centre humanitaire de Paris a ouvert hier (vid\u00e9o) : http:\/\/nr.news-republic.com\/Web\/ArticleWeb.aspx?regionid=2&#038;articleid=77205080<\/p>\n<p>-La justice va ouvrir le capot des diesels Renault (Jean-Christophe F\u00e9raud) : http:\/\/www.liberation.fr\/futurs\/2016\/11\/09\/la-justice-va-ouvrir-le-capot-des-diesels-renault_1527404?xtor=EPR-450206&#038;utm_source<\/p>\n<p><em>-Les Fran\u00e7ais et la d\u00e9pollution du diesel (HARRIS) :<\/em> http:\/\/harris-interactive.fr\/opinion_polls\/les-francais-et-la-depollution-du-diesel\/<\/p>\n<p>-Bercy poursuit &#8220;Carrefour&#8221; pour &#8220;pratiques commerciales abusives&#8221; : http:\/\/www.liberation.fr\/futurs\/2016\/11\/09\/pratiques-commerciales-abusives-bercy-poursuit-carrefour_1527431?xtor<\/p>\n<p>-&#8220;Un avertissement \u00e0 la grande distribution&#8221; (vid\u00e9o, amener le curseur sur 12:32) :  http:\/\/www.francetvinfo.fr\/replay-jt\/france-2\/20-heures\/jt-de-20h-du-jeudi-10-novembre-2016_1903523.html<\/p>\n<p><strong>-&#8220;La France continue de fa\u00e7on \u00e9vidente \u00e0 violer les droits fondamentaux des d\u00e9tenus basques&#8221; (Michel Tubiana, pr\u00e9sident de la LDH; cit\u00e9 par Marie Piquemal) <\/strong> :                                           http:\/\/www.liberation.fr\/france\/2016\/11\/09\/la-france-continue-de-violer-les-droits-fondamentaux-des-detenus-basques_1527333?xtor<\/p>\n<p>-&#8220;Amesys&#8221;, soci\u00e9t\u00e9 poursuivie pour complicit\u00e9 de torture en Libye, &#8220;file un coup de main \u00e0 l&#8217;agence charg\u00e9e de la mise en place du fichier g\u00e9ant&#8221; (Andr\u00e9a Fradin) :                                                     http:\/\/rue89.nouvelobs.com\/2016\/11\/09\/amesys-file-coup-main-a-lagence-charge-fichier-monstre-265610<\/p>\n<p>-&#8220;Les Fran\u00e7ais pourront refuser la prise de leurs empreintes&#8221;. La secr\u00e9taire d&#8217;Etat Axelle Lemaire &#8220;rassur\u00e9e&#8221; : http:\/\/www.francetvinfo.fr\/france\/megafichier-les-francais-pourront-refuser-la-prise-de-leurs-empreintes-digitales_1914694.html<\/p>\n<p>-Interpel\u00e9 pour &#8220;exhibition sexuelle&#8221;, l&#8217;eurod\u00e9put\u00e9 MoDem Robert Rochefort plaide coupable : http:\/\/www.lemonde.fr\/police-justice\/article\/2016\/11\/09\/interpelle-pour-exhibition-sexuelle-robert-rochefort-plaide-coupable_5028380_1653578.html<\/p>\n<p>-Un policier jug\u00e9 pour avoir frapp\u00e9 un \u00e9l\u00e8ve du lyc\u00e9e Bergson \u00e0 Paris (Christian Meize; vid\u00e9o des faits) : http:\/\/france3-regions.francetvinfo.fr\/paris-ile-de-france\/paris\/policier-juge-avoir-frappe-eleve-du-lycee-bergson-paris-19eme-1127665.html#xtor<\/p>\n<p>-Six mois de prison avec sursis requis (vid\u00e9o) : http:\/\/www.francetvinfo.fr\/economie\/emploi\/carriere\/vie-professionnelle\/droit-du-travail\/direct-suivez-le-proces-du-policier-qui-a-frappe-un-lyceen-a-paris-en-mars_1914159.html<\/p>\n<p><strong>-Au coeur de la section antiterroriste du Parquet de Paris (une enqu\u00eate de Sara Ghibaudo; son) <\/strong> : https:\/\/www.franceinter.fr\/emissions\/le-zoom-de-la-redaction\/le-zoom-de-la-redaction-10-novembre-2016<\/p>\n<p><strong>POLITIQUE<\/strong><\/p>\n<p><strong>-&#8220;Groupe communiste, la tentation anti-M\u00e9lenchon&#8221; (vid\u00e9o) <\/strong> : http:\/\/www.lcp.fr\/la-politique-en-video\/groupe-communiste-la-tentation-anti-melenchon<\/p>\n<p><strong>-&#8220;Il y a une sorte de mouvement populaire dans le monde&#8221; (Jean-Luc M\u00e9lenchon, interrog\u00e9 par Marc-Olivier Fogiel; son)<\/strong> : http:\/\/www.rtl.fr\/actu\/politique\/victoire-de-trump-il-y-a-un-mouvement-populaire-dans-le-monde-selon-melenchon-7785692261<\/p>\n<p>&#8220;Mam\u00e8re salue la candidature de combat de Jean-Luc M\u00e9lenchon&#8221; : http:\/\/www.lepoint.fr\/politique\/presidentielle-mamere-salue-la-candidature-de-combat-de-melenchon-09-11-2016-2082059_20.php<\/p>\n<p>-&#8220;Il a fait carton plein \u00e0 La Rochelle&#8221; (vid\u00e9o et diaporama) : http:\/\/eric.et.le.pg.over-blog.fr\/lundi-7-novembre-a-la-rochelle-carton-plein-pour-jean-luc-melenchon<\/p>\n<p>-Il a tenu son premier &#8220;Rendez-vous terrorisme et s\u00e9curit\u00e9&#8221; (vid\u00e9o) : http:\/\/www.lci.fr\/elections\/terrorisme-jean-luc-melenchon-s-interroge-sur-les-assassinats-cibles-evoques-par-francois-hollande-2011941.html%3Ftype=content<\/p>\n<p><em>-Les Fran\u00e7ais et leur s\u00e9curit\u00e9 (IFOP) <\/em> : http:\/\/www.ifop.com\/?option=com_publication&#038;type=poll&#038;id=3548<\/p>\n<p>-&#8220;L&#8217;\u00e9lection de Trump est une catastrophe pour l&#8217;environnement&#8221; (Yannick Jadot, eurod\u00e9put\u00e9 \u00e9cologiste, face \u00e0 Jean-Jacques Bourdin; vid\u00e9o) :  http:\/\/rmc.bfmtv.com\/mediaplayer\/video\/yannick-jadot-eelv-l-election-de-trump-est-une-catastrophe-pour-l-environnement-883917.html<\/p>\n<p><strong>-&#8220;Le paradoxe, c&#8217;est que l&#8217;incomp\u00e9tence reproch\u00e9e \u00e0 Donald Trump a \u00e9t\u00e9 un atout pour lui tant est grand le rejet de la classe politique. Cela ne concerne pas que les Etats-Unis. Le &#8220;non&#8221; au r\u00e9f\u00e9rendum sur  la Constitution europ\u00e9enne en France avait \u00e9t\u00e9 une premi\u00e8re alerte&#8221; (Laurent Fabius, pr\u00e9sident du Conseil constitutionnel; invit\u00e9 de la matinale de France Inter, il r\u00e9pondait \u00e0 Marc Fauvelle ; vid\u00e9o) :  <\/strong> http:\/\/www.dailymotion.com\/video\/x51fbzc_climat-laurent-fabius-la-majorite-du-peuple-americain-veut-passer-a-une-energie-decarbonee_news<\/p>\n<p>-Emmanuel Macron annonce &#8220;8 mesures chocs&#8221; dans &#8220;l&#8217;Obs&#8221; : http:\/\/actualites.nouvelobs.com\/politique\/election-presidentielle-2017\/20161108.OBS0914\/emmanuel-macron-annonce-ses-8-mesures-chocs-dans-l-obs.html<\/p>\n<p><strong>-Ce qui s&#8217;en est dit au &#8220;20 heures&#8221; de France 2, avec la r\u00e9action de Mohammed Oussedik de la CGT (vid\u00e9o, amener le curseur sur 14:42) : <\/strong> http:\/\/www.francetvinfo.fr\/replay-jt\/france-2\/20-heures\/jt-de-20h-du-jeudi-10-novembre-2016_1903523.html<\/p>\n<p><strong>-&#8220;Le monde est bouscul\u00e9 par le mouvement de globalisation qui cr\u00e9e un trouble extr\u00eamement profond  et plus on avance, plus on voit monter les in\u00e9galit\u00e9s entre ceux qui ont tout et ceux qui ne peuvent pas finir les fins de mois. J&#8217;ajoute qu&#8217;on leur dit qu&#8217;on n&#8217;y peut rien&#8221; (Fran\u00e7ois Bayrou, pr\u00e9sident du MoDem, face \u00e0 Jean-Jacques Bourdin; vid\u00e9o) :<\/strong>                         http:\/\/www.bfmtv.com\/mediaplayer\/video\/francois-bayrou-face-a-jean-jacques-bourdin-en-direct-883927.html<\/p>\n<p>-&#8220;Trump ne fera pas 10% de ce qu&#8217;il a dit&#8221; (Jean-Christophe Lagard, pr\u00e9sident de l&#8217;UID; interrog\u00e9 par Guillaume Durand; vid\u00e9o) : http:\/\/www.dailymotion.com\/video\/x51fkl9<\/p>\n<p>-&#8220;Nicolas Sarkozy a tout essay\u00e9, il m&#8217;a attaqu\u00e9 sur mon \u00e2ge, sur l&#8217;identit\u00e9 heureuse, \u00e7a n&#8217;a pas march\u00e9. Dire aux jeunes de manger des frites, c&#8217;est une l\u00e9g\u00e8ret\u00e9 qui choque les familles. Le populisme c&#8217;est le mensonge. Je n&#8217;ai rien promis \u00e0 Fran\u00e7ois Bayrou&#8221; (Alain Jupp\u00e9, invit\u00e9 de &#8220;Territoires d&#8217;Infos&#8221;; vid\u00e9o, amener le curseur sur 33:20) :                                                                                                        http:\/\/www.sudradio.fr\/Politique\/L-interview-politique\/Alain-Juppe-Je-n-ai-fait-aucune-promesse-a-Francois-Bayrou<\/p>\n<p><strong>-Depuis Bordeaux, il \u00e9tait l&#8217;invit\u00e9 de la matinale de Public S\u00e9nat (vid\u00e9o) : <\/strong> http:\/\/www.sudradio.fr\/Politique\/L-interview-politique\/Alain-Juppe-Je-n-ai-fait-aucune-promesse-a-Francois-Bayrou<\/p>\n<p><strong>-&#8220;Avec les Etats-Unis, nous sommes unis par les liens du sang, de jeunes soldats am\u00e9ricains sont morts sur notre sol. Les Am\u00e9ricains, n&#8217;\u00e9taient sans doute pas tr\u00e8s rassur\u00e9s quand ils ont appris l&#8217;\u00e9lection de Fran\u00e7ois Hollande et sa taxe \u00e0 75%. En d\u00e9mocratie, c&#8217;est l&#8217;\u00e9lecteur qui a raison, y compris pour Fran\u00e7ois Hollande&#8221; (Nicolas Sarkozy, invit\u00e9 de Caroline Roux; vid\u00e9o) : <\/strong>                       http:\/\/www.france2.fr\/emissions\/telematin\/actu\/nicolas-sarkozy_522935<\/p>\n<p>-Fran\u00e7ois Baroin, s\u00e9nateur LR de l&#8217;Aube, invit\u00e9 de la matinale de RTL, botte en touche \u00e0 la question d&#8217;Elizabeth Martichoux : &#8220;Nicolas Sarkozy fait-il du Trump ?&#8221; (vid\u00e9os) : http:\/\/www.rtl.fr\/actu\/politique\/sarkozy-fait-il-du-trump-baroin-botte-en-touche-7785698236<\/p>\n<p>-&#8220;Si l&#8217;\u00e9lection avait eu lieu en France, Hillary Clinton aurait \u00e9t\u00e9 \u00e9lue&#8221; (Fr\u00e9d\u00e9rick Lefebvre, d\u00e9put\u00e9 LR des Fran\u00e7ais d&#8217;Am\u00e9rique du Nord; interrog\u00e9 par Eric Delvaux; son) :                                       https:\/\/www.franceinter.fr\/emissions\/l-invite-du-5-7\/l-invite-du-5-7-10-novembre-2016<\/p>\n<p>-&#8220;Alain Jupp\u00e9 fait des propositions de gauche&#8221; (Nadine Morano, eurod\u00e9put\u00e9e LR; invit\u00e9e de la matinale de Franceinfo; vid\u00e9o) : http:\/\/www.dailymotion.com\/video\/x51ftxp_pour-nadine-morano-la-ligne-politique-d-alain-juppe-ne-correspond-pas-a-une-ligne-politique-de-droit_news<\/p>\n<p><strong>-&#8220;Donald Trump va \u00e0 son tour se heurter au contre-pouvoir am\u00e9ricain. Il y a un candidat qui a su saisir les raisons de la col\u00e8re avec seulement trois points, l&#8217;immigration ill\u00e9gale, la guerre et la d\u00e9sindustrialisation&#8221; (NKM, candidate \u00e0 la primaire de droite; interrog\u00e9e par L\u00e9a Salam\u00e9; vid\u00e9o) <\/strong> : http:\/\/www.dailymotion.com\/video\/x51f3t2_nathalie-kosciusko-morizet-donald-trump-va-a-son-tour-se-heurter-au-contre-pouvoir-americain_news<\/p>\n<p>-Bruno Le Maire, d\u00e9put\u00e9 LR de l&#8217;Eure, \u00e9tait l&#8217;invit\u00e9 de &#8220;Questions d&#8217;Info&#8221; sur la cha\u00eene parlementaire (vid\u00e9o) : http:\/\/www.lcp.fr\/emissions\/questions-dinfo\/279525-questions-dinfo<\/p>\n<p>-Fran\u00e7ois Fillon, d\u00e9put\u00e9 LR de Paris, \u00e9tait l&#8217;invit\u00e9 de Thomas Sotto. Il s&#8217;est r\u00e9joui de l&#8217;icapacit\u00e9 des sondages \u00e0 pr\u00e9voir l&#8217;\u00e9lection de Trump (vid\u00e9o) :                              http:\/\/www.europe1.fr\/emissions\/l-interview-politique\/election-de-donald-trump-alliance-avec-la-russie-periode-dincertitude-et-projet-dalternance-francois-fillon-et-francoise-mouly-repondent-aux-questions-de-thomas-sotto-2896256<\/p>\n<p>-Sarkozy se pose en &#8220;d\u00e9fenseur acharn\u00e9&#8221; des jeunes musulmanes (vid\u00e9o) : http:\/\/nr.news-republic.com\/Web\/ArticleWeb.aspx?regionid=2&#038;articleid=77190769<\/p>\n<p>-&#8220;La fibre optique plut\u00f4t que le burkini&#8221; (NKM, cit\u00e9e par Remy Dodet) : http:\/\/tempsreel.nouvelobs.com\/politique\/election-presidentielle-2017\/20161109.OBS0999\/nkm-la-fibre-optique-plutot-que-le-burkini.html<\/p>\n<p>-70 millions de bulletins de vote ont \u00e9t\u00e9 imprim\u00e9s pour la primaire de la droite et du centre (Fran\u00e7ois Vignal) : http:\/\/www.publicsenat.fr\/lcp\/politique\/primaire-droite-jusqu-10-millions-votants-possibles-premier-tour-1556698<\/p>\n<p>-&#8220;L&#8217;\u00e9lection de Trump peut fracasser la droite fran\u00e7aise&#8221; (Yves Thr\u00e9ard du &#8220;Figaro&#8221;; vid\u00e9o) : http:\/\/www.europe1.fr\/emissions\/ledito-politique-dyves-threard\/lelection-de-trump-peut-fracasser-la-droite-francaise-2896106<\/p>\n<p>-Robert M\u00e9nard invite Donald Trump \u00e0 B\u00e9ziers (Julien Absalon) : http:\/\/www.rtl.fr\/actu\/politique\/robert-menard-invite-donald-trump-a-beziers-7785700842?utm_campaign=Newsletter&#038;utm_medium=&#038;utm_source<\/p>\n<p>-&#8220;Nous appr\u00e9cions des propositions de Donald Trump. M. Sarkozy est plus Mickey que Donald. Maintenant les Fran\u00e7ais savent que c&#8217;est possible&#8221; (David Rachline, directeur de campagne de Marine Le Pen, interrog\u00e9 par Jean-Jacques Bourdin; vid\u00e9o) : http:\/\/rmc.bfmtv.com\/mediaplayer\/video\/david-rachline-explique-pourquoi-le-fn-se-rejouit-de-la-victoire-de-donald-trump-883881.html<\/p>\n<p>-Le FN a d\u00e9j\u00e0 profit\u00e9 de l&#8217;effet Trump dans les ann\u00e9es pass\u00e9es&#8221; (Christophe Barbier; vid\u00e9o) :  http:\/\/www.bfmtv.com\/mediaplayer\/video\/l-edito-de-christophe-barbier-la-victoire-de-donald-trump-profite-t-elle-davantage-au-front-national-883925.html<\/p>\n<p><strong>-Pour Alain Duhamel, &#8220;la fracture des \u00e9lites est encore plus marqu\u00e9e en France&#8221; (son) <\/strong> : http:\/\/www.rtl.fr\/actu\/politique\/presidentielle-americaine-2016-victoire-donald-trump-la-fracture-des-elites-est-encore-plus-marquee-en-france-previent-alain-duhamel-7785714147<\/p>\n<p>-&#8220;Avec Trump, le FN tente d&#8217;exploiter le filon de la fatalit\u00e9&#8221; (Aline Robert) : http:\/\/www.euractiv.fr\/section\/politique\/news\/apres-trump-le-fn-tente-dexploiter-le-filon-de-la-fatalite\/?nl_ref=24560525<\/p>\n<p>-&#8220;La divine surprise du FN&#8221; (Renaud D\u00e9ly de &#8220;l&#8217;Obs&#8221;; son) : https:\/\/www.franceinter.fr\/emissions\/histoires-politiques\/histoires-politiques-10-novembre-2016<\/p>\n<p><strong>-&#8220;La victoire de Trump est un signal fort envoy\u00e9 \u00e0 la classe politique fran\u00e7aise&#8221; (le politologue Pascal Perrineau; propos recueillis par Pierre-Alain Furbury) <\/strong> :                                                 http:\/\/www.lesechos.fr\/politique-societe\/politique\/0211480309643-pascal-perrineau-la-victoire-de-trump-est-un-signal-fort-envoye-a-la-classe-politique-francaise-2041711.php#xtor<\/p>\n<p>-&#8220;Elite contre peuple, d\u00e9bat pip\u00e9&#8221; (Thomas Legrand; son) : https:\/\/www.franceinter.fr\/emissions\/l-edito-politique\/l-edito-politique-10-novembre-2016<\/p>\n<p>-&#8220;Fran\u00e7ois Hollande a \u00e9t\u00e9 sonn\u00e9 par l&#8217;\u00e9lection de Trump. Il voit arriver la vague de col\u00e8re du peuple pour lui. Marine Le Pen est la seule qui ne tournait pas du nez&#8221; (Guillaume Tabard du &#8220;Figaro&#8221;; son) : http:\/\/www.radioclassique.fr\/player\/progaction\/iniPlayer\/podcast\/2016-11-10-08-13-00.html<\/p>\n<p>-&#8220;Elle n&#8217;est pas la seule \u00e0 \u00eatre gagn\u00e9e par la &#8220;trumpisation&#8221; (Alba Ventura; vid\u00e9o) :  http:\/\/www.rtl.fr\/actu\/politique\/marine-le-pen-n-est-pas-la-seule-candidate-gagnee-par-la-trumpisation-decrypte-alba-ventura-7785698003<\/p>\n<p>-&#8220;C&#8217;est un vote anti-parit\u00e9 et anti-diversit\u00e9. Le vrai clivage aujourd&#8217;hui, c&#8217;est pour ou contre la mondialisation. Avec l&#8217;\u00e9lection de Donald Trump, la diabolisation du FN devient plus difficile&#8221; (J\u00e9r\u00f4me Saint Marie, directeur de Pollingvox; son) :  http:\/\/www.sudradio.fr\/Podcasts\/L-invite-pour-comprendre\/Jerome-Saint-Marie-directeur-de-Pollingvox<\/p>\n<p><strong>-&#8220;L&#8217;\u00e9mission politique&#8221; sp\u00e9ciale de France 2, anim\u00e9e par L\u00e9a Salam\u00e9 et David Pujadas (vid\u00e9o pendant 6 jours) <\/strong> : http:\/\/www.france2.fr\/emission\/lemission-politique\/diffusion-du-10-11-2016-21h00<\/p>\n<p><em>-Pour 78 % des sond\u00e9s, l&#8217;\u00e9lection de Trump profite \u00e0 Marine Le Pen (HARRIS) :    <\/em>    http:\/\/harris-interactive.fr\/opinion_polls\/emission-speciale-le-monde-selon-trump\/<\/p>\n<p>-Deux des participants, Dominique de Villepin et le g\u00e9ographe Christophe Guilluy, \u00e9taient les invit\u00e9s du &#8220;Club de la Presse&#8221; d&#8217;Europe 1 (son) : http:\/\/www.europe1.fr\/emissions\/le-club-de-la-presse\/europe-soir-le-club-de-la-presse-dominique-de-villepin-et-christophe-guilluy-11102016-2896964<\/p>\n<p>-&#8220;La r\u00e9action de Fran\u00e7ois Hollande me g\u00e8ne&#8221; (Dominique de Villepin; vid\u00e9o) :   http:\/\/www.europe1.fr\/international\/dominique-de-villepin-sur-lelection-de-donald-trump-la-reaction-de-francois-hollande-me-gene-2896949<\/p>\n<p><em>-Le tableau de bord des personnalit\u00e9s (IFOP)<\/em> : http:\/\/www.ifop.com\/?option=com_publication&#038;type=poll&#038;id=3547<\/p>\n<p><em>-Les Fran\u00e7ais et l&#8217;\u00e9lection de Donald Trump (ODOXA) :<\/em> http:\/\/www.odoxa.fr\/election-de-donald-trump-un-choc-et-une-source-de-profonde-inquietude-pour-les-francais\/<\/p>\n<p><em>-Le m\u00eame (ELABE) <\/em> : http:\/\/elabe.fr\/lelection-de-donald-trump\/<\/p>\n<p><em>-Le m\u00eame (HARRIS) <\/em> : http:\/\/harris-interactive.fr\/opinion_polls\/reactions-des-francais-a-lelection-de-donald-trump\/<\/p>\n<p><strong>EUROPE-MONDE<\/strong><\/p>\n<p>-La pr\u00e9sidence tournante maltaise de l&#8217;Union europ\u00e9enne se pr\u00e9pare \u00e0 affronter la temp\u00eate (Daniela Vincenti) : http:\/\/www.euractiv.fr\/section\/politique\/news\/maltese-presidency-gears-up-for-the-perfect-storm\/?nl_ref=24560525<\/p>\n<p>-Les frites au banc des accus\u00e9s (Sarantis Michalopoulos) : http:\/\/www.euractiv.fr\/section\/sante-modes-de-vie\/news\/fro-tomorrow-commission-delays-vote-on-acrylamide-safety-to-2017\/?nl_ref=24560525<\/p>\n<p>-&#8220;Les tablo\u00efds remportent la bataille du grille-pain&#8221; (James Crisp) : http:\/\/www.euractiv.fr\/section\/climat-environnement\/news\/commission-wont-regulate-toasters-or-hairdryers-after-hoovergate-scandal\/?nl_ref=24560525<\/p>\n<p>-L&#8217;\u00e9lection de Trump met \u00e0 l&#8217;\u00e9preuve l&#8217;unit\u00e9 de l&#8217;Union europ\u00e9enne sur le climat (James Crisp) : http:\/\/www.euractiv.fr\/section\/climat-environnement\/news\/trump-can-kill-un-climate-deal-warns-eu-carbon-market-chief\/?nl_ref=24560525<\/p>\n<p>-&#8220;Un signal d&#8217;alarme qui doit r\u00e9veiller l&#8217;Europe&#8221; (Pierre Moscovici, commissaire europ\u00e9en PS; vid\u00e9o) : http:\/\/www.publicsenat.fr\/lcp\/politique\/trump-president-un-signal-d-alarme-qui-doit-reveiller-l-europe-selon-moscovici-1556681<\/p>\n<p>-Quel impact sur l&#8217;\u00e9nergie et le climat ? (James Crisp) : http:\/\/www.euractiv.fr\/section\/climat-environnement\/interview\/what-president-trump-could-mean-for-energy-and-climate-policy\/?nl_ref=24560525<\/p>\n<p>-&#8220;Elle doit nous pousser \u00e0 prendre notre destin en main&#8221; (Alain Lamassoure, eurod\u00e9put\u00e9 LR, proche d&#8217;Alain Jupp\u00e9; propos recueillis par Fr\u00e9d\u00e9ric Simon) :                                                                 http:\/\/www.euractiv.fr\/section\/politique\/interview\/alain-lamassoure-la-victoire-de-trump-doit-nous-pousser-a-prendre-notre-destin-en-main\/?nl_ref=24560525<\/p>\n<p>-Les eurod\u00e9put\u00e9s fran\u00e7ais tr\u00e8s divis\u00e9s (Aline Robert, C\u00e9cile Barbi\u00e8re et Fr\u00e9d\u00e9ric Simon) :  http:\/\/www.euractiv.fr\/section\/politique\/news\/les-eurodeputes-francais-tres-divises-apres-lelection-de-trump\/?nl_ref=24560525<\/p>\n<p>-&#8220;Les extr\u00eames-droites europ\u00e9ennes se r\u00e9jouissent&#8221; : http:\/\/www.euractiv.fr\/section\/politique\/news\/les-extremes-droites-europeennes-se-rejouissent\/?nl_ref=24560525<\/p>\n<p>-&#8220;Italie et Espagne, deux d\u00e9ficits qui ne racontent pas la m\u00eame histoire&#8221; (Jorge Valero) : http:\/\/www.euractiv.fr\/section\/euro-finances\/news\/a-tale-of-two-deficits\/?nl_ref=24560525<\/p>\n<p><strong>-&#8220;Au Danemark, l&#8217;\u00e9galit\u00e9 est au coeur de la coh\u00e9sion sociale&#8221; (Ali Rebehi et ses invit\u00e9s; son) :<\/strong> https:\/\/www.franceinter.fr\/emissions\/grand-bien-vous-fasse\/grand-bien-vous-fasse-10-novembre-2016<\/p>\n<p><strong>-Ouverture \u00e0  Ramallah d&#8217;un mus\u00e9e d\u00e9di\u00e9 \u00e0 Yasser Arafat <\/strong> :                                                                                http:\/\/culturebox.francetvinfo.fr\/expositions\/patrimoine\/ouverture-a-ramallah-d-un-musee-dedie-a-yasser-arafat-248557#xtor<\/p>\n<p>-Face \u00e0 la s\u00e9cheresse, le salut des agriculteurs zimbabw\u00e9ens passe par la science (vid\u00e9o) : http:\/\/nr.news-republic.com\/Web\/ArticleWeb.aspx?regionid=2&#038;articleid=77202270<\/p>\n<p>-&#8220;Plong\u00e9e dans l&#8217;Am\u00e9rique de Donald Trump&#8221; (enqu\u00eate de correspondants du &#8220;Monde&#8221; : http:\/\/www.lemonde.fr\/elections-americaines\/article\/2016\/11\/10\/plongee-dans-l-amerique-de-donald-trump_5028605_829254.html<\/p>\n<p><strong>-&#8220;Le Prix du r\u00eave am\u00e9ricain&#8221;, un documentaire de H\u00e9l\u00e8ne Ackmann qui aide \u00e0 comprendre (Lucas Armati) <\/strong> :                                                                                                                               http:\/\/television.telerama.fr\/television\/pour-mieux-comprendre-pourquoi-trump-a-ete-elu-president-regardez-ce-documentaire,149888.php#xtor<\/p>\n<p><strong>-Le documentaire; vid\u00e9o pendant 18 jours) <\/strong> : http:\/\/pluzz.francetv.fr\/videos\/le_prix_du_reve_americain_,148032682.html<\/p>\n<p>-Trump et les femmes (Brigitte Marti) : http:\/\/www.50-50magazine.fr\/2016\/11\/09\/une-convention-republicaine-qui-admet-ouvertement-le-sexisme-comme-regle-politique\/<\/p>\n<p>-Trois secteurs au coeur de ses promesses (vid\u00e9o) : http:\/\/videos.lesechos.fr\/lesechos\/sujet-actus\/energies-fossiles-auto-acier-3-secteurs-au-coeur-des-promesses-du-candidat-trump\/ufkqmp?xtor<\/p>\n<p>-&#8220;Si Trump ex\u00e9cute tout son programme, cela peut cr\u00e9er un  choc important pour l&#8217;\u00e9conomie mondiale&#8221; (Philippe Waetcher, directeur en recherche \u00e9conomique; propos recueillis par Pierrick Fay) :     http:\/\/www.lesechos.fr\/finance-marches\/marches-financiers\/0211479713122-philippe-waechter-si-trump-execute-tout-son-programme-cela-peut-creer-un-gros-choc-2041826.php#xtor<\/p>\n<p><strong>-&#8220;Trump et la Russie, quelles relations ?&#8221; (Paul Quil\u00e8s) <\/strong> : http:\/\/paul.quiles.over-blog.com\/2016\/11\/donald-trump-et-la-russie-quelles-relations.html<\/p>\n<p>-&#8220;Trump triomphe, la terre tremble&#8221; : http:\/\/www.liberation.fr\/planete\/2016\/11\/09\/trump-triomphe-la-terre-tremble_1527442?xtor=EPR-450206&#038;utm_source<\/p>\n<p><strong>-Soir\u00e9e organis\u00e9e par &#8220;Mediapart&#8221; (vid\u00e9os) :<\/strong><\/p>\n<p>-&#8220;Ce que Trump dit de l&#8217;Am\u00e9rique&#8221; : https:\/\/www.youtube.com\/watch?v=KI2-j0ZlCfQ<\/p>\n<p>-&#8220;R\u00e9pliques fran\u00e7aises et europ\u00e9ennes&#8221; : https:\/\/www.youtube.com\/watch?v=WmcJY3etklM<\/p>\n<p><strong>-&#8220;Moins surprenant qu&#8217;il n&#8217;y parait&#8221; (l&#8217;historien Romain Huret, directeurs d&#8217;\u00e9tudes \u00e0 l&#8217;Ecole des Hautes \u00e9tudes en sciences sociales; entretien r\u00e9alis\u00e9 par Basile Lemaire et Olivier Pascal-Moussellard; vid\u00e9o) <\/strong> :  http:\/\/www.telerama.fr\/idees\/trump-ou-la-destabilisation-permanente-l-historien-romain-huret-decrypte-la-presidentielle-americaine,149876.php#xtor<\/p>\n<p><strong>-&#8220;USA, le jour d&#8217;apr\u00e8s&#8221; (&#8220;Compl\u00e9ment d&#8217;enqu\u00eate&#8221; de Nicolas Poincar\u00e9, avec un document sur Trump interdit aux Etats-Unis; vid\u00e9o) <\/strong> : http:\/\/www.francetvinfo.fr\/replay-magazine\/france-2\/complement-d-enquete\/<\/p>\n<p>-&#8220;Bernie Sanders propose son aide \u00e0 Trump&#8221; : http:\/\/www.lesechos.fr\/monde\/elections-americaines\/0211483318459-bernie-sanders-propose-son-aide-a-trump-2041958.php#xtor=CS1-25<\/p>\n<p>-&#8220;Le Trump qu&#8217;on n&#8217;attendait pas&#8221; (Bernard Guetta; son) : https:\/\/www.franceinter.fr\/emissions\/geopolitique\/geopolitique-10-novembre-2016<\/p>\n<p>-&#8220;Un nouvel ordre mondial ?&#8221; (en d\u00e9bat dans &#8220;\u00c7a vous regarde&#8221;, \u00e9mission anim\u00e9e par Arnaud Ardoin; vid\u00e9o) : http:\/\/www.lcp.fr\/emissions\/ca-vous-regarde\/279255-victoire-de-donald-trump-un-nouvel-ordre-mondial<\/p>\n<p>-Le point de vue de Gilles Kepel, auteur de &#8220;La Fracture&#8221; (vid\u00e9o) :  http:\/\/www.lci.fr\/replay\/replay-l-invite-de-lci-matin-du-10-novembre-2016-gilles-kepel-2011911.html                              <\/p>\n<p>-&#8220;Il y avait chez Clinton un m\u00e9pris des \u00e9lecteurs de Trump. Le Parti r\u00e9publicain et le Parti d\u00e9mocrate ont perdu le contact avec leurs bases&#8221; (Andr\u00e9 Berkoff, avec Christine Ockrent; vid\u00e9o) :           http:\/\/www.dailymotion.com\/video\/x51fkxj<\/p>\n<p><strong>-&#8220;Pour les partisans de Trump, la d\u00e9mocratie 2.0 fonctionne tr\u00e8s bien&#8221; (Val\u00e9rie Jeanne-Perrier, professeur au Celsa Paris-Sorbonne; propos recueillis par Ludovic Desautez) :  <\/strong>                        http:\/\/www.telerama.fr\/idees\/valerie-jeanne-perrier-pour-les-partisans-de-trump-la-democratie-2-0-fonctionne-tres-bien,149884.php#xtor<\/p>\n<p>-&#8220;Le jour d&#8217;apr\u00e8s&#8221; (Marc Dondey, directeur franco-am\u00e9ricain de la Ga\u00eet\u00e9 Lyrique : http:\/\/www.telerama.fr\/monde\/presidentielle-americaine-le-jour-d-apres,149895.php#xtor<\/p>\n<p><strong>-Les unes de la presse am\u00e9ricaine (Maxence Sorel; diaporama) : <\/strong> http:\/\/www.telerama.fr\/medias\/choc-a-l-aide-les-unes-de-la-presse-apres-la-victoire-de-donald-trump,149892.php#xtor<\/p>\n<p>-Le mea culpa du &#8220;New York Times&#8221; et du &#8220;Washington Post&#8221; (Jean-Baptiste Roch) : http:\/\/www.telerama.fr\/medias\/trump-president-le-new-york-times-et-le-washington-post-font-deja-leur-mea-culpa,149880.php#xtor<\/p>\n<p>-&#8220;Les amuseurs anti-Trump bien embarrass\u00e9s&#8221; (J\u00e9r\u00e9mie Maire; vid\u00e9os) : http:\/\/television.telerama.fr\/television\/election-americaine-les-amuseurs-anti-trump-bien-embarrasses,149891.php#xtor<\/p>\n<p>-Les caricaturistes s&#8217;en donnent \u00e0 coeur-joie : http:\/\/www.euractiv.fr\/section\/all\/news\/la-victoire-de-trump-en-caricatures\/?nl_ref=24560525<\/p>\n<p>-&#8220;Not my president&#8221;, le slogan des manifestations anti-Trump (vid\u00e9o) :  http:\/\/nr.news-republic.com\/Web\/ArticleWeb.aspx?regionid=2&#038;articleid=77203632<\/p>\n<p><strong>-Le grand sp\u00e9cialiste des Etats-Unis, l&#8217;historien Pierre M\u00e9landri \u00e9tait l&#8217;invit\u00e9 de &#8220;La Marche de l&#8217;Histoire&#8221;, pour resituer la victoire de Donald Trump dans l&#8217;\u00e9volution historique du pays (son) <\/strong> :   https:\/\/www.franceinter.fr\/emissions\/la-marche-de-l-histoire\/la-marche-de-l-histoire-10-novembre-2016<\/p>\n<p><strong>CULTURE-MEDIAS<\/strong><\/p>\n<p>-Apr\u00e8s le 13 novembre, l&#8217;envie de spectacle vivant est revenue, mais pas partout (Sophie Rahal) : http:\/\/www.telerama.fr\/scenes\/l-envie-de-spectacle-vivant-est-revenue-mais-pas-partout,149633.php#xtor=EPR-126-newsletter_tra-20161110<\/p>\n<p><strong>-Le label musical bordelais &#8220;Talitres&#8221;, &#8220;quinze ans d&#8217;ind\u00e9pendance et de flair&#8221; (Jean-Baptiste Roch; vid\u00e9os et sons)<\/strong> : http:\/\/www.telerama.fr\/musique\/le-label-talitres-quinze-ans-d-independance-et-de-flair,149893.php#xtor<\/p>\n<p><strong>-Le photographe br\u00e9silien Sebastiao Salgado \u00e9tait l&#8217;invit\u00e9 d&#8217;Augustin Trapenard (son et vid\u00e9o) <\/strong> : https:\/\/www.franceinter.fr\/emissions\/boomerang\/boomerang-10-novembre-2016<\/p>\n<p>-Les photos de la semaine (EPIC) : http:\/\/epic-stories.com\/selection-jeudi-62\/<\/p>\n<p><strong>-L\u00e9onard Cohen s&#8217;\u00e9teint \u00e0 82 ans (vid\u00e9os) :<\/strong> http:\/\/www.francetvinfo.fr\/monde\/canada\/le-musicien-et-poete-canadien-leonard-cohen-s-eteint-a-l-age-de-82-ans_1915669.html<\/p>\n<p>-Patricia Kaas sort un nouvel album. Elle \u00e9tait l&#8217;invit\u00e9e du JT de Marie-Sophie Lacarrau sur France 2 (vid\u00e9o) : http:\/\/www.francetvinfo.fr\/culture\/musique\/patricia-kaas-sort-un-nouvel-album_1914635.html<\/p>\n<p>-&#8220;M\u00e9lenchon, je lui dis bravo ! Sarkozy, une catastrophe !&#8221; (Brigitte Bardot) : http:\/\/www.nicematin.com\/people\/brigitte-bardot-dezingue-nicolas-sarkozy-et-felicite-jean-luc-melenchon-sur-leurs-positions-face-a-la-cause-animale-92427<\/p>\n<p><strong>-&#8220;De nombreux t\u00e9moins ont subi une surm\u00e9diatisation&#8221; (Caroline Langlade, rescap\u00e9e du Bataclan; entretien r\u00e9alis\u00e9 par Emmanuelle Skyvington; vid\u00e9os) <\/strong> :                                                          http:\/\/television.telerama.fr\/television\/caroline-langlade-rescapee-du-bataclan-de-nombreux-temoins-ont-subi-une-surmediatisation,149868.php#xtor<\/p>\n<p><em>-Les Fran\u00e7ais et la t\u00e9l\u00e9vision (CSA) :<\/em> https:\/\/www.csa.eu\/fr\/survey\/la-television-a-lheure-du-mieux-regarder<\/p>\n<p>-&#8220;New York, nuit\u00e9e sp\u00e9ciale sur France Culture&#8221; (Ir\u00e8ne Verlaque; son) : http:\/\/www.telerama.fr\/musique\/le-label-talitres-quinze-ans-d-independance-et-de-flair,149893.php#xtor<\/p>\n<p>-&#8220;Einstein on the beach&#8221; sur France 2, un op\u00e9ra am\u00e9ricain de cinq heures (Sonia Devillers: vid\u00e9o) :  https:\/\/www.franceinter.fr\/emissions\/l-instant-tele\/l-instant-tele-10-novembre-2016<\/p>\n<p><strong>-Le replay (vid\u00e9o pendant 6 jours) : <\/strong> http:\/\/www.france2.fr\/emission\/einstein-beach\/diffusion-du-11-11-2016-00h15<\/p>\n<p><strong>-Aux Etats-Unis, comment dans la campagne \u00e9lectorale le complotisme a pris le dessus sur l&#8217;information (Sonia Devillers recevait Tristan Mendes France, sp\u00e9cialiste des nouveaux usages num\u00e9riques; vid\u00e9o, amener le curseur sur 6:50) : <\/strong> http:\/\/www.dailymotion.com\/video\/x51fqr3_campagne-us-comment-le-complotisme-a-pris-le-pas-sur-l-info_news<\/p>\n<p>-&#8220;La nuit am\u00e9ricaine&#8221; (Guillaume Meurice; vid\u00e9o) : https:\/\/www.youtube.com\/watch?v=9I_hk_ByblM<\/p>\n<p><strong>-&#8220;Trump pr\u00e9sident, on vous l&#8217;avait bien dit&#8221; (Charline Vanhoenacker; vid\u00e9o) :<\/strong> http:\/\/www.dailymotion.com\/video\/x51f3p4_trump-president-on-vous-l-avait-bien-dit-tu-n-as-pas-voulu-le-voir-venir-le-billet-de-charline_fun<\/p>\n<p>-&#8220;Le mar\u00e9chal Ganache se f\u00e9licite de la victoire de Trump&#8221; (Daniel Morin et Albert Algoud; vid\u00e9o) : http:\/\/www.dailymotion.com\/video\/x51g201_le-marechal-et-la-victoire-de-trump-l-humeur-de-daniel-morin_fun<\/p>\n","protected":false},"excerpt":{"rendered":"<p>ACTUALITE -A Morez dans le Jura, la liquidation de l&#8217;entreprise Logo (vid\u00e9o) : http:\/\/www.francetvinfo.fr\/economie\/emploi\/economie-liquidation-de-l-entreprise-logo_1914706.html -Un an apr\u00e8s, les personnels soignants se souviennent des attentats (vid\u00e9o) : http:\/\/www.francetvinfo.fr\/faits-divers\/terrorisme\/attaques-du-13-novembre-a-paris\/victimes-des-attentats-a-paris\/un-an-apres-les-personnels-soignants-franciliens-se-souviennent-des-attentats_1914649.html -Au troisi\u00e8me trimestre 2016, l&#8217;emploi marchand continue \u00e0 progresser, port\u00e9 par l&#8217;int\u00e9rim&#8221; (document de l&#8217;INSEE \u00e0 t\u00e9l\u00e9charger) : http:\/\/www.insee.fr\/fr\/themes\/info-rapide.asp?id=18&#038;date=20161110 -Sur un an, la production manufacturi\u00e8re est stable (documents [&hellip;]<\/p>\n","protected":false},"author":1042,"featured_media":0,"comment_status":"open","ping_status":"open","sticky":false,"template":"","format":"standard","meta":{"_themeisle_gutenberg_block_has_review":false,"footnotes":""},"categories":[151],"tags":[],"class_list":["post-9995","post","type-post","status-publish","format-standard","hentry","category-la-revue-de-presse-de-lulu"],"_links":{"self":[{"href":"https:\/\/archives.regards.fr\/index.php?rest_route=\/wp\/v2\/posts\/9995","targetHints":{"allow":["GET"]}}],"collection":[{"href":"https:\/\/archives.regards.fr\/index.php?rest_route=\/wp\/v2\/posts"}],"about":[{"href":"https:\/\/archives.regards.fr\/index.php?rest_route=\/wp\/v2\/types\/post"}],"author":[{"embeddable":true,"href":"https:\/\/archives.regards.fr\/index.php?rest_route=\/wp\/v2\/users\/1042"}],"replies":[{"embeddable":true,"href":"https:\/\/archives.regards.fr\/index.php?rest_route=%2Fwp%2Fv2%2Fcomments&post=9995"}],"version-history":[{"count":0,"href":"https:\/\/archives.regards.fr\/index.php?rest_route=\/wp\/v2\/posts\/9995\/revisions"}],"wp:attachment":[{"href":"https:\/\/archives.regards.fr\/index.php?rest_route=%2Fwp%2Fv2%2Fmedia&parent=9995"}],"wp:term":[{"taxonomy":"category","embeddable":true,"href":"https:\/\/archives.regards.fr\/index.php?rest_route=%2Fwp%2Fv2%2Fcategories&post=9995"},{"taxonomy":"post_tag","embeddable":true,"href":"https:\/\/archives.regards.fr\/index.php?rest_route=%2Fwp%2Fv2%2Ftags&post=9995"}],"curies":[{"name":"wp","href":"https:\/\/api.w.org\/{rel}","templated":true}]}}