{"id":9989,"date":"2016-11-10T07:23:37","date_gmt":"2016-11-10T06:23:37","guid":{"rendered":"https:\/\/wp.muchomaas.com\/article-la-revue-du-10-novembre-2016\/"},"modified":"2023-06-23T23:23:24","modified_gmt":"2023-06-23T21:23:24","slug":"article-la-revue-du-10-novembre-2016","status":"publish","type":"post","link":"https:\/\/archives.regards.fr\/?p=9989","title":{"rendered":"La Revue du 10 novembre 2016"},"content":{"rendered":"<strong>ACTUALITE<\/strong>\n\n-A Fr\u00e9jus, la victoire de Trump salu\u00e9e (vid\u00e9o) : http:\/\/www.lemonde.fr\/economie\/article\/2016\/11\/08\/l-autorite-de-la-concurrence-inflige-une-amende-de-80-millions-d-euros-a-altice_5027209_3234.html\n\n-L&#8217;autorit\u00e9 de la concurrence inflige une amende de 80 millions d&#8217;euros \u00e0 Altice (Sandrine Cassini) : http:\/\/www.lemonde.fr\/economie\/article\/2016\/11\/08\/l-autorite-de-la-concurrence-inflige-une-amende-de-80-millions-d-euros-a-altice_5027209_3234.html\n\n<strong>-La Commission nationale des droits de l&#8217;homme pr\u00f4ne la d\u00e9p\u00e9nalisation de l&#8217;usage du cannabis en France (Fran\u00e7ois B\u00e9guin) <\/strong> : http:\/\/www.lemonde.fr\/addictions\/article\/2016\/11\/08\/la-commission-nationale-des-droits-de-l-homme-prone-la-depenalisation-de-l-usage-de-cannabis_5027608_1655173.html\n\n-Les Fran\u00e7ais mangent plus local et plus bio (vid\u00e9o) : http:\/\/www.francetvinfo.fr\/sante\/alimentation\/alimentation-les-francais-mangent-plus-local-et-plus-bio_1910931.html#xtor\n\n<strong>-Fran\u00e7ois Hollande aux Assises de l&#8217;\u00e9conomie de la mer \u00e0 La Rochelle (vid\u00e9o) : <\/strong> http:\/\/www.elysee.fr\/videos\/allocution-aux-assises-de-l-economie-de-la-mer\/\n\n-Le Conseil d&#8217;Etat autorise, sous conditions, les cr\u00e8ches de No\u00ebl dans les b\u00e2timents publics :  http:\/\/www.francetvinfo.fr\/societe\/religion\/laicite\/le-conseil-d-etat-autorise-sous-conditions-les-creches-de-noel-dans-les-batiments-publics_1912669.html#xtor\n\n-La France se pr\u00e9pare  \u00e0 expulser davantage de migrants (Maryline Baumard) : http:\/\/www.lemonde.fr\/immigration-et-diversite\/article\/2016\/11\/08\/la-france-se-prepare-a-expulser-plus-de-migrants_5027326_1654200.html\n\n-La Cour de cassation condamne l&#8217;Etat pour des contr\u00f4les au faci\u00e8s : http:\/\/www.lemonde.fr\/police-justice\/article\/2016\/11\/09\/controles-au-facies-la-cour-de-cassation-condamne-l-etat_5028213_1653578.html\n\n<strong>POLITIQUE<\/strong>\n\n<strong>-Dialogue M\u00e9lenchon-Mam\u00e8re (vid\u00e9o) <\/strong> :  https:\/\/www.youtube.com\/watch?v=X3bHtC2CKs8&#038;feature=youtu.be\n\n<strong>-&#8220;La ligne de front de la raison n&#8217;existe plus, \u00e7a veut dire que Madame Le Pen peut gagner en France&#8221; (Jean-Pierre Raffarin, s\u00e9nateur LR de la Vienne; interrog\u00e9 par Elizabeth Martichoux; vid\u00e9o)<\/strong> :  http:\/\/www.rtl.fr\/actu\/politique\/jean-pierre-raffarin-est-l-invite-de-rtl-ce-mercredi-9-novembre-7785669301\n\n-&#8220;Je ne voterai jamais pour Trump, populiste de droite&#8221; (Jean-Fran\u00e7ois Copp\u00e9, candidat \u00e0 la primaire de la droite et du centre; invit\u00e9 de &#8221; Mardi Politique&#8221;; vid\u00e9o) : http:\/\/www.rfi.fr\/video\/20161108-jean-francois-cope-candidat-primaire-2016-droite-centre\n\n-&#8220;Je porte encore plus fort ce matin ma volont\u00e9 de renouvellement total de la classe politique&#8221; (Bruno Le Maire, candidat \u00e0 la primaire de la droite et du centre; interrog\u00e9 par Guillaume Durand; vid\u00e9o) : http:\/\/www.dailymotion.com\/video\/x51ah07\n\n-&#8220;La victoire de Trump est le signe que les vieux syst\u00e8mes de politiciens professionnels ne tiennent pas la route&#8221; (l&#8217;ancien ministre  Renaud Dutreil, soutien d&#8217;Emmanuel Macron; invit\u00e9 de &#8220;Territoires d&#8217;Infos&#8221;; vid\u00e9o, amener le curseur sur 4:00) : http:\/\/www.radioclassique.fr\/player\/progaction\/initPlayer\/podcast\/pour-podcast-important-fcache-2016-11-08-18-03-40.html\n\n-&#8220;Cette violente campagne laissera des traces parce qu&#8217;une partie de la population ne se reconnait pas dans le vainqueur&#8221; (le d\u00e9put\u00e9 LR Axel Poniatowski, face \u00e0 Fr\u00e9d\u00e9ric Rivi\u00e8re; vid\u00e9o) :                         http:\/\/www.rfi.fr\/video\/20161108-axel-poniatowski-cette-violente-campagne-usa-laissera-traces\n\n-&#8220;Les peuples reprennent leur libert\u00e9. C&#8217;est une mauvaise ann\u00e9e pour l&#8217;oligarchie mondiale&#8221; (Florian Philippot, eurod\u00e9put\u00e9 FN; interrog\u00e9 par Yves Calvi; son) : http:\/\/www.rtl.fr\/actu\/international\/presidentielle-americaine-les-peuples-reprennent-leur-liberte-selon-florian-philippot-7785670109?utm_campaign\n\nEUROPE-MONDE\n\n-&#8220;Nouvelle volte-face de la France sur la politique commerciale europ\u00e9enne&#8221; (Aline Robert, Marion Candau) : http:\/\/www.euractiv.fr\/section\/innovation-entreprises\/news\/nouvelle-volte-face-de-la-france-sur-la-politique-commerciale-europeenne\/?nl_ref\n\n-&#8220;Nous devons avoir, en Europe, un d\u00e9bat sur les valeurs qui nous lient&#8221; (Le secr\u00e9taire d&#8217;Etat Harlem D\u00e9sir, invit\u00e9 de &#8220;Carrefour de l&#8217;Europe&#8221;; vid\u00e9o) : http:\/\/www.rfi.fr\/video\/20161108-harlem-desir-nous-devons-avoir-europe-debat-valeurs-nous-lient\n\n<strong>-Les Pays-Bas s&#8217;appr\u00eatent \u00e0 organiser un r\u00e9f\u00e9rendum sur le CETA et Victor Orban, en Hongrie, subit un nouveau revers (Hugues Baudoin; son) :  <\/strong> http:\/\/www.radioclassique.fr\/player\/progaction\/iniPlayer\/podcast\/2016-11-08-19-08-00.html\n\n-L&#8217;Union europ\u00e9enne t\u00e2tonne sur la liste noire des paradis fiscaux (C\u00e9cile Barbi\u00e8re) : http:\/\/www.euractiv.fr\/section\/euro-finances\/news\/lue-tatonne-sur-la-liste-noire-des-paradis-fiscaux\/?nl_ref\n\n-La Commission europ\u00e9enne adoube le march\u00e9 de capacit\u00e9 pour l&#8217;\u00e9lectricit\u00e9 fran\u00e7aise : http:\/\/www.euractiv.fr\/section\/energie\/news\/bruxelles-adoube-le-marche-de-capacite-pour-lelectricite-francaise\/?nl_ref\n\n-&#8220;Une autorit\u00e9 europ\u00e9enne pour prot\u00e9ger les lanceurs d&#8217;alerte ?&#8221; (C\u00e9cile Barbi\u00e8re) : http:\/\/www.euractiv.fr\/section\/innovation-entreprises\/news\/une-autorite-europeenne-pour-proteger-les-lanceurs-dalerte\/?nl_ref\n\n<strong>-Le nouveau projet d&#8217;Angela Merkel pour les migrants (vid\u00e9o) : <\/strong> http:\/\/www.francetvinfo.fr\/monde\/europe\/migrants\/allemagne-un-projet-choc-pour-les-migrants_1909921.html#xtor\n\n-La Norv\u00e8ge en difficult\u00e9s avec ses forages dans l&#8217;Arctique (Yolaine de la Bigne; son) : http:\/\/www.sudradio.fr\/Podcasts\/Quelle-epoque-ethique\/Forage-en-Arctique-La-Norvege-face-a-ses-contradictions\n\n<em>-Les agriculteurs europ\u00e9ens et l&#8217;Internet (document) :<\/em> http:\/\/www.euractiv.fr\/section\/agriculture-alimentation\/infographic\/farming-4-0-the-future-of-agriculture\/?nl_ref=24482193\n\n-&#8220;En accueillant le journaliste Can D\u00fcndar, la France tente de faire pression sur la Turquie&#8221; (Aline Robert) : http:\/\/www.euractiv.fr\/section\/politique\/news\/en-accueillant-can-dundar-la-france-tente-de-faire-pression-sur-la-turquie\/?nl_ref\n\n<strong>-&#8220;Stopper le basculement de la Turquie dans la dictature !&#8221; (Patrick Le Hyaric; pi\u00e8ce jointe);<\/strong>\n\n-Au Maroc, &#8220;l&#8217;eau solaire&#8221; peut faire revenir les agriculteurs (vid\u00e9o) : http:\/\/nr.news-republic.com\/Web\/ArticleWeb.aspx?regionid=2&#038;articleid=77148648\n\n<strong>-&#8220;Blanc et populaire, le d\u00e9tail du vote Trump&#8221; (Iris Deroeux; pi\u00e8ce jointe);\n<\/strong>\n\n-Qui a vot\u00e9 quoi ? : http:\/\/www.nytimes.com\/interactive\/2016\/11\/08\/us\/politics\/election-exit-polls.html?_r=0\n\n<strong>-Le programme de Donald Trump en sept th\u00e8mes cl\u00e9s (Christian Chavagneux) : <\/strong> http:\/\/www.alterecoplus.fr\/\/programme-economique-de-donald-trump-sept-themes-cles\/00012567\n\n-&#8220;Les grands axes de sa pens\u00e9e&#8221; (sons) : https:\/\/www.franceculture.fr\/politique\/quatre-grands-axes-de-la-pensee-trump#\n\n<strong>-&#8220;Crise de la soci\u00e9t\u00e9 am\u00e9ricaine, crise de la globalisation ?&#8221; (Emmanuel Todd; vid\u00e9o, amener le curseur sur 35:39. Conf\u00e9rence faite avant l&#8217;\u00e9lection de Trump bien s\u00fbr. Passionnant !) :<\/strong>                https:\/\/blogs.mediapart.fr\/xipetotec\/blog\/081116\/crise-de-la-societe-americaine-crise-de-la-globalisation\n\n<strong>-Ce que le cin\u00e9aste Michael Moore \u00e9crivait  en juillet :<\/strong>  http:\/\/www.lexpress.fr\/actualite\/monde\/amerique-nord\/trump-president-le-jour-ou-la-prophetie-de-michael-moore-s-est-realisee_1848774.html\n\n-&#8220;La classe ouvri\u00e8re vote majoritairement pour Trump&#8221; : http:\/\/www.francetvinfo.fr\/monde\/usa\/presidentielle\/donald-trump\/presidentielle-americaine-la-classe-ouvriere-vote-majoritairement-pour-trump_1912381.html\n\n-&#8220;Le vote Trump est un vote protestataire et de d\u00e9sespoir&#8221; (Jean-Claude Gruffat, banquier franco-am\u00e9ricain \u00e0 New York et militant r\u00e9publicain; vid\u00e9o) : http:\/\/www.francetvinfo.fr\/monde\/usa\/presidentielle\/presidentielle-americaine-le-vote-trump-est-un-vote-protestataire-et-de-desespoir_1912401.html\n\n-&#8220;L&#8217;\u00e9lection de Donald Trump est la confirmation de la fin du si\u00e8cle am\u00e9ricain, de l&#8217;Am\u00e9rique comme mod\u00e8le&#8221;  (l&#8217;historien Pierre Melandri et Justin Va\u00efsse, du minist\u00e8re des Affaires \u00e9trang\u00e8res; invit\u00e9s de &#8220;la Grande Table&#8221; d&#8217;Olivier Gesbert; son) :   https:\/\/www.franceculture.fr\/emissions\/la-grande-table-2eme-partie\/elections-americaines-perspectives-diplomatiques#xto\n\n<strong>-La r\u00e9action de Fran\u00e7ois Hollande (vid\u00e9o) : <\/strong> http:\/\/www.elysee.fr\/videos\/declaration-a-la-suite-de-l-election-americaine\/#content\n\n-&#8220;Beaucoup de questions se posent&#8221; (Jean-Marc Ayrault, ministre des Affaires \u00e9trang\u00e8res; face \u00e0 Caroline Roux; vid\u00e9o) : http:\/\/www.france2.fr\/emissions\/telematin\/actu\/jean-marc-ayrault_522691\n\n<strong>-&#8220;Ce qui est possible aux Etats-Unis est possible en France&#8221; (Dominique de Villepin, invit\u00e9 de la matinale de Franceinfo; vid\u00e9o) <\/strong> : http:\/\/www.dailymotion.com\/video\/x51angw_election-de-donald-trump-a-la-presidence-americaine-ce-qui-est-possible-aux-etats-unis-est-possible_news\n\n-&#8220;Que faire pour l&#8217;Europe ?&#8221; (Manuel Lafont-Rapnouil; son) : https:\/\/www.franceinter.fr\/emissions\/meridien-d-europe\/meridien-d-europe-09-novembre-2016\n\n-&#8220;En 240 ans d&#8217;histoire am\u00e9ricaine, il n&#8217;y a jamais eu un renversement aussi spectaculaire&#8221; (le g\u00e9opoliticien Dominique Mo\u00efsi; vid\u00e9o) :  http:\/\/rmc.bfmtv.com\/mediaplayer\/video\/donald-trump-president-en-240-ans-d-histoire-americaine-il-n-y-a-jamais-eu-un-renversement-aussi-spectaculaire-883473.html\n\n-&#8220;Toutes les pr\u00e9visions se sont r\u00e9v\u00e9l\u00e9es fausses&#8221; (l&#8217;\u00e9conomiste Thomas Philippon; vid\u00e9o) :  http:\/\/www.dailymotion.com\/video\/x51a6gc_usa-2016-thomas-philippon-toutes-les-previsions-politiques-se-sont-averees-fausses_news\n\n-&#8220;C&#8217;est une victoire contre l&#8217;establishment&#8221; (l&#8217;historien Pierre Melandri; vid\u00e9o) : http:\/\/rmc.bfmtv.com\/mediaplayer\/video\/presidentielle-americaine-trump-c-est-une-victoire-contre-l-establishment-883443.html\n\n-&#8220;C&#8217;est comme si on r\u00e9unissait les votes Marine Le Pen, M\u00e9lenchon et Sarkozy&#8221; (Alba Ventura; vid\u00e9o) : http:\/\/www.rtl.fr\/actu\/politique\/victoire-de-trump-presidentielle-americaine-c-est-comme-si-on-reunissait-le-vote-marine-le-pen-le-vote-melenchon-et-vote-sarkozy-7785668891\n\n-&#8220;En moyenne des sondages, il n&#8217;a jamais \u00e9t\u00e9 devant&#8221; (Fran\u00e7ois Durpaire; vid\u00e9o) : http:\/\/rmc.bfmtv.com\/mediaplayer\/video\/francois-durpaire-donald-trump-n-a-jamais-ete-donne-gagnant-par-les-sondages-883435.html\n\n-&#8220;On a tellement peu de vision sur ce que va faire Trump en mati\u00e8re de politique \u00e9trang\u00e8re, c&#8217;est angoissant&#8221; (Eric Chol et Laurence Nardon, avec Bruno Le Maire; vid\u00e9o) : http:\/\/www.dailymotion.com\/video\/x51ajca_on-a-tellement-peu-de-vision-sur-ce-que-va-faire-trump-en-matiere-de-politique-etrangere-c-est-ango_news\n\n-Le point de vue de Jacques Pothier, membre du conseil scientifique de l&#8217;Institut des Am\u00e9riques; interrog\u00e9 par Dimitri Pavlenko; sons) :                                                                                                       http:\/\/www.sudradio.fr\/Podcasts\/L-invite-pour-comprendre\/Jacques-Pothier-Membre-du-conseil-scientifique-de-l-Institut-des-Amer\n\n-Celui d&#8217;Henri Land\u00e8s, ma\u00eetre de conf\u00e9rence \u00e0 Science Po (son) : http:\/\/www.sudradio.fr\/Podcasts\/L-invite-pour-comprendre\/Henri-Landes-maitre-de-conference-a-Sciences-Po-Paris\n\n<strong>-Quelques citations du nouveau Pr\u00e9sident des Etats-Unis, du temps o\u00f9 il n&#8217;\u00e9tait que candidat  (vid\u00e9os) : <\/strong> http:\/\/www.telerama.fr\/monde\/ces-citations-de-donald-trump-qui-font-encore-plus-froid-dans-le-dos-maintenant-qu-il-est-elu,149874.php#xtor=EPR\n\n-&#8220;Il faudra remonter avant Trump et bien avant Obama pour comprendre ce qui est parti en vrille&#8221; (Marc Dondey, directeur de la &#8220;Ga\u00eet\u00e9 Lyrique&#8221; :                                                                                 http:\/\/www.telerama.fr\/monde\/presidentielle-americaine-i-m-not-saying-hillary-is-a-bitch,149859.php#xto\n\n-&#8220;Il va s&#8217;unir avec Poutine et Erdogan. Il ne nous fera pas de cadeau. Si nous, on prend toujours les m\u00eames, on fait le lit des Trump europ\u00e9ens. Il faut que l&#8217;Europe se r\u00e9veille, sinon on va le payer cher&#8221; (Daniel Cohn-Bendit; son) : http:\/\/www.europe1.fr\/emissions\/l-humeur\/donald-trump-ne-nous-fera-pas-de-cadeau-2895224\n\n-&#8220;Les relations avec l&#8217;Europe et la France seront muscl\u00e9es&#8221; (Me Jean-Claude Beaujour, expert international; Stevan Honigman, ami des Clinton et Didier Guillaume, pr\u00e9sident du groupe socialiste du S\u00e9nat qui &#8220;sentait les choses&#8221; (\u00e9tonnant de quelqu&#8217;un qui ne semble pas bien les sentir en France); interrog\u00e9s par Jean-Pierre Elkabbach; vid\u00e9o) : http:\/\/www.europe1.fr\/emissions\/l-interview-politique\/les-relations-avec-la-france-et-leurope-seront-musclees-2895218\n\n-&#8220;Il \u00e9tait seul contre tous&#8221; (Rosine Ghawji, du Parti r\u00e9publicain; interrog\u00e9e par Patrick Cohen; son) : https:\/\/www.franceinter.fr\/emissions\/l-invite-du-5-7\/l-invite-du-5-7-09-novembre-2016\n\n-&#8220;Au d\u00e9part, c&#8217;\u00e9tait plut\u00f4t une blague cette campagne de Donald Trump&#8221; (Domna Stanton, du parti d\u00e9mocrate; interrog\u00e9e par L\u00e9a Salam\u00e9; vid\u00e9o) :                                                                            http:\/\/www.dailymotion.com\/video\/x51ace7_domna-stanton-au-depart-c-etait-plutot-une-blague-cette-campagne-de-donald-trump_news\n\n-&#8220;Une d\u00e9faite cuisante pour Hillary Clinton&#8221; (Chez Ruth Elkrief; vid\u00e9o) : http:\/\/www.bfmtv.com\/mediaplayer\/video\/donald-trump-president-des-etats-unis-defaite-cuisante-pour-hillary-clinton-883787.html\n\n<strong>-&#8220;Elle nous abandonne face \u00e0 Donald Trump&#8221; (Claude Askolovitch) : <\/strong> http:\/\/www.slate.fr\/story\/128240\/hillary-clinton-nous-abandonne-face-donald-trump\n\n-&#8220;Coup de tonnerre sur Washington&#8221; (Bernard Guetta; son) :  https:\/\/www.franceinter.fr\/emissions\/geopolitique\/geopolitique-09-novembre-2016\n\n-&#8220;Quels sont les facteurs \u00e0 l&#8217;origine de cette victoire ?&#8221; (en d\u00e9bat chez Ruth Elkrief; vid\u00e9o) : http:\/\/www.bfmtv.com\/mediaplayer\/video\/donald-trump-president-des-etats-unis-quels-sont-les-facteurs-a-l-origine-de-cette-victoire-883791.html\n\n-Les r\u00e9actions politiques : http:\/\/www.francetvinfo.fr\/monde\/usa\/presidentielle\/donald-trump\/en-images-les-reactions-des-politiques-francais-a-l-election-de-donald-trump_1912633.html\n\n-Hollande, Sarkozy, Jupp\u00e9, Macron (vid\u00e9o) : http:\/\/www.francetvinfo.fr\/monde\/usa\/presidentielle\/donald-trump\/presidentielle-americaine-les-politiques-francais-reagissent_1913149.html\n\n-Celle du PCF : http:\/\/www.pcf.fr\/93570\n\n-&#8220;Une inqui\u00e9tante col\u00e8re&#8221; (Patrick Le Hyaric) : https:\/\/patrick-le-hyaric.fr\/une-inquietante-colere\/\n\n-D&#8217;autres r\u00e9actions dont celle de Jean-Luc M\u00e9lenchon : http:\/\/www.directmatin.fr\/politique\/2016-11-09\/election-de-donald-trump-les-reactions-des-politiques-francais-742211\n\n-Beno\u00eet Hamon et Jean-Luc M\u00e9lenchon sur la m\u00eame longueur d&#8217;onde (Charles Knappek) : http:\/\/www.non-stop-politique.fr\/actu\/deja-vu\/election-americaine-jean-luc-melenchon-benoit-hamon-tressent-lauriers-a-bernie-sanders\n\n-Celle de Danielle Simonnet, coordinatrice du Parti de gauche :  http:\/\/lelab.europe1.fr\/pour-danielle-simonnet-la-victoire-de-trump-prouve-que-jean-luc-melenchon-peut-battre-marine-le-pen-2895191\n\n-Celle de Corinne Narrasiguin, porte-parole du PS : http:\/\/www.huffingtonpost.fr\/corinne-narassiguin\/trump-president-resultats-election-presidentielle\/\n\n-&#8220;Marine Le Pen esp\u00e8re imiter Trump en 2017&#8221; (vid\u00e9o) : http:\/\/nr.news-republic.com\/Web\/ArticleWeb.aspx?regionid=2&#038;articleid=77153671\n\n-&#8220;Les \u00e9lites sont d\u00e9connect\u00e9es&#8221; (Elle \u00e9tait l&#8217;invit\u00e9e du JT de France 2; vid\u00e9o) :     http:\/\/www.francetvinfo.fr\/monde\/usa\/presidentielle\/donald-trump\/presidentielle-americaine-les-elites-sont-deconnectees-selon-marine-le-pen_1913163.html\n\n<strong>-Des r\u00e9actions dans le monde (vid\u00e9o) : <\/strong> http:\/\/www.francetvinfo.fr\/monde\/usa\/presidentielle\/donald-trump\/election-de-donald-trump-les-reactions-dans-le-monde_1912755.html\n\n-Celle d&#8217;Angela Merkel (vid\u00e9o) : http:\/\/nr.news-republic.com\/Web\/ArticleWeb.aspx?regionid=2&#038;articleid=77137441\n\n-&#8220;C&#8217;est un moment difficile pour les relations UE-USA&#8221; (Martin Schulz, pr\u00e9sident du Parlement europ\u00e9en; vid\u00e9o) :  http:\/\/nr.news-republic.com\/Web\/ArticleWeb.aspx?regionid=2&#038;articleid=77148495\n\n-De Vladimir Poutine (vid\u00e9o) : http:\/\/www.francetvinfo.fr\/monde\/usa\/presidentielle\/donald-trump\/presidentielle-americaine-quelles-relations-entre-donald-trump-et-vladimir-poutine_1913155.html\n\n-De la Chine (vid\u00e9o) : http:\/\/nr.news-republic.com\/Web\/ArticleWeb.aspx?regionid=2&#038;articleid=77145910\n\n-&#8220;Les craintes d&#8217;un tsunami populiste en Europe&#8221; (vid\u00e9o) : http:\/\/nr.news-republic.com\/Web\/ArticleWeb.aspx?regionid=2&#038;articleid=77161276\n\n-&#8220;Les cons\u00e9quences possibles pour les rapports de forces politiques en France&#8221; (Thomas Legrand; son) :   https:\/\/www.franceinter.fr\/emissions\/l-edito-politique\/l-edito-politique-09-novembre-2016\n\n<strong>-&#8220;Un \u00e9chec de la mondialisation financiaris\u00e9e&#8221; (Romaric Godin) : <\/strong> http:\/\/www.latribune.fr\/economie\/international\/victoire-de-trump-un-echec-de-la-mondialisation-financiarisee-614948.html#xtor\n\n<strong>-&#8220;L&#8217;Am\u00e9rique qui vient s&#8217;est abstenue&#8221; (Christophe Deroubaix, correspondant de &#8220;l&#8217;Humanit\u00e9&#8221; aux Etats-Unis; vid\u00e9o) : <\/strong>                                                               \n<iframe loading=\"lazy\" title=\"Christophe Deroubaix : \u00ab &quot;L&amp;apos;Am\u00e9rique qui vient &quot; s&amp;apos;est abstenue \u00bb\" width=\"500\" height=\"281\" src=\"https:\/\/www.youtube.com\/embed\/INAZvC8KK3U?feature=oembed\" frameborder=\"0\" allow=\"accelerometer; autoplay; clipboard-write; encrypted-media; gyroscope; picture-in-picture; web-share\" referrerpolicy=\"strict-origin-when-cross-origin\" allowfullscreen><\/iframe>\n\n-&#8220;C&#8217;est le d\u00e9nouement d&#8217;une grande guerre culturelle&#8221; (le romancier Douglas Kennedy, invit\u00e9 de la matinale de France Inter depuis New York; vid\u00e9o) :                                                                      http:\/\/www.dailymotion.com\/video\/x51adhb_usa-2016-douglas-kennedy-c-est-le-denouement-d-une-grande-guerre-culturelle_news-\n\n<strong>-&#8220;Une fois de plus, ils n&#8217;ont rien vu venir&#8221; (Sylvain Besson) <\/strong> : https:\/\/www.letemps.ch\/monde\/2016\/11\/09\/une-plus-bullocrates-nont-rien-venir?utm_source\n\n<strong>CULTURE-MEDIAS<\/strong>\n\n<strong>-&#8220;Nucl\u00e9aire, m\u00eame l&#8217;avenir n&#8217;est plus ce qu&#8217;il \u00e9tait&#8221; (Benjamin Dessus, ing\u00e9nieur et \u00e9conomiste, fondateur de l&#8217;association &#8220;Global Chance&#8221;) :<\/strong> http:\/\/www.alterecoplus.fr\/benjamin-dessus\/nucleaire-meme-lavenir-nest-plus-quil-etait\/00012509\n\n-&#8220;J&#8217;en ai vu passer des r\u00e9forme de l&#8217;\u00e9ducation, mais un truc pareil, alors l\u00e0, jamais !&#8221; (Lucie Martin) : http:\/\/www.telerama.fr\/monde\/j-en-ai-vu-passer-des-reformes-de-l-education-mais-un-truc-pareil-alors-la-jamais,149703.php#xtor\n\n-Jusqu&#8217;au 18 mars 2017 au Th\u00e9\u00e2tre de la Bastille \u00e0 Paris, la troupe belge &#8220;Raoul Collectif&#8221;, compl\u00e8tement &#8220;d\u00e9glingo&#8221; (Fabienne Pascaud) : http:http:\/\/www.telerama.fr\/sortir\/raoul-collectif-une-troupe-belge-completement-deglingo,149845.php#xtor\n\n-Depuis les attentats, les petits mus\u00e9es attirent plus que les grands (Raoul Mbog) : http:\/\/www.telerama.fr\/scenes\/depuis-les-attentats-les-petits-musees-attirent-plus-que-les-grands,149648.php#xtor\n\n-A Hollywood, des r\u00e9actions \u00e0 l&#8217;\u00e9lection de Trump (Caroline Besse) : http:\/\/www.telerama.fr\/cinema\/trump-vainqueur-de-l-election-americaine-premieres-reactions-a-hollywood,149870.php#xtor\n\n-&#8220;President Trump WE LOVE YOU !&#8221; (Clint Eastwood, cit\u00e9 par Antoine Duplan) : https:\/\/www.letemps.ch\/culture\/2016\/11\/09\/clint-eastwood-tire-droite?utm_source\n\n-&#8220;Maman a tort&#8221; de Marc Fitoussi (vid\u00e9o) : http:\/\/www.telerama.fr\/cinema\/le-film-de-la-semaine-marc-fitoussi-et-jeanne-jestin-nous-parlent-de-maman-a-tort,149831.php#xtor\n\n<strong>-Le r\u00e9alisateur allemand Wim Wenders s&#8217;entretient avec Olivia Gesbert (son) :  <\/strong> https:\/\/www.franceculture.fr\/emissions\/la-grande-table-1ere-partie\/entretien-avec-wim-wenders\n\n-Retrouver Ringo Starr avec Fran\u00e7ois Gorin (vid\u00e9o) : http:\/\/www.telerama.fr\/musique\/ringo-starr-un-peu-aide-par-ses-amis,149829.php#xtor\n\n-&#8220;Radio Live&#8221; redonne la voix \u00e0 la nouvelle g\u00e9n\u00e9ration (Ir\u00e8ne Verlaque) : http:\/\/www.telerama.fr\/radio\/radio-live-redonne-la-voix-a-la-nouvelle-generation,149732.php#xtor\n\n<strong>-&#8220;Le minist\u00e8re de l&#8217;Int\u00e9rieur nous a ferm\u00e9 ses portes pour ce documentaire&#8221; (Fr\u00e9d\u00e9ric Boisset, le r\u00e9dacteur en chef et Caroline Benaroch, la r\u00e9alisatrice de &#8220;Cellule de crise&#8221;; interrog\u00e9s par Thomas Joubert; vid\u00e9o) <\/strong> : http:\/\/www.europe1.fr\/emissions\/l-invite-medias\/cellule-de-crise-le-ministere-de-linterieur-nous-a-ferme-ses-portes-pour-ce-documentaire-2894159\n\n<strong>-Le documentaire, pr\u00e9sent\u00e9 par David Pujadas  (vid\u00e9o)<\/strong> : http:\/\/www.france2.fr\/emission\/cellule-de-crise\/diffusion-du-08-11-2016-20h55\n\n-L&#8217;animateur Christophe Dechavanne relance la tourn\u00e9e &#8220;Age tendre&#8221; (son) : http:\/\/www.sudradio.fr\/Podcasts\/L-invite-pour-comprendre\/Christophe-Dechavanne-animateur-producteur\n\n-La une du &#8220;Canard encha\u00een\u00e9&#8221; : http:\/\/www.lecanardenchaine.fr\/la-une-du-9-novembre-2016\/\n\n-&#8220;La Nouvelle Star&#8221; avec Pierre Perret (vid\u00e9o) : http:\/\/www.dailymotion.com\/video\/x5171vl_la-nouvelle-star-avec-pierre-perret-si-tu-ecoutes-le-sketch_fun\n\n<strong>-&#8220;Parlons d\u00e9mocratie&#8221; (Guillaume Meurice; vid\u00e9o) <\/strong> : http:\/\/www.dailymotion.com\/video\/x51703n_parlons-democratie-le-moment-meurice_fun\n\n-&#8220;C&#8217;est nous la prochaine fois !&#8221; (Daniel Morin; vid\u00e9o) : https:\/\/www.franceinter.fr\/emissions\/daniel-morin-l-humeur-originale\/daniel-morin-l-humeur-originale-09-novembre-2016\n\n<strong>-&#8220;On pensait se r\u00e9veiller avec la premi\u00e8re femme pr\u00e9sidente des USA&#8221; (Charline Vanhoenacker; vid\u00e9o) <\/strong> : https:\/\/www.franceinter.fr\/emissions\/le-billet-de-charline-vanhoenacker\/le-billet-de-charline-vanhoenacker-09-novembre-2016\n\n<strong>-&#8220;On a tous en nous quelque chose de Donald Trump&#8221; (Nicole Ferroni; vid\u00e9o) : <\/strong> https:\/\/www.franceinter.fr\/emissions\/le-billet-de-nicole-ferroni\/le-billet-de-nicole-ferroni-09-novembre-2016\n\n-&#8220;Les frites r\u00e9publicaines de Nicolas Sarkozy (vid\u00e9o) : http:\/\/www.dailymotion.com\/video\/x516xyy_la-frite-republicaine-de-sarkozy-le-journal-de-17h17_fun\n<h2 class=\"wp-block-heading\">Documents joints<\/h2>\n\n\n\n<div class=\"wp-block-file\"><a href=\"https:\/\/wp.muchomaas.com\/wp-content\/uploads\/2016\/11\/edito-26-b83.pdf\">edito-26.pdf<\/a><\/div>\n\n\n\n<div class=\"wp-block-file\"><a href=\"https:\/\/wp.muchomaas.com\/wp-content\/uploads\/2016\/11\/blanc_et_populaire-bbc.pdf\">blanc_et_populaire.pdf<\/a><\/div>\n\n\n","protected":false},"excerpt":{"rendered":"<p>ACTUALITE -A Fr\u00e9jus, la victoire de Trump salu\u00e9e (vid\u00e9o) : http:\/\/www.lemonde.fr\/economie\/article\/2016\/11\/08\/l-autorite-de-la-concurrence-inflige-une-amende-de-80-millions-d-euros-a-altice_5027209_3234.html -L&#8217;autorit\u00e9 de la concurrence inflige une amende de 80 millions d&#8217;euros \u00e0 Altice (Sandrine Cassini) : http:\/\/www.lemonde.fr\/economie\/article\/2016\/11\/08\/l-autorite-de-la-concurrence-inflige-une-amende-de-80-millions-d-euros-a-altice_5027209_3234.html -La Commission nationale des droits de l&#8217;homme pr\u00f4ne la d\u00e9p\u00e9nalisation de l&#8217;usage du cannabis en France (Fran\u00e7ois B\u00e9guin) : http:\/\/www.lemonde.fr\/addictions\/article\/2016\/11\/08\/la-commission-nationale-des-droits-de-l-homme-prone-la-depenalisation-de-l-usage-de-cannabis_5027608_1655173.html -Les Fran\u00e7ais mangent plus local et plus [&hellip;]<\/p>\n","protected":false},"author":1042,"featured_media":0,"comment_status":"open","ping_status":"open","sticky":false,"template":"","format":"standard","meta":{"_themeisle_gutenberg_block_has_review":false,"footnotes":""},"categories":[151],"tags":[],"class_list":["post-9989","post","type-post","status-publish","format-standard","hentry","category-la-revue-de-presse-de-lulu"],"_links":{"self":[{"href":"https:\/\/archives.regards.fr\/index.php?rest_route=\/wp\/v2\/posts\/9989","targetHints":{"allow":["GET"]}}],"collection":[{"href":"https:\/\/archives.regards.fr\/index.php?rest_route=\/wp\/v2\/posts"}],"about":[{"href":"https:\/\/archives.regards.fr\/index.php?rest_route=\/wp\/v2\/types\/post"}],"author":[{"embeddable":true,"href":"https:\/\/archives.regards.fr\/index.php?rest_route=\/wp\/v2\/users\/1042"}],"replies":[{"embeddable":true,"href":"https:\/\/archives.regards.fr\/index.php?rest_route=%2Fwp%2Fv2%2Fcomments&post=9989"}],"version-history":[{"count":0,"href":"https:\/\/archives.regards.fr\/index.php?rest_route=\/wp\/v2\/posts\/9989\/revisions"}],"wp:attachment":[{"href":"https:\/\/archives.regards.fr\/index.php?rest_route=%2Fwp%2Fv2%2Fmedia&parent=9989"}],"wp:term":[{"taxonomy":"category","embeddable":true,"href":"https:\/\/archives.regards.fr\/index.php?rest_route=%2Fwp%2Fv2%2Fcategories&post=9989"},{"taxonomy":"post_tag","embeddable":true,"href":"https:\/\/archives.regards.fr\/index.php?rest_route=%2Fwp%2Fv2%2Ftags&post=9989"}],"curies":[{"name":"wp","href":"https:\/\/api.w.org\/{rel}","templated":true}]}}