{"id":9986,"date":"2016-11-09T10:42:12","date_gmt":"2016-11-09T09:42:12","guid":{"rendered":"https:\/\/wp.muchomaas.com\/article-la-revue-du-9-octobre-2016\/"},"modified":"2016-11-09T10:42:12","modified_gmt":"2016-11-09T09:42:12","slug":"article-la-revue-du-9-octobre-2016","status":"publish","type":"post","link":"https:\/\/archives.regards.fr\/?p=9986","title":{"rendered":"La Revue du 9 novembre 2016"},"content":{"rendered":"<p><strong>ACTUALITES<\/strong><\/p>\n<p><strong>-&#8220;Un locataire sur 5 de HLM a du mal \u00e0 payer son loyer&#8221; (Marianne Louis de l&#8217;Union sociale pour l&#8217;habitat; vid\u00e9o) <\/strong> : http:\/\/rmc.bfmtv.com\/mediaplayer\/video\/un-locataire-hlm-sur-cinq-a-des-difficultes-a-payer-son-loyer-883061.html<\/p>\n<p>-Les personnels de sant\u00e9 ont manifest\u00e9 un peu partout en France (vid\u00e9os) :  http:\/\/france3-regions.francetvinfo.fr\/paris-ile-de-france\/paris\/montparnasse-au-ministere-personnel-sante-manifeste-contre-conditions-travail-degradees-1125437.html#xtor<\/p>\n<p><strong>-Portrait d&#8217;une infirmi\u00e8re en col\u00e8re (vid\u00e9o) <\/strong> : http:\/\/www.francetvinfo.fr\/france\/sante-portrait-d-une-infirmiere-en-colere_1911587.html<\/p>\n<p>-Le ras le bol des infirmi\u00e8res lib\u00e9rales (vid\u00e9o) : http:\/\/www.francetvinfo.fr\/france\/sante-le-ras-le-bol-des-infirmieres-liberales_1911589.html<\/p>\n<p>-&#8220;Il faut plus de moyens pour l&#8217;h\u00f4pital public&#8221; (Fran\u00e7ois B\u00e9chieau et Agn\u00e8s Guignard, candidats du mdP aux \u00e9lections l\u00e9gislatives dans la 16e circonscription de Paris) : http:\/\/www.md-progressistes.fr\/il-faut-plus-de-moyens-pour-lhopital-public\/<\/p>\n<p>-&#8220;Marks et Spencer ferme sept magasins. Plus de 500 emplois concern\u00e9s&#8221; : http:\/\/www.francetvinfo.fr\/economie\/emploi\/la-chaine-britannique-marks-and-spencer-annonce-la-fermeture-de-sept-magasins-en-france-500-emplois-sont-menaces_1910637.html#xtor<\/p>\n<p><strong>-&#8220;Il est scandaleux de pointer les fonctionnaires comme les responsables de la situation actuelle&#8221; (Laurent Berger, secr\u00e9taire de la CFDT; interrog\u00e9 par Anne-Sophie Lechevallier) :  <\/strong>                       http:\/\/www.parismatch.com\/Actu\/Economie\/Syndicalisme-et-FN-Laurent-Berger-tres-remonte-contre-Hollande-1107899<\/p>\n<p>-Les arr\u00eats de r\u00e9acteurs vont co\u00fbter un milliard d&#8217;euros \u00e0 EDF en 2016 (vid\u00e9o) : http:\/\/videos.lesechos.fr\/lesechos\/sujet-actus\/nucleaire-les-arrets-de-reacteur-vont-couter-1-milliard-deuros-a-edf-en-2016\/ufuzzp<\/p>\n<p><strong>-&#8220;On a une industrie nucl\u00e9aire qui se d\u00e9lite. Elle est tr\u00e8s mal en point. On est en train de d\u00e9manteler tout notre syst\u00e8me \u00e9nerg\u00e9tique. Si l&#8217;hiver est rude , il y a des risques de coupures. C&#8217;est indigne d&#8217;un pays comme le n\u00f4tre. On marche sur la t\u00eate&#8221; (Marie-Claire Cailletaud, porte-parole de la F\u00e9d\u00e9ration CGT de l&#8217;Energie; son) :<\/strong> http:\/\/www.rtl.fr\/actu\/societe-faits-divers\/l-invite-de-rtl-midi-du-08-novembre-2016-7785651774<\/p>\n<p>-Le directeur de l&#8217;exploitation du r\u00e9seau a confirm\u00e9 les possibles coupures cet hiver (Rapha\u00ebl Ebenstein) : http:\/\/www.francetvinfo.fr\/meteo\/rte-confirme-de-possibles-coupures-d-electricite-cet-hiver_1911093.html<\/p>\n<p><strong>-Pour Notre-Dame-des Landes, &#8220;il ne faut pas opposer les notions de r\u00e9f\u00e9rendum et de droit&#8221; (Bernard Chevassus-au-Louis, pr\u00e9sident &#8220;d&#8217;Humanit\u00e9 et Biodiversit\u00e9&#8221;; vid\u00e9o, amener le curseur sur 6:48) :<\/strong> http:\/\/replay.publicsenat.fr\/vod\/senat-360\/senat-360\/delphine-girard,nicole-bricq,philippe-dominati,denis-baranger,dominique-estrosi-sassone,olivier-rouq\/218485<\/p>\n<p><strong>-Selon le chercheur Luc Brohan, &#8220;le sol (en zone humide) ne pourrait pas supporter les pistes de l&#8217;a\u00e9roport&#8221; (R\u00e9mi Barroux) :<\/strong> http:\/\/www.lemonde.fr\/planete\/article\/2016\/11\/08\/a-notre-dame-des-landes-le-sol-ne-pourrait-pas-supporter-les-pistes-de-l-aeroport_5027319_3244.html#xtor<\/p>\n<p>-&#8220;Vers un coup d&#8217;arr\u00eat&#8221; (Lilian Alemagna) : http:\/\/www.liberation.fr\/france\/2016\/11\/07\/vers-un-coup-d-arret-pour-notre-dame-des-landes_1526845?xtor=<br \/>\n-L&#8217;impact de la conduite des parents sur le comportement des enfants au volant (IPSOS) : http:\/\/www.ipsos.fr\/decrypter-societe\/2016-11-07-dis-moi-comment-conduisent-tes-parents-je-te-dirai-quel-conducteur-tu-es<\/p>\n<p>-&#8220;La la\u00efcit\u00e9 en entreprise prot\u00e8ge les mod\u00e9r\u00e9s&#8221; (Jean-Luc Petithuguenin, PDG de Paprec, leader fran\u00e7ais du recyclage; interrog\u00e9 par Elizabeth Martichoux; vid\u00e9os) : http:\/\/www.rtl.fr\/actu\/societe-faits-divers\/la-laicite-en-entreprise-protege-les-moderes-explique-le-pdg-de-paprec-7785645756<\/p>\n<p><strong>-&#8220;Danielle M\u00e9rian, une femme qui marche la t\u00eate haute&#8221; (Christine Ferniot; vid\u00e9os) : <\/strong> http:\/\/www.telerama.fr\/livre\/la-vie-bien-engagee-de-danielle-merian-voix-symbole-de-l-apres-bataclan,149635.php#xtor<\/p>\n<p>-&#8220;Je ne me voyais pas quitter les lieux tant que ce n&#8217;\u00e9tait pas fini&#8221; (Didi, responsable de la s\u00e9curit\u00e9 du Bataclan; cit\u00e9 par Emmanuelle Skavington) : http:\/\/www.telerama.fr\/monde\/didi-responsable-de-la-securite-du-bataclan-je-ne-me-voyais-pas-quitter-les-lieux-tant-que-ce-n-etait-pas-fini,149657.php#xtor<\/p>\n<p>-&#8220;Un an apr\u00e8s, aller au concert ne va plus de soi&#8221; (Erwan Perron et Jean-Baptiste Roch) : http:\/\/www.telerama.fr\/musique\/un-an-apres-le-bataclan-aller-au-concert-ne-va-plus-de-soi,149651.php#xtor<\/p>\n<p><strong>-&#8220;Quelle sera la m\u00e9moire du 13 novembre ?&#8221; (l&#8217;historien Denis Peschanski et le neuropsychologue Francis Eustache; entretien r\u00e9alis\u00e9 par Laure Cailloce; vid\u00e9o) :<\/strong> https:\/\/lejournal.cnrs.fr\/articles\/quelle-sera-la-memoire-du-13-novembre<\/p>\n<p><strong>-&#8220;Le 13 novembre, vivre avec&#8221; (un documentaire d&#8217;Eric Gu\u00e9ret; vid\u00e9o) : <\/strong> http:\/\/www.france2.fr\/emissions\/infrarouge\/videos\/replay_-_le_13_novembre_vivre_avec_08-11-2016_1346815<\/p>\n<p><strong>-&#8220;Le m\u00e9ga fichier offre des ouvertures attentatoires aux libert\u00e9s priv\u00e9es&#8221; (Marc Rees, r\u00e9dacteur en chef de &#8220;Next Impact&#8221;, interrog\u00e9 par Dimitri Pavlenko; son) : <\/strong> http:\/\/www.sudradio.fr\/Podcasts\/L-invite-pour-comprendre\/Marc-Rees-redacteur-en-chef-de-Next-Inpact<\/p>\n<p>-&#8220;Non au fichier de police qui va ins\u00e9curiser 60 millions de Fran\u00e7ais&#8221; (le PCF) : http:\/\/www.pcf.fr\/93469<\/p>\n<p><em>-Les pr\u00e9occupations de la vie quotidienne des Fran\u00e7ais (BVA)<\/em> : http:\/\/www.bva.fr\/fr\/sondages\/les_preoccupations_de_la_vie_quotidienne_des_francais.html<\/p>\n<p><strong>POLITIQUE<\/strong><\/p>\n<p>-Trois maires des Hauts-de-Seine soutiennent Jean-Luc M\u00e9lenchon :                                                                                                                                                                                               http:\/\/www.leparisien.fr\/hauts-de-seine-92\/trois-maires-des-hauts-de-seine-derriere-jean-luc-melenchon-08-11-2016-6304170.php#xtor=AD-1481423551<\/p>\n<p>-&#8220;Pour M\u00e9lenchon, le non du PCF ne change rien&#8221; (Lilian Alemagna) : http:\/\/www.liberation.fr\/france\/2016\/11\/07\/pour-melenchon-le-non-du-pcf-ne-change-rien_1526723<\/p>\n<p>-Christian Paul, d\u00e9put\u00e9 de la Ni\u00e8vre, propose &#8220;de sortir du PS&#8230;sans partir&#8221; (Lilian Alemagna; ce qui ressemble \u00e0 du surplace !) : http:\/\/www.liberation.fr\/france\/2016\/11\/08\/christian-paul-propose-de-sortir-du-ps-sans-partir_1526954<\/p>\n<p>-&#8220;Fran\u00e7ois Hollande est le seul \u00e0 pouvoir rassembler la gauche&#8221; (Fran\u00e7ois Rebsamen, ancien ministre du Travail; invit\u00e9 de Franceinfo; vid\u00e9o) :                                                                                        http:\/\/www.dailymotion.com\/video\/x515wvi_pour-francois-rebsamen-francois-hollande-est-le-seul-capable-de-rassembler-la-gauche_news<\/p>\n<p>-&#8220;Il y a une fracture assez nette au sein de la hollandie&#8221; (Alba Ventura; vid\u00e9o) : http:\/\/www.rtl.fr\/actu\/politique\/il-y-a-une-fracture-assez-nette-au-sein-de-la-hollandie-decrypte-alba-ventura-7785645485<\/p>\n<p>-Yannick Jadot, candidat \u00e9cologiste \u00e0 l&#8217;\u00e9lection pr\u00e9sidentielle, ne participera pas \u00e0 la primaire de la gauche. &#8220;Cette candidature sert \u00e0 pr\u00e9parer les victoires de demain&#8221; (Il \u00e9tait interrog\u00e9 par L\u00e9a Salam\u00e9;  vid\u00e9o) : http:\/\/www.dailymotion.com\/video\/x515fvd_yannick-jadot-cette-candidature-sert-a-preparer-les-victoires-de-demain_news<\/p>\n<p>-&#8220;Il ne va pas gagner&#8230;et c&#8217;est son principal atout&#8221; (Thomas Legrand; son) : https:\/\/www.franceinter.fr\/emissions\/l-edito-politique\/l-edito-politique-08-novembre-2016<\/p>\n<p>-Apr\u00e8s &#8220;la droite avec Macron&#8221;, voici &#8220;la gauche avec Macron&#8221; (Nathalie Raulin) :  http:\/\/www.liberation.fr\/france\/2016\/11\/07\/apres-la-droite-avec-macron-voici-la-gauche-avec-macron_1526858<\/p>\n<p>-&#8220;Je ne gouverne pas avec des girouettes&#8221; (Nicolas Sarkozy, invit\u00e9 de &#8220;Territoires d&#8217;Infos&#8221;; vid\u00e9o, amener le curseur sur 33:22) :                                                                                                      http:\/\/www.sudradio.fr\/Politique\/L-interview-politique\/Nicolas-Sarkozy-sur-Bayrou-Je-ne-gouverne-pas-avec-des-girouettes<\/p>\n<p>-&#8220;Je soutiens la demande de destitution de Fran\u00e7ois Hollande. Il appartient au Parlement d&#8217;en d\u00e9cider&#8221; (G\u00e9rald Darmanin, directeur de campagne de Nicolas Sarkozy; interrog\u00e9 par Ruth Elkrief; vid\u00e9o) : http:\/\/www.bfmtv.com\/mediaplayer\/video\/gerald-darmanin-face-a-ruth-elkrief-883379.html<\/p>\n<p>-&#8220;Si un enfant ne veut pas de jambon \u00e0 la cantine, qu&#8217;il prenne une double  ration de frites&#8221; (l&#8217;ancien pr\u00e9sident de la R\u00e9publique; vid\u00e9o) : http:\/\/www.francetvinfo.fr\/politique\/les-republicains\/primaire-de-la-droite\/video-si-un-enfant-ne-veut-pas-de-jambon-qu-il-prenne-une-double-ration-de-frites-lance-nicolas-sarkozy_1910605.html#xtor<\/p>\n<p><strong>-&#8220;Hillary Clinton, ce serait mon choix si j&#8217;\u00e9tais am\u00e9ricaine. J&#8217;ai fait le choix d&#8217;Alain Jupp\u00e9 qui a une autorit\u00e9 sereine, un bon programme et une bonne m\u00e9thode. Il fera tout dans les trois premiers mois du quinquennat par ordonnances. Si on attend, on va s&#8217;engluer dans des conflits. On a besoin du m\u00e9ga fichier. Anne Hidalgo a clairement raison d&#8217;avoir chang\u00e9 d&#8217;avis sur le travail du dimanche. Il faut absolument faire &#8220;le Charles de Gaulle-Express&#8221; (Val\u00e9rie P\u00e9cresse, pr\u00e9sidente LR de la r\u00e9gion Ile-de-France; interrog\u00e9e par Guillaume Durand; vid\u00e9o) :  <\/strong> http:\/\/www.dailymotion.com\/video\/x515r6t <\/p>\n<p>-&#8220;Les Fran\u00e7ais en ont-ils marre de la d\u00e9mocratie ?&#8221; (Yves Thr\u00e9ard du &#8220;Figaro&#8221;; vid\u00e9o) : http:\/\/www.europe1.fr\/emissions\/ledito-politique-dyves-threard\/les-francais-en-ont-ils-marre-de-la-democratie-2893847<\/p>\n<p><strong>EUROPE-MONDE<\/strong><\/p>\n<p>-&#8220;La Commission europ\u00e9enne veut mettre de l&#8217;ordre dans la hi\u00e9rarchisation de l&#8217;information en ligne&#8221; (Catherine Stupp) : http:\/\/www.euractiv.fr\/section\/politique\/news\/la-turquie-balaie-les-critiques-de-lue-au-sujet-des-purges\/?nl_ref<\/p>\n<p>-La prise en charge d&#8217;Alzheimer doit \u00eatre revue (Sarantis Michalopoulos) :  http:\/\/www.euractiv.fr\/section\/sante-modes-de-vie\/news\/study-dementia-healthcare-services-need-to-be-redesigned\/?nl_ref<\/p>\n<p>-Bient\u00f4t une taxe d&#8217;ensoleillement au Portugal (vid\u00e9o) : http:\/\/www.francetvinfo.fr\/economie\/impots\/taxe-a-75\/portugal-bientot-une-taxe-d-ensoleillement_1909883.html#xtor<\/p>\n<p><strong>-Jean-Claude Juncker a critiqu\u00e9 le projet de budget italien (Romaric Godin) :<\/strong> http:\/\/www.euractiv.fr\/section\/euro-finances\/news\/passe-darmes-entre-litalie-et-bruxelles-sur-le-budget\/?nl_ref=24412185<\/p>\n<p>-R\u00e9fugi\u00e9s syriens relocaliser par l&#8217;Union europ\u00e9enne de la Gr\u00e8ce \u00e0 la France (vid\u00e9o) : http:\/\/nr.news-republic.com\/Web\/ArticleWeb.aspx?regionid=2&#038;articleid=76989224<\/p>\n<p>-Le candidat socialiste, Rumen Radev, en t\u00eate du premier tour de l&#8217;\u00e9lection pr\u00e9sidentielle bulgare (Georgi Gotev) : http:\/\/www.euractiv.fr\/section\/politique\/news\/socialists-radev-leads-bulgaria-presidential-race\/?nl_ref<\/p>\n<p>-La Turquie balaie les critiques de l&#8217;Union europ\u00e9enne au sujet des purges  : http:\/\/www.euractiv.fr\/section\/politique\/news\/la-turquie-balaie-les-critiques-de-lue-au-sujet-des-purges\/?nl_ref=24412185<\/p>\n<p><strong>-&#8220;Nos tr\u00e8s chers \u00e9mirs&#8221;. Trois questions \u00e0 l&#8217;auteur, avec Georges Malbrunot, pos\u00e9es par Pascal Boniface <\/strong> : https:\/\/blogs.mediapart.fr\/pascalboniface\/blog\/071116\/nos-tres-chers-emirs-3-questions-christian-chesnot?utm_source=global&#038;utm_medium<\/p>\n<p><strong>-&#8220;Les guerres cach\u00e9es contre Daesh&#8221; (un documentaire de J\u00e9r\u00f4me Fritel \u00e0 voir ici; vid\u00e9o)<\/strong> : http:\/\/television.telerama.fr\/television\/regardez-le-documentaire-les-guerres-cachees-contre-daech,149739.php<\/p>\n<p>-Les forces kurdes poussent aux porte de Mossoul (vid\u00e9o) : http:\/\/nr.news-republic.com\/Web\/ArticleWeb.aspx?regionid=2&#038;articleid=77033985<\/p>\n<p>-A Alep, la d\u00e9brouille des Syriens pour faire face au si\u00e8ge (vid\u00e9o) : http:\/\/nr.news-republic.com\/Web\/ArticleWeb.aspx?regionid=2&#038;articleid=77022107<\/p>\n<p>-Les \u00e9lections am\u00e9ricaines vues d&#8217;Isra\u00ebl (Etienne Monin, correspondant de France Inter \u00e0 J\u00e9rusalem; son) : https:\/\/www.franceinter.fr\/emissions\/grand-angle\/grand-angle-08-novembre-2016<\/p>\n<p><strong>-&#8220;Un monde s&#8217;effondre sous nos yeux&#8221; (l&#8217;ambassadeur de France aux Etats-Unis) :<\/strong> http:\/\/www.francetvinfo.fr\/monde\/usa\/presidentielle\/direct-election-presidentielle-americaine-2016-suivez-les-resultats-clinton-trump_1909767.html#xtor<\/p>\n<p>-A 7 heures, Trump pr\u00e9sident : http:\/\/www.lemonde.fr\/elections-americaines\/article\/2016\/11\/09\/les-premiers-resultats-des-elections-americaines-sans-surprise_5027688_829254.html<\/p>\n<p><strong>-&#8220;Dans tous les cas, nous nous r\u00e9veillerons avec la gueule de bois&#8221; (le Franco-Am\u00e9ricain Marc Dondey, directeur de &#8220;la Ga\u00eet\u00e9 Lyrique&#8221; <\/strong> : http:\/\/www.telerama.fr\/monde\/presidentielle-americaine-dans-tous-les-cas-nous-nous-reveillerons-avec-la-gueule-de-bois,149652.php#xtor<\/p>\n<p><strong>-&#8220;Deux solutions qui divisent. Il y a un grain de sable dans la machine. La division est partout, dans tous les domaines. La mont\u00e9e de la col\u00e8re est des deux c\u00f4t\u00e9s de l&#8217;Atlantique. La Chine est capable de penser l&#8217;avenir. Nous, en Europe, non. Cela tient \u00e0 la faiblesse des Etats&#8221; (Dominique de Villepin, auteur de &#8220;M\u00e9moire de paix, pour temps de guerre&#8221;; invit\u00e9 de Jean-Jacques Bourdin; vid\u00e9o) : <\/strong> http:\/\/www.bfmtv.com\/mediaplayer\/video\/dominique-de-villepin-face-a-jean-jacques-bourdin-en-direct-883121.html<\/p>\n<p>-&#8220;Trump, ce serait une catastrophe&#8221; (l&#8217;historien Fran\u00e7ois Durpaire; vid\u00e9o) : http:\/\/www.dailymotion.com\/video\/x515s2k_trump-ce-serait-une-catastrophe-francois-durpaire-08-11-2016_news<\/p>\n<p><strong>-&#8220;Les morts de l&#8217;ann\u00e9e seront essentiellement des \u00e9lecteurs de Trump&#8221; (Christophe Deroubaix, correspondant de &#8220;l&#8217;Humanit\u00e9&#8221; aux Etats-Unis, auteur de &#8220;L&#8217;Am\u00e9rique qui vient&#8221; (entretien r\u00e9alis\u00e9 par Eug\u00e9nie Barbezat; son) : <\/strong> http:\/\/www.humanite.fr\/christophe-deroubaix-les-morts-de-lannee-seront-majoritairement-des-electeurs-de-trump-619316<\/p>\n<p>-&#8220;Le d\u00e9fi de Harry Clinton va \u00eatre de r\u00e9unir l&#8217;Am\u00e9rique&#8221; (Melanne Verveer, ancienne directrice de cabinet de la candidate d\u00e9mocrate; interrog\u00e9e par Thomas Sotto; son) : http:\/\/www.europe1.fr\/emissions\/l-interview-verite\/melanne-verveer-le-defi-dhillary-clinton-va-etre-de-reunir-lamerique-2893973<\/p>\n<p>-&#8220;Le plus grand h\u00e9ritage que Barack Obama va laisser, c&#8217;est la s\u00e9r\u00e9nit\u00e9. L&#8217;histoire des Etats-Unis est faite de cycles&#8221; (Patrick Cohen animait la matinale de France Inter depuis New York (vid\u00e9os) : http:\/\/www.dailymotion.com\/video\/x515p78_usa-2016-le-plus-grand-heritage-que-barack-obama-va-laisser-c-est-la-serenite_news                                                                                                      http:\/\/www.dailymotion.com\/video\/x515o4r_usa-2016-l-histoire-des-etats-unis-est-faite-de-cycles_news<\/p>\n<p>-&#8220;C&#8217;est impossible de gagner la Maison blanche sans les femmes&#8221; (Laureen Chivee; vid\u00e9o) : http:\/\/www.dailymotion.com\/video\/x5158ti_lauren-chivee-c-est-impossible-de-gagner-la-maison-blanche-sans-les-femmes-usa2016_news<\/p>\n<p><strong>-&#8220;Les d\u00e9class\u00e9s du Midwest (vid\u00e9o) <\/strong> : http:\/\/www.dailymotion.com\/video\/x5157fs_le-zoom-de-la-redaction-usa-2016-les-declasses-du-midwest_news<\/p>\n<p>-&#8220;On a assist\u00e9 \u00e0 une tension croissante des deux c\u00f4t\u00e9s&#8221; (Pierre Ciric, avocat du barreau de New York; vid\u00e9o) : http:\/\/www.dailymotion.com\/video\/x514y19_pierre-ciric-on-assiste-a-une-tension-croissante-des-deux-cotes-usa2016_news<\/p>\n<p><strong>-80 % des Am\u00e9ricains se d\u00e9clarent \u00e9coeur\u00e9s par la campagne (vid\u00e9o) : <\/strong> http:\/\/www.bfmtv.com\/mediaplayer\/video\/presidentielle-americaine-80percent-des-americains-se-declarent-degoutes-de-la-campagne-883385.html<\/p>\n<p>-&#8220;Si c&#8217;est Hillary&#8230;&#8221; (Bernard Guetta; son) : https:\/\/www.franceinter.fr\/emissions\/geopolitique\/geopolitique-08-novembre-2016<\/p>\n<p>-&#8220;Les Am\u00e9ricains veulent un changement. C&#8217;est le dernier sursaut de l&#8217;Am\u00e9rique blanche. La partie r\u00e9publicaine est tr\u00e8s divis\u00e9e et \u00e7a commences chez les d\u00e9mocrates&#8221; (le financier Donald Zilkha et Fran\u00e7oise Mouly du &#8220;New Yorker&#8221;; invit\u00e9s de Jean-Pierre Pierre Elkabbach; vid\u00e9o) : http:\/\/www.europe1.fr\/emissions\/l-interview-politique\/election-americaine-hillary-clinton-donald-trump-programme-des-candidats-et-enjeux-du-scrutin-donald-zilkha-et-francoise-mouly-repondent-aux-questions-de-thomas-sotto-2893982<\/p>\n<p>-&#8220;L&#8217;Europe vue des Etats-Unis&#8221; (le journaliste Harold Hyman; son) : https:\/\/www.franceinter.fr\/emissions\/meridien-d-europe\/meridien-d-europe-08-novembre-2016<\/p>\n<p>-Dans neuf \u00e9tats, on votait aussi sur la l\u00e9galisation du cannabis \u00e0 des fins m\u00e9dicales et r\u00e9cr\u00e9atives (Violaine Morain) : http:\/\/www.lemonde.fr\/big-browser\/article\/2016\/11\/08\/aux-etats-unis-un-autre-vote-decisif-la-legalisation-du-cannabis_5027571_4832693.html#xtor<\/p>\n<p><strong>-New Delhi asphyxi\u00e9e par la pollution de l&#8217;air. Les \u00e9coles ferment (vid\u00e9o) :  <\/strong> http:\/\/nr.news-republic.com\/Web\/ArticleWeb.aspx?regionid=2&#038;articleid=77033611<\/p>\n<p>-Des femmes exercent de hautes responsabilit\u00e9s dans le monde : http:\/\/www.euractiv.fr\/section\/politique\/news\/powerful-women-and-where-to-find-them\/?nl_ref=24412185<\/p>\n<p><strong>CULTURE-MEDIAS<\/strong><\/p>\n<p>-Suivre les sondes Voyager ou un photon \u00e9mis par le soleil (Nicolas Delesalle; vid\u00e9o) : http:\/\/www.telerama.fr\/medias\/voyager-et-la-vitesse-de-la-lumiere,149647.php#xtor<\/p>\n<p><strong>-Augustin Trapenard recevait Toni Morrison, prix Nobel de litt\u00e9rature il y a 23 ans, \u00e9crivain de la m\u00e9moire du peuple noir am\u00e9ricain (son) : <\/strong> https:\/\/www.franceinter.fr\/emissions\/boomerang\/boomerang-08-novembre-2016<\/p>\n<p>-Serge Joncour obtient le prix Interalli\u00e9 2016 pour &#8220;Repose-toi sur moi&#8221;. Avec le rappels des laur\u00e9ats de tous les autres prix 2016  (sons) : https:\/\/www.franceculture.fr\/litterature\/les-prix-litteraires-2016#xtor<\/p>\n<p><strong>-&#8220;En politique comme dans les entreprises, les m\u00e9diocres ont pris le pouvoir&#8221;  ( le philosophe Alain Deneault, auteur de &#8220;La M\u00e9diocratie&#8221;; propos recueillis par Michel Abescat) :        <\/strong>                      http:\/\/www.telerama.fr\/idees\/en-politique-comme-dans-les-entreprises-les-mediocres-ont-pris-le-pouvoir,135205.php<\/p>\n<p>-&#8220;J&#8217;ai compos\u00e9 des musiques de films par n\u00e9cessit\u00e9 \u00e9conomique&#8221; (John Carpenter; propos recueillis par Eric Delhaye; sons) : http:\/\/www.telerama.fr\/sortir\/john-carpenter-j-ai-compose-des-bandes-originales-de-film-par-necessite-economique,149733.php#xtor<\/p>\n<p>-Mehdi Haddab, le roi du oud, l&#8217;instrument \u00e0 corde tr\u00e8s pris\u00e9 dans les pays arabes (propos recueillis par Anne Berthod; vid\u00e9o) : http:\/\/www.telerama.fr\/sortir\/mehdi-haddab-il-faudrait-organiser-un-woodstock-du-oud,149649.php#xto<\/p>\n<p>-Max Jury, chanteur de 23 ans originaire de l&#8217;Iowa (Alice Gancel et Basile Lemaire; vid\u00e9o) : http:\/\/www.telerama.fr\/musique\/son-lumiere-max-jury-en-session-privee,149702.php#xtor<\/p>\n<p>-&#8220;Un sublime m\u00e9lodiste&#8221; (Marc Zisman; vid\u00e9o) : http:\/\/www.telerama.fr\/sortir\/max-jury-est-il-le-grand-songwriter-americain-de-demain,142640.php<\/p>\n<p>-Les rappeurs new-yorkais Eric Barrier et Rakim Allah avec Fran\u00e7ois Gorin (vid\u00e9o) : http:\/\/www.telerama.fr\/musique\/eric-b-rakim-le-salaire-du-rappeur,149699.php#xtor<br \/>\n-&#8220;Des B\u00e9ninois au milieu des \u00e9lections am\u00e9ricaines&#8221; (Rebecca Manzoni; vid\u00e9o) : http:\/\/www.dailymotion.com\/video\/x51571d_des-beninois-au-milieu-des-elections-americaines-pop-co_music<\/p>\n<p><strong>-Un film d&#8217;action de la BBC avec des animaux comme acteurs (Thomas B\u00e9card; vid\u00e9o; super !) :<\/strong> http:\/\/television.telerama.fr\/television\/un-iguane-des-serpents-et-une-geniale-scene-d-action,149735.php<\/p>\n<p><strong>-La r\u00e9daction de i-T\u00e9l\u00e9 \u00e9tait l&#8217;invit\u00e9e de &#8220;Quotidien&#8221;. Elle a r\u00e9pondu \u00e0 Yann Barth\u00e8s alors qu&#8217;elle m\u00e8ne la plus longue gr\u00e8ve qu&#8217;a connu l&#8217;audiovisuel (vid\u00e9o) :<\/strong>   http:\/\/www.tf1.fr\/tmc\/quotidien-avec-yann-barthes\/videos\/l-interview-d-antoine-genton-se-passe-t-chez-itele.html<\/p>\n<p><strong>-&#8220;Dans &#8220;Une ambition intime&#8221;, Karine Le Marchand aborde enfin les sujets qui f\u00e2chent&#8221; (Samuel Gontier) :<\/strong> http:\/\/television.telerama.fr\/television\/dans-une-ambition-intime-karine-le-marchand-aborde-enfin-les-sujets-qui-fachent,149722.php#xtor<\/p>\n<p>-&#8220;Avec Fr\u00e9d\u00e9ric Lopez, deux ambitieux de l&#8217;intime&#8221; (Marie-H\u00e9l\u00e8ne Soenen) : http:\/\/television.telerama.fr\/television\/frederic-lopez-et-karine-le-marchand-deux-ambitieux-de-l-intime,149642.php#xtor<\/p>\n<p>-Bruno Dionnet a vu deux Alain Jupp\u00e9 dans deux \u00e9missions diff\u00e9rentes (son) : https:\/\/www.franceinter.fr\/emissions\/l-apres-coup\/l-apres-coup-08-novembre-2016<\/p>\n<p>-&#8220;Les pr\u00eacheurs cathodiques de l&#8217;Am\u00e9rique&#8221; (Sonia Devillers; vid\u00e9o) : http:\/\/www.dailymotion.com\/video\/x5152x3_usa2016-les-precheurs-cathodiques-de-l-amerique-l-instant-tele_news<\/p>\n<p><strong>-&#8220;La campagne am\u00e9ricaine, le plus grand show t\u00e9l\u00e9 du monde&#8221; (Sonia Devillers recevait la journaliste Laurence Ha\u00efm correspondante de i-T\u00e9l\u00e9 aux Etats-Unis; son, amener le curseur sur 6:27) <\/strong> : https:\/\/www.franceinter.fr\/emissions\/l-instant-m\/l-instant-m-08-novembre-2016<\/p>\n<p>-&#8220;Les journaux de TF1, du temps de cerveau disponible pour la pub ?&#8221; (Alex Vizorek; vid\u00e9o) : http:\/\/www.dailymotion.com\/video\/x515ns6_les-journaux-de-tf1-du-temps-de-cerveau-disponible-pour-la-pub-le-billet-d-alex-vizorek_fun<\/p>\n<p>-&#8220;L&#8217;histoire sous acide&#8221; (Charline Vanhoenacker; vid\u00e9o) : http:\/\/www.dailymotion.com\/video\/x515r5h_l-histoire-sous-acide-le-billet-de-charline_fun<\/p>\n","protected":false},"excerpt":{"rendered":"<p>ACTUALITES -&#8220;Un locataire sur 5 de HLM a du mal \u00e0 payer son loyer&#8221; (Marianne Louis de l&#8217;Union sociale pour l&#8217;habitat; vid\u00e9o) : http:\/\/rmc.bfmtv.com\/mediaplayer\/video\/un-locataire-hlm-sur-cinq-a-des-difficultes-a-payer-son-loyer-883061.html -Les personnels de sant\u00e9 ont manifest\u00e9 un peu partout en France (vid\u00e9os) : http:\/\/france3-regions.francetvinfo.fr\/paris-ile-de-france\/paris\/montparnasse-au-ministere-personnel-sante-manifeste-contre-conditions-travail-degradees-1125437.html#xtor -Portrait d&#8217;une infirmi\u00e8re en col\u00e8re (vid\u00e9o) : http:\/\/www.francetvinfo.fr\/france\/sante-portrait-d-une-infirmiere-en-colere_1911587.html -Le ras le bol des infirmi\u00e8res lib\u00e9rales (vid\u00e9o) : [&hellip;]<\/p>\n","protected":false},"author":1042,"featured_media":0,"comment_status":"open","ping_status":"open","sticky":false,"template":"","format":"standard","meta":{"_themeisle_gutenberg_block_has_review":false,"footnotes":""},"categories":[151],"tags":[],"class_list":["post-9986","post","type-post","status-publish","format-standard","hentry","category-la-revue-de-presse-de-lulu"],"_links":{"self":[{"href":"https:\/\/archives.regards.fr\/index.php?rest_route=\/wp\/v2\/posts\/9986","targetHints":{"allow":["GET"]}}],"collection":[{"href":"https:\/\/archives.regards.fr\/index.php?rest_route=\/wp\/v2\/posts"}],"about":[{"href":"https:\/\/archives.regards.fr\/index.php?rest_route=\/wp\/v2\/types\/post"}],"author":[{"embeddable":true,"href":"https:\/\/archives.regards.fr\/index.php?rest_route=\/wp\/v2\/users\/1042"}],"replies":[{"embeddable":true,"href":"https:\/\/archives.regards.fr\/index.php?rest_route=%2Fwp%2Fv2%2Fcomments&post=9986"}],"version-history":[{"count":0,"href":"https:\/\/archives.regards.fr\/index.php?rest_route=\/wp\/v2\/posts\/9986\/revisions"}],"wp:attachment":[{"href":"https:\/\/archives.regards.fr\/index.php?rest_route=%2Fwp%2Fv2%2Fmedia&parent=9986"}],"wp:term":[{"taxonomy":"category","embeddable":true,"href":"https:\/\/archives.regards.fr\/index.php?rest_route=%2Fwp%2Fv2%2Fcategories&post=9986"},{"taxonomy":"post_tag","embeddable":true,"href":"https:\/\/archives.regards.fr\/index.php?rest_route=%2Fwp%2Fv2%2Ftags&post=9986"}],"curies":[{"name":"wp","href":"https:\/\/api.w.org\/{rel}","templated":true}]}}