{"id":9981,"date":"2016-11-08T08:00:38","date_gmt":"2016-11-08T07:00:38","guid":{"rendered":"https:\/\/wp.muchomaas.com\/article-la-revue-du-8-septembre-2016-9981\/"},"modified":"2016-11-08T08:00:38","modified_gmt":"2016-11-08T07:00:38","slug":"article-la-revue-du-8-septembre-2016-9981","status":"publish","type":"post","link":"https:\/\/archives.regards.fr\/?p=9981","title":{"rendered":"La Revue du 8 novembre 2016"},"content":{"rendered":"<p><strong>ACTUALITE<\/strong><\/p>\n<p><strong>-18 organisations et syndicats d&#8217;infirmiers du public et du priv\u00e9 appellent \u00e0 une gr\u00e8ve unitaire aujourd&#8217;hui (Val\u00e9rie Collet) :<\/strong> http:\/\/www.lefigaro.fr\/conjoncture\/2016\/11\/07\/20002-20161107ARTFIG00004-greve-unitaire-des-infirmiers-mardi.php?een<\/p>\n<p><strong>-Christophe Prudhomme de la CGT, pr\u00e9sident de l&#8217;Association des m\u00e9decins urgentistes (son) :<\/strong> http:\/\/www.sudradio.fr\/Podcasts\/L-invite-pour-comprendre\/Christophe-Prudhomme-porte-parole-de-l-Amuf4<\/p>\n<p>-Des femmes moins pay\u00e9es que leurs coll\u00e8gues masculins (son) :  http:\/\/www.sudradio.fr\/Podcasts\/Les-reportages-de-la-matinee\/Egalite-salariale<\/p>\n<p><strong>-&#8220;Tr\u00e8s loin de l&#8217;\u00e9galit\u00e9&#8221; (vid\u00e9os) <\/strong> : http:\/\/www.francetvinfo.fr\/economie\/emploi\/carriere\/vie-professionnelle\/emploi-des-femmes\/salaires-tres-loin-de-l-egalite_1909567.html                 http:\/\/www.francetvinfo.fr\/economie\/emploi\/carriere\/vie-professionnelle\/emploi-des-femmes\/salaires-une-femme-cadre-est-remuneree-19-8-de-moins-que-les-hommes_1909569.html<\/p>\n<p>-Les chiffres (Sophie Vandermolen; vid\u00e9o) : http:\/\/www.publicsenat.fr\/lcp\/politique\/vrais-chiffres-des-inegalites-salariales-1551722<\/p>\n<p>&#8211;<strong>&#8220;\u00c7a suffit !&#8221; (la CGT, qui propose aux autres syndicats et aux associations f\u00e9ministes une journ\u00e9e d&#8217;action avec gr\u00e8ve) :<\/strong> http:\/\/www.cgt.fr\/Ca-suffit.html <\/p>\n<p><em>-La perception de l&#8217;\u00e9galit\u00e9 des chances en entreprise (SOFRES)<\/em> : http:\/\/www.tns-sofres.com\/publications\/barometre-de-perception-de-legalite-des-chances-en-entreprise-2016<\/p>\n<p>-&#8220;Le Train pour l&#8217;emploi&#8221; traverse la France (Michel Fremder, pr\u00e9sident de l&#8217;exposition; son) : http:\/\/www.sudradio.fr\/Podcasts\/L-invite-pour-comprendre\/Michel-Fremder-president-de-Trains-Expo<\/p>\n<p><em>-L&#8217;Observatoire des professeurs des \u00e9coles d\u00e9butants (HARRIS) :<\/em> http:\/\/harris-interactive.fr\/opinion_polls\/observatoire-des-professeurs-des-ecoles-debutants-2016-6eme-edition\/<\/p>\n<p>-&#8220;La d\u00e9forestation pr\u00e8s de chez nous&#8221; (Yolaine de la Bigne; son) : http:\/\/www.sudradio.fr\/Podcasts\/Quelle-epoque-ethique\/Et-si-la-deforestation-avait-lieu-pres-de-chez-vous<\/p>\n<p>-Les opposants \u00e0 l&#8217;a\u00e9roport Notre-Dame-des-Landes esp\u00e8rent une victoire apr\u00e8s l&#8217;avis du rapporteur public. Pour Fran\u00e7ois Fillon, &#8220;\u00e7a sent le coup mont\u00e9&#8221; (Fran\u00e7ois Vignal; vid\u00e9o) : http:\/\/www.publicsenat.fr\/lcp\/politique\/nddl-opposants-l-aeroport-esperent-une-victoire-l-avis-rapporteur-public-1551999<\/p>\n<p>-&#8220;La taxe d&#8217;habitation flambe \u00e0 Marseille&#8221; (vid\u00e9o) : http:\/\/www.francetvinfo.fr\/economie\/impots\/impots\/marseille-la-taxe-d-habitation-flambe_1909565.html<\/p>\n<p>-Le S\u00e9nat repousse la demande communiste, formul\u00e9e par Christian Favier,  que le nouveau statut de Paris soit soumis \u00e0 r\u00e9f\u00e9rendum : http:\/\/www.lemonde.fr\/politique\/article\/2016\/11\/07\/la-reforme-du-statut-de-paris-ne-fera-pas-l-objet-d-un-referendum_5026912_823448.html#xtor=AL-32280270<\/p>\n<p>-La candidature de Myriam El Khomri \u00e0 Paris &#8220;est une tr\u00e8s mauvaise id\u00e9e&#8221; (Anne Hidalgo, cit\u00e9e par B\u00e9atrice J\u00e9r\u00f4me) : http:\/\/www.lemonde.fr\/politique\/article\/2016\/11\/07\/pour-anne-hidalgo-la-candidature-de-myriam-el-khomri-a-paris-est-une-tres-mauvaise-idee_5026785_823448.html<\/p>\n<p>-&#8220;Nous allons tester des couchettes dans les soutes&#8221; (Jean-Marc Janaillac, PDG d&#8217;Air France; vid\u00e9o) : http:\/\/www.europe1.fr\/economie\/janaillac-pdg-dair-france-klm-il-fallait-une-reponse-offensive-2890370<\/p>\n<p>-A Lourdes, les \u00e9v\u00eaques demandent pardon pour &#8220;leur silence coupable&#8221; face aux abus sexuels : http:\/\/www.lemonde.fr\/religions\/article\/2016\/11\/07\/a-lourdes-les-pretres-demandent-pardon-pour-leur-silence-coupable-face-aux-abus-sexuels_5026392_1653130.html<\/p>\n<p>-&#8220;Pardonner n&#8217;est pas oublier&#8221; (C\u00e9line Holoyeau) : http:\/\/www.la-croix.com\/Religion\/France\/Abus-sexuels-dans-l-Eglise-la-repentance-des-eveques-de-France-2016-11-07-1200801428?utm_source      <\/p>\n<p><strong>-Le t\u00e9moignage de victimes de pr\u00eatres (vid\u00e9o) <\/strong> :  http:\/\/www.francetvinfo.fr\/societe\/pedophilie-l-eglise-a-l-ecoute-des-victimes-des-pretres_1909557.html<\/p>\n<p>-Pour les attentats du 13 novembre, des avocats parisiens demandent la prise en compte du &#8220;pr\u00e9judice d&#8217;angoisse&#8221; : http:\/\/www.lemonde.fr\/attaques-a-paris\/article\/2016\/11\/07\/13-novembre-des-avocats-parisiens-requierent-l-indemnisation-du-prejudice-d-angoisse_5026386_4809495.html<\/p>\n<p>-&#8220;Comment (et pourquoi) Bernard Cazeneuve a-t-il d\u00e9cid\u00e9 de ficher 60 millions de Fran\u00e7ais&#8221; (Jean-Marc Manach) :  http:\/\/www.liberation.fr\/france\/2016\/11\/07\/comment-et-pourquoi-bernard-cazeneuve-a-decide-de-ficher-60-millions-de-francais_1526551?xtor=EPR<\/p>\n<p><strong>-Le Conseil national du num\u00e9rique demande la suspension du fichier :<\/strong> http:\/\/www.francetvinfo.fr\/internet\/securite-sur-internet\/titre-electroniques-securises-le-conseil-national-du-numerique-appelle-a-suspendre-le-fichier-tes_1909097.html#xtor=EPR<\/p>\n<p><strong>-&#8220;Ce d\u00e9cret a \u00e9t\u00e9 pris en douce par le ministre de l&#8217;Int\u00e9rieur, un dimanche de Toussaint, en pensant que \u00e7a passerait ni vu ni connu&#8221; (la secr\u00e9taire d&#8217;Etat charg\u00e9e du num\u00e9rique Axelle Lemaire) <\/strong> : http:\/\/www.lemonde.fr\/pixels\/article\/2016\/11\/08\/passe-d-armes-au-sein-de-l-executif-sur-le-tes-le-megafichier-des-60-millions-de-francais_5026925_4408996.html#xtor=AL-32280270<\/p>\n<p>-Elle l&#8217;a d\u00e9couvert en lisant le Journal Officiel (Nathalie Segaunes) : http:\/\/www.lopinion.fr\/edition\/politique\/axelle-lemaire-denonce-mainmise-l-administration-dans-mise-en-place-113652<\/p>\n<p>-Faut-il s&#8217;en inqui\u00e9ter ? (en d\u00e9bat chez Ruth Elkrief; vid\u00e9o) : http:\/\/www.bfmtv.com\/mediaplayer\/video\/tes-faut-il-s-inquieter-de-la-creation-de-ce-megafichier-883017.html<\/p>\n<p><em>-Que pensent les Fran\u00e7ais du fonctionnement de la d\u00e9mocratie ? (IPSOS) : <\/em> http:\/\/www.ipsos.fr\/decrypter-societe\/2016-11-07-democratie-fonctionne-t-elle-moins-en-moins-bien<\/p>\n<p>-&#8220;Le maire PS de Sarcelle n&#8217;est pas content que la ville de Paris lui ait impos\u00e9 850 migrants sans concertation&#8221; (son) : http:\/\/rmc.bfmtv.com\/mediaplayer\/video\/a-sarcelles-le-maire-enrage-face-a-l-afflux-de-migrants-882729.html<\/p>\n<p>-La r\u00e9action de l&#8217;humoriste  Eric Judor apr\u00e8s la tentative d&#8217;incendie du Centre pour SDF dans le 16e arrondissement, le quartier o\u00f9 il habite (son) :<br \/>\nhttp:\/\/www.francetvinfo.fr\/societe\/sdf\/tentative-d-incendie-contre-un-centre-pour-sdf-dans-le-16e-arrondissement-de-paris-c-est-inhumain-l-humoriste-eric-judor_1907835.html<\/p>\n<p><strong>POLITIQUE<\/strong><\/p>\n<p><strong>-&#8220;Je n&#8217;ai pas rencontr\u00e9 Arnaud Montebourg vendredi. Il va se passer beaucoup de choses impr\u00e9visibles. Nous allons entrer en campagne pour parler des probl\u00e8mes de fond. Nous allons aussi entrer en campagne pour les l\u00e9gislatives dont personne ne parle. Le choix est entre le soutien \u00e0 Jean-Luc M\u00e9lenchon et une candidature communiste. La candidature M\u00e9lenchon est trop \u00e9triqu\u00e9e. La candidature de Fran\u00e7ois Hollande est de plus en plus improbable&#8221; (Pierre Laurent, invit\u00e9 de Jean-Jacques Bourdin; vid\u00e9o)<\/strong> : http:\/\/www.bfmtv.com\/mediaplayer\/video\/pierre-laurent-face-a-jean-jacques-bourdin-en-direct-882739.html<\/p>\n<p>-&#8220;Pas plus tard que vendredi Pierre Laurent et Arnaud Montebourg se sont parl\u00e9s&#8221; (Fran\u00e7ois Kalfon, directeur de campagne d&#8217;Arnaud Montebourg; vid\u00e9o, amener le curseur sur 30:23) :   http:\/\/www.lcp.fr\/emissions\/politique-matin\/278985-politique-matin<\/p>\n<p>-&#8220;Ne tuons pas l&#8217;espoir de gauche&#8221; (Marie-George Buffet, d\u00e9put\u00e9e de Seine-Saint-Denis; vid\u00e9os) : http:\/\/www.lcp.fr\/la-politique-en-video\/buffet-demande-aux-adherents-du-pcf-de-voter-pour-loption-melenchon-ne-tuons<\/p>\n<p><strong>-Elle \u00e9tait l&#8217;invit\u00e9e de &#8220;Politique Matin&#8221;, interrog\u00e9e par Brigitte Boucher; vid\u00e9o, amener le curseur  sur 15:30)<\/strong> : http:\/\/www.lcp.fr\/emissions\/politique-matin\/278985-politique-matin<\/p>\n<p><strong>-&#8220;La position de raison est de lui (Jean-Luc M\u00e9lenchon) apporter notre soutien tout en apportant dans la campagne nos propres propositions&#8221; (Christian Favier, pr\u00e9sident du Conseil d\u00e9partemental du Val de Marne, le seul dirig\u00e9 par un communiste) :<\/strong> http:\/\/m.leparisien.fr\/ablon-sur-seine-94480\/val-de-marne-le-president-pc-du-departement-favorable-a-melenchon-07-11-2016-6300504.php#xtor=AD-1481423553<\/p>\n<p>-&#8220;C&#8217;est le PCF qui est en danger&#8221; (Francis Parny) : http:\/\/blogs.mediapart.fr\/francis-parny\/blog\/061116\/cest-le-pcf-qui-est-en-danger?utm_source<\/p>\n<p>-&#8220;Et rien ni personne ne nous fera c\u00e9der&#8221; (Jean-Luc M\u00e9lenchon) : http:\/\/www.francetvinfo.fr\/politique\/melenchon\/presidentielle-rien-ni-personne-ne-nous-fera-ceder-repond-melenchon-aux-communistes_1908141.html#xtor=EPR<\/p>\n<p>-&#8220;Le non du PCF \u00e0 M\u00e9lenchon arrange beaucoup de monde&#8221; (Lilian Alemagna) : http:\/\/www.liberation.fr\/france\/2016\/11\/06\/pourquoi-le-non-du-pcf-a-melenchon-arrange-beaucoup-de-monde_1526553?xtor=EPR<\/p>\n<p>-&#8220;\u00c7a arrange tout le monde&#8221; (Laurent Neumann et Eric Brunet; vid\u00e9o) : http:\/\/rmc.bfmtv.com\/mediaplayer\/video\/brunet-neumann-le-parti-communiste-et-jean-luc-melenchon-doivent-ils-faire-alliance-0711-882737.html<\/p>\n<p>-&#8220;Le PC ne survit que par des accords avec le PS. M\u00e9lenchon peut \u00eatre en t\u00eate de la gauche au soir du premier tour de la pr\u00e9sidentielle. Il aura poursuivi l&#8217;oeuvre de Fran\u00e7ois Mitterrand&#8221;  (Thomas Legrand; son) : https:\/\/www.franceinter.fr\/emissions\/l-edito-politique\/l-edito-politique-07-novembre-2016<\/p>\n<p>&mdash;&nbsp;&#8220;La vraie surprise, c&#8217;est le soutien de Pierre Laurent \u00e0 Jean-Luc M\u00e9lenchon. Attendons la primaire socialiste et faisons mine de vouloir une candidature communiste. \u00c7a ne trompe personne&#8221; (Alba Ventura; son) : http:\/\/www.rtl.fr\/actu\/politique\/presidentielle-2017-le-non-des-communistes-a-melenchon-decrypte-par-alba-ventura-7785628249<\/p>\n<p>-&#8220;Le match M\u00e9lenchon\/PCF  est tr\u00e8s d\u00e9s\u00e9quilibr\u00e9. Plus personne n&#8217;esp\u00e9rant une victoire de la gauche, c&#8217;est le chacun pour soi qui va l&#8217;emporter&#8221; (Guillaume Tabard du &#8220;Figaro&#8221;; son) :  http:\/\/www.radioclassique.fr\/player\/progaction\/iniPlayer\/podcast\/ledito-politique-de-guillaume-tabard-2016-11-07-08-13-49.html<\/p>\n<p>-&#8220;La gauche d\u00e9boussol\u00e9e&#8221; (Yves Thr\u00e9ard; vid\u00e9o) : http:\/\/www.europe1.fr\/emissions\/ledito-politique-dyves-threard\/la-gauche-deboussolee-2892782<\/p>\n<p>-&#8220;Communistes et centristes m\u00eame strat\u00e9gie politique&#8221; (Daniel Cohn-Bendit; son) : http:\/\/www.europe1.fr\/emissions\/l-humeur\/centristes-et-communistes-meme-combat-2892899<\/p>\n<p><strong>-&#8220;M\u00e9lenchon contre les partis&#8221; (en d\u00e9bat dans &#8220;C dans l&#8217;air&#8221;, anim\u00e9e par Caroline Roux; vid\u00e9o pendant 6 jours) <\/strong> : http:\/\/pluzz.francetv.fr\/videos\/c_dans_lair.html<\/p>\n<p><strong>-&#8220;Hollande, sans les Verts ni les rouges&#8221; (en d\u00e9bat dans l&#8217;\u00e9mission d&#8217;Yves Calvi &#8220;24 Heures en questions&#8221; avec une interview de l&#8217;Eurod\u00e9put\u00e9 Pascal Durant, ancien pr\u00e9sident des Verts; vid\u00e9o)<\/strong> : http:\/\/www.lci.fr\/replay\/replay-calvi-24-heures-en-questions-du-7-novembre-hollande-sans-les-verts-ni-les-rouges-2011497.html%3Ftype=content<\/p>\n<p>-L&#8217;eurod\u00e9put\u00e9 Yannick Jadot sera le candidat \u00e9cologiste \u00e0 l&#8217;\u00e9lection pr\u00e9sidentielle (Alice Maruani; vid\u00e9o) : http:\/\/www.francetvinfo.fr\/politique\/eelv\/primaire-eelv\/primaire-ecologiste-walking-dead-desobeissance-civile-quatre-declarations-qui-ont-revele-yannick-jadot_1901753.html<\/p>\n<p>-Son intervention contre le CETA au Parlement europ\u00e9en (vid\u00e9o) : http:\/\/www.lci.fr\/politique\/video-sur-facebook-le-coup-de-gueule-anti-ceta-de-yannick-jadot-eelv-cartonne-2010420.html<\/p>\n<p>-&#8220;La France doit \u00eatre sous les 3% en 2017 et elle doit le rester. La candidature de Fran\u00e7ois Hollande serait logique&#8221; (Pierre Moscovici, commissaire europ\u00e9en PS, invit\u00e9 de la matinale de Franceinfo; vid\u00e9o) : http:\/\/www.dailymotion.com\/video\/x510u5a_le-commissaire-europeen-pierre-moscovici-estime-que-la-france-devrait-etre-sous-les-3-de-deficit-en_news<\/p>\n<p>-&#8220;Emmanuel Macron propose une alternative. Nous sommes pr\u00eats. Les d\u00e9cisions des autres ne p\u00e8sent pas sur les n\u00f4tres. Il sera candidat&#8221; (Richard Ferrand, d\u00e9put\u00e9 PS du Finist\u00e8re; vid\u00e9o) : http:\/\/rmc.bfmtv.com\/mediaplayer\/video\/richard-ferrand-emmanuel-macron-propose-une-alternative-882741.html<\/p>\n<p>-&#8220;J&#8217;ai l&#8217;impression qu&#8217;il veut se replier sur son noyau dur, Nicolas Sarkozy n&#8217;est pas \u00e0 la hauteur&#8221; (Marielle de Sarnez, eurod\u00e9put\u00e9e MoDEM; invit\u00e9e de &#8220;Territoires d&#8217;Infos&#8221;; vid\u00e9o, amener le curseur sur 33:02) : http:\/\/www.sudradio.fr\/Politique\/L-interview-politique\/Marielle-de-Sarnez-Nicolas-Sarkozy-n-est-pas-a-la-hauteur<\/p>\n<p>-&#8220;A Fran\u00e7ois Hollande qui dit qu&#8217;il faut dix ans pour r\u00e9ussir, je r\u00e9ponds que cinq ans sont suffisants pour \u00e9chouer. Il faut faire confiance aux entreprises qui sont les seules \u00e0 pouvoir cr\u00e9er de l&#8217;emploi durable&#8221; (Alain Jupp\u00e9, invit\u00e9 du 20H de TF1; vid\u00e9o, amener le curseur sur 14:40) : http:\/\/www.tf1.fr\/tf1\/jt-we\/videos\/20-heures-6-novembre-2016.html<\/p>\n<p>-Alain Minc le soutient (vid\u00e9o) : http:\/\/www.lci.fr\/primaire-droite\/pourquoi-alain-minc-ne-soutient-plus-nicolas-sarkozy-2011335.html<\/p>\n<p>-&#8220;On m&#8217;a reproch\u00e9 beaucoup de choses mais je suis constant dans mes id\u00e9es&#8221; (Jean-Fran\u00e7ois Cop\u00e9, d\u00e9put\u00e9 LR de Seine-et-Marne, \u00e9tait l&#8217;invit\u00e9 de la matinale de France Inter. Il r\u00e9pondait aux questions de Marc Fauvelle et des auditeurs; vid\u00e9o) : http:\/\/www.dailymotion.com\/video\/x510jsy_jean-francois-cope-on-m-a-reproche-beaucoup-de-choses-mais-je-suis-constant-dans-mes-idees_news     http:\/\/www.dailymotion.com\/video\/x510pyp_jean-francois-cope-sur-nddl-l-autorite-de-l-etat-est-bafouee-dans-ce-dossier_news<\/p>\n<p>-&#8220;Nicolas Sarkozy est le seul \u00e0 proposer le syst\u00e8me du r\u00e9f\u00e9rendum. Il a un programme qu&#8217;il a publi\u00e9 le jour de sa candidature&#8221; (Brice Hortefeux, eurod\u00e9put\u00e9 LR, face \u00e0 Guillaume Durand; vid\u00e9o) :   http:\/\/www.dailymotion.com\/video\/x510t9k<\/p>\n<p>-&#8220;Je suis totalement oppos\u00e9 \u00e0 la peine de mort comme \u00e0 l&#8217;interdiction du burkini. C&#8217;est le dialogue qui doit primer&#8221; (Jean-Fr\u00e9d\u00e9ric Poisson, d\u00e9put\u00e9 DC des Yvelines, candidat \u00e0 la primaire de la droite; interrog\u00e9 par Thomas Sotto; vid\u00e9o) : http:\/\/www.europe1.fr\/emissions\/l-interview-politique\/islam-et-musulmans-primaire-de-la-droite-et-du-centre-soutien-au-candidat-gagnant-de-la-primaire-vote-pour-le-fn-migrants-fermeture-des-frontieres-et-mariage-pour-tous-jean-frederic-poisson-repond-aux-questions-de-thomas-sotto-2892944<\/p>\n<p>-Il \u00e9tait l&#8217;invit\u00e9 de l&#8217;\u00e9mission &#8220;Bureau politique&#8221; sur LCI (vid\u00e9o) :<br \/>\nhttp:\/\/www.lci.fr\/replay\/bureau-politique-du-6-novembre-2016-2011316.html%3Ftype=content<\/p>\n<p>-Eric Ciotti saisit la justice contre Fran\u00e7ois Hollande pour &#8220;violation du secret d\u00e9fense&#8221; : http:\/\/www.lefigaro.fr\/politique\/le-scan\/2016\/11\/06\/25001-20161106ARTFIG00088-ciotti-saisit-la-justice-contre-hollande-pour-violation-du-secret-defense.php?een<\/p>\n<p>-Pierre Lellouche, d\u00e9put\u00e9 LR de Paris,  veut sa destitution (vid\u00e9o) : http:\/\/www.lopinion.fr\/video\/polemique\/proposition-resolution-visant-a-destitution-francois-hollande-a-ete-113763<\/p>\n<p>-&#8220;Hillary Clinton est une belliqueuse&#8221; (Florian Philippot, eurod\u00e9put\u00e9 FN; invit\u00e9 de Caroline Roux ; vid\u00e9o) : http:\/\/www.france2.fr\/emissions\/telematin\/actu\/les-4-verites-florian-philippot_521801<\/p>\n<p>-&#8220;La droite fran\u00e7aise a-t-elle oubli\u00e9 l&#8217;Europe ?&#8221; (J\u00e9r\u00f4me Qu\u00e9r\u00e9, pr\u00e9sident des &#8220;Jeunes Europ\u00e9ens en France&#8221; : http:\/\/www.euractiv.fr\/section\/all\/opinion\/debat-de-la-primaire-la-droite-francaise-a-t-elle-oublie-leurope\/?nl_ref=24314491<\/p>\n<p>-&#8220;Il y a un tr\u00e8s grand discr\u00e9dit des politiques publiques&#8221; (l&#8217;\u00e9conomiste Jean Pisani-Ferry; interrog\u00e9 par Nicolas Pierron; vid\u00e9o) :  http:\/\/www.dailymotion.com\/video\/x510wmh<\/p>\n<p>-&#8220;Les \u00e9cologistes font beaucoup plus de politique que d&#8217;\u00e9cologie&#8221; (Luc Ferry, ancien ministre de l&#8217;Education; vid\u00e9o) : http:\/\/www.dailymotion.com\/video\/x510x9q_les-ecologistes-font-beaucoup-plus-de-politique-que-d-ecologie-luc-ferry-07-11-2016_news<\/p>\n<p><em>-Les attentes des Fran\u00e7ais pour l&#8217;\u00e9lection pr\u00e9sidentielle (HARRIS) : <\/em>  http:\/\/harris-interactive.fr\/opinion_polls\/les-attentes-pour-lelection-presidentielle\/<\/p>\n<p><strong>EUROPE-MONDE<\/strong><\/p>\n<p><strong>-&#8220;Le projet europ\u00e9en peut \u00e9chouer&#8221; (Frans Timmermans, premier vice-pr\u00e9sident de la Commission europ\u00e9enne; propos recueillis par Fran\u00e7ois-Xavier Lefranc) <\/strong> :                                       http:\/\/www.euractiv.fr\/section\/all\/interview\/timmermans-le-projet-europeen-peut-echouer\/?nl_ref=24314491<\/p>\n<p><strong>-&#8220;La renaissance du nucl\u00e9aire butte sur les renouvelables&#8221; (Nicole Sagener) : <\/strong> http:\/\/www.euractiv.fr\/section\/energie\/news\/no-end-in-sight-to-europes-atomic-age\/?nl_ref=24314491<\/p>\n<p>-La Commission se r\u00e9jouit du retour de Luis de Guindos, ministre espagnol de l&#8217;Economie (Jorge Valero) :  http:\/\/www.euractiv.fr\/section\/euro-finances\/news\/guindos-reappointment-as-economic-minister-pleases-europe\/?nl_ref=24314491<\/p>\n<p>-Elle est pr\u00eate \u00e0 assouplir l&#8217;accord avec l&#8217;Ukraine pour satisfaire La Haye (Georgi Gotev) : http:\/\/www.euractiv.fr\/section\/l-europe-dans-le-monde\/news\/commission-offers-the-dutch-help-to-unblock-the-eu-ukraine-pact\/?nl_ref=24314491<\/p>\n<p>-Elle prend son temps sur le nouveau r\u00e8glement bio (Sarantis Michalopoulos) : http:\/\/www.euractiv.fr\/section\/agriculture-alimentation\/news\/organic-regulation-review-commission-focuses-on-substance-over-speed\/?nl_ref=24314491<\/p>\n<p>-Des N\u00e9erlandais lancent une p\u00e9tition contre la ratification du CETA (Georgi Gotev) : http:\/\/www.euractiv.fr\/section\/politique\/news\/dutch-referendum-petition-launched-to-oppose-ceta-ratification\/?nl_ref=24314491<\/p>\n<p><strong>-Vers un r\u00e9f\u00e9rendum ? (Val\u00e9rie Collet; vid\u00e9o)<\/strong> :  http:\/\/www.lefigaro.fr\/conjoncture\/2016\/11\/07\/20002-20161107ARTFIG00001-ceta-un-referendum-se-profile-aux-pays-bas.php?een<\/p>\n<p>-La production laiti\u00e8re, sur demande de la FAO, pourrait acc\u00e9der au financement carbone (Romain Loury) : http:\/\/www.euractiv.fr\/section\/agriculture-alimentation\/news\/la-fao-ouvre-la-finance-carbone-au-secteur-laitier\/?nl_ref=24314491<\/p>\n<p>-&#8220;Les vaches danoises se convertissent au bio&#8221; (vid\u00e9o) :  http:\/\/www.rfi.fr\/video\/20161105-vaches-danoises-convertissent-bio<\/p>\n<p>-Pour Chypre, selon l&#8217;ONU, &#8220;il y a une solution \u00e0 port\u00e9e de la main&#8221; (vid\u00e9o) : http:\/\/nr.news-republic.com\/Web\/ArticleWeb.aspx?regionid=2&#038;articleid=76946605<\/p>\n<p>-Apr\u00e8s l&#8217;arrestation de ses \u00e9lus, le HDP, principal parti pro-kurde, boycotte le Parlement turc : http:\/\/www.lemonde.fr\/proche-orient\/article\/2016\/11\/06\/turquie-apres-l-arrestation-de-ses-elus-le-principal-parti-prokurde-boycotte-le-parlement_5026222_3218.html<\/p>\n<p>-L&#8217;offensive contre l&#8217;EI \u00e0 Raqqua a commenc\u00e9 (vid\u00e9o) :                                                                            http:\/\/www.bfmtv.com\/mediaplayer\/video\/syrie-l-offensive-contre-l-ei-a-raqqa-a-commence-883019.html<\/p>\n<p>-&#8220;L&#8217;Etat islamique a d\u00e9j\u00e0 essaim\u00e9 dans de nombreux territoires&#8221; (le g\u00e9opolitologue Fr\u00e9d\u00e9ric Encel; son) : http:\/\/www.radioclassique.fr\/player\/progaction\/iniPlayer\/podcast\/ledito-politique-de-guillaume-tabard-2016-11-07-08-13-49.html<\/p>\n<p>-L&#8217;ouverture de la COP 22 \u00e0 Marrakech (vid\u00e9o) : http:\/\/nr.news-republic.com\/Web\/ArticleWeb.aspx?regionid=2&#038;articleid=76982783<\/p>\n<p>-&#8220;Il va falloir commencer \u00e0 dresser des plans d&#8217;action&#8221; (Hakima El Haite, ministre de l&#8217;Environnement marocaine, qui accueille la COP 22; propos recueillis par Dominique Pialot) :                 http:\/\/www.euractiv.fr\/section\/climat-environnement\/news\/hakima-el-haite-il-va-falloir-commencer-a-dresser-des-plans-daction\/?nl_ref=24314491<\/p>\n<p>-L&#8217;accord de Paris et apr\u00e8s ? (Matt Mace) : http:\/\/www.euractiv.fr\/section\/climat-environnement\/news\/trashed-52\/?nl_ref=24314491<\/p>\n<p><strong>-&#8220;Comprendre les n\u00e9gociations qui s&#8217;ouvrent&#8221; (Simon Roger) : <\/strong> http:\/\/www.lemonde.fr\/conferences-climat\/article\/2016\/11\/07\/tout-comprendre-aux-negociations-de-la-cop22_5026432_5024922.html<\/p>\n<p><strong>-&#8220;Que peut-on en attendre ?&#8221; (C\u00e9lia Gautier du &#8220;R\u00e9seau Action Climat&#8221; (propos recueillis par Weronika Zarachowicz) : <\/strong> http:\/\/www.telerama.fr\/monde\/le-grand-enjeu-de-la-cop22-consiste-a-finir-de-negocier-l-application-de-l-accord-de-paris,149645.php#xtor=EPR<\/p>\n<p>-&#8220;La bataille pour le climat ne fait que commencer&#8221; (Marielle Court; vid\u00e9o) : http:\/\/www.lefigaro.fr\/sciences\/2016\/11\/06\/01008-20161106ARTFIG00109-la-bataille-pour-le-climat-ne-fait-que-commencer.php?een=<\/p>\n<p>&#8211;<strong>&#8220;On va parler du passage \u00e0 l&#8217;acte&#8221; (Corinne Lepage, pr\u00e9sidente du Rassemblement citoyen; son) <\/strong> : http:\/\/www.sudradio.fr\/Podcasts\/L-invite-pour-comprendre\/Corinne-Lepage-Presidente-du-Rassemblement-Citoyen<\/p>\n<p>-&#8220;L&#8217;Union europ\u00e9enne n&#8217;est pas encore au rendez-vous des engagements pris lors de la COP 21&#8221; (Pascal Durand, eurod\u00e9put\u00e9 Vert; interrog\u00e9 par Fr\u00e9d\u00e9ric Rivi\u00e8re; vid\u00e9o) :                                         http:\/\/www.rfi.fr\/video\/20161107-pascal-durand-eelv-ue-est-pas-encore-rendez-vous-engagements-pris-lors-cop-21<\/p>\n<p>-&#8220;La COP 22 doit concr\u00e9tiser les engagements de la COP 21&#8221; (Baptiste Gaborit; son) : http:\/\/www.radioclassique.fr\/player\/progaction\/iniPlayer\/podcast\/3-minutes-pour-la-planete-2016-11-07-06-47-00.html<\/p>\n<p><strong>-&#8220;Les contributions des Etats nous am\u00e8nent \u00e0 un r\u00e9chauffement sup\u00e9rieur \u00e0 3%&#8221; (Anne Bringault, coordinatrice sur la transition \u00e9nerg\u00e9tique pour le r\u00e9seau &#8220;Action Climat&#8221;; invit\u00e9e de la matinale de France Inter; son) : <\/strong>  https:\/\/www.franceinter.fr\/emissions\/l-invite-du-5-7\/l-invite-du-5-7-07-novembre-2016<\/p>\n<p>-&#8220;Le Congr\u00e8s am\u00e9ricain est devenu le bras arm\u00e9 des puissances de l&#8217;argent&#8221; (le juriste Lawrence Lessig; entretien r\u00e9alis\u00e9 par Olivier Tesquet) : http:\/\/www.telerama.fr\/monde\/lawrence-lessig-le-congres-americain-est-devenu-le-bras-arme-des-puissances-de-l-argent,149636.php#xtor=EPR<\/p>\n<p><strong>-&#8220;Comprendre le ph\u00e9nom\u00e8ne Donald Trump&#8221; (Laure Mandeville, correspondante du &#8220;Figaro&#8221; aux Etats-Unis; entretien r\u00e9alis\u00e9 par Vincent Tremoler de Villers) <\/strong> :                                                http:\/\/www.lefigaro.fr\/vox\/monde\/2016\/10\/07\/31002-20161007ARTFIG00332-donald-trump-et-la-colere-populaire-americaine-le-dessous-des-cartes.php?een=<\/p>\n<p>-&#8220;Deux syst\u00e8mes m\u00e9diatiques diff\u00e9rents&#8221;  (Amaury de Rochegonde; vid\u00e9o) : http:\/\/www.rfi.fr\/emission\/20161105-trump-clinton-campagne-deux-systemes-mediatiques-reseaux-sociaux<\/p>\n<p>-La campagne \u00e9lectorale et l&#8217;environnement (Nathalie Fontrel; son) : https:\/\/www.franceinter.fr\/emissions\/planete-environnement\/planete-environnement-07-novembre-2016<\/p>\n<p><strong>-&#8220;L&#8217;\u00e9lection am\u00e9ricaine est favorable aux femmes&#8221; (la philosophe Elisabeth Badinter, invit\u00e9e d&#8217;Olivia Gesbert; sons) <\/strong> : https:\/\/www.franceculture.fr\/emissions\/linvite-des-matins\/elisabeth-badinter-le-pouvoir-des-femmes#xtor=EPR                       https:\/\/www.franceculture.fr\/emissions\/linvite-des-matins-2eme-partie\/elisabeth-badinter-le-pouvoir-des-femmes-2eme-partie<\/p>\n<p>-Elle \u00e9tait aussi interrog\u00e9e par Ruth Elkrief sur BFM TV (vid\u00e9o) : http:\/\/www.bfmtv.com\/mediaplayer\/video\/elisabeth-badinterface-a-ruth-elkrief-883015.html<\/p>\n<p><strong>-&#8220;Les Etats-Unis souhaitent une France forte&#8221; (Hubert V\u00e9drine; entretien r\u00e9alis\u00e9 par Fran\u00e7ois Clemenceau) <\/strong> : http:\/\/www.lejdd.fr\/International\/USA\/Hubert-Vedrine-Les-Etats-Unis-souhaitent-une-France-forte-822097<\/p>\n<p>-&#8220;Jamais Trump&#8221; contre &#8220;jamais Hillary&#8221; (Bernard Guetta; son) : https:\/\/www.franceinter.fr\/emissions\/geopolitique\/geopolitique-07-novembre-2016<\/p>\n<p>-&#8220;Si cette \u00e9lection \u00e9tait un vol commercial, nous aurions tous des sacs \u00e0 vomi&#8221; (dans la presse am\u00e9ricaine; ci\u00e9 par Luc Vinogradoff) : http:\/\/www.lemonde.fr\/big-browser\/article\/2016\/11\/07\/elections-americaines-si-c-etait-un-vol-commercial-on-aurait-tous-des-sacs-a-vomi_5026820_4832693.html#xtor=AL-32280270<\/p>\n<p><strong>CULTURE-MEDIAS<br \/>\n<\/strong><\/p>\n<p><strong>-&#8220;La la\u00efcit\u00e9 doit \u00eatre une la\u00efcit\u00e9 d&#8217;inclusion&#8221; (Gilles Kepel, professeur \u00e0 l&#8217;Ecole normale sup\u00e9rieure et \u00e0 Science Po; invit\u00e9 de L\u00e9a Salam\u00e9; vid\u00e9o) : <\/strong> https:\/\/www.franceinter.fr\/emissions\/l-invite-de-7h50\/l-invite-de-7h50-07-novembre-2016<\/p>\n<p>-Jusqu&#8217;au 30 janvier 2017, au Mus\u00e9e de l&#8217;Orangerie, &#8220;La Peinture am\u00e9ricaine des ann\u00e9es 1930&#8221; (Magali Lesauvage) : http:\/\/next.liberation.fr\/arts\/2016\/11\/06\/supports-de-l-angoisse_1526585?xtor=EPR-450206&#038;utm_source<\/p>\n<p>-La pianiste classique fran\u00e7aise Vanessa Wagner et le Mexicain Murcof, maestro de l&#8217;\u00e9lectro, interpr\u00e8tent John Cages et Erik Satie dans l&#8217;\u00e9glise Saint-Eustache \u00e0 Paris (vid\u00e9os) :                            http:\/\/www.telerama.fr\/musique\/musiques-a-la-carte-vanessa-wagner-et-murcof-en-duo-piano-electro,149132.php#xtor=EPR<\/p>\n<p>-Dans 29 salles ind\u00e9pendantes parisiennes, jusqu&#8217;au 12 juiller 2017, le &#8220;Festival Avant-Premi\u00e8res&#8221; projette 29 films pour 5 euros (J\u00e9r\u00e9mie Couston; vid\u00e9o) :                                                             http:\/\/www.telerama.fr\/sortir\/alerte-cinephiles-un-festival-projette-les-films-en-avant-premiere-pour-5-euros,144939.php#xtor=EPR<\/p>\n<p>-Anne Dorval, la muse de Xavier Dolan, brille dans &#8220;R\u00e9parer les Vivants&#8221; de Katell Kill\u00e9v\u00e9r\u00e9 (C\u00e9cile Mury; vid\u00e9o) : http:\/\/www.telerama.fr\/cinema\/anne-dorval-mere-nature,149390.php#xtor=EPR<\/p>\n<p><strong>-A Noisy-le-Sec (93), jusqu&#8217;au 15 novembre, la 5e \u00e9dition du &#8220;Festival du film franco-arabe&#8221; parrain\u00e9 par Costa-Gavras (vid\u00e9o) :<\/strong>  https:\/\/www.youtube.com\/watch?v=PccLjLb62Nc<\/p>\n<p><strong>-&#8220;La Sociale&#8221; de Gilles Perret sort demain. Vous avez aim\u00e9 &#8220;Demain&#8221;, vous adorerez &#8220;La Sociale&#8221;<\/strong> : http:\/\/www.lasociale.fr\/<\/p>\n<p>-Des albums de Serge Gainsbourg remis \u00e0 neuf (Laurent Rigoulet) : http:\/\/www.telerama.fr\/musique\/quand-gainsbourg-aimait-jane-et-autres-coups-de-foudre,149630.php#xtor=EPR<\/p>\n<p>-Jusqu&#8217;au 11 novembre, Alain Chamfort sera sur France Culture dans &#8220;A voix nue&#8221; \u00e0 20H (Erwan Perron; vid\u00e9o) : http:\/\/www.telerama.fr\/radio\/alain-chamfort-le-charme-discret-du-dandy,149410.php#xtor=EPR<\/p>\n<p><strong>-&#8220;Nous n&#8217;oublions pas que nous sommes la France&#8221; (le rappeur Abd Al Malik, interrog\u00e9 par Thomas Sotto; vid\u00e9o) <\/strong> : http:\/\/www.europe1.fr\/emissions\/l-interview-verite\/abd-al-malik-noublions-pas-que-nous-sommes-la-france-2892890<\/p>\n<p><strong>-Un an de chanson fran\u00e7aise apr\u00e8s les attentats (Rebecca Manzoni; vid\u00e9o) : <\/strong> https:\/\/www.franceinter.fr\/emissions\/pop-co\/pop-co-07-novembre-2016<\/p>\n<p>-Le quartier latin au fil d&#8217;expositions photos gratuites, dans le cadre du festival &#8220;Photo Saint-Germain&#8221; (Fr\u00e9d\u00e9rique Chapuis et Laurent Collobert pour un parcours interactif :                                        http:\/\/www.telerama.fr\/sortir\/photo-saint-germain-notre-parcours-interactif-des-expositions-gratuites,149606.php#xtor=EPR<\/p>\n<p>-Au viaduc des Arts, Jeremy Maxwell Wintrebert, le souffleur de verre par accident (S\u00e9bastien Porte; vid\u00e9o) :  http:\/\/www.telerama.fr\/sortir\/jeremy-maxwell-wintrebert-souffleur-de-verre-par-accident,149468.php#xtor=EPR<\/p>\n<p><strong>-Aude Lancelin, prix Renaudot essai 2016, \u00e9tait l&#8217;invit\u00e9e de Sonia Devillers (vid\u00e9o, amener le curseur sur 2:15) <\/strong> : http:\/\/www.dailymotion.com\/video\/x511j9r_aude-lancelin-prix-renaudot-pour-une-plume-vengeresse_news<\/p>\n<p>-&#8220;Une ambition intime&#8221; de Karine Le Marchand a rassembl\u00e9 2, 7 millions de t\u00e9l\u00e9spectateurs (J\u00e9r\u00f4me Ivanichtchenko; vid\u00e9o) :  http:\/\/www.europe1.fr\/emissions\/le-fait-medias-du-jour\/une-ambition-intime-lemission-qui-provoque-la-polemique-2893022<\/p>\n<p><strong>-Jean-Luc M\u00e9lenchon, Fran\u00e7ois Bayrou, Fran\u00e7ois Fillon et Alain Jupp\u00e9 participaient \u00e0 l&#8217;\u00e9mission (vid\u00e9o)<\/strong> : http:\/\/www.6play.fr\/une-ambition-intime-p_6204\/Francois-Bayrou-Francois-Fillon-Alain-Juppe-et-Jean-Luc-Melenchon-c_11623972<\/p>\n<p>-TF 1 veut introduire de la publicit\u00e9 dans ses journaux t\u00e9l\u00e9vis\u00e9s (Marc Baudriller; son) : http:\/\/www.radioclassique.fr\/player\/progaction\/iniPlayer\/podcast\/la-vie-des-medias-2016-11-07-07-40-56.html<\/p>\n<p>-Sur Netflix, &#8220;Designated Survivor&#8221;, la s\u00e9rie avec \u00e0 l&#8217;affiche Kiefer Sutherland qui fut l&#8217;interpr\u00e8te de Jack Bauer (propos recueillis par Pierre Langlais; vid\u00e9o) :                                              http:\/\/www.telerama.fr\/series-tv\/kiefer-sutherland-designated-survivor-donne-une-image-moins-rigide-de-la-politique,149322.php#xtor=EPR-126-newsletter_tra-20161107<\/p>\n<p>-Pour le Vend\u00e9e Globe, la t\u00e9l\u00e9 peine \u00e0 prendre le large (Christophe Var\u00e8ne) : http:\/\/television.telerama.fr\/television\/vendee-globe-la-tele-peine-a-prendre-le-large,149401.php#xtor=EPR<\/p>\n<p>-&#8220;Voyage en terre d&#8217;espoir&#8221; (Edwy Plenel, directeur de Mediapart; invit\u00e9 de Dimitri Pavlenko; son) : http:\/\/www.sudradio.fr\/Podcasts\/L-invite-pour-comprendre\/Edwy-Plenel-directeur-de-Mediapart<\/p>\n<p>-Au salon des grandes \u00e9coles avec Guillaume Meurice (vid\u00e9o) : http:\/\/www.dailymotion.com\/video\/x5128d0_au-salon-des-grandes-ecoles-le-moment-meurice_fun<\/p>\n<p><strong>-&#8220;La racaille du XVIe&#8221; (Sophia Aram; vid\u00e9o) <\/strong> : http:\/\/www.dailymotion.com\/video\/x510lg1_la-racaille-du-xvieme-le-billet-de-sophia-aram_fun<\/p>\n<p><strong>-&#8220;Le PCF se plante une faucille dans le pied en refusant de soutenir M\u00e9lenchon&#8221; (Charline Vanhoenacker; vid\u00e9o) :<\/strong> https:\/\/www.franceinter.fr\/emissions\/le-billet-de-charline-vanhoenacker\/le-billet-de-charline-vanhoenacker-07-novembre-2016<\/p>\n","protected":false},"excerpt":{"rendered":"<p>ACTUALITE -18 organisations et syndicats d&#8217;infirmiers du public et du priv\u00e9 appellent \u00e0 une gr\u00e8ve unitaire aujourd&#8217;hui (Val\u00e9rie Collet) : http:\/\/www.lefigaro.fr\/conjoncture\/2016\/11\/07\/20002-20161107ARTFIG00004-greve-unitaire-des-infirmiers-mardi.php?een -Christophe Prudhomme de la CGT, pr\u00e9sident de l&#8217;Association des m\u00e9decins urgentistes (son) : http:\/\/www.sudradio.fr\/Podcasts\/L-invite-pour-comprendre\/Christophe-Prudhomme-porte-parole-de-l-Amuf4 -Des femmes moins pay\u00e9es que leurs coll\u00e8gues masculins (son) : http:\/\/www.sudradio.fr\/Podcasts\/Les-reportages-de-la-matinee\/Egalite-salariale -&#8220;Tr\u00e8s loin de l&#8217;\u00e9galit\u00e9&#8221; (vid\u00e9os) : http:\/\/www.francetvinfo.fr\/economie\/emploi\/carriere\/vie-professionnelle\/emploi-des-femmes\/salaires-tres-loin-de-l-egalite_1909567.html http:\/\/www.francetvinfo.fr\/economie\/emploi\/carriere\/vie-professionnelle\/emploi-des-femmes\/salaires-une-femme-cadre-est-remuneree-19-8-de-moins-que-les-hommes_1909569.html -Les [&hellip;]<\/p>\n","protected":false},"author":1042,"featured_media":0,"comment_status":"open","ping_status":"open","sticky":false,"template":"","format":"standard","meta":{"_themeisle_gutenberg_block_has_review":false,"footnotes":""},"categories":[151],"tags":[],"class_list":["post-9981","post","type-post","status-publish","format-standard","hentry","category-la-revue-de-presse-de-lulu"],"_links":{"self":[{"href":"https:\/\/archives.regards.fr\/index.php?rest_route=\/wp\/v2\/posts\/9981","targetHints":{"allow":["GET"]}}],"collection":[{"href":"https:\/\/archives.regards.fr\/index.php?rest_route=\/wp\/v2\/posts"}],"about":[{"href":"https:\/\/archives.regards.fr\/index.php?rest_route=\/wp\/v2\/types\/post"}],"author":[{"embeddable":true,"href":"https:\/\/archives.regards.fr\/index.php?rest_route=\/wp\/v2\/users\/1042"}],"replies":[{"embeddable":true,"href":"https:\/\/archives.regards.fr\/index.php?rest_route=%2Fwp%2Fv2%2Fcomments&post=9981"}],"version-history":[{"count":0,"href":"https:\/\/archives.regards.fr\/index.php?rest_route=\/wp\/v2\/posts\/9981\/revisions"}],"wp:attachment":[{"href":"https:\/\/archives.regards.fr\/index.php?rest_route=%2Fwp%2Fv2%2Fmedia&parent=9981"}],"wp:term":[{"taxonomy":"category","embeddable":true,"href":"https:\/\/archives.regards.fr\/index.php?rest_route=%2Fwp%2Fv2%2Fcategories&post=9981"},{"taxonomy":"post_tag","embeddable":true,"href":"https:\/\/archives.regards.fr\/index.php?rest_route=%2Fwp%2Fv2%2Ftags&post=9981"}],"curies":[{"name":"wp","href":"https:\/\/api.w.org\/{rel}","templated":true}]}}