{"id":9977,"date":"2016-11-07T07:47:26","date_gmt":"2016-11-07T06:47:26","guid":{"rendered":"https:\/\/wp.muchomaas.com\/article-la-revue-du-7-novembre-2016\/"},"modified":"2023-06-23T23:23:22","modified_gmt":"2023-06-23T21:23:22","slug":"article-la-revue-du-7-novembre-2016","status":"publish","type":"post","link":"https:\/\/archives.regards.fr\/?p=9977","title":{"rendered":"La Revue du 7 novembre 2016"},"content":{"rendered":"<strong>ACTUALITE<\/strong>\n\n-&#8220;Le tourisme en Ile-de-France paie les attentats au prix fort&#8221; (Christian Meyze) : http:\/\/france3-regions.francetvinfo.fr\/paris-ile-de-france\/paris\/tourisme-ile-france-paie-attentats-au-prix-fort-1123523.html#xtor=EPR\n\n-Au Bois de Boulogne, le centre d&#8217;accueil des sans-abri ouvre en avance (vid\u00e9o) :  http:\/\/france3-regions.francetvinfo.fr\/paris-ile-de-france\/paris\/centre-accueil-abri-du-bois-boulogne-ouvre-avance-bruit-1123433.html#xtor=EPR\n\n<strong>-&#8220;On est \u00e0 la 30e \u00e9vacuation. Il faut maintenant \u00e9viter qu&#8217;il y en ait une 31e&#8221; (Yann Brossat, adjoint communiste \u00e0 la maire de Paris, interrog\u00e9 par Fran\u00e7ois Gapihan; vid\u00e9o) : <\/strong>                    http:\/\/www.bfmtv.com\/mediaplayer\/video\/camp-de-stalingrad-3-800-migrants-evacues-22-882389.html\n\n-&#8220;Welcome dans le 16e arrondissement&#8221; (dans &#8220;Quotidien&#8221; de Yann Barth\u00e8s; vid\u00e9o) : http:\/\/www.tf1.fr\/tmc\/quotidien-avec-yann-barthes\/videos\/jungle-16eme-arrondissement-de-paris.html\n\n-Le centre d&#8217;h\u00e9bergement \u00e0 nouveau attaqu\u00e9 : http:\/\/www.lemonde.fr\/immigration-et-diversite\/article\/2016\/11\/06\/paris-le-centre-d-hebergement-du-16e-arrondissement-attaque-une-2e-fois_5026292_1654200.html#xtor=AL-32280270\n\n<strong>-Les lanceurs d&#8217;alerte sur le traitement r\u00e9serv\u00e9 aux animaux d&#8217;\u00e9levage (&#8220;13H15 le samedi&#8221;; vid\u00e9o) <\/strong> : http:\/\/www.francetvinfo.fr\/replay-magazine\/france-2\/13h15\/13h15-du-samedi-5-novembre-2016_1895779.html\n\n<strong>-Brigitte Gothi\u00e8re, porte-parole de l&#8217;association L214 sur France Inter (son et vid\u00e9o) <\/strong> : https:\/\/www.franceinter.fr\/emissions\/itw-societe-civile\/itw-societe-civile-06-novembre-2016\n\n-&#8220;Coup de th\u00e9\u00e2tre \u00e0 Notre-Dame-des-Landes&#8221; (vid\u00e9os) :  http:\/\/www.francetvinfo.fr\/economie\/transports\/aeroport-de-notre-dame-des-landes-coup-de-theatre_1906445.html                                           http:\/\/www.francetvinfo.fr\/politique\/notre-dame-des-landes\/notre-dame-des-landes-coup-d-arret-au-chantier_1906493.html\n\n<strong>-&#8220;Un village gaulois&#8221; (vid\u00e9o) <\/strong> : http:\/\/www.francetvinfo.fr\/economie\/emploi\/metiers\/droit-et-justice\/notre-dame-des-landes-l-arret-du-projet-d-aeroport_1906749.html\n\n-Paris engrange les premiers r\u00e9sultats de sa lutte contre la pollution (Matthieu Quiret) : http:\/\/www.lesechos.fr\/industrie-services\/energie-environnement\/0211458161004-paris-engrange-les-premiers-resultats-de-sa-lutte-contre-la-pollution-2040139.php#xtor=EPR-\n\n-&#8220;Une v\u00e9g\u00e9talisation de Lyon tous azimuts&#8221; (L\u00e9a Delpont) : http:\/\/www.lesechos.fr\/industrie-services\/energie-environnement\/0211415943080-lyon-une-vegetalisation-tous-azimuts-2040188.php#xtor=EPR\n\n<strong>-&#8220;Alors que s&#8217;ouvre la COP 22 \u00e0 Marrakech, que sont devenus les engagements de la COP 21 ?&#8221; (&#8220;Le T\u00e9l\u00e9phone sonne&#8221;, avec le m\u00e9decin chercheur Jean-Louis Etienne, Pascal Canfin, directeur g\u00e9n\u00e9ral du WWF France et Pierre Radanne, pr\u00e9sident de l&#8217;association 4D; d\u00e9bat anim\u00e9 par Claire Servajean; son) <\/strong> : https:\/\/www.franceinter.fr\/emissions\/le-telephone-sonne\/le-telephone-sonne-04-novembre-2016\n\n<strong>-&#8220;Il y a alerte rouge sur la plan\u00e8te. Notre maison continue de br\u00fbler&#8221; (Laurent Fabius, pr\u00e9sident du Conseil constitutionnel; propos recueillis par Herv\u00e9 Gattegno et Richard Bellet) :   <\/strong> http:\/\/www.lejdd.fr\/Politique\/Fabius-sur-le-climat-Notre-maison-continue-de-bruler-822220\n\n-&#8220;Je suis grouillot, l&#8217;oeil et la plume de l&#8217;\u00e9quipe du skipper Jean-Pierre Dick&#8221; (l&#8217;acad\u00e9micien Erik Orsenna, invit\u00e9 de Wendy Bouchard; son) :                                                                                   http:\/\/www.europe1.fr\/emissions\/linterview-verite-du-week-end\/erik-orsenna-je-suis-le-grouillot-loeil-et-la-plume-de-lequipe-de-jean-pierre-dick-2891597\n\n-Ils participent au Vend\u00e9e Globe pour la premi\u00e8re fois (vid\u00e9o) : http:\/\/www.lci.fr\/vendee-globe\/vendee-globe-2016-paroles-de-solitaires-les-motivations-et-les-peurs-des-bizuths-qui-participent-pour-la-premiere-fois-2011105.html\n\n-&#8220;A la mer comme \u00e0 la mer !&#8221; (un reportage de J\u00e9r\u00f4me Val; son) : https:\/\/www.franceinter.fr\/emissions\/interception\/interception-30-octobre-2016\n\n<strong>-Tanguy Lamotte, le skipper qui vient en aide aux enfants du monde (vid\u00e9o) :      <\/strong>                                                                                                                                                                            http:\/\/www.francetvinfo.fr\/sports\/voile\/vendee-globe\/tanguy-delamotte-le-skipper-qui-vient-en-aide-aux-enfants-du-monde-entier_1906775.html\n\n-Le directeur de l&#8217;IUT de Saint-Denis (93) avait \u00e9t\u00e9 suspendu \u00e0 tort : http:\/\/france3-regions.francetvinfo.fr\/paris-ile-de-france\/directeur-iut-saint-denis-avait-ete-suspendu-tort-1123613.html#xtor=EPR\n\n<strong>-&#8220;La porosit\u00e9 entre les mondes judiciaire et politique est absolue&#8221; (les journalistes du &#8220;Monde&#8221; G\u00e9rard Davet et Fabrice Lhomme, interrog\u00e9s par des internautes) :    <\/strong>                                           http:\/\/www.lemonde.fr\/societe\/article\/2016\/11\/04\/enquete-squarcini-la-porosite-entre-les-mondes-judiciaire-et-politique-est-absolue_5025630_3224.html\n\n<em>-Pour les Fran\u00e7ais, les trois sujets les plus importants auxquels le pays est confront\u00e9 (ELABE) :<\/em> http:\/\/elabe.fr\/la-securite\/\n\n<strong>POLITIQUE<\/strong>\n\n<strong>-&#8220;L&#8217;heure n&#8217;est pas \u00e0 pr\u00e9senter un candidat de plus. Je suis favorable  \u00e0 ce rassemblement avec Jean-Luc M\u00e9lenchon, un choix de raison. On n&#8217;est pas d&#8217;accord sur tout mais c&#8217;est l\u00e0 qu&#8217;il y a le plus de convergences, davantage qu&#8217;avec Arnaud Montebourg. Le Parti communiste n&#8217;a pas d\u00e9cid\u00e9 de se dissoudre. Au final, ce sont les adh\u00e9rents qui vont d\u00e9cider dans un vote \u00e0 bulletin secret&#8221; (Yann Brossat, adjoint communiste \u00e0 la mairie de Paris, invit\u00e9 de la matinale de LCI; vid\u00e9o) : <\/strong> http:\/\/www.lci.fr\/replay\/la-revue-de-presse-du-politique-avec-ian-brossat-adjoint-pcf-a-la-mairie-de-paris-2011114.html\n\n-&#8220;Le soutien \u00e0 Jean-Luc M\u00e9lenchon est une premi\u00e8re \u00e9tape mais j&#8217;esp\u00e8re que nous pourrons aller beaucoup plus loin dans les semaines et les mois qui viennent. Les \u00e9lecteurs du Front de gauche de 2012 le souhaitaient profond\u00e9ment, c&#8217;est cela qui compte. Nous devons \u00eatre le maillon fort du rassemblement. Il y a deux \u00e9lections, les communistes seront tr\u00e8s pr\u00e9sents  pour \u00e9lections l\u00e9gislatives. Si Montebourg remportait la primaire, ce serait un \u00e9v\u00e8nement consid\u00e9rable qui devrait conduire \u00e0 ce que les communistes, Jean-Luc M\u00e9lenchon et Arnaud Montebourg  se parlent. Si les communistes rejetaient ma proposition, quinze jours \u00e0 trois semaines apr\u00e8s leur vote,  nous avons pr\u00e9vu que le Conseil national fasse une proposition de candidature communiste&#8221; (Pierre Laurent interrog\u00e9 sur RTL par Bernard Poitrette; son) : http:\/\/www.rtl.fr\/actu\/politique\/presidentielle-2017-pierre-laurent-veut-faire-du-pcf-le-maillon-fort-du-rassemblement-7785603756\n\n<strong>-Apr\u00e8s la Conf\u00e9rence nationale, il \u00e9tait re\u00e7u par Pierre Weill sur France Inter (vid\u00e9o) <\/strong> : https:\/\/www.franceinter.fr\/emissions\/l-interview-politique\/l-interview-politique-06-novembre-2016\n\n-Les travaux de la Conf\u00e9rence nationale du PCF (vid\u00e9os) : http:\/\/www.pcf.fr\/93420\n\n-&#8220;D\u00e9savouant Pierre Laurent, la Conf\u00e9rence nationale du PCF opte pour un candidat communiste&#8221; (Christophe Gueugneau; pi\u00e8ce jointe);\n\n-&#8220;La Conf\u00e9rence nationale du PCF refuse de se rallier \u00e0 Jean-Luc M\u00e9lenchon&#8221; (Rapha\u00eblle Besse Desmouli\u00e8res) : http:\/\/www.lemonde.fr\/politique\/article\/2016\/11\/05\/election-presidentielle-la-conference-nationale-du-pcf-refuse-de-se-rallier-a-jean-luc-melenchon_5026081_823448.html\n\n-&#8220;M\u00e9lenchon \u00e9merge face \u00e0 un PS en plein marasme&#8221; (pi\u00e8ce jointe); \n\n<strong>-Aux journaux t\u00e9l\u00e9vis\u00e9s de France 2, TF1 (amener le curseur sur 12:48), FR3 (amener le curseur sur 7:24), LCI <\/strong> :                                                                                                                                                    http:\/\/www.francetvinfo.fr\/politique\/melenchon\/presidentielle-2017-les-cadres-du-parti-communiste-refusent-de-soutenir-jean-luc-melenchon_1906751.html                                                        http:\/\/www.tf1.fr\/tf1\/jt-we\/videos\/20-heures-5-novembre-2016.html                                                                                                                                                                                              http:\/\/www.francetvinfo.fr\/replay-jt\/france-3\/soir-3\/jt-soir-3-dimanche-6-novembre-2016_1896861.html           http:\/\/www.lci.fr\/politique\/les-cadres-du-pcf-refusent-le-ralliement-a-melenchon-les-militants-trancheront-2011166.html   \n\n<strong>-Pierre Laurent, Andr\u00e9 Chassaigne, Olivier Dartigolles et le politologue Eddy Fougier sur BFMTV avec Fran\u00e7ois Gapihan (vid\u00e9o) : <\/strong>       http:\/\/www.bfmtv.com\/mediaplayer\/video\/presidentielle-2017-pourquoi-les-cadres-du-pcf-privilegient-ils-une-candidature-interne-882541.html    \n\n-&#8220;Le PCF \u00e9vacue M\u00e9lenchon&#8230;et se divise sur Montebourg&#8221; (Athur Nazaret) : http:\/\/www.lejdd.fr\/Politique\/Le-PCF-evacue-Melenchon-et-se-divise-sur-Montebourg-822253 \n                                                                                                                                                                                                              -&#8220;Montebourg, Laurent et  M\u00e9lenchon, un pour tous, mais tous pour &#8230;moi&#8221; (Xavier Frison) : http:\/\/www.marianne.net\/montebourg-laurent-melenchon-tous-tous-moi-100247664.html                                                                                                                                                                                     \n\n<strong>-&#8220;\u00c7a ne change rien. Moi, je ne veux me f\u00e2cher avec personne. Apr\u00e8s avoir dit  qu&#8217;il fallait le rassemblement, ils rajoutent une candidature suppl\u00e9mentaire. Bon courage !&#8221;  (Alexis Corbi\u00e8re, porte-parole de Jean-Luc M\u00e9lenchon; son) :  <\/strong> http:\/\/www.europe1.fr\/politique\/pour-lentourage-de-melenchon-labsence-de-soutien-du-pcf-ne-change-rien-2892110  \n\n<strong>-&#8220;Communistes fran\u00e7ais, face \u00e0 leur destin&#8221; (Roger Martelli) : <\/strong> https:\/\/wp.muchomaas.com\/qui-veut-la-peau-de-roger-martelli\/article\/communistes-francais-face-a-leur-destin\n\n-&#8220;Le quinquennat a \u00e9chou\u00e9. Le chemin strat\u00e9gique que je compte suivre, c&#8217;est celui du rassemblement des gauches. Je suis n\u00e9 dans la Ni\u00e8vre, Fran\u00e7ois Mitterrand a jou\u00e9 un grand r\u00f4le dans ma formation. Je suis pr\u00eat \u00e0 engager un rapport de force avec l&#8217;Union europ\u00e9enne quitte \u00e0 bloquer le processus europ\u00e9en pour que la France d\u00e9fende ses int\u00e9r\u00eats.  Au Parti communiste, je fais des propositions politiques de fonds. J&#8217;ai beaucoup d&#8217;estime pour Jean-Luc M\u00e9lenchon. Je suis pour rassembler de Jean-Luc M\u00e9lenchon au Parti socialiste&#8221; (Arnaud Montebourg, invit\u00e9 du &#8220;Grand Jury-RTL&#8221;; vid\u00e9os) : http:\/\/www.rtl.fr\/actu\/politique\/le-grand-jury-arnaud-montebourg-veut-instaurer-un-contre-pouvoir-au-sein-des-institutions-politiques-7785620664\n\n-&#8220;Arnaud Montebourg tend la main au PCF en pr\u00f4nant l&#8217;union des gauches&#8221; (Charlie Vandekerkhove) : http:\/\/www.bfmtv.com\/politique\/montebourg-tend-la-main-au-pcf-en-pronant-l-union-des-gauches-1056161.html\n\n-&#8220;Montebourg, Laurent et M\u00e9lenchon, un pour tous, mais tous pour&#8230;moi !&#8221; (Xavier Frison) : http:\/\/www.marianne.net\/montebourg-laurent-melenchon-tous-tous-moi-100247664.html\n\n-&#8220;J&#8217;aimerais que le futur candidat des Verts participe \u00e0 la primaire de la gauche&#8221; (Aur\u00e9lie Filippetti, d\u00e9put\u00e9e PS de Moselle; vid\u00e9o) : http:\/\/www.leparisien.fr\/elections\/presidentielle\/primaire-eelv-filippetti-ps-propose-au-vainqueur-de-participer-a-la-primaire-ps-05-11-2016-6292632.php\n\n<strong>-&#8220;J&#8217;attends que M. Donald Trump soit battu pour \u00e9viter de graves turbulences. Sa victoire est possible, expression d&#8217;un mouvement qui traverse tout le monde occidental. La droite estime que son salut est dans l&#8217;extr\u00e9misation de ses positions. Ils sont d&#8217;accord sur le programme et en d\u00e9saccord sur la strat\u00e9gie. Je pense que Jupp\u00e9 est une illusion, un mirage. Jamais son programme ne passera en France, il sera stopp\u00e9 soit par les \u00e9lections, soit par la rue. C&#8217;est aux \u00e9lecteurs de gauche de trancher les bavardages et pour cela il y a  la primaire. Aujourd&#8217;hui, aucun candidat de gauche ne peut l&#8217;emporter, il faut donc se rassembler. M\u00e9lenchon, personne ne veut le soutenir, m\u00eame pas les communistes. Il veut r\u00e9veiller la gauche, moi je veux la faire gagner. Le choix de la conf\u00e9rence du PCF, c&#8217;est surtout un \u00e9chec pour sa direction. M\u00e9lenchon et Macron sont des candidats du petit bain, qui profitent qu&#8217;il n&#8217;y a pas aujourd&#8217;hui de candidat socialiste et \u00e9cologiste. Les \u00e9lecteurs communistes sont favorables \u00e0 Jean-Luc M\u00e9lenchon. S&#8217;il n&#8217;y a pas d&#8217;accord avec les communistes, je ne vois pas dans quelle circonscription ils pourraient avoir un d\u00e9put\u00e9 et atteindre 12,5% des inscrits. J&#8217;ai l&#8217;impression que Fran\u00e7ois Hollande veut y aller. C&#8217;est jouable pour une seule raison, le programme de la droite&#8221; (Jean-Christophe Cambad\u00e9lis, invit\u00e9 du Forum de Radio J qui, pour l&#8217;instant n&#8217;a rien \u00e0 dire sur Notre-Dame-des-Landes; interrog\u00e9 par Fr\u00e9d\u00e9ric Haziza; son) <\/strong> : http:\/\/www.radioj.fr\/node\/11  \n\n-&#8220;Requiem pour un quinquennat rat\u00e9 et bourr\u00e9e pour un PS d\u00e9funt&#8221; (Elliot) : http:\/\/www.agoravox.fr\/tribune-libre\/article\/requiem-pour-un-quinquennat-rate-186179\n\n-&#8220;Il n&#8217;y a pas de r\u00e9gularisations massives&#8221; (Bernard Cazeneuve; vid\u00e9os) : http:\/\/www.publicsenat.fr\/lcp\/politique\/regularisation-massive-migrants-cazeneuve-repond-ciotti-1548582\n\n<strong>-&#8220;Apr\u00e8s Mossoul, il faudra engager la bataille de Rakka&#8221;. Si Fran\u00e7ois Hollande ne se repr\u00e9sente pas, &#8220;Manuel Valls est le mieux plac\u00e9&#8221; (le ministre de la D\u00e9fense Jean-Yves Le Drian; invit\u00e9 du Grand Rendez-vous&#8221; d&#8217;Europe 1; vid\u00e9o):<\/strong> http:\/\/www.itele.fr\/magazines\/grand-rendez-vous-politique-darmon\/le-grand-rendez-vous-partie-1-du-06112016-171589\n\n-&#8220;Aujourd&#8217;hui, je pense que Fran\u00e7ois Hollande est le mieux \u00e0 m\u00eame de porter le projet de la gauche&#8221; (Marisol Touraine sur BFM TV; vid\u00e9o) :                                                                                        http:\/\/www.bfmtv.com\/mediaplayer\/video\/presidentielle-2017-aujourd-hui-je-pense-que-francois-hollande-est-le-mieux-a-meme-de-porter-le-projet-de-la-gauche-marisol-touraine-882659.html\n\n-&#8220;Si j&#8217;\u00e9tais rest\u00e9 chez les Verts, C\u00e9cile Duflot n&#8217;aurait pas fait ce r\u00e9sultat&#8221; (le secr\u00e9taire d&#8217;Etat Jean-Vincent Plac\u00e9; vid\u00e9o) : http:\/\/www.lejdd.fr\/Politique\/Jean-Vincent-Place-Si-j-etais-reste-chez-les-Verts-Duflot-n-aurait-pas-fait-ce-resultat-821440\n\n-Il \u00e9tait aussi l&#8217;invit\u00e9 du &#8220;Brunch Politique&#8221; de Louis Morin; son) : http:\/\/www.sudradio.fr\/Podcasts\/Le-Brunch-Politique\/Jean-Vincent-Place3\n\n-&#8220;Macron ne c\u00e8de pas \u00e0 la dictature de l&#8217;urgence&#8221; (Benjamin Griveaux, porte-parole du mouvement &#8220;En Marche&#8221;; interrog\u00e9 par Wendy Bouchard; vid\u00e9o) :                                               http:\/\/www.europe1.fr\/emissions\/l-interview-politique-du-week-end\/benjamin-griveaux-macron-ne-cede-pas-a-la-dictature-de-lurgence-2891588\n\n-Quand va-t-il se d\u00e9clarer ? (Herv\u00e9 Gattegno du JDD; vid\u00e9o) : http:\/\/www.europe1.fr\/emissions\/ledito-du-jdd\/quand-macron-va-t-il-se-lancer-2892251 \n\n-&#8220;Il prendra sa d\u00e9cision entre maintenant et d\u00e9but janvier&#8221; (le d\u00e9put\u00e9 PS du Finist\u00e8re Richard Ferrand, secr\u00e9taire g\u00e9n\u00e9ral de &#8220;En Marche&#8221;, invit\u00e9 de la matinale de Franceinfo; son et vid\u00e9os) : http:\/\/www.francetvinfo.fr\/replay-radio\/8h30-politique\/presidentielle-2017-emmanuel-macron-prendra-sa-decision-entre-maintenant-et-debut-janvier-selon-le-numero-2-de-en-marche_1896115.html\n\n-&#8220;Je me m\u00e9fie de ceux qui parlent fort avant une \u00e9lection et agissent faible apr\u00e8s. Nous souhaitons rester libres de notre choix si Alain Jupp\u00e9 ne remporte pas  la primaire. Nicolas Sarkozy est le seul qui puisse faire gagner Fran\u00e7ois Hollande &#8221; (Jean-Christophe Lagarde, pr\u00e9sident de l&#8217;UDI; interrog\u00e9 par Roland Weill; son) : https:\/\/www.franceinter.fr\/emissions\/l-interview-politique\/l-interview-politique-05-novembre-2016\n\n-&#8220;Je me sens en forme. Nous devrons travailler avec le pr\u00e9sident des Etats-Unis quel qu&#8217;il soit. Donald Trump n&#8217;est pas une cause, il est un sympt\u00f4me. Je pr\u00e9f\u00e8re Hillary Clinton \u00e0 titre personnel. Barack Obama a \u00e9t\u00e9 un symbole extraordinaire. Quand je vois la force d&#8217;un Trump apr\u00e8s deux mandats d&#8217;Obama&#8230;&#8221; (Nicolas Sarkozy, interrog\u00e9 par Francis Letellier; vid\u00e9o pendant 6 jours) : http:\/\/pluzz.francetv.fr\/videos\/dimanche_en_politique.html\n\n-&#8220;Ma conviction, c&#8217;est que je serai au second tour. Quelle que soit la majorit\u00e9, il faudra r\u00e9duire la d\u00e9pense publique. Il faudra abaisser les charges des entreprises, pas \u00e0 dose hom\u00e9opathique comme l&#8217;a fait Fran\u00e7ois Hollande. Mais aussi supprimer les 35 heures et aligner les r\u00e9gimes sp\u00e9ciaux, question difficile sur laquelle je proposerai un r\u00e9f\u00e9rendum aux Fran\u00e7ais. Si Alain Jupp\u00e9 est \u00e9lu Pr\u00e9sident, ce sera une immense d\u00e9ception&#8221; (Fran\u00e7ois Fillon, invit\u00e9 de &#8220;Questions Politiques&#8221;, favorable au &#8220;fichier monstre&#8221;; vid\u00e9os) : https:\/\/www.franceinter.fr\/emissions\/questions-politiques\/questions-politiques-06-novembre-2016\n\n-&#8220;Nous sommes pour qu&#8217;il y ait libert\u00e9 d&#8217;ouverture des magasins le dimanche dans tout Paris&#8221; (NKM, d\u00e9put\u00e9e LR de l&#8217;Essonne; interrog\u00e9e par Da\u00eft Audouit; vid\u00e9o pendant 6 jours) : http:\/\/pluzz.francetv.fr\/videos\/dimanche_en_politique_paris_ile_de_france_,147746319.html\n\n-&#8220;Est-ce qu&#8217;on continue comme avant en reprenant les m\u00eames ou est-ce qu&#8217;on essaye autre chose&#8221; (Bruno Le Maire, d\u00e9put\u00e9 LR de l&#8217;Eure, invit\u00e9 de Punchline; il r\u00e9pond aux questions de Laurence Ferrari; vid\u00e9o, amener le curseur sur 11:13) : http:\/\/www.c8.fr\/c8-info\/pid8591-c8-punchline.html?vid=1423003\n\n-&#8220;Alain Jupp\u00e9 est le garant et l&#8217;assurance de l&#8217;alternance en 2017&#8221; (Val\u00e9rie P\u00e9cresse, pr\u00e9sidente LR de la r\u00e9gion Ile-de-France; invit\u00e9e de &#8220;BFM Politique&#8221; (vid\u00e9os) :  http:\/\/www.bfmtv.com\/mediaplayer\/video\/alain-juppe-est-le-garant-et-l-assurance-de-l-alternance-en-2017-valerie-pecresse-882581.html                                     http:\/\/www.bfmtv.com\/mediaplayer\/video\/politiques-au-quotidien-pour-relancer-le-tourisme-je-propose-de-financer-les-commissariats-mobiles-valerie-pecresse-882583.html                                                                                               http:\/\/www.bfmtv.com\/mediaplayer\/video\/questions-d-eco-je-ne-crois-absolument-pas-a-la-sincerite-du-budget-qu-on-est-en-train-de-voter-valerie-pecresse-882585.html                                                                                         http:\/\/www.bfmtv.com\/mediaplayer\/video\/comptes-de-campagne-les-3-euros-d-augmentation-du-passe-navigo-sont-la-pour-ameliorer-la-qualite-du-service-transport-de-l-ile-de-france-valerie-pecresse-882587.html\n\n-&#8220;La droite va se faire voler sa primaire si des personnes qui ne partagent pas nos id\u00e9es participent au vote. Le statut protecteur de la Fonction publique emp\u00eache la flexibilit\u00e9 et la productivit\u00e9&#8221; (Rachida Dati;, eurod\u00e9put\u00e9e LR; invit\u00e9ee de &#8220;BFM Politique&#8221;; vid\u00e9os) :                                                                                      http:\/\/www.bfmtv.com\/mediaplayer\/video\/la-droite-va-se-faire-voler-sa-primaire-si-des-personnes-qui-ne-partagent-pas-nos-idees-participent-au-vote-rachida-dati-882593.html                                                                                     http:\/\/www.bfmtv.com\/mediaplayer\/video\/politiques-au-quotidien-francois-hollande-risque-de-devoir-rendre-des-comptes-apres-ses-revelations-sur-les-operations-homo-rachida-dati-882597.html                                                                   http:\/\/www.bfmtv.com\/mediaplayer\/video\/questions-d-eco-le-statut-protecteur-de-la-fonction-publique-empeche-la-flexibilite-et-la-productivite-rachida-dati-882601.html\n\n-Elle a demand\u00e9 \u00e0 la Haute autorit\u00e9 de la primaire de mettre NKM &#8220;hors jeu) : http:\/\/www.lemonde.fr\/politique\/article\/2016\/11\/06\/dati-demande-a-la-haute-autorite-de-la-primaire-a-droite-de-mettre-nkm-hors-jeu_5026376_823448.html#xtor=AL-32280270\n\n-&#8220;Jusqu&#8217;o\u00f9 le centrisme influencera-t-il l&#8217;\u00e9lection pr\u00e9sidentielle ?&#8221; (l&#8217;historien Jean Garrigues, invit\u00e9 de David Abiker; son, amener le curseur sur 1:02) :                                                                        http:\/\/www.europe1.fr\/emissions\/c-est-arrive-cette-semaine\/cest-arrive-cette-semaine-051116-2891669\n\n-&#8220;Jean-Claude Gaudin est le maillot jaune des absences au S\u00e9nat&#8221; (et un chaud partisan du cumul des mandats !). Yvan St\u00e9fanovitch est l&#8217;auteur du livre &#8220;Le S\u00e9nat, un paradis fiscal&#8221; qui lui vaut d&#8217;\u00eatre poursuivi par G\u00e9rard Larcher,  le pr\u00e9sident LR de la Haute assembl\u00e9e (propos  recueillis par Hugo Domenach) : http:\/\/www.lepoint.fr\/politique\/jean-claude-gaudin-est-le-maillot-jaune-des-absences-au-senat-05-11-2016-2080911_20.php?M_BT\n\n<strong>-&#8220;Masochisme \u00e9lectoral&#8221; (Serge Halimi) <\/strong> :  http:\/\/www.monde-diplomatique.fr\/2016\/11\/HALIMI\/56764\n\n<strong>-Le g\u00e9n\u00e9ticien Axel Kahn a comment\u00e9 l&#8217;actualit\u00e9 politique dans &#8220;C Politique&#8221; (vid\u00e9o pendant 6 jours, avec un reportage &#8220;au coeur de la campagne du FN&#8221;) : <\/strong> http:\/\/pluzz.francetv.fr\/videos\/c_politique.html\n\n<strong>EUROPE-MONDE<\/strong>\n\n-Theresa May met en garde le Parlement contre un blocage du Brexit et demande que le r\u00e9sultat du r\u00e9f\u00e9rendum soit respect\u00e9 : http:\/\/www.lemonde.fr\/referendum-sur-le-brexit\/article\/2016\/11\/06\/theresa-may-met-en-garde-le-parlement-contre-un-blocage-du-brexit_5026155_4872498.html#xtor=AL-32280270 \n\n-Les humoristes se sont empar\u00e9s du sujet (vid\u00e9o) : http:\/\/nr.news-republic.com\/Web\/ArticleWeb.aspx?regionid=2&#038;articleid=76873570\n\n-En Gr\u00e8ce, entr\u00e9e en fonction du nouveau gouvernement (vid\u00e9o) : http:\/\/nr.news-republic.com\/Web\/ArticleWeb.aspx?regionid=2&#038;articleid=76841935\n\n-Des n\u00e9gociations s&#8217;engagent  sur la r\u00e9unification de Chypre (vid\u00e9o) : http:\/\/nr.news-republic.com\/Web\/ArticleWeb.aspx?regionid=2&#038;articleid=76873571\n \n<strong>-Erdogan, &#8220;l&#8217;homme qui se prend pour un sultan&#8221; (Selahattin Demirtas, copr\u00e9sident du Parti d\u00e9mocratique des peuples (HDP) qui regroupe des formations de gauche et \u00e9cologistes dont plusieurs sont issues du mouvement kurde) <\/strong> : http:\/\/www.monde-diplomatique.fr\/2016\/07\/DEMIRTAS\/55962\n\n-9 journalistes du principal quotidien d&#8217;opposition plac\u00e9s en d\u00e9tention (vid\u00e9o) : http:\/\/nr.news-republic.com\/Web\/ArticleWeb.aspx?regionid=2&#038;articleid=76843517\n\n<strong>-Des milliers de kurdes dans la rue contre Erdogan (vid\u00e9o) : <\/strong> http:\/\/nr.news-republic.com\/Web\/ArticleWeb.aspx?regionid=2&#038;articleid=76846112\n\n-A Moscou, l&#8217;information sur la qualit\u00e9 de l&#8217;air devient de plus en plus pr\u00e9cise : http:\/\/www.lesechos.fr\/industrie-services\/energie-environnement\/0211459036881-a-moscou-linformation-sur-la-qualite-de-lair-devient-de-plus-en-plus-precise-2040159.php#xtor=EPR\n\n<strong>-&#8220;M\u00e9moire de paix pour temps de guerre&#8221;, son auteur Dominique de Villepin \u00e9tait l&#8217;invit\u00e9 de &#8220;On n&#8217;est pas couch\u00e9&#8221;. Il ne votera pas \u00e0 la primaire &#8220;craignant que ce soit un instrument de division et de surench\u00e8re tirant les participants toujours plus \u00e0 droite. Mon engagement politique a toujours \u00e9t\u00e9 pour Jacques Chirac&#8221;. Tout le reste de l&#8217;interview porte sur la vision g\u00e9opolitique de l&#8217;ancien premier ministre qui lui, au moins, en a une (vid\u00e9o) <\/strong> : http:\/\/www.france2.fr\/emissions\/on-n-est-pas-couche\/videos\/dominique_de_villepin_-_on_nest_pas_couche_5_novembre_2016_onpc_05-11-2016_1343149?onglet=tous&#038;page=1\n\n-Sa r\u00e9plique \u00e0 Yann Moix (vid\u00e9o) :                                                                                                                                                                                                                                                               http:\/\/www.france2.fr\/emissions\/on-n-est-pas-couche\/videos\/d._de_villepin_a_yann_moix_vous_avancez_des_theses_revisionnistes.et_injurieuses_pour_larmee_francaise_05-11-2016_1343173?onglet=tous&#038;page=1\n\n-&#8220;L&#8217;Europe a-t-elle encore des valeurs communes avec les Etats-Unis ?&#8221; (Jean-Dominique Giuliani, pr\u00e9sident de la Fondation Robert Schuman; son, amener le curseur sur 1:04) : http:\/\/www.europe1.fr\/emissions\/c-est-arrive-demain\/cest-arrive-demain-david-abiker-061116-2892275\n\n-A Mossoul, &#8220;les forces irakiennes rencontrent une r\u00e9sistance f\u00e9roce&#8221; (portfolio) : http:\/\/www.lemonde.fr\/proche-orient\/article\/2016\/11\/05\/les-forces-irakiennes-rencontrent-une-resistance-feroce-a-mossoul_5025805_3218.html\n\n<strong>-&#8220;La bataille de Mossoul&#8221; (&#8220;13H15 le dimanche&#8221;; vid\u00e9o) <\/strong> : http:\/\/www.francetvinfo.fr\/replay-magazine\/france-2\/13h15\/13h15-du-dimanche-6-novembre-2016_1897177.html\n\n\n<strong>-La mort d&#8217;un vendeur de poissons suscite la col\u00e8re au Maroc (Claude Askolovitch; son) :<\/strong> https:\/\/www.franceinter.fr\/emissions\/histoire-et-politique\/histoire-et-politique-06-novembre-2016\n\n<strong>-Avant le vote aux USA, revoir ici l&#8217;\u00e9difiant documentaire &#8220;Sexe, mensonge et \u00e9lection&#8221; d&#8217;Elyse Steinberg et Josh Kriegman  (Vincent Remy; vid\u00e9o int\u00e9grale) : <\/strong> http:\/\/television.telerama.fr\/television\/regardez-en-replay-l-edifiant-sexe-mensonge-et-election,149625.php#xtor=EPR\n\n-&#8220;La campagne des mails et des datas&#8221; (Beno\u00eet Thieulin, ancien pr\u00e9sident du Conseil national du num\u00e9rique; son, amener le curseur sur 9:43) :                                                                            http:\/\/www.europe1.fr\/emissions\/c-est-arrive-cette-semaine\/cest-arrive-cette-semaine-051116-2891669\n\n-&#8220;Le FBI maintient sa position de ne pas poursuivre Hillary Clinton&#8221; : http:\/\/www.lemonde.fr\/elections-americaines\/article\/2016\/11\/06\/le-fbi-maintient-sa-position-de-ne-pas-poursuivre-hillary-clinton_5026368_829254.html#xtor=AL-32280270\n\n-&#8220;La catastrophe&#8221; Trump face \u00e0 &#8220;la corruption&#8221; Clinton (le chercheur franco-am\u00e9ricain Henri Landes et Paul Reen, soutien de Donald Trump; vid\u00e9o) :                                                             http:\/\/www.francetvinfo.fr\/monde\/usa\/presidentielle\/hillary-clinton\/etats-unis-la-catastrophe-trump-face-a-la-corruption-clinton_1906257.html\n\n-Les m\u00e9gapoles br\u00e9siliennes n&#8217;ont plus assez d&#8217;eau : http:\/\/www.lesechos.fr\/industrie-services\/energie-environnement\/0211458891079-les-megapoles-bresiliennes-nont-plus-assez-deau-2040158.php#xtor=EPR\n\n-En Chine, le minorit\u00e9 Miao f\u00eate son nouvel an (vid\u00e9o) : http:\/\/nr.news-republic.com\/Web\/ArticleWeb.aspx?regionid=2&#038;articleid=76839897\n\n-Au Vietnam, le boum touristique menace les Alpes tonkinoises (vid\u00e9o) :       http:\/\/nr.news-republic.com\/Web\/ArticleWeb.aspx?regionid=2&#038;articleid=76873572\n\n-&#8220;En Inde, victime d&#8217;un viol collectif, elle est harcel\u00e9e par des policiers et retire sa plainte&#8221; (vid\u00e9o) :                                                                                                                                                                    http:\/\/www.lci.fr\/international\/inde-victime-d-un-viol-collectif-elle-est-harcelee-par-des-policiers-et-retire-sa-plainte-2011111.html\n\n\n<strong>CULTURE-MEDIAS<\/strong>\n\n<strong>-&#8220;Les choses les plus importantes se passent ailleurs que dans les primaires, en dessous&#8221; (Le philosophe Edgar Morin \u00e9tait l&#8217;invit\u00e9 de &#8220;C Pol\u00e9mique&#8221;, interrog\u00e9 par Bruce Toussaint; vid\u00e9o pendant 6 jours)<\/strong> : http:\/\/pluzz.francetv.fr\/videos\/c_polemique.html\n\n<strong>-La conf\u00e9rence de la philosophe belge Chantal Mouffe et de Jean-Luc M\u00e9lenchon (vid\u00e9o) <\/strong> : https:\/\/www.youtube.com\/watch?v=FtriFMxsOWw\n\n-&#8220;Mes regrets sont des remords&#8221; (Fr\u00e9d\u00e9ric Mitterrand, ancien ministre de la Culture; son, amener le curseur sur 23:48) :                                                                                                                  http:\/\/www.europe1.fr\/emissions\/c-est-arrive-cette-semaine\/cest-arrive-cette-semaine-051116-2891669\n\n<strong>-Les cons\u00e9quences du vieillissement de la population (le sociologue Serge Gu\u00e9rin, interrog\u00e9 par David Abiker; son, amener le curseur sur 17:06) <\/strong> :                                                            http:\/\/www.europe1.fr\/emissions\/c-est-arrive-cette-semaine\/cest-arrive-cette-semaine-051116-2891669\n\n<em>-&#8220;Projections de population \u00e0 l&#8217;horizon 2070&#8221; (documents de l&#8217;INSEE) :<\/em> http:\/\/www.insee.fr\/fr\/themes\/document.asp?ref_id=ip1619\n\n-&#8220;Elles ne sont pas dans les manuels scolaires et pourtant elles ont r\u00e9volutionn\u00e9 le monde de la science&#8221; : http:\/\/www.demotivateur.fr\/article-buzz\/10-femmes-qui-ont-revolutionne-la-science-et-qui-ont-pourtant-ete-oubliees-par-les-manuels-scolaires&#8211;3761\n\n<strong>-&#8220;Je suis un m\u00e9lancolique qui se soigne&#8221; (le psychiatre et psychoth\u00e9rapeute Christophe Andr\u00e9 se confie \u00e0 Eva Bester; son)<\/strong> : https:\/\/www.franceinter.fr\/emissions\/remede-a-la-melancolie\/remede-a-la-melancolie-06-novembre-2016\n\n<strong>-&#8220;Je ne sais pas faire de th\u00e9\u00e2tre sans utopie&#8221; (Philippe Quesne, directeur du Centre dramatique national des Amandiers de Nanterre (92) : <\/strong> http:\/\/www.sceneweb.fr\/philippe-quesne-je-ne-sais-pas-faire-de-theatre-sans-utopie\/\n\n-&#8220;Comme une respiration&#8230;&#8221;, le dernier ouvrage de Jean Teul\u00e9, invit\u00e9 de Laurent Ruquier (vid\u00e9o) :                                                                                                                                                                     http:\/\/www.france2.fr\/emissions\/on-n-est-pas-couche\/videos\/jean_teule_-_on_nest_pas_couche_5_novembre_2016_onpc_05-11-2016_1343165?onglet=tous&#038;page=1\n\n-&#8220;Peindre un \u00e9crivain&#8221; de Val\u00e8re Staraselski dans &#8220;Libert\u00e9 Hebdo&#8221; (pi\u00e8ce jointe);\n\n<strong>-Flavie Flament qui a r\u00e9v\u00e9l\u00e9 qu&#8217;elle avait \u00e9t\u00e9 viol\u00e9e \u00e0 l&#8217;\u00e2ge de 13 ans dans &#8220;La Consolation&#8221;. Invit\u00e9e de Catherine Ceylac dans &#8220;Th\u00e9 ou caf\u00e9&#8221; (vid\u00e9o) : <\/strong> http:\/\/www.france2.fr\/emissions\/the-ou-cafe\/videos\/replay_-_the_ou_cafe_05-11-2016_1342941\n\n<strong>-Magid Cherfi, du groupe Zebda, \u00e9tait aussi son invit\u00e9 (vid\u00e9o, amener le curseur sur 5:12) : <\/strong> http:\/\/www.france2.fr\/emissions\/the-ou-cafe\/videos\/replay_-_the_ou_cafe_06-11-2016_1343197\n\n<strong>-&#8220;Montrer l&#8217;invisible souffrance des pauvres&#8221; (Ken Loach; cit\u00e9 par Philippe Marli\u00e8re; article paru dans &#8220;L&#8217;Humanit\u00e9&#8221;) :<\/strong>  https:\/\/blogs.mediapart.fr\/philippe-marliere\/blog\/041116\/ken-loach-montrer-linvisible-souffrance-des-pauvres?utm_source\n\n<strong>-Jusqu&#8217;au 13 novembre, regarder ici &#8220;O\u00f9 en \u00eates-vous, Jafar Panahi&#8221;, documentaire que le cin\u00e9aste iranien, intedit dans son pays, a r\u00e9alis\u00e9 \u00e0 la demande du Centre Pompidou qui a projet\u00e9 une r\u00e9trospective de ses films (Samuel Douhaire; vid\u00e9o int\u00e9grale) <\/strong> :      http:\/\/www.telerama.fr\/sortir\/a-voir-sur-telerama-fr-ou-en-etes-vous-jafar-panahi-film-inedit-du-cineaste-iranien,149581.php#xtor=EPR\n\n-&#8220;L&#8217;Histoire de l&#8217;amour&#8221; de Radu Mihaileanu (vid\u00e9o) : http:\/\/www.francetvinfo.fr\/monde\/europe\/cinema-le-nouveau-film-de-radu-mihaileanu-est-un-hymne-a-l-amour_1907929.html\n\n-Laurent Delmas a vu &#8220;Il Boom&#8221;, un in\u00e9dit de Vittorio de Sica (son et vid\u00e9o) : https:\/\/www.franceinter.fr\/emissions\/la-prescription-cinema-de-laurent-delmas\/la-prescription-cinema-de-laurent-delmas-05-novembre-2016\n\n<strong>-Avec Christine Masson, ils ont consacr\u00e9 leur \u00e9mission &#8220;On aura tout vu&#8221; \u00e0 Marcello Mastroiani, avec Jean Antoine Gili, qui lui consacre un livre et le com\u00e9dien Melvil Poupaud, un de ses derniers partenaires \u00e0 l&#8217;\u00e9cran (son) <\/strong> : https:\/\/www.franceinter.fr\/emissions\/on-aura-tout-vu\/on-aura-tout-vu-05-novembre-2016\n\n<strong>-La grande Juliette Binoche \u00e9tait l&#8217;invit\u00e9e du JT de France 2, interrog\u00e9e par Laurent Delahousse (vid\u00e9o) <\/strong> :                                                                                                                                                     http:\/\/www.francetvinfo.fr\/culture\/cinema\/cinema-juliette-binoche-nous-emmene-dans-l-univers-de-la-danse_1906779.html\n\n-&#8220;Le cauchemar du pr\u00e9fet&#8221;, la pi\u00e8ce de Patrick Gr\u00e9goire sur le combat de Notre-Dame-des-Landes (vid\u00e9o) : http:\/\/culturebox.francetvinfo.fr\/scenes\/le-combat-contre-notre-dame-des-landes-s-invite-au-theatre-248331#xtor=EREC\n\n-La troupe berlinoise &#8220;Flying Steps&#8221; a montr\u00e9 \u00e0 Paris un spectacle de hip-hop  \u00e0 couper le souffle (Belinda Mathieu; vid\u00e9os) : http:\/\/television.telerama.fr\/television\/hollande-canal-et-bein-sports-a-qui-perd-gagne,149621.php#xtor=EPR\n\n<strong>-Jusqu&#8217;au 12 novembre dans la Ni\u00e8vre, le festival &#8220;D&#8217;Jazz Nevers&#8221; (Roger Fontanel qui le dirige depuis 1987; propos recueillis par Eric Delhaye; vid\u00e9os) <\/strong> :                                                          http:\/\/www.telerama.fr\/musique\/le-festival-d-jazz-nevers-trente-ans-de-musique-elitaire-pour-tous,149618.php#xtor=EPR\n\n-Au Bataclan, qui ouvre le 12 novembre prochain avec un concert de Sting, &#8220;on a voulu tout changer pour ne rien changer&#8221; (J\u00e9r\u00f4me Lenglet, directeur de la branche spectacle du groupe Lagard\u00e8re, propri\u00e9taire de la salle; cit\u00e9 par Jean-Baptiste Roch) : http:\/\/www.telerama.fr\/musique\/reouverture-du-bataclan-on-a-voulu-tout-changer-pour-ne-rien-changer,149632.php#xtor=EPR\n\n<strong>-&#8220;Bob Dylan, le petit bleu de la litt\u00e9rature&#8221; (Fran\u00e7ois Gorin; son) : <\/strong> http:\/\/www.telerama.fr\/musique\/bob-dylan-14-le-petit-bleu-de-la-litterature,149617.php\n\n-Il expose ses paysages am\u00e9ricains \u00e0 Londres : http:\/\/culturebox.francetvinfo.fr\/expositions\/peinture\/bob-dylan-expose-ses-paysages-americains-a-londres-248345#xtor=EREC\n\n-Retrouver Lester Square, The Go-Go&#8217;s et  Billy Bragg (vid\u00e9os) :                                                                                                                                                                                                                   http:\/\/www.telerama.fr\/musique\/lester-square-so-british-et-debranche,149623.php#xtor=EPR                                                                                                                                                           http:\/\/www.telerama.fr\/musique\/the-go-go-s-ca-baigne-a-hollywood,149488.php          http:\/\/www.telerama.fr\/musique\/billy-bragg-4-une-bonne-raison-de-se-lever-avant-midi,149428.php\n\n-Fran\u00e7ois Hardy \u00e9tait l&#8217;invit\u00e9e de &#8220;On n&#8217;est pas couch\u00e9&#8221; de Laurent Ruquier (vid\u00e9o) :                                                                                                                                                                        http:\/\/www.france2.fr\/emissions\/on-n-est-pas-couche\/videos\/francoise_hardy_-_on_nest_pas_couche_5_novembre_2016_onpc_05-11-2016_1343153?onglet=tous&#038;page=1     \n\n-Les 26 et 27 novembre, le pianiste Alexandre Tharaud sera \u00e0 la Philarmonie de Paris; invit\u00e9 de David Abiker; son, amener le curseur sur 23:58) :                    http:\/\/www.europe1.fr\/emissions\/c-est-arrive-demain\/cest-arrive-demain-david-abiker-061116-2892275\n\n<strong>-Charles Mingus au Th\u00e9\u00e2tre des Champs Elys\u00e9es le 19 avril 1964, avec un rappel in\u00e9dit (J\u00e9r\u00f4me Badini, son. Exceptionnel !) <\/strong> : http:\/\/www.francemusique.fr\/emission\/les-legendes-du-jazz\/2016-2017\/charles-mingus-au-theatre-des-champs-elysees-en-1964-11-05-2016-18-00\n\n-Jusqu&#8217;au 10 d\u00e9cembre, les plus grands talents du street art expos\u00e9s \u00e0 Foug\u00e8res en Ile-et-Vilaine (Elizabeth Philibert; vid\u00e9o) :                                                                                       http:\/\/culturebox.francetvinfo.fr\/expositions\/evenements\/l-histoire-du-street-art-et-ses-plus-grands-talents-exposes-a-fougere-248333#xtor=EREC\n\n-Dans sa loge, le clown russe Oleg Popov qui vient de disparaitre (vid\u00e9o de l&#8217;Ina) : https:\/\/www.ina.fr\/video\/I16309541\n\n-Le revoir (vid\u00e9o) : https:\/\/www.youtube.com\/watch?v=kqQUi3J4oHQ\n\n-&#8220;Surprise&#8221;, le nouveau spectacle des Bouglione au Cirque d&#8217;Hiver (St\u00e9phanie Loebe; vid\u00e9o) : http:\/\/culturebox.francetvinfo.fr\/scenes\/cirque\/surprise-le-nouveau-spectacle-des-bouglione-au-cirque-d-hiver-248347#xtor=EREC\n\n-Que de personnalit\u00e9s aux 60 ans de Nicolas Sarkozy ! (diaporama) : http:\/\/photo.gala.fr\/soiree-60-ans-nicolas-sarkozy-9502\/luc-chatel-et-sa-compagne-167293#xtor=AD-32280611\n\n-&#8220;The Crown&#8221;, la s\u00e9rie t\u00e9l\u00e9 britannique sur Netflix, met en sc\u00e8ne les d\u00e9buts de la reine Elisabeth (Pierre Langlais; vid\u00e9o) : http:\/\/www.telerama.fr\/series-tv\/the-crown-ou-les-debuts-de-la-reine-elisabeth,149131.php#xtor=EPR\n\n-Le Bondy Blog r\u00e9pond aux accusations du chercheur Gilles Kepel : http:\/\/www.bondyblog.fr\/201611041926\/reponse-du-bondy-blog-aux-accusations-de-gilles-kepel\/#.WB38tcnl3Nl\n\n<strong>-&#8220;Lire l&#8217;actu&#8221;, une plateforme d&#8217;acc\u00e8s gratuit pour les \u00e9l\u00e8ves, uniquement \u00e0 partir des \u00e9tablissements scolaires, pour lire la presse quotidienne (Emmanuelle Daviet; son) : <\/strong>                               https:\/\/www.franceinter.fr\/emissions\/interclass\/interclass-06-novembre-2016\n\n-La chronique culturelle du 13 H de France 2 (Laurence Piquet; vid\u00e9o) :  http:\/\/www.francetvinfo.fr\/culture\/musique\/les-rendez-vous-culture-du-week-end_1906511.html\n\n-&#8220;i-T\u00e9l\u00e9, 17 ans et maintenant 21 jours de gr\u00e8ve&#8221; (Richard S\u00e9n\u00e9joux) : http:\/\/www.telerama.fr\/medias\/itele-17-ans-et-un-19e-jour-de-greve,149644.php#xtor=EPR\n\n-Les syndicats re\u00e7us aujourd&#8217;hui par Myriam El Khomri : http:\/\/www.lepoint.fr\/medias\/i-tele-les-syndicats-recus-lundi-par-myriam-el-khomri-05-11-2016-2080956_260.php?M_BT\n\n-&#8220;Deux mises en demeure du CSA&#8221; (Alexandra Ackoun; son) : https:\/\/www.franceinter.fr\/emissions\/regard-sur-les-medias\/regard-sur-les-medias-05-novembre-2016\n\n<strong>-Trois semaines de gr\u00e8ve. &#8220;Toute la presse fran\u00e7aise est sous le contr\u00f4le d&#8217;investisseurs qui n&#8217;ont rien \u00e0 voir avec la presse&#8221;(Avec Aude Anselin, prix Renaudot essai 2016&#8221; en fin de sujet; vid\u00e9o, amener le curseur sur 18:20) :  <\/strong> http:\/\/www.francetvinfo.fr\/replay-jt\/france-3\/soir-3\/jt-soir-3-dimanche-6-novembre-2016_1896861.html\n\n-&#8220;Hollande entremetteur entre Canal + et le Qatar ?&#8221; (Michel Bezbakh) : http:\/\/television.telerama.fr\/television\/hollande-canal-et-bein-sports-a-qui-perd-gagne,149621.php#xtor=EPR\n\n-&#8220;Fran\u00e7ois Hollande et le football, des rapports ambigus ?&#8221; (Pascal Boniface) : https:\/\/blogs.mediapart.fr\/pascalboniface\/blog\/041116\/francois-hollande-et-le-football-des-rapports-ambigus?utm_source\n\n<strong>-&#8220;Le jour o\u00f9 les agents de police se sont mis en gr\u00e8ve&#8221; (Raymond Devos; vid\u00e9o de l&#8217;Ina) <\/strong> : http:\/\/www.ina.fr\/video\/I00007151\n\n-L&#8217;humour selon Nicolas Sarkozy (vid\u00e9o) : http:\/\/www.lci.fr\/primaire-droite\/jungle-de-calais-et-rechauffement-climatique-la-derniere-blague-a-repetition-de-nicolas-sarkozy-2011095.html\n\n-&#8220;M. Le Guen, laissez tomber votre t\u00e9l\u00e9phone&#8221; (Manuel Valls dans &#8220;Quotidien&#8221; de Yann Barth\u00e8s; vid\u00e9o) : http:\/\/www.tf1.fr\/tmc\/quotidien-avec-yann-barthes\/videos\/jean-marie-guen-voyage-officiel-afrique-quoi-faire-1.html\n\n-Jean -Vincent Plac\u00e9 aussi s&#8217;est fait recadrer par&#8230; un joueur de tennis (dans &#8220;Quotidien&#8221;; vid\u00e9o, amener le curseur sur 2:57) : http:\/\/www.tf1.fr\/tmc\/quotidien-avec-yann-barthes\/videos\/jeudi-transpi-03-novembre.html\n\n-&#8220;Le langage politique&#8221; (la chanson de Fr\u00e9d\u00e9ric Fromet; vid\u00e9o) : https:\/\/www.franceinter.fr\/emissions\/la-chanson-de-frederic-fromet\/la-chanson-de-frederic-fromet-04-novembre-2016\n\n-&#8220;Guillon 2017&#8221; (vid\u00e9o) : http:\/\/replay.c8.fr\/video\/1422958\n\n                                                                              \n<h2 class=\"wp-block-heading\">Documents joints<\/h2>\n\n\n\n<div class=\"wp-block-file\"><a href=\"https:\/\/wp.muchomaas.com\/wp-content\/uploads\/2016\/11\/desavouant_pierre_laurent-b92.pdf\">desavouant_pierre_laurent.pdf<\/a><\/div>\n\n\n\n<div class=\"wp-block-file\"><a href=\"https:\/\/wp.muchomaas.com\/wp-content\/uploads\/2016\/11\/melenchon_emerge_face_a_un_ps_en_plein_marasme-5df.pdf\">melenchon_emerge_face_a_un_ps_en_plein_marasme.pdf<\/a><\/div>\n\n\n\n<div class=\"wp-block-file\"><a href=\"https:\/\/wp.muchomaas.com\/wp-content\/uploads\/2016\/11\/peindre_un_ecrivain-e61.pdf\">peindre_un_ecrivain.pdf<\/a><\/div>\n\n\n","protected":false},"excerpt":{"rendered":"<p>ACTUALITE -&#8220;Le tourisme en Ile-de-France paie les attentats au prix fort&#8221; (Christian Meyze) : http:\/\/france3-regions.francetvinfo.fr\/paris-ile-de-france\/paris\/tourisme-ile-france-paie-attentats-au-prix-fort-1123523.html#xtor=EPR -Au Bois de Boulogne, le centre d&#8217;accueil des sans-abri ouvre en avance (vid\u00e9o) : http:\/\/france3-regions.francetvinfo.fr\/paris-ile-de-france\/paris\/centre-accueil-abri-du-bois-boulogne-ouvre-avance-bruit-1123433.html#xtor=EPR -&#8220;On est \u00e0 la 30e \u00e9vacuation. Il faut maintenant \u00e9viter qu&#8217;il y en ait une 31e&#8221; (Yann Brossat, adjoint communiste \u00e0 la maire de Paris, [&hellip;]<\/p>\n","protected":false},"author":1042,"featured_media":0,"comment_status":"open","ping_status":"open","sticky":false,"template":"","format":"standard","meta":{"_themeisle_gutenberg_block_has_review":false,"footnotes":""},"categories":[151],"tags":[],"class_list":["post-9977","post","type-post","status-publish","format-standard","hentry","category-la-revue-de-presse-de-lulu"],"_links":{"self":[{"href":"https:\/\/archives.regards.fr\/index.php?rest_route=\/wp\/v2\/posts\/9977","targetHints":{"allow":["GET"]}}],"collection":[{"href":"https:\/\/archives.regards.fr\/index.php?rest_route=\/wp\/v2\/posts"}],"about":[{"href":"https:\/\/archives.regards.fr\/index.php?rest_route=\/wp\/v2\/types\/post"}],"author":[{"embeddable":true,"href":"https:\/\/archives.regards.fr\/index.php?rest_route=\/wp\/v2\/users\/1042"}],"replies":[{"embeddable":true,"href":"https:\/\/archives.regards.fr\/index.php?rest_route=%2Fwp%2Fv2%2Fcomments&post=9977"}],"version-history":[{"count":0,"href":"https:\/\/archives.regards.fr\/index.php?rest_route=\/wp\/v2\/posts\/9977\/revisions"}],"wp:attachment":[{"href":"https:\/\/archives.regards.fr\/index.php?rest_route=%2Fwp%2Fv2%2Fmedia&parent=9977"}],"wp:term":[{"taxonomy":"category","embeddable":true,"href":"https:\/\/archives.regards.fr\/index.php?rest_route=%2Fwp%2Fv2%2Fcategories&post=9977"},{"taxonomy":"post_tag","embeddable":true,"href":"https:\/\/archives.regards.fr\/index.php?rest_route=%2Fwp%2Fv2%2Ftags&post=9977"}],"curies":[{"name":"wp","href":"https:\/\/api.w.org\/{rel}","templated":true}]}}