{"id":9976,"date":"2016-11-05T07:24:23","date_gmt":"2016-11-05T06:24:23","guid":{"rendered":"https:\/\/wp.muchomaas.com\/article-la-revue-du-5-novembre-2016\/"},"modified":"2016-11-05T07:24:23","modified_gmt":"2016-11-05T06:24:23","slug":"article-la-revue-du-5-novembre-2016","status":"publish","type":"post","link":"https:\/\/archives.regards.fr\/?p=9976","title":{"rendered":"La Revue du 5 novembre 2016"},"content":{"rendered":"<p><strong>ACTUALITE<\/strong><\/p>\n<p><strong>-&#8220;Salauds de pauvres !&#8221;<\/strong> (Jacques Munier; son) : https:\/\/www.franceculture.fr\/emissions\/le-journal-des-idees\/salauds-de-pauvres#xtor=EPR<\/p>\n<p>-Le point de vue de la CGT sur le projet de  loi de financement de la S\u00e9curit\u00e9 sociale 2017 : http:\/\/www.cgt.fr\/Un-deficit-financier-comble.html<\/p>\n<p>-Le combat d&#8217;\u00e9galit\u00e9 pour le salaire des femmes (Yolaine de la Bigne; son) : http:\/\/www.sudradio.fr\/Podcasts\/Quelle-epoque-ethique\/Le-combat-d-egalite-pour-le-salaire-des-femmes<\/p>\n<p>-&#8220;Il y a aujourd&#8217;hui 12% de jeunes femmes dans le compagnonnage&#8221; (Mo\u00efra Sauvage; vid\u00e9o) : https:\/\/www.youtube.com\/watch?v=fS9b7qKKPW4<\/p>\n<p>-&#8220;Sexisme ordinaire chez les avocats&#8221; (Juliette Branciard) : http:\/\/www.lemonde.fr\/m-moyen-format\/article\/2016\/11\/04\/paye-ta-robe-ou-les-chroniques-du-sexisme-ordinaire-chez-les-avocats_5025499_4497271.html<\/p>\n<p>-&#8220;Le plan de la derni\u00e8re chance pour Air France ?&#8221; (Michel Waintrop, journaliste au service \u00e9conomique de &#8220;La Croix&#8221;; vid\u00e9o) : http:\/\/www.la-croix.com\/Economie\/VIDEO-Trust-together-la-derniere-chance-pour-Air-France-2016-11-03-1200800500?utm_source<\/p>\n<p>-Dominique Seux des &#8220;Echos&#8221; trouve \u00e7a &#8220;malin&#8221; (son) : https:\/\/www.franceinter.fr\/emissions\/l-edito-eco\/l-edito-eco-04-novembre-2016<\/p>\n<p><em>-Le point de vue de la CGT Air France <\/em> : http:\/\/www.cgtairfrance.com\/Doc\/2016\/N292016.pdf<\/p>\n<p>-Manque-t-on de profs en France ? (&#8220;Envoy\u00e9 sp\u00e9cial&#8221;; vid\u00e9o) :  http:\/\/www.francetvinfo.fr\/societe\/education\/video-envoye-special-datalab-la-penurie-de-profs-en-france_1903033.html<\/p>\n<p>-Prof de math avec un faux dipl\u00f4me (vid\u00e9o de &#8220;Envoy\u00e9 sp\u00e9cial&#8221;) : http:\/\/www.francetvinfo.fr\/societe\/education\/video-comment-devenir-prof-de-maths-en-connaissant-a-peine-le-theoreme-de-pythagore_1903555.html<\/p>\n<p><strong>-&#8220;L&#8217;horreur passe un cap dans les abattoirs&#8221; (S\u00e9bastien Arsac, porte-parole de l&#8217;association L214; son)<\/strong> : http:\/\/www.sudradio.fr\/Podcasts\/L-invite-pour-comprendre\/Sebastien-Arsac-porte-parole-de-l-association-L2142<\/p>\n<p>-&#8220;Les algues, alternative aux pesticides ?&#8221; (Sophie Becherel; son) : https:\/\/www.franceinter.fr\/emissions\/futur-proche\/futur-proche-04-novembre-2016<\/p>\n<p>-&#8220;L&#8217;objectif pour le climat, c&#8217;est que tout le monde s&#8217;engage, les entreprises et les particuliers. L&#8217;\u00e9cologie, c&#8217;est pr\u00e9server la vie des hommes sur terre&#8221; (Tristan Lecomte, fondateur de Pur Projet&#8221;; interrog\u00e9 par Nicolas Pierron; vid\u00e9o) : http:\/\/www.dailymotion.com\/video\/x50mtys_l-objectif-pour-le-climat-c-est-que-tout-le-monde-s-engage-entreprises-et-particuliers-tristan-leco_news<\/p>\n<p><strong>-Notre-Dame-des-Landes, le Rapporteur public de la cour Administrative de Nantes pr\u00e9conise l&#8217;annulation des autorisations de travaux :<\/strong> http:\/\/www.lci.fr\/societe\/notre-dame-des-landes-le-rapporteur-public-preconise-l-annulation-des-autorisations-de-travaux-2011055.html<\/p>\n<p>-&#8220;La solitude des dirigeants de PME&#8221; (Olivier Torr\u00e8s, fondateur d&#8217;Amarok; son) : http:\/\/www.sudradio.fr\/Podcasts\/L-invite-pour-comprendre\/Olivier-Torres-fondateur-d-Amarok<\/p>\n<p>-&#8220;Un Fran\u00e7ais sur deux utilise le site &#8220;Le Bon coin&#8221; (son PDG, Antoine Jouteau; interrog\u00e9 par Jean-Paul Chapel; vid\u00e9o) : http:\/\/www.francetvinfo.fr\/economie\/video-le-bon-coin-un-francais-sur-deux-lutilise_1903023.html<\/p>\n<p>-Le d\u00e9fi du sommeil pour les marins du Vend\u00e9e Globe (vid\u00e9o) : http:\/\/www.francetvinfo.fr\/sports\/voile\/vendee-globe\/vendee-globe-le-defi-du-sommeil-pour-les-marins_1904819.html<\/p>\n<p>-La l\u00e9gende de la course racont\u00e9e par Philippe Joubin, r\u00e9dacteur en chef-adjoint de &#8220;Voiles et Voiliers&#8221; (vid\u00e9o) : http:\/\/www.francetvinfo.fr\/sports\/voile\/vendee-globe\/vendee-globe-philippe-joubin-raconte-la-legende-de-la-course_1904589.html<\/p>\n<p>-La pr\u00e9paration des skippers (vid\u00e9o) : http:\/\/www.francetvinfo.fr\/sports\/voile\/vendee-globe\/vendee-globe-immersion-dans-la-preparation-des-skippers_1905005.html<\/p>\n<p>-De nouveaux tests pour d\u00e9celer l&#8217;usage de stup\u00e9fiants au volant (vid\u00e9o) : http:\/\/www.francetvinfo.fr\/societe\/securite-routiere\/securite-routiere-de-nouveaux-tests-pour-deceler-l-usage-de-stupefiants_1904809.html<\/p>\n<p>&#8211;<strong>Les Fran\u00e7ais et le port d&#8217;armes (une enqu\u00eate dans une armurerie; son) : <\/strong> http:\/\/www.sudradio.fr\/Podcasts\/Les-reportages-de-la-matinee\/Les-francais-et-le-port-d-armes<\/p>\n<p>-Les policiers se sont invit\u00e9s \u00e0 la primaire de la droite (vid\u00e9o) : http:\/\/rmc.bfmtv.com\/mediaplayer\/video\/primaire-de-la-droite-les-policiers-s-invitent-dans-le-debat-882069.html<\/p>\n<p><strong>-&#8220;S\u00e9curit\u00e9 priv\u00e9e, le grand n&#8217;importe quoi&#8221; (une enqu\u00eate d&#8217;Isabelle Souquet; son) :  <\/strong> https:\/\/www.franceinter.fr\/societe\/secrets-d-info-0<\/p>\n<p>-&#8220;S\u00e9curit\u00e9 et tranquillit\u00e9 publique, la r\u00e9ponse est citoyenne et collective&#8221; (Mich\u00e8le Picard, maire communiste de V\u00e9nissieux) : http:\/\/www.michelepicard.fr\/securite-et-tranquillite-la-reponse-est-citoyenne-et-collective\/<\/p>\n<p>-Selon Bernard Cazeneuve, plus de 7 000 personnes ont \u00e9t\u00e9 prises en charge \u00e0 Calais : http:\/\/www.francetvinfo.fr\/france\/nord-pas-de-calais\/migrants-a-calais\/demantelement-de-la-jungle-de-calais-au-total-plus-de-7-000-personnes-ont-ete-prises-en-charge-annonce-bernard-cazeneuve_1904979.html#xtor=EPR<\/p>\n<p>-99 migrants qui \u00e9taient install\u00e9s \u00e0 Stalingrad h\u00e9berg\u00e9s \u00e0 Maurepas dans les Yvelines (vid\u00e9o) : http:\/\/france3-regions.francetvinfo.fr\/paris-ile-de-france\/yvelines\/maurepas-99-migrants-stalingrad-heberges-gymnase-1122805.html#xtor=EPR<\/p>\n<p><strong>-A La R\u00e9union, la course de &#8220;La Diagonale des fous&#8221; (vid\u00e9os) : <\/strong> http:\/\/www.francetvinfo.fr\/sports\/feuilleton-les-fous-de-la-diagonale-1-5_1898801.html                                                            http:\/\/www.francetvinfo.fr\/sports\/feuilleton-les-fous-de-la-diagonale-2-5_1900181.html                                                                                                                                                              http:\/\/www.francetvinfo.fr\/france\/feuilleton-les-fous-de-la-diagonale-3-5_1901503.html                                                                                                                                                                     http:\/\/www.francetvinfo.fr\/sports\/feuilleton-les-fous-de-la-diagonale-4-5_1903237.html                                                                                                                                                            http:\/\/www.francetvinfo.fr\/france\/feuilleton-les-fous-de-la-diagonale-5-5_1905021.html<\/p>\n<p><strong>POLITIQUE<\/strong><\/p>\n<p><strong>-&#8220;Nous travaillons au rassemblement de la gauche antilib\u00e9rale. Des millions de gens vont se poser la question d&#8217;\u00e9viter un deuxi\u00e8me tour droite-FN. Nous continuerons \u00e0 interpeller tout le monde pour un projet et une candidature commune. Si la primaire socialiste est gagn\u00e9e par un opposant \u00e0 la politique gouvernementale, quelque chose aura boug\u00e9, une situation nouvelle devra \u00eatre prise en consid\u00e9ration. Est-ce qu&#8217;on peut mettre le mot espoir \u00e0 l&#8217;agenda ? Je ne crois absolument pas que Fran\u00e7ois Hollande puisse acc\u00e9der au deuxi\u00e8me tour. Si nous soutenons la candidature de Jean-Luc M\u00e9lenchon, nous n&#8217;entrerons pas dans &#8220;la France insoumise&#8221;. Nous m\u00e8nerions notre propre campagne&#8221; (Olivier Dartigolles, pote-parole du PCF; interrog\u00e9 par Brigitte Boucher; vid\u00e9o, amener le curseur sur 30:02) <\/strong> : http:\/\/www.lcp.fr\/emissions\/politique-matin\/278984-la-matinale-du-4-novembre-2016<\/p>\n<p>-&#8220;Pierre Laurent pr\u00eat \u00e0 soutenir M\u00e9lenchon mais&#8230;&#8221; (Rachid La\u00efreche) : http:\/\/www.liberation.fr\/france\/2016\/11\/04\/pierre-laurent-pret-a-soutenir-melenchon-mais_1526155<\/p>\n<p>-&#8220;Pierre Laurent se range derri\u00e8re Jean-Luc M\u00e9lenchon mais pose ses exigences &#8220;(Fran\u00e7ois Vignal; vid\u00e9os : http:\/\/www.publicsenat.fr\/lcp\/politique\/pierre-laurent-se-range-derriere-jean-luc-melenchon-pose-exigences-1548665<\/p>\n<p><strong>-&#8220;Le PCF va-t-il vraiment soutenir la candidature de Jean-Luc M\u00e9lenchon ?&#8221; (une interview de Roger Martelli aux &#8220;Inrocks&#8221;; propos recueillis par Mathieu Dejean) <\/strong> : http:\/\/www.lesinrocks.com\/2016\/11\/04\/actualite\/pcf-va-t-vraiment-soutenir-candidature-de-jean-luc-melenchon-11877313\/#.WBzCQ7pS2i4.twitter<\/p>\n<p><strong>-La revue de la semaine de Jean-Luc M\u00e9lenchon (vid\u00e9o) :<\/strong> http:\/\/melenchon.fr\/2016\/11\/04\/revue-de-semaine-5-fichage-generalise-elections-egalite-femmes-hommes-greve-sante\/<\/p>\n<p>-&#8220;Il y a 3 000 \u00e0 4 000 personnes \u00e0 \u00e9vacuer du campement de Stalingrad. C&#8217;est la 30e \u00e9vacuation avec mise dans des centres d&#8217;h\u00e9bergement, essentiellement en r\u00e9gion parisienne. 20 000 personnes ont d\u00e9j\u00e0 \u00e9t\u00e9 prises en compte sans que personne n&#8217;en parle. M. Estrosi a oubli\u00e9 comment il avait \u00e9t\u00e9 \u00e9lu. Je ne voterai pas \u00e0 la primaire \u00e9cologiste. Mon candidat, c&#8217;est celui qui gagnera la primaire de la gauche. Au premier tour, c&#8217;est Fran\u00e7ois de Rugy&#8221; (la ministre Emmanuelle Cosse; vid\u00e9o) : http:\/\/www.francetvinfo.fr\/monde\/europe\/migrants\/les-4-verites-emmanuelle-cosse-entre-3-000-et-4-000-personnes-a-evacuer-du-campement-de-stalingrad_1904623.html<\/p>\n<p>-&#8220;Pour moi, Fran\u00e7ois Hollande appartient au pass\u00e9. Et maintenant, la gauche doit tourner une nouvelle page. Et cette nouvelle page, elle doit commencer avec la primaire de la gauche&#8221; (Aur\u00e9lie Filippetti, d\u00e9put\u00e9e PS de Moselle, ancienne ministre de la Culture qui soutient Arnaud Montebourg; vid\u00e9o) : http:\/\/www.lcp.fr\/la-politique-en-video\/filippetti-ps-francois-hollande-appartient-maintenant-au-passe<\/p>\n<p>-Elle \u00e9tait l&#8217;invit\u00e9e des cha\u00eenes parlementaires (vid\u00e9o, amener le curseur sur 2:00) : http:\/\/replay.publicsenat.fr\/vod\/parlement-hebdo\/invitee-aurelie-filippetti\/218460<\/p>\n<p><strong>-A l&#8217;Assembl\u00e9e nationale, Pouria Amirshahi a interrog\u00e9 Bernard Cazeneuve sur la mort d&#8217;Adama Traor\u00e9 (vid\u00e9o) : <\/strong> http:\/\/www.lcp.fr\/la-politique-en-video\/interpelle-sur-la-mort-dadama-traore-cazeneuve-fustige-la-mise-en-cause<\/p>\n<p>-&#8220;Mon choix n&#8217;est suspendu \u00e0 l&#8217;agenda de personne&#8221; (Emmanuel Macron; propos recueillis par Jean-Claude Soul\u00e9ry) : http:\/\/www.ladepeche.fr\/article\/2016\/11\/04\/2452100-macron-choix-est-suspendu-agenda-personne.html<\/p>\n<p>-&#8220;Nicolas Sarkozy a \u00e9t\u00e9 diff\u00e9rend de tous les autres. Fran\u00e7ois Bayrou est l&#8217;alli\u00e9 de la gauche. Il y avait souvent une convergence entre Fran\u00e7ois Fillon et Nicolas Sarkozy&#8221; (Eric Ciotti, porte-parole de Nicolas Sarkozy; invit\u00e9 de &#8220;Territoires d&#8217;Infos&#8221;; vid\u00e9o, amener le curseur sur 33:18) : http:\/\/www.sudradio.fr\/Politique\/L-interview-politique\/Eric-Ciotti-Pas-de-difference-majeure-entre-Fillon-et-Sarkozy<\/p>\n<p>-&#8220;Aujourd&#8217;hui, Fran\u00e7ois Bayrou trouble le jeu&#8221; (Fran\u00e7ois Baroin, s\u00e9nateur LR de L&#8217;Aube que Nicolas Sarkozy a choisi comme premier ministre s&#8217;il l&#8217;emportait; invit\u00e9 de la matinale de Franceinfo; vid\u00e9o) : https:\/\/www.youtube.com\/watch?v=HG-5r-P-vwQ<\/p>\n<p>-&#8220;Je n&#8217;ai pas vu un candidat se d\u00e9tacher&#8221; (Benoist Apparu, d\u00e9put\u00e9 LR de la Marne, porte-parole d&#8217;Alain Jupp\u00e9; interrog\u00e9 par Fr\u00e9d\u00e9ric Rivi\u00e8re; vid\u00e9o) : http:\/\/www.rfi.fr\/video\/20161104-benoist-apparu-j-ai-trouve-2eme-debat-equilibre-je-ai-pas-vu-candidat-detache<\/p>\n<p>-&#8220;J&#8217;avais demand\u00e9 que l&#8217;\u00e9ducation soit dans le d\u00e9bat. Il doit y avoir des \u00e9changes. Nicolas Sarkozy \u00e0 chercher \u00e0 disqualifier  les autres points de vue. Il a utilis\u00e9 l&#8217;argument d&#8217;autorit\u00e9, il est \u00e0 c\u00f4t\u00e9 du rythme de la soci\u00e9t\u00e9. On a perdu dix minutes sur Fran\u00e7ois Bayrou&#8221; (NKM, interrog\u00e9e par Guillaume Durand; vid\u00e9os) : http:\/\/www.dailymotion.com\/video\/x50mtow                                                            http:\/\/www.dailymotion.com\/video\/x50msv9_dans-la-retraite-a-points-le-point-est-le-meme-pour-tous-nathalie-kosciusko-morizet-partie-2-04-11_news<\/p>\n<p>-L&#8217;Europe, la grande absente (C\u00e9cile Barbi\u00e8re) : http:\/\/www.euractiv.fr\/section\/elections\/news\/leurope-grande-absente-de-la-primaire-a-droite\/?nl_ref=24169592<\/p>\n<p>-&#8220;Un d\u00e9bat muscl\u00e9&#8221; chez Ruth Elkrief (vid\u00e9o) : http:\/\/www.bfmtv.com\/mediaplayer\/video\/primaire-a-droite-un-debat-muscle-882341.html<\/p>\n<p>-&#8220;Bruno Le Maire, c&#8217;est un jeune vieux. Au deuxi\u00e8me tour, ce serait difficile pour Nicolas Sarkozy&#8221; (Bernard Debr\u00e9, d\u00e9put\u00e9 LR de Paris, soutien de Fran\u00e7ois Fillon; vid\u00e9o, amener le curseur sur 8:11 et sur 15:18) : http:\/\/www.lcp.fr\/emissions\/politique-matin\/278984-la-matinale-du-4-novembre-2016<\/p>\n<p>-&#8220;Il y a beaucoup de points d&#8217;accord entre les candidats&#8221; (Le politologue Olivier Rouquan, chercheur associ\u00e9 au CERSA; interrog\u00e9 par Dimitri Pavlenko (son) :  http:\/\/www.sudradio.fr\/Podcasts\/L-invite-pour-comprendre\/Olivier-Rouquan-politologue-chercheur-associe-au-CERSA<\/p>\n<p>-&#8220;Je me sens pr\u00eat pour la fonction. Mon discours rencontre l&#8217;adh\u00e9sion de nombreux Fran\u00e7ais. J&#8217;esp\u00e8re qu&#8217;on va sortir de cette s\u00e9quence st\u00e9rile sur Fran\u00e7ois Bayrou impos\u00e9e par Nicolas Sarkozy&#8221; (Jean-Fran\u00e7ois Cop\u00e9, d\u00e9put\u00e9 LR de Seine-et-Marne, face \u00e0 Rapha\u00eblle Duchemin; vid\u00e9o) : http:\/\/www.bfmtv.com\/mediaplayer\/video\/jean-francois-cope-face-a-raphaelle-duchemin-en-direct-882101.html<\/p>\n<p>-Son humour dans le d\u00e9bat (vid\u00e9o) : http:\/\/rmc.bfmtv.com\/mediaplayer\/video\/qg-bourdin-2017-magnien-president-quand-jean-francois-cope-fait-rire-tout-le-monde-durant-le-debat-de-la-primaire-a-droite-882109.html<\/p>\n<p><strong>-L&#8217;analyse du d\u00e9bat de Bernard Sanan\u00e8s, pr\u00e9sident d&#8217;ELABE (vid\u00e9o, amener le curseur sur 2:05)<\/strong> : http:\/\/rmc.bfmtv.com\/mediaplayer\/video\/qg-bourdin-2017-debat-de-la-primaire-de-droite-quel-candidat-a-ete-le-plus-convaincant-0411-882085.html<\/p>\n<p>-Le point de vue de Renaud D\u00e9ly et Eric Brunet (vid\u00e9o) : http:\/\/rmc.bfmtv.com\/mediaplayer\/video\/brunet-dely-qui-est-le-vainqueur-du-deuxieme-debat-de-la-primaire-de-la-droite-0411-882095.html<\/p>\n<p>-Le climat du d\u00e9bat (Apolline de Malherbe qui interrogeait les candidats. Pour Christophe Barbier, &#8220;chacun a jou\u00e9 sa partition&#8221;; vid\u00e9o) : http:\/\/www.bfmtv.com\/mediaplayer\/video\/l-edito-de-christophe-barbier-quid-du-deuxieme-debat-de-la-primaire-a-droite-882091.html<\/p>\n<p>-&#8220;La r\u00e9v\u00e9lation, c&#8217;est Fran\u00e7ois Fillon&#8221; (Son porte-parole J\u00e9r\u00f4me Chartier; vid\u00e9o) : http:\/\/www.bfmtv.com\/mediaplayer\/video\/le-debrief-du-debat-de-la-primaire-de-la-droite-et-du-centre-44-882065.html<\/p>\n<p>-2,9 millions de t\u00e9l\u00e9spectateurs ont suivi le d\u00e9bat : http:\/\/www.lepoint.fr\/presidentielle\/2-5-millions-de-telespectateurs-pour-le-debat-d-hier-04-11-2016-2080681_3121.php?M_BT<\/p>\n<p>-&#8220;Salut le facho&#8221;, le SMS de Rachida Dati adress\u00e9 \u00e0 Brice Hortefeux en 2013 : http:\/\/www.francetvinfo.fr\/societe\/affaire\/les-affaires-sarkozy\/salut-le-facho-le-sms-de-menaces-de-rachida-dati-a-brice-hortefeux_1904531.html<\/p>\n<p>-&#8220;Et si cette primaire de la droite n&#8217;existait pas&#8221; (Fr\u00e9d\u00e9ric M\u00e9t\u00e9zeau; son) : https:\/\/www.franceinter.fr\/emissions\/l-edito-politique\/l-edito-politique-04-novembre-2016<\/p>\n<p><strong>-&#8220;Moi Pr\u00e9sidente. Am\u00e9lie, 44 ans, guide-conf\u00e9renci\u00e8re. Avec Herv\u00e9 Pauchon (son) : <\/strong>  https:\/\/www.franceinter.fr\/emissions\/moi-president\/moi-president-04-novembre-2016<\/p>\n<p>&#8211;<em>Le barom\u00e8tre politique (YOUGOV)<\/em> : https:\/\/fr.yougov.com\/news\/2016\/10\/06\/resultats-du-barometre-yougov-france-le-huffington\/<\/p>\n<p><strong>EUROPE-MONDE<\/strong><\/p>\n<p>&#8211;<em>Le taux de ch\u00f4mage \u00e0 10% dans la zone euro (EUROSTAT)<\/em> : http:\/\/ec.europa.eu\/eurostat\/documents\/2995521\/7720364\/3-03112016-AP-FR.pdf\/3aec0d92-e9b5-4fcd-8728-547b96ea0cdf<\/p>\n<p>-&#8220;Les r\u00e9gulateurs t\u00e9l\u00e9coms nationaux refusent de se transformer en agence europ\u00e9enne&#8221; (Catherine Stupp) : http:\/\/www.euractiv.fr\/section\/innovation-entreprises\/news\/telecoms-regulators-fight-back-against-commission-plan-for-new-eu-agency\/?nl_ref=24169592<\/p>\n<p><strong>-&#8220;L&#8217;\u00e9quipe Barroso continue d&#8217;empocher des sommes astronomiques&#8221; (Daniel M\u00fctzel)<\/strong> : http:\/\/www.euractiv.fr\/section\/politique\/news\/former-barroso-commissioners-still-enjoying-big-paydays\/?nl_ref=24169592<\/p>\n<p>-&#8220;La d\u00e9cision de la Haute cour ne change rien au Brexit&#8221; (le ministre britannique des Affaires \u00e9trang\u00e8res Boris Johnson; vid\u00e9o) : http:\/\/nr.news-republic.com\/Web\/ArticleWeb.aspx?regionid=2&#038;articleid=76776707<\/p>\n<p>-L&#8217;Irlande ne veut pas de fronti\u00e8re avec le Royaume-Uni apr\u00e8s le Brexit : http:\/\/www.euractiv.fr\/section\/royaume-uni-en-europe\/news\/lirlande-ne-veut-pas-de-frontiere-avec-le-royaume-uni-apres-le-brexit\/?nl_ref=24169592<\/p>\n<p>-&#8220;Paris met le paquet pour r\u00e9cup\u00e9rer les d\u00e9\u00e7us du Brexit&#8221; (Mathias Th\u00e9pot) : http:\/\/www.euractiv.fr\/section\/royaume-uni-en-europe\/news\/paris-met-le-paquet-pour-recuperer-les-decus-du-brexit\/?nl_ref=24169592<\/p>\n<p>-&#8220;Londres et Copenhague les villes les plus ch\u00e8re d&#8217;Europe&#8221; : http:\/\/www.euractiv.fr\/section\/euro-finances\/news\/londres-et-copenhague-les-villes-les-plus-cheres-deurope\/?nl_ref=24169592<\/p>\n<p>-&#8220;En Roumanie, les  gays pri\u00e9s de rester c\u00e9libataires&#8221; (Aline Fontaine) : http:\/\/www.lemonde.fr\/m-moyen-format\/article\/2016\/11\/04\/en-roumanie-les-epoux-gays-pries-de-rester-celibataires_5025516_4497271.html<\/p>\n<p><strong>-En Turquie, les dirigeants du principal parti pro-kurde en garde-\u00e0-vue (vid\u00e9o) : <\/strong> http:\/\/www.rfi.fr\/europe\/20161104-turquie-dirigeants-principal-parti-pro-kurde-garde-vue                                                             http:\/\/nr.news-republic.com\/Web\/ArticleWeb.aspx?regionid=2&#038;articleid=76787180<\/p>\n<p><strong>-&#8220;Azam, petit Syrien de 9 ans, au travail dans un atelier de confection turc&#8221; (&#8220;Envoy\u00e9 sp\u00e9cial&#8221;; vid\u00e9o) :<\/strong>  http:\/\/www.francetvinfo.fr\/monde\/revolte-en-syrie\/video-azam-petit-syrien-de-9-ans-au-travail-dans-un-atelier-de-confection-turc_1903095.html<\/p>\n<p><strong>-&#8220;Isra\u00ebl et ses colombes&#8221;, trois questions \u00e0 Samy Cohen&#8221; (propos recueillis par Pascal Boniface) <\/strong> : https:\/\/blogs.mediapart.fr\/pascalboniface\/blog\/031116\/israel-et-ses-colombes-3-questions-samy-cohen?utm_source<\/p>\n<p>-&#8220;Les Occidentaux et les deux islam&#8221; (Bernard Guetta; son) : https:\/\/www.franceinter.fr\/emissions\/geopolitique\/geopolitique-04-novembre-2016<\/p>\n<p>-L&#8217;ONU appelle \u00e0 lever l&#8217;interdiction de manifester au Congo : http:\/\/www.rfi.fr\/afrique\/20161104-rdc-onu-appelle-lever-interdiction-manifester<\/p>\n<p>-Obama s&#8217;engage sur le terrain (vid\u00e9o) : http:\/\/www.liberation.fr\/video\/2016\/11\/03\/face-a-la-menace-trump-barack-obama-s-engage-sur-le-terrain_1525899?xtor=EPR<\/p>\n<p>-24 millions d&#8217;\u00e9lecteurs ont d\u00e9j\u00e0 vot\u00e9 (vid\u00e9o) : http:\/\/rmc.bfmtv.com\/mediaplayer\/video\/presidentielle-americaine-24-millions-d-americains-ont-deja-vote-882111.html<\/p>\n<p>-Ils ont particip\u00e9 au vote anticip\u00e9 (t\u00e9moignages; vid\u00e9o) : http:\/\/nr.news-republic.com\/Web\/ArticleWeb.aspx?regionid=2&#038;articleid=76762207<\/p>\n<p><strong>-L&#8217;enjeu du vote hispanique (vid\u00e9o)<\/strong> : http:\/\/www.francetvinfo.fr\/monde\/usa\/presidentielle\/hillary-clinton\/etats-unis-l-enjeu-du-vote-hispanique_1904991.html<\/p>\n<p><strong>-Les mineurs de charbon et le vote Trump (vid\u00e9o)<\/strong> : http:\/\/nr.news-republic.com\/Web\/ArticleWeb.aspx?regionid=2&#038;articleid=76780245<\/p>\n<p>-L&#8217;ayatollah Ali Khamenei estime que la campagne \u00e9lectorale r\u00e9v\u00e8le &#8220;une situation catastrophique&#8221; des Etats-Unis (Siavosh Ghazi) :  http:\/\/www.rfi.fr\/moyen-orient\/20161103-iran-ayatollah-ali-khamenei-presidentielle-etats-unis-catastrophique<\/p>\n<p><strong>-&#8220;Aux Philippines, un carnage d&#8217;Etat&#8221; (&#8220;Envoy\u00e9 Sp\u00e9cial&#8221;; vid\u00e9o) :<\/strong> http:\/\/www.francetvinfo.fr\/societe\/drogue\/video-philippines-carnage-d-etat_1901725.html<\/p>\n<p>-Malgr\u00e9 l&#8217;accord de Paris, le monde se dirige vers un r\u00e9chauffement de 3\u00b0C (Fiona Harvey) : http:\/\/www.euractiv.fr\/section\/climat-environnement\/news\/world-on-track-for-3c-of-warming-under-current-global-climate-pledges-warns-un\/?nl_ref=24169592<\/p>\n<p>-Les coraux des Maldives en danger de mort (vid\u00e9o) : http:\/\/www.francetvinfo.fr\/meteo\/climat\/maldives-les-coraux-en-danger-de-mort_1905003.html<\/p>\n<p>-Un voilier pour nettoyer les d\u00e9chets plastiques dans la mer (le navigateur Yvan Bourgnon; vid\u00e9o) : http:\/\/www.francetvinfo.fr\/sports\/voile\/un-bateau-voilier-pour-nettoyer-les-oceans-des-dechets-plastiques-avec-yvan-bourgnon_1905009.html<\/p>\n<p><strong>CULTURE-MEDIAS<\/strong><\/p>\n<p><strong>-Ce matin, \u00e0 Nanterre (92), \u00e0 11H30, &#8220;le d\u00e9fil\u00e9 des taupes&#8221;<\/strong>: http:\/\/m.leparisien.fr\/nanterre-92000\/a-nanterre-c-est-le-mois-des-taupes-04-11-2016-6288504.php<\/p>\n<p><strong>-&#8220;On peut \u00eatre croyant et r\u00e9volutionnaire&#8221; (Alain Gresh; interview \u00e0 Ballast) : <\/strong> http:\/\/www.revue-ballast.fr\/alain-gresh-on-peut-etre-croyant-et-revolutionnaire\/<\/p>\n<p>-Le sociologue Jean Baub\u00e9rot r\u00e9pond \u00e0 Caroline Fourest sur la la\u00efcit\u00e9 (vid\u00e9o) : http:\/\/www.lesinrocks.com\/2016\/10\/news\/sociologue-jean-bauberot-demonte-arguments-de-caroline-fourest-laicite\/?adblockdisabled=1<\/p>\n<p>-&#8220;La guerre des la\u00efcit\u00e9s&#8221; : https:\/\/carolinefourest.wordpress.com\/2016\/10\/25\/mon-vrai-desaccord-avec-jean-bauberot\/<\/p>\n<p>-1229 r\u00e9fugi\u00e9s arrivent \u00e0 Agen&#8230;en f\u00e9vrier 1939 : http:\/\/www.sudouest.fr\/2016\/10\/27\/1229-refugies-arrivent-a-agen-c-etait-en-fevrier-1939-2549472-3603.php<\/p>\n<p><strong>-&#8220;La pr\u00e9vention en psychiatrie&#8221; (le colloque Fondamental au Conseil \u00e9conomique, social et environnemental; avec en introduction, un discours de son ancien pr\u00e9sident, Jean-Paul Delevoye; vid\u00e9o int\u00e9grale) <\/strong> : https:\/\/www.youtube.com\/watch?v=u72tB5IK3j8<\/p>\n<p><strong>-&#8220;J&#8217;ai l&#8217;impression de rencontrer plus de gens qui auraient pu \u00eatre des collabos. O\u00f9 sont les penseurs ? Aucun de ceux qu&#8217;on voit ou entend n&#8217;affronte la r\u00e9alit\u00e9 sociale et politique. S&#8217;indigner, c&#8217;est facile, r\u00e9sister, c&#8217;est l&#8217;action. Je ne regrette pas ce que j&#8217;ai fait avec Nicolas Sarkozy&#8221; ( Marin Karmitz, \u00e0 l&#8217;occasion de la sortie de son livre &#8220;Com\u00e9die&#8221;, \u00e9tait l&#8217;invit\u00e9 de la matinale de France Inter. Il r\u00e9pondait aux questions de Patrick Cohen; vid\u00e9o et son) <\/strong> : http:\/\/www.dailymotion.com\/video\/x50mlab_marin-karmitz-repond-aux-questions-de-patrick-cohen_news                                  https:\/\/www.franceinter.fr\/emissions\/interactiv\/interactiv-04-novembre-2016<\/p>\n<p><strong>-&#8220;Merci Marin Karmitz pour ce voyage en cin\u00e9ma&#8221; (Fran\u00e7ois Morel; vid\u00e9o) : <\/strong> http:\/\/www.dailymotion.com\/video\/x50mnet_merci-marin-karmitz-pour-ce-voyage-en-cinema-le-billet-de-francois-morel_fun<\/p>\n<p>-La rencontre Omar Sy-Tom Hanks (vid\u00e9o) : http:\/\/www.lci.fr\/cinema\/video-omar-sy-raconte-sa-rencontre-avec-tom-hanks-2011047.html<\/p>\n<p><strong>-Leila Slimani, prix Goncourt 2016, invit\u00e9e d&#8217;Ali Baddou (vid\u00e9o) :  <\/strong> http:\/\/www.dailymotion.com\/video\/x50mp9b_leila-slimani-repond-aux-questions-d-ali-baddou_news<\/p>\n<p><strong>-Elle \u00e9tait \u00e9galement l&#8217;invit\u00e9e des &#8220;Matins&#8221; de Guillaume Erner sur France Culture, avec Bernard Pivot, pr\u00e9sident de l&#8217;Acad\u00e9mie Goncourt et Marielle Mac\u00e9 qui enseigne la litt\u00e9rature fran\u00e7aise \u00e0 l&#8217;Ecole normale sup\u00e9rieure (son) : <\/strong> https:\/\/www.franceculture.fr\/emissions\/linvite-des-matins-2eme-partie\/quel-prix-donner-la-litterature#xtor=EPR<\/p>\n<p>-&#8220;Une chanson douce&#8221; pour un prix Goncourt  (Patrick Cohen; son) : https:\/\/www.franceinter.fr\/emissions\/le-7h43\/le-7h43-04-novembre-2016<\/p>\n<p>-L&#8217;\u00e9crivain britannique Jonathan Coe, auteur de &#8220;Le Testament anglais&#8221; et &#8220;La Maison du sommeil&#8221;, \u00e9tait re\u00e7u par Augustin Trapenard (son) : https:\/\/www.franceinter.fr\/emissions\/boomerang\/boomerang-04-novembre-2016<\/p>\n<p>-Le Bataclan ouvrira ses portes le 12 novembre avec un concert de Sting : http:\/\/www.francetvinfo.fr\/faits-divers\/terrorisme\/attaques-du-13-novembre-a-paris\/la-bataclan-rouvrira-ses-portes-le-12-novembre-avec-un-concert-de-sting_1904501.html#xtor=EPR<\/p>\n<p><strong>-Le concert anniversaire des 70 ans de la Ma\u00eetrise de Radio France (vid\u00e9o int\u00e9grale) <\/strong> : http:\/\/culturebox.francetvinfo.fr\/live\/musique\/musique-classique\/concert-des-70-ans-de-la-maitrise-de-radio-france-248021<\/p>\n<p><strong>-&#8220;Born in the USA&#8221; de Bruce Springsteen (Rebecca Manzoni; vid\u00e9o) <\/strong> : http:\/\/www.dailymotion.com\/video\/x50m5pv_semaine-speciale-pop-in-the-usa-5-born-in-the-usa-sur-un-malentendu-ca-peut-marcher-tubes-and-co_music<\/p>\n<p>-Le 24e album de Serge Lama (vid\u00e9o) : http:\/\/culturebox.francetvinfo.fr\/musique\/chanson-francaise\/de-carla-bruni-a-cabrel-serge-lama-tres-entoure-pour-son-24e-album-248209#xtor=EREC<\/p>\n<p>-A 83 ans, Petula Clark sort un nouvel album (vid\u00e9o) : http:\/\/www.francetvinfo.fr\/monde\/europe\/petula-clark-la-chanteuse-de-83-ans-presente-son-nouvel-album_1901541.html<\/p>\n<p>-Jusqu&#8217;au 12 f\u00e9vrier au Mus\u00e9e du Luxembourg, l&#8217;exposition Fantin-Latour (vid\u00e9os) : http:\/\/www.grandpalais.fr\/fr\/evenement\/fantin-latour                                                                                           https:\/\/www.youtube.com\/watch?v=t6DuOQ2wnSY<\/p>\n<p><strong>-Laure Dalon, commissaire de l&#8217;exposition (vid\u00e9o) <\/strong> : https:\/\/www.youtube.com\/watch?v=AwaeLxqeQk4<\/p>\n<p>-La disparition \u00e0 86 ans du clown russe Oleg Popov (vid\u00e9o) : http:\/\/culturebox.francetvinfo.fr\/scenes\/cirque\/mort-du-celebre-clown-russe-oleg-popov-248211#xtor=EREC<\/p>\n<p><strong>-&#8220;Les Corvid\u00e9s&#8221; (le cirque au Festival d&#8217;Avignon 2016; vid\u00e9o int\u00e9grale) : <\/strong> http:\/\/culturebox.francetvinfo.fr\/live\/theatre\/theatre-contemporain\/sujets-a-vif-avignon-2016-les-corvides-241355<\/p>\n<p>-Vladimir Poutine honore l&#8217;acteur am\u00e9ricain Steven Seagal de la nationalit\u00e9 russe (vid\u00e9os) : http:\/\/culturebox.francetvinfo.fr\/cinema\/stars\/vladimir-poutine-honore-l-acteur-americain-steven-seagal-de-la-nationalite-russe-248247#xtor=EREC<\/p>\n<p>-Jusqu&#8217;au 31 d\u00e9cembre, au Mus\u00e9e Mendjiski \u00e0 Paris, &#8220;Les Insoumis de l&#8217;art moderne&#8221; : https:\/\/www.franceculture.fr\/evenement\/exposition-les-insoumis-de-lart-moderne#xtor=EPR<\/p>\n<p>-Le magazine du &#8220;Schtroumpf Emergent&#8221;, au coeur de l&#8217;art contemporain : http:\/\/www.schtroumpf-emergent.com\/blog\/<\/p>\n<p>-&#8220;Le Renaudot de l&#8217;essai, bombe m\u00e9diatique fran\u00e7aise&#8221; (Richard Werly) : https:\/\/www.letemps.ch\/culture\/2016\/11\/03\/renaudot-lessai-bombe-mediatique-francaise?utm_source<\/p>\n<p><strong>-Aude Lancelin participait \u00e0 l&#8217;\u00e9mission &#8220;Des mots de minuit&#8221; de Philippe Lefait, en compagnie de Val\u00e9rie Manteau, auteure de &#8220;Calme et tranquille&#8221; (vid\u00e9o, amener le curseur sur 28:15) : <\/strong>            http:\/\/culturebox.francetvinfo.fr\/des-mots-de-minuit\/dmdm-l-emission\/aude-lancelin-et-valerie-manteau-deux-livres-pour-un-temps-de-fauves-247791  <\/p>\n<p><strong>-Sur France Culture, une enqu\u00eate \u00e0 suspens entre la France et l&#8217;Alg\u00e9rie d&#8217;aujourd&#8217;hui, d&#8217;Adila  Bennedja\u00ef-Zou (en sept \u00e9pisodes sonores) :<\/strong> https:\/\/www.franceculture.fr\/histoire\/mes-annees-boum-une-enquete-algerienne#<\/p>\n<p>-&#8220;Nouveaux bouillons de culture \u00e0 la t\u00e9l\u00e9vision&#8221; (Robert Migliolini) : http:\/\/www.la-croix.com\/Culture\/TV-Radio\/Nouveaux-bouillons-de-culture-2016-11-03-1200800490?utm_source<\/p>\n<p>-&#8220;Les salari\u00e9s d&#8217;i-T\u00e9l\u00e9 ne doivent pas l\u00e2cher&#8221; (Aur\u00e9lie Fillippetti, ancienne ministre de la Culture PS; vid\u00e9o) : http:\/\/www.publicsenat.fr\/lcp\/politique\/aurelie-filippetti-i-tele-salaries-doivent-pas-lacher-1548494<\/p>\n<p><strong>-&#8220;Qui regarde la t\u00e9l\u00e9 ?&#8221; (Philippe Vendel; vid\u00e9o) :<\/strong> http:\/\/www.dailymotion.com\/video\/x50msua_qui-regarde-la-tele-l-humeur-de-philippe-vandel_news<\/p>\n<p><strong>-BFM TV prend la capitale  d&#8217;assaut avec BFM Paris, &#8220;l&#8217;information en continu sur le local&#8221;. Alexis Delahousse \u00e9tait l&#8217;invit\u00e9 de Sonia Devillers (vid\u00e9o, amener le curseur sur 4:32) <\/strong> :                          http:\/\/www.dailymotion.com\/video\/x50mvh6_bfm-paris-chaine-d-info-locale-a-l-americaine_news<\/p>\n<p>-&#8220;Jupp\u00e9 en p\u00e8lerinage sur la dalle d&#8217;Argenteuil&#8221; (Charline Vanhoenacker; vid\u00e9o) : http:\/\/www.dailymotion.com\/video\/x50md9v_juppe-en-pelerinage-sur-la-dalle-le-billet-de-charline_fun<\/p>\n<p><strong>-&#8220;C&#8217;est quoi, le CETA&#8221; (Guillaume Meurice; vid\u00e9o) : <\/strong> http:\/\/www.dailymotion.com\/video\/x50ic6x_c-est-quoi-le-ceta-le-moment-meurice_fun<\/p>\n","protected":false},"excerpt":{"rendered":"<p>ACTUALITE -&#8220;Salauds de pauvres !&#8221; (Jacques Munier; son) : https:\/\/www.franceculture.fr\/emissions\/le-journal-des-idees\/salauds-de-pauvres#xtor=EPR -Le point de vue de la CGT sur le projet de loi de financement de la S\u00e9curit\u00e9 sociale 2017 : http:\/\/www.cgt.fr\/Un-deficit-financier-comble.html -Le combat d&#8217;\u00e9galit\u00e9 pour le salaire des femmes (Yolaine de la Bigne; son) : http:\/\/www.sudradio.fr\/Podcasts\/Quelle-epoque-ethique\/Le-combat-d-egalite-pour-le-salaire-des-femmes -&#8220;Il y a aujourd&#8217;hui 12% de jeunes femmes dans [&hellip;]<\/p>\n","protected":false},"author":1042,"featured_media":0,"comment_status":"open","ping_status":"open","sticky":false,"template":"","format":"standard","meta":{"_themeisle_gutenberg_block_has_review":false,"footnotes":""},"categories":[151],"tags":[],"class_list":["post-9976","post","type-post","status-publish","format-standard","hentry","category-la-revue-de-presse-de-lulu"],"_links":{"self":[{"href":"https:\/\/archives.regards.fr\/index.php?rest_route=\/wp\/v2\/posts\/9976","targetHints":{"allow":["GET"]}}],"collection":[{"href":"https:\/\/archives.regards.fr\/index.php?rest_route=\/wp\/v2\/posts"}],"about":[{"href":"https:\/\/archives.regards.fr\/index.php?rest_route=\/wp\/v2\/types\/post"}],"author":[{"embeddable":true,"href":"https:\/\/archives.regards.fr\/index.php?rest_route=\/wp\/v2\/users\/1042"}],"replies":[{"embeddable":true,"href":"https:\/\/archives.regards.fr\/index.php?rest_route=%2Fwp%2Fv2%2Fcomments&post=9976"}],"version-history":[{"count":0,"href":"https:\/\/archives.regards.fr\/index.php?rest_route=\/wp\/v2\/posts\/9976\/revisions"}],"wp:attachment":[{"href":"https:\/\/archives.regards.fr\/index.php?rest_route=%2Fwp%2Fv2%2Fmedia&parent=9976"}],"wp:term":[{"taxonomy":"category","embeddable":true,"href":"https:\/\/archives.regards.fr\/index.php?rest_route=%2Fwp%2Fv2%2Fcategories&post=9976"},{"taxonomy":"post_tag","embeddable":true,"href":"https:\/\/archives.regards.fr\/index.php?rest_route=%2Fwp%2Fv2%2Ftags&post=9976"}],"curies":[{"name":"wp","href":"https:\/\/api.w.org\/{rel}","templated":true}]}}