{"id":9974,"date":"2016-11-04T06:52:28","date_gmt":"2016-11-04T05:52:28","guid":{"rendered":"https:\/\/wp.muchomaas.com\/article-la-revue-du-4-novembre-2016\/"},"modified":"2016-11-04T06:52:28","modified_gmt":"2016-11-04T05:52:28","slug":"article-la-revue-du-4-novembre-2016","status":"publish","type":"post","link":"https:\/\/archives.regards.fr\/?p=9974","title":{"rendered":"La Revue du 4 novembre 2016"},"content":{"rendered":"<p><strong>ACTUALITE<\/strong><\/p>\n<p><strong>-&#8220;Une expulsion de son logement devant son enfant, c&#8217;est terrible&#8221; (le t\u00e9moignage de Viviane, re\u00e7u par Marc-Olivier Fogiel; son) <\/strong> :                                                                                             http:\/\/www.rtl.fr\/actu\/societe-faits-divers\/une-expulsion-devant-son-enfant-c-est-terrible-temoigne-une-mere-de-famille-expulsee-de-son-logement-7785550532<\/p>\n<p>-A partir du 7 novembre prochain, \u00e0 16H34, les femmes travailleront b\u00e9n\u00e9volement (Les Glorieuses) : http:\/\/lesglorieuses.fr\/egalite-salaires\/<\/p>\n<p>-Air France lance une nouvelle compagnie \u00e0 bas co\u00fbt (vid\u00e9o) : http:\/\/www.francetvinfo.fr\/economie\/transports\/greve-a-air-france\/air-france-lance-une-nouvelle-compagnie-a-bas-cout_1902909.html<\/p>\n<p>-&#8220;Elle ne sera pas low cost&#8221; (Bruno Trevidic) : http:\/\/www.lesechos.fr\/industrie-services\/tourisme-transport\/0211456286213-air-france-mise-sur-une-nouvelle-compagnie-a-couts-reduits-pour-reprendre-sa-croissance-2040021.php<\/p>\n<p>-Les syndicats n&#8217;appr\u00e9cient pas (vid\u00e9o) : http:\/\/www.francetvinfo.fr\/economie\/transports\/greve-a-air-france\/air-france-annonce-la-creation-d-une-nouvelle-compagnie-aerienne_1903531.html<\/p>\n<p><em>-Les Fran\u00e7ais et le revenu universel (ODOXA) : <\/em> http:\/\/www.odoxa.fr\/les-francais-rejettent-le-revenu-universel-persuades-que-les-autres-en-profiteraient\/<\/p>\n<p>-Ils sont contre (Fr\u00e9d\u00e9ric Bianchi) :  http:\/\/bfmbusiness.bfmtv.com\/france\/toucher-500-a-1000-euro-par-mois-sans-travailler-les-francais-sont-contre-1054989.html#?xtor=EREC<\/p>\n<p><em>-Les Fran\u00e7ais, la cr\u00e9ation d&#8217;entreprises et le travail ind\u00e9pendant (OPINION-WAY) : <\/em> http:\/\/www.opinion-way.com\/pdf\/opinionway_pour_uae_-_sde_marseille_2016.pdf<\/p>\n<p>-L&#8217;enqu\u00eate sur le travail de la CFDT : https:\/\/www.parlonstravail.fr\/<\/p>\n<p>-Aujourd&#8217;hui entre en vigueur l&#8217;accord de Paris sur le climat (Nathalie Fontrel; son) : https:\/\/www.franceinter.fr\/emissions\/planete-environnement\/planete-environnement-03-novembre-2016<\/p>\n<p>-A Grenoble, l&#8217;op\u00e9ration &#8220;deux mois sans ma voiture&#8221; est lanc\u00e9e (vid\u00e9o) : http:\/\/www.francetvinfo.fr\/france\/grenoble-l-operation-deux-mois-sans-ma-voiture-est-lancee_1901937.html<\/p>\n<p><strong>-&#8220;Quand l&#8217;\u00e9cologie populaire permet de lutter contre la d\u00e9sesp\u00e9rance sociale et la criminalit\u00e9&#8221; (Ivan du Roy) <\/strong> : http:\/\/www.bastamag.net\/Quand-l-ecologie-populaire-permet-de-lutter-contre-la-desesperance-sociale-et<\/p>\n<p>-Le cercueil en carton, un concept \u00e9cologique (vid\u00e9o) : http:\/\/france3-regions.francetvinfo.fr\/lorraine\/meurthe-et-moselle\/cercueil-carton-concept-ecologique-1120865.html<\/p>\n<p><strong>-En Gironde, les enfants d&#8217;une \u00e9cole maternelle indispos\u00e9s par les pesticides (vid\u00e9o)<\/strong> : http:\/\/www.francetvinfo.fr\/france\/gironde-les-pesticides-affectent-la-sante-d-une-ecole-entouree-par-les-vignes_1901951.html<\/p>\n<p><strong>-Cancer, &#8220;faire passer notre exp\u00e9rience aux pays \u00e9mergents&#8221; (le professeur Roman Rouzier de l&#8217;Institut Curie; vid\u00e9o) <\/strong> : http:\/\/www.francetvinfo.fr\/sante\/cancer\/sante-roman-rouzier-faire-passer-notre-experience-aux-pays-emergents_1902779.html<\/p>\n<p>-Essai clinique mortel de Rennes, la toxicit\u00e9 de la mol\u00e9cule en cause (Paul Benkimoun) : http:\/\/www.lemonde.fr\/sante\/article\/2016\/11\/03\/essai-clinique-mortel-de-rennes-la-toxicite-de-la-molecule-en-cause_5024450_1651302.html<\/p>\n<p>-March\u00e9s publics, &#8220;la pr\u00e9f\u00e9rence r\u00e9gionale en PACA&#8221; (vid\u00e9o) : http:\/\/www.francetvinfo.fr\/politique\/marches-publics-la-region-paca-opte-pour-la-preference-regionale_1903573.html<\/p>\n<p><strong>-A Limoges, de nouvelles vid\u00e9os d\u00e9noncent l&#8217;abattage des vaches gestantes (Audrey Garric; vid\u00e9o) <\/strong> :                                                                                                                                                  http:\/\/www.lemonde.fr\/planete\/article\/2016\/11\/03\/de-nouvelles-videos-choc-denoncent-l-abattage-de-vaches-gestantes-a-limoges_5024506_3244.html<\/p>\n<p>-La nouvelle marque de lait &#8220;C&#8217;est qui le patron?&#8221; (son cr\u00e9ateur, Nicolas Chabanne, interrog\u00e9 par Eric Delvaux; son) : https:\/\/www.franceinter.fr\/emissions\/l-invite-du-5-7\/l-invite-du-5-7-03-novembre-2016<\/p>\n<p>-R\u00e9parer les ascenseur dans les HLM (vid\u00e9o, amener le curseur sur 9:30) : http:\/\/www.tf1.fr\/tf1\/jt-20h\/videos\/20-heures-2-novembre-2016.html<\/p>\n<p>-La journ\u00e9e nationale contre le harc\u00e8lement scolaire (vid\u00e9o, amener le curseur sur 11:53) : http:\/\/www.tf1.fr\/tf1\/jt-20h\/videos\/20-heures-2-novembre-2016.html<\/p>\n<p>-Mathilde Monnet en a \u00e9t\u00e9 victime : http:\/\/www.francetvinfo.fr\/sante\/soigner\/denoncer-le-harcelement-scolaire_1902773.html<\/p>\n<p>-&#8220;La police en a ras-le-bol d&#8217;\u00eatre formellement c\u00e9l\u00e9br\u00e9e mais pratiquement n\u00e9glig\u00e9e&#8221; (le magistrat honoraire Philippe Bilger; interrog\u00e9 par Fr\u00e9d\u00e9ric Rivi\u00e8re; vid\u00e9o) :                                                 http:\/\/www.rfi.fr\/video\/20161103-p-bilger-police-le-ras-le-bol-etre-formellement-celebree-mais-pratiquement-negligee<\/p>\n<p>-En Ile-de-France, quatre mosqu\u00e9e ferm\u00e9es &#8220;pour soup\u00e7on d&#8217;id\u00e9ologie radicale&#8221; (vid\u00e9o) :  http:\/\/www.francetvinfo.fr\/france\/ile-de-france-quatre-mosquees-fermees-pour-soupcon-d-ideologie-radicale_1901935.html<\/p>\n<p>-Les enfants isol\u00e9s ont \u00e9t\u00e9 \u00e9vacu\u00e9s du camp de Calais (vid\u00e9o) : http:\/\/www.francetvinfo.fr\/france\/nord-pas-de-calais\/migrants-a-calais\/calais-les-mineurs-isoles-evacues-de-la-jungle_1902763.html<\/p>\n<p>-Enfants dans la rue \u00e0 Caen, &#8220;une situation ing\u00e9rable pour les travailleurs sociaux&#8221; : http:\/\/www.libertebonhomme.fr\/2016\/11\/02\/enfants-dans-la-rue-a-caen-une-situations-devenue-ingerable-pour-les-intervenants-sociaux\/<\/p>\n<p>-&#8220;Qui sont les &#8220;Soldiers of Odin&#8221; que l&#8217;on voit en centre ville de Bordeaux ?&#8221; (vid\u00e9o) : http:\/\/www.sudouest.fr\/2016\/10\/28\/bordeaux-qui-sont-les-soldiers-of-odin-qu-on-voit-en-ville-2550676-2780.php<\/p>\n<p><strong>-&#8220;Une nouvelle m\u00e9gabase de donn\u00e9es, \u00e7a la fiche mal&#8221; (Pierre Alonso et Alexandre L\u00e9chenet) : <\/strong> http:\/\/www.liberation.fr\/france\/2016\/11\/02\/une-nouvelle-megabase-de-donnees-ca-la-fiche-mal_1525795<\/p>\n<p>-&#8220;Le fichage de 60 millions de Fran\u00e7ais m\u00e9riterait un d\u00e9bat parlementaire&#8221; (Pascal Rich\u00e9) : http:\/\/info.nouvelobs.com\/tech\/20161101.OBS0583\/le-fichage-de-60-millions-de-francais-meriterait-un-debat-parlementaire.html<\/p>\n<p>-&#8220;Les oublis et les erreurs de Cazeneuve et Urvoas&#8221; : http:\/\/www.lemonde.fr\/les-decodeurs\/article\/2016\/11\/03\/pour-defendre-le-fichier-geant-des-francais-les-oublis-volontaires-de-mm-cazeneuve-et-urvoas_5024458_4355770.html<\/p>\n<p><strong>-&#8220;Tous fich\u00e9s&#8221; (Olivier Tesquet)<\/strong> : http:\/\/www.telerama.fr\/medias\/fichier-biometrique-le-retour-de-la-chasse-aux-francais,149574.php#xtor=EPR<\/p>\n<p><strong>POLITIQUE<\/strong><\/p>\n<p><strong>-&#8220;Deux options sont en d\u00e9bat, celle qui consiste \u00e0 soutenir Jean-Luc M\u00e9lenchon et celle qui consiste \u00e0 pr\u00e9senter un candidat issu du Parti communiste&#8221; (Pierre Laurent, invit\u00e9 de &#8220;Territoires d&#8217;Infos&#8221;; vid\u00e9o, amener le curseur sur 33:09) :  <\/strong> http:\/\/www.sudradio.fr\/Politique\/L-interview-politique\/Pierre-Laurent-Le-spectacle-offert-par-le-PS-est-affligeant<\/p>\n<p>-&#8220;Manuel Valls a la volont\u00e9 d&#8217;en finir avec la gauche. Le PCF ne soutiendra jamais un repr\u00e9sentant de la politique gouvernementale&#8230; qui est une trahison de haut niveau&#8221;. Avec Jean-Luc M\u00e9lenchon, &#8220;les choses se sont apais\u00e9es, heureusement&#8221; (Olivier Dartigolles, porte-parole du PCF, face \u00e0 Nicolas Beytout; vid\u00e9o) :                                                                                                                              http:\/\/www.lopinion.fr\/video\/lopinion\/olivier-dartigolles-pcf-manuel-valls-a-volonte-d-en-finir-gauche-19407<\/p>\n<p>-&#8220;Jean-Luc M\u00e9lenchon pourrait \u00eatre le candidat de la gauche antilib\u00e9rale&#8221; (entretien r\u00e9alis\u00e9 par Catherine Tricot) : https:\/\/wp.muchomaas.com\/web\/article\/olivier-dartigolles-si-montebourg-gagne-la-primaire-socialiste-ce-sera-un<\/p>\n<p><strong>-&#8220;2017, une r\u00e9volution pour &#8220;le vote utile&#8221; \u00e0 gauche&#8221; (Roger Martelli) :  <\/strong> https:\/\/wp.muchomaas.com\/qui-veut-la-peau-de-roger-martelli\/article\/2017-une-revolution-pour-le-vote-utile-a-gauche<\/p>\n<p>-&#8220;Communistes, nous soutenons Jean-Luc M\u00e9lenchon en 2017&#8221; (Francis Parny; vid\u00e9o) : https:\/\/www.youtube.com\/watch?v=kkNX2EtWqU8<\/p>\n<p>-&#8220;Pr\u00e9parer les producteurs de la nouvelle \u00e9conomie&#8221; (Jean-Luc M\u00e9lenchon) : http:\/\/melenchon.fr\/2016\/10\/06\/preparer-les-producteurs-de-la-nouvelle-economie\/<\/p>\n<p>-&#8220;Son texto \u00e0 No\u00ebl Mam\u00e8re&#8221; : http:\/\/gauche.blog.lemonde.fr\/2016\/11\/02\/le-texto-de-melenchon-a-mamere\/<\/p>\n<p>-&#8220;Nous ne pouvons plus \u00eatre dans la main du PS&#8221; (No\u00ebl Mam\u00e8re, d\u00e9put\u00e9 \u00e9cologiste de la Gironde; entretien r\u00e9alis\u00e9 par Pierre Jacquemain) : https:\/\/wp.muchomaas.com\/web\/article\/noel-mamere-nous-ne-pouvons-plus-etre-dans-la-main-du-ps<\/p>\n<p>-&#8220;Dans &#8220;peuple communiste&#8221;, il y a peuple&#8221; (Raquel Garrido du Parti de gauche) : http:\/\/www.raquel-garrido.net\/?p=4504<\/p>\n<p>-&#8220;Est-ce enfin le bon moment ?&#8221; (Paul Oriol) : https:\/\/blogs.mediapart.fr\/paul-oriol\/blog\/021116\/pour-la-gauche-est-ce-enfin-le-bon-moment-0<\/p>\n<p>-&#8220;De quelle \u00e9cologie Mich\u00e8le Rivasi est-elle le nom ? (St\u00e9phane Lavignotte) : https:\/\/blogs.mediapart.fr\/stephanelavignotteorg\/blog\/011116\/de-quelle-ecologie-michele-rivasi-est-elle-le-nom<\/p>\n<p>-&#8220;Cette situation changera quand Fran\u00e7ois Hollande sera candidat&#8221; (Najat Vallaud-Belkacem, interrog\u00e9e par Caroline Roux; vid\u00e9o) :                                                                                           http:\/\/www.francetvinfo.fr\/politique\/ps\/najat-vallaud-belkacem\/4-verites-najat-vallaud-belkacem-cette-situation-changera-quand-francois-hollande-sera-candidat_1902797.html<\/p>\n<p>-Karine Berger, d\u00e9put\u00e9e PS des Hautes-Alpes, ne sait pas pour qui elle votera lors de la primaire. Elle fait remonter la naissance des frondeurs \u00e0 l&#8217;arriv\u00e9e de Manuel Valls \u00e0 Matignon, ce qui lui laisse ouverte la possibilit\u00e9 de voter Hollande; invit\u00e9e d&#8217;Yves Calvi; vid\u00e9o, amener le curseur sur 1:03:16) : http:\/\/www.lci.fr\/replay\/replay-calvi-24-heures-en-questions-du-2-novembre-l-amerique-se-trump-t-elle-2010746.html<\/p>\n<p>-&#8220;Manuel Valls sera un candidat parfaitement naturel&#8221;, si Fran\u00e7ois Hollande ne se pr\u00e9sente pas (Michel Sapin, invit\u00e9 de la matinale de Franceinfo; vid\u00e9o) :                                                   http:\/\/www.dailymotion.com\/video\/x50gcge_presidentielle-pour-michel-sapin-valls-sera-un-candidat-parfaitement-naturel-si-hollande-ne-se-prese_news<\/p>\n<p>-&#8220;Manuel Valls avait le devoir d&#8217;ouvrir sa gueule, mais en Conseil des ministres&#8221; (Jean-Pierre Chev\u00e8nement; vid\u00e9o) : http:\/\/www.europe1.fr\/politique\/chevenement-sur-valls-il-avait-le-devoir-douvrir-sa-gueule-mais-en-conseil-des-ministres-2889305<\/p>\n<p><em>-Image compar\u00e9e de Manuel Valls et d&#8217;Emmanuel Macron (SOFRES) : <\/em> http:\/\/www.fr.kantar.com\/elections\/presidentielle\/2017\/l-image-comparee-de-manuel-valls-et-d-emmanuel-macron\/<\/p>\n<p><strong>-Emmanuel Macron face \u00e0 la r\u00e9daction de Mediapart (vid\u00e9os) :  <\/strong>                        https:\/\/youtu.be\/C3juPfaTyC4                  https:\/\/youtu.be\/KDuNBwYSJ7s     https:\/\/youtu.be\/OPNx6sPqkkE<br \/>\n<iframe loading=\"lazy\" title=\"\u00abEn direct de Mediapart\u00bb : Macron le progressiste ?\" width=\"500\" height=\"281\" src=\"https:\/\/www.youtube.com\/embed\/nuCmHWsGEUE?feature=oembed\" frameborder=\"0\" allow=\"accelerometer; autoplay; clipboard-write; encrypted-media; gyroscope; picture-in-picture; web-share\" referrerpolicy=\"strict-origin-when-cross-origin\" allowfullscreen><\/iframe><br \/>\nhttps:\/\/youtu.be\/3Jd3rQBgLoQ        https:\/\/youtu.be\/TaQ7LiHi8qc<br \/>\n<iframe loading=\"lazy\" title=\"\u00abEn direct de Mediapart\u00bb :  Macron, quel Europ\u00e9en ?\" width=\"500\" height=\"281\" src=\"https:\/\/www.youtube.com\/embed\/koqR8MLjN_s?feature=oembed\" frameborder=\"0\" allow=\"accelerometer; autoplay; clipboard-write; encrypted-media; gyroscope; picture-in-picture; web-share\" referrerpolicy=\"strict-origin-when-cross-origin\" allowfullscreen><\/iframe> <\/p>\n<p>-&#8220;Arnaud Montebourg, sage, trop sage&#8221; (Renaud D\u00e9ly; son) : https:\/\/www.franceinter.fr\/emissions\/histoires-politiques\/histoires-politiques-03-novembre-2016<\/p>\n<p><strong>-&#8220;De profondes divergences&#8221; (Robert Injey) : <\/strong> http:\/\/www.robertinjey.com\/2016\/11\/des-profondes-divergences-avec-a.montebouirg-a-l-urgence-d-entrer-en-campagne.html<\/p>\n<p>-&#8220;Les d\u00e9put\u00e9s d\u00e9noncent &#8220;un quinquennat catastrophique&#8221; pour l&#8217;aide au d\u00e9veloppement (C\u00e9cile Barbi\u00e8re) :  http:\/\/www.euractiv.fr\/section\/aide-au-developpement\/news\/les-deputes-denoncent-un-quinquennat-catastrophique-pour-laide-au-developpement\/?nl_ref=24071771<\/p>\n<p><strong>-&#8220;Nicolas Sarkozy est d\u00e9sormais un candidat dangereux pour l&#8217;alternance&#8221; (Jean-Christophe Lagarde, pr\u00e9sident de l&#8217;UDI; vid\u00e9o) <\/strong> :                                                                                                      http:\/\/www.francetvinfo.fr\/politique\/les-republicains\/primaire-de-la-droite\/video-pour-le-patron-de-l-udi-nicolas-sarkozy-est-desormais-un-candidat-dangereux-pour-l-alternance_1902939.html    <\/p>\n<p>-Il \u00e9tait l&#8217;invit\u00e9 de Thomas Sotto sur Europe 1 (vid\u00e9o): http:\/\/www.europe1.fr\/emissions\/l-interview-politique\/debat-de-la-primaire-francois-bayrou-nicolas-sarkozy-et-jean-frederic-poisson-jean-christophe-lagarde-repond-aux-questions-de-thomas-sotto-2889701    <\/p>\n<p>-&#8220;Tous les \u00e9lecteurs sont l\u00e9gitimes pour venir voter. Tout est volatil. Je soutiendrais celui qui gagnera la primaire. Si c&#8217;est Alain Jupp\u00e9, ce sera difficile pour moi. Soit il gagnera tout seul, soit avec tout le monde&#8221; (Jean-Fr\u00e9d\u00e9ric Poisson, candidat chr\u00e9tien d\u00e9mocrate \u00e0 la primaire de la droite et du centre; interrog\u00e9 par Alexandra Bensaid; vid\u00e9o) :                                                                                                           http:\/\/www.dailymotion.com\/video\/x50g5ur_jean-frederic-poisson-est-l-invite-d-alexandra-bensaid_news <\/p>\n<p><strong>-Les principaux moments du second d\u00e9bat des candidats de la droite (vid\u00e9os) : <\/strong> http:\/\/www.bfmtv.com\/politique\/primaire-de-la-droite-ce-qu-il-faut-retenir-du-deuxieme-debat-1055497.html <\/p>\n<p>-&#8220;Cinq s\u00e9quences qu&#8217;il ne fallait pas rater (vid\u00e9os) : http:\/\/www.francetvinfo.fr\/elections\/presidentielle\/videos-primaire-a-droite-cinq-sequences-qu-il-ne-fallait-pas-rater-pendant-le-deuxieme-debat_1904399.html#xtor=EPR<\/p>\n<p>-&#8220;Si la droite \u00e9choue en 2017, ce sera le FN en 2022&#8221; (Alain Jupp\u00e9; vid\u00e9o) : http:\/\/www.bfmtv.com\/politique\/juppe-si-la-droite-echoue-en-2017-ce-sera-le-fn-en-2022-1055464.html     <\/p>\n<p>                                                                                                                     -Elu en 2017, Nicolas Sarkozy assure qu&#8217;il ne se repr\u00e9sentera pas en 2022 (vid\u00e9o) :  http:\/\/www.bfmtv.com\/politique\/s-il-est-elu-en-2017-sarkozy-assure-qu-il-ne-se-representera-pas-en-2022-a-67-ans-1055469.html       <\/p>\n<p>-&#8220;J&#8217;ai fait le service militaire et je ne balayais pas la cour de la caserne&#8221; (NKM; vid\u00e9o) : http:\/\/www.bfmtv.com\/politique\/nkm-j-ai-fait-un-service-militaire-et-je-ne-balayais-pas-la-cour-de-la-caserne-1055476.html<\/p>\n<p>-La minute pour convaincre des sept candidats (vid\u00e9os) : http:\/\/www.bfmtv.com\/politique\/moi-candidat-de-la-droite-la-minute-des-sept-candidats-pour-convaincre-1055507.html<\/p>\n<p>-&#8220;Les 35 piques qu&#8217;ils se sont envoy\u00e9es&#8221; (Bastien Hugues et llan Caro) : http:\/\/www.francetvinfo.fr\/politique\/les-republicains\/primaire-de-la-droite\/primaire-a-droite-les-35-piques-que-les-candidats-se-sont-envoyees-a-la-figure-pendant-le-deuxieme-debat_1903575.html#xtor=EPR<\/p>\n<p><em>-Qui a gagn\u00e9 ? (ELABE)<\/em> : http:\/\/elabe.fr\/a-gagne-debat\/     <\/p>\n<p>-La primaire de la droite &#8220;est une immense op\u00e9ration de manipulation des esprits pour occuper l&#8217;espace et mettre un couvercle sur la marmite des id\u00e9es&#8221; (Nicolas Dupont-Aignan, d\u00e9put\u00e9 de l&#8217;Essonne; invit\u00e9 de la matinale de RTL; vid\u00e9os) : http:\/\/www.rtl.fr\/actu\/politique\/primaire-de-la-droite-un-couvercle-sur-la-marmite-des-idees-selon-dupont-aignan-7785570804<\/p>\n<p>-&#8220;Entre le Coran et la France, il faut choisir&#8221; (Philippe de Villiers, interrog\u00e9 par Guillaume Durand; vid\u00e9o) : http:\/\/www.dailymotion.com\/video\/x50gdrs<\/p>\n<p>-&#8220;Sarkozy\/Jupp\u00e9, l&#8217;un b\u00eache, l&#8217;autre ratisse&#8221; (Alain Duhamel; vid\u00e9o) : http:\/\/www.rtl.fr\/actu\/politique\/duel-juppe-sarkozy-l-un-beche-et-l-autre-ratisse-selon-alain-duhamel-7785566659<\/p>\n<p>-&#8220;Fran\u00e7ois Bayrou, aujourd&#8217;hui, c&#8217;est une cabine t\u00e9l\u00e9phonique&#8221; (Alba Ventura; vid\u00e9o) : http:\/\/www.rtl.fr\/actu\/politique\/francois-bayrou-aujourd-hui-c-est-une-cabine-telephonique-analyse-alba-ventura-7785570481<\/p>\n<p>-&#8220;A droite, Bayrou les rend fou&#8221; (Yves Thr\u00e9ard; vid\u00e9o) : http:\/\/www.europe1.fr\/emissions\/ledito-politique-dyves-threard\/primaires-a-droite-bayrou-les-rend-fous-2889530<\/p>\n<p><em>-Les Fran\u00e7ais et les solutions \u00e9conomiques et sociales de la droite (VIAVOICE) <\/em> :                                                                                                                                                                                             http:\/\/www.institut-viavoice.com\/viavoice-paris\/publications\/sondages-publies\/535-presidentielle-2017-sous-la-preeminence-de-la-droite-scepticisme-envers-les-solutions-economiques-et-sociales-des-candidats-a-la-primaire-de-la-droite-et-du-centre<\/p>\n<p>-L&#8217;analyse qu&#8217;en fait l&#8217;institut tr\u00e8s lib\u00e9ral Montaigne  : http:\/\/www.institutmontaigne.org\/fr\/primaire-de-la-droite-et-du-centre<\/p>\n<p>-&#8220;On est face \u00e0 un choc d&#8217;une ampleur in\u00e9dite&#8221; (son directeur Laurent Bigorgne, interrog\u00e9 par Guillaume Durand; vid\u00e9o) : http:\/\/www.dailymotion.com\/video\/x50gf16_dans-les-programmes-economiques-on-est-face-a-un-choc-d-une-ampleur-inedite-laurent-bigorgne-03-11_news<\/p>\n<p>-Ils s&#8217;affranchissent de la r\u00e8gle des 3% : http:\/\/www.euractiv.fr\/section\/elections\/infographic\/les-candidats-a-la-primaire-de-la-droite-saffranchissent-de-la-regle-des-3\/?nl_ref=24071771<\/p>\n<p><em>-Le barom\u00e8tre politique (SOFRES) <\/em> : http:\/\/fr.kantar.com\/opinion-publique\/politique\/2016\/barometre-politique-nov-2016-record-d-impopularite-pour-francois-hollande\/<\/p>\n<p><em>-La capacit\u00e9 des femmes et des hommes politiques \u00e0 prendre en compte les pr\u00e9occupations de la vie quotidienne des Fran\u00e7ais (BVA) <\/em> :                                                                                                          http:\/\/www.bva.fr\/fr\/sondages\/la_capacite_des_hommes_et_femmes_politiques_a_prendre_en_compte_les_preoccupations_de_la_vie_quotidienne_des_francais.html<\/p>\n<p><em>-Le regard des habitants d&#8217;Auvergne-Rh\u00f4ne-Alpes sur l&#8217;action de leur Conseil r\u00e9gional et de son pr\u00e9sident Laurent Wauquiez (IFOP) <\/em> : http:\/\/www.ifop.com\/?option=com_publication&#038;type=poll&#038;id=3544<\/p>\n<p><strong>-&#8220;Moi Pr\u00e9sident. Samy, 22 ans, boulanger \u00e0 Libercourt (62). Avec Herv\u00e9 Pauchon (son) :<\/strong> https:\/\/www.franceinter.fr\/emissions\/moi-president\/moi-president-03-novembre-2016<\/p>\n<p><strong>EUROPE-MONDE<\/strong><\/p>\n<p>-Au Parlement europ\u00e9en du 24 au 27 octobre (Patrick Le Hyaric) : http:\/\/www.patrick-le-hyaric.eu\/reunion-du-parlement-europeen-du-24-au-27-octobre-2016\/<\/p>\n<p>-Des eurod\u00e9put\u00e9s presse l&#8217;Union d&#8217;acc\u00e9l\u00e9rer la lutte contre le ch\u00f4mage des jeunes (Samuel Morgan) : http:\/\/www.euractiv.fr\/section\/europe-sociale-emploi\/news\/eu-told-to-do-more-to-tackle-youth-unemployment\/?nl_ref=24071771<\/p>\n<p>-&#8220;Si les hommes donnaient la naissance, les syst\u00e8mes de sant\u00e9 seraient mieux adapt\u00e9s&#8221; (l&#8217;ancienne ministre allemande au D\u00e9veloppement; propos recueillis par Nicole Sagener) :                http:\/\/www.euractiv.fr\/section\/aide-au-developpement\/interview\/ex-development-minister-if-men-were-the-ones-giving-birth-healthcare-would-be-better-equipped\/?nl_ref=24071771<\/p>\n<p>-La maladie d&#8217;Alzheimer est sous-diagnostiqu\u00e9e dans les pays europ\u00e9ens (Sarantis Michalopoulos) : http:\/\/www.euractiv.fr\/section\/sante-modes-de-vie\/interview\/for-thursday-alzheimer-europe-chief-holistic-approach-needed-to-tackle-dementia\/?nl_ref=24071771<\/p>\n<p>-&#8220;La trumpisation de l&#8217;Occident&#8221; (Bernard Guetta; son) : https:\/\/www.franceinter.fr\/emissions\/geopolitique\/geopolitique-03-novembre-2016<\/p>\n<p><em>-Le dur constat de la jeunesse europ\u00e9enne (SOFRES)<\/em> : http:\/\/www.fr.kantar.com\/opinion-publique\/soci%C3%A9t%C3%A9\/2016\/le-dur-constat-de-la-jeunesse-europeenne\/<\/p>\n<p><strong>-&#8220;En Europe, nous n&#8217;avons pas suffisamment conscience du risque de guerre. Il faut de toute urgence changer de strat\u00e9gie diplomatique, la diplomatie \u00e9tant l&#8217;art de valoriser l&#8217;interlocuteur, l&#8217;art de lui donner un r\u00f4le. La seule strat\u00e9gie qui vaille est celle du dialogue, de la construction d&#8217;une strat\u00e9gie de paix. Nous croyons que le seul bouton qui marche est le bouton militaire. R\u00e9sultat, nous ne faisons plus de politique ni de diplomatie. A chaque fois, la France fait des interventions ponctuelles qui ne m\u00e8nent \u00e0 rien, comme au Mali. Il faut reb\u00e2tir des institutions de paix, des partenariats de paix et trouver des formats d&#8217;intervention qui soient plus en rapport avec des objectifs de paix. Je suis convaincu qu&#8217;il faut inventer de nouveaux types d&#8217;interventions militaires. En g\u00e9n\u00e9ral, le regard que l&#8217;on porte sur la Russie est celui de la diabolisation&#8221; (Dominique de Villepin \u00e9tait l&#8217;invit\u00e9 de la matinale de France Inter. Il a r\u00e9pondu aux questions de Patrick Cohen et des auditeurs; vid\u00e9os. Nous savons combien est grande la diff\u00e9rence entre les actes d&#8217;un dirigeant politique au pouvoir et les propos de celui qui souhaite y acc\u00e9der, mais r\u00eavons un peu \u00e0 une France qui aurait comme politique ext\u00e9rieure celle si bien d\u00e9finie par cet homme de droite qu&#8217;est Dominique de Villepin. Au r\u00e9veil, nous nous retrouvons avec la politique, bien r\u00e9elle celle-l\u00e0, d&#8217;un pr\u00e9sident de gauche&#8230;) <\/strong> : http:\/\/www.dailymotion.com\/video\/x50gc8d_dominique-de-villepin-repond-aux-questions-de-patrick-cohen_news                                         http:\/\/www.dailymotion.com\/video\/x50gaed_dominique-de-villepin-repond-aux-questions-des-auditeurs-de-france-inter_news<\/p>\n<p>-&#8220;Les enjeux de la diplomatie dans la primaire \u00e0 droite&#8221; (Fr\u00e9d\u00e9ric M\u00e9t\u00e9zeau; son) : https:\/\/www.franceinter.fr\/emissions\/l-edito-politique\/l-edito-politique-03-novembre-2016<\/p>\n<p>-Andr\u00e9 Fran\u00e7ois Poncet, un lanceur d&#8217;alerte d&#8217;avant-guerre (l&#8217;historien Jean-Marc Dreyfus; son) : https:\/\/www.franceinter.fr\/emissions\/meridien-d-europe\/meridien-d-europe-03-novembre-2016<\/p>\n<p><em>-D\u00e9sarmement nucl\u00e9aire, l&#8217;appel au Pr\u00e9sident de la R\u00e9publique (Paul Quil\u00e8s) : <\/em> http:\/\/paul.quiles.over-blog.com\/2016\/10\/appel-au-president-de-la-republique.html<\/p>\n<p>-&#8220;Amnesty d\u00e9nonce la maltraitance des migrants en Italie&#8221; : http:\/\/www.euractiv.fr\/section\/justice-affaires-interieures\/news\/amnesty-alleges-italian-police-torture-of-migrants\/?nl_ref=24071771<\/p>\n<p>-&#8220;Les produits qui dopent l&#8217;\u00e9conomie allemande&#8221; (vid\u00e9o) :  http:\/\/www.francetvinfo.fr\/monde\/europe\/les-produits-qui-dopent-l-economie-allemande_1903597.html<\/p>\n<p><strong>-Une milice fascisante bulgare pour faire la chasse au migrants (Svetoslav Traykov; vid\u00e9os) :<\/strong> http:\/\/observers.france24.com\/fr\/20161026-bulgarie-turquie-cagoules-machettes-milice-fascisante-traque-migrants-nationalisme<\/p>\n<p>-&#8220;J&#8217;ai pris six mois de cong\u00e9s pour revenir pour plusieurs ann\u00e9es&#8221; (Roger Federer, re\u00e7u par Thomas Sotto; vid\u00e9o) : http:\/\/www.europe1.fr\/emissions\/l-interview-verite\/roger-federer-jai-pris-six-mois-de-conges-pour-revenir-pour-plusieurs-annees-2889569<\/p>\n<p>-Le retour de la peine de mort en Turquie mettrait fin \u00e0 tout projet d&#8217;adh\u00e9sion \u00e0 l&#8217;Union europ\u00e9enne (Herbert Vytiska) : http:\/\/www.euractiv.fr\/section\/l-europe-dans-le-monde\/news\/turkish-return-to-death-penalty-would-be-ko-to-membership-dreams\/?nl_ref=24071771<\/p>\n<p>-&#8220;Le Mercosur juge l&#8217;offre d&#8217;accord  commercial de l&#8217;Union europ\u00e9enne insatisfaisante : http:\/\/www.euractiv.fr\/section\/innovation-entreprises\/news\/eu-mercosur-deal-hits-fresh-setback\/?nl_ref=24071771<\/p>\n<p>-A Moscou, Amnesty International expuls\u00e9 de ses locaux (vid\u00e9o) : http:\/\/nr.news-republic.com\/Web\/ArticleWeb.aspx?regionid=2&#038;articleid=76623601<\/p>\n<p>-&#8220;Il y a un certain d\u00e9clin de Daesh&#8221; (Joby Warrick, prix Pullitzer 2016, interrog\u00e9 par Sophie Larmoyer; son) : http:\/\/www.europe1.fr\/emissions\/linvite-des-carnets\/joby-warrick-sur-daech-il-y-a-un-certains-declin-de-lorganisation-2885402<\/p>\n<p>-&#8220;Le chef du groupe Etat islamique lance un appel \u00e0 ses soldats de Mossoul pour qu&#8217;ils r\u00e9sistent&#8221; (vid\u00e9o) : http:\/\/www.francetvinfo.fr\/monde\/proche-orient\/offensive-jihadiste-en-irak\/irak-le-chef-du-groupe-etat-islamique-lance-un-appel-a-ses-soldats-de-mossoul_1902911.html<\/p>\n<p>-L&#8217;exode des civils (vid\u00e9o) : http:\/\/www.francetvinfo.fr\/monde\/proche-orient\/bataille-de-mossoul-l-exode-des-civils_1903537.html<\/p>\n<p><strong>-&#8220;Je suis le peuple&#8221;, la r\u00e9volution \u00e9gyptienne vue du village. Un documentaire d&#8217;Anna Roussillon, interrog\u00e9e par Marie Cailletet (vid\u00e9o int\u00e9grale \u00e0 voir ici) <\/strong> :                                                            http:\/\/television.telerama.fr\/television\/a-voir-sur-telerama-fr-je-suis-le-peuple-la-revolution-egyptienne-vue-du-village,149580.php#xtor=EPR<\/p>\n<p>-&#8220;Jamais une campagne \u00e9lectorale a \u00e9t\u00e9 \u00e0 ce point centr\u00e9e sur les femmes&#8221; (Claude Guibal; son) : https:\/\/www.franceinter.fr\/emissions\/le-zoom-de-la-redaction\/le-zoom-de-la-redaction-03-novembre-2016<\/p>\n<p>-&#8220;Le patron du FBI roule-t-il vraiment pour Donald Trump ?&#8221; (Camille Caldini) : http:\/\/www.francetvinfo.fr\/monde\/usa\/presidentielle\/hillary-clinton\/presidentielle-americaine-le-patron-du-fbi-roule-t-il-vraiment-pour-donald-trump_1901189.html<\/p>\n<p>-&#8220;Rejetez la peur. Choisissez l&#8217;espoir. Votez&#8221; (Barack Obama; vid\u00e9o) : http:\/\/nr.news-republic.com\/Web\/ArticleWeb.aspx?regionid=2&#038;articleid=76627953<\/p>\n<p><strong>-Les jeunes am\u00e9ricains endett\u00e9s en qu\u00eate d&#8217;un pr\u00e9sident \u00e0 l&#8217;\u00e9coute (vid\u00e9o) : <\/strong> http:\/\/nr.news-republic.com\/Web\/ArticleWeb.aspx?regionid=2&#038;articleid=76649858<\/p>\n<p>-&#8220;L&#8217;Am\u00e9rique se trump-t-elle ?&#8221; (&#8220;24 heures en questions&#8221; d&#8217;Yves Calvi; vid\u00e9o) : http:\/\/www.lci.fr\/replay\/replay-calvi-24-heures-en-questions-du-2-novembre-l-amerique-se-trump-t-elle-2010746.html%3Ftype=content<\/p>\n<p>-Le pr\u00e9sident colombien Juan Manuel Santos voit dans le Brexit &#8220;une opportunit\u00e9 \u00e9norme&#8221; pour la Colombie (vid\u00e9o) : http:\/\/nr.news-republic.com\/Web\/ArticleWeb.aspx?regionid=2&#038;articleid=76621052<\/p>\n<p>-Il veut un nouvel accord avec les Farcs (vid\u00e9o) : http:\/\/nr.news-republic.com\/Web\/ArticleWeb.aspx?regionid=2&#038;articleid=76625683<\/p>\n<p><strong>CULTURE-MEDIAS<\/strong><\/p>\n<p>-&#8220;Se sacrifier pour des id\u00e9es&#8221; (le philosophe Yvon Quiniou) : https:\/\/blogs.mediapart.fr\/yvon-quiniou\/blog\/021116\/se-sacrifier-pour-des-idees<\/p>\n<p><strong>-&#8220;Manon&#8221; de Jules Massenet au Grand Th\u00e9\u00e2tre de Gen\u00e8ve, dans une mise en sc\u00e8ne d&#8217;Olivier Py, avec Patricia Petibon (vid\u00e9o int\u00e9grale) <\/strong> : http:\/\/concert.arte.tv\/fr\/manon-de-jules-massenet-olivier-py-et-patricia-petibon<\/p>\n<p>-15 expositions de peintres \u00e0 voir en novembre \u00e0 Paris : http:\/\/www.telerama.fr\/sortir\/15-expos-peinture-a-voir-en-novembre-a-paris,149584.php#xtor=EPR<\/p>\n<p>-&#8220;La mort de Louis XVI&#8221; d&#8217;Albert Serra avec Jean-Pierre L\u00e9aud (Jacques Morice; vid\u00e9o) : http:\/\/www.telerama.fr\/cinema\/la-lente-et-fascinante-agonie-de-jean-pierre-leaud-dans-la-mort-de-louis-xiv,149583.php#xtor=EPR<\/p>\n<p>-&#8220;On peut faire une carri\u00e8re sans devoir raconter sa vie priv\u00e9e&#8221; (Jean-Paul Belmondo; entretien r\u00e9alis\u00e9 par St\u00e9phane Boudsocq; son) :                                                                                                    http:\/\/www.rtl.fr\/culture\/medias-people\/jean-paul-belmondo-on-peut-faire-une-carriere-sans-devoir-raconter-sa-vie-privee-7785570601<\/p>\n<p>-Les difficult\u00e9s du cin\u00e9ma tunisien (un reportage de Justine Fontaine; son) : https:\/\/www.franceinter.fr\/emissions\/grand-angle\/grand-angle-03-novembre-2016<\/p>\n<p><strong>-&#8220;Compte \u00e0 rebours&#8221; (l&#8217;ami G\u00e9rald Briant et le groupe M2GB; vid\u00e9o) : <\/strong> https:\/\/www.youtube.com\/watch?v=k3JyiQp2ZQI<\/p>\n<p>-&#8220;Pura vida&#8221; et &#8220;Temontou&#8221;, interpr\u00e9t\u00e9es par la chanteuse br\u00e9silienne Flavia Coehlo; vid\u00e9os) : http:\/\/www.rfi.fr\/video\/20161103-flavia-coehlo-chante-pura-vida-musiques-monde-rfi                     http:\/\/www.rfi.fr\/video\/20161103-flavia-coehlo-chante-temontou-musiques-monde-rfi<\/p>\n<p><strong>-Le chanteur s\u00e9n\u00e9galais Youssou N&#8217;Dour repart pour un tour (vid\u00e9o) : <\/strong> http:\/\/www.francetvinfo.fr\/monde\/afrique\/youssou-n-dour-repart-pour-un-tour_1902787.html<\/p>\n<p><strong>-&#8220;La pop contre Trump&#8221; (Rebecca Manzoni; vid\u00e9o) :<\/strong> http:\/\/www.dailymotion.com\/video\/x50fi42_semaine-speciale-pop-in-the-usa-4-la-pop-contre-trump-pop-and-co_music<\/p>\n<p>-Salsa et socialisme, bienvenue sur &#8220;Radio Maduro&#8221; (Fran\u00e7ois-Xavier Gomez; vid\u00e9os) :  http:\/\/www.liberation.fr\/planete\/2016\/11\/03\/salsa-et-socialisme-bienvenue-sur-radio-maduro_1525745<\/p>\n<p>-&#8220;Impitoyable&#8221;, le film de Clint Easwood, \u00e9tait sur FR3 hier soir (Sonia Devillers; vid\u00e9o) : https:\/\/www.franceinter.fr\/emissions\/l-instant-tele\/l-instant-tele-03-novembre-2016<\/p>\n<p><strong>-&#8220;Le monde libre&#8221; de Aude Lancelin, licenci\u00e9e de l&#8217;Obs, re\u00e7oit le Renaudot essai, au 10e tour. (Choix difficile donc et courageux  pour le jury qui honore un ouvrage remarquable. Si cette distinction permet qu&#8217;il soit lu par des centaines de milliers de personnes, ce qu&#8217;elles y apprendront pourrait utilement les aider \u00e0 faire leur choix  lors des prochaines \u00e9ch\u00e9ances \u00e9lectorales) <\/strong> :    http:\/\/culturebox.francetvinfo.fr\/livres\/evenements\/aude-lancelin-ex-directrice-adjointe-de-l-obs-laureate-du-renaudot-essai-248239<\/p>\n<p>-&#8220;L&#8217;Obs est un loup pour l&#8217;Obs&#8221;   (J\u00e9r\u00f4me Lefilli\u00e2tre) : http:\/\/www.liberation.fr\/futurs\/2016\/11\/02\/l-obs-est-un-loup-pour-l-obs_1525754<\/p>\n<p>-Jean Daniel n&#8217;appr\u00e9cie pas : http:\/\/tempsreel.nouvelobs.com\/edito\/20161103.OBS0670\/les-folles-derives-de-la-rancoeur.html<\/p>\n<p>-Au Qu\u00e9bec, la liste ds journalistes surveill\u00e9s par la police s&#8217;allonge : http:\/\/www.lemonde.fr\/ameriques\/article\/2016\/11\/03\/la-liste-des-journalistes-surveilles-par-la-police-au-quebec-s-allonge_5024452_3222.html<\/p>\n<p>-Le prix Goncourt attribu\u00e9 \u00e0 L\u00e9\u00efla Slimani pour &#8220;Chanson douce&#8221; (vid\u00e9o) : http:\/\/www.liberation.fr\/video\/2016\/11\/03\/le-prix-goncourt-attribue-a-leila-slimani-pour-son-roman-chanson-douce_1525946<\/p>\n<p><strong>-&#8220;Je me demande si tout cela est bien r\u00e9el&#8221; (cit\u00e9e par Laurence Houot) : <\/strong> http:\/\/culturebox.francetvinfo.fr\/livres\/evenements\/leila-slimani-laureate-du-prix-goncourt-2016-pour-chanson-douce-248213<\/p>\n<p>-L&#8217;ent\u00eatante &#8220;Chanson douce&#8221; (Pierre-Yves Grenu) : http:\/\/culturebox.francetvinfo.fr\/livres\/romans\/l-entetante-chanson-douce-de-leila-slimani-246443<\/p>\n<p>-Yasmina Reza re\u00e7oit Le Renaudot pour &#8220;Babylone&#8221; : http:\/\/culturebox.francetvinfo.fr\/livres\/la-rentree-litteraire\/babylone-yasmina-reza-signe-un-polar-burlesque-teinte-de-melancolie-246407<\/p>\n<p><strong>-&#8220;Jamais je n&#8217;aurai 20 ans&#8221;, la BD de Jaime Martin, r\u00e9cit de la guerre d&#8217;Espagne, v\u00e9cue par ses grands-parents. Aujourd&#8217;hui \u00e0 Montpellier et le 5 novembre \u00e0 Narbonne :<\/strong> http:\/\/www.ligneclaire.info\/martin-42164.html<\/p>\n<p>-Hier jeudi, France Musique a consacr\u00e9 la journ\u00e9e au pianiste Alexandre Tharaud (S\u00e9bastien Porte; vid\u00e9o) : http:\/\/www.telerama.fr\/radio\/alexandre-tharaud-l-amoureux-des-arts,149138.php#xtor=EPR<\/p>\n<p>-Pour pr\u00e9parer le d\u00e9bat de la primaire de la droite, &#8220;nous avons tr\u00e8s bien travaill\u00e9 avec les \u00e9quipes d&#8217;i-T\u00e9l\u00e9&#8221; (Herv\u00e9 Beroud, directeur de la r\u00e9daction de BFMTV; interrog\u00e9 par Thomas Joubert; vid\u00e9o) : http:\/\/www.europe1.fr\/emissions\/l-invite-medias\/herve-beroud-nous-avons-tres-bien-travaille-avec-les-equipe-ditele-2889812<\/p>\n<p>-&#8220;Le CSA scrute le temps de parole mais ne dit rien de la gr\u00e8ve \u00e0 i-T\u00e9l\u00e9&#8221; (Patrick Cohen; vid\u00e9o) :                                                                                                                                                   http:\/\/www.dailymotion.com\/video\/x50fmzw_le-csa-scrute-les-temps-de-parole-mais-se-tait-sur-la-greve-a-itele-le-07h43_news<\/p>\n<p>-Apr\u00e8s 20 jours de gr\u00e8ve, il se r\u00e9veille enfin (Alexis Delcambre et Alexandre Piquard) : http:\/\/www.lemonde.fr\/actualite-medias\/article\/2016\/11\/03\/le-csa-adresse-deux-mises-en-demeure-a-i-tele_5024978_3236.html<\/p>\n<p>&#8211;<em>L&#8217;int\u00e9r\u00eat des Fran\u00e7ais pour les \u00e9missions politiques (IPSOS) :<\/em><br \/>\nhttp:\/\/www.ipsos.fr\/decrypter-societe\/2016-10-31-francais-s-interessent-ils-aux-emissions-politiques<\/p>\n<p><em>-Ce qu&#8217;ils attendaient du 2e d\u00e9bat des candidats de droite (ODOXA) : <\/em> http:\/\/www.odoxa.fr\/2eme-debat-de-la-primaire-les-francais-comptent-le-suivre-et-ne-pensent-pas-quil-permettra-a-sarkozy-de-rattraper-juppe\/<\/p>\n<p>-&#8220;Pour Franceinfo, l&#8217;heure est d\u00e9j\u00e0 au bilan et aux \u00e9volutions&#8221; (J\u00e9r\u00f4me Ivanichtchenko; vid\u00e9o) : http:\/\/www.europe1.fr\/emissions\/le-fait-medias-du-jour\/france-info-lheure-est-deja-au-bilan-2889785<\/p>\n<p><strong>-La pr\u00e9sidentielle am\u00e9ricaine dans le poste (Samuel Gontier) : <\/strong> http:\/\/television.telerama.fr\/television\/presidentielle-americaine-un-bon-documentaire-vaut-mieux-qu-une-enieme-affaire,149598.php#xtor=EPR<\/p>\n<p>-Les photos de la semaine (EPIC) : http:\/\/epic-stories.com\/selection-jeudi-61\/<\/p>\n<p><strong>-&#8220;La vie politique, c&#8217;est comme la vie, mais en pire, vu que c&#8217;est devant tout le monde&#8221; (Fr\u00e9d\u00e9ric Beigbeder; vid\u00e9o) <\/strong> :                                                                                                                  http:\/\/www.dailymotion.com\/video\/x50g60a_la-vie-politique-c-est-comme-la-vie-mais-en-pire-vu-que-c-est-devant-tout-le-monde-le-billet-de-fred_news<\/p>\n<p><strong>-&#8220;Nicolas Sarkozy, doux comme un agneau&#8221; (dans &#8220;Quotidien&#8221; de Yann Barth\u00e8s; vid\u00e9o)<\/strong> : http:\/\/www.tf1.fr\/tmc\/quotidien-avec-yann-barthes\/videos\/nicolas-sarkozy-doux-un-agneau.html<\/p>\n<p>-&#8220;Alessandra Sublet n&#8217;est pas du matin&#8221; (Guy Carlier; vid\u00e9o) : http:\/\/www.europe1.fr\/emissions\/a-la-p-tite-semaine\/alessandra-sublet-nest-pas-du-matin-2865223<\/p>\n<p>-&#8220;Nicolas Sarkozy souhaiterait nommer Alain Jupp\u00e9 ministre des anciens combattus apr\u00e8s sa victoire&#8221; (Nicolas Canteloup; son) :                                                                                                        http:\/\/www.europe1.fr\/emissions\/la-revue-de-presque\/primaire-un-second-debat-a-la-walking-dead-2889725<\/p>\n<p>-&#8220;Poisson pr\u00e9sident !&#8221; (Charline Vanhoenacker; vid\u00e9o) : http:\/\/www.dailymotion.com\/video\/x50g0k0_poisson-president-le-billet-de-charline_fun<\/p>\n<p><strong>-&#8220;Qu&#8217;a vu Alain Jupp\u00e9 \u00e0 Argenteuil ?&#8221; (Guillaume Meurice; vid\u00e9o) : <\/strong> http:\/\/www.dailymotion.com\/video\/x50c46m_qu-a-vu-juppe-a-argenteuil-le-moment-meurice_fun<\/p>\n<p>-&#8220;La femme est libre depuis toujours&#8221; selon Nicolas Sarkozy (Catherine et Liliane; vid\u00e9o) : http:\/\/m.canalplus.fr\/?vid=1422107<\/p>\n<p>-&#8220;Si je suis \u00e9lu, je confierai Matignon \u00e0 Fran\u00e7ois Bayroin&#8221; (Nicolas Sarkozy; vid\u00e9o) : http:\/\/www.francetvinfo.fr\/politique\/les-republicains\/primaire-de-la-droite\/video-nicolas-sarkozy-si-je-suis-elu-je-confierai-matignon-a-francois-bayrouin_1901081.html#xtor=EPR<\/p>\n","protected":false},"excerpt":{"rendered":"<p>ACTUALITE -&#8220;Une expulsion de son logement devant son enfant, c&#8217;est terrible&#8221; (le t\u00e9moignage de Viviane, re\u00e7u par Marc-Olivier Fogiel; son) : http:\/\/www.rtl.fr\/actu\/societe-faits-divers\/une-expulsion-devant-son-enfant-c-est-terrible-temoigne-une-mere-de-famille-expulsee-de-son-logement-7785550532 -A partir du 7 novembre prochain, \u00e0 16H34, les femmes travailleront b\u00e9n\u00e9volement (Les Glorieuses) : http:\/\/lesglorieuses.fr\/egalite-salaires\/ -Air France lance une nouvelle compagnie \u00e0 bas co\u00fbt (vid\u00e9o) : http:\/\/www.francetvinfo.fr\/economie\/transports\/greve-a-air-france\/air-france-lance-une-nouvelle-compagnie-a-bas-cout_1902909.html -&#8220;Elle ne sera pas low [&hellip;]<\/p>\n","protected":false},"author":1042,"featured_media":0,"comment_status":"open","ping_status":"open","sticky":false,"template":"","format":"standard","meta":{"_themeisle_gutenberg_block_has_review":false,"footnotes":""},"categories":[151],"tags":[],"class_list":["post-9974","post","type-post","status-publish","format-standard","hentry","category-la-revue-de-presse-de-lulu"],"_links":{"self":[{"href":"https:\/\/archives.regards.fr\/index.php?rest_route=\/wp\/v2\/posts\/9974","targetHints":{"allow":["GET"]}}],"collection":[{"href":"https:\/\/archives.regards.fr\/index.php?rest_route=\/wp\/v2\/posts"}],"about":[{"href":"https:\/\/archives.regards.fr\/index.php?rest_route=\/wp\/v2\/types\/post"}],"author":[{"embeddable":true,"href":"https:\/\/archives.regards.fr\/index.php?rest_route=\/wp\/v2\/users\/1042"}],"replies":[{"embeddable":true,"href":"https:\/\/archives.regards.fr\/index.php?rest_route=%2Fwp%2Fv2%2Fcomments&post=9974"}],"version-history":[{"count":0,"href":"https:\/\/archives.regards.fr\/index.php?rest_route=\/wp\/v2\/posts\/9974\/revisions"}],"wp:attachment":[{"href":"https:\/\/archives.regards.fr\/index.php?rest_route=%2Fwp%2Fv2%2Fmedia&parent=9974"}],"wp:term":[{"taxonomy":"category","embeddable":true,"href":"https:\/\/archives.regards.fr\/index.php?rest_route=%2Fwp%2Fv2%2Fcategories&post=9974"},{"taxonomy":"post_tag","embeddable":true,"href":"https:\/\/archives.regards.fr\/index.php?rest_route=%2Fwp%2Fv2%2Ftags&post=9974"}],"curies":[{"name":"wp","href":"https:\/\/api.w.org\/{rel}","templated":true}]}}