{"id":9971,"date":"2016-11-03T07:00:39","date_gmt":"2016-11-03T06:00:39","guid":{"rendered":"https:\/\/wp.muchomaas.com\/article-la-revue-du-3-novembre-2016\/"},"modified":"2023-06-23T23:23:21","modified_gmt":"2023-06-23T21:23:21","slug":"article-la-revue-du-3-novembre-2016","status":"publish","type":"post","link":"https:\/\/archives.regards.fr\/?p=9971","title":{"rendered":"La Revue du 3 novembre 2016"},"content":{"rendered":"<strong>ACTUALITE<\/strong>\n\n-En gr\u00e8ve \u00e0 l&#8217;appel de l&#8217;intersyndicale, les agents de s\u00e9curit\u00e9 priv\u00e9e demande une hausse de salaire de 10% (vid\u00e9o) : http:\/\/rmc.bfmtv.com\/mediaplayer\/video\/greve-des-agents-de-securite-privee-on-demande-une-hausse-de-salaire-de-10percent-881389.html\n\n-La mobilisation des chauffeurs de VTC (Karim Ferchioux, PDG &#8220;des Voitures noires&#8221;; son) : http:\/\/www.rtl.fr\/actu\/societe-faits-divers\/mobilisation-des-vtc-karim-ferchiou-veut-denoncer-le-mensonge-honteux-de-la-loi-debattue-au-senat-7785554253\n\n-&#8220;Les taxis veulent \u00e9radiquer les VTC&#8221; (Yves Weisselberg, pr\u00e9sident de Snapcar; interrog\u00e9 par Jean Leymarie; vid\u00e9o) : http:\/\/www.dailymotion.com\/video\/x506amd_yves-weisselberger-snapcar-les-taxis-veulent-eradiquer-les-vtc_news\n\n-Le PDG d&#8217;Air France-KLM Jean-Marc Janaillac va d\u00e9voiler son projet (B\u00e9n\u00e9dicte Tassart; vid\u00e9o) : http:\/\/www.rtl.fr\/actu\/societe-faits-divers\/air-france-klm-jean-marc-janaillac-devoile-son-projet-strategique-7785554545\n\n-&#8220;Ce jeudi, il d\u00e9voile son plan de vol et son copilote&#8221; (Bruno Tr\u00e9vidic) : http:\/\/www.lesechos.fr\/industrie-services\/tourisme-transport\/0211453496913-janaillac-presente-son-plan-de-vol-et-son-copilote-a-air-france-2039981.php\n\n<strong>-Le gouvernement revoit sa pr\u00e9vision de croissance \u00e0 la baisse pour 2016 (Laurent Desbonnets; vid\u00e9os) :<\/strong> http:\/\/www.francetvinfo.fr\/france\/economie-le-gouvernement-revient-sur-sa-prevision-d-une-croissance-a-1-5-en-2016_1901921.html      http:\/\/www.francetvinfo.fr\/economie\/croissance-plus-faible-que-prevu-quel-impact-sur-les-finances-de-l-etat_1901927.html\n\n-Le captage et le stockage du CO2, gaz \u00e0 effet de serre (Nathalie Fontrel; son) :  https:\/\/www.franceinter.fr\/emissions\/planete-environnement\/planete-environnement-02-novembre-2016\n\n<strong>-Deux ch\u00e2teaux viticoles bordelais mis en examen pour \u00e9pandage de pesticides (vid\u00e9o)<\/strong> : http:\/\/rmc.bfmtv.com\/mediaplayer\/video\/deux-domaines-viticoles-mis-en-examen-pour-epandage-de-pesticides-une-premiere-manche-de-gagnee-881387.html\n\n-&#8220;Les vacances d&#8217;automne ont amen\u00e9 une fr\u00e9quentation en hausse, avec une m\u00e9t\u00e9o cl\u00e9mente&#8221; (Nicolas Jabaudon, directeur de l&#8217;office du tourisme M\u00e9doc Oc\u00e9an; son) : http:\/\/www.sudradio.fr\/Podcasts\/L-invite-pour-comprendre\/N.Jabaudon-directeur-de-l-office-du-tourisme-Medoc-Ocean\n\n-A Toulouse, des pi\u00e8ces du Concorde vendues aux ench\u00e8res (son) : http:\/\/www.sudradio.fr\/Podcasts\/Les-reportages-de-la-matinee\/Le-Concorde\n\n-La gyn\u00e9cologue Ghada Hatem, fondatrice de la &#8220;Maison des Femmes&#8221; \u00e0 Saint-Denis (93; interrog\u00e9e par Eric Devaux; son) : https:\/\/www.franceinter.fr\/emissions\/l-invite-du-5-7\/l-invite-du-5-7-02-novembre-2016\n\n<strong>-&#8220;Tous les minist\u00e8res pourront avoir acc\u00e8s \u00e0 ce fichier g\u00e9n\u00e9ral qui n&#8217;est pas pass\u00e9 par la voie parlementaire&#8221; (Me Antoine Ch\u00e9ron, avocat aux barreaux de Paris et Bruxelles; son) <\/strong> : http:\/\/www.sudradio.fr\/Podcasts\/L-invite-pour-comprendre\/Antoine-Cheron-avocat-au-Barreau-de-Paris-et-Bruxelles\n\n-&#8220;Il est dangereux et ne sert \u00e0 rien&#8221; (Daniel Cohn-Bendit; son) : http:\/\/www.europe1.fr\/emissions\/l-humeur\/on-aura-une-demultiplication-des-controles-dans-la-rue-dans-quelques-annees-2888675\n\n-Dans la police, &#8220;malaise avec les syndicats. Les syndicalistes sont dans le syst\u00e8me et ne d\u00e9fendent pas les policiers&#8221; ( vid\u00e9os) :                                                                                                   http:\/\/www.francetvinfo.fr\/societe\/manifestation-des-policiers\/police-malaise-avec-les-syndicats-un-brigadier-temoigne_1901139.html                                                                                     http:\/\/www.francetvinfo.fr\/societe\/manifestation-des-policiers\/police-fracture-entre-les-agents-et-les-syndicats_1901131.html \n\n-A Paris, manifestation de soutien pr\u00e8s du campement de migrants (vid\u00e9o) : http:\/\/nr.news-republic.com\/Web\/ArticleWeb.aspx?regionid=2&#038;articleid=76623869\n\n<strong>POLITIQUE<\/strong>\n\n<strong>-&#8220;Urgence pour la plan\u00e8te et ceux qui y vivent&#8221; (Patrick Le Hyaric; pi\u00e8ce jointe);<\/strong>\n\n-&#8220;Pas de r\u00e9union secr\u00e8te entre le PCF et les candidats PS anti-Hollande&#8221; (Lilian Alemagna) : http:\/\/www.liberation.fr\/france\/2016\/11\/01\/pas-de-reunion-secrete-entre-le-pcf-et-les-candidats-ps-anti-hollande_1525570\n\n<strong>-&#8220;Quel projet pour la banlieue ?&#8221; (face \u00e0 face Alexis Corbi\u00e8re, porte-parole de Jean-Luc M\u00e9lenchon\/Nicolas Bay, secr\u00e9taire g\u00e9n\u00e9ral du FN; vid\u00e9o) : <\/strong> http:\/\/www.bfmtv.com\/mediaplayer\/video\/2017-quel-projet-pour-la-banlieue-881657.html\n\n-&#8220;Il y a une querelle de succession au sommet du pouvoir. La primaire peut permettre de tourner la page. Si je votais dans la primaire de la droite, je choisirai NKM. Emmanuel Macron, laissons-lui le temps de s&#8217;exprimer. J&#8217;ai toujours \u00e9t\u00e9 contre l&#8217;a\u00e9roport Notre-Dame-des-Landes mais la population a tranch\u00e9 donc il faut le faire&#8221; (Arnaud Montebourg, candidat \u00e0 la primaire; invit\u00e9 de Thomas Sotto; vid\u00e9o) :  http:\/\/www.europe1.fr\/emissions\/l-interview-politique\/fichier-informatique-du-renseignement-confidences-de-francois-hollande-primaire-de-la-gauche-arnaud-montebourg-repond-aux-questions-de-thomas-sotto-2888792\n\n-&#8220;Pour nous, les frondeurs sont n\u00e9s avec Manuel Valls premier ministre&#8221; (Karine Berger, d\u00e9put\u00e9e PS des Hautes-Alpes qui n&#8217;a pas encore arr\u00eat\u00e9 son opinion sur Fran\u00e7ois Hollande et qui est persuad\u00e9e qu&#8217;il sera candidat &#8220;pour d\u00e9fendre son bilan&#8221; (vid\u00e9os) : http:\/\/www.lci.fr\/politique\/karine-berger-les-frondeurs-sont-nes-avec-manuel-valls-premier-ministre-2010721.html%3Ftype=content\n\n<strong>-Le d\u00e9bat de la primaire \u00e9cologiste entre les d\u00e9put\u00e9s europ\u00e9ens Mich\u00e8le Rivasi et Yannick Jadot; anim\u00e9 par Arlette Chabot (son)<\/strong> : http:\/\/www.europe1.fr\/emissions\/le-club-de-la-presse\/club-de-la-presse-debat-europe-ecologie-les-verts-011116-2888330\n\n-&#8220;Hollande est en train de griller tous ses ministres. Il y a une volont\u00e9 d&#8217;\u00e9manciper l&#8217;\u00e9cologie de ce quinquennat. C\u00e9cile Duflot est une victime colat\u00e9rale du gouvernement&#8221; (vid\u00e9o) : http:\/\/www.europe1.fr\/emissions\/le-club-de-la-presse\/club-de-la-presse-debat-europe-ecologie-les-verts-011116-2888330\n\n-&#8220;Pour le cancer, il y a de grandes in\u00e9galit\u00e9s avec les pays en voie de d\u00e9veloppement. Ici, nous obtenons d&#8217;importants r\u00e9sultats et  je mets l&#8217;accent sur la pr\u00e9vention. La S\u00e9curit\u00e9 sociale est remise d&#8217;aplomb&#8221; (Marisol Touraine, invit\u00e9e d&#8217;Audrey Crespo-Mara; vid\u00e9o) : http:\/\/www.lci.fr\/replay\/replay-l-invite-de-lci-matin-du-2-novembre-2016-2010587.html\n\n-&#8220;Je suis fid\u00e8le \u00e0 mon engagement politique. Il faut expliquer ce que nous avons fait et comparer avec ce que propose la droite. Je veux remettre de la rationalit\u00e9 dans le d\u00e9bat. L&#8217;inversion de la courbe du ch\u00f4mage est l\u00e0. Arr\u00eatons les \u00e9tats d&#8217;\u00e2mes, travaillons&#8221; (Didier Guillaume, pr\u00e9sident du groupe PS au S\u00e9nat; interrog\u00e9 par Caroline Roux; vid\u00e9o) : http:\/\/www.france2.fr\/emissions\/telematin\/actu\/les-4-verites-didier-guillaume_520413\n\n-&#8220;Hollande est le pr\u00e9sident d\u00e9prim\u00e9 qui n&#8217;est pas entr\u00e9 dans la fonction. Je ne pensais pas que ce quinquennat se passerait aussi mal. L&#8217;Etat n&#8217;est pas tenu&#8221; (Bruno Jeudi et Nicolas Bouzou; vid\u00e9o) : http:\/\/www.dailymotion.com\/video\/x509s3r \n\n<strong>-&#8220;Face \u00e0 un pr\u00e9sident pipelette, Manuel Valls \u00e9vitera de jouer les comm\u00e8res&#8221; (Nicolas Domenach qui accompagnait le premier ministre en Afrique; vid\u00e9o) : <\/strong> http:\/\/www.rtl.fr\/actu\/politique\/face-a-un-president-pipelette-valls-evitera-de-jouer-les-commeres-analyse-nicolas-domenach-7785555299\n\n-&#8220;Mon choix, c&#8217;est le choix de la bonne personne \u00e0 la bonne place. C&#8217;est Alain Jupp\u00e9 qui sera le pr\u00e9sident fort et respect\u00e9. Je n&#8217;ai pas l&#8217;intention de quitter l&#8217;Ile-de-France. Je suis \u00e0 150% dans la r\u00e9gion&#8221;. Revenir au gouvernement, &#8220;je ne le souhaite pas, je ne le demande pas et on m&#8217;a rien promis (Val\u00e9rie P\u00e9cresse, invit\u00e9e de la matinale de RTL; interrog\u00e9e par Elizabeth Martichoux; vid\u00e9o) : http:\/\/www.rtl.fr\/actu\/politique\/presidentielle-2017-juppe-est-l-homme-de-la-situation-assure-pecresse-7785554817\n\n-&#8220;Alain Jupp\u00e9 n&#8217;a rien promis \u00e0 Val\u00e9rie P\u00e9cresse. Nicolas Sarkozy est remont\u00e9 au niveau d&#8217;il y a un mois. J&#8217;ai toujours dit que ce serait serr\u00e9. Nous refusons de nous adresser aux seuls adh\u00e9rents des R\u00e9publicains&#8221; (Edouard Philippe, porte-parole d&#8217;Alain Jupp\u00e9; invit\u00e9 de &#8220;Territoires d&#8217;Infos; vid\u00e9o, amener le curseur sur 33:34) : http:\/\/www.sudradio.fr\/Politique\/L-interview-politique\/Edouard-Philippe-Alain-Juppe-n-a-rien-promis-a-Valerie-Pecresse\n\n-&#8220;Le gros coup de com&#8217; d&#8217;Alain Jupp\u00e9 \u00e0 Argenteuil (95)&#8221; : http:\/\/www.francetvinfo.fr\/politique\/les-republicains\/primaire-de-la-droite\/a-argenteuil-le-gros-coup-de-com-d-alain-juppe_1901415.html\n\n-&#8220;Les attaques contre Fran\u00e7ois Bayrou ne rehaussent pas le d\u00e9bat&#8221; (Manuel Valls; vid\u00e9o) :  http:\/\/www.francetvinfo.fr\/politique\/les-republicains\/primaire-de-la-droite\/video-les-attaques-contre-bayrou-ne-rehaussent-pas-le-debat-estime-valls_1901517.html\n\n<strong>-Le livre de confidences de Fran\u00e7ois Hollande &#8220;est une forfaiture. Il devra rendre compte de la violation du secret d\u00e9fense. Je ne veux pas que la future majorit\u00e9 soit otage de Bayrou. L&#8217;\u00e9lection pr\u00e9sidentielle n&#8217;est pas pour les gens qui n&#8217;ont pas le cuir \u00e9pais. Ceux qui participent \u00e0 la primaire se sont engag\u00e9s \u00e0 soutenir celui qui sortira en champion, c&#8217;est ce que je ferai. Le Front r\u00e9publicain fait les affaires du FN. La col\u00e8re des policiers est le r\u00e9sultat des ann\u00e9es Taubira&#8221; (Nicolas Sarkozy \u00e9tait l&#8217;invit\u00e9 de la matinale de Franceinfo; vid\u00e9o) :<\/strong> http:\/\/www.dailymotion.com\/video\/x509tse_nicolas-sarkozy-je-ne-veux-pas-la-future-majorite-soit-otage-de-bayrou_news\n\n-&#8220;Nous demandons \u00e0 Alain Jupp\u00e9 de clarifier sa position vis \u00e0 vis de Fan\u00e7ois Bayrou&#8221; (Eric Ciotti, porte-parole de Nicolas Sarkozy; vid\u00e9o) : http:\/\/www.bfmtv.com\/mediaplayer\/video\/eric-ciotti-nous-demandons-a-alain-juppe-de-clarifier-sa-position-vis-a-vis-de-francois-bayrou-881653.html\n\n-&#8220;Le premier d\u00e9bat de la primaire de droite a permis des r\u00e9ponses de qualit\u00e9. C&#8217;est le lot de la politique de choisir des hommes et des femmes. Le choix de Val\u00e9rie P\u00e9cresse n&#8217;est pas vraiment une surprise&#8221; (Luc Chatel, d\u00e9put\u00e9 LR de la Haute-Marne; face \u00e0 Guillaume Durand; vid\u00e9o) :  http:\/\/www.dailymotion.com\/video\/x509qt0\n\n-&#8220;Je ferai mon choix entre les deux tour de la primaire. J&#8217;ai envie d&#8217;avoir l&#8217;avis de ceux qui m&#8217;ont soutenue. Je ne suis pas du tout dans la ligne d&#8217;Alain Jupp\u00e9&#8221; (Nadine Morano, eurod\u00e9put\u00e9e LR, face \u00e0 Apolline de Malherbe; vid\u00e9o) : http:\/\/www.bfmtv.com\/mediaplayer\/video\/nadine-morano-face-a-apolline-de-malherbe-en-direct-881397.html\n\n-&#8220;Et si Nicolas Sarkozy cr\u00e9ait la surprise ?&#8221; (Renaud D\u00e9ly et Eric Brunet; vid\u00e9o) : http:\/\/rmc.bfmtv.com\/mediaplayer\/video\/brunet-dely-primaire-a-droite-et-si-nicolas-sarkozy-creait-la-surprise-0211-881401.html\n\n-&#8220;Bayrou-Sarkozy, \u00e7a n&#8217;a pas toujours \u00e9t\u00e9 la guerre&#8221; (Patrick Cohen) : http:\/\/www.dailymotion.com\/video\/x5092s0_bayrou-sarkozy-ca-n-a-pas-toujours-ete-la-guerre-le-07h43_news\n\n-&#8220;Le soutien de poids de Val\u00e9rie P\u00e9cresse, future premi\u00e8re ministre ?&#8221; (Christophe Barbier; vid\u00e9o) : http:\/\/www.bfmtv.com\/mediaplayer\/video\/l-edito-de-christophe-barbier-valerie-pecresse-soutient-alain-juppe-pour-la-primaire-a-droite-881383.html\n\n<em>-Les intentions de vote \u00e0 la primaire de la droite et du centre (ELABE) <\/em> :  http:\/\/elabe.fr\/intentions-de-vote-a-primaire-de-droite-centre\/\n\n-&#8220;Et si la primaire de la droite cr\u00e9ait les frondeurs de demain&#8221; (Olivier Bost; vid\u00e9o) : http:\/\/www.rtl.fr\/actu\/politique\/et-si-la-primaire-de-la-droite-creait-les-frondeurs-de-demain-interroge-olivier-bost-7785554544\n\n-Candidats, &#8220;donnez-nous envie d&#8217;avoir envie&#8221; (Yves Thr\u00e9ard; vid\u00e9o) :  http:\/\/www.europe1.fr\/emissions\/ledito-politique-dyves-threard\/donnez-nous-envie-davoir-envie-2888549\n\n<em>-Les sympathisants de gauche et de droite et la perspective des primaires (IFOP) <\/em> : http:\/\/www.ifop.com\/?option=com_publication&#038;type=poll&#038;id=3542\n\n<strong>-&#8220;Moi Pr\u00e9sidente. Ad\u00e9la\u00efde a 33 ans et est paysagiste \u00e0 Rennes. Avec Herv\u00e9 Pauchon (son) <\/strong> : https:\/\/www.franceinter.fr\/emissions\/moi-president\/moi-president-02-novembre-2016\n\n<strong>EUROPE-MONDE<\/strong>\n\n-La Commission europ\u00e9enne refuse de condamner les propos racistes du commissaire allemand G\u00fcnther Oetinger (James Crisp) :                                                                                                   http:\/\/www.euractiv.fr\/section\/politique\/news\/commission-wont-apologise-for-oettingers-racist-and-homophobic-speech\/?nl_ref=23960378\n\n<strong>-Les Wallons d\u00e9noncent les pressions de la Commission (Georgi Gotev) :<\/strong> http:\/\/www.euractiv.fr\/section\/politique\/news\/controversy-over-eu-pressure-on-wallonia-over-ceta\/?nl_ref=23960378\n\n<strong>-&#8220;Il y a besoin de d\u00e9mocratie et de transparence. A aucun moment la Wallonie n&#8217;avait \u00e9t\u00e9 int\u00e9gr\u00e9e. Dans la refondation de la politique europ\u00e9enne, les parlementaires doivent intervenir d\u00e8s le d\u00e9part.   Apr\u00e8s trente ann\u00e9es n\u00e9olib\u00e9rales, il y a besoin d&#8217;un retour de la d\u00e9mocratie et de la puissance publique. Le CETA, c&#8217;est le contraire du TAFTA&#8221; (Matthias Fekl, secr\u00e9taire d&#8217;Etat au commerce ext\u00e9rieur, \u00e9tait l&#8217;invit\u00e9 de la matinale de  France Inter. Il a r\u00e9pondu aux questions de Patrick Cohen et des auditeurs; vid\u00e9o) <\/strong> :                                                                                                                                              http:\/\/www.dailymotion.com\/video\/x509sdz_l-invite-de-8h20-matthias-fekl-secretaire-d-etat-au-commerce-exterieur-est-l-invite-de-patrick-cohen_news                                                                          http:\/\/www.dailymotion.com\/video\/x509nhz_matthias-fekl-repond-aux-questions-des-auditeurs-sur-le-ceta_news\n\n-L&#8217;accord avec le Canada suscite l&#8217;espoir des partisans du Trait\u00e9 transatlantique (Christophe von Marschall) : http:\/\/www.euractiv.fr\/section\/innovation-entreprises\/news\/us-doubtful-that-ceta-momentum-will-speed-up-ttip-talks\/?nl_ref=23960378\n\n-Le nombre d&#8217;Europ\u00e9ens atteints d&#8217;Alzheimer est en forte augmentation (Sarantis Michalopoulos) : http:\/\/www.euractiv.fr\/section\/sante-modes-de-vie\/news\/rising-dementia-in-the-eu-causes-alarm\/?nl_ref=23960378\n\n-&#8220;La Bulgarie lorgne le fauteuil de l&#8217;\u00e9cologie \u00e0 la Commission&#8221; (Georgi Gotev) :  http:\/\/www.euractiv.fr\/section\/developpement-durable\/news\/bulgarias-borissov-wants-ecology-or-regional-development-commissioner\/?nl_ref=23960378\n\n-L&#8217;autorit\u00e9 europ\u00e9enne de s\u00e9curit\u00e9 des aliments se penche sur les effets cumul\u00e9s des substances chimiques (Marine Jobert) : http:\/\/www.euractiv.fr\/section\/sante-modes-de-vie\/news\/lefsa-se-penche-sur-leffet-cocktail-des-substances-chimiques\/?nl_ref=23960378\n\n<strong>-&#8220;La Turquie et l&#8217;impuissance occidentale&#8221; (Bernard Guetta; son) : <\/strong> https:\/\/www.franceinter.fr\/emissions\/geopolitique\/geopolitique-02-novembre-2016\n\n-Les soldat irakiens sont entr\u00e9s dans Mossoul. &#8220;C&#8217;est le d\u00e9but du commencement uniquement&#8221; (l&#8217;analyse du g\u00e9n\u00e9ral Dominique Trinquant, ancien chef de la mission fran\u00e7aise aupr\u00e8s des Nations-Unies; interrog\u00e9 par Rapha\u00eblle Duchemin; vid\u00e9o) : http:\/\/rmc.bfmtv.com\/mediaplayer\/video\/les-soldats-irakiens-sont-entres-dans-mossoul-c-est-le-debut-du-commencement-881403.html\n\n-&#8220;Eviter de sanglantes repr\u00e9sailles contre les sunnites&#8221; (Simon Petite) :    https:\/\/www.letemps.ch\/monde\/2016\/11\/02\/mossoul-eviter-sanglantes-represailles-contre-sunnites?utm_source\n\n<strong>-&#8220;La coalition refuse de reconna\u00eetre ses propres dommages&#8221; (le point de vue du chercheur Pierre Conesa, interrog\u00e9 par Dimitri Pavlenko; son) :<\/strong> http:\/\/www.sudradio.fr\/Podcasts\/L-invite-pour-comprendre\/Pierre-Conesa-chercheur-sur-les-questions-strategiques-internationale\n\n-Manifestation en Afrique du Sud pour r\u00e9clamer le d\u00e9part du pr\u00e9sident Zuma (vid\u00e9o) : http:\/\/nr.news-republic.com\/Web\/ArticleWeb.aspx?regionid=2&#038;articleid=76611202\n\n&#8211;<strong>&#8220;Ce qui int\u00e9resse Obama, c&#8217;est l&#8217;Asie. Il pense qu&#8217;on ne peut rien obtenir par la force. Si Trump l&#8217;emporte, c&#8217;est la COP 21 qui est compromise&#8221; (Laurent Fabius, pr\u00e9sident du Conseil constitutionnel; invit\u00e9 par Thomas Sotto; vid\u00e9o) : <\/strong> http:\/\/www.europe1.fr\/emissions\/l-interview-verite\/laurent-fabius-dhabitude-les-democrates-ne-sont-pas-interventionnistes-hillary-clinton-est-beaucoup-plus-offensive-2888762\n\n-Sur la route des clandestins au Texas (vid\u00e9o) : http:\/\/www.bfmtv.com\/mediaplayer\/video\/texas-la-route-des-clandestins-881347.html\n\n<strong>-&#8220;Les latinos faiseurs de roi&#8221; (un reportage de G\u00e9raldine Hallot; son et vid\u00e9o) : <\/strong> https:\/\/www.franceinter.fr\/emissions\/le-zoom-de-la-redaction\/le-zoom-de-la-redaction-02-novembre-2016\n\n-&#8220;Que restera-t-il du monde d&#8217;Obama ?&#8221; (Fr\u00e9d\u00e9ric Koller) :                 https:\/\/www.letemps.ch\/monde\/2016\/11\/02\/quil-restera-monde-dobama?utm_source\n\n-Le Sri Lanka rappel\u00e9 \u00e0 l&#8217;ordre sur les droits de l&#8217;homme par une d\u00e9l\u00e9gation de d\u00e9put\u00e9s europ\u00e9ens (Matthew Tempest) : http:\/\/www.euractiv.fr\/section\/aide-au-developpement\/news\/eu-seeks-faster-reforms-on-human-rights-ahead-of-sri-lanka-trade-deal\/?nl_ref=23960378\n\n<strong>CULTURE-MEDIAS<\/strong>\n\n-&#8220;La certitude de la mort constitue notre vie&#8221; (La n\u00e9o-r\u00e9sistance du philosophe Vincent Cespedes; invit\u00e9 d&#8217;Audrey Crespo-Mara; vid\u00e9o) : http:\/\/www.lci.fr\/replay\/replay-l-invite-de-lci-matin-du-1er-novembre-2016-2010453.html\n\n<strong>-&#8220;Le populisme ou le retour des passions politiques ?&#8221; (l&#8217;historien Pierre Rosanvallon, titulaire de la chaire d&#8217;histoire moderne et contemporaine du politique au Coll\u00e8ge de France; invit\u00e9 &#8220;Des Matins&#8221; de France Culture avec  Guillaume Erner; son) <\/strong> :                                                                                                                                                                                                                                        https:\/\/www.franceculture.fr\/emissions\/linvite-des-matins\/le-populisme-ou-le-retour-des-passions-politiques                                                                                                                           https:\/\/www.franceculture.fr\/emissions\/linvite-des-matins-2eme-partie\/le-populisme-ou-le-retour-des-passions-politiques\n\n-Le prix Medicis a \u00e9t\u00e9 attribu\u00e9 au sociologue Ivan Jablonka pour &#8220;La\u00ebtitia ou la fin des hommes&#8221; : http:\/\/culturebox.francetvinfo.fr\/livres\/la-rentree-litteraire\/avec-laetitia-d-ivan-jablonka-le-prix-medicis-2016-recompense-l-inattendu-248193\n\n-Vendredi, le coup d&#8217;envoi de la 35e Foire du Livre de Brive, pr\u00e9sid\u00e9e par Daniel Pennac : http:\/\/culturebox.francetvinfo.fr\/livres\/la-rentree-litteraire\/coup-d-envoi-vendredi-4-novembre-de-la-35e-foire-du-livre-de-brive-248143\n\n<strong>-&#8220;Le conservatisme du th\u00e9\u00e2tre public freine l&#8217;\u00e9mergence de nouveaux talents&#8221; (le metteur en sc\u00e8ne Thibaud Croisy) <\/strong> : http:\/\/www.lemonde.fr\/idees\/article\/2015\/07\/27\/le-conservatisme-du-theatre-public-freine-l-emergence-de-nouveaux-talents_4700782_3232.html\n\n<strong>-Le pianiste Wilhem Latchoumia \u00e0 Grenade (vid\u00e9o int\u00e9grale) : <\/strong> http:\/\/culturebox.francetvinfo.fr\/live\/musique\/musique-classique\/wilhem-latchoumia-soiree-dans-grenade-247779\n\n-Le concert anniversaire des 70 ans de la Ma\u00eetrise de Radio France (vid\u00e9o disponible vendredi \u00e0 partir de 10 heures) : http:\/\/culturebox.francetvinfo.fr\/live\/musique\/musique-classique\/concert-des-70-ans-de-la-maitrise-de-radio-france-248021\n\n-Au Mus\u00e9e d&#8217;art moderne de Paris, la r\u00e9trospective Bernard Buffet (vid\u00e9o) : http:\/\/www.francetvinfo.fr\/economie\/emploi\/metiers\/art-culture-edition\/peinture-bernard-buffet-retrospective-d-un-artiste-incompris_1901151.html\n\n<strong>-&#8220;La France n&#8217;a jamais abandonn\u00e9 notre directions des antiquit\u00e9s. C&#8217;est elle qui a fond\u00e9 notre Mus\u00e9e national&#8221; (Maamoun Abdukarim, directeur du Patrimoine et des Antiquit\u00e9s de Syrie; interrog\u00e9 par Alexandra Bensaid; vid\u00e9o) : <\/strong> http:\/\/www.dailymotion.com\/video\/x5098z5_maamoun-abdulkarim-la-france-n-a-jamais-abandonne-notre-direction-des-antiquites_news\n\n-En Italie, le terrible bilan du s\u00e9isme pour le patrimoine architectural : http:\/\/culturebox.francetvinfo.fr\/expositions\/patrimoine\/seisme-en-italie-le-terrible-bilan-pour-le-patrimoine-architectural-248135\n\n-La collection d&#8217;art de David  Bowie expos\u00e9e pour la premi\u00e8re fois \u00e0 la maison de ventes Sotheby&#8217;s \u00e0 Londres : http:\/\/culturebox.francetvinfo.fr\/london-box\/2016\/11\/01\/la-collection-dart-de-david-bowie-exposee-pour-la-premiere-fois.html\n\n-Le Mus\u00e9e de l&#8217;\u00e9rotisme \u00e0 Pigalle tire le rideau et vend sa collection (Jean-Michel Ogier; vid\u00e9o) : http:\/\/culturebox.francetvinfo.fr\/tendances\/le-musee-de-l-erotisme-baisse-le-rideau-a-pigalle-248191\n\n-&#8220;Le ministre russe de la Culture pr\u00e9f\u00e8re la propagande \u00e0 la v\u00e9rit\u00e9 historique&#8221; (Gilles Heur\u00e9) : http:\/\/www.telerama.fr\/idees\/le-ministre-russe-de-la-culture-prefere-la-propagande-a-la-verite-historique,149501.php#xtor=EPR\n\n-C&#8217;est l&#8217;opinion d&#8217;Agathe Duparc : https:\/\/blogs.mediapart.fr\/agathe-duparc\/blog\/211016\/vladimir-medinski-le-ministre-russe-qui-confond-culture-et-propagande\n\n-L&#8217;\u00e9criture du sc\u00e9nario (Fr\u00e9d\u00e9ric Sojcher, coauteur de &#8220;Sc\u00e9nario et r\u00e9alisation, mode d&#8217;emploi&#8221;; entretien r\u00e9alis\u00e9 par Fr\u00e9d\u00e9ric Strauss) : http:\/\/www.telerama.fr\/cinema\/frederic-sojcher-les-regles-scenaristiques-sont-faites-pour-qu-on-puisse-s-en-emanciper,149348.php#xtor=EPR-\n\n<strong>-&#8220;Pour un Cor\u00e9en, la culture japonaise a quelque chose d&#8217;effrayant&#8221; (Park Chan-wook, r\u00e9alisateur de &#8220;Mademoiselle&#8221;; entretien r\u00e9alis\u00e9 par Samuel Douhaire; vid\u00e9os) :    <\/strong>                                 http:\/\/www.telerama.fr\/cinema\/park-chan-wook-pour-un-coreen-la-culture-japonaise-a-quelque-chose-d-effrayant,149458.php#xtor=EPR\n\n-L&#8217;\u00e9rotisme selon Park Chan-wook (Boris Courret; vid\u00e9o) : http:\/\/culturebox.francetvinfo.fr\/cinema\/critiques\/mademoiselle-l-erotisme-selon-park-chan-wook-248125\n\n-L&#8217;actrice Tippi Hedren affirme, dans ses m\u00e9moires, qu&#8217;Alfred Hitchcock l&#8217;a agress\u00e9e sexuellement dans les ann\u00e9es 1960 (vid\u00e9os) : http:\/\/culturebox.francetvinfo.fr\/cinema\/stars\/tippi-hedren-affirme-dans-ses-memoires-qu-hitchcock-l-a-agressee-sexuellement-248137\n\n-&#8220;Paria depuis dix ans, Mel Gibson attend le pardon de Hollywood&#8221; (vid\u00e9os) : http:\/\/culturebox.francetvinfo.fr\/cinema\/stars\/paria-depuis-dix-ans-mel-gibson-attend-le-pardon-de-hollywood-248157\n\n-Actuellement au Th\u00e9\u00e2tre de Poche, l&#8217;actrice Marie Bunel, invit\u00e9e de Dimitri Pavlenko (son) : http:\/\/www.sudradio.fr\/Podcasts\/L-invite-pour-comprendre\/Marie-Bunel-comedienne\n\n<strong>-Bonga, le monument de la musique angolaise (Anne Bertho; vid\u00e9os) : <\/strong> http:\/\/www.telerama.fr\/musique\/bonga-je-n-ai-jamais-rencontre-de-femme-aussi-simple-que-cesaria-evora,149185.php#xtor=EPR\n\n-Un com\u00e9dien pr\u00e9sident des Etats-Unis (Rebecca Manzoni; vid\u00e9o) : http:\/\/www.dailymotion.com\/video\/x5093e1_semaine-speciale-pop-in-the-usa-3-les-presidents-americains-au-cinema-et-dans-les-series-pop-co_music\n\n-A Montpellier, jusqu&#8217;au 8 janvier 2017, la r\u00e9trospective de Louise Dahl-Wolfe, pionni\u00e8re de la photo de mode (Corinne Jammet; vid\u00e9o) : http:\/\/culturebox.francetvinfo.fr\/tendances\/mode\/louise-dahl-wolfe-pionniere-de-la-photo-de-mode-une-retro-a-montpellier-247695\n\n-L&#8217;auteur de BD francophones Bastien Viv\u00e8s \u00e9tait l&#8217;invit\u00e9 d&#8217;Augustin Trapenard (son) : https:\/\/www.franceinter.fr\/emissions\/boomerang\/boomerang-02-novembre-2016\n\n-Aux &#8220;Folies Berg\u00e8res&#8221;, du 14 d\u00e9cembre au 7 janvier 2017, Anthony Kavanagh dans son &#8220;Showman&#8221; (Marie Pujolas; vid\u00e9os) : http:\/\/culturebox.francetvinfo.fr\/scenes\/humour\/anthony-kavanagh-showman-est-le-spectacle-dans-lequel-je-me-livre-le-plus-248139\n\nSur Netflix, la s\u00e9rie &#8220;Chewing Gum&#8221; de Michaela Coel (interrog\u00e9e par Pierre Langlais; vid\u00e9o) : http:\/\/www.telerama.fr\/series-tv\/michaela-coel-avec-chewing-gum-je-marche-sur-la-ligne-jaune,149342.php#xtor=EPR\n\n-&#8220;Ploup !&#8221;, nos conversations num\u00e9riques sur &#8220;Arte Creative&#8221; (Julia Vergely) : http:\/\/www.telerama.fr\/medias\/ploup-le-retour-de-nos-conversations-numeriques-sur-arte,149363.php#xtor=EPR\n\n-&#8220;Le Carnet scientifique&#8221; de Mathieu Vidard qui anime tous les jours &#8220;La T\u00eate au carr\u00e9&#8221; sur France Inter (Marie Pujolas; vid\u00e9o) : http:\/\/culturebox.francetvinfo.fr\/livres\/essais-documents\/le-carnet-scientifique-le-condense-de-culture-de-mathieu-vidard-248151\n\n-Andr\u00e9 Manoukian, &#8220;celui qui distille sa petite musique sur France Inter&#8221; (propos recueillis par Aude Dassonville; vid\u00e9o) : http:\/\/www.telerama.fr\/radio\/andre-manoukian-je-crois-que-je-n-ai-jamais-raconte-cette-histoire-a-personne,148776.php#xtor=EPR-\n\n<strong>-John Paul Lepers cr\u00e9e &#8220;Stop Intox&#8221;, le nouveau site qui vise \u00e0 &#8220;aiguiser le sens critique&#8221;. Il \u00e9tait l&#8217;invit\u00e9 de Dorot\u00e9e Barba; son)<\/strong> : https:\/\/www.franceinter.fr\/emissions\/l-instant-m\/l-instant-m-02-novembre-2016\n\n-Les hauts salaires \u00e0 France T\u00e9l\u00e9vision \u00e9pingl\u00e9s par la Cour des comptes (J\u00e9r\u00f4me Ivanitchtchenko; vid\u00e9o) : http:\/\/www.europe1.fr\/emissions\/le-fait-medias-du-jour\/les-salaires-a-france-televisions-soulevent-le-debat-2888879\n\n-&#8220;Panique \u00e0 bord \u00e0 France T\u00e9l\u00e9vision&#8221; (Thomas Joubert avec Caroline Bonacossa et R\u00e9mi Jacob; vid\u00e9o) : http:\/\/www.europe1.fr\/emissions\/l-invite-medias\/programmes-de-france-tele-cetait-une-heresie-de-changer-tout-dun-coup-2888918\n\n-Nombreux d\u00e9parts de i-T\u00e9l\u00e9 (Audrey Kucinskas) : http:\/\/www.lexpress.fr\/actualite\/medias\/amandine-begot-olivier-ravanello-les-portes-continuent-de-claquer-chez-itele_1846450.html?PMSRC_CAMPAIGN\n\n<strong>-&#8220;Leur gr\u00e8ve est in\u00e9dite dans l&#8217;histoire de l&#8217;audiovisuel fran\u00e7ais&#8221; (l&#8217;historien des m\u00e9dias Patrick Eveno; propos recueillis par Maxime Tellier; sons et vid\u00e9o) : <\/strong> https:\/\/www.franceculture.fr\/medias\/la-greve-itele-est-inedite-dans-lhistoire-de-laudiovisuel-francais#xtor=EPR\n\n<strong>-&#8220;Si un crime, comme celui de Ghislaine Dupont et de Claude Verlon au Mali, n&#8217;est pas \u00e9lucid\u00e9, c&#8217;est un encouragement pour d&#8217;autres criminels&#8221; (Christophe Deloire, secr\u00e9taire g\u00e9n\u00e9ral de &#8220;Reporters sans Fronti\u00e8res&#8221;; interrog\u00e9 par Fr\u00e9d\u00e9ric Rivi\u00e8re; vid\u00e9o) :<\/strong> http:\/\/www.rfi.fr\/video\/20161102-deloire-crime-est-pas-elucide-est-encouragement-autres-criminels\n\n-&#8220;A gauche, qui pour aller droit au casse-pipe ?&#8221; (Charline Vanhoelacker; vid\u00e9o) : http:\/\/www.dailymotion.com\/video\/x5096w0_presidentielle-a-gauche-qui-pour-aller-au-casse-pipe-le-billet-de-charline_fun\n\n<strong>-&#8220;CETA, quand l&#8217;Europe et le Canada se partagent \u00e0 un gros steak&#8221;  (Nicole Ferroni; vid\u00e9o) : <\/strong> http:\/\/www.dailymotion.com\/video\/x509n9k_le-ceta-quand-l-europe-et-le-canada-se-partagent-un-bon-gros-steak-le-billet-de-nicole-ferroni_fun\n<h2 class=\"wp-block-heading\">Documents joints<\/h2>\n\n\n\n<div class=\"wp-block-file\"><a href=\"https:\/\/wp.muchomaas.com\/wp-content\/uploads\/2016\/11\/edito-25-ff9.pdf\">edito-25.pdf<\/a><\/div>\n\n\n","protected":false},"excerpt":{"rendered":"<p>ACTUALITE -En gr\u00e8ve \u00e0 l&#8217;appel de l&#8217;intersyndicale, les agents de s\u00e9curit\u00e9 priv\u00e9e demande une hausse de salaire de 10% (vid\u00e9o) : http:\/\/rmc.bfmtv.com\/mediaplayer\/video\/greve-des-agents-de-securite-privee-on-demande-une-hausse-de-salaire-de-10percent-881389.html -La mobilisation des chauffeurs de VTC (Karim Ferchioux, PDG &#8220;des Voitures noires&#8221;; son) : http:\/\/www.rtl.fr\/actu\/societe-faits-divers\/mobilisation-des-vtc-karim-ferchiou-veut-denoncer-le-mensonge-honteux-de-la-loi-debattue-au-senat-7785554253 -&#8220;Les taxis veulent \u00e9radiquer les VTC&#8221; (Yves Weisselberg, pr\u00e9sident de Snapcar; interrog\u00e9 par Jean Leymarie; vid\u00e9o) : http:\/\/www.dailymotion.com\/video\/x506amd_yves-weisselberger-snapcar-les-taxis-veulent-eradiquer-les-vtc_news [&hellip;]<\/p>\n","protected":false},"author":1042,"featured_media":0,"comment_status":"open","ping_status":"open","sticky":false,"template":"","format":"standard","meta":{"_themeisle_gutenberg_block_has_review":false,"footnotes":""},"categories":[151],"tags":[],"class_list":["post-9971","post","type-post","status-publish","format-standard","hentry","category-la-revue-de-presse-de-lulu"],"_links":{"self":[{"href":"https:\/\/archives.regards.fr\/index.php?rest_route=\/wp\/v2\/posts\/9971","targetHints":{"allow":["GET"]}}],"collection":[{"href":"https:\/\/archives.regards.fr\/index.php?rest_route=\/wp\/v2\/posts"}],"about":[{"href":"https:\/\/archives.regards.fr\/index.php?rest_route=\/wp\/v2\/types\/post"}],"author":[{"embeddable":true,"href":"https:\/\/archives.regards.fr\/index.php?rest_route=\/wp\/v2\/users\/1042"}],"replies":[{"embeddable":true,"href":"https:\/\/archives.regards.fr\/index.php?rest_route=%2Fwp%2Fv2%2Fcomments&post=9971"}],"version-history":[{"count":0,"href":"https:\/\/archives.regards.fr\/index.php?rest_route=\/wp\/v2\/posts\/9971\/revisions"}],"wp:attachment":[{"href":"https:\/\/archives.regards.fr\/index.php?rest_route=%2Fwp%2Fv2%2Fmedia&parent=9971"}],"wp:term":[{"taxonomy":"category","embeddable":true,"href":"https:\/\/archives.regards.fr\/index.php?rest_route=%2Fwp%2Fv2%2Fcategories&post=9971"},{"taxonomy":"post_tag","embeddable":true,"href":"https:\/\/archives.regards.fr\/index.php?rest_route=%2Fwp%2Fv2%2Ftags&post=9971"}],"curies":[{"name":"wp","href":"https:\/\/api.w.org\/{rel}","templated":true}]}}