{"id":9967,"date":"2016-11-02T06:52:22","date_gmt":"2016-11-02T05:52:22","guid":{"rendered":"https:\/\/wp.muchomaas.com\/article-la-revue-du-2-novembre-2016\/"},"modified":"2023-06-23T23:23:20","modified_gmt":"2023-06-23T21:23:20","slug":"article-la-revue-du-2-novembre-2016","status":"publish","type":"post","link":"https:\/\/archives.regards.fr\/?p=9967","title":{"rendered":"La Revue du 2 novembre 2016"},"content":{"rendered":"<strong>ACTUALITE<\/strong>\n\n<strong>-&#8220;Les rites fun\u00e9raires sont faits pour les vivants, pas pour les morts&#8221; (Fran\u00e7ois Michaud-N\u00e9rard, directeur des Services fun\u00e9raires de la Ville de Paris; interrog\u00e9 par Eric Delvaux; son) : <\/strong>      https:\/\/www.franceinter.fr\/emissions\/l-invite-du-5-7\/l-invite-du-5-7-01-novembre-2016\n\n-&#8220;Ce que propose Mme P\u00e9cresse, c&#8217;est de r\u00e9mun\u00e9rer des jeunes comme s&#8217;ils \u00e9taient en stage alors qu&#8217;il s&#8217;agit d&#8217;un vrai travail&#8221; (Lila Le Bas, pr\u00e9sidente de l&#8217;UNEF; interrog\u00e9e par Dimitri Pavlenko; son) : http:\/\/www.sudradio.fr\/Podcasts\/L-invite-pour-comprendre\/Lila-Le-Bas-presidente-de-l-UNEF\n\n-&#8220;La hausse du nombre d&#8217;inscrits aux concours d&#8217;enseignants est une bonne nouvelle&#8221; (Fran\u00e7ois Portzer, pr\u00e9sident du SNALC; son) : http:\/\/www.rtl.fr\/actu\/societe-faits-divers\/l-enseignement-une-perspective-d-avenir-interessante-pour-les-jeunes-estime-francois-portzer-7785531561\n\n<strong>-Avant la tr\u00eave hivernale, les expulsions ont explos\u00e9 (Elodie For\u00eat; son) : <\/strong> https:\/\/www.franceinter.fr\/emissions\/le-zoom-de-la-redaction\/le-zoom-de-la-redaction-01-novembre-2016\n\n-Le droit au logement pour tous, &#8220;une n\u00e9cessit\u00e9, une urgence&#8221; (la CGT) : http:\/\/www.cgt.fr\/Une-necessite-une-urgence.html\n\n-&#8220;Ce qui nous aiderait, c&#8217;est de scolariser nos enfants&#8221; (Laura-Julia  Fiquet, pr\u00e9sidente de l&#8217;Association de parents d&#8217;enfants handicap\u00e9s; son) : http:\/\/www.sudradio.fr\/Podcasts\/L-invite-pour-comprendre\/Laura-Julia-Fiquet-presidente-de-l-UMEH\n\n<strong>-&#8220;Il y a un mort dans le monde toutes les 6 secondes \u00e0 cause du tabac et on pr\u00e9voit 17 millions de morts du cancer en 2030&#8221; (Annick de Gaulle, membre de la Ligue contre le cancer; vid\u00e9o)<\/strong> : http:\/\/rmc.bfmtv.com\/mediaplayer\/video\/annick-de-gaulle-un-mort-toutes-les-six-secondes-a-cause-du-tabac-880859.html\n\n<strong>-&#8220;Ce qui est choquant, ce sont les in\u00e9galit\u00e9s&#8221; (Jean-Paul Vernant, h\u00e9matologue \u00e0 l&#8217;h\u00f4pital de la Piti\u00e9 Salp\u00e9tri\u00e8re; invit\u00e9 de Caroline Roux; vid\u00e9o) <\/strong> :                                                                                 http:\/\/www.france2.fr\/emissions\/telematin\/actu\/jean-paul-vernant_519931\n\n<strong>-Le discours du Pr\u00e9sident au 24e congr\u00e8s mondial de la canc\u00e9rologie (vid\u00e9o) : <\/strong> http:\/\/www.elysee.fr\/videos\/discours-du-president-a-l-occasion-de-la-24eme-edition-du-congres-mondial-contre-le-cancer\/\n\n-Le d\u00e9cret sur la programmation pluriannelle de l&#8217;\u00e9nergie, &#8220;un OVNI juridique&#8221; (Me Arnaud Gossement, avocat sp\u00e9cialiste en droit de l&#8217;environnement) :                                                          http:\/\/www.actu-environnement.com\/ae\/news\/decret-ppe-programmation-energie-27775.php4\n\n-Centrales nucl\u00e9aires \u00e0 l&#8217;arr\u00eat (vid\u00e9o) : http:\/\/www.francetvinfo.fr\/societe\/nucleaire\/edf-les-problemes-dus-a-la-modernisation-des-centrales-nucleaires_1900403.html\n\n<strong>-&#8220;Comment enrayer la surmortalit\u00e9 des abeilles ?&#8221; (Jean-Marc Bonmatin, chercheur au CNRS; propos recueillis par Marine Lamoureux) <\/strong> :                                                                                                 http:\/\/www.la-croix.com\/Sciences-et-ethique\/Environnement\/Comment-enrayer-la-surmortalite-des-abeilles-2016-10-29-1200799663?utm_source\n\n-&#8220;Il y a des piles dans vos fourchettes&#8221; (Nathalie Fontrel; son) : https:\/\/www.franceinter.fr\/emissions\/planete-environnement\/planete-environnement-01-novembre-2016\n\n-La journ\u00e9e des &#8220;V\u00e9gans&#8221;, qui ne mangent aucune nourriture d&#8217;origine animale et ne portent que des v\u00eatements d&#8217;origine v\u00e9g\u00e9tale (son) :  http:\/\/www.sudradio.fr\/Podcasts\/Les-reportages-de-la-matinee\/Les-Vegans\n\n-En Californie, &#8220;l&#8217;homme de demain&#8221; (Yolaine de la Bigne; son) : http:\/\/www.sudradio.fr\/Podcasts\/Quelle-epoque-ethique\/Demain-un-etre-ameliore-pour-tous\n\n-&#8220;Marseille s&#8217;embrase pour la promesse d&#8217;un nouvel OM&#8221; (Laurent Favre) : https:\/\/www.letemps.ch\/sport\/2016\/10\/31\/marseille-sembrase-promesse-dun-nouvel-om?utm_source\n\n-&#8220;Sur la mer, on ne triche pas&#8221; (le navigateur Eric Bellion, invit\u00e9 de Marc-Olivier Fogiel; son) : http:\/\/www.rtl.fr\/sport\/autres-sports\/vendee-globe-sur-la-mer-on-ne-triche-pas-raconte-eric-bellion-7785536035\n\n-&#8220;Le camp de Stalingrad est le 28e campement de rue qu&#8217;on conna\u00eet \u00e0 Paris&#8221; (Colombe Brossel, adjointe \u00e0 la mairie de Paris; vid\u00e9o) : http:\/\/rmc.bfmtv.com\/mediaplayer\/video\/colombe-brossel-le-camp-de-stalingrad-est-le-28eme-campement-de-rue-que-l-on-connait-a-paris-880843.html\n\n<strong>-&#8220;Il fait honte au pays&#8221; (Yann Brossat, adjoint communiste \u00e0 la maire de Paris; son) <\/strong> : http:\/\/www.francetvinfo.fr\/monde\/europe\/migrants\/migrants-le-campement-de-stalingrad-a-paris-fait-honte-au-pays_1898367.html\n\n<strong>-Val\u00e9rie Osouf, militante du quartier de Stalingrad; interrog\u00e9e par Dimitri Pavlenko; son) <\/strong> : http:\/\/www.sudradio.fr\/Podcasts\/L-invite-pour-comprendre\/Valerie-Osouf-militante-Quartier-de-Stalingrad\n\n-Finalement, Saint-Bauzile-de-Putois dans l&#8217;H\u00e9rault accueille des migrants (vid\u00e9o) : http:\/\/www.francetvinfo.fr\/france\/nord-pas-de-calais\/migrants-a-calais\/migrants-l-accueil-dans-un-petit-village_1898763.html\n\n-A Rouen, ils entrent dans l&#8217;\u00e9quipe de football (vid\u00e9o) : http:\/\/www.francetvinfo.fr\/monde\/europe\/migrants\/rouen-des-migrants-trouvent-refuge-dans-le-football-pour-s-integrer_1898875.html\n\n-&#8220;Un fichier de donn\u00e9es dangereux ?&#8221; (vid\u00e9o) : http:\/\/www.francetvinfo.fr\/societe\/t-e-s-un-fichier-de-donnees-dangereux_1900087.html\n\n<strong>-&#8220;Ce d\u00e9cret cr\u00e9e un monstre&#8221; (Ga\u00ebtan Gorce, s\u00e9nateur PS de la Ni\u00e8vre; propos recueillis par Alexandre L\u00e9chenet)  <\/strong> :                                                                      http:\/\/www.liberation.fr\/france\/2016\/10\/31\/fichier-des-pieces-d-identite-ce-decret-cree-un-monstre_1525428?xtor=EPR\n\n-De nouvelles manifestations de policiers (vid\u00e9o) : http:\/\/www.francetvinfo.fr\/societe\/manifestation-des-policiers\/les-policiers-ne-decolerent-pas_1900151.html\n\n-Mardi soir au Louvre : http:\/\/www.lemonde.fr\/police-justice\/article\/2016\/11\/02\/manifestation-policiere-au-louvre_5023848_1653578.html#xtor=AL-32280270\n\n-&#8220;Pour Dieudonn\u00e9, le business continue&#8221; (vid\u00e9o) : http:\/\/www.bfmtv.com\/mediaplayer\/video\/dieudonne-le-business-continue-881097.html\n\n<strong>POLITIQUE<\/strong>\n\n<strong>-&#8220;Si la gauche ressemblait plus \u00e0 Anne Hidalgo, elle se porterait mieux&#8221; (Yann Brossat, adjoint communiste de la maire de Paris qui reproche \u00e0 l&#8217;Etat de ne &#8220;pas faire son travail pour les migrants&#8221;; invit\u00e9 de la matinale de RTL. Il \u00e9tait interrog\u00e9 par Benjamin Sportouch; vid\u00e9os) :<\/strong> http:\/\/www.rtl.fr\/actu\/politique\/migrants-a-paris-l-etat-doit-faire-son-travail-denonce-ian-brossat-7785540537\n\n-&#8220;Le CETA ne passera pas, les peuples s&#8217;y opposeront. Fran\u00e7ois Hollande ne peut pas \u00eatre candidat, il faut tourner la page. Les adh\u00e9rents vont se prononcer. Si Arnaud Montebourg gagne la primaire, ce sera un fait nouveau. Il faut inventer quelque chose de nouveau pour refuser la fatalit\u00e9 d&#8217;un deuxi\u00e8me tour droite-FN&#8221; (Olivier Dartigolles, porte-parole du PCF, face \u00e0 Fr\u00e9d\u00e9ric Rivi\u00e8re; vid\u00e9o) : http:\/\/www.rfi.fr\/video\/20161031-olivier-dartigolles-francois-hollande-peut-pas-etre-candidat-il-faut-tourner-page\n\n-&#8220;Montebourg et M\u00e9lenchon, faux jumeaux et vraies diff\u00e9rences&#8221; (Olivier Philippe-Viela) :                                                                                                                                                              http:\/\/www.20minutes.fr\/politique\/1952111-20161030-montebourg-melenchon-faux-jumeaux-vraies-differences\n\n-&#8220;Le PCF \u00e9cartel\u00e9 entre Arnaud Montebourg et Jean-Luc M\u00e9lenchon&#8221; (Romain Herreros) : http:\/\/www.huffingtonpost.fr\/2016\/11\/01\/le-pcf-ecartele-entre-arnaud-montebourg-et-jean-luc-melenchon\/\n\n-&#8220;Il cherche \u00e0 s&#8217;allier aux opposants socialistes&#8221; : http:\/\/www.europe1.fr\/politique\/le-pcf-cherche-a-sallier-au-ps-pour-la-presidentielle-2887607\n\n-&#8220;Je n&#8217;ai pas \u00e9t\u00e9 d&#8217;accord avec la ligne engag\u00e9e par le gouvernement d\u00e8s le d\u00e9but du quinquennat&#8221; (Marie-No\u00eblle Lienemann, candidate \u00e0 la primaire; interrog\u00e9e par Ruth Elkrief; vid\u00e9o) : http:\/\/www.bfmtv.com\/mediaplayer\/video\/marie-noelle-lienemann-je-n-ai-pas-ete-d-accord-avec-la-ligne-engagee-par-le-gouvernement-des-le-debut-du-quinquennat-881303.html\n\n-Le n\u00b0 826 de &#8220;ReSPUBLICA)&#8221; : http:\/\/www.gaucherepublicaine.org\/wp-content\/uploads\/lettres\/20161031_respublica-lettre-sommaire_lettre-826.htm\n\n-&#8220;S&#8217;il y a deux candidats, nous perdons. Je n&#8217;ai plus de respect pour Fran\u00e7ois Hollande&#8221; (G\u00e9rard Filoche, membre du Bureau national du PS; invit\u00e9 de la matinale de Francerinfo; son et vid\u00e9os) :   http:\/\/www.francetvinfo.fr\/replay-radio\/8h30-aphatie\/gerard-filoche-membre-du-bureau-national-du-ps-je-nai-plus-de-respect-pour-francois-hollande_1888165.html\n\n-&#8220;Fran\u00e7ois Hollande est probablement en train de se sortir tout seul parce qu&#8217;il a trahi. La loi Travail a cass\u00e9 les codes fondamentaux du travail&#8221; (Il \u00e9tait aussi sur BFMTV, invit\u00e9 d&#8217;Apolline de Malherbe (vid\u00e9o) : http:\/\/www.bfmtv.com\/mediaplayer\/video\/gerard-filoche-face-a-apolline-de-malherbe-en-direct-881137.html\n\n<strong>-&#8220;Non, la famille \u00e9cologique n&#8217;est pas morte, il lui faut retrouver la soci\u00e9t\u00e9. Il y a ceux qui, au gouvernement, pensent que l&#8217;\u00e9cologie est biod\u00e9gradable et qu&#8217;elle peut se dissoudre dans le PS. Mon score de 5% n&#8217;a servi \u00e0 rien. Oui, il faut que nous soyons candidat. Face \u00e0 l&#8217;affaiblissement de Fran\u00e7ois Hollande, tous sont sur la ligne de d\u00e9part. Jean-Luc M\u00e9lenchon est donn\u00e9 comme pouvant devancer Fran\u00e7ois Hollande. Tout le monde se place pour la recomposition de la gauche, apr\u00e8s&#8221; (No\u00ebl Mam\u00e8re, d\u00e9put\u00e9 de Gironde, interrog\u00e9 par Fran\u00e7ois-Xavier M\u00e9nage; vid\u00e9o) :   <\/strong>     http:\/\/www.lci.fr\/replay\/replay-l-invite-politique-du-31-octobre-2016-noel-mamere-2010304.html%3Ftype=content  \n\n-&#8220;A Paris aussi, il y a des bidonvilles. Je suis tr\u00e8s \u00e0 l&#8217;aise avec la politique du gouvernement sur ce point. La primaire permet de faire face \u00e0 toutes les situations. Le probl\u00e8me, c&#8217;est le livre. Le climat est tr\u00e8s d\u00e9grad\u00e9. Le parti qui incarnait l&#8217;\u00e9cologie politique s&#8217;est mal comport\u00e9, il est normal qu&#8217;il soit sanctionn\u00e9&#8221; (Fran\u00e7ois de Rugy, d\u00e9put\u00e9 de Loire Atlantique, candidat \u00e0 la primaire socialiste; interrog\u00e9 par Caroline Roux; vid\u00e9o) : http:\/\/www.francetvinfo.fr\/politique\/ps\/primaire-a-gauche\/francois-de-rugy-il-y-a-aussi-des-bidonvilles-a-paris-ce-n-est-pas-supportable_1899961.html \n                           \n-Fran\u00e7ois Hollande &#8220;a un tr\u00e8s bon bilan dont nous pouvons \u00eatre fiers. Par certains c\u00f4t\u00e9s, Jean-Luc M\u00e9lenchon rejoint un populisme qu&#8217;on aurait habituellement associ\u00e9 \u00e0 l&#8217;extr\u00eame-droite&#8221; (Corinne Nassiguin, porte-parole du PS sur Sud-Radio; son) :  http:\/\/www.sudradio.fr\/Politique\/L-interview-politique\/Corinne-Narassiguin-Francois-Hollande-a-un-tres-bon-bilan\n\n-&#8220;Ce livre de confidences de Fran\u00e7ois Hollande est un poison lent&#8221; (Philippe Doucet, d\u00e9put\u00e9 PS du Val d&#8217;Oise; interrog\u00e9 par Fr\u00e9d\u00e9ric Rivi\u00e8re; vid\u00e9o) :                                                                               http:\/\/www.rfi.fr\/video\/20161101-philippe-doucet-livre-confidences-francois-hollande-est-poison-lent\n\n-&#8220;Fran\u00e7ois Hollande s&#8217;est mis en difficult\u00e9&#8221; (Carlos Da Silva, d\u00e9put\u00e9 PS de l&#8217;Essonne; vid\u00e9o) : http:\/\/www.europe1.fr\/politique\/carlos-da-silva-ps-francois-hollande-sest-mis-en-difficulte-2884412\n\n-&#8220;Il n&#8217;est plus le patron de grand chose. Il reste le patron du temps, du calendrier&#8221; (Renaud D\u00e9ly de &#8220;Marianne&#8221; et Eric Brunet; vid\u00e9o) : http:\/\/rmc.bfmtv.com\/mediaplayer\/video\/brunet-dely-hollandevalls-qui-est-le-patron-3110-880845.html\n\n<em>-Le barom\u00e8tre de confiance de l&#8217;ex\u00e9cutif (HARRIS)<\/em> : http:\/\/harris-interactive.fr\/opinion_polls\/barometre-de-confiance-dans-lexecutif-harris-interactive-delits-dopinion-jean-daniel-levy-repond-aux-questions-de-delits-dopinion-30\/\n\n-&#8220;Manuel Valls est dans une impasse&#8221; (Yves Thr\u00e9ard du &#8220;Figaro&#8221;; vid\u00e9o) : http:\/\/www.europe1.fr\/emissions\/ledito-politique-dyves-threard\/manuel-valls-dans-une-impasse-2886779\n\n-&#8220;Avec Fran\u00e7ois Hollande, l&#8217;un et l&#8217;autre m\u00e8nent une campagne&#8221; (Alain Duhamel; vid\u00e9o) : http:\/\/www.rtl.fr\/actu\/politique\/manuel-valls-et-francois-hollande-menent-l-un-et-l-autre-une-campagne-pour-alain-duhamel-7785536903\n\n<em>-En d\u00e9cembre prochain, &#8220;Monsieur le Pr\u00e9sident, la France doit voter \u00e0 l&#8217;ONU l&#8217;interdiction des armes nucl\u00e9aires&#8221; (p\u00e9tition) <\/em> :  http:\/\/2b9e8.r.ca.d.sendibm2.com\/2xflvtql1kzf.html\n\n<strong>-&#8220;La gauche au pouvoir, entre promesses et r\u00e9alit\u00e9&#8221; (d\u00e9bat avec Eric Coquerel, coordinateur du Parti de gauche, Corinne Narrasiguin, porte-parole du PS et Jean Arthuis, eurod\u00e9put\u00e9 UDI; anim\u00e9 par Nora Hamadi; vid\u00e9o) :<\/strong> http:\/\/replay.publicsenat.fr\/vod\/un-monde-en-docs\/le-debat-la-rigueur-l-eternelle-parenthese-\/eric-coquerel,corinne-narassiguin,jean-arthuis,nora-hamadi\/217829\n\n<strong>-&#8220;Le bilan de Fran\u00e7ois Hollande est tellement calamiteux qu&#8217;il n&#8217;est pas utile d&#8217;en rajouter et d&#8217;affaiblir ainsi la fonction pr\u00e9sidentielle. Bayrou-Sarkozy, il faut qu&#8217;on informe Nicolas Sarkozy que Fran\u00e7ois Bayrou n&#8217;est pas candidat. Si le MoDem n&#8217;avait pas appel\u00e9 \u00e0 voter Estrosi, Marion Le Pen serait pr\u00e9sidente de la r\u00e9gion PACA. On ne peut  \u00e0 la fois aller chercher les voix centristes et celles du FN. Les Fran\u00e7ais ne veulent revoir ni Fran\u00e7ois Hollande ni Nicolas Sarkozy. Si ce dernier gagnait la primaire, il y a le risque que Fran\u00e7ois Hollande l&#8217;emporte. J&#8217;irai voter Alain Jupp\u00e9 \u00e0 la primaire &#8221; (Jean-Christophe Lagarde, pr\u00e9sident de l&#8217;UDI; interrog\u00e9 par Ruth Elkrief; vid\u00e9o) <\/strong> :                                                                                                                                                                             http:\/\/www.bfmtv.com\/mediaplayer\/video\/charge-de-bruno-le-maire-contre-francois-hollande-il-ne-faut-pas-attenter-a-la-fonction-presidentielle-jean-christophe-lagarde-881069.html   \n\n-&#8220;Doit-on respecter la fonction pr\u00e9sidentielle ?&#8221; (Renaud Dely de Marianne  et Eric Brunet, &#8220;qui n&#8217;a aucun respect pour Fran\u00e7ois Hollande, le pire pr\u00e9sident de la 5e R\u00e9publique&#8221;; vid\u00e9o) :                 http:\/\/rmc.bfmtv.com\/mediaplayer\/video\/brunet-dely-doit-on-respecter-la-fonction-presidentielle-0111-881135.html \n                                        \n-&#8220;La classe politique fran\u00e7aise, c&#8217;est comme un bocal de poissons, \u00e7a tourne en rond. Je n&#8217;ai pas de respect pour Fran\u00e7ois Hollande Ne d\u00e9cidez pas \u00e0 la place des \u00e9lecteurs. Ce qui s&#8217;est pass\u00e9 en Islande, chez les Verts, devrait inciter \u00e0 la prudence&#8221; (Bruno Le Maire, d\u00e9put\u00e9 LR de l&#8217;Eure, invit\u00e9 de la matinale d&#8217;Europe 1; il r\u00e9pondait aux questions de Thomas Sotto et de Jean-Pierre Elkabbach; vid\u00e9os) :  http:\/\/www.europe1.fr\/emissions\/l-interview-verite\/bruno-le-maire-la-classe-politique-francaise-aujourdhui-cest-comme-un-bocal-de-poissons-ca-tourne-en-rond-2886815                                                                                                                                                                                                                                                                                                               http:\/\/www.europe1.fr\/emissions\/l-interview-politique\/primaire-de-la-droite-nicolas-sarkozy-francois-hollande-bruno-le-maire-repond-aux-questions-de-jean-pierre-elkabbach-2886851\n\n-&#8220;Plus personne ne respecte le pr\u00e9sident&#8221; (vid\u00e9os) : http:\/\/www.lepoint.fr\/politique\/valls-le-maire-filoche-plus-personne-ne-respecte-le-president-31-10-2016-2079743_20.php?M_BT\n\n-&#8220;Tensions au sommet de l&#8217;Etat&#8221; (vid\u00e9o) : http:\/\/www.bfmtv.com\/mediaplayer\/video\/tensions-au-plus-haut-sommet-de-l-etat-a-la-veille-de-la-presidentielle-881317.html\n\n-Alain Rousset, pr\u00e9sident PS de la r\u00e9gion Nouvelle-Aquitaine, d\u00e9ment avoir demand\u00e9 publiquement \u00e0 Fran\u00e7ois Hollande &#8220;de la fermer&#8221; (vid\u00e9o) : http:\/\/www.francetvinfo.fr\/politique\/francois-hollande\/alain-rousset-dement-avoir-demande-a-francois-hollande-de-la-fermer_1900367.html\n\n-&#8220;Les migrants ne sont les bienvenus nulle part. Tout le syst\u00e8me est fait pour qu&#8217;il n&#8217;y ait pas de petits candidats&#8221; (Henri Guaino, d\u00e9put\u00e9 LR des Yvelines, invit\u00e9 de la matinale de France Inter. Il r\u00e9pondait aux questions de Marc Fauvelle et des auditeurs (sons et vid\u00e9os) : https:\/\/www.franceinter.fr\/emissions\/l-invite-de-8h20\/l-invite-de-8h20-31-octobre-2016                                               https:\/\/www.franceinter.fr\/emissions\/interactiv\/interactiv-31-octobre-2016\n\n-&#8220;Alain Jupp\u00e9 sur la dalle d&#8217;Argenteuil (95; Alexandre Sulzer; son) : https:\/\/www.franceinter.fr\/emissions\/histoires-politiques\/histoires-politiques-01-novembre-2016\n\n-Son affiche de campagne, &#8220;on dirait un avis de d\u00e9c\u00e8s. Alain Jupp\u00e9 vous souhaite une belle Toussaint \u00e0 tous&#8221; (Geoffrey Bonnefoy et Caroline Piquet) : http:\/\/www.lexpress.fr\/actualite\/politique\/elections\/austere-et-sans-interet-l-affiche-de-campagne-de-juppe-allegrement-moquee_1846282.html?PMSRC_CAMPAIGN\n\n-Val\u00e9rie P\u00e9cresse, pr\u00e9sidente de la r\u00e9gion Ile-de-France, le soutient d\u00e8s le premier tour de la primaire : http:\/\/www.francetvinfo.fr\/politique\/les-republicains\/primaire-de-la-droite\/valerie-pecresse-soutient-alain-juppe-au-premier-tour-de-la-primaire-a-droite_1900299.html#xtor=EPR\n\n-&#8220;Nicolas Sarkozy et l&#8217;emmerdeur&#8221; (Fr\u00e9d\u00e9ric M\u00e9t\u00e9zeau; son) :      https:\/\/www.franceinter.fr\/emissions\/l-edito-politique\/l-edito-politique-01-novembre-2016  \n\n-&#8220;Je ne vois pas comment je pourrais soutenir le FN. Il m&#8217;est impossible de soutenir un pr\u00e9sident de la R\u00e9publique qui divulgue des secrets d&#8217;Etat dans un livre. Contre Fran\u00e7ois Hollande, si elle \u00e9volue, il serait possible que je vote pour Mme Le Pen&#8221; (Jean-Fr\u00e9d\u00e9ric Poisson, d\u00e9put\u00e9 des Yvelines, invit\u00e9 de la matinale de RTL; vid\u00e9os) :                                                                                                              http:\/\/www.rtl.fr\/actu\/politique\/primaire-de-la-droite-poisson-n-exclut-pas-de-soutenir-aucun-des-deux-7785524901\n\n-&#8220;Il r\u00e9cidive&#8221; (NKM, d\u00e9put\u00e9e LR de l&#8217;Essonne, qui salue &#8220;le revirement &#8221; de Nicolas Sarkozy sur le ni-ni; interrog\u00e9e par Marc-Olivier Fogiel; son) :                                                                                   http:\/\/www.rtl.fr\/actu\/societe-faits-divers\/il-recidive-s-agace-nathalie-kosciusko-morizet-a-propos-de-jean-frederic-poisson-7785536744\n\n-&#8220;Fran\u00e7ois Fillon dans le sprint final&#8221; (Christophe Barbier; vid\u00e9o) : http:\/\/www.bfmtv.com\/mediaplayer\/video\/l-edito-de-christophe-barbier-francois-fillon-dans-le-sprint-final-881145.html\n\n<em>-Les intentions de vote \u00e0 la primaire de la droite et du centre (IFOP) : <\/em> http:\/\/www.ifop.fr\/?option=com_publication&#038;type=poll&#038;id=3540\n\n<em>-Le dernier (IFOP-FIDUCIAL)  :<\/em> http:\/\/www.parismatch.com\/Actu\/Politique\/Sondage-L-ecart-se-resserre-entre-Juppe-et-Sarkozy-1107869\n\n-&#8220;Il faut reconstituer les effectifs (de policiers) d\u00e9truits sous Sarkozy&#8221; (Florian Philippot, eurod\u00e9put\u00e9 FN; interrog\u00e9 par G\u00e9rard Leclerc; vid\u00e9o) : http:\/\/www.dailymotion.com\/video\/x4zxf45\n\n-&#8220;La pr\u00e9somption de culpabilit\u00e9 qui frappe aujourd&#8217;hui les policiers est insupportable. C&#8217;est une pr\u00e9somption de l\u00e9gitime d\u00e9fense qu&#8217;il leur faut. Aujourd&#8217;hui, ils sont tir\u00e9s comme des lapins par des d\u00e9linquants qui sont mieux \u00e9quip\u00e9s qu&#8217;eux&#8221; (Nicolas Bay, secr\u00e9taire g\u00e9n\u00e9ral du FN sur Sud-Radio; son) : http:\/\/www.sudradio.fr\/Politique\/L-interview-politique\/N.-Bay-veut-une-presomption-de-legitime-defense-pour-les-policiers\n\n-L&#8217;Union europ\u00e9enne r\u00e9clame 339 000 euros \u00e0 Marine Le Pen (Mathias Destal) :                                                                                                                                                                               http:\/\/www.marianne.net\/affaire-assistants-parlementaires-fn-europe-reclame-339-000-euros-marine-pen-100247390.html\n\n&#8220;Les pr\u00e9tentions du Parlement europ\u00e9en sont inexactes&#8221; (Wallerand de Saint Just, tr\u00e9sorier du FN; interrog\u00e9 par Antonin Andr\u00e9; vid\u00e9o) :                                                                                                 http:\/\/www.europe1.fr\/emissions\/l-interview-politique\/reclamations-du-parlement-europeen-mise-en-examen-financement-de-la-campagne-presidentielle-wallerand-de-saint-just-repond-aux-questions-dantonin-andre-2887859\n\n-&#8220;Le silence assourdissant de Marine Le Pen&#8221; (Yves Thr\u00e9ard; vid\u00e9o) : http:\/\/www.europe1.fr\/emissions\/ledito-politique-dyves-threard\/le-silence-assourdissant-de-marine-le-pen-2887631\n\n-&#8220;En politique, tant qu&#8217;on n&#8217;est pas au cimeti\u00e8re, on n&#8217;est pas mort&#8221; (Jean-Pierre Raffarin, cit\u00e9 par Olivier Bost; vid\u00e9o) : http:\/\/www.rtl.fr\/actu\/politique\/en-france-on-meurt-rarement-en-politique-decrypte-olivier-bost-7785540273\n\n<strong>-&#8220;Moi Pr\u00e9sidente. Marie, 45 ans, est clown dans les unit\u00e9s de soins palliatifs. Avec Herv\u00e9 Pauchon; son) <\/strong> : https:\/\/www.franceinter.fr\/emissions\/moi-president\/moi-president-01-novembre-2016\n\n<strong>EUROPE-MONDE<\/strong>\n\n<strong>-&#8220;Il y a quelque chose de pourri au royaume de la Commission europ\u00e9enne&#8221; <\/strong> :                                                                                                                                                              http:\/\/bruxelles.blogs.liberation.fr\/2016\/10\/31\/oettinger-barroso-il-y-quelque-chose-de-pourri-au-royaume-de-la-commission-europeenne\/\n\n-Ce que le commissaire europ\u00e9en socialiste Pierre Moscovici pense des trait\u00e9s de libre-\u00e9change (avec le journaliste Maxime Vaudano; sons) :                                                                                                 https:\/\/www.franceculture.fr\/emissions\/linvite-des-matins\/traites-de-libre-echange-harmonisation-fiscale-leurope-souffre-t-elle#xtor=EPR                                                                                                https:\/\/www.franceculture.fr\/emissions\/linvite-des-matins-2eme-partie\/traites-de-libre-echange-harmonisation-fiscale-leurope\n\n<strong>-&#8220;Tout le monde a gagn\u00e9, sauf la v\u00e9rit\u00e9&#8221; (Marie Viennot) : <\/strong> https:\/\/www.franceculture.fr\/emissions\/le-billet-economique\/ceta-qui-y-gagne-qui-y-perd#xtor=EPR\n\n-&#8220;Matteo Renzi ne trouve pas la sortie&#8221; (Daniele Zappala; son) : https:\/\/www.franceinter.fr\/emissions\/meridien-d-europe\/meridien-d-europe-01-novembre-2016\n\n-La basilique de Norcia d\u00e9truite par le s\u00e9isme (Emmanuelle Giuliani; diaporama) :                                                                                                                                                                                            http:\/\/www.la-croix.com\/Culture\/En-Italie-la-basilique-de-Norcia-detruite-par-le-seisme-2016-10-31-1200799941?utm_source\n\n-Le calvaire sans fin des sinistr\u00e9s (vid\u00e9o) : http:\/\/www.lci.fr\/international\/jt-13h-seisme-en-italie-le-calvaire-sans-fin-des-sinistres-2010494.html%3Ftype=content\n\n<strong>-&#8220;Pieve Torina, un village fant\u00f4me&#8221; (vid\u00e9o) : <\/strong> http:\/\/www.francetvinfo.fr\/monde\/europe\/seisme-en-italie\/seisme-en-italie-pieve-torina-un-village-fantome_1900161.html\n\n<strong>-&#8220;Il y a une fascination Mitterrand, positive ou n\u00e9gative. D\u00e8s qu&#8217;il y a peuple, il y a populisme. Il faut redonner de l&#8217;air d\u00e9mocratique aux Nations. Le Brexit est l&#8217;expression d&#8217;un d\u00e9crochage g\u00e9n\u00e9ralis\u00e9 des peuples. Il faut une vraie gestion des fronti\u00e8res ext\u00e9rieures et acc\u00e9l\u00e9rer les proc\u00e9dures d&#8217;obtention du droit d&#8217;asile&#8221; (Hubert V\u00e9drine, interrog\u00e9 par Apolline de Malherbe; vid\u00e9o) <\/strong> : http:\/\/www.bfmtv.com\/mediaplayer\/video\/hubert-vedrine-face-a-apolline-de-malherbe-en-direct-880853.html\n\n-Le pape en Su\u00e8de, &#8220;une comm\u00e9moration historique entre catholiques et luth\u00e9riens&#8221; (Nicolas Sen\u00e8ze et Antoine Jacob) : http:\/\/www.la-croix.com\/Religion\/Pape\/Le-pape-en-Suede-une-commemoration-historique-entre-catholiques-et-lutheriens-2016-10-31-1200799963?utm_source\n\n-&#8220;Sous le signe de l&#8217;oecum\u00e9nisme&#8221; (Antoine Jacob) : http:\/\/www.la-croix.com\/Religion\/Monde\/Le-pape-Francois-en-Suede-sous-le-signe-de-l-oecumenisme-2016-10-30-1200799770?utm_source\n\n<strong>-Le d\u00e9bat sur la sortie du nucl\u00e9aire&#8230;en Suisse (propos recueillis par Bernard Wuthrich) :<\/strong> https:\/\/www.letemps.ch\/suisse\/2016\/10\/31\/prix-suisse-veutelle-payer-renoncer-nucleaire-2029?utm_source\n\n<strong>-&#8220;Ce qu&#8217;illustre le score du Parti Pirate islandais&#8221; (Xavier de La Porte) : <\/strong> https:\/\/www.franceculture.fr\/emissions\/la-vie-numerique\/ce-quillustre-le-score-decevant-du-parti-pirate-islandais\n\n-&#8220;La crise politique turque repr\u00e9sente une grande menace pour les artistes&#8221; (la com\u00e9dienne Delfe Haman; propos recueillis par Lucile Moy) :                                                                           http:\/\/www.telerama.fr\/scenes\/la-crise-politique-turque-represente-une-grande-menace-pour-les-artistes,148747.php\n\n-Le g\u00e9n\u00e9ral chr\u00e9tien Michel Aoun, alli\u00e9 du Hezbollah, \u00e9lu pr\u00e9sident du Liban (Paul Khalifeh) : http:\/\/www.rfi.fr\/moyen-orient\/20161031-liban-michel-aoun-allie-hezbollah-elu-president-republique\n\n-Ce qu&#8217;en pense Bernard Guetta (son) : https:\/\/www.franceinter.fr\/emissions\/geopolitique\/geopolitique-01-novembre-2016\n\n-Le th\u00e9\u00e2tre Habima, th\u00e9\u00e2tre national isra\u00e9lien, a d\u00e9cid\u00e9 d&#8217;aller jouer dans une colonie de Cisjordanie, au grand dam du &#8220;camp de la paix&#8221; (un reportage d&#8217;Etienne Monin; son) :                    https:\/\/www.franceinter.fr\/emissions\/grand-angle\/grand-angle-01-novembre-2016\n\n-Les Marocains dans la rue contre &#8220;les lois \u00e0 la t\u00eate du client&#8221; (Margot Chevance) : http:\/\/www.liberation.fr\/planete\/2016\/10\/31\/apres-la-mort-d-un-vendeur-les-marocains-dans-la-rue-contre-les-lois-a-la-tete-du-client_1525409?xtor=EPR-450206&#038;utm_source\n\n<strong>-Vague d&#8217;indignation apr\u00e8s la mort d&#8217;un vendeur de poisson (vid\u00e9o) :<\/strong> http:\/\/www.liberation.fr\/video\/2016\/10\/31\/au-maroc-vague-d-indignation-apres-la-mort-tragique-d-un-vendeur-de-poisson_1525387?xtor=EPR\n\n-&#8220;Avant le d\u00e9luge&#8221;, un documentaire anti-Trump de Leonardo DiCaprio (\u00e0 voir ici, en VO. Pour obtenir les sous-titres en fran\u00e7ais, en bas \u00e0 droite, cliquer sur CC; vid\u00e9o) :                           http:\/\/www.dailymotion.com\/video\/x4yfbbt_before-the-flood-avant-le-deluge-leonardo-dicaprio-fisher-stevens-full-movie_shortfilms\n\n-&#8220;Fin de campagne dramatique pour Hillary Clinton&#8221; (St\u00e9phane Bussard) : https:\/\/www.letemps.ch\/monde\/2016\/10\/31\/fin-campagne-dramatique-hillary-clinton?utm_source\n\n<strong>-&#8220;Le d\u00e9clin de la classe moyenne&#8221; (vid\u00e9o) : <\/strong> \nhttp:\/\/www.lci.fr\/international\/jt-13h-elections-americaines-j-7-le-declin-de-la-classe-moyenne-2010497.html%3Ftype=content\n\n-Une nouvelle affaire embarrasse le clan Clinton : http:\/\/www.francetvinfo.fr\/monde\/usa\/presidentielle\/hillary-clinton\/etats-unis-une-nouvelle-affaire-embarrasse-le-clan-clinton_1900391.html\n\n-&#8220;Les sondages se resserrent&#8221; (Domitille Piron) : http:\/\/www.rfi.fr\/ameriques\/20161101-etats-unis-clinton-trump-election-presidentielle\n\n<strong>-Le point de vue d&#8217;Oliver Stone, r\u00e9alisateur de &#8220;Snowden&#8221;; interrog\u00e9 par Ruth Elkrief (vid\u00e9o)<\/strong> : http:\/\/www.bfmtv.com\/mediaplayer\/video\/l-election-americaine-vue-par-oliver-stone-realisateur-du-film-snowden-881313.html\n\n-Le patron du FBI accus\u00e9 d&#8217;enfreindre la loi am\u00e9ricaine : http:\/\/www.liberation.fr\/planete\/2016\/10\/25\/j-8-le-patron-du-fbi-accuse-d-enfreindre-la-loi-americaine_1524176?xtor=EPR\n\n-&#8220;Marcelo Crivella, un \u00e9vang\u00e9liste \u00e9lu maire de Rio. Pour la gauche, \u00e7a va mal en Am\u00e9rique latine&#8221; (Daniel Cohn-Bendit; son) : http:\/\/www.europe1.fr\/emissions\/l-humeur\/marcelo-crivella-un-evangeliste-elu-maire-de-rio-2887784\n\n-&#8220;A Caracas, dialogue entre Nicolas Maduro et des repr\u00e9sentants de l&#8217;opposition  : http:\/\/www.lepoint.fr\/monde\/venezuela-vers-une-sortie-de-crise-31-10-2016-2079676_24.php?M_BT20161031\n\n<strong>CULTURE-MEDIAS<\/strong>\n\n<strong>-&#8220;Que nous apprend la science sur la conscience ?&#8221; (une conf\u00e9rence \u00e0 l&#8217;Ecole normale sup\u00e9rieure de J\u00e9r\u00f4me Sackur de l&#8217;Ecole des hautes \u00e9tudes en sciences sociales; vid\u00e9o) : <\/strong>                       https:\/\/www.youtube.com\/watch?v=1L&#8211;w4ez3vQ\n\n<strong>-&#8220;Le Grand Roman des maths&#8221; (le docteur en math\u00e9matiques Micka\u00ebl Launay; vid\u00e9o) <\/strong> : http:\/\/www.europe1.fr\/emissions\/l-interview-verite\/mickael-launay-il-y-a-plein-de-facons-de-faire-des-mathematiques-2887808\n\n<em>-Les Fran\u00e7ais, la guerre d&#8217;Alg\u00e9rie et les exactions commises par l&#8217;arm\u00e9e fran\u00e7aise (IFOP)<\/em> : http:\/\/www.ifop.fr\/?option=com_publication&#038;type=poll&#038;id=3539\n\n<strong>-&#8220;La la\u00efcit\u00e9 est un outil formidable pour vivre ensemble&#8221; (Jean-Louis Bianco, pr\u00e9sident de l&#8217;Observatoire de la la\u00efcit\u00e9, \u00e9tait l&#8217;invit\u00e9 de la matinale de France Inter. Il a r\u00e9pondu aux questions de Marc Fauvelle et des auditeurs (vid\u00e9os) : <\/strong> https:\/\/www.franceinter.fr\/emissions\/l-invite-de-8h20\/l-invite-de-8h20-01-novembre-2016                                                                                             https:\/\/www.franceinter.fr\/emissions\/interactiv\/interactiv-01-novembre-2016\n\n-&#8220;Comprendre l&#8217;islam politique&#8221; (Fran\u00e7ois Burgat, directeur de recherches au CNRS, invit\u00e9 de &#8220;La Grande table&#8221; d&#8217;Olivia Gesbert (son) : https:\/\/www.franceculture.fr\/emissions\/la-grande-table-2eme-partie\/comprendre-lislam-politique?xtmc=\n\n-&#8220;Il faut prendre les conspirationnistes au s\u00e9rieux&#8221; (Christophe Bourseiller; vid\u00e9o) : http:\/\/www.europe1.fr\/societe\/theories-du-complot-il-faut-prendre-les-conspirationnistes-au-serieux-2887427\n\n-Avec Marie Peltier, ils sont les auteurs de &#8220;C&#8217;est un complot&#8221; et \u00e9taient invit\u00e9s du &#8220;Club de la Presse&#8221; d&#8217;Europe 1 (son) :                                                                                                                        http:\/\/www.europe1.fr\/emissions\/le-club-de-la-presse\/club-de-la-presse-christophe-bourseiller-et-marie-peltier-311016-2887424\n\n-A Mossoul, les sites arch\u00e9ologiques irakiens en danger : http:\/\/culturebox.francetvinfo.fr\/expositions\/patrimoine\/bataille-de-mossoul-les-sites-archeologiques-irakiens-en-danger-248109#xtor=EREC\n\n-Le premier op\u00e9ra du Kowe\u00eft  inaugur\u00e9 avec le t\u00e9nor italien Andrea Bocelli (vid\u00e9os) :                                                                                                                                                               http:\/\/culturebox.francetvinfo.fr\/musique\/evenements\/andrea-bocelli-une-super-star-pour-inaugurer-le-premier-opera-du-koweit-248123#xtor=EREC\n\n-Au Petit Palais \u00e0 Paris, jusqu&#8217;au 15 janvier 2017, &#8220;Oscar Wilde, l&#8217;impertinent absolu&#8221; (Jean-Fran\u00e7ois Lixon; vid\u00e9o) :                                                                                                                             http:\/\/culturebox.francetvinfo.fr\/expositions\/evenements\/oscar-wilde-l-impertinent-absolu-la-retrospective-evenement-au-petit-palais-248101#xtor=EREC\n\n-Les tr\u00e9sors cach\u00e9s du mus\u00e9e d&#8217;ethnographie de Bordeaux (Jean-Fran\u00e7ois Lixon; vid\u00e9o) :                                                                                                                                                          http:\/\/culturebox.francetvinfo.fr\/expositions\/patrimoine\/les-tresors-caches-du-musee-d-ethnographie-de-bordeaux-248127#xtor=EREC\n\n-Jusqu&#8217;au 15 janvier 2017, au Jeu de Paume \u00e0 Paris, l&#8217;exposition &#8220;Soul\u00e8vements&#8221; (vid\u00e9o) :                                                                                                                                                http:\/\/soulevements.jeudepaume.org\/exposition\/                   https:\/\/vimeo.com\/186380906\n\n-Les premi\u00e8res r\u00e9flexions qu&#8217;elle inspire \u00e0 la sociologue Ulrike Lune Riboni (vid\u00e9o) : http:\/\/window.hypotheses.org\/358\n\n<strong>-&#8220;Cin\u00e9ma \u00e0 l&#8217;usine en Haute-Savoie&#8221; (Denise Giloux; pi\u00e8ce jointe);<\/strong>\n\n<strong>-&#8220;R\u00e9parer les vivants&#8221; est un film lumineux&#8221; (sa r\u00e9alisatrice Anne Dorval, accompagn\u00e9e des interpr\u00e8tes Emmanuelle S\u00e9gnier et Alice Taglioni, invit\u00e9e de Leila Kadour au 20 H de France 2; Jean-Michel Ogier; vid\u00e9o) :<\/strong> http:\/\/culturebox.francetvinfo.fr\/cinema\/sorties\/interview-anne-dorval-reparer-les-vivants-est-un-film-lumineux-248095#xtor=EREC\n\n-&#8220;Film grave, optimiste, \u00e0 coeur ouvert&#8221; (Jacky Bornet; vid\u00e9os) : http:\/\/culturebox.francetvinfo.fr\/cinema\/critiques\/reparer-les-vivants-film-grave-optimiste-a-coeur-ouvert-248071#xtor=EREC\n\n<strong>-&#8220;Il y a un go\u00fbt de l&#8217;Humain chez les m\u00e9decins qui est \u00e9vident&#8221; (Dominique Blanc, \u00e0 l&#8217;affiche du film; invit\u00e9e d&#8217;Alexandra Bensa\u00efd; vid\u00e9os) <\/strong> :                                                              https:\/\/www.franceinter.fr\/emissions\/l-edito-politique\/l-edito-politique-01-novembre-2016\n\n<strong>-Park Chan-wook, le r\u00e9alisateur cor\u00e9en de &#8220;Mademoiselle&#8221;, re\u00e7u par Olivia Gesbert; son) <\/strong> : https:\/\/www.franceculture.fr\/emissions\/la-grande-table-1ere-partie\/park-chan-wook-se-dire-feministe-est-en-soi-une-facon-de#xtor=EPR-\n\n<strong>-&#8220;Glenn Gould, le pianiste de l&#8217;esprit&#8221; (en compagnie de l&#8217;\u00e9crivain Jean-Yves Cl\u00e9ment; son) <\/strong> :                                                                                                                                                   https:\/\/www.franceculture.fr\/emissions\/les-nouveaux-chemins-de-la-connaissance\/glenn-gould-pianiste-spirituel-13-le-piano-de#xtor=EPR\n\n-&#8220;L&#8217;idiot musical&#8221; (en compagnie du professeur de philosophie Andr\u00e9 Hirt; son) :                                                                                                                                                                              https:\/\/www.franceculture.fr\/emissions\/les-nouveaux-chemins-de-la-connaissance\/glenn-gould-pianiste-spirituel-23-lidiot-musical\n\n-&#8220;Le musicien penseur&#8221; (en compagnie de Bruno Monsaingeon, musicien et r\u00e9alisateur: son) :                                                                                                                                                        https:\/\/www.franceculture.fr\/emissions\/les-nouveaux-chemins-de-la-connaissance\/glenn-gould-pianiste-spirituel-33-le-musicien\n\n<strong>-&#8220;L&#8217;anti-biographie musicale&#8221; d&#8217;Alain Chamfort; invit\u00e9 de Marie-Sophie Lacarrau (Jean-Michel Ogier; vid\u00e9os) <\/strong> :                                                                                                                     http:\/\/culturebox.francetvinfo.fr\/livres\/alain-chamfort-se-devoile-dans-une-anti-biographie-musicale-intime-248107#xtor=EREC\n\n<strong>-Pr\u00e9sidents des Etats-Unis musiciens (Rebecca Manzoni; vid\u00e9o et son) :    <\/strong>                                                                                                                                                                                     http:\/\/www.dailymotion.com\/video\/x4zy6kb_semaine-speciale-pop-in-the-usa-1-barack-superstar-pop-co_music                                                                                                                       https:\/\/www.franceinter.fr\/emissions\/pop-co\/pop-co-01-novembre-2016\n\n<strong>-Sting \u00e9tait l&#8217;invit\u00e9 d&#8217;Augustin Trapenard (son)<\/strong> : https:\/\/www.franceinter.fr\/emissions\/boomerang\/boomerang-01-novembre-2016\n\n-Johnny Halliday (&#8220;Un jour, un destin&#8221;, un documentaire de Serge Khalfon, pr\u00e9sent\u00e9 par Laurent Delahousse; vid\u00e9o) :                                                                                                                        http:\/\/www.france2.fr\/emissions\/un-jour-un-destin\/videos\/johnny_hallyday_en_quete_didentite_30-10-2016_1335739\n\n-France 2 s&#8217;engage contre la transphobie (le r\u00e9alisateur Eric Gu\u00e9ret; vid\u00e9o) : http:\/\/www.dailymotion.com\/video\/x4zxnzy_france-2-s-engage-contre-la-transphobie_news\n\n<strong>-&#8220;Trans, c&#8217;est mon genre&#8221; (vid\u00e9o) :<\/strong>http:\/\/www.france2.fr\/emissions\/infrarouge\/videos\/replay_-_trans_cest_mon_genre_01-11-2016_1337559\n\n\n<strong>-&#8220;Un Village fran\u00e7ais&#8221; de retour sur France 3. Ce qui a chang\u00e9 (Doroth\u00e9e Barba re\u00e7oit Fr\u00e9d\u00e9ric Krivine, co-auteur de la s\u00e9rie. Avant, Bruno Donnet qui explique  pourquoi Laurence Ferrari ne fait pas gr\u00e8ve avec les autres salari\u00e9s d&#8217;i-T\u00e9l\u00e9; son) :<\/strong> https:\/\/www.franceinter.fr\/emissions\/l-instant-m\/l-instant-m-01-novembre-2016\n\n-Les audiences de France 2 \u00e0 leur plus bas niveau historique en octobre (J\u00e9r\u00f4me Ivananichtchenko; vid\u00e9o) <\/strong> : http:\/\/www.europe1.fr\/emissions\/le-fait-medias-du-jour\/les-audiences-de-france-2-a-leur-plus-bas-niveau-historique-en-octobre-2887940\n\n<em>-Jean-Jacques Bourdin, le journaliste le plus impertinent pour 30% des Fran\u00e7ais : <\/em> http:\/\/www.lexpress.fr\/culture\/tele\/bourdin-juge-journaliste-politique-le-plus-impertinent-du-paf-par-les-francais_1845803.html?PMSRC_CAMPAIGN\n\n-En Afrique, Jean-Marie Le Guen, secr\u00e9taire d&#8217;Etat charg\u00e9 des relations avec le Parlement, \u00e9tait aussi du voyage (&#8220;Quotidien&#8221; de Yann Barth\u00e8s; vid\u00e9o) :  http:\/\/www.tf1.fr\/tmc\/quotidien-avec-yann-barthes\/videos\/jean-marie-guen-voyage-officiel-afrique-quoi-faire-1.html \n\n<strong>-&#8220;Guaino d\u00e9gaine son lance-roquette&#8221; (Sophia Aram; vid\u00e9o) : <\/strong> http:\/\/www.dailymotion.com\/video\/x4zxjmw_guaino-degaine-son-lance-roquette-le-billet-de-sophia-aram_fun\n\n-&#8220;Fran\u00e7ois Hollande ira, ira pas ?&#8221; (Charline Vanhoenacker; vid\u00e9o) : http:\/\/www.dailymotion.com\/video\/x4zxj5n_francois-hollande-ira-ira-pas-le-billet-de-charline_fun\n\n<strong>-&#8220;Alors Bruno Le Maire, c&#8217;est fini, c&#8217;est foutu, c&#8217;est pli\u00e9&#8221; (Nicolas Canteloup; vid\u00e9o) <\/strong> :                                                                                                                                                                                     http:\/\/www.europe1.fr\/emissions\/la-revue-de-presque\/alors-bruno-le-maire-cest-foutu-cest-plie-les-jeux-sont-faits-2886845\n\n-&#8220;On a ouvert le tombeau du Christ&#8221; (Alex Vizorek; son) : https:\/\/www.franceinter.fr\/emissions\/le-billet-d-alex-vizorek\/le-billet-d-alex-vizorek-01-novembre-2016\n<h2 class=\"wp-block-heading\">Documents joints<\/h2>\n\n\n\n<div class=\"wp-block-file\"><a href=\"https:\/\/wp.muchomaas.com\/wp-content\/uploads\/2016\/11\/cinema_a_l_usine-d6e.pdf\">cinema_a_l_usine.pdf<\/a><\/div>\n\n\n","protected":false},"excerpt":{"rendered":"<p>ACTUALITE -&#8220;Les rites fun\u00e9raires sont faits pour les vivants, pas pour les morts&#8221; (Fran\u00e7ois Michaud-N\u00e9rard, directeur des Services fun\u00e9raires de la Ville de Paris; interrog\u00e9 par Eric Delvaux; son) : https:\/\/www.franceinter.fr\/emissions\/l-invite-du-5-7\/l-invite-du-5-7-01-novembre-2016 -&#8220;Ce que propose Mme P\u00e9cresse, c&#8217;est de r\u00e9mun\u00e9rer des jeunes comme s&#8217;ils \u00e9taient en stage alors qu&#8217;il s&#8217;agit d&#8217;un vrai travail&#8221; (Lila Le Bas, [&hellip;]<\/p>\n","protected":false},"author":1042,"featured_media":0,"comment_status":"open","ping_status":"open","sticky":false,"template":"","format":"standard","meta":{"_themeisle_gutenberg_block_has_review":false,"footnotes":""},"categories":[151],"tags":[],"class_list":["post-9967","post","type-post","status-publish","format-standard","hentry","category-la-revue-de-presse-de-lulu"],"_links":{"self":[{"href":"https:\/\/archives.regards.fr\/index.php?rest_route=\/wp\/v2\/posts\/9967","targetHints":{"allow":["GET"]}}],"collection":[{"href":"https:\/\/archives.regards.fr\/index.php?rest_route=\/wp\/v2\/posts"}],"about":[{"href":"https:\/\/archives.regards.fr\/index.php?rest_route=\/wp\/v2\/types\/post"}],"author":[{"embeddable":true,"href":"https:\/\/archives.regards.fr\/index.php?rest_route=\/wp\/v2\/users\/1042"}],"replies":[{"embeddable":true,"href":"https:\/\/archives.regards.fr\/index.php?rest_route=%2Fwp%2Fv2%2Fcomments&post=9967"}],"version-history":[{"count":0,"href":"https:\/\/archives.regards.fr\/index.php?rest_route=\/wp\/v2\/posts\/9967\/revisions"}],"wp:attachment":[{"href":"https:\/\/archives.regards.fr\/index.php?rest_route=%2Fwp%2Fv2%2Fmedia&parent=9967"}],"wp:term":[{"taxonomy":"category","embeddable":true,"href":"https:\/\/archives.regards.fr\/index.php?rest_route=%2Fwp%2Fv2%2Fcategories&post=9967"},{"taxonomy":"post_tag","embeddable":true,"href":"https:\/\/archives.regards.fr\/index.php?rest_route=%2Fwp%2Fv2%2Ftags&post=9967"}],"curies":[{"name":"wp","href":"https:\/\/api.w.org\/{rel}","templated":true}]}}