{"id":9964,"date":"2016-10-31T06:56:44","date_gmt":"2016-10-31T05:56:44","guid":{"rendered":"https:\/\/wp.muchomaas.com\/article-la-revue-du-31-octobre-2016\/"},"modified":"2016-10-31T06:56:44","modified_gmt":"2016-10-31T05:56:44","slug":"article-la-revue-du-31-octobre-2016","status":"publish","type":"post","link":"https:\/\/archives.regards.fr\/?p=9964","title":{"rendered":"La Revue du 31 octobre 2016"},"content":{"rendered":"<p><strong>PAS DE REVUE DEMAIN MARDI<\/strong><\/p>\n<p><strong>ACTUALITE<\/strong><\/p>\n<p>-&#8220;Il y a une certaine baisse du taux de ch\u00f4mage mais ce n&#8217;est pas encore le grand mouvement de baisse&#8221; (Henri Sterdyniak de l&#8217;OFCE, membre des &#8220;Economistes atterr\u00e9s&#8221;; interrog\u00e9 par Emmanuel Faux; son, amener le curseur sur 1:06) :  http:\/\/www.europe1.fr\/emissions\/c-est-arrive-cette-semaine\/cest-arrive-cette-semaine-291016-2885627 <\/p>\n<p><strong>-A Alen\u00e7on, l&#8217;EPIDE accueille des jeunes sortis du syst\u00e8me scolaire (un documentaire d&#8217;Emmanuelle Gaume; vid\u00e9o) :<\/strong>   http:\/\/www.publicsenat.fr\/lcp\/politique\/decrocheurs-une-ecole-quasi-militaire-sortir-limpasse-1401307<\/p>\n<p>-&#8220;Bourrage de cr\u00e2ne des \u00e9l\u00e8ves de 3e sur l&#8217;arme nucl\u00e9aire&#8221; (Paul Quil\u00e8s) : http:\/\/paul.quiles.over-blog.com\/2016\/10\/le-bourrage-de-cranes.html<\/p>\n<p>-&#8220;Cancers et pesticides en Vaucluse, des chercheurs crient \u00e0 la censure&#8221; (Laurent Rugiero) : http:\/\/www.laprovence.com\/article\/edition-vaucluse\/4158051\/pesticides-et-cancers-des-chercheurs-crient-a-la-censure.html<\/p>\n<p>-&#8220;Le grand tabou des violences pendant l&#8217;accouchement&#8221; (Licia Meysenq) : http:\/\/www.francetvinfo.fr\/sante\/cesariennes-a-vif-episiotomies-imposees-le-grand-tabou-des-violences-durant-l-accouchement_1881273.html#xtor=EPR<\/p>\n<p><strong>-&#8220;Docteur, \u00e9coutez !&#8221; (la p\u00e9dopsychiatre Anne R\u00e9vah-L\u00e9vy et la dermatologue Laurence Verneil. Entretien r\u00e9alis\u00e9 par Danielle Messager; son) : <\/strong> https:\/\/www.franceinter.fr\/emissions\/carnet-de-sante\/carnet-de-sante-29-octobre-2016<\/p>\n<p>-Martin Winkler, auteur &#8220;Des brutes en blanc&#8221;; interrog\u00e9 par Emmanuel Faux (son, amener le compteur sur 19:45) :                                                                                                                         http:\/\/www.europe1.fr\/emissions\/c-est-arrive-demain\/cest-arrive-demain-emmanuel-faux-301016-2886071<\/p>\n<p><em>-Les Fran\u00e7ais et le changement d&#8217;heure (BVA) <\/em> : http:\/\/www.bva.fr\/fr\/sondages\/les_francais_et_le_changement_d_heure.html<\/p>\n<p><strong>-&#8220;Embarquer pour le Vend\u00e9e Globe&#8221; (un reportage de J\u00e9r\u00f4me Val; son) :<\/strong> https:\/\/www.franceinter.fr\/emissions\/interception\/interception-30-octobre-2016<\/p>\n<p>-La 8e \u00e9dition commence le 6 novembre (vid\u00e9o) : http:\/\/www.francetvinfo.fr\/sports\/voile\/vendee-globe\/vendee-globe-la-8e-edition-commence-le-6-novembre_1896087.html<\/p>\n<p><strong>-Ce qu&#8217;en dit Titouan Lamazou qui est devenu peintre (son, amener le curseur sur 28:15) :<\/strong> http:\/\/www.europe1.fr\/emissions\/c-est-arrive-demain\/cest-arrive-demain-emmanuel-faux-301016-2886071<\/p>\n<p><strong>-Les derniers jours du camp de Calais (&#8220;13H15 le dimanche&#8221;; vid\u00e9o) : <\/strong> http:\/\/www.francetvinfo.fr\/replay-magazine\/france-2\/13h15\/13h15-du-samedi-29-octobre-2016_1884789.html<\/p>\n<p>-Des centaines de tentes dans le XIXe arrondissement de Paris (vid\u00e9o) : http:\/\/www.francetvinfo.fr\/monde\/europe\/migrants\/migrants-paris-face-aux-campements_1896033.html<\/p>\n<p>-&#8220;Nous allons les \u00e9vacuer&#8221; (Fran\u00e7ois Hollande; vid\u00e9o) : http:\/\/www.lci.fr\/politique\/migrants-francois-hollande-confirme-que-les-camps-de-paris-vont-etre-evacues-2010065.html<\/p>\n<p>-&#8220;La fraternit\u00e9 est la grande oubli\u00e9e de notre devise r\u00e9publicaine&#8221; (Fabienne Servan-Schreibert, invit\u00e9e de Wendy Bouchard; son) :  http:\/\/www.europe1.fr\/emissions\/linterview-verite-du-week-end\/fabienne-servan-schreiber-la-fraternite-est-la-grande-oubliee-de-notre-devise-republicaine-2885591<\/p>\n<p><strong>-&#8220;Ferrette, un village alsacien qui ouvre sa porte aux migrants&#8221; (son maire, Fran\u00e7ois Cohendet; son) <\/strong> : https:\/\/www.franceinter.fr\/emissions\/itw-societe-civile\/itw-societe-civile-30-octobre-2016<\/p>\n<p>-Bernard Cazeneuve visite un Centre d&#8217;accueil et d&#8217;orientation \u00e0 Gelos dans les Pyr\u00e9n\u00e9es-Atlantiques (vid\u00e9o) : http:\/\/nr.news-republic.com\/Web\/ArticleWeb.aspx?regionid=2&#038;articleid=76269607<\/p>\n<p><strong>-&#8220;Le langage des jeunes. &#8220;Etes-vous \u00e0 la page ?&#8221; (&#8220;le T\u00e9l\u00e9phone sonne&#8221; de France Inter, avec le linguiste Alain Rey; son) :<\/strong> https:\/\/www.franceinter.fr\/emissions\/le-telephone-sonne\/le-telephone-sonne-28-octobre-2016<\/p>\n<p>-Il y a un mois, la soeur d&#8217;Adama Traor\u00e9 interpellait Fran\u00e7ois Hollande (Emmanuelle Skyvington; vid\u00e9o) :  http:\/\/television.telerama.fr\/television\/il-y-a-un-mois-la-soeur-d-adama-traore-interpellait-francois-hollande,149349.php#xtor=EPR<\/p>\n<p>-Cinq policiers en garde \u00e0 vue apr\u00e8s avoir abattu un homme \u00e0 Echirolles dans l&#8217;Is\u00e8re (vid\u00e9o) : http:\/\/www.lefigaro.fr\/actualite-france\/2016\/10\/29\/01016-20161029ARTFIG00051-cinq-policiers-en-garde-a-vue-apres-avoir-abattu-un-homme-a-echirolles.php?een<\/p>\n<p>-Ils sont sortis de leur garde \u00e0 vue (vid\u00e9o) : http:\/\/www.francetvinfo.fr\/france\/echirolles\/echirolles-les-cinq-policiers-sont-sortis-de-garde-a-vue_1896025.html<\/p>\n<p>-Le chanteur de pop marocain Saad Lamjarred mis en examen \u00e0 Paris pour &#8220;viol aggrav\u00e9&#8221; (vid\u00e9os) : http:\/\/culturebox.francetvinfo.fr\/musique\/pop\/le-chanteur-de-pop-marocaine-saad-lamjarred-mis-en-examen-pour-viol-aggrave-248061#xtor=EREC<\/p>\n<p>-&#8220;La justice fran\u00e7aise \u00e9tait au courant des menaces qui pesaient sur le Bataclan depuis 2009&#8221; (Philippe Cohen-Grillet, journaliste au &#8220;Canard encha\u00een\u00e9&#8221; et \u00e0 &#8220;Paris Match&#8221;; interrog\u00e9 par Emmanuel Faux; son, amener le curseur sur 1:07) : http:\/\/www.europe1.fr\/emissions\/c-est-arrive-demain\/cest-arrive-demain-emmanuel-faux-301016-2886071<\/p>\n<p>-&#8220;Le dopage dans le rugby fran\u00e7ais&#8221; (une enqu\u00eate de Thierry Vildary; vid\u00e9o) :     http:\/\/www.francetvsport.fr\/videos\/video-rugby-l-enfer-du-decor-365369<\/p>\n<p><strong>-&#8220;Robert Boulin, mort en eau trouble&#8221; (&#8220;13H15 le dimanche&#8221;; vid\u00e9o) : <\/strong> http:\/\/www.francetvinfo.fr\/replay-magazine\/france-2\/13h15\/13h15-du-dimanche-30-octobre-2016_1886145.html<\/p>\n<p><strong>POLITIQUE<\/strong><\/p>\n<p>-Dans &#8220;l&#8217;Humanit\u00e9&#8221;, &#8220;quelle strat\u00e9gie adopter pour les \u00e9ch\u00e9ances \u00e9lectorales de 2017 ?&#8221; : http:\/\/www.humanite.fr\/quelle-strategie-politique-adopter-pour-les-echeances-electorales-de-2017-619153<\/p>\n<p>-&#8220;Etre jeune communiste en 2016&#8221; (Capucine Tissot) : http:\/\/www.lejdd.fr\/Politique\/Etre-jeune-communiste-en-2016-820282#xtor=CS1-4<\/p>\n<p><strong>-&#8220;Notre objectif est de gagner les \u00e9lections. Emmanuel Macron devrait \u00eatre dans la primaire de la droite. Il y aura un candidat social-lib\u00e9ral qui paiera les d\u00e9g\u00e2ts de la politique gouvernementale. En 2050, nous consommerons deux fois ce que la terre  peut produire. Il y a beaucoup de communistes parmi &#8220;les Insoumis&#8221;. Avec le Parti communiste, nous pouvons nous retrouver sur une candidature commune pour laquelle Jean-Luc M\u00e9lenchon est bien plac\u00e9, un programme commun et une pr\u00e9paration commune des \u00e9lections l\u00e9gislatives, ce que nous n&#8217;avons pas fait en 2012, avec pour r\u00e9sultat de diviser par deux le score de Jean-Luc M\u00e9lenchon&#8221;  (Eric Coquerel, porte-parole du Parti de gauche; interrog\u00e9 par Wendy Bouchard; son) : <\/strong> http:\/\/www.europe1.fr\/emissions\/l-interview-politique-du-week-end\/eric-coquerel-notre-objectif-est-de-gagner-les-elections-2885609<\/p>\n<p>-&#8220;M\u00e9lenchon, les raisons d&#8217;y croire&#8221; (Ava Djamshidi) : http:\/\/www.leparisien.fr\/politique\/melenchon-les-raisons-d-y-croire-30-10-2016-6267450.php<\/p>\n<p>-&#8220;Candidate de la gauche concr\u00e8te&#8221; (Marie-No\u00eblle Lienemann, s\u00e9natrice PS de Paris; interrog\u00e9e par Da\u00efc Audouit dans &#8220;Dimannche en politique en r\u00e9gion&#8221;; vid\u00e9o pendant 6 jours) :<br \/>\nhttp:\/\/pluzz.francetv.fr\/videos\/dimanche_en_politique_paris_ile_de_france_,1000069457.html<\/p>\n<p>-&#8220;Ce qui s\u00e9pare Jean-Luc M\u00e9lenchon du reste de la gauche, c&#8217;est sa radicalit\u00e9 et son isolement. Il faut unir les Fran\u00e7ais et non les radicaliser. Mon programme est socialiste mais pas seulement, il est aussi r\u00e9publicain, \u00e9cologiste et m\u00eame gaulliste social. Mon projet a \u00e9t\u00e9 applaudi \u00e0 la F\u00eate de l&#8217;Humanit\u00e9 comme dans des cercles d&#8217;entrepreneurs avec lesquels je tiens le m\u00eame langage &#8221; (Arnaud Montebourg dans le JDD, qui propose \u00e0 Manuel Valls &#8220;de quitter le gouvernement et d&#8217;\u00eatre candidat \u00e0 la primaire&#8221;; propos recueillis par Anna Cabana et Arthur Nazaret) :                    http:\/\/www.lejdd.fr\/Politique\/Montebourg-L-alternative-a-Hollande-c-est-moi-820579<\/p>\n<p>-Il \u00e9tait l&#8217;invit\u00e9 de l&#8221;\u00e9mission &#8220;Bureau Politique&#8221; (vid\u00e9o) :                         http:\/\/www.lci.fr\/politique\/replay-bureau-politique-du-29-octobre-2016-avec-arnaud-montebourg-2010257.html%3Ftype=content<\/p>\n<p>-&#8220;Tout cela est le prix du d\u00e9ni qui a d\u00e9sorient\u00e9 les \u00e9lecteurs de gauche. Manuel Valls est le plus mal plac\u00e9 pour effectuer le rassemblement de la gauche. Le but du &#8220;revenu universel d&#8217;existence&#8221; est de construire une nouvelle protection sociale. Je ne voterai pas le CETA. Il y a toujours des migrations en lien avec la d\u00e9tresse \u00e9conomique, \u00e9cologique ou avec des conflits. Nous restons une soci\u00e9t\u00e9 dans laquelle subsistent des discriminations \u00e0 l&#8217;embauche. Il faut repenser la protection sociale \u00e0 l&#8217;aube de la cr\u00e9ation du&#8221; revenu universel d&#8217;existence.&#8221; Beno\u00eet Hamon, d\u00e9put\u00e9 PS des Yvelines; invit\u00e9 de &#8220;BFM Politique&#8221;; vid\u00e9os) :                                                                                                                                                                                                                                                                                                http:\/\/www.bfmtv.com\/mediaplayer\/video\/manuel-valls-est-le-plus-mal-place-pour-operer-le-rassemblement-de-la-gauche-benoit-hamon-880739.html                                                                                                                                                                                                                                                                                                          http:\/\/www.bfmtv.com\/mediaplayer\/video\/politiques-au-quotidien-revenu-universel-d-existence-le-but-de-cette-reforme-est-de-construire-une-nouvelle-protection-sociale-benoit-hamon-880741.html   http:\/\/www.bfmtv.com\/mediaplayer\/video\/questions-d-eco-je-ne-voterai-pas-le-ceta-benoit-hamon-880743.html                                                                                                   http:\/\/www.bfmtv.com\/mediaplayer\/video\/il-y-a-toujours-des-migrations-en-lien-avec-la-detresse-economique-ecologique-ou-avec-des-conflits-benoit-hamon-22-880751.html                 http:\/\/www.bfmtv.com\/mediaplayer\/video\/benoit-hamon-face-aux-francais-nous-restons-une-societe-dans-laquelle-subsiste-des-discriminations-a-l-embauche-880747.html                                 http:\/\/www.bfmtv.com\/mediaplayer\/video\/comptes-de-campagne-il-faut-repenser-a-la-protection-sociale-a-l-aube-de-la-creation-du-revenu-universel-d-existence-benoit-hamon-880753.html<\/p>\n<p><strong>-Son face \u00e0 face avec Alexis Corbi\u00e8re, porte-parole de Jean-Luc-M\u00e9lenchon (vid\u00e9o) :<\/strong> http:\/\/www.bfmtv.com\/mediaplayer\/video\/benoit-hamon-politique-face-a-alexis-corbiere-jean-luc-melenchon-qui-assume-une-vision-fraternelle-de-la-societe-francaise-est-prudent-quand-il-s-agit-d-evoquer-la-migration-880749.html<\/p>\n<p>-&#8220;Cette \u00e9vacuation est d\u00e9j\u00e0 positive pour les personnes qui vivaient dans ces conditions. Pour moi, l&#8217;action politique, ce sont des actes. Je suis toujours contre la construction de l&#8217;a\u00e9roport de Notre-Dame-des-Landes. Il reste des recours et la r\u00e9novation de l&#8217;actuel a\u00e9roport n&#8217;a jamais \u00e9t\u00e9 \u00e9tudi\u00e9e&#8221;. L&#8217;affaire Baupin, &#8220;c&#8217;est dans la justice que \u00e7a se r\u00e8gle&#8221; (Emmanuelle Cosse, ministre du Logement; invit\u00e9e de &#8220;On n&#8217;est pas couch\u00e9&#8221;; vid\u00e9o) : http:\/\/www.france2.fr\/emissions\/on-n-est-pas-couche\/videos\/emmanuelle_cosse_-_on_nest_pas_couche_29_octobre_2016_onpc_29-10-2016_1335349?onglet=tous&#038;page=1<\/p>\n<p>-&#8220;Nous sommes entr\u00e9s dans la temp\u00eate. La guerre civile est devant nous. En plus de Daesh, il y a des gens chez nous qui veulent radicaliser jusqu&#8217;au bout et nous conduire jusqu&#8217;au gouffre. La globalisation financi\u00e8re est la m\u00e8re de tout cela. Il manque \u00e0 nos leaders politiques une grille de lecture du monde. Depuis au moins trente ans, ils ne savent pas o\u00f9 ils vont. Il y a trois hommes qui peuvent reconstruire la gauche : Arnaud Montebourg, Emmanuel Macron et Manuel Valls&#8221; (Jean-Pierre Chev\u00e8nement, interrog\u00e9 par Fran\u00e7ois-Xavier M\u00e9nage; vid\u00e9o) : http:\/\/www.lci.fr\/replay\/replay-l-invite-politique-du-28-octobre-2016-jean-pierre-chevenement-2009894.html<\/p>\n<p><strong>-&#8220;Le patron jusqu&#8217;\u00e0 nouvel ordre c&#8217;est le pr\u00e9sident de la R\u00e9publique, il a \u00e9t\u00e9 \u00e9lu. Le patron qui a \u00e9t\u00e9 \u00e9lu en 2012, c&#8217;est Fran\u00e7ois Hollande. Aujourd&#8217;hui, celui qui est en capacit\u00e9 de rassembler, c&#8217;est lui&#8221; (St\u00e9phane Le Foll, invit\u00e9 du &#8220;Grand Rendez-vous&#8221; d&#8217;Europe 1; vid\u00e9o) : <\/strong> http:\/\/www.itele.fr\/magazines\/grand-rendez-vous-politique-darmon\/le-grand-rendez-vous-partie-1-du-30102016-171587<\/p>\n<p>-&#8220;Est-il toujours le boss \u00e0 gauche ?&#8221; (Christophe Barbier et Laurent Neumann; vid\u00e9o) :   http:\/\/www.bfmtv.com\/mediaplayer\/video\/brunet-barbier-francois-hollande-est-il-toujours-le-boss-a-gauche-880783.html<\/p>\n<p>-&#8220;Les militants socialistes demandent \u00e0 leurs \u00e9lus de d\u00e9fendre Fran\u00e7ois Hollande qui reste le seul \u00e0 pouvoir rassembler \u00e0 gauche. J&#8217;esp\u00e8re qu&#8217;il sera notre candidat&#8221; (Fr\u00e9d\u00e9rique Espagnac, s\u00e9natrice PS des Pyr\u00e9n\u00e9es-Atlantiques qui trouve &#8220;passionnant&#8221; le livre des deux journalistes du &#8220;Monde&#8221;; interrog\u00e9e par Pierre Weill; son) : https:\/\/www.franceinter.fr\/emissions\/l-interview-politique\/l-interview-politique-30-octobre-2016<\/p>\n<p>-&#8220;Fran\u00e7ois Hollande est \u00e0 4%, je ne vois pas comment il peut remonter. Emmanuel Macron peut emp\u00eacher Marine Le Pen d&#8217;\u00eatre au second tour&#8221; (G\u00e9rard Collomb, s\u00e9nateur-maire PS de Lyon au &#8220;Grand Jury-RTL&#8221;; vid\u00e9os) :  http:\/\/www.rtl.fr\/actu\/politique\/francois-hollande-est-a-4-je-ne-vois-pas-comment-il-peut-remonter-tance-gerard-collomb-7785516943<\/p>\n<p>-&#8220;Il avait tous les pouvoirs&#8221; (Nathalie Schuck du &#8220;Parisien&#8221;) : http:\/\/www.leparisien.fr\/espace-premium\/fait-du-jour\/la-candidature-de-hollande-prend-l-eau-29-10-2016-6264861.php?xtor=EREC<\/p>\n<p>-&#8220;Une d\u00e9faite de Hollande \u00e0 la primaire serait l&#8217;explosion de la gauche pendant des ann\u00e9es et des ann\u00e9es&#8221; (Bernard Tapie, qui regrette la mauvaise image qu&#8217;ont les Fran\u00e7ais des entrepreneurs (il n&#8217;a gu\u00e8re contribu\u00e9 \u00e0 son am\u00e9lioration !); interrog\u00e9 par Apolline de Malherbe; vid\u00e9o) :                    http:\/\/www.bfmtv.com\/mediaplayer\/video\/une-defaite-de-hollande-a-la-primaire-serait-l-explosion-de-la-gauche-pendant-des-annees-et-des-annees-bernard-tapie-880775.html<\/p>\n<p><strong>-&#8220;Voyage en terre d&#8217;espoir&#8221; (Edwy Plenel de Mediapart, invit\u00e9 de Yann Barth\u00e8s dans &#8220;Quotidien&#8221;; vid\u00e9os) <\/strong> :                                                                                                                                     http:\/\/www.tf1.fr\/tmc\/quotidien-avec-yann-barthes\/videos\/edwy-plenel-gauche-y-a-de-l-espoir.html?xtor=AD-30                                                                                                                                            http:\/\/www.tf1.fr\/tmc\/quotidien-avec-yann-barthes\/videos\/l-interview-d-edwy-plenel-une-histoire-de-moustache.html<\/p>\n<p>-&#8220;La convention fiscale avec le Qatar fait de la France un paradis fiscal&#8221; (Nathalie Goulet, s\u00e9natrice UDI de l&#8217;Orne; cit\u00e9e par Alexandre Poussart; vid\u00e9o) : http:\/\/www.publicsenat.fr\/lcp\/politique\/convention-fiscale-qatar-fait-france-un-paradis-fiscal-selon-nathalie-goulet-1540887<\/p>\n<p>-Sur sa page Facebook, la (longue) r\u00e9ponse de Fran\u00e7ois Bayrou \u00e0 Nicolas Sarkozy : https:\/\/www.facebook.com\/bayrou\/posts\/10154623013464761<\/p>\n<p>-&#8220;L&#8217;UDI de Paris avec Alain Jupp\u00e9&#8221; (Tribune collective) : http:\/\/www.lejdd.fr\/Politique\/L-UDI-de-Paris-avec-Alain-Juppe-820234<\/p>\n<p>-&#8220;4 % ce n&#8217;est plus de la popularit\u00e9, c&#8217;est un d\u00e9sastre&#8221; (Alain Jupp\u00e9; vid\u00e9o) : http:\/\/videos.leparisien.fr\/video\/juppe-a-propos-de-hollande-4-ce-n-est-plus-de-la-popularite-c-est-un-desastre-25-10-2016-x4z1pim?xtor=EREC<\/p>\n<p>-&#8220;Je ne sens pas dans la rue l&#8217;adh\u00e9sion \u00e0 Alain Jupp\u00e9. Une forte participation d&#8217;\u00e9lecteurs de gauche \u00e0 la primaire de la droite et du centre serait une forme de hold-up d\u00e9mocratique&#8221; (Eric Ciotti, porte-parole de Nicolas Sarkozy; invit\u00e9 de l&#8217;\u00e9mission &#8220;Questions Politiques&#8221;, anim\u00e9e par Nicolas Demorand; vid\u00e9os) : http:\/\/pluzz.francetv.fr\/videos\/dimanche_en_politique.html<\/p>\n<p>-&#8220;J&#8217;assume tout mon bilan de ministre de l&#8217;agriculture, celui du quinquennat revient \u00e0 Nicolas Sarkozy et \u00e0 Fran\u00e7ois Fillon&#8221; (Bruno Le Maire, d\u00e9put\u00e9 LR  de l&#8217;Eure, interrog\u00e9 par Francis Letellier; vid\u00e9o) : http:\/\/pluzz.francetv.fr\/videos\/dimanche_en_politique.html<\/p>\n<p>-&#8220;Mes six mesures fortes pour relancer le tourisme&#8221; (Val\u00e9rie P\u00e9cresse, pr\u00e9sidente LR de la r\u00e9gion Ile-de-France; propos recueillis par Bertrand Cr\u00e9co) :                       http:\/\/www.lejdd.fr\/JDD-Paris\/Pecresse-Mes-six-mesures-fortes-pour-relancer-le-tourisme-en-Ile-de-France-820516<\/p>\n<p>-Des \u00e9tudiants pour informer les touristes, les syndicats sont contre. L&#8217;UNEF  d\u00e9nonce une &#8220;trappe \u00e0 pr\u00e9carit\u00e9&#8221; : http:\/\/www.lci.fr\/societe\/des-etudiants-stagiaires-pour-informer-les-touristes-en-ile-de-france-une-trappe-a-precarite-denonce-l-unef-2010223.html<\/p>\n<p>-&#8220;L&#8217;\u00e9vacuation de Calais se passe dans des conditions tr\u00e8s mauvaises, une situation due \u00e0 des ann\u00e9es d&#8217;ind\u00e9cision et d&#8217;hypocrisie. Regardez ce qui se passe \u00e0 Paris du c\u00f4t\u00e9 de Stalingrad !&#8221; (Jean-Fran\u00e7ois Cop\u00e9, d\u00e9put\u00e9 LR de Seine-et-Marne, \u00e9tait l&#8217;invit\u00e9 du &#8220;Brunch politique&#8221; de Sud Radio (son) : http:\/\/www.sudradio.fr\/Podcasts\/Le-Brunch-Politique\/Jean-Francois-Cope<\/p>\n<p>-La question du &#8220;ni-ni&#8221; entre PS et FN est &#8220;un faux d\u00e9bat&#8221; (Franck Riester, d\u00e9put\u00e9 LR de Seine-et-Marne, soutien de Bruno Le Maire; invit\u00e9 de Franceinfo; vid\u00e9os) : http:\/\/www.francetvinfo.fr\/replay-radio\/8h30-politique\/pour-le-porte-parole-de-bruno-le-maire-la-question-du-ni-ni-entre-ps-et-fn-est-un-faux-debat_1885143.html<\/p>\n<p>-&#8220;Fronti\u00e8re avec le FN, la droite marche sur un fil&#8221; (Herv\u00e9 Gattegno du JDD; son) : http:\/\/www.europe1.fr\/emissions\/ledito-du-jdd\/frontiere-avec-le-fn-la-droite-marche-sur-un-fil-2886092<\/p>\n<p><strong>-&#8220;Les limites des primaires&#8221; (Paul Alli\u00e8s) <\/strong> : https:\/\/blogs.mediapart.fr\/paul-allies\/blog\/281016\/les-limites-des-primaires?utm_source=global&#038;utm_medium=social&#038;utm_campaign=SharingApp&#038;xtor=CS3-5<\/p>\n<p><em>-Les intentions de vote \u00e0 la primaire de la droite et du centre (IFOP-JDD) : <\/em> http:\/\/www.lejdd.fr\/Politique\/SONDAGE-Les-centristes-veulent-Juppe-les-sympathisants-LR-preferent-Sarkozy-820624<\/p>\n<p>-&#8220;Je suis beaucoup chocolat et je pr\u00e9f\u00e8re le noir. La France, ce n&#8217;est pas une couleur de peau ou une ethnie. Il ne faut pas oublier la diversit\u00e9 politique ou la diversit\u00e9 sociale&#8221;  (Florian Philippot, eurod\u00e9put\u00e9 FN; invit\u00e9&#8221; de &#8220;Menu Pr\u00e9sident&#8221; sur la cha\u00eene 23; vid\u00e9o) : http:\/\/www.numero23.fr\/programmes\/menu-president\/menu-president-invite-florian-philippot\/<\/p>\n<p>-&#8220;Politique et th\u00e9ories conspirationnistes&#8221; (Emmanuelle Daviet; son) : https:\/\/www.franceinter.fr\/emissions\/interclass\/interclass-30-octobre-2016<\/p>\n<p><strong>EUROPE-MONDE<\/strong><\/p>\n<p>-&#8220;Sur le CETA, tout \u00e7a pour \u00e7a ! Peu de chose, mais l&#8217;Europe en sort amoch\u00e9e. Les Wallons \u00e9taient dans leur droit&#8221; (Jean-Louis Bourlanges, ancien eurod\u00e9put\u00e9, professeur \u00e0 Science Po; son, amener le curseur sur 9:39) : http:\/\/www.europe1.fr\/emissions\/c-est-arrive-cette-semaine\/cest-arrive-cette-semaine-291016-2885627<\/p>\n<p>-&#8220;Ce qu&#8217;on obtenu les Belges&#8221; : http:\/\/www.humanite.fr\/ceta-ce-quont-obtenu-les-belges-619323<\/p>\n<p><em>-Les travaux du Parlement wallon (documents fournis par Raoul Marc Jennar) : <\/em> https:\/\/blogs.mediapart.fr\/raoul-marc-jennar\/blog\/291016\/aecgceta-les-travaux-du-parlement-wallon?utm_source<\/p>\n<p>-Dans un discours, le commissaire europ\u00e9en G\u00fcnther Oettinger s&#8217;en prend aux Chinois, qu&#8217;il nomme &#8220;les brid\u00e9s&#8221; et aux homosexuels (vid\u00e9o) : http:\/\/www.lci.fr\/international\/allemagne-un-commissaire-europeen-provoque-un-tolle-apres-ses-propos-sur-les-brides-2010159.html<\/p>\n<p>-Le conservateur Mariano Rajoy reconduit \u00e0 la t\u00eate du gouvernement espagnol (vid\u00e9o) : http:\/\/www.francetvinfo.fr\/monde\/espagne\/espagne-apres-10-mois-de-blocage-politique-le-conservateur-mariano-rajoy-reconduit-a-la-tete-du-gouvernement_1896031.html<\/p>\n<p>-&#8220;La trahison av\u00e9r\u00e9e du Parti socialiste&#8221; (Jean Ortiz) : http:\/\/www.humanite.fr\/espagne-la-trahison-averee-du-parti-socialiste-619031<\/p>\n<p>-Le centre de l&#8217;Italie ne cesse de trembler : https:\/\/www.letemps.ch\/monde\/2016\/10\/30\/centre-litalie-ne-cesse-trembler?utm_source<\/p>\n<p>-Plus de 10 000 fonctionnaires suppl\u00e9mentaires limog\u00e9s en Turquie : http:\/\/www.lemonde.fr\/europe\/article\/2016\/10\/30\/purges-en-turquie-plus-de-10-000-fonctionnaires-supplementaires-limoges_5022680_3214.html#xtor=AL-32280270<\/p>\n<p>-A l&#8217;\u00e9lection pr\u00e9sidentielle, le candidat du Parti socialiste moldave, pro-russe, fr\u00f4le la victoire au premier tour (Beno\u00eet Vitkine) :                                http:\/\/www.lemonde.fr\/europe\/article\/2016\/10\/31\/en-moldavie-le-candidat-prorusse-frole-une-victoire-au-premier-tour-de-la-presidentielle_5022833_3214.html#xtor=AL-32280270<\/p>\n<p>-En Islande, pouss\u00e9e du Parti pirate qui s&#8217;installe \u00e0 la troisi\u00e8me place (Jean-Baptiste Chastand) : http:\/\/www.lemonde.fr\/europe\/article\/2016\/10\/30\/en-islande-le-parti-pirate-ne-realise-pas-la-percee-esperee_5022606_3214.html#xtor=AL-32280270<\/p>\n<p>-&#8220;Une perc\u00e9e historique&#8221; (vid\u00e9o) : http:\/\/nr.news-republic.com\/Web\/ArticleWeb.aspx?regionid=2&#038;articleid=76343839<\/p>\n<p><strong>-&#8220;Si je suis en position d&#8217;\u00eatre premi\u00e8re ministre, je r\u00e9pondrai :&#8221;non, merci&#8221; (Brigitta Jonsdottir, cofondatrice  du Parti pirate; vid\u00e9o) <\/strong> :  http:\/\/www.lemonde.fr\/festival\/video\/2016\/09\/19\/birgitta-jonsdottir-si-je-suis-en-position-d-etre-premiere-ministre-je-repondrai-non-merci_5000301_4415198.html#xtor=AL-32280270<\/p>\n<p>-&#8220;O\u00f9 en est-on \u00e0 Mossoul ?&#8221; (le g\u00e9n\u00e9ral Vincent Desportes; interrog\u00e9 par Pierre Weill; son) : https:\/\/www.franceinter.fr\/emissions\/l-interview-politique\/l-interview-politique-29-octobre-2016<\/p>\n<p><strong>-&#8220;Terreur sur la ville&#8221; (&#8220;C dans l&#8217;air&#8221;, anim\u00e9 par Bruce Toussaint; vid\u00e9o) :<\/strong> http:\/\/www.france5.fr\/emissions\/c-dans-l-air\/videos\/replay_-_c_dans_lair_29-10-2016_1335121<\/p>\n<p>-&#8220;Contre-offensive des rebelles syriens \u00e0 Alep&#8221; (vid\u00e9o) : http:\/\/www.lemonde.fr\/syrie\/video\/2016\/10\/28\/contre-offensive-des-rebelles-syriens-a-alep_5022211_1618247.html<\/p>\n<p>-Rencontre avec le maire de la ville (Guillaume Erner; son) : https:\/\/www.franceculture.fr\/emissions\/linvite-des-matins-2eme-partie\/rencontre-avec-brita-hagi-hasan-le-maire-dalep-ville<\/p>\n<p><strong>-&#8220;Le projet totalitaire des monarchies du golfe&#8221; (Alexandre del  Valle, dans &#8220;Salut les terriens&#8221;; vid\u00e9o) <\/strong> : http:\/\/www.c8.fr\/c8-divertissement\/ms-salut-les-terriens\/pid7535-extraits.html?vid=1422181<\/p>\n<p>-_Le Maroc construit la plus grande centrale solaire du monde (vid\u00e9o) : http:\/\/nr.news-republic.com\/Web\/ArticleWeb.aspx?regionid=2&#038;articleid=76258774<\/p>\n<p>-En C\u00f4te d&#8217;Ivoire, une marche contre la nouvelle constitution (vid\u00e9o) : http:\/\/nr.news-republic.com\/Web\/ArticleWeb.aspx?regionid=2&#038;articleid=76271503<\/p>\n<p>-Au Congo, un ex-proche de Bongo pr\u00e9sente les preuves de la fraude \u00e9lectorale (Camille Neveux; vid\u00e9o) : http:\/\/www.lejdd.fr\/International\/Afrique\/Gabon-un-ex-proche-de-Bongo-presente-les-preuves-de-la-fraude-electorale-820411<\/p>\n<p><strong>-La France met un terme \u00e0 l&#8217;op\u00e9ration &#8220;Sangaris&#8221; dans une Centrafrique toujours en crise (Cyril Bensimon) <\/strong> : http:\/\/www.lemonde.fr\/afrique\/article\/2016\/10\/28\/la-france-met-un-terme-a-sangaris-dans-une-centrafrique-toujours-en-crise_5022190_3212.html#xtor=AL-32280270<\/p>\n<p>-&#8220;Les derniers \u00e9tats am\u00e9ricains ind\u00e9cis&#8221; (Arnaud Focraud) : http:\/\/www.lejdd.fr\/International\/USA\/Presidentielle-americaine-decouvrez-les-derniers-Etats-indecis-820249<\/p>\n<p><strong>-&#8220;L&#8217;Am\u00e9rique de Trump&#8221; (l&#8217;historien et d\u00e9mographe Emmanuel Todd, re\u00e7u par Olivia Gesbert; son) <\/strong> : https:\/\/www.franceculture.fr\/emissions\/la-grande-table-2eme-partie\/lamerique-de-trump<\/p>\n<p>-&#8220;O\u00f9 en est la puissance am\u00e9ricaine \u00e0 l&#8217;issue de la pr\u00e9sidence Obama ?&#8221; (Mathilde Lemoine du groupe Edmond de Rothschild; son, amener le curseur sur 10:36) :                                                           http:\/\/www.europe1.fr\/emissions\/c-est-arrive-demain\/cest-arrive-demain-emmanuel-faux-301016-2886071<\/p>\n<p>-&#8220;Union forc\u00e9e autour de Hillary Clinton&#8221; (John R. MacArthur) : http:\/\/www.monde-diplomatique.fr\/2016\/08\/MACARTHUR\/56067<\/p>\n<p>-Henry Kissinger en campagne&#8230;pour Fran\u00e7ois Hollande (vid\u00e9o) : http:\/\/www.elysee.fr\/videos\/interview-d-henry-kissinger-ancien-secretaire-d-etat-des-etats-unis\/<\/p>\n<p>-Le FBI rouvre l&#8217;affaire des e-mails d&#8217;Hillary Clinton (Thomas Liabot et vid\u00e9o) : http:\/\/www.lejdd.fr\/International\/USA\/Le-FBI-rouvre-l-affaire-des-emails-d-Hillary-Clinton-820291                        http:\/\/www.lci.fr\/elections-americaines\/affaire-des-emails-hillary-clinton-juge-etranges-ces-revelations-de-derniere-minute-2010162.html<\/p>\n<p>-Quelles cons\u00e9quences pour elle ? (Fr\u00e9d\u00e9ric Autran) : http:\/\/www.liberation.fr\/planete\/2016\/10\/28\/reouverture-de-l-enquete-sur-ses-emails-quelles-consequences-pour-clinton_1525053?xtor=EPR<\/p>\n<p>-&#8220;Un cadeau incroyable pour les supporters de Trump&#8221; (Corine Lesnes) :  http:\/\/www.lemonde.fr\/elections-americaines\/article\/2016\/10\/30\/pour-les-supporteurs-de-trump-le-retour-de-l-affaire-des-e-mails-est-un-cadeau-incroyable_5022600_829254.html<\/p>\n<p>-&#8220;Hillary, la mal aim\u00e9e&#8221; (vid\u00e9o) : http:\/\/nr.news-republic.com\/Web\/ArticleWeb.aspx?regionid=2&#038;articleid=76272544<\/p>\n<p>-Un faux Donald Trump provoque la cohue \u00e0 New-York (vid\u00e9o) : http:\/\/www.lemonde.fr\/culture\/video\/2016\/10\/28\/un-faux-donald-trump-provoque-la-cohue-a-new-york_5022195_3246.html<\/p>\n<p>-&#8220;Nicolas Maduro menace de faire arr\u00eater les dirigeants de l&#8217;opposition v\u00e9n\u00e9zu\u00e9lienne&#8221; (vid\u00e9o) : http:\/\/nr.news-republic.com\/Web\/ArticleWeb.aspx?regionid=2&#038;articleid=76272544<\/p>\n<p>AuSalvador, l&#8217;ex-pr\u00e9sident conservateur Antonio Saca, arr\u00eat\u00e9 pour corruption : http:\/\/www.lemonde.fr\/ameriques\/article\/2016\/10\/30\/salvador-l-ex-president-antonio-saca-arrete-po<\/p>\n<p>-Le gouvernement australien veut interdire de s\u00e9jour \u00e0 vie les immigr\u00e9s clandestins : http:\/\/www.lemonde.fr\/asie-pacifique\/article\/2016\/10\/30\/le-gouvernement-australien-veut-interdire-les-immigres-clandestins-de-sejour-a-vie_5022626_3216.html#xtor=AL-32280270<\/p>\n<p>-Selon l&#8217;OMS, au Y\u00e9men, 1,5 millions d&#8217;enfants sont en \u00e9tat de malnutrition (vid\u00e9o): http:\/\/nr.news-republic.com\/Web\/ArticleWeb.aspx?regionid=2&#038;articleid=76258353<\/p>\n<p><strong>-Au Cambodge, les dix ans de &#8220;Toutes \u00e0 l&#8217;\u00e9cole&#8221; (vid\u00e9o) :<\/strong> http:\/\/www.lci.fr\/international\/jt-we-cambodge-quand-ecole-rime-avec-espoir-2010145.html<\/p>\n<p><strong>-&#8220;Xi Jinping, le dirigeant chinois le plus puissant depuis Mao Zedong&#8221; (Emilie Frenkiel)<\/strong> : http:\/\/www.monde-diplomatique.fr\/2015\/10\/FRENKIEL\/53964<\/p>\n<p><strong>-300 millions d&#8217;enfants dans le monde respirent un air toxique :<\/strong>           http:\/\/www.lemonde.fr\/planete\/article\/2016\/10\/31\/pollution-300-millions-d-enfants-dans-le-monde-respirent-de-l-air-toxique_5022828_3244.html<\/p>\n<p><strong>CULTURE-MEDIAS<\/strong><\/p>\n<p>-L&#8217;\u00e9volution de la psychiatrie en France depuis trente ans (un documentaire sonore d&#8217;Alain Lewkowicz; son) : https:\/\/www.franceculture.fr\/emissions\/une-histoire-particuliere-un-recit-documentaire-en-deux-parties\/conte-de-la-folie<\/p>\n<p><strong>-&#8220;La France reconna\u00eet sa responsabilit\u00e9 dans l&#8217;internement de tsiganes de 1940 \u00e0 1946&#8221; (le discours de Fran\u00e7ois Hollande \u00e0 Montreuil-Bellay; vid\u00e9o. Rappelons le propos de Manuel Valls pour qui &#8220;les Roms n&#8217;ont pas vocation&#8221; \u00e0 vivre en France) <\/strong> : http:\/\/www.elysee.fr\/videos\/discours-a-l-occasion-de-l-hommage-national-aux-nomades-internes-en-france\/<\/p>\n<p><strong>-Ce que le sociologue Eric Fassin, de l&#8217;universit\u00e9 Paris VIII-Saint-Denis, avait r\u00e9pliqu\u00e9 au premier ministre :<\/strong> http:\/\/www.lemonde.fr\/idees\/article\/2013\/09\/25\/roms-la-vocation-de-manuel-valls_3484429_3232.html<\/p>\n<p><strong>-&#8220;Tsiganes, on nous discrimine toujours&#8221; (Andr\u00e9 Sauzer, cit\u00e9 par Gabrielle Teissier K; vid\u00e9os) <\/strong> : https:\/\/blogs.mediapart.fr\/gabrielle-teissier-k\/blog\/291016\/tziganes?utm_source=global&#038;utm_medium=social&#038;utm_campaign=SharingApp&#038;xtor=CS3-5<\/p>\n<p>-&#8220;En 1939, la France a eu une attitude de d\u00e9fiance \u00e0 l&#8217;\u00e9gard des nomades&#8221; (l&#8217;historienne Henriette Ass\u00e9o; interrog\u00e9e par Jordan Klein; vid\u00e9o) : http:\/\/www.publicsenat.fr\/lcp\/politique\/henriette-asseo-1939-france-une-attitude-defiance-l-egard-des-nomades-1540886<\/p>\n<p><strong>-&#8220;Ma part de gaulois&#8221; (Magyd Cherfi, du groupe Zebda, \u00e9tait l&#8217;invit\u00e9 de &#8220;On n&#8217;est pas couch\u00e9&#8221;; vid\u00e9o) :<\/strong> http:\/\/www.france2.fr\/emissions\/on-n-est-pas-couche\/videos\/magyd_cherfi_zebda_-_on_nest_pas_couche_29_octobre_2016_onpc_29-10-2016_1335361?onglet=tous&#038;page=1<\/p>\n<p>-Pour \u00e9voquer Fran\u00e7ois Mitterrand, Guillaume Erner re\u00e7oit Pierre Joxe, son ancien ministre et le philosophe Jean-Claude Monod, chercheur au CNRS (sons) : https:\/\/www.franceculture.fr\/emissions\/linvite-des-matins-2eme-partie\/rencontre-avec-brita-hagi-hasan-le-maire-dalep-ville                                                                                                                                                           https:\/\/www.franceculture.fr\/emissions\/linvite-des-matins-2eme-partie\/fonction-presidentielle-francois-mitterrand-est-il-un<\/p>\n<p>-&#8220;Le Cr\u00e9puscule de la France d&#8217;en haut&#8221; (le g\u00e9ographe Christophe Guilluy, re\u00e7u par Yves Calvi; vid\u00e9o, amener le curseur sur 1:06:40) : http:\/\/www.lci.fr\/replay\/replay-calvi-24-heures-en-questions-du-28-octobre-2016-valls-s-eloigne-d-hollande-2010033.html<\/p>\n<p>-&#8220;Pop Up&#8221;, l&#8217;\u00e9mission culturelle d&#8217;Audrey Pulvar (vid\u00e9o) :<br \/>\nhttp:\/\/www.c8.fr\/c8-docs-mags\/pid8654-c8-pop-up.html?vid=1422014 <\/p>\n<p><strong>-Jusqu&#8217;au 12 f\u00e9vrier 2017, au &#8220;Mus\u00e9e les Arts d\u00e9coratifs&#8221;, &#8220;Jean Nouvel, mes meubles d&#8217;architecte. Sens et essence&#8221; (un entretien avec Laure Adler; son) : <\/strong> https:\/\/www.franceinter.fr\/emissions\/l-heure-bleue\/l-heure-bleue-28-octobre-2016<\/p>\n<p>-Jusqu&#8217;au 16 janvier 2017, au Centre Pompidou-Metz, la r\u00e9trospective &#8220;Oskar Schlemmer, l&#8217;homme qui danse&#8221; (vid\u00e9o) : http:\/\/culturebox.francetvinfo.fr\/expositions\/rare-retrospective-d-oskar-schlemmer-au-centre-pompidou-metz-248067#xtor=EREC<\/p>\n<p><strong>-&#8220;Cette collection a subi les grandes turbulences de l&#8217;histoire&#8221; (Anne Baldassari, commissaire g\u00e9n\u00e9rale de l&#8217;exposition Sergue\u00ef Chtchoukine \u00e0 la Fondation Louis Vuitton; interrog\u00e9e par Florence Cohen; son) <\/strong> : http:\/\/www.rtl.fr\/culture\/arts-spectacles\/serguei-chtchoukine-des-1898-il-a-cree-une-collection-d-art-contemporain-francais-7785514937<\/p>\n<p><strong>-&#8220;Sergue\u00ef Chtchoukine, le roman d&#8217;un collectionneur&#8221; (un documentaire de Tania Rakhmanova; vid\u00e9o)<\/strong> : http:\/\/www.arte.tv\/guide\/fr\/066364-000-A\/serguei-chtchoukine-le-roman-d-un-collectionneur?country=FR<\/p>\n<p>-Au Mus\u00e9e &#8220;Art ludique&#8221; \u00e0 Paris, jusqu&#8217;au 5 mars 2017, l&#8217;\u00e9volution des techniques de Disney (Jean-Fran\u00e7ois Lixon; vid\u00e9o) : http:\/\/culturebox.francetvinfo.fr\/cinema\/l-evolution-des-techniques-de-disney-une-exposition-au-musee-art-ludique-248069#xtor=EREC<\/p>\n<p>-Pour le 35e anniversaire de sa disparition, 16 com\u00e9diens rendent hommage \u00e0 Georges Brassens (Jean-Fran\u00e7ois Lixon; vid\u00e9os) : http:\/\/culturebox.francetvinfo.fr\/musique\/chanson-francaise\/brassens-sur-paroles-l-hommage-de-16-comediens-au-poete-setois-248063#xtor=EREC<\/p>\n<p>-V\u00e9ronique Sanson sort un nouvel album (vid\u00e9o) : http:\/\/www.francetvinfo.fr\/culture\/musique\/musique-veronique-sanson-sort-un-nouvel-album_1896073.html<\/p>\n<p>-Patricia Kaas aussi (vid\u00e9o) : http:\/\/www.france2.fr\/emissions\/on-n-est-pas-couche\/videos\/patricia_kaas_-_on_nest_pas_couche_29_octobre_2016_onpc_29-10-2016_1335353?onglet=tous&#038;page=1<\/p>\n<p>-&#8220;Six pi\u00e8ces de th\u00e9\u00e2tre que &#8220;T\u00e9l\u00e9rama&#8221; conseille de ne pas aller voir&#8221; (Fabienne Pascaud et Mich\u00e8le Bourcet) : http:\/\/www.telerama.fr\/sortir\/flop-7-pieces-de-theatre-qu-on-vous-conseille-de-ne-pas-aller-voir,149339.php#xtor=EPR<\/p>\n<p>-Au th\u00e9\u00e2tre des &#8220;Bouffes parisiens&#8221;, Kad Merad et Niels Arestrup jouent &#8220;Acting&#8221; (vid\u00e9o) : http:\/\/www.lci.fr\/culture\/jt-we-theatre-kad-merad-le-detenu-qui-revait-d-etre-acteur-2010140.html<\/p>\n<p>-&#8220;Clap de fin pour le mus\u00e9e Louis de Fun\u00e8s&#8221; (Sophie Rahal; vid\u00e9o) : http:\/\/www.telerama.fr\/scenes\/clap-de-fin-provisoire-pour-le-musee-louis-de-funes,149360.php#xtor=EPR<\/p>\n<p>-Affluence avant sa fermeture (vid\u00e9o) : http:\/\/www.francetvinfo.fr\/culture\/cinema\/musee-louis-de-funes-affluence-de-visiteurs-avant-la-fermeture-de-demain_1895869.html<\/p>\n<p><strong>-Le cirque tsigane Roman\u00e8s de retour \u00e0 Paris. &#8220;La meilleure aide pour les migrants serait d&#8217;arr\u00eater de faire la guerre&#8221; (Alexandre Roman\u00e8s, invit\u00e9 d&#8217;Emmanuel Faux; son, amener le curseur sur 21:36) :<\/strong> http:\/\/www.europe1.fr\/emissions\/c-est-arrive-cette-semaine\/cest-arrive-cette-semaine-291016-2885627<\/p>\n<p>-&#8220;Pour autant que ce soit possible&#8221;, Bob Dylan ira chercher son prix Nobel de litt\u00e9rature \u00e0 Stockholm : http:\/\/www.lemonde.fr\/prix-nobel\/article\/2016\/10\/29\/bob-dylan-accepte-de-recevoir-son-prix-nobel-de-litterature_5022281_1772031.html<\/p>\n<p><strong>-En 1966, Jean-Paul Sartre le refusait (&#8220;Affaires sensibles&#8221; de Fabrice Drouelle, avec pour invit\u00e9, le professeur de philosophie en kh\u00e2gne au lyc\u00e9e Henri IV, Kadi Rizh; son) <\/strong> : https:\/\/www.franceinter.fr\/emissions\/affaires-sensibles\/affaires-sensibles-28-octobre-2016<\/p>\n<p><em>-Les Fran\u00e7ais et la lecture (BVA) :<\/em> http:\/\/www.bva.fr\/fr\/sondages\/observatoire_de_la_vie_quotidienne_-_les_francais_et_la_lecture.html<\/p>\n<p>-&#8220;Lil&#8217;Buck, splendide anomalie de la danse hip-hop&#8221; (Rosita Boisseau; vid\u00e9os) : http:\/\/www.telerama.fr\/sortir\/lil-buck-splendide-anomalie-de-la-danse-hip-hop,149354.php#xtor=EPR<\/p>\n<p>-&#8220;Pourquoi veut-on cantonner les filles au rose ?&#8221; (le documentaire de C\u00e9cile Denjean ici pendant quatre jours) : http:\/\/television.telerama.fr\/television\/regardez-un-documentaire-princesses-pop-stars-girl-power,149356.php#xtor=EPR<\/p>\n<p>-&#8220;Jahria, une vie en enfer&#8221; ou une certaine vision de l&#8217;apocalypse (Christine Chaumeau) : http:\/\/television.telerama.fr\/television\/jharia-une-vie-en-enfer-ou-une-certaine-vision-de-l-apocalypse,149129.php#xtor=EPR<\/p>\n<p><strong>-Le documentaire de Jean Dubrel et Tiane Doan na Champassak sur cette r\u00e9gion de l&#8217;Inde. Il a re\u00e7u le prix Olivier Quemener-RSF au &#8220;Figra 2016&#8221; (vid\u00e9o pendant 5 jours) <\/strong> : http:\/\/pluzz.francetv.fr\/videos\/jharia_une_vie_en_enfer.html<\/p>\n<p>-&#8220;Je pr\u00e9f\u00e8re le mot authenticit\u00e9 au mot r\u00e9alisme&#8221; (Ken Loach s&#8217;entretient avec Olivia Gesbert; son) : https:\/\/www.franceculture.fr\/emissions\/la-grande-table-1ere-partie\/ken-loach-je-prefere-le-mot-authenticite-au-mot-realisme<\/p>\n<p>-&#8220;Sport et cin\u00e9ma&#8221;, un livre de Julien et G\u00e9rard Camy (Laurent Delmas; son et vid\u00e9o) : https:\/\/www.franceinter.fr\/emissions\/la-prescription-cinema-de-laurent-delmas\/la-prescription-cinema-de-laurent-delmas-29-octobre-2016<\/p>\n<p><strong>-Christine Masson et Laurent Delmas re\u00e7oivent Oliver Stone, r\u00e9alisateur de &#8220;Snowden&#8221; et le journaliste au &#8220;Monde&#8221; Jacques Follorou (son) : <\/strong> https:\/\/www.franceinter.fr\/emissions\/on-aura-tout-vu\/on-aura-tout-vu-29-octobre-2016<\/p>\n<p>-&#8220;Le terrorisme sert d&#8217;excuse \u00e0 une surveillance de masse&#8221; (propos recueillis par Pierre de Gasquet) : http:\/\/www.lesechos.fr\/week-end\/culture\/spectacles\/0211431333794-oliver-stone-le-terrorisme-sert-dexcuse-a-la-surveillance-de-masse-2038657.php#xtor=EPR<\/p>\n<p>-&#8220;R\u00e9parer les vivants&#8221;, le film de Katell Quill\u00e9v\u00e9r\u00e9, avec Emmanuelle Seigner et Tahar Rahim (vid\u00e9o) :  http:\/\/www.francetvinfo.fr\/culture\/cinema\/cinema-reparer-les-vivants_1896061.html<\/p>\n<p>-Dix sites Web innovants pour suivre diff\u00e9remment l&#8217;\u00e9lection am\u00e9ricaine (Romain Jeanticou) : http:\/\/www.telerama.fr\/medias\/dix-sites-web-innovants-pour-suivre-differemment-l-election-americaine,149352.php#xtor=EPR<\/p>\n<p><strong>-A 64 ans, \u00e0 Saint-Germain-des-Pr\u00e8s, Ali Akbar, le dernier vendeur de journaux \u00e0 la cri\u00e9e parisien (Laura Daniel) <\/strong> : http:\/\/www.telerama.fr\/sortir\/le-saviez-vous-a-paris-il-existe-encore-un-vendeur-de-journaux-a-la-criee,149282.php#xtor=EPR<\/p>\n<p>-&#8220;Un journaliste poursuivi et interdit de s\u00e9jour \u00e0 Calais&#8221; http:\/\/www.lemonde.fr\/police-justice\/article\/2016\/10\/29\/un-journaliste-poursuivi-et-interdit-de-sejour-dans-la-jungle-de-calais_5022342_1653578.html<\/p>\n<p>-&#8220;Lactalis veut le beurre et l&#8217;argent du beurre mais pas les critiques &#8220;d&#8217;Envoy\u00e9 Sp\u00e9cial&#8221; (Thomas B\u00e9card) :  http:\/\/television.telerama.fr\/television\/lactalis-veut-le-beurre-et-l-argent-du-beurre-mais-pas-les-critiques-d-envoye-special,149361.php#xtor=EPR-<\/p>\n<p><strong>-Le reportage censur\u00e9 \u00e0 revoir ici (vid\u00e9o) <\/strong> : https:\/\/www.youtube.com\/watch?v=sUzJJXS5u5A<\/p>\n<p>-Apr\u00e8s 13 jours de gr\u00e8ve, la crise continue \u00e0 i-T\u00e9l\u00e9 (Alexandra Ackoun; son) : https:\/\/www.franceinter.fr\/emissions\/regard-sur-les-medias\/regard-sur-les-medias-29-octobre-2016<\/p>\n<p><strong>-Ce qu&#8217;en pense la ministre de la Culture, en r\u00e9ponse \u00e0 une question du s\u00e9nateur PS de Paris David Assouline (vid\u00e9o, amener le curseur sur 40:10) <\/strong> :                                                            http:\/\/www.francetvinfo.fr\/replay-magazine\/france-3\/questions-au-gouvernement\/questions-au-gouvernement-du-jeudi-27-octobre-2016_1881561.html<\/p>\n<p>-&#8220;Les experts bidons dans les m\u00e9dias&#8221; (Pascal Boniface, directeur de l&#8217;Iris; propos recueillis par Salma Dahir) : http:\/\/blog.francetvinfo.fr\/trappyblog\/2016\/10\/29\/pascal-boniface-punchlineur-intellectuel-de-mantes-la-jolie-un-fosse-se-creuse-entre-le-peuple-et-leurs-representants-dans-les-medias.html<\/p>\n<p><strong>-Yvan Le Bolloc&#8217;h et Bruno Solo, invit\u00e9s de Catherine Ceylac (vid\u00e9o) : <\/strong> http:\/\/www.france2.fr\/emissions\/the-ou-cafe\/videos\/replay_-_the_ou_cafe_29-10-2016_1335039<\/p>\n<p>-Des pains au chocolat \u00e0 15 centimes d&#8217;euro (vid\u00e9o) : http:\/\/www.bfmtv.com\/mediaplayer\/video\/ce-boulanger-a-cree-des-pains-au-chocolat-jean-francois-cope-a-15-centimes-879725.html#?xtor=EPR<\/p>\n<p>-Il y a cinq ans mourrait Robert Lamoureux (vid\u00e9o de l&#8217;Ina) : https:\/\/www.ina.fr\/video\/I15328051\/robert-lamoureux-papa-maman-la-bonne-et-moi-video.html<\/p>\n<p>-&#8220;L&#8217;aile ou la cuisse&#8221; (Louis de Fun\u00e8s; vid\u00e9o de l&#8217;Ina) : http:\/\/www.ina.fr\/video\/I13052058\/louis-de-funes-a-propos-de-l-aile-ou-la-cuisse-video.html<\/p>\n<p><strong>-&#8220;Stranger Jean-Pierre&#8221;, le Journal t\u00e9l\u00e9vis\u00e9 de Jean-Pierre Pernaut, pass\u00e9 \u00e0 la moulinette de Yann Barth\u00e8s dans &#8220;Quotidien&#8221; (vid\u00e9o; amener le curseur sur 20:42)<\/strong> : http:\/\/www.tf1.fr\/tmc\/quotidien-avec-yann-barthes\/videos\/quotidien-deuxieme-partie-28-octobre-2016-1.html<\/p>\n<p>-Passe d&#8217;armes entre Yann Moix et Nicolas Bedos chez Laurent Ruquier (vid\u00e9o) :   http:\/\/www.lci.fr\/tele\/video-onpc-nicolas-bedos-et-yann-moix-se-prennent-la-tete-sur-l-affaire-baupin-2010198.html<\/p>\n<p>-Mamie fait un &#8220;Paquito&#8221; dans le TGV (vid\u00e9o) : https:\/\/www.youtube.com\/watch?time_continue=18&#038;v=-P0EjvaTGnk<\/p>\n<p>-Le bestof de St\u00e9phane Guillon (vid\u00e9o) : http:\/\/www.c8.fr\/c8-divertissement\/ms-salut-les-terriens\/pid7535-extraits.html?vid=1422196<\/p>\n<p><strong>-Face \u00e0 Fran\u00e7ois Fillon, Charline Vanhoenacker allume un cierge (vid\u00e9o) : <\/strong> http:\/\/www.francetvinfo.fr\/politique\/les-republicains\/primaire-de-la-droite\/video-l-emission-politique-charline-vanhoenacker-allume-un-cierge-pour-francois-fillon_1892969.html <\/p>\n","protected":false},"excerpt":{"rendered":"<p>PAS DE REVUE DEMAIN MARDI ACTUALITE -&#8220;Il y a une certaine baisse du taux de ch\u00f4mage mais ce n&#8217;est pas encore le grand mouvement de baisse&#8221; (Henri Sterdyniak de l&#8217;OFCE, membre des &#8220;Economistes atterr\u00e9s&#8221;; interrog\u00e9 par Emmanuel Faux; son, amener le curseur sur 1:06) : http:\/\/www.europe1.fr\/emissions\/c-est-arrive-cette-semaine\/cest-arrive-cette-semaine-291016-2885627 -A Alen\u00e7on, l&#8217;EPIDE accueille des jeunes sortis du syst\u00e8me [&hellip;]<\/p>\n","protected":false},"author":1042,"featured_media":0,"comment_status":"open","ping_status":"open","sticky":false,"template":"","format":"standard","meta":{"_themeisle_gutenberg_block_has_review":false,"footnotes":""},"categories":[151],"tags":[],"class_list":["post-9964","post","type-post","status-publish","format-standard","hentry","category-la-revue-de-presse-de-lulu"],"_links":{"self":[{"href":"https:\/\/archives.regards.fr\/index.php?rest_route=\/wp\/v2\/posts\/9964","targetHints":{"allow":["GET"]}}],"collection":[{"href":"https:\/\/archives.regards.fr\/index.php?rest_route=\/wp\/v2\/posts"}],"about":[{"href":"https:\/\/archives.regards.fr\/index.php?rest_route=\/wp\/v2\/types\/post"}],"author":[{"embeddable":true,"href":"https:\/\/archives.regards.fr\/index.php?rest_route=\/wp\/v2\/users\/1042"}],"replies":[{"embeddable":true,"href":"https:\/\/archives.regards.fr\/index.php?rest_route=%2Fwp%2Fv2%2Fcomments&post=9964"}],"version-history":[{"count":0,"href":"https:\/\/archives.regards.fr\/index.php?rest_route=\/wp\/v2\/posts\/9964\/revisions"}],"wp:attachment":[{"href":"https:\/\/archives.regards.fr\/index.php?rest_route=%2Fwp%2Fv2%2Fmedia&parent=9964"}],"wp:term":[{"taxonomy":"category","embeddable":true,"href":"https:\/\/archives.regards.fr\/index.php?rest_route=%2Fwp%2Fv2%2Fcategories&post=9964"},{"taxonomy":"post_tag","embeddable":true,"href":"https:\/\/archives.regards.fr\/index.php?rest_route=%2Fwp%2Fv2%2Ftags&post=9964"}],"curies":[{"name":"wp","href":"https:\/\/api.w.org\/{rel}","templated":true}]}}