{"id":9962,"date":"2016-10-29T07:00:28","date_gmt":"2016-10-29T05:00:28","guid":{"rendered":"https:\/\/wp.muchomaas.com\/article-la-revue-du-29-octobre-2016\/"},"modified":"2016-10-29T07:00:28","modified_gmt":"2016-10-29T05:00:28","slug":"article-la-revue-du-29-octobre-2016","status":"publish","type":"post","link":"https:\/\/archives.regards.fr\/?p=9962","title":{"rendered":"La Revue du 29 octobre 2016"},"content":{"rendered":"<p><strong>ACTUALITE<\/strong><\/p>\n<p><strong>-&#8220;Liquidation totale&#8221;, la lutte des Sansonite France (un documentaire de H\u00e9l\u00e8ne Desplanques; vid\u00e9o \u00e0 voir ici jusqu&#8217;\u00e0 dimanche minuit) <\/strong> :                                                                               http:\/\/television.telerama.fr\/television\/a-voir-sur-telerama-fr-le-debut-de-la-lutte-des-samsonite-liquidation-totale,149273.php<\/p>\n<p>-Le PIB a progress\u00e9 de 0,2% au troisi\u00e8me trimestre, moins que ce pr\u00e9voyait la Banque de France (Claude Fouquet) :                                                                                                                        http:\/\/www.lesechos.fr\/economie-france\/conjoncture\/0211440946782-france-le-pib-a-progresse-de-02-au-troisieme-trimestre-2038676.php<\/p>\n<p><em>-La note de l&#8217;INSEE <\/em> : http:\/\/www.insee.fr\/fr\/themes\/info-rapide.asp?id=123&#038;date=20161028<\/p>\n<p>-&#8220;La France reste sur une tendance de croissance faible&#8221; (Fran\u00e7ois Lenglet; vid\u00e9o) : http:\/\/www.rtl.fr\/actu\/societe-faits-divers\/la-france-reste-sur-une-tendance-de-croissance-faible-7785487031<\/p>\n<p>-&#8220;On ne sait pas trop si c&#8217;est positif ou n\u00e9gatif, on est dans la marge d&#8217;erreur&#8221; (l&#8217;\u00e9conomiste Philippe Crevel; son) :                                                                                                                                              http:\/\/www.rtl.fr\/actu\/societe-faits-divers\/il-peut-y-avoir-une-correction-du-chiffre-de-la-croissance-previent-philippe-crevel-7785492281<\/p>\n<p><em>-L&#8217;\u00e9volution des prix agricoles<\/em> : http:\/\/www.insee.fr\/fr\/themes\/info-rapide.asp?id=80&#038;date=20161027<\/p>\n<p>-&#8220;Avec nos 13 priorit\u00e9s, l&#8217;artisanat pourrait cr\u00e9er des centaines de milliers d&#8217;emplois. Nous manquons cruellement d&#8217;emplois qualifi\u00e9s&#8221; (Jean-Pierre Crouzet, pr\u00e9sident de l&#8217;Union professionnelle artisanale, interrog\u00e9 par Baptiste Gaborit; vid\u00e9o) :                                                                                                                                                                                                                                  http:\/\/www.dailymotion.com\/video\/x4zhk1m_avec-nos-13-priorites-l-artisanat-pourra-creer-des-centaines-de-milliers-d-emplois-jean-pierre-crou_news<\/p>\n<p>-Une ferme de mille vaches dans le Cher ? (Alain Bourdin, maire de la commune de Saint George sur Moulon; son) :                                                                                                                              http:\/\/www.sudradio.fr\/Podcasts\/L-invite-pour-comprendre\/Alain-Bardin-maire-de-Saint-George-sur-Moulon<\/p>\n<p>-La plan\u00e8te revisit\u00e9e en Nouvelle Cal\u00e9donie (son) : http:\/\/www.radioclassique.fr\/player\/progaction\/iniPlayer\/podcast\/3-minutes-pour-la-planete-2016-10-28-06-47-00.html<\/p>\n<p><strong>-&#8220;Si on continue comme \u00e7a, on va dans le mal-\u00eatre, dans la mis\u00e8re collective&#8221; (Isabelle Autissier, invit\u00e9e de Jean-Jacques Bourdin; vid\u00e9o) <\/strong> :                                                                                      http:\/\/rmc.bfmtv.com\/mediaplayer\/video\/isabelle-autissier-on-va-dans-le-mal-etre-dans-la-misere-collective-880247.html<\/p>\n<p>-&#8220;Vers un nucl\u00e9ogate fran\u00e7ais ?&#8221; (Benjamin Dessus et Bernard Laponche) :                                                                                                                                                                                            https:\/\/blogs.mediapart.fr\/benjamin-dessus\/blog\/281016\/vers-un-nucleogate-francais?utm_source=global&#038;utm_medium=social&#038;utm_campaign=SharingApp&#038;xtor=CS3-5<\/p>\n<p>-A Paris, chez McDonald&#8217;s, pour de meilleurs salaires : http:\/\/france3-regions.francetvinfo.fr\/paris-ile-de-france\/paris\/blocages-plusieurs-mcdonald-s-paris-demander-meilleurs-salaires-1117319.html<\/p>\n<p>&#8211;<strong>&#8220;Mc Do, rends le magot !&#8221; (Arthur Porto)<\/strong> :                                                                                                                                                                                                                                                  https:\/\/blogs.mediapart.fr\/arthur-porto\/blog\/281016\/mcdo-rends-le-magot?utm_source<\/p>\n<p><strong>-Le passage \u00e0 l&#8217;heure d&#8217;hiver, &#8220;ce qui compte, c&#8217;est le moment o\u00f9 on s&#8217;endort. C&#8217;est l&#8217;horloge biologique qui r\u00e8gle le rythme. Chacun a des besoins diff\u00e9rents. Le sommeil est devenu un probl\u00e8me de sant\u00e9 publique aujourd&#8217;hui&#8221; (Jo\u00eblle Adrien, neurobiologiste, directrice de recherche \u00e0 l&#8217;Inserm; interrog\u00e9e par Dimitri Pavlenko; son) :  <\/strong>                                                                   http:\/\/www.sudradio.fr\/Podcasts\/L-invite-pour-comprendre\/Joelle-Adrien-neurobiologiste-et-directrice-de-recherche-a-l-Inserm<\/p>\n<p>-&#8220;Des retomb\u00e9es \u00e9conomiques colossales g\u00e9n\u00e9r\u00e9es par le Vend\u00e9e Globe&#8221; (vid\u00e9o) : http:\/\/nr.news-republic.com\/Web\/ArticleWeb.aspx?regionid=2&#038;articleid=76224404<\/p>\n<p><strong>-&#8220;Banlieusards et fiers de l&#8217;\u00eatre&#8221;, du 4 au 20 novembre \u00e0 Villeneuve-Saint-Georges (94), le premier &#8220;Festival de la Banlieue&#8221; <\/strong> :                                                                                                               https:\/\/www.villeneuve-saint-georges.fr\/l-actu-a-villeneuve\/670-festival-de-la-banlieue.html<\/p>\n<p>-Le 13 novembre prochain, la ville de Paris rendra hommage aux victimes des attentats : http:\/\/france3-regions.francetvinfo.fr\/paris-ile-de-france\/paris\/ville-paris-rendra-hommage-aux-victimes-attentats-13-novembre-2016-1116223.html#xtor=EPR<\/p>\n<p><strong>-&#8220;L&#8217;engagement solidaire du monde des cuisines et de la restauration&#8221; (Yolaine de la Bigne; son) : <\/strong> http:\/\/www.sudradio.fr\/Podcasts\/Quelle-epoque-ethique\/Engagement-et-generosite-en-cuisine<\/p>\n<p>-Le maire FN de Hayange (57) a coup\u00e9 les vivres au Secours Populaire (Joan Mo\u00efse) : http:\/\/www.republicain-lorrain.fr\/edition-de-thionville-hayange\/2016\/10\/27\/secours-populaire-a-hayange-la-debrouille<\/p>\n<p>-A Calais, &#8220;la centaine de naufrag\u00e9s du d\u00e9mant\u00e8lement est d\u00e9sempar\u00e9e&#8221; (Maryline Baumard; diaporama et vid\u00e9o) :                                                                                                                             http:\/\/www.lemonde.fr\/societe\/article\/2016\/10\/28\/calais-une-centaine-de-naufrages-du-demantelement-dort-dans-l-ecole-et-la-mosquee_5021708_3224.html      <\/p>\n<p>-&#8220;Mille migrants de Calais arriv\u00e9s \u00e0 Paris en deux jours&#8221; (vid\u00e9o) :    http:\/\/rmc.bfmtv.com\/mediaplayer\/video\/1-000-migrants-de-calais-arrives-a-paris-en-2-jours-880279.html<\/p>\n<p><strong>-&#8220;L&#8217;\u00e9vacuation ne fait que d\u00e9placer un probl\u00e8me ancien. La situation des r\u00e9fugi\u00e9s me fend le coeur&#8221; (Xavier Emmanuelli, fondateur de M\u00e9decins sans Fronti\u00e8res et du Samu social \u00e0 Paris; cit\u00e9 par Vincent Marcel; vid\u00e9o) :<\/strong> http:\/\/www.publicsenat.fr\/lcp\/politique\/xavier-emmanuelli-propos-l-evacuation-jungle-calais-situation-des-refugies-me-fend-coe<\/p>\n<p>-Une nuit avec le Samu social (vid\u00e9o) : http:\/\/www.francetvinfo.fr\/economie\/crise\/paris-une-nuit-avec-le-samu-social_1894211.html<\/p>\n<p>-La multiplication des agressions de m\u00e9decins (son) : http:\/\/www.sudradio.fr\/Podcasts\/Les-reportages-de-la-matinee\/Medecins-agresses<\/p>\n<p>-Le Parti socialiste sanctionn\u00e9 pour &#8220;de graves d\u00e9fauts&#8221; de s\u00e9curit\u00e9 des donn\u00e9es personnelles (Martin Untersinger et Damien Leloup) :                                                                              http:\/\/www.lemonde.fr\/pixels\/article\/2016\/10\/27\/donnees-personnelles-le-parti-socialiste-sanctionne-pour-de-graves-defauts-de-securite_5021668_4408996.html<\/p>\n<p>-De lourdes amendes pour douze entreprises, dont Unilever et l&#8217;Or\u00e9al, pour ententes entre fabricants :                                                                                                                                                   http:\/\/www.lemonde.fr\/entreprises\/article\/2016\/10\/27\/produits-d-hygiene-amende-record-pour-entente-entre-fabricants_5021698_1656994.html<\/p>\n<p>-Le premier bilan d&#8217;application de la loi sur la prostitution. &#8220;Le processus ne fonctionne pas&#8221; (Aur\u00e9lien Beaucamp, de l&#8217;Association &#8220;Aides&#8221;; invit\u00e9 de Dimitri Pavlenko; son) :                        http:\/\/www.sudradio.fr\/Podcasts\/L-invite-pour-comprendre\/Aurelien-Beaucamp-president-de-l-Association-Aides2<\/p>\n<p>-Arrestation \u00e0 Paris de la star marocaine Saad Lamjarred (vid\u00e9o) :                                                                                                                                                                                                http:\/\/culturebox.francetvinfo.fr\/musique\/pop\/arrestation-a-paris-de-la-star-marocaine-saad-lamjarred-emotion-a-rabat-248019#xtor=EREC<\/p>\n<p>-La col\u00e8re des policiers continue (vid\u00e9o) : http:\/\/www.francetvinfo.fr\/societe\/manifestation-des-policiers\/police-la-grogne-continue_1892639.html#xtor=EPR<\/p>\n<p><strong>POLITIQUE<\/strong><\/p>\n<p>-&#8220;Fran\u00e7ois Hollande a mis des milliards d&#8217;argent public pour essayer d&#8217;inverser la courbe du ch\u00f4mage. C&#8217;est un peu cher pay\u00e9, alors que personne ne veut de lui. Les Wallons ont fait trembler l&#8217;oligarchie internationale. Je me reconnais plus dans Philippe Poutou que dans Jean-Luc M\u00e9lenchon. Vous ne me ferez pas dire du mal de lui&#8221; (Olivier Besancenot, porte-parole du NPA; vid\u00e9o) :               http:\/\/www.france2.fr\/emissions\/telematin\/actu\/les-4-verites-olivier-besancenot_519447<\/p>\n<p><strong>-S&#8217;il y a \u00e9vacuation de la Zad Notre-Dame-des-Landes, &#8220;je serai l\u00e0 pour d\u00e9sob\u00e9ir. Je ne peux voter ni pour Nicolas Sarkozy, ni pour Marine Le Pen. Je peux m&#8217;abstenir ou voter blanc&#8221; (No\u00ebl Mam\u00e8re, d\u00e9put\u00e9 \u00e9cologiste de la Gironde; invit\u00e9 de la matinale de Franceinfo; vid\u00e9o) <\/strong> :                                                                                                                                                           http:\/\/www.dailymotion.com\/video\/x4zhn9w_evacuation-de-la-zad-de-notre-dame-des-landes-noel-mamere-sera-la-pour-desobeir_news    <\/p>\n<p>-&#8220;Je ne veux pas que mon pays devienne un Far-West comme les Etat-Unis o\u00f9 les uns et les autres finissent par se tirer dessus. Je n&#8217;ai pas du tout appr\u00e9ci\u00e9 ces manifestations de policiers devant les tribunaux&#8221; (Yannick Jadot, eurod\u00e9put\u00e9, candidat \u00e0 la primaire \u00e9cologiste; invit\u00e9 de &#8220;Territoires d&#8217;Infos&#8221;; vid\u00e9o, amener le curseur sur 33:05) :                                                                                  http:\/\/www.sudradio.fr\/Politique\/L-interview-politique\/Yannick-Jadot-contre-une-reforme-de-la-legitime-defense-des-policiers<\/p>\n<p>-Le d\u00e9bat Rivasi-Jadot en cinq phrases (vid\u00e9o) : http:\/\/www.dailymotion.com\/video\/x4zi9ij_le-debat-rivasi-jadot-en-cinq-phrases_news<\/p>\n<p><strong>-Marie-No\u00eblle Lienemann, s\u00e9natrice PS de Paris, &#8220;n&#8217;exclut pas qu&#8217;il y ait des convergences avec Beno\u00eet Hamon et Arnaud Montebourg, d\u00e8s le premier tour de la primaire&#8221; (vid\u00e9o) :  <\/strong>                 http:\/\/www.lcp.fr\/la-politique-en-video\/primaire-gauche-lienemann-ps-prete-des-convergences-des-le-1er-tour<\/p>\n<p>-Elle \u00e9tait interrog\u00e9e par Brigitte Boucher dans &#8220;Politique Matin&#8221; (vid\u00e9o, amener le curseur sur 30:05) : http:\/\/www.lcp.fr\/la-politique-en-video\/primaire-gauche-lienemann-ps-prete-des-convergences-des-le-1er-tour<\/p>\n<p>-&#8220;Vous connaissez la capacit\u00e9 de Fran\u00e7ois Hollande \u00e0 rebondir&#8221; (la secr\u00e9taire d&#8217;Etat H\u00e9l\u00e8ne Geoffroy, interrog\u00e9e par Fr\u00e9d\u00e9ric Rivi\u00e8re; vid\u00e9o) :                                                                                          http:\/\/www.rfi.fr\/video\/20161028-helene-geoffroy-secretaire-etat-vous-connaissez-capacite-f-hollande-rebondir<\/p>\n<p><strong>-&#8220;Les femmes ont peu de mod\u00e8les auxquels s&#8217;identifier&#8221; (la ministre Laurence Rossignol qui fait le bilan de son action; vid\u00e9os) <\/strong> :                                                                                                        https:\/\/www.youtube.com\/watch?v=RHd4yMVnfGE                                                                                                                                                                                                                                                 https:\/\/www.youtube.com\/watch?v=q_f8V0X7DnE<\/p>\n<p>-&#8220;La croissance est l\u00e0. Fran\u00e7ois Hollande est le mieux \u00e0 m\u00eame de rassembler la gauche&#8221; (Michel Sapin, interrog\u00e9 par Elizabeth Martichoux; vid\u00e9os) :                                                                           http:\/\/www.rtl.fr\/actu\/politique\/la-croissance-est-la-commente-michel-sapin-7785486686<\/p>\n<p>-&#8220;Le gouvernement de Fran\u00e7ois Hollande a rat\u00e9 la croissance mondiale&#8221; (Christophe Barbier; vid\u00e9o) : http:\/\/www.bfmtv.com\/mediaplayer\/video\/l-edito-de-christophe-barbier-le-gouvernement-de-francois-hollande-a-rate-la-reprise-mondiale-880235.html<\/p>\n<p>-&#8220;Ce ne sont pas les sondeurs qui font les \u00e9lections, ce sont les Fran\u00e7ais. Pour la croissance, la France est le dernier de la classe et pour le ch\u00f4mage, on a chang\u00e9 le mode de calcul. Le bilan de Fran\u00e7ois Hollande est connu&#8221; (Thierry Sol\u00e8re, d\u00e9put\u00e9 LR des Hauts-de-Seine, organisateur de la primaire de la droite; interrog\u00e9 par Guillaume Durand; vid\u00e9o) :                                                                        http:\/\/www.dailymotion.com\/video\/x4zhiu4<\/p>\n<p>&#8211; En meeting dans le Var, Alain Jupp\u00e9 pr\u00f4ne &#8220;un Etat fort&#8221; (vid\u00e9o) : http:\/\/nr.news-republic.com\/Web\/ArticleWeb.aspx?regionid=2&#038;articleid=76214040<\/p>\n<p>-&#8220;Une strat\u00e9gie collective peut conduire Marine Le Pen \u00e0 choisir le moment de faire des annonces. On est tous derri\u00e8re elle. On respecte le chef, ailleurs, au sommet du pays, il n&#8217;y a plus de chef et de cap. Avant, ils faisaient semblant d&#8217;\u00eatre oppos\u00e9s avant le premier tour pour se retrouver au second. Cette fois, Nicolas Sarkozy annonce la couleur avant le premier tour, la preuve que c&#8217;est la m\u00eame chose. Des \u00e9lections payantes, on n&#8217;avait jamais vu cela&#8221; (Florian Philippot, eurod\u00e9put\u00e9 FN; face \u00e0 Jean-Jacques Bourdin; vid\u00e9o) : http:\/\/www.bfmtv.com\/mediaplayer\/video\/florian-philippot-face-a-jean-jacques-bourdin-en-direct-880245.html<\/p>\n<p>-Alain Jupp\u00e9 et Nicolas Sarkozy, ensemble \u00e0 Marseille, sans se croiser (son) :                                                                                                                                                                                 http:\/\/www.radioclassique.fr\/player\/progaction\/iniPlayer\/podcast\/ledito-politique-de-guillaume-tabard-2016-10-28-08-10-40.html<\/p>\n<p>-&#8220;Le ni-ni de Nicolas Sarkozy est-il encore d&#8217;actualit\u00e9 ?&#8221; (Laurent Neumann et Pascal Perri; vid\u00e9o) :                                                                                                                                                       http:\/\/rmc.bfmtv.com\/mediaplayer\/video\/perri-neumann-le-ni-ni-de-nicolas-sarkozy-est-il-encore-d-actualite-2810-880249.html<\/p>\n<p>-&#8220;Un remord tardif&#8221; pour le secr\u00e9taire d&#8217;Etat Thierry Mandon (vid\u00e9o) : http:\/\/www.lcp.fr\/la-politique-en-video\/pas-de-ni-ni-lelection-presidentielle-un-remord-tardif-de-sarkozy-pour-mandon<\/p>\n<p>-Qui trouve ridicule qu&#8217;il n&#8217;y ait toujours pas de wi-fi au minist\u00e8re de la Recherche (vid\u00e9o) : http:\/\/www.lcp.fr\/la-politique-en-video\/toujours-pas-de-wi-fi-au-ministere-de-la-recherche-est-ridicule-juge-mandon<\/p>\n<p>-Il \u00e9tait l&#8217;invit\u00e9 de &#8220;Parlement hebdo&#8221; (vid\u00e9o) : http:\/\/www.lcp.fr\/emissions\/parlement-hebdo\/280371-parlement-hebdo<\/p>\n<p>-&#8220;Sarkozy envers et contre tout&#8221; (vid\u00e9o) : http:\/\/www.bfmtv.com\/mediaplayer\/video\/sarkozy-envers-et-contre-tout-880201.html<\/p>\n<p>-&#8220;Se faire voler la primaire. S\u00e9lection n&#8217;est pas \u00e9lection&#8221; (Thomas Legrand; son) : https:\/\/www.franceinter.fr\/emissions\/l-edito-politique\/l-edito-politique-28-octobre-2016<\/p>\n<p>-&#8220;Fran\u00e7ois Fillon, travailleur mais trop s\u00e9rieux&#8221; (Yves Thr\u00e9ard du &#8220;Figaro&#8221;; vid\u00e9o) : http:\/\/www.europe1.fr\/emissions\/ledito-politique-dyves-threard\/francois-fillon-travailleur-mais-trop-serieux-2884754<\/p>\n<p>-&#8220;Marine Le Pen esp\u00e8re faire des l\u00e9gislatives le 3e Tour de la pr\u00e9sidentielle&#8221; (Benjamin Sportouch; son) :                                                                                                                                                          http:\/\/www.rtl.fr\/actu\/politique\/legislatives-2017-marine-le-pen-espere-en-faire-un-3e-tour-de-la-presidentielle-7785483271<\/p>\n<p><strong>-&#8220;Il y a toujours une surprise dans une \u00e9lection. On est entr\u00e9 dans une phase de cristallisation. Le match \u00e0 deux Jupp\u00e9-Sarkozy ne bouge pas, avec un \u00e9cart de 8 \u00e0 10 points. Le pronostic de victoire bascule pour Alain Jupp\u00e9 qui progresse aussi dans l&#8217;\u00e9lectorat des R\u00e9publicains&#8221;  (Bernard Sanan\u00e8s de l&#8217;Institut Elabe; son) <\/strong> :                                                                        http:\/\/www.radioclassique.fr\/player\/progaction\/iniPlayer\/podcast\/linvite-du-matin-2016-10-28-07-49-30.html<\/p>\n<p><strong>EUROPE-MONDE<\/strong><\/p>\n<p><strong>-Patrick Le Hyaric est intervenu au Parlement europ\u00e9en sur la situation des journalistes en Turquie (vid\u00e9o) <\/strong> :                                                                                                                                            http:\/\/www.patrick-le-hyaric.eu\/debat-au-parlement-europeen-sur-la-situation-des-journalistes-en-turquie\/<\/p>\n<p>-L&#8217;Union europ\u00e9enne en passe de solder son diff\u00e9rend avec Gazprom : http:\/\/www.euractiv.fr\/section\/energie\/news\/lue-en-passe-de-solder-son-differend-avec-gazprom\/?nl_ref=23723094<\/p>\n<p>-Les projets gaziers europ\u00e9ens sous le feu des critiques (Nicole Sagener) :                                                                                                                                                                                                   http:\/\/www.euractiv.fr\/section\/climat-environnement\/news\/parliaments-backing-of-fracked-gas-outrages-critics\/?nl_ref=23723094<\/p>\n<p><strong>-&#8220;Les pesticides trop pr\u00e9sents dans 6,5% des aliments import\u00e9s en Europe&#8221; <\/strong> :                                                                                                                                                                                          http:\/\/www.euractiv.fr\/section\/agriculture-alimentation\/news\/illegal-pesticide-contamination-of-food-imports-on-the-rise\/?nl_ref=23723094<\/p>\n<p><strong>-&#8220;Les pays europ\u00e9ens champions du d\u00e9tournement de l&#8217;aide au d\u00e9veloppement&#8221; <\/strong> : http:\/\/www.euractiv.fr\/section\/aide-au-developpement\/news\/ngos-censure-eu-countries-for-spending-foreign-aid-on-asylum-costs\/?nl_ref=23723094<\/p>\n<p>-&#8220;Il faut encore que le Parlement wallon approuve l&#8217;accord&#8221; (Hughes Beaudoin; son) : http:\/\/www.radioclassique.fr\/player\/progaction\/initPlayer\/podcast\/2016-10-27-19-08-00.html<\/p>\n<p>-C&#8217;est fait par 58 voix pour et 5 contre : http:\/\/www.lefigaro.fr\/flash-eco\/2016\/10\/28\/97002-20161028FILWWW00251-le-parlement-de-wallonie-vote-pour-l-accord-de-libre-echange-entre-le-canada-et-l-ue.php?een=<\/p>\n<p><strong>-Paul Magnette, ministre-pr\u00e9sident de la Wallonie \u00e9tait l&#8217;invit\u00e9 de Jean-Pierre Elkabbach (vid\u00e9o) <\/strong> :                                                                                                                                                      http:\/\/www.europe1.fr\/emissions\/l-interview-politique\/opposition-de-la-wallonie-au-ceta-paul-magnette-repond-aux-questions-de-jean-pierre-elkabbach-2884982<\/p>\n<p><strong>-L&#8217;accord sera sign\u00e9 demain dimanche<\/strong> : http:\/\/www.lemonde.fr\/europe\/article\/2016\/10\/28\/le-parlement-de-wallonie-donne-son-accord-a-la-signature-du-ceta_5022179_3214.html<\/p>\n<p>-Dimanche, l&#8217;\u00e9lection pr\u00e9sidentielle en Moldavie (vid\u00e9o) : http:\/\/nr.news-republic.com\/Web\/ArticleWeb.aspx?regionid=2&#038;articleid=76220992<\/p>\n<p><strong>-&#8220;Nous sommes radicaux, pas irresponsables&#8221; (deux membres fondateurs du Parti Pirate islandais; propos recueillis par Olivier Tesquet) : <\/strong> http:\/\/www.telerama.fr\/monde\/le-parti-pirate-islandais-nous-sommes-radicaux-pas-irresponsables,149362.php#xtor=EPR-<\/p>\n<p>-Moscou furieux apr\u00e8s le d\u00e9ploiement de l&#8217;Otan \u00e0 la fronti\u00e8re russe (vid\u00e9o) : http:\/\/nr.news-republic.com\/Web\/ArticleWeb.aspx?regionid=2&#038;articleid=76180352<\/p>\n<p>-Isra\u00ebl a d\u00e9but\u00e9 la construction d&#8217;un mur souterrain autour de Gaza : https:\/\/francais.rt.com\/international\/26104-srael-a-debute-construction-d<\/p>\n<p><strong>-&#8220;La Libye est devenue la plaque tournante d&#8217;un gigantesque trafic d&#8217;\u00eatre humains&#8221; (le photojournaliste mexicain Narciso Contreras, laur\u00e9at du prix &#8220;Carmignac 2016&#8221;, y a s\u00e9journ\u00e9 73 jours; propos recueillis par Raoul Mbog; diaporama) : <\/strong> http:\/\/www.telerama.fr\/scenes\/la-libye-est-devenue-la-plaque-tournante-d-un-gigantesque-trafic-d-etres-humains,149328.php<\/p>\n<p>-Le casse-t\u00eate de Rakka (Bernard Guetta; son) : https:\/\/www.franceinter.fr\/emissions\/geopolitique\/geopolitique-28-octobre-2016<\/p>\n<p>-&#8220;L&#8217;Afghane aux yeux verts&#8221; menac\u00e9e de prison au Pakistan (J\u00e9r\u00e9mie Maire) : http:\/\/www.telerama.fr\/monde\/l-afghane-aux-yeux-verts-menacee-de-prison-au-pakistan,149347.php#xtor=EPR<\/p>\n<p>-&#8220;Hillary Clinton et Michelle Obama font meeting commun&#8221; (vid\u00e9o) :<br \/>\n  http:\/\/www.francetvinfo.fr\/monde\/usa\/presidentielle\/presidentielle-americaine-le-duo-de-premieres-dames_1894445.html      <\/p>\n<p>-Le pr\u00e9sident v\u00e9n\u00e9zu\u00e9lien Nicolas Maduro a augment\u00e9 de 40% le salaire minimum, \u00e0 la veille d&#8217;une gr\u00e8ve g\u00e9n\u00e9rale :                                                                                                                     http:\/\/www.lemonde.fr\/ameriques\/article\/2016\/10\/27\/venezuela-maduro-augmente-de-40-le-salaire-minimal-a-la-veille-d-une-greve-generale_5021682_3222.html<\/p>\n<p><strong>-Son annonce (vid\u00e9o) <\/strong> : http:\/\/nr.news-republic.com\/Web\/ArticleWeb.aspx?regionid=2&#038;articleid=76221575<\/p>\n<p>-Les prix explosent (vid\u00e9o) : http:\/\/nr.news-republic.com\/Web\/ArticleWeb.aspx?regionid=2&#038;articleid=76203556<\/p>\n<p>-La Cour p\u00e9nale en crise apr\u00e8s les d\u00e9parts en cha\u00eene de pays africains :  http:\/\/www.lemonde.fr\/idees\/article\/2016\/10\/27\/le-reve-decu-de-la-cour-penale-internationale_5021357_3232.html<\/p>\n<p>-Le Burundi notifie formellement son retrait (vid\u00e9o) : http:\/\/nr.news-republic.com\/Web\/ArticleWeb.aspx?regionid=2&#038;articleid=76203556<\/p>\n<p><strong>-En Antarctique, un accord historique cr\u00e9e une zone interdite \u00e0 la p\u00eache (vid\u00e9os) :             <\/strong>                                                                                                                                                              http:\/\/www.francetvinfo.fr\/societe\/debats\/ocean-arctique-un-accord-historique-cree-une-zone-interdite-a-la-peche_1894473.html  http:\/\/www.francetvinfo.fr\/monde\/environnement\/antarctique-un-sanctuaire-marin-exceptionnel_1894665.html<\/p>\n<p><strong>-&#8220;Un vote honteux de la France \u00e0 l&#8217;ONU&#8221; (Paul Quil\u00e8s) <\/strong> : http:\/\/paul.quiles.over-blog.com\/2016\/10\/le-vote-negatif-de-la-france-a-l-onu.html<\/p>\n<p><strong>CULTURE-MEDIAS<\/strong><\/p>\n<p><strong>-&#8220;Marie Curie, le radium \u00e0 l&#8217;estomac&#8221; (un documentaire audio d&#8217;Olivier Chaumelle et Vincent Decque; son) <\/strong> :                                                                                                                             https:\/\/www.franceculture.fr\/emissions\/lsd-la-serie-documentaire\/quatre-femmes-de-science-44-marie-curie-le-radium-lestomac<\/p>\n<p>-La visite virtuelle du Mus\u00e9e Curie : http:\/\/musee.curie.fr\/decouvrir\/exposition-permanente\/visite-virtuelle<\/p>\n<p><strong>-&#8220;La d\u00e9mocratie n&#8217;est pas un r\u00e9gime, c&#8217;est une exigence, c&#8217;est \u00e0 dire que l&#8217;on doit bricoler. C&#8217;est difficile d&#8217;aller voter aujourd&#8217;hui&#8221; (Alexandre Lacroix, directeur de la r\u00e9daction de &#8220;Philosophie Magazine&#8221;; invit\u00e9 d&#8217;Ali Baddou; vid\u00e9o) : <\/strong> http:\/\/www.dailymotion.com\/video\/x4zh52t_alexandre-lacroix-la-democratie-n-est-pas-un-regime-c-est-une-exigence-c-est-a-dire-que-l-on-doit-br_news<\/p>\n<p><strong>-Une sociologue \u00e0 Notre-Dame-des-Landes (Sylvaine Bulle) <\/strong> :                                                                                                                                                                                                            https:\/\/blogs.mediapart.fr\/etapegrand-angle-libertaires\/blog\/281016\/une-sociologue-notre-dame-des-landes-une-experimentation-utopique?utm_source<\/p>\n<p><strong>-&#8220;Et si on refondait le minist\u00e8re de la Culture ? (Emmanuel Demarcy Mota, le directeur du Th\u00e9\u00e2tre de la Ville \u00e0 Paris et du Festival d&#8217;automne; Fabien Jannelle, auteur de &#8220;Pour une politique du spectacle vivant&#8221;; Emmanuel Wallon, professeur de sociologie politique et Bruno Monier, pr\u00e9sident de &#8220;Culturespaces&#8221;; propos recueillis par Jo\u00eblle Gayot) :   <\/strong>                                                              http:\/\/www.telerama.fr\/etats-genereux\/et-si-on-refondait-le-ministere-de-la-culture,149072.php<\/p>\n<p>-Dans &#8220;La travers\u00e9e de l&#8217;\u00e9t\u00e9&#8221;, quand Truman Capote racontait l&#8217;amour de deux jeunes issus de milieux tr\u00e8s diff\u00e9rents (Gilles Heur\u00e9) :                                                                                                 http:\/\/www.telerama.fr\/livre\/ou-truman-capote-confronte-deux-jeunesses-new-yorkaises,149346.php<\/p>\n<p><strong>-&#8220;En 2007, la France \u00e9tait tr\u00e8s moisie, elle m\u00e9ritait Sarkozy. Le d\u00e9bat, c&#8217;est la routine. Vous ne vous ennuyez pas vous ? C&#8217;est toujours \u00e0 Bordeaux que tout le monde va quand la France s&#8217;effondre&#8221; (Philippe Sollers, invit\u00e9 de la matinale de France Inter. Il r\u00e9pondait aux questions de Patrick Cohen et des auditeurs; vid\u00e9o et son) :   <\/strong>                                                   http:\/\/www.dailymotion.com\/video\/x4zhbkc_philippe-sollers-en-2007-la-france-etait-moisie-elle-meritait-sarkozy_news                                                                                                              https:\/\/www.franceinter.fr\/emissions\/interactiv\/interactiv-28-octobre-2016<\/p>\n<p>-&#8220;Quand on est romancier, on peut \u00eatre mille personnes&#8221; (Ad\u00e9la\u00efde de Clermont-Tonnerre, laur\u00e9ate du Grand prix du roman de l&#8217;Acad\u00e9mie fran\u00e7aise 2016; interrog\u00e9e par Thomas Sotto; vid\u00e9o) :     http:\/\/www.europe1.fr\/emissions\/l-interview-verite\/adelaide-de-clermont-tonnerre-quand-on-est-romancier-on-peut-etre-1000-personnes-2884958<\/p>\n<p>-Vladimir F\u00e9d\u00e9rovski, invit\u00e9 de &#8220;Passion Classique&#8221; d&#8217;Olivier Bellamy (son) : http:\/\/www.radioclassique.fr\/player\/progaction\/iniPlayer\/podcast\/pour-podcast-important-fcache-2016-10-27-18-03-56.html<\/p>\n<p>-Andr\u00e9 Dussolier annule toutes les repr\u00e9sentations de sa pi\u00e8ce &#8220;Novecento&#8221; au Th\u00e9\u00e2tre du Rond Point (vid\u00e9o) :                                                                                                     http:\/\/culturebox.francetvinfo.fr\/scenes\/theatre\/andre-dussollier-annule-toutes-les-representations-de-novecento-248017#xtor=EREC<\/p>\n<p>-&#8220;Paris photo 2016&#8221;, du 10 au 13 novembre, au Grand Palais, qui accueille 153 galeries venues du monde entier (Sabrina Silamo) :                                                                                                 http:\/\/www.telerama.fr\/sortir\/paris-photo-un-casting-de-reve-pour-l-edition-2016,147449.php<\/p>\n<p>-Aujourd&#8217;hui d\u00e9marre pour une dizaine de dates sur toute la France, le &#8220;Dub Festival T\u00e9l\u00e9rama&#8221;. En quinze titres, d\u00e9couvrir ceux qui s&#8217;y produiront (sons) :                                                             http:\/\/www.telerama.fr\/musique\/telerama-dub-festival-2016-la-liste-des-artistes-en-15-sons,148737.php<\/p>\n<p>-&#8220;Manudigital, le couteau suisse du reggae dub fran\u00e7ais&#8221; (Pierrick Allain et Fr\u00e9d\u00e9ric P\u00e9guillan; vid\u00e9o) :                                                                                                                                            http:\/\/www.telerama.fr\/musique\/manudigital-le-couteau-suisse-du-reggae-dub-francais,149341.php#xtor=EPR<\/p>\n<p>-&#8220;Les vrais punks, c&#8217;\u00e9tait nous !&#8221; (Genesis P-Orridge, cit\u00e9s par Vincent Arquilli\u00e8re; vid\u00e9os) : http:\/\/www.telerama.fr\/musique\/genesis-p-orridge-les-vrais-punks-c-etait-nous,149321.php<\/p>\n<p>-Le nouvel album de Hope Sandoval, la chanteuse de &#8220;Mazzy Star&#8221; (sons) :                                                                                                                                                                                           http:\/\/www.telerama.fr\/musique\/ecoutez-en-avant-premiere-le-nouvel-album-de-hope-sandoval-la-chanteuse-de-mazzy-star,149334.php<\/p>\n<p><strong>-&#8220;Break On Through&#8221; des Doors (Rebecca Manzoni; vid\u00e9o) :<\/strong> http:\/\/www.dailymotion.com\/video\/x4zgydi_de-l-autre-cote-des-portes-tubes-and-co_music<\/p>\n<p><strong>-&#8220;Je t&#8217;aime moi non plus&#8221; (un ouvrage d&#8217;Yves Bigot, sp\u00e9cialiste de la chanson fran\u00e7aise; invit\u00e9 de Guillaume Durand; vid\u00e9o, amener le curseur sur 5:05) <\/strong> :                                                               http:\/\/www.dailymotion.com\/video\/x4zhm8t_bob-dylan-n-a-pas-reagi-a-son-prix-nobel-yves-bigot-28-10-2016_news<\/p>\n<p><strong>-Il y a 35 ans Brassens nous quittait (vid\u00e9o) <\/strong> : http:\/\/www.francetvinfo.fr\/replay-radio\/ces-chansons-qui-font-une-vie\/brassens-l-eternel-copain_1894643.html<\/p>\n<p><strong>-Fran\u00e7ois Morel le chanteur (invit\u00e9 du 13 heures de France 2; vid\u00e9o) : <\/strong> http:\/\/www.francetvinfo.fr\/culture\/spectacles\/francois-morel-la-je-fais-vraiment-le-chanteur_1894379.html<\/p>\n<p>-&#8220;Nous avons tourn\u00e9 &#8220;Ta&#8217;ang&#8221; dans un \u00e9tat d&#8217;inqui\u00e9tude permanent&#8221; (le r\u00e9alisateur chinois Wand Bing, auteur du documentaire consacr\u00e9 aux r\u00e9fugi\u00e9s de la minorit\u00e9 ethnique Ta&#8217;ang; entretien r\u00e9alis\u00e9 par Samuel Douhaire; vid\u00e9o) : http:\/\/www.telerama.fr\/cinema\/wang-bing-nous-avons-tourne-ta-ang-dans-un-etat-d-inquietude-permanent,149154.php<\/p>\n<p>-&#8220;Home Sweet Home&#8221;, un documentaire de Nadine Naous qui nous parle du Liban, \u00e0 l&#8217;affiche de nombreux festivals depuis deux ans (vid\u00e9o \u00e0 voir ici) :                                                                    http:\/\/www.telerama.fr\/cinema\/a-voir-sur-telerama-fr-home-sweet-home-au-plus-pres-du-pere,149188.php<\/p>\n<p>-&#8220;Au Festival d&#8217;Ha\u00effa, le cin\u00e9ma isra\u00e9lien en langue arabe, r\u00e9alis\u00e9 par des femmes,  rafle la mise&#8221; (Nathalie Hamou) :                                                                                                                           http:\/\/www.telerama.fr\/cinema\/le-cinema-israelien-en-langue-arabe-rafle-la-mise,149327.php<\/p>\n<p>-&#8220;Uri Zohar, le Truffaut isra\u00e9lien qui a abandonn\u00e9 le cin\u00e9ma pour la religion&#8221; (l&#8217;historien et critique Ariel Schweitzer; propos recueillis par J\u00e9r\u00e9mie Couston; vid\u00e9os) :                                                         http:\/\/www.telerama.fr\/sortir\/uri-zohar-le-truffaut-israelien-qui-a-abandonne-le-cinema-pour-la-religion,149299.php<\/p>\n<p>-&#8220;Docteur Strange&#8221; de Scott Derrickson, en salles depuis mercredi (Caroline Besse) : http:\/\/www.telerama.fr\/cinema\/pourquoi-docteur-strange-est-il-si-charismatique,149336.php<\/p>\n<p><strong>-&#8220;Une sc\u00e8ne immobile peut \u00eatre plus difficile \u00e0 faire qu&#8217;une sc\u00e8ne d&#8217;action&#8221; (l&#8217;acteur am\u00e9ricain Viggo Mortensen; vid\u00e9o) <\/strong> :                                                                                                                           http:\/\/www.telerama.fr\/cinema\/viggo-mortensen-une-scene-immobile-peut-etre-plus-difficile-a-faire-qu-une-scene-d-action,148700.php<\/p>\n<p>-&#8220;Le Canard encha\u00een\u00e9&#8221; f\u00eate ses 100 ans&#8221; (Marc Baudriller; son) : http:\/\/www.radioclassique.fr\/player\/progaction\/iniPlayer\/podcast\/la-vie-des-medias-2016-10-28-07-40-08.html<\/p>\n<p><strong>-&#8220;L&#8217;INA constitue un pan important de notre m\u00e9moire collective&#8221; (Agn\u00e8s Chauveau, directrice d\u00e9l\u00e9gu\u00e9e aux contenus; propos recueillis par Anne-Sophie Novel) <\/strong> :                                                      http:\/\/www.lemonde.fr\/m-actu\/article\/2016\/10\/27\/agnes-chauveau-l-ina-constitue-un-pan-important-de-notre-memoire-collective_5021610_4497186.html<\/p>\n<p>-Une interview de Bill Gates, co-fondateur de Microsoft, dans laquelle il fait l&#8217;\u00e9loge de l&#8217;innovation (vid\u00e9o) :                                                                                                                              http:\/\/www.dailymotion.com\/video\/x4zhsgc_l-integralite-de-l-interview-de-bill-gates-dans-on-n-arrete-pas-l-eco_news<\/p>\n<p>-40 000 abonn\u00e9s sur le r\u00e9seau Youtube de Jean-Luc M\u00e9lenchon :                                                                                                                                                                                                          https:\/\/blogs.mediapart.fr\/cinegalerie94\/blog\/281016\/plus-de-115000000-vues-sur-les-chaines-du-net-de-la-gauche-radicale-en-france<\/p>\n<p><strong>-Sa revue de la semaine (vid\u00e9o) <\/strong> : http:\/\/melenchon.fr\/2016\/10\/28\/revue-de-semaine-4-onu-ceta-calais-extinction-animale-agriculture-proteines-carnees\/<\/p>\n<p>-Avec &#8220;Les M\u00e9dicis&#8221;, SFR se met aux s\u00e9ries (Pierre Langlais; vid\u00e9o) : http:\/\/www.telerama.fr\/series-tv\/avec-les-medicis-sfr-se-met-sagement-aux-series,149067.php<\/p>\n<p>-Ce que des critiques pense de la nouvelle s\u00e9rie de Canal + &#8220;The Young Pope&#8221; (vid\u00e9o) :                                                                                                                                                                           http:\/\/www.telerama.fr\/series-tv\/tetes-de-series-12-nos-experts-donnent-ils-leur-benediction-a-the-young-pope,149160.php<\/p>\n<p><strong>-&#8220;Dans Taratata, on ne re\u00e7oit que des artistes qu&#8217;on aime&#8221; (Nagui; vid\u00e9o) : <\/strong> http:\/\/www.europe1.fr\/emissions\/l-invite-medias\/nagui-dans-taratata-on-ne-recoit-que-des-artistes-quon-aime-2885045<\/p>\n<p>-&#8220;La direction d&#8217;i-T\u00e9l\u00e9 a choisi la strat\u00e9gie de pourrissement du mouvement&#8221; (Antoine Genton, pr\u00e9sident du SDJ; cit\u00e9 par J\u00e9r\u00e9mie Maire) : http:\/\/television.telerama.fr\/television\/greve-reconduite-a-itele-la-direction-choisit-la-strategie-du-pourrissement-du-mouvement,149344.php<\/p>\n<p><strong>-&#8220;C&#8217;est une petite r\u00e9daction qui se bat dignement&#8221;. La parole aux gr\u00e9vistes (J\u00e9r\u00e9mie Maire et Richard S\u00e9n\u00e9joux) :<\/strong> http:\/\/television.telerama.fr\/television\/c-est-le-conflit-le-plus-long-de-l-histoire-d-itele,149307.php<\/p>\n<p><strong>-&#8220;La t\u00e9l\u00e9vision en d\u00e9bat&#8221; dans l&#8217;\u00e9mission &#8220;\u00c7a vous regarde&#8221;, anim\u00e9e par Arnaud Ardoin (vid\u00e9o)<\/strong> : http:\/\/www.lcp.fr\/emissions\/ca-vous-regarde\/279247-ca-vous-regarde<\/p>\n<p>-&#8220;Marion Mar\u00e9chal-Le Pen priv\u00e9e de t\u00e9l\u00e9vision par Marine Le Pen&#8221; (J\u00e9r\u00f4me Ivanichtchenko; vid\u00e9o) :                                                                                                                                                             http:\/\/www.europe1.fr\/emissions\/le-fait-medias-du-jour\/marion-marechal-le-pen-privee-de-television-par-marine-le-pen-2885027<\/p>\n<p>-Le nombre de signalements aupr\u00e8s du CSA explose en 2016 (Lucas Armati) : http:\/\/television.telerama.fr\/television\/le-nombre-de-signalements-aupres-du-csa-explose,149300.php<\/p>\n<p><strong>-&#8220;Clitoris !!! monsieur Sollers, Clitoris !!!&#8221; (Fran\u00e7ois Morel; vid\u00e9o) : <\/strong> http:\/\/www.dailymotion.com\/video\/x4zhdff_clitoris-monsieur-sollers-clitoris-le-billet-de-francois-morel_fun<\/p>\n","protected":false},"excerpt":{"rendered":"<p>ACTUALITE -&#8220;Liquidation totale&#8221;, la lutte des Sansonite France (un documentaire de H\u00e9l\u00e8ne Desplanques; vid\u00e9o \u00e0 voir ici jusqu&#8217;\u00e0 dimanche minuit) : http:\/\/television.telerama.fr\/television\/a-voir-sur-telerama-fr-le-debut-de-la-lutte-des-samsonite-liquidation-totale,149273.php -Le PIB a progress\u00e9 de 0,2% au troisi\u00e8me trimestre, moins que ce pr\u00e9voyait la Banque de France (Claude Fouquet) : http:\/\/www.lesechos.fr\/economie-france\/conjoncture\/0211440946782-france-le-pib-a-progresse-de-02-au-troisieme-trimestre-2038676.php -La note de l&#8217;INSEE : http:\/\/www.insee.fr\/fr\/themes\/info-rapide.asp?id=123&#038;date=20161028 -&#8220;La France reste sur une tendance [&hellip;]<\/p>\n","protected":false},"author":1042,"featured_media":0,"comment_status":"open","ping_status":"open","sticky":false,"template":"","format":"standard","meta":{"_themeisle_gutenberg_block_has_review":false,"footnotes":""},"categories":[151],"tags":[],"class_list":["post-9962","post","type-post","status-publish","format-standard","hentry","category-la-revue-de-presse-de-lulu"],"_links":{"self":[{"href":"https:\/\/archives.regards.fr\/index.php?rest_route=\/wp\/v2\/posts\/9962","targetHints":{"allow":["GET"]}}],"collection":[{"href":"https:\/\/archives.regards.fr\/index.php?rest_route=\/wp\/v2\/posts"}],"about":[{"href":"https:\/\/archives.regards.fr\/index.php?rest_route=\/wp\/v2\/types\/post"}],"author":[{"embeddable":true,"href":"https:\/\/archives.regards.fr\/index.php?rest_route=\/wp\/v2\/users\/1042"}],"replies":[{"embeddable":true,"href":"https:\/\/archives.regards.fr\/index.php?rest_route=%2Fwp%2Fv2%2Fcomments&post=9962"}],"version-history":[{"count":0,"href":"https:\/\/archives.regards.fr\/index.php?rest_route=\/wp\/v2\/posts\/9962\/revisions"}],"wp:attachment":[{"href":"https:\/\/archives.regards.fr\/index.php?rest_route=%2Fwp%2Fv2%2Fmedia&parent=9962"}],"wp:term":[{"taxonomy":"category","embeddable":true,"href":"https:\/\/archives.regards.fr\/index.php?rest_route=%2Fwp%2Fv2%2Fcategories&post=9962"},{"taxonomy":"post_tag","embeddable":true,"href":"https:\/\/archives.regards.fr\/index.php?rest_route=%2Fwp%2Fv2%2Ftags&post=9962"}],"curies":[{"name":"wp","href":"https:\/\/api.w.org\/{rel}","templated":true}]}}