{"id":9960,"date":"2016-10-28T07:17:19","date_gmt":"2016-10-28T05:17:19","guid":{"rendered":"https:\/\/wp.muchomaas.com\/article-la-revue-du-28-octobre-2016\/"},"modified":"2016-10-28T07:17:19","modified_gmt":"2016-10-28T05:17:19","slug":"article-la-revue-du-28-octobre-2016","status":"publish","type":"post","link":"https:\/\/archives.regards.fr\/?p=9960","title":{"rendered":"La Revue du 28 octobre 2016"},"content":{"rendered":"<p><strong>ACTUALITE<\/strong><\/p>\n<p>-A la demande de l&#8217;ensemble des organisations syndicales, la direction de La Poste a accept\u00e9 de suspendre jusqu&#8217;au 14 d\u00e9cembre la r\u00e9organisation des m\u00e9tiers du courrier (la r\u00e9action de R\u00e9gis Blanchot, administrateur SUD PTT; son) :                                                                                                                                                                                                                                                                          http:\/\/www.rtl.fr\/actu\/societe-faits-divers\/malaise-a-la-poste-regis-blanchot-reste-tres-prudent-7785478907<\/p>\n<p><strong>-La pr\u00e9sentation en Ile-de-France du plan &#8220;Grand froid&#8221;. Ce qu&#8217;en pense Ivan Mouton, porte-parole &#8220;d&#8217;Action Froid&#8221; (son) <\/strong> :                                                                                                           http:\/\/www.sudradio.fr\/Podcasts\/L-invite-pour-comprendre\/Ivan-Mouton-porte-parole-d-Action-Froid<\/p>\n<p>-&#8220;Les \u00e9nergies renouvelables s&#8217;imposent dans le monde&#8221; (Fran\u00e7ois Lenglet; vid\u00e9o) : http:\/\/www.rtl.fr\/actu\/societe-faits-divers\/les-energies-renouvelables-s-imposent-dans-le-monde-7785472147<\/p>\n<p><em>-Le barom\u00e8tre \u00e9conomique (VIAVOICE) <\/em> : http:\/\/www.institut-viavoice.com\/images\/02_PDFs\/BaroEcoMoralCadres\/Baro%20%C3%A9co%202016\/Le_Baro-%C3%A9co._Viavoice_HEC_BFM_Business_LExpress-LExpansion_LeMonde.fr._Octobre_2016.pdf<\/p>\n<p>-&#8220;700 m\u00e9tiers sur le point de disparaitre&#8221; (&#8220;L&#8217;Angle \u00e9co&#8221; de Fran\u00e7ois Lenglet; vid\u00e9o) : http:\/\/www.francetvinfo.fr\/economie\/emploi\/video-l-angle-eco-travail-le-musee-des-metiers_1856961.html<\/p>\n<p><strong>-&#8220;Les &#8220;Babou&#8221; de Bagnolet (93) ont gagn\u00e9&#8221; <\/strong> : http:\/\/elus-crc.over-blog.com\/2016\/10\/victoire-chez-babou-article-de-la-nvo.html?utm_source<\/p>\n<p>-&#8220;Mamma mia !&#8221;, d\u00e9guster de bonnes p\u00e2tes \u00e0 Paris (Est\u00e9relle Payany et Roland Zemour) :                                                                                                                                                                    http:\/\/www.telerama.fr\/sortir\/mamma-mia-14-adresses-pour-deguster-de-bonnes-pates-a-paris,149187.php#xtor=EPR-<\/p>\n<p>-Le p\u00e2tissier Pierre Herm\u00e9 publie &#8220;Chocolats&#8221; (interrog\u00e9 par Dimitri Pavlenko; son) : http:\/\/www.sudradio.fr\/Podcasts\/L-invite-pour-comprendre\/Pierre-Herme-patissier<\/p>\n<p><strong>-Le congr\u00e8s des apiculteurs confront\u00e9s \u00e0 30% de mortalit\u00e9 des abeilles (Henri Cl\u00e9ment, de l&#8217;UNAF; interrog\u00e9 par Dimitri Pavlenko; son) <\/strong> :                                                                                       http:\/\/www.sudradio.fr\/Podcasts\/L-invite-pour-comprendre\/Henri-Clement-secretaire-general-et-porte-parole-de-l-UNAF<\/p>\n<p>-&#8220;Nous comptons nous \u00e9tendre dans deux nouveaux pays d\u00e8s l&#8217;ann\u00e9e prochaine&#8221; (Marion Carrette, cofondatrice de &#8220;Ouicar&#8221;; interrog\u00e9e par Baptiste Gaborit; vid\u00e9o) :                           http:\/\/www.dailymotion.com\/video\/x4zbrrg_nous-comptons-nous-etendre-dans-deux-nouveaux-pays-des-l-annee-prochaine-marion-carrette-27-10-2016_news<\/p>\n<p><strong>-&#8220;Les f\u00e9minicides&#8221; (Fran\u00e7oise Bri\u00e9, porte-parole de &#8220;la F\u00e9d\u00e9ration nationale solidarit\u00e9 femme&#8221;; son) <\/strong> :                                                                                                                                                   http:\/\/www.sudradio.fr\/Podcasts\/L-invite-pour-comprendre\/F.Brie-porte-parole-de-la-Federation-nationale-solidarite-femmes<\/p>\n<p>-La nouvelle fa\u00e7ade du Bataclan (vid\u00e9o) : http:\/\/www.lci.fr\/societe\/voici-la-nouvelle-facade-du-bataclan-2009779.html<\/p>\n<p>-Le S\u00e9nat retoque une nouvelle fois le projet de loi sur le devoir de vigilance des entreprises (Yolaine de la Bigne; son) :                                                                                                               http:\/\/www.sudradio.fr\/Podcasts\/Quelle-epoque-ethique\/Devoir-de-vigilance-des-entreprise-a-quand-la-loi<\/p>\n<p>-A Calais, &#8220;plus de 200 mineurs restent sur le carreau&#8221; (Hayd\u00e9e Sab\u00e9ran) :                                                                                                                                                                                            http:\/\/www.liberation.fr\/france\/2016\/10\/26\/dans-la-jungle-evacuee-plus-de-200-mineurs-restent-sur-le-carreau_1524562?xtor=EPR<\/p>\n<p>-&#8220;Une centaine de femmes sont arriv\u00e9es sur les lieux&#8221; : http:\/\/www.liberation.fr\/france\/2016\/10\/26\/dans-la-jungle-qui-se-vide-des-femmes-affluent_1524512?xtor=EPR<\/p>\n<p>-La presse britannique inqui\u00e8te des cons\u00e9quences de l&#8217;\u00e9vacuation :                                                                                                                                                                                                      http:\/\/www.lemonde.fr\/immigration-et-diversite\/article\/2016\/10\/25\/apres-le-debut-du-demantelement-de-la-jungle-a-calais-la-presse-britannique-s-inquiete-des-consequences_5020150_1654200.html<\/p>\n<p><strong>POLITIQUE<\/strong><\/p>\n<p>-&#8220;Terminer au moins devant M\u00e9lenchon en 2017, le dernier objectif d\u00e9sesp\u00e9r\u00e9 des \u00e9lus PS&#8221; (Etienne Girard) : http:\/\/www.marianne.net\/terminer-au-moins-devant-melenchon-2017-dernier-objectif-desespere-elus-ps-100247358.html<\/p>\n<p>-&#8220;Hollande a tourn\u00e9 le dos \u00e0 l&#8217;\u00e9cologie. S\u00e9gol\u00e8ne Royal va dans le bon sens. J&#8217;esp\u00e8re que Manuel Valls n&#8217;aura pas la folie d&#8217;\u00e9vacuer&#8221; Notre-Dame-des-Landes. (Yannick Jadot, eurod\u00e9put\u00e9, invit\u00e9 d&#8217;Elizabeth Martichoux; vid\u00e9os) : http:\/\/www.rtl.fr\/actu\/politique\/notre-dame-des-landes-hollande-a-tourne-le-dos-a-l-ecologie-royal-est-dans-le-bon-sens-dit-yannick-jadot-7785472416<\/p>\n<p>-&#8220;C&#8217;est la premi\u00e8re fois que les deux partis de gouvernement font ensemble une primaire. Dans chacune d&#8217;elles, on peut y \u00e9carter un pr\u00e9sident sortant. Ce qui est en cause, c&#8217;est la d\u00e9rive de l&#8217;Union europ\u00e9enne. Le seul endroit o\u00f9 le taux de ch\u00f4mage est le m\u00eame depuis 10 ans, c&#8217;est la zone euro. Quand je dirigeais mon d\u00e9partement, j&#8217;ai pris la mesure tr\u00e8s difficile de r\u00e9duire de 10 %  la d\u00e9pense publique. La primaire sera le lieu du renouveau. L&#8217;Union europ\u00e9enne doit refuser \u00e0 la Chine le statut d&#8217;\u00e9conomie de march\u00e9. Le CETA est le fr\u00e8re du TAFTA. Les Wallons d\u00e9fendent les int\u00e9r\u00eats des Europ\u00e9ens&#8221; (Arnaud Montebourg, interrog\u00e9 par Guillaume Durand; vid\u00e9os) : http:\/\/www.dailymotion.com\/video\/x4zbp86                                                                                                                                       http:\/\/www.dailymotion.com\/video\/x4zbmhv_l-ue-doit-refuser-a-la-chine-le-statut-d-economie-de-marche-arnaud-montebourg-27-10-2016-partie-2_news<\/p>\n<p>-&#8220;Quelles sont les grandes r\u00e9formes de gauche ? Qu&#8217;a fait Fran\u00e7ois Hollande ? On se pose la question&#8221; (Yann Galut, d\u00e9put\u00e9 PS du Cher, qui d\u00e9plore le bilan &#8220;squelettique du quinquennat&#8221;; vid\u00e9o) :  http:\/\/www.lcp.fr\/la-politique-en-video\/avancees-sociales-galut-ps-deplore-le-bilan-squelettique-du-quinquennat<\/p>\n<p>-Il \u00e9tait l&#8217;invit\u00e9 de &#8220;Politique Matin&#8221;; interrog\u00e9 par Brigitte Boucher; vid\u00e9o, amener le curseur sur 16:08 : http:\/\/www.lcp.fr\/emissions\/politique-matin\/278978-politique-matin<\/p>\n<p>-&#8220;Emmanuel Macron, &#8220;candidat de l&#8217;ub\u00e9risation politique, \u00e7a ne marche pas&#8221; (Luc Carvonas, s\u00e9nateur PS du Val-de-Marne, soutien de Manuel Valls; vid\u00e9o) :                                                    http:\/\/www.lcp.fr\/la-politique-en-video\/emmanuel-macron-luberisation-politique-ca-ne-marche-pas-raille-carvounas-ps<\/p>\n<p>-Il r\u00e9pondait aux questions de Brigitte Boucher (vid\u00e9o, amener le curseur sur 30:07) : http:\/\/www.lcp.fr\/emissions\/politique-matin\/278978-politique-matin<\/p>\n<p>-&#8220;Le nombre de ch\u00f4meurs de moins de 25 ans est inf\u00e9rieur \u00e0 celui de 2012&#8221; (St\u00e9phane Le Foll, faisant le compte rendu du Conseil des ministres; vid\u00e9o) :                                                         http:\/\/www.elysee.fr\/videos\/point-de-presse-de-stephane-le-foll-le-26-octobre-201\/<\/p>\n<p>-&#8220;Je lui (Fran\u00e7ois Hollande) dis d&#8217;y aller. Nous n&#8217;avons pas \u00e0 rougir. Nous avons redress\u00e9 le pays, redonner de la consid\u00e9ration \u00e0 tous les habitants&#8221; (la secr\u00e9taire d&#8217;Etat H\u00e9l\u00e8ne Geoffroy; interrog\u00e9e par Jeff Wittenberg; vid\u00e9o) : http:\/\/www.francetvinfo.fr\/politique\/ps\/primaire-socialiste\/4-verites-2017-helene-geoffroy-dit-a-hollande-d-y-aller_1892503.html<\/p>\n<p><em>-Les Fran\u00e7ais et l&#8217;inversion de la courbe du ch\u00f4mage (OPINION-WAY) <\/em> :                                                                                                                                                                                                               http:\/\/www.lci.fr\/elections\/sondage-chomage-77-des-francais-ne-croient-toujours-pas-a-l-inversion-de-la-courbe-promise-par-hollande-2009794.html<\/p>\n<p>-&#8220;L&#8217;id\u00e9e d&#8217;une baisse du ch\u00f4mage est une imposture&#8221; (le PCF) : http:\/\/www.pcf.fr\/93133<\/p>\n<p><strong>-&#8220;Les chiffres peuvent-ils rendre compte de la r\u00e9alit\u00e9 du ch\u00f4mage ?&#8221; (Olivier Rey, math\u00e9maticien et philosophe, chercheur au CNRS, professeur \u00e0 l&#8217;Ecole polytechnique et \u00e0 l&#8217;universit\u00e9 Panth\u00e9on-Sorbonne; son) :   <\/strong>                              https:\/\/www.franceculture.fr\/emissions\/linvite-des-matins\/chomage-les-chiffres-peuvent-ils-rendre-compte-de-la-realite<\/p>\n<p>-En boycottant le discours de Fran\u00e7ois Hollande en hommage \u00e0 Fran\u00e7ois Mitterrand, &#8220;Claude Bartolone vient de commettre une faute professionnelle et une ind\u00e9licatesse institutionnelle&#8221; (Christophe Barbier; vid\u00e9o) :                                                                                                                                                                                                                                                                                                     http:\/\/www.bfmtv.com\/mediaplayer\/video\/l-edito-de-christophe-barbier-claude-bartolone-a-t-il-deliberement-boycotte-le-discours-de-francois-hollande-en-hommage-a-francois-mitterrand-879887.html<\/p>\n<p>-&#8220;Manuel Valls est pr\u00eat \u00e0 y aller&#8221; (son) : http:\/\/www.radioclassique.fr\/player\/progaction\/iniPlayer\/podcast\/ledito-politique-de-guillaume-tabard-2016-10-27-08-13-58.html<\/p>\n<p>-&#8220;Fran\u00e7ois Hollande et Manuel Valls, candidats potentiels et concurrents&#8221; (Thomas Legrand; son) : https:\/\/www.franceinter.fr\/emissions\/l-edito-politique\/l-edito-politique-27-octobre-2016<\/p>\n<p>-&#8220;Fran\u00e7ois Hollande, in\u00e9branlable, y croit encore&#8221; (Olivier Bost; vid\u00e9o) : http:\/\/www.rtl.fr\/actu\/politique\/presidentielle-2017-francois-hollande-inebranlable-y-croit-encore-7785472101<\/p>\n<p>-L&#8217;absent\u00e9isme au Parlement (son) : http:\/\/www.sudradio.fr\/Podcasts\/Les-reportages-de-la-matinee\/Absenteisme-au-Parlement<\/p>\n<p><strong>-&#8220;Je vous dirai apr\u00e8s la campagne si j&#8217;arr\u00eate la politique. Si on ne fait rien, demain, toutes les musulmanes fran\u00e7aises porteront le voile. L&#8217;immigration pour le FN, c&#8217;est un probl\u00e8me de principe. Pour moi, c&#8217;est un probl\u00e8me de nombre&#8221; (Nicolas Sarkozy, qui laisse entendre, &#8220;m\u00eame si ce n&#8217;est pas de gaiet\u00e9 de coeur&#8221;, qu&#8217;il voterait pour le pr\u00e9sident sortant  pour faire barrage au FN; interrog\u00e9 par Jean-Jacques Bourdin et les auditeurs de RMC; vid\u00e9os) : http:\/\/www.bfmtv.com\/mediaplayer\/video\/nicolas-sarkozy-face-a-jean-jacques-bourdin-en-direct-879913.html   <\/strong>                      http:\/\/rmc.bfmtv.com\/mediaplayer\/video\/nicolas-sarkozy-repond-aux-auditeurs-de-rmc-ecoutez-son-interview-en-integralite-879961.html<\/p>\n<p>-&#8220;Les Fran\u00e7ais veulent un homme d&#8217;exp\u00e9rience&#8221; (vid\u00e9o) : http:\/\/rmc.bfmtv.com\/mediaplayer\/video\/nicolas-sarkozy-les-francais-veulent-un-homme-d-experience-879929.html<\/p>\n<p>-&#8220;Le plus grave d\u00e9fi de l&#8217;humanit\u00e9, c&#8217;est l&#8217;explosion d\u00e9mographique sans pr\u00e9c\u00e9dent&#8221; (vid\u00e9o) :                                                                                                                                                     http:\/\/rmc.bfmtv.com\/mediaplayer\/video\/nicolas-sarkozy-le-plus-grave-defi-de-l-humanite-c-est-l-explosion-demographique-879957.html   <\/p>\n<p>-&#8220;Ses approximations sur ses comptes de campagne&#8221; (vid\u00e9o) :                                                                                                                                                                                                                         http:\/\/rmc.bfmtv.com\/mediaplayer\/video\/comptes-de-campagne-les-approximations-de-sarkozy-quant-a-sa-situation-judiciaire-879973.html<\/p>\n<p>-Pour les policiers, &#8220;le plan du gouvernement est incomplet. Il a \u00e9t\u00e9 incapable d&#8217;anticiper la col\u00e8re des policiers. Le syst\u00e8me du droit d&#8217;asile est \u00e0 bout de souffle&#8221; (Brice Hortefeux, eurod\u00e9put\u00e9 LR; invit\u00e9 de la matinale de Franceinfo; vid\u00e9o) :                                                                                                                                                                                                                                                      http:\/\/www.dailymotion.com\/video\/x4zbsf6_colere-des-policiers-brice-hortefeux-juge-le-plan-du-gouvernement-incomplet_news<\/p>\n<p>-&#8220;Les policiers font un m\u00e9tier difficile mais ils voudraient \u00eatre certains que ce qu&#8217;ils font est utile&#8221; (Claude Gu\u00e9ant, ancien ministre de l&#8217;Int\u00e9rieur de Nicolas Sarkozy; interrog\u00e9 par L\u00e9a Salam\u00e9; vid\u00e9os) :   https:\/\/www.franceinter.fr\/emissions\/l-invite-de-7h50\/l-invite-de-7h50-27-octobre-2016<\/p>\n<p>-&#8220;Il faut prot\u00e9ger ceux qui nous prot\u00e8gent&#8221; (Eric Ciotti, d\u00e9put\u00e9 LR des Alpes-Maritimes; interrog\u00e9 par Bernard Poirette (son) :                                                                                                                          http:\/\/www.rtl.fr\/actu\/societe-faits-divers\/colere-des-policiers-il-faut-proteger-ceux-qui-nous-protegent-lance-ciotti-7785393858<\/p>\n<p>-&#8220;Le clan Sarkozy tr\u00e8s pessimiste&#8221; (Yves Thr\u00e9ard du &#8220;Figaro&#8221;; vid\u00e9o) :  http:\/\/www.europe1.fr\/emissions\/ledito-politique-dyves-threard\/le-clan-sarkozy-tres-pessimiste-2883641<\/p>\n<p><strong>-Fran\u00e7ois Fillon \u00e9tait l&#8217;invit\u00e9 de &#8220;l&#8217;Emission politique&#8221; sur France 2 (vid\u00e9o) : <\/strong> http:\/\/www.france2.fr\/emission\/lemission-politique\/diffusion-du-27-10-2016-21h00<\/p>\n<p>-Ce qu&#8217;on peut en retenir (vid\u00e9os) : http:\/\/www.francetvinfo.fr\/politique\/les-republicains\/primaire-de-la-droite\/ce-qu-il-faut-retenir-de-l-emission-politique-avec-francois-fillon_1893085.html<\/p>\n<p>-&#8220;Ce qui compte, c&#8217;est que l&#8217;effet Le Maire joue les 20 et 27 novembre. C&#8217;est une bonne chose le d\u00e9mant\u00e8lement de la jungle. J&#8217;esp\u00e8re que ce ne sera pas un coup d&#8217;\u00e9p\u00e9e dans l&#8217;eau. Je ne comprends pas qu&#8217;on ait oblig\u00e9 des maires \u00e0 accueillir&#8221; (Bruno Le Maire, d\u00e9put\u00e9 LR de l&#8217;Eure; interrog\u00e9 par Ruth Elkrief; vid\u00e9os) :                                                                                                                                    http:\/\/www.bfmtv.com\/mediaplayer\/video\/bruno-le-maireface-a-ruth-elkrief-12-879785.html                                                                                                                                                                           http:\/\/www.bfmtv.com\/mediaplayer\/video\/bruno-le-maireface-a-ruth-elkrief-22-879799.html      <\/p>\n<p>-&#8220;Je veux sortir du r\u00e9f\u00e9rendum pour ou contre Nicolas Sarkozy&#8221; (il \u00e9tait l&#8217;invit\u00e9 de &#8220;Territoires d&#8217;Infos&#8221;; vid\u00e9o) :                                                                                                                                     http:\/\/www.sudradio.fr\/Politique\/L-interview-politique\/Bruno-Le-Maire-veut-sortir-du-referendum-pour-ou-contre-Sarkozy    <\/p>\n<p><em>-Les intentions de vote \u00e0 la primaire de la droite et du centre (HARRIS) : <\/em> http:\/\/harris-interactive.fr\/opinion_polls\/harris-interactive-realise-des-intentions-de-vote-a-la-primaire-de-la-droite-et-du-centre-2\/      <\/p>\n<p>-&#8220;Les policiers n&#8217;en peuvent plus. La coupure entre la base et les syndicats ne date pas d&#8217;aujourd&#8217;hui et ne concerne pas que la police. La police est co-g\u00e9r\u00e9e par le gouvernement et les syndicats. Ce n&#8217;est pas qu&#8217;une question de moyens. La premi\u00e8re r\u00e9ponse de la hi\u00e9rarchie, \u00e7a a \u00e9t\u00e9 sanctions&#8221; (Axel Ronde, du syndicat CGT de la police; Philippe Vigier, d\u00e9put\u00e9 UDI d&#8217;Eure-et-Loir; Alain Tourret, d\u00e9put\u00e9 radical de gauche du Calvados et Wallerand de Saint Just, conseiller r\u00e9gional FN d&#8217;Ile-de-France; d\u00e9bat anim\u00e9 par Arnaud Ardoin; vid\u00e9o) :    http:\/\/www.lcp.fr\/emissions\/ca-vous-regarde\/279245-police-une-colere-politique  <\/p>\n<p>-&#8220;Patrick Buisson, le mauvais g\u00e9nie&#8221; (un documentaire d&#8217;Ariane Chemin et  Vanessa Schneider; vid\u00e9o) : http:\/\/www.france3.fr\/emissions\/documentaires\/videos\/replay_-_patrick_buisson_le_mauvais_genie_27-10-2016_1333161<\/p>\n<p><em>-Le barom\u00e8tre de l&#8217;\u00e9lection pr\u00e9sidentielle 2017 (IFOP)<\/em> : http:\/\/www.ifop.com\/?option=com_publication&#038;type=poll&#038;id=3535<\/p>\n<p><em>-L&#8217;observatoire de la politique nationale (BVA) <\/em> : http:\/\/www.bva.fr\/fr\/sondages\/observatoire_de_la_politique_nationale\/observatoire_de_la_politique_nationale_-_octobre_2016.html<\/p>\n<p><em>-Les Fran\u00e7ais et l&#8217;ISF (ODOXA) : <\/em> http:\/\/www.odoxa.fr\/isf-les-francais-sont-contre-sa-suppression-mais-pour-des-assouplissements\/<\/p>\n<p><em>-Le regard des habitants des Hauts-de-France sur leur Conseil r\u00e9gional et sur Xavier Bertrand (IFOP) <\/em> : http:\/\/www.ifop.com\/?option=com_publication&#038;type=poll&#038;id=3536                                                                     <\/p>\n<p><strong>EUROPE-MONDE<\/strong><\/p>\n<p><strong>-&#8220;Depuis janvier, 3800 personnes ont p\u00e9ri noy\u00e9es en M\u00e9diterran\u00e9e. L&#8217;horreur que nous voulons ignorer&#8221; (Bernard Guetta; son) <\/strong> :                                                                           https:\/\/www.franceinter.fr\/emissions\/geopolitique\/geopolitique-27-octobre-2016<\/p>\n<p>-&#8220;Pourquoi la Wallonie dit non au CETA) (Paul Magnette le ministre-pr\u00e9sident du pays; vid\u00e9o) :                                                                                                                                                        http:\/\/www.lemonde.fr\/economie-mondiale\/video\/2016\/10\/26\/discours-de-paul-magnette-ministre-president-de-wallonie-pourquoi-la-wallonie-dit-non-au-ceta_5020796_1656941.html<\/p>\n<p>-&#8220;Il a donn\u00e9 une bonne le\u00e7on aux socialistes fran\u00e7ais&#8221; (Eric Decouty de &#8220;Marianne&#8221;; son) : https:\/\/www.franceinter.fr\/emissions\/histoires-politiques\/histoires-politiques-27-octobre-2016<\/p>\n<p>-Justin Trudeau ne viendra pas \u00e0 Bruxelles pour signer le CETA : http:\/\/www.lemonde.fr\/europe\/article\/2016\/10\/26\/ceta-a-la-veille-du-sommet-un-accord-clairement-impossible_5020842_3214.html<\/p>\n<p>-Le sommet UE-Canada annul\u00e9 (vid\u00e9o) : http:\/\/www.lemonde.fr\/economie\/article\/2016\/10\/27\/ceta-le-sommet-ue-canada-annule-que-va-t-il-se-passer-maintenant_5021147_3234.html<\/p>\n<p><strong>-&#8220;Nous avons enfin trouv\u00e9 un accord entre Belges&#8221; (Paul Magnette) <\/strong> :                                                                                                                                                                                                  http:\/\/www.francetvinfo.fr\/economie\/commerce\/traite-transatlantique\/traite-ceta-un-accord-a-ete-trouve-en-belgique-annonce-le-premier-ministre-charles-michel_1892509.html#xtor=EPR<\/p>\n<p>-&#8220;L&#8217;Union europ\u00e9enne va examiner cette proposition commune belge&#8221; : http:\/\/www.lemonde.fr\/economie\/article\/2016\/10\/27\/ceta-les-belges-trouvent-un-accord-entre-eux-sur-le-traite-de-libre-echange-ue-canada_5021405_3234.html <\/p>\n<p>-La r\u00e9action de Jean-Luc M\u00e9lenchon : http:\/\/www.liberation.fr\/direct\/element\/_50394\/<\/p>\n<p><strong>-&#8220;CETA retoqu\u00e9, c&#8217;est la victoire de la d\u00e9mocratie. Tout doit \u00eatre ren\u00e9goci\u00e9. S\u00e9gol\u00e8ne Royal a raison sur Notre-Dame-des-Landes. J&#8217;ai un d\u00e9saccord de fond avec Jean-Luc-M\u00e9lenchon sur l&#8217;Europe dont la position est populiste et incantatoire&#8221; (Jos\u00e9 Bov\u00e9, eurod\u00e9put\u00e9 \u00e9cologiste, invit\u00e9 de la matinale de France Inter. Il a r\u00e9pondu aux questions de Patrick Cohen et des auditeurs; vid\u00e9os) : <\/strong> http:\/\/www.dailymotion.com\/video\/x4zbeii_jose-bove-je-pense-que-segolene-royal-a-raison-sur-notre-dame-des-landes_news                                                                                                          http:\/\/www.dailymotion.com\/video\/x4zbknq_jose-bove-celui-qui-je-crois-peut-le-mieux-porter-le-debat-c-est-yannick-jadot_news<\/p>\n<p><em>-La lutte contre les discriminations en Europe (HARRIS) :<\/em> http:\/\/harris-interactive.fr\/opinion_polls\/la-lutte-contre-les-discriminations-en-europe-2\/<\/p>\n<p>-La Commission europ\u00e9enne donne son feu vert \u00e0 la poursuite des contr\u00f4le frontaliers (Albrecht Meier) :                                                                                                                                       http:\/\/www.euractiv.fr\/section\/l-europe-dans-le-monde\/news\/commission-recommends-extension-of-schengen-border-controls\/?nl_ref=23632988<\/p>\n<p>-Sond\u00e9s dans six pays, les europ\u00e9ens favorables \u00e0 l&#8217;\u00e9galit\u00e9 des droits avec les r\u00e9sidents \u00e9trangers (Manon Flausch) :                                                                                                                              http:\/\/www.euractiv.fr\/section\/europe-sociale-emploi\/news\/les-europeens-favorables-a-legalite-des-droits-avec-les-residents-etrangers\/?nl_ref=23632988<\/p>\n<p><em>-Le sondage \u00e0 t\u00e9l\u00e9charger (HARRIS) :<\/em> http:\/\/www.maisondespotes.fr\/federation\/actualites\/resultats-du-sondage-harris-interactive-sur-la-lutte-contre-les-discrimination<\/p>\n<p>-Les eurod\u00e9put\u00e9s d\u00e9noncent l&#8217;inertie des sommets europ\u00e9ens (Georgi Gotev) : http:\/\/www.euractiv.fr\/section\/politique\/news\/meps-call-on-tusk-to-end-eu-summits-paralysis\/?nl_ref=23632988<\/p>\n<p>-&#8220;Bruxelles veut harmoniser l&#8217;imp\u00f4t des soci\u00e9t\u00e9s d&#8217;ici 2021&#8221; (C\u00e9cile Barbi\u00e8re) : http:\/\/www.euractiv.fr\/section\/all\/news\/bruxelles-veut-harmoniser-limpot-des-societes-dici-2021\/?nl_ref=23632988<\/p>\n<p>-Beno\u00eet Hamon veut &#8220;d\u00e9mocratiser et repolitiser&#8221; le projet europ\u00e9en  (Adrien Valbray) :                                                                                                                                                                       http:\/\/www.euractiv.fr\/section\/elections\/news\/benoit-hamon-veut-democratiser-et-repolitiser-le-projet-europeen\/?nl_ref=23632988<\/p>\n<p>-La justice fran\u00e7aise saisie tardivement apr\u00e8s une bagarre au Parlement europ\u00e9en :                                                                                                                                                                                http:\/\/www.euractiv.fr\/section\/all\/news\/la-justice-francaise-saisie-tardivement-apres-une-bagarre-au-parlement-europeen\/?nl_ref=23632988<\/p>\n<p><strong>-Les ventes d&#8217;armes allemandes vers l&#8217;Orient explosent (Daniel M\u00fctzel) <\/strong> :                                                                                                                                                                                             http:\/\/www.euractiv.fr\/section\/l-europe-dans-le-monde\/news\/german-weapon-sales-shoot-through-the-roof\/?nl_ref=23632988<\/p>\n<p>-&#8220;La droite autrichienne n&#8217;en finit pas d&#8217;attaquer Merkel&#8221; (Herbert Vytiska) :                                                                                                                                                                                          http:\/\/www.euractiv.fr\/section\/politique\/news\/strache-most-dangerous-woman-in-europe-merkel-has-made-civil-war-not-unlikely\/?nl_ref=23632988<\/p>\n<p>-En Italie, un s\u00e9isme ressenti jusqu&#8217;\u00e0 Rome (vid\u00e9os) : http:\/\/www.francetvinfo.fr\/monde\/europe\/seisme-en-italie\/italie-un-seisme-ressenti-jusqu-a-rome_1892599.html                                                    http:\/\/www.francetvinfo.fr\/monde\/europe\/seisme-en-italie\/italie-le-choc-d-un-nouveau-seisme_1892971.html<\/p>\n<p>-Beaucoup de d\u00e9g\u00e2ts et quelques bless\u00e9s (vid\u00e9o) : http:\/\/www.francetvinfo.fr\/monde\/europe\/seisme-en-italie\/seismes-en-italie-beaucoup-de-degats-et-quelques-blesses_1892383.html<\/p>\n<p> -En Syrie, 22 enfants tu\u00e9s dans un raid : http:\/\/www.lemonde.fr\/syrie\/article\/2016\/10\/27\/syrie-22-enfants-tues-dans-un-raid_5020924_1618247.html<\/p>\n<p>-Plus de 10 000 personnes ont fui Mossoul : http:\/\/www.lemonde.fr\/proche-orient\/article\/2016\/10\/26\/irak-plus-de-10-000-personnes-ont-fui-mossoul_5020907_3218.html<\/p>\n<p>-&#8220;Il est incontestable que la prise de Mossoul repr\u00e9senterait un \u00e9chec majeur pour Daesh&#8221; (Jean-Louis Brugui\u00e8re, ancien juge antiterroriste interrog\u00e9 par Ruth Elkrief; vid\u00e9o) :<br \/>\nhttp:\/\/www.bfmtv.com\/mediaplayer\/video\/jean-louis-bruguiere-il-est-incontestable-que-la-prise-de-mossoul-representerait-un-echec-majeur-pour-daesh-880145.html<\/p>\n<p>-&#8220;Daesh est le dos au mur&#8221; (BHL, de retour de Mossoul, r\u00e9pondait aux questions de Jean-Pierre Elkabbach; vid\u00e9o) :                                                                                                                          http:\/\/www.europe1.fr\/emissions\/l-interview-politique\/la-situation-a-mossoul-les-chretiens-dirak-bernard-henri-levy-repond-aux-questions-de-jean-pierre-elkabbach-2883923<\/p>\n<p>-&#8220;La France doit agir pour la reconstruction de l&#8217;Irak et sa d\u00e9mocratisation (le PCF) : http:\/\/www.pcf.fr\/93110<\/p>\n<p>-Ces riches qui soutiennent Donald Trump (vid\u00e9o) : http:\/\/www.francetvinfo.fr\/monde\/usa\/presidentielle\/donald-trump\/etats-unis-les-riches-qui-soutiennent-donald-trump_1893001.html<\/p>\n<p><strong>-&#8220;L&#8217;Am\u00e9rique qui vient&#8221; (Christophe Deroubaix, journaliste \u00e0 &#8220;l&#8217;Humanit\u00e9&#8221;; vid\u00e9o) : <\/strong>  https:\/\/www.youtube.com\/watch?v=mYRNIpWjpJ4&#038;app=desktop<\/p>\n<p>-Au Venezuela, un policier tu\u00e9 et 120 bless\u00e9s dans les manifestations anti-Maduro :                                                                                                                                                                             http:\/\/www.lemonde.fr\/ameriques\/article\/2016\/10\/26\/venezuela-des-milliers-de-manifestants-defient-nicolas-maduro_5020898_3222.html<\/p>\n<p>-&#8220;Agitation 2.0&#8221; \u00e0 Cuba (vid\u00e9o) : http:\/\/www.lemonde.fr\/ameriques\/video\/2016\/10\/26\/cuba-des-journalistes-independants-leaders-de-l-agitation-2-0_5020689_3222.html<\/p>\n<p><strong>-Pas de sanctuaire pour les baleines (vid\u00e9o) : <\/strong> http:\/\/nr.news-republic.com\/Web\/ArticleWeb.aspx?regionid=2&#038;articleid=76001271<\/p>\n<p>-Les baleines bor\u00e9ales dans l&#8217;Arctique (vid\u00e9o) : http:\/\/www.lemonde.fr\/planete\/video\/2016\/10\/26\/images-rares-de-baleines-boreales-dans-l-arctique_5020740_3244.html<\/p>\n<p><strong>-Plus de la moiti\u00e9 des vert\u00e9br\u00e9s ont disparu en quarante ans (Audrey Garric) <\/strong> :                                                                                                                                                                                         http:\/\/www.lemonde.fr\/biodiversite\/article\/2016\/10\/27\/la-moitie-des-vertebres-a-disparu-en-quarante-ans_5020936_1652692.html<\/p>\n<p><em>-Le rapport du WWF (document \u00e0 t\u00e9l\u00e9charger) :<\/em> http:\/\/www.wwf.fr\/vous_informer\/rapport_planete_vivante_2016\/<\/p>\n<p>-&#8220;Depuis 1970, 58 % des animaux sauvages ont disparu&#8221; (Pascal Canfin, directeur de WWF France; interrog\u00e9 par Guillaume Durand; son) :                                                                           http:\/\/www.radioclassique.fr\/player\/progaction\/iniPlayer\/podcast\/linvite-du-matin-2016-10-27-07-49-25.html<\/p>\n<p>-Il \u00e9tait aussi l&#8217;invit\u00e9 d&#8217;Alain Passerel sur France Inter (vid\u00e9o) : http:\/\/www.dailymotion.com\/video\/x4zcea0_pascal-canfin-directeur-general-du-wwf-france-invite-du-13h-d-alain-passerel_news<\/p>\n<p>-&#8220;La plan\u00e8te va mal&#8221; (Nathalie Fontrel; son) : https:\/\/www.franceinter.fr\/emissions\/planete-environnement\/planete-environnement-27-octobre-2016<\/p>\n<p><strong>CULTURE-MEDIAS<\/strong><\/p>\n<p><strong>-&#8220;Le Th\u00e9\u00e2tre de la Commune d&#8217;Aubervilliers (93) h\u00e9berge 40 migrants dont 8 acteurs (vid\u00e9o)<\/strong> : http:\/\/culturebox.francetvinfo.fr\/scenes\/le-theatre-de-la-commune-d-aubervilliers-heberge-40-migrants-dont-8-acteurs-247965#xtor=EREC<\/p>\n<p>-Le parth\u00e9non des livres censur\u00e9s de la plasticienne Marta Minujin (cit\u00e9e par Sophie Rahal) : http:\/\/www.telerama.fr\/scenes\/marta-minujin-a-l-assaut-des-ouvrages-interdits,149158.php#xtor=EPR<\/p>\n<p>-Paul Beatty, le premier Am\u00e9ricain laur\u00e9at du prestigieux &#8220;Man Booker Prize&#8221; pour son roman &#8220;The Sellout&#8221; :                                                                                                                       http:\/\/culturebox.francetvinfo.fr\/livres\/romans\/paul-beatty-est-le-premier-americain-laureat-du-man-booker-prize-247913#xtor=EREC<\/p>\n<p>-Ad\u00e9la\u00efde de Clermont-Tonnerre, laur\u00e9ate du Grand prix du roman de l&#8217;Acad\u00e9mie fran\u00e7aise, pour &#8220;Le Dernier des n\u00f4tres&#8221; : http:\/\/culturebox.francetvinfo.fr\/livres\/la-rentree-litteraire\/adelaide-de-clermont-tonnerre-laureate-du-grand-prix-du-roman-de-l-academie-247987#xtor=EREC<\/p>\n<p><strong>-&#8220;Tous les \u00e9l\u00e9ments de la vie ne se combattent pas, ils se compl\u00e8tent&#8221; (Le paysan philosophe Pierre Rabhi, invit\u00e9 de l&#8217;\u00e9mission &#8220;Grand bien vous fasse !&#8221; d&#8217;Ali Rebeihi; son) :    <\/strong>       https:\/\/www.franceinter.fr\/emissions\/grand-bien-vous-fasse\/grand-bien-vous-fasse-27-octobre-2016<\/p>\n<p>-L&#8217;hommage de Fran\u00e7ois Hollande \u00e0 Fran\u00e7ois Mitterrand (vid\u00e9o) : http:\/\/www.elysee.fr\/videos\/discours-lors-du-100eme-anniversaire-de-la-naissance-de-francois-mitterrand\/#content<\/p>\n<p>-Le prix Sakharov, &#8220;pour la libert\u00e9 de l&#8217;esprit&#8221;, d\u00e9cern\u00e9 \u00e0 deux femmes y\u00e9zidies :                                                                                                                                                                             http:\/\/www.francetvinfo.fr\/monde\/proche-orient\/offensive-jihadiste-en-irak\/le-prix-sakharov-pour-la-liberte-de-l-esprit-decerne-a-deux-femmes-yezidies-rescapees-du-groupe-etat-islamique_1892457.html#xtor=EPR<\/p>\n<p>-Les deux laur\u00e9ates (vid\u00e9o) : http:\/\/www.lci.fr\/international\/qui-sont-les-deux-yezidies-laureates-du-prix-sakharov-apres-avoir-ete-esclaves-de-daech-2009756.html<\/p>\n<p>-Zineb El Rhazaoui, ancienne journaliste de &#8220;Charlie Hebdo&#8221;, auteure de &#8220;D\u00e9truire le fascisme islamique&#8221;, \u00e9tait l&#8217;invit\u00e9e de Ruth Elkrief (vid\u00e9os) :                                                                http:\/\/www.bfmtv.com\/mediaplayer\/video\/zineb-el-rhazoui-face-a-ruth-elkrief-12-879439.html                                                                                                                                           http:\/\/www.bfmtv.com\/mediaplayer\/video\/zineb-el-rhazoui-face-a-ruth-elkrief-22-879441.html                                               <\/p>\n<p><strong>-&#8220;Une fois pour toutes, non, Salieri n&#8217;a pas tu\u00e9 Mozart !&#8221; (Sophie Bourdais) <\/strong> :                                                                                                                                                                                        http:\/\/www.telerama.fr\/musique\/une-fois-pour-toutes-salieri-n-a-pas-tue-mozart-et-son-opera-falstaff-est-un-regal,149192.php#xtor=EPR<\/p>\n<p>-Jusqu&#8217;au 30 janvier 2017, le mus\u00e9e Unterlinden de Colmar rend hommage au peintre allemand Otto Dix (Lorraine Rossignol) :                                                                                                http:\/\/www.telerama.fr\/scenes\/a-colmar-otto-dix-sous-l-impulsion-du-retable-d-issenheim,149304.php#xtor=EPR<\/p>\n<p><strong>-L&#8217;\u00e9rotisme des estampes japonaises Shunga inspire &#8220;L&#8217;Homme pliss\u00e9&#8221; d&#8217;Issey Miyake (Corine Jeammet; vid\u00e9os) <\/strong> :                                                                                                                    http:\/\/culturebox.francetvinfo.fr\/tendances\/mode\/l-erotisme-des-estampes-japonaises-shunga-inspire-issey-miyake-247773#xtor=EREC                                                                             <\/p>\n<p>-&#8220;La m\u00e9thode Ken Loach&#8221; (Emilie Gavoille) : http:\/\/www.telerama.fr\/medias\/testez-la-methode-ken-loach-et-decouvrez-les-secrets-d-un-cineaste-palme-d-or,149271.php#xtor=EPR<\/p>\n<p><strong>-Le documentaire (vid\u00e9o. Passionnant !)<\/strong> : http:\/\/howtomakeakenloachfilm.com\/fr<\/p>\n<p>-Dans &#8220;Moi, Daniel Blake&#8221;, il continue de d\u00e9fendre les oubli\u00e9s du syst\u00e8me (C\u00e9cile Mury; vid\u00e9o) :                                                                                                                                                       http:\/\/www.telerama.fr\/cinema\/avec-moi-daniel-blake-ken-loach-garde-intacts-sa-colere-et-son-humanisme,149315.php#xtor=EPR<\/p>\n<p>-Ce que Thierry Gandillot pense du film (interrog\u00e9 par Patrick Poivre d&#8217;Arvor; son) : http:\/\/www.radioclassique.fr\/player\/progaction\/iniPlayer\/podcast\/2016-10-26-19-48-00.html<\/p>\n<p><strong>-&#8220;Etre com\u00e9dien, c&#8217;est \u00e9tudier la condition humaine&#8221; (Wendell Pierce, l&#8217;acteur de la s\u00e9rie &#8220;Wire&#8221; qui publie son autobiographie; propos recueillis par Pierre Langlais; vid\u00e9o) :  <\/strong>              http:\/\/www.telerama.fr\/series-tv\/wendell-pierce-acteur-de-the-wire-etre-comedien-c-est-etudier-la-condition-humaine,149157.php#xtor=EPR<\/p>\n<p>-Lucy Boynton, l&#8217;actrice r\u00e9v\u00e9lation du film de John Carney &#8220;Sing Street&#8221; (propos recueillis par Caroline Besse; vid\u00e9os) :                                                                                                                 http:\/\/www.telerama.fr\/cinema\/lucy-boynton-apres-sing-street-je-suis-devenue-une-grande-fan-de-duran-duran,149305.php#xtor=EPR<\/p>\n<p>-L&#8217;actrice fran\u00e7aise Laura Weissbecker, inconnue ici, star en Chine; invit\u00e9e de Thomas Sotto (vid\u00e9o) :                                                                                                                                                   http:\/\/www.europe1.fr\/emissions\/l-interview-verite\/laura-weissbecker-je-suis-la-chinoise-ideale-version-occidentale-2883836<\/p>\n<p>-L&#8217;actrice limougeaude L\u00e9a Miguel, r\u00e9v\u00e9l\u00e9e par &#8220;Un Village fran\u00e7ais (Odile Morain; vid\u00e9o) : http:\/\/culturebox.francetvinfo.fr\/tendances\/tele\/lea-miguel-l-actrice-limougeaude-revelee-par-un-village-francais-247933#xtor=EREC<\/p>\n<p>-&#8220;La Fille du train&#8221; de Tate Taylor, un ersatz faiblard de &#8220;Gone Girl&#8221; de David Fincher (Samuel Douhaire; vid\u00e9o) :                                                                                                                             http:\/\/www.telerama.fr\/cinema\/la-fille-du-train-un-ersatz-faiblard-de-gone-girl,149316.php#xtor=EPR<\/p>\n<p><strong>-La r\u00e9alisatrice Katell Quill\u00e9v\u00e9r\u00e9 a adapt\u00e9 &#8220;R\u00e9parer les vivants&#8221; de Maylis de Kerangal. Elle \u00e9tait l&#8217;invit\u00e9e d&#8217;Augustin Trapenard (son) <\/strong> :                                                                                      https:\/\/www.franceinter.fr\/emissions\/boomerang\/boomerang-27-octobre-2016<\/p>\n<p>-Emmanuelle Seigner, interpr\u00e8te du film, invit\u00e9e de &#8220;Quotidien&#8221; de Yann Barth\u00e8s (vid\u00e9o) : http:\/\/www.tf1.fr\/tmc\/quotidien-avec-yann-barthes\/videos\/l-interview-d-emmanuelle-seigner.html<\/p>\n<p>-Le projet de &#8220;Cit\u00e9 du Th\u00e9\u00e2tre&#8221; \u00e0 Paris : http:\/\/culturebox.francetvinfo.fr\/scenes\/le-projet-de-cite-du-theatre-en-trois-questions-247921#xtor=EREC<\/p>\n<p>-Muriel Robin, invit\u00e9e de &#8220;Quotidien&#8221; (vid\u00e9o) : http:\/\/www.tf1.fr\/tmc\/quotidien-avec-yann-barthes\/videos\/muriel-robin.html<\/p>\n<p>-&#8220;Les cadors du hip-hop envahissent la Seine-Saint-Denis&#8221; (Erwan Perron; vid\u00e9os) :                                                                                                                                                                            http:\/\/www.telerama.fr\/etats-genereux\/ces-stars-du-hip-hop-qui-investissent-la-seine-saint-denis,149190.php#xtor=EPR<\/p>\n<p>-Un mus\u00e9e Prince \u00e0 Minneapolis (Gilles Renault) : http:\/\/next.liberation.fr\/culture-next\/2016\/10\/26\/hommage-a-prince-paisley-park-pare-pour-l-invasion_1524255?xtor=EPR<\/p>\n<p><strong>-&#8220;Les Dessous f\u00e9minins&#8221; du chanteur  Lafayette (Rebecca Manzoni; vid\u00e9o) : <\/strong> https:\/\/www.franceinter.fr\/emissions\/pop-co\/pop-co-27-octobre-2016<\/p>\n<p>-Le trompettiste Georges Jouvin est mort \u00e0 l&#8217;\u00e2ge de 93 ans : http:\/\/next.liberation.fr\/culture-next\/2016\/10\/27\/georges-jouvin-a-bout-de-souffle_1524657<\/p>\n<p><strong>-Les azulejos de Lisbonne en danger (Odile Morain; vid\u00e9o) : <\/strong> http:\/\/culturebox.francetvinfo.fr\/expositions\/patrimoine\/les-azulejos-de-lisbonne-un-patrimoine-en-danger-247865#xtor=EREC<\/p>\n<p><strong>-Les photos de la semaine (EPIC) <\/strong>  : http:\/\/epic-stories.com\/selection-jeudi-60\/<\/p>\n<p>-Du street-art mis en vente aux ench\u00e8res \u00e0 Paris (Olivier Granoux) : http:\/\/www.telerama.fr\/sortir\/invader-futura-et-noe-two-dynamitent-la-vente-street-art-d-artcurial,149320.php#xtor=EPR<\/p>\n<p>-&#8220;La r\u00e9alit\u00e9 virtuelle est une tendance de fond qui va marquer les g\u00e9n\u00e9rations futures&#8221; (Jean-Claude Ghinozzi, pr\u00e9sident du Syndicat des \u00e9diteurs de logiciels de loisirs; interrog\u00e9 par Eric Delvaux; son) : https:\/\/www.franceinter.fr\/emissions\/l-invite-du-5-7\/l-invite-du-5-7-27-octobre-2016<\/p>\n<p><strong>-Le journaliste turc Can D\u00fcndar appelle l&#8217;Europe \u00e0 se mobiliser contre &#8220;la plus grade prison de journalistes du monde&#8221; (Jean-Jacques R\u00e9gibier) : <\/strong>                      http:\/\/www.humanite.fr\/can-dundar-appelle-leurope-se-mobiliser-contre-la-plus-grande-prison-de-journalistes-du-monde-619218 <\/p>\n<p>-Les m\u00e9dias sur &#8220;Snapchat Disconer&#8221; parlent-t-il vraiment aux ados ? (J\u00e9r\u00e9mie Maire) :                                                                                                                                                                 http:\/\/www.telerama.fr\/medias\/les-medias-sur-snapchat-discover-parlent-ils-aux-ados,148735.php#xtor=EPR<\/p>\n<p><strong>-L&#8217;historien Pierre Nora r\u00e9\u00e9dite &#8220;L&#8217;Histoire m\u00e9diatique&#8221;, en hommage \u00e0 Alain Decaux, son ami. Il \u00e9tait l&#8217;invit\u00e9 de Sonia Devillers (vid\u00e9o) <\/strong> :                                                                           http:\/\/www.dailymotion.com\/video\/x4zbtb6_pierre-nora-conversation-avec-alain-decaux_news<\/p>\n<p>-Sur France Inter, &#8220;la deuxi\u00e8me vie des r\u00e9fugi\u00e9s syriens en France&#8221; (Aude Dassonville) :                                                                                                                                                                      http:\/\/www.telerama.fr\/radio\/la-deuxieme-vie-des-refugies-syrien-en-france,148849.php#xtor=EPR<\/p>\n<p><strong>-Le reportage de Vanessa Descouraux dans &#8220;Interception&#8221; (son) : <\/strong> https:\/\/www.franceinter.fr\/emissions\/interception\/interception-11-septembre-2016<\/p>\n<p>-Les salari\u00e9s de i-T\u00e9l\u00e9 votent pour une 11e journ\u00e9e de gr\u00e8ve :                                                                                                                                                                                                            http:\/\/www.francetvinfo.fr\/economie\/medias\/crise-a-i-tele\/crise-a-i-tele-les-salaries-votent-la-poursuite-de-la-greve-pour-la-onzieme-journee-jusqu-a-vendredi-a-11-heures_1892469.html#xtor=EPR<\/p>\n<p><strong>-&#8220;No fucking pasaran sa m\u00e8re&#8221; (Fr\u00e9d\u00e9ric Beigbeder; vid\u00e9o) : <\/strong> http:\/\/www.dailymotion.com\/video\/x4zbh11_no-fucking-pasaran-sa-mere-le-billet-de-frederic-beigbeder_fun<\/p>\n<p>-&#8220;\u00c7a ne me d\u00e9range pas d&#8217;\u00eatre Hanouna-d\u00e9pendant&#8221; (Franck Appietto, directeur de C8; interrog\u00e9 par Thomas Joubert; son) :                                                                                                        http:\/\/www.europe1.fr\/emissions\/l-invite-medias\/franck-appietto-directeur-general-de-c8-ca-ne-me-derange-pas-detre-hanouna-dependant-2884019<\/p>\n<p>-&#8220;Le bon vieux temps des colonies&#8221; (Albert Algoud; vid\u00e9o) : http:\/\/www.dailymotion.com\/video\/x4zc4ul_l-indo-le-bon-vieux-temps-des-colonies-albert-algoud-a-tout-compris_fun<\/p>\n<p>-&#8220;La dr\u00f4le d&#8217;humeur&#8221; (Alison Wheeler; vid\u00e9o) : http:\/\/www.dailymotion.com\/video\/x4zc6ku_les-petits-plaisirs-de-la-vie-la-drole-d-humeur-d-alison-wheeler_fun<\/p>\n","protected":false},"excerpt":{"rendered":"<p>ACTUALITE -A la demande de l&#8217;ensemble des organisations syndicales, la direction de La Poste a accept\u00e9 de suspendre jusqu&#8217;au 14 d\u00e9cembre la r\u00e9organisation des m\u00e9tiers du courrier (la r\u00e9action de R\u00e9gis Blanchot, administrateur SUD PTT; son) : http:\/\/www.rtl.fr\/actu\/societe-faits-divers\/malaise-a-la-poste-regis-blanchot-reste-tres-prudent-7785478907 -La pr\u00e9sentation en Ile-de-France du plan &#8220;Grand froid&#8221;. Ce qu&#8217;en pense Ivan Mouton, porte-parole &#8220;d&#8217;Action Froid&#8221; (son) [&hellip;]<\/p>\n","protected":false},"author":1042,"featured_media":0,"comment_status":"open","ping_status":"open","sticky":false,"template":"","format":"standard","meta":{"_themeisle_gutenberg_block_has_review":false,"footnotes":""},"categories":[151],"tags":[],"class_list":["post-9960","post","type-post","status-publish","format-standard","hentry","category-la-revue-de-presse-de-lulu"],"_links":{"self":[{"href":"https:\/\/archives.regards.fr\/index.php?rest_route=\/wp\/v2\/posts\/9960","targetHints":{"allow":["GET"]}}],"collection":[{"href":"https:\/\/archives.regards.fr\/index.php?rest_route=\/wp\/v2\/posts"}],"about":[{"href":"https:\/\/archives.regards.fr\/index.php?rest_route=\/wp\/v2\/types\/post"}],"author":[{"embeddable":true,"href":"https:\/\/archives.regards.fr\/index.php?rest_route=\/wp\/v2\/users\/1042"}],"replies":[{"embeddable":true,"href":"https:\/\/archives.regards.fr\/index.php?rest_route=%2Fwp%2Fv2%2Fcomments&post=9960"}],"version-history":[{"count":0,"href":"https:\/\/archives.regards.fr\/index.php?rest_route=\/wp\/v2\/posts\/9960\/revisions"}],"wp:attachment":[{"href":"https:\/\/archives.regards.fr\/index.php?rest_route=%2Fwp%2Fv2%2Fmedia&parent=9960"}],"wp:term":[{"taxonomy":"category","embeddable":true,"href":"https:\/\/archives.regards.fr\/index.php?rest_route=%2Fwp%2Fv2%2Fcategories&post=9960"},{"taxonomy":"post_tag","embeddable":true,"href":"https:\/\/archives.regards.fr\/index.php?rest_route=%2Fwp%2Fv2%2Ftags&post=9960"}],"curies":[{"name":"wp","href":"https:\/\/api.w.org\/{rel}","templated":true}]}}