{"id":9957,"date":"2016-10-27T07:22:21","date_gmt":"2016-10-27T05:22:21","guid":{"rendered":"https:\/\/wp.muchomaas.com\/article-la-revue-du-27-octobre-2016\/"},"modified":"2023-06-23T23:23:18","modified_gmt":"2023-06-23T21:23:18","slug":"article-la-revue-du-27-octobre-2016","status":"publish","type":"post","link":"https:\/\/archives.regards.fr\/?p=9957","title":{"rendered":"La Revue du 27 octobre 2016"},"content":{"rendered":"<strong>ACTUALITE<\/strong>\n\n-Airbus H\u00e9licopters va supprimer 582 postes en France (Bruno Tr\u00e9vidic) :                                                                                                                                                                                                 http:\/\/www.lesechos.fr\/industrie-services\/air-defense\/0211433335392-airbus-helicopters-va-supprimer-582-postes-en-france-2038086.php\n\n-&#8220;Il reste environ 6 millions de ch\u00f4meurs, il faut donc \u00eatre prudent. Le secteur de l&#8217;informatique conna\u00eet un ch\u00f4mage presque nul&#8221; (Philippe Deljurie, cofondateur de M\u00e9t\u00e9o-job; interrog\u00e9 par Baptiste Gaborit; vid\u00e9o) : http:\/\/www.dailymotion.com\/video\/x4z4peh_le-secteur-de-l-informatique-connait-un-taux-de-chomage-presque-nul-philippe-deljurie-26-108-2016_news\n\n<strong>-Trois signes qui prouvent que \u00e7a va mal \u00e0 la Poste (Violaine Jossent) :   <\/strong>         http:\/\/www.francetvinfo.fr\/economie\/emploi\/carriere\/vie-professionnelle\/sante-au-travail\/suicides-absenteisme-alertes-de-cabinets-specialises-trois-signes-que-ca-va-mal-a-la-poste_1890845.html\n\n-Les ascenseurs en panne dans les HLM de la Seine-Saint-Denis (Fouad Ben Ahmed, fondateur du collectif &#8220;Plus sans ascenseur&#8221; son et vid\u00e9o)  :                                                                      http:\/\/www.sudradio.fr\/Podcasts\/L-invite-pour-comprendre\/Fouad-Ben-Ahmed-fondateur-du-collectif-Plus-sans-ascenseur                                                                                                           http:\/\/www.francetvinfo.fr\/economie\/immobilier\/logement-la-galere-des-ascenseurs_1890857.html\n\n-Les voitures sans conducteur ont pris la route (Yolaine de la Bigne; son) : http:\/\/www.sudradio.fr\/Podcasts\/Quelle-epoque-ethique\/Voitures-sans-conducteur-et-Intelligence-artificielle\n\n-&#8220;Comment lutter contre l&#8217;\u00e9rosion du littoral ?&#8221; (Nathalie Fontrel; son) : https:\/\/www.franceinter.fr\/emissions\/planete-environnement\/planete-environnement-26-octobre-2016\n\n<strong>-Fuite radioactive \u00e0 la centrale nucl\u00e9aire de Golfech (Yves Faucoup) : <\/strong> https:\/\/blogs.mediapart.fr\/yves-faucoup\/blog\/261016\/fuite-radioactive-golfech?utm_source=global&#038;utm_medium=social&#038;utm_campaign=SharingApp&#038;xtor=CS3-5    \n\n<strong>-&#8220;Le grand bond en avant des \u00e9nergies vertes&#8221; (vid\u00e9o) <\/strong> : http:\/\/www.francetvinfo.fr\/societe\/energies-vertes-le-grand-bond-en-avant_1891285.html            \n\n<strong>-La France \u00e0 la tra\u00eene   (Laurent Desbonnet; vid\u00e9o) :<\/strong> http:\/\/www.francetvinfo.fr\/economie\/energies-renouvelables-les-pays-qui-s-en-sortent-le-mieux_1891299.html                                                      \n\n<strong>-Viol, &#8220;que le passage de temps ne prot\u00e8ge plus les agresseurs&#8221; (Danielle Bousquet, pr\u00e9sidente du Haut Conseil de l&#8217;\u00e9galit\u00e9 entre les hommes et les femmes; Elisabeth Moiron-Braud, magistrate et Ernestine Ronai, responsable de l&#8217;Observatoire d\u00e9partemental des violences envers les femmes en Seine-Saint-Denis) <\/strong> :                                                                                                        http:\/\/www.liberation.fr\/debats\/2016\/10\/23\/que-le-passage-du-temps-ne-protege-plus-les-agresseurs_1523801\n\n-Produire du m\u00e9tal \u00e0 partir des plantes : http:\/\/www.radioclassique.fr\/player\/progaction\/iniPlayer\/podcast\/3-minutes-pour-la-planete-2016-10-26-06-48-50.html\n\n<strong>-R\u00e9mi Fraisse, deux ans apr\u00e8s&#8221; (vid\u00e9o)<\/strong> : http:\/\/www.francetvinfo.fr\/monde\/environnement\/barrage-de-sivens\/sivens-deux-ans-apres_1890873.html\n\n-Un camp en plein Paris (vid\u00e9o) : http:\/\/www.francetvinfo.fr\/monde\/europe\/migrants\/migrants-un-camp-en-plein-paris_1890839.html\n\n-&#8220;La jungle de Calais est d\u00e9sormais quasi-d\u00e9serte&#8221; (la ministre Emmanuelle Cosse; vid\u00e9o) : http:\/\/www.lcp.fr\/actualites\/cosse-la-jungle-de-calais-est-desormais-quasi-deserte\n\n-&#8220;L&#8217;heure des migrants fugitifs&#8221; (Richard Werly) :                                     https:\/\/www.letemps.ch\/monde\/2016\/10\/26\/calais-lheure-migrants-fugitifs?utm_source\n\n-&#8220;Les policiers demandent les moyens de faire leur m\u00e9tier&#8221; (C\u00e9line Berthon du syndicat des commissaires de police; interrog\u00e9e par Thomas Sotto; vid\u00e9o) :                                                                http:\/\/www.europe1.fr\/emissions\/l-interview-verite\/celine-berthon-les-policiers-demandent-les-moyens-de-faire-leur-metier-2882906\n\n-Les policiers municipaux aussi (Fabien Golfier; interrog\u00e9 par Dimitri Pavlenko; son) : http:\/\/www.sudradio.fr\/Podcasts\/L-invite-pour-comprendre\/Fabien-Golfier-secretaire-national-charge-de-la-FAFPT\n\n-&#8220;La place des policiers n&#8217;est pas dans la rue avec des cagoules&#8221; (Manuel Valls; vid\u00e9o) : http:\/\/www.lcp.fr\/actualites\/valls-la-place-des-policiers-nest-pas-dans-la-rue-avec-des-cagoules\n\n-Les mesures annonc\u00e9es par Bernard Cazeneuve (vid\u00e9o) :                         http:\/\/www.francetvinfo.fr\/societe\/manifestation-des-policiers\/colere-des-policiers-les-principales-mesures-du-plan-de-securite-publique-devoile-par-bernard-cazeneuve_1891223.html\n\n<em>-Ce qu&#8217;en pensent les Fran\u00e7ais (IFOP)<\/em>  : http:\/\/www.ifop.com\/?option=com_publication&#038;type=poll&#038;id=3534\n\n<em>-Le m\u00eame (ELABE) <\/em> : http:\/\/elabe.fr\/la-mobilisation-des-policiers\/\n\n<strong>-Le sociologue Farhad Khosrokhavar, auteur de &#8220;Prisons de France&#8221;, \u00e9tait l&#8217;invit\u00e9 du &#8220;Club de la Presse&#8221; d&#8217;Europe 1 (son)<\/strong> :                                                                                                                http:\/\/www.europe1.fr\/emissions\/le-club-de-la-presse\/europe-soir-le-club-de-la-presse-bruno-retailleau-et-farhad-khosrokhavar-25102016-2882459\n\n<strong>-Il \u00e9tait l&#8217;invit\u00e9 de &#8220;La Grande Table&#8221; sur France Culture (son) : <\/strong>                       https:\/\/www.franceculture.fr\/emissions\/la-grande-table-2eme-partie\/prison-la-grande-muette#xtor=EPR\n\n<strong>POLITIQUE<\/strong>\n\n-&#8220;Jean-Luc M\u00e9lenchon, meilleure chance de la gauche selon notre sondage&#8221; (Julien Absalon) : http:\/\/www.rtl.fr\/actu\/politique\/presidentielle-2017-melenchon-devient-la-meilleure-chance-de-la-gauche-7785446467\n\n<em>-Le sondage (SOFRES)<\/em> : http:\/\/www.fr.kantar.com\/elections\/presidentielle\/2017\/presidentielle-2017-intentions-de-vote-oct-2016\/\n\n-&#8220;C&#8217;est le seul vote cr\u00e9dible \u00e0 la pr\u00e9sidentielle de 2017&#8221; (Bruno Piriou et Ulysse Rabat\u00e9, \u00e9lus de Corbeil-Essonne) :                                                             https:\/\/blogs.mediapart.fr\/bruno-piriou\/blog\/261016\/jean-luc-melenchon-est-le-seul-vote-credible-la-presidentielle-de-2017\n\n-Beno\u00eet Hamon, d\u00e9put\u00e9 PS des Yvelines, \u00e9tait l&#8217;invit\u00e9 de Laurence Ferrari dans &#8220;Punchline&#8221; (vid\u00e9o) : http:\/\/www.c8.fr\/c8-info\/pid8591-c8-punchline.html?vid=1421395\n\n<strong>-&#8220;Contre tous les pronostics, nous pouvons repr\u00e9senter un espoir pour 2017. Pourquoi ? Parce que toutes les propositions de la droite, d&#8217;Alain Jupp\u00e9, de Nicolas Sarkozy, de Fran\u00e7ois Fillon ne rencontreront jamais l&#8217;adh\u00e9sion du peuple&#8221; (Manuel Valls, qui s&#8217;est dit &#8220;fier&#8221; du bilan de la pr\u00e9sidence Fran\u00e7ois Hollande et qui a accus\u00e9 S\u00e9gol\u00e8ne Royal, sur Notre-Dame-des-Landes, d&#8217;avoir affaibli l&#8217;autorit\u00e9 de l&#8217;Etat. Les zadistes veulent cr\u00e9er les conditions d&#8217;un drame pour qu&#8217;il y ait des martyrs&#8221;. Il  \u00e9tait l&#8217;invit\u00e9 de la matinale de France Inter. Il a r\u00e9pondu aux questions de Patrick Cohen et des auditeurs; vid\u00e9os) : <\/strong>  http:\/\/www.dailymotion.com\/video\/x4z4jo7_manuel-valls-contre-tous-les-pronostics-nous-pouvons-demain-representer-un-espoir_news   http:\/\/www.dailymotion.com\/video\/x4z4loa_manuel-valls-les-zadistes-veulent-creer-les-conditions-d-un-drame-qu-il-y-ait-des-martyrs_news\n\n-&#8220;Je refuse la pol\u00e9mique, je cherche les solutions&#8221; (S\u00e9gol\u00e8ne Royal; vid\u00e9o) :                                                                                                                                                                                                    http:\/\/www.lci.fr\/politique\/videos-accusee-par-valls-d-avoir-affaibli-l-autorite-de-l-etat-royal-refuse-de-polemiquer-2009528.html%3Ftype=content\n\n-&#8220;L&#8217;inversion de la courbe du ch\u00f4mage est l\u00e0&#8221; (Didier Guillaume, pr\u00e9sident du groupe socialiste au S\u00e9nat; invit\u00e9 de &#8220;Territoires d&#8217;Infos&#8221;; vid\u00e9o, amener le curseur sur 33:17) :                                    http:\/\/www.sudradio.fr\/Politique\/L-interview-politique\/Didier-Guillaume-L-inversion-de-la-courbe-du-chomage-est-la\n\n-Ch\u00f4mage, &#8220;le travail du gouvernement paie&#8221; (St\u00e9phane Le Foll; face \u00e0 Jeff Wittenberg; vid\u00e9o) :                                                                                                                                                     http:\/\/www.francetvinfo.fr\/economie\/emploi\/chomage\/4-verites-chomage-le-travail-du-gouvernement-paie-estime-le-foll_1890615.html\n\n-&#8220;La courbe s&#8217;est invers\u00e9e. Chaque mois, ce sont 10 000 personnes qui sortent du ch\u00f4mage. Fran\u00e7ois Hollande doit se pr\u00e9senter. Ce quinquennat est celui du redressement&#8221; (Fran\u00e7ois Rebsamen, maire PS de Dijon; interrog\u00e9 par Dimitri Rebsamen; son) : http:\/\/www.sudradio.fr\/Podcasts\/L-invite-pour-comprendre\/Francois-Rebsamen-Maire-PS-de-Dijon\n\n-&#8220;Il y a la n\u00e9cessit\u00e9 de poursuivre la politique engag\u00e9e et de ne pas revenir en arri\u00e8re&#8221; (Pascal Poquelin, d\u00e9put\u00e9 PS de Seine-Saint-Denis; interrog\u00e9 par Brigitte Boucher; vid\u00e9o, amener le curseur sur 5:29) : http:\/\/www.lcp.fr\/emissions\/politique-matin\/278977-la-matinale-du-26-octobre-2016\n\n-&#8220;500 000 retrait\u00e9s modestes ne paieront plus ou paieront moins de CSG&#8221; (la ministre Marisol Touraine; invit\u00e9e d&#8217;Elizabeth Martichoux; son) :                                                                               http:\/\/www.rtl.fr\/actu\/politique\/500-000-retraites-modestes-ne-paieront-pas-ou-paieront-moins-de-csg-annonce-marisol-touraine-7785453654\n\n<strong>-&#8220;La justice n&#8217;est pas laxiste. Quand un policier remet un d\u00e9linquant \u00e0 la justice, un autre travail commence, contradictoire. Les deux ont pour mission de prot\u00e9ger la soci\u00e9t\u00e9&#8221; (Le Garde des Sceaux Jean-Jacques Urvoas; invit\u00e9 de Jean-Jacques Bourdin; vid\u00e9o) :<\/strong> http:\/\/www.bfmtv.com\/mediaplayer\/video\/jean-jacques-urvoas-face-a-jean-jacques-bourdin-en-direct-879531.html\n\n<strong>-&#8220;Nous sommes rentr\u00e9s dans la d\u00e9cennie de la mont\u00e9e des nationaux-populismes en France comme dans l&#8217;ensemble de l&#8217;Europe et du monde occidental. On pourrait se r\u00e9veiller et avoir la clairvoyance de comprendre qu&#8217;il y a un mouvement qui est en train de se mettre en marche. Je crains une Assembl\u00e9e nationale avec 50 d\u00e9put\u00e9s socialistes et 80 du FN&#8221; (Jean-Christophe Cambad\u00e9lis, secr\u00e9taire du PS; vid\u00e9os) <\/strong> :                                                                                                                                                                                                                                                                http:\/\/www.lcp.fr\/la-politique-en-video\/cambadelis-anticipe-une-decennie-de-montee-du-national-populisme-dans-le-monde                                                                                                      http:\/\/www.lcp.fr\/la-politique-en-video\/2017-cambadelis-craint-une-assemblee-nationale-avec-50-deputes-socialistes       \n\n-&#8220;Manuel Valls est entra\u00een\u00e9 dans la chute&#8221; (Alba Ventura; vid\u00e9o) : http:\/\/www.rtl.fr\/actu\/politique\/manuel-valls-est-entraine-dans-la-chute-explique-alba-ventura-7785453621   \n\n<em>-Les Fran\u00e7ais et Emmanuel Macron (ELABE) :<\/em> http:\/\/elabe.fr\/emmanuel-macron\/\n\n-&#8220;Personne n&#8217;a de programme. Les Fran\u00e7ais aimeraient \u00e9lire un inconnu. Ils aimeraient faire table rase de la classe politique. De ce point de vue, Emmanuel Macron repr\u00e9sente le d\u00e9sir des Fran\u00e7ais de remplacer totalement leur classe politique. Les Fran\u00e7ais veulent une r\u00e9volution&#8221; (Jacques Attali, invit\u00e9 de la matinale de Franceinfo; vid\u00e9o) :                                                              http:\/\/www.dailymotion.com\/video\/x4z4u29_presidentielle-2017-pour-jacques-attali-personne-n-a-de-programme_news\n\n-&#8220;Fran\u00e7ois Hollande ne tombe pas d&#8217;un seul coup dans l&#8217;impopularit\u00e9. Pour un pr\u00e9sident, c&#8217;est au-del\u00e0 de l&#8217;humiliation. Manuel Valls fait le m\u00eame score que Fran\u00e7ois Hollande et ce dernier ne veut pas laisser la place&#8221; (Guillaume Tabard du &#8220;Figaro&#8221;; son) : http:\/\/www.radioclassique.fr\/player\/progaction\/initPlayer\/podcast\/ledito-politique-de-guillaume-tabard-2016-10-26-08-13-00.html\n\n-&#8220;Une des forces d&#8217;Alain Jupp\u00e9, c&#8217;est d&#8217;avoir une vision s\u00e9rieuse des finances publiques&#8221; (Herv\u00e9 Mariton, d\u00e9put\u00e9 LR de la Dr\u00f4me; interrog\u00e9 par Renaud Blanc; vid\u00e9o) :                                            http:\/\/www.dailymotion.com\/video\/x4z4nk9_une-des-forces-d-alain-juppe-c-est-d-avoir-une-vision-serieuse-des-finances-publiques-herve-mariton_news\n\n-Le projet de budget 2017, &#8220;des astuces en trompe l&#8217;oeil&#8221; (Olivier Carr\u00e9, d\u00e9put\u00e9 LR du Loiret, soutien de Bruno Le Maire; vid\u00e9o) :                                                                                                     http:\/\/videos.lesechos.fr\/lesechos\/invite-des-echos\/budget-2017-des-astuces-en-trompe-loeil-selon-olivier-carre-lr\/uzfv3l\n\n-&#8220;Il s&#8217;agit de profiter de la primaire pour proposer une alternative. Mes concurrents  regardent dans le r\u00e9troviseur alors que tout se transforme&#8221; (NKM, d\u00e9put\u00e9e LR de l&#8217;Essonne; interrog\u00e9e par Brigitte Boucher; vid\u00e9o, amener le curseur sur 32:10) : http:\/\/www.lcp.fr\/emissions\/politique-matin\/278977-la-matinale-du-26-octobre-2016\n\n-&#8220;Vous m&#8217;auriez interrog\u00e9 il y a un mois, c&#8217;\u00e9tait plus 55 000 ch\u00f4meurs&#8221; (G\u00e9rard Larcher, pr\u00e9sident LR du S\u00e9nat qui soutient Fran\u00e7ois Fillon; interrog\u00e9 par Fran\u00e7ois-Xavier M\u00e9nage; vid\u00e9o) : http:\/\/www.lci.fr\/replay\/replay-l-invite-politique-du-mercredi-26-octobre-gerard-larcher-2009515.html%3Ftype=content\n\n-&#8220;Un fantasme nomm\u00e9 Jupp\u00e9&#8221; (un livre d&#8217;Anna Cabana du JDD, invit\u00e9e d&#8217;Eric Delvaux; son) :  https:\/\/www.franceinter.fr\/emissions\/l-invite-du-5-7\/l-invite-du-5-7-26-octobre-2016\n\n-&#8220;Il s&#8217;interroge d\u00e9j\u00e0 sur les contours de sa future majorit\u00e9&#8221; (Thomas Legrand; son) : https:\/\/www.franceinter.fr\/emissions\/l-edito-politique\/l-edito-politique-26-octobre-2016\n\n-&#8220;Mitterrand le cynique, Hollande le microscopique&#8221; (Yves Thr\u00e9ard du &#8220;Figaro&#8221;; vid\u00e9o) :  http:\/\/www.europe1.fr\/emissions\/ledito-politique-dyves-threard\/mitterrand-le-cynique-hollande-le-microscopique-2882684\n\n-&#8220;Le FN n&#8217;est pas capable d&#8217;assurer tranquillit\u00e9 et paix sociale&#8221; (Jean-Fr\u00e9d\u00e9ric Poisson, d\u00e9put\u00e9 chr\u00e9tien-d\u00e9mocrate des Yvelines; interrog\u00e9 par Fr\u00e9d\u00e9ric Rivi\u00e8re; vid\u00e9o) :                                             http:\/\/www.rfi.fr\/video\/20161026-j-f-poisson-parti-chretien-le-fn-est-pas-capable-assurer-tranquillite-paix-sociale\n\n<em>-Les intentions de vote \u00e0 la primaire de la droite (HARRIS) : <\/em> http:\/\/www.francetvinfo.fr\/politique\/les-republicains\/primaire-de-la-droite\/primaire-a-droite-alain-juppe-creuse-l-ecart-face-a-nicolas-sarkozy-selon-un-sondage-harris-interactive-pour-france-televisions_1891377.html#xtor=EPR\n\n<strong>-&#8220;Moi Pr\u00e9sidente. Fatou, 23 ans de Bagneux. Avec Herv\u00e9 Pauchon (son) :  <\/strong> https:\/\/www.franceinter.fr\/emissions\/moi-president\/moi-president-26-octobre-2016\n\n<em>-Barom\u00e8tre de l&#8217;\u00e9lection pr\u00e9sidentielle (IFOP) :<\/em> http:\/\/www.ifop.com\/?option=com_publication&#038;type=poll&#038;id=3535\n\n<strong>EUROPE-MONDE<\/strong>\n\n-&#8220;Il est juste que la Wallonie ait son mot \u00e0 dire sur le CETA&#8221; (Udo Bullmann, eurod\u00e9put\u00e9 SPD allemand; propos recueillis par Albrecht Meier) :                                                                             http:\/\/www.euractiv.fr\/section\/innovation-entreprises\/interview\/udo-bullmann-correct-to-give-regions-say-on-ceta-deal\/?nl_ref=23534152\n\n<strong>-&#8220;Le CETA, c&#8217;est assez !&#8221; (Patrick Le Hyaric; pi\u00e8ce jointe);<\/strong>\n\n-&#8220;Chez nos amis belges, on a beaucoup discut\u00e9 publiquement du CETA. En France ce n&#8217;est pas le cas&#8221; (son) : http:\/\/www.sudradio.fr\/Podcasts\/Les-reportages-de-la-matinee\/CETA\n\n-&#8220;Les deux Belgique et le libre-\u00e9changisme&#8221; (Bernard Guetta; son) :  https:\/\/www.franceinter.fr\/emissions\/geopolitique\/geopolitique-26-octobre-2016\n\n<strong>-L&#8217;Union europ\u00e9enne se laisse distancer par la Chine et les Etats-Unis dans la course aux renouvelables (James Crisp) <\/strong> :                                                                                                              http:\/\/www.euractiv.fr\/section\/climat-environnement\/news\/eu-asleep-at-the-wheel-as-china-and-us-race-ahead-in-renewables\/?nl_ref=23534152        \n\n-&#8220;Il faut repenser la PAC qui a d\u00e9truit des emplois&#8221; (Eric Andrieu, eurod\u00e9put\u00e9 PS; propos recueillis par Aline Robert) :                                                                                                                                      http:\/\/www.euractiv.fr\/section\/all\/interview\/eric-andrieu-il-faut-repenser-la-pac-qui-a-detruit-des-emplois\/?nl_ref=23534152\n\n<strong>-&#8220;J&#8217;attends de l&#8217;Europe qu&#8217;elle tire vers le haut le droit de savoir&#8221; (Edwy Plenel, cofondateur de Mediapart; propos recueillis par Christophe Leclercq) <\/strong> :                                                                        http:\/\/www.euractiv.fr\/section\/langues-culture\/interview\/edwy-plenel-europe-needs-participative-media-against-populism\/?nl_ref=23534152                                                                            \n\n-Le Parlement europ\u00e9en l\u00e8ve l&#8217;immunit\u00e9 de Jean-Marie Le Pen. &#8220;Les Lituaniens  ont balay\u00e9 leur classe politique traditionnelle&#8221; (Hugues Beaudoin; son) :                                                      http:\/\/www.radioclassique.fr\/player\/progaction\/iniPlayer\/podcast\/2016-10-25-19-08-00.html\n\n-Jusqu&#8217;ici marginal, le parti &#8220;l&#8217;Union des Paysans et des Verts&#8221;  y a rafl\u00e9 la mise :                                                                                                                                                                                                          http:\/\/www.lemonde.fr\/europe\/article\/2016\/10\/23\/en-lituanie-conservateurs-et-centristes-devraient-evincer-les-sociaux-democrates-du-pouvoir_5018771_3214.html      \n\n-Matteo Renzi menace de veto le budget de l&#8217;Union europ\u00e9enne :  http:\/\/www.euractiv.fr\/section\/l-europe-dans-le-monde\/news\/matteo-renzi-menace-de-veto-le-budget-de-lue\/?nl_ref=23534152\n\n-L&#8217;Espagne franchit le seuil de 100% de dette publique : http:\/\/www.euractiv.fr\/section\/euro-finances\/news\/lespagne-franchit-le-seuil-de-100-de-dette-publique\/?nl_ref=23534152\n\n-&#8220;Les investisseurs attendent un accord  entre l&#8217;Union europ\u00e9enne et le Royaume-Uni comme celui avec la Suisse&#8221; (Samuel Morgan) :                                                                                                   http:\/\/www.euractiv.fr\/section\/royaume-uni-en-europe\/news\/post-brexit-uk-will-broker-swiss-style-deal-with-eu-investors-say\/?nl_ref=23534152                                                \n\n<strong>-&#8220;La Pologne, un nouveau leader en Europe ?&#8221; (Florent Parmentier, Cyrille Bret) : <\/strong> http:\/\/telos-eu.com\/fr\/vie-politique\/la-pologne-un-nouveau-leader-en-europe.html\n\n-Pour le Forum mondial r\u00e9uni en Islande, l&#8217;\u00e9galit\u00e9 salariale entre les hommes et les femmes devra attendre 170 ans (vid\u00e9o) :                                                                                                       http:\/\/www.francetvinfo.fr\/economie\/emploi\/salaires-l-egalite-hommes-femmes-effective-en-2186_1890901.html\n\n-Le responsable de la s\u00e9curit\u00e9 de la mosqu\u00e9e de Gen\u00e8ve est fich\u00e9 S (Laure Lugon Zugravu) : https:\/\/www.letemps.ch\/suisse\/2016\/10\/25\/mosquee-geneve-responsable-securite-fiche-s?utm_source\n\n<strong>-&#8220;Poutine, nous ne comptons plus assez pour l&#8217;impressionner&#8221; (Hubert V\u00e9drine; propos recueillis par Renaud D\u00e9ly) <\/strong> :                                                                                                                 http:\/\/www.marianne.net\/poutine-nous-ne-comptons-plus-assez-impressionner-hubert-vedrine-100247299.html?campaign_id=A100\n\n-A Saint-P\u00e9tersbourg, une banque de semences pourrait recr\u00e9er le patrimoine v\u00e9g\u00e9tal mondial (Nathalie Jollien) :                                                                                                                           https:\/\/www.letemps.ch\/sciences\/2016\/10\/25\/saintpetersbourg-une-banque-semences-pourrait-recreer-patrimoine-vegetal?utm_source\n\n-La lutte contre la corruption en Chine (vid\u00e9o) :                                     http:\/\/www.francetvinfo.fr\/monde\/chine\/chine-les-aveux-forces-des-dignitaires-du-regime_1891263.html\n\n<em>-L&#8217;\u00e9tat de la population 2016 (document du Fonds des Nations-Unies pour la population) <\/em> :  http:\/\/www.unfpa.org\/sites\/default\/files\/sowp\/downloads\/The_State_of_World_Population_2016_-_French.pdf\n\n<strong>CULTURE-MEDIAS<\/strong>\n\n<strong>-&#8220;1936, nouvelles images, nouveaux regards sur le Front populaire&#8221; au Mus\u00e9e de l&#8217;histoire vivante de Montreuil (93; visite avec S\u00e9verine Liatard et S\u00e9verine Cassar, en compagnie d&#8217;Eric Lafon, commissaire de l&#8217;exposition; son, amener le curseur sur 7:30) :<\/strong> https:\/\/www.franceculture.fr\/emissions\/la-fabrique-de-lhistoire\/1936-nouvelles-images-nouveaux-regards-sur-le-front-populaire \n\n-Jusqu&#8217;au 6 novembre \u00e0 la Maison de la Culture d&#8217;Amiens, &#8220;les F\u00ealures de la Grande guerre&#8221; (St\u00e9phanie Loeb; vid\u00e9o) :                                                                                                                        http:\/\/culturebox.francetvinfo.fr\/tendances\/histoire\/il-y-a-100-ans-la-premiere-guerre-mondiale\/paysages-casses-les-felures-de-la-grande-guerre-a-amiens-247805\n\n<strong>-&#8220;La r\u00e9volution hongroise de 1956&#8221; \u00e0 &#8220;La Marche de l&#8217;Histoire&#8221; de Jean Lebrun (invit\u00e9e, l&#8217;historienne Catherine Horel; son) <\/strong> :                                                                                              https:\/\/www.franceinter.fr\/emissions\/la-marche-de-l-histoire\/la-marche-de-l-histoire-26-octobre-2016\n\n<strong>-A l&#8217;occasion des 100 ans de la naissance de l&#8217;ancien pr\u00e9sident de la R\u00e9publique,  Hubert V\u00e9drine, pr\u00e9sident de l&#8217;Institut Fran\u00e7ois Mitterrand, \u00e9tait l&#8217;invit\u00e9 de \u00a8Mardi Politique&#8221;; vid\u00e9o) :<\/strong>               http:\/\/www.rfi.fr\/video\/20161025-hubert-vedrine-president-institut-francois-mitterrand\n\n-Il r\u00e9pondait aux questions de Jean-Pierre Elkabbach (vid\u00e9o) :                                                                                                                 http:\/\/www.europe1.fr\/emissions\/l-interview-politique\/centenaire-de-francois-mitterrand-hubert-vedrine-repond-aux-questions-de-jean-pierre-elkabbach-2882966\n\n\n<strong>-&#8220;Mitterrand n&#8217;\u00e9tait pas un homme de droite mais il n&#8217;\u00e9tait pas n\u00e9 \u00e0 gauche&#8221;  (Michel Charasse, membre du Conseil constitutionnel; interrog\u00e9 par L\u00e9a Salam\u00e9; vid\u00e9o) <\/strong> :                                              http:\/\/www.dailymotion.com\/video\/x4z4b52_michel-charasse-mitterrand-n-etait-pas-un-homme-de-droite-mais-il-n-etait-pas-ne-a-gauche_news\n\n-Dix citations : http:\/\/www.francetvinfo.fr\/politique\/en-images-francois-mitterrand-dix-citations-qui-prouvent-qu-il-pourrait-faire-de-la-politique-aujourd-hui_1257433.html\n\n-Au cin\u00e9ma cette semaine, l&#8217;Angleterre de Ken Loach et l&#8217;Irlande en musique (Thierry Gandillot; vid\u00e9o) :                                                                                                                            http:\/\/videos.lesechos.fr\/lesechos\/week-end\/langleterre-de-ken-loach-et-lirlande-en-musique-au-cinema-cette-semaine\/up03lf\n\n<strong>-Ken Loach et la politique (Alain Krivine du NPA; interrog\u00e9 par Laurence Perron; son) <\/strong> : https:\/\/www.franceinter.fr\/emissions\/grand-angle\/grand-angle-26-octobre-2016\n\n<strong>-&#8220;Un cin\u00e9aste en col\u00e8re&#8221; (un documentaire de Louise Osmond; vid\u00e9o pendant 5 jours) <\/strong> : http:\/\/www.arte.tv\/guide\/fr\/064202-000-A\/ken-loach-un-cineaste-en-colere?country=FR\n\n<strong>-Rigoletto de Verdi \u00e0 l&#8217;Op\u00e9ra Bastille, dans une mise en sc\u00e8ne de Claus Guth (vid\u00e9o int\u00e9grale) <\/strong> :                                                                                                                                  http:\/\/culturebox.francetvinfo.fr\/festivals\/operas-de-france\/rigoletto-de-verdi-a-l-opera-bastille-237943          \n\n<strong>-Les Chor\u00e9gies d&#8217;Orange retrouvaient La Traviata, mise en sc\u00e8ne par Louis Desire, avec Placido Domingo (vid\u00e9o int\u00e9grale) <\/strong> :                                                                                                                         http:\/\/culturebox.francetvinfo.fr\/live\/musique\/opera\/la-traviata-de-verdi-aux-choregies-d-orange-243409\n\n<strong>-Jusqu&#8217;au 29 janvier 2017, Beethoven \u00e0 la Philarmonie de Paris (vid\u00e9o) : <\/strong>       http:\/\/www.francetvinfo.fr\/culture\/expos\/sorties-beethoven-rock-star-du-classique_1891303.html\n\n-&#8220;50 ans de chansons fran\u00e7aises&#8221; par Yves Bigot, directeur de TV5 Monde (son) : http:\/\/www.sudradio.fr\/Podcasts\/L-invite-pour-comprendre\/Yves-Bigot-directeur-general-de-TV5-Monde\n\n<strong>-&#8220;Bruce Lee, vu avec les oreilles&#8221; (Rebecca Manzoni; vid\u00e9o) : <\/strong> http:\/\/www.dailymotion.com\/video\/x4z47zd_bruce-lee-vu-avec-les-oreilles-pop-co_music\n\n-Patrick Fernandez, l&#8217;auteur de &#8220;Born to be alive&#8221; (invit\u00e9 de Nathana\u00ebl de Rincquesen; vid\u00e9o) : http:\/\/www.francetvinfo.fr\/culture\/musique\/patrick-hernandez-toujours-alive_1890939.html\n\n-Quand Bordeaux se prend de passion pour le street-art  (Odile Morain; vid\u00e9o) :                                                                                                                                                                                    http:\/\/culturebox.francetvinfo.fr\/tendances\/street-art\/bordeaux-la-belle-endormie-se-prend-de-passion-pour-le-street-art-247837\n\n-Quand la musique flingue la t\u00e9l\u00e9 (Sonia Devillers; vid\u00e9o) : http:\/\/www.dailymotion.com\/video\/x4z433t_quand-la-musique-flingue-la-tele-l-instant-tele_music\n\n-A i-T\u00e9l\u00e9, la gr\u00e8ve est reconduite jusqu&#8217;\u00e0 jeudi 11H30) :                                                                                                                                                                                                                      http:\/\/www.francetvinfo.fr\/economie\/medias\/crise-a-i-tele\/crise-a-i-tele-la-greve-est-reconduite-pour-un-dixieme-jour-jusqu-a-jeudi-a-11h30_1890667.html\n\n<strong>-La solidarit\u00e9 de la CGT :<\/strong> http:\/\/www.cgt.fr\/Solidarite-avec-les-salaries-de-43914.html\n\n-Bataille entre les m\u00e9dias g\u00e9ants du sport (Marc Baudriller; son) : http:\/\/www.radioclassique.fr\/player\/progaction\/initPlayer\/podcast\/la-vie-des-medias-2016-10-26-07-39-15.html\n\n<strong>-Les m\u00e9dias, &#8220;c&#8217;est extraordinaire de d\u00e9couvrir un nouveau monde&#8221; (Jean-Louis Debr\u00e9, ancien pr\u00e9sident du Constitutionnel; interrog\u00e9 par Thomas Joubert; vid\u00e9o) <\/strong> :                            http:\/\/www.europe1.fr\/emissions\/l-invite-medias\/jean-louis-debre-cest-extraordinaire-de-decouvrir-un-nouveau-monde-2883083\n\n-&#8220;C \u00e0 vous&#8221; \u00e0 nouveau interrompu par des manifestants (J\u00e9r\u00f4me Ivanichtchenko; vid\u00e9o) :                                                                                                                                                            http:\/\/www.europe1.fr\/emissions\/le-fait-medias-du-jour\/c-a-vous-a-nouveau-interrompu-par-des-manifestants-2883047\n\n<strong>-&#8220;Patrick Buisson et le quatri\u00e8me pouvoir&#8221;. Vanessa Schneider et Ariane Chemin signent un documentaire gla\u00e7ant sur Patrick Buisson. Cette derni\u00e8re \u00e9tait l&#8217;invit\u00e9e de  Sonia Devillers (vid\u00e9o) :  <\/strong>  http:\/\/www.dailymotion.com\/video\/x4z5n3k_patrick-buisson-et-le-quatrieme-pouvoir_news\n\n-&#8220;Quand les politiques vont mal, la presse sert de bouc \u00e9missaire&#8221; (Benjamin Sportouch; son) :                                                                                                                                                                   http:\/\/www.rtl.fr\/actu\/politique\/quand-les-politiques-vont-mal-la-presse-sert-de-bouc-emissaire-estime-benjamin-sportouch-7785431360\n\n-&#8220;Les socialistes font toujours \u00e0 c\u00f4t\u00e9&#8221; (Fr\u00e9d\u00e9rick Sigrist; vid\u00e9o) :              http:\/\/www.dailymotion.com\/video\/x4yz4rx_les-socialistes-font-toujours-a-cote-la-drole-d-humeur-de-frederick-sigrist_fun         \n\n<strong>-&#8220;Les 4 Q&#8221; de &#8220;Quotidien&#8221;, l&#8217;\u00e9mission de Yann Barth\u00e8s (vid\u00e9o)<\/strong> : http:\/\/www.tf1.fr\/tmc\/quotidien-avec-yann-barthes\/videos\/4q-grosse-tension-france-inter.html\n\n-&#8220;Bient\u00f4t tous \u00e0 poil \u00e0 Paris&#8221; (vid\u00e9o) :  http:\/\/www.tf1.fr\/tmc\/quotidien-avec-yann-barthes\/videos\/bientot-a-poil-a-paris.html\n\n<strong>-&#8220;Valls dans l&#8217;ar\u00e8ne&#8221; (Nicole Ferroni: vid\u00e9o) <\/strong> : http:\/\/www.dailymotion.com\/video\/x4z4mqq_valls-dans-l-arene-le-billet-de-nicole-ferroni_fun\n<h2 class=\"wp-block-heading\">Documents joints<\/h2>\n\n\n\n<div class=\"wp-block-file\"><a href=\"https:\/\/wp.muchomaas.com\/wp-content\/uploads\/2016\/10\/edito-24-c2f.pdf\">edito-24.pdf<\/a><\/div>\n\n\n","protected":false},"excerpt":{"rendered":"<p>ACTUALITE -Airbus H\u00e9licopters va supprimer 582 postes en France (Bruno Tr\u00e9vidic) : http:\/\/www.lesechos.fr\/industrie-services\/air-defense\/0211433335392-airbus-helicopters-va-supprimer-582-postes-en-france-2038086.php -&#8220;Il reste environ 6 millions de ch\u00f4meurs, il faut donc \u00eatre prudent. Le secteur de l&#8217;informatique conna\u00eet un ch\u00f4mage presque nul&#8221; (Philippe Deljurie, cofondateur de M\u00e9t\u00e9o-job; interrog\u00e9 par Baptiste Gaborit; vid\u00e9o) : http:\/\/www.dailymotion.com\/video\/x4z4peh_le-secteur-de-l-informatique-connait-un-taux-de-chomage-presque-nul-philippe-deljurie-26-108-2016_news -Trois signes qui prouvent que \u00e7a va mal \u00e0 [&hellip;]<\/p>\n","protected":false},"author":1042,"featured_media":0,"comment_status":"open","ping_status":"open","sticky":false,"template":"","format":"standard","meta":{"_themeisle_gutenberg_block_has_review":false,"footnotes":""},"categories":[151],"tags":[],"class_list":["post-9957","post","type-post","status-publish","format-standard","hentry","category-la-revue-de-presse-de-lulu"],"_links":{"self":[{"href":"https:\/\/archives.regards.fr\/index.php?rest_route=\/wp\/v2\/posts\/9957","targetHints":{"allow":["GET"]}}],"collection":[{"href":"https:\/\/archives.regards.fr\/index.php?rest_route=\/wp\/v2\/posts"}],"about":[{"href":"https:\/\/archives.regards.fr\/index.php?rest_route=\/wp\/v2\/types\/post"}],"author":[{"embeddable":true,"href":"https:\/\/archives.regards.fr\/index.php?rest_route=\/wp\/v2\/users\/1042"}],"replies":[{"embeddable":true,"href":"https:\/\/archives.regards.fr\/index.php?rest_route=%2Fwp%2Fv2%2Fcomments&post=9957"}],"version-history":[{"count":0,"href":"https:\/\/archives.regards.fr\/index.php?rest_route=\/wp\/v2\/posts\/9957\/revisions"}],"wp:attachment":[{"href":"https:\/\/archives.regards.fr\/index.php?rest_route=%2Fwp%2Fv2%2Fmedia&parent=9957"}],"wp:term":[{"taxonomy":"category","embeddable":true,"href":"https:\/\/archives.regards.fr\/index.php?rest_route=%2Fwp%2Fv2%2Fcategories&post=9957"},{"taxonomy":"post_tag","embeddable":true,"href":"https:\/\/archives.regards.fr\/index.php?rest_route=%2Fwp%2Fv2%2Ftags&post=9957"}],"curies":[{"name":"wp","href":"https:\/\/api.w.org\/{rel}","templated":true}]}}