{"id":9951,"date":"2016-10-26T07:12:49","date_gmt":"2016-10-26T05:12:49","guid":{"rendered":"https:\/\/wp.muchomaas.com\/article-la-revue-du-26-octobre-2016\/"},"modified":"2023-06-23T23:23:17","modified_gmt":"2023-06-23T21:23:17","slug":"article-la-revue-du-26-octobre-2016","status":"publish","type":"post","link":"https:\/\/archives.regards.fr\/?p=9951","title":{"rendered":"La Revue du 26 octobre 2016"},"content":{"rendered":"<strong>ACTUALITE<\/strong>\n\n-&#8220;D\u00e9crue record du ch\u00f4mage en septembre&#8221; (Alain Ruello) : http:\/\/www.lesechos.fr\/economie-france\/social\/0211430090789-forte-decrue-du-chomage-en-septembre-2037793.php\n\n<strong>-&#8220;La baisse artificielle du ch\u00f4mage et  la mont\u00e9e r\u00e9elle de la pr\u00e9carit\u00e9&#8221; (la CGT) : <\/strong> http:\/\/www.cgt.fr\/La-baisse-artificielle-du-chomage.html\n\n-&#8220;Un bilan ch\u00f4mage du quinquennat tr\u00e8s n\u00e9gatif&#8221; (Fran\u00e7ois Lenglet; vid\u00e9o) :  http:\/\/www.francetvinfo.fr\/economie\/emploi\/chomage\/inversion-de-la-courbe-du-chomage-francois-hollande-a-t-il-reussi-son-pari_1889729.html\n\n-La r\u00e9action du Medef : http:\/\/lentreprise.lexpress.fr\/actualites\/1\/actualites\/reactions-du-medef-et-de-la-cgt-a-la-baisse-du-chomage-en-septembre_1844468.html\n\n-Des r\u00e9actions politiques : http:\/\/www.lemonde.fr\/politique\/article\/2016\/10\/25\/baisse-du-chomage-les-reactions-politiques_5020346_823448.html\n\n-Gilles Savary, d\u00e9put\u00e9 socialiste de la Gironde et Eric Woerth, d\u00e9put\u00e9 LR de l&#8217;Oise (vid\u00e9o) : http:\/\/www.bfmtv.com\/mediaplayer\/video\/le-chomage-repart-a-la-baisse-en-septembre-879421.html\n\nCe qui s&#8217;en est dit dans l&#8221;\u00e9mission d&#8217;Yves Calvi &#8220;24 heures en questions&#8221; (vid\u00e9o) : http:\/\/www.lci.fr\/replay\/replay-calvi-24-heures-en-questions-du-25-octobre-2016-les-chiffres-du-chomage-2009487.html%3Ftype=content\n\n-&#8220;Relever l&#8217;\u00e2ge de d\u00e9part \u00e0 la retraite serait inefficace sur le ch\u00f4mage&#8221; (Luc Peillon) :                                                                                                                                                                                  http:\/\/www.liberation.fr\/france\/2016\/10\/24\/relever-l-age-de-depart-a-la-retraite-bon-pour-le-pib-inefficace-sur-le-chomage_1524042?xtor=EPR\n\n<em>-Le rapport de la Direction g\u00e9n\u00e9rale du Tr\u00e9sor (document) :<\/em> http:\/\/www.cor-retraites.fr\/IMG\/pdf\/doc-3615.pdf\n\n-&#8220;Les malades chroniques en sont de plus en plus de leur poche&#8221; (G\u00e9rard Raymond, pr\u00e9sident de la F\u00e9d\u00e9ration fran\u00e7aise des diab\u00e9tiques; interrog\u00e9 par Dimitri Pavlenko; son) :                          http:\/\/www.sudradio.fr\/Podcasts\/L-invite-pour-comprendre\/Gerard-Raymond-president-de-la-Federation-Francaise-des-Diabetiques\n\n<strong>-&#8220;Cancer, les chiffres qui inqui\u00e8tent&#8221; (Sandrine Cabut, Gary Dagorn et St\u00e9phane Foucart; pi\u00e8ce jointe);<\/strong>\n\n-&#8220;Le Monde&#8221; les a d\u00e9cortiqu\u00e9s : http:\/\/www.lemonde.fr\/les-decodeurs\/visuel\/2016\/10\/25\/les-chiffres-des-principaux-cancers-decortiques_5019988_4355770.html           \n\n-&#8220;Paris est devenu l&#8217;embl\u00e8me de la paup\u00e9risation des Fran\u00e7ais, un boulet pour la France&#8221; (l&#8217;\u00e9conomiste Nicolas Baverez; interrog\u00e9 par Baptiste Gaborit; vid\u00e9o) :                               http:\/\/www.dailymotion.com\/video\/x4yxyz7_il-faut-travailler-sur-l-attractivite-de-paris-en-faire-une-ville-dans-son-siecle-nicolas-baverez-2_news\n\n-La moiti\u00e9 des propri\u00e9taires bailleurs parisiens sont dans l&#8217;ill\u00e9galit\u00e9 :                                                                                                                                                                                                             http:\/\/www.lemonde.fr\/immobilier\/article\/2016\/10\/25\/encadrement-des-loyers-parisiens-la-moitie-des-proprietaires-bailleurs-sont-dans-l-illegalite_5019627_1306281.html\n\n-&#8220;Un Fran\u00e7ais sur deux est en surpoids&#8221; (Pierre Le Hir) : http:\/\/www.lemonde.fr\/planete\/article\/2016\/10\/25\/un-francais-sur-deux-est-en-surpoids_5019615_3244.html#CfRw3iGS0wepQSeY.99\n\n<strong>-&#8220;Le cannabis fait un tabac en France&#8221; (Yolaine de la Bigne) <\/strong> : http:\/\/www.sudradio.fr\/Podcasts\/Quelle-epoque-ethique\/Le-cannabis-fait-un-tabac                                                                 \n\n<strong>-A la rencontre des H\u00e9brard, tailleurs de pierre depuis cinq g\u00e9n\u00e9rations (vid\u00e9o) <\/strong> :                                                                                                                                                                            http:\/\/www.francetvinfo.fr\/economie\/emploi\/metiers\/affaire-de-famille-a-la-rencontre-des-hebrard-tailleurs-de-pierre-depuis-cinq-generations_1886183.html#xtor=EPR\n\n-&#8220;La jungle&#8221; se vide avant d\u00e9molition : http:\/\/www.liberation.fr\/france\/2016\/10\/24\/la-jungle-se-vide-avant-demolition_1524077?xtor=EPR\n\n-Une premi\u00e8re journ\u00e9e d&#8217;\u00e9vacuation en 6 \u00e9tapes (vid\u00e9o) :                                                                                                                                                                                                                        http:\/\/www.liberation.fr\/video\/2016\/10\/24\/la-premiere-journee-d-evacuation-du-camp-de-calais-en-six-etapes_1523994?xtor=EPR\n\n<strong>-&#8220;Notre premier objectif est de sortir les migrants de la boue, du froid et de la mis\u00e8re&#8221; (la ministre Emmanuelle Cosse \u00e0 Nogent-le-Rotrou (28) qui accueille des r\u00e9fugi\u00e9s dans de petites unit\u00e9s; vid\u00e9o) <\/strong> :  http:\/\/www.bfmtv.com\/mediaplayer\/video\/demantelement-de-la-jungle-de-calais-notre-premier-objectif-est-de-sortir-les-migrants-de-la-boue-du-froid-et-de-la-misere-emmanuelle-cosse-879119.html\n\n-Chardonnay en Bourgogne en accueille 17 (vid\u00e9o) :\nhttp:\/\/nr.news-republic.com\/Web\/ArticleWeb.aspx?regionid=2&#038;articleid=75905490\n\n-A Paris, avec des migrants qui se m\u00e9fient des autorit\u00e9s et qui continuent de vouloir aller en Angleterre  (son) :                                                                                                                                http:\/\/www.sudradio.fr\/Podcasts\/Les-reportages-de-la-matinee\/Le-demantelement-de-la-jungle-de-Calais\n\n<strong>-&#8220;Et apr\u00e8s ?&#8221;, en d\u00e9bat dans &#8220;24 heures en questions&#8221; d&#8217;Yves Calvi (avec Laurent Giovannoni du Secours catholique; Johan Cavall\u00e9ro, CRS &#8220;d&#8217;Alliance police nationale&#8221;; le d\u00e9mographe Herv\u00e9 Le Bras et le politologue Dominique Reyni\u00e9; vid\u00e9o) <\/strong> : http:\/\/www.lci.fr\/replay\/replay-calvi-24-heures-en-questions-du-24-octobre-2016-le-demantelement-de-la-jungle-de-calais-2009326.html\n\n<strong>-Pascal Brice, le directeur g\u00e9n\u00e9ral de l&#8217;Ofpra, \u00e9tait l&#8217;invit\u00e9 de Jean-Pierre Elkabbach (vid\u00e9o) <\/strong> :                                                                                                                                                                http:\/\/www.europe1.fr\/emissions\/l-interview-politique\/demantelement-de-la-jungle-de-calais-demandeurs-dasile-pascal-brice-repond-aux-questions-de-jean-pierre-elkabbach-2881790\n\n<strong>-&#8220;Les myst\u00e8res de l&#8217;affaire Adama Traor\u00e9&#8221; (un reportage de BFM TV; vid\u00e9o) <\/strong> :                                                                                                                                                                                  http:\/\/www.bfmtv.com\/mediaplayer\/video\/les-mysteres-de-l-affaire-traore-879121.html\n\n<strong>POLITIQUE<\/strong>\n\n-&#8220;L&#8217;\u00e9cologie politique est la seule sortie de secours que l&#8217;on ait&#8221; (Mich\u00e8le Rivasi, eurod\u00e9put\u00e9e \u00e9cologiste, finaliste de la primaire, qui n&#8217;envisage pas d&#8217;alliance avec Jean-Luc M\u00e9lenchon; interrog\u00e9e par L\u00e9a Salam\u00e9; vid\u00e9os) :                                    https:\/\/www.franceinter.fr\/emissions\/l-invite-de-7h50\/l-invite-de-7h50-25-octobre-2016\n\n-&#8220;A Piketty et \u00e0 tous ceux qui sont tent\u00e9s par un vote Jupp\u00e9&#8221; (Li\u00eam Hoang-Ngoc, fondateur de la Nouvelle Gauche socialiste) :                                              http:\/\/www.liberation.fr\/debats\/2016\/10\/24\/a-piketty-et-a-tous-ceux-tentes-par-un-vote-juppe_1524011\n\n-&#8220;Fran\u00e7ois Hollande repr\u00e9sente la meilleure capacit\u00e9 de rassemblement&#8221; (Bruno Le Roux, pr\u00e9sident du groupe PS \u00e0 l&#8217;Assembl\u00e9e nationale; invit\u00e9 de la matinale de FracenInfo; vid\u00e9o) :    http:\/\/www.dailymotion.com\/video\/x4yy6iq_presidentielle-2017-pour-bruno-le-roux-francois-hollande-represente-la-meilleure-capacite-de-rassemb_news\n\n-&#8220;Il a tenu ses engagements&#8221; (Fran\u00e7ois Rebsamen; interrog\u00e9 par Bernard Poirette; son) :                                                                                                                                                                                http:\/\/www.rtl.fr\/actu\/politique\/chomage-hollande-a-tenu-ses-engagements-estime-rebsamen-7785447687\n\n-&#8220;Manuel Valls est coinc\u00e9, il ne peut pas se d\u00e9solidariser de Fran\u00e7ois Hollande&#8221; (Andr\u00e9 Bercoff; vid\u00e9o) :                                                                                                                                                   http:\/\/www.dailymotion.com\/video\/x4yy2m6_manuel-valls-est-coince-il-ne-peut-pas-se-desolidariser-de-francois-hollande-andre-bercoff-25-10-20_news\n\n<strong>-4% des Fran\u00e7ais sont satisfaits de l&#8217;action de Fran\u00e7ois Hollande selon l&#8217;enqu\u00eate du Cevipof (Jean-Baptiste de Montvallon) <\/strong> :                                                                                                            http:\/\/www.lemonde.fr\/politique\/article\/2016\/10\/25\/hollande-une-impopularite-record_5019914_823448.html\n\n<em>-&#8220;L&#8217;enqu\u00eate \u00e9lectorale fran\u00e7aise, comprendre 2017&#8221; (CEVIPOF, documents \u00e0 t\u00e9l\u00e9charger) :<\/em> http:\/\/www.enef.fr\/donn%C3%A9es-et-r%C3%A9sultats\/\n\n-&#8220;Pourquoi je soutiens Emmanuel Macron&#8221; (G\u00e9rard Collomb, s\u00e9nateur-maire PS de Lyon; interrog\u00e9 par Yves Calvi; vid\u00e9o, amener le curseur sur 1:06:20) : http:\/\/www.lci.fr\/replay\/replay-calvi-24-heures-en-questions-du-25-octobre-2016-les-chiffres-du-chomage-2009487.html%3Ftype=content\n\n-&#8220;Il faut d&#8217;abord d\u00e9noncer les accords du Touquet. Il faut reconduire \u00e0 la fronti\u00e8re les migrants ill\u00e9gaux. Le tiers de l&#8217;immigration l\u00e9gale sont des \u00e9tudiants qu&#8217;il faut accueillir. Pour les immigr\u00e9s \u00e9conomiques, je propose qu&#8217;on vote chaque ann\u00e9e des quotas. On a eu tort de r\u00e9duire le nombre de policiers. Je d\u00e9range beaucoup parce que j&#8217;ai des positions assez \u00e9quilibr\u00e9es. Le libre-\u00e9change est une bonne chose pour nos entreprises&#8221; (Alain Jupp\u00e9, invit\u00e9 de la matinale de France Inter. Il a r\u00e9pondu aux questions de Patrick Cohen et des auditeurs; vid\u00e9os) :                                                     http:\/\/www.dailymotion.com\/video\/x4yxnqk_alain-juppe-il-faut-d-abord-denoncer-les-accords-du-touquet_news                                                                                                                  http:\/\/www.dailymotion.com\/video\/x4yxtie_alain-juppe-je-derange-beaucoup-car-j-ai-des-positions-assez-equilibrees_news\n\n-&#8220;Je ne crois pas du tout que c&#8217;est gagn\u00e9. Bayrou ne sera jamais le premier ministre d&#8217;Alain Jupp\u00e9 puisqu&#8217;il n&#8217;appartient pas au parti le plus important de la majorit\u00e9.  Plus il y aura de votants, meilleur ce sera pour la primaire et pour celui qui la gagnera&#8221; (Edouard Philippe, d\u00e9put\u00e9 LR de Seine-Maritime, porte-parole d&#8217;Alain Jupp\u00e9; interrog\u00e9 par Renaud Blanc;  vid\u00e9o) :                                             http:\/\/www.dailymotion.com\/video\/x4yy0ee\n\n-&#8220;La mairie de Bordeaux fera son devoir d&#8217;accueil de r\u00e9fugi\u00e9s. Les situations irr\u00e9guli\u00e8res, c&#8217;est \u00e0 l&#8217;Etat de les assumer. Quand les policiers sont dans la rue, c&#8217;est qu&#8217;il y a quelque chose qui ne va pas pas \u00e0 la t\u00eate du pays. Fran\u00e7ois Bayrou n&#8217;est pas un paria de la R\u00e9publique&#8221; (Virginie Calmels, premi\u00e8re adjointe LR de Bordeaux; invit\u00e9e de &#8220;Territoires d&#8217;Infos&#8221;; vid\u00e9o) :                                                               http:\/\/www.sudradio.fr\/Politique\/L-interview-politique\/V.-Calmels-Francois-Bayrou-n-est-pas-un-paria-de-la-Republique\n\n-&#8220;Si la droite a perdu en 2012 et qu&#8217;elle veut gagner cette fois, il faut qu&#8217;elle fasse revenir des \u00e9lecteurs et des \u00e9lus, ce que ne favorisent pas les attaques contre Fran\u00e7ois Bayrou, \u00e9tendard parfait pour stimuler les d\u00e9sirs de vengeance des R\u00e9publicains&#8221;  &#8221; (Guillaume Tabard du &#8220;Figaro&#8221;; son) :                                                                                                                                                                               http:\/\/www.radioclassique.fr\/player\/progaction\/iniPlayer\/podcast\/ledito-politique-de-guillaume-tabard-2016-10-25-08-13-00.html\n\n-&#8220;Je soutiens les policiers. La France n&#8217;est plus une terre d&#8217;asile. Notre pays n&#8217;est m\u00eame plus recherch\u00e9  par ces pauvres gens. Je ne suis pas concern\u00e9 par la primaire de droite. Je suis \u00e0 la t\u00eate d&#8217;un groupe de presse, je ne peux plus m&#8217;engager comme avant. Je connais bien Bollor\u00e9, c&#8217;est un homme efficace. Macron a fait des meetings formidables mais il ne doit pas br\u00fbler les \u00e9tapes&#8221;  (Bernard Tapie, interrog\u00e9 par Jean-Jacques Bourdin; vid\u00e9o) :                                                                                                                                                                                                                                        http:\/\/www.bfmtv.com\/mediaplayer\/video\/bernard-tapie-face-a-jean-jacques-bourdin-en-direct-879169.html\n\n-Bernard Tapie vient mettre son grain de sel (vid\u00e9o) :                                                                                                                                                                                                                               http:\/\/rmc.bfmtv.com\/mediaplayer\/video\/qg-bourdin-2017-le-plan-de-bernard-tapie-contre-le-chomage-des-jeunes-marque-t-il-son-retour-en-politique-879149.html\n\n-&#8220;Pour sauver le PS aux l\u00e9gislatives, Jean-Christophe Cambad\u00e9lis pousse Manuel Valls si Hollande n&#8217;y allait pas&#8221; (Christophe Barbier; vid\u00e9o) :                                                                                   http:\/\/www.bfmtv.com\/mediaplayer\/video\/l-edito-de-christophe-barbier-presidentielle-2017-manuel-valls-est-il-pousse-par-le-ps-879145.html\n\n&#8211;<em>Les Fran\u00e7ais et les propositions \u00e9conomiques des candidats \u00e0 la primaire de la droite (ODOXA) <\/em> :                                                                                                                                                     http:\/\/www.odoxa.fr\/rdv-eco-primaire-de-droite-juppe-meilleur-candidat-en-termes-de-propositions-economiques\/\n\n-&#8220;Je fais le pari que ces migrants vont retourner tr\u00e8s vite \u00e0 Calais&#8221; (Eric Ciotti, d\u00e9put\u00e9 LR des Alpes-Maritimes, r\u00e9pondait aux questions de Fr\u00e9d\u00e9ric Rivi\u00e8re; vid\u00e9o) :                                          http:\/\/www.rfi.fr\/video\/20161024-eric-ciotti-je-fais-le-pari-ces-migrants-vont-retourner-tres-vite-calais\n\n-&#8220;Tout le monde lui tire dessus (Nicolas Sarkozy). Cliver, c&#8217;est apaiser, c&#8217;est dire la v\u00e9rit\u00e9, c&#8217;est choisir. Fran\u00e7ois Bayrou n&#8217;a jamais fait de r\u00e9formes de sa vie. S&#8217;allier avec lui, c&#8217;est choisir l&#8217;immobilisme. On n&#8217;a pas besoin d&#8217;un Hollande de droite&#8221; (Eric Woerth, d\u00e9put\u00e9 LR de l&#8217;Oise; interrog\u00e9 par Fran\u00e7ois-Xavier M\u00e9nage; vid\u00e9o) : http:\/\/www.lci.fr\/replay\/replay-l-invite-politique-du-25-octobre-2016-eric-woerth-2009351.html\n\n-&#8220;Cop\u00e9 devrait arr\u00eater les pains au chocolat&#8221; (Yves Thr\u00e9ard du &#8220;Figaro&#8221;; vid\u00e9o) : http:\/\/www.europe1.fr\/emissions\/ledito-politique-dyves-threard\/cope-devrait-arreter-les-pains-au-chocolat-2881604\n\n-&#8220;Calais de nouveau se remplira. Le droit d&#8217;asile est une nouvelle fili\u00e8re d&#8217;immigration clandestine&#8221; (Marion Mar\u00e9chal-Le Pen, d\u00e9put\u00e9e FN du Vaucluse; interrog\u00e9e par Elizabeth Martichoux; vid\u00e9os) :          http:\/\/www.rtl.fr\/actu\/politique\/pour-marion-marechal-le-pen-le-droit-d-asile-c-est-devenu-une-nouvelle-filiere-d-immigration-clandestine-7785435666?utm_campaign\n\n-&#8220;On pourrait imaginer que l&#8217;ONU, dans les pays proches des champs de bataille, s&#8217;occupe de ces migrants. Cherchons des solutions qui maintiennent ces populations l\u00e0-bas. Nous n&#8217;avons pas les moyens de les accueillir. A Fr\u00e9jus, ces moyens je les r\u00e9serve \u00e0 la population locale. C&#8217;est nous qui avons install\u00e9 les islamistes au pouvoir&#8221; (David Rachline, directeur de la campagne de Marine Le Pen; interrog\u00e9 par Yves Calvi; vid\u00e9o, amener le curseur sur 1:05:46) :  http:\/\/www.lci.fr\/replay\/replay-calvi-24-heures-en-questions-du-24-octobre-2016-le-demantelement-de-la-jungle-de-calais-2009326.html\n\n<em>-Les intentions de vote au premier tour de l&#8217;\u00e9lection pr\u00e9sidentielle (SOFRES) : <\/em> http:\/\/www.lci.fr\/elections\/sondage-lci-presidentielle-2017-comme-francois-hollande-manuel-valls-serait-humilie-au-1er-tour-2009421.html\n\n<strong>EUROPE-MONDE<\/strong>\n\n-&#8220;En refusant de signer, la Wallonie pourrait bien ouvrir une voie nouvelle&#8221; (Laurent Joffrin) : http:\/\/www.liberation.fr\/planete\/2016\/10\/24\/humaniser_1524090?xtor=EPR\n\n-Ce qu&#8217;en disent les m\u00e9dias belges (vid\u00e9o) : http:\/\/www.liberation.fr\/video\/2016\/10\/24\/comment-les-medias-belges-evoquent-le-ceta_1523973?xtor=EPR\n\n-Malgr\u00e9 le non belge, &#8220;sommet toujours possible&#8221; (Georgi Gotev) : http:\/\/www.euractiv.fr\/section\/innovation-entreprises\/news\/belgium-cannot-sign-ceta-pm-michel-admits\/?nl_ref=23424136\n\n-&#8220;L&#8217;Europe perd de sa cr\u00e9dibilit\u00e9&#8221; (Ram Etwareea) : https:\/\/www.letemps.ch\/monde\/2016\/10\/24\/face-canada-monde-lunion-europeenne-perd-credibilite?utm_campaign\n\n<strong>-&#8220;Le CETA en sursis&#8221; (la CGT)<\/strong> : http:\/\/www.cgt.fr\/Le-CETA-en-sursis.html\n\n-&#8220;La Wallonie ne se pliera \u00e0 aucun ultimatum&#8221; (Andr\u00e9 Antoine, pr\u00e9sident du Parlement wallon (vid\u00e9o) : http:\/\/nr.news-republic.com\/Web\/ArticleWeb.aspx?regionid=2&#038;articleid=75882048\n\n-&#8220;Les Wallons veulent de la clart\u00e9&#8221; (Daniel Cohn-Bendit; vid\u00e9o) : http:\/\/www.europe1.fr\/emissions\/l-humeur\/les-wallons-veulent-de-la-clarte-2881757\n\n-&#8220;Un rat\u00e9 monumental de l&#8217;Union europ\u00e9enne&#8221; : https:\/\/www.letemps.ch\/monde\/2016\/10\/25\/ceta-un-rate-monumental-lue\n\n<strong>-&#8220;Le grain de sable Wallon et la machine europ\u00e9enne&#8221; (Paul Magnette et Fr\u00e9d\u00e9ric Says; sons) :<\/strong> http:\/\/culturebox.francetvinfo.fr\/expositions\/evenements\/le-mucem-couleur-cafe-247833#xtor=EREC\n\n-La r\u00e9gion de Bruxelles s&#8217;est ajout\u00e9e \u00e0 la Wallonie. En Espagne, beaucoup d&#8217;\u00e9lecteurs socialistes n&#8217;acceptent pas le choix du PSOE de laisser gouverner la droite qui continue pour certains \u00e0 \u00eatre assimil\u00e9e au franquisme (Hughes Beaudoin; son) : http:\/\/www.radioclassique.fr\/player\/progaction\/iniPlayer\/podcast\/2016-10-24-19-08-00.html\n\n-&#8220;La preuve par l&#8217;Espagne&#8221; (Bernard Guetta; son) : https:\/\/www.franceinter.fr\/emissions\/geopolitique\/geopolitique-25-octobre-2016\n\n<strong>-&#8220;Sans l&#8217;euro d\u00e9cid\u00e9 par Fran\u00e7ois Mitterrand, la France irait plus mal. La France a enti\u00e8rement raison d&#8217;\u00eatre dans le Sahel. En Irak et en Syrie, notre pr\u00e9sence nous offre la possibilit\u00e9 de revenir dans le jeu politique pour l&#8217;apr\u00e8s-guerre &#8221; (Hubert V\u00e9drine; interrog\u00e9 par Jeff Wittenberg; vid\u00e9o) <\/strong> :                                                                                                                                    http:\/\/www.francetvinfo.fr\/monde\/mali\/guerre-au-mali\/4-verites-vedrine-sans-l-euro-decide-par-mitterrand-la-france-irait-plus-mal_1889049.html\n\n-&#8220;Nous sommes pour une PAC simple qui nous permette de dormir la nuit&#8221; (Martin Merrild, pr\u00e9sident de l&#8217;Association des agriculteurs europ\u00e9ens; propos recueillis par Fernando Heller) :        http:\/\/www.euractiv.fr\/section\/agriculture-alimentation\/interview\/pour-une-pac-simple-qui-nous-permette-de-dormir-la-nuit\/?nl_ref=23424136\n\n-Les agriculteurs trouvent les freins ABS trop chers pour leurs tracteurs (Sarantis Michalopoulos) :                                                                                                                                                 http:\/\/www.euractiv.fr\/section\/agriculture-alimentation\/news\/les-agriculteurs-ne-veulent-pas-de-freins-abs-pour-les-tracteurs\/?nl_ref=23424136\n\n-Promotion europ\u00e9enne de la consommation de viande et sant\u00e9 (Olga Kikou) :                                                                                                                                                                                      http:\/\/www.euractiv.fr\/section\/agriculture-alimentation\/opinion\/the-eus-promotion-of-meat-consumption-is-misguided-mr-hogan\/?nl_ref=23424136\n\n<strong>-&#8220;Oxfam d\u00e9nonce le d\u00e9tournement de l&#8217;aide au d\u00e9veloppement vers la s\u00e9curit\u00e9&#8221; (Natalia Alonso, vice-directrice du bureau bruxellois d&#8217;Oxfam; entretien r\u00e9alis\u00e9 par Matthew Tempest) :   <\/strong>           http:\/\/www.euractiv.fr\/section\/aide-au-developpement\/interview\/weekend-or-monoxfam-our-red-lines-on-securitisation-and-conditionality-of-eu-aid\/?nl_ref=23424136\n\n-&#8220;La Suisse doit accueillir beaucoup plus de Syriens&#8221; (Carla Del Ponte, membre de la commission d&#8217;observation pour l&#8217;ONU) :                                                                                                       https:\/\/www.letemps.ch\/suisse\/2016\/10\/24\/carla-del-ponte-suisse-accueillir-beaucoup-plus-syriens?utm_source\n\n-Bruxelles propose de relever les limites d&#8217;\u00e9missions des v\u00e9hicules (Arthur Neslen) :                                                                                                                                                                                    http:\/\/www.euractiv.fr\/section\/transport\/news\/petrol-cars-allowed-to-exceed-pollution-limits-by-50-under-draft-eu-laws\/?nl_ref=23424136\n\n-&#8220;La d\u00e9pollution du transport maritime se profile&#8221; (Val\u00e9ry Laram\u00e9e de Tannenberg) :                                                                                                                                                                              http:\/\/www.euractiv.fr\/section\/climat-environnement\/news\/la-depollution-du-transport-maritime-se-profile\/?nl_ref=23424136\n\n-&#8220;Nous n&#8217;avons que r\u00e9cemment re\u00e7u l&#8217;accord du gouvernement fran\u00e7ais pour prendre en charge des enfants&#8221; venus de Calais (Amber Ruud, ministre de l&#8217;Int\u00e9rieur britannique; cit\u00e9 par Sonia Delesalle-Stolper) : http:\/\/www.liberation.fr\/france\/2016\/10\/24\/calais-londres-se-defend-sur-les-mineurs-isoles_1524047?xtor=EPR\n\n-Theresa May d\u00e9nonce les bombardements russes \u00e0 Alep (James Crisp) :                                                                                                                                                                                                http:\/\/www.euractiv.fr\/section\/politique\/news\/theresa-may-defends-eu-response-to-bombing-of-aleppo-as-russian-warships-sail-in-the-english-channel\/?nl_ref=23424136\n\n-&#8220;J&#8217;esp\u00e8re que l&#8217;Europe et le Royaume-Uni sauront emp\u00eacher le Brexit&#8221; (le prix Nobel d&#8217;\u00e9conomie Jean Tirole; propos recueillis par Fr\u00e9d\u00e9ric Simon) :                                                                  http:\/\/www.euractiv.fr\/section\/euro-finances\/interview\/jean-tirole-jespere-que-leurope-et-le-royaume-uni-sauront-empecher-le-brexit\/?nl_ref=23424136\n\n-D\u00e9couvrir l&#8217;Ecosse en bondissant avec Danny MacAskill (Romain Capelle; vid\u00e9os) :                                                                                                                                                               http:\/\/television.telerama.fr\/television\/l-ecosse-a-portee-de-roues,148867.php#xtor=EPR\n\n<strong>-De retour de Mossoul, Fr\u00e9d\u00e9ric de Saint Sernin, directeur de l&#8217;ONG Acted, interrog\u00e9 par Dimitri Pavlenko (son)<\/strong> :                                                                                                                               http:\/\/www.sudradio.fr\/Podcasts\/L-invite-pour-comprendre\/Frederic-de-Saint-Sernin-directeur-general-delegue-de-l-ONG-Acted\n\n-&#8220;On ne peut pas reproduire Alep. Mossoul devra \u00eatre reconquise rue par rue&#8221; (Patricia Adam, d\u00e9put\u00e9e PS du Finist\u00e8re, pr\u00e9sidente de la commission de la D\u00e9fense de l&#8217;Assembl\u00e9e nationale; interrog\u00e9e par Fr\u00e9d\u00e9ric Rivi\u00e8re; vid\u00e9o) : http:\/\/www.rfi.fr\/video\/20161025-patricia-adam-ps-on-veut-pas-reproduire-alep-mossoul-devra-etre-reconquise-rue-rue\n\n<strong>-Le Burkina Faso se passera du coton de Monsanto (vid\u00e9o) :               <\/strong>    http:\/\/www.francetvinfo.fr\/economie\/emploi\/metiers\/agriculture\/ogm-le-burkina-faso-va-se-passer-du-coton-de-monsanto_1889731.html\n\n-Au Venezuela, le parlement, contr\u00f4l\u00e9 par l&#8217;opposition, engage une proc\u00e9dure de destitution contre le pr\u00e9sident Maduro :                                                        http:\/\/www.lemonde.fr\/ameriques\/article\/2016\/10\/25\/venezuela-le-parlement-vote-pour-un-proces-en-destitution-contre-le-president-maduro_5020357_3222.html#xtor=AL-32280270                                                                                                         \n\n-2016, ann\u00e9e record pour le CO2 dans l&#8217;atmosph\u00e8re (vid\u00e9o) : http:\/\/nr.news-republic.com\/Web\/ArticleWeb.aspx?regionid=2&#038;articleid=75911540\n\n-Le point de vue G\u00e9raud Guibert, pr\u00e9sident de la Fabrique \u00e9cologique (son) :                                                                                                                                                                                 http:\/\/www.sudradio.fr\/Podcasts\/L-invite-pour-comprendre\/Geraud-Guibert-president-de-la-Fabrique-Ecologique\n\n<strong>-&#8220;Les grandes tendances du cancer dans le monde&#8221; (Christopher Wild, directeur du Centre international de recherche sur le cancer) :  <\/strong>                                       http:\/\/www.lemonde.fr\/sante\/article\/2016\/10\/25\/cancer-on-observe-un-changement-des-comportements-a-risque-dans-les-pays-en-developpement_5019999_1651302.html\n\n<strong>-Jean-Luc M\u00e9lenchon au Conseil des Droits de l&#8217;Homme de l&#8217;ONU (vid\u00e9o) :  <\/strong>      https:\/\/www.youtube.com\/watch?v=y2afi_kXDCg\n\n<strong>CULTURE-MEDIAS<\/strong>\n\n<strong>-A Paris, inauguration du monument en hommage aux Brigades internationales (vid\u00e9o) :<\/strong> https:\/\/www.youtube.com\/watch?v=H1RaFRT4KgY&#038;feature=youtu.be\n\n-&#8220;La trag\u00e9die des Brigades internationales&#8221; (un documentaire de Patrick Rotman; vid\u00e9o) : http:\/\/www.arte.tv\/guide\/fr\/058378-000-A\/la-tragedie-des-brigades-internationales?country=FR\n\n-Apr\u00e8s &#8220;La M\u00e9diocratie&#8221;, Alain Deneault fustige &#8220;la politique de l&#8217;extr\u00eame-centre&#8221; : http:\/\/www.telerama.fr\/idees\/apres-la-mediocratie-alain-deneault-fustige-la-politique-de-l-extreme-centre,148898.php\n\nMarcus Malte, prix F\u00e9mina 2016 pour &#8220;Le Gar\u00e7on&#8221; (vid\u00e9o) :                          http:\/\/culturebox.francetvinfo.fr\/livres\/la-rentree-litteraire\/marcus-malte-remporte-le-prix-femina-2016-avec-le-garcon-247845#xtor=EREC-15\n\n-Les quatre finalistes du Goncourt : http:\/\/culturebox.francetvinfo.fr\/livres\/la-rentree-litteraire\/prix-goncourt-gael-faye-parmi-les-quatre-finalistes-247841#xtor=EREC\n\n-Cinq romanciers dans l&#8217;ultime s\u00e9lection du Renaudot :                                    http:\/\/culturebox.francetvinfo.fr\/livres\/la-rentree-litteraire\/prix-renaudot-cinq-romanciers-dans-l-ultime-selection-247825#xtor=EREC\n\n-Picasso et Giacometti, ils se sont tant aim\u00e9s&#8230;et d\u00e9test\u00e9s&#8221; (Olivier Cena) :  http:\/\/www.telerama.fr\/sortir\/picasso-et-giacometti-ils-se-sont-tant-aimes-et-detestes,148872.php#xtor=EPR\n\n<strong>-L&#8217;artiste italien Maurizion Cattelan est \u00e0 la monnaie de Paris (vid\u00e9o) : <\/strong> http:\/\/www.rfi.fr\/video\/20161024-maurizio-cattelan-est-monnaie-paris-son-exposition-not-afraid-of-love\n\n&#8211;<strong>Jusqu&#8217;au 23 janvier 2017, au Mucem de Marseille, &#8220;une exposition fort de caf\u00e9&#8221; (St\u00e9phanie Loeb; vid\u00e9o) : <\/strong>                                                                             http:\/\/culturebox.francetvinfo.fr\/expositions\/evenements\/le-mucem-couleur-cafe-247833#xtor=EREC\n\n-Fran\u00e7ois Rollin, invit\u00e9 de &#8220;Passion classique&#8221; d&#8217;Olivier Bellamy (son) :  http:\/\/www.radioclassique.fr\/player\/progaction\/iniPlayer\/podcast\/pour-podcast-important-fcache-2016-10-24-18-02-57.html\n\n-Le jeune compositeur fran\u00e7ais S\u00e9bastien Roux revisite la musique de Beethoven (Olivier Lamm; sons) :                                                                                                                                  http:\/\/next.liberation.fr\/musique\/2016\/10\/25\/le-son-du-jour-36-sebastien-roux_1523977?xtor=EPR\n\n-Apr\u00e8s le brillant conte musical &#8220;Fr\u00e8re animal&#8221;, Florent Marchet et Arnaud Cathrine proposent &#8220;Second Tour&#8221;, plong\u00e9e dans une France rong\u00e9e par le ch\u00f4mage et la mont\u00e9e de l&#8217;extr\u00eame-droite (propos recueillis par Val\u00e9rie Lehoux) : http:\/\/www.telerama.fr\/musique\/frere-animal-ne-changera-pas-le-monde-mais-il-n-existera-pas-pour-rien,145802.php\n\n<strong>-Val\u00e9rie Lehoux avait \u00e9cout\u00e9 &#8220;Fr\u00e8re animal&#8221; (son) <\/strong> : http:\/\/www.telerama.fr\/musique\/frere-animal-de-florent-marchet-et-arnaud-cathrine,28189.php\n\n<strong>-La campagne de l&#8217;\u00e9lection pr\u00e9sidentielle 2017 vue par Arnaud Cathrine (sons) :<\/strong> http:\/\/www.telerama.fr\/idees\/presidentielle-j-27-la-campagne-vue-par-l-ecrivain-arnaud-cathrine,79012.php\n\n<strong>-Pete Burns, le chanteur de Dead or Alive, est mort (Hugo Cassavetti; vid\u00e9os) :<\/strong>  http:\/\/www.telerama.fr\/musique\/pete-burns-le-chanteur-de-dead-or-alive-est-mort%2C149270.php?utm_campaign\n\n<strong>-Le blues californien de Seasick Steve (Rebecca Manzoni; vid\u00e9o) : <\/strong> http:\/\/www.dailymotion.com\/video\/x4yxa2b_le-blues-californien-de-seasick-steve-pop-co_music\n\n-Le Thriller &#8220;Burkland&#8221; a rafl\u00e9 deux prix au &#8220;Marseille Web Fest&#8221; (H\u00e9l\u00e8ne Rochette; vid\u00e9os) :                                                                                                                                                         http:\/\/television.telerama.fr\/television\/le-thriller-burkland-rafle-deux-prix-au-marseille-web-fest,149151.php\n\n-Jusqu&#8217;au 28 octobre, avec les com\u00e9diens du Fran\u00e7ais, Tintin revient en feuilleton sur France Culture avec &#8220;Le Lotus bleu&#8221; :                                                                                                          http:\/\/www.telerama.fr\/radio\/tintin-revient-en-feuilleton-sur-france-culture-avec-le-lotus-bleu,149097.php\n\n<strong>-Tous les \u00e9pisodes sont ici (sons) :<\/strong> https:\/\/www.franceculture.fr\/emissions\/fictions-le-feuilleton\/les-aventures-de-tintin-le-lotus-bleu\n\n-Du lundi au vendredi sur France Inter, \u00e0 15H05, &#8220;Affaires sensibles&#8221; de Fabrice Drouelle (Aude Dassonville) :                                                                                                                                   http:\/\/www.telerama.fr\/radio\/affaires-sensibles-la-cinquieme-republique-a-la-une,148844.php\n\n-&#8220;J&#8217;ai toujours v\u00e9cu avec exag\u00e9ration&#8221; (Fanny Ardant dans &#8220;A voix nue&#8221; sur France Culture&#8221; (Vincent Remy) :                                                                                                                                                      http:\/\/www.telerama.fr\/radio\/fanny-ardant-sur-france-culture-j-ai-toujours-vecu-avec-exageration,148846.php\n\n<strong>-Dans la m\u00eame \u00e9mission, avec H\u00e9l\u00e8ne Hazera, en 2003, Anne Sylvestre (son) <\/strong> :                                                                                                                                                                                    https:\/\/www.franceculture.fr\/emissions\/les-nuits-de-france-culture\/voix-nue-anne-sylvestre-la-scene-la-voix-1ere-diffusion-0?xtmc=A%20voix%20nue&#038;xtnp=1&#038;xtcr=15\n\n-Et en 1976, avec Hubert Juin, L\u00e9o Mallet, &#8220;figure pionni\u00e8re du polar&#8221; (sons) :                                                                                                                                                                                                   https:\/\/www.franceculture.fr\/emissions\/les-nuits-de-france-culture\/leo-malet-rien-ne-me-predestinait-etre-ecrivain?xtmc=A%20voix%20nue&#038;xtnp=1&#038;xtcr=8\n\n-Les personnages de &#8220;The Young Pop&#8221; sur Canal + (diaporama) :   http:\/\/www.telerama.fr\/series-tv\/the-young-pope-qui-sont-les-personnages-de-la-nouvelle-serie-sur-canal,149156.php\n\n-Son r\u00e9alisateur Paolo Sorrentino, interrog\u00e9 par Isabelle Poitte (vid\u00e9o) :                                                                                                                                                                                                          http:\/\/www.telerama.fr\/series-tv\/paolo-sorrentino-j-avais-besoin-de-la-dualite-de-jude-law-pour-incarner-pie-xiii,149062.php   \n\n<strong>-Feurat Alani, grand reporter aux 1 000 tweets, invit\u00e9 de Sonia Devillers (vid\u00e9o) :  <\/strong> http:\/\/www.dailymotion.com\/video\/x4yyho9_souvenirs-d-irak-en-1000-tweets_news\n\n-&#8220;L&#8217;\u00e9mission de Morandini n&#8217;est que suspendue. Le conflit va durer. La Cour des comptes tacle France t\u00e9l\u00e9visions. Aucune cha\u00eene priv\u00e9e n&#8217;accepterait une telle pagaye&#8221; (Marc Baudriller; son) :                     http:\/\/www.radioclassique.fr\/player\/progaction\/iniPlayer\/podcast\/la-vie-des-medias-2016-10-25-07-38-20.html                        \n\n-&#8220;La t\u00e9l\u00e9vision est \u00e0 un moment charni\u00e8re. L&#8217;image anim\u00e9e est partout aujourd&#8217;hui&#8221; (Bruno Patino, directeur \u00e9ditorial d&#8217;Arte; interrog\u00e9 par Dimitri Pavlenko; son) :                                                       http:\/\/www.sudradio.fr\/Podcasts\/L-invite-pour-comprendre\/Bruno-Patino-directeur-editorial-d-Arte \n\n-La une du &#8220;Canard Encha\u00een\u00e9&#8221; : http:\/\/www.lecanardenchaine.fr\/la-une-du-26-octobre-2016\/\n\n<strong>-&#8220;Bella ciao&#8221; par Juliette (vid\u00e9o) :<\/strong> http:\/\/www.dailymotion.com\/video\/x4yyh2h_juliette-chante-a-capella-bella-ciao_creation\n\n<strong>-Elle \u00e9tait l&#8217;invit\u00e9e d&#8217;Augustin Trapenard (son) <\/strong> : https:\/\/www.franceinter.fr\/emissions\/boomerang\/boomerang-25-octobre-2016\n\n<strong>-&#8220;Mon interview d&#8217;Alain Jupp\u00e9&#8221; (Alex Vizorek; vid\u00e9o) :<\/strong>  http:\/\/www.dailymotion.com\/video\/x4yxt9i_mon-interview-d-alain-juppe-le-billet-d-alex-vizorek_fun                  \n<h2 class=\"wp-block-heading\">Documents joints<\/h2>\n\n\n\n<div class=\"wp-block-file\"><a href=\"https:\/\/wp.muchomaas.com\/wp-content\/uploads\/2016\/10\/cancer-2-4f7.pdf\">cancer-2.pdf<\/a><\/div>\n\n\n","protected":false},"excerpt":{"rendered":"<p>ACTUALITE -&#8220;D\u00e9crue record du ch\u00f4mage en septembre&#8221; (Alain Ruello) : http:\/\/www.lesechos.fr\/economie-france\/social\/0211430090789-forte-decrue-du-chomage-en-septembre-2037793.php -&#8220;La baisse artificielle du ch\u00f4mage et la mont\u00e9e r\u00e9elle de la pr\u00e9carit\u00e9&#8221; (la CGT) : http:\/\/www.cgt.fr\/La-baisse-artificielle-du-chomage.html -&#8220;Un bilan ch\u00f4mage du quinquennat tr\u00e8s n\u00e9gatif&#8221; (Fran\u00e7ois Lenglet; vid\u00e9o) : http:\/\/www.francetvinfo.fr\/economie\/emploi\/chomage\/inversion-de-la-courbe-du-chomage-francois-hollande-a-t-il-reussi-son-pari_1889729.html -La r\u00e9action du Medef : http:\/\/lentreprise.lexpress.fr\/actualites\/1\/actualites\/reactions-du-medef-et-de-la-cgt-a-la-baisse-du-chomage-en-septembre_1844468.html -Des r\u00e9actions politiques : http:\/\/www.lemonde.fr\/politique\/article\/2016\/10\/25\/baisse-du-chomage-les-reactions-politiques_5020346_823448.html -Gilles Savary, d\u00e9put\u00e9 socialiste de [&hellip;]<\/p>\n","protected":false},"author":1042,"featured_media":0,"comment_status":"open","ping_status":"open","sticky":false,"template":"","format":"standard","meta":{"_themeisle_gutenberg_block_has_review":false,"footnotes":""},"categories":[151],"tags":[],"class_list":["post-9951","post","type-post","status-publish","format-standard","hentry","category-la-revue-de-presse-de-lulu"],"_links":{"self":[{"href":"https:\/\/archives.regards.fr\/index.php?rest_route=\/wp\/v2\/posts\/9951","targetHints":{"allow":["GET"]}}],"collection":[{"href":"https:\/\/archives.regards.fr\/index.php?rest_route=\/wp\/v2\/posts"}],"about":[{"href":"https:\/\/archives.regards.fr\/index.php?rest_route=\/wp\/v2\/types\/post"}],"author":[{"embeddable":true,"href":"https:\/\/archives.regards.fr\/index.php?rest_route=\/wp\/v2\/users\/1042"}],"replies":[{"embeddable":true,"href":"https:\/\/archives.regards.fr\/index.php?rest_route=%2Fwp%2Fv2%2Fcomments&post=9951"}],"version-history":[{"count":0,"href":"https:\/\/archives.regards.fr\/index.php?rest_route=\/wp\/v2\/posts\/9951\/revisions"}],"wp:attachment":[{"href":"https:\/\/archives.regards.fr\/index.php?rest_route=%2Fwp%2Fv2%2Fmedia&parent=9951"}],"wp:term":[{"taxonomy":"category","embeddable":true,"href":"https:\/\/archives.regards.fr\/index.php?rest_route=%2Fwp%2Fv2%2Fcategories&post=9951"},{"taxonomy":"post_tag","embeddable":true,"href":"https:\/\/archives.regards.fr\/index.php?rest_route=%2Fwp%2Fv2%2Ftags&post=9951"}],"curies":[{"name":"wp","href":"https:\/\/api.w.org\/{rel}","templated":true}]}}