{"id":9949,"date":"2016-10-25T06:27:08","date_gmt":"2016-10-25T04:27:08","guid":{"rendered":"https:\/\/wp.muchomaas.com\/article-la-revue-du-25-octobre-2016\/"},"modified":"2016-10-25T06:27:08","modified_gmt":"2016-10-25T04:27:08","slug":"article-la-revue-du-25-octobre-2016","status":"publish","type":"post","link":"https:\/\/archives.regards.fr\/?p=9949","title":{"rendered":"La Revue du 25 octobre 2016"},"content":{"rendered":"<p><strong>ACTUALITE<\/strong><\/p>\n<p>-&#8220;Nous cr\u00e9ons un incubateur pour constituer un v\u00e9ritable big data agricole, avec mille fermes num\u00e9riques&#8221; (Thierry Blandini\u00e8res, directeur &#8220;d&#8217;inVivo Group&#8221;; interrog\u00e9 par Baptiste Gaborit; vid\u00e9o) :  http:\/\/www.dailymotion.com\/video\/x4yrqvq_nous-creons-un-incubateur-pour-constituer-un-veritable-big-data-agricole-thierry-blandinieres-24-10_news<\/p>\n<p>-Ungersheim, ville de 2 200 habitants non loin de Mulhouse en Alsace, se pr\u00e9pare \u00e0 une vie sans essence (Catherine Boullay; son) :                                                                                                         https:\/\/www.franceinter.fr\/emissions\/et-si-demain\/et-si-demain-24-octobre-2016<\/p>\n<p>-&#8220;Ces villes \u00e9cologiques, loin des d\u00e9boires nationaux d&#8217;Europe-Ecologie-Les Verts&#8221; (Estelle Schmitt; son) :                                                                                                                                               https:\/\/www.franceinter.fr\/emissions\/le-zoom-de-la-redaction\/le-zoom-de-la-redaction-24-octobre-2016<\/p>\n<p>-&#8220;On veut faire disparaitre les buralistes&#8221; (G\u00e9rard Vidal, pr\u00e9sident de la conf\u00e9d\u00e9ration Midi-Pyr\u00e9n\u00e9es des buralistes; interrog\u00e9 par St\u00e9phane Carpentier; son) :                                                       http:\/\/www.rtl.fr\/actu\/societe-faits-divers\/on-veut-faire-disparaitre-les-buralistes-deplore-gerard-vidal-7785419877<\/p>\n<p>-&#8220;Le tourisme ne se rel\u00e8ve pas en Ile-de-France et sur la C\u00f4te d&#8217;Azur &#8221; (son) : http:\/\/www.sudradio.fr\/Podcasts\/Les-reportages-de-la-matinee\/Le-tourisme-ne-se-releve-pas<\/p>\n<p><strong>-A Paris, &#8220;des logements sociaux dans les quartiers hupp\u00e9s des 5e et 6e arrondissements&#8221; :     <\/strong>                                                                       http:\/\/m.leparisien.fr\/paris-75006\/des-logements-sociaux-dans-les-quartiers-huppes-des-ve-et-vie-arrondissements-24-10-2016-6246978.php <\/p>\n<p><em>-Le regard des Fran\u00e7ais sur le syst\u00e8me \u00e9ducatif (IFOP) <\/em> : http:\/\/www.ifop.com\/?option=com_publication&#038;type=poll&#038;id=3533<\/p>\n<p><em>-Les Fran\u00e7ais, le m\u00e9tier de pharmacien et la vaccination (IFOP) :  <\/em>                   http:\/\/www.ifop.com\/?option=com_publication&#038;type=poll&#038;id=3532<\/p>\n<p><strong>-Dans la maison d&#8217;arr\u00eat de Villepinte (93), les portes des cellules sont ouvertes (un reportage de R\u00e9mi Brancato; son) <\/strong> :                                                                                                                          https:\/\/www.franceinter.fr\/emissions\/grand-angle\/grand-angle-24-octobre-2016<\/p>\n<p><em>-Les Fran\u00e7ais et la situation des prisons (IFOP) :<\/em>                                              http:\/\/www.ifop.com\/?option=com_publication&#038;type=poll&#038;id=3531<\/p>\n<p>-Les deux policiers br\u00fbl\u00e9s de Viry-Ch\u00e2tillon garderont de profondes s\u00e9quelles : http:\/\/www.marianne.net\/viry-chatillon-sauves-les-deux-policiers-brules-garderont-importantes-sequelles-100247324.html<\/p>\n<p>-&#8220;Ma d\u00e9mission n&#8217;est pas faite. Sans concertation pr\u00e9alable, le pr\u00e9fet  a voulu nous imposer 87 migrants. Je n&#8217;ai aucune information. Si on nous avait  laiss\u00e9 organiser, on aurait dit combien nous pouvions en accueillir. Nous sommes pour l&#8217;accueil des r\u00e9fugi\u00e9s&#8221; (Michel Issert, maire de Saint Bauzille de Putois dans l&#8217;H\u00e9rault; son) :                                                                                        http:\/\/www.sudradio.fr\/Podcasts\/L-invite-pour-comprendre\/Michel-Issert-maire-de-Bauzille-de-Putois<\/p>\n<p><strong>-Des b\u00e9n\u00e9voles parisiens s&#8217;organisent pour aider les migrants de leur quartier (vid\u00e9o) :<\/strong>                                                                                                http:\/\/nr.news-republic.com\/Web\/ArticleWeb.aspx?regionid=2&#038;articleid=75818337<\/p>\n<p><strong>-&#8220;Le d\u00e9mant\u00e8lement  de &#8220;la jungle&#8221; me semble bien pr\u00e9par\u00e9. Les pr\u00e9c\u00e9dents ont \u00e9t\u00e9 assez violents et tr\u00e8s rapides, sans une vraie installation. La difficult\u00e9, ce sont ceux qui ne veulent pas partir&#8221; (Catherine Withol de Wenden, charg\u00e9e de recherche au CNRS; interrog\u00e9e par Dimitri Pavlenko; son) <\/strong> :                                                                                                                            http:\/\/www.sudradio.fr\/Podcasts\/L-invite-pour-comprendre\/Catherine-Wihtol-de-Wenden-specialiste-des-migrations-internationales<\/p>\n<p>-&#8220;Le risque, c&#8217;est d&#8217;abord la violence&#8221; (Mego Terzian, pr\u00e9sident de &#8220;M\u00e9decins sans fronti\u00e8res&#8221;; interrog\u00e9 par Eric Delvaux; son) :                                                                                                         https:\/\/www.franceinter.fr\/emissions\/l-invite-du-5-7\/l-invite-du-5-7-24-octobre-2016<\/p>\n<p>-&#8220;Ici, la vie \u00e9tait trop difficile&#8221; (\u00e0 bord d&#8217;un bus \u00e9vacuant des r\u00e9fugi\u00e9s de Calais; vid\u00e9o) :<br \/>\nhttp:\/\/www.lci.fr\/societe\/video-a-bord-d-un-bus-avec-des-migrants-evacues-de-calais-ici-la-vie-etait-trop-difficile-2009213.html%3Ftype=content<\/p>\n<p>-&#8220;C&#8217;est un soulagement&#8221; (Natacha Bouchard, maire LR de Calais; son) :                                                                                                                                                                                                                 http:\/\/www.rtl.fr\/actu\/societe-faits-divers\/jungle-de-calais-l-evacuation-est-un-soulagement-une-inquietude-en-meme-temps-pour-la-maire-7785377136<\/p>\n<p><strong>-Le point de vue de Rony Brauman, ancien pr\u00e9sident de MSF et de Damien Car\u00eame, maire \u00e9cologiste de Grande-Synthe; interrog\u00e9s par Yves Calvi; son) <\/strong> :                                                             http:\/\/www.rtl.fr\/actu\/societe-faits-divers\/calais-on-a-a-faire-a-une-quantite-de-gens-extremement-limitee-assure-rony-brauman-7785420307<\/p>\n<p>-&#8220;Il y aura toujours des migrants qui reviendront \u00e0 Calais&#8221; (Didier Degr\u00e9mont, pr\u00e9sident du Secours catholique du Pas-de-Calais; son) :                                                                                               http:\/\/www.rtl.fr\/actu\/societe-faits-divers\/il-y-aura-toujours-des-migrants-qui-rejoindront-calais-estime-didier-degremont-7785424474 <\/p>\n<p>-&#8220;Je ne comprends pas pourquoi nous devons faire les m\u00e9chants pour les Anglais. Nous vivons dans une soci\u00e9t\u00e9 domin\u00e9e par la peur&#8221; (Malek Halter, interrog\u00e9 par Renaud Blanc; vid\u00e9o) :                    http:\/\/www.dailymotion.com\/video\/x4yrtt2_je-ne-comprends-pas-pourquoi-nous-devons-jouer-les-mechants-pour-les-anglais-marek-halter-24-10-201_news<\/p>\n<p>-&#8220;Apr\u00e8s l&#8217;ouragan, les agriculteurs de Martinique et de Guadeloupe vont \u00eatre indemnis\u00e9s&#8221; (Le journal d&#8217;Outre-mer d&#8217;Edwige Saint-Thomas; son) :                                                                    https:\/\/www.franceinter.fr\/emissions\/journal-d-outre-mer-1ere\/journal-d-outre-mer-1ere-24-octobre-2016<\/p>\n<p>-&#8220;Un couvre-feu pour les mineurs \u00e0 Colombes (92; la maire LR Nicole Goueta et St\u00e9phane Gatignon, maire \u00e9cologiste de Sevran, 93; vid\u00e9o) :                                                                                   http:\/\/www.bfmtv.com\/mediaplayer\/video\/delinquance-faut-il-instaurer-un-couvre-feu-878213.html<\/p>\n<p><strong>POLITIQUE<\/strong><\/p>\n<p><em>-&#8220;Il faut \u00e9couter les policiers qui expriment col\u00e8re et \u00e9puisement&#8221; (Fabien Gaillaud-Bataille, au nom du PCF) <\/em> : http:\/\/www.pcf.fr\/92990<\/p>\n<p><strong>-&#8220;Manuel Valls diviseur en chef. Si Montebourg gagne la primaire socialiste, ce sera quelque chose de nouveau dans la situation politique. Comme le dit Pierre Laurent, quand bien m\u00eame on ferait un choix de candidature d&#8217;ici la fin de l&#8217;ann\u00e9e, on maintiendrait toujours ouverte pour le Parti communiste la possibilit\u00e9 d&#8217;aller vers des choses qui permettraient cette candidature commune&#8221; (Olivier Dartigolles, porte-parole du PCF; interrog\u00e9 par Yves Thr\u00e9ard du &#8220;Figaro&#8221;; vid\u00e9o. Quelles choses ?):       <\/strong>                            https:\/\/m.youtube.com\/watch?feature=youtu.be&#038;v=tFWrxcQ2quM                                                                            <\/p>\n<p>-&#8220;La direction du PCF parie sur Montebourg&#8221; (Fran\u00e7ois Cocq) :                https:\/\/cocq.wordpress.com\/2016\/10\/24\/la-direction-du-pcf-parie-sur-montebourg\/ <\/p>\n<p>-&#8220;A Calais, je suis pour le d\u00e9mant\u00e8lement, le bidonville n&#8217;\u00e9tait pas acceptable. Plut\u00f4t que d&#8217;imposer, il aurait fallu parler avec les maires et les associations&#8221; (Mich\u00e8le Rivasi, eurod\u00e9put\u00e9e EE-LV, candidate \u00e0 la primaire; invit\u00e9e de &#8220;Territoires d&#8217;Infos&#8221;; vid\u00e9o, amener le curseur sur 33:14) : http:\/\/www.sudradio.fr\/Politique\/L-interview-politique\/Migrants-Il-aurait-fallu-collaborer-avec-les-maires-pour-M.-Rivasi<\/p>\n<p>-&#8220;Manuel Valls est un des diviseurs de la gauche&#8221; (Yannick Jadot, eurod\u00e9put\u00e9 \u00e9cologiste; vid\u00e9o) : http:\/\/videos.lesechos.fr\/lesechos\/invite-des-echos\/manuel-valls-est-lun-des-diviseurs-de-la-gauche-selon-yannick-jadot-eelv\/uzllql <\/p>\n<p>-&#8220;Je suis d\u00e9termin\u00e9e \u00e0 vider ce camp indigne&#8221; (la ministre Emmanuelle Cosse que l&#8217;\u00e9limination de C\u00e9cile Duflot &#8220;importe peu&#8221;; interrog\u00e9e par Elizabeth Martichoux; vid\u00e9s) :                                      http:\/\/www.rtl.fr\/actu\/politique\/calais-emmanuelle-cosse-determinee-a-vider-ce-camp-indigne-7785419897<\/p>\n<p>-&#8220;La primaire permettra de donner aux Fran\u00e7ais une nouvelle incarnation de la gauche&#8221; (Fran\u00e7ois Kalfon, directeur de campagne d&#8217;Arnaud Montebourg; interrog\u00e9 par Renaud Blanc; vid\u00e9o) :                      http:\/\/www.dailymotion.com\/video\/x4yrp0v<\/p>\n<p><strong>-&#8220;Citez-moi un moment o\u00f9 les socialistes ont \u00e9t\u00e9 unis ? Il ne le sont jamais. Pour l&#8217;instant, il n&#8217;y a pas de candidat \u00e0 gauche susceptible d&#8217;\u00eatre au second tour. Quatre ou cinq candidats peuvent se pr\u00e9senter, celui ayant le plus de possibilit\u00e9s  \u00e9tant Manuel Valls. On peut  avoir une Assembl\u00e9e nationale, avec un groupe frontiste plus haut qu&#8217;annonc\u00e9, une droite moins haute, sans communistes, sans \u00e9cologistes et avec un parti socialiste dans la situation de 1993. La situation en Espagne est une question pos\u00e9e \u00e0 toute la social-d\u00e9mocratie europ\u00e9enne. J&#8217;entends toutes les critiques, et croyez-moi, j&#8217;en entends&#8221; (Jean-Christophe Cambad\u00e9lis, invit\u00e9 de la matinale de France Inter. Il a r\u00e9pondu aux questions de Patrick Cohen et des auditeurs (vid\u00e9os) :   <\/strong>                               http:\/\/www.dailymotion.com\/video\/x4yrdsw_jean-christophe-cambadelis-citez-moi-un-moment-ou-les-socialistes-ont-ete-unis-ils-ne-le-sont-jamais_news                                                             http:\/\/www.dailymotion.com\/video\/x4yrjah_jean-christophe-cambadelis-j-entends-toutes-les-critiques-et-croyez-moi-j-en-entends_news<\/p>\n<p>-&#8220;Fran\u00e7ois Hollande a tu\u00e9 le PS&#8221; (Yves Thr\u00e9ard du &#8220;Figaro&#8221;; vid\u00e9o) : http:\/\/www.europe1.fr\/emissions\/ledito-politique-dyves-threard\/francois-hollande-a-tue-le-ps-2880569<\/p>\n<p><strong>-&#8220;La primaire de la gauche pour d\u00e9signer le futur leader de l&#8217;opposition&#8221; (Thomas Legrand)<\/strong> : https:\/\/www.franceinter.fr\/emissions\/l-edito-politique\/l-edito-politique-24-octobre-2016<\/p>\n<p>&#8220;A six mois de la pr\u00e9sidentielle, la gauche t\u00e9tanis\u00e9e par le spectre de la d\u00e9faite&#8221; (Gr\u00e9goire Poussielgue) :                                                                                 http:\/\/www.lesechos.fr\/elections\/presidentielle-2017\/0211423958707-a-six-mois-de-la-presidentielle-la-gauche-tetanisee-par-le-spectre-de-la-defaite-2037125.php<\/p>\n<p>-&#8220;S\u00e9gol\u00e8ne Royal pour contrer Manuel Valls&#8221; (Alba Ventura; vid\u00e9o) : http:\/\/www.rtl.fr\/actu\/politique\/presidentielle-2017-l-option-segolene-royal-pour-contrer-manuel-valls-7785419885<\/p>\n<p>-&#8220;L&#8217;ex\u00e9cutif a \u00e9t\u00e9 surpris par le mouvement des policiers&#8221; (Christophe Barbier; vid\u00e9o) :                                                                                                                                                                               http:\/\/www.bfmtv.com\/mediaplayer\/video\/l-edito-de-christophe-barbier-grogne-des-policiers-francois-hollande-recoit-les-representants-des-forces-de-l-ordre-878849.html<\/p>\n<p>-&#8220;Evacuer la jungle de Calais est la seule position possible mais ce n&#8217;est pas un aboutissement, c&#8217;est un point de d\u00e9part&#8221; (Jean-Fran\u00e7ois Copp\u00e9, d\u00e9put\u00e9 LR de Seine-et-Marne; interrog\u00e9 par Thomas Sotto; vid\u00e9o) : http:\/\/www.europe1.fr\/emissions\/l-interview-verite\/jean-francois-cope-evacuer-la-jungle-de-calais-est-la-seule-position-possible-2880839<\/p>\n<p>-&#8220;Plusieurs pr\u00e9sidents ont \u00e9t\u00e9 \u00e9lus alors que tout le monde les donnait battus. J&#8217;ai cru dans la rupture de 2007, elle n&#8217;a pas eu lieu. Mon objectif, c&#8217;est de faire un tournant s\u00e9curitaire. L&#8217;offensive des amis de Nicolas Sarkozy contre Fran\u00e7ois Bayrou est politicienne&#8221; (Invit\u00e9 de la matinale d&#8217;Europe 1, il r\u00e9pondait aux questions  de Jean-Pierre Elkabbach; vid\u00e9o) :                                                                http:\/\/www.europe1.fr\/emissions\/l-interview-politique\/primaire-de-la-droite-propos-de-jean-frederic-poisson-bygmalion-jean-francois-cope-repond-aux-questions-de-jean-pierre-elkabbach-2880881<\/p>\n<p>-Tr\u00e8s loin du prix d&#8217;un pain au chocolat (vid\u00e9o) : http:\/\/www.dailymotion.com\/video\/x4yrdp3_le-prix-d-un-pain-au-chocolat-10-ou-15-centimes-repond-cope_news<\/p>\n<p>-&#8220;Quand les politiques semblent d\u00e9connect\u00e9s de la r\u00e9alit\u00e9&#8221; (vid\u00e9os) :                                                                                                                                                                                                            http:\/\/www.lci.fr\/politique\/cope-et-le-pain-au-chocolat-nkm-et-le-ticket-de-metro-el-khomri-et-le-cdd-quand-les-politiques-semblent-deconnectes-de-la-realite-2009182.html<\/p>\n<p>-&#8220;Si \u00e0 Tourcoing, mon opposition socialiste vient voter \u00e0 la primaire (de droite), \u00e7a se saura assez vite&#8221; (G\u00e9rald Darmanin, coordinateur de la campagne de Nicolas Sarkozy, qui \u00e9prouve quelques difficult\u00e9s \u00e0 donner son point de vue sur le refus de Laurent Wauquiez d&#8217;accueillir des r\u00e9fugi\u00e9s dans la r\u00e9gion qu&#8217;il dirige; interrog\u00e9 par L\u00e9a Salam\u00e9; vid\u00e9o) :                                                  https:\/\/www.franceinter.fr\/emissions\/l-invite-de-7h50\/l-invite-de-7h50-24-octobre-2016<\/p>\n<p><strong>-&#8220;Le scandale \u00e9tait que la jungle dure depuis  si longtemps. Personne ne peut \u00eatre contre son d\u00e9mant\u00e8lement. On aurait d\u00fb travailler  avec les collectivit\u00e9s locales. Le refus d&#8217;accueillir est un r\u00e9flexe compr\u00e9hensible. Dans le monde, on a des bombes de d\u00e9placements de population. Ce que les Fran\u00e7ais aiment dans Alain Jupp\u00e9, c&#8217;est pr\u00e9cis\u00e9ment  qu&#8217;il est capable d&#8217;\u00e9largir sa base. Je ne participe pas \u00e0 la primaire parce que je veux rester libre. Si Nicolas Sarkozy avait \u00e9t\u00e9 un bon pr\u00e9sident, il aurait \u00e9t\u00e9 r\u00e9\u00e9lu. Il est le seul responsable de l&#8217;entr\u00e9e de Fran\u00e7ois Hollande \u00e0 l&#8217;Elys\u00e9e.  Jusqu&#8217;\u00e0 la semaine derni\u00e8re, je croyais que ce dernier se repr\u00e9senterait, cela devient extr\u00eamement difficile&#8221; (Fran\u00e7ois Bayrou, pr\u00e9sident du MoDem; interrog\u00e9 par Jean-Jacques Bourdin; vid\u00e9o) <\/strong> : http:\/\/www.bfmtv.com\/mediaplayer\/video\/francois-bayrou-face-a-jean-jacques-bourdin-en-direct-878845.html<\/p>\n<p>-&#8220;Fran\u00e7ois Bayrou a connu tellement de variations de bord qu&#8217;on ne sait plus \u00e0 quelle majorit\u00e9 il appartient&#8221; (Bruno Le Maire, d\u00e9put\u00e9 LR de l&#8217;Eure; vid\u00e9o) :                                                                               http:\/\/www.lcp.fr\/la-politique-en-video\/le-maire-francois-bayrou-connu-tellement-de-variations-de-bord-quon-ne-sait<\/p>\n<p>-&#8220;Le besoin de renouveau, des id\u00e9es et des visages est puissant. Nicolas Sarkozy et Fran\u00e7ois Fillon ont ouvert le gouvernement \u00e0 gauche&#8221; (Il \u00e9tait invit\u00e9 de &#8220;Politique Matin&#8221;, interrog\u00e9 par Brigitte Boucher; vid\u00e9o, amener le curseur sur 29:15) : http:\/\/www.lcp.fr\/emissions\/politique-matin\/278975-la-matinale-du-24-octobre-2016<\/p>\n<p>-&#8220;Bruno Le Maire, l&#8217;\u00e9toffe d&#8217;un h\u00e9ros ?&#8221; (un documentaire de FR 3; vid\u00e9o) : http:\/\/www.france3.fr\/emissions\/documentaires\/videos\/replay_-_bruno_le_maire_letoffe_du_heros__24-10-2016_1328991?onglet=tous&#038;page=1<\/p>\n<p>-&#8220;Il faut \u00e0 la fois baisser les imp\u00f4ts et r\u00e9duire la d\u00e9pense publique. Je pr\u00e9f\u00e8rerais faire autrement mais on n&#8217;a pas le choix&#8221; (Nicolas Sarkozy, invit\u00e9 de &#8220;C \u00e0 vous&#8221; sur France 5; vid\u00e9o) :                                                   http:\/\/www.france5.fr\/emissions\/c-a-vous\/videos\/nicolas_sarkozy_un_mois_pour_convaincre_c_a_vous_-_24102016_24-10-2016_1328891?onglet=tous&#038;page=1<\/p>\n<p>-Pour le d\u00e9mant\u00e8lement \u00e0 Calais, &#8220;le seul regret que j&#8217;ai, c&#8217;est le manque de dialogue entre le gouvernement et les \u00e9lus locaux&#8221; (Fran\u00e7ois Fillon, d\u00e9put\u00e9 LR de Paris; invit\u00e9 de Ruth Elkrief; vid\u00e9os) :                                          http:\/\/www.bfmtv.com\/mediaplayer\/video\/francois-fillon-face-a-ruth-elkrief-12-879073.html                                                                                 http:\/\/www.bfmtv.com\/mediaplayer\/video\/francois-fillon-face-a-ruth-elkrief-22-879077.html<\/p>\n<p>-&#8220;L&#8217;ambition contrari\u00e9e de Jean-Fran\u00e7ois Cop\u00e9&#8221; (un documentaire de FR 3; vid\u00e9o) : http:\/\/www.france3.fr\/emissions\/documentaires\/videos\/replay_-_lambition_contrariee_de_jean-francois_cope_24-10-2016_1328995?onglet=tous&#038;page=1<\/p>\n<p><strong>-&#8220;Alain Jupp\u00e9 peut dire merci \u00e0 Nicolas Sarkozy&#8221; (Nicolas Domenach; vid\u00e9o) <\/strong> :                                                                                                                                                                                                  http:\/\/www.rtl.fr\/actu\/societe-faits-divers\/alain-juppe-peut-dire-merci-a-nicolas-sarkozy-lance-nicolas-domenach-7785420254<\/p>\n<p>-&#8220;Je demande pardon \u00e0 la communaut\u00e9 juive&#8221; (Jean-Fr\u00e9d\u00e9ric Poisson, d\u00e9put\u00e9 des Yvelines, candidat \u00e0 la primaire de la droite, sur Franceinfo; vid\u00e9os) :                                                                                    http:\/\/www.francetvinfo.fr\/replay-radio\/8h30-aphatie\/lobbies-sionistes-aux-usa-jean-frederic-poisson-demande-pardon-a-la-communaute-juive_1877137.html<\/p>\n<p>-A Calais, &#8220;r\u00e9partir n&#8217;est pas la solution, c&#8217;est expulser. La place des clandestins est dans les charters&#8221; (Nicolas Bay, secr\u00e9taire g\u00e9n\u00e9ral du FN; interrog\u00e9 par Jeff Wittenberg; vid\u00e9o) :                      http:\/\/www.francetvinfo.fr\/france\/nord-pas-de-calais\/migrants-a-calais\/4-verites-jungle-de-calais-la-solution-n-est-pas-la-repartition-c-est-l-exclusion-declare-nicolas-bay-fn_1887627.html<\/p>\n<p>-&#8220;Le droit d&#8217;asile est devenu une nouvelle fili\u00e8re d&#8217;immigration clandestine&#8221; (Marion Mar\u00e9chal-Le Pen, d\u00e9put\u00e9e FN du Vaucluse; vid\u00e9o) :                                                                                                http:\/\/www.francetvinfo.fr\/france\/nord-pas-de-calais\/migrants-a-calais\/l-accueil-des-migrants-de-calais-divise-les-francais_1887621.html<\/p>\n<p>-&#8220;Je ne vois pas ce qu&#8217;il y a d&#8217;humaniste dans cette r\u00e9partition des r\u00e9fugi\u00e9s. Il faut les rassembler l\u00e0-bas. Le droit d&#8217;asile devrait \u00eatre r\u00e9serv\u00e9 aux pers\u00e9cut\u00e9s, on en est loin. J&#8217;aurais reconduit les clandestins dans leur pays. On ne voit pas la fin de cette politique qui date de la droite et de la gauche&#8221; (Florian Philippot, eurod\u00e9put\u00e9 FN; invit\u00e9 de Fran\u00e7ois-Xavier M\u00e9nage; vid\u00e9o) :                     http:\/\/www.lci.fr\/replay\/replay-l-invite-politique-du-24-octobre-2016-florian-philippot-2009192.html<\/p>\n<p><strong>-&#8220;Moi Pr\u00e9sident. Eric, 55 ans, \u00e0 Dieppe, au ch\u00f4mage. Avec Herv\u00e9 Pauchon (son) : <\/strong> https:\/\/www.franceinter.fr\/emissions\/moi-president\/moi-president-24-octobre-2016<\/p>\n<p><em>-Les indices de popularit\u00e9 (IFOP-JDD) <\/em> :                                             http:\/\/www.ifop.com\/?option=com_publication&#038;type=poll&#038;id=3530<\/p>\n<p><strong>EUROPE-MONDE<\/strong><\/p>\n<p>-Avec le CETA, &#8220;les Etats pourront \u00eatre attaqu\u00e9s par des multinationales. Une v\u00e9ritable \u00e9p\u00e9e de Damocl\u00e8s au dessus de leur t\u00eate&#8221; (l&#8217;\u00e9conomiste Thomas Porcher, interrog\u00e9 par Yves Calvi; son) :  http:\/\/www.rtl.fr\/actu\/societe-faits-divers\/avec-le-ceta-l-etat-aura-une-epee-de-damocles-au-dessus-de-la-tete-selon-un-economiste-7785419895<\/p>\n<p>-Pour Domique Seux des &#8220;Echos&#8221;, dans l&#8217;opposition au CETA, &#8220;on peut craindre qu&#8217;il y ait beaucoup de th\u00e9orie complotiste&#8221; (son) :                                                                                        https:\/\/www.franceinter.fr\/emissions\/l-edito-eco\/l-edito-eco-24-octobre-2016<\/p>\n<p>-&#8220;La Belgique n&#8217;est pas en \u00e9tat de signer&#8221; (vid\u00e9o) :                                   http:\/\/nr.news-republic.com\/Web\/ArticleWeb.aspx?regionid=2&#038;articleid=75879497<\/p>\n<p>-Charles Michel, le premier ministre belge, le confirme (vid\u00e9o) :                          http:\/\/www.lemonde.fr\/europe\/article\/2016\/10\/24\/le-premier-ministre-belge-confirme-que-son-pays-ne-signera-pas-l-accord-ceta_5019327_3214.html#xtor=AL-32280270<\/p>\n<p>-&#8220;La nouvelle PAC peine \u00e0 rendre l&#8217;agriculture plus r\u00e9siliente&#8221; (Aline Robert) :                                                                                                                                                                                        http:\/\/www.euractiv.fr\/section\/agriculture-alimentation\/news\/la-nouvelle-pac-peine-a-rendre-lagriculture-plus-resiliente\/?nl_ref=23327465 <\/p>\n<p><strong>-&#8220;Le sursaut pour relancer l&#8217;Europe doit venir des citoyens eux-m\u00eames&#8221; (le math\u00e9maticien C\u00e9dric Villani, directeur de l&#8217;institut Henri Poincar\u00e9 \u00e0 Paris (vid\u00e9o) :<\/strong> http:\/\/nr.news-republic.com\/Web\/ArticleWeb.aspx?regionid=2&#038;articleid=75865616<\/p>\n<p>-Donald Tusk, pr\u00e9sident du Conseil europ\u00e9en,  accuse la Russie de vouloir affaiblir l&#8217;Union europ\u00e9enne&#8221;  (Georgi Gotev) :                                                                                                                http:\/\/www.euractiv.fr\/section\/l-europe-dans-le-monde\/news\/tusk-russias-strategy-is-to-weaken-the-eu\/?nl_ref=23327465                                      <\/p>\n<p>-&#8220;Les socialistes espagnols ont-ils encore un avenir ?&#8221; (Romaric Godin) :      http:\/\/www.latribune.fr\/economie\/union-europeenne\/espagne-les-socialistes-ont-ils-encore-un-avenir-610300.html#xtor=EPR<\/p>\n<p>-A Rotterdam, vers une contraception forc\u00e9e pour 400 m\u00e8res potentielles (Yolaine de la Bigne; son) :                                                                                                                                                http:\/\/www.sudradio.fr\/Podcasts\/Quelle-epoque-ethique\/Rotterdam-vers-une-contraception-forcee-des-femmes-fragilisees<\/p>\n<p>-Le premier ministre n\u00e9erlandais Mark Rutte a expos\u00e9 ses propositions, apr\u00e8s le rejet, par r\u00e9f\u00e9rendum, du trait\u00e9 d&#8217;association UE-Ukraine par ses compatriotes (Georgi Gotev) :                 http:\/\/www.euractiv.fr\/section\/l-europe-dans-le-monde\/news\/netherlands-rutte-still-mired-in-ukraine-referendum-aftermath\/?nl_ref=23327465<\/p>\n<p>-Berlin adopte une r\u00e9forme du renseignement tr\u00e8s controvers\u00e9e (Christoph Zeiher) :                                                                                                                                                                                http:\/\/www.euractiv.fr\/section\/justice-affaires-interieures\/news\/germanys-intelligence-service-reform-stokes-controversy\/?nl_ref=23327465<\/p>\n<p>-En Pologne, nouvelle mobilisation des femmes pour le droit \u00e0 l&#8217;avortement : http:\/\/www.lemonde.fr\/europe\/article\/2016\/10\/24\/pologne-nouvelle-mobilisation-des-femmes-en-faveur-de-l-avortement_5019568_3214.html#xtor=AL-32280270<\/p>\n<p>-La fronti\u00e8re entre la Norv\u00e8ge et la Finlande risque d&#8217;\u00e9voluer. En Islande, le parti &#8220;Pirate&#8221;, en t\u00eate des sondages pour les \u00e9lections l\u00e9gislatives du 29 octobre prochain (Anthony Bellanger; son) :             https:\/\/www.franceinter.fr\/emissions\/les-histoires-du-monde\/les-histoires-du-monde-24-octobre-2016<\/p>\n<p><strong>-La commission baleini\u00e8re internationale se r\u00e9unit en Slov\u00e9nie (Nathalie Fontrel; son) <\/strong> :                                                                                                                                                                https:\/\/www.franceinter.fr\/emissions\/planete-environnement\/planete-environnement-24-octobre-2016<\/p>\n<p><strong>-En Islande, hier, les femmes, \u00e0 l&#8217;appel des syndicats et d&#8217;associations, se sont arr\u00eat\u00e9es de travailler \u00e0 14H38 pour l&#8217;\u00e9galit\u00e9 de leurs salaires avec ceux des hommes <\/strong> :                                                                             http:\/\/www.lemonde.fr\/europe\/article\/2016\/10\/24\/pourquoi-les-islandaises-ont-arrete-de-travailler-a-14-h-38-lundi_5019594_3214.html#xtor=AL-32280270<\/p>\n<p>&#8220;La Turquie s&#8217;\u00e9loigne d\u00e9finitivement de l&#8217;Union europ\u00e9enne&#8221; (Ahmet Insel; son) : https:\/\/www.franceinter.fr\/emissions\/meridien-d-europe\/meridien-d-europe-24-octobre-2016<\/p>\n<p>-&#8220;A Mossoul, ce ne sera pas facile et ce sera long&#8221; (Bernard Guetta; son) : https:\/\/www.franceinter.fr\/emissions\/geopolitique\/geopolitique-24-octobre-2016<\/p>\n<p>-Les m\u00e9decins kurdes face \u00e0 l&#8217;afflux de bless\u00e9s (vid\u00e9o) :                               http:\/\/nr.news-republic.com\/Web\/ArticleWeb.aspx?regionid=2&#038;articleid=75873707 <\/p>\n<p>-&#8220;Nos tr\u00e8s chers \u00e9mirs&#8221; de Christian Chesnot et Georges Malbrunot (Akram Belka\u00efd; son) : https:\/\/www.franceculture.fr\/emissions\/la-question-du-jour\/que-sait-veritablement-des-relations-entre-la-france-et-le-qatar#xtor=EPR<\/p>\n<p><strong>-&#8220;Hillary Clinton, la femme \u00e0 abattre&#8221; (un documentaire de France 3; vid\u00e9o) : <\/strong>   http:\/\/www.france3.fr\/emissions\/documentaires\/videos\/replay_-_hillary_clinton_la_femme_a_abattre_24-10-2016_1329001<\/p>\n<p><strong>-La route 66, au coeur des Etats-Unis (un feuilleton en 5 \u00e9pisodes de France 2; vid\u00e9os) :<\/strong> http:\/\/www.francetvinfo.fr\/monde\/usa\/feuilleton-route-66-au-coeur-de-l-amerique-1-5_1876767.html                                                          http:\/\/www.francetvinfo.fr\/monde\/usa\/presidentielle\/feuilleton-route-66-au-coeur-de-l-amerique-2-5_1878347.html                                                               http:\/\/www.francetvinfo.fr\/monde\/usa\/presidentielle\/route-66-rencontre-avec-la-tribu-indienne-zuni-et-une-chercheuse-d-or_1879925.html                              http:\/\/www.francetvinfo.fr\/monde\/ameriques\/feuilleton-sur-la-route-66-la-classe-moyenne-s-inquiete-pour-son-avenir-4-5_1881713.html                            http:\/\/www.francetvinfo.fr\/monde\/ameriques\/feuilleton-au-coeur-du-nevada-le-mythe-du-reve-americain-est-toujours-tenace-5-5_1883367.html<\/p>\n<p><strong>-&#8220;Tout risquer pour une vie meilleure aux Etats-Unis&#8221; (les migrants mexicains; vid\u00e9o) :    <\/strong>                                                                                               http:\/\/nr.news-republic.com\/Web\/ArticleWeb.aspx?regionid=2&#038;articleid=75880587<\/p>\n<p>-&#8220;Au Venezuela, amorce d&#8217;un dialogue entre le gouvernement et l&#8217;opposition&#8221; : http:\/\/www.lemonde.fr\/ameriques\/article\/2016\/10\/24\/venezuela-amorce-d-un-dialogue-entre-le-gouvernement-et-l-opposition_5019597_3222.html#xtor=AL-32280270<\/p>\n<p><strong>CULTURE-MEDIAS<\/strong><\/p>\n<p><strong>-Pierre Michon, auteur de &#8220;Vies minuscules&#8221; et de &#8220;Rimbaud le fils&#8221; \u00e9tait l&#8217;invit\u00e9 d&#8217;Augustin Trapenard (son) :<\/strong> https:\/\/www.franceinter.fr\/emissions\/boomerang\/boomerang-24-octobre-2016<\/p>\n<p><strong>-&#8220;Dans le genre de&#8230;Virginie Despentes&#8221; (avec G\u00e9raldine Serratia sur Radio Nova; son) : <\/strong> http:\/\/www.novaplanet.com\/radionova\/65694\/episode-dans-le-genre-de-virginie-despentes<\/p>\n<p>-La litt\u00e9rature fran\u00e7aise \u00e9tait l&#8217;invit\u00e9e d&#8217;honneur de la foire du Livre de Francfort (Paul de Sinety, commissaire de la pr\u00e9sence fran\u00e7aise; propos recueillis par Sophie Rahal) :                       http:\/\/www.telerama.fr\/livre\/francfort-en-francais-l-operation-reconquete-de-la-litterature-francaise-en-allemagne,149098.php#xtor=EPR<\/p>\n<p><strong>-Demain, au Th\u00e9\u00e2tre Nanterre-Amandier, la derni\u00e8re de &#8220;La Nuit des Taupes&#8221; de Philippe Quesne (Jo\u00eblle Gayot; son) <\/strong> : https:\/\/www.franceculture.fr\/emissions\/une-saison-au-theatre\/philippe-quesne-est-un-dompteur-de-taupes#<\/p>\n<p>-Jusqu&#8217;au 12 f\u00e9vrier 2017, au Mus\u00e9e d&#8217;Art Moderne de la ville de Paris, le sculpteur Carl Andre (Jos\u00e9phine Bind\u00e9) :                                                                                                                            http:\/\/www.telerama.fr\/sortir\/carl-andre-est-il-le-plus-grand-sculpteur-du-xxe-siecle,149090.php#xtor=EPR<\/p>\n<p>-Au Mus\u00e9e de la Monnaie, jusqu&#8217;au 8 janvier 2017, le plasticien italien Maurizio Cattelan (Sabrina Silamo) :                                                                                                                                        http:\/\/www.telerama.fr\/sortir\/l-ultime-provocation-de-maurizio-cattelan-au-musee-de-la-monnaie,149092.php#xtor=EPR<\/p>\n<p>-A la Fiac 2016, l&#8217;artiste italien Michelangelo Pistoletto a bris\u00e9 23 miroirs. Jusqu&#8217;au 23 d\u00e9cembre, il est \u00e0 la VNH Galerie (vid\u00e9o) :                                                                                                              http:\/\/www.telerama.fr\/scenes\/revoyez-la-performance-de-michelangelo-pistoletto-briseurs-de-miroirs-a-la-fiac,149096.php#xtor=EPR<\/p>\n<p>-Jusqu&#8217;au 29 janvier 2017, au Mus\u00e9e de l&#8217;Arm\u00e9e, une exposition consacr\u00e9e aux espions (Jean-Jacques Le Gall; vid\u00e9os) :                                                                                                                 http:\/\/www.telerama.fr\/sortir\/cinq-histoires-d-espionnage-ou-la-realite-depasse-la-fiction,149011.php#xtor=EPR<\/p>\n<p><strong>-Au Mus\u00e9e d&#8217;Orsay, le second Empire fait dans la d\u00e9mesure  jusqu&#8217;au 15 janvier 2017 (Gilles Heur\u00e9 et vid\u00e9o) <\/strong> :                                                                                                                           http:\/\/www.telerama.fr\/sortir\/spectaculaire-second-empire,148869.php#xtor=EPR-126                                                                                                                                                                   https:\/\/www.youtube.com\/watch?v=mwPb87YyFtw        <\/p>\n<p><strong>-&#8220;L\u00e9onard Cohen, plus noir, plus lumineux&#8221; (Matthieu Conquet; son) : <\/strong> https:\/\/www.franceculture.fr\/emissions\/lactualite-musicale\/leonard-cohen-plus-noir-plus-lumineux#xtor=EPR<\/p>\n<p>-En coffret, les premiers albums de la bombe Little Richard (Laurent Rigoulet; diaporama) :                                                                                                                                                                  http:\/\/www.telerama.fr\/musique\/la-bombe-little-richard-et-autres-eclats,149078.php#xtor=EPR<\/p>\n<p>-&#8220;Tutti Frutti&#8221; (1995; vid\u00e9o; effectivement, \u00e7a d\u00e9m\u00e9nage !) :  https:\/\/www.youtube.com\/watch?v=gVWm9PQeYtE       <\/p>\n<p><strong>-Pierre Barouh, passeur de la musique br\u00e9silienne (Rebecca Manzoni; vid\u00e9o) :  <\/strong> https:\/\/www.franceinter.fr\/emissions\/pop-co\/pop-co-24-octobre-2016                                      <\/p>\n<p>-Pendant les vacances de la Toussaint, neuf films \u00e0 voir avec les enfants : http:\/\/www.telerama.fr\/cinema\/neuf-films-a-voir-au-cinema-avec-ses-enfants-pendant-les-vacances-de-la-toussaint,149089.php#xtor=EPR-<br \/>\n-L&#8217;actualit\u00e9 des DVD et VOD (Samuel Douhaire; vid\u00e9os) : http:\/\/www.telerama.fr\/cinema\/cinema-a-la-carte-un-indien-blanc-deux-amoureux-futuristes-et-une-merveille-bretonne,149061.php#xtor=EPR<\/p>\n<p><strong>-&#8220;Histoire dessin\u00e9e de la guerre d&#8217;Alg\u00e9rie&#8221; de Benjamin Stora et S\u00e9bastien Vassant (Chrystel Chabert) <\/strong> : http:\/\/culturebox.francetvinfo.fr\/livres\/bande-dessinee\/guerre-d-algerie-histoire-dessinee-d-une-tragedie-signee-stora-et-vassant-247619#xtor=EREC<\/p>\n<p>-Avec la s\u00e9rie &#8220;The Young Pope&#8221;, le r\u00e9alisateur italien Paolo Sorrentino fait son entr\u00e9e dans le monde de la t\u00e9l\u00e9vision (propos recueillis par Isabelle Poitte; vid\u00e9o) :                                         http:\/\/www.telerama.fr\/series-tv\/paolo-sorrentino-j-avais-besoin-de-la-dualite-de-jude-law-pour-incarner-pie-xiii,149062.php#xtor=EPR<\/p>\n<p>-C\u00e9cile de France est \u00e0 l&#8217;affiche de la s\u00e9rie, invit\u00e9e de Dimitri Pavlenko (son) :  http:\/\/www.sudradio.fr\/Podcasts\/L-invite-pour-comprendre\/Cecile-de-France-actrice-the-young-pope<\/p>\n<p>-Dans les caves du Vatican (vid\u00e9o) : http:\/\/www.telerama.fr\/series-tv\/the-young-pope-jude-law-et-paolo-sorrentino-dans-les-caves-du-vatican,148833.php#xtor=EPR<\/p>\n<p>-Mark Frost, l&#8217;auteur de &#8220;L&#8217;histoire secr\u00e8te de Twin Peaks&#8221;, se livre \u00e0 Pierre Langlais (vid\u00e9o) :                                                                                                                                                                 http:\/\/www.telerama.fr\/series-tv\/mark-frost-twin-peaks-rappelle-que-le-mystere-fait-partie-de-la-condition-humaine,149044.php#xtor=EPR<\/p>\n<p>-La productrice Charline de Lepine et l&#8217;acteur Bruno Wolkowitch, \u00e0 l&#8217;affiche des &#8220;Hommes de l&#8217;ombre&#8221; (interrog\u00e9s par Thomas Joubert; vid\u00e9o) :                                                                          http:\/\/www.europe1.fr\/emissions\/l-invite-medias\/les-hommes-de-lombre-ce-qui-ressemble-a-la-realite-a-ete-anticipe-de-toute-piece-2879138<\/p>\n<p><strong>-Patrick Rotman et les archives de la guerre d&#8217;Espagne, aujourd&#8217;hui mardi sur Arte \u00e0 20H50 (invit\u00e9 de Sonia Devillers; vid\u00e9o) <\/strong> :                                                                                                               http:\/\/www.dailymotion.com\/video\/x4ysapv_patrick-rotman-et-les-archives-de-la-guerre-d-espagne_news<\/p>\n<p>-A i-T\u00e9l\u00e9, la poursuite de la gr\u00e8ve jusqu&#8217;\u00e0 aujourd&#8217;hui vot\u00e9e \u00e0 85 % :                                                                                                                                                                                                http:\/\/www.francetvinfo.fr\/economie\/medias\/crise-a-i-tele\/crise-a-i-tele-les-grevistes-votent-a-85-pour-la-poursuite-du-mouvement-jusqu-a-mardi-11h30_1887507.html<\/p>\n<p>-La direction suspend l&#8217;\u00e9mission de Jean-Marc Morandini pour des raisons&#8221;op\u00e9rationnelles&#8221; :                                                                                                                                                                          http:\/\/www.francetvinfo.fr\/economie\/medias\/morandini\/crise-a-i-tele-la-direction-suspend-l-emission-de-jean-marc-morandini-pour-des-raisons-operationnelles-jusqu-a-la-fin-de-la-greve_1887677.html#xtor=EPR<\/p>\n<p><strong>-&#8220;L&#8217;\u00e9mission est arr\u00eat\u00e9e jusqu&#8217;\u00e0 la fin d&#8217;une gr\u00e8ve&#8230;qui vise pr\u00e9cis\u00e9ment la fin de l&#8217;\u00e9mission de Morandini !&#8221; (Louis Hausalter) : <\/strong>                                                      http:\/\/www.marianne.net\/itele-suspend-emission-morandini-fin-greve-contre-morandini-100247328.html<\/p>\n<p>-&#8220;Le d\u00e9m\u00e9nagement des locaux n&#8217;arrangera s\u00fbrement pas le climat d\u00e9j\u00e0 tendu&#8221; (Guillaume Auda, porte-parole de la r\u00e9daction; son) :                                                                                       http:\/\/www.francetvinfo.fr\/economie\/medias\/crise-a-i-tele\/le-demenagement-des-locaux-d-i-tele-n-arrangera-surement-pas-le-climat-deja-tendu-selon-un-porte-parole_1886247.html<\/p>\n<p>-&#8220;Un chef d&#8217;entreprise (Bollor\u00e9) qui fait un immense doigt d&#8217;honneur \u00e0 la France.  Jean-Marc Morandini n&#8217;a jamais \u00e9t\u00e9 journaliste&#8221; (Christophe Hondelatte; vid\u00e9o) :                                     http:\/\/www.francetvinfo.fr\/economie\/medias\/crise-a-i-tele\/video-crise-a-i-tele-jean-marc-morandini-n-a-jamais-ete-un-journaliste-affirme-christophe-hondelatte_1886229.html<\/p>\n<p><strong>-&#8220;Un patron de presse a-t-il tous les droits&#8221; (Laurent Neumann, Pascal Perri et Edwy Plenel; vid\u00e9o) <\/strong> :                                                                                                                                                 http:\/\/rmc.bfmtv.com\/mediaplayer\/video\/perri-neumann-un-patron-de-presse-a-t-il-tous-les-droits-2410-878917.html<\/p>\n<p>-&#8220;Cop\u00e9, il est \u00e0 la rue sur les pains au chocolat&#8221; (Nicolas Canteloup; vid\u00e9o) :                                                                                                                                                                                           http:\/\/www.europe1.fr\/emissions\/la-revue-de-presque\/cope-il-est-a-la-rue-sur-les-pains-au-chocolat-2880788  <\/p>\n<p><strong>-&#8220;Repartir \u00e0 z\u00e9ro&#8221; (Sophia Aram; vid\u00e9o) <\/strong> :  https:\/\/www.franceinter.fr\/emissions\/le-billet-de-sophia-aram\/le-billet-de-sophia-aram-24-octobre-2016           <\/p>\n<p><strong>-&#8220;Sarkozy, un plouc chez les bobos&#8221; (Didier Porte; vid\u00e9o) :  <\/strong>                         https:\/\/youtu.be\/iShJhdIr35A                 <\/p>\n","protected":false},"excerpt":{"rendered":"<p>ACTUALITE -&#8220;Nous cr\u00e9ons un incubateur pour constituer un v\u00e9ritable big data agricole, avec mille fermes num\u00e9riques&#8221; (Thierry Blandini\u00e8res, directeur &#8220;d&#8217;inVivo Group&#8221;; interrog\u00e9 par Baptiste Gaborit; vid\u00e9o) : http:\/\/www.dailymotion.com\/video\/x4yrqvq_nous-creons-un-incubateur-pour-constituer-un-veritable-big-data-agricole-thierry-blandinieres-24-10_news -Ungersheim, ville de 2 200 habitants non loin de Mulhouse en Alsace, se pr\u00e9pare \u00e0 une vie sans essence (Catherine Boullay; son) : https:\/\/www.franceinter.fr\/emissions\/et-si-demain\/et-si-demain-24-octobre-2016 -&#8220;Ces villes \u00e9cologiques, [&hellip;]<\/p>\n","protected":false},"author":1042,"featured_media":0,"comment_status":"open","ping_status":"open","sticky":false,"template":"","format":"standard","meta":{"_themeisle_gutenberg_block_has_review":false,"footnotes":""},"categories":[151],"tags":[],"class_list":["post-9949","post","type-post","status-publish","format-standard","hentry","category-la-revue-de-presse-de-lulu"],"_links":{"self":[{"href":"https:\/\/archives.regards.fr\/index.php?rest_route=\/wp\/v2\/posts\/9949","targetHints":{"allow":["GET"]}}],"collection":[{"href":"https:\/\/archives.regards.fr\/index.php?rest_route=\/wp\/v2\/posts"}],"about":[{"href":"https:\/\/archives.regards.fr\/index.php?rest_route=\/wp\/v2\/types\/post"}],"author":[{"embeddable":true,"href":"https:\/\/archives.regards.fr\/index.php?rest_route=\/wp\/v2\/users\/1042"}],"replies":[{"embeddable":true,"href":"https:\/\/archives.regards.fr\/index.php?rest_route=%2Fwp%2Fv2%2Fcomments&post=9949"}],"version-history":[{"count":0,"href":"https:\/\/archives.regards.fr\/index.php?rest_route=\/wp\/v2\/posts\/9949\/revisions"}],"wp:attachment":[{"href":"https:\/\/archives.regards.fr\/index.php?rest_route=%2Fwp%2Fv2%2Fmedia&parent=9949"}],"wp:term":[{"taxonomy":"category","embeddable":true,"href":"https:\/\/archives.regards.fr\/index.php?rest_route=%2Fwp%2Fv2%2Fcategories&post=9949"},{"taxonomy":"post_tag","embeddable":true,"href":"https:\/\/archives.regards.fr\/index.php?rest_route=%2Fwp%2Fv2%2Ftags&post=9949"}],"curies":[{"name":"wp","href":"https:\/\/api.w.org\/{rel}","templated":true}]}}