{"id":9946,"date":"2016-10-24T06:56:29","date_gmt":"2016-10-24T04:56:29","guid":{"rendered":"https:\/\/wp.muchomaas.com\/article-la-revue-du-24-octobre-2016\/"},"modified":"2023-06-23T23:23:15","modified_gmt":"2023-06-23T21:23:15","slug":"article-la-revue-du-24-octobre-2016","status":"publish","type":"post","link":"https:\/\/archives.regards.fr\/?p=9946","title":{"rendered":"La Revue du 24 octobre 2016"},"content":{"rendered":"<strong>ACTUALITE<\/strong>\n\n<strong>-&#8220;L&#8217;h\u00f4pital aux urgences&#8221; (le diab\u00e9tologue Andr\u00e9 Grimaldi, pr\u00e9sident du &#8220;Mouvement de d\u00e9fense de l&#8217;H\u00f4pital public&#8221;; interrog\u00e9 par David Abiker; son, amener le curseur sur 9:55) : <\/strong> http:\/\/www.europe1.fr\/emissions\/c-est-arrive-cette-semaine\/cest-arrive-cette-semaine-221016-2879519\n\n<em>-Les Fran\u00e7ais, les m\u00e9dicaments et les vaccins (IPSOS) :<\/em> http:\/\/www.ipsos.fr\/decrypter-societe\/2016-10-24-niveau-confiance-dans-medicaments-qui-se-maintient-defiance-vis-vis-vaccins-qui-progresse\n\n-Fr\u00e9d\u00e9ric Gagey ne sera plus PDG d&#8217;Air France (Fabrice Gliszczynski) : http:\/\/www.latribune.fr\/entreprises-finance\/services\/transport-logistique\/air-france-frederic-gagey-ne-sera-plus-pdg-609751.html#xtor=EPR\n\n-&#8220;Nous sommes draguer par l&#8217;ensemble des politiques. Le CICE a permis \u00e0 beaucoup d&#8217;entre-nous de garder la t\u00eate hors de l&#8217;eau. Nous demandons une baisse g\u00e9n\u00e9rale des charges sociales. Au gouvernement, il y a eu de la bonne volont\u00e9, mais trop tard et pas assez fort&#8221; (Fran\u00e7ois Asselin, pr\u00e9sident de la CGPME; interrog\u00e9 par Marion L&#8217;Hour; son, amener le curseur sur 32:09) : https:\/\/www.franceinter.fr\/emissions\/on-n-arrete-pas-l-eco\/on-n-arrete-pas-l-eco-22-octobre-2016\n\n-Dans les ann\u00e9es \u00e0 venir, &#8220;40% des professions pourraient dispara\u00eetre&#8221; (&#8220;L&#8217;Angle \u00e9co&#8221; de Fran\u00e7ois Lenglet; vid\u00e9o) : http:\/\/www.francetvinfo.fr\/economie\/medias\/video-regardez-en-avant-premiere-le-magazine-l-angle-eco-le-travail-c-est-fini_1881585.html#xtor=EPR\n\n-La chute de la fr\u00e9quentation touristique (Jean-Pierre Nadir &#8220;d&#8217;Easyvoyage&#8221;; son) : https:\/\/www.franceinter.fr\/emissions\/itw-societe-civile\/itw-societe-civile-23-octobre-2016\n\n-&#8220;La brique de lait cr\u00e9\u00e9e par les consommateurs&#8221; (Nicolas Chabanne, pr\u00e9sident du collectif des &#8220;Gueules cass\u00e9es&#8221;; son, amener le curseur sur 18:18) : http:\/\/www.europe1.fr\/emissions\/c-est-arrive-cette-semaine\/cest-arrive-cette-semaine-221016-2879519\n\n<strong>-&#8220;Des paysans hors circuits&#8221; (un reportage de Pascal Dervieux, pr\u00e9sent\u00e9 par Vanessa Descouraux; son) <\/strong> : https:\/\/www.franceinter.fr\/emissions\/interception\/interception-23-octobre-2016\n\n-A la pointe de la presqu&#8217;\u00eele de Noirmoutier en Vend\u00e9e, le restaurant &#8220;La Marine&#8221; dont le chef Alexandre Couillon a \u00e9t\u00e9 d\u00e9sign\u00e9 chef de l&#8217;ann\u00e9e (interrog\u00e9 par Elodie Guillard; son) : http:\/\/www.rtl.fr\/actu\/societe-faits-divers\/qui-est-alexandre-couillon-le-cuisinier-de-l-annee-7785399513\n\n<strong>-La cuisine nordique, avec son ma\u00eetre, Magnus Nilson, chef venu du nord de la Su\u00e8de (invit\u00e9 de Fran\u00e7ois-R\u00e9gis Gaudry; son) <\/strong> :                                                                                       https:\/\/www.franceinter.fr\/emissions\/on-va-deguster\/on-va-deguster-23-octobre-2016\n\n<strong>-&#8220;L&#8217;alimentation est devenue suspecte&#8221; (le philosophe Pierre Rabhi; entretien r\u00e9alis\u00e9 par Christophe Dor\u00e9) :<\/strong>  http:\/\/www.lefigaro.fr\/gastronomie\/2016\/10\/21\/30005-20161021ARTFIG00066-pierre-rabhi-l-alimentation-est-devenue-suspecte.php\n\n-Les 10 ans du T4, le tramway de l&#8217;Est parisien (vid\u00e9o) : http:\/\/france3-regions.francetvinfo.fr\/paris-ile-de-france\/emissions\/transportez-moi\/carrement-est-10-ans-du-tramway-t4-transportez-moi-1113499.html#xtor=EPR\n\n-Stationnement \u00e0 Paris, le passage du public au priv\u00e9 (vid\u00e9o) : http:\/\/www.francetvinfo.fr\/france\/stationnements-parisiens-bientot-le-passage-de-public-a-prive_1886175.html\n\n-A Merlimont (62), une partie du mur de l&#8217;Atlantique s&#8217;effondre sur la plage (vid\u00e9o) : http:\/\/france3-regions.francetvinfo.fr\/nord-pas-de-calais\/partie-du-mur-atlantique-s-effondre-merlimont-1114557.html#xtor=EPR\n\n-&#8220;Une chasse \u00e0 l&#8217;homme&#8221; est \u00e0 craindre apr\u00e8s la destruction du bidonville de Calais&#8221; (Christian Salom\u00e9, pr\u00e9sident de &#8220;l&#8217;Auberge des migrants&#8221;; interrog\u00e9 par Wendy Bouchard; son) : http:\/\/www.europe1.fr\/emissions\/linterview-verite-du-week-end\/christian-salome-une-chasse-a-lhomme-est-a-craindre-apres-la-destruction-de-la-jungle-de-calais-2879447\n\n-&#8220;Les gens se font des repr\u00e9sentations d&#8217;un public qu&#8217;ils ne connaissent pas&#8221; (Jean-Fran\u00e7ois Ploquin, directeur de &#8220;Forum r\u00e9fugi\u00e9s&#8221;; son) : http:\/\/www.rtl.fr\/actu\/societe-faits-divers\/jungle-de-calais-les-gens-se-font-des-representations-d-un-public-qu-ils-ne-connaissent-pas-7785399701\n\n<strong>-&#8220;On ne nous a pas \u00e9cout\u00e9 quant au report du d\u00e9mant\u00e8lement. Notre crainte, c&#8217;est de se retrouver comme \u00e0 Sangate. Forc\u00e9ment, il va y avoir des violences&#8221; (Thierry Kuhn, pr\u00e9sident d&#8217;Emma\u00fcs France; interrog\u00e9 par Yves Calvi; vid\u00e9o) : <\/strong> http:\/\/www.interieur.gouv.fr\/fr\/Le-ministre\/Interventions-du-ministre\/Lettre-de-Bernard-Cazeneuve-aux-policiers\n\n-Derniers pr\u00e9paratifs (vid\u00e9o) : http:\/\/www.francetvinfo.fr\/france\/nord-pas-de-calais\/migrants-a-calais\/calais-derniers-preparatifs-avant-le-demantelement-de-la-jungle_1885077.html#xtor=EPR\n\n-Dans l&#8217;H\u00e9rault, le maire de Saint-Bauzille-de-Putois annonce qu&#8217;il d\u00e9missionne, refusant d&#8217;accueillir 87 migrants dans sa commune (vid\u00e9o) :   http:\/\/www.lci.fr\/societe\/herault-le-maire-de-saint-bauzille-de-putois-demissionne-contre-l-arrivee-de-87-migrants-2008925.html%3Ftype=content\n\n-&#8220;Le Conseil constitutionnel civilise les \u00e9coutes sauvages&#8221; (Olivier Tesquet) : http:\/\/www.telerama.fr\/medias\/le-conseil-constitutionnel-civilise-enfin-les-ecoutes-sauvages,149093.php#xtor=EPR\n\n-Au Conseil municipal de B\u00e9ziers (34; vid\u00e9o) : http:\/\/www.bfmtv.com\/mediaplayer\/video\/une-bagarre-eclate-au-conseil-municipal-de-beziers-877451.html#?xtor=EPR\n\n<strong>-Claude Goasguen, d\u00e9put\u00e9 LR de Paris &#8220;s&#8217;est comport\u00e9 en pompier-pyromane&#8221; (Iann Brossat, adjoint communiste \u00e0 la maire de Paris, charg\u00e9 du logement; vid\u00e9o) : <\/strong> http:\/\/videos.leparisien.fr\/video\/incendie-du-centre-pour-sdf-a-paris-brossat-s-en-prend-a-goasguen-17-10-2016-x4xsrxy\n\n-Des professeurs victimes de violences t\u00e9moignent (vid\u00e9o) : http:\/\/www.francetvinfo.fr\/societe\/debats\/agressions-paroles-de-profs_1885119.html#xtor=EPR\n\n<em>-La lettre de Bernard Cazeneuve aux policiers :<\/em> \/http:\/\/www.interieur.gouv.fr\/fr\/Le-ministre\/Interventions-du-ministre\/Lettre-de-Bernard-Cazeneuve-aux-policiers\n\n<strong>-&#8220;Il faut revoir leurs missions&#8221; (Jean-Marc Falcone, directeur g\u00e9n\u00e9ral de la police nationale; propos recueillis par Laurent Valdigui\u00e9):<\/strong> http:\/\/www.lejdd.fr\/Societe\/Jean-Marc-Falcone-directeur-general-de-la-police-nationale-Il-faut-revoir-les-missions-des-policiers-818986 \n\n-&#8220;Qui est Rodolphe Schwartz ?&#8221; (vid\u00e9o) : http:\/\/www.francetvinfo.fr\/politique\/front-national\/manifestation-des-policiers-qui-est-rodolphe-schwartz_1884823.html\n\n<strong>-&#8220;J&#8217;ai quitt\u00e9 Daech&#8221; (t\u00e9moignage d&#8217;une jeune Fran\u00e7aise de 20 ans; vid\u00e9o) :<\/strong>            http:\/\/www.francetvinfo.fr\/monde\/proche-orient\/offensive-jihadiste-en-irak\/temoignage-france-2-j-ai-quitte-daech-une-francaise-de-20-ans-raconte-son-annee-passee-a-raqqa-le-fief-de-l-etat-islamique-en-syrie_1886427.html\n\n<strong>POLITIQUE<\/strong>\n\n-Les moyens suppl\u00e9mentaires r\u00e9clam\u00e9s par les policiers &#8220;sont inutiles&#8221; (Philippe Poutou, candidat du NPA \u00e0 l&#8217;\u00e9lection pr\u00e9sidentielle) :                                                                                             http:\/\/www.bfmtv.com\/politique\/philippe-poutou-juge-inutiles-les-moyens-supplementaires-demandes-par-les-policiers-1050630.html#?xtor=EREC\n\n-&#8220;Il y a une volont\u00e9 de relancer l&#8217;\u00e9cologie politique. Je veux une \u00e9cologie conqu\u00e9rante. Les Fran\u00e7ais en ont marre d&#8217;\u00eatre trait\u00e9s comme des andouilles. Dans les mois qui viennent, je refuse une alliance avec les socialistes. Ce gouvernement a totalement tourn\u00e9 le dos \u00e0 l&#8217;\u00e9cologie&#8221; (Yannick Jado, eurod\u00e9put\u00e9 \u00e9cologiste, finaliste de la primaire; invit\u00e9 de Pierre Weill; son) :  https:\/\/www.franceinter.fr\/emissions\/l-interview-politique\/l-interview-politique-23-octobre-2016\n\n-Il \u00e9tait aussi l&#8217;invit\u00e9 du &#8220;Brunch politique&#8221; de Louis Morin sur Sud Radio (son) : http:\/\/www.sudradio.fr\/Podcasts\/Le-Brunch-Politique\/Yannick-Jadot\n\n-&#8220;L&#8217;enjeu pour Jean-Luc M\u00e9lenchon, \u00eatre le candidat de gauche le mieux plac\u00e9 au premier tour de l&#8217;\u00e9lection pr\u00e9sidentielle. Ce n&#8221;est pas impossible&#8221; (Antonin Andr\u00e9; vid\u00e9o) : http:\/\/www.europe1.fr\/emissions\/le-vrai-faux-de-l-info2\/la-defaite-de-cecile-duflot-peut-elle-profiter-a-jean-luc-melenchon-2879051\n\n-&#8220;Pour ses 500 parrainages, des pressions mais pas d&#8217;inqui\u00e9tude&#8221; : \nhttp:\/\/tempsreel.nouvelobs.com\/politique\/election-presidentielle-2017\/20161021.OBS0149\/melenchon-et-ses-500-parrainages-des-pressions-mais-pas-d-inquietude.html\n\n-&#8220;Fran\u00e7ois Hollande est rest\u00e9 ce qu&#8217;il \u00e9tait, normal. C&#8217;est le probl\u00e8me. Rester discrets, le conseil vient de l&#8217;imam de Bordeaux. Je ne suis pas pour interdire le voile dans l&#8217;espace public ni le burkini sur les plages&#8221; (Jean-Pierre Chev\u00e8nement, interrog\u00e9 par Thierry Ardisson; vid\u00e9o) :                                                    http:\/\/www.c8.fr\/c8-divertissement\/ms-salut-les-terriens\/pid8608-invites.html?vid=1421362\n\n<strong>-&#8220;Car \u00e0 cette \u00e9tape aucun candidat putatif, quel qu&#8217;il soit, ne semble pouvoir battre la droite. Et m\u00eame passer le premier tour. C&#8217;est grave !&#8221; (Jean-Christophe Cambad\u00e9lis dans &#8220;La Nouvelle R\u00e9publique&#8221;; propos recueillis par Olivier Pirot) : <\/strong> http:\/\/www.lanouvellerepublique.fr\/Toute-zone\/Actualite\/Politique\/n\/Contenus\/Articles\/2016\/10\/22\/Jean-Christophe-Cambadelis-Une-primaire-pour-surmonter-les-desaccords-2878029\n\n-A Tours, Manuel Valls appelle la gauche &#8220;\u00e0 faire mentir les sondages&#8221; (vid\u00e9o) : http:\/\/www.francetvinfo.fr\/politique\/manuel-valls\/presidentielle-manuel-valls-appelle-au-rassemblement-de-la-gauche_1885061.html#xtor=EPR\n\n-&#8220;Il est le seul homme d&#8217;Etat potentiel chez nous&#8221; (Malek Boutih, d\u00e9put\u00e9 PS de l&#8217;Essonne; interrog\u00e9 par Apolline de Malherbe; vid\u00e9o) :                        http:\/\/www.bfmtv.com\/mediaplayer\/video\/presidentielle-2017-manuel-valls-est-le-seul-homme-d-etat-potentiel-chez-nous-malek-boutih-878773.html\n\n-&#8220;C&#8217;est difficile de savoir le gagnant d&#8217;un match avant que les \u00e9quipes soient s\u00e9lectionn\u00e9es. Or, aujourd&#8217;hui, nous ne connaissons pas le capitaine qui sortira de la primaire&#8221; (Le ministre Patrick Kanner, invit\u00e9 au &#8220;Grand Rendez-vous&#8221; d&#8217;Europe 1; vid\u00e9o) : http:\/\/www.itele.fr\/magazines\/grand-rendez-vous-politique-darmon\/le-grand-rendez-vous-partie-1-du-23102016-171586\n\n-&#8220;La gauche peut \u00eatre disqualifi\u00e9e. Les enqu\u00eates d&#8217;opinion sont favorables \u00e0 Manuel Valls. Aujourd&#8217;hui, il est le gardien des institutions. Le livre les a \u00e9branl\u00e9es, il n&#8217;aurait jamais d\u00fb exister. Si le Pr\u00e9sident est candidat, Manuel Valls sera en soutien&#8221; (Luc Carvounas, s\u00e9nateur PS du Val-de-Marne; interrog\u00e9 par Wendy Bouchard; vid\u00e9o) : http:\/\/www.europe1.fr\/emissions\/l-interview-politique-du-week-end\/luc-carvounas-la-gauche-peut-etre-disqualifiee-2879483\n\n<strong>-&#8220;Je pense qu&#8217;il ne serait pas judicieux de mobiliser des forces de l&#8217;ordre aujourd&#8217;hui pour d\u00e9fendre un projet (Notre-Dame-des-Landes) qui n&#8217;est pas d\u00e9fendable et pour lequel il y a d&#8217;autres solutions plus intelligentes et plus pragmatiques. On est bloqu\u00e9, je ne vous le fais pas dire. Il faut d\u00e9bloquer. Un nouveau r\u00e9f\u00e9rendum? Pourquoi pas. La question (du premier) n&#8217;\u00e9tait pas bonne.<\/strong> La nation est solidaire des forces de police. On ne peut pas opposer, dans un \u00e9tat d\u00e9mocratique, justice et police qui doivent travailler ensemble. Toutes les soci\u00e9t\u00e9s voient la violence augmenter mais ce n&#8217;est pas une fatalit\u00e9. Je n&#8217;ai pas lu ce livre parce que je me consacre \u00e0 ma t\u00e2che. Il suffit d&#8217;attendre un peu plus d&#8217;un mois pour savoir ce qu&#8217;entend faire Fran\u00e7ois Hollande&#8221; qui pour l&#8217;heure est le candidat.  (S\u00e9gol\u00e8ne Royal, invit\u00e9e de &#8220;Dimanche en politique&#8221;, interrog\u00e9e par Francis Letellier; vid\u00e9o pendant 6 jours) : http:\/\/pluzz.francetv.fr\/videos\/dimanche_en_politique_paris_ile_de_france_,147322252.html\n\n-Ce qu&#8217;en dit &#8220;Ouest France&#8221; : http:\/\/www.ouest-france.fr\/pays-de-la-loire\/nantes-44000\/un-autre-referendum-sur-nddl-pourquoi-pas-repond-royal-4579400 \n\n-&#8220;Si c&#8217;\u00e9tait gagnable, on ne viendrait pas me chercher&#8221; (cit\u00e9e dans le JDD par Ana Cabana) : http:\/\/www.lejdd.fr\/Politique\/Royal-pourquoi-ils-pensent-a-elle-818989\n\n-&#8220;La voie Royale pour \u00e9viter la sortie de route ?&#8221; (Herv\u00e9 Gattegno du JDD; son) : http:\/\/www.europe1.fr\/emissions\/ledito-du-jdd\/2017-la-voie-royal-pour-eviter-la-sortie-de-route-2880035\n\n-La ministre Laurence Rossignol, invit\u00e9e de &#8220;Bureau Politique&#8221; sur LCI (vid\u00e9o) :   \nhttp:\/\/www.lci.fr\/politique\/replay-bureau-politique-du-23-octobre-2016-avec-laurence-rossignol-2009102.html%3Ftype=content\n\n-&#8220;Pr\u00e9sidentielle 2017, en liste d&#8217;attente ? (vid\u00e9o) : http:\/\/www.francetvinfo.fr\/politique\/ps\/primaire-a-gauche\/presidentielle-2017-en-liste-d-attente_1886449.html\n\n-Peut-\u00eatre deux candidatures en moins ? : http:\/\/www.lejdd.fr\/Politique\/Primaire-de-la-gauche-peut-etre-deux-candidatures-en-moins-819184\n\n<em>-Le barom\u00e8tre politique du JDD (IFOP) :<\/em> http:\/\/www.lejdd.fr\/Politique\/Popularite-Hollande-baisse-encore-Valls-se-renforce-818872\n\n<strong>-&#8220;J&#8217;essaie de faire le bilan de ce que sera le monde de 2030. Aujourd&#8217;hui, le mal l&#8217;emporte largement parce que le march\u00e9 a pris le dessus sur la d\u00e9mocratie. 90% des m\u00e9tiers vont dispara\u00eetre. On a quinze ans pour faire la transition. Il y a une connivence g\u00e9n\u00e9rale pour ne pas voir les probl\u00e8mes&#8221; (Jacques Attali, auteur de &#8220;Vivement apr\u00e8s-demain&#8221;; interrog\u00e9 par Pierre Weill; son) :  <\/strong> https:\/\/www.franceinter.fr\/emissions\/l-interview-politique\/l-interview-politique-22-octobre-2016\n\n<strong>-Il participait \u00e0 l&#8217;\u00e9mission de Bruce Toussaint &#8220;Pol\u00e9miques&#8221; avec Nadine Hourmant, syndicaliste chez le volailler &#8220;Doux&#8221; \u00e0 Ch\u00e2teaulin, Julien Dray, conseiller r\u00e9gional PS d&#8217;Ile-de- France, Giuliano Da Empoli, conseiller de Matteo Renzi et Thomas Legrand, \u00e9ditorialiste de France Inter, d\u00e9battant sur le th\u00e8me &#8220;Qui a tu\u00e9 la gauche ?&#8221; (vid\u00e9o)<\/strong> : http:\/\/www.france5.fr\/emissions\/c-politique\/videos\/qui_a_tue_la_gauche__23-10-2016_1326895?onglet=tous&#038;page=1\n\n<strong>-&#8220;Jean-Louis Borloo, une histoire fran\u00e7aise&#8221; (invit\u00e9 de Laurent Delahousse; vid\u00e9o) :<\/strong>http:\/\/www.francetvinfo.fr\/replay-magazine\/france-2\/13h15\/13h15-du-dimanche-23-octobre-2016_1875067.html\n\n-&#8220;Tout ce qui est propos\u00e9 pour les policiers \u00e9tait dans les tuyaux depuis longtemps. Je propose comme priorit\u00e9 absolue de r\u00e9armer la France. Depuis 2012, Fran\u00e7ois Hollande est dans le d\u00e9ni de la r\u00e9alit\u00e9 et avant, avec la droite,  n&#8217;a pas \u00e9t\u00e9 mis en oeuvre le programme pour lequel elle avait \u00e9t\u00e9 \u00e9lue&#8221; (Jean Fran\u00e7ois Cop\u00e9, d\u00e9put\u00e9 LR de Seine-et-Marne; interrog\u00e9 par Da\u00efc Audouit dans &#8220;Dimanche en politique en r\u00e9gions&#8221;; vid\u00e9o pendant 6 jours) : http:\/\/pluzz.francetv.fr\/videos\/dimanche_en_politique_paris_ile_de_france_,147322252.html\n\n-&#8220;Apr\u00e8s le Gaulois, voil\u00e0 le &#8220;lobby sioniste&#8221;, \u00e7a commence \u00e0 faire beaucoup !&#8221; (NKM, d\u00e9put\u00e9e LR de l&#8217;Essonne, dans le JDD; propos recueillis par Christine Ollivier) :        http:\/\/www.lejdd.fr\/Politique\/NKM-Apres-le-Gaulois-voila-le-lobby-sioniste-Ca-commence-a-faire-beaucoup-819052\n\n-&#8220;Il y a deux droites aujourd&#8217;hui, une droite qui joue sur la peur et une droite de progr\u00e8s. On a un syst\u00e8me fiscal qui n&#8217;est pas satisfaisant. L&#8217;\u00e9mergence du travail ind\u00e9pendant est une grande transformation. Je propose un statut unifi\u00e9 et g\u00e9n\u00e9ral pour le travailleur ind\u00e9pendant. La taxe hallal permet d&#8217;avoir des financements autonomes &#8221; (NKM, invit\u00e9e de &#8220;BFM Politique&#8221;; vid\u00e9os) : \nhttp:\/\/www.bfmtv.com\/mediaplayer\/video\/il-y-a-deux-droites-aujourd-hui-une-droite-qui-joue-sur-la-peur-et-une-droite-de-progres-nathalie-kosciusko-morizet-878735.html                                                                                    http:\/\/www.bfmtv.com\/mediaplayer\/video\/politiques-au-quotidien-aujourd-hui-on-a-un-systeme-fiscal-qui-n-est-pas-satisfaisant-nathalie-kosciusko-morizet-878737.html                                                                           http:\/\/www.bfmtv.com\/mediaplayer\/video\/questions-d-eco-l-emergence-du-travail-independant-est-une-grande-transformation-nathalie-kosciusko-morizet-878739.html                                                                                      http:\/\/www.bfmtv.com\/mediaplayer\/video\/nathalie-kosciusko-morizet-face-aux-francais-je-propose-un-statut-unifife-et-general-pour-le-travailleur-independant-878745.html                                                                                          http:\/\/www.bfmtv.com\/mediaplayer\/video\/comptes-de-campagne-la-taxe-halal-permet-d-avoir-des-financements-autonomes-nathalie-kosciusko-morizet-878747.html\n\n<strong>-Son face \u00e0 face avec Florian Philippot, eurod\u00e9put\u00e9 FN (vid\u00e9o) :          <\/strong>       http:\/\/www.bfmtv.com\/mediaplayer\/video\/florian-philippot-face-a-nathalie-kosciusko-morizet-il-faut-mettre-un-referendum-obligatoire-sur-certains-sujets-dans-la-constitution-878749.html \n\n-&#8220;La police a peur des d\u00e9linquants, c&#8217;est le monde \u00e0 l&#8217;envers&#8221; (Fran\u00e7ois Fillon, invit\u00e9 du &#8220;Grand Jury RTL&#8221; (vid\u00e9os) : http:\/\/www.rtl.fr\/actu\/politique\/francois-fillon-la-police-a-peur-des-delinquants-c-est-le-monde-a-l-envers-7785412555                                       \n\n-La campagne de Nicolas Sarkozy, &#8220;bien s\u00fbr que c&#8217;est difficile. Il y a beaucoup de lien entre la politique et l&#8217;escalade&#8221; que je pratique r\u00e9guli\u00e8rement (Eric Woerth, d\u00e9put\u00e9 LR de l&#8217;Oise, invit\u00e9 de l&#8217;\u00e9mission &#8220;\/.pol&#8221;; vid\u00e9o) : http:\/\/www.lejdd.fr\/Politique\/VIDEO-L-integrale-de-l-emission-pol-avec-Eric-Woerth-818494\n\n<em>-&#8220;On ne peut pas sortir du socialisme avec celui qui nous y a fait entrer&#8221; (une tribune de 165 personnalit\u00e9s sarkozystes de la droite et du centre contre le soutien de Fran\u00e7ois Bayrou \u00e0 Alain Jupp\u00e9; Nicolas Prissette) : <\/em> http:\/\/www.lejdd.fr\/Politique\/Quand-les-sarkozystes-attaquent-Bayrou-818896\n\n-&#8220;Il y a un peu de d\u00e9sarroi du c\u00f4t\u00e9 de Nicolas Sarkozy&#8221; (l&#8217;eurod\u00e9put\u00e9e MoDem Marielle de Sarnez; propos recueillis par Ga\u00ebl Vaillant) : http:\/\/www.lejdd.fr\/Politique\/Il-y-a-un-peu-de-desarroi-du-cote-de-Nicolas-Sarkozy-819277\n\n-&#8220;Tout cela, c&#8217;est du pipi de chat&#8221; (Ghislaine Johachim-Arnaud, syndicaliste CGT \u00e0 la Martinique, face \u00e0 Bruno Le Maire dans &#8220;L&#8217;Emission politique&#8221; sur France 2; vid\u00e9o) : http:\/\/www.francetvinfo.fr\/politique\/les-republicains\/primaire-de-la-droite\/video-tout-ca-c-est-du-pipi-de-chat-l-echange-tendu-entre-bruno-le-maire-et-une-syndicaliste-dans-l-emission-politique_1881947.html#xtor=EPR\n\n-Les candidats de  la primaire de la droite, &#8220;\u00e0 eux tous, ils ont un si\u00e8cle de mandats cumul\u00e9s. Ce n&#8217;est pas la primaire de 2016, c&#8217;est celle de 1995. Les salaires des emplois rebonds pourront \u00eatre cumul\u00e9s avec des allocations sociales. A i-T\u00e9l\u00e9, c&#8217;est quelque chose qui ne me plait pas&#8221; (il \u00e9tait l&#8217;invit\u00e9 de &#8220;Questions politiques&#8221;, l&#8217;\u00e9mission de Nicolas Demorand; vid\u00e9os) :   \nhttp:\/\/www.dailymotion.com\/video\/x4yodcs_questions-politiques-avec-bruno-le-maire-premiere-partie_news                                                   http:\/\/www.dailymotion.com\/video\/x4yoopi_bruno-le-maire-repond-aux-auditeurs-de-questions-politiques_news\n\n<em>-Le barom\u00e8tre de popularit\u00e9 (IFOP-JDD) :<\/em>\nhttp:\/\/www.lejdd.fr\/Politique\/Popularite-Hollande-baisse-encore-Valls-se-renforce-818872\n\n-&#8220;Garde-fous&#8221; (Laurent Joffrin) : http:\/\/www.liberation.fr\/france\/2016\/10\/21\/garde-fous_1523574?xtor=EPR\n\n-&#8220;Primaire \u00e0 droite entre un ancien et un futur repris de justice&#8221; (Jacques Nikonoff; vid\u00e9o) : \nhttp:\/\/nikonoff2017.fr\/qui-est-jacques-nikonoff\/chroniques-de-jacques-nikonoff\/395-primaire-a-droite-entre-un-ancien-et-un-futur-repris-de-justice\n\n<strong>EUROPE-MONDE<\/strong>\n\n-&#8220;Parce qu&#8217;on n&#8217;a pas respect\u00e9 les trait\u00e9s europ\u00e9ens, la situation est bloqu\u00e9e par la Wallonie. Il y a un probl\u00e8me entre la Belgique et la Wallonie qui, avec ses 3 millions d&#8217;habitants, prend en otage 500 millions de personnes&#8221; (Sylvie Goulard, eurod\u00e9put\u00e9e centriste; interrog\u00e9e par David Abiker; son, amener le curseur sur 1:00) : http:\/\/www.europe1.fr\/emissions\/c-est-arrive-cette-semaine\/cest-arrive-cette-semaine-221016-2879519\n\n-&#8220;On va importer alors qu&#8217;on n&#8217;a pas besoin&#8221; (Jos\u00e9 Bov\u00e9, eurod\u00e9put\u00e9 \u00e9cologiste et Franck Proust eurod\u00e9put\u00e9 PPE, invit\u00e9s du &#8220;T\u00e9l\u00e9phone sonne&#8221; sur France Inter; anim\u00e9 par Nicolas Demorand; son) :   https:\/\/www.franceinter.fr\/emissions\/le-telephone-sonne\/le-telephone-sonne-17-octobre-2016+\n\n<strong>-&#8220;Les Wallons ne l\u00e2chent rien&#8221; (Catherine Chatignoux et Gabriel Gresillon; vid\u00e9os) :<\/strong> http:\/\/www.lesechos.fr\/monde\/europe\/0211417230240-les-wallons-ne-lachent-rien-sur-laccord-avec-le-canada-2036897.php#xtor=EPR\n\n-Jusqu&#8217;au bout,  ils ont r\u00e9sist\u00e9 (vid\u00e9o) : http:\/\/www.francetvinfo.fr\/monde\/europe\/ceta-la-wallonie-dit-stop_1883713.html#xtor=EPR\n\n<strong>-&#8220;Le d\u00e9bat d\u00e9mocratique n&#8217;est pas le probl\u00e8me, il est la solution&#8221; (Paul Magnette, ministre-pr\u00e9sident de la Wallonie; propos recueillis par Jean-Pierre Stroobants) :  <\/strong>  http:\/\/www.lemonde.fr\/economie\/article\/2016\/10\/22\/traite-de-libre-echange-ceta-le-debat-democratique-n-est-pas-le-probleme-mais-la-solution_5018396_3234.html\n\n-&#8220;Un \u00e9chec pour l&#8217;Union europ\u00e9enne, une victoire pour les opinions publiques&#8221; (Jean Quatremer) : http:\/\/www.liberation.fr\/planete\/2016\/10\/21\/libre-echange-waterloo-pour-le-ceta_1523569?xtor=EPR\n\n<strong>-&#8220;Nouvel accroc pour le libre \u00e9change&#8221; (l&#8217;\u00e9conomiste Pierre Kohler, du d\u00e9partement des affaires \u00e9conomiques et sociales de l&#8217;ONU et Servaas Storm, ma\u00eetre de conf\u00e9rence \u00e0 l&#8217;universit\u00e9 de Delft aux Pays-Bas) : <\/strong> http:\/\/www.monde-diplomatique.fr\/carnet\/2016-10-14-Rejet-du-Ceta-accroc-libre-echange\n\n-A Amsterdam, 8 000 manifestants soutiennent la Wallonie (vid\u00e9o) : http:\/\/m.rtl.be\/videos\/601030\n\n-Le taux de pauvret\u00e9 beaucoup plus fort en Allemagne qu&#8217;en France (Delphine Simon; son) : https:\/\/www.franceinter.fr\/emissions\/le-vrai-faux-de-l-europe\/le-vrai-faux-de-l-europe-22-octobre-2016\n\n-Ce qu&#8217;il en est dans les autres pays europ\u00e9ens (documents  eurostat et de l&#8217;Observatoire des in\u00e9galit\u00e9s)                                                                                                         http:\/\/ec.europa.eu\/eurostat\/fr\/web\/gdp-and-beyond\/quality-of-life\/at-risk-of-poverty-rate                                                                                                   http:\/\/www.inegalites.fr\/spip.php?article388&amp;id_mot=114\n\n<strong>-En Espagne, le Parti socialiste donne son feu vert \u00e0 la droite (Marianne Enault) :  <\/strong> http:\/\/www.lejdd.fr\/International\/Europe\/En-Espagne-le-Parti-socialiste-donne-son-feu-vert-a-la-droite-819304\n\n-Ce qu&#8217;\u00e9tait Mossoul (vid\u00e9o de l&#8217;INA) : https:\/\/www.ina.fr\/video\/I16291410\/la-ville-de-mossoul-video.html\n\n-&#8220;La bataille de Mossoul se joue aussi \u00e0 Paris&#8221; (Philippe Leymarie) : http:\/\/blog.mondediplo.net\/2016-10-22-La-bataille-de-Mossoul-se-joue-aussi-a-Paris\n\n-L&#8217;Irak refuse que la Turquie participe \u00e0 la bataille (Marie J\u00e9go) : http:\/\/www.lemonde.fr\/proche-orient\/article\/2016\/10\/22\/la-turquie-reaffirme-ses-pretentions-en-syrie-et-en-irak_5018514_3218.html\n\n-La premi\u00e8re exposition am\u00e9ricaine consacr\u00e9e au Coran (vid\u00e9o) : http:\/\/nr.news-republic.com\/Web\/ArticleWeb.aspx?regionid=2&#038;articleid=75706851\n\n-La pr\u00e9sidentielle dans la derni\u00e8re ligne droite (Fran\u00e7ois Bujon de l&#8217;Estang, ancien ambassadeur de France aux Etats-Unis; interrog\u00e9 par David Abiker; so, amener le curseur sur 0:57) : http:\/\/www.europe1.fr\/emissions\/c-est-arrive-demain\/cest-arrive-demain-david-abiker-231016-2880038\n\n<strong>-Les d\u00e9penses des deux candidats vont atteindre des sommets (Gr\u00e9goire Normand) <\/strong> : http:\/\/www.latribune.fr\/economie\/international\/presidentielle-americaine-qui-depense-le-plus-609442.html#xtor=EPR\n\n-S&#8217;il gagne, Donald Trump promet &#8220;un Brexit plus&#8221; (vid\u00e9o) : http:\/\/nr.news-republic.com\/Web\/ArticleWeb.aspx?regionid=2&#038;articleid=75751635\n\n-&#8220;Un prisonnier sur quatre dans le monde est am\u00e9ricain&#8221; (Prisons et couloirs de la mort surpeupl\u00e9s; Claude Guibal; son) : https:\/\/www.franceinter.fr\/emissions\/le-chiffre-americain\/le-chiffre-americain-22-octobre-2016\n\n-Fran\u00e7ais de New York \u00e0 l&#8217;heure des \u00e9lections (&#8220;13H15 le samedi&#8221;; vid\u00e9o) : http:\/\/www.francetvinfo.fr\/replay-magazine\/france-2\/13h15\/13h15-du-samedi-22-octobre-2016_1873711.html\n\n-&#8220;Obama, le style d&#8217;une pr\u00e9sidence&#8221; (vid\u00e9o) : http:\/\/www.francetvinfo.fr\/monde\/usa\/presidentielle\/etats-unis-obama-le-style-d-une-presidence_1886461.html\n\n<strong>-En Argentine, les femmes mobilis\u00e9es apr\u00e8s l&#8217;assassinat d&#8217;une adolescente qui a \u00e9t\u00e9 drogu\u00e9e et viol\u00e9e, dans un pays o\u00f9 une femme est tu\u00e9e toutes les 36 heures (vid\u00e9o) <\/strong> : http:\/\/www.francetvinfo.fr\/choix\/video-argentine-les-femmes-mobilisees-apres-le-meurtre-sauvage-d-une-adolescente_1881559.html#xtor=EPR\n\n<strong>-Toujours en Argentine, la premi\u00e8re institutrice trisomique 21 au monde (vid\u00e9o) : <\/strong> \nhttp:\/\/www.lci.fr\/replay\/video-noelia-la-premiere-institutrice-trisomique-21-au-monde-2009104.html%3Ftype=content\n\n-Sauver les baleines (vid\u00e9o) : http:\/\/www.francetvinfo.fr\/monde\/norvege\/oceans-sauver-les-baleines_1885081.html#xtor=EPR\n\n<strong>CULTURE-MEDIAS<\/strong>\n\n<strong>-Le 22 octobre 1941, 27 otages sont fusill\u00e9s par les nazis \u00e0 Ch\u00e2teaubriant (les t\u00e9moignages d&#8217;Odette Nil\u00e8s et de Paulette Capliez, aujourd&#8217;hui \u00e2g\u00e9es de 94 ans; vid\u00e9o) <\/strong> : http:\/\/france3-regions.francetvinfo.fr\/pays-de-la-loire\/loire-atlantique\/commemoration-il-y-75-ans-48-otages-etaient-fusilles-nazis-nantes-chateaubriant-paris-1114079.html#xtor=EPR\n\n-&#8220;Cinq d\u00e9couvertes scientifiques qui r\u00e9\u00e9crivent l&#8217;histoire&#8221; (Mariana Reali) : http:\/\/www.lesechos.fr\/week-end\/business-story\/liste\/0211409913004-5-decouvertes-scientifiques-qui-reecrivent-lhistoire-2036890.php#xtor=EPR\n\n<strong>-Jusqu&#8217;au 30 octobre, au Th\u00e9\u00e2tre du Rond Point et jusqu&#8217;au 19 novembre \u00e0 l&#8217;Ath\u00e9n\u00e9e Th\u00e9\u00e2tre Louis-Jouvet, deux solos enchanteurs de Patrick Robine et Philippe Caub\u00e8re (Fabienne Pascaud) :<\/strong>   http:\/\/www.telerama.fr\/sortir\/patrick-robine-et-philippe-caubere,149066.php#xtor=EPR-126\n\n-Au th\u00e9\u00e2tre de l&#8217;Atelier, Myriam Boyer et Jean Benguigui jouent &#8220;Le Chat&#8221;, d&#8217;apr\u00e8s Georges Simenon (invit\u00e9s de Michel Drucker; vid\u00e9o, amener le curseur sur 27:41) : http:\/\/www.france2.fr\/emissions\/vivement-dimanche\/videos\/replay_-_vivement_dimanche_prochain_23-10-2016_1326871\n\n<strong>-&#8220;La m\u00e9lancolie, c&#8217;est un \u00e9tat de conscience douloureux, d\u00e9licieux; le plaisir d&#8217;\u00eatre seul&#8221; (Olivier Py, directeur du Festival d&#8217;Avignon; invit\u00e9 d&#8217; Eva Bester; son) :      <\/strong> https:\/\/www.franceinter.fr\/emissions\/remede-a-la-melancolie\/remede-a-la-melancolie-23-octobre-2016\n\n-&#8220;Si on voulait me donner la l\u00e9gion d&#8217;honneur, j&#8217;irais la chercher en slip, pour qu&#8217;ils ne sachent pas o\u00f9 l&#8217;accrocher&#8221; (jusqu&#8217;au 7 janvier 2017, \u00e0 l&#8217;H\u00f4tel de Ville de Paris, l&#8217;exposition &#8220;Coluche&#8221;; vid\u00e9o) : http:\/\/france3-regions.francetvinfo.fr\/paris-ile-de-france\/paris\/paris-expo-coluche-hotel-ville-1102801.html#xtor=EPR\n\n<strong>-Bernard Arnault, un tenant du lib\u00e9ralisme passionn\u00e9 d&#8217;art (interrog\u00e9 par Laurent Delahousse; vid\u00e9o) <\/strong>  : http:\/\/www.francetvinfo.fr\/culture\/expos\/bernard-arnault-parcours-d-un-homme-d-affaires-passionne-d-art_1886467.html\n\n-&#8220;Foires d&#8217;empoigne dans l&#8217;art contemporain&#8221; (Martine Robert) : http:\/\/www.lesechos.fr\/week-end\/culture\/expositions\/0211407429546-foires-dempoigne-dans-lart-contemporain-2036879.php#xtor=EPR\n\n<strong>-&#8220;L&#8217;argent, le pouvoir, l&#8217;art&#8221; (un documentaire de Martina M\u00fcller; vid\u00e9o) : <\/strong> http:\/\/www.arte.tv\/guide\/fr\/062160-000-A\/l-argent-le-pouvoir-l-art\n\n-L&#8217;exceptionnelle donation de la collection Hays au Mus\u00e9e d&#8217;Orsay (vid\u00e9o) :                                                                                                                       http:\/\/www.lci.fr\/culture\/jt-we-un-couple-d-americains-fait-don-de-sa-collection-d-art-a-la-france-2008937.html%3Ftype=content\n\n-La place des femmes dans la culture, toujours trop faible : http:\/\/www.francemusique.fr\/actu-musicale\/la-place-des-femmes-dans-la-culture-toujours-trop-faible-146539\n\n<em>-L&#8217;\u00e9tude de la Soci\u00e9t\u00e9 des Auteurs Compositeurs Dramatiques (document \u00e0 t\u00e9l\u00e9charger) :<\/em> http:\/\/www.sacd.fr\/Ou-sont-les-femmes-dans-la-culture-Toujours-pas-la.4711.0.html\n\n-&#8220;Comme moi, les vampires sont des outsiders&#8221; (Anne Rice, auteure de la s\u00e9rie &#8220;Chroniques des vampires&#8221; qui s&#8217;est vendue \u00e0 des dizaines de millions d&#8217;exemplaires dans le monde; propos recueillis par Hubert Prolongeau) :  http:\/\/www.telerama.fr\/livre\/anne-rice-comme-moi-les-vampires-sont-des-outsiders,149091.php#xtor=EPR\n\n<strong>-Riad Sattouf sort le 3e tome de la BD  &#8220;L&#8217;Arabe du futur&#8221;. Il \u00e9tait l&#8217;invit\u00e9 de Catherine Ceylac (vid\u00e9o)<\/strong> : http:\/\/www.france2.fr\/emissions\/the-ou-cafe\/videos\/replay_-_the_ou_cafe_22-10-2016_1326475\n\n<strong>-Pour la sortie en salles de &#8220;Moi, Daniel Blake&#8221;, palme d&#8217;or \u00e0 Cannes, Ken Loach, accompagn\u00e9 de Robert Gu\u00e9diguian, interrog\u00e9s par Christine Masson et Laurent Delmas; son) <\/strong> : https:\/\/www.franceinter.fr\/emissions\/on-aura-tout-vu\/on-aura-tout-vu-22-octobre-2016\n\n<strong>-&#8220;Ken Loach, un r\u00e9alisateur hors du commun&#8221; (vid\u00e9o) :  <\/strong>                http:\/\/www.francetvinfo.fr\/culture\/cinema\/cinema-moi-daniel-blake-de-ken-loach-arrive-en-salle_1886191.html\n\n<strong>-Du 6 au 15 novembre, \u00e0 Th\u00f4nes en Haute-Savoie, &#8220;les Rencontres du film des R\u00e9sistances&#8221; (pi\u00e8ce jointe<\/strong> : http:\/\/www.rencontres-resistances.com\/accueil.html\n\n-R\u00e9alisateur de &#8220;Gremlins&#8221;, Joe Dante, figure culte du cin\u00e9ma fantastique am\u00e9ricain, a aujourd&#8217;hui du mal \u00e0 financer ses films (un entretien r\u00e9alis\u00e9 par Aur\u00e9lien Ferenczi; vid\u00e9os) : http:\/\/www.telerama.fr\/cinema\/joe-dante-ed-wood-ce-n-est-pas-rien,131897.php                                                                                           http:\/\/www.telerama.fr\/cinema\/joe-dante-piranhas-c-etait-un-film-de-gauche,131903.php#xtor=EPR\n\n-Juho Kuosmanen, r\u00e9alisateur de &#8220;Olli M\u00e4ki&#8221; qui a re\u00e7u le prix &#8220;Un Certain Regard&#8221; au dernier Festival de Cannes (propos recueillis par Fr\u00e9d\u00e9ric Strauss; vid\u00e9o) :          http:\/\/www.telerama.fr\/cinema\/olli-maki-le-boxeur-amoureux-qui-seduit-meme-kaurismaki,148902.php#xtor=EPR\n\n-Laurent Delmas a vu et aim\u00e9 le film d&#8217;animation &#8220;Ma vie de courgette&#8221;, r\u00e9alis\u00e9 par Claude Barras; son et vid\u00e9o) : https:\/\/www.franceinter.fr\/emissions\/la-prescription-cinema-de-laurent-delmas\/la-prescription-cinema-de-laurent-delmas-22-octobre-2016\n\n-&#8220;Dans la famille Capu\u00e7on, vous aimerez Gautier, le violoncelliste&#8221; (invit\u00e9 de David Abiker; son, amener le curseur sur 24:21) : http:\/\/www.europe1.fr\/emissions\/c-est-arrive-cette-semaine\/cest-arrive-cette-semaine-221016-2879519\n\n<strong>-&#8220;Jean Ferrat, compagnon de route&#8221; (&#8220;Un jour, un destin&#8221; de Laurent Delahousse; vid\u00e9o)<\/strong> : http:\/\/www.france2.fr\/emissions\/un-jour-un-destin\/videos\/jean_ferrat_compagnon_de_route_23-10-2016_1326919\n\n<strong>-&#8220;The Partisan&#8221; (L\u00e9onard Cohen, 1970; vid\u00e9o de l&#8217;INA)<\/strong> : https:\/\/www.ina.fr\/video\/I16292434\n\n-&#8220;You Want it Darker&#8221; (son; 2016 ) : https:\/\/www.youtube.com\/watch?v=v0nmHymgM7Y\n\n-&#8220;Joanne&#8221;, le nouvel album de Lady Gaga (vid\u00e9o et sons) : http:\/\/culturebox.francetvinfo.fr\/musique\/rock\/lady-gaga-plus-intimiste-et-grave-dans-son-nouvel-album-joanne-247735\n\n-&#8220;Ragnarock&#8221;, le dernier album du norv\u00e9gien Einar Selvik (propos recueillis par Marie-H\u00e9l\u00e8ne Soenen; vid\u00e9os) : http:\/\/www.telerama.fr\/musique\/einar-selvik-wardruna-n-essaie-pas-de-reproduire-la-musique-de-l-age-viking,148733.php#xtor=EPR\n\n-&#8220;Lo\u00efs Le Van, tellement plus qu&#8217;un chanteur de jazz&#8221; (propos recueillis par Annie Yanb\u00e9kian; vid\u00e9os) : http:\/\/culturebox.francetvinfo.fr\/musique\/jazz-blues\/lois-le-van-tellement-plus-qu-un-chanteur-de-jazz-247499\n\n-&#8220;Une heure en t\u00eate \u00e0 t\u00eate avec Line Renaud&#8221; (invit\u00e9e par Fabienne Pascaud; vid\u00e9o) : http:\/\/www.telerama.fr\/musique\/on-a-passe-une-heure-en-tete-a-tete-avec-line-renaud,149077.php#xtor=EPR\n\n-&#8220;Diabolo&#8221; (Brigitte Fontaine et Areski; son) : https:\/\/www.youtube.com\/watch?v=lRRDNlpNjS8&#038;feature=youtu.be\n\n<strong>-Par les m\u00eames en 1974, &#8220;Ma rue&#8221; (vid\u00e9o)<\/strong> : https:\/\/www.youtube.com\/watch?v=JF1IFC42NMQ\n\n<strong>-Le retour de Phil Collins sur sc\u00e8ne (vid\u00e9o) :<\/strong> http:\/\/www.francetvinfo.fr\/monde\/ameriques\/phil-collins-fait-son-grand-retour-sur-scene_1885135.html\n\n-&#8220;Vincent Delerme ou l&#8217;intime universel&#8221; (son , amener le curseur sur 29:45) : http:\/\/www.europe1.fr\/emissions\/c-est-arrive-demain\/cest-arrive-demain-david-abiker-231016-2880038\n\n<strong>-&#8220;La Symphonie pour un nouveau monde&#8221; interpr\u00e9t\u00e9e par Duke Ellington (Fran\u00e7ois Gorin; son)<\/strong> : http:\/\/www.telerama.fr\/musique\/duke-ellington-2-une-balade-en-forez,149076.php#xtor=EPR\n\n<strong>-&#8220;Robert Doisneau, le r\u00e9volt\u00e9 du merveilleux&#8221; (un documentaire de Cl\u00e9mentine Deroudille; vid\u00e9o jusqu&#8217;au 31 octobre)<\/strong> : http:\/\/www.arte.tv\/guide\/fr\/061669-000-A\/robert-doisneau\n\n-Toute l&#8217;actualit\u00e9 culturelle dans &#8220;Pop Up&#8221;, la nouvelle \u00e9mission d&#8217;Audrey Pulvar sur C8 (vid\u00e9o) : http:\/\/www.c8.fr\/c8-docs-mags\/pid8654-c8-pop-up.html?vid=1421302\n\n-Les jeunes et les r\u00e9seaux sociaux&#8221; (Emmanuelle Daviet; son) : https:\/\/www.franceinter.fr\/emissions\/interclass\/interclass-23-octobre-2016\n\n-&#8220;C&#8217;est vraiment le genre question qui me fait chier&#8221; (Jean d&#8217;Ormesson en r\u00e9ponse \u00e0 Vanessa Burggraf; vid\u00e9o) :                                                                http:\/\/www.france2.fr\/emissions\/on-n-est-pas-couche\/videos\/jean_dormesson_cest_vraiment_le_genre_de_question_qui_me_fait_chier_onpc_22-10-2016_1326745?onglet=tous&#038;page=1\n\n<strong>-L&#8217;interview int\u00e9grale (vid\u00e9o) :    <\/strong>                                                                   http:\/\/www.france2.fr\/emissions\/on-n-est-pas-couche\/videos\/jean_dormesson_-_on_nest_pas_couche_22_octobre_2016_onpc_22-10-2016_1326729?onglet=tous&#038;page=1\n\n-&#8220;Retour sur six mois de chaos \u00e0 i-T\u00e9l\u00e9&#8221; : http:\/\/television.telerama.fr\/television\/itele-retour-sur-six-mois-de-chaos,149095.php#xtor=EPR\n\n-Sur France Culture, &#8220;La Compagnie des auteurs&#8221; de Matthieu Garrigou-Lagrange (ici, la s\u00e9rie consacr\u00e9e \u00e0 la romanci\u00e8re anglaise Jane Austen; Jos\u00e9phine Lebard; sons) : http:\/\/www.telerama.fr\/radio\/jane-austen-sur-france-culture-auteure-et-prejuges,148847.php#xtor=EPR                                                                      https:\/\/www.franceculture.fr\/emissions\/la-compagnie-des-auteurs\/jane-austen-14-dependance-et-liberte\n\n-Des b\u00e8gues au tribunal (Darry Cowl et Jean Lefebvre; vid\u00e9o de l&#8217;INA) : http:\/\/www.ina.fr\/video\/I04300142\/darry-cowl-et-jean-lefebvre-les-begues-video.html\n\n-Le best humour de France Inter (vid\u00e9o) : http:\/\/www.dailymotion.com\/video\/x4yf6lo_trump-c-est-juste-zemmour-sous-cortisone-avec-une-teinture-de-pouf-le-best-of-humour-de-france-inter_fun\n\n-St\u00e9phane Guillon 2017 (vid\u00e9o) : http:\/\/www.c8.fr\/c8-divertissement\/ms-salut-les-terriens\/pid8608-invites.html?vid=1421369\n\n<strong>-Il \u00e9tait aussi chez Michel Drucker dans &#8220;Vivement dimanche prochain&#8221; (vid\u00e9o, amener le curseur sur 36:13) :  <\/strong>    http:\/\/www.france2.fr\/emissions\/vivement-dimanche\/videos\/replay_-_vivement_dimanche_prochain_23-10-2016_1326871\n\n\n<h2 class=\"wp-block-heading\">Documents joints<\/h2>\n\n\n\n<div class=\"wp-block-file\"><a href=\"https:\/\/wp.muchomaas.com\/wp-content\/uploads\/2016\/10\/resistances-ebe.pdf\">resistances.pdf<\/a><\/div>\n\n\n","protected":false},"excerpt":{"rendered":"<p>ACTUALITE -&#8220;L&#8217;h\u00f4pital aux urgences&#8221; (le diab\u00e9tologue Andr\u00e9 Grimaldi, pr\u00e9sident du &#8220;Mouvement de d\u00e9fense de l&#8217;H\u00f4pital public&#8221;; interrog\u00e9 par David Abiker; son, amener le curseur sur 9:55) : http:\/\/www.europe1.fr\/emissions\/c-est-arrive-cette-semaine\/cest-arrive-cette-semaine-221016-2879519 -Les Fran\u00e7ais, les m\u00e9dicaments et les vaccins (IPSOS) : http:\/\/www.ipsos.fr\/decrypter-societe\/2016-10-24-niveau-confiance-dans-medicaments-qui-se-maintient-defiance-vis-vis-vaccins-qui-progresse -Fr\u00e9d\u00e9ric Gagey ne sera plus PDG d&#8217;Air France (Fabrice Gliszczynski) : http:\/\/www.latribune.fr\/entreprises-finance\/services\/transport-logistique\/air-france-frederic-gagey-ne-sera-plus-pdg-609751.html#xtor=EPR -&#8220;Nous sommes draguer par l&#8217;ensemble [&hellip;]<\/p>\n","protected":false},"author":1042,"featured_media":0,"comment_status":"open","ping_status":"open","sticky":false,"template":"","format":"standard","meta":{"_themeisle_gutenberg_block_has_review":false,"footnotes":""},"categories":[151],"tags":[],"class_list":["post-9946","post","type-post","status-publish","format-standard","hentry","category-la-revue-de-presse-de-lulu"],"_links":{"self":[{"href":"https:\/\/archives.regards.fr\/index.php?rest_route=\/wp\/v2\/posts\/9946","targetHints":{"allow":["GET"]}}],"collection":[{"href":"https:\/\/archives.regards.fr\/index.php?rest_route=\/wp\/v2\/posts"}],"about":[{"href":"https:\/\/archives.regards.fr\/index.php?rest_route=\/wp\/v2\/types\/post"}],"author":[{"embeddable":true,"href":"https:\/\/archives.regards.fr\/index.php?rest_route=\/wp\/v2\/users\/1042"}],"replies":[{"embeddable":true,"href":"https:\/\/archives.regards.fr\/index.php?rest_route=%2Fwp%2Fv2%2Fcomments&post=9946"}],"version-history":[{"count":0,"href":"https:\/\/archives.regards.fr\/index.php?rest_route=\/wp\/v2\/posts\/9946\/revisions"}],"wp:attachment":[{"href":"https:\/\/archives.regards.fr\/index.php?rest_route=%2Fwp%2Fv2%2Fmedia&parent=9946"}],"wp:term":[{"taxonomy":"category","embeddable":true,"href":"https:\/\/archives.regards.fr\/index.php?rest_route=%2Fwp%2Fv2%2Fcategories&post=9946"},{"taxonomy":"post_tag","embeddable":true,"href":"https:\/\/archives.regards.fr\/index.php?rest_route=%2Fwp%2Fv2%2Ftags&post=9946"}],"curies":[{"name":"wp","href":"https:\/\/api.w.org\/{rel}","templated":true}]}}