{"id":9944,"date":"2016-10-22T07:45:12","date_gmt":"2016-10-22T05:45:12","guid":{"rendered":"https:\/\/wp.muchomaas.com\/article-la-revue-du-22-octobre-2016\/"},"modified":"2016-10-22T07:45:12","modified_gmt":"2016-10-22T05:45:12","slug":"article-la-revue-du-22-octobre-2016","status":"publish","type":"post","link":"https:\/\/archives.regards.fr\/?p=9944","title":{"rendered":"La Revue du 22 octobre 2016"},"content":{"rendered":"<p><strong>ACTUALITE<\/strong><\/p>\n<p><strong>-&#8220;Comme un poisson dans l&#8217;eau&#8221;, pendant les vacances de la Toussaint, avec le Secours populaire, des enfants de milieux d\u00e9favoris\u00e9s apprennent \u00e0 nager (Yvan Petit, directeur du centre nautique de Bois-Colombes; son) <\/strong> : http:\/\/www.sudradio.fr\/Podcasts\/L-invite-pour-comprendre\/Yvan-Petit-directeur-du-Centre-aquatique-de-Bois-Colombes<\/p>\n<p><strong>-&#8220;Le couloir de pauvret\u00e9&#8221; (un reportage d&#8217;Anne Sylvain dans &#8220;L&#8217;Angle \u00e9co&#8221;; vid\u00e9o) : <\/strong> http:\/\/www.francetvinfo.fr\/replay-magazine\/france-2\/l-angle-eco\/video-le-couloir-de-pauvrete_826843.html <\/p>\n<p>-19e jours de gr\u00e8ve chez Babou \u00e0 Bagnolet (93; vid\u00e9o) : http:\/\/videos.leparisien.fr\/video\/les-babou-soutenus-par-la-cgt-93-21-10-2016-x4yfphn<\/p>\n<p>-Malgr\u00e9 le rejet de leur offre de reprise, les anciens salari\u00e9s d&#8217;Ecopla gardent espoir (vid\u00e9o) : http:\/\/www.francetvinfo.fr\/economie\/ecopla-l-offre-de-reprise-rejetee-les-ex-salaries-gardent-espoir_1883717.html<\/p>\n<p>-Des entreprises s&#8217;engagent \u00e0 r\u00e9duire leurs d\u00e9chets (Baptiste Gaborit; son) : http:\/\/www.radioclassique.fr\/player\/progaction\/initPlayer\/podcast\/3-minutes-pour-la-planete-2016-10-21-06-47-00.html<\/p>\n<p>-Selon l&#8217;Observatoire national contre l&#8217;islamophobie, les actes anti-musulmans ont diminu\u00e9 entre janvier et septembre 2016 par rapport \u00e0 2015 : http:\/\/www.lemonde.fr\/europe\/article\/2016\/10\/20\/la-wallonie-maintient-son-opposition-au-traite-commercial-ceta-avec-le-canada_5017686_3214.html<\/p>\n<p><strong>-35 ans apr\u00e8s la mort du juge Michel \u00e0 Marseille (son)<\/strong> : http:\/\/www.sudradio.fr\/Podcasts\/Les-reportages-de-la-matinee\/35-ans-apres-la-mort-du-juge-Michel<\/p>\n<p>-Une intersyndicale de la police appelle \u00e0 manifester devant les palais de justice tous les mardis (Simon Gourmellet, Catherine Fournier et Beno\u00eet Zagdoun) :                                           http:\/\/www.francetvinfo.fr\/societe\/manifestation-des-policiers\/policiers-en-colere-francois-hollande-recevra-les-syndicats-en-debut-de-semaine-prochaine-suivez-notre-direct_1882805.html#xtor=EPR<\/p>\n<p><strong>-&#8220;A Dreux, une nuit avec les gardiens de la paix&#8221; (vid\u00e9o) : <\/strong><br \/>\nhttp:\/\/www.francetvinfo.fr\/faits-divers\/police\/dreux-une-nuit-avec-les-gardiens-de-la-paix_1883711.html<\/p>\n<p>-&#8220;On ne veut plus discuter, on ne veut plus des syndicats, on ne veut plus des politiques. Maintenant, ils vont la fermer et nous \u00e9couter. On n&#8217;est pas manipul\u00e9 par le FN, on n&#8217;est pas des moutons&#8221; (propos de policiers recueillis par Thomas Ba\u00efetto; vid\u00e9os) : http:\/\/www.francetvinfo.fr\/societe\/manifestation-des-policiers\/les-politiques-maintenant-ils-vont-la-fermer-des-centaines-de-policiers-crient-leur-colere-pres-de-l-elysee_1882773.html<\/p>\n<p>-&#8220;Ils sont dans une grand d\u00e9tresse. L&#8217;important, c&#8217;est d&#8217;\u00e9radiquer les trafics&#8221; (Jean-Marie Vilain, le maire UDI de Viry Chatillon dans l&#8217;Essonne; son) :  http:\/\/www.sudradio.fr\/Podcasts\/L-invite-pour-comprendre\/Jean-Marie-Vilain-Maire-UDI-de-Viry-Chatillon<\/p>\n<p><strong>-&#8220;Cela fait au moins deux ans que nous faisons remonter l&#8217;\u00e9tat d&#8217;extr\u00eame fatigue des policiers. Il y a un foss\u00e9 avec la hi\u00e9rarchie. On est dans une gestion de flux de d\u00e9linquance. On nous demande de faire du chiffre&#8221; (Jean-Luc Taltavul, secr\u00e9taire g\u00e9n\u00e9ral-adjoint du syndicat des commissaires de police et Charlotte, policier en Ile-de-France ; son) :  <\/strong>                                                        https:\/\/www.franceinter.fr\/emissions\/l-invite-de-8h20\/l-invite-de-8h20-21-octobre-2016<\/p>\n<p>-Ils ont r\u00e9pondu aux questions des auditeurs de France Inter (son) : https:\/\/www.franceinter.fr\/emissions\/interactiv\/interactiv-21-octobre-2016<\/p>\n<p>-Le t\u00e9moignage du mari de la polici\u00e8re bless\u00e9e dans l&#8217;incendie de la voiture de police (vid\u00e9o) : http:\/\/www.francetvinfo.fr\/faits-divers\/police\/attaque-de-policiers-a-viry-chatillon\/video-agression-a-viry-chatillon-le-mari-de-la-policiere-blessee-temoigne_1883207.html<\/p>\n<p>-Fran\u00e7ois Hollande va recevoir \u00e0 l&#8217;Elys\u00e9e les syndicats de policiers en d\u00e9but de semaine : http:\/\/www.lemonde.fr\/police-justice\/article\/2016\/10\/21\/policiers-en-colere-m-urvoas-veut-ameliorer-leur-information-sur-les-decisions-de-justice_5017699_1653578.html<\/p>\n<p><strong>-&#8220;De la p\u00e9dagogie plut\u00f4t que des sanctions&#8221; (Jean-Marc Falcone, directeur g\u00e9n\u00e9ral de la police nationale, interrog\u00e9 par Thomas Sotto; vid\u00e9o) <\/strong> : http:\/\/www.europe1.fr\/emissions\/l-interview-verite\/jean-marc-falcone-de-la-pedagogie-plutot-que-des-sanctions-pour-les-policiers-qui-manifestent-2879081<\/p>\n<p>-Le Conseil constitutionnel retoque le registre public des b\u00e9n\u00e9ficiaires des trusts :  http:\/\/www.lemonde.fr\/economie\/article\/2016\/10\/21\/evasion-fiscale-le-conseil-constitutionnel-retoque-le-registre-public-des-beneficiaires-des-trusts_5018034_3234.html#xtor=AL-32280270<\/p>\n<p><strong>-&#8220;L&#8217;ancien ambassadeur du Qatar a copieusement arros\u00e9 nos politiques&#8221; (Georges Malbrunot, auteur avec Christian Chesnot de &#8220;Nos tr\u00e8s chers \u00e9mirs&#8221;; propos recueillis par Isma\u00ebl Halissat)<\/strong> : http:\/\/www.liberation.fr\/france\/2016\/10\/20\/georges-malbrunot-l-ancien-ambassadeur-du-qatar-a-copieusement-arrose-nos-politiques_1523233?xtor=EPR<\/p>\n<p>-&#8220;Pour certains \u00e9lus, c&#8217;\u00e9tait la boutique du P\u00e8re-No\u00ebl&#8221; (Christian Chesnot; vid\u00e9o) :  http:\/\/www.liberation.fr\/video\/2016\/10\/20\/pour-certains-elus-l-ambassade-du-qatar-a-paris-c-etait-la-boutique-du-pere-noel_1523172?xtor=EPR<\/p>\n<p><strong>-Les Fran\u00e7ais et la corruption (Thomas Legrand; son) <\/strong> : https:\/\/www.franceinter.fr\/emissions\/l-edito-politique\/l-edito-politique-21-octobre-2016<\/p>\n<p>-Le &#8220;j&#8217;accuse&#8221; de la d\u00e9put\u00e9e Isabelle Attard contre Jean-Michel Baylet (Pierre Jaxel-Truer; vid\u00e9o) :  http:\/\/www.lemonde.fr\/m-moyen-format\/article\/2016\/10\/21\/violences-faites-aux-femmes-le-j-accuse-de-la-deputee-isabelle-attard_5018099_4497271.html<\/p>\n<p>-Affaire Omar Raddad, l&#8217;analyse ADN livre les traces d&#8217;un autre homme (vid\u00e9o) : http:\/\/www.francetvinfo.fr\/faits-divers\/justice-proces\/affaire-omar-raddad-l-expertise-adn-livre-les-traces-d-un-autre-homme_1883393.html<\/p>\n<p><strong>POLITIQUE<\/strong><\/p>\n<p><strong>-&#8220;Hollande aura des difficult\u00e9s \u00e0 \u00eatre candidat. Je veux bien qu&#8217;il soit obstin\u00e9, mais il y a des limites \u00e0 l&#8217;obstination et \u00e0 la b\u00eatise. Je sens qu&#8217;un tr\u00e8s grand nombres de d\u00e9put\u00e9s qui jusque l\u00e0 \u00e9taient favorables \u00e0 sa candidature estiment qu&#8217;il n&#8217;est plus en mesure de le faire&#8221; (Marie-No\u00eblle Lienemann, s\u00e9natrice PS de Paris, candidate \u00e0 la primaire; invit\u00e9e de &#8220;Territoire d&#8217;Infos&#8221;; vid\u00e9o, amener le curseur sur 33:08) :<\/strong> http:\/\/www.sudradio.fr\/Politique\/L-interview-politique\/M.-N.-Lienemann-Hollande-aura-des-difficultes-a-etre-candidat<\/p>\n<p>-&#8220;Mon projet est de relancer l&#8217;\u00e9cologie politique, de donner une nouvelle image au mouvement&#8221; (Yannick Jadot, eurod\u00e9put\u00e9, arriv\u00e9 en t\u00eate du premier tour de la primaire; interrog\u00e9 par Guillaume Durand; vid\u00e9o) : http:\/\/www.dailymotion.com\/video\/x4ydwed<\/p>\n<p>-&#8220;\u00c7a fait 20 ans que je me bagarre sur le terrain. C&#8217;est une victoire des militants. Je dis &#8220;choisissez la col\u00e8re verte&#8221; (Mich\u00e8le Rivasi, eurod\u00e9put\u00e9e, qualifi\u00e9e pour le deuxi\u00e8me tour de la primaire \u00e9cologiste; interrog\u00e9e par Brigitte Boucher; vid\u00e9o, amener le curseur sur 29:37 <\/p>\n<p><em>-La primaire \u00e9cologiste (ODOXA) <\/em> : http:\/\/www.odoxa.fr\/primaire-eelv-rivasi-et-jadot-qualifies-la-preference-va-a-jadot-pour-ceux-qui-les-connaissent\/<\/p>\n<p>-&#8220;Faire une conf\u00e9rence de presse pour d\u00e9noncer &#8220;la patte du FN&#8221; derri\u00e8re les mobilisations polici\u00e8res est une erreur politique&#8221; (de Jean-Christophe Cambad\u00e9lis). &#8220;Aucun candidat ne s&#8217;impose naturellement&#8221;  (Jean-Marc Germain, d\u00e9put\u00e9 PS des Hauts-de-Seine; vid\u00e9os) : http:\/\/www.publicsenat.fr\/lcp\/politique\/patte-fn-manifs-policiers-une-erreur-politique-jean-marc-germain-1532459<\/p>\n<p>-&#8220;Martine Auby ne sera pas candidate \u00e0 la primaire&#8221; (vid\u00e9o) : http:\/\/www.lcp.fr\/la-politique-en-video\/martine-aubry-ne-sera-pas-candidate-la-primaire-assure-germain-ps<\/p>\n<p>-Il \u00e9tait l&#8217;invit\u00e9 de &#8220;Parlement Hebdo&#8221; (vid\u00e9o) : http:\/\/www.lcp.fr\/emissions\/parlement-hebdo\/280370-jean-marc-germain-depute-ps-des-hauts-de-seine<\/p>\n<p>-&#8220;Fran\u00e7ois Hollande lance une contre-offensive en vue de sa candidature, une op\u00e9ration sauve-qui-peut. La seule solution, c&#8217;est qu&#8217;il ne se repr\u00e9sente pas&#8221; (Christophe Barbier; vid\u00e9o) : http:\/\/www.bfmtv.com\/mediaplayer\/video\/l-edito-de-christophe-barbier-presidentielle-2017-francois-hollande-lance-une-contre-offensive-en-vue-de-sa-candidature-878241.html<\/p>\n<p><strong>-&#8220;Tout le monde sait qu&#8217;il faut se m\u00e9fier des journalistes&#8221; (Jean d&#8217;Ormesson; vid\u00e9o) <\/strong> : http:\/\/www.lci.fr\/tele\/video-jean-d-ormesson-sur-lci-il-faut-se-mefier-des-journalistes-tout-le-monde-sait-cela-2008745.html<\/p>\n<p><strong>-&#8220;La France dans son ensemble s&#8217;est droitis\u00e9e. Je suis d\u00e9pass\u00e9 sur ma droite par des gens de gauche. Je mets la politique bien en dessous de la litt\u00e9rature&#8221; (invit\u00e9 d&#8217;Audrey Crespo-Mara; vid\u00e9o) :<\/strong> http:\/\/www.lci.fr\/replay\/replay-l-invite-politique-du-21-octobre-2016-jean-d-ormesson-2008748.html<\/p>\n<p>-&#8220;L&#8217;Assembl\u00e9e nationale augmente l&#8217;aide au d\u00e9veloppement gr\u00e2ce \u00e0 la taxe sur les transactions financi\u00e8res&#8221; (C\u00e9cile Barbi\u00e8re) : http:\/\/www.euractiv.fr\/section\/aide-au-developpement\/news\/les-deputes-augmentent-laide-au-developpement-grace-a-la-ttf\/?nl_ref=23204069<\/p>\n<p>-&#8220;Le camp Sarkozy n&#8217;a qu&#8217;une obsession, que seuls les sarkozystes viennent voter \u00e0 la primaire. Il n&#8217;y aura pas de soutien automatique de l&#8217;UDI au vainqueur de la primaire&#8221; (Jean-Christophe Lagarde, pr\u00e9sident de L&#8217;UDI; interrog\u00e9 par Jean-Jacques Bourdin; vid\u00e9o) : http:\/\/rmc.bfmtv.com\/mediaplayer\/video\/jean-christophe-lagarde-le-camp-sarkozy-n-a-qu-une-obsession-que-seuls-les-sarkozystes-viennent-voter-a-la-primaire-878245.html<\/p>\n<p>-&#8220;La col\u00e8re des policiers, je l&#8217;entends depuis longtemps. Quand ils se font caillasser par la CGT, le gouvernement ne dit rien. C&#8217;est un ministre de l&#8217;Int\u00e9rieur qui porte plainte contre eux au lieu de les soutenir. Il faut leur donner ce qu&#8217;ils demandent&#8221;  (Christian Estrosi, pr\u00e9sident LR de la r\u00e9gion PACA, invit\u00e9 Franceinfo; vid\u00e9o) : http:\/\/www.dailymotion.com\/video\/x4ydx2x_lobbies-sionistes-aux-usa-estrosi-juge-que-poisson-n-a-plus-sa-place-dans-la-primaire-s-il-ne-s-exc_news<\/p>\n<p>-&#8220;Les policiers ne veulent plus \u00eatre menac\u00e9s sans \u00eatre soutenus par la justice. M. Cambad\u00e9lis a \u00e9t\u00e9 condamn\u00e9 deux fois. Il faut abroger la loi Taubira. Le gouvernement fran\u00e7ais a accept\u00e9 que le CETA soit appliqu\u00e9 avant que le Parlement ne se soit prononc\u00e9. Je regrette que M. Hollande soit \u00e0 la solde des Am\u00e9ricains&#8221; (Nicolas Dupont-Aignan, d\u00e9put\u00e9 de l&#8217;Essonne; interrog\u00e9 par Jeff Wittenberg; vid\u00e9o) : http:\/\/www.france2.fr\/emissions\/telematin\/actu\/les-4-verites-nicolas-dupont-aignan_517215<\/p>\n<p>-&#8220;On sait depuis le d\u00e9but que l&#8217;affrontement entre Alain Jupp\u00e9 et Nicolas Sarkozy sera violent&#8221; (Maurice Szafran; vid\u00e9o) : http:\/\/www.dailymotion.com\/video\/x4ydvjf_on-sait-depuis-le-debut-que-l-affrontement-entre-alain-juppe-et-nicolas-sarkozy-sera-violent-m-szaf_news<\/p>\n<p>-&#8220;Ils sont deux (Fillon et Le Maire) \u00e0 pouvoir pr\u00e9tendre \u00eatre le 3e homme de la primaire de la droite, c&#8217;est cela leur faiblesse&#8221; (Guillaume Tabard du &#8220;Figaro&#8221;; son) : http:\/\/www.radioclassique.fr\/player\/progaction\/initPlayer\/podcast\/ledito-politique-de-guillaume-tabard-2016-10-21-08-14-20.html<\/p>\n<p><em>-Les intentions de vote \u00e0 l&#8217;\u00e9lection pr\u00e9sidentielle (BVA) <\/em> : http:\/\/www.bva.fr\/fr\/sondages\/intentions_de_vote_a_6_mois_de_l_election_presidentielle.html<\/p>\n<p><strong>EUROPE-MONDE<\/strong><\/p>\n<p><strong>-La Wallonie demeure inflexible sur le CETA (Jorge Valero) <\/strong> : http:\/\/www.euractiv.fr\/section\/innovation-entreprises\/news\/crisis-deepens-as-wallonia-rejects-new-offer-to-unblock-ceta\/?nl_ref=23204069<\/p>\n<p>-&#8220;Son rejet plonge l&#8217;Union europ\u00e9enne dans le d\u00e9sarroi&#8221; (C\u00e9cile Ducourtieux) : http:\/\/www.lemonde.fr\/europe\/article\/2016\/10\/20\/la-wallonie-maintient-son-opposition-au-traite-commercial-ceta-avec-le-canada_5017686_3214.html<\/p>\n<p>-&#8220;Ne comptez pas sur moi pour d\u00e9fendre les d\u00e9clarations dans ce livre. Comme Jean-Marc Ayrault, je pense que la seule chose valable, c&#8217;est le titre. Il faut appliquer les d\u00e9cisions de justice \u00e0 Notre-Dame-des-Landes. J&#8217;ai demand\u00e9 la fin des n\u00e9gociations sur le TAFTA. Le trait\u00e9 ne verra pas le jour. Il faut tout remettre sur la table avec la nouvelle administration am\u00e9ricaine. La Wallonie est mise devant le fait accompli sur le CETA. Je comprends compl\u00e8tement leur position. On est s\u00fbr que les parlements nationaux devront ratifier. Si le parlement fran\u00e7ais dit non, le trait\u00e9 ne s&#8217;appliquera pas (Le secr\u00e9taire d&#8217;Etat Matthias Fekl, interrog\u00e9 par Jean-Jacques Bourdin; vid\u00e9o) : http:\/\/www.bfmtv.com\/mediaplayer\/video\/matthias-fekl-face-a-jean-jacques-bourdin-en-direct-878247.html<\/p>\n<p>-Au S\u00e9nat, sur le TAFTA, l&#8217;audition d&#8217;Edouard Balladur et sur le CETA, celle de Matthias Fekl (vid\u00e9o) : http:\/\/replay.publicsenat.fr\/vod\/les-matins-du-senat\/audition-d-edouard-balladur-sur-le-tafta-puis-de-matthias-fekl-sur-le-ceta\/tam-tran-huy\/217012<\/p>\n<p><strong>-&#8220;Le mieux serait de rouvrir les n\u00e9gociations avec le Canada&#8221; (Paul Magnette, Ministre-pr\u00e9sident de la Wallonie; vid\u00e9o) <\/strong> : http:\/\/nr.news-republic.com\/Web\/ArticleWeb.aspx?regionid=2&#038;articleid=75638162<\/p>\n<p><em>-Patrick Le Hyaric a cosign\u00e9 une lettre de soutien aux autorit\u00e9s de la Wallonie (document) <\/em> : http:\/\/www.patrick-le-hyaric.eu\/lettre-de-soutien-a-la-wallonie-contre-le-ceta\/<\/p>\n<p><strong>-&#8220;L&#8217;avenir est-il dans le libre \u00e9change ?&#8221; (&#8220;Europe Hebdo&#8221;, \u00e9mission anim\u00e9e par Nora Hamadi; vid\u00e9o) <\/strong> : http:\/\/www.lcp.fr\/emissions\/europe-hebdo\/280110-tafta-tisa-ceta-lavenir-est-il-dans-le-libre-echange<\/p>\n<p>-&#8220;Les 28 conditionnent leur aide au retour des migrants africains&#8221; (C\u00e9cile Barbi\u00e8re) : http:\/\/www.euractiv.fr\/section\/all\/news\/les-vingt-huit-conditionnent-leur-aide-au-retour-des-migrants-africains\/?nl_ref=23204069<\/p>\n<p><strong>-Le d\u00e9veloppement de la mouvance salafiste inqui\u00e8te les autorit\u00e9s allemandes (vid\u00e9o) <\/strong> : http:\/\/nr.news-republic.com\/Web\/ArticleWeb.aspx?regionid=2&#038;articleid=75621238<\/p>\n<p>-&#8220;Theresa May d\u00e9fend sa place au sein du Conseil europ\u00e9en&#8221; (James Crisp) : http:\/\/www.euractiv.fr\/section\/politique\/news\/may-sets-down-summit-marker-over-meetings-of-eu-27\/?nl_ref=23204069<\/p>\n<p>-&#8220;Elle est d\u00e9termin\u00e9e \u00e0 mettre fin \u00e0 la libre circulation des travailleurs&#8221; (Hughes Beaudoin; son) : http:\/\/www.radioclassique.fr\/player\/progaction\/initPlayer\/podcast\/2016-10-20-19-08-00.html<\/p>\n<p>-&#8220;Marine Le Pen a pris le pouvoir &#8230;\u00e0 Londres&#8221; (Yves Thr\u00e9ard du &#8220;Figaro&#8221;; vid\u00e9o) : http:\/\/www.europe1.fr\/emissions\/ledito-politique-dyves-threard\/marine-le-pen-a-pris-le-pouvoir-a-londres-2878793<\/p>\n<p><strong>-L&#8217;esp\u00e9rance de vie y varie d&#8217;un quartier \u00e0 l&#8217;autre (Fran\u00e7ois Lenglet; vid\u00e9o) : <\/strong> http:\/\/www.francetvinfo.fr\/replay-magazine\/france-2\/l-angle-eco\/video-l-angle-eco-a-londres-l-esperance-de-vie-varie-d-un-quartier-a-l-autre_826193.html<\/p>\n<p>-Le Brexit n\u00e9glig\u00e9 par les pays asiatiques (Matthew Tempest) : http:\/\/www.euractiv.fr\/section\/innovation-entreprises\/news\/aseans-first-priority-is-eu-not-brexit-britain-diplomats-say\/?nl_ref=23204069<\/p>\n<p>-&#8220;Mariano Rajoy en route vers la r\u00e9\u00e9lection&#8221; (Sandrine Morel) : http:\/\/www.lemonde.fr\/europe\/article\/2016\/10\/21\/mariano-rajoy-en-route-vers-la-reelection_5017899_3214.html#xtor=AL-32280270<\/p>\n<p>&#8211;<strong>&#8220;Les socialiste europ\u00e9ens veulent d\u00e9geler les relations avec Cuba&#8221; (Daniel M\u00fctzel) : <\/strong> http:\/\/www.euractiv.fr\/section\/politique\/news\/european-socialists-want-better-cuba-relations-us-remains-problematic\/?nl_ref=23204069<\/p>\n<p>-&#8220;Les Pays-Bas font un grand pas pour le droit des animaux&#8221; (Yolaine de la Bigne; son) : http:\/\/www.sudradio.fr\/Podcasts\/Quelle-epoque-ethique\/Les-Pays-bas-font-un-grand-pas-pour-le-droit-des-animaux<\/p>\n<p>-Moscou annonce son intention de prolonger la tr\u00eave  humanitaire \u00e0  Alep (vid\u00e9o) : http:\/\/www.liberation.fr\/video\/2016\/10\/20\/syrie-moscou-annonce-son-intention-de-prolonger-la-treve-humanitaire-a-alep_1523228?xtor=EPR<\/p>\n<p>-Les combattants kurdes contre daesh (vid\u00e9o) : http:\/\/nr.news-republic.com\/Web\/ArticleWeb.aspx?regionid=2&#038;articleid=75683550<\/p>\n<p><strong>-&#8220;L&#8217;urgence, c&#8217;est Raqqa&#8221; (Antony Blinken, n\u00b0 2 de la diplomatie am\u00e9ricaine; interrog\u00e9 par Elizabeth Martichoux; vid\u00e9os)<\/strong> : http:\/\/www.rtl.fr\/actu\/international\/bataille-de-mossoul-l-urgence-c-est-raqqa-previent-le-n-2-de-la-diplomatie-americaine-7785380498<\/p>\n<p>-En Arabie saoudite, un ado emprisonn\u00e9 pour avoir dragu\u00e9 sur YouTube (Benjamin Barthe; vid\u00e9o) : http:\/\/www.lemonde.fr\/m-moyen-format\/article\/2016\/10\/21\/arabie-saoudite-un-ado-emprisonne-pour-avoir-drague-sur-youtube_5018061_4497271.html<\/p>\n<p><strong>-En Californie, &#8220;le repos des guerriers d&#8217;Irak et de Syrie&#8221; (un documentaire de Lydie Wisshaupt-Claudel; \u00e0 voir ici jusqu&#8217;au mercredi 26 octobre; vid\u00e9o) <\/strong> :                                       http:\/\/television.telerama.fr\/television\/a-voir-sur-telerama-fr-killing-time-entre-deux-fronts-ou-le-hors-champ-de-la-guerre,148739.php#xtor=EPR<\/p>\n<p>-&#8220;Un d\u00eener entre amis&#8221; (vid\u00e9o) : http:\/\/www.francetvinfo.fr\/monde\/ameriques\/presidentielle-americaine-un-diner-entre-amis_1883685.html<\/p>\n<p>-En Australie m\u00e9ridionale, une gigantesque ferme solaire (vid\u00e9o) : http:\/\/nr.news-republic.com\/Web\/ArticleWeb.aspx?regionid=2&#038;articleid=75645325<\/p>\n<p><strong>-&#8220;Les riches ont gagn\u00e9 !&#8221; (un reportage de Dominique Mesmin dans &#8220;L&#8217;Angle \u00e9co&#8221;; vid\u00e9o)<\/strong> : http:\/\/www.francetvinfo.fr\/replay-magazine\/france-2\/l-angle-eco\/video-les-riches-ont-gagne_826827.html<\/p>\n<p><strong>CULTURE-MEDIAS<\/strong><\/p>\n<p>-L&#8217;atterrisseur de la mission ExoMars s&#8217;est \u00e9cras\u00e9 \u00e0 la surface de Mars : http:\/\/www.francetvinfo.fr\/sciences\/espace\/exomars\/mission-exomars-l-atterrisseur-schiaparelli-s-est-ecrase-a-la-surface-de-mars-annonce-l-agence-spatiale-europeenne_1883603.html#xtor=EPR<\/p>\n<p><strong>-&#8220;On ne peut jamais s&#8217;arr\u00eater pour le combat de la dignit\u00e9&#8221; (Fatimata Mbaye, ex-vice pr\u00e9sidente de la F\u00e9d\u00e9ration internationale des Droits de l&#8217;Homme; invit\u00e9e d&#8217;Ali Baddou; vid\u00e9o) <\/strong> : http:\/\/www.dailymotion.com\/video\/x4ydifq_fatimata-mbaye-on-ne-peut-jamais-s-arreter-pour-le-combat-de-la-dignite_news<\/p>\n<p>-&#8220;La fin de daesh est programm\u00e9e mais quand ? Ils exercent une fascination sur certains jeunes.  Les leaders vont s&#8217;\u00e9chapper de Mossoul&#8221; (le politologue Olivier Roy, auteur de &#8220;Le djihad et la mort&#8221;, invit\u00e9 du &#8220;Club de la Presse&#8221; d&#8217;Europe 1; son, amener le curseur sur 16:32) : http:\/\/www.europe1.fr\/emissions\/le-club-de-la-presse\/europe-soir-le-club-de-la-presse-christine-okrent-et-olivier-roy-20102016-2878481<\/p>\n<p><strong>-Il \u00e9tait aussi l&#8217;invit\u00e9 de Guillaume Erner dans &#8220;Les Matins de France Culture&#8221; (sons) <\/strong> :                                                                                                                                                                  https:\/\/www.franceculture.fr\/emissions\/linvite-des-matins\/comment-devient-djihadiste#xtor=EPR                                                                                                                                           https:\/\/www.franceculture.fr\/emissions\/linvite-des-matins-2eme-partie\/comment-devient-djihadiste-2eme-partie<\/p>\n<p><strong>-Le dernier entretien d&#8217;Anne Pingeot avec l&#8217;historien Jean-No\u00ebl Jeanneney (son) : <\/strong> https:\/\/www.franceculture.fr\/emissions\/voix-nue\/anne-pingeot-la-discrete-revelee-55-mort-et-poesie<\/p>\n<p>-Les \u00e9pisodes pr\u00e9c\u00e9dents (sons) : https:\/\/www.franceculture.fr\/emissions\/voix-nue\/anne-pingeot-la-discrete-revelee<\/p>\n<p>-&#8220;La prise en compte de la condition animale est une \u00e9volution normale de la soci\u00e9t\u00e9&#8221; (Karine Lou Matignon, cosignataire de l&#8217;appel &#8220;\u00e0 la cr\u00e9ation d&#8217;un secr\u00e9tariat d&#8217;Etat \u00e0 la condition animale&#8221;; propos recueillis par Marc Belpois) : http:\/\/www.telerama.fr\/idees\/la-prise-en-compte-de-la-condition-animale-est-une-evolution-normale-de-la-societe,149042.php#xtor=EPR<\/p>\n<p><em>-L&#8217;appel et ses 23 signataires (document)<\/em> : http:\/\/editionslesliensquiliberent-blog.fr\/appel-secretariat-condition-animale\/<\/p>\n<p>-&#8220;Le poids du papillon&#8221; d&#8217;Erri de Luca, &#8220;un v\u00e9ritable hymne \u00e0 la nature&#8221; (Marine Landrot) : http:\/\/www.telerama.fr\/livre\/erri-de-luca-chasse-les-bacteries,148895.php#xtor=EPR-<\/p>\n<p><strong>-Le programme complet des &#8220;Etats g\u00e9n\u00e9reux de la culture&#8221;, organis\u00e9s par &#8220;T\u00e9l\u00e9rama&#8221; du 19 novembre au 10 d\u00e9cembre, \u00e0 Lyon, Marseille, Paris et Lille <\/strong> :                                                  http:\/\/www.telerama.fr\/etats-genereux\/etats-genereux-de-la-culture-le-programme-complet-des-debats-et-rencontres,149063.php#xtor=EPR<\/p>\n<p>-Cinq expos parisiennes qui d\u00e9poussi\u00e8rent le portait (Fr\u00e9d\u00e9rique Chapuis) : http:\/\/www.telerama.fr\/sortir\/cinq-expos-parisiennes-qui-depoussierent-le-portrait,149029.php#xtor=EPR-126<\/p>\n<p><strong>-&#8220;L&#8217;exposition Chtchoukine est un \u00e9v\u00e8nement absolument exceptionnel&#8221; (Guy Boyer, directeur de la r\u00e9daction du magazine &#8220;Connaissance des arts&#8221;; invit\u00e9 de Guillaume Durand; vid\u00e9o)<\/strong> : http:\/\/www.dailymotion.com\/video\/x4ydydu_l-exposition-chtchoukine-est-un-evenement-absolument-exceptionnel-guy-boyer-21-10-2016_news<\/p>\n<p><strong>-&#8220;La collection n&#8217;a jamais \u00e9t\u00e9 r\u00e9unie et les tableaux ne sont jamais sortis de Russie. Vladimir Poutine est bien s\u00fbr invit\u00e9 quand il le souhaite&#8221; (Bernard Arnault, qui accueille l&#8217;exposition \u00e0 la Fondation Louis Vuitton, r\u00e9pond aux questions de Jean-Pierre Elkabbach; vid\u00e9o) <\/strong> : http:\/\/www.europe1.fr\/emissions\/l-interview-politique\/expo-chtchoukine-a-la-fondation-vuitton-bernard-arnault-repond-a-jean-pierre-elkabbach-2878832<\/p>\n<p>-&#8220;Paris redevient une place du march\u00e9 de l&#8217;art, encore loin derri\u00e8re Londres et New York&#8221; (le galeriste Kamel Mennour; interrog\u00e9 par Nicolas Pierron; son) : http:\/\/www.radioclassique.fr\/player\/progaction\/initPlayer\/podcast\/linvite-de-leconomie-2016-10-21-07-15-13.html<\/p>\n<p>-Le pianiste russe Danil Trifonov sort un double album d&#8217;\u00e9tudes de Liszt (Guillaume Tion; vid\u00e9o) : http:\/\/next.liberation.fr\/musique\/2016\/10\/20\/le-son-du-jour-34-enflamme-comme-daniil-trifonov_1523221?xtor=EPR<\/p>\n<p>-De grands airs de musique classique dans la publicit\u00e9 (vid\u00e9o) : https:\/\/www.youtube.com\/watch?v=9LqWGB7tM_s<\/p>\n<p>-Petite biographie de Claude Debussy, le p\u00e8re de &#8220;l&#8217;impressionnisme musical&#8221; (vid\u00e9o) : http:\/\/www.radioclassique.fr\/index.php?id=778<\/p>\n<p><strong>-Nicole Garcia parle de Marion Cotillard dans son film &#8220;Mal de pierres&#8221; (entretien r\u00e9alis\u00e9 par Alice Gancel, Basile Lemaire et Pierre Murat; vid\u00e9o) <\/strong> :                                                                       http:\/\/www.telerama.fr\/cinema\/nicole-garcia-raconte-l-intensite-de-mal-de-pierres-avec-marion-cotillard,149026.php#xtor=EPR<\/p>\n<p>-&#8220;Film aussi troublant que r\u00e9ussi&#8221; (Pierre Murat; vid\u00e9o) : http:\/\/www.telerama.fr\/cinema\/mal-de-pierres-aussi-troublant-que-reussi,149052.php#xtor=EPR<\/p>\n<p><strong>-Jacques Fieschi, sc\u00e9nariste majeur du cin\u00e9ma fran\u00e7ais (entretien r\u00e9alis\u00e9 par Jacques Morice; vid\u00e9os) <\/strong> : http:\/\/www.telerama.fr\/cinema\/jacques-fieschi-une-vie-a-raconter-des-histoires,149023.php#xtor=EPR<\/p>\n<p>-&#8220;L&#8217;\u00e9poustouflant succ\u00e8s de &#8220;Demain&#8221;, le documentaire de M\u00e9lanie Laurent et Cyril Dion&#8221; (Weronika Zarachowicz; vid\u00e9o) :                                                                                                          http:\/\/television.telerama.fr\/television\/les-beaux-lendemains-du-film-demain,148449.php#xtor=EPR<\/p>\n<p><strong>-Le 21 octobre 1987 Lino Ventura disparaissait (vid\u00e9o) :<\/strong> http:\/\/www.francetvinfo.fr\/culture\/cinema\/saga-l-inoubliable-ventura_1883699.html<\/p>\n<p>-&#8220;Michael Moore in TrumpLand&#8221;, le nouveau film du r\u00e9alisateur de &#8220;Fahrenheit 9\/11&#8221; (Ga\u00ebtan Mathieu) :  http:\/\/www.telerama.fr\/cinema\/on-a-vu-le-film-surprise-de-michael-moore-anti-trump-ou-pro-clinton,149054.php#xtor=EPR<\/p>\n<p>-&#8220;On essaie toujours de pousser l&#8217;humour vers une limite inconfortable&#8221; (la joyeuse \u00e9quipe d&#8217;acteurs de &#8220;Apn\u00e9e&#8221;, le film de Jean-Christophe Meurisse; vid\u00e9o) :                               http:\/\/www.telerama.fr\/cinema\/les-acteurs-d-apnee-on-essaie-toujours-de-pousser-l-humour-vers-une-limite,149058.php#xtor=EPR-126-newsletter_tra-20161021<\/p>\n<p>-Le prix Marcel Duchamp 2016 attribu\u00e9 au plasticien Kader Attia, n\u00e9 \u00e0 Dugny (93) et Berlinois d&#8217;adoption (Sabrina Silamo) : http:\/\/www.telerama.fr\/scenes\/kader-attia-un-artiste-rebouteur-laureat-du-prix-marcel-duchamp-2016,149034.php#xtor=EPR<\/p>\n<p><strong>-En ligne, le minist\u00e8re de la Culture lance une consultation citoyenne avec pour th\u00e8me &#8220;les Mus\u00e9es de demain&#8221; (Sophie Cachon) :<\/strong> http:\/\/www.telerama.fr\/scenes\/les-musees-de-demain-entre-les-mains-des-citoyens,149030.php#xtor=EPR<\/p>\n<p><em>-La consultation :<\/em> http:\/\/consultation-musee21e.culturecommunication.gouv.fr\/<\/p>\n<p>-Jusqu&#8217;au 26 novembre, \u00e0 la Folie th\u00e9\u00e2tre de Paris, la vie tragique de Billie Holiday, racont\u00e9e dans un spectacle bouleversant (Marie-Catherine Mardi; vid\u00e9o) :                                                http:\/\/www.telerama.fr\/sortir\/la-vie-tragique-de-billie-holliday-racontee-dans-un-spectacle-bouleversant,149010.php#xtor=EPR<\/p>\n<p>-Le New-yorkais Marc Anthony Thomson, alias &#8220;Chocolate Genius Inc.&#8221;, \u00e9lectron libre de la soul (Marc Zisman; vid\u00e9os) : http:\/\/www.telerama.fr\/sortir\/chocolate-genius-inc-l-electron-libre-de-la-soul,149025.php#xtor=EPR<\/p>\n<p>-Mercredi dernier, le groupe &#8220;Justice&#8221; \u00e9tait \u00e0 l&#8217;Elys\u00e9e Montmartre (Erwan Perron; son) : http:\/\/www.telerama.fr\/sortir\/justice-hache-menu-a-l-elysee-montmartre,149071.php#xtor=EPR<\/p>\n<p><strong>-Le nouvel album de la chanteuse danoise Agn\u00e8s Obel (Didier Varrod; vid\u00e9o) :<\/strong> https:\/\/www.franceinter.fr\/emissions\/tubes-co\/tubes-co-21-octobre-2016<\/p>\n<p>-Avec Fran\u00e7ois Gorin, retrouver Bob Lind (sons) : http:\/\/www.telerama.fr\/musique\/bob-lind-1-l-errance-commence-a-l-aube,148904.php                                                                                                http:\/\/www.telerama.fr\/musique\/bob-lind-2-nuit-noire-neige-blanche,149041.php                                                                                                                                                                              http:\/\/www.telerama.fr\/musique\/bob-lind-3-juste-avant-le-desert,149056.php<\/p>\n<p>-Jusqu&#8217;\u00e0 dimanche, \u00e0 la Grande Halle de la Villette, la culture pop d\u00e9barque \u00e0 Paris (vid\u00e9o) : http:\/\/france3-regions.francetvinfo.fr\/paris-ile-de-france\/paris\/au-comic-con-culture-pop-se-donne-rendez-vous-paris-1113849.html#xtor=EPR<\/p>\n<p><strong>-Des rappeuses mexicaines engag\u00e9es dans la lutte pour les droits des femmes (Ana\u00efs Enet-Andrade; vid\u00e9os) <\/strong> : http:\/\/www.50-50magazine.fr\/2016\/10\/19\/des-collectifs-de-rappeuses-mexicaines-sensibilisent-au-feminisme-et-aux-droits-des-femmes-a-travers-le-hip-hop\/<\/p>\n<p><strong>-St\u00e9phane Malterre, r\u00e9alisateur du documentaire &#8220;Au nom du p\u00e8re, du fils et du djihad&#8221; explique ses choix (propos recueillis par Emmanuelle Skyvington; vid\u00e9os) <\/strong> :                            http:\/\/television.telerama.fr\/television\/au-nom-du-pere-du-fils-et-du-djihad-le-realisateur-explique-ses-choix,149020.php#xtor=EPR<\/p>\n<p><strong>-Encore 3 jours en replay (vid\u00e9o) <\/strong> : http:\/\/pluzz.francetv.fr\/videos\/infrarouge_,147332589.html<\/p>\n<p>-&#8220;Black Mirror&#8221; revient sur Netflix pour une saison 3. Son cr\u00e9ateur Charlie Brooker, interrog\u00e9 par Pierre Langlais; vid\u00e9o) :  http:\/\/www.telerama.fr\/scenes\/la-villa-noailles-lance-un-appel-a-la-solidarite-apres-l-incendie-du-chateau-saint-pierre,149039.php#xtor=EPR<\/p>\n<p>-Le journaliste Fr\u00e9d\u00e9ric Ploquin, sp\u00e9cialiste des faits divers (son) : http:\/\/www.sudradio.fr\/Podcasts\/L-invite-pour-comprendre\/Frederic-Ploquin-journaliste<\/p>\n<p>-&#8220;D\u00e9truire le fascisme islamiste&#8221;, un ouvrage \u00e9crit par Zineb El Razhoui, ancienne collaboratrice de &#8220;Charlie Hebdo&#8221; (son) : http:\/\/www.sudradio.fr\/Podcasts\/L-invite-pour-comprendre\/Zineb-El-Razhoui-journaliste-ancienne-collaboratrice-de-Charlie-Hebdo<\/p>\n<p>-&#8220;La col\u00e8re, la m\u00e9fiance et la peur&#8221; des salari\u00e9s d&#8217;i-T\u00e9l\u00e9 (J\u00e9r\u00e9mie Maire, Richard S\u00e9n\u00e9joux) : http:\/\/www.telerama.fr\/medias\/a-la-redaction-d-itele-la-colere-mefiance-et-peur-des-salaries,149050.php#xtor=EPR<\/p>\n<p>-&#8220;Ce qui se passe \u00e0 i-T\u00e9l\u00e9 est d&#8217;une extr\u00eame gravit\u00e9&#8221; (Patrick Bloche, d\u00e9put\u00e9 PS de Paris, pr\u00e9sident de la commission des affaires culturelles \u00e0 l&#8217;Assembl\u00e9e nationale; vid\u00e9o) : http:\/\/www.lcp.fr\/la-politique-en-video\/bloche-ps-ce-qui-se-passe-i-tele-est-dune-extreme-gravite<\/p>\n<p>-Les autres cha\u00eenes d&#8217;infos en profitent (Marc Baudriller; son) : http:\/\/www.radioclassique.fr\/player\/progaction\/initPlayer\/podcast\/la-vie-des-medias-2016-10-21-07-40-22.html<\/p>\n<p>-En 2016, &#8220;la t\u00e9l\u00e9 danoise cache ce sexe qu&#8217;on ne saurait voir&#8221; (Bertrand Villegas; vid\u00e9o) : http:\/\/television.telerama.fr\/television\/en-2016-les-danois-cachent-leur-sexe-qu-on-ne-saurait-voir,148801.php#xtor=EPR<\/p>\n<p><strong>-&#8220;Fran\u00e7ois Hollande, le pr\u00e9sident qui voulait \u00eatre journaliste&#8221; (Fran\u00e7ois Morel; vid\u00e9o) <\/strong> : http:\/\/www.dailymotion.com\/video\/x4yehbn_francois-hollande-le-president-qui-voulait-etre-journaliste-le-billet-de-francois-morel_fun<\/p>\n","protected":false},"excerpt":{"rendered":"<p>ACTUALITE -&#8220;Comme un poisson dans l&#8217;eau&#8221;, pendant les vacances de la Toussaint, avec le Secours populaire, des enfants de milieux d\u00e9favoris\u00e9s apprennent \u00e0 nager (Yvan Petit, directeur du centre nautique de Bois-Colombes; son) : http:\/\/www.sudradio.fr\/Podcasts\/L-invite-pour-comprendre\/Yvan-Petit-directeur-du-Centre-aquatique-de-Bois-Colombes -&#8220;Le couloir de pauvret\u00e9&#8221; (un reportage d&#8217;Anne Sylvain dans &#8220;L&#8217;Angle \u00e9co&#8221;; vid\u00e9o) : http:\/\/www.francetvinfo.fr\/replay-magazine\/france-2\/l-angle-eco\/video-le-couloir-de-pauvrete_826843.html -19e jours de gr\u00e8ve chez Babou [&hellip;]<\/p>\n","protected":false},"author":1042,"featured_media":0,"comment_status":"open","ping_status":"open","sticky":false,"template":"","format":"standard","meta":{"_themeisle_gutenberg_block_has_review":false,"footnotes":""},"categories":[151],"tags":[],"class_list":["post-9944","post","type-post","status-publish","format-standard","hentry","category-la-revue-de-presse-de-lulu"],"_links":{"self":[{"href":"https:\/\/archives.regards.fr\/index.php?rest_route=\/wp\/v2\/posts\/9944","targetHints":{"allow":["GET"]}}],"collection":[{"href":"https:\/\/archives.regards.fr\/index.php?rest_route=\/wp\/v2\/posts"}],"about":[{"href":"https:\/\/archives.regards.fr\/index.php?rest_route=\/wp\/v2\/types\/post"}],"author":[{"embeddable":true,"href":"https:\/\/archives.regards.fr\/index.php?rest_route=\/wp\/v2\/users\/1042"}],"replies":[{"embeddable":true,"href":"https:\/\/archives.regards.fr\/index.php?rest_route=%2Fwp%2Fv2%2Fcomments&post=9944"}],"version-history":[{"count":0,"href":"https:\/\/archives.regards.fr\/index.php?rest_route=\/wp\/v2\/posts\/9944\/revisions"}],"wp:attachment":[{"href":"https:\/\/archives.regards.fr\/index.php?rest_route=%2Fwp%2Fv2%2Fmedia&parent=9944"}],"wp:term":[{"taxonomy":"category","embeddable":true,"href":"https:\/\/archives.regards.fr\/index.php?rest_route=%2Fwp%2Fv2%2Fcategories&post=9944"},{"taxonomy":"post_tag","embeddable":true,"href":"https:\/\/archives.regards.fr\/index.php?rest_route=%2Fwp%2Fv2%2Ftags&post=9944"}],"curies":[{"name":"wp","href":"https:\/\/api.w.org\/{rel}","templated":true}]}}