{"id":9941,"date":"2016-10-21T07:21:16","date_gmt":"2016-10-21T05:21:16","guid":{"rendered":"https:\/\/wp.muchomaas.com\/article-la-revue-du-21-octobre-2016\/"},"modified":"2023-06-23T23:23:14","modified_gmt":"2023-06-23T21:23:14","slug":"article-la-revue-du-21-octobre-2016","status":"publish","type":"post","link":"https:\/\/archives.regards.fr\/?p=9941","title":{"rendered":"La Revue du 21 octobre 2016"},"content":{"rendered":"<strong>ACTUALITE<\/strong>\n\n-&#8220;La France n&#8217;a pas int\u00e9r\u00eat \u00e0 ce que ce savoir-faire de 50 ans parte \u00e0 l&#8217;\u00e9tranger&#8221; (Christophe Chevalier, ancien d\u00e9l\u00e9gu\u00e9 CGT d&#8217;Ecopla, entreprise de fabrication de barquettes en aluminium en Is\u00e8re , porteur d&#8217;un projet de SCOP; interrog\u00e9 par Eric Delvaux; son) : https:\/\/www.franceinter.fr\/emissions\/l-invite-du-5-7\/l-invite-du-5-7-20-octobre-2016\n\n-Le recours jug\u00e9 &#8220;irrecevable&#8221; par la Cour d&#8217;appel de Grenoble (Fran\u00e7ois Carrel) : http:\/\/www.liberation.fr\/france\/2016\/10\/20\/ecopla-les-ex-salaries-deboutes-en-appel-le-ministere-public-mis-en-cause_1523239\n\n<strong>-&#8220;Que sont devenus les licenci\u00e9s de Goodyear ?&#8221;<\/strong> : http:\/\/www.la-croix.com\/Economie\/France\/Que-sont-devenus-licencies-Goodyear-2016-10-19-1200797427\n\n-Retour au lyc\u00e9e H\u00e9l\u00e8ne-Boucher de Tremblay-en-France (93; Axel Roux) : http:\/\/www.francetvinfo.fr\/france\/rentree\/apres-les-violences-dans-un-lycee-de-tremblay-en-france-les-profs-choques-et-inquiets-mais-pas-resignes_1879827.html\n\n-&#8220;Il y a beaucoup trop d&#8217;absent\u00e9isme dans l&#8217;Education nationale, il faut mettre fin \u00e0 cela&#8221; (le ministre socialiste Claude All\u00e8gre en 1997; Thomas Sn\u00e9garoff; son) :  http:\/\/www.francetvinfo.fr\/replay-radio\/histoires-d-info\/histoires-d-info-il-y-a-beaucoup-trop-d-absenteisme-dans-l-education-nationale-et-il-faut-mettre-fin-a-cela-claude-allegre-1997_1878075.html\n\n-Depuis une dizaine d&#8217;ann\u00e9es, la disparition des petits magasins dans les centres villes (Bernard Morvan, pr\u00e9sident de la F\u00e9d\u00e9ration nationale de l&#8217;habillement; interrog\u00e9 par Dimitri Pavlenko; son) : http:\/\/www.sudradio.fr\/Podcasts\/L-invite-pour-comprendre\/Bernard-Morvan-president-de-la-Federation-Nationale-de-l-Habillement\n\n-&#8220;Ma boutique \u00e0 l&#8217;essai&#8221; une tentative pour revitaliser les centres villes, test\u00e9e \u00e0 Noyon dans l&#8217;Oise (Olivier Bourdon; son) : http:\/\/www.europe1.fr\/emissions\/l-invite-medias\/sophie-davant-prend-le-fauteuil-de-frederic-lopez-une-fois-par-semaine-2878361\n\n<strong>-Jacques-Andr\u00e9 Granjon, dirigeant de &#8220;Vente Priv\u00e9e. com&#8221;, nomm\u00e9 entrepreneur de l&#8217;ann\u00e9e (interrog\u00e9 par Marc-Olivier Fogiel; vid\u00e9o) <\/strong> : http:\/\/www.rtl.fr\/actu\/societe-faits-divers\/vente-privee-le-succes-est-venu-avec-le-temps-souligne-jacques-antoine-granjon-7785361665\n\n-&#8220;Fran\u00e7ois Hollande est un \u00e9conomiste brillant. Sans la BCE, on aurait encore eu moins de croissance&#8221; (Laurence Boone, son ancienne conseill\u00e8re devenue chef \u00e9conomiste du groupe AXA; invit\u00e9e de Nicolas Pierron; vid\u00e9o) : http:\/\/www.dailymotion.com\/video\/x4y8b54\n\n-A la suite du d\u00e9raillement mortel de la rame d&#8217;essais du TGV-Est, trois salari\u00e9s de la SNCF et d&#8217;une filiale mis en examen pour &#8220;homicides involontaires&#8221; : http:\/\/www.francetvinfo.fr\/faits-divers\/accident\/deraillement-d-un-tgv-en-alsace\/deraillement-d-une-rame-d-essais-du-tgv-est-trois-salaries-de-la-sncf-et-d-une-filiale-mis-en-examen-pour-homicides-involontaires_1880187.html#xtor=EPR\n\n-La cha\u00eene Biocoop condamn\u00e9e pour une campagne publicitaire contre les pesticides (Yolaine de la Bigne; son) : http:\/\/www.sudradio.fr\/Podcasts\/Quelle-epoque-ethique\/BIOCOOP-condamnee-pour-une-campagne-publicitaire-anti-pesticides\n\n-Un h\u00e9licopt\u00e8re 100% \u00e9lectrique (Baptiste Gaborit; son) : http:\/\/www.radioclassique.fr\/player\/progaction\/iniPlayer\/podcast\/3-minutes-pour-la-planete-2016-10-20-06-48-21.html\n\n<em>-Les Fran\u00e7ais et l&#8217;\u00e9nergie solaire (ELABE) <\/em> : http:\/\/elabe.fr\/francais-lenergie-solaire\/\n\n<em>-Les Fran\u00e7ais et le f\u00e9minisme (OPINION-WAY)<\/em> : http:\/\/www.opinion-way.com\/pdf\/opinionway_pour_tedxchampselyseeswomen_-_les_francais_et_le_feminisme_-_octobre_2016.pdf\n\n-&#8220;Les nouveaux b\u00e2tisseurs du sacr\u00e9&#8221; (St\u00e9phane Dreyfus; diaporama) : http:\/\/www.la-croix.com\/Culture\/Les-nouveaux-batisseurs-du-sacre-2016-03-18-1200747712?utm_source\n\n-&#8220;Le ras-le-bol des policiers s&#8217;\u00e9tend&#8221; (Flore Thomasset) : http:\/\/www.la-croix.com\/France\/Securite\/Le-ras-le-bol-des-policiers-s-etend-2016-10-19-1200797470?utm_source\n\n<em>-La lente \u00e9volution des effectifs (Fr\u00e9d\u00e9rique Schneider; infographie)<\/em> : http:\/\/www.la-croix.com\/France\/Securite\/Police-et-gendarmerie-les-effectifs-augmentent-lentement-2016-10-19-1200797471?utm_source\n\n-&#8220;La col\u00e8re des policiers n&#8217;est pas surprenante&#8221; (Jacques de Maillard, professeur en science politique; interrog\u00e9 par Francis Letellier; vid\u00e9o) : http:\/\/www.francetvinfo.fr\/faits-divers\/police\/attaque-de-policiers-a-viry-chatillon\/la-colere-des-policiers-n-est-pas-surprenante_1881097.html\n\n-Jean-Christophe Cambad\u00e9lis y voit &#8220;la patte ou la main&#8221; du FN (vid\u00e9o, amener le curseur sur 2:04) : http:\/\/www.parti-socialiste.fr\/presentation-cinquieme-cahier-de-presidentielle-renforcer-proteger-democratie\/\n\n-&#8220;Si patte il y a, elle est efficace ! On va nous accuser de tout&#8221;  (Gilbert Collard, d\u00e9put\u00e9 &#8220;Bleu Marine&#8221; du Gard; vid\u00e9o, extrait suivi d&#8217;Olivier Farloni, d\u00e9put\u00e9 de Charente-Maritime, qui estime &#8220;totalement stupides les propos de Jean-Christophe Cambad\u00e9lis&#8221;; vid\u00e9o) :  http:\/\/www.bfmtv.com\/mediaplayer\/video\/raslebol-policier-jeanchristophe-cambadlis-dnonce-la-patte-du-fn-877791.html\n\n-&#8220;Il y a une porosit\u00e9 entre les policiers et le FN&#8221; (Philippe Tesson; vid\u00e9o) : http:\/\/www.dailymotion.com\/video\/x4y8eys_il-y-a-une-porosite-entre-les-policiers-et-le-front-national-philippe-tesson-20-10-2016_news\n\n-&#8220;Leur col\u00e8re devient un enjeu politique lamentable&#8221; (Alain Duhamel; vid\u00e9o) : http:\/\/www.rtl.fr\/actu\/politique\/alain-duhamel-la-colere-des-policiers-devient-un-enjeu-politique-lamentable-7785363206\n\n<strong>-&#8220;Dans certains quartiers, le rapport des forces est en faveur des d\u00e9linquants&#8221; (Nicolas Comte, secr\u00e9taire g\u00e9n\u00e9ral-adjoint du syndicat de police Unit\u00e9 SGP-FO; invit\u00e9 de Jean-Jacques Bourdin; vid\u00e9o) <\/strong> : http:\/\/rmc.bfmtv.com\/mediaplayer\/video\/policiers-dans-certains-quartiers-le-rapport-de-force-est-en-faveur-des-delinquants-877899.html\n\n-&#8220;Un malaise des policiers inqui\u00e9tant pour la R\u00e9publique&#8221; (Christophe Barbier; vid\u00e9o) : http:\/\/www.bfmtv.com\/mediaplayer\/video\/l-edito-de-christophe-barbier-le-malaise-des-policiers-est-il-inquietant-pour-la-republique-877895.html\n\n-Les mesures annonc\u00e9es par Bernard Cazeneuve : http:\/\/france3-regions.francetvinfo.fr\/paris-ile-de-france\/revendications-policiers-cazeneuve-recoit-syndicats-1112747.html#xtor=EPR\n\n<strong>-&#8220;On en revient \u00e0 la justice laxiste, ce qui est faux. Est-ce que la logique carc\u00e9rale a du sens ?&#8221; (Laurence Blisson, secr\u00e9taire g\u00e9n\u00e9rale du Syndicat de la magistrature; interrog\u00e9e par Dimitri Pavlenko; son) <\/strong> : http:\/\/www.sudradio.fr\/Podcasts\/L-invite-pour-comprendre\/Laurence-Blisson-secretaire-generale-du-Syndicat-de-la-Magistrature\n\n-&#8220;En 1946 d\u00e9j\u00e0&#8221; (Thomas Sn\u00e9garoff; son) : http:\/\/www.francetvinfo.fr\/replay-radio\/histoires-d-info\/histoires-d-info-decidement-les-vieux-usages-se-perdent-car-autrefois-les-agents-genaient-plutot-les-manifestations-journaliste-1946_1879681.html\n\n-Le journal d&#8217;Outre-mer (Beno\u00eet Ferrand; son) : https:\/\/www.franceinter.fr\/emissions\/journal-d-outre-mer-1ere\/journal-d-outre-mer-1ere-20-octobre-2016\n\n-Les lunettiers \u00e9pingl\u00e9s par l&#8217;Autorit\u00e9 de la concurrence (vid\u00e9o) : http:\/\/www.francetvinfo.fr\/faits-divers\/affaire\/lunettes-plusieurs-marques-accusees-de-pratiques-anticoncurrentielles_1881931.html\n\n<em>-La repr\u00e9sentation de la corruption en France (HARRIS) :<\/em> http:\/\/harris-interactive.fr\/opinion_polls\/la-representation-de-la-corruption-en-france\/\n\n-Patrick Balkany mis en examen pour &#8220;blanchiment de fraude fiscale aggrav\u00e9e&#8221; : http:\/\/www.francetvinfo.fr\/politique\/affaire\/affaire-balkany\/patrick-balkany-mis-en-examen-pour-blanchiment-de-fraude-fiscale-aggravee_1881779.html#xtor=EPR-\n\n-&#8220;Les assassinats cibl\u00e9s \u00e0 l&#8217;\u00e9tranger&#8221; reconnus par Fran\u00e7ois Hollande (Vincent Nouzille; son) : http:\/\/www.sudradio.fr\/Podcasts\/L-invite-pour-comprendre\/Vincent-Nouzille-journaliste-et-auteur\n\n-&#8220;Religion en entreprise&#8221; (Dimitri Pavlenko; son) : http:\/\/www.sudradio.fr\/Podcasts\/Les-reportages-de-la-matinee\/Religion-en-entreprise\n\n<strong>POLITIQUE<\/strong>\n\n-&#8220;Je ne vois pas quel espace politique pourrait lui (Fran\u00e7ois Hollande) permettre de rebondir. J&#8217;ai toujours dit qu&#8217;il ne se repr\u00e9senterait pas. Je combats la ligne Hollande-Valls&#8221; (Marie-No\u00eblle Lienemann, s\u00e9natrice PS de Paris, candidate \u00e0 la primaire; interrog\u00e9e par Yves Calvi; vid\u00e9o, amener le curseur sur 1:17:20) : http:\/\/www.lci.fr\/replay\/replay-calvi-24-heures-en-questions-du-20-octobre-2016-trump-est-il-dangereux-2008730.html%3Ftype=content \n\n<em>-Si Hollande renonce, qui est le mieux plac\u00e9 ? (ODOXA) : <\/em> http:\/\/www.odoxa.fr\/2017-si-hollande-renonce-valls-serait-le-moins-mal-place-pour-representer-le-ps\/\n\n-&#8220;Il y aura un candidat \u00e9cologiste en capacit\u00e9 d&#8217;\u00eatre au second tour, c&#8217;est Jean-Luc M\u00e9lenchon&#8221; (Alexis Corbi\u00e8re, son porte-parole; invit\u00e9 de la matinale de France Bleue; vid\u00e9o) : https:\/\/www.youtube.com\/watch?v=swaoQLOB18Q\n\n<strong>-Retour en images sur l&#8217;assembl\u00e9e &#8220;des insoumis&#8221; (diaporama) :<\/strong> http:\/\/www.politis.fr\/articles\/2016\/10\/dans-lassemblee-des-insoumis-35591\/\n\n-&#8220;Il y a une crise de la d\u00e9mocratie tr\u00e8s profonde aux Etats-Unis qui commande que nous soyons ind\u00e9pendants. Je comprends les policiers mais je soutiens d&#8217;abord  le ministre de l&#8217;Int\u00e9rieur. Il y a un degr\u00e9 de violence contre les policiers inacceptable. Il y a un laxisme rampant depuis 1968 et un rejet de la globalisation&#8221; (Jean-Pierre Chev\u00e8nement, pr\u00e9sident de la fondation pour l&#8217;islam de France; invit\u00e9 de &#8220;Territoires d&#8217;Infos&#8221;; vid\u00e9o, amener le curseur sur 3:33) : http:\/\/www.sudradio.fr\/Politique\/L-interview-politique\/Jean-Pierre-Chevenement-reconnait-un-certain-laxisme-depuis-mai-68\n\n<strong>-&#8220;Je veux rassembler toute la famille \u00e9cologiste&#8221; (Yannick Jadot, eurod\u00e9put\u00e9 \u00e9cologiste arriv\u00e9 en t\u00eate du premier tour de la primaire; invit\u00e9 de Franceinfo; vid\u00e9o) <\/strong> : http:\/\/www.dailymotion.com\/video\/x4y8b52_primaire-ecologiste-yannick-jadot-veut-rassembler-toute-la-famille-ecologiste_news\n\n-Le secr\u00e9taire d&#8217;Etat Jean-Vincent Plac\u00e9 &#8220;est triste pour C\u00e9cile Duflot qui \u00e9tait pourtant la meilleure&#8221; (interrog\u00e9 par Caroline Roux; vid\u00e9o) : http:\/\/www.francetvinfo.fr\/politique\/francois-hollande\/4-verites-place-triste-pour-duflot-qui-etait-de-loin-la-meilleure_1881121.html\n\n-&#8220;C\u00e9cile Duflot  a abim\u00e9 l&#8217;\u00e9cologie&#8221; (la secr\u00e9taire d&#8217;Etat Barbara Pompili; interrog\u00e9e par Audrey Crespo-Mara; vid\u00e9o) : http:\/\/www.lci.fr\/replay\/replay-l-invite-de-lci-matin-du-20-octobre-2016-barbara-pompili-2008574.html%3Ftype=content\n\n-&#8220;Qui sont les tombeurs de C\u00e9cile Duflot ?&#8221; : http:\/\/www.francetvinfo.fr\/politique\/eelv\/primaire-eelv\/primaire-ecologiste-quatre-choses-a-savoir-sur-les-tombeurs-de-cecile-duflot_1880029.html\n\n-&#8220;Elle est parmi les plus impopulaires parmi les Fran\u00e7ais. A gauche, il y a un d\u00e9but de dynamique favorable \u00e0 Jean-Luc M\u00e9lenchon qui rend cr\u00e9dible une alternative \u00e0 la gauche de la gauche. Nicolas Sarkozy dispose d&#8217;un socle de 900 000 \u00e0 un million d&#8217;\u00e9lecteurs qui devrait lui permettre de se qualifier pour le second tour de la primaire&#8221; (Bernard Sanan\u00e8s, pr\u00e9sident de l&#8217;Institut ELABE; vid\u00e9o, amener le curseur sur 2:02) : http:\/\/rmc.bfmtv.com\/mediaplayer\/video\/qg-bourdin-2017-emmanuel-macron-est-il-le-meilleur-candidat-de-la-gauche-877889.html\n\n-&#8220;Elle a certainement fait plus de politique que d&#8217;\u00e9cologie&#8221; (Alba Ventura; vid\u00e9o) : http:\/\/www.rtl.fr\/actu\/politique\/primaire-eelv-cecile-duflot-a-certainement-fait-plus-de-politique-que-d-ecologie-7785365156\n\n-&#8220;Ce n&#8217;est pas vraiment une surprise. C&#8217;est un non-\u00e9v\u00e8nement politique&#8221;  (Thomas Legrand; son) : https:\/\/www.franceinter.fr\/emissions\/l-edito-politique\/l-edito-politique-20-octobre-2016\n\n-&#8220;Une gifle qui en annonce d&#8217;autres&#8221; (Yves Thr\u00e9ard du &#8220;Figaro&#8221;; vid\u00e9o) : http:\/\/www.europe1.fr\/emissions\/ledito-politique-dyves-threard\/cecile-duflot-eliminee-de-la-primaire-ecologiste-une-gifle-qui-en-annonce-dautres-2878310\n\n-&#8220;Si C\u00e9cile Duflot est intelligente, elle se met en retrait de la politique&#8221; (Daniel Cohn-Bendit; son) : http:\/\/www.europe1.fr\/emissions\/l-humeur\/primaire-ecologiste-si-cecile-duflot-est-intelligente-elle-se-met-en-retrait-de-la-politique-2877737\n\n-&#8220;Elle est apparue coup\u00e9e du terrain&#8221; (la sociologue Vanessa J\u00e9r\u00f4me; vid\u00e9o) : https:\/\/www.youtube.com\/watch?v=6CcpMi9o24A\n\n-&#8220;Une d\u00e9faite comme un signe annonciateur pour Fran\u00e7ois Hollande et Nicolas Sarkozy&#8221; (Hubert Huertas; pi\u00e8ce jointe);\n\n-&#8220;Je salue le fait que tout le monde accepte le r\u00e9sultat&#8221; (Razzi Hammadi, d\u00e9put\u00e9 PS de Seine-Saint-Denis, porte-parole du PS; vid\u00e9o, amener le curseur sur 4:00, avec, au d\u00e9but, l&#8217;analyse du vote des \u00e9cologistes de Bruno Jeudy, qui estime que &#8220;ce pourrait \u00eatre Jean-Luc M\u00e9lenchon qui tire les marrons du feu&#8221;) : http:\/\/www.bfmtv.com\/mediaplayer\/video\/primaire-cologiste-je-salue-le-fait-que-tout-le-monde-accepte-le-rsultat-razzy-hammadi-877833.html\n\n-&#8220;On parle d&#8217;un scrutin qui a r\u00e9uni 12 582 votants, il faut respecter les proportions.  Admirez cette constance des \u00e9cologistes \u00e0 accumuler tous les handicaps. C\u00e9cile Duflot est pour une part importante responsable de leur image d\u00e9testable. Son calvaire n&#8217;est pas fini puisque le PS est d\u00e9cid\u00e9 \u00e0 lui reprendre sa circonscription parisienne&#8221; (Guillaume Tabard du &#8220;Figaro&#8221;; son) :                                    http:\/\/www.radioclassique.fr\/player\/progaction\/initPlayer\/podcast\/ledito-politique-de-guillaume-tabard-2016-10-20-08-13-31.html\n\n<strong>-Oppos\u00e9 \u00e0 une r\u00e9\u00e9lection de Fran\u00e7ois Hollande en 2017, Malek Boutih, d\u00e9put\u00e9 PS de l&#8217;Essonne, &#8220;est effondr\u00e9 \u00e0 la lecture du livre. Lui ne veut pas, mais j&#8217;ai envie de pousser Manuel Valls. S&#8217;il ne le fait pas, ce sera de la non-assistance \u00e0 gauche en danger&#8221;; interrog\u00e9 par Elizabeth Martichoux; vid\u00e9os) : http:\/\/www.rtl.fr<\/strong>\/actu\/politique\/presidentielle-2017-malek-boutih-ne-veut-pas-que-francois-hollande-soit-reelu-7785365267\n\n-&#8220;La gauche qui est en danger, c&#8217;est celle qui essaye de redresser le pays. Le r\u00f4le de Manuel Valls est de tenir la maison France. C&#8217;est principalement par loyaut\u00e9 qu&#8217;il a un r\u00f4le tout \u00e0 fait particulier et \u00e9minent&#8221; (Francis Chouat, maire PS d&#8217;Evry dans l&#8217;Essonne; interrog\u00e9 par Christelle Rebi\u00e8re et Philippe Robuchon; son) : http:\/\/www.rtl.fr\/actu\/politique\/presidentielle-2017-malek-boutih-ne-veut-pas-que-francois-hollande-soit-reelu-7785365267\n\n-&#8220;Pour Hollande, le pire semestre du quinquennat reste \u00e0 venir&#8221; (Eric Decouty; son) : https:\/\/www.franceinter.fr\/emissions\/histoires-politiques\/histoires-politiques-20-octobre-2016\n\n-&#8220;Les primaires changent-elles la politique ?&#8221; (soir\u00e9e organis\u00e9e par &#8220;Mediapart&#8221;; vid\u00e9o) : https:\/\/www.youtube.com\/watch?v=vxiV77ZmoUU&#038;feature=youtu.be\n\n-&#8220;Il y a un climat apais\u00e9 en Corse depuis 2014. Je propose un statut fiscal sp\u00e9cifique. Il faut que la fiscalit\u00e9 des ports corses tiennent compte de celle des autres ports de la M\u00e9diterran\u00e9e. Je comprends la col\u00e8re des policiers. On les met sur le m\u00eame plan que les d\u00e9linquants. Je ne couvre aucun d\u00e9bordement. Je n&#8217;ai jamais vu notre pays dans un tel \u00e9tat de perte d&#8217;autorit\u00e9 g\u00e9n\u00e9rale. Je me demande si M. Cambad\u00e9lis n&#8217;est pas tomb\u00e9 sur la t\u00eate&#8221; (Nicolas Sarkozy, invit\u00e9 de Jean-Pierre Elkabbach; son) : http:\/\/www.europe1.fr\/emissions\/l-interview-politique\/corse-manifestations-de-policiers-primaire-nicolas-sarkozy-repond-aux-questions-de-jean-pierre-elkabbach-2878064\n\n<strong>-&#8220;Ses approximations&#8221; <\/strong> :  http:\/\/www.europe1.fr\/politique\/delinquance-effectifs-collectif-notre-police-assassine-les-approximations-de-nicolas-sarkozy-sur-la-colere-des-policiers-2878271\n\n-&#8220;Nous comprenons cette col\u00e8re mais les formes qu&#8217;elle prend sont inqui\u00e9tantes. Les responsabilit\u00e9s sont chez les politiques. Les policiers ont peur parce qu&#8217;ils ne sont pas soutenus et prot\u00e9g\u00e9s&#8221; (Fr\u00e9d\u00e9ric P\u00e9chenard, vice-pr\u00e9sident LR de la r\u00e9gion Ile-de-France; invit\u00e9 de Ruth Elkrief; vid\u00e9o) :  http:\/\/www.bfmtv.com\/mediaplayer\/video\/frederic-pechenard-face-a-ruth-elkrief-878147.html\n\n-&#8220;Pourquoi la campagne de Bruno Le Maire ne d\u00e9colle-t-elle pas ?&#8221; (Cl\u00e9ment Parrot) : http:\/\/www.francetvinfo.fr\/politique\/les-republicains\/primaire-de-la-droite\/primaire-a-droite-pourquoi-la-campagne-de-bruno-le-maire-a-du-mal-a-decoller_1876473.html\n\n-Il \u00e9tait l&#8217;invit\u00e9 de &#8220;L&#8217;Emission politique&#8221; sur France 2 (vid\u00e9o) : http:\/\/www.france2.fr\/emission\/lemission-politique\/diffusion-du-20-10-2016-21h00\n\n-&#8220;Je ne change pas de convictions tous les quatre matins. Les autres candidats donnent l&#8217;impression de viser Matignon. Ils ne font pas de politique&#8221; (Jean-Fr\u00e9d\u00e9ric Poisson, d\u00e9put\u00e9 des Yvelines; interrog\u00e9 par Patrick Poivre d&#8217;Arvor; son) : http:\/\/www.radioclassique.fr\/player\/progaction\/iniPlayer\/podcast\/2016-10-19-19-14-00.html\n\n<em>-Les intentions de vote \u00e0 la primaire de la droite et du centre (HARRIS) <\/em> : http:\/\/harris-interactive.fr\/opinion_polls\/harris-interactive-realise-des-intentions-de-vote-a-la-primaire-de-la-droite-et-du-centre\/\n\n-&#8220;Je suis all\u00e9 dans la manifestation des policiers. Cela fait des ann\u00e9es que nous alertons. Les agresseurs de policiers sont dans la nature. Ce sont les voitures municipales qui permettent aux policiers de circuler. La peur a chang\u00e9 de camps. Des quartiers apparaissent calmes, mais d\u00e8s que l&#8217;Etat veut s&#8217;y attaquer au trafic de drogue, tout s&#8217;agite&#8221; (Nicolas Dupont-Aignan, d\u00e9put\u00e9 de l&#8217;Essonne; interrog\u00e9 par Jean-Jacques Bourdin; vid\u00e9o) : http:\/\/www.bfmtv.com\/mediaplayer\/video\/nicolas-dupont-aignan-face-a-jean-jacques-bourdin-en-direct-877907.html\n\n-&#8220;L&#8217;Etat n&#8217;est pas l\u00e0 quand il le faut, on pourrit la vie des policiers. Le ministre de l&#8217;Int\u00e9rieur les menace de sanctions, c&#8217;est inacceptable&#8221; (David Rachline, s\u00e9nateur FN du Var, directeur de campagne de Marine Le Pen; interrog\u00e9 par Guillaume Durand; vid\u00e9o) : http:\/\/www.dailymotion.com\/video\/x4y8cx7\n\n-Herv\u00e9 Pauchon a rencontr\u00e9&#8230;Louis Vuitton ! (son) : https:\/\/www.franceinter.fr\/emissions\/moi-president\/moi-president-20-octobre-2016\n\n<strong>EUROPE-MONDE<\/strong>\n\n<strong>-En 2016, plus de 20 000 enfants ont d\u00e9j\u00e0 travers\u00e9 seuls la M\u00e9diterran\u00e9e : <\/strong> http:\/\/www.euractiv.fr\/section\/politique\/news\/20-000-enfants-ont-deja-traverse-la-mediterranee-seuls-en-2016\/?nl_ref=23113181\n\n<strong>-&#8220;L&#8217;objectif du CETA est de prot\u00e9ger les int\u00e9r\u00eats des multinationales&#8221; (le chercheur canadien Stuart Trew; entretien r\u00e9alis\u00e9 par Olivier Le Bussy)<\/strong> : http:\/\/m.lalibre.be\/actu\/international\/vu-du-canada-l-objectif-du-ceta-est-de-proteger-les-interets-des-multinationales-58052979cd701eed8fcefd25\n\n-&#8220;11 universitaires canadiens encouragent la Wallonie \u00e0 r\u00e9sister&#8221; (vid\u00e9o) : http:\/\/www.rtbf.be\/info\/monde\/detail_ceta-11-academiciens-canadiens-encouragent-la-wallonie-a-resiter-aux-pressions?id=9433146\n\n-&#8220;Un trait\u00e9 commercial mais pas environnemental&#8221; (Val\u00e9ry Laram\u00e9e de Tannenberg) :  http:\/\/www.euractiv.fr\/section\/climat-environnement\/news\/le-ceta-un-traite-commercial-mais-pas-environnemental\/?nl_ref=23113181\n\n-La Bulgarie et la Roumanie h\u00e9sitent (Georgi Gotev) : http:\/\/www.euractiv.fr\/section\/innovation-entreprises\/news\/bulgaria-and-romania-maintain-reservations-on-ceta\/?nl_ref=23113181\n\n-Martin Schulz, le pr\u00e9sident socialiste du Parlement europ\u00e9en, d\u00e9fend le CETA d&#8217;arrache-pied (Daniela Vincenti) : http:\/\/www.euractiv.fr\/section\/innovation-entreprises\/news\/schulz-makes-a-plea-to-back-eu-canada-trade-deal\/?nl_ref=23113181\n\n-Le lib\u00e9ral Institut Montaigne s&#8217;inqui\u00e8te du risque d&#8217;abandon du Trait\u00e9 transatlantique (C\u00e9cile Barbi\u00e8re) : http:\/\/www.euractiv.fr\/section\/innovation-entreprises\/news\/linstitut-montaigne-sinquiete-du-risque-dabandon-du-ttip\/?nl_ref=23113181\n\n-Les capitales europ\u00e9ennes d\u00e9roulent le tapis rouge aux entreprises britanniques (Fran\u00e7ois Lenglet; vid\u00e9o) : http:\/\/www.rtl.fr\/actu\/societe-faits-divers\/brexit-la-revanche-des-grenouilles-7785365347\n\n-&#8220;Les discussions strat\u00e9giques sur la Russie vont \u00e9viter le sujet des sanctions&#8221; (Fr\u00e9d\u00e9ric Simon) : http:\/\/www.euractiv.fr\/section\/politique\/news\/sanctions-off-the-table-as-eu-holds-strategic-discussion-on-russia\/?nl_ref=23113181\n\n-&#8220;Se rassembler pour d\u00e9mondialiser&#8221; (Jacques Nikonoff; vid\u00e9o) : http:\/\/www.nikonoff2017.fr\/engagements\/contre-l-euro\/392-se-rassembler-pour-demondialiser\n\n<strong>-Au Pays Bas, la ferme du futur (vid\u00e9o) <\/strong> : http:\/\/www.francetvinfo.fr\/decouverte\/gadgets\/pays-bas-la-ferme-du-futur_1881925.html#xtor=EPR\n\n-La Slovaquie lorgne sur l&#8217;industrie automobile britannique post-Brexit (Matthew Tempest) : http:\/\/www.euractiv.fr\/section\/innovation-entreprises\/news\/weds-auto-giant-slovakia-eyes-post-brexit-uk-car-industry\/?nl_ref=23113181\n\n-&#8220;La r\u00e9alit\u00e9 judiciaire du viol en Suisse&#8221; (Fati Mansour) : https:\/\/www.letemps.ch\/suisse\/2016\/10\/20\/realite-judiciaire-viol-suisse?utm_source=Newsletters&#038;utm_campaign=e1a8fa3b02-generale&#038;utm\n\n<strong>-&#8220;La gauche se cherche un peu partout en Europe, y compris en Allemagne&#8221; (Ama Lorenz) <\/strong> : http:\/\/www.euractiv.fr\/section\/politique\/news\/europes-socialists-in-disarray-germany-tries-to-plot-course-away-from-trouble\/?nl_ref=23113181\n\n-&#8220;Moscou retourne aux occidentaux les accusations de crimes de guerre en Syrie&#8221; :  https:\/\/www.letemps.ch\/monde\/2016\/10\/19\/moscou-retourne-aux-occidentaux-accusations-crimes-guerre-syrie?utm_source\n\n-&#8220;Nous ne devons pas regarder Mossoul comme un point sur une carte, comme un objectif militaire \u00e0 atteindre&#8221; (Fran\u00e7ois Hollande; vid\u00e9o) : http:\/\/www.francetvinfo.fr\/monde\/proche-orient\/offensive-jihadiste-en-irak\/video-hollande-nous-ne-devons-pas-regarder-mossoul-comme-un-objectif-militaire-a-atteindre_1881231.html\n\n<strong>-Son discours int\u00e9gral (vid\u00e9o)<\/strong> : http:\/\/www.elysee.fr\/videos\/discours-a-la-reunion-pour-la-stabilisation-de-mossoul\/\n\n-Sa d\u00e9claration \u00e0 son arriv\u00e9e au Sommet europ\u00e9en (vid\u00e9o) : http:\/\/www.elysee.fr\/videos\/declaration-a-l-arrivee-au-conseil-europeen-3\/\n\n-A son issue, sa d\u00e9claration conjointe avec Angela Merkel (vid\u00e9o) : http:\/\/www.elysee.fr\/videos\/new-video-64\/\n\n<strong>-&#8220;La bataille de Mossoul&#8221; en d\u00e9bat dans &#8220;24 heures en questions&#8221;, l&#8217;\u00e9mission d&#8217;Yves Calvi, avec Doroth\u00e9e Schmid de l&#8217;Institut fran\u00e7ais des relations internationales; le g\u00e9opolitologue Fr\u00e9d\u00e9ric Encel, professeur \u00e0 Sciences Po et Hasni Abidi du Centre d&#8217;\u00e9tudes et de recherches  sur le Monde arabe et m\u00e9diterran\u00e9en (vid\u00e9o) : <\/strong> http:\/\/www.lci.fr\/replay\/replay-calvi-24-heures-en-questions-du-19-octobre-2016-la-bataille-de-mossoul-2008550.html%3Ftype=content\n\n-&#8220;L&#8217;offensive pourrait inciter les djihadistes europ\u00e9ens \u00e0 rentrer&#8221; (Daniel M\u00fctzel) : http:\/\/www.euractiv.fr\/section\/l-europe-dans-le-monde\/news\/mosul-offensive-may-send-isis-fighters-back-to-europe\/?nl_ref=23113181\n\n&#8211;<strong>Le patrimoine antique de Gaza pr\u00e9serv\u00e9 par ses habitants (un reportage de Nicolas Ropert; son) <\/strong> : https:\/\/www.franceinter.fr\/emissions\/grand-angle\/grand-angle-20-octobre-2016\n\n<strong>-&#8220;Les liaisons dangereuses avec les pays du Golfe&#8221; (Christian Chesnot, invit\u00e9 de L\u00e9a Salam\u00e9; vid\u00e9o) :<\/strong> https:\/\/www.youtube.com\/watch?v=-3olLI_Ha0U\n\n-&#8220;Rien ne va plus au royaume des Saoud&#8221; (Anthony Bellanger; son) : https:\/\/www.franceinter.fr\/emissions\/geopolitique\/geopolitique-20-octobre-2016\n\n-Le Maroc, qui va accueillir la COP 22, teste &#8220;le hammam durable&#8221; (Cindy Dauphin; son) : https:\/\/www.franceinter.fr\/emissions\/planete-environnement\/planete-environnement-20-octobre-2016\n\n-Ce qu&#8217;il faut retenir du dernier d\u00e9bat t\u00e9l\u00e9vis\u00e9 Clinton\/Trump (Marie-Ad\u00e9la\u00efde Scigacz et Marie-Violette Bernard; vid\u00e9os) : http:\/\/www.francetvinfo.fr\/monde\/usa\/presidentielle\/donald-trump\/presidentielle-americaine-ce-qu-il-faut-retenir-du-dernier-debat-entre-hillary-clinton-et-donald-trump_1881015.html#xtor=EPR\n\n-&#8220;Trump s&#8217;est emm\u00eal\u00e9 les pinceaux dans sa campagne&#8221; (Jean-Eric Branaa, ma\u00eetre de conf\u00e9rences \u00e0 Paris II; vid\u00e9o) : http:\/\/rmc.bfmtv.com\/mediaplayer\/video\/presidentielle-americaine-trump-s-est-emmele-les-pinceaux-dans-sa-campagne-877887.html\n\n-&#8220;Il a dit qu&#8217;il ne respecterait pas le r\u00e9sultat&#8221; (Christine Ockrent; son) : http:\/\/www.radioclassique.fr\/player\/progaction\/iniPlayer\/podcast\/linvite-du-matin-2016-10-20-07-49-49.html\n\n-&#8220;Cette fois-ci, les jeux sont faits&#8221; (Philippe Labro; vid\u00e9o) :  http:\/\/www.lepoint.fr\/invites-du-point\/philippe-labro\/pour-philippe-labro-cette-fois-ci-les-jeux-sont-faits-20-10-2016-2077321_1444.php?M_BT\n\n-Les primaires dans le monde (par Mediapart; vid\u00e9o) : https:\/\/www.youtube.com\/watch?v=jenI7ffOk3o\n\n-Au Venezuela, les d\u00e9put\u00e9s plong\u00e9s dans le noir en plein d\u00e9bat &#8230;sur l&#8217;\u00e9lectricit\u00e9 (vid\u00e9o) : http:\/\/www.lci.fr\/international\/video-venezuela-les-deputes-plonges-dans-le-noir-en-plein-debat-sur-l-electricite-2008575.html%3Ftype=content\n\n<strong>CULTURE-MEDIAS<\/strong>\n\n-Pas de nouvelles de l&#8217;atterrisseur de la mission ExoMars (David Larousserie) : http:\/\/www.lemonde.fr\/cosmos\/article\/2016\/10\/20\/demi-succes-pour-la-mission-Lexomars_5017190_1650695.html\n\n<strong>-&#8220;Islam et djihadisme&#8221; (l&#8217;historien Dominique Vidal; pi\u00e8ce jointe);<\/strong>\n\n-Le &#8220;Petit trait\u00e9 d&#8217;\u00e9ducation lubrique&#8221; de Lydie Salvayre, prix Goncourt 2014 pour &#8220;Pas pleurer&#8221;. Elle \u00e9tait l&#8217;invit\u00e9e d&#8217;Augustin Trapenard (son) : https:\/\/www.franceinter.fr\/emissions\/boomerang\/boomerang-20-octobre-2016\n\n<strong>-Le 4e entretien d&#8217;Anne Pingeot avec l&#8217;historien Jean-Noel Jeanneney (son) :<\/strong> https:\/\/www.franceculture.fr\/emissions\/voix-nue\/anne-pingeot-la-discrete-revelee-45-au-quotidien-les-voyages-et-les-proches\n\n-&#8220;Les aides \u00e0 la cr\u00e9ation musicale, pas seulement pour les jeunes talents !&#8221; (vid\u00e9o) : http:\/\/blog.francetvinfo.fr\/oeil-20h\/2016\/10\/19\/les-aides-a-la-creation-musicale-pas-seulement-pour-les-jeunes-talents.html#xtor=EPR\n\n<strong>-Matinale sp\u00e9ciale consacr\u00e9e \u00e0 l&#8217;exposition de la collection Chtchoukine \u00e0 la Fondation Louis Vuitton, avec sa commissaire Anne Baldassari (vid\u00e9os) <\/strong> :                                                                              http:\/\/www.dailymotion.com\/video\/x4y83hu_anne-baldassari-henri-matisse-a-ete-le-mentor-de-chtchoukine-en-art-contemporain_news                                                                                          http:\/\/www.dailymotion.com\/video\/x4y89oo_anne-baldassari-on-a-rassemble-les-deux-moities-de-la-collection-chtchoukine_news\n\n<strong>-Les histoire d&#8217;amour entre musique et mus\u00e9es (Didier Varrot; vid\u00e9o) : <\/strong> https:\/\/www.franceinter.fr\/emissions\/pop-co\/pop-co-20-octobre-2016\n\n-La salle des Matisse, une d\u00e9bauche de couleurs et de libert\u00e9 (Patrick Cohen; vid\u00e9o) : https:\/\/www.franceinter.fr\/emissions\/le-7h43\/le-7h43-20-octobre-2016\n\n-La Fiac ouvre ses portes (vid\u00e9o) : http:\/\/www.francetvinfo.fr\/economie\/emploi\/metiers\/art-culture-edition\/la-fiac-ouvre-ses-portes_1881205.html\n\n-Pour son \u00e9dition 2016, elle voit les choses en grand (vid\u00e9o) : http:\/\/france3-regions.francetvinfo.fr\/paris-ile-de-france\/paris\/son-edition-2016-fiac-voit-choses-grand-1113081.html#xtor=EPR\n\n<strong>-&#8220;Je ne vis que pour le th\u00e9\u00e2tre&#8221; (Robert Hirsch, invit\u00e9 de Marie-Sophie Lacarrau; vid\u00e9o) <\/strong> : http:\/\/www.francetvinfo.fr\/replay-radio\/l-invite-culture\/robert-hirsch-je-ne-vis-que-pour-le-theatre_1878415.html#xtor=EPR\n\n-Thierry Gandillot a vu et admir\u00e9 le film d&#8217;animation &#8220;Ma vie de courgette&#8221; (son) : http:\/\/www.radioclassique.fr\/player\/progaction\/initPlayer\/podcast\/2016-10-19-19-47-00.html\n\n-Jusqu&#8217;au 25 octobre, &#8220;Mon premier Festival&#8221; pour les jeunes publics, dans 12 salles parisiennes : http:\/\/france3-regions.francetvinfo.fr\/paris-ile-de-france\/sortie-cine-plus-jeunes-mon-premier-festival-1112595.html#xtor=EPR\n\n<em>-Barom\u00e8tre des pratiques culturelles des Fran\u00e7ais en mati\u00e8re de spectacles musicaux et de vari\u00e9t\u00e9s et impact des attentats sur la fr\u00e9quentation des spectacles (HARRIS) <\/em> : http:\/\/harris-interactive.fr\/opinion_polls\/barometre-des-pratiques-culturelles-des-francais-en-matiere-de-spectacles-musicaux-et-de-variete-et-etude-sur-limpact-des-attentats-sur-le-secteur-du-spectacle\/\n\n<strong>-Le kanak Walles Kotra, directeur charg\u00e9 de l&#8217;Outre-mer au sein du groupe France T\u00e9l\u00e9visions, invit\u00e9 de Sonia Devillers (vid\u00e9o<\/strong>) : http:\/\/www.dailymotion.com\/video\/x4y8i8t_walles-kotra-de-l-histoire-politique-kanak-a-la-direction-de-france-o_news\n\n-i-T\u00e9l\u00e9 s&#8217;enfonce dans la crise. Le livre de confessions de  Fran\u00e7ois Hollande est en rupture de stock&#8221; (Marc Baudriller; son) : http:\/\/www.radioclassique.fr\/player\/progaction\/iniPlayer\/podcast\/la-vie-des-medias-2016-10-20-07-41-15.html\n\n-La mobilisation se poursuit (J\u00e9r\u00f4me Ivanitchtchenko; vid\u00e9o) : http:\/\/www.europe1.fr\/emissions\/le-fait-medias-du-jour\/la-mobilisation-des-salaries-se-poursuit-a-itele-2878328\n\n-&#8220;La vive pr\u00e9occupation du CSA&#8221; : http:\/\/www.francetvinfo.fr\/culture\/tv\/canal\/le-conseil-superieur-de-l-audiovisuel-manifeste-sa-vive-preoccupation-quant-a-la-perennite-de-la-chaine-i-tele_1881833.html#xtor=EPR-51\n\n-Sur France 2, Sophie Davant prend le fauteuil de Fr\u00e9d\u00e9ric Lopez une fois par semaine (interrog\u00e9e par Thomas Joubert; vid\u00e9o) : http:\/\/www.europe1.fr\/emissions\/l-invite-medias\/sophie-davant-prend-le-fauteuil-de-frederic-lopez-une-fois-par-semaine-2878361\n\n-&#8220;Cyril Hanouna, le Kim Jong-il de C8&#8221; (St\u00e9phane Guillon; vid\u00e9o) : http:\/\/people.bfmtv.com\/tv\/stephane-guillon-denonce-les-methodes-mafieuses-de-cyril-hanouna-le-kim-jong-il-de-c8-1050133.html#?xtor=EREC\n\n<strong>-Les photos de la semaine (EPIC)<\/strong> : http:\/\/epic-stories.com\/selection-jeudi-59\/\n\n-La musique, partout ! (vid\u00e9os) : https:\/\/www.youtube.com\/watch?v=zMH_UMOlzz0                                                                                                                                                                        https:\/\/www.youtube.com\/watch?v=MNi5MIXsEsA\n\n<strong>-La danse classique n&#8217;a pas de genre (vid\u00e9o) <\/strong> : https:\/\/www.youtube.com\/watch?v=MfKdC6SYcnM\n\n-&#8220;Prier pour les politiques&#8221; (Guillaume Meurice; vid\u00e9o) :  http:\/\/www.dailymotion.com\/video\/x4y9ync_prier-pour-les-politiques-le-moment-meurice_fun\n\n<strong>-Contre le CETA, les vrais Gaulois, ce sont les Wallons (Charline Vanhoenacker; vid\u00e9o) <\/strong> : https:\/\/www.franceinter.fr\/emissions\/le-billet-de-charline-vanhoenacker\/le-billet-de-charline-vanhoenacker-20-octobre-2016\n\n<strong>-&#8220;Le d\u00e9bat au plus bas&#8221; (Didier Porte; vid\u00e9o) :<\/strong> https:\/\/www.youtube.com\/watch?v=2e8y46GwBn0\n<h2 class=\"wp-block-heading\">Documents joints<\/h2>\n\n\n\n<div class=\"wp-block-file\"><a href=\"https:\/\/wp.muchomaas.com\/wp-content\/uploads\/2016\/10\/une_defaite_comme_un_signe_annonciateur_pour_hollande_et_sarkozy-a4f.pdf\">une_defaite_comme_un_signe_annonciateur_pour_hollande_et_sarkozy.pdf<\/a><\/div>\n\n\n\n<div class=\"wp-block-file\"><a href=\"https:\/\/wp.muchomaas.com\/wp-content\/uploads\/2016\/10\/dominique_vidal-774.pdf\">dominique_vidal.pdf<\/a><\/div>\n\n\n","protected":false},"excerpt":{"rendered":"<p>ACTUALITE -&#8220;La France n&#8217;a pas int\u00e9r\u00eat \u00e0 ce que ce savoir-faire de 50 ans parte \u00e0 l&#8217;\u00e9tranger&#8221; (Christophe Chevalier, ancien d\u00e9l\u00e9gu\u00e9 CGT d&#8217;Ecopla, entreprise de fabrication de barquettes en aluminium en Is\u00e8re , porteur d&#8217;un projet de SCOP; interrog\u00e9 par Eric Delvaux; son) : https:\/\/www.franceinter.fr\/emissions\/l-invite-du-5-7\/l-invite-du-5-7-20-octobre-2016 -Le recours jug\u00e9 &#8220;irrecevable&#8221; par la Cour d&#8217;appel de Grenoble [&hellip;]<\/p>\n","protected":false},"author":1042,"featured_media":0,"comment_status":"open","ping_status":"open","sticky":false,"template":"","format":"standard","meta":{"_themeisle_gutenberg_block_has_review":false,"footnotes":""},"categories":[151],"tags":[],"class_list":["post-9941","post","type-post","status-publish","format-standard","hentry","category-la-revue-de-presse-de-lulu"],"_links":{"self":[{"href":"https:\/\/archives.regards.fr\/index.php?rest_route=\/wp\/v2\/posts\/9941","targetHints":{"allow":["GET"]}}],"collection":[{"href":"https:\/\/archives.regards.fr\/index.php?rest_route=\/wp\/v2\/posts"}],"about":[{"href":"https:\/\/archives.regards.fr\/index.php?rest_route=\/wp\/v2\/types\/post"}],"author":[{"embeddable":true,"href":"https:\/\/archives.regards.fr\/index.php?rest_route=\/wp\/v2\/users\/1042"}],"replies":[{"embeddable":true,"href":"https:\/\/archives.regards.fr\/index.php?rest_route=%2Fwp%2Fv2%2Fcomments&post=9941"}],"version-history":[{"count":0,"href":"https:\/\/archives.regards.fr\/index.php?rest_route=\/wp\/v2\/posts\/9941\/revisions"}],"wp:attachment":[{"href":"https:\/\/archives.regards.fr\/index.php?rest_route=%2Fwp%2Fv2%2Fmedia&parent=9941"}],"wp:term":[{"taxonomy":"category","embeddable":true,"href":"https:\/\/archives.regards.fr\/index.php?rest_route=%2Fwp%2Fv2%2Fcategories&post=9941"},{"taxonomy":"post_tag","embeddable":true,"href":"https:\/\/archives.regards.fr\/index.php?rest_route=%2Fwp%2Fv2%2Ftags&post=9941"}],"curies":[{"name":"wp","href":"https:\/\/api.w.org\/{rel}","templated":true}]}}