{"id":9938,"date":"2016-10-20T07:51:57","date_gmt":"2016-10-20T05:51:57","guid":{"rendered":"https:\/\/wp.muchomaas.com\/article-la-revue-du-20-octobre-2016\/"},"modified":"2023-06-23T23:23:13","modified_gmt":"2023-06-23T21:23:13","slug":"article-la-revue-du-20-octobre-2016","status":"publish","type":"post","link":"https:\/\/archives.regards.fr\/?p=9938","title":{"rendered":"La Revue du 20 octobre 2016"},"content":{"rendered":"<strong>ACTUALITE<\/strong>\n\n<strong>-&#8220;Quand quelqu&#8217;un n&#8217;est pas bien, on fait tout pour l&#8217;aider&#8221; (Eric Monvoisin, ancien de Goodyear Amiens (cit\u00e9 par Licia Meysenq) :<\/strong> http:\/\/www.francetvinfo.fr\/economie\/emploi\/plans-sociaux\/goodyear\/quand-quelqu-un-n-est-pas-bien-on-fait-tout-pour-l-aider-la-vie-apres-goodyear_1876871.html\n\n-&#8220;La CGT d\u00e9fend ses ex-Goodyear&#8221; (Francine Aizicovici) : http:\/\/www.lemonde.fr\/economie\/article\/2016\/10\/18\/a-amiens-la-cgt-defend-ses-ex-goodyear_5015613_3234.html\n\n-&#8220;Un proc\u00e8s sous tension&#8221; (vid\u00e9o) : http:\/\/www.lci.fr\/justice\/appel-des-ex-goodyear-un-proces-sous-tension-2008410.html%3Ftype=content\n\n-Le procureur demande 24 mois de prison avec sursis (vid\u00e9o) : http:\/\/www.francetvinfo.fr\/economie\/emploi\/plans-sociaux\/goodyear\/24-mois-de-prison-avec-sursis-pour-les-huit-de-goodyear_1880253.html\n\n<strong>-&#8220;Militants syndicaux, pas criminels !&#8221; (La CGT r\u00e9clame la relaxe) :<\/strong> http:\/\/www.cgt.fr\/Militants-syndicaux-pas-criminels.html\n\n-Carlos Ghosn devrait aussi prendre la direction de Mitsubishi Motors : http:\/\/www.lesechos.fr\/industrie-services\/automobile\/0211408867577-carlos-ghosn-prendrait-aussi-les-commandes-de-mitsubishi-motors-2036198.php#xtor=EPR\n\n<strong>-&#8220;La recette miracle est notre choix de ne pas s&#8217;orienter vers la grande distribution&#8221; (Caroline Helliet-Le Branchu, PDG de la sardinerie &#8220;La Belle Iloise&#8221;; interrog\u00e9e par Nicolas Pierron; vid\u00e9o) <\/strong> : http:\/\/www.dailymotion.com\/video\/x4y2ou9_la-recette-miracle-est-notre-choix-de-ne-pas-s-orienter-vers-la-grande-distribution-caroline-hillie_news\n\n-&#8220;Cette semaine, mes \u00e9l\u00e8ves ont d\u00e9couvert qu&#8217;ils \u00e9taient excellents en fran\u00e7ais&#8221; (Lucie Martin) : http:\/\/www.telerama.fr\/idees\/cette-semaine-mes-troisiemes-ont-decouvert-qu-ils-sont-excellents-en-francais,148852.php#xtor=EPR\n\n<strong>-Le v\u00e9ritable temps de travail des enseignants (Florence Renard-Gourdon) : <\/strong> http:\/\/www.lesechos.fr\/politique-societe\/societe\/0211404829136-comment-calculer-le-temps-de-travail-des-enseignants-2035909.php#xtor=EPR\n\n-Violences contre les enseignants, &#8220;ce qui surprend nos coll\u00e8gues, c&#8217;est la gravit\u00e9 des faits, concentr\u00e9s sur quelques \u00e9tablissements&#8221; (Fr\u00e9d\u00e9rique Rolet, secr\u00e9taire g\u00e9n\u00e9rale du SNES-FSU; interrog\u00e9e par Guillaume Durand; son) : http:\/\/www.radioclassique.fr\/player\/progaction\/iniPlayer\/podcast\/linvite-du-matin-2016-10-19-07-49-52.html\n\n-&#8220;Quand les hommes ne peuvent pas s&#8217;emp\u00eacher d&#8217;interrompre les femmes&#8221; (vid\u00e9o) : http:\/\/www.francetvinfo.fr\/economie\/emploi\/carriere\/vie-professionnelle\/emploi-des-femmes\/video-ces-hommes-qui-interrompent-les-femmes_1877937.html#xtor=EPR-2\n\n-&#8220;Nous femmes de gauche, combattons le sexisme et le racisme&#8221; (texte collectif) : http:\/\/www.liberation.fr\/debats\/2016\/10\/19\/nous-femmes-de-gauche-combattons-le-sexisme-et-le-racisme_1522468?xtor=EPR\n\n<strong>-&#8220;Sans la prescription, j&#8217;aurais port\u00e9 plainte contre le coupable du viol&#8221; (Flavie Flament, auteure de &#8220;La Consolation&#8221;; interrog\u00e9e par Christelle Rebi\u00e8re; son) <\/strong> :                                                           http:\/\/www.rtl.fr\/actu\/societe-faits-divers\/flavie-flament-aurait-porte-plainte-contre-le-coupable-de-son-viol-s-il-n-y-avait-pas-de-prescription-7785356418\n\n-A Paris, au-del\u00e0 de la bataille des clips (vid\u00e9os) : http:\/\/www.lci.fr\/societe\/paris-on-t-aime-aussi-leur-clip-en-reponse-a-hidalgo-cartonne-et-ouvre-le-debat-2008296.html%3Ftype=content         https:\/\/www.youtube.com\/watch?v=JnxDN5Bh4rA&#038;xtsite=573547&#038;idclient=\n\n<em>-Le regard des Fran\u00e7ais sur leurs identit\u00e9s et valeurs, attentes et projections dans l&#8217;avenir (IFOP) :<\/em>  http:\/\/www.ifop.com\/?option=com_publication&#038;type=poll&#038;id=3527\n\n-Le commentaire de Fr\u00e9d\u00e9ric Dabi, directeur-adjoint de l&#8217;institut IFOP (son) : http:\/\/www.sudradio.fr\/Podcasts\/L-invite-pour-comprendre\/Frederic-Dabi-directeur-general-adjoint-de-l-IFOP7\n\n-Les Fran\u00e7ais et l&#8217;identit\u00e9 (un reportage de Philippe Rossi; son) : http:\/\/www.sudradio.fr\/Podcasts\/Les-reportages-de-la-matinee\/Les-Francais-et-l-identite\n\n<strong>-Deux millions de Fran\u00e7ais souffrent de d\u00e9nutrition (le professeur Eric Fontaine; son)<\/strong> : http:\/\/www.sudradio.fr\/Podcasts\/L-invite-pour-comprendre\/E.Fontaine-president-du-Collectif-de-lutte-contre-la-denutrition\n\n<strong>-&#8220;Cholest\u00e9rol, le grand bluff&#8221;, une enqu\u00eate d&#8217;Anne Georget (vid\u00e9o) :  <\/strong> http:\/\/www.arte.tv\/guide\/fr\/051063-000-A\/cholesterol-le-grand-bluff?country=FR\n\n<strong>-&#8220;Comment sont entretenus les sentiers de grande randonn\u00e9e (vid\u00e9o) : <\/strong> http:\/\/www.francetvinfo.fr\/france\/comment-sont-entretenus-les-sentiers-de-grande-randonnee_1880223.html\n\n-Un tiers du parc nucl\u00e9aire fran\u00e7ais \u00e0 l&#8217;arr\u00eat (vid\u00e9o) : http:\/\/www.francetvinfo.fr\/societe\/nucleaire\/nucleaire-un-tiers-du-parc-francais-a-l-arret_1879721.html\n\n<strong>-&#8220;C&#8217;est ennuyeux&#8221; (Dominique Seux des &#8220;Echos&#8221;; son)<\/strong> : https:\/\/www.franceinter.fr\/emissions\/l-edito-eco\/l-edito-eco-19-octobre-2016\n\n<strong>-&#8220;L&#8217;affaire Areva&#8221; (&#8220;Pi\u00e8ces \u00e0 conviction&#8221;; vid\u00e9o) :<\/strong> http:\/\/www.francetvinfo.fr\/replay-magazine\/france-3\/pieces-a-conviction\/\n\n-La Cour des comptes lance un  programme de d\u00e9fense de la biodiversit\u00e9 &#8220;Nature 2050&#8221; (Baptiste Gaborit; son) : http:\/\/www.radioclassique.fr\/player\/progaction\/iniPlayer\/podcast\/3-minutes-pour-la-planete-2016-10-19-06-47-00.html\n\n-Le parcours du Tour de France 2017 (vid\u00e9o) : http:\/\/www.liberation.fr\/video\/2016\/10\/18\/le-parcours-du-tour-de-france-2017-a-ete-devoile_1522712?xtor=EPR\n\n-&#8220;Les agressions \u00e0 l&#8217;encontre des m\u00e9decins explosent&#8221; (vid\u00e9o) : http:\/\/www.francetvinfo.fr\/sante\/les-agressions-a-l-encontre-des-medecins-explosent_1879719.html\n\n-Marisol Touraine r\u00e9clame des sanctions exemplaires (vid\u00e9o) : http:\/\/www.lcp.fr\/la-politique-en-video\/agression-aux-urgences-de-tourcoing-marisol-touraine-reclame-des-sanctions\n\n-&#8220;Les policiers restent mobilis\u00e9s Leur patron appelle \u00e0 l&#8217;apaisement&#8221; (vid\u00e9o) : http:\/\/www.lemonde.fr\/police-justice\/article\/2016\/10\/19\/apres-le-defile-sur-les-champs-elysees-le-patron-de-la-police-appelle-a-l-apaisement_5016084_1653578.html\n\n-Le syndicat Unit\u00e9 SGP police FO appelle \u00e0 des manifestations silencieuses \u00e0 Paris et en province le 26 octobre : http:\/\/www.francetvinfo.fr\/faits-divers\/police\/attaque-de-policiers-a-viry-chatillon\/le-syndicat-unite-sgp-police-fo-appelle-a-une-manifestation-des-policiers-a-paris-et-en-province-le-26-octobre_1879497.html#xtor=EPR\n\n-Guy, policier de la Bac de l&#8217;Essonne, interrog\u00e9 par Dimitri Pavlenko (son) : http:\/\/www.sudradio.fr\/Podcasts\/L-invite-pour-comprendre\/Guy-policier-de-la-BAC-de-l-Essonne\n\n<strong>-&#8220;Le march\u00e9 de la s\u00e9curit\u00e9 priv\u00e9e en plein essor&#8221; (Christian Menanteau; vid\u00e9o) : <\/strong> http:\/\/www.rtl.fr\/actu\/conso\/le-marche-de-la-securite-privee-en-plein-essor-en-france-7785347564\n\n<em>-L&#8217;\u00e9tude de l&#8217;INSEE (documents \u00e0 t\u00e9l\u00e9charger)<\/em> : http:\/\/www.insee.fr\/fr\/themes\/document.asp?ref_id=if66\n\n-&#8220;Ce ras-le-bol est spontan\u00e9. Les forces de l&#8217;ordre sont \u00e0 bout avec cette violence du quotidien. Personne ne comprendrait que le gouvernement soit inflexible avec les policiers dans les rangs desquels le FN risque encore de progresser&#8221; (Guillaume Tabard du &#8220;Figaro&#8221;; son) : http:\/\/www.radioclassique.fr\/player\/progaction\/iniPlayer\/podcast\/ledito-politique-de-guillaume-tabard-2016-10-19-08-13-55.html\n\n-&#8220;Je peux comprendre leur exasp\u00e9ration. La police nationale n&#8217;a pas le droit de gr\u00e8ve. J&#8217;ai saisi l&#8217;Inspection g\u00e9n\u00e9rale de la police. J&#8217;appelle \u00e0 l&#8217;apaisement&#8221; (Jean-Marc Falcone, directeur-g\u00e9n\u00e9ral de la police nationale; interrog\u00e9 par Yves Calvi; vid\u00e9o) : http:\/\/www.rtl.fr\/actu\/societe-faits-divers\/manifestation-de-policiers-le-patron-de-la-police-appelle-a-l-apaisement-7785346955\n\n-Bernard Cazeneuve a pr\u00e9cis\u00e9 sa m\u00e9thode pour d\u00e9manteler le camp de Calais (vid\u00e9o) : http:\/\/www.publicsenat.fr\/lcp\/politique\/demantelement-calais-bernard-cazeneuve-precise-methode-1528132\n\n<strong>-&#8220;Au nom du p\u00e8re, du fils et du djihad&#8221;, un documentaire de St\u00e9phane Malterre (vid\u00e9o) <\/strong> :                                                                                                                                                                      http:\/\/www.france2.fr\/emissions\/infrarouge\/videos\/replay_-_au_nom_du_pere_du_fils_et_du_djihad_18-10-2016_1321103\n\n<strong>-Le m\u00e9decin-chef du RAID, Matthieu Langlois, pr\u00e9sent au Bataclan, \u00e9tait l&#8217;invit\u00e9 du JT de FR 2 (vid\u00e9o) <\/strong> : http:\/\/www.francetvinfo.fr\/faits-divers\/terrorisme\/attaques-du-13-novembre-a-paris\/video-il-y-a-de-l-emotion-mais-il-faut-la-maitriser-explique-le-medecin-chef-du-raid-present-au-bataclan_1879759.html\n\n-&#8220;Sciences Po Paris accueille des r\u00e9fugi\u00e9s&#8221; (Fr\u00e9d\u00e9ric Mion son directeur, interrog\u00e9 par Marc-Olivier Fogiel; son) : http:\/\/www.rtl.fr\/actu\/societe-faits-divers\/sciences-po-paris-accueille-des-etudiants-refugies-7785343544\n\n-Le journal d&#8217;Outre-mer (Benoit Ferrand; son) : https:\/\/www.franceinter.fr\/emissions\/journal-d-outre-mer-1ere\/journal-d-outre-mer-1ere-19-octobre-2016\n\n<strong>POLITIQUE<\/strong>\n\n<strong>-&#8220;Les bavardages et la mis\u00e8re&#8221; (Patrick Le Hyaric; pi\u00e8ce jointe);<\/strong>\n\n-&#8220;Un pas chacun&#8221; (Roland Leroy) : https:\/\/www.frontcommun.fr\/un-pas-chacun-par-roland-leroy\/\n\n-C\u00e9cile Duflot \u00e9limin\u00e9e de la primaire \u00e9cologiste (Rachid La\u00efreche) : http:\/\/www.liberation.fr\/france\/2016\/10\/19\/duflot-eliminee-de-la-primaire-seisme-chez-les-ecologistes_1523041\n\n-Ce que retient Nathalie Saint-Cricq (vid\u00e9o) : http:\/\/www.francetvinfo.fr\/politique\/eelv\/primaire-eelv\/que-retenir-du-premier-tour-des-primaires-eelv_1880249.html\n\n-&#8220;Le citoyen moyen s&#8217;en fiche un peu&#8221; (Christophe Barbier; vid\u00e9o) : http:\/\/www.bfmtv.com\/mediaplayer\/video\/l-edito-de-christophe-barbier-la-primaire-des-verts-le-citoyen-moyen-s-en-fiche-un-peu-877545.html\n\n-Fiscalit\u00e9 sur le diesel, &#8220;le gouvernement d\u00e9savoue S\u00e9gol\u00e8ne Royal&#8221; (vid\u00e9o) : http:\/\/www.lcp.fr\/actualites\/fiscalite-sur-le-diesel-le-gouvernement-desavoue-royal\n\n-Sur Franceinfo, la secr\u00e9taire d&#8217;Etat Juliette M\u00e9adel annonce une augmentation de la taxe qui abonde le fonds de garantie des victimes du terrorisme et une r\u00e9flexion sur la prescription du viol (vid\u00e9o) : http:\/\/www.dailymotion.com\/video\/x4y2wye_fonds-de-garantie-des-victimes-du-terrorisme-juliette-meadel-annonce-une-hausse-de-la-taxe-sur-les-a_news\n\n-C\u00e9cile Duflot, d\u00e9put\u00e9e \u00e9cologiste de Paris, &#8220;plaide pour une France 100% renouvelable&#8221;; interrog\u00e9e par Thomas Sotto; vid\u00e9o) :                                                                                                  http:\/\/www.europe1.fr\/emissions\/l-interview-verite\/cecile-duflot-plaide-pour-une-france-100-renouvelable-2876846\n\n-&#8220;C&#8217;est la preuve que les primaire, c&#8217;est la libert\u00e9. Elles permettent aux citoyens d&#8217;\u00e9carter ceux qu&#8217;ils ne veulent pas. Avec C\u00e9cile Duflot, au gouvernement, il y avait des convergences&#8221; (Arnaud Montebourg invit\u00e9 de Ruth Elkrief; vid\u00e9os) : http:\/\/www.bfmtv.com\/mediaplayer\/video\/l-edito-de-christophe-barbier-la-primaire-des-verts-le-citoyen-moyen-s-en-fiche-un-peu-877545.html                 http:\/\/www.bfmtv.com\/mediaplayer\/video\/arnaud-montebourg-face-a-ruth-elkrief-22-877801.html\n\n-&#8220;Plus le temps passe, plus le projet Notre-Dame-des-Landes devient anachronique. L&#8217;Union europ\u00e9enne n&#8217;a pas encore dit s&#8217;il \u00e9tait conforme \u00e0 ses objectifs \u00e9cologiques. On ne peut \u00e0 la fois d\u00e9velopper le nucl\u00e9aire et les \u00e9nergie renouvelables. Il y a de graves fissures dans les cuves, Areva est en faillite et EDF conna\u00eet de s\u00e9rieuses difficult\u00e9s. Il faut savoir choisir, le gouvernement ne le fait pas&#8221; (Fran\u00e7ois de Rugy, d\u00e9put\u00e9 de Loire-Atlantique qui participe \u00e0 la primaire du PS; interrog\u00e9 par Yves Calvi; amener le curseur sur 1:08:00) :                                                                                                              http:\/\/www.lci.fr\/replay\/replay-calvi-24-heures-en-questions-du-18-octobre-2016-violences-la-police-craque-2008374.html\n\n-&#8220;Il n&#8217;y a pas de flottement, il y a beaucoup de d\u00e9sarroi&#8221; (Ga\u00ebtan Gorce, s\u00e9nateur PS de la Ni\u00e8vre; avec Luc Carvounas, Jean-Louis Tourenne et Fr\u00e9d\u00e9rique Espagnac, respectivement s\u00e9nateurs  PS du Val-de-Marne, d&#8217;Ile-et-Vilaine et des Pyr\u00e9n\u00e9es Atlantiques;  vid\u00e9os) : http:\/\/www.publicsenat.fr\/lcp\/politique\/carvounas-francois-hollande-devrait-nous-dire-rapidement-s-il-candidat-1528458\n\n-&#8220;Et si Hollande soutenait Macron&#8221; (Yves Thr\u00e9ard du &#8220;Figaro&#8221;; vid\u00e9o) : http:\/\/www.europe1.fr\/emissions\/ledito-politique-dyves-threard\/et-si-hollande-soutenait-macron-2876714\n\n-&#8220;Mais pourquoi Emmanuel Macron ne passe-t-il pas par la primaire des socialistes ?&#8221; (Thomas Legrand; son) : https:\/\/www.franceinter.fr\/emissions\/l-edito-politique\/l-edito-politique-19-octobre-2016\n\n-&#8220;Je le soutiens car j&#8217;ai vu qu&#8217;il y a des failles  dans la fa\u00e7on dont la France est gouvern\u00e9e&#8221; (G\u00e9rard Collomb, Maire PS de Lyon; interrog\u00e9 par L\u00e9a Salam\u00e9; son) : https:\/\/www.franceinter.fr\/emissions\/l-invite-de-7h50\/l-invite-de-7h50-19-octobre-2016\n\n-&#8220;Manuel Valls est dans les starting-blocks&#8221; (Alba Ventura; vid\u00e9o) :  http:\/\/www.rtl.fr\/actu\/politique\/presidentielle-2017-manuel-valls-dans-les-starting-blocks-decrypte-alba-ventura-7785347829\n\n-&#8220;Une candidature de Manuel Valls est cr\u00e9dible mais pas probable&#8221; Alain Duhamel; vid\u00e9o) : http:\/\/www.rtl.fr\/actu\/politique\/une-candidature-de-manuel-valls-a-la-place-de-francois-hollande-est-credible-mais-pas-probable-selon-alain-duhamel-7785343381\n\n-&#8220;La rumeur Royal&#8221; (Nicolas Domenach; vid\u00e9o) : http:\/\/www.rtl.fr\/actu\/societe-faits-divers\/presidentielle-2017-la-rumeur-royal-par-nicolas-domenach-7785348260\n\n-&#8220;Hollande doit passer la main&#8221; (Thomas Piketty) :                      http:\/\/tempsreel.nouvelobs.com\/economie\/20161018.OBS0013\/thomas-piketty-hollande-doit-passer-la-main.html\n\n-&#8220;Les criminels doivent \u00eatre mis hors d&#8217;\u00e9tat de nuire, c&#8217;est la position intangible de Manuel Valls&#8221; (le secr\u00e9taire d&#8217;Etat Christian Eckert; interrog\u00e9 par Guillaume Durand; vid\u00e9o) : http:\/\/www.dailymotion.com\/video\/x4y2qfc\n\n-&#8220;Celui qui va rendre cette loi (sur la burka) applicable, c&#8217;est moi !&#8221; (Bernard Cazeneuve; vid\u00e9o) : http:\/\/www.lcp.fr\/actualites\/interdiction-du-la-burqa-celui-qui-va-rendre-applicable-cette-loi-cest-moi-affirme\n\n-&#8220;On n&#8217;a pas su politiquement s&#8217;adapter au num\u00e9rique&#8221; (Tariq Krim, ancien vice-pr\u00e9sident du Conseil national num\u00e9rique; interrog\u00e9 par Eric Delvaux; son) : https:\/\/www.franceinter.fr\/emissions\/l-invite-du-5-7\/l-invite-du-5-7-19-octobre-2016\n\n<em>-&#8220;Le sondage qui affole le PS&#8221;<\/em> : http:\/\/tempsreel.nouvelobs.com\/politique\/election-presidentielle-2017\/20161018.OBS9975\/sondage-exclusif-pourquoi-juppe-affole-la-gauche.html\n\n<strong>-&#8220;Avez-vous entendu la d\u00e9claration insultante de Nicolas Sarkozy \u00e0 l&#8217;encontre des enseignants, accus\u00e9s de ne pas travailler. Tous ces gens ne tiendraient pas une heure devant une classe. J&#8217;ai dit depuis longtemps que tous ceux qui se revendiquent du centre se retrouveraient dans la candidature la plus proche, celle d&#8217;Alain Jupp\u00e9&#8221; (Fran\u00e7ois Bayrou, pr\u00e9sident du MoDem; interrog\u00e9 par Elizabeth Martichoux; vid\u00e9os) <\/strong> : http:\/\/www.rtl.fr\/actu\/politique\/primaire-a-droite-bayrou-sarkozy-juppe-7785347881\n\n-&#8220;Je comprends parfaitement l&#8217;\u00e9tat d&#8217;esprit de nos policiers. L&#8217;autorit\u00e9 de l&#8217;Etat n&#8217;est plus respect\u00e9e, comment voulez-vous qu&#8217;ils se sentent soutenus. Il faut attendre la fin du quinquennat pour constater qu&#8217;il n&#8217;y a pas assez de policiers et qu&#8217;il manque des places de prison. Il faut assouplir les r\u00e8gles de la l\u00e9gitime d\u00e9fense pour les policiers&#8221; (Alain Jupp\u00e9, interrog\u00e9 par Caroline Roux; vid\u00e9o) : http:\/\/www.france2.fr\/emissions\/telematin\/actu\/les-4-verites-alain-juppe_516533\n\n-&#8220;Alain Jupp\u00e9 incarne la continuit\u00e9 de Fran\u00e7ois Hollande, une ligne laxiste de centre-gauche&#8221; (Nadine Morano, eurod\u00e9put\u00e9e LR; invit\u00e9e de &#8220;Territoires d&#8217;Infos&#8221;; vid\u00e9o, amener le curseur sur 33:15) :  http:\/\/www.sudradio.fr\/Politique\/L-interview-politique\/Nadine-Morano-contre-la-ligne-laxiste-de-centre-gauche-d-Alain-Juppe\n\n-&#8220;Dans une \u00e9lection, il faut \u00eatre toujours plus soi-m\u00eame&#8221; (Bruno Le Maire, d\u00e9put\u00e9 LR de l&#8217;Eure; face \u00e0 Jean-Jacques Bourdin et aux auditeurs de RMC; vid\u00e9os) : http:\/\/www.bfmtv.com\/mediaplayer\/video\/bruno-le-maire-face-a-jean-jacques-bourdin-en-direct-877549.html                                                       http:\/\/rmc.bfmtv.com\/mediaplayer\/video\/bruno-le-maire-face-aux-auditeurs-de-rmc-dans-une-election-il-faut-etre-toujours-plus-soi-meme-877565.html\n\n<em>-Les intentions de vote \u00e0 la primaire de la droite (IFOP)<\/em> : http:\/\/www.ifop.com\/?option=com_publication&#038;type=poll&#038;id=3526\n\n<em>-Le m\u00eame (HARRIS) <\/em> : http:\/\/www.francetvinfo.fr\/politique\/les-republicains\/primaire-de-la-droite\/primaire-a-droite-juppe-maintient-son-avance-sur-sarkozy-selon-un-sondage-harris-interactive-pour-france-televisions_1880165.html#xtor=EPR\n\n<strong>-&#8220;Je suis pass\u00e9 au garage et je suis en pleine forme. Le droit de l&#8217;homme au XXIe si\u00e8cle, c&#8217;est celui de l&#8217;\u00e9nergie. Je passe 100% de mon temps \u00e0 cette question pour l&#8217;Afrique. Il n&#8217;y a pas ce qui est loin et ce qui est pr\u00e8s. Tout est interconnect\u00e9. L&#8217;ensemble des investissements, ce sont 250 milliards&#8221; (Jean-Louis Borloo; interrog\u00e9 par Audrey Crespo-Mara; vid\u00e9o) : <\/strong> http:\/\/www.lesechos.fr\/politique-societe\/societe\/0211404829136-comment-calculer-le-temps-de-travail-des-enseignants-2035909.php#xtor=EPR\n\n-&#8220;La bataille de Mossoul, je souhaite qu&#8217;elle soit d\u00e9cisive car en d\u00e9pend la s\u00e9curit\u00e9 des Fran\u00e7ais. La France a arm\u00e9 les fondamentalistes islamistes et les a install\u00e9s \u00e0 la t\u00eate de la Libye. Je ne souhaite pas \u00eatre pr\u00e9sidente du monde mais de la France. Notre diplomatie est en rupture avec ce qu&#8217;a \u00e9t\u00e9 toute la diplomatie fran\u00e7aise&#8221; (Marine Le Pen, invit\u00e9e de &#8220;Mardi Politique&#8221;; vid\u00e9o) : http:\/\/www.rfi.fr\/video\/20161018-marine-le-pen-presidente-front-national-candidate-election-presidentielle-2017\n\n-&#8220;Evidemment que nous soutenons les policiers, nous avons lanc\u00e9 une p\u00e9tition de soutien. Le ministre de l&#8217;Int\u00e9rieur a pass\u00e9 beaucoup plus de temps \u00e0 les condamner qu&#8217;\u00e0 le faire pour les d\u00e9linquants&#8221; (David Rachline, s\u00e9nateur FN du Var, directeur de campagne de Marine Le Pen; interrog\u00e9 par Jean-Pierre Elkabbach; vid\u00e9o) : http:\/\/www.europe1.fr\/emissions\/l-interview-politique\/manifestations-des-policiers-soutien-aux-forces-de-lordre-demantelement-de-la-jungle-de-calais-immigration-et-elections-americaines-david-rachline-repond-aux-questions-de-jean-pierre-elkabbach-2876891\n\n<strong>-&#8220;Moi Pr\u00e9sidente. Helen, 29 ans, est d&#8217;origine australienne. Avec Herv\u00e9 Pauchon; son)<\/strong> : https:\/\/www.franceinter.fr\/emissions\/moi-president\/moi-president-19-octobre-2016\n\n<strong>EUROPE-MONDE<\/strong>\n\n<strong>-&#8220;Face au repli, l&#8217;Europe a besoin de culture&#8221; (Philippe Herzog, pr\u00e9sident d&#8217;honneur de &#8220;Confrontations Europe&#8221;; interrog\u00e9 par Jose Manuel Lamarque; son) : <\/strong> https:\/\/www.franceinter.fr\/emissions\/meridien-d-europe\/meridien-d-europe-19-octobre-2016\n\n-L&#8217;Union europ\u00e9enne craint le retour de djihadistes venus de Mossoul. Les socialiste espagnols pr\u00eats \u00e0 laisser gouverner la droite&#8221; (Hugues Beaudoin; son) :                       http:\/\/www.radioclassique.fr\/player\/progaction\/iniPlayer\/podcast\/2016-10-18-19-08-00.html\n\n-&#8220;CETA, la Wallonie rejette le d\u00e9lai que ses partenaires voulaient lui imposer&#8221;  (Jean-Pierre Stroobants) : http:\/\/www.lemonde.fr\/europe\/article\/2016\/10\/18\/ceta-la-wallonie-rejette-le-delai-que-ses-partenaires-voulaient-lui-imposer_5016066_3214.html\n\n<strong>-&#8220;TAFTA, CETA, le commerce \u00e0 quel prix ?&#8221;. En d\u00e9bat dans &#8220;\u00c7a vous regarde&#8221; sur la cha\u00eene LCP, \u00e9mission anim\u00e9e par Arnaud Ardoin (vid\u00e9o) :<\/strong>  http:\/\/www.lcp.fr\/emissions\/ca-vous-regarde\/279239-ca-vous-regarde\n\n-&#8220;Un test de cr\u00e9dibilit\u00e9 pour les dirigeants europ\u00e9ens&#8221; (Jorge Valero) : http:\/\/www.euractiv.fr\/section\/innovation-entreprises\/news\/eu-leaders-face-credibility-test-with-ceta\/?nl_ref=23015063\n\n-Le lobby bancaire menace le renforcement de la taxe sur les transaction financi\u00e8res (C\u00e9cile Barbi\u00e8re) : http:\/\/www.euractiv.fr\/section\/euro-finances\/interview\/le-lobby-bancaire-menace-le-renforcement-de-la-ttf\/?nl_ref=23015063\n\n-400 entreprises europ\u00e9ennes demandent la fin des sanctions sur le solaire chinois (James Crisp) : http:\/\/www.euractiv.fr\/section\/energie\/news\/400-companies-ngos-demand-immediate-end-of-trade-measures-on-chinese-solar\/?nl_ref=23015063\n\n-Bruxelles et Le Caire envisagent un accord sur les migrants (Herbert Vytiska) : http:\/\/www.euractiv.fr\/section\/l-europe-dans-le-monde\/news\/eu-sounds-out-egypt-on-possible-refugee-deal\/?nl_ref=23015063\n\n-&#8220;Le d\u00e9bat sur l&#8217;exportation des technologies de surveillance s&#8217;annonce muscl\u00e9&#8221; (Catherine Stupp) :  http:\/\/www.euractiv.fr\/section\/innovation-entreprises\/news\/anti-trade-mep-put-in-charge-of-controversial-export-control-bill\/?nl_ref=23015063\n\n-&#8220;Le Brexit en embuscade au Conseil europ\u00e9en&#8221; (Aline Robert) : http:\/\/www.euractiv.fr\/section\/royaume-uni-en-europe\/news\/le-brexit-en-embuscade-au-conseil-europeen\/?nl_ref=23015063\n\n<strong>-R\u00e9f\u00e9rendum en Italie, Matteo Renzi en danger (Anthony Bellenger; son) : <\/strong> https:\/\/www.franceinter.fr\/emissions\/geopolitique\/geopolitique-19-octobre-2016\n\n-A Madrid, mutinerie dans un centre de r\u00e9tention pour \u00e9trangers : http:\/\/www.lemonde.fr\/europe\/article\/2016\/10\/19\/mutinerie-dans-un-centre-de-retention-pour-etrangers-a-madrid_5016094_3214.html\n\n-&#8220;Alep va \u00eatre an\u00e9anti par l&#8217;aviation syrienne et russe&#8221; (Hagi Hasan Brita, membre d&#8217;une d\u00e9l\u00e9gation civile syrienne re\u00e7ue \u00e0 l&#8217;Assembl\u00e9e nationale; vid\u00e9o) : http:\/\/www.lcp.fr\/la-politique-en-video\/alep-va-etre-aneanti-par-laviation-syrienne-et-russe-0\n\n<strong>-&#8220;A Mossoul, la victoire des alli\u00e9s est probable, mais \u00e0 quel prix !&#8221; (Robert Hue, au S\u00e9nat, qui souligne &#8220;le r\u00f4le irrempla\u00e7able du partenariat avec la Russie&#8221;; vid\u00e9o; en cliquant dans la colonne de droite, les autres interventions, dont celle de Michelle Demessine, s\u00e9natrice CRC du Nord) <\/strong> : http:\/\/www.md-progressistes.fr\/robert-hue-dans-le-debat-sur-la-france-et-leurope-face-a-la-crise-au-levant\/?utm_source\n\n-La Libye toujours en crise cinq ans apr\u00e8s la chute de Kadhafi (vid\u00e9o) : http:\/\/nr.news-republic.com\/Web\/ArticleWeb.aspx?regionid=2&#038;articleid=75509668\n\n<strong>-&#8220;Poutine est fr\u00e9quentable parce qu&#8217;il est incontournable et qu&#8217;il combat aussi l&#8217;islamisme radical&#8221; (Fr\u00e9d\u00e9ric Encel, docteur en g\u00e9opolitique, interrog\u00e9 par Guillaume Durand; vid\u00e9o) :  <\/strong>                   http:\/\/www.dailymotion.com\/video\/x4y2rb0_poutine-est-frequentable-car-il-est-incontournable-il-combat-aussi-l-islamisme-radical-frederic-enc_news\n\n-Crise politique en R\u00e9publique d\u00e9mocratique du Congo : http:\/\/www.lemonde.fr\/afrique\/article\/2016\/10\/19\/crise-politique-en-rdc-l-opposition-appelle-a-une-journee-villes-mortes_5016159_3212.html\n\n-Des femmes manifestent contre Trump avant le 3e d\u00e9bat t\u00e9l\u00e9vis\u00e9 (vid\u00e9o) : http:\/\/www.lci.fr\/elections-americaines\/etats-unis-a-j-19-des-femmes-manifestent-contre-donald-trump-avant-son-debat-face-a-hillary-clinton-2008419.html%3Ftype=content\n\n-Obama lui conseille &#8220;d&#8217;arr\u00eater de pleurnicher&#8221; (vid\u00e9o) : http:\/\/www.francetvinfo.fr\/monde\/usa\/presidentielle\/donald-trump\/video-barack-obama-conseille-a-donald-trump-d-arreter-de-pleurnicher_1879611.html\n\n-&#8220;Une campagne dans le caniveau&#8221; (son) : http:\/\/www.rfi.fr\/video\/20161019-une-campagne-le-caniveau-cap-maison-blanche\n\n<strong>-&#8220;Actuellement, Trump n&#8217;est pas en position de gagner. La m\u00e9fiance \u00e0 l&#8217;\u00e9gard des m\u00e9dias est tr\u00e8s forte. Les deux candidats ont un taux d&#8217;impopularit\u00e9 formidable&#8221; (Andr\u00e9 Kaspi, historien sp\u00e9cialiste des Etats-Unis, \u00e9tait l&#8217;invit\u00e9 de la matinale de France. Il a r\u00e9pondu aux questions de Patrick Cohen et des auditeurs (vid\u00e9os) <\/strong> :                                                                                                      http:\/\/www.dailymotion.com\/video\/x4y2mj8_andre-kaspi-trump-n-est-pas-en-position-de-gagner_news                                                                                                                        http:\/\/www.dailymotion.com\/video\/x4y2oad_usa2016-interactiv-avec-andre-kaspi_news\n\n-&#8220;L&#8217;enjeu latino&#8221; (Fr\u00e9d\u00e9ric Carbonne; son) : https:\/\/www.franceinter.fr\/emissions\/le-zoom-de-la-redaction\/le-zoom-de-la-redaction-19-octobre-2016\n\n-Les Etats Unis refusent de consid\u00e9rer Edward Snowden comme un lanceur d&#8217;alerte (Yolaine de la Bigne; son) : http:\/\/www.sudradio.fr\/Podcasts\/Quelle-epoque-ethique\/Faut-il-proteger-les-lanceurs-d-alerte-Reponse-au-lance-pierre-!\n\n-&#8220;Trudeau, l&#8217;homme des promesses en l&#8217;air&#8221; (Isabelle Hanne et Aude Massiot) : http:\/\/www.liberation.fr\/planete\/2016\/10\/18\/trudeau-l-homme-d-une-nouvelle-ere-et-des-promesses-en-l-air_1522782?xtor=EPR\n\n<strong>-&#8220;Face au r\u00e9chauffement climatique, il faut transformer l&#8217;agriculture&#8221; (l&#8217;organisation des Nations Unies pour l&#8217;alimentation et l&#8217;agriculture (FAO); cit\u00e9e par Sandy Dauphin; son)<\/strong> :                       https:\/\/www.franceinter.fr\/emissions\/planete-environnement\/planete-environnement-19-octobre-2016\n\n<em>-Le rapport de la FAO (document) <\/em> : http:\/\/www.fao.org\/3\/a-i6030f.pdf\n\n<em>-Son r\u00e9sum\u00e9 (document)<\/em> : http:\/\/www.fao.org\/3\/a-i6132f.pdf\n\n<strong>CULTURE-MEDIAS<\/strong>\n\n<strong>-R\u00e9gis Debray, invit\u00e9 de Fr\u00e9d\u00e9ric Tadde\u00ef dans sa nouvelle \u00e9mission &#8220;Hier, aujourd&#8217;hui, demain&#8221; (vid\u00e9o pendant 6 jours, amener le curseur sur 2:17) :<\/strong>           http:\/\/www.france2.fr\/emission\/hier-aujourdhui-demain\/diffusion-du-19-10-2016-23h40\n\n-&#8220;Les auteurs africains, grands oubli\u00e9s du Nobel de litt\u00e9rature&#8221; (Raoul Mbog) : http:\/\/www.telerama.fr\/livre\/les-auteurs-africains-grands-oublies-du-nobel,148990.php#xtor=EPR\n\n<strong>-Pour la sortie du &#8220;Guide des \u00e9gar\u00e9s&#8221;, Jean d&#8217;Ormesson, invit\u00e9 du &#8220;Club de la Presse d&#8217;Europe 1&#8221; (son)<\/strong> : http:\/\/www.europe1.fr\/emissions\/le-club-de-la-presse\/europe-soir-le-club-de-la-presse-jean-dormesson-18102016-2876540\n\n-Le troisi\u00e8me entretien d&#8217;Anne Pingeon : https:\/\/www.franceculture.fr\/emissions\/voix-nue\/anne-pingeot-la-discrete-revelee-35-anne-pingeot-la-fin-je-lui-reprochais-ses\n\n<strong>-&#8220;C&#8217;est quoi la la\u00efcit\u00e9 ?&#8221; (Jean-Louis Bianco, pr\u00e9sident de son Observatoire; vid\u00e9o) :<\/strong> http:\/\/rmc.bfmtv.com\/mediaplayer\/video\/jean-louis-bianco-nous-explique-c-est-quoi-la-laicite-877543.html\n\n-&#8220;Tous \u00e0 l&#8217;assaut de Mars&#8221; (Robin Prudent; vid\u00e9o) : http:\/\/www.francetvinfo.fr\/sciences\/espace\/video-europe-russie-etats-unis-chine-tous-a-l-assaut-de-mars_1878205.html#xtor=EPR\n\n-La mission &#8220;ExoMars&#8221; (Alice Maruani) : http:\/\/www.francetvinfo.fr\/sciences\/mars-curiosity\/l-article-a-lire-pour-comprendre-la-mission-exomars_1876823.html#xtor=EPR\n\n<strong>-Jan Woerner, directeur de l&#8217;Agence spatiale europ\u00e9enne (vid\u00e9o)<\/strong> : http:\/\/www.rfi.fr\/video\/20161019-jan-woerner-directeur-general-esa\n\n-Jusqu&#8217;au 26 f\u00e9vrier 2017, &#8220;L&#8217;Esprit du Bauhaus&#8221; au mus\u00e9e des Arts d\u00e9coratifs (Xavier de Jarcy) :                                                                                                                                                   http:\/\/www.telerama.fr\/sortir\/au-musee-des-arts-decoartifs-l-esprit-libre-du-bauhaus,107357.php#xtor=EPR\n\n-Le Festival &#8220;T\u00e9l\u00e9rama&#8221; f\u00eate ses 20 ans pendant lesquels il a distingu\u00e9 200 films : http:\/\/www.telerama.fr\/cinema\/festival-cinema-telerama-2017-votez-vos-20-films-preferes,148771.php#xtor=EPR\n\n-&#8220;Quand &#8220;Les Objets&#8221; ont repris Joe Dassin, on s&#8217;est fait allum\u00e9 par la presse rock&#8221; (J\u00e9r\u00f4me Rousseaux, alias Ignatus, ancien du groupe; propos recueillis par Fran\u00e7ois Gorin; vid\u00e9os et sons) : http:\/\/www.telerama.fr\/musique\/ignatus-quand-les-objets-ont-repris-joe-dassin-on-s-est-fait-allumer-par-la-presse-rock,148741.php#xtor=EPR-\n\n<strong>-&#8220;Echo&#8221;, le nouvel album de Lescop (Didier Varrot; vid\u00e9o) : <\/strong> https:\/\/www.franceinter.fr\/emissions\/pop-co\/pop-co-19-octobre-2016\n\n<strong>-Il \u00e9tait l&#8217;invit\u00e9 d&#8217;Augustin Trapenard (son)<\/strong> : https:\/\/www.franceinter.fr\/emissions\/boomerang\/boomerang-19-octobre-2016\n\n-Ils sont seuls en sc\u00e8ne. Profiter de la Toussaint pour aller les voir (Fabienne Pascaud et Mich\u00e8le Bourcet) : http:\/\/www.telerama.fr\/sortir\/cinq-seul-en-scene-a-ne-pas-manquer-pendant-la-toussaint,148855.php#xtor=EPR\n\n-Un graffeur \u00e0 la maison (Rossana Di Vicenzo) : http:\/\/www.telerama.fr\/sortir\/j-ai-teste-une-soiree-ou-l-on-ramene-un-graffeur-a-domicile,149003.php#xtor=EPR\n\n-&#8220;Hollande et les journalistes&#8221; au &#8220;T\u00e9l\u00e9phone sonne&#8221; de France Inter, anim\u00e9 par Nicolas Demorand (son) : https:\/\/www.franceinter.fr\/emissions\/le-telephone-sonne\/le-telephone-sonne-18-octobre-2016\n\n<strong>-&#8220;J&#8217;adore l&#8217;id\u00e9e qu&#8217;il suffit de presser un bouton pour faire r\u00eaver&#8221; (S\u00e9bastien Vidal de &#8220;TSF Jazz&#8221;; propos recueillis par Carole Lefran\u00e7ois)<\/strong> : http:\/\/www.telerama.fr\/radio\/sebastien-vidal-de-tsf-jazz-j-adore-l-idee-qu-il-suffit-de-presser-un-bouton-pour-faire-rever,148216.php#xtor=EPR\n\n<strong>-&#8220;Sur i-T\u00e9l\u00e9, la le\u00e7on de journalisme de Jean-Marc Morandini&#8221; (Samuel Gontier; vid\u00e9os) <\/strong> : http:\/\/television.telerama.fr\/television\/sur-i-tele-la-lecon-de-journalisme-de-jean-marc-morandini,148995.php#xtor=EPR\n\n-Guillaume Dubois, directeur g\u00e9n\u00e9ral de BFM-TV, nomm\u00e9 \u00e0 la t\u00eate de &#8220;l&#8217;Express&#8221; (Alexis Delcambre et Alexandre Picard) : http:\/\/www.lemonde.fr\/actualite-medias\/article\/2016\/10\/18\/guillaume-dubois-le-directeur-general-de-bfm-tv-nomme-a-la-tete-de-l-express_5016040_3236.html\n\n<strong>-&#8220;Les stars de la t\u00e9l\u00e9vision, ce ne sont pas les patrons, ce sont ceux qui la font&#8221; (Bruno Patino, directeur \u00e9ditorial d&#8217;Arte; interrog\u00e9 par Thomas Joubert; vid\u00e9o) <\/strong> :                           http:\/\/www.europe1.fr\/emissions\/l-invite-medias\/bruno-patino-les-stars-de-la-television-ce-ne-sont-pas-les-patrons-ce-sont-ceux-qui-la-font-2877233                                            \n\n-NKM, \u00e9cart\u00e9e du 2e d\u00e9bat t\u00e9l\u00e9vis\u00e9. La r\u00e9daction de i-T\u00e9l\u00e9 refuse toujours l&#8217;arriv\u00e9e de Jean-Marc Morandini (Marc Baudriller; son) : http:\/\/www.radioclassique.fr\/player\/progaction\/iniPlayer\/podcast\/la-vie-des-medias-2016-10-19-07-40-29.html\n\n-Dans &#8220;Cash Investigation&#8221;, le bras de fer entre Elise Lucet et Christian Estrosi (J\u00e9r\u00f4me Ivanitchenko; vid\u00e9o) :  http:\/\/www.europe1.fr\/emissions\/le-fait-medias-du-jour\/cash-investigation-bras-de-fer-entre-elise-lucet-et-christian-estrosi-2876978:\n\n-La strat\u00e9gie de LCI (son directeur g\u00e9n\u00e9ral Thierry Thuillier, invit\u00e9 de Thomas Joubert; vid\u00e9o) : http:\/\/www.europe1.fr\/emissions\/l-invite-medias\/thierry-thuillier-nicolas-canteloup-sera-toujours-le-bienvenue-pour-ce-type-dintervention-2875952\n\n<strong>-Fabien Yoon est devenu la vedette de la t\u00e9l\u00e9vision cor\u00e9enne. Il \u00e9tait l&#8217;invit\u00e9 de Sonia Devillers (vid\u00e9o) :<\/strong> http:\/\/www.dailymotion.com\/video\/x4y2wzg_fabien-yoon-le-petit-francais-devenu-une-star-de-la-tele-en-coree_news\n\n-&#8220;Vous recevriez Fran\u00e7ois Hollande pour un caf\u00e9 ?&#8221; (Anne Roumanoff au t\u00e9l\u00e9phone; son) : http:\/\/www.europe1.fr\/emissions\/le-canular-danne-roumanoff\/moi-je-nen-ai-rien-a-foutre-jai-pas-un-coiffeur-a-9000-euros-par-mois-2876117\n\n<strong>-Le moment Meurice (vid\u00e9o) <\/strong> : http:\/\/www.dailymotion.com\/video\/x4y4buh_au-forum-economique-france-pays-du-golfe-le-moment-meurice_fun\n\n<strong>-&#8220;Pr\u00e9sident des Etats-Unis, c&#8217;est savoir tout faire&#8221; (Nicole Ferroni; vid\u00e9o) : <\/strong> http:\/\/www.dailymotion.com\/video\/x4y2mox_president-des-etats-unis-c-est-savoir-tout-faire-le-billet-de-nicole-ferroni_fun\n\n-&#8220;Charline Vanhoenacker a rencontr\u00e9 deux supporteurs fran\u00e7ais de Donald Trump&#8221; (vid\u00e9o) : https:\/\/www.franceinter.fr\/emissions\/le-billet-de-charline-vanhoenacker\/le-billet-de-charline-vanhoenacker-19-octobre-2016\n\n-&#8220;Hommage \u00e0 Patrick Balkany&#8221; (Daniel Morin; vid\u00e9o) : https:\/\/www.franceinter.fr\/emissions\/daniel-morin-l-humeur-originale\/daniel-morin-l-humeur-originale-19-octobre-2016\n<h2 class=\"wp-block-heading\">Documents joints<\/h2>\n\n\n\n<div class=\"wp-block-file\"><a href=\"https:\/\/wp.muchomaas.com\/wp-content\/uploads\/2016\/10\/edito-23-70d.pdf\">edito-23.pdf<\/a><\/div>\n\n\n","protected":false},"excerpt":{"rendered":"<p>ACTUALITE -&#8220;Quand quelqu&#8217;un n&#8217;est pas bien, on fait tout pour l&#8217;aider&#8221; (Eric Monvoisin, ancien de Goodyear Amiens (cit\u00e9 par Licia Meysenq) : http:\/\/www.francetvinfo.fr\/economie\/emploi\/plans-sociaux\/goodyear\/quand-quelqu-un-n-est-pas-bien-on-fait-tout-pour-l-aider-la-vie-apres-goodyear_1876871.html -&#8220;La CGT d\u00e9fend ses ex-Goodyear&#8221; (Francine Aizicovici) : http:\/\/www.lemonde.fr\/economie\/article\/2016\/10\/18\/a-amiens-la-cgt-defend-ses-ex-goodyear_5015613_3234.html -&#8220;Un proc\u00e8s sous tension&#8221; (vid\u00e9o) : http:\/\/www.lci.fr\/justice\/appel-des-ex-goodyear-un-proces-sous-tension-2008410.html%3Ftype=content -Le procureur demande 24 mois de prison avec sursis (vid\u00e9o) : http:\/\/www.francetvinfo.fr\/economie\/emploi\/plans-sociaux\/goodyear\/24-mois-de-prison-avec-sursis-pour-les-huit-de-goodyear_1880253.html -&#8220;Militants syndicaux, pas criminels [&hellip;]<\/p>\n","protected":false},"author":1042,"featured_media":0,"comment_status":"open","ping_status":"open","sticky":false,"template":"","format":"standard","meta":{"_themeisle_gutenberg_block_has_review":false,"footnotes":""},"categories":[151],"tags":[],"class_list":["post-9938","post","type-post","status-publish","format-standard","hentry","category-la-revue-de-presse-de-lulu"],"_links":{"self":[{"href":"https:\/\/archives.regards.fr\/index.php?rest_route=\/wp\/v2\/posts\/9938","targetHints":{"allow":["GET"]}}],"collection":[{"href":"https:\/\/archives.regards.fr\/index.php?rest_route=\/wp\/v2\/posts"}],"about":[{"href":"https:\/\/archives.regards.fr\/index.php?rest_route=\/wp\/v2\/types\/post"}],"author":[{"embeddable":true,"href":"https:\/\/archives.regards.fr\/index.php?rest_route=\/wp\/v2\/users\/1042"}],"replies":[{"embeddable":true,"href":"https:\/\/archives.regards.fr\/index.php?rest_route=%2Fwp%2Fv2%2Fcomments&post=9938"}],"version-history":[{"count":0,"href":"https:\/\/archives.regards.fr\/index.php?rest_route=\/wp\/v2\/posts\/9938\/revisions"}],"wp:attachment":[{"href":"https:\/\/archives.regards.fr\/index.php?rest_route=%2Fwp%2Fv2%2Fmedia&parent=9938"}],"wp:term":[{"taxonomy":"category","embeddable":true,"href":"https:\/\/archives.regards.fr\/index.php?rest_route=%2Fwp%2Fv2%2Fcategories&post=9938"},{"taxonomy":"post_tag","embeddable":true,"href":"https:\/\/archives.regards.fr\/index.php?rest_route=%2Fwp%2Fv2%2Ftags&post=9938"}],"curies":[{"name":"wp","href":"https:\/\/api.w.org\/{rel}","templated":true}]}}