{"id":9936,"date":"2016-10-19T07:51:58","date_gmt":"2016-10-19T05:51:58","guid":{"rendered":"https:\/\/wp.muchomaas.com\/article-la-revue-du-19-octobre-2016\/"},"modified":"2016-10-19T07:51:58","modified_gmt":"2016-10-19T05:51:58","slug":"article-la-revue-du-19-octobre-2016","status":"publish","type":"post","link":"https:\/\/archives.regards.fr\/?p=9936","title":{"rendered":"La Revue du 19 octobre 2016"},"content":{"rendered":"<p><strong>ACTUALITE<\/strong><\/p>\n<p><strong>-&#8220;Plus on parle de dialogue social, plus on veut se passer des syndicats. \u00c7a ne ressemble pas au pays des droits de l&#8217;homme. On veut que le d\u00e9bat de la pr\u00e9sidentielle porte sur les questions qui int\u00e9ressent les salari\u00e9s. A Florange, Fran\u00e7ois Hollande a fait une op\u00e9ration de communication, \u00e0 l&#8217;inverse de la situation r\u00e9elle&#8221; (Philippe Martinez, secr\u00e9taire de la CGT; interrog\u00e9 par Guillaume Durand; son) <\/strong>  : http:\/\/www.radioclassique.fr\/player\/progaction\/initPlayer\/podcast\/linvite-du-matin-2016-10-18-07-50-30.html<\/p>\n<p>-&#8220;Le succ\u00e8s de la France sera celui du secteur marchand, \u00e0 98% des PME&#8221; (Fran\u00e7ois Asselin, pr\u00e9sident de la CGPME; interrog\u00e9 par Nicolas Pierron; vid\u00e9o) :  http:\/\/www.dailymotion.com\/video\/x4xwnzb_le-succes-de-la-france-sera-le-succes-du-secteur-marchand-a-98-des-pme-francois-asselin_news<\/p>\n<p>-L&#8217;Universit\u00e9 de Corse parie sur l&#8217;alternance pour la r\u00e9ussite de ses \u00e9tudiants (vid\u00e9o) : http:\/\/france3-regions.francetvinfo.fr\/corse\/haute-corse\/corte\/universite-corse-parie-alternance-reussite-ses-etudiants-1111185.html<\/p>\n<p>-Un lyc\u00e9e pris pour cible (vid\u00e9o) : http:\/\/www.francetvinfo.fr\/faits-divers\/violences-un-lycee-pris-pour-cible_1878701.html<\/p>\n<p><em>-La r\u00e9action de Fran\u00e7ois Asensi, d\u00e9put\u00e9-maire de Tremblay-en-France : <\/em> http:\/\/www.tremblay-en-france.fr\/fileadmin\/Fichiers\/Stockage\/Communiques\/D-161017-Lycee-H-Boucher.pdf<\/p>\n<p><strong>-&#8220;C&#8217;est le quatri\u00e8me personnel de direction agress\u00e9 en Seine-Saint-Denis en dix jours. Pour les remplacements des professeurs, ce sont des mesures annonc\u00e9es depuis 20 ans&#8221; (Philippe Tournier, secr\u00e9taire du SNPDEN; interrog\u00e9 par Dimitri Pavlenko; son)<\/strong> : http:\/\/www.sudradio.fr\/Podcasts\/L-invite-pour-comprendre\/Philippe-Tournier-proviseur-et-Secretaire-general-du-SNPDEN-UNSA<\/p>\n<p>-Les cas s&#8217;accumulent (vid\u00e9o) : http:\/\/www.lci.fr\/societe\/jt20h-violences-scolaires-les-cas-de-profs-agresses-s-accumulent-2008358.html%3Ftype=content<\/p>\n<p><strong>-&#8220;Je ne fais pas ce m\u00e9tier l\u00e0 pour me faire agresser&#8221; (Mustapha Chelouha, proviseur en Seine-Saint-Denis (vid\u00e9o) <\/strong> : http:\/\/www.francetvinfo.fr\/societe\/education\/video-un-proviseur-de-lycee-de-seine-saint-denis-agresse-par-un-eleve-temoigne-je-ne-fais-pas-ce-metier-la-pour-me-faire-agresser_1878663.html<\/p>\n<p>-&#8220;Ultime tentative du gouvernement pour pallier les absences des professeurs&#8221; (Aur\u00e9lie Collas) : http:\/\/www.lemonde.fr\/societe\/article\/2016\/10\/18\/ultime-tentative-du-gouvernement-pour-pallier-les-absences-des-professeurs_5015432_3224.html<\/p>\n<p>-Les profs moins souvent absents que les autres fonctionnaires (vid\u00e9o) : http:\/\/www.francetvinfo.fr\/societe\/education\/education-les-profs-sont-ils-souvent-absents_1877105.html<\/p>\n<p>-Le probl\u00e8me est donc ailleurs : http:\/\/www.francetvinfo.fr\/societe\/education\/education-lutter-contre-le-non-remplacement-des-professeurs_1877101.html<\/p>\n<p><strong>-Le plan de la ministre (Najat Vallaud-Belkacem, interrog\u00e9e par Elizabeth Martichoux; vid\u00e9os)<\/strong> : http:\/\/www.rtl.fr\/actu\/politique\/najat-vallaud-belkacem-son-plan-pour-les-remplacements-de-profs-absents-7785332641<\/p>\n<p><strong>-Des collaboratrices de parlementaires d\u00e9noncent le harc\u00e8lement dont elles sont victimes. Elles ont cr\u00e9\u00e9 l&#8217;association &#8220;Chair collaboratrices&#8221; (Charlotte Lestienne; son) :<\/strong> http:\/\/www.sudradio.fr\/Podcasts\/L-invite-pour-comprendre\/Charlotte-Lestienne-co-fondatrice-du-collectif-Chair-collaboratrice<\/p>\n<p><em>-Un site pour d\u00e9noncer le sexisme \u00e0 l&#8217;Assembl\u00e9e nationale et au S\u00e9nat (appel collectif)<\/em> : https:\/\/blogs.mediapart.fr\/les-invites-de-mediapart\/blog\/181016\/chaircollaboratricecom-un-site-pour-denoncer-le-sexisme-lassemblee-et-au-senat?utm_source<\/p>\n<p>-Des policiers manifestent en pleine nuit sur les Champs-Elys\u00e9e (vid\u00e9os) : http:\/\/www.francetvinfo.fr\/faits-divers\/police\/attaque-de-policiers-a-viry-chatillon\/paris-des-policiers-manifestent-en-pleine-nuit-sur-les-champs-elysees_1877711.html#xtor=EPR-2                                                            http:\/\/nr.news-republic.com\/Web\/ArticleWeb.aspx?regionid=2&#038;articleid=75405668<\/p>\n<p>-&#8220;La police craque&#8221; (des syndicalistes de la police et la secr\u00e9taire g\u00e9n\u00e9rale de la FSU dans l&#8217;\u00e9mission d&#8217;Yves Calvi sur LCI (vid\u00e9o) : http:\/\/www.lci.fr\/replay\/replay-calvi-24-heures-en-questions-du-18-octobre-2016-violences-la-police-craque-2008374.html%3Ftype=content                                                           <\/p>\n<p><strong>-&#8220;March\u00e9s publics, le grand d\u00e9rapage&#8221; (&#8220;Cash Investigation&#8221; avec Elise Lucet; vid\u00e9o) <\/strong> : http:\/\/www.francetvinfo.fr\/replay-magazine\/france-2\/cash-investigation\/cash-investigation-du-mardi-18-octobre-2016_1867355.html<\/p>\n<p>-&#8220;Quand Elise Lucet joue au pirate informatique&#8221; (&#8220;Cash Investigation&#8221;; vid\u00e9o) : http:\/\/www.francetvinfo.fr\/societe\/debats\/video-cash-investigation-microsoft-elise-lucet-joue-au-pirate-informatique_1856895.html#xtor=EPR-2<\/p>\n<p>-Vers un nouveau texte sur les pesticides (Baptiste Gaborit; son) : http:\/\/www.radioclassique.fr\/player\/progaction\/iniPlayer\/podcast\/3-minutes-pour-la-planete-2016-10-18-06-45-34.html<\/p>\n<p>-&#8220;Trop de plastiques dans nos rivi\u00e8res&#8221; (Sandy Dauphin; son) : https:\/\/www.franceinter.fr\/emissions\/planete-environnement\/planete-environnement-18-octobre-2016<\/p>\n<p>-Le r\u00e9acteur nucl\u00e9aire n\u00b0 2 de Fessenheim maintenu \u00e0 l&#8217;arr\u00eat pour cause &#8220;d&#8217;anomalie&#8221; : http:\/\/www.lemonde.fr\/energies\/article\/2016\/07\/19\/le-reacteur-numero-2-de-fessenheim-maintenu-a-l-arret-a-cause-d-une-anomalie_4971973_1653054.html#xtor=AL-32280270<\/p>\n<p>-EDF va mettre \u00e0 l&#8217;arr\u00eat cinq nouveaux r\u00e9acteurs nucl\u00e9aires &#8220;pour r\u00e9viser leurs cuves&#8221; (Jean-Michel Bezat et Pierre Le Hir) : http:\/\/www.lemonde.fr\/economie\/article\/2016\/10\/18\/edf-va-mettre-a-l-arret-cinq-reacteurs-nucleaires-pour-reviser-leurs-cuves_5015903_3234.html#xtor=AL-32280270<\/p>\n<p>-La prostitution nig\u00e9riane \u00e0 Paris (son) : http:\/\/www.sudradio.fr\/Podcasts\/Les-reportages-de-la-matinee\/Prostitution-nigeriane<\/p>\n<p><strong>-&#8220;La Manif pour tous&#8221; n&#8217;est pas repr\u00e9sentative du catholicisme aujourd&#8217;hui&#8221; (la sociologue C\u00e9line B\u00e9raud; propos recueillis par Vincent Daniel) :<\/strong> http:\/\/www.francetvinfo.fr\/societe\/mariage\/mariage-et-homoparentalite\/la-manif-pour-tous-n-est-pas-representative-du-catholicisme-aujourd-hui_1868767.html#xtor=EPR<\/p>\n<p><em>-Son \u00e9tude (document \u00e0 t\u00e9l\u00e9charger en PDF, en fran\u00e7ais et en espagnol) : <\/em> https:\/\/dialnet.unirioja.es\/servlet\/articulo?codigo=5646057<\/p>\n<p>-20 ans de r\u00e8gne du couple Dreyfus \u00e0 l&#8217;OM (vid\u00e9o) : http:\/\/www.liberation.fr\/video\/2016\/10\/17\/vingt-ans-de-regne-du-couple-louis-dreyfus-a-l-om-en-dix-dates_1522516?xtor=EPR<\/p>\n<p>-Soup\u00e7onn\u00e9 de dopage, le joueur N\u00e9o-Z\u00e9landais Dan Carter s&#8217;explique : http:\/\/www.francetvinfo.fr\/sports\/dopage\/soupconne-de-dopage-le-rugbyman-dancarter-reagit-surfranceinfo-on-savait-quon-n-avait-rien-fait-de-mal_1878695.html#xtor=EPR<\/p>\n<p><strong>-&#8220;Que s&#8217;est-il pass\u00e9 au Bataclan ?&#8221; (Matthieu Langlois, m\u00e9decin-chef du RAID; interrog\u00e9 par L\u00e9a Salam\u00e9; vid\u00e9o) <\/strong> : http:\/\/www.dailymotion.com\/video\/x4xwcfy_matthieu-langlois-repond-aux-questions-de-lea-salame_news<\/p>\n<p><strong>-&#8220;Nous sommes le pays des droits de l&#8217;homme, il faudrait s&#8217;en souvenir !&#8221; (Jacques Toubon, d\u00e9fenseur des droits; interrog\u00e9 par Thomas Sotto; vid\u00e9o) : <\/strong> http:\/\/www.europe1.fr\/emissions\/l-interview-verite\/jacques-toubon-nous-sommes-le-pays-des-droits-de-lhomme-il-faudrait-sen-souvenir-2875832<\/p>\n<p>-Le journal d&#8217;Outre-mer (Benoit Ferrand; son) : https:\/\/www.franceinter.fr\/emissions\/journal-d-outre-mer-1ere\/journal-d-outre-mer-1ere-18-octobre-2016<\/p>\n<p><strong>POLITIQUE<\/strong><\/p>\n<p><strong>-&#8220;Chez PSA, que l&#8217;Etat joue son r\u00f4le d&#8217;actionnaire pour emp\u00eacher une nouvelle saign\u00e9e. A Florange, ce site a perdu des centaines d&#8217;emplois et on y a transf\u00e9r\u00e9 des activit\u00e9s retir\u00e9es ailleurs. On ne comprend pas que la pr\u00e9sident ne se rende pas compte lui-m\u00eame qu&#8217;il ne peut pas se repr\u00e9senter. La seule chance pour la gauche, c&#8217;est se mettre d&#8217;accord sur un programme et sur une candidature. Avec Jean-Luc M\u00e9lenchon, nous avons beaucoup de propositions communes, j&#8217;esp\u00e8re qu&#8217;il r\u00e9pondra positivement \u00e0 ma proposition de rencontre&#8221; (Pierre Laurent, interrog\u00e9 par Caroline Roux; vid\u00e9o) <\/strong> : http:\/\/www.france2.fr\/emissions\/telematin\/actu\/les-4-verites-pierre-laurent_516239<\/p>\n<p><strong>-&#8220;Vouloir traduire Poutine devant la Cour internationale, c&#8217;est du bavardage. Les guerres sont des crimes organis\u00e9s, il ne faut donc pas les d\u00e9clencher ou les arr\u00eater au plus vite. Dans la guerre, la premi\u00e8re victime, c&#8217;est la v\u00e9rit\u00e9. Nous avons des diplomates impeccables, c&#8217;est le chef qui est mauvais. Les int\u00e9r\u00eats de la France, c&#8217;est que les Russes soient nos partenaires. Mes amis en Russie sont en prison. Je ne veux pas de la guerre avec la Russie. Je ne me sens pas humilier par Fran\u00e7ois Hollande, il n&#8217;en a pas les moyens. On voit bien qu&#8217;il n&#8217;est pas de gauche. Je ne vais pas \u00e0 la primaire parce que je ne respecterai pas le r\u00e9sultat. Je n&#8217;y vais pas par loyaut\u00e9. J&#8217;ai dit avant que le r\u00e9f\u00e9rendum de Notre-Dame-des Landes \u00e9tait sans valeur. Il faut abandonner ce projet qui ne sert \u00e0 rien. J&#8217;irai au proc\u00e8s des Goodyear, il faut les entourer d&#8217;affection. Si je suis \u00e9lu, le lendemain de mon \u00e9lection, ils sortiront de prison&#8221; (Jean-Luc M\u00e9lenchon, invit\u00e9 de Jean-Jacques Bourdin; vid\u00e9o) : <\/strong> http:\/\/www.bfmtv.com\/mediaplayer\/video\/jean-luc-melenchon-face-a-jean-jacques-bourdin-en-direct-877229.html<\/p>\n<p>-&#8220;Pour assurer leur remplacement, il faut plus de professeurs. Les mesures de la ministre sont bonnes. La police de proximit\u00e9 nous manque beaucoup. Dans la police, il y a une tentation d&#8217;extr\u00eame-droite. Les candidats providentiels n&#8217;ont pas \u00e9t\u00e9 des hommes providentiels. J&#8217;assume d&#8217;avoir \u00e9t\u00e9 membre d&#8217;un gouvernement qui a fait des choses positives. Je suis capable d&#8217;organiser le dialogue avec Jean-Luc M\u00e9lenchon et les \u00e9cologistes, ce n&#8217;est pas le cas pour Manuel Valls ou Fran\u00e7ois Hollande&#8221; (Beno\u00eet Hamon, d\u00e9put\u00e9 PS des Yvelines; interrog\u00e9 par Jean-Pierre Elkabbach; vid\u00e9o) : http:\/\/www.europe1.fr\/emissions\/l-interview-politique\/absence-de-professeurs-manifestation-des-policiers-division-de-la-gauche-budget-de-leducation-nationale-candidature-de-francois-hollande-et-revenu-universel-benoit-hamon-repond-aux-questions-de-jean-pierre-elkabbach-2875856<\/p>\n<p>-Manifestation de policiers, &#8220;quand on est responsable de l&#8217;ordre public, on ne peut pas se soustraire \u00e0 cet ordre public. Nous prendrons l&#8217;adversaire qui vient. Mais ils sont d&#8217;accord, il y a un programme commun \u00e0 droite pour fracasser l&#8217;ordre social. Avant les primaires nous n&#8217;avons pas de candidat&#8221; (Jean-Christophe Cambad\u00e9lis, interrog\u00e9 par Ruth Elkrief; vid\u00e9o) : http:\/\/www.bfmtv.com\/mediaplayer\/video\/jean-christophe-cambadelis-face-a-ruth-elkrief-877447.html<\/p>\n<p>-&#8220;J&#8217;aurais aim\u00e9 que ce livre sorte \u00e0 un autre moment. Manuel Valls a toujours \u00e9t\u00e9 convaincu, \u00e0 juste titre,  qu&#8217;il avait un destin en politique fran\u00e7aise. Je veux toujours la candidature de Hollande. Aucun pr\u00e9sident n&#8217;a autant respect\u00e9 la magistrature. Valls et Hollande sont les deux faces d&#8217;une m\u00eame pi\u00e8ce. Je ne suis pas s\u00fbr qu&#8217;il sera candidat&#8221; (le ministre Patrick Kanner; interrog\u00e9 par Guillaume Durand; vid\u00e9o) : http:\/\/www.dailymotion.com\/video\/x4xwok8<\/p>\n<p>-&#8220;Le bilan de ce quinquennat sera r\u00e9habilit\u00e9. A nous de le faire&#8221; (Didier Guillaume, pr\u00e9sident du groupe PS au S\u00e9nat; interrog\u00e9 par Fr\u00e9d\u00e9ric Rivi\u00e8re; vid\u00e9o) : http:\/\/www.rfi.fr\/video\/20161018-didier-guillaume-ps-le-bilan-quinquennat-sera-rehabilite-nous-le-faire<\/p>\n<p>-Face \u00e0 face Fran\u00e7ois Kalfon, porte-parole d&#8217;Arnaud Montebourg\/Geoffroy Didier, vice-pr\u00e9sident LR du Conseil r\u00e9gional d&#8217;Ile-de-France (son) : http:\/\/www.radioclassique.fr\/player\/progaction\/iniPlayer\/podcast\/2016-10-17-19-14-00.html<\/p>\n<p>-&#8220;La fausse l\u00e9gende de Fran\u00e7ois Hollande &#8220;sauveur de la Gr\u00e8ce&#8221; (Romaric Godin) : http:\/\/www.latribune.fr\/economie\/union-europeenne\/grece-francois-hollande-et-sa-fausse-legende-608394.html#xtor=EPR<\/p>\n<p>-&#8220;Le match Hollande-Valls est lanc\u00e9&#8221; (Yves Thr\u00e9ard du &#8220;Figaro&#8221;; vid\u00e9o) : http:\/\/www.europe1.fr\/emissions\/ledito-politique-dyves-threard\/primaire-du-ps-le-match-hollande-valls-est-lance-2875724<\/p>\n<p>-&#8220;Les proches de Fran\u00e7ois Hollande n&#8217;ont plus la foi&#8221; (Alba Ventura; vid\u00e9o) : http:\/\/www.rtl.fr\/actu\/politique\/les-proches-de-francois-hollande-n-ont-plus-la-foi-constate-alba-ventura-7785332296<\/p>\n<p>-&#8220;L&#8217;angoisse des parlementaires socialistes&#8221; (Thomas Legrand; son) : https:\/\/www.franceinter.fr\/emissions\/l-edito-politique\/l-edito-politique-18-octobre-2016<\/p>\n<p>-&#8220;\u00c7a va plut\u00f4t bien pour Jean-Luc M\u00e9lenchon&#8221; (Jonathan Bouchet-Petersen de &#8220;Lib\u00e9ration&#8221;; vid\u00e9o, amener le curseur sur 3:42) : http:\/\/rmc.bfmtv.com\/mediaplayer\/video\/qg-bourdin-2017-jean-luc-melenchon-est-il-le-favori-de-la-gauche-877187.html<\/p>\n<p>-&#8220;Serait-il la nouvelle tendance ?&#8221; (Christophe Barbier; vid\u00e9o) : http:\/\/www.bfmtv.com\/mediaplayer\/video\/l-edito-de-christophe-barbier-jean-luc-melenchon-serait-il-la-nouvelle-tendance-877197.html<\/p>\n<p>-&#8220;Et si c&#8217;\u00e9tait le moment M\u00e9lenchon ?&#8221; : http:\/\/www.europe1.fr\/politique\/et-si-cetait-le-moment-melenchon-2875382<\/p>\n<p>-&#8220;Vers un second tour Le Pen-M\u00e9lenchon ?&#8221; (Eric Verhaeghe) : http:\/\/eric-verhaeghe.entreprise.news\/2016\/10\/17\/vers-second-tour-pen-melenchon\/ <\/p>\n<p>-&#8220;Pour Fran\u00e7ois Hollande, la bataille du bilan est perdue, sans doute d\u00e9finitivement. Avec le livre,  il est probable qu&#8217;il ne puisse pas repartir&#8221; (Guillaume Tabard du &#8220;Figaro&#8221;; son) : http:\/\/www.radioclassique.fr\/player\/progaction\/iniPlayer\/podcast\/ledito-politique-de-guillaume-tabard-2016-10-18-08-13-34.html<\/p>\n<p>-&#8220;La sid\u00e9rurgie lorraine a un avenir&#8221; (Georges Pompidou en 1972; vid\u00e9o) : http:\/\/www.dailymotion.com\/video\/x4xs24q_la-siderurgie-lorraine-a-un-avenir-georges-pompidou-1972_news<\/p>\n<p>-&#8220;Les programmes des candidats sont d\u00e9cevants&#8221; (Jacques Attali, invit\u00e9 de &#8220;Territoires d&#8217;Infos&#8221;; vid\u00e9o, amener le curseur sur 33:27) : http:\/\/www.sudradio.fr\/Politique\/L-interview-politique\/Jacques-Attali-Les-programmes-des-candidats-sont-decevants<\/p>\n<p><strong>-&#8220;Je me reconnais dans la phrase de Mandela : &#8220;Je ne perds jamais, soit je gagne, soit j&#8217;apprends&#8221; (Nicolas Sarkozy, invit\u00e9 de la matinale de France Inter. Il a r\u00e9pondu aux questions de Patrick Cohen et des auditeurs; vid\u00e9os) : <\/strong> http:\/\/www.dailymotion.com\/video\/x4xwjxk_nicolas-sarkozy-repond-aux-questions-de-patrick-cohen_news                                                                                     http:\/\/www.dailymotion.com\/video\/x4xwt7n_nicolas-sarkozy-repond-aux-questions-des-auditeurs-de-france-inter_news<\/p>\n<p>-&#8220;On comprend le malaise des policiers. On leur demande beaucoup et ils ont le sentiment que l&#8217;Etat a perdu son autorit\u00e9. Depuis 30 ans, on a pourtant d\u00e9vers\u00e9 des milliards dans ces quartiers. Fran\u00e7ois Fillon est celui qui a le projet le plus abouti&#8221; (G\u00e9rard Larcher, pr\u00e9sident LR du S\u00e9nat sur Franceinfo; vid\u00e9o) : http:\/\/www.dailymotion.com\/video\/x4xwsve_pour-gerard-larcher-francois-fillon-est-celui-qui-a-le-projet-le-plus-abouti_news<\/p>\n<p>-&#8220;Royal apporte une caution aux ultra-violents. Je remercie Manuel Valls qui est droit dans ses bottes. Il nous faut cet a\u00e9roport&#8221; (Bruno Retailleau, pr\u00e9sident LR de la r\u00e9gion Pays-de-Loire; vid\u00e9o) : http:\/\/rmc.bfmtv.com\/mediaplayer\/video\/zad-de-notre-dame-des-landes-royal-apporte-une-caution-aux-ultra-violents-877185.html<\/p>\n<p>-&#8220;Quand une \u00e9lue monte sur sc\u00e8ne, l&#8217;humour peut-il sauver la politique ?&#8221; (Mich\u00e8le Bourcet) : http:\/\/www.telerama.fr\/sortir\/quand-une-elue-monte-sur-scene-l-humour-peut-il-sauver-la-politique,148854.php#xtor=EPR-<\/p>\n<p>-Aux derni\u00e8res rencontres de &#8220;Vent d&#8217;Ouest&#8221; (l&#8217;introduction du pr\u00e9sident Daniel Gilles) : http:\/\/danielgilles.over-blog.com\/2016\/10\/14-octobre-introduction-daniel-gilles-6.html?utm_source<\/p>\n<p>-&#8220;Fran\u00e7ois Hollande n&#8217;est pas un homme normal. Le pouvoir rend fou&#8221; (Philippe Tesson; vid\u00e9o) : http:\/\/www.dailymotion.com\/video\/x4xwpuq_francois-hollande-n-est-pas-un-homme-normal-le-pouvoir-rend-fou-philippe-tesson-18-10-2016_news<\/p>\n<p>-&#8220;Notre pays se meurt de ne plus \u00eatre command\u00e9. Nicolas Sarkozy, le verbe haut et des demi-mesures. Ma m\u00e9thode, gouverner par ordonnances&#8221; (Jean-Fran\u00e7ois Cop\u00e9, d\u00e9put\u00e9 LR de Seine-et-Marne, dans &#8220;Le Parisien&#8221;; vid\u00e9os) : http:\/\/www.leparisien.fr\/politique\/notre-pays-se-meurt-de-ne-plus-etre-commande-18-10-2016-6221271.php<\/p>\n<p>-&#8220;Mon livre est un cri d&#8217;alarme et  un chant d&#8217;amour. Si Macron n&#8217;est pas socialiste, c&#8217;est gr\u00e2ce \u00e0 Jeanne d&#8217;Arc. On ne peut pas accepter d&#8217;installer une contre-soci\u00e9t\u00e9 musulmane. Je me retrouve dans beaucoup de choses que dit Michel Onfray&#8221; (Philippe Devilliers, interrog\u00e9 par Audrey Crespo-Mara; vid\u00e9o) : http:\/\/www.lci.fr\/replay\/replay-l-invite-de-lci-matin-du-18-octobre-2016-philippe-de-villiers-2008234.html<\/p>\n<p>-&#8220;Moi Pr\u00e9sidente. Ad\u00e8le de la Ma\u00eetrise de Radio France. Avec Herv\u00e9 Pauchon; son) : https:\/\/www.franceinter.fr\/emissions\/moi-president\/moi-president-18-octobre-2016<\/p>\n<p><em>-Le barom\u00e8tre politique (ODOXA) :<\/em> http:\/\/www.odoxa.fr\/barometre-politique-popularite-de-hollande-inchangee-juppe-vainqueur-du-1er-debat-de-la-primaire\/<\/p>\n<p><strong>EUROPE-MONDE<\/strong><\/p>\n<p><strong>-&#8220;Report du vote sur le CETA, une premi\u00e8re victoire de la soci\u00e9t\u00e9 civile&#8221; (Maxime Combes) :<\/strong> https:\/\/blogs.mediapart.fr\/maxime-combes\/blog\/181016\/report-du-vote-sur-le-ceta-premiere-victoire-de-la-societe-civile?utm_source<\/p>\n<p><em>-Un site pour conna\u00eetre les r\u00e9actions :<\/em>  https:\/\/www.collectifstoptafta.org\/ <\/p>\n<p>-Les Etats membres s&#8217;attaquent au partage de l&#8217;effort climatique : http:\/\/www.euractiv.fr\/section\/climat-environnement\/news\/les-etats-membres-sattaquent-au-partage-de-leffort-climatique\/<\/p>\n<p>-Le march\u00e9 du carbone fait l\u00e9g\u00e8rement baisser les \u00e9missions en Europe (Val\u00e9ry Laram\u00e9e de Tannenberg) : http:\/\/www.euractiv.fr\/section\/climat-environnement\/news\/le-marche-du-carbone-fait-legerement-baisser-les-emissions-en-europe\/<\/p>\n<p>-Les appels \u00e0 abandonner le changement d&#8217;heure se multiplient (Herbert Vytiska) :  http:\/\/www.euractiv.fr\/section\/innovation-entreprises\/news\/killer-clocks-scientists-count-the-health-and-economic-costs-of-changing-the-time\/<\/p>\n<p><strong>-&#8220;L&#8217;Europe n&#8217;est pr\u00eate ni pour Trump ni pour Clinton&#8221; (Samuel Morgan) : <\/strong> http:\/\/www.euractiv.fr\/section\/elections\/news\/dangerously-complacent-europe-unready-for-trump-or-clinton-says-ecfr\/<\/p>\n<p><em>-L&#8217;\u00e9tude du Conseil europ\u00e9en des relations internationales (document) :<\/em> http:\/\/www.ecfr.eu\/specials\/scorecard\/flash_scorecard_us_elections<\/p>\n<p>-Quand l&#8217;ancien maire de Londres, Boris Johnson,  d\u00e9fendait l&#8217;adh\u00e9sion \u00e0 l&#8217;Union europ\u00e9enne (Hughes Beaudoin; son) : http:\/\/www.radioclassique.fr\/player\/progaction\/iniPlayer\/podcast\/2016-10-17-19-08-00.html<\/p>\n<p><strong>-&#8220;La Catalogne en qu\u00eate de soutiens \u00e0 Paris&#8221; (Carles Puigdemont, pr\u00e9sident de la r\u00e9gion, invit\u00e9 du Grand Soir 3; vid\u00e9o) :<\/strong> http:\/\/www.francetvinfo.fr\/monde\/espagne\/referendum-en-catalogne\/la-catalogne-independante-sera-un-etat-plus-viable_1877991.html<\/p>\n<p><strong>-&#8220;Lampedusa, premier refuge&#8221; (diaporama de Stefano De Luigi) : <\/strong> http:\/\/www.telerama.fr\/idees\/lampedusa-premier-refuge,148744.php#xtor=EPR<\/p>\n<p>-&#8220;Un scandale italien relance le d\u00e9bat sur le prix des m\u00e9dicaments&#8221; (Sarantis Michalopoulos) : https:\/\/www.euractiv.fr\/section\/sante-modes-de-vie\/news\/italys-pharma-scandal-heats-up-drugs-pricing-debate\/<\/p>\n<p>-La Croatie toujours en qu\u00eate de gouvernement (Damir Matkovic; son) : ttps:\/\/www.franceinter.fr\/emissions\/meridien-d-europe\/meridien-d-europe-18-octobre-2016<\/p>\n<p>-Au Mont\u00e9n\u00e9gro, le parti du premier ministre Milo Djukanovic arrive en t\u00eate ds \u00e9lections l\u00e9gislatives : http:\/\/www.euractiv.fr\/section\/l-europe-dans-le-monde\/news\/montenegro-hit-by-cyber-attacks-on-election-day\/<\/p>\n<p>-&#8220;L&#8217;Union europ\u00e9enne condamne les bombardements russes en Syrie&#8221; : http:\/\/www.euractiv.fr\/section\/all\/news\/lue-condamne-les-bombardements-russes-en-syrie\/<\/p>\n<p><strong>-Tous ensemble sur Mossoul&#8230;avec des objectifs diff\u00e9rents (Carole B\u00e9lingard) : <\/strong> http:\/\/www.francetvinfo.fr\/monde\/proche-orient\/offensive-jihadiste-en-irak\/irak-que-cherchent-les-differentes-forces-qui-veulent-chasser-l-etat-islamique-de-mossoul_1876455.html#xtor=EPR<\/p>\n<p>-Une bataille qui pourrait durer plusieurs mois (H\u00e9l\u00e8ne Sallon; vid\u00e9o) : http:\/\/www.lemonde.fr\/proche-orient\/video\/2016\/10\/17\/irak-comment-s-organise-l-offensive-pour-reprendre-mossoul_5015281_3218.html<\/p>\n<p>-&#8220;Ce sera une bataille difficile&#8221; (Barack Obama; vid\u00e9o) : http:\/\/nr.news-republic.com\/Web\/ArticleWeb.aspx?regionid=2&#038;articleid=75446871<\/p>\n<p>-L&#8217;ONU craint une catastrophe (vid\u00e9o) : http:\/\/nr.news-republic.com\/Web\/ArticleWeb.aspx?regionid=2&#038;articleid=75450474<\/p>\n<p><strong>-Le point de vue du g\u00e9n\u00e9ral Vincent Desportes, ancien directeur de l&#8217;Ecole de guerre, professeur \u00e0 Sciences Po (interrog\u00e9 par Dimitri Pavlenko; son) :  <\/strong> http:\/\/www.sudradio.fr\/Podcasts\/L-invite-pour-comprendre\/General-V.Desportes-ancien-directeur-de-l-Ecole-de-guerre<\/p>\n<p>-Quel traitement pour les civils ? Les inqui\u00e9tudes d&#8217;Amnesty International (vid\u00e9o) : http:\/\/rmc.bfmtv.com\/mediaplayer\/video\/mossoul-quel-traitement-pour-les-civils-877205.html<\/p>\n<p>-Moscou suspend les raids a\u00e9riens sur Alep &#8220;en signe de bonne volont\u00e9&#8221; (vid\u00e9o) : http:\/\/nr.news-republic.com\/Web\/ArticleWeb.aspx?regionid=2&#038;articleid=75456043<\/p>\n<p>-&#8220;Alep la syrienne et Mossoul l&#8217;irakienne&#8221; (Bernard Guetta; son) : https:\/\/www.franceinter.fr\/emissions\/geopolitique\/geopolitique-18-octobre-2016<\/p>\n<p><strong>-La diplomatie russe en Syrie (Hubert V\u00e9drine, interrog\u00e9 par Nicolas Demorand; son, amener le curseur sur 1:43) : <\/strong> https:\/\/www.franceinter.fr\/emissions\/un-jour-dans-le-monde\/un-jour-dans-le-monde-17-octobre-2016<\/p>\n<p>-La Namibie veut rayonner dans le commerce de l&#8217;uranium (Didier Assogba) : http:\/\/afrique.latribune.fr\/economie\/strategies\/2016-10-16\/nucleaire-la-namibie-veut-ryonner-dans-le-commerce-de-l-uranium.html#xtor=EPR<\/p>\n<p><strong>CULTURE-MEDIAS<\/strong><\/p>\n<p><strong>-&#8220;Passion classique&#8221; d&#8217;Olivier Bellamy recevait l&#8217;\u00e9crivain Douglas Kennedy (son) : <\/strong> http:\/\/www.radioclassique.fr\/player\/progaction\/iniPlayer\/podcast\/pour-podcast-important-fcache-2016-10-17-18-03-00.html<\/p>\n<p><strong>-Jean d&#8217;Ormesson sort &#8220;Le Guide des \u00e9gar\u00e9s&#8221;. Il est interrog\u00e9 par Ruth Elkrief (vid\u00e9o) <\/strong> : http:\/\/www.bfmtv.com\/mediaplayer\/video\/jean-d-ormesson-face-a-ruth-elkrief-877121.html<\/p>\n<p><strong>-Le deuxi\u00e8me entretien d&#8217;Anne Pingeot avec l&#8217;historien Jean-No\u00ebl Jeanneney (son) : <\/strong> https:\/\/www.franceculture.fr\/emissions\/voix-nue\/anne-pingeot-la-discrete-revelee-25-une-vie-de-musee<\/p>\n<p>-Le Louvre expose l&#8217;oeuvre du sculpteur Bouchardon (Sophie Cachon) : http:\/\/www.telerama.fr\/sortir\/bouchardon-1698-1762-une-idee-du-beau,148504.php#xtor=EPR<\/p>\n<p><strong>-Le duo Paul McCartney-Rihanna au &#8220;Desert Trip 2&#8221; (vid\u00e9o) :<\/strong> http:\/\/culturebox.francetvinfo.fr\/musique\/pop\/regardez-le-duo-paul-mccartney-et-rihanna-au-desert-trip-2-247487<\/p>\n<p>-&#8220;Slaves&#8221;, le duo rock anglais qui s&#8217;\u00e9mancipe&#8221; (propos recueillis par Jean-Baptiste Roch; vid\u00e9o) : http:\/\/www.telerama.fr\/musique\/slaves-le-duo-rock-anglais-qui-s-emancipe,148770.php#xtor=EPR<\/p>\n<p>-Avec Fran\u00e7ois Gorin, retrouver le groupe &#8220;Shack&#8221; (son) : http:\/\/www.telerama.fr\/musique\/shack-retour-aux-sources-pales,148861.php#xtor=EPR<\/p>\n<p><strong>-Apr\u00e8s 17 ans d&#8217;absence, le retour de la chanteuse Nina Morato (Didier Varrod; vid\u00e9o) :<\/strong> https:\/\/www.franceinter.fr\/emissions\/pop-co\/pop-co-18-octobre-2016<\/p>\n<p><strong>&#8220;Barrowed Time&#8221;, un court m\u00e9trage d&#8217;animation poignant, r\u00e9alis\u00e9 par deux animateurs de Pixar (Caroline Besse; vid\u00e9o \u00e0 voir ici)<\/strong> : http:\/\/www.telerama.fr\/cinema\/regardez-ce-court-metrage-poignant-realise-par-deux-animateurs-de-pixar,148860.php#xtor=EPR<\/p>\n<p>-Leonardo Di Caprio a pr\u00e9sent\u00e9 son film &#8220;Avant le d\u00e9luge&#8221; \u00e0 Paris (vid\u00e9o) : http:\/\/nr.news-republic.com\/Web\/ArticleWeb.aspx?regionid=2&#038;articleid=75406319 <\/p>\n<p>-A 75 ans, &#8220;Wonder Woman&#8221; devient ambassadrice de l&#8217;ONU (J\u00e9r\u00e9mie Maire; vid\u00e9os) : http:\/\/www.telerama.fr\/monde\/wonder-woman-icone-feministe-de-75-ans-devient-ambassadrice-de-l-onu,148896.php#xtor=EPR<\/p>\n<p>-Sur Arte, Depardieu rendosse son costume d&#8217;\u00e9picurien dans &#8220;A pleines dents&#8221; (Virginie F\u00e9lix; vid\u00e9o) : http:\/\/television.telerama.fr\/television\/a-pleines-dents-depardieu-rendosse-son-costume-d-epicurien-sur-arte,148526.php#xtor=EPR<\/p>\n<p>&#8211;<strong>L&#8217;\u00e9mission (vid\u00e9o. Bon app\u00e9tit !) <\/strong> : http:\/\/www.arte.tv\/guide\/fr\/057825-003-A\/a-pleines-dents?country=FR#collection\/PL-013677\/ARTETV<\/p>\n<p>-&#8220;Je ne sais pas si j&#8217;ai bien fait&#8221; (Anne Pingeon, toute la semaine sur France Culture; cit\u00e9e par Aude Dassonville) : http:\/\/www.telerama.fr\/radio\/je-ne-sais-pas-si-j-ai-bien-fait-anne-pingeot-se-confie-sur-france-culture,148863.php#xtor=EPR<\/p>\n<p><strong>-Sonia Devillers re\u00e7oit St\u00e9phane Malterre, r\u00e9alisateur de &#8220;Au nom du p\u00e8re, du fils et du djihad&#8221; (vid\u00e9o, avec, au d\u00e9but, la gr\u00e8ve \u00e0 i-T\u00e9l\u00e9)<\/strong> : http:\/\/www.dailymotion.com\/video\/x4xwycz_portrait-d-un-djihadiste-une-troublante-epopee-familiale-a-visage-humain_news<\/p>\n<p>-Le zapping de Canal + sera bient\u00f4t sur France 2 (Olivier Milot) : http:\/\/television.telerama.fr\/television\/le-zapping-de-canal-sera-bientot-sur-france-2,148865.php#xtor=EPR<\/p>\n<p>-&#8220;i-T\u00e9l\u00e9 en gr\u00e8ve contre le management par la terreur&#8221; (Richard S\u00e9n\u00e9joux; vid\u00e9o) : http:\/\/www.telerama.fr\/medias\/affaire-morandini-itele-en-greve-contre-le-management-par-la-terreur,148866.php#xtor=EPR-126-newsletter_tra-20161018<\/p>\n<p>-Michel Chevalet, journaliste scientifique n&#8217;a pas vot\u00e9 la gr\u00e8ve (son) : http:\/\/www.sudradio.fr\/Podcasts\/L-invite-pour-comprendre\/Michel-Chevalet-journaliste-scientifique<\/p>\n<p>-&#8220;La mobilisation des journalistes n&#8217;a rien chang\u00e9&#8221; (Marc Baudriller; son) : http:\/\/www.radioclassique.fr\/player\/progaction\/iniPlayer\/podcast\/la-vie-des-medias-2016-10-18-07-40-54.html<\/p>\n<p>-Leur gr\u00e8ve est reconduite : http:\/\/www.francetvinfo.fr\/economie\/medias\/morandini\/morandini-a-i-tele-la-redaction-vote-la-reconduction-de-la-greve-a-une-large-majorite_1877955.html#xtor=EPR<\/p>\n<p><strong>-&#8220;Cr\u00e9dibilit\u00e9&#8221; (Laurent Joffrin) <\/strong> : http:\/\/www.liberation.fr\/france\/2016\/10\/17\/credibilite_1522589?xtor=EPR-450206&#038;utm_source<\/p>\n<p>-&#8220;La M\u00e9diasph\u00e8re&#8221; de Christophe Moulin (vid\u00e9o) : http:\/\/www.lci.fr\/medias\/replay-la-mediasphere-du-18-octobre-2016-2008257.html<\/p>\n<p><strong>-Aimez-vous la danse ? (vid\u00e9o) :<\/strong> https:\/\/www.youtube.com\/watch?v=gisafTmbVd8&#038;app=desktop<\/p>\n<p>-La une du &#8220;Canard encha\u00een\u00e9&#8221; : http:\/\/www.lecanardenchaine.fr\/la-une-du-19-octobre-2016\/<\/p>\n<p><strong>-&#8220;Hollande \u00e0 Florange, l&#8217;homme qui aimait se faire du mal&#8221; (Charline Vanhoenacker; vid\u00e9o) :<\/strong> https:\/\/www.franceinter.fr\/emissions\/le-billet-de-charline-vanhoenacker\/le-billet-de-charline-vanhoenacker-18-octobre-2016<\/p>\n<p><strong>-Mon interview de Nicolas Sarkozy (Alexandre Vizorek; vid\u00e9o) : <\/strong> http:\/\/www.dailymotion.com\/video\/x4xwshz_mon-interview-de-nicolas-sarkozy-le-billet-d-alex-vizorek_fun<\/p>\n","protected":false},"excerpt":{"rendered":"<p>ACTUALITE -&#8220;Plus on parle de dialogue social, plus on veut se passer des syndicats. \u00c7a ne ressemble pas au pays des droits de l&#8217;homme. On veut que le d\u00e9bat de la pr\u00e9sidentielle porte sur les questions qui int\u00e9ressent les salari\u00e9s. A Florange, Fran\u00e7ois Hollande a fait une op\u00e9ration de communication, \u00e0 l&#8217;inverse de la situation [&hellip;]<\/p>\n","protected":false},"author":1042,"featured_media":0,"comment_status":"open","ping_status":"open","sticky":false,"template":"","format":"standard","meta":{"_themeisle_gutenberg_block_has_review":false,"footnotes":""},"categories":[151],"tags":[],"class_list":["post-9936","post","type-post","status-publish","format-standard","hentry","category-la-revue-de-presse-de-lulu"],"_links":{"self":[{"href":"https:\/\/archives.regards.fr\/index.php?rest_route=\/wp\/v2\/posts\/9936","targetHints":{"allow":["GET"]}}],"collection":[{"href":"https:\/\/archives.regards.fr\/index.php?rest_route=\/wp\/v2\/posts"}],"about":[{"href":"https:\/\/archives.regards.fr\/index.php?rest_route=\/wp\/v2\/types\/post"}],"author":[{"embeddable":true,"href":"https:\/\/archives.regards.fr\/index.php?rest_route=\/wp\/v2\/users\/1042"}],"replies":[{"embeddable":true,"href":"https:\/\/archives.regards.fr\/index.php?rest_route=%2Fwp%2Fv2%2Fcomments&post=9936"}],"version-history":[{"count":0,"href":"https:\/\/archives.regards.fr\/index.php?rest_route=\/wp\/v2\/posts\/9936\/revisions"}],"wp:attachment":[{"href":"https:\/\/archives.regards.fr\/index.php?rest_route=%2Fwp%2Fv2%2Fmedia&parent=9936"}],"wp:term":[{"taxonomy":"category","embeddable":true,"href":"https:\/\/archives.regards.fr\/index.php?rest_route=%2Fwp%2Fv2%2Fcategories&post=9936"},{"taxonomy":"post_tag","embeddable":true,"href":"https:\/\/archives.regards.fr\/index.php?rest_route=%2Fwp%2Fv2%2Ftags&post=9936"}],"curies":[{"name":"wp","href":"https:\/\/api.w.org\/{rel}","templated":true}]}}