{"id":9934,"date":"2016-10-18T07:12:06","date_gmt":"2016-10-18T05:12:06","guid":{"rendered":"https:\/\/wp.muchomaas.com\/article-la-revue-du-18-octobre-2016\/"},"modified":"2023-06-23T23:23:13","modified_gmt":"2023-06-23T21:23:13","slug":"article-la-revue-du-18-octobre-2016","status":"publish","type":"post","link":"https:\/\/archives.regards.fr\/?p=9934","title":{"rendered":"La Revue du 18 octobre 2016"},"content":{"rendered":"<strong>ACTUALITE<\/strong>\n\n<strong>-PSA remet \u00e7a (vid\u00e9o) <\/strong> : http:\/\/www.francetvinfo.fr\/economie\/emploi\/psa-malgre-les-benefices-des-suppressions-d-emplois-annoncees_1877085.html\n\n-&#8220;Expression directe&#8221; de la CGT (vid\u00e9o pendant 6 jours) : http:\/\/www.france2.fr\/emission\/4fc73882bb94783f8f000dcb\/57ec83d5706765da7f18a700\n\n-Les conditions d&#8217;attribution de l&#8217;APL sont durcies (Christian Menanteau; vid\u00e9o) :  http:\/\/www.rtl.fr\/actu\/conso\/reforme-des-apl-le-debut-de-la-fin-7785318936\n\n-D\u00e9\u00e7us par le march\u00e9 du travail, chaque ann\u00e9e, plusieurs milliers de dipl\u00f4m\u00e9s de niveau Bac+5, choisissent de se r\u00e9orienter vers des m\u00e9tiers manuels (Marine Miller) : http:\/\/www.lemonde.fr\/campus\/article\/2016\/10\/17\/pour-les-jeunes-diplomes-la-tentation-des-metiers-manuels_5014750_4401467.html\n\n-Matignon confirme l&#8217;\u00e9vacuation prochaine de la ZAD de Notre-Dame-des-Landes (R\u00e9mi Barroux) : http:\/\/www.lemonde.fr\/planete\/article\/2016\/10\/17\/matignon-confirme-une-evacuation-prochaine-de-la-zad-de-notre-dame-des-landes_5014764_3244.html\n\n-&#8220;Le bras de fer entre S\u00e9gol\u00e8ne Royal et Manuel Valls se poursuit&#8221; (Apolline de Malherbe; vid\u00e9o, amener le curseur sur 2:32) : http:\/\/rmc.bfmtv.com\/mediaplayer\/video\/qg-bourdin-2017-le-bras-de-fer-entre-segolene-royal-et-manuel-valls-sur-notre-dame-des-landes-se-poursuit-876875.html\n\n<strong>-Le sable marin est pill\u00e9 par l&#8217;homme (Yolaine de la Bigne; son) : <\/strong> http:\/\/www.sudradio.fr\/Podcasts\/Quelle-epoque-ethique\/les-marchands-de-sable-sont-passes\n\n<em>-Les Fran\u00e7ais et la part d&#8217;\u00e9lectricit\u00e9 d&#8217;origine nucl\u00e9aire (ELABE)<\/em> : http:\/\/elabe.fr\/le-nucleaire\/\n\n<em>-Les Fran\u00e7ais et l&#8217;ouverture de salles de consommation de drogues (ODOXA) : <\/em> http:\/\/www.odoxa.fr\/une-majorite-de-francais-se-montre-opposee-a-louverture-de-salles-de-shoot\/\n\n<em>-La sanction des sportifs contr\u00f4l\u00e9s positifs (ODOXA) <\/em> : http:\/\/www.odoxa.fr\/dopage-73-des-francais-favorables-a-une-suspension-a-vie\/\n\n-&#8220;Ce calendrier scolaire n&#8217;a pas de sens. Nous \u00e9tions contre. On ne nous a pas entendus&#8221;  (Herv\u00e9-Jean Le Niger, vice-pr\u00e9sident de la FCPE; son) : http:\/\/www.sudradio.fr\/Podcasts\/L-invite-pour-comprendre\/Herve-Jean-Le-Niger-vice-president-de-la-FCPE\n\n-Le casse-t\u00eate des vacances de la Toussaint (un reportage de Marie-Christine Lauriol; son) : https:\/\/www.franceinter.fr\/emissions\/grand-angle\/grand-angle-17-octobre-2016\n\n-&#8220;L&#8217;apprentissage de l&#8217;allemand reprend du poil de la b\u00eate en France : http:\/\/www.euractiv.fr\/section\/langues-culture\/news\/lapprentissage-de-lallemand-reprend-du-poil-de-la-bete-en-france\/?nl_ref=22807242\n\n-Un fichier des conducteurs de voitures non-assur\u00e9s (vid\u00e9o) : http:\/\/www.francetvinfo.fr\/societe\/securite-routiere\/automobile-les-conducteurs-non-assures-bientot-fiches_1876565.html\n\n-&#8220;Je souhaite que la distribution joue son r\u00f4le-cl\u00e9 sur les territoires&#8221; (Jean-Philippe Girard de l&#8217;industrie agro-alimentaire; interrog\u00e9 par Nicolas Pierron; vid\u00e9o) : http:\/\/www.dailymotion.com\/video\/x4xr33n_je-souhaite-que-la-distribution-joue-son-role-cle-sur-les-territoires-jean-philippe-girard-17-10-20_news\n\n-A Tremblay-en-France (93), un cocktail molotov lanc\u00e9 sur un lyc\u00e9e, la proviseure agress\u00e9e  : http:\/\/www.francetvinfo.fr\/france\/ile-de-france\/seine-saint-denis-des-cocktails-molotov-lances-sur-un-lycee-la-proviseure-agressee_1877015.html#xtor=EPR-2\n\n-&#8220;Le climat est tendu depuis la rentr\u00e9e&#8221; (Maxime Besseli\u00e8vre de la CGT \u00e9ducation) : http:\/\/www.liberation.fr\/france\/2016\/10\/17\/agression-d-une-proviseure-a-tremblay-en-france-le-climat-est-tendu-depuis-la-rentree_1522514\n\n-Visiter la Petite Ceinture de Paris (Aude Raux) : http:\/\/www.telerama.fr\/sortir\/j-ai-teste-la-passionnante-visite-de-la-petite-ceinture-de-paris,148677.php#xtor=EPR\n\n-A Calais, &#8220;un tiers des migrants veulent toujours rejoindre l&#8217;Angleterre&#8221; (vid\u00e9o) : https:\/\/www.youtube.com\/watch?v=CSrnwRYvaf8\n\n<strong>-&#8220;16 mineurs isol\u00e9s vont partir pour la Grande-Bretagne, c&#8217;est une premi\u00e8re victoire. Nous esp\u00e9rons atteindre la centaine de b\u00e9n\u00e9ficiaires en fin de semaine&#8221; (Pierre Henry, directeur g\u00e9n\u00e9ral de France Terre d&#8217;Asile; son) :<\/strong> http:\/\/www.sudradio.fr\/Podcasts\/L-invite-pour-comprendre\/Pierre-Henry-directeur-general-de-France-Terre-d-Asile2\n\n<strong>-A Sarcelles (95), un \u00e9lan de solidarit\u00e9 en faveur des migrants dans les rues de Paris (vid\u00e9o)<\/strong> : http:\/\/www.francetvinfo.fr\/monde\/europe\/migrants\/migrants-elan-de-solidarite-dans-les-cites_1876401.html\n\n<strong>-&#8220;La justice attendait des r\u00e9formes profondes&#8221; (Fr\u00e9d\u00e9ric Sicard, b\u00e2tonnier du barreau de Paris; interrog\u00e9 par Fr\u00e9d\u00e9ric Rivi\u00e8re; vid\u00e9o) :<\/strong> http:\/\/www.rfi.fr\/video\/20161017-frederic-sicard-batonnier-barreau-paris-justice-attendait-reformes-profondes\n\n<strong>POLITIQUE<\/strong>\n\n-&#8220;Pour un choix clair \u00e0 la Conf\u00e9rence nationale&#8221; du PCF (appel collectif; pi\u00e8ce jointe);\n\n-&#8220;Lettre ouverte \u00e0 Pierre Laurent&#8221; (Caro Andreani) : https:\/\/blogs.mediapart.fr\/caro-andreani\/blog\/171016\/lettre-ouverte-pierre-laurent\n\n<strong>-&#8220;M\u00e9lenchon veut ouvrir sa &#8220;France insoumise&#8221; aux d\u00e9\u00e7us de la politique&#8221; (vid\u00e9o) :<\/strong> http:\/\/www.lcp.fr\/la-politique-en-video\/2017-melenchon-reunit-ses-partisans-pour-plancher-sur-son-programme-0\n\n-&#8220;Il a vraiment lanc\u00e9 sa campagne&#8221; (Alba Ventura; vid\u00e9o) : http:\/\/www.rtl.fr\/actu\/politique\/presidentielle-2017-jean-luc-melenchon-a-vraiment-lance-sa-campagne-7785318972\n\n-&#8220;Jean-Luc M\u00e9lenchon, horizontal et vertical \u00e0 la fois&#8221; (Thomas Legrand; son) : https:\/\/www.franceinter.fr\/emissions\/l-edito-politique\/l-edito-politique-17-octobre-2016\n\n-&#8220;On a assist\u00e9 \u00e0 une d\u00e9rive droiti\u00e8re de notre ex\u00e9cutif. J&#8217;ai mal \u00e0 ma gauche&#8221; (l&#8217;ancienne ministre socialiste Dominique Bertinotti; vid\u00e9o) : http:\/\/www.francetvinfo.fr\/politique\/ps\/primaire-a-gauche\/bertinotti-ps-condamne-la-derive-droitiere-de-l-executif_1876393.html\n\n-&#8220;Une candidature de Montebourg et de M\u00e9lenchon au premier tour de la pr\u00e9sidentielle serait dangereuse pour la gauche&#8221; (Laurent Baumel, d\u00e9put\u00e9 PS d&#8217;Indre-et Loire; qui vient de d\u00e9couvrir que plus il y a de candidatures \u00e0 gauche, moins cette derni\u00e8re a de chance de se qualifier. Mais peut-\u00eatre envisage-t-il le retrait de&#8230;Montebourg qui, selon les sondages, rassemble infiniment moins que M\u00e9lenchon l&#8217;\u00e9lectorat de gauche; vid\u00e9o) :  http:\/\/www.lcp.fr\/la-politique-en-video\/baumel-ps-juge-dangereux-pour-la-gauche-une-candidature-de-montebourg-et-de\n\n-Il \u00e9tait interrog\u00e9 par Brigitte Boucher dans &#8220;Politique matin&#8221; (vid\u00e9o, amener le curseur sur 16:14; vid\u00e9o) : http:\/\/www.lcp.fr\/emissions\/politique-matin\/278970-politique-matin\n\n-Fran\u00e7ois Hollande &#8220;a un bilan honorable, il est, comme d&#8217;autres, qualifiable pour l&#8217;\u00e9lection pr\u00e9sidentielle&#8221; (Olivier Faure, d\u00e9put\u00e9 PS de Seine-et-Marne, porte-parole du Parti socialiste; vid\u00e9o) :   http:\/\/www.lci.fr\/politique\/olivier-faure-porte-parole-du-ps-sur-hollande-il-y-a-un-doute-2008036.html%3Ftype=content\n\n-&#8220;L&#8217;\u00e9cologie, c&#8217;est la solution pour la d\u00e9mocratie&#8221; (Karima Delli, candidate \u00e0 la primaire; interrog\u00e9e par Eric Delvaux; son) : https:\/\/www.franceinter.fr\/emissions\/l-invite-du-5-7\/l-invite-du-5-7-17-octobre-2016\n\n-Notre-Dame-des-Landes, &#8220;nous avions alert\u00e9 en soulignant que la consultation locale ne r\u00e8glerait rien et qu&#8217;elle  rajouterait une couche de difficult\u00e9s. Comme toujours, avec cette consultation, Fran\u00e7ois Hollande a fait de la tactique pour permettre l&#8217;entr\u00e9e d&#8217;\u00e9cologistes au gouvernement&#8221; (David Cormand, secr\u00e9taire d&#8217;EE-LV; interrog\u00e9 par Brigitte Boucher; vid\u00e9o, amener le curseur sur 29:40) : http:\/\/www.lcp.fr\/emissions\/politique-matin\/278970-politique-matin\n\n-&#8220;Florange est un succ\u00e8s&#8221; (Bruno Le Roux, pr\u00e9sident du groupe PS \u00e0 l&#8217;Assembl\u00e9e nationale, vent debout contre les propos de S\u00e9gol\u00e8ne Royal sur Notre-Dame-des-Landes; vid\u00e9o) :  http:\/\/www.francetvinfo.fr\/economie\/emploi\/plans-sociaux\/florange\/4-verites-florange-est-un-succes-assure-bruno-le-roux-ps_1876577.html\n\n-&#8220;L&#8217;usine fonctionne tr\u00e8s bien sans ses hauts fourneaux&#8221; (Michel Liebgott, d\u00e9put\u00e9 PS de Moselle; son) : http:\/\/www.rtl.fr\/actu\/societe-faits-divers\/florange-l-usine-fonctionne-tres-bien-sans-ses-hauts-fourneaux-assure-michel-liebgott-7785319453\n\n-L&#8217;interview de Fran\u00e7ois Hollande au &#8220;R\u00e9publicain Lorrain&#8221; (propos recueillis par Alain Morvan et Francis Brochet) : http:\/\/www.republicain-lorrain.fr\/france-monde\/2016\/10\/17\/francois-hollande-je-peux-entendre-les-doutes-et-les-impatiences\n\n<strong>-Son discours \u00e0 l&#8217;institut de m\u00e9tallurgie du Val de Fensch (vid\u00e9o) : <\/strong> http:\/\/www.elysee.fr\/videos\/discours-du-president-de-la-republique-a-metafensch-a-uckange\/#content\n\n-&#8220;La fermeture de Florange est et restera une blessure b\u00e9ante. A condition d&#8217;investir, le site restera d&#8217;excellence&#8221;  (Edouard Martin, eurod\u00e9put\u00e9 PS; son) : http:\/\/rmc.bfmtv.com\/mediaplayer\/video\/edouard-martin-sur-florange-la-fermeture-des-hauts-fourneaux-est-et-restera-une-blessure-beante-876883.html\n\n<strong>-&#8220;On n&#8217;a plus rien \u00e0 se dire&#8221; (Lionel Burriello, secr\u00e9taire de la CGT d&#8217;ArcelorMittal; son) :<\/strong> http:\/\/www.francetvinfo.fr\/economie\/emploi\/plans-sociaux\/florange\/visite-de-francois-hollande-a-florange-on-n-a-plus-rien-a-se-dire-estime-lesecretaire-general-de-la-cgt-au-sein-d-arcelormittal_1876503.html\n\n-&#8220;Il y a eu 629 emplois supprim\u00e9s, les personnes ont \u00e9t\u00e9 recas\u00e9es. On continue \u00e0 perdre des emplois. Il fallait nationaliser&#8221; (Walter Broccoli ancien syndicaliste FO d&#8217;Arcelor-Mittal \u00e0 Florange; son) : http:\/\/www.sudradio.fr\/Podcasts\/L-invite-pour-comprendre\/Walter-Broccoli-ex-syndicaliste-FO-d-Arcelor-Mittal-a-Florange\n\n-De retour \u00e0 Florange pour d\u00e9fendre son bilan (vid\u00e9o) : http:\/\/www.itele.fr\/france\/video\/francois-hollande-de-retour-a-florange-pour-defendre-son-bilan-171579\n\n-&#8220;Une visite \u00e0 haut risque&#8221; (vid\u00e9o) :http:\/\/www.lci.fr\/politique\/francois-hollande-en-visite-a-haut-risque-a-florange-2008020.html%3Ftype=content\n\n-&#8220;La col\u00e8re est encore l\u00e0&#8221; (vid\u00e9o) : http:\/\/rmc.bfmtv.com\/mediaplayer\/video\/hollande-a-florange-la-colere-est-encore-la-876885.html\n\n-&#8220;Il est l\u00e0 pour faire sa campagne&#8221; (vid\u00e9o) :http:\/\/www.lci.fr\/economie\/hollande-a-florange-il-est-la-pour-faire-sa-campagne-2008053.html%3Ftype=content\n\n-&#8220;Le symbole des trahisons d&#8217;un quinquennat&#8221; (Yves Thr\u00e9ard du &#8220;Figaro&#8221;; vid\u00e9o) : http:\/\/www.europe1.fr\/emissions\/ledito-politique-dyves-threard\/florange-symbole-dun-quinquennat-de-trahisons-2874812\n\n-&#8220;La bombe \u00e0 fragmentation fait son oeuvre dans la majorit\u00e9&#8221; (Laure Bretton) : http:\/\/www.liberation.fr\/france\/2016\/10\/17\/hollande-poursuit-son-operation-deminage_1522400?xtor=EPR\n\n-&#8220;J&#8217;ai beaucoup de convictions en faveur de Fran\u00e7ois Hollande. A Florange, les promesses ont \u00e9t\u00e9 tenues&#8221; (le secr\u00e9taire d&#8217;Etat Christian Eckert, invit\u00e9 de la matinale de France Inter; vid\u00e9o) :  http:\/\/www.dailymotion.com\/video\/x4xqxdy_christian-eckert-repond-aux-questions-de-patrick-cohen_news\n\n-Il a r\u00e9pondu aux questions des auditeurs (vid\u00e9o) : http:\/\/www.dailymotion.com\/video\/x4xr22u_christian-eckert-repond-aux-questions-des-auditeurs-de-france-inter_news\n\n-&#8220;La lente agonie politique de Fran\u00e7ois Hollande&#8221; (No\u00ebl Mam\u00e8re, d\u00e9put\u00e9 \u00e9cologiste de Gironde) : https:\/\/blogs.mediapart.fr\/noel-mamere\/blog\/171016\/la-lente-agonie-politique-de-francois-hollande?utm_source=global&#038;utm_medium=social&#038;utm_campaign\n\n<strong>-&#8220;Je suis d\u00e9\u00e7u que Macron mettent autant de temps \u00e0 accoucher d&#8217;une vision. L&#8217;impopularit\u00e9 n&#8217;est pas le r\u00e9sultat d&#8217;un \u00e9chec, elle est une marque de l&#8217;impuissance d&#8217;aujourd&#8217;hui. Fran\u00e7ois Hollande n&#8217;ira pas s&#8217;il sent qu&#8217;il peut \u00eatre humili\u00e9, battu \u00e0 la primaire&#8221; (Jacques Attali; interrog\u00e9 par Jean-Jacques Bourdin; vid\u00e9o) <\/strong> : http:\/\/www.bfmtv.com\/mediaplayer\/video\/jacques-attali-face-a-jean-jacques-bourdin-en-direct-876887.html\n\n<em>-Les Fran\u00e7ais, la candidature de Fran\u00e7ois Hollande, l&#8217;ad\u00e9quation des candidats avec les valeurs de la gauche (IFOP)<\/em> : http:\/\/www.ifop.com\/?option=com_publication&#038;type=poll&#038;id=3523\n\n<em>-Leurs attentes en mati\u00e8re de gouvernance (IFOP) :<\/em> http:\/\/www.ifop.com\/?option=com_publication&#038;type=poll&#038;id=3524\n\n-&#8220;Nous n&#8217;avons pas d\u00e9cid\u00e9 de soutenir Alain Jupp\u00e9 par anti-sarkozisme&#8221; (Jean-Christophe Lagarde, pr\u00e9sident de l&#8217;UDI; face \u00e0 Guillaume Durand; vid\u00e9o) : http:\/\/www.dailymotion.com\/video\/x4xr3o2\n\n-&#8220;A Notre-Dame-des-Landes, je respecterai la loi et la volont\u00e9 populaire. Je ferai \u00e9vacuer. Le changement, c&#8217;est la confiance&#8221; (Alain Jupp\u00e9, invit\u00e9 de la matinale d&#8217;Europe 1; interrog\u00e9 par Thomas Sotto; vid\u00e9o) : http:\/\/www.europe1.fr\/emissions\/l-interview-verite\/notre-dame-des-landes-manif-pour-tous-debat-fonction-publique-poste-de-premier-ministre-et-jacques-chirac-alain-juppe-repond-aux-questions-de-thomas-sotto-2874980\n\n-&#8220;L&#8217;offensive de Mossoul est n\u00e9cessaire. La France a raison de participer \u00e0 la coalition. Notre pays est marginalis\u00e9 par la Russie et les Etats Unis, preuve suppl\u00e9mentaire de son affaiblissement&#8221; (Il a r\u00e9pondu aux questions de Jean-Pierre Elkabbach; vid\u00e9o) : http:\/\/www.europe1.fr\/emissions\/l-interview-politique\/politique-internationale-primaire-ouverte-bilan-du-quinquennat-politique-industrielle-et-profil-dalain-juppe-president-alain-juppe-repond-aux-questions-de-jean-pierre-elkabbach-2875016\n\n-&#8220;Je ne suis le poisson-pilote de personne&#8221; (Fr\u00e9d\u00e9ric Poisson, d\u00e9put\u00e9 des Yvelines, r\u00e9pondait aux questions de Micha\u00ebl Darmon et des t\u00e9l\u00e9spectateurs; vid\u00e9o) : http:\/\/www.itele.fr\/chroniques\/invite-michael-darmon\/le-candidat-a-la-primaire-de-droite-jean-frederic-poisson-face-aux-francais-171583\n\n-&#8220;Un papa, une maman et &#8220;un Poisson pr\u00e9sident&#8221; (Amandine Cailhol) : http:\/\/www.liberation.fr\/france\/2016\/10\/16\/la-manif-pour-tous-un-papa-une-maman-et-un-poisson-president_1522376?xtor=EPR\n\n<strong>-&#8220;Une marche en arri\u00e8re&#8221; (Nicolas Domenach; vid\u00e9o) :<\/strong>    http:\/\/www.rtl.fr\/actu\/societe-faits-divers\/la-manif-pour-tous-opere-une-marche-en-arriere-selon-nicolas-domenach-7785319412\n\n<em>-L&#8217;opinion des Fran\u00e7ais (IFOP<\/em>) : http:\/\/www.ifop.com\/?option=com_publication&#038;type=poll&#038;id=3525\n\n-&#8220;Pour Marine Le Pen, Nicolas Sarkozy a d\u00e9j\u00e0 perdu&#8221; (Nathalie Schuck du &#8220;Parisien&#8221;; son) : https:\/\/www.franceinter.fr\/emissions\/histoires-politiques\/histoires-politiques-17-octobre-2016\n\n-&#8220;Hollande n&#8217;a rien fait pour la sid\u00e9rurgie fran\u00e7aise&#8221; (Florian Philippot, eurod\u00e9put\u00e9 FN; invit\u00e9 de &#8220;Territoires d&#8217;Infos&#8221;; vid\u00e9o, amener le curseur sur 33:02) : http:\/\/www.sudradio.fr\/Politique\/L-interview-politique\/F.-Philippot-Hollande-n-a-rien-fait-pour-la-siderurgie-francaise\n\n-&#8220;Nous demandons que les Fran\u00e7ais jugent nos propositions, pas leur caricature&#8221; (David Rachline, directeur de campagne de Marine Le Pen; interrog\u00e9 par Jean-Michel Apathie; vid\u00e9o) :  http:\/\/www.dailymotion.com\/video\/x4xrb6b_david-rachline-demande-que-les-francais-jugent-les-propositions-du-fn-pas-la-caricature_news\n\n-&#8220;Moi Pr\u00e9sident. Anne, 59 ans de &#8220;la Manif pour tous&#8221;. Avec Herv\u00e9 Pauchon (son) : https:\/\/www.franceinter.fr\/emissions\/moi-president\/moi-president-17-octobre-2016\n\n<em>-Le barom\u00e8tre de l&#8217;action politique (IPSOS) :<\/em> http:\/\/www.ipsos.fr\/decrypter-societe\/2016-10-17-popularite-alain-juppe-conforte-son-statut-leader-politique-prefere-francais\n\n<strong>EUROPE-MONDE<\/strong>\n\n<strong>-&#8220;CETA, TAFTA, m\u00eame combat ? (d\u00e9bat sur Mediapart; vid\u00e9o) : <\/strong> https:\/\/www.youtube.com\/watch?v=JABg2Tux2a8&#038;feature=youtu.be\n\n-&#8220;March\u00e9 unique num\u00e9rique contre secret des affaires&#8221; (Fr\u00e9d\u00e9ric Simon) :  http:\/\/www.euractiv.fr\/section\/innovation-entreprises\/news\/eu-struggles-for-balance-on-free-flow-of-business-data\/?nl_ref=22807242\n\n<strong>-&#8220;L&#8217;opinion publique p\u00e8se sur la gestion des biocarburants&#8221; (Marie Donnelly, directrice \u00e0 la Direction g\u00e9n\u00e9rale Energie; cit\u00e9e par Sarantis Michalopoulos) : <\/strong> http:\/\/www.euractiv.fr\/section\/energie\/news\/commission-admits-policing-biofuels-according-to-public-opinion\/?nl_ref=22807242\n\n-&#8220;Le Parlement europ\u00e9en d\u00e9marre un bras de fer sur le budget 2017-2020&#8221; (Aline Robert) : http:\/\/www.euractiv.fr\/section\/euro-finances\/news\/le-parlement-europeen-demarre-un-bras-de-fer-sur-le-budget-2017-2020\/?nl_ref=22807242\n\n-Le nouveau Frontex &#8220;change la donne&#8221; (Georgi Gotev) : http:\/\/www.euractiv.fr\/section\/all\/news\/leggeri-revamped-frontex-will-be-game-changer\/?nl_ref=22807242\n\n-&#8220;Michel Barnier appelle \u00e0 mutualiser l&#8217;effort de d\u00e9fense en Europe&#8221; (Aline Robert) : http:\/\/www.euractiv.fr\/section\/priorites-ue-2020\/news\/michel-barnier-appelle-a-mutualiser-leffort-de-defense-en-europe\/?nl_ref=22807242\n\n-La Cour des comptes fran\u00e7aise attaque bille en t\u00eate la taxe de solidarit\u00e9 europ\u00e9enne, &#8220;qui p\u00e9naliserait Air France&#8221; (C\u00e9cile Barbi\u00e8re) : http:\/\/www.euractiv.fr\/section\/aide-au-developpement\/news\/la-cour-des-comptes-attaque-bille-en-tete-la-taxe-de-solidarite\/?nl_ref=22807242\n\n-&#8220;Mercredi, l&#8217;Europe va-t-elle r\u00e9ussir \u00e0 atterrir sur Mars ?&#8221; (vid\u00e9o) : http:\/\/www.lemonde.fr\/cosmos\/article\/2016\/10\/16\/dans-trois-jours-un-appareil-europeen-devrait-se-poser-sur-mars_5014662_1650695.html\n\n-La Wallonie, seule contre le CETA : http:\/\/www.euractiv.fr\/section\/innovation-entreprises\/news\/belgian-region-of-wallonia-blocks-eu-canada-trade-deal\/?nl_ref=22807242\n\n-&#8220;Face au Britanniques, on ne peut pas dissocier les diff\u00e9rents types de libert\u00e9s en Europe&#8221; (Guy Verhofstadt, n\u00e9gociateur du Brexit pour l&#8217;Union europ\u00e9enne; vid\u00e9o) : http:\/\/nr.news-republic.com\/Web\/ArticleWeb.aspx?regionid=2&#038;articleid=75333893\n\n<em>-Le regard des Fran\u00e7ais sur l&#8217;Europe (IFOP) <\/em> : http:\/\/www.ifop.com\/?option=com_publication&#038;type=poll&#038;id=3522\n\n<strong>-Proc\u00e8s Monsanto, &#8220;Th\u00e9o,  9 ans, op\u00e9r\u00e9 50 fois&#8230;et les autres&#8221; (Coralie Schaub) :<\/strong> http:\/\/www.liberation.fr\/planete\/2016\/10\/16\/proces-monsanto-theo-9-ans-opere-50-fois-et-les-autres_1522366?xtor=EPR\n\n-&#8220;Pour son deuxi\u00e8me congr\u00e8s, Alexis Tsipras a tent\u00e9 de redonner du souffle \u00e0 Syriza&#8221; (Fabien Perrier) : http:\/\/www.liberation.fr\/planete\/2016\/10\/16\/tsipras-croit-encore-en-l-etat-de-grece_1522364?xtor=EPR\n\n<strong>-5 000 n\u00e9onazis r\u00e9unis en Suisse (C\u00e9line Z\u00fcnd) <\/strong> : https:\/\/www.letemps.ch\/suisse\/2016\/10\/17\/5000-neonazis-reunis-suisse?utm_source\n\n-&#8220;Avec Dabiq en Syrie, Daesh perd la ville symbole de sa propagande&#8221; (Madjid Zerrouky; vid\u00e9os) : http:\/\/www.lemonde.fr\/djihad-online\/article\/2016\/10\/16\/avec-dabiq-l-etat-islamique-perd-la-ville-symbole-de-sa-propagande_5014638_4864102.html\n\n<strong>-&#8220;Aux c\u00f4t\u00e9s des forces kurdes engag\u00e9es dans la bataille de Mossoul&#8221; (vid\u00e9o) : <\/strong> http:\/\/www.francetvinfo.fr\/monde\/proche-orient\/offensive-jihadiste-en-irak\/video-irak-aux-cotes-des-forces-kurdes-lancees-dans-la-bataille-de-mossoul_1876595.html\n\n-&#8220;Pourquoi avoir tant attendu ?&#8221; (Anthony Bellanger; son) : https:\/\/www.franceinter.fr\/emissions\/geopolitique\/geopolitique-17-octobre-2016\n\n<strong>-&#8220;Nous nous pr\u00e9parons \u00e0 un flux de d\u00e9plac\u00e9s&#8221; (Fr\u00e9d\u00e9ric de Saint-Sernin, directeur de l&#8217;ONG Acted (son) <\/strong> : http:\/\/www.rtl.fr\/actu\/international\/nous-nous-preparons-a-un-flux-de-deplaces-depuis-mossoul-raconte-frederic-de-saint-sernin-7785323568\n\n-Les risques d&#8217;enlisement (Luis Lema) : https:\/\/www.letemps.ch\/monde\/2016\/10\/17\/mossoul-interets-tres-divergents-coalition-craindre-pire?utm_source\n\n-&#8220;Rien de ce qui se passe \u00e0 Alep n&#8217;est acceptable&#8221; (Jean-Marc Ayrault; cit\u00e9 par Sonia Delesalle-Stolper) : http:\/\/www.liberation.fr\/planete\/2016\/10\/16\/ayrault-rien-de-ce-qui-se-passe-a-alep-n-est-acceptable_1522397?xtor=EPR\n\n-&#8220;Depuis trente ans, on a tort de sous-estimer la Russie. Ils sont les seuls \u00e0 faire le boulot&#8221; (Luc Ferry; vid\u00e9o) : http:\/\/www.dailymotion.com\/video\/x4xr4c8_sans-poutine-nous-aurions-encore-daesh-sur-le-dos-luc-ferry-17-10-2016_news\n\n<strong>-Le point de vue d&#8217;H\u00e9l\u00e8ne Carr\u00e8re d&#8217;Encausse, secr\u00e9taire perp\u00e9tuelle de l&#8217;Acad\u00e9mie fran\u00e7aise,  qui estime &#8220;que l&#8217;on a une vision caricaturale de Poutine&#8221; (interrog\u00e9e par  Audrey Crespo-Mara; vid\u00e9o) :<\/strong> http:\/\/www.lci.fr\/politique\/replay-l-invite-politique-du-17-octobre-2016-helene-carrere-d-encausse-1-2008068.html\n\n-&#8220;L&#8217;erreur de Hollande (Jacques Hubert-Rodier) : http:\/\/www.lesechos.fr\/idees-debats\/editos-analyses\/0211380865885-lerreur-de-hollande-2034272.php#\n\n-Au Nigeria, l&#8217;insurrection de la secte Boko Haram (vid\u00e9o) : http:\/\/nr.news-republic.com\/Web\/ArticleWeb.aspx?regionid=2&#038;articleid=75304059\n\n-&#8220;Les paris, une passion dangereuse au Kenya&#8221; (Bob Koigi) : http:\/\/www.euractiv.fr\/section\/l-europe-dans-le-monde\/news\/kenyas-betting-craze-leaves-trail-of-destruction\/?nl_ref=22807242\n\n-&#8220;L&#8217;\u00e9poque ou Hillary Clinton et Donald Trump \u00e9taient complices&#8221; (Val\u00e9rie de Graffenried) : https:\/\/www.letemps.ch\/monde\/2016\/10\/16\/lepoque-donald-trump-hillary-clinton-complices?utm_source\n\n-Les dissensions se multiplient au sein du Parti r\u00e9publicain : http:\/\/www.lemonde.fr\/elections-americaines\/article\/2016\/10\/17\/presidentielle-americaine-j-22-les-dissensions-se-multiplient-au-sein-du-parti-republicain_5014740_829254.html\n\n-Les puissances \u00e9mergentes (BRICS) r\u00e9clament leur agence de notation (Marie de Verg\u00e8s) : http:\/\/www.lemonde.fr\/economie-mondiale\/article\/2016\/10\/17\/les-brics-reclament-leur-agence-de-notation_5014710_1656941.html\n\n<strong>-&#8220;Pour la troisi\u00e8me fois en dix mois, un accord international contraignant sur le climat&#8221; (Val\u00e9rie Laram\u00e9e de Tannenberg) :<\/strong> http:\/\/www.journaldelenvironnement.net\/article\/troisieme-accord-majeur-sur-le-climat,75678\n\n-Vers l&#8217;\u00e9limination des gaz r\u00e9frig\u00e9rants HFC (Nathalie Fontrel; son) : https:\/\/www.franceinter.fr\/emissions\/planete-environnement\/planete-environnement-17-octobre-2016\n\n<strong>CULTURE-MEDIAS<\/strong>\n\n<strong>-&#8220;Mort et r\u00e9surection du 17 octobre 1961 (l&#8217;historien Benjamin Stora) : <\/strong> \nhttp:\/\/www.monde-diplomatique.fr\/mav\/82\/STORA\/56309\n\n<strong>-&#8220;Octobre \u00e0 Paris&#8221;, le film longtemps interdit de Jacques Panijel (version int\u00e9grale; vid\u00e9os) :<\/strong>  https:\/\/rutube.ru\/video\/283b117c5bb0c396ef343505b282208c\/?pl_type=user&#038;pl_id=1047074                                                                https:\/\/rutube.ru\/video\/de9240a6163dbaae194284f929100085\/\n\n<strong>-&#8220;On a beau avoir une sant\u00e9 de fer, on finit toujours par rouiller&#8221; (Jacques Pr\u00e9vert, entour\u00e9 de beaucoup d&#8217;amis; son)<\/strong> : http:\/\/www.franceculture.fr\/emissions\/les-nuits-de-france-culture\/jacques-prevert-beau-avoir-une-sante-de-fer-finit-toujours-par\n\n<strong>-Anne Pingeon a accord\u00e9 un entretien \u00e0 l&#8217;historien Jean-No\u00ebl Jeanneney (la premi\u00e8re partie et la suite chaque jour de la semaine; son) <\/strong> :                                                                http:\/\/www.franceculture.fr\/histoire\/anne-pingeot-se-confie-lhistorien-jean-noel-jeanneney\n\n<strong>-Dernier jour pour regarder ici &#8220;OGM-Mensonges et v\u00e9rit\u00e9s&#8221; de Fr\u00e9d\u00e9ric Castaign\u00e8de (vid\u00e9o) <\/strong> :  http:\/\/television.telerama.fr\/television\/regardez-ogm-mensonges-et-verites-de-frederic-castaignede,148738.php#xtor=EPR\n\n-&#8220;Portrait politique d&#8217;une France sans boussole&#8221; (Gilles Finchelstein, directeur de la Fondation Jean-Jaur\u00e8s et Julien Vaulpr\u00e9, directeur du cabinet Taddeo; entretien r\u00e9alis\u00e9 par C\u00e9cile Cornudet et Pascal Pogam) : http:\/\/www.lesechos.fr\/politique-societe\/politique\/0211377718001-julien-vaulpre-portrait-politique-dune-france-sans-boussole-2033983.php#xtor=EPR\n\n-&#8220;La crise politique turque repr\u00e9sente une grande menace pour les artistes&#8221; (la com\u00e9dienne Defne Halman; propos recueillis par Lucile Moy) : http:\/\/www.telerama.fr\/scenes\/la-crise-politique-turque-represente-une-grande-menace-pour-les-artistes,148747.php#xtor=EPR\n\n<strong>-Jusqu&#8217;au 26 f\u00e9vrier 2017, Bernard Buffet au Mus\u00e9e d&#8217;Art moderne de la ville de Paris (Val\u00e9rie Oddos)<\/strong> : http:\/\/culturebox.francetvinfo.fr\/expositions\/peinture\/bernard-buffet-une-celebrite-meconnue-rehabilitee-au-musee-d-art-moderne-247485\n\n-&#8220;Le jour o\u00f9 le peintre Dado s&#8217;est lib\u00e9r\u00e9 du march\u00e9 de l&#8217;art&#8221; (jusqu&#8217;au 5 novembre \u00e0 la galerie Margaron \u00e0 Paris; Olivier Cena) : http:\/\/www.telerama.fr\/sortir\/le-jour-ou-dado-s-est-libere-du-marche-de-l-art,148503.php#xtor=EPR\n\n-Au Palais de Tokyo jusqu&#8217;au 18 d\u00e9cembre, l&#8217;exposition Tino Seghal laisse carte blanche au visiteur (Elisabeth Franck-Dumas) : http:\/\/next.liberation.fr\/arts\/2016\/10\/16\/tino-sehgal-carte-blanche-au-visiteur_1522347?xtor=EPR-\n\n<strong>-L&#8217;\u00e9lectrom\u00e9canomaniaque d&#8217;Aubervilliers (93) Gilbert Peyre expose \u00e0 la halle Saint Pierre jusqu&#8217;au 26 f\u00e9vrier 2017 (Thierry Voisin; vid\u00e9o) <\/strong> : http:\/\/www.telerama.fr\/sortir\/gilbert-peyre-ce-genie-du-bricolage-qui-bidouille-des-oeuvres-d-art,148686.php#xtor=EPR\n\n-Jusqu&#8217;au 22 octobre, au Centquatre \u00e0 Paris, &#8220;La For\u00eat qui marche&#8221; de Christiane Jatahi (Fabienne Pascaud) : http:\/\/www.telerama.fr\/sortir\/la-sanglante-ascension-de-la-foret-qui-marche,148510.php#xtor=EPR\n\n<strong>-&#8220;La solidarit\u00e9 est totalement absente aux Etats-Unis&#8221; (Matt Ross, le r\u00e9alisateur de &#8220;Captain Fantastic&#8221;; propos recueillis par J\u00e9r\u00e9mie Couston; vid\u00e9o) : <\/strong> http:\/\/www.telerama.fr\/cinema\/matt-ross-realisateur-de-captain-fantastic-la-solidarite-est-totalement-absente-aux-etats-unis,148775.php#xtor=EPR\n\n-John Hull, th\u00e9ologien devenu aveugle \u00e0 45 ans qui a inspir\u00e9 le documentaire &#8220;Notes au Blindness&#8221; de James Spinney et Peter Middleton (la documentaliste belge Marie Mandy; entretien r\u00e9alis\u00e9 par H\u00e9l\u00e8ne Rochette; vid\u00e9os) : http:\/\/television.telerama.fr\/television\/voir-sans-les-yeux-la-cecite-filmee-au-plus-pres-des-sensations,148608.php#xtor=EPR\n\n-Le film \u00e9gyptien &#8220;Clash&#8221;, grand prix du Festival du film arabe de Fameck (vid\u00e9os) : http:\/\/culturebox.francetvinfo.fr\/cinema\/evenements\/le-huis-clos-egyptien-clash-grand-prix-du-festival-du-film-arabe-de-fameck-247435#xtor=EREC\n\n-&#8220;D&#8217;Ardennen&#8221;, premier long m\u00e9trage du belge Robin Pront, prim\u00e9 au Festival &#8220;Polar&#8221; de Cognac (vid\u00e9o) : http:\/\/culturebox.francetvinfo.fr\/cinema\/d-ardennen-premier-long-metrage-du-belge-robin-pront-prime-au-festival-polar-247445#xtor=EREC\n\n-La restauration de films, &#8220;retrouver l&#8217;esth\u00e9tique tout en respectant l&#8217;oeuvre originelle&#8221; : http:\/\/culturebox.francetvinfo.fr\/cinema\/la-restauration-de-films-retrouver-l-esthetique-tout-en-respectant-l-oeuvre-247439#xtor=EREC\n\n<strong>-La symphonie n\u00b0 3 &#8220;H\u00e9ro\u00efque&#8221; de Beethoven par l&#8217;Orchestre Insula \u00e0 la Philharmonique de Paris (vid\u00e9o int\u00e9grale) <\/strong> : http:\/\/culturebox.francetvinfo.fr\/live\/musique\/musique-classique\/beethoven-heroique-par-insula-orchestra-a-la-philharmonie-235681#xtor=EREC\n\n<strong>-Dans la m\u00eame salle, &#8220;Lucio Sylla&#8221; de Mozart sous la direction de Laurence Equilbey <\/strong> : http:\/\/culturebox.francetvinfo.fr\/festivals\/insula-orchestra-laurence-equilbey\/lucio-silla-de-mozart-a-la-philharmonie-de-paris-237999#xtor=EREC\n\n-&#8220;Noir D\u00e9sir&#8221; \u00e9tait vraiment un cas \u00e0 part&#8221; (l&#8217;ancien guitariste du groupe Serge Teyssot-Gay; propos recueillis par Eric Delhaye; vid\u00e9o) : http:\/\/www.telerama.fr\/sortir\/serge-teyssot-gay-noir-desir-etait-vraiment-un-cas-a-part,148681.php#xtor=EPR\n\n-&#8220;La messe noire de &#8220;Depeche Mode&#8221; et autres ph\u00e9nom\u00e8nes&#8221; (Laurent Rigoulet; vid\u00e9o) :  http:\/\/www.telerama.fr\/musique\/les-messes-noires-de-depeche-mode-et-autres-phenomenes,148755.php#xtor=EPR\n\n<strong>-&#8220;Eperluette&#8221;, le nouvel album de Julien Dor\u00e9 (Didier Varrot; vid\u00e9o) : <\/strong> https:\/\/www.franceinter.fr\/emissions\/pop-co\/pop-co-17-octobre-2016\n\n-Chantal Thomass au Crazy Horse (St\u00e9phane Hilarion; vid\u00e9o) : http:\/\/culturebox.francetvinfo.fr\/scenes\/dessous-dessus-le-dernier-spectacle-du-crazy-horse-griffe-chantal-thomass-247425#xtor=EREC\n\n-Pierre Eteix, le ma\u00eetre du gag visuel (Patrick Cohen; vid\u00e9o) : https:\/\/www.franceinter.fr\/emissions\/le-7h43\/le-7h43-17-octobre-2016\n\n<strong>-&#8220;Le sort de la presse \u00e9crite m&#8217;attriste&#8221; (Claude Perdriel, ancien propri\u00e9taire du &#8220;Nouvel Observateur&#8221;; interrog\u00e9 par L\u00e9a Salam\u00e9; vid\u00e9o) :<\/strong> https:\/\/www.franceinter.fr\/emissions\/l-invite-de-7h50\/l-invite-de-7h50-17-octobre-2016\n\n<strong>-&#8220;Impact et parti pris des m\u00e9dias am\u00e9ricains dans la campagne de l&#8217;\u00e9lection pr\u00e9sidentielle&#8221; (Sonia Devillers recevait les journalistes Jean Lesieur et Dominique Pradali\u00e9; vid\u00e9o) <\/strong> : http:\/\/www.dailymotion.com\/video\/x4xr8u2_election-presidentielle-impact-et-parti-pris-des-medias-americains_news\n\nEn VOD et DVD (Samuel Duhaire; vid\u00e9os) : http:\/\/www.telerama.fr\/cinema\/cinema-a-la-carte-une-balade-au-bois-un-prince-romantique-et-des-flambeurs,148703.php#xtor=EPR\n\n-&#8220;Mon mod\u00e8le, c&#8217;est Jacques Chancel&#8221; (Mouloud Achour; propos recueillis par Lucas Armati; vid\u00e9os) : http:\/\/television.telerama.fr\/television\/mouloud-achour-mon-modele-c-est-jacques-chancel,148451.php#xtor=EPR\n\n-Morandini, &#8220;la direction d&#8217;i-T\u00e9l\u00e9 \u00e0 deux doigts de craquer&#8221; (Alexandre Hervaud) : http:\/\/www.liberation.fr\/futurs\/2016\/10\/16\/morandini-la-redaction-d-i-tele-a-deux-doigts-de-craquer_1522304?xtor=EPR\n\n-La r\u00e9daction vote la gr\u00e8ve \u00e0 une large majorit\u00e9 : http:\/\/www.francetvinfo.fr\/economie\/medias\/morandini\/arrivee-de-morandini-a-i-tele-la-redaction-vote-a-une-large-majorite-en-faveur-d-une-greve-de-24-heures-reconductible_1876447.html#xtor=EPR\n\n-L&#8217;\u00e9mission de Morandini a \u00e9t\u00e9 diffus\u00e9e : \nhttp:\/\/www.liberation.fr\/futurs\/2016\/10\/17\/morandini-un-live-en-forme-de-doigt-d-honneur_1522538\n\n-&#8220;Issa Rae, la maladresse lui va si bien&#8221; (Pierre Langlais; vid\u00e9o) : http:\/\/television.telerama.fr\/television\/issa-rae-la-maladresse-lui-va-si-bien,148453.php#xtor=EPR\n\n-&#8220;La M\u00e9diasph\u00e8re&#8221; de LCI pr\u00e9sent\u00e9e par Christophe Moulin (vid\u00e9o) : http:\/\/www.lci.fr\/replay\/replay-la-mediasphere-du-17-octobre-2016-2008077.html\n\n-&#8220;Jean-Fr\u00e9d\u00e9ric Poisson \u00e0 la p\u00eache aux soutiens &#8221; (Anne Roumanoff au t\u00e9l\u00e9phone; son) : http:\/\/www.europe1.fr\/emissions\/le-canular-danne-roumanoff\/jean-frederic-poisson-a-la-peche-aux-soutiens-2875300\n\n<strong>-Nicolas Canteloup et Julien Dor\u00e9 face \u00e0 Alain Jupp\u00e9 (vid\u00e9o) : <\/strong> http:\/\/www.dailymotion.com\/video\/x4xr3i7_nicolas-canteloup-et-julien-dore-en-duo-face-a-alain-juppe_news\n\n<strong>-&#8220;Bollor\u00e9, le pape du PAF&#8221; (Charline Vanhoenacker; vid\u00e9o) : <\/strong> https:\/\/www.franceinter.fr\/emissions\/le-billet-de-charline-vanhoenacker\/le-billet-de-charline-vanhoenacker-17-octobre-2016\n\n-&#8220;La manif pour pas grand monde&#8221; (vid\u00e9o) : http:\/\/www.dailymotion.com\/video\/x4xskly_la-manif-pour-pas-grand-monde-le-journal-de-17h17_fun\n\n-&#8220;Manif pour tous, le retour&#8221; (Sophia Aram; vid\u00e9o) : http:\/\/www.dailymotion.com\/video\/x4xqzx7_manif-pour-tous-le-re-retour-le-billet-de-sophia-aram_fun\n\n<strong>-&#8220;J&#8217;\u00e9change r\u00e9acs contre migrants&#8221; (Didier Porte; vid\u00e9o) :<\/strong> https:\/\/www.youtube.com\/watch?v=13AKwNTENB8&#038;feature=youtu.be\n<h2 class=\"wp-block-heading\">Documents joints<\/h2>\n\n\n\n<div class=\"wp-block-file\"><a href=\"https:\/\/wp.muchomaas.com\/wp-content\/uploads\/2016\/10\/pour_un_choix_clair_de_la_conference_nationale_du_5_novembre-295.pdf\">pour_un_choix_clair_de_la_conference_nationale_du_5_novembre.pdf<\/a><\/div>\n\n\n","protected":false},"excerpt":{"rendered":"<p>ACTUALITE -PSA remet \u00e7a (vid\u00e9o) : http:\/\/www.francetvinfo.fr\/economie\/emploi\/psa-malgre-les-benefices-des-suppressions-d-emplois-annoncees_1877085.html -&#8220;Expression directe&#8221; de la CGT (vid\u00e9o pendant 6 jours) : http:\/\/www.france2.fr\/emission\/4fc73882bb94783f8f000dcb\/57ec83d5706765da7f18a700 -Les conditions d&#8217;attribution de l&#8217;APL sont durcies (Christian Menanteau; vid\u00e9o) : http:\/\/www.rtl.fr\/actu\/conso\/reforme-des-apl-le-debut-de-la-fin-7785318936 -D\u00e9\u00e7us par le march\u00e9 du travail, chaque ann\u00e9e, plusieurs milliers de dipl\u00f4m\u00e9s de niveau Bac+5, choisissent de se r\u00e9orienter vers des m\u00e9tiers manuels (Marine Miller) [&hellip;]<\/p>\n","protected":false},"author":1042,"featured_media":0,"comment_status":"open","ping_status":"open","sticky":false,"template":"","format":"standard","meta":{"_themeisle_gutenberg_block_has_review":false,"footnotes":""},"categories":[151],"tags":[],"class_list":["post-9934","post","type-post","status-publish","format-standard","hentry","category-la-revue-de-presse-de-lulu"],"_links":{"self":[{"href":"https:\/\/archives.regards.fr\/index.php?rest_route=\/wp\/v2\/posts\/9934","targetHints":{"allow":["GET"]}}],"collection":[{"href":"https:\/\/archives.regards.fr\/index.php?rest_route=\/wp\/v2\/posts"}],"about":[{"href":"https:\/\/archives.regards.fr\/index.php?rest_route=\/wp\/v2\/types\/post"}],"author":[{"embeddable":true,"href":"https:\/\/archives.regards.fr\/index.php?rest_route=\/wp\/v2\/users\/1042"}],"replies":[{"embeddable":true,"href":"https:\/\/archives.regards.fr\/index.php?rest_route=%2Fwp%2Fv2%2Fcomments&post=9934"}],"version-history":[{"count":0,"href":"https:\/\/archives.regards.fr\/index.php?rest_route=\/wp\/v2\/posts\/9934\/revisions"}],"wp:attachment":[{"href":"https:\/\/archives.regards.fr\/index.php?rest_route=%2Fwp%2Fv2%2Fmedia&parent=9934"}],"wp:term":[{"taxonomy":"category","embeddable":true,"href":"https:\/\/archives.regards.fr\/index.php?rest_route=%2Fwp%2Fv2%2Fcategories&post=9934"},{"taxonomy":"post_tag","embeddable":true,"href":"https:\/\/archives.regards.fr\/index.php?rest_route=%2Fwp%2Fv2%2Ftags&post=9934"}],"curies":[{"name":"wp","href":"https:\/\/api.w.org\/{rel}","templated":true}]}}