{"id":9931,"date":"2016-10-17T07:54:50","date_gmt":"2016-10-17T05:54:50","guid":{"rendered":"https:\/\/wp.muchomaas.com\/article-la-revue-du-17-octobre-2016\/"},"modified":"2016-10-17T07:54:50","modified_gmt":"2016-10-17T05:54:50","slug":"article-la-revue-du-17-octobre-2016","status":"publish","type":"post","link":"https:\/\/archives.regards.fr\/?p=9931","title":{"rendered":"La Revue du 17 octobre 2016"},"content":{"rendered":"<p><strong>ACTUALITE<\/strong><\/p>\n<p>-Dans 34 villes, des manifestations contre le CETA (vid\u00e9o) :http:\/\/www.francetvinfo.fr\/monde\/canada\/commerce-manifestations-contre-le-ceta_1874069.html<\/p>\n<p><em>-Le point de vue de la CGT :<\/em> http:\/\/www.cgt.fr\/La-CGT-avec-la-societe-civile-se.html<\/p>\n<p>-&#8220;Le groupe PSA va supprimer plus de 2 000 postes en France l&#8217;an prochain&#8221; : http:\/\/www.francetvinfo.fr\/economie\/entreprises\/info-franceinfo-le-groupe-psa-va-supprimer-plus-de-2-000-postes-l-an-prochain-en-france_1876199.html#xtor=EPR<\/p>\n<p><strong>-La tr\u00e8s rentable privatisation des autoroutes (Jacques Monin) : <\/strong> <strong>https:\/\/www.franceinter.fr\/emissions\/secrets-d-info\/secrets-d-info-15-octobre-2016<\/p>\n<p>-L&#8217;enqu\u00eate de Maxime Fayolle (vid\u00e9o) <\/strong> : https:\/\/www.franceinter.fr\/societe\/la-tres-rentable-privatisation-des-societes-d-autoroutes<\/p>\n<p>-Un agriculteur sur trois gagne moins de 350 euros par mois (Marie-Jos\u00e9e Cougard) : http:\/\/www.lesechos.fr\/industrie-services\/conso-distribution\/0211381926212-un-agriculteur-sur-trois-gagne-moins-de-350-euros-par-mois-2034241.php<\/p>\n<p><strong>-&#8220;Lactalis, le beurre et l&#8217;argent du beurre&#8221; (dans &#8220;Envoy\u00e9 sp\u00e9cial&#8221; d&#8217;Elise Lucet; vid\u00e9o)<\/strong> : http:\/\/www.francetvinfo.fr\/economie\/emploi\/metiers\/agriculture\/crise-des-eleveurs\/video-lactalis-le-beurre-et-l-argent-du-beurre_1870265.html#xtor=EPR<\/p>\n<p>-Airbus a f\u00eat\u00e9 la livraison de son 10 000e avion (vid\u00e9o) : http:\/\/www.francetvinfo.fr\/economie\/transports\/aeronautique-airbus-fete-la-livraison-de-son-10-000e-avion_1872697.html<\/p>\n<p>&#8211;<strong>&#8220;Police, la passion et la peur&#8221; (&#8220;13h15 le samedi&#8221;; vid\u00e9o) :<\/strong> http:\/\/www.francetvinfo.fr\/replay-magazine\/france-2\/13h15\/13h15-du-samedi-15-octobre-2016_1862445.html<\/p>\n<p>-&#8220;Police au bord de la crise de nerf&#8221; (le chercheur Jacques De Maillard; son, amener le curseur sur 10:19) : http:\/\/www.europe1.fr\/emissions\/c-est-arrive-cette-semaine\/cest-arrive-cette-semaine-151016-2873687<\/p>\n<p><strong>-&#8220;Quand la Justice s&#8217;occupe de nos enfants&#8221; (un reportage de Ouafia Kheniche; son) <\/strong> : https:\/\/www.franceinter.fr\/emissions\/interception\/interception-16-octobre-2016<\/p>\n<p>-&#8220;M\u00e9decins Sans Fronti\u00e8res&#8221; lance l&#8217;alerte sur le camp de Grande-Synthe et d\u00e9nonce &#8220;une hypocrisie insupportable&#8221; (Juliette B\u00e9nabent) : http:\/\/www.telerama.fr\/monde\/msf-lance-l-alerte-sur-le-camp-de-grande-synthe-et-denonce-une-hypocrisie-insupportable,148781.php#xtor=EPR<\/p>\n<p><strong>-Ce qu&#8217;\u00e9crivait la presse en 1939 sur les r\u00e9fugi\u00e9s espagnols (Jean Ortiz, qui illustre l&#8217;\u00e9ditorial  de l&#8217;\u00e9poque avec une photographie de Robert Capa. Chaque fois, elle me met les larmes aux yeux. Mon p\u00e8re, Antonio, y figure, facilement identifiable derri\u00e8re le gendarme car il est le seul \u00e0 sourire) :<\/strong>  http:\/\/www.le-blog-de-roger-colombier.com\/2016\/10\/sur-les-refugies-espagnols-qu-ecrivait-la-presse-bien-pensante-gauloise-autrefois.html<\/p>\n<p><strong>-&#8220;Les Kolinka, une famille fran\u00e7aise&#8221; (vid\u00e9o) <\/strong> : http:\/\/www.francetvinfo.fr\/monde\/europe\/auschwitz\/les-kolinka-une-famille-francaise_1874041.html<\/p>\n<p><strong>-Le discours \u00e0 Nice de Fran\u00e7ois Hollande en hommage aux victimes de l&#8217;attentat du 14 juillet (vid\u00e9o) :<\/strong> http:\/\/www.elysee.fr\/videos\/ceremonie-d-hommage-national-aux-victimes-de-l-attentat-du-14-juillet-3\/#content<\/p>\n<p>-Les moments forts de la c\u00e9r\u00e9monie (vid\u00e9o) : http:\/\/www.lci.fr\/societe\/jt-we-nice-les-temps-forts-de-l-hommage-de-la-nation-aux-victimes-2007916.html%3Ftype=content<\/p>\n<p>-&#8220;Utile&#8221; (Julien Clerc; vid\u00e9o) : http:\/\/www.francetvinfo.fr\/faits-divers\/terrorisme\/attaque-au-camion-a-nice\/video-en-hommage-aux-victimes-de-l-attentat-de-nice-julien-clerc-interprete-utile-au-piano_1873603.html#xtor=EPR-502<\/p>\n<p>-&#8220;Des questions subsistent sur la s\u00e9curit\u00e9&#8221; (vid\u00e9o) : http:\/\/www.francetvinfo.fr\/faits-divers\/terrorisme\/attaque-au-camion-a-nice\/attentat-de-nice-des-questions-subsistent-sur-la-securite_1874021.<\/p>\n<p><strong>POLITIQUE<\/strong><\/p>\n<p>-&#8220;Conscience, contenu, urgence&#8221; (J\u00e9r\u00f4me Relinger) : https:\/\/www.frontcommun.fr\/conscience-contenu-urgence-par-jerome-relinger\/<\/p>\n<p>-&#8220;Je deviens central&#8221; (Jean-Luc M\u00e9lenchon dans le JDD; propos recueillis par Anna Cabana et Arthur Nazaret) : http:\/\/www.lejdd.fr\/Politique\/Jean-Luc-Melenchon-Je-deviens-central-817324<\/p>\n<p><strong>-Son discours \u00e0 la Convention nationale de la France insoumise (vid\u00e9o; amener le curseur sur 10:35)<\/strong> : https:\/\/www.youtube.com\/watch?v=-iC9UDYir8c<\/p>\n<p><em>-Ses dix mesures prioritaires (Anne-Charlotte Dusseaulx)<\/em> : http:\/\/www.lejdd.fr\/Politique\/Les-10-premieres-mesures-du-programme-de-Melenchon-817699<\/p>\n<p>-&#8220;Le recours \u00e0 la gauche ?&#8221; (vid\u00e9o) : http:\/\/www.francetvinfo.fr\/politique\/melenchon\/jean-luc-melenchon-le-recours-de-la-gauche_1875385.html<\/p>\n<p>-&#8220;Une convention nationale \u00e0 Lille d&#8217;une forme in\u00e9dite. Si vous mettez ensemble Fran\u00e7ois Hollande et Jean-Luc M\u00e9lenchon, les \u00e9lecteurs ne suivront pas. On n&#8217;est pas forc\u00e9 de faire comme les Am\u00e9ricains. Je n&#8217;ai pas envie de pol\u00e9miquer avec Fran\u00e7ois Hollande alors qu&#8217;il participe \u00e0 une c\u00e9r\u00e9monie \u00e0 Nice. Au plan international, il faut revenir \u00e0 une politique ind\u00e9pendante qui permette \u00e0 la France de parler avec tout le monde&#8221; (Eric Coquerel, coordinateur du Parti de gauche; interrog\u00e9 par Pierre Weill; son) : https:\/\/www.franceinter.fr\/emissions\/l-interview-politique\/l-interview-politique-15-octobre-2016<\/p>\n<p>-&#8220;Nous souhaitons que la France mette son veto au CETA qui annonce le Trait\u00e9 transatlantique. Le d\u00e9bat des candidats de droite, ce n&#8217;\u00e9tait pas choisir son pr\u00e9sident, c&#8217;\u00e9tait choisir son ch\u00e2timent. Jupp\u00e9 n&#8217;est pas moins \u00e0 droite que Sarkozy. Les milieux populaires s&#8217;abstiennent encore plus  aux primaires qu&#8217;aux \u00e9lections. Nous ne sommes pas les amis de Poutine. Mes amis en Russie sont en prison. Fran\u00e7ois Hollande d\u00e9clenche lui-m\u00eame les temp\u00eates. Ce qui l&#8217;affaiblit, ce n&#8217;est pas ce bouquin, c&#8217;est sa politique. La primaire comme une ardoise pour permettre \u00e0 Montebourg d&#8217;effacer son bilan au gouvernement ? S&#8217;il est battu \u00e0 la primaire, qu&#8217;il appelle \u00e0 voter M\u00e9lenchon, ce sera plus clair&#8221; (Alexis Corbi\u00e8re, porte-parole de Jean-Luc M\u00e9lenchon; interrog\u00e9 par Jules Lavie et  Ya\u00ebl Goosz; vid\u00e9o) :        http:\/\/www.dailymotion.com\/video\/x4xjumm_nous-ne-sommes-pas-les-amis-de-poutine-affirme-alexis-corbiere-porte-parole-de-jean-luc-melenchon_news<\/p>\n<p>-&#8220;Comment nous recr\u00e9ons un espoir en mettant en avant les trois urgences, sociale, \u00e9cologique et d\u00e9mocratique&#8221; (en direct de Lille; vid\u00e9o) : https:\/\/www.youtube.com\/watch?v=2_tFDmpbfWQ<\/p>\n<p><em>-Les travaux de &#8220;la Convention de la France insoumise&#8221; (vid\u00e9os) : <\/em> https:\/\/www.youtube.com\/watch?v=-SQvyU-bpOI                                                                                                                      https:\/\/www.youtube.com\/watch?v=rh1XxlUFjDs<\/p>\n<p>-Le n\u00b0 302 de &#8220;Cerises&#8221; : http:\/\/www.cerisesenligne.fr\/file\/archive\/cerises-302.pdf<\/p>\n<p>-Le n\u00b0 825 de &#8220;ReSPUBLICA&#8221; : http:\/\/www.gaucherepublicaine.org\/wp-content\/uploads\/lettres\/20161016_respublica-lettre-sommaire_lettre-825.htm<\/p>\n<p>-&#8220;Les t\u00e9nors socialistes d\u00e9rout\u00e9s par Hollande&#8221; (Laure Bretton) : http:\/\/www.liberation.fr\/france\/2016\/10\/14\/les-tenors-socialistes-deroutes-par-hollande_1521997?xtor=EPR<\/p>\n<p><strong>-&#8220;Une crise de la proximit\u00e9. Le pr\u00e9sident a montr\u00e9 une plaie b\u00e9ante&#8221; (l&#8217;historien et sociologue Pierre Rosanvallon, invit\u00e9 de David Abiker; son, amener le curseur sur 1:08) <\/strong> : http:\/\/www.europe1.fr\/emissions\/c-est-arrive-cette-semaine\/cest-arrive-cette-semaine-151016-2873687<\/p>\n<p>-&#8220;S&#8217;il n&#8217;y va pas, d&#8217;autres ont la possibilit\u00e9 d&#8217;y aller&#8221; (Patrick Menucci, d\u00e9put\u00e9 PS des Bouches-du-Rh\u00f4ne; cit\u00e9 par Arnaud Focraud; son) : http:\/\/www.lejdd.fr\/Politique\/2017-le-depute-PS-Mennucci-voit-Valls-ou-Royal-comme-alternatives-a-Hollande-817120<\/p>\n<p>-&#8220;Ce livre ne sort pas au bon moment. Beaucoup lui rendent (\u00e0 Fran\u00e7ois Hollande) la vie difficile. Vous journalistes, vous passez votre temps \u00e0 r\u00e9clamer des confidences. Il a voulu montrer ce qu&#8217;\u00e9tait sa fonction. Il travaille le reste du temps. Ce n&#8217;est pas un suicide politique. J&#8217;attendais beaucoup de l&#8217;interview \u00e0 &#8220;l&#8217;Obs&#8221; (Didier Guillaume, pr\u00e9sident du groupe socialiste au S\u00e9nat, invit\u00e9 du &#8220;Grand-Rendez-vous&#8221; d&#8217;Europe 1; vid\u00e9o) : http:\/\/www.itele.fr\/magazines\/grand-rendez-vous-politique-darmon\/le-grand-rendez-vous-partie-1-du-16102016-171562<\/p>\n<p><em>-Ce qu&#8217;en pensent les Fran\u00e7ais et quelles cons\u00e9quences ils en tirent pour l&#8217;\u00e9lection pr\u00e9sidentielle (IFOP-JDD)<\/em> : http:\/\/www.lejdd.fr\/Politique\/L-apres-Hollande-a-commence-817336<\/p>\n<p>-&#8220;Je ne vais pas soutenir Hollande, je le combats&#8221; (Arnaud Montebourg, cit\u00e9 par Anne-Charlotte Dusseaulx) : http:\/\/www.lejdd.fr\/Politique\/Montebourg-Je-ne-vais-pas-soutenir-Hollande-je-le-combats-817378<\/p>\n<p>-&#8220;Le choc des attentats \u00e9branle la soci\u00e9t\u00e9 fran\u00e7aise. Il y a eu l&#8217;impossibilit\u00e9 de rassembler une majorit\u00e9 sur la d\u00e9ch\u00e9ance de nationalit\u00e9. L&#8217;\u00e9tat d&#8217;urgence donne des moyens \u00e0 la justice et de la police. Il y a une pol\u00e9mique \u00e0 propos de ce livre, il faut rester calme et prendre du recul. Depuis 20 ans, on parle de Notre-Dame-des-Landes. Il y a des risques tr\u00e8s grands d&#8217;affrontements violents. Il faut les prendre en compte&#8221; (St\u00e9phane Le Foll, interrog\u00e9 par Francis Letellier; vid\u00e9o) : http:\/\/pluzz.francetv.fr\/videos\/dimanche_en_politique.html<\/p>\n<p><strong>-Notre-Dame-des-Landes, &#8220;il vaut mieux arr\u00eater les frais&#8221; (S\u00e9gol\u00e8ne Royal; propos recueillis par Richard Bellet)<\/strong> : http:\/\/www.lejdd.fr\/Politique\/Segolene-Royal-sur-Notre-Dame-des-Landes-Il-vaut-mieux-arreter-les-frais-817396<\/p>\n<p><strong>-&#8220;Evidemment, je suis d&#8217;accord avec elle. Cet a\u00e9roport est inutile. Au gouvernement, on a l&#8217;impression qu&#8217;ils sont chacun plusieurs dans leur t\u00eate&#8221;. Fran\u00e7ois Hollande, &#8220;je pense qu&#8217;il est disqualifi\u00e9. Il a profond\u00e9ment divis\u00e9 le pays par habilet\u00e9 tacticienne&#8221; (Julien Bayou, conseiller r\u00e9gional \u00e9cologiste d&#8217;Ile-de-France; interrog\u00e9 par Da\u00efc Audouit dans &#8220;Dimanche en politique en r\u00e9gion&#8221;; vid\u00e9o)<\/strong> :                                                                                          http:\/\/pluzz.francetv.fr\/videos\/dimanche_en_politique_paris_ile_de_france_,146945085.html<\/p>\n<p>-Le secr\u00e9taire d&#8217;Etat Christophe Sirrugue \u00e9tait l&#8217;invit\u00e9 de &#8220;Bureau Politique&#8221; sur LCI (vid\u00e9o) : http:\/\/www.lci.fr\/politique\/replay-bureau-politique-du-16-octobre-2016-christophe-sirugue-2007953.html%3Ftype=content<\/p>\n<p>-&#8220;Plan B ou B\u00e9r\u00e9zina&#8221; (Herv\u00e9 Gattegno du JDD; son) : http:\/\/www.europe1.fr\/emissions\/ledito-du-jdd\/lapres-francois-hollande-au-ps-plan-b-ou-berezina-2874218<\/p>\n<p>-&#8220;Chez les soutiens de Hollande, la haine, le d\u00e9sespoir, les appels \u00e0 Manuel Valls&#8221; (Anna Cabana et Arthur Nazaret) : http:\/\/www.lejdd.fr\/Politique\/Chez-les-soutiens-de-Hollande-la-haine-le-desespoir-les-appels-a-Manuel-Valls-817657<\/p>\n<p>-&#8220;Fran\u00e7ois Hollande consid\u00e8re qu&#8217;il ne peut plus \u00eatre candidat&#8221; (Bernard Sanan\u00e8s, pr\u00e9sident de l&#8217;Institut ELABE; interrog\u00e9 par Wendy Bouchard; vid\u00e9o) : http:\/\/www.europe1.fr\/emissions\/linterview-verite-du-week-end\/sananes-francois-hollande-considere-quil-ne-peut-plus-etre-candidat-2873618<\/p>\n<p>-Alors que &#8220;la Manif pour tous&#8221; redescend dans la rue, &#8220;l&#8217;immense majorit\u00e9 des Fran\u00e7ais est pour l&#8217;amour et les droits des homosexuels&#8221; (Jean-Luc Romero, conseiller r\u00e9gional PS d&#8217;Ile-de-France; interrog\u00e9 par Sonia Chironi vid\u00e9o) : http:\/\/www.itele.fr\/france\/video\/retour-de-la-manif-pour-tous-limmense-majorite-des-francais-est-pour-lamour-et-les-droits-des-homosexuels-171554<\/p>\n<p>-&#8220;La famille, c&#8217;est pas ringard&#8221; (vid\u00e9o) : http:\/\/www.lci.fr\/societe\/ce-qu-on-a-vu-et-entendu-a-la-manif-pour-tous-2007999.html%3Ftype=content<\/p>\n<p><strong>-&#8220;Ils veulent peser avant la primaire de la droite et lui imposer sa vision conservatrice de la soci\u00e9t\u00e9&#8221; (le politologue Ga\u00ebl Brustier, interrog\u00e9 par David Abiker; son, amener le curseur sur 0:52) :<\/strong> http:\/\/www.europe1.fr\/emissions\/c-est-arrive-demain\/cest-arrive-demain-david-abiker-161016-2874278<\/p>\n<p>-&#8220;Le credo citoyen&#8221; (Alexandre Jardin; vid\u00e9o) : http:\/\/www.itele.fr\/politique\/video\/alexandre-jardin-le-credo-citoyen-171544<\/p>\n<p>-Emmanuel Macon ne croit pas au pr\u00e9sident normal, &#8220;\u00e7a d\u00e9stabilise les Fran\u00e7ais&#8221;. &#8220;Ma volont\u00e9 de transgression est forte. Par manque de clarification id\u00e9ologique, Fran\u00e7ois Hollande a d\u00e8s le premier jour commenc\u00e9 \u00e0 cohabiter avec son propre camp. Gare \u00e0 la R\u00e9publique qui devient une machine \u00e0 fabriquer du communautarisme&#8221; (Emmanuel Macron dans une interview-fleuve \u00e0 &#8220;Challenges&#8221; :  http:\/\/www.challenges.fr\/election-presidentielle-2017\/interview-exclusive-d-emmanuel-macron-je-ne-crois-pas-au-president-normal_432886                                                                      http:\/\/www.challenges.fr\/election-presidentielle-2017\/emmanuel-macron-face-au-systeme-ma-volonte-de-transgression-est-forte_433063                                                                             http:\/\/www.challenges.fr\/election-presidentielle-2017\/emmanuel-macron-gare-a-une-republique-qui-devient-une-machine-a-fabriquer-du-communautarisme_433071<\/p>\n<p><strong>-Nicolas Sarkozy \u00e9tait l&#8217;invit\u00e9 de Laurence Ferrari dans &#8220;PunchLine&#8221; (vid\u00e9o) :<\/strong> http:\/\/www.c8.fr\/c8-info\/pid8591-c8-punchline.html?vid=1420526<\/p>\n<p>-&#8220;Nous avons pay\u00e9 tr\u00e8s cher, en 2012, d&#8217;avoir sous-estim\u00e9 Fran\u00e7ois Hollande. Ses propos dans ce livre r\u00e9v\u00e8lent l&#8217;\u00e9tat extr\u00eame de d\u00e9gradation de la fonction pr\u00e9sidentielle. Je n&#8217;aime pas les ambiances de cur\u00e9e&#8221; (Jean-Fran\u00e7ois Cop\u00e9, d\u00e9put\u00e9 LR de la Seine-et-Marne; invit\u00e9 du &#8220;Grand Jury-RTL&#8221;; vid\u00e9os) : http:\/\/www.rtl.fr\/actu\/politique\/livre-sur-hollande-cope-y-voit-une-degradation-extreme-du-role-de-president-7785311992<\/p>\n<p>-Fran\u00e7ois Hollande, &#8220;c&#8217;est quelqu&#8217;un qui se tire une balle dans le pied avec un fusil \u00e0 lunette. J&#8217;\u00e9tais pour le mariage civil. Je ne crois pas que la gauche sera au second tour. Ce sera Jupp\u00e9-Le Pen ou Sarkozy-Le Pen&#8221; (Jean-Pierre Raffarin, s\u00e9nateur LR de la Vienne; vid\u00e9o) : http:\/\/www.bfmtv.com\/mediaplayer\/video\/confidences-de-francois-hollande-c-est-quelqu-un-qui-se-tire-une-balle-dans-le-pied-avec-un-fusil-a-lunette-jean-pierre-raffarin-876813.html<\/p>\n<p><strong>-Des mensonges \u00e0 la pelle dans le d\u00e9bat t\u00e9l\u00e9vis\u00e9 des candidats de droite : <\/strong> http:\/\/www.liberation.fr\/desintox\/2016\/10\/14\/primaire-de-la-droite-les-intox-du-debat-suite_1521939?xtor=EPR    http:\/\/www.liberation.fr\/desintox\/2016\/10\/14\/primaire-de-la-droite-les-intox-recyclees-des-candidats_1521905<\/p>\n<p>-&#8220;Il reste cinq semaines de campagne et rien n&#8217;est jou\u00e9. Quand je vois ce qui a \u00e9t\u00e9 fait \u00e0 Bordeaux, je dis qu&#8217;Alain Jupp\u00e9 se tourne vers l&#8217;avenir, pas vers le pass\u00e9. Emmanuel Macron est une supercherie politique. La justice sociale, c&#8217;est d&#8217;abord donner du travail aux ch\u00f4meurs. Supprimer l&#8217;ISF et augmenter la TVA y contribuerait&#8221; (Benoist Apparu, d\u00e9put\u00e9 LR de la Marne, porte-parole d&#8217;Alain Jupp\u00e9; invit\u00e9 de &#8220;Questions politiques&#8221; sur France Inter, \u00e9mission anim\u00e9e par Nicolas Demorand; vid\u00e9o) :                                                                                                                                                         http:\/\/www.dailymotion.com\/video\/x4xnv4i_benoist-apparu-invite-de-questions-politiques-premiere-partie_news<\/p>\n<p>-Il a r\u00e9pondu aux questions des auditeurs (vid\u00e9o) : http:\/\/www.dailymotion.com\/video\/x4xnx2o_benoist-apparu-repond-aux-auditeurs-de-questions-politiques_news<\/p>\n<p><strong>-Il s&#8217;est exprim\u00e9 sur la libert\u00e9 de la presse (vid\u00e9o) : <\/strong> http:\/\/www.dailymotion.com\/video\/x4xnwhh_pixels-la-liberte-de-la-presse-menacee_news<\/p>\n<p>-&#8220;Si Alain Jupp\u00e9 gagne la primaire, il battra nettement Marine Le Pen, ce qui cassera le FN. Ce n&#8217;est pas le cas de Nicolas Sarkozy auquel il manquera des voix de gauche, redonnant l&#8217;espoir au FN pour le coup d&#8217;apr\u00e8s. Le programme \u00e9conomique d&#8217;Alain Jupp\u00e9 permet simplement de se mettre au niveau de ce qu&#8217;ont fait les autres pays&#8221; (Alain Minc qui a choisi Alain Jupp\u00e9 depuis 2015; interrog\u00e9 par Yves Calvi; vid\u00e9o, amener le curseur sur 1:06:45) : http:\/\/www.lci.fr\/replay\/replay-24-heures-en-questions-du-14-octobre-2016-debat-cette-fois-pas-de-pugilat-2007814.html<\/p>\n<p>-&#8220;Je serai dans la rue avec &#8220;la Manif pour tous. j&#8217;ai particip\u00e9 \u00e0 toutes les manifestations depuis l&#8217;origine. Je refuse que l&#8217;int\u00e9r\u00eat collectif soit mis en retrait par rapport aux int\u00e9r\u00eats individuels&#8221;  (Jean-Fr\u00e9d\u00e9ric Poisson, d\u00e9put\u00e9 des Yvelines, interrog\u00e9 par Louis Morin sur &#8220;Sud Radio&#8221;; son) : http:\/\/www.sudradio.fr\/Podcasts\/Le-Brunch-Politique\/Jean-Frederic-Poisson<\/p>\n<p><strong>-&#8220;Le prochain chef d&#8217;Etat ne pourra pas revenir sur le mariage pour tous&#8221; (Patrick Le Hyaric; interrog\u00e9 par Emmanuel  Faux; son)<\/strong> : http:\/\/www.europe1.fr\/emissions\/objectif-elysee\/patrick-le-hyaric-le-prochain-chef-detat-ne-pourra-pas-revenir-sur-le-mariage-pour-tous-2874665<\/p>\n<p><em>-Les intentions de vote \u00e0 la primaire de la droite (IPSOS)<\/em>  : http:\/\/www.ipsos.fr\/decrypter-societe\/2016-10-16-premier-debat-primaire-droite-et-centre-qui-su-convaincre<\/p>\n<p><strong>-Jacques Chirac, l&#8217;homme qui ne voulait pas \u00eatre pr\u00e9sident&#8221; (un documentaire de France 2; vid\u00e9o pendant 6 jours) :<\/strong> http:\/\/www.france2.fr\/emission\/dimanche-20h55\/diffusion-du-16-10-2016-20h55<\/p>\n<p><strong>-&#8220;Ma candidature consistera \u00e0 remettre la France en ordre. La cl\u00e9 de vo\u00fbte de mon programme, c&#8217;est de trouver des \u00e9l\u00e9ments de souverainet\u00e9 de la France. Je choisis l&#8217;int\u00e9r\u00eat de la France et la s\u00e9curit\u00e9 des Fran\u00e7ais Je suis oppos\u00e9e \u00e0 l&#8217;adoption par les couples homosexuels. S&#8217;il y a un pays qui m\u00e8ne sur notre territoire des men\u00e9es hostiles, je ne le laisserai pas faire. Le visage de la neutralit\u00e9 donn\u00e9 par l&#8217;institution judiciaire est la contre-partie de la confiance des Fran\u00e7ais. Je ne vois pas ce qui est choquant de laisser \u00e0 des gouvernements nationaux organiser leur march\u00e9 du travail&#8221; (Marine Le Pen, invit\u00e9e de BFM Politique; vid\u00e9os) :    <\/strong>                                                                    http:\/\/www.bfmtv.com\/mediaplayer\/video\/ma-candidature-consistera-a-remettre-la-france-en-ordre-marine-le-pen-876751.html                                                                                              http:\/\/www.bfmtv.com\/mediaplayer\/video\/questions-d-eco-la-clef-de-voute-de-mon-programme-c-est-de-trouver-des-elements-de-souverainete-de-la-france-marine-le-pen-876755.html                                                                                                                                                                                                                                                                                                    http:\/\/www.bfmtv.com\/mediaplayer\/video\/je-choisis-l-interet-de-la-france-et-la-securite-des-francais-marine-le-pen-876757.html                                                                                                          http:\/\/www.bfmtv.com\/mediaplayer\/video\/politiques-au-quotidien-je-suis-opposee-a-l-adoption-par-les-couples-homosexuelles-marine-le-pen-876753.html                                               http:\/\/www.bfmtv.com\/mediaplayer\/video\/marine-le-pen-face-aux-francais-s-il-y-a-un-pays-qui-mene-sur-notre-territoire-des-visees-hostiles-je-ne-le-laisserai-pas-faire-876759.html            http:\/\/www.bfmtv.com\/mediaplayer\/video\/comptes-de-campagne-le-visage-de-la-neutralite-donne-par-l-institution-judiciaire-est-la-contre-partie-de-la-confiance-des-francais-marine-le-pen-876761.html                                             http:\/\/www.bfmtv.com\/mediaplayer\/video\/marine-le-pen-face-a-philip-turle-je-ne-vois-pas-ce-qui-est-choquant-de-laisser-a-des-gouvernements-nationaux-le-soin-d-organiser-leur-marche-du-travail-marine-le-pen-876777.html<\/p>\n<p><strong>EUROPE-MONDE<\/strong><\/p>\n<p><strong>-Les r\u00e9fugi\u00e9s de la M\u00e9diterran\u00e9e (vid\u00e9o) : <\/strong><br \/>\nhttp:\/\/www.lci.fr\/international\/video-les-naufrages-de-la-mediterranee-2008013.html%3Ftype=content<\/p>\n<p><strong>-Les \u00e9carts de salaires en Europe (Delphine Simon; son)<\/strong> : https:\/\/www.franceinter.fr\/emissions\/le-vrai-faux-de-l-europe\/le-vrai-faux-de-l-europe-15-octobre-2016<\/p>\n<p>-L&#8217;avocat J\u00e9r\u00e9mie Assous poursuit la Commission europ\u00e9enne sur la pollution du diesel (son) : https:\/\/www.franceinter.fr\/emissions\/l-interview\/l-interview-15-octobre-2016<\/p>\n<p>-&#8220;La Belgique et le Royaume-Uni tablent sur l&#8217;arm\u00e9e en cas de menace terroriste int\u00e9rieure grave&#8221; (Philippe Leymarie) :  http:\/\/blog.mondediplo.net\/2016-10-10-Pas-de-parade-dans-les-rues-de-Bruxelles-et-de<\/p>\n<p>-Du &#8220;mod\u00e8le&#8221; isra\u00e9lien : http:\/\/blog.mondediplo.net\/2016-09-28-Du-modele-israelien<\/p>\n<p>-Un an apr\u00e8s, comment l&#8217;Allemagne accueille les r\u00e9fugi\u00e9s ? (vid\u00e9o) : http:\/\/www.francetvinfo.fr\/monde\/europe\/migrants\/un-an-apres-comment-l-allemagne-accueille-t-elle-les-refugies_1874045.html<\/p>\n<p>-Depuis Beyrouth, &#8220;les Matins&#8221; de France Culture, \u00e9mission de Guillaume Erner  consacr\u00e9e \u00e0 la trag\u00e9die d&#8217;Alep (Emmanuel Bonne, ambassadeur de France au Liban; l&#8217;historienne Nadine Meouchi, chercheuse \u00e0 l&#8217;IFPO et Michel Touma, r\u00e9dacteur en chef de &#8220;L&#8217;Orient Le Jour&#8221;. En vid\u00e9o, le t\u00e9moignage du psychologue libanais Michel Maragel; sons) :                                                   http:\/\/www.franceculture.fr\/emissions\/linvite-des-matins\/alep-face-la-tragedie                                                                                                                                                                            http:\/\/www.franceculture.fr\/emissions\/linvite-des-matins-2eme-partie\/alep-face-la-tragedie<\/p>\n<p>-&#8220;La France appelle \u00e0 l&#8217;arr\u00eat des frappes&#8221; (Jean-Marc Ayrault; vid\u00e9o) : http:\/\/nr.news-republic.com\/Web\/ArticleWeb.aspx?regionid=2&#038;articleid=75176286<\/p>\n<p>-&#8220;Indignation m\u00e9diatique \u00e0 g\u00e9om\u00e9trie variable&#8221; (Jean-Luc M\u00e9lenchon) : http:\/\/heuredupeuple.fr\/geometrie-variable\/<\/p>\n<p><strong>-&#8220;Les Refuznicks&#8221;, ces Isra\u00e9liens qui refusent de porter les armes (S\u00e9bastien Leban) <\/strong> : http:\/\/www.parismatch.com\/Actu\/International\/Ces-Israeliens-qui-refusent-de-porter-les-armes-refuzniks-732076<\/p>\n<p>-&#8220;Ce pays qui n&#8217;aime pas les femmes&#8221; : https:\/\/elbatoulsite.wordpress.com\/2016\/10\/13\/ce-pays-qui-naime-pas-les-femmes\/<\/p>\n<p>-&#8220;La place de ma femme est \u00e0 la cuisine&#8221; (le pr\u00e9sident nig\u00e9rian en conf\u00e9rence de presse; vid\u00e9o) : http:\/\/nr.news-republic.com\/Web\/ArticleWeb.aspx?regionid=2&#038;articleid=75192399<\/p>\n<p>-La sant\u00e9 aux Etats-Unis (Claude Guibal; son) : https:\/\/www.franceinter.fr\/emissions\/le-chiffre-americain\/le-chiffre-americain-15-octobre-2016<\/p>\n<p><strong>-&#8220;Sicko&#8221;, le film que Michael Moore a consacr\u00e9 au sujet en 2007 (ici, vid\u00e9o int\u00e9grale sous-titr\u00e9e)<\/strong> : https:\/\/www.youtube.com\/watch?v=xpk9AuJ4J18<\/p>\n<p>-Le discours de Michelle Obama au cours duquel elle a &#8220;pulv\u00e9ris\u00e9 Donald Trump&#8221; (vid\u00e9o en V.O) : http:\/\/www.dailymotion.com\/video\/x4xew8d_au-bord-des-larmes-michelle-obama-pulverise-donald-trump-en-un-discours_news<\/p>\n<p><strong>-&#8220;Des propos sexistes effrayants et cruels&#8221; (un extrait sous-titr\u00e9; vid\u00e9o) : <\/strong> http:\/\/www.dailymotion.com\/video\/x4xgtly_les-propos-sexistes-de-donald-trump-sont-effrayants-et-cruels-pour-michelle-obama_news<\/p>\n<p>-&#8220;Croyez-moi, elle n&#8217;est pas du tout mon genre&#8221; (Donald Trump \u00e0 une de ses accusatrices; vid\u00e9o): http:\/\/www.lci.fr\/international\/elle-n-est-pas-du-tout-mon-genre-la-reponse-tout-en-goujaterie-de-donald-trump-a-l-une-de-ses-accusatrices-2007815.html<\/p>\n<p><strong>-&#8220;A Washington, sc\u00e9narios pour un conflit majeur&#8221; (Michael Klare) : <\/strong> http:\/\/www.monde-diplomatique.fr\/2016\/09\/KLARE\/56193<\/p>\n<p>-&#8220;Vers une nouvelle guerre froide&#8221; (Initiatives pour le d\u00e9sarmement nucl\u00e9aire) : http:\/\/www.idn-france.org\/2016\/10\/vers-une-nouvelle-guerre-froide\/<\/p>\n<p>-En Ha\u00efti, apr\u00e8s l&#8217;ouragan, les \u00e9lections report\u00e9es au 20 novembre et 29 janvier (vid\u00e9o) : http:\/\/nr.news-republic.com\/Web\/ArticleWeb.aspx?regionid=2&#038;articleid=75186993<\/p>\n<p>-Marie-Monique Robin, la marraine du Tribunal international Monsanto qui oeuvre pour la reconnaissance du crime d&#8217;\u00e9cocide (propos recueillis par  Weronika Zarachowicz) :          http:\/\/www.telerama.fr\/monde\/a-la-haye-monsanto-et-son-roundup-face-aux-accusions-d-ecocide,148795.php#xtor=EPR<\/p>\n<p>-Contre le r\u00e9chauffement, un accord &#8220;historique&#8221; \u00e0 Kigali (vid\u00e9o) : http:\/\/www.francetvinfo.fr\/monde\/environnement\/climat-un-accord-historique-pour-eliminer-les-gaz-hfc-trouve-a-kigali-au-rwanda_1874037<\/p>\n<p><strong>CULTURE-MEDIAS<\/strong><\/p>\n<p><strong>-&#8220;La M\u00e9diterran\u00e9e, mer de nos langues&#8221; (le linguiste Louis-Jean Calvet. Entretien r\u00e9alis\u00e9 par Pierrick Allain,  Basile Lemaire et Olivier Pascal-Mousselard; vid\u00e9o) <\/strong> :                                            http:\/\/www.telerama.fr\/idees\/louis-jean-calvet-on-pourrait-reserver-dans-les-pays-du-nord-une-place-aux-langues-du-sud,148766.php#xtor=EPR<\/p>\n<p>-&#8220;Qui se soucie encore de la dette ?&#8221; (le sociologue Benjamin Lemoine, chercheur au CNRS; Guillaume Duval, r\u00e9dacteur en chef &#8220;d&#8217;Alternatives \u00e9conomiques&#8221; et l&#8217;\u00e9conomiste Denis Ferrand; d\u00e9bat anim\u00e9 par Herv\u00e9 Gardette; son) : http:\/\/www.franceculture.fr\/emissions\/du-grain-moudre\/qui-se-soucie-encore-de-la-dette<\/p>\n<p>-&#8220;Les insurg\u00e9s de la pauvret\u00e9&#8221; (Michel Bolassel; son) : https:\/\/www.franceinter.fr\/emissions\/itw-societe-civile\/itw-societe-civile-16-octobre-2016<\/p>\n<p>-Susan Kigula, ancienne condamn\u00e9e \u00e0 mort ougandaise et Ndume Olatushani, venu des Etats-Unis, qui ont tous les deux connus le couloir de la mort (avec Raphael Chenuil-Hazan, directeur de l&#8217;association &#8220;Ensemble contre la peine de mort&#8221; et l&#8217;historien Andr\u00e9 Kaspi; entretien r\u00e9alis\u00e9 par  Florian Delorme; son) : http:\/\/www.franceculture.fr\/emissions\/culturesmonde\/dans-le-couloir-de-la-mort-12-de-nashville-kampala-les-premiers-jours-des<\/p>\n<p><strong>-&#8220;L&#8217;amour secret du Pr\u00e9sident&#8221; (13h15 le dimanche sur la relation entre Fran\u00e7ois Mitterrand et Anne Pingeon. Avec une interview de Jean d&#8217;Ormesson par Laurent Delahousse pour son &#8220;Guide des Egar\u00e9s&#8221;; vid\u00e9o)<\/strong> : http:\/\/www.francetvinfo.fr\/replay-magazine\/france-2\/13h15\/<\/p>\n<p>-&#8220;Esp\u00e8ces d&#8217;ours&#8221;, au Mus\u00e9um d&#8217;histoire naturelle (la zoologiste G\u00e9raldine Veron, commissaire scientifique de l&#8217;exposition; son, amener le curseur sur 25:42) : http:\/\/www.europe1.fr\/emissions\/c-est-arrive-cette-semaine\/cest-arrive-cette-semaine-151016-2873687<\/p>\n<p><strong>-&#8220;POP UP&#8221;, le nouveau magazine culturel d&#8217;Audrey Pulvar sur C8 (vid\u00e9o) : <\/strong> http:\/\/www.c8.fr\/c8-docs-mags\/pid8654-c8-pop-up.html?vid=1420272<\/p>\n<p>-Le danseur Paul Marque re\u00e7oit la m\u00e9daille d&#8217;or du prestigieux concours de Varna (vid\u00e9o) : http:\/\/www.lci.fr\/sport\/jt-we-qui-est-paul-marque-medaille-d-or-du-prix-de-varna-2007905.html%3Ftype=content<\/p>\n<p><strong>-Les plus grands succ\u00e8s de Bob Dylan (Ga\u00ebl Vaillant; vid\u00e9os) <\/strong> : http:\/\/www.lejdd.fr\/Culture\/Musique\/VIDEOS-Les-plus-grands-succes-de-Bob-Dylan-prix-Nobel-de-litterature-816838<\/p>\n<p>-Peu ont \u00e9t\u00e9 adapt\u00e9s par des chanteurs fran\u00e7ais (Bertrand Dicale; son) : http:\/\/www.francetvinfo.fr\/replay-radio\/ces-chansons-qui-font-l-actu\/ces-chansons-qui-font-l-actu-bob-dylan-en-francais_1864129.html<\/p>\n<p><strong>-&#8220;Banzza\u00ef Bob Dylan !&#8221; (Nathalie Piol\u00e9; son) :<\/strong> http:\/\/www.francemusique.fr\/emission\/banzzai\/2016-2017\/banzzai-bob-dylan-10-13-2016-19-00<\/p>\n<p>-Robert Mitchum chanteur avec Fran\u00e7ois Gorin (sons) : http:\/\/www.telerama.fr\/musique\/robert-mitchum-le-cal-hips-o-fastoche,148774.php#xtor=EPR<\/p>\n<p><strong>-Pierre Perret, invit\u00e9 de Beno\u00eet Duteutre sur France Musique (son) : <\/strong> http:\/\/www.francemusique.fr\/emission\/etonnez-moi-benoit\/2016-2017\/pierre-perret-auteur-compositeur-interprete-humaniste-plus-de-450-chansons-son-actif-10-14<\/p>\n<p><strong>-&#8220;Le Blues du fasciste&#8221; (l&#8217;ami G\u00e9rald Briant et le groupe M2GB; son) : <\/strong> https:\/\/soundcloud.com\/m2gb\/le-blues-du-fasciste<\/p>\n<p>-Jean-Michel Jarre, invit\u00e9 de Sandrine Aramon au Soir 3 (vid\u00e9o; amener le curseur sur 19:44) : http:\/\/www.francetvinfo.fr\/replay-jt\/france-3\/soir-3\/jt-soir-3-samedi-15-octobre-2016_1862793.html<\/p>\n<p>-&#8220;Dix ans de live&#8221;, le nouvel album du trompettiste Ibrahim Maalouf (invit\u00e9 de David Abiker; son, amener le curseur sur 16:57) : http:\/\/www.europe1.fr\/emissions\/c-est-arrive-demain\/cest-arrive-demain-david-abiker-161016-2874278<\/p>\n<p>-Du g\u00e9nocide rwandais aux succ\u00e8s actuels, &#8220;L\u00e0 o\u00f9 le soleil disparait&#8221;, l&#8217;auto-biographie du chanteur Corneille (interrog\u00e9 par Pierre Weill; son) : https:\/\/www.franceinter.fr\/emissions\/l-interview-politique\/l-interview-politique-16-octobre-2016<\/p>\n<p><strong>-Laurent Delmas a vu et a aim\u00e9 le  &#8220;Voyage \u00e0 travers le cin\u00e9ma fran\u00e7ais&#8221; de Bertrand Tavernier (son) :<\/strong> https:\/\/www.franceinter.fr\/emissions\/la-prescription-cinema-de-laurent-delmas\/la-prescription-cinema-de-laurent-delmas-15-octobre-2016<\/p>\n<p>-&#8220;Les Voleurs&#8221;, le film d&#8217;Andr\u00e9 T\u00e9chin\u00e9 sorti il y a 20 ans, a \u00e9t\u00e9 projet\u00e9 au Festival Lumi\u00e8re de Lyon pr\u00e9sent\u00e9 par le r\u00e9alisateur Thierry Klifa (cit\u00e9 par Guillemette Odicino; vid\u00e9o) : http:\/\/www.telerama.fr\/cinema\/les-voleurs-un-techine-fascinant-vu-par-thierry-klifa,148772.php#xtor=EPR<\/p>\n<p><strong>-Sur France Inter, une \u00e9mission sp\u00e9ciale consacr\u00e9e au Festival Lumi\u00e8re avec Bertrand Tavernier, Thierry Fr\u00e9maud, Emmanuelle Bercot et Michel Hazanavicius; invit\u00e9s de Christine Masson et Laurent Delmas (son)<\/strong> : https:\/\/www.franceinter.fr\/emissions\/on-aura-tout-vu\/on-aura-tout-vu-15-octobre-2016<\/p>\n<p><strong>-Catherine Deneuve a re\u00e7u le prix Lumi\u00e8re qu&#8217;elle a d\u00e9di\u00e9 aux agriculteurs. Avec Daniel Viannet, magistral interpr\u00e8te du ch\u00f4meur Willy 1er (Estelle Colin; vid\u00e9o) :  <\/strong> http:\/\/www.francetvinfo.fr\/culture\/cinema\/catherine-deneuve-tom-cruise-et-willy-1er-la-selection-culture_1873753.html<\/p>\n<p><strong>-Le tr\u00e8s \u00e9mouvant hommage que lui a rendu Vincent Lindon (vid\u00e9o) : <\/strong> http:\/\/www.francetvinfo.fr\/culture\/cinema\/cinema-catherine-deneuve-recoit-le-prix-lumiere_1873809.html<\/p>\n<p>-Marion Cotillard dans le film de Nicole Garcia &#8220;Mal de pierre&#8221;; invit\u00e9e de David Abiker (son, amener le curseur sur 25:16) : http:\/\/www.europe1.fr\/emissions\/c-est-arrive-demain\/cest-arrive-demain-david-abiker-161016-2874278<\/p>\n<p>-&#8220;Le cam\u00e9l\u00e9on du cin\u00e9ma fran\u00e7ais&#8221; (interrog\u00e9e par Laurent Delahousse; vid\u00e9o) : http:\/\/www.francetvinfo.fr\/culture\/cinema\/marion-cotillard-le-cameleon-du-cinema-francais_1875373.html<\/p>\n<p><strong>-Nicole Garcia, re\u00e7ue par Catherine Ceylac dans &#8220;Th\u00e9 ou caf\u00e9&#8221; (vid\u00e9o, amener le curseur sur 5:10)<\/strong> : http:\/\/www.france2.fr\/emissions\/the-ou-cafe\/videos\/replay_-_the_ou_cafe_16-10-2016_1317553<\/p>\n<p>-Le duo de &#8220;Cam\u00e9ra Caf\u00e9&#8221;, Yvan Bolloch&#8217;-Bruno Solo, reconstitu\u00e9 au th\u00e9\u00e2tre de La Madeleine \u00e0 Paris (vid\u00e9o) : http:\/\/www.francetvinfo.fr\/culture\/spectacles\/theatre-de-camera-cafe-a-la-scene_1874075.html<\/p>\n<p>-&#8220;Les M\u00e9moires d&#8217;un temps o\u00f9 l&#8217;on s&#8217;aimait&#8221; de Val\u00e9rie Lagrange (Jacques Morice; vid\u00e9o) : http:\/\/www.telerama.fr\/cinema\/valerie-lagrange-lucy-in-the-sky-a-la-francaise,148386.php#xtor=EPR<\/p>\n<p>-Quand l&#8217;art contemporain finance la g\u00e9n\u00e9tique (le g\u00e9n\u00e9ticien Stanislas Lyonnet et le galeriste Kamel Mennour; son, amener le curseur sur 9:58) : http:\/\/www.europe1.fr\/emissions\/c-est-arrive-demain\/cest-arrive-demain-david-abiker-161016-2874278<\/p>\n<p>-A Pantin (93), la biennale &#8220;Emergences&#8221; des m\u00e9tiers d&#8217;art et du design (Xavier de Jarcy) : http:\/\/www.telerama.fr\/scenes\/biennale-emergences-a-pantin-bienvenue-dans-le-nouveau-brooklyn,148785.php#xtor=EPR<\/p>\n<p>-La mort de Louis Stettner, virtuose m\u00e9connu de la photographie (Luc Desbenoit) : http:\/\/www.telerama.fr\/scenes\/dans-les-pas-de-brassai-ou-doisneau-la-quete-d-identite-virtuose-de-louis-stettner,146538.php#xtor=EPR<\/p>\n<p><strong>-Le &#8220;j&#8217;accuse&#8221; des soci\u00e9t\u00e9s de journalistes contre le S\u00e9nat &#8220;qui remet en cause la libert\u00e9 d&#8217;expression&#8221;<\/strong>  :  http:\/\/www.telerama.fr\/medias\/le-senat-remet-en-cause-la-liberte-d-expression-le-j-accuse-des-societes-de-journalistes,148794.php#xtor=EPR<\/p>\n<p>-&#8220;Les sources des journalistes peuvent \u00eatre poursuivies. Un bricolage indigne&#8221; (dans l&#8217;\u00e9mission d&#8217;Alexandra  Ackoun; son) : https:\/\/www.franceinter.fr\/emissions\/regard-sur-les-medias\/regard-sur-les-medias-15-octobre-2016<\/p>\n<p><strong>-&#8220;Dans la peau d&#8217;un lanceur d&#8217;alerte&#8221; (&#8220;Envoy\u00e9 sp\u00e9cial&#8221; d&#8217;Elise Lucet; vid\u00e9o) :  <\/strong> http:\/\/www.francetvinfo.fr\/politique\/affaire\/luxleaks\/video-dans-la-peau-d-un-lanceur-d-alerte_1870257.html#xtor=EPR<\/p>\n<p>-France Culture lance sa matinale du samedi avec Caroline Brou\u00e9 (Ir\u00e8ne Verlaque) : http:\/\/www.telerama.fr\/radio\/france-culture-lance-sa-matinale-du-samedi,148152.php#xtor=EPR-126<\/p>\n<p>-Sur i-T\u00e9l\u00e9, le bras de fer entre Morandini et la r\u00e9daction continue (Richard S\u00e9n\u00e9joux) : http:\/\/www.telerama.fr\/medias\/morandini-sur-itele-le-bras-de-fer-avec-la-redaction-continue,148789.php#xtor=EPR<\/p>\n<p>-&#8220;Prenez vos ch\u00e8ques ou fermez vos gueules&#8221; (La direction de la cha\u00eene aux journalistes oppos\u00e9s \u00e0 son arriv\u00e9e; J\u00e9r\u00f4me Lefilli\u00e2tre) :                                                                                          http:\/\/www.liberation.fr\/futurs\/2016\/10\/14\/i-tele-avant-l-arrivee-de-morandini-prenez-vos-cheques-ou-fermez-vos-gueules_1521963?xtor=EPR<\/p>\n<p>-&#8220;Une agression sexuelle en direct chez Hanouna. Le CSA saisi&#8221; (Juliette Deborde) : http:\/\/www.liberation.fr\/futurs\/2016\/10\/14\/250-signalements-au-csa-apres-une-agression-sexuelle-en-direct-chez-hanouna_1521931?xtor=EPR<\/p>\n<p><strong>-Sur TF 1, un d\u00e9bat des candidats de la primaire de droite &#8220;qui vire \u00e0 la propagande gauchiste&#8221; (Samuel Gontier) <\/strong> :                                                                                                                  http:\/\/television.telerama.fr\/television\/sur-tf1-le-debat-des-candidats-a-la-primaire-de-droite-vire-a-la-propagande-gauchiste,148793.php#xtor=EPR<\/p>\n<p>-&#8220;Guillon 2017&#8221; (vid\u00e9o) : http:\/\/www.c8.fr\/c8-divertissement\/ms-salut-les-terriens\/pid7527-emission.html?vid=1420479<\/p>\n<p><strong>-La revue de presse d&#8217;Al\u00e9v\u00eaque (vid\u00e9o) : <\/strong><br \/>\nhttp:\/\/www.france2.fr\/emissions\/vivement-dimanche\/videos\/la_revue_de_presse_daleveque_02-10-2016_1301229?onglet=tous&#038;page=1<\/p>\n","protected":false},"excerpt":{"rendered":"<p>ACTUALITE -Dans 34 villes, des manifestations contre le CETA (vid\u00e9o) :http:\/\/www.francetvinfo.fr\/monde\/canada\/commerce-manifestations-contre-le-ceta_1874069.html -Le point de vue de la CGT : http:\/\/www.cgt.fr\/La-CGT-avec-la-societe-civile-se.html -&#8220;Le groupe PSA va supprimer plus de 2 000 postes en France l&#8217;an prochain&#8221; : http:\/\/www.francetvinfo.fr\/economie\/entreprises\/info-franceinfo-le-groupe-psa-va-supprimer-plus-de-2-000-postes-l-an-prochain-en-france_1876199.html#xtor=EPR -La tr\u00e8s rentable privatisation des autoroutes (Jacques Monin) : https:\/\/www.franceinter.fr\/emissions\/secrets-d-info\/secrets-d-info-15-octobre-2016 -L&#8217;enqu\u00eate de Maxime Fayolle (vid\u00e9o) : https:\/\/www.franceinter.fr\/societe\/la-tres-rentable-privatisation-des-societes-d-autoroutes -Un agriculteur [&hellip;]<\/p>\n","protected":false},"author":1042,"featured_media":0,"comment_status":"open","ping_status":"open","sticky":false,"template":"","format":"standard","meta":{"_themeisle_gutenberg_block_has_review":false,"footnotes":""},"categories":[151],"tags":[],"class_list":["post-9931","post","type-post","status-publish","format-standard","hentry","category-la-revue-de-presse-de-lulu"],"_links":{"self":[{"href":"https:\/\/archives.regards.fr\/index.php?rest_route=\/wp\/v2\/posts\/9931","targetHints":{"allow":["GET"]}}],"collection":[{"href":"https:\/\/archives.regards.fr\/index.php?rest_route=\/wp\/v2\/posts"}],"about":[{"href":"https:\/\/archives.regards.fr\/index.php?rest_route=\/wp\/v2\/types\/post"}],"author":[{"embeddable":true,"href":"https:\/\/archives.regards.fr\/index.php?rest_route=\/wp\/v2\/users\/1042"}],"replies":[{"embeddable":true,"href":"https:\/\/archives.regards.fr\/index.php?rest_route=%2Fwp%2Fv2%2Fcomments&post=9931"}],"version-history":[{"count":0,"href":"https:\/\/archives.regards.fr\/index.php?rest_route=\/wp\/v2\/posts\/9931\/revisions"}],"wp:attachment":[{"href":"https:\/\/archives.regards.fr\/index.php?rest_route=%2Fwp%2Fv2%2Fmedia&parent=9931"}],"wp:term":[{"taxonomy":"category","embeddable":true,"href":"https:\/\/archives.regards.fr\/index.php?rest_route=%2Fwp%2Fv2%2Fcategories&post=9931"},{"taxonomy":"post_tag","embeddable":true,"href":"https:\/\/archives.regards.fr\/index.php?rest_route=%2Fwp%2Fv2%2Ftags&post=9931"}],"curies":[{"name":"wp","href":"https:\/\/api.w.org\/{rel}","templated":true}]}}