{"id":9930,"date":"2016-10-15T07:27:42","date_gmt":"2016-10-15T05:27:42","guid":{"rendered":"https:\/\/wp.muchomaas.com\/article-la-revue-du-15-octobre-2016\/"},"modified":"2016-10-15T07:27:42","modified_gmt":"2016-10-15T05:27:42","slug":"article-la-revue-du-15-octobre-2016","status":"publish","type":"post","link":"https:\/\/archives.regards.fr\/?p=9930","title":{"rendered":"La Revue du 15 octobre 2016"},"content":{"rendered":"<p><strong>ACTUALITE<\/strong><\/p>\n<p><strong>-&#8220;Il manque 30 % de m\u00e9decins \u00e0 l&#8217;h\u00f4pital&#8221; (Fr\u00e9d\u00e9ric Valletoux, pr\u00e9sident de la F\u00e9d\u00e9ration hospitali\u00e8re de France; interrog\u00e9 par Guillaume Maujean; vid\u00e9o) : <\/strong> http:\/\/videos.lesechos.fr\/lesechos\/invite-des-echos\/il-manque-30-de-medecins-a-lhopital-frederic-valletoux\/umkfmf<\/p>\n<p>-Le docteur Michel Cymes combat les charlatans (vid\u00e9o) : http:\/\/www.francetvinfo.fr\/sante\/le-docteur-cymes-combat-les-charlatans_1871979.html<\/p>\n<p>-&#8220;L&#8217;h\u00f4pital sous pression&#8221;, en d\u00e9bat dans &#8220;\u00c7a vous regarde&#8221; sur LCP; vid\u00e9o) : http:\/\/www.lcp.fr\/emissions\/ca-vous-regarde\/279237-hopital-sauve-soignants-sacrifies<\/p>\n<p>-Les tarifs bancaires vont encore fortement progresser en 2017 (V\u00e9ronique Chocron) : http:\/\/www.lesechos.fr\/finance-marches\/banque-assurances\/0211389777421-les-tarifs-bancaires-vont-fortement-augmenter-en-2017-2034930.php#xtor=EPR<\/p>\n<p>-&#8220;Coup de chaud sur les frais bancaires&#8221; (Dominique Seux des &#8220;Echos&#8221;; son) : https:\/\/www.franceinter.fr\/emissions\/l-edito-eco\/l-edito-eco-14-octobre-2016<\/p>\n<p>-A Saint-Nazaire, l&#8217;Etat \u00e9carte toute nationalisation (Denis Cosnard) : http:\/\/www.lemonde.fr\/economie\/article\/2016\/10\/12\/a-saint-nazaire-l-etat-ecarte-toute-nationalisation_5012326_3234.html<\/p>\n<p><strong>-&#8220;Les burn-out ont explos\u00e9. Ce n&#8217;est toujours pas reconnu comme une maladie professionnelle&#8221; (Val\u00e9rie Segond, interrog\u00e9e par Nicolas Pierron; vid\u00e9o) : <\/strong> http:\/\/www.dailymotion.com\/video<br \/>\n\/x4xe16w_les-burn-out-ont-explose-ce-n-est-toujours-pas-reconnu-comme-une-maladie-professionnelle-valerie-se_news<\/p>\n<p><strong>-&#8220;Suicides \u00e0 la Poste, une lettre d&#8217;experts au vitriol&#8221; (vid\u00e9o) :<\/strong> http:\/\/www.lci.fr\/societe\/suicides-a-la-poste-la-lettre-au-vitriol-d-experts-a-l-attention-du-gouvernement-2007657.html<\/p>\n<p><em>-Leur lettre au PDG de la Poste et au gouvernement (documents) : <\/em><br \/>\nhttp:\/\/blogs.mediapart.fr\/abahcmoi\/blog\/141016\/8-cabinets-dexperts-ecrivent-au-pdg-de-la-poste?utm_source=global&#038;utm_medium=social&#038;utm_campaign=SharingApp&#038;xtor=CS3-5                                                 http:\/\/www.rtl.fr\/actu\/societe-faits-divers\/la-poste-la-lettre-des-experts-au-gouvernement-sur-la-sante-des-facteurs-7785277498<\/p>\n<p>-Plusieurs associations portent plainte contre EDF et Areva pour une anomalie dans un r\u00e9acteur \u00e0 Fessenheim :<br \/>\nhttp:\/\/www.lemonde.fr\/energies\/article\/2016\/10\/14\/des-associations-portent-plainte-contre-edf-et-areva-pour-une-anomalie-a-fessenheim_5013420_1653054.html<\/p>\n<p>-Une association favorable au projet d&#8217;a\u00e9roport de Notre-Dame-des-Landes fait livrer des cartons de d\u00e9m\u00e9nagement aux zadistes (vid\u00e9o) : http:\/\/nr.news-republic.com\/Web\/ArticleWeb.aspx?regionid=2&#038;articleid=75152023<\/p>\n<p>-A Paris, &#8220;l&#8217;Autolib'&#8221; cinq ans apr\u00e8s (Jean-Michel Normand; vid\u00e9o) : http:\/\/www.lemonde.fr\/m-voiture\/article\/2016\/10\/14\/l-autolib-cinq-ans-apres_5013822_4497789.html<\/p>\n<p><strong>-&#8220;Pour nous, \u00e7a va compl\u00e8tement de soi&#8221; (\u00e0 la fronti\u00e8re franco-italienne, des habitants accueillent des migrants; vid\u00e9o) <\/strong> : http:\/\/www.francetvinfo.fr\/monde\/europe\/migrants\/frontiere-franco-italienne-les-habitants-accueillent-les-refugies_1868991.html#xtor=EPR<\/p>\n<p>-A Calais, le HCR demande le maintien sur place de &#8220;structures de transit&#8221; (sa porte-parole C\u00e9line Schmitt; propos recueillis par Marion Degeorges) : http:\/\/www.lemonde.fr\/immigration-et-diversite\/article\/2016\/10\/14\/calais-meme-apres-le-demantelement-il-faudra-maintenir-des-infrastructures_5013967_1654200.html#xtor=AL-32280270<\/p>\n<p>-Le journal d&#8217;Outre-mer (Beno\u00eet Ferrand; son) : https:\/\/www.franceinter.fr\/emissions\/journal-d-outre-mer-1ere\/journal-d-outre-mer-1ere-14-octobre-2016<\/p>\n<p><strong>POLITIQUE<\/strong><\/p>\n<p>-Pierre Laurent \u00e9crit aux candidats et organisations de gauche : http:\/\/www.humanite.fr\/2017-pierre-laurent-ecrit-aux-candidats-et-organisations-de-gauche-618090<\/p>\n<p><em>-Sa lettre \u00e0 Jean-Luc M\u00e9lenchon (document) <\/em> :  http:\/\/www.humanite.fr\/sites\/default\/files\/jean-luc_melenchon.pdf<\/p>\n<p>-La pol\u00e9mique entre Fran\u00e7ois Hollande et les juges en quatre actes (Vincent Matalon) : http:\/\/www.francetvinfo.fr\/politique\/francois-hollande\/la-polemique-entre-francois-hollande-et-les-juges-en-quatre-actes_1870511.html#xtor=EPR<\/p>\n<p><em>-Fran\u00e7ois Hollande exprime ses regrets dans une lettre aux magistrats (document) : <\/em> http:\/\/www.bfmtv.com\/politique\/francois-hollande-ecrit-une-lettre-d-excuse-a-l-attention-des-magistrats-1047943.html#?xtor=EREC<\/p>\n<p><strong>-&#8220;Ces propos posent un probl\u00e8me institutionnel&#8221; (Antoine Garapon, secr\u00e9taire g\u00e9n\u00e9ral de l&#8217;Institut des Hautes \u00e9tudes sur la justice; invit\u00e9 d&#8217;Ali Baddou; vid\u00e9o) : <\/strong> http:\/\/www.dailymotion.com\/video\/x4xdut8_antoine-garapon-repond-aux-questions-d-ali-baddou_news<\/p>\n<p>-&#8220;Ce n&#8217;est pas rattrapable&#8221; (le magistrat Serge Portelli, cit\u00e9 par Thomas Leroy) : http:\/\/www.publicsenat.fr\/lcp\/politique\/propos-dhollande-justice-n-pas-rattrapable-affirme-magistrat-serge-portelli-1523325<\/p>\n<p>-&#8220;Je suis \u00e9tonn\u00e9 et d\u00e9boussol\u00e9. Il ne se facilite pas la t\u00e2che&#8221; (Jean-Christophe Cambad\u00e9lis; vid\u00e9o) : http:\/\/www.francetvinfo.fr\/politique\/francois-hollande\/video-confidences-de-hollande-je-suis-etonne-et-deboussole-estime-jean-christophe-cambadelis_1871745.html<\/p>\n<p><strong>-Son interview int\u00e9grale (vid\u00e9os) :<\/strong> http:\/\/www.rtl.fr\/actu\/politique\/primaire-de-la-droite-debat-c-etait-tres-barbant-selon-jean-christophe-cambadelis-7785278466?utm_campaign<\/p>\n<p>-&#8220;Je suis stup\u00e9fait&#8221; (Claude Bartolone, pr\u00e9sident de l&#8217;Assembl\u00e9e nationale qui &#8220;se pose des questions sur la volont\u00e9&#8221; de Fran\u00e7ois Hollande de se repr\u00e9senter) : http:\/\/www.francetvinfo.fr\/politique\/francois-hollande\/claude-bartolone-se-pose-des-questions-sur-la-volonte-de-francois-hollande-de-se-representer_1871763.html<\/p>\n<p>-Son interview dans &#8220;la Provence&#8221;, avec en vid\u00e9o, une r\u00e9action de Patrick Mennucci, d\u00e9put\u00e9 PS des Bouches-du-Rh\u00f4ne (propos recueillis par Fran\u00e7ois Tonneau) : http:\/\/www.francetvinfo.fr\/politique\/francois-hollande\/claude-bartolone-se-pose-des-questions-sur-la-volonte-de-francois-hollande-de-se-representer_1871763.html<\/p>\n<p>-&#8220;Un suicide politique&#8221; (Nicolas Winocur; vid\u00e9o) :                                http:\/\/www.itele.fr\/politique\/video\/le-dernier-livre-de-confidences-de-fhollande-un-suicide-politique-selon-nicolas-winocur-171532<\/p>\n<p>-&#8220;La personnalit\u00e9 qui a le plus plus progress\u00e9, c&#8217;est M. Poisson. Ils font la course \u00e0 l&#8217;\u00e9chalote des plus fortun\u00e9s. La voie est \u00e9troite et le chemin est long. Il faut parler aux Fran\u00e7ais et les journalistes ne sont pas forc\u00e9ment toujours l&#8217;interm\u00e9diaire id\u00e9al. La question de l&#8217;\u00e9lection pr\u00e9sidentielle est de savoir qui sera le mieux plac\u00e9 pour affronter le FN au second tour&#8221; (le secr\u00e9taire d&#8217;Etat Jean-Marie Le Guen; interrog\u00e9 par Jeff Wittenberg; vid\u00e9o) : http:\/\/www.france2.fr\/emissions\/telematin\/actu\/jean-marie-le-guen_515285<\/p>\n<p>-Le Commissaire europ\u00e9en PS Pierre Moscovici exhorte les candidats \u00e0 la pr\u00e9sidentielle \u00e0 &#8220;ne pas jouer avec les 3%&#8221; de d\u00e9ficit : http:\/\/www.euractiv.fr\/section\/euro-finances\/news\/moscovici-exhorte-les-candidats-a-la-presidentielle-a-ne-pas-jouer-avec-les-3-de-deficit\/?nl_ref=22684673<\/p>\n<p><strong>-&#8220;Je ne regrette pas de ne pas y avoir particip\u00e9. Je serai candidat quoiqu&#8217;il arrive. La primaire va choisir le candidat d&#8217;un camp alors que le Pr\u00e9sident de la R\u00e9publique est le candidat de la Nation&#8221; (Henri Guaino, d\u00e9put\u00e9 LR des Yvelines, qui trouve l\u00e9gitimes les critiques de Fran\u00e7ois Hollande sur l&#8217;appareil judiciaire; invit\u00e9 de &#8220;Territoires d&#8217;Info&#8221;; vid\u00e9o, amener le curseur sur 32:48) : h<\/strong>ttp:\/\/www.sudradio.fr\/Politique\/L-interview-politique\/Henri-Guaino-Je-serai-candidat-quoi-qu-il-arrive<\/p>\n<p>-&#8220;Nicolas Sarkozy est le plus en phase avec les inqui\u00e9tudes des Fran\u00e7ais&#8221; (Rachida Dati, eurod\u00e9put\u00e9e LR, face \u00e0 Micha\u00ebl Darmon; vid\u00e9o) : http:\/\/www.itele.fr\/chroniques\/invite-michael-darmon\/rachida-dati-nicolas-sarkozy-est-le-plus-en-phase-avec-les-inquietudes-des-francais-171510<\/p>\n<p>-&#8220;On a besoin d&#8217;un pr\u00e9sident qui prenne les r\u00eanes tout de suite&#8221; (Eric Woerth, d\u00e9put\u00e9 LR de l&#8217;Oise; interrog\u00e9 par Fr\u00e9d\u00e9ric Rivi\u00e8re; vid\u00e9o) : http:\/\/www.rfi.fr\/video\/20161014-eric-woerth-le-livre-confidences-francois-hollande-est-objet-politique-non-identifie<\/p>\n<p>-&#8220;Les propos \u00e0 l&#8217;encontre des magistrats sont insultants. Ce sont des propos hallucinants&#8221; (Il \u00e9tait l&#8217;invit\u00e9 du &#8220;Club de la presse&#8221; d&#8217;Europe 1; son) : http:\/\/www.europe1.fr\/emissions\/le-club-de-la-presse\/europe-soir-le-club-de-la-presse-eric-woerth-and-gerard-davet-et-fabrice-lhomme-13102016-2872339<\/p>\n<p>-&#8220;Il \u00e9tait content du d\u00e9bat. Il \u00e9tait le plus pr\u00e9sidentiel. Hormis  Nicolas Sarkozy, NKM a \u00e9t\u00e9 assez convaincante&#8221; (G\u00e9rald Darmanin, d\u00e9put\u00e9 LR du Nord; interrog\u00e9 par Audrey Crespo-Mara; vid\u00e9o) : http:\/\/www.lci.fr\/replay\/replay-l-invite-politique-du-14-octobre-2016-gerald-darmanin-2007670.html%3Ftype=content<\/p>\n<p>-&#8220;On a eu un d\u00e9bat de qualit\u00e9, c&#8217;\u00e9tait pas gagn\u00e9 d&#8217;avance&#8221; (Christian Jacob, pr\u00e9sident du groupe LR \u00e0 l&#8217;Assembl\u00e9e nationale; interrog\u00e9 par Guillaume Durand; vid\u00e9o) : http:\/\/www.dailymotion.com\/video\/x4xe1of<\/p>\n<p>-&#8220;J&#8217;ai trouv\u00e9 Nicolas Sarkozy, \u00e9nergique, fort sur le diagnostic. Ils ont tous \u00e9t\u00e9 ses ministres. On appartient tous \u00e0 la m\u00eame famille, d&#8217;inspiration lib\u00e9rale. Le changement ne peut pas \u00eatre mou. Je ne suis pas l&#8217;arbitre des \u00e9l\u00e9gances&#8221; (Fran\u00e7ois Baroin, s\u00e9nateur LR de l&#8217;Aube; interrog\u00e9 par Jean-Pierre Elkabbach; vid\u00e9o) : http:\/\/www.europe1.fr\/emissions\/l-interview-politique\/resultat-du-debat-comportement-et-discours-de-nicolas-sarkozy-programme-economique-campagne-electorale-et-fin-de-la-menace-hollande-francois-baroin-repond-aux-questions-de-jean-pierre-elkabbach-2872729<\/p>\n<p>-&#8220;C&#8217;\u00e9tait plut\u00f4t int\u00e9ressant. J&#8217;ai pu faire passer le message d&#8217;une voie de la modernit\u00e9. Je propose une r\u00e9forme fiscale d&#8217;ampleur. Il faut changer de syst\u00e8me. Je suis la seule \u00e0 ne pas proposer de supprimer l&#8217;ISF&#8221; (NKM, d\u00e9put\u00e9e LR de l&#8217;Essonne; interrog\u00e9e par Jean-Michel Apathie; vid\u00e9o) : http:\/\/www.dailymotion.com\/video\/x4xe993_debat-de-la-primaire-a-droite-je-voudrais-qu-on-respecte-les-temps-de-parole-nathalie-kosciusko-mori_news<\/p>\n<p><strong>-&#8220;Un format pareil ne permet pas un d\u00e9bat politique et des \u00e9changes de fond&#8221; (Jean-Fr\u00e9d\u00e9ric Poisson, d\u00e9put\u00e9 D\u00e9mocrate chr\u00e9tien des Yvelines; face \u00e0 Jean-Jacques Bourdin; vid\u00e9o) :<\/strong>  http:\/\/www.bfmtv.com\/mediaplayer\/video\/jean-frederic-poisson-face-a-jean-jacques-bourdin-en-direct-876229.html<\/p>\n<p>-Jean-Christophe Lagarde, pr\u00e9sident de l&#8217;UDI, ne soutiendra pas &#8220;automatiquement&#8221; le vainqueur de la primaire de droite (vid\u00e9o) : http:\/\/www.lcp.fr\/la-politique-en-video\/lagarde-udi-annonce-quil-ne-soutiendra-pas-automatiquement-le-vainqueur-de-la<\/p>\n<p>-Il \u00e9tait invit\u00e9 de &#8220;Parlement Hebdo&#8221; (vid\u00e9o, amener le curseur sur 2:07) : http:\/\/www.lcp.fr\/emissions\/parlement-hebdo\/280369-parlement-hebdo<\/p>\n<p>-&#8220;La droite a toute les raisons de se f\u00e9liciter. Elle se retourne sur elle-m\u00eame dans un lib\u00e9ralisme sans faille; Ce ne sont pas  des pitres comme aux Etats-Unis&#8221; (Philippe Tesson et Luc Ferry; vid\u00e9o) : http:\/\/www.dailymotion.com\/video\/x4xe1ye_la-droite-a-toutes-les-raisons-de-se-feliciter-philippe-tesson-14-10-2016_news<\/p>\n<p>-&#8220;Beaucoup de chiffres, pas beaucoup de d\u00e9bat, pas d&#8217;\u00e9changes&#8221; (St\u00e9phanie Colli\u00e9; vid\u00e9o) : http:\/\/rmc.bfmtv.com\/mediaplayer\/video\/debat-de-la-primaire-a-droite-beaucoup-de-chiffres-pas-beaucoup-de-debat-876193.html<\/p>\n<p><strong>-&#8220;Alain Jupp\u00e9 a gagn\u00e9 parce qu&#8217;il n&#8217;a pas perdu&#8221; (Alba Ventura; vid\u00e9o) :<\/strong> http:\/\/www.rtl.fr\/actu\/politique\/primaire-a-droite-alain-juppe-ne-s-est-pas-mis-sur-deux-roues-dit-alba-ventura-7785278566<\/p>\n<p>-&#8220;La forme a st\u00e9rilis\u00e9 le fond&#8221; (Christophe Barbier; vid\u00e9o) : http:\/\/www.bfmtv.com\/mediaplayer\/video\/l-edito-de-christophe-barbier-la-forme-a-sterilise-le-fond-lors-du-debat-de-la-droite-876217.html<\/p>\n<p><strong>-&#8220;La droite n&#8217;a jamais \u00e9t\u00e9 aussi \u00e0 droite au plan \u00e9conomique. C&#8217;est la logique reaganienne &#8221; (Fran\u00e7ois Lenglet; vid\u00e9o) :<\/strong> http:\/\/www.rtl.fr\/actu\/conso\/primaire-de-la-droite-un-programme-de-l-avant-crise-financiere-7785278610<\/p>\n<p>-&#8220;Ce qui les unissait \u00e9tait plus important que ce qui les s\u00e9parait. On est pass\u00e9 \u00e0 un d\u00e9bat \u00e0 sept, alors qu&#8217;on l&#8217;attendait \u00e0 deux&#8221; (Guillaume Tabard du &#8220;Figaro&#8221;; son) : http:\/\/www.radioclassique.fr\/player\/progaction\/iniPlayer\/podcast\/les-coulisses-du-pouvoir-2016-10-14-08-16-17.html<\/p>\n<p>-&#8220;C&#8217;est un d\u00e9bat qui fait honneur aux journalistes et \u00e0 la classe politique. La vraie d\u00e9ception, c&#8217;est Bruno Le Maire&#8221; (Alain Minc qui soutient Alain Jupp\u00e9; son) : http:\/\/www.radioclassique.fr\/player\/progaction\/iniPlayer\/podcast\/linvite-du-matin-2016-10-14-07-48-20.html<\/p>\n<p>-&#8220;Une bataille entre les anciens et les figures du renouveau&#8221; (Yves Thr\u00e9ard du &#8220;Figaro&#8221;; vid\u00e9o) :  http:\/\/www.europe1.fr\/emissions\/ledito-politique-dyves-threard\/debat-une-bataille-entre-les-anciens-et-les-figures-du-renouveau-2872609<\/p>\n<p>-&#8220;C&#8217;\u00e9tait tr\u00e8s tendu, ils \u00e9taient tous marqu\u00e9s physiquement&#8221; (Elizabeth Martichoux; vid\u00e9o) : http:\/\/www.rtl.fr\/actu\/politique\/primaire-de-la-droite-le-debat-etait-tres-tendu-raconte-elizabeth-martichoux-7785278895<\/p>\n<p>-&#8220;Un d\u00e9bat en apn\u00e9e&#8221; (Thomas Legrand; son) : https:\/\/www.franceinter.fr\/emissions\/l-edito-politique\/l-edito-politique-14-octobre-2016<\/p>\n<p>-&#8220;Qui a tir\u00e9 son \u00e9pingle du jeu ?&#8221; (le d\u00e9bat des \u00e9ditorialistes sur BFMTV; vid\u00e9o) : http:\/\/www.bfmtv.com\/mediaplayer\/video\/debat-de-la-primaire-de-la-droite-qui-a-tire-son-epingle-du-jeu-876183.html<\/p>\n<p>-&#8220;Trois intox rep\u00e9r\u00e9es pendant le d\u00e9bat&#8221; (vid\u00e9o) : http:\/\/www.lemonde.fr\/politique\/video\/2016\/10\/14\/trois-intox-reperees-pendant-le-debat-des-candidats-de-la-primaire-a-droite_5013405_823448.html<\/p>\n<p><em>-L&#8217;impact du d\u00e9bat sur le vote (ODOXA)<\/em> : http:\/\/www.odoxa.fr\/les-francais-comptent-bien-suivre-le-premier-debat-de-la-primaire-de-droite\/<\/p>\n<p><em>-Alain Jupp\u00e9 confort\u00e9 comme meilleure chance de la droite (ODOXA) : <\/em> http:\/\/www.odoxa.fr\/alain-juppe-profite-du-debat-pour-progresser-sur-sa-capacite-a-faire-gagner-son-camp\/<\/p>\n<p>-&#8220;On conna\u00eet Nicolas Sarkozy, il fait campagne sur les th\u00e8mes du FN et une fois qu&#8217;il est \u00e9lu, il fait le contraire&#8221; (Louis Alliot, eurod\u00e9put\u00e9 FN; vid\u00e9o) : http:\/\/www.lci.fr\/politique\/louis-aliot-fn-sarkozy-fait-campagne-tres-a-droite-mais-gouverne-tres-a-gauche-2007454.html<\/p>\n<p>-&#8220;Coup de foudre intellectuel au sommet du FN&#8221; (vid\u00e9o) : http:\/\/www.francetvinfo.fr\/politique\/front-national\/video-coup-de-foudre-au-sommet-du-fn_1868845.html#xtor=EPR<\/p>\n<p><em>-Les valeurs partag\u00e9es par LR et le FN (HARRIS) : <\/em> http:\/\/harris-interactive.fr\/opinion_polls\/les-valeurs-partagees-par-les-republicains-et-par-le-front-national\/<\/p>\n<p>-&#8220;Moi Pr\u00e9sident. Cyril, 26 ans qui veut revenir au Moyen-Age. Avec Herv\u00e9 Pauchon; son) : https:\/\/www.franceinter.fr\/emissions\/moi-president\/moi-president-14-octobre-2016<\/p>\n<p><em>-Le tableau de bord des personnalit\u00e9s (IFOP) :<\/em> http:\/\/www.ifop.com\/?option=com_publication&#038;type=poll&#038;id=3518<\/p>\n<p><em>-La place accord\u00e9e \u00e0 l&#8217;islam dans le d\u00e9bat public (IFOP) <\/em> : http:\/\/www.ifop.com\/?option=com_publication&#038;type=poll&#038;id=3519<\/p>\n<p><strong>EUROPE-MONDE<\/strong><\/p>\n<p>-&#8220;La Commission europ\u00e9enne poursuivie en justice sur la l\u00e9galit\u00e9 des tribunaux d&#8217;arbitrage&#8221; (James Crisp) : http:\/\/www.euractiv.fr\/section\/justice-affaires-interieures\/news\/commission-faces-eu-court-battle-over-secret-ttip-documents\/?nl_ref=22684673<\/p>\n<p>-&#8220;Valls et Trudeau d\u00e9fendent le CETA&#8221; (vid\u00e9o) : http:\/\/nr.news-republic.com\/Web\/ArticleWeb.aspx?regionid=2&#038;articleid=75127967<\/p>\n<p>-Les eurod\u00e9put\u00e9s d\u00e9plorent les insuffisances de l&#8217;accord sur l&#8217;aviation (Jorge Valero) : http:\/\/www.euractiv.fr\/section\/climat-environnement\/news\/global-deal-to-curb-aviation-emissions-not-enough-meps-warn\/?nl_ref=22684673<\/p>\n<p><strong>-&#8220;Incertitudes sur le financement de la lutte contre le ch\u00f4mage des jeunes en Europe&#8221; (C\u00e9cile Barbi\u00e8re) :<\/strong> http:\/\/www.euractiv.fr\/section\/all\/news\/incertitudes-sur-le-financement-de-la-lutte-contre-chomage-des-jeunes-en-europe\/?nl_ref=22684673<\/p>\n<p>-Merkel se tourne vers l&#8217;Afrique pour r\u00e9pondre \u00e0 la crise migratoire  : http:\/\/www.euractiv.fr\/section\/aide-au-developpement\/news\/merkel-se-tourne-vers-lafrique-pour-repondre-a-la-crise-migratoire\/?nl_ref=22684673<\/p>\n<p>-&#8220;Une mauvaise semaine pour la premi\u00e8re ministre britannique&#8221; (Hughes Beaudoin; son) : http:\/\/www.radioclassique.fr\/player\/progaction\/initPlayer\/podcast\/2016-10-13-19-08-00.html<\/p>\n<p>-&#8220;Londres n&#8217;implique pas l&#8217;Ecosse dans les discussions sur le Brexit&#8221; (Fiona Hyslop, ministre \u00e9cossaise de la Culture; propos recueillis par Daniela Vincenti) : http:\/\/www.euractiv.fr\/section\/royaume-uni-en-europe\/interview\/scottish-minister-uk-in-post-empire-syndrome-needs-to-find-a-new-identity\/?nl_ref=22684673<\/p>\n<p>-Les Ecossais pourraient \u00eatre rappel\u00e9s aux urnes : http:\/\/www.euractiv.fr\/section\/royaume-uni-en-europe\/news\/les-ecossais-pourraient-etre-rappeles-aux-urnes\/?nl_ref=22684673<\/p>\n<p>-&#8220;Gibraltar lance une bou\u00e9e vers l&#8217;Union europ\u00e9enne pour \u00e9chapper au Brexit&#8221; (Georgi Gotev) : http:\/\/www.euractiv.fr\/section\/royaume-uni-en-europe\/news\/gibraltar-wants-special-arrangement-in-brexit-treaty\/?nl_ref=22684673<\/p>\n<p><strong>-A la FIFA, &#8220;tout change pour que rien ne change&#8221; (Laurent Favre) : <\/strong> https:\/\/www.letemps.ch\/sport\/2016\/10\/14\/fifa-change-rien-ne-change?utm_source<\/p>\n<p>-&#8220;L&#8217;irrationalit\u00e9 de M. Poutine&#8221; (Bernard Guetta; son) : https:\/\/www.franceinter.fr\/emissions\/geopolitique\/geopolitique-14-octobre-2016<\/p>\n<p>-Au Nigeria, 21 lyc\u00e9ennes lib\u00e9r\u00e9es par le groupe djihadiste Boko Haram : http:\/\/www.lemonde.fr\/afrique\/article\/2016\/10\/13\/nigeria-21-lyceennes-de-chibok-liberees-par-le-groupe-djihadiste-boko-haram_5013218_3212.html<\/p>\n<p><strong>-&#8220;Michelle Obama, la dignit\u00e9 d\u00e9mocratique&#8221; (St\u00e9phane Bussard) : <\/strong> https:\/\/www.letemps.ch\/monde\/2016\/10\/14\/michelle-obama-dignite-democratique?utm_source<\/p>\n<p>-En Colombie, le cessez-le feu avec les FARC prolong\u00e9 jusqu&#8217;au 31 d\u00e9cembre : http:\/\/www.lemonde.fr\/ameriques\/article\/2016\/10\/14\/en-colombie-le-cessez-le-feu-avec-les-farc-prolonge-jusqu-au-31-decembre_5013397_3222.html<\/p>\n<p><strong>-Selon l&#8217;UNICEF, cinq enfants sur six, \u00e2g\u00e9s de moins de deux ans, ne mangent pas \u00e0 leur faim (vid\u00e9o) :     <\/strong><br \/>\nhttp:\/\/www.lci.fr\/international\/cinq-enfants-sur-six-ages-de-moins-de-deux-ans-ne-mangent-pas-a-leur-faim-selon-l-unicef-2007816.html%3Ftype=content<\/p>\n<p><strong>-Un sommet mondial sur les gaz les plus dangereux pour le r\u00e9chauffement climatique (Baptiste Gaborit; son) <\/strong> : http:\/\/www.radioclassique.fr\/player\/progaction\/iniPlayer\/podcast\/3-minutes-pour-la-planete-2016-10-14-06-45-00.html<\/p>\n<p><strong>-Monsanto accus\u00e9 &#8220;d&#8217;\u00e9cocide&#8221; (vid\u00e9o) <\/strong> : http:\/\/www.itele.fr\/monde\/video\/un-tribunal-international-informel-accuse-monsanto-decocide-171526<\/p>\n<p><strong>CULTURE-MEDIAS<\/strong><\/p>\n<p><strong>-Pendant six semaines, \u00e0 partir du 27 octobre, une heure de cours gratuite par semaine pour d\u00e9couvrir Oscar Wilde, gr\u00e2ce \u00e0 Pascal Aquien, professeur de litt\u00e9rature anglaise \u00e0 la Sorbonne (Emmanuelle Skyvington; vid\u00e9os) : <\/strong> http:\/\/www.telerama.fr\/livre\/avec-un-mooc-decouvrez-tout-oscar-wilde-en-six-heures,148442.php#xtor=EPR<\/p>\n<p>-Le site d&#8217;accueil : https:\/\/www.edx.org\/course\/oscar-wilde-ecrivain-et-penseur-du-sorbonnex-ll001x<\/p>\n<p>-&#8220;Le salafisme n&#8217;est pas le sas d&#8217;entr\u00e9e du terrorisme&#8221; (le politologue Olivier Roy; propod recueillis par Fr\u00e9d\u00e9ric Koller) : https:\/\/www.letemps.ch\/monde\/2016\/10\/14\/olivier-roy-salafisme-nest-sas-dentree-terrorisme?utm_source<\/p>\n<p><strong>-&#8220;L&#8217;archipel d&#8217;une autre vie&#8221;, le nouveau roman d&#8217;Andre\u00ef Makine, membre de l&#8217;Acad\u00e9mie fran\u00e7aise. Il \u00e9tait l&#8217;invit\u00e9 d&#8217;Augustin Trapenard (son) : <\/strong> https:\/\/www.franceinter.fr\/emissions\/boomerang\/boomerang-14-octobre-2016<\/p>\n<p><strong>-Demain dimanche, au th\u00e9\u00e2tre G\u00e9rard-Philipe de Saint-Denis (93), la derni\u00e8re de &#8220;Le Suicid\u00e9&#8221; de  Jean Bellorini (Emmanuelle Bouchez) <\/strong> : http:\/\/www.telerama.fr\/scenes\/le-suicide,148508.php<\/p>\n<p>-&#8220;Bob Dylan a rendu la po\u00e9sie au peuple&#8221; (son ami Hugues Auffray; vid\u00e9o) : http:\/\/rmc.bfmtv.com\/mediaplayer\/video\/bob-dylan-prix-nobel-de-litterature-il-a-rendu-la-poesie-au-peuple-876233.html<\/p>\n<p>-Il l&#8217;a chant\u00e9 sur le plateau de &#8220;Bourdin Direct&#8221; (vid\u00e9o) : http:\/\/rmc.bfmtv.com\/mediaplayer\/video\/quand-hugues-aufray-chante-bob-dylan-sur-le-plateau-de-bourdin-direct-876231.html<\/p>\n<p><strong>-&#8220;Like \u00e0 Prix Nobel&#8221; (Rebecca Manzoni; vid\u00e9o) : <\/strong> https:\/\/www.franceinter.fr\/emissions\/moi-president\/moi-president-14-octobre-2016<\/p>\n<p>-&#8220;Je ne veux pas mourir ce soir&#8221; et &#8220;A Pr\u00e9sent&#8221; (Vincent Delerm; vid\u00e9os) : http:\/\/www.rfi.fr\/video\/20161014-vincent-delerm-chante-je-veux-pas-mourir-soir-bande-passante-rfi                                                                    http:\/\/www.rfi.fr\/video\/20161014-vincent-delerm-chante-present-bande-passante-rfi<\/p>\n<p><strong>-&#8220;La droite traite les gens pauvres comme si c&#8217;\u00e9tait de leur faute&#8221; (Ken Loach \u00e9tait l&#8217;invit\u00e9 de la matinale de France Inter. Il a r\u00e9pondu aux questions de Patrick Cohen et des auditeurs; vid\u00e9os) :<\/strong>  http:\/\/www.dailymotion.com\/video\/x4xdx5v_ken-loach-repond-aux-questions-de-patrick-cohen_news                                                                                                                                    http:\/\/www.dailymotion.com\/video\/x4xe16l_ken-loach-repond-aux-questions-des-auditeurs-de-france-inter_news<\/p>\n<p>-Le making off de &#8220;Snowden&#8221;, le film d&#8217;Oliver Stone (vid\u00e9o) : http:\/\/www.lci.fr\/cinema\/video-snowden-making-of-exclusif-du-film-d-oliver-stone-2007588.html<\/p>\n<p>-Dans &#8220;Sonita&#8221;, &#8220;j&#8217;ai pr\u00e9f\u00e9r\u00e9 \u00eatre authentique, quitte \u00e0 renoncer \u00e0 l&#8217;objectivit\u00e9&#8221; (la documentariste iranienne Rokhsareh Ghaem Maghami; propos recueillis par Nicolas Didier; vid\u00e9o) : http:\/\/www.telerama.fr\/cinema\/rokhsareh-ghaem-maghami-dans-sonita-j-ai-prefere-etre-authentique-quitte-a-renoncer-a-l-objectivite,148763.php#xtor=EPR<\/p>\n<p>-&#8220;On les dit violents, \u00e0 la sexualit\u00e9 tr\u00e8s crue, mes films ressemblent \u00e0 ma vie&#8221; (Gaspar No\u00e9, dans sa master class \u00e0 Lyon; entretien r\u00e9alis\u00e9 par J\u00e9r\u00e9mie Couston; vid\u00e9os) : http:\/\/www.telerama.fr\/cinema\/gaspar-noe-on-dit-que-mes-films-sont-violents-et-la-sexualite-tres-crue-ils-ressemblent-a-ma-vie,148746.php#xtor=EPR<\/p>\n<p>-&#8220;Affaire priv\u00e9e&#8221;, le film de Patric Jean sur les violences conjugales (vid\u00e9o) :<br \/>\nhttp:\/\/www.50-50magazine.fr\/2016\/10\/12\/affaire-privee-un-film-de-patric-jean-sur-les-violences-conjugales\/<\/p>\n<p><strong>-&#8220;J&#8217;ai toujours pens\u00e9 qu&#8217;aller au cin\u00e9ma, c&#8217;\u00e9tait perdre son temps&#8221; (Serge Toubiana qui dirigea la Cin\u00e9math\u00e8que fran\u00e7aise; entretien r\u00e9alis\u00e9 par J\u00e9r\u00f4me Badie) :<\/strong> http:\/\/www.lemonde.fr\/tant-de-temps\/article\/2016\/10\/14\/serge-toubiana-j-ai-toujours-pense-qu-aller-au-cinema-c-etait-perdre-son-temps_5013471_4598196.html<\/p>\n<p><strong>-Pierre Etaix est mort \u00e0 l&#8217;\u00e2ge de 87 ans. En 2009, Laure Adler le recevait (son et vid\u00e9o)<\/strong> : http:\/\/www.franceculture.fr\/cinema\/le-cineaste-et-clown-pierre-etaix-est-mort# <\/p>\n<p>-Brian Shimkovitz, passionn\u00e9 de musique africaines  (Anne Berthod; sons) : http:\/\/www.telerama.fr\/musique\/brian-shimkovitz-l-orpailleur-des-sons-d-afrique,148712.php#xtor=EPR<\/p>\n<p>-Les 10 petites choses que vous ne saviez peu-\u00eatre pas sur Beethoven (Nathalie Moller, avec son 5e concerto pour piano; son) : http:\/\/www.francemusique.fr\/classique\/les-10-petites-choses-que-vous-ne-saviez-peut-etre-pas-sur-beethoven-144809<\/p>\n<p>-Jusqu&#8217;au 29 janvier 2017 \u00e0 la Philharmonie de Paris, l&#8217;exposition &#8220;Beethoven, ce h\u00e9ros&#8221; (Philippe Venturini) : http:\/\/www.lesechos.fr\/week-end\/culture\/expositions\/0211382919260-beethoven-ce-heros-2035108.php?1HSyjjIJHkjljIuB.99#<\/p>\n<p>-&#8220;La vision tordue de la BD de Pierre La Police&#8221; (propos recueillis par Vincent Brunner) : http:\/\/www.telerama.fr\/sortir\/eau-de-vie-spams-et-repassage-pierre-la-police-raconte-sa-vision-tordue-de-la-bd,148734.php#xtor=EPR<\/p>\n<p><strong>-&#8220;Les s\u00e9nateurs valident une libert\u00e9 d&#8217;expression \u00e0 deux vitesses&#8221; (Olivier Tesquet) :<\/strong> http:\/\/www.telerama.fr\/medias\/les-senateurs-disent-oui-a-une-liberte-d-expression-a-deux-vitesses,148752.php#xtor=EPR<\/p>\n<p>-BFM Paris part \u00e0 la conqu\u00eate des Franciliens (Lucas Armati) : http:\/\/www.telerama.fr\/medias\/bfm-paris-part-a-la-conquete-des-franciliens,148768.php#xtor=EPR<\/p>\n<p>-&#8220;Dans sa p\u00eache aux abonn\u00e9s, Canal + ratisse large&#8221; (Richard S\u00e9n\u00e9joux) : http:\/\/television.telerama.fr\/television\/dans-sa-peche-aux-abonnes-canal-ratisse-large,148765.php#xtor=EPR<\/p>\n<p>-La minis\u00e9rie &#8220;National Treasure&#8221; sur Channel 4 (S\u00e9bastien Bauge; vid\u00e9os) : http:\/\/www.telerama.fr\/series-tv\/national-treasure-la-miniserie-hantee-par-le-fantome-de-jimmy-savile,148512.php#xtor=EPR<\/p>\n<p>-&#8220;Je demande \u00e0 mes coll\u00e8gues d&#8217;i-T\u00e9l\u00e9 de respecter mes droits et de me laisser travailler&#8221; (Jean-Marc Morandini) : http:\/\/www.lemonde.fr\/actualite-medias\/article\/2016\/10\/13\/morandini-je-demande-a-mes-confreres-d-i-tele-de-respecter-mes-droits-et-de-me-laisser-travailler_5013359_3236.html<\/p>\n<p>-5,6 millions de t\u00e9l\u00e9spectateurs sur TF1 pour suivre le d\u00e9bat des candidats \u00e0 la primaire de droite, mieux qu&#8217;en 2011 pour celui des socialistes (vid\u00e9os) : http:\/\/www.lci.fr\/culture\/audiences-tv-le-premier-debat-des-republicains-fait-un-carton-sur-tf1-2007667.html%3Ftype=content<\/p>\n<p>-&#8220;C&#8217;est un succ\u00e8s pour TF 1&#8221; (Marc Baudriller; son) :<br \/>\nhttp:\/\/www.radioclassique.fr\/player\/progaction\/iniPlayer\/podcast\/la-vie-des-medias-2016-10-14-07-41-35.html<\/p>\n<p>-&#8220;Am\u00e9ricanisation !&#8221; (Sonia Devillers; vid\u00e9o) : http:\/\/www.dailymotion.com\/video\/x4x829u_le-debat-des-primaires-a-droite-sur-tf1-l-instant-tele_news<\/p>\n<p><strong>-Le d\u00e9bat r\u00e9sum\u00e9 en sept chansons de Bob Dylan (Daic Audouit; vid\u00e9os) : <\/strong> http:\/\/france3-regions.francetvinfo.fr\/paris-ile-de-france\/debat-primaire-resume-7-chansons-bob-dylan-1108615.html#xtor=EPR<\/p>\n<p>-&#8220;\u00c7a c&#8217;est du VTT !&#8221; (vid\u00e9o) : http:\/\/www.francetvinfo.fr\/sports\/video-sur-des-toits-ou-sous-l-eau-un-pro-du-vtt-realise-des-figures-epoustouflantes_1868779.html#xtor=EPR<\/p>\n<p>&#8211;<strong>&#8220;Fran\u00e7ois Fillon, un petit c\u00f4t\u00e9 Fred aust\u00e8re&#8221; (Nicolas Canteloup; son) :<\/strong> http:\/\/www.europe1.fr\/emissions\/la-revue-de-presque\/francois-fillon-un-petit-cote-fred-austere-2872769<\/p>\n<p><strong>-&#8220;Fran\u00e7ois Hollande, pr\u00e9sident pipelette&#8221; (Charline Vanhoenacker; vid\u00e9o) :<\/strong> http:\/\/www.dailymotion.com\/video\/x4xdtbp_francois-hollande-president-pipelette-le-billet-de-charline_fun<\/p>\n<p><strong>-&#8220;Gloire \u00e0 Harold Manning, traducteur, interpr\u00e8te de Ken Loach&#8221; (Fran\u00e7ois Morel; vid\u00e9o) <\/strong> : http:\/\/www.dailymotion.com\/video\/x4xdy81_gloire-a-harold-manning-traducteur-interprete-de-ken-loach-le-billet-de-francois-morel_fun<\/p>\n","protected":false},"excerpt":{"rendered":"<p>ACTUALITE -&#8220;Il manque 30 % de m\u00e9decins \u00e0 l&#8217;h\u00f4pital&#8221; (Fr\u00e9d\u00e9ric Valletoux, pr\u00e9sident de la F\u00e9d\u00e9ration hospitali\u00e8re de France; interrog\u00e9 par Guillaume Maujean; vid\u00e9o) : http:\/\/videos.lesechos.fr\/lesechos\/invite-des-echos\/il-manque-30-de-medecins-a-lhopital-frederic-valletoux\/umkfmf -Le docteur Michel Cymes combat les charlatans (vid\u00e9o) : http:\/\/www.francetvinfo.fr\/sante\/le-docteur-cymes-combat-les-charlatans_1871979.html -&#8220;L&#8217;h\u00f4pital sous pression&#8221;, en d\u00e9bat dans &#8220;\u00c7a vous regarde&#8221; sur LCP; vid\u00e9o) : http:\/\/www.lcp.fr\/emissions\/ca-vous-regarde\/279237-hopital-sauve-soignants-sacrifies -Les tarifs bancaires vont encore fortement [&hellip;]<\/p>\n","protected":false},"author":1042,"featured_media":0,"comment_status":"open","ping_status":"open","sticky":false,"template":"","format":"standard","meta":{"_themeisle_gutenberg_block_has_review":false,"footnotes":""},"categories":[151],"tags":[],"class_list":["post-9930","post","type-post","status-publish","format-standard","hentry","category-la-revue-de-presse-de-lulu"],"_links":{"self":[{"href":"https:\/\/archives.regards.fr\/index.php?rest_route=\/wp\/v2\/posts\/9930","targetHints":{"allow":["GET"]}}],"collection":[{"href":"https:\/\/archives.regards.fr\/index.php?rest_route=\/wp\/v2\/posts"}],"about":[{"href":"https:\/\/archives.regards.fr\/index.php?rest_route=\/wp\/v2\/types\/post"}],"author":[{"embeddable":true,"href":"https:\/\/archives.regards.fr\/index.php?rest_route=\/wp\/v2\/users\/1042"}],"replies":[{"embeddable":true,"href":"https:\/\/archives.regards.fr\/index.php?rest_route=%2Fwp%2Fv2%2Fcomments&post=9930"}],"version-history":[{"count":0,"href":"https:\/\/archives.regards.fr\/index.php?rest_route=\/wp\/v2\/posts\/9930\/revisions"}],"wp:attachment":[{"href":"https:\/\/archives.regards.fr\/index.php?rest_route=%2Fwp%2Fv2%2Fmedia&parent=9930"}],"wp:term":[{"taxonomy":"category","embeddable":true,"href":"https:\/\/archives.regards.fr\/index.php?rest_route=%2Fwp%2Fv2%2Fcategories&post=9930"},{"taxonomy":"post_tag","embeddable":true,"href":"https:\/\/archives.regards.fr\/index.php?rest_route=%2Fwp%2Fv2%2Ftags&post=9930"}],"curies":[{"name":"wp","href":"https:\/\/api.w.org\/{rel}","templated":true}]}}