{"id":9928,"date":"2016-10-14T07:33:24","date_gmt":"2016-10-14T05:33:24","guid":{"rendered":"https:\/\/wp.muchomaas.com\/article-la-revue-du-14-octobre-2016\/"},"modified":"2016-10-14T07:33:24","modified_gmt":"2016-10-14T05:33:24","slug":"article-la-revue-du-14-octobre-2016","status":"publish","type":"post","link":"https:\/\/archives.regards.fr\/?p=9928","title":{"rendered":"La Revue du 14 octobre 2016"},"content":{"rendered":"<p><strong>ACTUALITE<\/strong><\/p>\n<p><strong>-&#8220;La mutation de la Poste a-t-elle enfant\u00e9 un malaise social ?&#8221; (Pierre Mani\u00e8re) : <\/strong> http:\/\/www.latribune.fr\/technos-medias\/la-mutation-de-la-poste-a-t-elle-enfante-un-malaise-social-607116.html#xtor=EPR<\/p>\n<p>-&#8220;Le transport a\u00e9rien a besoin d&#8217;une autre strat\u00e9gie&#8221; (la CGT) : http:\/\/www.cgt.fr\/Le-transport-aerien-a-besoin-d-une.html<\/p>\n<p>-La taxe fonci\u00e8re fait grogner (vid\u00e9o) : http:\/\/www.francetvinfo.fr\/economie\/immobilier\/impots-la-taxe-fonciere-fait-grogner_1870199.html<\/p>\n<p>-&#8220;Nos routes se d\u00e9gradent et deviennent dangereuses&#8221; (vid\u00e9o) : http:\/\/rmc.bfmtv.com\/mediaplayer\/video\/nos-routes-se-degradent-et-deviennent-dangereuses-875845.html<\/p>\n<p>-&#8220;Les salari\u00e9s toujours plus nombreux \u00e0 investir dans leurs entreprises&#8221;http:\/\/www.francetvinfo.fr\/economie\/emploi\/recherche-d-emploi\/secteurs-porteurs\/les-salaries-toujours-plus-nombreux-a-investir-dans-leurs-entreprises_1870703.html#xtor=EPR<\/p>\n<p><strong>-&#8220;L&#8217;arnaque des assurances obs\u00e8ques&#8221; (vid\u00e9o) : <\/strong> http:\/\/www.francetvinfo.fr\/economie\/votre-argent\/fin-de-vie-l-arnaque-des-assurances-obseques_1870209.html<\/p>\n<p>-&#8220;Les Brutes en blanc&#8221;, un ouvrage de Martin Winckler sur les m\u00e9decins maltraitant (invit\u00e9 de Marie-Sophie Lacarrau; vid\u00e9o) : http:\/\/www.francetvinfo.fr\/france\/les-brutes-en-blanc-un-ouvrage-qui-denonce-le-comportement-des-medecins_1870457.html<\/p>\n<p><strong>-De nouveaux probl\u00e8mes pour la vue (Laurent Vacherot d&#8217;Essilor; son) : <\/strong> http:\/\/www.radioclassique.fr\/player\/progaction\/iniPlayer\/podcast\/linvite-de-leconomie-2016-10-13-07-15-00.html<\/p>\n<p>-Fortes pluies dans le Sud de la France (vid\u00e9os) : http:\/\/www.francetvinfo.fr\/meteo\/inondations\/fortes-pluies-dans-le-sud-de-la-france-les-ecoles-de-l-herault-fermees_1870227.html http:\/\/www.francetvinfo.fr\/meteo\/inondations\/inondations-dans-l-herault\/sud-de-la-france-alerte-aux-inondations_1870223.html<\/p>\n<p>-La Normandie c\u00e9l\u00e8bre Guillaume le Conqu\u00e9rant (vid\u00e9o) : http:\/\/www.francetvinfo.fr\/sciences\/histoire\/la-normandie-celebre-guillaume-le-conquerant_1870203.html<\/p>\n<p><strong>-&#8220;Muesli, des pesticides dans les c\u00e9r\u00e9ales&#8221; (vid\u00e9o) :<\/strong> http:\/\/www.francetvinfo.fr\/france\/muesli-des-pesticides-dans-les-cereales_1866985.html#xtor=EPR<\/p>\n<p>-Selon l&#8217;OMS, Roisey dans la Loire, est le &#8220;le village le moins pollu\u00e9 du monde&#8221; (vid\u00e9o) : http:\/\/www.francetvinfo.fr\/france\/roisey-le-village-le-moins-pollue-du-monde_1866993.html#xtor=EPR<\/p>\n<p>-&#8220;La Manif pour tous&#8221; appelle \u00e0 la mobilisation dimanche (Ludovine de la Roch\u00e8re; son) : http:\/\/www.sudradio.fr\/Podcasts\/L-invite-pour-comprendre\/Ludovine-de-la-Rochere-Presidente-de-La-Manif-Pour-Tous<\/p>\n<p>-A Calais, des associations se dissocient du gouvernement et s&#8217;opposent en justice au d\u00e9mant\u00e8lement de &#8220;la jungle&#8221; (vid\u00e9o) : http:\/\/nr.news-republic.com\/Web\/ArticleWeb.aspx?regionid=2&#038;articleid=75008038<\/p>\n<p><strong>-&#8220;Elles ne veulent plus servir de caution&#8221; (Thierry Kuhn, pr\u00e9sident &#8220;d&#8217;Emma\u00fcs France&#8221;; propos recueillis par Juliette B\u00e9nabent) <\/strong> : http:\/\/www.telerama.fr\/monde\/a-calais-les-associations-ne-veulent-plus-servir-de-caution,148697.php#xtor=EPR<\/p>\n<p><strong>POLITIQUE<\/strong><\/p>\n<p><strong>-Les primaires &#8220;sont une acc\u00e9l\u00e9ration du processus de pr\u00e9sidentialisation du r\u00e9gime, un poison pour la vie d\u00e9mocratique. Le livre en question fait partie de la d\u00e9rive monarchique. Pour faire barrage au Front national, nous avons toujours \u00e9t\u00e9 l\u00e0. L&#8217;habilet\u00e9 de Fran\u00e7ois Hollande ne fait pas une politique pour le pays. Il ne croit pas \u00e0 la gauche. Il y a plusieurs candidats d\u00e9clar\u00e9s. C&#8217;est un peu une folie. Le Parti communiste pourrait avoir une candidature mais allons-nous rajouter \u00e0 la dispersion actuelle ? Nous pouvons avoir un Parlement qui ne ressemble pas \u00e0 la France. Nous allons poursuivre ce travail de rassemblement. Nous partageons beaucoup de choses avec les \u00e9v\u00eaques&#8221; (Pierre Laurent, interrog\u00e9 par Micha\u00ebl Darmon; vid\u00e9o) : <\/strong> https:\/\/www.youtube.com\/watch?v=FKfK5CUPqoc<\/p>\n<p>-Dans &#8220;l&#8217;Humanit\u00e9&#8221;, la r\u00e9union des soutiens de Jean-Luc M\u00e9lenchon (Julia Hamlaoui) : http:\/\/www.humanite.fr\/jean-luc-melenchon-interpelle-par-ses-soutiens-617909<\/p>\n<p>-La Conf\u00e9rence des \u00e9v\u00eaques de France critique une France de plus en plus divis\u00e9e (vid\u00e9o) : https:\/\/www.youtube.com\/watch?v=wcIAmy3mSIQ<\/p>\n<p>-&#8220;Ils appellent \u00e0 une refondation du contrat social en faisant l&#8217;\u00e9loge du compromis&#8221; ( S\u00e9bastien Maillard) : http:\/\/www.la-croix.com\/France\/Politique\/Les-eveques-appellent-a-refonder-la-politique-2016-10-12-1200795870?utm_source<\/p>\n<p><strong>-Le cardinal Vingt-Trois invite les parlementaires &#8220;au courage de la v\u00e9rit\u00e9&#8221; en p\u00e9riode \u00e9lectorale (cit\u00e9 par Gauthier Vaillant) <\/strong> : http:\/\/www.la-croix.com\/Religion\/France\/Le-cardinal-Vingt-Trois-appelle-les-parlementaires-au-courage-de-la-verite-en-periode-electorale-2016-10-12-1200795765?utm_source<\/p>\n<p>-&#8220;L&#8217;\u00e9cologie est la solution pour tout le monde et notamment pour les classes populaires&#8221; (l&#8217;eurod\u00e9put\u00e9e \u00e9cologiste Karima Delli,candidate \u00e0 la primaire; interrog\u00e9e par Olivier Galzi; vid\u00e9o) : http:\/\/www.itele.fr\/chroniques\/invite-galzi-jusqua-minuit\/karima-delli-lecologie-cest-la-solution-pour-tout-le-monde-et-notamment-les-classes-populaires-171502         <\/p>\n<p>-Pour l&#8217;automobile, il faut une norme unique qui int\u00e8gre tous les param\u00e8tres de pollution&#8221; (Delphine Batho, d\u00e9put\u00e9e PS des Deux-S\u00e8vres; interrog\u00e9e par Sylvie Chayette; vid\u00e9o) : http:\/\/www.lemonde.fr\/planete\/video\/2016\/10\/12\/delphine-batho-il-faut-une-norme-unique-qui-integre-tous-les-parametres-de-pollution_5012526_3244.html<\/p>\n<p>-&#8220;Il doit y avoir une limite de pollution non diff\u00e9rente pour les v\u00e9hicules diesels et ceux \u00e0 essence&#8221; (elle r\u00e9pondait \u00e0 Jan-Jacques Bourdin; vid\u00e9o) : http:\/\/rmc.bfmtv.com\/mediaplayer\/video\/delphine-batho-il-doit-y-avoir-une-limite-de-pollution-non-differente-pour-les-diesels-et-les-essence-875857.html<\/p>\n<p><strong>-&#8220;Je me consacre \u00e0 ma t\u00e2che, ne comptez pas sur moi pour alimenter la derni\u00e8re pol\u00e9mique. Partout, le d\u00e9bat politique doit prendre de la hauteur. A Notre-Dame-des-Landes, la situation est tellement bloqu\u00e9e qu&#8217;il ne faut pas en plus ajouter la violence. Je suis oppos\u00e9e \u00e0 l&#8217;usage de la force&#8221; (S\u00e9gol\u00e8ne Royal, interrog\u00e9e par Caroline Roux; vid\u00e9o) <\/strong> : http:\/\/www.france2.fr\/emissions\/telematin\/actu\/les-4-verites-segolene-royal_514893<\/p>\n<p>-Pour Arnaud Montebourg, une campagne &#8220;made in industrie fran\u00e7aise&#8221; (David Revault d&#8217;Allonnes et C\u00e9dric Pietralunga) : http:\/\/www.lemonde.fr\/election-presidentielle-2017\/article\/2016\/10\/12\/arnaud-montebourg-une-campagne-made-in-industrie-francaise_5012291_4854003.html<\/p>\n<p>-Le secr\u00e9taire d&#8217;Etat Jean-Vincent Plac\u00e9 souhaite une candidature de Fran\u00e7ois Hollande&#8230;sans passage par la primaire (vid\u00e9o) : http:\/\/videos.lesechos.fr\/lesechos\/invite-des-echos\/jean-vincent-place-souhaite-une-candidature-de-francois-hollande-sans-primaire\/um8v8f<\/p>\n<p>-&#8220;Donnez la parole aux citoyens !&#8221; (une p\u00e9tition de S\u00e9bastien Nadot) : https:\/\/www.change.org\/p\/olivier-schrameck-donnez-la-parole-aux-candidats-citoyens-%C3%A0-la-pr%C3%A9sidentielle-2017?recruiter=<\/p>\n<p>-&#8220;Nous vivons une \u00e9poque extraordinairement troubl\u00e9e. Il y aura une r\u00e9habilitation du bilan de Fran\u00e7ois Hollande&#8221; (le secr\u00e9taire d&#8217;Etat Jean-Marie L Guen; interrog\u00e9 par Yves Calvi; vid\u00e9o, amener le curseur sur 1:05:31) :<br \/>\nhttp:\/\/www.lci.fr\/replay\/replay-24-heures-en-questions-du-13-octobre-2016-1er-round-6-contre-1-2007617.html%3Ftype=content<\/p>\n<p>-&#8220;Hollande veut r\u00e9gler sa note avant de recommander&#8221; (Gr\u00e9goire Biseau) : http:\/\/www.liberation.fr\/france\/2016\/10\/12\/hollande-veut-regler-sa-note-avant-de-recommander_1521579?xtor=EPR<\/p>\n<p>-&#8220;\u00c7a peut effectivement susciter des d\u00e9bats, irriter&#8221; (St\u00e9phane Le Foll, \u00e0 l&#8217;issue du Conseil des ministres; vid\u00e9o) : http:\/\/www.elysee.fr\/videos\/point-de-presse-de-stephane-le-foll-le-12-octobre-201\/#content<\/p>\n<p>-Les phrases rapport\u00e9es de Fran\u00e7ois Hollande ont \u00e9t\u00e9 tenues &#8220;dans des discussions que l&#8217;on peut avoir dans des contextes et des actualit\u00e9s particuli\u00e8res. \u00c7a m&#8217;int\u00e9resse de savoir  comment \u00e7a se fait que ce soit arriv\u00e9 en m\u00eame temps (que l&#8217;interview \u00e0 &#8220;l&#8217;Obs&#8221;). Si il y a quelque chose sur lequel il y a une coh\u00e9rence depuis le d\u00e9but de ce quinquennat, c&#8217;est la justice&#8221; (il \u00e9tait invit\u00e9 par Jean-Michel Apathie; son et vid\u00e9os) : http:\/\/www.francetvinfo.fr\/replay-radio\/8h30-aphatie\/stephane-le-foll-etonne-de-la-sortie-du-livre-sur-francois-hollande-en-meme-temps-que-son-interview-a-l-obs_1859511.html<\/p>\n<p>-&#8220;Jamais un Pr\u00e9sident de la R\u00e9publique en exercice n&#8217;a autant respect\u00e9 l&#8217;autorit\u00e9 et l&#8217;ind\u00e9pendance judiciaire&#8221; (le ministre Jean-Jacques Urvoas; vid\u00e9os) : http:\/\/www.lcp.fr\/la-politique-en-video\/urvoas-defend-hollande-jamais-un-president-de-la-republique-en-exercice-navait<\/p>\n<p>-&#8220;Ce qui m&#8217;a frapp\u00e9 en 2012, c&#8217;est l&#8217;impr\u00e9paration de la gauche&#8221; (l&#8217;\u00e9conomiste Nicolas Bouzou en compagnie de Mich\u00e8le Cotta; vid\u00e9o) : http:\/\/www.dailymotion.com\/video\/x4x8lrn_ce-qui-m-avait-frappe-en-2012-c-etait-l-impreparation-de-la-gauche-nicolas-bouzou-13-10-2016_news<\/p>\n<p><strong>-&#8220;Il y a eu 61 r\u00e9unions avec les journalistes . C&#8217;est donc une construction. C&#8217;est un acte d\u00e9sesp\u00e9r\u00e9, d\u00e9sesp\u00e9rant. C&#8217;est une fa\u00e7on folle de faire de la promotion. C&#8217;est un bavardage d\u00e9sesp\u00e9r\u00e9 qui n&#8217;est pas du niveau. Le r\u00f4le d&#8217;un pr\u00e9sident, c&#8217;est de conduire son peuple vers le bonheur. Il faut se mobiliser pour les entreprises parce que c&#8217;est l&#8217;emploi&#8221; (Jean-Pierre Raffarin, s\u00e9nateur de la Vienne, face \u00e0 Jean-Jacques Bourdin; vid\u00e9o) <\/strong> : http:\/\/www.bfmtv.com\/mediaplayer\/video\/jean-pierre-raffarin-face-a-jean-jacques-bourdin-en-direct-875875.html<\/p>\n<p><em>-Fran\u00e7ois Hollande &#8220;est en proie \u00e0 une v\u00e9ritable addiction aux journalistes&#8221; (Olivier Dartigolles, porte-parole du PCF) :<\/em> http:\/\/www.pcf.fr\/92612<\/p>\n<p>-&#8220;Fran\u00e7ois Hollande n&#8217;a jamais endoss\u00e9 la fonction pr\u00e9sidentielle. On ne fera pas faire aux Russes ce qu&#8217;ils ne veulent pas faire. On ferait bien de s&#8217;inspirer de la politique \u00e9trang\u00e8re du G\u00e9n\u00e9ral de Gaulle. La France est tr\u00e8s affaiblie dans sa politique int\u00e9rieure et son image l&#8217;est d&#8217;autant plus \u00e0 l&#8217;ext\u00e9rieur&#8221; (Herv\u00e9 Morin, pr\u00e9sident UDI de la r\u00e9gion Normandie, soutien de Bruno Le Maire; interrog\u00e9 par Fr\u00e9d\u00e9ric Rivi\u00e8re<\/p>\n<p>-&#8220;Je pense qu&#8217;il y aura une forte mobilisation pour cette primaire. Le premier probl\u00e8me de la France, ce n&#8217;est pas l&#8217;identit\u00e9 nationale, ce sont les 6 millions de ch\u00f4meurs&#8221; (Jean-Christophe Lagarde, pr\u00e9sident de l&#8217;UDI; vid\u00e9o) : http:\/\/rmc.bfmtv.com\/mediaplayer\/video\/primaire-de-la-droite-et-du-centre-je-pense-qu-il-y-aura-une-forte-mobilisation-875927.html<\/p>\n<p>-&#8220;Hollande est tellement normal qu&#8217;il n&#8217;a jamais su \u00eatre pr\u00e9sident&#8221; (invit\u00e9 de la matinale de RTL; vid\u00e9os) : http:\/\/www.rtl.fr\/actu\/politique\/francois-hollande-est-tellement-normal-qu-il-n-a-jamais-su-devenir-president-lance-jean-christophe-lagarde-7785259759<\/p>\n<p>-&#8220;Il adore le pouvoir, il est incapable de l&#8217;exercer&#8221; (interrog\u00e9 par Laurence Ferrari; vid\u00e9o) : http:\/\/www.itele.fr\/chroniques\/invite-politique-ferrari-tirs-croises\/francois-hollande-adore-le-pouvoir-il-est-incapable-de-lexercer-estime-jean-christophe-lagarde-171499<\/p>\n<p>-Ralliement de l&#8217;UDI \u00e0 Alain Jupp\u00e9, &#8220;certains ont des convictions comme boussole, d&#8217;autres ont l&#8217;air du temps&#8221; (Eric Ciotti, d\u00e9put\u00e9 LR des Alpes-Maritimes; invit\u00e9 de &#8220;Territoires d&#8217;Info&#8221;; vid\u00e9o, amener le curseur sur 34:00) : http:\/\/www.sudradio.fr\/Politique\/L-interview-politique\/Eric-Ciotti-La-justice-est-instrumentalisee-contre-Nicolas-Sarkozy<\/p>\n<p><strong>-&#8220;Tous ceux qui veulent tourner la page de Fran\u00e7ois Hollande sont les bien-venus \u00e0 la primaire de la droite. En politique \u00e9trang\u00e8re, nous avons faux sur toute la ligne&#8221; (Bruno Retailleau, pr\u00e9sident du groupe LR au S\u00e9nat, soutien de Fran\u00e7ois Fillon; interrog\u00e9 par Patrick Cohen; vid\u00e9o) :<\/strong> https:\/\/www.franceinter.fr\/emissions\/pop-co\/pop-co-13-octobre-2016<\/p>\n<p>-Il a r\u00e9pondu aux questions des auditeurs de France Inter (vid\u00e9o) : http:\/\/www.dailymotion.com\/video\/x4x8m1e_bruno-retailleau-repond-aux-questions-des-auditeurs-de-france-inter_news<\/p>\n<p>-&#8220;Il y a besoin de changer de logiciel. Je n&#8217;ai pas encore choisi&#8221; (Geoffroy Didier, conseiller r\u00e9gional LR d&#8217;Ile-de-France; interrog\u00e9 par Brigitte Boucher; vid\u00e9o, amener le curseur sur 35:56) : http:\/\/www.lcp.fr\/emissions\/politique-matin\/278968-la-matinale-du-13-octobre-2016<\/p>\n<p>-&#8220;La question migratoire doit se jouer dans une politique europ\u00e9enne&#8221; (G\u00e9rard Larcher, pr\u00e9sident LR du S\u00e9nat; interrog\u00e9 par Guillaume Durand; vid\u00e9o) : http:\/\/www.dailymotion.com\/video\/x4x8kx4<\/p>\n<p><em>-Les intentions de vote \u00e0 la primaire de la droite (OPINION-WAY) :  <\/em> http:\/\/www.opinion-way.com\/pdf\/opinionway_pour_atlantico_-_les_intentions_de_vote_a_la_primaire_les_republicains_-_octobre_2016.pdf<\/p>\n<p>-Nicolas Dupont-Aignan, d\u00e9put\u00e9 de l&#8217;Essonne; invit\u00e9 de &#8220;Questions d&#8217;Info&#8221; sur LCP (vid\u00e9o) : http:\/\/www.lcp.fr\/emissions\/questions-dinfo\/279521-questions-d-info-12octo16<\/p>\n<p>-&#8220;Les Fran\u00e7ais vont comprendre que la primaire est une immense manipulation&#8221; (Il \u00e9tait  l&#8217;invit\u00e9 de Jean-Pierre Elkabbach; vid\u00e9o) : http:\/\/www.europe1.fr\/emissions\/l-interview-politique\/primaire-de-la-droite-et-du-centre-appel-des-eveques-alain-juppe-salle-de-shoot-situation-en-syrie-et-relation-avec-la-russie-nicolas-dupont-aignan-repond-aux-questions-de-jean-pierre-elkabbach-2871628<\/p>\n<p><strong>-Le d\u00e9bat sur TF 1 (vid\u00e9o int\u00e9grale) : <\/strong><br \/>\nhttp:\/\/www.lci.fr\/politique\/primaire-a-droite-et-au-centre-la-video-integrale-du-debat-du-13-octobre-2016-2007635.html%3Ftype=content<\/p>\n<p>-Selon &#8220;Le Monde&#8221;, ce qu&#8217;il faut en retenir : http:\/\/www.lemonde.fr\/election-presidentielle-2017\/article\/2016\/10\/14\/primaire-de-la-droite-ce-qu-il-faut-retenir-des-positions-des-candidats-lors-du-premier-debat_5013383_4854003.html<\/p>\n<p>-&#8220;La vision subjective du d\u00e9bat de LCI&#8221; (vid\u00e9o) :<br \/>\nhttp:\/\/www.lci.fr\/politique\/video-amabilites-feintes-vacheries-coups-de-poignard-notre-vision-subjective-du-debat-de-la-primaire-2007639.html%3Ftype=content<\/p>\n<p><em>-Deux sondages apr\u00e8s le d\u00e9bat (OPINION-WAY et ELABE) : <\/em> http:\/\/www.lepoint.fr\/presidentielle\/opinionway-vous-revele-le-nom-du-candidat-le-plus-convaincant-13-10-2016-2075696_3121.php   http:\/\/elabe.fr\/a-gagne-debat-13-octobre\/<\/p>\n<p>-Les fonctionnaires ont du souci \u00e0 se faire (Thibaut P\u00e9zerat) ; http:\/\/www.marianne.net\/debat-primaire-fonctionnaires-au-secours-droite-revient-100247030.html<\/p>\n<p>-La proposition de loi anti-salafisme de NKM rejet\u00e9e pour la deuxi\u00e8me fois (vid\u00e9o) :  http:\/\/www.lcp.fr\/la-politique-en-video\/salafisme-les-deputes-repoussent-une-nouvelle-fois-le-texte-de-nkm<\/p>\n<p>&#8211;<strong>&#8220;En une seule journ\u00e9e, Fran\u00e7ois Hollande a r\u00e9ussi son plus beau plantage, r\u00e9ussissant \u00e0 dynamiter lui-m\u00eame son interview \u00e0 &#8220;l&#8217;Obs&#8221;. Il y a en lui une part de narcissisme et de masochisme. Ce qui ressort, c&#8217;est qu&#8217;il n&#8217;est pas \u00e0 la hauteur&#8221; (Guillaume Tabard du &#8220;Figaro&#8221;; son) : <\/strong> http:\/\/www.radioclassique.fr\/player\/progaction\/iniPlayer\/podcast\/ledito-politique-de-guillaume-tabard-2016-10-13-08-14-05.html<\/p>\n<p><strong>-&#8220;Moi pr\u00e9sident. Sabrina, femme de m\u00e9nage, \u00e9l\u00e8ve seule ses deux enfants. Avec Herv\u00e9 Pauchon&#8221; (son) <\/strong> : https:\/\/www.franceinter.fr\/emissions\/moi-president\/moi-president-13-octobre-2016<\/p>\n<p><strong>EUROPE-MONDE<\/strong><\/p>\n<p>-&#8220;Les curieuse manoeuvres autour du CETA attisent une opposition coriace&#8221; (Aline Robert) : http:\/\/www.euractiv.fr\/section\/politique\/news\/les-curieuses-manoeuvres-autour-du-ceta-attisent-une-opposition-coriace\/?nl_ref=22577301<\/p>\n<p><strong>-&#8220;Les accords commerciaux cr\u00e9ent la richesse mais ne la distribuent pas&#8221; (Daniel Costello, ambassadeur canadien aupr\u00e8s de l&#8217;Union europ\u00e9enne; entretien r\u00e9alis\u00e9 par Daniela Vincenti) :<\/strong> http:\/\/www.euractiv.fr\/section\/all\/interview\/canadian-envoy-to-make-ceta-succeed-governments-must-redistribute-trade-generated-wealth\/?nl_ref=22577301<\/p>\n<p>-Le tribunal Monsanto (Baptiste Gaborit; son) : http:\/\/www.radioclassique.fr\/player\/progaction\/iniPlayer\/podcast\/3-minutes-pour-la-planete-2016-10-13-06-45-41.html<\/p>\n<p><strong>-&#8220;Crises agricoles, chacun pour soi&#8221; (le magazine de France 3 &#8220;Avenue de l&#8217;Europe&#8221;, pr\u00e9sent\u00e9 par V\u00e9ronique  Auger; avec comme invit\u00e9 l&#8217;eurod\u00e9put\u00e9 \u00e9cologiste Jos\u00e9 Bov\u00e9; vid\u00e9o) : <\/strong> http:\/\/www.francetvinfo.fr\/replay-magazine\/france-3\/avenue-de-l-europe\/avenue-de-l-europe-le-mag-du-mercredi-12-octobre-2016_1857795.html<\/p>\n<p>-Happening \u00e0 Bruxelles contre d&#8217;ex-Commissaires europ\u00e9ens (vid\u00e9o) : http:\/\/nr.news-republic.com\/Web\/ArticleWeb.aspx?regionid=2&#038;articleid=74978015<\/p>\n<p>-&#8220;Les humains ne doivent pas \u00eatre domin\u00e9s par des robots&#8221; (Mady Delvaux, eurod\u00e9put\u00e9e luxembourgeoise socialiste; propos recueillis par Jorge Valero) :  http:\/\/www.euractiv.fr\/section\/innovation-entreprises\/interview\/mep-my-main-concern-is-that-humans-are-not-dominated-by-robots\/?nl_ref=22577301<\/p>\n<p><strong>-Echanges au Conseil de l&#8217;Europe apr\u00e8s le discours de Fran\u00e7ois Hollande (voir la Revue d&#8217;hier; vid\u00e9o) <\/strong> : http:\/\/www.elysee.fr\/videos\/echange-au-conseil-de-l-europe\/<\/p>\n<p>-Brexit, la City met la pression (vid\u00e9o) : http:\/\/nr.news-republic.com\/Web\/ArticleWeb.aspx?regionid=2&#038;articleid=74982743<\/p>\n<p>-Le Parti travailliste d\u00e9nonce &#8220;un Brexit chaotique&#8221; (vid\u00e9o) : http:\/\/nr.news-republic.com\/Web\/ArticleWeb.aspx?regionid=2&#038;articleid=75001146<\/p>\n<p>-Le Parlement aura-t-il son mot \u00e0 dire ? (vid\u00e9o) : http:\/\/nr.news-republic.com\/Web\/ArticleWeb.aspx?regionid=2&#038;articleid=75030210<\/p>\n<p>-Le gouvernement s&#8217;y refuse (Hugues Beaudoin, qui souligne qu&#8217;en Autriche, l&#8217;extr\u00eame droite progresse encore; son) : http:\/\/www.radioclassique.fr\/player\/progaction\/initPlayer\/podcast\/2016-10-12-19-08-00.html<\/p>\n<p>-&#8220;Le Mercosur envisage un accord commercial avec le Royaume-Uni&#8221; (C\u00e9cile Barbi\u00e8re) : http:\/\/www.euractiv.fr\/section\/l-europe-dans-le-monde\/news\/mercosur-to-consider-trade-deal-with-united-kingdom\/?nl_ref=22577301<\/p>\n<p>-L&#8217;Ecosse reproche \u00e0 Londres sa &#8220;x\u00e9nophobie&#8221; : http:\/\/www.euractiv.fr\/section\/royaume-uni-en-europe\/news\/lecosse-reproche-a-londres-sa-xenophobie\/?nl_ref=22577301<\/p>\n<p><strong>-&#8220;Elle ranime la flamme de l&#8217;ind\u00e9pendance&#8221; (vid\u00e9o) <\/strong> : http:\/\/nr.news-republic.com\/Web\/ArticleWeb.aspx?regionid=2&#038;articleid=75098786<\/p>\n<p>-L&#8217;Allemagne veut combattre le tourisme social venant de l&#8217;Union europ\u00e9enne (Romaric Godin) : http:\/\/www.euractiv.fr\/section\/europe-sociale-emploi\/news\/lallemagne-veut-combattre-le-tourisme-social-venant-de-lue\/<\/p>\n<p>-&#8220;Des maisons \u00e0 un euro en Italie&#8221; (vid\u00e9o) : http:\/\/www.francetvinfo.fr\/economie\/immobilier\/italie-des-maisons-a-un-euro_1867353.html#xtor=EPR<\/p>\n<p>-Vladimir Poutine accuse la France &#8220;d&#8217;envenimer la situation&#8221; (vid\u00e9o) : http:\/\/nr.news-republic.com\/Web\/ArticleWeb.aspx?regionid=2&#038;articleid=75030210<\/p>\n<p><strong>-&#8220;Il parle d&#8217;une hyst\u00e9rie anti-russe&#8221; (vid\u00e9o) :<\/strong> http:\/\/nr.news-republic.com\/Web\/ArticleWeb.aspx?regionid=2&#038;articleid=75009083<\/p>\n<p>-Manuel Valls d\u00e9nonce &#8220;l&#8217;attitude d&#8217;obstruction injustifiable&#8221; de la Russie (vid\u00e9o) : http:\/\/nr.news-republic.com\/Web\/ArticleWeb.aspx?regionid=2&#038;articleid=75004330<\/p>\n<p>-&#8220;Les intox des avocats de la Russie&#8221; (C\u00e9lian Mac\u00e9, Hala Kodmani et Aude Massiot) : http:\/\/www.liberation.fr\/planete\/2016\/10\/12\/alep-les-intox-des-avocats-de-la-russie_1521580?xtor=EPR<\/p>\n<p>-&#8220;Russie et Etats-Unis renouent avec le dialogue&#8221; (Dominique Derda; vid\u00e9o) : http:\/\/www.francetvinfo.fr\/monde\/revolte-en-syrie\/syrie-russie-et-etats-unis-renouent-avec-le-dialogue_1870195.html<\/p>\n<p>-&#8220;Derni\u00e8re chance pour une tr\u00eave en Syrie ?&#8221; (vid\u00e9o) :  http:\/\/nr.news-republic.com\/Web\/ArticleWeb.aspx?regionid=2&#038;articleid=75019014<\/p>\n<p><strong>-Gaza surpeupl\u00e9e d\u00e9passe d\u00e9sormais les 2 millions d&#8217;habitants (vid\u00e9o) : <\/strong> http:\/\/nr.news-republic.com\/Web\/ArticleWeb.aspx?regionid=2&#038;articleid=75009989<\/p>\n<p>-En C\u00f4te d&#8217;Ivoire, les d\u00e9put\u00e9s approuvent le projet de nouvelle Constitution (vid\u00e9o) : http:\/\/www.lemonde.fr\/afrique\/video\/2016\/10\/12\/cote-d-ivoire-les-deputes-approuvent-le-projet-de-nouvelle-constitution_5012268_3212.html<\/p>\n<p>-Le patron de la 4e banque des Etats-Unis contraint \u00e0 la d\u00e9mission (vid\u00e9o) : http:\/\/nr.news-republic.com\/Web\/ArticleWeb.aspx?regionid=2&#038;articleid=75040460<\/p>\n<p>-Pour le Haut commissaire de l&#8217;ONU aux droits de l&#8217;homme, &#8220;Tremp serait un homme dangereux&#8221; (vid\u00e9o) : http:\/\/nr.news-republic.com\/Web\/ArticleWeb.aspx?regionid=2&#038;articleid=74982743<\/p>\n<p>-Un automate pr\u00e9dicateur le caricature dans les rues de New-York (vid\u00e9o) : http:\/\/nr.news-republic.com\/Web\/ArticleWeb.aspx?regionid=2&#038;articleid=75028177<\/p>\n<p>-Dans le &#8220;New York Times&#8221;, deux femmes l&#8217;accusent &#8220;d&#8217;attouchements&#8221; : http:\/\/www.lemonde.fr\/elections-americaines\/article\/2016\/10\/13\/deux-femmes-accusent-trump-d-attouchements-sexuels-dans-le-new-york-times_5012676_829254.html<\/p>\n<p>-Il d\u00e9ment : http:\/\/www.liberation.fr\/planete\/2016\/10\/13\/trump-dement-les-accusations-d-attouchements-sexuels-de-deux-femmes_1521607?xtor=EPR<\/p>\n<p>-A Mexico, des manifestants br\u00fblent sa poup\u00e9e (vid\u00e9o) :  http:\/\/nr.news-republic.com\/Web\/ArticleWeb.aspx?regionid=2&#038;articleid=75016036<\/p>\n<p><strong>-Pourquoi l&#8217;ouragan Matthew n&#8217;a-t-il fait aucune victime \u00e0 Cuba ? : <\/strong><br \/>\nhttp:\/\/www.leparisien.fr\/flash-actualite-monde\/cuba-les-raisons-du-zero-victime-apres-l-ouragan-matthew-12-10-2016-6197451.php#xtor=AD-1481423551<\/p>\n<p>-A Ha\u00efti, premi\u00e8re distribution de nourriture dans la zone d\u00e9vast\u00e9e (vid\u00e9o) : http:\/\/nr.news-republic.com\/Web\/ArticleWeb.aspx?regionid=2&#038;articleid=75050143<\/p>\n<p>-A Rio, les 85 ans du &#8220;Christ r\u00e9dempteur&#8221; (vid\u00e9o) : http:\/\/nr.news-republic.com\/Web\/ArticleWeb.aspx?regionid=2&#038;articleid=75014669<\/p>\n<p>-A Hong-Kong, des d\u00e9put\u00e9s d\u00e9fient P\u00e9kin (vid\u00e9o) : http:\/\/nr.news-republic.com\/Web\/ArticleWeb.aspx?regionid=2&#038;articleid=74982097<\/p>\n<p><strong>-&#8220;Le fiasco de Galaxy Note 7 r\u00e9v\u00e9lateur des dysfonctionnements de Samsung&#8221; (Philippe Mesmer) :<\/strong> http:\/\/www.lemonde.fr\/economie\/article\/2016\/10\/12\/le-fiasco-du-galaxy-note-7-revelateur-des-dysfonctionnements-de-samsung_5012454_3234.html<\/p>\n<p>-L&#8217;exc\u00e9dent commercial chinois a fondu d&#8217;un tiers en septembre (Claude Fouquet) : http:\/\/www.lesechos.fr\/monde\/chine\/0211387895000-chine-lexcedent-commercial-a-fondu-dun-tiers-en-septembre-2034739.php#xtor=EPR<\/p>\n<p>-&#8220;L&#8217;OMS r\u00e9fute toute panne de financement de la lutte anti-tabac&#8221; (Sarantis Michalopoulos) : http:\/\/www.euractiv.fr\/section\/sante-modes-de-vie\/news\/who-denies-members-failing-to-pay-un-tobacco-agency\/?nl_ref=22577301<\/p>\n<p><strong>-&#8220;800 millions de personnes se couchent le ventre vide tous les soirs&#8221; (Olive Towley et Dominic MacSarley de l&#8217;ONG &#8220;Concern Wordwide&#8221;; propos recueillis par Matthew Tempest) <\/strong> : http:\/\/www.euractiv.fr\/section\/aide-au-developpement\/interview\/weds-global-health-index-800-million-people-are-going-to-bed-hungry-every-night\/?nl_ref=22577301<\/p>\n<p>-Antonio Guterres nouveau secr\u00e9taire g\u00e9n\u00e9ral de l&#8217;ONU (vid\u00e9o) : http:\/\/nr.news-republic.com\/Web\/ArticleWeb.aspx?regionid=2&#038;articleid=75097843<\/p>\n<p><strong>-CULTURE-MEDIAS<\/strong><\/p>\n<p><strong>-Bob Dylan, prix Nobel de litt\u00e9rature 2016 (vid\u00e9os) : <\/strong> http:\/\/culturebox.francetvinfo.fr\/livres\/romans\/enorme-surprise-bob-dylan-est-le-prix-nobel-de-litterature-2016-247305#xtor=EREC          http:\/\/culturebox.francetvinfo.fr\/livres\/evenements\/bob-dylan-itineraire-d-un-sampler-litteraire-247311#xtor=EREC<\/p>\n<p>&#8211;<strong>Le feuilleton de Fran\u00e7ois Bon, &#8220;Comment Robert Zimmerman inventa Bob Dylan&#8221; (sons) <\/strong> : http:\/\/www.franceculture.fr\/emissions\/fictions-le-feuilleton\/comment-robert-zimmerman-inventa-bob-dylan-par-francois-bon<\/p>\n<p>-&#8220;Hurricane&#8221; (son) : https:\/\/m.youtube.com\/watch?v=1FOlV1EYxmg&#038;feature=youtu.be<\/p>\n<p>-&#8220;Le sacre d&#8217;un monument de la contre-culture am\u00e9ricaine&#8221; (Antoine Duplan; vid\u00e9o) :  https:\/\/www.letemps.ch\/culture\/2016\/10\/13\/bob-dylan-sacre-dun-monument-contreculture-americaine?utm_source<\/p>\n<p><strong>-Dario Fo, l&#8217;\u00e9crivain et dramaturge italien qui vient de mourir \u00e0 90 ans, avait re\u00e7u le Nobel en 1997 (vid\u00e9os) <\/strong> : http:\/\/culturebox.francetvinfo.fr\/livres\/romans\/la-mort-de-dario-fo-prix-nobel-de-litterature-en-1997-247293#xtor=EREC-<\/p>\n<p><strong>-&#8220;La fonction du th\u00e9\u00e2tre est de tenir, conduire et pousser encore plus fort la porte du pouvoir&#8221; (sons) <\/strong> : http:\/\/www.franceculture.fr\/litterature\/mort-de-lecrivain-italien-dario-fo-prix-nobel-de-litterature-en-1997#xtor=EPR<\/p>\n<p><em>-&#8220;Dario Fo ch\u00e9rissait le peuple et le populaire, il aimait la politique, l&#8217;engagement&#8221; (le PCF)<\/em> : http:\/\/www.pcf.fr\/92614<\/p>\n<p>-&#8220;Le paradis, on ne l&#8217;atteindra jamais, mais il est important d&#8217;en r\u00eaver&#8221; (Marek Halter qui publie &#8220;Eve&#8221;; vid\u00e9o) : https:\/\/www.youtube.com\/watch?v=H_nOPKkluC0<\/p>\n<p><strong>-&#8220;Il n&#8217;y a pas d&#8217;identit\u00e9 culturelle&#8221; (le philosophe Fran\u00e7ois Jullien; invit\u00e9 d&#8217;Olivia Gesbert; son) <\/strong> : http:\/\/www.franceculture.fr\/emissions\/la-grande-table-2eme-partie\/lidentite-culturelle-une-notion-depasser<\/p>\n<p><strong>-&#8220;Aujourd&#8217;hui, il y a du vomi qui est vendu par milliers et il est l\u00e0 le danger (Omar Sy dans l&#8217;\u00e9mission &#8220;C \u00e0 vous&#8221;; vid\u00e9o) <\/strong> : http:\/\/www.francetvinfo.fr\/culture\/cinema\/video-aujourd-hui-y-a-du-vomi-qui-est-vendu-par-milliers-s-indigne-omar-sy_1868503.html#xtor=EPR<\/p>\n<p>-Le r\u00e9alisateur Ken Loach d\u00e9plore les effets du Brexit sur la production cin\u00e9matographique britannique (vid\u00e9o) : http:\/\/nr.news-republic.com\/Web\/ArticleWeb.aspx?regionid=2&#038;articleid=74972344<\/p>\n<p>-&#8220;Deepwater&#8221;, film catastrophe de Peter Berg qui rencontre l&#8217;\u00e9cologie (vid\u00e9o) : http:\/\/www.lemonde.fr\/cinema\/video\/2016\/10\/11\/critique-de-deepwater-quand-le-film-catastrophe-rencontre-l-ecologie_5011972_3476.html<\/p>\n<p>-Jean Rouch, le ma\u00eetre du cin\u00e9ma ethnographique (Jacques Morice; vid\u00e9os) : http:\/\/www.telerama.fr\/sortir\/jean-rouch-le-maitre-du-cinema-ethnographique-qui-a-seduit-la-nouvelle-vague,148695.php#xtor=EPR<\/p>\n<p>-&#8220;Harry Potter reprend du service \u00e0 37 balais&#8221; (Fr\u00e9d\u00e9rique Roussel) : http:\/\/next.liberation.fr\/livres\/2016\/10\/12\/harry-potter-reprend-du-service-a-37-balais_1521530<\/p>\n<p><strong>-&#8220;Cousteau refait surface&#8221; (Nicolas Didier; vid\u00e9os) <\/strong> : http:\/\/www.latribune.fr\/technos-medias\/la-mutation-de-la-poste-a-t-elle-enfante-un-malaise-social-607116.html#xtor=EPR<\/p>\n<p>-Thierry Gandillot a vu &#8220;Captain Fantastic&#8221; de Matt Ross (son) : http:\/\/www.radioclassique.fr\/player\/progaction\/initPlayer\/podcast\/2016-10-12-19-46-00.html<\/p>\n<p><strong>-&#8220;Une fable altermondialiste&#8221; ( l&#8217;acteur principal Viggo Mortensen, invit\u00e9 d&#8217;Olivia Gesbert; son) :<\/strong>  http:\/\/www.franceculture.fr\/emissions\/la-grande-table-1ere-partie\/captain-fantastic-une-fable-altermondialiste<\/p>\n<p><strong>-Oliver Stone, r\u00e9alisateur de &#8220;Snowden&#8221;, interrog\u00e9 par L\u00e9a Salam\u00e9 (son et vid\u00e9o) : <\/strong> https:\/\/www.franceinter.fr\/emissions\/l-invite-de-7h50\/l-invite-de-7h50-13-octobre-2016<\/p>\n<p>-Interpr\u00e8te et metteur en sc\u00e8ne de la pi\u00e8ce de Bernard-Marie-Kolt\u00e8s &#8220;Dans la solitude des champs de coton&#8221;, l&#8217;acteur Charles Berling \u00e9tait l&#8217;invit\u00e9 de Dimitri  Pavlenko (son) : http:\/\/www.sudradio.fr\/Podcasts\/L-invite-pour-comprendre\/Charles-Berling-acteur<\/p>\n<p>-A Gand, &#8220;L&#8217;Anneau mystique&#8221; des fr\u00e8res van Eyck a \u00e9t\u00e9 restaur\u00e9 (vid\u00e9o) : http:\/\/nr.news-republic.com\/Web\/ArticleWeb.aspx?regionid=2&#038;articleid=75004068<\/p>\n<p><strong>-Picasso et Giacometti, &#8220;une amiti\u00e9 d\u00e9vorante entre deux monstres sacr\u00e9s&#8221; (Sophie Cachon) :<\/strong> http:\/\/www.telerama.fr\/sortir\/picasso-et-giacometti-une-amitie-devorante-entre-deux-monstres-sacres,148671.php#xtor=EPR<\/p>\n<p>-Natalie Mering ravive le meilleur de la folk pop am\u00e9ricaine (Julien Gester; son) : http:\/\/next.liberation.fr\/musique\/2016\/10\/13\/le-son-du-jour-28-ecoutez-en-avant-premiere-le-superbe-album-de-weyes-blood_1521539?xtor=EPR<\/p>\n<p><strong>-&#8220;La petite musique de la primaire \u00e0 droite&#8221; (Rebecca Manzoni; vid\u00e9o) : <\/strong> https:\/\/www.franceinter.fr\/emissions\/pop-co\/pop-co-13-octobre-2016<\/p>\n<p><strong>-Riss, directeur de la r\u00e9daction de &#8220;Charlie Hebdo&#8221;, \u00e9tait l&#8217;invit\u00e9 d&#8217;Audrey Crespo-Mara sur LCI (vid\u00e9o)<\/strong> : http:\/\/www.lci.fr\/replay\/replay-l-invite-de-lci-matin-du-12-octobre-riss-2007303.html<\/p>\n<p><strong>-&#8220;Envoy\u00e9 sp\u00e9cial se glisse dans la peau d&#8217;un lanceur d&#8217;alertes&#8221; (Sonia Devillers a invit\u00e9 Beno\u00eet Bringer et annonc\u00e9 le recul sur la loi &#8220;\u00e9galit\u00e9 et citoyennet\u00e9&#8221;  qui mena\u00e7ait les journalistes; vid\u00e9o) <\/strong> : http:\/\/www.dailymotion.com\/video\/x4x8re3_envoye-special-se-glisse-dans-la-peau-d-un-lanceur-d-alerte_news<\/p>\n<p><strong>-L&#8217;\u00e9mission pr\u00e9sent\u00e9e par Elise Ducet (vid\u00e9o pendant 6 jours) : <\/strong> http:\/\/pluzz.francetv.fr\/videos\/envoye_special_,146948862.html<\/p>\n<p>-&#8220;L&#8217;arriv\u00e9e de Jean-Marc Morandini cr\u00e9e le trouble sur iT\u00e9l\u00e9&#8221; (Audrey Pulvar, qui pr\u00e9sente sa nouvelle \u00e9mission culturelle; vid\u00e9o) : http:\/\/www.europe1.fr\/emissions\/l-invite-medias\/audrey-pulvar-larrivee-de-jean-marc-morandini-sur-itele-cree-le-trouble-2871739<\/p>\n<p>-&#8220;TF 1 va pr\u00eater le d\u00e9bat de la primaire \u00e0 LCI pour lui donner un coup de main&#8221; (Marc Baudriller; son) : http:\/\/www.radioclassique.fr\/player\/progaction\/iniPlayer\/podcast\/la-vie-des-medias-2016-10-13-07-39-46.html<\/p>\n<p><em>-Ce que disent les sondages avant ce premier d\u00e9bat (infographie) : <\/em> http:\/\/www.francetvinfo.fr\/politique\/les-republicains\/primaire-de-la-droite\/infographie-primaire-a-droite-ce-que-disent-les-sondages_1825957.html#xtor=EPR<\/p>\n<p>-&#8220;La nuit des longs couteaux&#8221; (Yves Thr\u00e9ard du &#8220;Figaro&#8221;; vid\u00e9o) : http:\/\/www.europe1.fr\/emissions\/ledito-politique-dyves-threard\/droite-la-nuit-des-longs-couteaux-2871490<\/p>\n<p>&#8211;<strong>&#8220;Je suis pr\u00eate&#8221; (Charline Vanhoenacker; vid\u00e9o) :<\/strong> http:\/\/www.dailymotion.com\/video\/x4x87pj_debat-de-la-primaire-ce-soir-sur-tf1-je-suis-prete-le-billet-de-charline_fun<\/p>\n<p>-&#8220;Fran\u00e7ois Hollande habill\u00e9 pour l&#8217;hiver&#8221; (dans &#8220;Quotidien&#8221; de Yann Barth\u00e8s; vid\u00e9o, amener le curseur su 2:20) : http:\/\/www.tf1.fr\/tmc\/quotidien-avec-yann-barthes\/videos\/morning-glory-13-octobre.html<\/p>\n<p>-&#8220;La salle de shoot&#8221; (Guillaume Meurice; vid\u00e9o) : https:\/\/www.youtube.com\/watch?v=JaIGvu6W2dE&#038;feature=youtu.be<\/p>\n<p>-&#8220;Les migrants volent le travail de nos clochards&#8221; (Pierre-Emmanuel Barr\u00e9; vid\u00e9o) : https:\/\/youtu.be\/9baqQ2rwju0 <\/p>\n<p>-Nicolas Canteloup refait le d\u00e9bat de la primaire&#8230;en plus dr\u00f4le (vid\u00e9o) :<br \/>\nhttp:\/\/www.lci.fr\/politique\/canteloup-refait-le-debat-de-la-primaire-a-droite-en-plus-drole-2007636.html%3Ftype=content<\/p>\n","protected":false},"excerpt":{"rendered":"<p>ACTUALITE -&#8220;La mutation de la Poste a-t-elle enfant\u00e9 un malaise social ?&#8221; (Pierre Mani\u00e8re) : http:\/\/www.latribune.fr\/technos-medias\/la-mutation-de-la-poste-a-t-elle-enfante-un-malaise-social-607116.html#xtor=EPR -&#8220;Le transport a\u00e9rien a besoin d&#8217;une autre strat\u00e9gie&#8221; (la CGT) : http:\/\/www.cgt.fr\/Le-transport-aerien-a-besoin-d-une.html -La taxe fonci\u00e8re fait grogner (vid\u00e9o) : http:\/\/www.francetvinfo.fr\/economie\/immobilier\/impots-la-taxe-fonciere-fait-grogner_1870199.html -&#8220;Nos routes se d\u00e9gradent et deviennent dangereuses&#8221; (vid\u00e9o) : http:\/\/rmc.bfmtv.com\/mediaplayer\/video\/nos-routes-se-degradent-et-deviennent-dangereuses-875845.html -&#8220;Les salari\u00e9s toujours plus nombreux \u00e0 investir dans leurs [&hellip;]<\/p>\n","protected":false},"author":1042,"featured_media":0,"comment_status":"open","ping_status":"open","sticky":false,"template":"","format":"standard","meta":{"_themeisle_gutenberg_block_has_review":false,"footnotes":""},"categories":[151],"tags":[],"class_list":["post-9928","post","type-post","status-publish","format-standard","hentry","category-la-revue-de-presse-de-lulu"],"_links":{"self":[{"href":"https:\/\/archives.regards.fr\/index.php?rest_route=\/wp\/v2\/posts\/9928","targetHints":{"allow":["GET"]}}],"collection":[{"href":"https:\/\/archives.regards.fr\/index.php?rest_route=\/wp\/v2\/posts"}],"about":[{"href":"https:\/\/archives.regards.fr\/index.php?rest_route=\/wp\/v2\/types\/post"}],"author":[{"embeddable":true,"href":"https:\/\/archives.regards.fr\/index.php?rest_route=\/wp\/v2\/users\/1042"}],"replies":[{"embeddable":true,"href":"https:\/\/archives.regards.fr\/index.php?rest_route=%2Fwp%2Fv2%2Fcomments&post=9928"}],"version-history":[{"count":0,"href":"https:\/\/archives.regards.fr\/index.php?rest_route=\/wp\/v2\/posts\/9928\/revisions"}],"wp:attachment":[{"href":"https:\/\/archives.regards.fr\/index.php?rest_route=%2Fwp%2Fv2%2Fmedia&parent=9928"}],"wp:term":[{"taxonomy":"category","embeddable":true,"href":"https:\/\/archives.regards.fr\/index.php?rest_route=%2Fwp%2Fv2%2Fcategories&post=9928"},{"taxonomy":"post_tag","embeddable":true,"href":"https:\/\/archives.regards.fr\/index.php?rest_route=%2Fwp%2Fv2%2Ftags&post=9928"}],"curies":[{"name":"wp","href":"https:\/\/api.w.org\/{rel}","templated":true}]}}