{"id":9926,"date":"2016-10-13T08:03:53","date_gmt":"2016-10-13T06:03:53","guid":{"rendered":"https:\/\/wp.muchomaas.com\/article-la-revue-du-13-octobre-2016\/"},"modified":"2023-06-23T23:23:12","modified_gmt":"2023-06-23T21:23:12","slug":"article-la-revue-du-13-octobre-2016","status":"publish","type":"post","link":"https:\/\/archives.regards.fr\/?p=9926","title":{"rendered":"La Revue du 13 octobre 2016"},"content":{"rendered":"<strong>ACTUALITE<\/strong>\n\n-&#8220;A quoi servent le patronat et les syndicats si l&#8217;Etat s&#8217;impose sur le paritarisme&#8221; (Thibault Lanxade, vice-pr\u00e9sident du Medef; interrog\u00e9 par Eric Delvaux; son) : https:\/\/www.franceinter.fr\/emissions\/l-invite-du-5-7\/l-invite-du-5-7-12-octobre-2016\n\n-Michelin s&#8217;engage pour la s\u00e9curit\u00e9 de ses employ\u00e9s sur les routes (le directeur du groupe fran\u00e7ais R\u00e9mi de Verdilhac, interrog\u00e9 par St\u00e9phane Carpentier; son) : http:\/\/www.rtl.fr\/actu\/societe-faits-divers\/michelin-s-engage-pour-la-securite-de-ses-employes-sur-les-routes-7785236123\n\n<strong>-Renault recrute 1 000 salari\u00e9s suppl\u00e9mentaires qui s&#8217;ajoutent aux 2 000 d\u00e9j\u00e0 annonc\u00e9s et n\u00e9gocie un nouvel accord de comp\u00e9titivit\u00e9 (vid\u00e9o) : <\/strong> http:\/\/www.francetvinfo.fr\/economie\/automobile\/crise-automobile\/emploi-renault-recrute-1000-postes_1868399.html\n\n<em>-&#8220;L&#8217;industrie automobile en France et dans le monde a un avenir&#8221; (le PCF) : <\/em> http:\/\/www.pcf.fr\/92495\n\n-&#8220;La crise de croissance d&#8217;Airbus&#8221; (David Bo\u00e9ri; vid\u00e9o) : http:\/\/www.francetvinfo.fr\/france\/airbus-des-difficultes-aussi-dans-l-aviation-civile_1867461.html\n\n-Des difficult\u00e9s pour les h\u00e9licopt\u00e8res (vid\u00e9o) : http:\/\/www.francetvinfo.fr\/france\/economie-airbus-voit-un-contrat-crucial-lui-echapper_1867449.html\n\n-&#8220;Entre la r\u00e9forme, le Brevet, les attentats, comment rassurer les parents&#8221; (Lucie Martin, professeur de lettres classiques en coll\u00e8ge) : http:\/\/www.telerama.fr\/monde\/comment-rassurer-les-parents-sur-la-reforme-et-le-brevet-en-attendant-l-exercice-attentat,148471.php#xtor=EPR\n\n<strong>-Les appels de d\u00e9tresse d&#8217;agriculteurs se multiplient (un reportage dans le Nord de Maximilien Carlier; son) <\/strong> : http:\/\/www.sudradio.fr\/Podcasts\/Les-reportages-de-la-matinee\/La-detresse-des-agriculteurs\n\n<strong>-&#8220;La mairie de Paris lance un plan pour utiliser les 113 000 chambres de bonnes de la capitale&#8221; (Iann Brossat, adjoint communiste au logement; vid\u00e9o) : <\/strong> https:\/\/www.youtube.com\/watch?v=SFlGXaT7HWo\n\n-Selon la Cour des Comptes, &#8220;les collectivit\u00e9s locales vont mieux mais il y a un probl\u00e8me avec la dur\u00e9e du travail des agents&#8221; (la maire PS de Romainville en Seine-Saint-Denis; vid\u00e9o) : http:\/\/www.francetvinfo.fr\/france\/finances-les-collectivites-locales-vont-mieux_1867463.html\n\n-&#8220;En France aussi, une mise en cause du droit \u00e0 l&#8217;avortement&#8221; (Yolaine de la Bigne; son) : http:\/\/www.sudradio.fr\/Podcasts\/Quelle-epoque-ethique\/Droit-a-l-avortement\n\n-Un nouveau test de d\u00e9pistage du cannabis au volant (Emmanuel Barbe, d\u00e9l\u00e9gu\u00e9 interminist\u00e9riel \u00e0 la s\u00e9curit\u00e9 routi\u00e8re; vid\u00e9o) : http:\/\/rmc.bfmtv.com\/mediaplayer\/video\/mortalite-routiere-un-nouveau-test-de-depistage-du-cannabis-au-volant-d-ici-decembre-875567.html\n\n<strong>-&#8220;Cacophonie gouvernementale sur Notre-Dame-des-Landes&#8221; (vid\u00e9o) : <\/strong> https:\/\/www.youtube.com\/watch?v=O9t58VW-Qjg\n\n<strong>-L&#8217;appel de l&#8217;astrophysicien Hubert Reeves :     <\/strong>                         \nhttp:\/\/www.sciencesetavenir.fr\/nature-environnement\/developpement-durable\/aeroport-de-notre-dame-des-landes-l-appel-de-l-astrophysicien-hubert-reeves_107348\n\n-&#8220;Les algues vertes sont-elles vraiment mortelles ?&#8221; (un dossier sur RTL; sons) : http:\/\/www.rtl.fr\/actu\/societe-faits-divers\/les-algues-vertes-sont-elles-vraiment-mortelles-7785236626\n\n-Droit de planter dans la terre des villes (Nathalie Fontrel; son) :  https:\/\/www.franceinter.fr\/emissions\/planete-environnement\/planete-environnement-12-octobre-2016\n\n-Aller au travail avec son chien (Isabelle Taillandier; son) : http:\/\/www.sudradio.fr\/Podcasts\/L-invite-pour-comprendre\/I.Taillandier-directrice-Business-Unit-Grande-Distribution-chez-Purina\n\n-Laguiole veut r\u00e9cup\u00e9rer son nom (Michel Waintrop) : http:\/\/www.la-croix.com\/Economie\/France\/Laguiole-veut-recuperer-son-nom-2016-10-11-1200795489?utm_source\n\n<strong>-Le journal d&#8217;Outre-mer (Edwige Saint-Thomas; son) : <\/strong> https:\/\/www.franceinter.fr\/emissions\/journal-d-outre-mer-1ere\/journal-d-outre-mer-1ere-12-octobre-2016\n\n<strong>-&#8220;A Calais, un d\u00e9mant\u00e8lement mais pour quel projet ?&#8221; (Jean-Baptiste Fran\u00e7ois) : <\/strong> http:\/\/www.la-croix.com\/France\/Immigration\/A-Calais-un-demantelement-mais-pour-quel-projet-2016-10-11-1200795507?utm_source\n\n<strong>-Les Ivryens (94) pr\u00eats \u00e0 accueillir les migrants (Elsa Mari) : <\/strong> http:\/\/www.leparisien.fr\/ivry-sur-seine-94200\/les-ivryens-prets-a-accueillir-les-migrants-10-10-2016-6191925.php#xtor=AD-1481423551\n\n<strong>-&#8220;Il est \u00e9vident que la police de proximit\u00e9 manque aujourd&#8217;hui dans les quartiers difficiles. Une police coup\u00e9e de la population, \u00e7a ne marche jamais&#8221; (Jean-Pierre Havrin, ancien directeur de la S\u00e9curit\u00e9 publique de Haute-Garonne; interrog\u00e9 par Dimitri Pavlenko; son) <\/strong> : http:\/\/www.sudradio.fr\/Podcasts\/L-invite-pour-comprendre\/J-P.Havrin-ancien-directeur-de-la-securite-publique-de-Haute-Garonne\n\n<strong>-&#8220;Le maintien de l&#8217;ordre dans les quartiers difficiles&#8221; au &#8220;T\u00e9l\u00e9phone sonne&#8221; de France Inter. Avec le sociologue Laurent Mucchielli; Luc Poignant du syndicat de police Unit\u00e9 SGP-FO et le maire UDI de Viry-Ch\u00e2tillon Jean-Marie Vilain; d\u00e9bat anim\u00e9 par Nicolas Demorand; son) <\/strong> :  https:\/\/www.franceinter.fr\/emissions\/le-telephone-sonne\/le-telephone-sonne-11-octobre-2016\n\n-&#8220;Pourquoi j&#8217;ai renonc\u00e9 \u00e0 d\u00e9fendre Salah Abdeslam&#8221; (Me Franck Berton; vid\u00e9o et son) : http:\/\/www.lci.fr\/societe\/jt-20h-les-avocats-de-salah-abdeslam-jettent-l-eponge-l-un-d-eux-s-explique-2007437.html%3Ftype=content\nhttp:\/\/rmc.bfmtv.com\/mediaplayer\/video\/frank-berton-pourquoi-j-ai-renonce-a-defendre-salah-abdeslam-875511.html\n\n-La proc\u00e9dure ne sera pas retard\u00e9e (Dominique Verdeilhan; vid\u00e9o) : http:\/\/www.francetvinfo.fr\/faits-divers\/terrorisme\/attaques-du-13-novembre-a-paris\/arrestation-de-salah-abdeslam\/attentats-du-13-novembre-le-depart-des-avocats-de-salah-abdeslam-ne-retardera-pas-la-procedure_1868567.html\n\n<strong>POLITIQUE<\/strong>\n\n<strong>-&#8220;Le plus important c&#8217;est de contraindre les candidats \u00e0 s&#8217;engager pr\u00e9cis\u00e9ment sur les questions de fond : la mixit\u00e9 \u00e0 l&#8217;\u00e9cole, la r\u00e9forme fiscale, la refondation europ\u00e9enne&#8221; (l&#8217;\u00e9conomiste Thomas Piketty r\u00e9pondait aux questions de Patrick Cohen, puis \u00e0 celles des auditeurs de France Inter; vid\u00e9os) :   <\/strong>                                                                                                             http:\/\/www.dailymotion.com\/video\/x4x31o8_thomas-piketty-le-plus-important-c-est-de-contraindre-les-candidats-a-s-engager-precisement-sur-les_news                                            http:\/\/www.dailymotion.com\/video\/x4x35qo_thomas-piketty-repond-aux-questions-des-auditeurs-d-interactiv_news\n\n<strong>-&#8220;Banques et biens communs&#8221; (Patrick Le Hyaric; pi\u00e8ce jointe);<\/strong>\n\n<em>-&#8220;M\u00e9lenchon au plus haut, Sarkozy au plus bas&#8221; (Bruno Jeudi analyse le dernier sondage IFOP-Fiducial) :<\/em> http:\/\/www.parismatch.com\/Actu\/Politique\/Melenchon-au-plus-haut-Sarkozy-au-plus-bas-1092679\n\n<strong>-Il \u00e9tait l&#8217;invit\u00e9 de &#8220;L&#8217;Epreuve de v\u00e9rit\u00e9&#8221; sur la cha\u00eene &#8220;Public S\u00e9nat&#8221; (vid\u00e9o) : <\/strong> http:\/\/replay.publicsenat.fr\/vod\/epreuve-de-verite\/invite-jean-luc-melenchon\/michel-grossiord,jean-luc-melenchon\/217415\n\n-&#8220;Un pr\u00e9sident qui commente son action. O\u00f9 sont ses convictions? Quelles sont ses valeurs ?&#8221; (C\u00e9cile Duflot, d\u00e9put\u00e9e \u00e9cologiste de Paris; interrog\u00e9e par Laurence Ferrari; vid\u00e9o) : http:\/\/www.itele.fr\/chroniques\/invite-politique-ferrari-tirs-croises\/linvite-de-laurence-ferrari-du-12102016-171455\n\n<strong>-&#8220;Je suis pr\u00eat&#8221;, l&#8217;entretien de Fran\u00e7ois Hollande dans &#8220;L&#8217;Obs&#8221; (propos recueillis par C\u00e9cile Amar, Matthieu Aron, Carole Barjon et Matthieu Croissandeau) : <\/strong> http:\/\/tempsreel.nouvelobs.com\/politique\/20161011.OBS9684\/je-suis-pret-l-entretien-integral-de-francois-hollande-dans-l-obs.html\n\n-&#8220;C&#8217;est notre soci\u00e9t\u00e9 qui est de plus en plus violente. De symbolique, elle est devenue r\u00e9elle. Les policiers n&#8217;ont pas d\u00e9gain\u00e9. Vis \u00e0 vis de Poutine, Fran\u00e7ois Hollande n&#8217;a pas h\u00e9sit\u00e9. Bien s\u00fbr qu&#8217;il faut discuter avec la Russie pour que la guerre s&#8217;arr\u00eate. Fran\u00e7ois Fillon est l&#8217;homme le plus proche de Poutine. Je suis dans le ni, ni. Ni Sarkozy, ni Jupp\u00e9&#8221; (Jean-Christophe Cambad\u00e9lis, invit\u00e9 de &#8220;Mardi Politique&#8221;; vid\u00e9o) : http:\/\/www.rfi.fr\/video\/20161011-jean-christophe-cambadelis-depute-paris-premier-secretaire-ps\n\n-&#8220;Fran\u00e7ois Hollande n&#8217;a rien compris \u00e0 l&#8217;islam. Il faut ferrailler contre le sort r\u00e9serv\u00e9 aux femmes dans cette religion&#8221; (Zohra Bitan, auteure de &#8220;Cette gauche qui nous d\u00e9sint\u00e8gre&#8221;, ancienne porte-parole de Manuel Valls; interrog\u00e9e par Dimitri Pavlenko; son) : http:\/\/www.sudradio.fr\/Podcasts\/L-invite-pour-comprendre\/Zohra-Bitan-fondatrice-de-Campus-Marianne\n\n-Macron poursuit son diagnostic sur &#8220;la France qui subit&#8221; (Nathalie Raulin) : http:\/\/www.liberation.fr\/france\/2016\/10\/11\/macron-poursuit-son-diagnostic-sur-la-france-qui-subit_1521335?xtor=EPR\n\n-&#8220;Il entretien le flou sur le contenu de ses propositions&#8221; (Bastien Bonnefous) : \nhttp:\/\/www.lemonde.fr\/\/politique\/article\/2016\/10\/11\/emmanuel-macron-entretient-le-flou-sur-le-contenu-de-ses-propositions_5012014_823448.html\n\n-&#8220;La balle au centre&#8221; (vid\u00e9o) : http:\/\/www.francetvinfo.fr\/politique\/emmanuel-macron\/emmanuel-macron-la-balle-au-centre_1867383.html\n\n-&#8220;A l&#8217;Assembl\u00e9e nationale, la d\u00e9put\u00e9e \u00e9cologiste du Calvados Isabelle Attard accuse le ministre Jean-Michel Baylet de &#8220;violences pass\u00e9es contre une collaboratrice&#8221; (Rachid La\u00efreche; vid\u00e9o) : http:\/\/www.liberation.fr\/france\/2016\/10\/11\/monsieur-le-ministre-comment-osez-vous-encore-vous-presenter-a-l-assemblee-nationale_1521262?xtor=EPR\n\n-Dans un livre d&#8217;entretiens, Fran\u00e7ois Hollande &#8220;se livre comme jamais&#8221; : http:\/\/www.francetvinfo.fr\/politique\/vie-privee-de-hollande\/royal-gayet-trierweiler-sarkozy-les-confidences-de-francois-hollande_1868015.html\n\n-Les bonnes feuilles dans &#8220;Le Parisien&#8221; (Nathalie Schuck) : ww.leparisien.fr\/espace-premium\/fait-du-jour\/sarkozy-de-gaulle-le-petit-lui-sort-par-les-yeux-12-10-2016-6195864.php  http:\/\/www.leparisien.fr\/espace-premium\/fait-du-jour\/je-suis-le-spectre-de-l-elysee-12-10-2016-6196113.php                                                                                                                               http:\/\/www.leparisien.fr\/espace-premium\/fait-du-jour\/je-n-ai-pas-peur-de-perdre-12-10-2016-6195672.php\n\n-Focus sur ses confidences dans le livre de G\u00e9rard Davet et Fabrice Lhomme (vid\u00e9o) : http:\/\/rmc.bfmtv.com\/mediaplayer\/video\/qg-bourdin-2017-focus-sur-les-confidences-de-francois-hollande-dans-le-livre-de-gerard-davet-et-fabrice-lhomme-875531.html\n\n<strong>-Les deux auteurs face \u00e0 Jean-Jacques Bourdin (vid\u00e9o) :<\/strong> http:\/\/www.bfmtv.com\/mediaplayer\/video\/gerard-davet-et-fabrice-lhomme-face-a-jean-jacques-bourdin-en-direct-875549.html\n\n-Les r\u00e9actions de la ministre Laurence Rossignol, interrog\u00e9e par Fr\u00e9d\u00e9ric Rivi\u00e8re (vid\u00e9o) : http:\/\/www.rfi.fr\/video\/20161012-rossignol-phrase-francois-hollande-femme-voilee-sera-marianne-demain\n\n-Celles de Thierry Sol\u00e8re, d\u00e9put\u00e9 LR des Hauts-de-Seine et d&#8217;Olivier Faure, d\u00e9put\u00e9 PS de Seine-de-Marne (vid\u00e9o) : http:\/\/www.bfmtv.com\/mediaplayer\/video\/retour-sur-les-confidences-choc-de-francois-hollande-12-875757.html\n\n-Celles de journalistes et de Roselyne Bachelot (vid\u00e9o) : http:\/\/www.bfmtv.com\/mediaplayer\/video\/retour-sur-les-confidences-choc-de-francois-hollande-22-875761.html\n\n-&#8220;Quand Fran\u00e7ois Hollande travaille-t-il ?&#8221; (NKM, d\u00e9put\u00e9e interrog\u00e9e par Caroline Roux; vid\u00e9o) : http:\/\/www.francetvinfo.fr\/politique\/les-republicains\/primaire-de-la-droite\/4-verites-nkm-se-demande-quand-francois-hollande-travaille_1868295.html\n\n-Ce qu&#8217;en pense Christophe Barbier (vid\u00e9o) : http:\/\/www.bfmtv.com\/mediaplayer\/video\/l-edito-de-christophe-barbier-les-confidences-choc-de-francois-hollande-dans-un-nouveau-livre-875537.html\n\n-L&#8217;opinion de Joseph Mac\u00e9-Scaron de &#8220;Marianne&#8221; et de Carl Meeus du &#8220;Figaro Magazine&#8221; (vid\u00e9os) :  http:\/\/www.bfmtv.com\/mediaplayer\/video\/un-prsident-ne-devrait-pas-dire-a-les-confidences-de-franois-hollande-dans-un-nouveau-livre-22-875483.html                                                                                                                                                                                                                      http:\/\/www.bfmtv.com\/mediaplayer\/video\/un-president-ne-devrait-pas-dire-ca-les-confidences-de-francois-hollande-dans-un-nouveau-livre-22-875483.html\n\n-L&#8217;\u00e9mission d&#8217;Olivier Galzi sur iT\u00e9l\u00e9 lui \u00e9tait consacr\u00e9e (vid\u00e9o) : http:\/\/www.itele.fr\/chroniques\/grand-decryptage-olivier-galzi\/le-grand-decryptage-du-12102016-171460\n\n-Un d\u00e9menti sur Twitter de Val\u00e9rie Trierweiler : http:\/\/www.lci.fr\/politique\/francois-hollande-se-justifie-sur-les-sans-dents-avant-d-etre-contredit-sur-twitter-par-valerie-trierweiler-2007326.html\n\n-&#8220;Cette interview \u00e0 l&#8217;Obs est importante. Un pas vers la candidature. Il sera le candidat de la France, pas seulement celui de la gauche. A gauche, il n&#8217;y a pas photo. Il sera en janvier candidat \u00e0 la primaire. Il est le seul qui peut nous faire gagner&#8221; (Didier Germain, pr\u00e9sident du groupe PS au S\u00e9nat; invit\u00e9 de &#8220;Politique Matin&#8221;. Il r\u00e9pondait aux questions de Brigitte Boucher; vid\u00e9o, amener le curseur sur 29:48) : http:\/\/www.lcp.fr\/emissions\/politique-matin\/278967-politique-matin\n\n-Il \u00e9tait aussi l&#8217;invit\u00e9 du &#8220;Club de la Presse&#8221; d&#8217;Europe 1 (son) : http:\/\/www.europe1.fr\/emissions\/le-club-de-la-presse\/europe-soir-le-club-de-la-presse-didier-guillaume-et-marie-mendras-11102016-2870380\n\n-&#8220;Avec Fran\u00e7ois Hollande, on n&#8217;est jamais surpris. Il est candidat \u00e0 la Pr\u00e9sidence de la R\u00e9publique, pas besoin d&#8217;attendre No\u00ebl. Le danger ce n&#8217;est pas Poutine, c&#8217;est Daesh. On a des d\u00e9saccords graves avec la Russie, raison de plus pour se mettre autour d&#8217;une table. Nicolas Sarkozy a l&#8217;exp\u00e9rience qu&#8217;il faut&#8221; (Maurice Leroy, d\u00e9put\u00e9 UDI du Loir-et-Cher; interrog\u00e9 par Micha\u00ebl Darmon; vid\u00e9o) : https:\/\/www.youtube.com\/watch?v=_F9nKFqWaSs\n\n-&#8220;On a pas \u00e0 donner de le\u00e7on d&#8217;arrogance \u00e0 la Russie ni \u00e0 personne&#8221; (il r\u00e9pondait aux questions de Marc-Olivier Fogiel; son) : http:\/\/www.rtl.fr\/actu\/international\/syrie-la-france-n-a-pas-de-lecon-d-arrogance-a-donner-a-la-russie-proteste-maurice-leroy-7785232694\n\n-&#8220;Sarkozy lepenis\u00e9 et trumpis\u00e9&#8221;  (Jean-No\u00ebl Carpentier, d\u00e9put\u00e9 mdP du Val-d&#8217;Oise : http:\/\/www.md-progressistes.fr\/sarkozy-lepenise-et-trumpise\/?utm_source\n\n-&#8220;Les signes sont bons&#8221; pour Alain Jupp\u00e9 mais Nicolas Sarkozy &#8220;n&#8217;est pas un candidat anodin&#8221;. &#8220;Les programmes des politiques passent loin derri\u00e8re leur personnalit\u00e9. Cette profusion d&#8217;entretiens (de Fran\u00e7ois Hollande), historiographies personnelles, \u00e7a me surprend beaucoup&#8221; (Fran\u00e7ois Bayrou, pr\u00e9sident du MoDem; interrog\u00e9 par Jean-Michel Apathie; vid\u00e9o) : http:\/\/www.dailymotion.com\/video\/x4x3l1q_primaire-de-la-droite-les-signes-sont-bons-pour-alain-juppe-mais-nicolas-sarkozy-n-est-pas-un-candid_news\n\n-Le ton monte entre les candidats de la droite avant leur premier d\u00e9bat t\u00e9l\u00e9vis\u00e9 (le d\u00e9bat de leurs porte-parole sur BFMTV; anim\u00e9 par Laurent Neumann; vid\u00e9o) : http:\/\/www.bfmtv.com\/mediaplayer\/video\/primaire-de-la-droite-le-ton-monte-entre-les-candidats-a-deux-jours-du-premier-debat-televise-875439.html\n\n-&#8220;Jupp\u00e9 fait le plein des soutiens chez les centristes&#8221; (Jordan Klein; vid\u00e9o) : http:\/\/www.publicsenat.fr\/lcp\/politique\/primaire-droite-juppe-fait-plein-soutiens-chez-centristes-1520387\n\n-Les dessous de la candidature de Jean-Fran\u00e7ois Cop\u00e9 (Solenn de Royer; son) : https:\/\/www.franceinter.fr\/emissions\/histoires-politiques\/histoires-politiques-12-octobre-2016\n\n-Le programme \u00e9conomique d&#8217;Alain Jupp\u00e9, &#8220;un massacre social&#8221;. &#8220;Mme NKM est une collabo de la pens\u00e9e unique&#8221; (Nicolas Dupont-Aignan, d\u00e9put\u00e9 de L&#8217;Essonne; vid\u00e9os) :                              http:\/\/www.lcp.fr\/la-politique-en-video\/le-programme-economique-dalain-juppe-un-massacre-social-juge-dupont-aignan-dlf                                                                                                              http:\/\/www.lcp.fr\/la-politique-en-video\/dupont-aignan-dlf-madame-kosciusko-morizet-est-une-collabo-de-la-pensee-unique\n\n<em>-Les intentions de vote \u00e0 la primaire de la droite et du centre (ELABE) : <\/em> http:\/\/elabe.fr\/primaire-de-droite-centre-2\/\n\n-Nicolas Sarkozy, &#8220;ce sont des gens qui ne parlent que d&#8217;argent&#8221; (Patrick Buisson, interrog\u00e9 par Olivier Galzi; vid\u00e9o) :                        http:\/\/www.itele.fr\/chroniques\/invite-galzi-jusqua-minuit\/patrick-buisson-a-propos-de-nicolas-sarkozy-ce-sont-des-gens-qui-ne-parlent-que-dargent-171462\n\n-&#8220;Il n&#8217;y a pas de compromis possible avec l&#8217;islam&#8221; (Philippe de Villiers, interrog\u00e9 par Elizabeth Martichoux; vid\u00e9os) : http:\/\/www.rtl.fr\/actu\/politique\/il-n-y-a-pas-de-compromis-possible-avec-l-islam-martele-philippe-de-villiers-7785236691\n\n-&#8220;Viry-Ch\u00e2tillon est un aveu de l&#8217;\u00e9chec total de la politique du gouvernement. Comme lui (Robert M\u00e9nard), je condamne l&#8217;arriv\u00e9e massive de migrants sur nos territoires. Sur le r\u00e9f\u00e9rendum, Sarkozy ne manque pas de culot&#8221; (David Rachline, directeur de la campagne de Marine Le Pen, invit\u00e9 de &#8220;Territoire d&#8217;Infos&#8221;; vid\u00e9o, amener le curseur sur 33:02) : http:\/\/www.sudradio.fr\/Politique\/L-interview-politique\/David-Rachline-Sur-le-referendum-Sarkozy-ne-manque-pas-de-culot\n\n-&#8220;Des zones de non-droit existent-elles en France&#8221; (le maire LR d&#8217;Aulnay-sous-Bois (93), celui PS de Sarcelles (95) et le ministre Patrick Kanner; vid\u00e9o) : http:\/\/www.bfmtv.com\/mediaplayer\/video\/agression-de-policiers-des-zones-de-non-droit-existent-elles-en-france-875443.html\n\n<strong>-&#8220;Zones de non-droit ou ghettos&#8221; (Thomas Legrand; son) : <\/strong> https:\/\/www.franceinter.fr\/emissions\/l-edito-politique\/l-edito-politique-12-octobre-2016\n\n-&#8220;2002-2017, m\u00eame d\u00e9bat sur la s\u00e9curit\u00e9 et un Le Pen au second tour !&#8221; (Yves Thr\u00e9ard du &#8220;Figaro&#8221;; vid\u00e9o) :  http:\/\/www.europe1.fr\/emissions\/ledito-politique-dyves-threard\/2002-2017-meme-debat-sur-la-securite-et-un-le-pen-au-second-tour-2870590\n\n-&#8220;La le\u00e7on des \u00e9v\u00eaques aux responsables politiques&#8221; (C\u00e9cile Chambraud) : http:\/\/www.lemonde.fr\/religions\/article\/2016\/10\/12\/la-lecon-des-eveques-aux-responsables-politiques_5012646_1653130.html#xtor=AL-32280270\n\n<strong>-&#8220;Moi Pr\u00e9sident. Nestor, 38 ans, est serveur. Avec Herv\u00e9 Pauchon; son) : <\/strong> https:\/\/www.franceinter.fr\/emissions\/moi-president\/moi-president-12-octobre-2016\n\n<strong>EUROPE-MONDE<\/strong>\n\n<strong>-&#8220;Alors que l&#8217;Union europ\u00e9enne s&#8217;appr\u00eate \u00e0 c\u00e9l\u00e9brer son 60e anniversaire, le principe du &#8220;toujours plus d&#8217;Europe&#8221; perd du terrain&#8221; (Jorge Valero) :<\/strong> http:\/\/www.euractiv.fr\/section\/politique\/news\/eu-puts-ever-closer-union-on-hold\/?nl_ref=22479392\n\n-&#8220;L&#8217;union europ\u00e9enne s&#8217;engage dans des promesses tr\u00e8s th\u00e9oriques de financement avant la COP 22&#8221; (C\u00e9cile Barbi\u00e8re) : http:\/\/www.euractiv.fr\/section\/climat-environnement\/news\/lue-sengage-dans-des-promesses-tres-theoriques-de-financement-avant-la-cop-22-2\/?nl_ref=22479392\n\n<strong>-152 000 signatures de fonctionnaires et citoyens europ\u00e9ens sur une p\u00e9tition contre Barroso (Daniela Vincenti) <\/strong> : http:\/\/www.euractiv.fr\/section\/politique\/news\/eu-employees-set-to-hand-in-petition-against-barroso\/?nl_ref=22479392\n\n-&#8220;Le d\u00e9bat sur les OGM est \u00e9motionnel mais pas irrationnel&#8221; (Christine Noiville du Haut Conseil des Biotechnologies et Frans Bram du Conseil \u00e9conomique du gouvernement des Pays-Bas; propos recueillis par Aline Robert) :  http:\/\/www.euractiv.fr\/section\/agriculture-alimentation\/interview\/le-debat-sur-les-ogm-est-emotionnel-mais-pas-irrationnel\/?nl_ref=22479392\n\n<em>-La recommandation du Haut Conseil transmise \u00e0 la France (document) : <\/em> http:\/\/www.hautconseildesbiotechnologies.fr\/sites\/www.hautconseildesbiotechnologies.fr\/files\/file_fields\/2016\/10\/05\/2016-09-28recohcbceessaisinesocioeconomiqueetannexes.pdf\n\n-Contre le Brexit, &#8220;la fronde judiciaire s&#8217;engage au Royaume-Uni&#8221; : http:\/\/www.euractiv.fr\/section\/royaume-uni-en-europe\/news\/uk-court-challenge-risks-delaying-brexit\/?nl_ref=22479392\n\n-Bernard Cazeneuve en appelle &#8220;au devoir moral&#8221; des Britanniques \u00e0 Calais : http:\/\/www.euractiv.fr\/section\/justice-affaires-interieures\/news\/cazeneuve-en-appelle-au-devoir-moral-des-britanniques-a-calais\/?nl_ref=22479392\n\n-&#8220;L&#8217;Allemagne r\u00e9ticente \u00e0 remplir la tirelire du plan Juncker&#8221; (Albrecht Meier) : http:\/\/www.euractiv.fr\/section\/euro-finances\/news\/berlin-reluctant-to-top-up-junckers-piggy-bank\/?nl_ref=22479392\n\n<strong>-A Copenhague, une mosqu\u00e9e pour les femmes avec une femme imam, m\u00e8re de cinq enfants (un reportage de Fr\u00e9d\u00e9rique Lebel; son) : <\/strong> http:\/\/www.rfi.fr\/video\/20161012-sherin-khankan-une-femme-imam-pas-comme-autres\n\n<strong>-&#8220;La Su\u00e8de, un pays qui s&#8217;enrichit de ses migrants&#8221; (Nicolas Domenach; vid\u00e9o) : <\/strong> http:\/\/www.rtl.fr\/actu\/international\/un-pays-peut-s-enrichir-de-ses-migrants-declare-nicolas-domenach-7785239124\n\n<em>-&#8220;L&#8217;accueil des migrants peut devenir un atout \u00e9conomique&#8221; (la CGT) :<\/em> http:\/\/www.cgt.fr\/Suede-l-accueil-des-migrants-peut.html\n\n-Russie, &#8220;la France s&#8217;est berc\u00e9e d&#8217;illusions&#8221; (Marie Mendras, chercheuse au CNRS, professeur \u00e0 Sciences Po Paris; propos recueillis par Olivier Tall\u00e8s) : http:\/\/www.la-croix.com\/Monde\/Russie-La-France-s-est-bercee-d-illusions-2016-10-11-1200795516?utm_source\n\n-&#8220;Erreur fran\u00e7aise, stratag\u00e8me russe ?&#8221; (Guillaume Goubert) : http:\/\/www.la-croix.com\/Debats\/Editos\/Erreur-francaise-stratageme-russe-2016-10-11-1200795495\n\n-&#8220;Ce n&#8217;est pas le moment de parler d&#8217;autre chose&#8221; que de la Syrie avec Poutine (Sonia Delessale-Stolper et Hala Kodmani) : http:\/\/www.liberation.fr\/planete\/2016\/10\/11\/les-portes-se-ferment-autour-de-poutine_1521300?xtor=EPR\n\n-L&#8217;Allemagne r\u00e9fl\u00e9chit \u00e0 des sanctions (C\u00e9cile Barbi\u00e8re, Georgi Gotev) : http:\/\/www.euractiv.fr\/section\/l-europe-dans-le-monde\/news\/germany-france-harden-tone-on-russia-over-aleppo-bombings\/?nl_ref=22479392\n\n<strong>-&#8220;Nous lui avions propos\u00e9 de parler de la Syrie, Vladimir Poutine a refus\u00e9. Quand il bombarde Alep, ce n&#8217;est pas contre Daesh, c&#8217;est contre la population&#8221; (Jean-Marc Ayrault, ministre des Affaires \u00e9trang\u00e8res; interrog\u00e9 par Jean-Pierre Elkabbach; vid\u00e9o) <\/strong> : http:\/\/www.europe1.fr\/emissions\/l-interview-politique\/report-de-la-venue-de-vladimir-poutine-relation-avec-la-russie-bombardement-a-alep-notre-dame-des-landes-et-candidature-de-francois-hollande-pour-2017-jean-marc-ayrault-repond-aux-questions-de-jean-pierre-elkabbach-2870728\n\n-&#8220;Le probl\u00e8me, \u00e7a n&#8217;est pas d&#8217;envoyer Poutine devant je ne sais quel tribunal&#8221; (Henri Guaino, d\u00e9put\u00e9 LR des Yvelines; vid\u00e9o) : http:\/\/www.rfi.fr\/video\/20161011-henri-guaino-depute-lr-yvelines-ancien-conseiller-special-elysee\n\n<strong>-&#8220;Dans peu de temps, nous allons lancer une offensive \u00e0 Mossoul, aussi avec des victimes civiles. La question est de savoir comment on r\u00e9sout un conflit quand la diplomatie a \u00e9chou\u00e9. On ne parle pas de crimes de guerre quand ce sont nos alli\u00e9s qui les commettent. Actuellement, c&#8217;est la Russie qui m\u00e8ne le jeu en Syrie. La r\u00e9solution russe permettait d&#8217;avancer. Am\u00e9ricains et Fran\u00e7ais lui ont oppos\u00e9 leur veto. Poutine m\u00e8ne une strat\u00e9gie, elle est possible parce que les autres ne font rien, c&#8217;est \u00e7a le probl\u00e8me&#8221; (l&#8217;\u00e9crivain Pierre Lorrain et Gilbert Potier, directeur g\u00e9n\u00e9ral de &#8220;M\u00e9decins du Monde&#8221;; interrog\u00e9s par Yves Calvi; son) : <\/strong> http:\/\/www.rtl.fr\/actu\/international\/la-russie-ne-bloque-pas-le-jeu-en-syrie-7785237566\n\n<strong>-&#8220;Le veto russe au Conseil de s\u00e9curit\u00e9 a emp\u00each\u00e9 l&#8217;arr\u00eat des bombardements. Dialogue toujours, Responsabilit\u00e9 toujours, pour la paix&#8221; (Fran\u00e7ois Hollande au Conseil de l&#8217;Europe; vid\u00e9o) :<\/strong> http:\/\/www.elysee.fr\/videos\/discours-au-conseil-de-l-europe\/\n\n-&#8220;Les limites de la diplomatie&#8221; (Bernard Guetta; son) : https:\/\/www.franceinter.fr\/emissions\/geopolitique\/geopolitique-12-octobre-2016\n\n-&#8220;Hollande avait tendu une perche \u00e0 Poutine qui l&#8217;a imm\u00e9diatement saisie&#8221; (Alba Ventura; vid\u00e9o) : http:\/\/www.rtl.fr\/actu\/politique\/hollande-a-tendu-une-perche-a-poutine-qui-l-a-immediatement-saisie-note-alba-ventura-7785236627\n\n-&#8220;Il a r\u00e9ussi \u00e0 \u00e9viter l&#8217;humiliation de la France par Vladimir Poutine&#8221; (le philosophe Michel Eltchaninoff, interrog\u00e9 par L\u00e9a Salam\u00e9; vid\u00e9o) : https:\/\/www.franceinter.fr\/emissions\/l-invite-de-7h50\/l-invite-de-7h50-12-octobre-2016\n\n<strong>-En d\u00e9bat dans l&#8217;\u00e9mission d&#8217;Arnaud Ardoin &#8220;\u00c7a vous regarde&#8221; (vid\u00e9o) : <\/strong> http:\/\/www.lcp.fr\/emissions\/ca-vous-regarde\/279234-ca-vous-regarde\n\n-Le point de vue de Marie Mandras, sp\u00e9cialiste de la Russie au CNRS (invit\u00e9e du &#8220;Club de la Presse&#8221; d&#8217;Europe 1; son, amener le curseur sur 19:24) : http:\/\/www.europe1.fr\/emissions\/le-club-de-la-presse\/europe-soir-le-club-de-la-presse-didier-guillaume-et-marie-mendras-11102016-2870380\n\n<strong>-Celui de Vladimir Poutine dans un entretien exclusif \u00e0 TF1 (vid\u00e9o) : <\/strong> http:\/\/www.lci.fr\/international\/jt-20h-poutine-annule-sa-visite-a-paris-son-entretien-exclusif-sur-tf1-2007436.html%3Ftype=content\n\n<strong>-&#8220;Afrique, continent de demain ?&#8221; en d\u00e9bat dans l&#8217;\u00e9mission &#8220;Grand \u00e9cran&#8221;, pr\u00e9sent\u00e9e par Emilie Aubry; apr\u00e8s l&#8217;excellent documentaire &#8220;Capitaine Thomas Sankara&#8221; de Christophe Cupelin; vid\u00e9o) <\/strong> : http:\/\/www.lcp.fr\/emissions\/grand-ecran-integral-2016-2017\n\n<strong>CULTURE-MEDIAS<\/strong>\n\n<strong>-Le patrimoine m\u00e9connu de &#8220;La colonne de Juillet&#8221; place de la Bastille (S\u00e9bastien Porte) <\/strong> : http:\/\/www.telerama.fr\/sortir\/place-de-la-bastille-le-patrimoine-meconnu-de-la-colonne-de-juillet,148473.php#xtor=EPR\n\n-La nig\u00e9riane Chimamanda Ngozi Adichie, \u00e9crivaine de son temps (Marine Landrot) : http:\/\/www.telerama.fr\/livre\/coiffure-feminisme-racisme-un-americanah-a-paris,148515.php#xtor=EPR\n\n<strong>-&#8220;J\u00e9r\u00f4me Garcin a lu les 1 200 lettres d&#8217;amour de Mitterrand \u00e0 Anne Pingeot&#8221; (vid\u00e9os) : <\/strong> http:\/\/bibliobs.nouvelobs.com\/documents\/20161005.OBS9374\/exclusif-l-obs-a-lu-les-lettres-d-amour-de-mitterrand-a-anne-pingeot.html\n\n<strong>-Jusqu&#8217;au 15 janvier 2O17, au Quai Branly, &#8220;The Color Line&#8221; rend leur juste place aux artistes noirs am\u00e9ricains (Lorraine Rossignol)<\/strong> : http:\/\/www.telerama.fr\/scenes\/au-quai-branly-the-color-line-rend-leur-juste-place-aux-artistes-noirs-americains,148514.php#xtor=EPR\n\n<strong>-Isma\u00ebl Saidi, l&#8217;auteur de la pi\u00e8ce &#8220;Djihad&#8221;, invit\u00e9 de Yann Barth\u00e8s (vid\u00e9o) : <\/strong> http:\/\/www.tf1.fr\/tmc\/quotidien-avec-yann-barthes\/videos\/djihad-pie-veut-faire-rire-attentats-interview.html\n\n-Ibos et Vitart remportent le Grand Prix National d&#8217;architecture  (Luc Le Chatelier) : http:\/\/www.telerama.fr\/scenes\/ibos-et-vitart-remportent-le-grand-prix-national-d-architecture,148698.php#xtor=EPR-\n\n<strong>-A Lyon, Costa-Gavras surveille la restauration de deux de ses films (vid\u00e9o) : <\/strong> http:\/\/www.francetvinfo.fr\/culture\/cinema\/cinema-a-la-rencontre-de-costa-gavras_1867427.html\n\n<strong>-Le r\u00e9alisateur am\u00e9ricain Walter Hill y a donn\u00e9 sa master class, une le\u00e7on de modestie pour ce grand de Hollywood (cit\u00e9 par J\u00e9r\u00e9mie Couston; vid\u00e9o) : <\/strong> http:\/\/www.telerama.fr\/cinema\/la-lecon-de-modestie-de-walter-hill-pointure-de-hollywood,148609.php#xtor=EPR\n\n-Les candidats \u00e0 l&#8217;Oscar du meilleur film en langue \u00e9trang\u00e8re (Caroline Besse) : http:\/\/www.telerama.fr\/cinema\/oscar-du-meilleur-film-en-langue-etrangere-qui-sont-les-candidats,148361.php#xtor=EPR\n\n<strong>-&#8220;La Fille inconnue&#8221;, le nouveau film des fr\u00e8res Dardenne (Pierrick Allain, Alice Gancel et Pierre Murat; vid\u00e9o) <\/strong> : http:\/\/www.telerama.fr\/cinema\/le-film-de-la-semaine-la-fille-inconnue-de-jean-pierre-et-luc-dardenne,148476.php#xtor=EPR\n\n-Thierry Lhermitte reprend le &#8220;Syndrome de l&#8217;Ecossais&#8221; au th\u00e9\u00e2tre des Nouveaut\u00e9s \u00e0 Paris (son) : http:\/\/www.sudradio.fr\/Podcasts\/L-invite-pour-comprendre\/Thierry-Lhermitte-acteur\n\n-Le chanteur Jean-Philippe Lafont victime d&#8217;un accident \u00e0 l&#8217;Op\u00e9ra-Bastille : http:\/\/www.francemusique.fr\/actu-musicale\/le-chanteur-jean-philippe-lafont-victime-d-un-accident-l-opera-bastille-141641#xtor=SEC-701\n\n-11 concerts \u00e9lectro \u00e0 venir \u00e0 Paris (Erwan Perron) : http:\/\/www.telerama.fr\/sortir\/les-10-concerts-electro-bientot-a-paris-qu-il-ne-faudra-pas-manquer,148486.php#xtor=EPR\n\n-Le groupe n\u00e9o-z\u00e9landais Split Enz avec Fran\u00e7ois Gorin (son et vid\u00e9o) : http:\/\/www.telerama.fr\/musique\/split-enz-1-pop-zebree,148527.php#xtor=EPR\n\n<strong>-&#8220;Quelques souvenirs de Vladimir Cosma&#8221; (Rebecca Manzoni; vid\u00e9o) :  <\/strong> https:\/\/www.franceinter.fr\/emissions\/pop-co\/pop-co-12-octobre-2016\n\n<strong>-&#8220;Le retour gagnant de Renaud&#8221; (vid\u00e9o) : <\/strong> http:\/\/www.francetvinfo.fr\/economie\/medias\/charlie-hebdo\/le-retour-gagnant-de-renaud_1868629.html\n\n-&#8220;Framasoft&#8221;, l&#8217;association qui propose de &#8220;d\u00e9googliser Internet  (Thomas B\u00e9card) : http:\/\/www.telerama.fr\/medias\/framasoft-l-association-qui-propose-de-degoogliser-internet,148341.php#xtor=EPR\n\n-Les protestations des soci\u00e9t\u00e9s de journalistes contre le projet de loi &#8220;\u00e9galit\u00e9 et citoyennet\u00e9, &#8220;une op\u00e9ration purement corporatiste&#8221; pour le s\u00e9nateur PS Alain Richard (vid\u00e9o) : http:\/\/www.publicsenat.fr\/lcp\/politique\/liberte-presse-alain-richard-denonce-une-operation-purement-corporatiste-certains-jour\n\n-La r\u00e9daction de iT\u00e9l\u00e9 ne veut toujours pas de Jean-Marc Morandini (J\u00e9r\u00e9mie Maire) : http:\/\/www.telerama.fr\/medias\/la-redaction-d-itele-persiste-a-ne-pas-vouloir-de-jean-marc-morandini,148709.php#xtor=EPR-126-newsletter_tra-20161012\n\n-Christophe Barbier mis au placard de &#8220;L&#8217;Express&#8221; par les nouveaux patrons Alain Weill et Patrick Drahi  (Richard S\u00e9n\u00e9joux) : http:\/\/www.telerama.fr\/medias\/christophe-barbier-ecarte-de-l-express,148670.php#xtor=EPR-126-newsletter_tra-20161012\n\n-&#8220;Dr\u00f4le de f\u00eate pour les 50 ans de RTL&#8221; (Aude Dassonville) : http:\/\/www.telerama.fr\/radio\/drole-de-fete-pour-les-50-ans-de-rtl,148696.php#xtor=EPR\n\n-Sur France \u00d4, &#8220;Musique explorer&#8221;, bien plus que de la musique (El\u00e9onore Colin; vid\u00e9o) : http:\/\/television.telerama.fr\/television\/music-explorer-reprend-son-road-trip-sur-france-o,148606.php#xtor=EPR-126\n\n<strong>-La derni\u00e8re \u00e9mission (vid\u00e9o pendant 6 jours) : <\/strong> http:\/\/www.franceo.fr\/emission\/music-explorer-les-chasseurs-de-sons\/diffusion-du-11-10-2016-22h30\n\n-TF1 et les candidats en pleine pr\u00e9paration du d\u00e9bat t\u00e9l\u00e9vis\u00e9 (J\u00e9r\u00f4me Ivanichtchenko; vid\u00e9o) : http:\/\/www.europe1.fr\/emissions\/le-fait-medias-du-jour\/debat-primaire-les-republicains-tf1-et-les-candidats-en-pleine-preparation-2870815\n\n<strong>-&#8220;Les animateurs-t\u00e9l\u00e9 confront\u00e9s \u00e0 la fin de la t\u00e9l\u00e9&#8221; (Sonia Devillers recevait Bruno Patino, directeur \u00e9ditorial d&#8217;Arte; vid\u00e9o) : <\/strong> http:\/\/www.dailymotion.com\/video\/x4x3t8x_bruno-patino-les-animateurs-tele-face-a-la-fin-de-la-tele_news\n\n-&#8220;L&#8217;ami du petit d\u00e9jeuner, le muesli infect\u00e9&#8221; (Nicolas Canteloup; son) : http:\/\/www.europe1.fr\/emissions\/la-revue-de-presque\/lami-du-petit-dejeuner-le-muesli-infecte-2870770\n\n-&#8220;Contre une immigration devenue incontr\u00f4lable&#8221; (Pablo Mira; vid\u00e9o) : http:\/\/www.dailymotion.com\/video\/x4x5942_contre-une-immigration-devenue-incontrolable-l-edito-de-pablo-mira_fun\n\n<strong>-Anne Roumanoff au t\u00e9l\u00e9phone (son) :<\/strong> http:\/\/www.europe1.fr\/emissions\/le-canular-danne-roumanoff\/jetais-contente-puisque-avec-le-shorty-minceur-je-navais-plus-de-bourrelets-puis-maintenant-je-ne-peux-plus-lenlever-2867722\n\n<strong>-&#8220;L&#8217;histoire retiendra que la g\u00e9opolitique mondiale a bascul\u00e9 \u00e0 Tulle&#8221; (Charline Vanhoenacker; vid\u00e9o) : <\/strong> https:\/\/www.franceinter.fr\/emissions\/le-billet-de-charline-vanhoenacker\/le-billet-de-charline-vanhoenacker-12-octobre-2016\n\n<strong>-&#8220;Aux citoyens, les urnes !&#8221; (Nicole Ferroni; vid\u00e9o) : <\/strong> http:\/\/www.dailymotion.com\/video\/x4x35l3_aux-citoyens-les-urnes-le-billet-de-nicole-ferroni_fun\n\n<strong>-&#8220;La gueule de l&#8217;autre&#8221; par Pierre Tchernia en 1979 (vid\u00e9o) : <\/strong> https:\/\/www.youtube.com\/watch?v=DAHcWm7XMDk&#038;app=desktop\n<h2 class=\"wp-block-heading\">Documents joints<\/h2>\n\n\n\n<div class=\"wp-block-file\"><a href=\"https:\/\/wp.muchomaas.com\/wp-content\/uploads\/2016\/10\/banques_et_biens_communs_hd-79b.pdf\">banques_et_biens_communs_hd.pdf<\/a><\/div>\n\n\n","protected":false},"excerpt":{"rendered":"<p>ACTUALITE -&#8220;A quoi servent le patronat et les syndicats si l&#8217;Etat s&#8217;impose sur le paritarisme&#8221; (Thibault Lanxade, vice-pr\u00e9sident du Medef; interrog\u00e9 par Eric Delvaux; son) : https:\/\/www.franceinter.fr\/emissions\/l-invite-du-5-7\/l-invite-du-5-7-12-octobre-2016 -Michelin s&#8217;engage pour la s\u00e9curit\u00e9 de ses employ\u00e9s sur les routes (le directeur du groupe fran\u00e7ais R\u00e9mi de Verdilhac, interrog\u00e9 par St\u00e9phane Carpentier; son) : http:\/\/www.rtl.fr\/actu\/societe-faits-divers\/michelin-s-engage-pour-la-securite-de-ses-employes-sur-les-routes-7785236123 -Renault recrute [&hellip;]<\/p>\n","protected":false},"author":1042,"featured_media":0,"comment_status":"open","ping_status":"open","sticky":false,"template":"","format":"standard","meta":{"_themeisle_gutenberg_block_has_review":false,"footnotes":""},"categories":[151],"tags":[],"class_list":["post-9926","post","type-post","status-publish","format-standard","hentry","category-la-revue-de-presse-de-lulu"],"_links":{"self":[{"href":"https:\/\/archives.regards.fr\/index.php?rest_route=\/wp\/v2\/posts\/9926","targetHints":{"allow":["GET"]}}],"collection":[{"href":"https:\/\/archives.regards.fr\/index.php?rest_route=\/wp\/v2\/posts"}],"about":[{"href":"https:\/\/archives.regards.fr\/index.php?rest_route=\/wp\/v2\/types\/post"}],"author":[{"embeddable":true,"href":"https:\/\/archives.regards.fr\/index.php?rest_route=\/wp\/v2\/users\/1042"}],"replies":[{"embeddable":true,"href":"https:\/\/archives.regards.fr\/index.php?rest_route=%2Fwp%2Fv2%2Fcomments&post=9926"}],"version-history":[{"count":0,"href":"https:\/\/archives.regards.fr\/index.php?rest_route=\/wp\/v2\/posts\/9926\/revisions"}],"wp:attachment":[{"href":"https:\/\/archives.regards.fr\/index.php?rest_route=%2Fwp%2Fv2%2Fmedia&parent=9926"}],"wp:term":[{"taxonomy":"category","embeddable":true,"href":"https:\/\/archives.regards.fr\/index.php?rest_route=%2Fwp%2Fv2%2Fcategories&post=9926"},{"taxonomy":"post_tag","embeddable":true,"href":"https:\/\/archives.regards.fr\/index.php?rest_route=%2Fwp%2Fv2%2Ftags&post=9926"}],"curies":[{"name":"wp","href":"https:\/\/api.w.org\/{rel}","templated":true}]}}