{"id":9923,"date":"2016-10-12T00:07:59","date_gmt":"2016-10-11T22:07:59","guid":{"rendered":"https:\/\/wp.muchomaas.com\/article-damien-careme-il-n-est-pas-besoin-d-opposer-residents-et-migrants\/"},"modified":"2023-06-23T23:23:11","modified_gmt":"2023-06-23T21:23:11","slug":"article-damien-careme-il-n-est-pas-besoin-d-opposer-residents-et-migrants","status":"publish","type":"post","link":"https:\/\/archives.regards.fr\/?p=9923","title":{"rendered":"Damien Car\u00eame : \u00ab Il n\u2019est pas besoin d\u2019opposer r\u00e9sidents et migrants \u00bb"},"content":{"rendered":"<p class=\"post_excerpt\">Alors que Robert M\u00e9nard d\u00e9nonce l&#8217;arriv\u00e9e des migrants dans sa ville, le maire EELV de Grande-Synthe (59), Damien Car\u00eame, est nomin\u00e9 pour l&#8217;\u00e9lection du &#8220;meilleur maire du monde&#8221;. Pour avoir su, au contraire, exemplairement accueillir les migrants.<\/p>\n<p><strong>Regards. Lorsque vous avez appris que vous pourriez bien \u00eatre d\u00e9sign\u00e9 &#8220;meilleur maire du monde&#8221;, quelle a \u00e9t\u00e9 votre r\u00e9action ?<\/strong><\/p>\n<p><strong>Damien Car\u00eame.<\/strong> J\u2019ai \u00e9t\u00e9 surpris bien \u00e9videmment Je ne connaissais pas m\u00eame l\u2019existence de ce &#8220;concours&#8221; organis\u00e9 par la Fondation City Majors ! Pour tout dire, j\u2019en ai \u00e9t\u00e9 inform\u00e9 indirectement, par un journaliste d\u2019Europe 1. Il faut pr\u00e9ciser que le crit\u00e8re retenu, cette ann\u00e9e, est celui de l\u2019action envers les migrants. Sur l\u2019instant, je me suis dis que l\u2019action des maires de Lampedusa ou de Lesbos m\u00e9ritait bien plus que la mienne d\u2019\u00eatre salu\u00e9e. Mais je suis fier, apr\u00e8s coup, d\u2019avoir \u00e9t\u00e9 retenu sur cette liste de trente-deux \u00e9lus.<\/p>\n<p><strong>Qu\u2019est-ce qui a retenu l\u2019attention de la Fondation City Majors ?<\/strong><\/p>\n<p>\u00c0 Grande-Synthe, nous nous sommes retrouv\u00e9s dans la situation de devoir apporter une solution au probl\u00e8me de l\u2019existence d\u2019un camp qui comptait 2.800 migrants. Or ce camp, l\u2019hiver dernier, pr\u00e9sentait des conditions d\u2019accueil indignes. Le terrain sur lequel il \u00e9tait \u00e9rig\u00e9 \u00e9tait un v\u00e9ritable mar\u00e9cage dont il a fallu r\u00e9organiser le sol : le drainer, le couvrir de couches de pierres, etc. Et sur lequel nous avons tenus \u00e0 \u00e9difier des cabanes en bois, en lieu et place des tentes expos\u00e9es \u00e0 toutes les intemp\u00e9ries. Et en effet, comment aurait-il \u00e9t\u00e9 possible de laisser vivre plus longtemps trois cents enfants et femmes dans ces conditions intol\u00e9rables, dangereuses aussi ? Je me suis tout simplement refus\u00e9 \u00e0 l\u2019id\u00e9e d\u2019un mort sur ma commune.<\/p>\n<p><em> <\/p>\n<h2>\u00ab Les migrants ont pu souffler, retrouver des forces dans des conditions vivables, et songer \u00e0 leurs projets et \u00e0 leur avenir. \u00bb<\/h2>\n<p> <\/em><\/p>\n<p><strong>Comment vous-y \u00eates vous pris ?<\/strong><\/p>\n<p>Comme l\u2019\u00c9tat, que j\u2019ai interpell\u00e9, s\u2019est d\u2019abord oppos\u00e9 cette initiative, nous nous sommes appuy\u00e9s sur la force logistique de M\u00e9decins sans fronti\u00e8res, qui a \u00e9galement financ\u00e9 l\u2019op\u00e9ration aux deux-tiers dans un premier temps. Il a fallu tout inventer. Comme nous ne disposions pas de normes de construction, ni de conseils de l\u2019appareil d\u2019\u00c9tat, nous nous sommes appuy\u00e9s sur les normes \u00e9tablies par le Haut commissariat aux r\u00e9fugi\u00e9s des Nations unies. Le terrain r\u00e9organis\u00e9, la p\u00e2ture mar\u00e9cageuse et l\u2019amoncellement de tentes, les rats aussi, ont donc peu \u00e0 peu laiss\u00e9 place aux cabanons. Mais ces cabanons, d\u2019une surface de six m\u00e8tres carr\u00e9s, restent sommaires : les toilettes se trouvent \u00e0 cinquante m\u00e8tres, il faut encore en sortir pour prendre une douche, etc. Ne pas imaginer, donc, que ce sont des conditions d\u2019accueil luxueuses ! Mais au moins sont-elles dignes d\u2019une municipalit\u00e9 fran\u00e7aise. On trouve \u00e9galement un centre de sant\u00e9, indispensable \u00e0 la s\u00e9curit\u00e9 sanitaire des migrants, et par cons\u00e9quent des habitants de la commune aussi. La France, pays de la d\u00e9claration des droits de l\u2019homme, ne peut se contenter d\u2019une d\u00e9claration, elle doit aussi, ici et maintenant, mettre ces droits \u00e0 l\u2019\u00e9preuve des faits.<\/p>\n<p><img loading=\"lazy\" decoding=\"async\" class=\" aligncenter size-full wp-image-23987\" src=\"https:\/\/wp.muchomaas.com\/wp-content\/uploads\/2016\/10\/careme-camp-1-aa1.jpg\" alt=\"careme-camp-1.jpg\" align=\"center\" width=\"460\" height=\"347\" srcset=\"https:\/\/archives.regards.fr\/wp-content\/uploads\/2016\/10\/careme-camp-1-aa1.jpg 460w, https:\/\/archives.regards.fr\/wp-content\/uploads\/2016\/10\/careme-camp-1-aa1-300x226.jpg 300w\" sizes=\"auto, (max-width: 460px) 100vw, 460px\" \/><\/p>\n<p><strong>Quels ont \u00e9t\u00e9 les r\u00e9sultats ?<\/strong><\/p>\n<p>Les migrants ont pu souffler, retrouver des forces dans des conditions vivables, et songer \u00e0 leurs projets et \u00e0 leur avenir. Et le nombre des migrants est pass\u00e9 de 2.800 \u00e0 1.330. Nous n\u2019avons eu nul besoin d\u2019instaurer de contr\u00f4le \u00e0 l\u2019entr\u00e9e au moyen de barbel\u00e9s, ou m\u00eame de contr\u00f4le des empreintes digitales ou r\u00e9tiniennes&#8230; En l\u2019espace de trois mois, le nombre de migrants a r\u00e9guli\u00e8rement d\u00e9cru. Soit que, dans leur grande majorit\u00e9, les migrants se soient organis\u00e9s pour passer en Grande-Bretagne. Soit qu\u2019ils aient pu effectuer les d\u00e9marches n\u00e9cessaires \u00e0 l\u2019obtention du droit d\u2019asile. Nous n\u2019avons m\u00eame pas eu besoin de r\u00e9guler le nombre des entr\u00e9es.<\/p>\n<p><em> <\/p>\n<h2>\u00ab Chacun a compris que l\u2019on pouvait restaurer la dignit\u00e9 des migrants sans pour autant abandonner la lutte pour l\u2019emploi et un autre mod\u00e8le de production. \u00bb<\/h2>\n<p> <\/em><\/p>\n<p><strong>Comment la population de Grande-Synthe a-t-elle r\u00e9agi ?<\/strong><\/p>\n<p>Le projet n\u2019avait, de toute fa\u00e7on, pas de vocation \u00e0 \u00eatre p\u00e9renne \u00e0 mes yeux. J\u2019avais, en t\u00eate, les conditions indignes dans lesquelles les harkis avaient \u00e9t\u00e9 accueillis et dispers\u00e9s en France apr\u00e8s l\u2019ind\u00e9pendance de l\u2019Alg\u00e9rie, et le rejet qu\u2019ils avaient \u00e9prouv\u00e9. J\u2019ai donc tenu \u00e0 organiser une forme de p\u00e9dagogie \u00e0 travers la r\u00e9daction de six lettres d\u00e9taill\u00e9es, expliquant les limites du projet. Et, de fait, la population a tr\u00e8s bien r\u00e9agi. Ni p\u00e9tition, ni manifestation. Notre commune conna\u00eet pourtant un taux de ch\u00f4mage touchant 24% de la population, et 33%  de la population vit \u00e9galement sous le seuil de pauvret\u00e9, avec un revenu moyen de 800 euros. C\u2019est une population qui a subi de plein fouet la r\u00e9cession, et l\u2019effondrement du mod\u00e8le productiviste, la d\u00e9sindustrialisation, etc. On aurait donc pu imaginer qu\u2019une population d\u00e9j\u00e0 fragilis\u00e9e se mobilise contre ce projet. <\/p>\n<p><strong>Et il n\u2019y pas eu de protestations ?<\/strong><\/p>\n<p>Cela a \u00e9t\u00e9 le contraire. Certains ont trouv\u00e9 un emploi dans le cadre du projet, d\u2019autres \u2013 pr\u00e8s d\u2019un millier \u2013 se sont mobilis\u00e9s comme b\u00e9n\u00e9voles. La scolarisation des enfants des migrants dans la commune a \u00e9galement jou\u00e9 un r\u00f4le d\u00e9terminant : \u00e0 travers les enfants, les familles ont appris \u00e0 se conna\u00eetre, \u00e0 \u00e9changer leurs histoires respectives. Puis, chacun sait dans ma commune que je me bats pour l\u2019emploi, pour que nul ne soit expuls\u00e9 pour des loyers impay\u00e9s. Bref, chacun a compris que l\u2019on pouvait restaurer la dignit\u00e9 des migrants sans pour autant abandonner la lutte pour l\u2019emploi et un autre mod\u00e8le de production. Je me soucie du sort de chacun des habitants de cette commune : qu\u2019il soient r\u00e9sidents ou de passage, comme les migrants. Il n\u2019est pas besoin d\u2019opposer r\u00e9sidents et migrants. Et les habitants y ont aussi trouv\u00e9 une certaine fiert\u00e9. J\u2019ai tenu \u00e0 associer au projet des chercheurs, anthropologues et sociologues. Ceux-ci ont notamment recueilli le t\u00e9moignage d\u2019un habitant fier d\u2019\u00eatre un habitant d\u2019une &#8220;capitale de l\u2019humanit\u00e9&#8221;[[Grande-Synthe avait \u00e9t\u00e9 d\u00e9sign\u00e9e, en 2010, capitale fran\u00e7aise pour la biodiversit\u00e9.]]. <\/p>\n<p><em> <\/p>\n<h2>\u00ab Comment les th\u00e8ses du FN pourraient-elles \u00eatre combattues quand elles sont d\u00e9j\u00e0 au pouvoir ? \u00bb<\/h2>\n<p> <\/em><\/p>\n<p><strong>Comprenez-vous que votre position puisse para\u00eetre insolite dans le climat actuel ?<\/strong><\/p>\n<p>Sans doute, mais n\u2019est-ce pas plut\u00f4t la campagne pr\u00e9sidentielle qui pr\u00e9sente un caract\u00e8re insolite ? Elle est domin\u00e9e par les th\u00e8mes du FN, c\u2019est l\u2019\u00e9vidence. Mais, \u00e0 vrai dire, comment les th\u00e8ses du FN pourraient-elles \u00eatre combattues quand elles sont d\u00e9j\u00e0 au pouvoir, que les politiques men\u00e9es au niveau national correspondent d\u00e9j\u00e0 \u00e0 ces th\u00e8ses ? Pourtant, je ne suis pas certain qu\u2019au niveau local, pour peu que l\u2019on propose aux habitants des projets pragmatiques et respectueux de la dignit\u00e9 de chacun, ces th\u00e8ses soient majoritaires. Et, comme tout ce qui concerne en g\u00e9n\u00e9ral l\u2019\u00e9cologie, je crois que le local est un enjeu majeur pour faire la d\u00e9monstration de ces politiques alternatives. D\u2019ailleurs, nombre d\u2019\u00e9lus locaux, quelle que soit leur sensibilit\u00e9 politique, finissent par s\u2019y rallier, ne serait-ce que par r\u00e9alisme. <\/p>\n<p><strong>On peut traiter de grands probl\u00e8mes par le bas, en quelque sorte ?<\/strong><\/p>\n<p>Il ne suffit pas de prendre de grands d\u00e9cisions, m\u00eame en mati\u00e8re \u00e9cologique ; leur mise en \u0153uvre ne peut \u00eatre que locale, et c\u2019est aux municipalit\u00e9s \u2013 on le voit bien \u00e9galement \u00e0 Madrid, Barcelone \u2013 qu\u2019appartiennent de r\u00e9aliser concr\u00e8tement notre avenir. Bernard Cazeneuve l\u2019a bien compris, lorsqu\u2019il a fini par, tr\u00e8s courtoisement d\u2019ailleurs, se rendre \u00e0 Grande-Synthe pour signer une convention avec la commune. Et ce, m\u00eame s\u2019il \u00e9tait d\u2019abord oppos\u00e9 \u00e0 cette solution. De toute fa\u00e7on, la question actuelle des migrants n\u2019est que l\u2019amorce d\u2019une question plus large, et \u00e0 laquelle nous devrons, t\u00f4t ou tard, faire face : celle des migrations climatiques et, par cons\u00e9quent, celle de nos rapports avec l\u2019Afrique. Ce sont ces questions, avec l\u2019avenir de notre mod\u00e8le de production, qui devraient dominer les prochaines \u00e9ch\u00e9ances \u00e9lectorales. <div id='gallery-1' class='gallery galleryid-9923 gallery-columns-3 gallery-size-thumbnail'><figure class='gallery-item'>\n\t\t\t<div class='gallery-icon landscape'>\n\t\t\t\t<a href='https:\/\/archives.regards.fr\/wp-content\/uploads\/2016\/10\/careme-camp-1-4c3.jpg'><img loading=\"lazy\" decoding=\"async\" width=\"150\" height=\"150\" src=\"https:\/\/archives.regards.fr\/wp-content\/uploads\/2016\/10\/careme-camp-1-4c3-150x150.jpg\" class=\"attachment-thumbnail size-thumbnail\" alt=\"careme-camp-1.jpg\" \/><\/a>\n\t\t\t<\/div><\/figure>\n\t\t<\/div>\n<\/p>\n","protected":false},"excerpt":{"rendered":"<p>Alors que Robert M\u00e9nard d\u00e9nonce l&#8217;arriv\u00e9e des migrants dans sa ville, le maire EELV de Grande-Synthe (59), Damien Car\u00eame, est nomin\u00e9 pour l&#8217;\u00e9lection du &#8220;meilleur maire du monde&#8221;. Pour avoir su, au contraire, exemplairement accueillir les migrants.<\/p>\n","protected":false},"author":1,"featured_media":23987,"comment_status":"open","ping_status":"open","sticky":false,"template":"","format":"standard","meta":{"_themeisle_gutenberg_block_has_review":false,"footnotes":""},"categories":[157],"tags":[293,375],"class_list":["post-9923","post","type-post","status-publish","format-standard","has-post-thumbnail","hentry","category-web","tag-entretien","tag-immigration"],"_links":{"self":[{"href":"https:\/\/archives.regards.fr\/index.php?rest_route=\/wp\/v2\/posts\/9923","targetHints":{"allow":["GET"]}}],"collection":[{"href":"https:\/\/archives.regards.fr\/index.php?rest_route=\/wp\/v2\/posts"}],"about":[{"href":"https:\/\/archives.regards.fr\/index.php?rest_route=\/wp\/v2\/types\/post"}],"author":[{"embeddable":true,"href":"https:\/\/archives.regards.fr\/index.php?rest_route=\/wp\/v2\/users\/1"}],"replies":[{"embeddable":true,"href":"https:\/\/archives.regards.fr\/index.php?rest_route=%2Fwp%2Fv2%2Fcomments&post=9923"}],"version-history":[{"count":0,"href":"https:\/\/archives.regards.fr\/index.php?rest_route=\/wp\/v2\/posts\/9923\/revisions"}],"wp:featuredmedia":[{"embeddable":true,"href":"https:\/\/archives.regards.fr\/index.php?rest_route=\/wp\/v2\/media\/23987"}],"wp:attachment":[{"href":"https:\/\/archives.regards.fr\/index.php?rest_route=%2Fwp%2Fv2%2Fmedia&parent=9923"}],"wp:term":[{"taxonomy":"category","embeddable":true,"href":"https:\/\/archives.regards.fr\/index.php?rest_route=%2Fwp%2Fv2%2Fcategories&post=9923"},{"taxonomy":"post_tag","embeddable":true,"href":"https:\/\/archives.regards.fr\/index.php?rest_route=%2Fwp%2Fv2%2Ftags&post=9923"}],"curies":[{"name":"wp","href":"https:\/\/api.w.org\/{rel}","templated":true}]}}