{"id":9922,"date":"2016-10-12T06:52:44","date_gmt":"2016-10-12T04:52:44","guid":{"rendered":"https:\/\/wp.muchomaas.com\/article-la-revue-du-12-octobre-2016\/"},"modified":"2023-06-23T23:23:11","modified_gmt":"2023-06-23T21:23:11","slug":"article-la-revue-du-12-octobre-2016","status":"publish","type":"post","link":"https:\/\/archives.regards.fr\/?p=9922","title":{"rendered":"La Revue du 12 octobre 2016"},"content":{"rendered":"<strong>ACTUALITE<\/strong>\n\n-Travail du dimanche, o\u00f9 en est-on un an apr\u00e8s ? (vid\u00e9o) : http:\/\/www.francetvinfo.fr\/economie\/entreprises\/travail-le-dimanche\/un-an-apres-l-entree-en-vigueur-du-travail-du-dimanche_1866697.html\n\n-&#8220;Emmanuel Macron a une compr\u00e9hension de l&#8217;entreprise tr\u00e8s pertinente&#8221; (Thibault Lanxade, vice-pr\u00e9sident du Medef; interrog\u00e9 par Nicolas Pierron; vid\u00e9o) :  http:\/\/www.dailymotion.com\/video\/x4wyiha_emmanuel-macron-a-une-comprehension-de-l-entreprise-tres-pertinente-lanxade-thibault-11-10-2016_news\n\n-&#8220;Le collectif &#8220;Touche pas \u00e0 ma Zep&#8221; dans la rue (son) : http:\/\/www.sudradio.fr\/Podcasts\/Les-reportages-de-la-matinee\/Reseaux-d-Education-prioritaire\n\n-Le jogging interdit au lyc\u00e9e Condorcet de Limay dans les Yvelines (vid\u00e9o) : http:\/\/www.bfmtv.com\/societe\/au-lycee-condorcet-de-limay-l-interdiction-du-jogging-fait-grincer-le-dents-des-eleves-et-parents-1046583.html#?xtor=EREC\n\n-Notre-Dame-des-Landes, &#8220;tout indique que force ne restera pas \u00e0 la loi&#8221; (Alba Ventura; vid\u00e9o) : http:\/\/www.rtl.fr\/actu\/politique\/notre-dame-des-landes-tout-indique-que-force-ne-restera-pas-a-la-loi-dit-alba-ventura-7785220506\n\n-&#8220;Le pigeon, agent de liaison fiable&#8221; (Emmanuelle Skyvington) : http:\/\/www.telerama.fr\/medias\/pigeon-vole-pigeon-troll,148477.php#xtor=EPR\n\n-La cruaut\u00e9 dans certains abattoirs se poursuit. Qu&#8217;en est-il des abattoirs mobiles ? (Yolaine de la Bigne; son) : http:\/\/www.sudradio.fr\/Podcasts\/Quelle-epoque-ethique\/Abattoir-mobile\n\n<em>-Ce que pensent les Fran\u00e7ais de leur surveillance par des cam\u00e9ras (IFOP) <\/em> : http:\/\/www.ifop.com\/?option=com_publication&#038;type=poll&#038;id=3515\n\n-&#8220;OGM, mensonge et v\u00e9rit\u00e9&#8221; (Baptiste Gaborit; son) : http:\/\/www.radioclassique.fr\/player\/progaction\/initPlayer\/podcast\/3-minutes-pour-la-planete-2016-10-11-06-45-13.html\n\n<strong>-Le documentaire de Fr\u00e9d\u00e9ric Castaign\u00e8de diffus\u00e9 par Arte (vid\u00e9o pendant 6 jours) :<\/strong>http:\/\/www.arte.tv\/guide\/fr\/057483-000-A\/ogm-mensonges-et-verites?country=FR\n\n-Au petit d\u00e9jeuner, des c\u00e9r\u00e9ales inqui\u00e9tantes (Nathalie Fontrel; son) : https:\/\/www.franceinter.fr\/emissions\/planete-environnement\/planete-environnement-11-octobre-2016\n\n<strong>-&#8220;Les usines de l&#8217;avenir&#8221; (vid\u00e9o) : <\/strong> http:\/\/www.francetvinfo.fr\/economie\/industrie\/travail-les-usines-du-futur_1867339.html#xtor=EPR\n\n<em>-Pr\u00e8s de 20 ans apr\u00e8s sa mort, le commandant Cousteau pl\u00e9biscit\u00e9 par les Fran\u00e7ais (ODOXA) <\/em> : http:\/\/www.odoxa.fr\/pres-de-20-ans-apres-sa-mort-le-commandant-cousteau-plebiscite-par-les-francais\/\n\n<strong>-Essais de Rennes, &#8220;l&#8217;Agence nationale de s\u00e9curit\u00e9 du m\u00e9dicament a ignor\u00e9 une alerte cruciale&#8221; (Michel de Pracontal; pi\u00e8ce jointe);<\/strong>\n\n<em>-Le d\u00e9menti de l&#8217;Agence (documents \u00e0 t\u00e9l\u00e9charger) : <\/em> http:\/\/ansm.sante.fr\/S-informer\/Actualite\/L-ANSM-dement-toute-dissimulation-d-information-dans-le-cadre-de-l-accident-dramatique-survenu-a-Rennes-au-cours-de-l-essai-clinique-de-phase-1-d-une-molecule-nommee-BIA-10-2474-en-janvier-de-cette-annee-Communique\n\n-L&#8217;opinion de Yannick Bardie, expert en recherche clinique (son) : http:\/\/www.sudradio.fr\/Podcasts\/L-invite-pour-comprendre\/Yannick-Bardie-expert-en-recherche-clinique\n\n-&#8220;On mesure le sentiment d&#8217;impunit\u00e9 qui anime ces personnes qui agressent des policiers&#8221; (Michel Neyret, ancien directeur-adjoint  de la PJ de Lyon, qui poursuit sa tourn\u00e9e des m\u00e9dias; son) :  http:\/\/www.sudradio.fr\/Podcasts\/L-invite-pour-comprendre\/Michel-Neyret-ancien-directeur-adjoint-de-la-PJ-de-Lyon\n\n-Il \u00e9tait aussi sur &#8220;Radio classique&#8221;, face \u00e0 Guillaume Durand (son) :  http:\/\/www.radioclassique.fr\/player\/progaction\/initPlayer\/podcast\/ledito-politique-de-guillaume-tabard-2016-10-11-08-14-01.html\n\n-La gr\u00e8ve du z\u00e8le des policiers (Christophe Soullez, directeur de l&#8217;ONDRP; interrog\u00e9 par Dimitri Pavlenko; son) : http:\/\/www.sudradio.fr\/Podcasts\/L-invite-pour-comprendre\/Christophe-Soullez-Directeur-de-l-ONDRP\n\n-&#8220;Le quotidien d&#8217;un policier de la Bac&#8221; (Thomas, son) : http:\/\/rmc.bfmtv.com\/mediaplayer\/video\/quand-un-policier-de-la-bac-reconnait-qu-il-fait-semblant-d-intervenir-dans-les-quartiers-875157.html\n\n-&#8220;Il faut une refonte de la l\u00e9gitime d\u00e9fense&#8221; (Fr\u00e9d\u00e9ric Lagache du syndicat Alliance; invit\u00e9 de Jean-Jacques Bourdin; vid\u00e9o) : http:\/\/rmc.bfmtv.com\/mediaplayer\/video\/un-syndicat-de-police-reclame-une-refonte-de-la-legitime-defense-875151.html\n\n-&#8220;On a franchi un palier&#8221; (Eric Brunet et Laurent Neumann; vid\u00e9o) : http:\/\/rmc.bfmtv.com\/mediaplayer\/video\/brunet-neumann-on-a-franchi-un-palier-qu-on-n-a-jamais-connu-dans-la-violence-anti-policiere-1110-875179.html\n\n<strong>-Manuel Valls a annonc\u00e9 de nouvelles mesures pour les policiers (vid\u00e9o) : <\/strong> http:\/\/www.lcp.fr\/la-politique-en-video\/filtres-anti-caillassage-tenues-ignifugees-cameras-mobiles-valls-annonce-des\n\n-Franck Marlin, d\u00e9put\u00e9 LR de l&#8217;Essonne, critique les suppressions de postes de policiers sous Sarkozy (vid\u00e9o) : http:\/\/www.lcp.fr\/la-politique-en-video\/un-depute-lr-critique-les-baisses-deffectifs-policiers-sous-sarkozy\n\n<strong>-Dans toute la France, les policiers ont fait part de leur ras-de-bol (vid\u00e9o) : <\/strong> http:\/\/www.francetvinfo.fr\/faits-divers\/police\/attaque-de-policiers-a-viry-chatillon\/policiers-blesses-la-profession-fait-part-de-son-ras-le-bol_1867331.html#xtor=EPR\n\n-Le cannabis en vente libre &#8220;\u00e9viterait une affaire comme \u00e0 Viry-Ch\u00e2tillon&#8221; (Jean-Michel Costes, qui a longtemps dirig\u00e9 l&#8217;Observatoire fran\u00e7ais des drogues et des toxicomanies; vid\u00e9o) : http:\/\/www.francetvinfo.fr\/sante\/drogue-addictions\/cannabis\/le-cannabis-en-vente-libre-eviterait-une-affaire-comme-a-viry-chatillon_1866655.html\n\n<strong>-&#8220;Quand r\u00e9primer ne suffit plus&#8221; (en d\u00e9bat dans &#8220;\u00c7a vous regarde&#8221;, anim\u00e9 par Arnaud Ardoin; vid\u00e9o) : <\/strong> http:\/\/www.lcp.fr\/emissions\/ca-vous-regarde\/279233-ca-vous-regarde\n\n-Les Fran\u00e7ais, premiers consommateurs de cannabis en Europe (Juliette Denoyelle; son) : http:\/\/www.sudradio.fr\/Podcasts\/Les-reportages-de-la-matinee\/Le-cannabis-en-France\n\n<strong>-Inauguration \u00e0 Paris de la premi\u00e8re salle de consommation \u00e0 moindre risque (vid\u00e9o) <\/strong> : http:\/\/www.francetvinfo.fr\/sante\/environnement-et-sante\/paris-inauguration-de-la-premiere-salle-de-shoot-en-france_1867107.html\n\n&#8211;<em>Les Fran\u00e7ais et le cannabis (IPSOS) <\/em> : http:\/\/www.ipsos.fr\/decrypter-societe\/2016-10-10-legalisation-cannabis-debat-doit-il-s-ouvrir\n\n-Le journal d&#8217;Outre-mer (Edwige Saint-Thomas (son) : https:\/\/www.franceinter.fr\/emissions\/journal-d-outre-mer-1ere\/journal-d-outre-mer-1ere-11-octobre-2016\n\n<strong>-&#8220;La France accueillante existe&#8221; (Thomas Legrand; son) : <\/strong> https:\/\/www.franceinter.fr\/emissions\/l-edito-politique\/l-edito-politique-11-octobre-2016\n\n<em>-Les Fran\u00e7ais et le plan de r\u00e9partition des migrants de Calais (IFOP) : <\/em> http:\/\/www.ifop.com\/?option=com_publication&#038;type=poll&#038;id=3513\n\n<strong>POLITIQUE<\/strong>\n\n<strong>-&#8220;Au Parti de gauche, des militants d&#8217;un nouveau genre&#8221; (Laurence Peuron; son) : <\/strong> https:\/\/www.franceinter.fr\/emissions\/le-zoom-de-la-redaction\/le-zoom-de-la-redaction-11-octobre-2016\n\n-&#8220;Il y a un sentiment d&#8217;impunit\u00e9 chez ces assassins. Il y a beaucoup de zones \u00e0 reconqu\u00e9rir&#8221;. Si Fran\u00e7ois Hollande gagne la primaire, Arnaud Montebourg &#8220;acceptera le r\u00e9sultat mais ne fera pas le chauffeur de salle&#8221;; interrog\u00e9 par Jean-Michel Apathie; vid\u00e9o) : http:\/\/www.dailymotion.com\/video\/x4wyp5k_primaire-ps-si-francois-hollande-gagne-arnaud-montebourg-acceptera-le-resultat-mais-ne-fera-pas-le-c_news\n\n-&#8220;Les m\u00e9nages les plus pauvres sont log\u00e9s dans les quartiers les plus pauvres, il faut qu&#8217;ils puissent entrer dans des quartiers plus favoris\u00e9s. Par posture politique, des communes refusent d&#8217;appliquer la loi SRU&#8221; (la ministre Emmanuelle Cosse, interrog\u00e9e par Brigitte Boucher; vid\u00e9o, amener le curseur sur 31:20) : http:\/\/www.lcp.fr\/emissions\/politique-matin\/278966-politique-matin\n\n-Dans l&#8217;Essonne, &#8220;c&#8217;est une zone de trafic parfaitement identifi\u00e9e. Derri\u00e8re tout cela, il y a une \u00e9conomie qu&#8217;il faut remonter&#8221; (St\u00e9phane Le Foll, interrog\u00e9 par Caroline Roux; vid\u00e9o) : http:\/\/www.france2.fr\/emissions\/telematin\/actu\/stephane-le-foll_513865\n\n-&#8220;Je souhaite que Fran\u00e7ois Hollande dise rapidement qu&#8217;il est candidat. Les jeux ne commencent \u00e0 se faire que quand les protagonistes sont connus. Nous avons un bilan qui d\u00e9ment ceux qui disent que la gauche a \u00e9t\u00e9 trahie&#8221; ( Marisol Touraine, ministre de la Sant\u00e9; interrog\u00e9e par Jean-Jacques Bourdin; vid\u00e9o) : http:\/\/www.bfmtv.com\/mediaplayer\/video\/marisol-touraine-face-a-jean-jacques-bourdin-en-direct-875181.html\n\n<strong>-&#8220;L&#8217;\u00e9tat ne peut pas se d\u00e9sint\u00e9resser des chantiers de Saint-Nazaire&#8221; (le secr\u00e9taire d&#8217;Etat \u00e0 l&#8217;Industrie Christophe Sirugue; vid\u00e9o) : <\/strong> http:\/\/www.europe1.fr\/economie\/sirugue-letat-ne-peut-pas-se-desinteresser-des-chantiers-de-saint-nazaire-2869426\n\n-Il \u00e9tait l&#8217;invit\u00e9 du &#8220;Club de la Presse&#8221; d&#8217;Europe 1 (son) : http:\/\/www.europe1.fr\/emissions\/le-club-de-la-presse\/le-club-de-la-presse-christophe-sirugue-et-jean-luc-hees-101016-2869450\n\n-&#8220;Fran\u00e7ois Hollande avait fait passer un message diplomatique \u00e0 M. Poutine, qui a \u00e9t\u00e9 entendu. Il faut aussi de la fermet\u00e9. A droite, il y a une tentation poutinienne dans toute l&#8217;Europe&#8221; (Le secr\u00e9taire d&#8217;Etat Jean-Marie Le Guen, interrog\u00e9 par Laurence Ferrari; vid\u00e9o) : http:\/\/www.itele.fr\/chroniques\/invite-politique-ferrari-tirs-croises\/linvite-de-laurence-ferrari-du-11102016-171423\n\n<strong>-La question \u00e9tait en d\u00e9bat chez Olivier Galzi sur iT\u00e9l\u00e9 (vid\u00e9o) : <\/strong> http:\/\/www.itele.fr\/chroniques\/grand-decryptage-olivier-galzi\/le-grand-decryptage-du-11102016-171426\n\n-&#8220;Je veux d&#8217;abord qu&#8217;on montre la diversit\u00e9 de l&#8217;islam&#8221; (G\u00e9rard Collomb, s\u00e9nateur-maire PS de Lyon, interrog\u00e9 par Olivier Galzi; vid\u00e9o) : http:\/\/www.itele.fr\/chroniques\/invite-galzi-jusqua-minuit\/gerard-collomb-je-veux-dabord-quon-montre-la-diversite-de-lislam-171428\n\n-&#8220;Y aura-t-il un candidat du Parti radical \u00e0 la primaire de gauche&#8221; (Lilian Alemagna et Laure Bretton) : http:\/\/www.liberation.fr\/france\/2016\/10\/11\/y-aura-t-il-un-candidat-radical-a-la-primaire-de-gauche_1521005?xtor=EPR\n\n-&#8220;Les d\u00eener du mardi \u00e0 l&#8217;Elys\u00e9e&#8221; (Marcelo Wesfreid; son) : https:\/\/www.franceinter.fr\/emissions\/histoires-politiques\/histoires-politiques-11-octobre-2016\n\n-&#8220;Il faut une r\u00e9conciliation nationale&#8221; (Benoist Apparu, d\u00e9put\u00e9 LR de la Marne, soutien d&#8217;Alain Jupp\u00e9; interrog\u00e9 par Guillaume Durand; vid\u00e9o) :  http:\/\/www.dailymotion.com\/video\/x4wyk69\n\n-&#8220;J&#8217;apporte mon soutien \u00e0 Alain Jupp\u00e9. La promesse d&#8217;Alain Sarkozy d&#8217;organiser deux r\u00e9f\u00e9rendums est irr\u00e9alisable&#8221; (le vice-pr\u00e9sident de l&#8217;UDI, Louis Giscard d&#8217;Estaing; invit\u00e9 de &#8220;Territoires d&#8217;Infos&#8221;; vid\u00e9o, amener le curseur sur 33:22) : http:\/\/www.sudradio.fr\/Politique\/L-interview-politique\/Louis-Giscard-d-Estaing-J-apporte-mon-soutien-a-Alain-Juppe\n\n-&#8220;Le gouvernement a abandonn\u00e9 des territoires aux voyous, sans soutenir l&#8217;action des forces de police. Au Etats Unis, les policiers peuvent tirer pour se d\u00e9fendre, ici, ils ne peuvent pas&#8221; (l&#8217;eurod\u00e9put\u00e9e LR Rachida Dati, soutien de Nicolas Sarkozy; interrog\u00e9e par Audrey Crespo-Marat; vid\u00e9o) : http:\/\/www.lci.fr\/replay\/replay-l-invite-politique-du-11-octobre-2016-rachida-dati-2007095.html\n\n-&#8220;Je n&#8217;appelle pas \u00e7a des sauvageons, j&#8217;appelle \u00e7a des barbares. C&#8217;est mieux de n&#8217;avoir ni pass\u00e9 ni avenir judiciaire&#8221; (Bruno Le Maire, d\u00e9put\u00e9 LR de L&#8217;Eure; interrog\u00e9 par Elisabeth Martichoux; vid\u00e9os) : http:\/\/www.rtl.fr\/actu\/politique\/policiers-agresses-dans-l-essonne-je-n-appelle-pas-ca-des-sauvageons-j-appelle-ca-des-barbares-reagit-bruno-le-maire-7785220560\n\n-Il a r\u00e9pondu aux questions des auditeurs de RTL (son) : http:\/\/www.rtl.fr\/actu\/politique\/bruno-le-maire-quoi-qu-il-arrive-je-soutiendrai-le-vainqueur-7785221333\n\n-&#8220;On n&#8217; est pas oblig\u00e9 d&#8217;\u00eatre d&#8217;accord avec lui, mais il faut recevoir M. Poutine. La police fait son travail dans des conditions difficiles avec les suppressions de postes de Nicolas Sarkozy. Bien s\u00fbr qu&#8217;il y a des zones de non-droit&#8221; (David Rachline, directeur de campagne de Marine Le Pen; interrog\u00e9 par Caroline Roux; vid\u00e9o) : http:\/\/www.france2.fr\/emissions\/telematin\/actu\/david-rachline_514417\n\n<strong>-&#8220;Sarkozy, l&#8217;homme qui  courait plus vite que son ombre&#8221; (un documentaire de G\u00e9rard Miller; vid\u00e9o) : <\/strong> http:\/\/www.france3.fr\/emissions\/documentaires\/videos\/replay_-_sarkozy_lhomme_qui_courait_plus_vite_que_son_ombre_10-10-2016_1310623\n\n-&#8220;Les Fran\u00e7ais sont obs\u00e9d\u00e9s par Nicolas Sarkozy, ils n&#8217;en veulent plus&#8221; (Bruno Roger-Petit; vid\u00e9o) : http:\/\/www.dailymotion.com\/video\/x4wylwc_les-francais-sont-obsedes-par-nicolas-sarkozy-ils-n-en-veulent-plus-bruno-roger-petit-11-10-2016_news\n\n-&#8220;En mati\u00e8re judiciaire, il vaut mieux avoir un pass\u00e9 qu&#8217;un avenir&#8221;. Cette phrase d&#8217;Alain Jupp\u00e9 est le Skud le plus violent de la campagne&#8221; (Guillaume Tabard du &#8220;Figaro&#8221;; son) : http:\/\/www.radioclassique.fr\/player\/progaction\/initPlayer\/podcast\/ledito-politique-de-guillaume-tabard-2016-10-11-08-14-01.html\n\n-&#8220;Alain Jupp\u00e9 est son propre rival&#8221; (Christophe Barbier; vid\u00e9o) : http:\/\/www.bfmtv.com\/mediaplayer\/video\/l-edito-de-christophe-barbier-alain-juppe-son-propre-rival-875169.html\n\n-&#8220;Alain Jupp\u00e9 en mode tonton flingueur&#8221; (Patrick Cohen; vid\u00e9o) : https:\/\/www.franceinter.fr\/emissions\/le-7h43\/le-7h43-11-octobre-2016\n\n<em>-Les intentions de vote \u00e0 la primaire de la droite et du centre (ODOXA) : <\/em> http:\/\/www.odoxa.fr\/primaire-sarkozy-est-le-plus-visible-mais-juppe-est-plus-que-jamais-le-favori\/\n\n<em>-Qui incarne les meilleures chances de la droite de l&#8217;emporter? (ODOXA) : <\/em> http:\/\/www.odoxa.fr\/pour-les-francais-cest-alain-juppe-qui-offre-le-plus-de-chances-a-la-droite-de-remporter-lelection-presidentielle-de-2017\/\n\n<strong>-&#8220;Moi pr\u00e9sidente. Delphine a 30 ans et travaille \u00e0 Paris dans la distribution. Avec Herv\u00e9 Pauchon&#8221; (son) :<\/strong> https:\/\/www.franceinter.fr\/emissions\/moi-president\/moi-president-11-octobre-2016\n\n<strong>EUROPE-MONDE<\/strong>\n\n<strong>-Le Parlement europ\u00e9en s&#8217;est r\u00e9uni du 3 au 6 octobre (le compte rendu de Patrick Le Hyaric) :<\/strong> http:\/\/www.patrick-le-hyaric.eu\/reunion-du-parlement-europeen-du-3-au-6-octobre-2016\/\n\n-La Wallonie menace de veto le CETA : http:\/\/www.euractiv.fr\/section\/innovation-entreprises\/news\/la-wallonie-menace-de-veto-le-traite-commercial-ue-canada\/?nl_ref=22368941\n\n-L&#8217;accord commercial avec l&#8217;Afrique australe entre en vigueur (C\u00e9cile Barbi\u00e8re) : http:\/\/www.euractiv.fr\/section\/aide-au-developpement\/news\/laccord-commercial-avec-lafrique-australe-entre-en-vigueur\/?nl_ref=22368941\n\n<strong>-&#8220;Ath\u00e8nes d\u00e9nonce les demandes &#8220;ill\u00e9gales&#8221; du FMI sur les droits des travailleurs (Yannis Chryssoverghis) <\/strong> : http:\/\/www.euractiv.fr\/section\/europe-sociale-emploi\/news\/mongreek-labour-minister-unthinkable-that-eu-goes-against-european-social-charter\/?nl_ref=22368941\n\n-Sur les migrants, &#8220;le ton monte entre Paris et Londres. On peut difficilement imaginer la Pologne sans Wajda&#8221; (Hugues Beaudoin; son) : http:\/\/www.radioclassique.fr\/player\/progaction\/iniPlayer\/podcast\/2016-10-10-19-08-00.html\n\n-Merkel annonce une aide pour lutter contre les migrations au Niger : http:\/\/www.euractiv.fr\/section\/aide-au-developpement\/news\/merkel-announces-niger-aid-package-to-stem-migrant-flow-during-africa-trip\/?nl_ref=22368941\n\n-En Hongrie, Victor Orban met sur les rails son amendement anti-migrants : http:\/\/www.euractiv.fr\/section\/europe-de-l-est\/news\/en-hongrie-viktor-orban-met-sur-les-rails-son-amendement-anti-refugie\/?nl_ref=22368941\n\n<strong>-Alexandre Orlov, ambassadeur de Russie en France, \u00e9tait l&#8217;invit\u00e9 de Jean-Pierre Elkabbach; vid\u00e9o) : <\/strong> http:\/\/www.europe1.fr\/emissions\/l-interview-politique\/bombardement-a-alep-soutien-de-bachar-el-assad-visite-de-poutine-en-france-et-elections-americaines-alexandre-orlov-repond-aux-questions-de-jean-pierre-elkabbach-2869789\n\n-Vladimir Poutine reporte son voyage \u00e0 Paris (vid\u00e9o) : http:\/\/www.bfmtv.com\/international\/poutine-reporte-sa-visite-a-paris-1046677.html#?xtor=EREC\n\n-Les Occidentaux et la Russie (Bernard Guetta; son) : https:\/\/www.franceinter.fr\/emissions\/geopolitique\/geopolitique-11-octobre-2016\n\n-La Russie et la Turquie scellent leur r\u00e9conciliation (vid\u00e9o) : http:\/\/nr.news-republic.com\/Web\/ArticleWeb.aspx?regionid=2&#038;articleid=74848954\n\n<strong>-Fr\u00e9d\u00e9ric Tissot, qui fut consul de France en Irak, r\u00e9pond aux questions de L\u00e9a Salam\u00e9 (vid\u00e9o) <\/strong> : http:\/\/www.dailymotion.com\/video\/x4wy7lz_frederic-tissot-repond-aux-questions-de-lea-salame_news\n\n-Le Parti r\u00e9publicain d\u00e9fie son candidat Donald Trump : http:\/\/www.lemonde.fr\/elections-americaines\/article\/2016\/10\/10\/election-americaine-le-parti-republicain-defie-trump_5011411_829254.html\n\n-&#8220;Pour sauver le CETA, le Canada r\u00e8gle la question des visas&#8221; (Catalina Mihai) : http:\/\/www.euractiv.fr\/section\/l-europe-dans-le-monde\/news\/canada-set-to-gradually-grant-bulgarians-visa-free-travel\/?nl_ref=22368941\n\n-En Colombie, les n\u00e9gociations de paix vont reprendre (vid\u00e9o) :  http:\/\/nr.news-republic.com\/Web\/ArticleWeb.aspx?regionid=2&#038;articleid=74883952\n\n-Les jeunes chinois se passionnent pour les \u00e9lections am\u00e9ricaines (un reportage de Dominique Andr\u00e9; son) : https:\/\/www.franceinter.fr\/emissions\/grand-angle\/grand-angle-11-octobre-2016\n\n-La catastrophe Samsung (vid\u00e9o) : http:\/\/www.francetvinfo.fr\/sciences\/high-tech\/economie-la-catastrophe-samsung_1867467.html\n\n<strong>CULTURE-MEDIAS<\/strong>\n\n-Les Fran\u00e7ais et la peine de mort au fil de l&#8217;histoire (Antoine Guerrier; vid\u00e9o et sons) : http:\/\/www.franceculture.fr\/droit-justice\/les-francais-et-la-peine-de-mort-au-fil-de-lhistoire#xtor=EPR\n\n<strong>-&#8220;Le G\u00e9nie de la la\u00efcit\u00e9&#8221;. Son auteure Caroline  Fourest \u00e9tait l&#8217;invit\u00e9e de la matinale de France Inter. Elle r\u00e9pondait aux questions de Patrick Cohen; vid\u00e9o) : <\/strong> http:\/\/www.dailymotion.com\/video\/x4wydni_caroline-fourest-repond-aux-questions-de-patrick-cohen_news\n\n-Elle a r\u00e9pondu \u00e0 celles des auditeurs (vid\u00e9o) : http:\/\/www.dailymotion.com\/video\/x4wyfoe_caroline-fourest-repond-aux-questions-des-auditeurs-de-france-inter_news\n\n<strong>-&#8220;Le proc\u00e8s d&#8217;Oscar Wilde \u00e0 &#8220;La Marche de l&#8217;Histoire&#8221; de Jean Lebrun, avec Merlin Holland, le petit-fils de l&#8217;\u00e9crivain (son)<\/strong> : https:\/\/www.franceinter.fr\/emissions\/la-marche-de-l-histoire\/la-marche-de-l-histoire-11-octobre-2016\n\n-Comment le Portugal a sauv\u00e9 sa collection Joan Miro (Anna Navarro Pedro; son) : https:\/\/www.franceinter.fr\/emissions\/meridien-d-europe\/meridien-d-europe-11-octobre-2016\n\n-L&#8217;\u00e9crivaine Line Papin a re\u00e7u le prix de la Vocation pour son premier roman &#8220;L&#8217;Eveil&#8221; (Christine Ferniot) : http:\/\/www.telerama.fr\/livre\/line-papin-l-ecrivaine-remarquable-de-cette-rentree-litteraire,148423.php#xtor=EPR\n\n-Les grands \u00e9crivains s&#8217;exposent \u00e0 Paris (B\u00e9n\u00e9dicte Philippe) : http:\/\/www.telerama.fr\/sortir\/de-george-sand-a-oscar-wilde-les-grands-ecrivains-s-exposent-a-paris,148406.php#xtor=EPR\n\n<strong>-Du 30 novembre au 5 d\u00e9cembre, le Salon du livre et de la presse jeunesse de Montreuil (93) annonce un programme &#8220;sens dessus dessous&#8221; pour son \u00e9dition 2016 (Laurence Houot) :<\/strong> http:\/\/culturebox.francetvinfo.fr\/livres\/bande-dessinee\/le-salon-du-livre-jeunesse-de-montreuil-2016-son-programme-ses-pepites-247205#xtor=EREC-\n\n<strong>-Eric Ruf, administrateur de la Com\u00e9die fran\u00e7aise, \u00e9tait l&#8217;invit\u00e9 d&#8217;Augustin Trapenard (son) :<\/strong> https:\/\/www.franceinter.fr\/emissions\/boomerang\/boomerang-11-octobre-2016\n\n-&#8220;Andrzej Wajda, cin\u00e9aste polonais jusqu&#8217;au bout&#8221; (Pierre Murat; vid\u00e9os) : http:\/\/www.telerama.fr\/cinema\/andrzej-wajda-cineaste-polonais-jusqu-au-bout,148470.php#xtor=EPR\n\n<strong>-Jusqu&#8217;au 5 novembre \u00e0 l&#8217;Op\u00e9ra Bastille, la mezzo-soprano Anita Rachvelishvili dans &#8220;Samson et Dalila&#8221; (propos recueillis par Sophie Bourdais) : <\/strong> http:\/\/www.telerama.fr\/musique\/anita-rachvelishvili-chanteuse-lyrique-je-vois-dalila-comme-une-patriote,148411.php#xtor=EPR\n\n<strong>-Dans &#8220;Carmen&#8221; \u00e0 la Scala de Milan, orchestre sous la direction de Daniel Barenboim (vid\u00e9o int\u00e9grale)<\/strong> : https:\/\/www.youtube.com\/watch?v=M1VJ40D60mI\n\n-&#8220;Dans ma famille, la culture \u00e9tait \u00e0 la fois importante et famili\u00e8re&#8221; (la chanteuse Juliette Armanet; vid\u00e9o) : http:\/\/www.telerama.fr\/musique\/juliette-armanet-dans-ma-famille-la-culture-etait-a-la-fois-importante-et-familiere,148475.php#xtor=EPR-\n\n-Au Centre Pompidou, jusqu&#8217;au 27 mars 2017, &#8220;quand le pop art am\u00e9ricain se moquait de la propagande sovi\u00e9tique&#8221; (Jos\u00e9phine Bind\u00e9) : http:\/\/www.telerama.fr\/sortir\/quand-le-pop-art-americain-se-moquait-de-la-propagande-sovietique,148408.php#xtor=EPR\n\n-Le festival am\u00e9ricain Lollapalooza aura bien lieu \u00e0 Paris en 2017 (Angelo Gopee, directeur de la fili\u00e8re fran\u00e7aise de Live Nation, interrog\u00e9 par Jean-Baptiste Roch) : http:\/\/www.telerama.fr\/musique\/c-est-officiel-le-festival-americain-lollapalooza-posera-ses-valises-a-paris-en-2017,148474.php#xtor=EPR\n\n<strong>-Avant la sortie du nouvel album blues des Rolling Stone, r\u00e9\u00e9couter douze classiques du blues de Chicago (Fran\u00e7ois Gorin; sons et vid\u00e9o) : <\/strong> http:\/\/www.telerama.fr\/musique\/avant-la-sortie-du-nouvel-album-blues-des-rolling-stones-reecoutons-les-originaux,148468.php#xtor=EPR\n\n-Retrouver le groupe Pulp et Eric Clapton avec Fran\u00e7ois Gorin (vid\u00e9o et sons) :  http:\/\/www.telerama.fr\/musique\/pulp-1-rester-classe-sur-le-dance-floor,148369.php                                                       http:\/\/www.telerama.fr\/musique\/pulp-2-qui-connaissait-bob-lind,148400.php                                                                                                                                                                                      http:\/\/www.telerama.fr\/musique\/eric-clapton-on-se-la-recoule-douce-a-miami,148472.php#xtor=EPR\n\n<strong>-Le nouvel album du groupe Jagwar Ma (Rebecca Manzoni; son) : <\/strong> https:\/\/www.franceinter.fr\/emissions\/pop-co\/pop-co-11-octobre-2016\n\n-La r\u00e9gion Ile-de-France va accorder plus de 280 000 euros au Bataclan : http:\/\/www.bfmtv.com\/politique\/la-region-ile-de-france-va-accorder-plus-de-280-000-euros-au-bataclan-1046725.html#?xtor=EREC\n\n-&#8220;Benjamin Brillaud, l&#8217;homme qui raconte l&#8217;histoire en version 2.0&#8221; (Sophie Rahal; vid\u00e9os) : http:\/\/www.telerama.fr\/idees\/benjamin-brillaud-l-homme-qui-raconte-l-histoire-en-version-2-0,148412.php#xtor=EPR\n\n-Cdiscount se lance dans la guerre du streaming (son directeur g\u00e9n\u00e9ral Emmanuel Grenier; interrog\u00e9 par Eric Delvaux; son) : https:\/\/www.franceinter.fr\/emissions\/l-invite-du-5-7\/l-invite-du-5-7-11-octobre-2016\n\n<strong>-&#8220;Pas de quartier pour les marchands de journaux&#8221; (Sonia Devillers re\u00e7oit Isabelle qui ferme boutique; vid\u00e9o) : <\/strong> http:\/\/www.dailymotion.com\/video\/x4wyqu3_pas-de-quartier-pour-les-marchands-de-journaux_news\n\n<strong>-O\u00f9 voir, \u00e9couter ou lire les prim\u00e9s du prix Bayeux-Calvados des correspondants de guerre ? (J\u00e9r\u00e9mie Maire; vid\u00e9os) :<\/strong> http:\/\/www.telerama.fr\/medias\/prix-bayeux-calvados-des-correspondants-de-guerre-voici-ou-voir-ecouter-et-lire-les-primes,148469.php#xtor=EPR\n\n<strong>-Loi s\u00e9curit\u00e9 et citoyennet\u00e9, vive inqui\u00e9tude de plus de 20 soci\u00e9t\u00e9s de journalistes : <\/strong> http:\/\/www.lemonde.fr\/actualite-medias\/article\/2016\/10\/06\/loi-egalite-et-citoyennete-vive-inquietude-de-la-societes-des-journalistes-du-monde_5009539_3236.html\n\n-La une du &#8220;Canard encha\u00een\u00e9&#8221; : http:\/\/www.lecanardenchaine.fr\/la-une-du-12-octobre-2016\/\n\n-Nouvelle motion de d\u00e9fiance contre le retour de Jean-Marc Morandini sur iT\u00e9l\u00e9 (Richard S\u00e9n\u00e9joux) : http:\/\/television.telerama.fr\/television\/morandini-sur-i-tele-nouvelle-motion-de-defiance,148525.php#xtor=EPR\n\n<strong>-&#8220;Une ambition intime&#8221;, la premi\u00e8re \u00e9mission de politique-affliction&#8221; (Samuel Gontier) <\/strong> : http:\/\/television.telerama.fr\/television\/une-ambition-intime-la-premiere-emission-de-politique-affliction,148513.php#xtor=EPR\n\n<strong>-Les \u00e9missions politiques (Bruno Donnet; vid\u00e9o) : <\/strong> http:\/\/www.dailymotion.com\/video\/x4wyiny_les-emissions-politiques-l-apres-coup-de-bruno-donnet_news\n\n-Mich\u00e8le Obama se l\u00e2che (vid\u00e9o) : http:\/\/www.femmeactuelle.fr\/actu\/news-actu\/michelle-obama-imite-barack-obama-video-sketch-television-0#utm_source\n\n<strong>-&#8220;Je suis pastafariste&#8221; (Alex Vizorek; vid\u00e9o) : <\/strong> http:\/\/www.dailymotion.com\/video\/x4wyfeg_je-suis-pastafariste-le-billet-d-alex-vizorek_fun\n\n<strong>-&#8220;Les lettres d&#8217;amour des politiques pas si flamboyantes&#8221; (Charline Vanhoenacker; vid\u00e9o) :<\/strong> http:\/\/www.dailymotion.com\/video\/x4wy8ur_les-lettres-d-amour-des-politiques-pas-si-flamboyantes-le-billet-de-charline_fun\n\n-&#8220;Quand la voix de Sarkozy est sortie du transistor, j&#8217;ai vu la peur dans le regard de mes ge\u00f4liers&#8221; (Ingrid Bettencourt au meeting du Z\u00e9nith. Difficile de faire mieux !) : http:\/\/www.lci.fr\/elections\/le-jour-ou-l-ex-otage-ingrid-betancourt-a-entendu-pour-la-premiere-fois-nicolas-sarkozy-2006879.html\n<h2 class=\"wp-block-heading\">Documents joints<\/h2>\n\n\n\n<div class=\"wp-block-file\"><a href=\"https:\/\/wp.muchomaas.com\/wp-content\/uploads\/2016\/10\/essai_de_rennes-e80.pdf\">essai_de_rennes.pdf<\/a><\/div>\n\n\n","protected":false},"excerpt":{"rendered":"<p>ACTUALITE -Travail du dimanche, o\u00f9 en est-on un an apr\u00e8s ? (vid\u00e9o) : http:\/\/www.francetvinfo.fr\/economie\/entreprises\/travail-le-dimanche\/un-an-apres-l-entree-en-vigueur-du-travail-du-dimanche_1866697.html -&#8220;Emmanuel Macron a une compr\u00e9hension de l&#8217;entreprise tr\u00e8s pertinente&#8221; (Thibault Lanxade, vice-pr\u00e9sident du Medef; interrog\u00e9 par Nicolas Pierron; vid\u00e9o) : http:\/\/www.dailymotion.com\/video\/x4wyiha_emmanuel-macron-a-une-comprehension-de-l-entreprise-tres-pertinente-lanxade-thibault-11-10-2016_news -&#8220;Le collectif &#8220;Touche pas \u00e0 ma Zep&#8221; dans la rue (son) : http:\/\/www.sudradio.fr\/Podcasts\/Les-reportages-de-la-matinee\/Reseaux-d-Education-prioritaire -Le jogging interdit au lyc\u00e9e Condorcet de [&hellip;]<\/p>\n","protected":false},"author":1042,"featured_media":0,"comment_status":"open","ping_status":"open","sticky":false,"template":"","format":"standard","meta":{"_themeisle_gutenberg_block_has_review":false,"footnotes":""},"categories":[151],"tags":[],"class_list":["post-9922","post","type-post","status-publish","format-standard","hentry","category-la-revue-de-presse-de-lulu"],"_links":{"self":[{"href":"https:\/\/archives.regards.fr\/index.php?rest_route=\/wp\/v2\/posts\/9922","targetHints":{"allow":["GET"]}}],"collection":[{"href":"https:\/\/archives.regards.fr\/index.php?rest_route=\/wp\/v2\/posts"}],"about":[{"href":"https:\/\/archives.regards.fr\/index.php?rest_route=\/wp\/v2\/types\/post"}],"author":[{"embeddable":true,"href":"https:\/\/archives.regards.fr\/index.php?rest_route=\/wp\/v2\/users\/1042"}],"replies":[{"embeddable":true,"href":"https:\/\/archives.regards.fr\/index.php?rest_route=%2Fwp%2Fv2%2Fcomments&post=9922"}],"version-history":[{"count":0,"href":"https:\/\/archives.regards.fr\/index.php?rest_route=\/wp\/v2\/posts\/9922\/revisions"}],"wp:attachment":[{"href":"https:\/\/archives.regards.fr\/index.php?rest_route=%2Fwp%2Fv2%2Fmedia&parent=9922"}],"wp:term":[{"taxonomy":"category","embeddable":true,"href":"https:\/\/archives.regards.fr\/index.php?rest_route=%2Fwp%2Fv2%2Fcategories&post=9922"},{"taxonomy":"post_tag","embeddable":true,"href":"https:\/\/archives.regards.fr\/index.php?rest_route=%2Fwp%2Fv2%2Ftags&post=9922"}],"curies":[{"name":"wp","href":"https:\/\/api.w.org\/{rel}","templated":true}]}}