{"id":9920,"date":"2016-10-11T07:30:44","date_gmt":"2016-10-11T05:30:44","guid":{"rendered":"https:\/\/wp.muchomaas.com\/article-la-revue-du-11-octobre-2016\/"},"modified":"2016-10-11T07:30:44","modified_gmt":"2016-10-11T05:30:44","slug":"article-la-revue-du-11-octobre-2016","status":"publish","type":"post","link":"https:\/\/archives.regards.fr\/?p=9920","title":{"rendered":"La Revue du 11 octobre 2016"},"content":{"rendered":"<p><strong>ACTUALITE<\/strong><\/p>\n<p>-Les chantiers navals de Saint-Nazaire &#8220;sont une entreprise strat\u00e9gique pour la France. Une nationalisation est coh\u00e9rente&#8221; (Nathalie Durand-Prinborge, d\u00e9l\u00e9gu\u00e9e syndicale FO aux chantiers STX; interrog\u00e9e par Vincent Parizot et Christelle Rebi\u00e8re; son) : http:\/\/www.rtl.fr\/actu\/societe-faits-divers\/chantiers-navals-de-saint-nazaire-une-entreprise-strategique-pour-la-france-7785208672<\/p>\n<p><strong>-&#8220;Le Kazakhstan viendra-t-il au chevet d&#8217;Areva ?&#8221; (Fran\u00e7ois Lenglet; vid\u00e9o) : <\/strong> http:\/\/www.rtl.fr\/actu\/societe-faits-divers\/pourquoi-le-kazakhstan-vient-au-chevet-d-areva-7785201474<\/p>\n<p>-La Conf\u00e9d\u00e9ration g\u00e9n\u00e9rale du Logement a re\u00e7u pr\u00e8s de 3 000 plaintes en un an, soit une augmentation de plus de 25% (son pr\u00e9sident Michel Fr\u00e9chet, interrog\u00e9 par St\u00e9phane Carpentier; son) : http:\/\/www.rtl.fr\/actu\/conso\/la-confederation-generale-du-logement-a-recu-2-934-plaintes-en-un-an-7785200960<\/p>\n<p>-&#8220;Il serait dommage que la pr\u00e9sidentielle 2017 vienne perturber le march\u00e9 immobilier qui est en croissance&#8221; (Nordine Hachemi de &#8220;Kaufman Broad&#8221;; vid\u00e9o) :                                                              http:\/\/videos.lesechos.fr\/lesechos\/invite-des-echos\/presidentielle-2017-il-serait-dommage-de-venir-perturber-le-marche-immobilier-selon-nordine-hachemi-kaufman-broad\/um3u88<\/p>\n<p><strong>-&#8220;Renault veut casser les co\u00fbts de la voiture \u00e9lectrique et hybride&#8221; (Maxime Amiot) : <\/strong> http:\/\/www.lesechos.fr\/industrie-services\/automobile\/0211375494365-renault-veut-casser-les-couts-de-la-voiture-electrique-et-hybride-2033815.php#xtor=EPR<\/p>\n<p>-&#8220;L&#8217;industrie du gaz veut concurrencer l&#8217;essence et l&#8217;\u00e9lectricit\u00e9 dans l&#8217;automobile&#8221; (J\u00e9r\u00f4me Ferrier de l&#8217;AFG; vid\u00e9o) : http:\/\/videos.lesechos.fr\/lesechos\/invite-des-echos\/lindustrie-du-gaz-veut-concurrencer-lessence-et-lelectricite-dans-lautomobile\/ukfkz0<\/p>\n<p><strong>-Les h\u00f4tesses d&#8217;accueil du Mondial de l&#8217;automobile face au sexisme (vid\u00e9o) : <\/strong> http:\/\/www.francetvinfo.fr\/replay-jt\/france-2\/20-heures\/jt-de-20h-du-dimanche-9-octobre-2016_1852797.html#xtor=EPR<\/p>\n<p>-La 27e \u00e9dition de la semaine du go\u00fbt (la nutritionniste B\u00e9atrice de Reynal; son) : http:\/\/www.sudradio.fr\/Podcasts\/L-invite-pour-comprendre\/Beatrice-de-Reynal-nutritionniste-creatrice-de-Nutrimarketing<\/p>\n<p>-&#8220;On ne touchait pas du tout le public qui buvait du grand caf\u00e9&#8221; (Arnaud Deschamps, directeur de Nespresso France; interrog\u00e9 par Nicolas Pierron; vid\u00e9o) : http:\/\/www.dailymotion.com\/video\/x4wt6ae<\/p>\n<p>-La ferme urbaine de Colombes (92) doit fermer. Elle sera accueillie par Gennevilliers (Baptiste Gaborit; son) : http:\/\/www.radioclassique.fr\/player\/progaction\/iniPlayer\/podcast\/3-minutes-pour-la-planete-2016-10-10-06-45-07.html<\/p>\n<p><strong>-&#8220;La vaccination contre la grippe repart \u00e0 la hausse, une premi\u00e8re depuis 2009&#8221; (le docteur Fran\u00e7ois Sarkozy, pr\u00e9sident du comit\u00e9 d&#8217;organisation des entretiens de Bichat; vid\u00e9o) <\/strong> : http:\/\/rmc.bfmtv.com\/mediaplayer\/video\/la-vaccination-contre-la-grippe-repart-a-la-hausse-une-premiere-depuis-2009-874841.html<\/p>\n<p>-A Bagnolet (93), le magasin Babou &#8220;en gr\u00e8ve pour le respect&#8221; (Laurence Mauriaucourt) : http:\/\/elus-crc.over-blog.com\/2016\/10\/le-conflit-des-babou-dans-l-humanite.html?utm_source=_ob_email&#038;utm_medium<\/p>\n<p><strong>-La mobilisation contre les mariages forc\u00e9s dans le monde, mais aussi en France (la sociologue Isabelle Gillette Faye; son) <\/strong> : http:\/\/www.sudradio.fr\/Podcasts\/L-invite-pour-comprendre\/Isabelle-Gillette-Faye-sociologue-et-directrice-du-GAMS<\/p>\n<p>-A Paris, &#8220;une place du calvaire&#8221; des filles contre le mariage forc\u00e9 (vid\u00e9o) : http:\/\/nr.news-republic.com\/Web\/ArticleWeb.aspx?regionid=2&#038;articleid=74841217<\/p>\n<p>-Le journal d&#8217;Outre-mer (Beno\u00eet Ferrand; son) : https:\/\/www.franceinter.fr\/emissions\/journal-d-outre-mer-1ere\/journal-d-outre-mer-1ere-10-octobre-2016<\/p>\n<p><strong>-&#8220;Ce genre d&#8217;attaque est exceptionnel. Ils en voulaient \u00e0 la vie des policiers. C&#8217;est une tentative d&#8217;assassinat. Prot\u00e9ger une cam\u00e9ra avec des policiers est une mission qui n&#8217;a pas de sens&#8221; (Nicolas Comte du syndicat SGP Police FO; interrog\u00e9 par Dimitri Pavlenko; son) <\/strong> : http:\/\/www.sudradio.fr\/Podcasts\/L-invite-pour-comprendre\/Nicolas-Comte-secretaire-general-adjoint-d-unite-SGP-Police-FO<\/p>\n<p>-&#8220;Il y a quelque chose qui ne va plus. Dans l&#8217;Essonne, il manque 500 policiers&#8221; (Luc Poignant, du m\u00eame syndicat; interrog\u00e9 par Guillaume Durand; son) : http:\/\/www.radioclassique.fr\/player\/progaction\/iniPlayer\/podcast\/linvite-du-matin-2016-10-10-07-50-48.html<\/p>\n<p>-&#8220;Ma vie au milieu des trafiquants&#8221; (Val\u00e9rie; vid\u00e9o) : http:\/\/rmc.bfmtv.com\/mediaplayer\/video\/viry-chatillon-ma-vie-au-milieu-des-trafiquants-874861.html<\/p>\n<p>-Jean-Marie Villain, le maire UDI de Viry-Ch\u00e2tillon, interrog\u00e9 par Jean-Jacques Bourdin; vid\u00e9o) : http:\/\/rmc.bfmtv.com\/mediaplayer\/video\/policiers-attaques-a-viry-chatillon-ce-n-est-plus-une-agression-c-est-une-tentative-d-assassinat-874881.html<\/p>\n<p><strong>-&#8220;Le policier est dans un \u00e9tat stationnaire. Ils ont \u00e9t\u00e9 attaqu\u00e9s par une bande de sauvageons. Ces individus sont toujours rattrap\u00e9s et ceux-l\u00e0 le seront. Tous les jours nous arr\u00eatons des traficants. Il n&#8217;y a pas de zones de non droit en France. La Grande -Bretagne doit assumer son devoir moral&#8221; (Bernard Cazeneuve, interrog\u00e9 par Elisabeth Martichoux; vid\u00e9os) :<\/strong> http:\/\/www.rtl.fr\/actu\/politique\/le-policier-agresse-dans-l-essonne-est-dans-un-etat-stationnaire-annonce-bernard-cazeneuve-sur-rtl-7785201227<\/p>\n<p><strong>-&#8220;L\u00e0 o\u00f9 la drogue fait la loi&#8221;. En d\u00e9bat ans l&#8217;\u00e9mission d&#8217;Yves Calvi &#8220;24 Heures en questions&#8221; (vid\u00e9o)<\/strong> : http:\/\/www.lci.fr\/replay\/replay-24-heures-en-questions-du-10-octobre-2016-les-policiers-attaques-2007064.html%3Ftype=content<\/p>\n<p>-Le Secours catholique refuse de cautionner le d\u00e9mant\u00e8lement de la jungle de Calais (Maryline Baumard) : http:\/\/www.lemonde.fr\/societe\/article\/2016\/10\/10\/calais-le-secours-catholique-refuse-de-cautionner-le-demantelement-de-la-jungle-tel-qu-il-se-prepare_5011399_3224.html#xtor=AL-32280270<\/p>\n<p><strong>-&#8220;Les gangsters et la R\u00e9publique&#8221; de Julien Johan et Fr\u00e9d\u00e9ric Poquin (un documentaire en trois volets; vid\u00e9os pendant 6 jours) :   <\/strong>                                                                                                          http:\/\/www.france5.fr\/emissions\/les-gangsters-et-la-republique\/videos\/au_nom_du_drapeau_09-10-2016_1309027?onglet=tous&#038;page=1                                                                                    http:\/\/www.france5.fr\/emissions\/les-gangsters-et-la-republique\/videos\/petits_arrangements_entre_amis_09-10-2016_1309023?onglet=tous&#038;page=1                                                                   http:\/\/www.france5.fr\/emissions\/les-gangsters-et-la-republique\/videos\/la_loi_de_la_drogue_09-10-2016_1309047?onglet=tous&#038;page=1<\/p>\n<p><strong>POLITIQUE<\/strong><\/p>\n<p>-&#8220;Appel \u00e0 l&#8217;union de la gauche antilib\u00e9rale&#8221; : http:\/\/www.liberation.fr\/debats\/2016\/10\/09\/appel-a-l-union-de-la-gauche-antiliberale_1520735<\/p>\n<p>-&#8220;Il faut l\u00e9galiser le cannabis, la vraie gangr\u00e8ne des quartiers de telle fa\u00e7on que demain nous puissions tuer le trafic. Si nous avions gard\u00e9 les \u00eelotiers dans ces quartiers (supprim\u00e9s par Nicolas Sarkozy), il y aurait une relation compl\u00e8tement diff\u00e9rente &#8221; (Beno\u00eet Hamon, d\u00e9put\u00e9 PS des Yvelines; interrog\u00e9 par Jean-Michel Apathie; vid\u00e9o) : http:\/\/www.dailymotion.com\/video\/x4wt936_policiers-blesses-a-viry-chatillon-pour-benoit-hamon-il-faut-legaliser-le-cannabis-la-vraie-gangrene_news<\/p>\n<p>-&#8220;Si la gauche perdait, elle n&#8217;aurait qu&#8217;\u00e0 s&#8217;en prendre \u00e0 elle-m\u00eame&#8221; (Aur\u00e9lie Filippetti, d\u00e9put\u00e9e PS de Moselle; vid\u00e9o) : http:\/\/www.europe1.fr\/politique\/aurelie-filippetti-si-la-gauche-perdait-elle-naurait-qua-sen-prendre-a-elle-meme-2865352<\/p>\n<p>-Elle \u00e9tait l&#8217;invit\u00e9e du &#8220;Club de la Presse d&#8217;Europe 1&#8221; (son) : http:\/\/www.europe1.fr\/emissions\/le-club-de-la-presse\/europe-soir-le-club-de-la-presse-aurelie-filipetti-et-robin-rivaton-05102016-2865373<\/p>\n<p>-&#8220;Je demande \u00e0 Hollande d&#8217;annuler la visite \u00e0 Paris de Poutine, le boucher d&#8217;Alep&#8221; (l&#8217;eurod\u00e9put\u00e9 \u00e9cologiste Yannick Jadot; interrog\u00e9 par Fr\u00e9d\u00e9ric Rivi\u00e8re; vid\u00e9o) : http:\/\/www.rfi.fr\/video\/20161010-yannick-jadot-je-demande-hollande-annuler-visite-paris-poutine-le-boucher-alep<\/p>\n<p>-Les quatre candidats de la primaire \u00e9cologiste \u00e9taient \u00e0 Notre-Dame-des-Landes (vid\u00e9o) : http:\/\/www.lcp.fr\/la-politique-en-video\/notre-dame-des-landes-les-4-candidats-eelv-mobilises-contre-levacuation-de-la<\/p>\n<p>&#8211;<strong>S\u00e9gol\u00e8ne Royal n&#8217;est pas favorable \u00e0 l&#8217;\u00e9vacuation par la force de la zad de Notre-Dame-des-Landes; interrog\u00e9e par Laurence Ferrari (vid\u00e9o) <\/strong> : http:\/\/www.itele.fr\/chroniques\/invite-politique-ferrari-tirs-croises\/notre-dame-des-landes-segolene-royal-nest-pas-favorable-a-levacuation-par-la-violence-de-la-zad-171387<\/p>\n<p><strong>-La primaire \u00e0 gauche est l\u00e0 &#8220;plus pour op\u00e9rer un rassemblement que pour choisir un candidat&#8221; (Bruno Le Roux, pr\u00e9sident du groupe PS \u00e0 l&#8217;Assembl\u00e9e nationale; vid\u00e9o) : <\/strong> http:\/\/www.lc: .fr\/la-politique-en-video\/pour-le-roux-ps-la-primaire-gauche-est-la-pour-operer-un-rassemblement-plus<\/p>\n<p>-Il \u00e9tait l&#8217;invit\u00e9 de &#8220;Politique Matin&#8221; et r\u00e9pondait aux questions de Brigitte Boucher; vid\u00e9o, amener le curseur sur 30:45 : http:\/\/www.lcp.fr\/emissions\/politique-matin\/278965-politique-matin<\/p>\n<p>-&#8220;Le populisme, c&#8217;est le m\u00e9pris du peuple&#8221; (NKM, d\u00e9put\u00e9e LR de l&#8217;Essonne, a r\u00e9pondu aux questions de Micha\u00ebl Darmon et de t\u00e9l\u00e9spectateurs d&#8217;iT\u00e9l\u00e9; vid\u00e9o) : https:\/\/www.youtube.com\/watch?v=g-XQldF5Tdc<\/p>\n<p><strong>-&#8220;En mati\u00e8re judiciaire, il vaut mieux avoir un pass\u00e9 qu&#8217;un avenir&#8221; (Alain Jupp\u00e9 \u00e9tait l&#8217;invit\u00e9 de Ruth Elkrief (vid\u00e9os) :<\/strong> http:\/\/www.bfmtv.com\/mediaplayer\/video\/alain-juppe-face-a-ruth-elkrief-12-875105.html<br \/>\nhttp:\/\/www.bfmtv.com\/mediaplayer\/video\/alain-juppe-face-a-ruth-elkrief-22-875089.html<\/p>\n<p>-Alstom, &#8220;c&#8217;est l&#8217;exemple de la nullit\u00e9 de  l&#8217;Etat comme actionnaire&#8221; (Edouard Philippe, d\u00e9put\u00e9 LR de Seine-Maritime; vid\u00e9o) :  http:\/\/videos.lesechos.fr\/lesechos\/invite-des-echos\/edouard-philippe-lr-sur-alstom-cest-lexemple-de-la-nullite-de-letat-actionnaire\/ukplxx<\/p>\n<p>-&#8220;Une autre politique s\u00e9curitaire est possible. On est en Etat d&#8217;urgence, c&#8217;est l&#8217;urgence partout et l&#8217;Etat nulle part&#8221; (Luc Chatel, d\u00e9put\u00e9 LR de la Haute-Marne; invit\u00e9 de &#8220;Territoires d&#8217;Infos&#8221;; vid\u00e9o, amener le curseur sur 3:22) : http:\/\/www.sudradio.fr\/Politique\/L-interview-politique\/Luc-Chatel-Une-autre-politique-securitaire-est-possible<\/p>\n<p>-&#8220;L&#8217;immobilisme est la pire des choses pour notre pays&#8221; (Eric Woerth, d\u00e9put\u00e9 LR de l&#8217;Oise; interrog\u00e9 par Guillaume Durand; vid\u00e9o) : http:\/\/www.dailymotion.com\/video\/x4wt6ae<\/p>\n<p>-&#8220;Nicolas Sarkozy veut aller vite, c&#8217;est une de ses qualit\u00e9s&#8221; (Brice Hortefeux, eurod\u00e9put\u00e9 LR; interrog\u00e9 par L\u00e9a Salam\u00e9; vid\u00e9o) : http:\/\/www.dailymotion.com\/video\/x4wsong_brice-hortefeux-est-l-invite-de-lea-salame_news<\/p>\n<p><strong>-&#8220;Le r\u00e9f\u00e9rendum sur les fich\u00e9s S, c&#8217;est de l&#8217;enfumage&#8221; (Fran\u00e7ois Fillon, d\u00e9put\u00e9 LR de Paris; interrog\u00e9 par Thomas Sotto et par Jean-Pierre Elkabbach; vid\u00e9os) : <\/strong> http:\/\/www.europe1.fr\/emissions\/l-interview-verite\/francois-fillon-le-referendum-sur-les-fiches-s-cest-de-lenfumage-2868883                                                                                                                                                                              http:\/\/www.europe1.fr\/emissions\/l-interview-politique\/politique-etrangere-syrie-identite-nationale-referendums-proposes-par-sarkozy-et-primaire-de-la-droite-et-du-centre-francois-fillon-repond-aux-questions-de-jean-pierre-elkabbach-2868907     <\/p>\n<p>-&#8220;Si on veut avoir une chance de faire les choses apr\u00e8s, il faut tout dire avant&#8221; (Christian Estrosi, pr\u00e9sident LR de la r\u00e9gion PACA; face \u00e0 Jean-Jacques Bourdin; vid\u00e9o) : http:\/\/www.bfmtv.com\/mediaplayer\/video\/christian-estrosi-face-a-jean-jacques-bourdin-en-direct-874875.html<\/p>\n<p>-&#8220;Aux Etats-Unis, \u00e7a vole bas. Nous n&#8217;avons parfois  rien \u00e0 leur envier, regardez le pr\u00e9sident fran\u00e7ais et sa goujaterie quand il s&#8217;est s\u00e9par\u00e9 de son ancienne compagne. Ce qui m&#8217;int\u00e9resse, c&#8217;est la ligne politique&#8221; (Nadine Morano, eurod\u00e9put\u00e9e LR, interrog\u00e9e par Audrey  Crespo-Mara; vid\u00e9o) : http:\/\/www.lci.fr\/politique\/replay-l-invite-politique-du-10-octobre-2016-nadine-morano-1-2006967.html<\/p>\n<p><strong>-&#8220;Les r\u00e9f\u00e9rendums de Nicolas Sarkozy&#8221; (Thomas Legrand; son) :   <\/strong> https:\/\/www.franceinter.fr\/emissions\/l-edito-politique\/l-edito-politique-10-octobre-2016  <\/p>\n<p>-&#8220;Il semble avoir fait le plein de son \u00e9lectorat&#8221; (Alba Ventura; vid\u00e9o) :      http:\/\/www.rtl.fr\/actu\/politique\/primaire-les-republicains-nicolas-sarkozy-semble-avoir-fait-le-plein-de-son-electorat-7785201344   <\/p>\n<p>-&#8220;Nicolas Sarkozy veut se pr\u00e9senter en candidat du peuple contre celui des \u00e9lites. Il l&#8217;a toujours fait mais cette fois, cela n&#8217;inverse pas la tendance, au contraire&#8221; (Guillaume Tabard du &#8220;Figaro&#8221;; son) : http:\/\/www.radioclassique.fr\/player\/progaction\/iniPlayer\/podcast\/ledito-politique-de-guillaume-tabard-2016-10-10-08-13-47.html<\/p>\n<p>-&#8220;Il appelle le peuple au secours&#8221; (Yves Thr\u00e9ard du &#8220;Figaro&#8221;; vid\u00e9o) : http:\/\/www.europe1.fr\/emissions\/ledito-politique-dyves-threard\/sarkozy-appelle-le-peuple-au-secours-2868757<\/p>\n<p><strong>-Son meeting low-cost au Z\u00e9nith (Yann Barth\u00e8s; vid\u00e9o<\/strong>) : http:\/\/www.tf1.fr\/tmc\/quotidien-avec-yann-barthes\/videos\/meeting-low-cost-de-nicolas-sarkozy.html<\/p>\n<p>-&#8220;Ce qu&#8217;il appelle la bien-pensance, c&#8217;est du droit&#8221;  (Christophe Barbier; vid\u00e9o) : http:\/\/www.bfmtv.com\/mediaplayer\/video\/l-edito-de-christophe-barbier-nicolas-sarkozy-s-en-prend-a-alain-juppe-lors-de-son-grand-meeting-au-zenith-de-paris-874865.html<\/p>\n<p><strong>-&#8220;Le d\u00e9bat est une \u00e9preuve in\u00e9dite pour la droite&#8221; (Nicolas Domenach; vid\u00e9o) : <\/strong> http:\/\/www.rtl.fr\/actu\/societe-faits-divers\/primaire-les-republicains-le-debat-une-epreuve-inedite-pour-la-droite-note-nicolas-domenach-7785202357<\/p>\n<p>-&#8220;Jupp\u00e9\/Sarkozy et l&#8217;Afrique&#8221; (vid\u00e9o) : http:\/\/www.rfi.fr\/video\/20161007-juppe-sarkozy-afrique<\/p>\n<p>-R\u00e9f\u00e9rendum de Nicolas Sarkozy sur les fich\u00e9s S dangereux, &#8220;on n&#8217;interne pas administrativement des gens avant qu&#8217;ils n&#8217;aient commis une infraction&#8221; (Wallerand de Sain-Just, conseiller r\u00e9gional FN d&#8217;Ile-de-France; interrog\u00e9 par Audrey Pulvar; vid\u00e9o) : https:\/\/www.youtube.com\/watch?v=ZsUQuMAd9PI<\/p>\n<p>-Le d\u00e9put\u00e9-maire de Neuilly-sur-Seine (92), Jean-Christophe Fromentin, cr\u00e9e un nouveau mouvement politique; interrog\u00e9 par Olivier Galzi (vid\u00e9o) : http:\/\/www.itele.fr\/chroniques\/invite-galzi-jusqua-minuit\/j-c-fromantin-se-prononce-en-faveur-du-non-cumul-des-mandats-la-politique-doit-rester-un-engagement-et-pas-devenir-une-carriere-171391<\/p>\n<p><strong>-&#8220;Moi Pr\u00e9sident. Pierre est infirmier aux Urgences \u00e0 Toulouse. Avec Herv\u00e9 Pauchon&#8221; (son)<\/strong> : https:\/\/www.franceinter.fr\/emissions\/moi-president\/moi-president-10-octobre-2016<\/p>\n<p><strong>EUROPE-MONDE<\/strong><\/p>\n<p><strong>-&#8220;Nous ne sommes pas d&#8217;accord avec la Russie qui, en bombardant Alep, fait le jeu de Daesh. Au Conseil de s\u00e9curit\u00e9, la Russie est isol\u00e9e. Le Pr\u00e9sident de la R\u00e9publique prendra sa d\u00e9cision sur la venue de Vladimir Poutine. Ce n&#8217;est pas un adversaire mais nous avons un d\u00e9saccord profond&#8221; (Jean-Marc Ayrault, ministre des Affaires \u00e9trang\u00e8res, invit\u00e9 de la matinale de France Inter. Il a r\u00e9pondu aux questions de Patrick Cohen; vid\u00e9o) <\/strong> : http:\/\/www.dailymotion.com\/video\/x4wsu98_jean-marc-ayrault-repond-aux-questions-de-patrick-cohen_news<\/p>\n<p><strong>-Il a r\u00e9pondu aux questions des auditeurs (vid\u00e9o) : <\/strong> http:\/\/www.dailymotion.com\/video\/x4wswzf_jean-marc-ayrault-repond-aux-questions-des-auditeurs-de-france-inter_news<\/p>\n<p><strong>-Dans &#8220;Quotidien&#8221;, l&#8217;\u00e9mission de Yann Barth\u00e8s, Fran\u00e7ois Hollande a brandi la menace de la Cour p\u00e9nale internationale (vid\u00e9o) :<\/strong> http:\/\/www.lci.fr\/politique\/ne-pas-publier-exclu-quotidien-hollande-montre-ses-muscles-face-a-poutin-2006811.html<\/p>\n<p><strong>-L&#8217;interview int\u00e9grale (vid\u00e9o)<\/strong> : http:\/\/www.tf1.fr\/tmc\/quotidien-avec-yann-barthes\/videos\/drame-d-alep-l-interview-de-francois-hollande-integralite-exclu-web.html<\/p>\n<p>-&#8220;La visite de Poutine qu&#8217;il faudrait remettre&#8221; (Bernard Guetta; son) : https:\/\/www.franceinter.fr\/emissions\/geopolitique\/geopolitique-10-octobre-2016<\/p>\n<p>&#8211;<strong>&#8220;Nations-Unies, r\u00e9veillez-vous avant qu&#8217;il ne soit trop tard&#8221; (Jean Ziegler; entretien r\u00e9alis\u00e9 par Jean-Paul Pi\u00e9rot)<\/strong> : http:\/\/www.humanite.fr\/jean-ziegler-nations-unies-reveillez-vous-avant-quil-ne-soit-trop-tard-617310<\/p>\n<p><strong>-Les n\u00e9gociateurs abandonnent l&#8217;id\u00e9e d&#8217;un compromis sur le Trait\u00e9 transatlantique en 2016 (Iana Dreyer) <\/strong> : http:\/\/www.euractiv.fr\/section\/innovation-entreprises\/news\/eu-us-negotiators-officially-drop-aim-of-concluding-ttip-in-2016\/?nl_ref=22272605<\/p>\n<p>-&#8220;La Commission europ\u00e9enne ne parvient pas \u00e0 rassurer sur le CETA&#8221; (Ama Lorenz) : http:\/\/www.euractiv.fr\/section\/l-europe-dans-le-monde\/news\/leaked-ceta-declaration-given-short-shrift\/?nl_ref=22272605<\/p>\n<p>-&#8220;Le num\u00e9rique doit am\u00e9liorer la productivit\u00e9 du secteur agricole&#8221; (Martin Merrild, pr\u00e9sident de l&#8217;Association des agriculteurs europ\u00e9ens; propos recueillis par Sarantis Michalopoulos) : http:\/\/www.euractiv.fr\/section\/agriculture-alimentation\/interview\/copa-chief-all-farmers-should-be-connected-to-the-worldwide-web\/?nl_ref=22272605<\/p>\n<p><strong>-&#8220;Les femmes de la M\u00e9diterran\u00e9e, moteur de d\u00e9veloppement et de stabilit\u00e9&#8221; (Delphine Barione, secr\u00e9taire g\u00e9n\u00e9rale-adjointe de &#8220;L&#8217;Union pour la M\u00e9diterran\u00e9e&#8221;) <\/strong> : http:\/\/www.euractiv.fr\/section\/developpement-durable\/opinion\/les-femmes-de-la-mediterranee-moteur-de-developpement-et-de-stabilite\/?nl_ref=22272605<\/p>\n<p>-Un rapport contre le lobbying dans le Parlement europ\u00e9en \u00e9cart\u00e9 (Yolaine de la Bigne; son) : http:\/\/www.sudradio.fr\/Podcasts\/Quelle-epoque-ethique\/Lobbying-parlement-europeen<\/p>\n<p>-&#8220;La Deutsche Bank sera-t-elle sauv\u00e9e par les grands groupes allemands ?&#8221; (Romaric Godin) : http:\/\/www.latribune.fr\/economie\/union-europeenne\/deutsche-bank-sera-t-elle-sauvee-par-les-grands-groupes-du-dax-605896.html<\/p>\n<p>-Londres r\u00e9trop\u00e9dale sur son projet de liste des travailleurs \u00e9trangers : http:\/\/www.euractiv.fr\/section\/royaume-uni-en-europe\/news\/londres-retropedale-sur-son-projet-de-liste-des-travailleurs-etrangers\/?nl_ref=22272605<\/p>\n<p><strong>-&#8220;Si le PSOE s&#8217;abstient, il y aura un gouvernement de droite en Espagne&#8221; (son) : <\/strong> https:\/\/www.franceinter.fr\/emissions\/meridien-d-europe\/meridien-d-europe-10-octobre-2016<\/p>\n<p><strong>-&#8220;Le d\u00e9ficit d\u00e9mocratique de l&#8217;Afrique centrale&#8221; (Francis Kpatind\u00e9, interrog\u00e9 par Tirthankar Chanda; vid\u00e9o)<\/strong> : http:\/\/www.rfi.fr\/video\/20161007-questions-africaines-le-deficit-democratique-afrique-centrale<\/p>\n<p><strong>-A Johannesburg, manifestation d&#8217;\u00e9tudiants contre les droits d&#8217;inscription (vid\u00e9o)<\/strong> : http:\/\/nr.news-republic.com\/Web\/ArticleWeb.aspx?regionid=2&#038;articleid=74833586<\/p>\n<p>-&#8220;Obama n&#8217;a pas l&#8217;intention de faire grand-chose sur la question syrienne&#8221; (la politologue franco-syrienne Bassma Kodmani; interrog\u00e9e par Eric Delvaux; son) : https:\/\/www.franceinter.fr\/emissions\/l-invite-du-5-7\/l-invite-du-5-7-10-octobre-2016<\/p>\n<p><strong>-En trente ans, le r\u00e9chauffement climatique a doubl\u00e9 les feux de for\u00eats aux Etats-Unis (St\u00e9phane Foucart) :<\/strong> http:\/\/www.lemonde.fr\/climat\/article\/2016\/10\/10\/en-30-ans-le-rechauffement-climatique-a-double-les-feux-de-forets-aux-etats-unis_5011418_1652612.html#xtor=AL-32280270<\/p>\n<p>-&#8220;Trump est pass\u00e9 \u00e0 l&#8217;attaque&#8221; (Gilles Paris; vid\u00e9o) : http:\/\/www.lemonde.fr\/elections-americaines\/article\/2016\/10\/10\/m-trump-passe-a-l-attaque-pour-faire-oublier-ses-deboires_5010772_829254.html<\/p>\n<p>-Sur les e-mails d&#8217;Hillary Clinton, &#8220;vous seriez en prison&#8221; (vid\u00e9o) : http:\/\/www.lemonde.fr\/elections-americaines\/video\/2016\/10\/10\/donald-trump-a-hillary-clinton-vous-seriez-en-prison_5010855_829254.html<\/p>\n<p>-Face \u00e0 face tr\u00e8s tendu (vid\u00e9o) : http:\/\/www.lemonde.fr\/elections-americaines\/video\/2016\/10\/10\/face-a-face-tres-tendu-entre-hillary-clinton-et-donald-trump_5010853_829254.html<\/p>\n<p>-D&#8217;une rare violence (Fr\u00e9d\u00e9ric Autran) : http:\/\/www.liberation.fr\/planete\/2016\/10\/10\/lors-d-un-debat-d-une-rare-violence-trump-essaie-de-stopper-l-hemorragie_1520844<\/p>\n<p>-&#8220;Un r\u00e8glement de comptes&#8221; (Elsa Conesa; vid\u00e9o) : http:\/\/www.lesechos.fr\/monde\/elections-americaines\/0211376066441-le-debat-clinton-trump-tourne-au-reglement-de-comptes-2033822.php#xtor=EPR<\/p>\n<p><strong>-&#8220;Six moments \u00e0 retenir&#8221; (vid\u00e9o) : <\/strong> http:\/\/www.francetvinfo.fr\/monde\/usa\/presidentielle\/donald-trump\/presidentielle-americaine-les-echanges-muscles-du-deuxieme-debat-entre-trump-et-clinton-resumes-en-video_1864973.html#xtor=EPR<\/p>\n<p><strong>-&#8220;Un d\u00e9bat qui est tomb\u00e9 dans le caniveau&#8221; (Jean-Eric Branaa, ma\u00eetre de conf\u00e9rences \u00e0 l&#8217;universit\u00e9 Paris 2; vid\u00e9o) :<\/strong> http:\/\/rmc.bfmtv.com\/mediaplayer\/video\/comment-le-debat-clinton-trump-est-tombe-dans-le-caniveau-874849.html<\/p>\n<p>-&#8220;Du jamais vu !&#8221;, chez Olivier Galzi sur iT\u00e9l\u00e9 (vid\u00e9o) : http:\/\/www.itele.fr\/chroniques\/grand-decryptage-olivier-galzi\/le-grand-decryptage-du-10102016-171389<\/p>\n<p>-&#8220;Un d\u00e9bat frustrant et d\u00e9primant&#8221; (l&#8217;\u00e9crivain am\u00e9ricain Th\u00e9o Hakola qui avait vot\u00e9 Bernie Sanders; vid\u00e9o) : https:\/\/www.youtube.com\/watch?v=1Y3hXfAm-8w<\/p>\n<p><strong>-&#8220;Les Etats Unis, le pays qui arme ses enfants&#8221; (un documentaire de la cha\u00eene LCP; vid\u00e9o) <\/strong> : http:\/\/www.lcp.fr\/emissions\/269749-etats-unis-le-pays-qui-arme-ses-enfants<\/p>\n<p>-A Redmond, dans les coulisses de Microsoft (Romain Gueugneau) : http:\/\/www.lesechos.fr\/idees-debats\/sciences-prospective\/0211353060098-a-redmond-dans-les-coulisses-de-microsoft-2032927.php#xtor=EPR<\/p>\n<p>-La visite guid\u00e9e du campus (diaporama) : http:\/\/www.lesechos.fr\/tech-medias\/diaporamas\/DIAP0510162102_D77BDD-visite-guidee-du-campus-geant-de-microsoft-2032990.php?id_photo=5<\/p>\n<p><strong>-&#8220;Pour Ha\u00efti&#8221; (Edouard Glissant cit\u00e9 par Pierre Carpentier) : <\/strong> https:\/\/blogs.mediapart.fr\/edition\/memoires-du-colonialisme\/article\/091016\/pour-haiti-par-edouard-glissant-traite-du-tout-monde?utm_source=global&#038;utm_medium=social&#038;utm_campaign=SharingApp&#038;xtor=CS3-5<\/p>\n<p>-Samsung contraint de suspendre la production des Galaxy Note 7 (Yann Rousseau) : http:\/\/www.lesechos.fr\/tech-medias\/hightech\/0211376448487-samsung-contraint-de-suspendre-la-production-des-galaxy-note-7-2033826.php#xtor=EPR<\/p>\n<p><strong>-&#8220;Mort aux dealers \u00e0 Manille&#8221; (vid\u00e9o) : <\/strong> http:\/\/www.bfmtv.com\/mediaplayer\/video\/mort-aux-dealers-874189.html<\/p>\n<p>-Des mesures mondiales pour compenser les \u00e9missions du secteur a\u00e9rien qui remettent en cause le syst\u00e8me ETS (Jorge Valero) : http:\/\/www.euractiv.fr\/section\/transport\/news\/global-deal-on-aviation-emissions-puts-eu-scheme-under-pressure\/?nl_ref=22272605<\/p>\n<p><strong>CULTURE-MEDIAS<\/strong><\/p>\n<p><strong>-&#8220;Jean-Luc M\u00e9lenchon face \u00e0 Robespierre&#8221; (invit\u00e9 de la nouvelle \u00e9mission du psychanalyste G\u00e9rard Miller &#8220;Et si c&#8217;\u00e9tait vous ?&#8221;, sur la cha\u00eene &#8220;Toute l&#8217;Histoire&#8221; (vid\u00e9o int\u00e9grale)<\/strong> : https:\/\/www.youtube.com\/watch?v=gxvtYn-GGEY<\/p>\n<p><strong>-&#8220;La France et la pluralit\u00e9s des cultures&#8221; (Fran\u00e7ois Mitterrand \u00e0 la Sorbonne; vid\u00e9o de l&#8217;Ina) :<\/strong> https:\/\/www.ina.fr\/video\/CAB87018991<\/p>\n<p>-&#8220;Les patientes hyst\u00e9riques de Freud et l&#8217;invention de la psychanalyse&#8221; (Oph\u00e9lie Vivier; son) : https:\/\/www.franceinter.fr\/emissions\/n-est-pas-fou-qui-veut\/n-est-pas-fou-qui-veut-07-aout-2016<\/p>\n<p><strong>-&#8220;La crise sociale submerge la crise p\u00e9dagogique&#8221; (Samy Johsua, professeur en sciences de l&#8217;\u00e9ducation; entretien r\u00e9alis\u00e9 par Cl\u00e9mentine Autain) :<\/strong> https:\/\/wp.muchomaas.com\/web\/article\/samy-johsua-la-crise-sociale-submerge-la-crise-pedagogique<\/p>\n<p><strong>-&#8220;La France de 2017, malade imaginaire ?&#8221; (avec l&#8217;historienne Elisabeth Roudinesco, le philosophe Alain Finkielkraut et Alain Duhamel; d\u00e9bat anim\u00e9 par Bruce Toussaint; vid\u00e9o) <\/strong> : http:\/\/www.france5.fr\/emissions\/c-politique\/videos\/la_france_de_2017_malade_imaginaire__09-10-2016_1309015<\/p>\n<p>-La &#8220;th\u00e9orie du contrat&#8221; distingu\u00e9e par le Nobel d&#8217;\u00e9conomie (son et vid\u00e9o) :  http:\/\/www.franceculture.fr\/economie\/la-theorie-du-contrat-distinguee-par-le-nobel-deconomie#xtor=EPR<\/p>\n<p>-Le 9 octobre 1981, &#8220;le jour o\u00f9 on a guillotin\u00e9 la peine de mort&#8221; (Gilles Alexandre; vid\u00e9o) : http:\/\/www.telerama.fr\/idees\/9-octobre-1981-le-jour-ou-on-a-guillotine-la-peine-de-mort,148249.php#xtor=EPR<\/p>\n<p><strong>-&#8220;35 ans d&#8217;abolition en France, le combat continue&#8221; (Robert Badinter re\u00e7u par Guillaume Erner; son) : <\/strong> http:\/\/www.franceculture.fr\/emissions\/linvite-des-matins\/peine-de-mort-35-ans-dabolition-en-france-le-combat-continue#xtor=EPR<\/p>\n<p><strong>-&#8220;Face au terrorisme, non au retour en force de la peine de mort&#8221; (Florence Bellivier, ancienne pr\u00e9sidente de la coalition mondiale contre la peine de mort et Dimitris Christopoulos, pr\u00e9sident de la F\u00e9d\u00e9ration internationale des droits de l&#8217;Homme (FIDH) :<\/strong> http:\/\/www.liberation.fr\/debats\/2016\/10\/10\/face-au-terrorisme-non-au-retour-en-force-de-la-peine-de-mort_1520315?xtor=EPR<\/p>\n<p><strong>-&#8220;Avec Robert Hirsch, on touche \u00e0 la magie absolue du th\u00e9\u00e2tre&#8221; (l&#8217;auteur Florian Zeller; vid\u00e9o) : <\/strong> http:\/\/culturebox.francetvinfo.fr\/scenes\/theatre\/florian-zeller-avec-robert-hirsch-on-touche-a-la-magie-absolue-du-theatre-247117#xtor=EREC<\/p>\n<p>-&#8220;Mon royaume pour une guitare&#8221; de Kidi Bebey; interrog\u00e9e par Yasmine Chouaki (vid\u00e9o) : http:\/\/www.rfi.fr\/video\/20161007-kidi-bebey-evoque-son-livre-son-pere-une-legende<\/p>\n<p>-Dani a \u00e9crit son autobiographie &#8220;La nuit ne dure pas&#8221;. Elle \u00e9tait l&#8217;invit\u00e9e d&#8217;Augustin Trapenard; son) : https:\/\/www.franceinter.fr\/emissions\/boomerang\/boomerang-10-octobre-2016<\/p>\n<p>-Les talents de demain au Festival international du film de Saint-Jean de Luz (Guillemette Odicino) : http:\/\/www.telerama.fr\/cinema\/l-avenir-du-cinema-passera-bien-par-saint-jean-de-luz,148410.php#xtor=EPR  <\/p>\n<p>-Andrzej Wadja, r\u00e9alisateur de &#8220;L&#8217;Homme de marbre&#8221;, &#8220;L&#8217;Homme de fer&#8221;, &#8220;Katyn&#8221;, &#8220;Une fille a parl\u00e9&#8221;, &#8220;Ils aimaient la vie&#8221;, &#8220;Cendres et diamant&#8221;, &#8220;Le bois de bouleaux&#8221;, &#8220;Les Noces&#8221;, &#8220;la Terre de la grande promesse&#8221;, &#8220;Danton&#8221;, &#8220;Les Poss\u00e9d\u00e9s&#8221;, &#8220;Korczac&#8221;,&#8221;L&#8217;Anneau de crin&#8221;, &#8220;La Semaine sainte&#8221;, &#8220;Pan Tadeus, quand Napol\u00e9on traversait le Niemen&#8221;, &#8220;la Vengeance&#8221;, &#8220;Mademoiselle Personne&#8221;, &#8220;L&#8217;Homme du peuple&#8221; et &#8220;Powidoki&#8221; (vid\u00e9os) : http:\/\/culturebox.francetvinfo.fr\/cinema\/deces-d-andrzej-wajda-le-realisateur-de-l-homme-de-marbre-247121#xtor=EREC<\/p>\n<p><strong>-&#8220;Son oeuvre politique et esth\u00e9tique au travers de cinq grands films&#8221; (sons et vid\u00e9os) <\/strong> : http:\/\/www.franceculture.fr\/cinema\/loeuvre-politique-dandrzej-wajda-travers-cinq-grands-films#xtor=EPR-2<\/p>\n<p>-Bain de foule pour Jean-Paul Belmondo \u00e0 Cepoy dans le Loiret, \u00e0 l&#8217;occasion de l&#8217;inauguration d&#8217;une place en hommage au cascadeur R\u00e9my Julienne (Sophie Granel; vid\u00e9o) : http:\/\/culturebox.francetvinfo.fr\/cinema\/evenements\/bain-de-foule-pour-jean-paul-belmondo-a-l-inauguration-d-une-place-remy-julienne-247113#xtor=EREC<\/p>\n<p><strong>-Garder les cin\u00e9mas municipaux (vid\u00e9o)<\/strong> : http:\/\/www.francetvinfo.fr\/culture\/cinema\/cinemas-municipaux-subventionnes-trop-chers-ou-des-lieux-culturels-indispensables_1865871.html<\/p>\n<p><strong>-Apr\u00e8s &#8220;Nancy Jazz&#8221;, le trio Richard Galliano, Paolo Fresu et Jan Lundgren sera Salle Pleyel le 19 novembre prochain (Sophie Granel; vid\u00e9os) : <\/strong> http:\/\/culturebox.francetvinfo.fr\/musique\/jazz-blues\/galliano-fresu-et-lundgren-embarquent-le-public-de-nancy-jazz-pulsations-247109#xtor=EREC<\/p>\n<p><strong>-Paul McCartney joue trois titres en duo avec Neil Young au festival Desert Trip (vid\u00e9os) <\/strong> : http:\/\/culturebox.francetvinfo.fr\/musique\/pop\/paul-mccartney-offre-50-ans-de-retrospective-musicale-au-festival-desert-trip-247123#xtor=EREC<\/p>\n<p>-&#8220;Sarah McCoy, l&#8217;ouragan du blues&#8221; (Anne Berthod; vid\u00e9o) : http:\/\/www.telerama.fr\/sortir\/sarah-mccoy-les-rugissements-d-une-diva-punk,148233.php#xtor=EPR<\/p>\n<p>-&#8220;Le temps de faire un enfant et la chanteuse russo-am\u00e9ricaine Regina Spektor est de retour avec un album de pop&#8221; (Hugo Cassavetti; vid\u00e9os et sons) : http:\/\/www.telerama.fr\/musique\/regina-spektor-mon-fils-de-deux-ans-doit-penser-que-la-vie-n-est-qu-une-grande-comedie-musicale,148356.php#xtor=EPR<\/p>\n<p>-Le retour \u00e9galement du duo su\u00e9dois &#8220;The Radio Dept.&#8221; (Olivier Lamm; son) : http:\/\/next.liberation.fr\/musique\/2016\/10\/10\/le-son-du-jour-25-un-extrait-en-exclu-du-nouvel-album-de-the-radio-dept_1520334?xtor=EPR<\/p>\n<p>-Melingo chante &#8220;En un bosque de la china&#8221; et &#8220;Espiral&#8221; aux &#8220;Musiques du monde&#8221; (vid\u00e9os) :  http:\/\/www.rfi.fr\/video\/20161007-melingo-chante-bosque-china-rfimusicmonde-rfi                 http:\/\/www.rfi.fr\/video\/20161007-melingo-chante-espiral-rfimusicmonde-rfi     <\/p>\n<p>-Avec Alsara, il est interrog\u00e9 par Laurence Aloir (vid\u00e9o) :  http:\/\/www.rfi.fr\/video\/20161007-melingo-alsarah-micro-laurence-aloir-rfimusicmonde-rfi<\/p>\n<p><strong>-Un documentaire consacr\u00e9 \u00e0 Nina Simone (Rebecca Manzoni; vid\u00e9o) :  <\/strong> https:\/\/www.franceinter.fr\/emissions\/pop-co\/pop-co-10-octobre-2016             <\/p>\n<p>-&#8220;Pourquoi je ne peux pas voir Murakami en peinture&#8221; (Olivier Cena) : http:\/\/www.telerama.fr\/sortir\/pourquoi-je-ne-peux-pas-voir-murakami-en-peinture,148376.php#xtor=EPR<\/p>\n<p><strong>-Apr\u00e8s 14 ann\u00e9es de lutte, &#8220;les sans radio de l&#8217;est parisien&#8221; retrouvent enfin leurs ondes <\/strong> : http:\/\/www.sansradio.org\/2016\/10\/les-sans-radio-retrouvent-les-ondes.html<\/p>\n<p><strong>-&#8220;Ambition intime&#8221;, la nouvelle \u00e9mission de Karine Le Marchand sur M6, avec les portraits de Nicolas Sarkozy, Marine Le Pen, Bruno Le Maire et Arnaud Montebourg (vid\u00e9o) :<\/strong> http:\/\/www.6play.fr\/une-ambition-intime-p_6204\/une-ambition-intime-c_11614102<\/p>\n<p><strong>-&#8220;Les politiques doivent-ils \u00e9taler leur intimit\u00e9 \u00e0 la t\u00e9l\u00e9 ?&#8221; (Sonia Devillers qui recevait Isabelle Veyrat Masson et Claude Askolovitch; vid\u00e9o) :<\/strong> http:\/\/www.dailymotion.com\/video\/x4wt9tx_debat-les-politiques-doivent-ils-etaler-leur-intimite-a-la-tele_news<\/p>\n<p>-&#8220;On est dans une d\u00e9rive peopolitique&#8221; (Renaud D\u00e9ly de Marianne; vid\u00e9o) : http:\/\/www.lci.fr\/medias\/ambitions-intimes-sur-m6-sarkozy-marine-le-pen-arnaud-montebourg-bruno-le-maire-on-est-dans-une-derive-peopolitique-2007061.html%3Ftype=content<\/p>\n<p><strong>-&#8220;7\/9 intime&#8221; (Sophia Aram; vid\u00e9o)<\/strong> : http:\/\/www.dailymotion.com\/video\/x4wsxiy_7-9-intime-le-billet-de-sophia-aram_fun<\/p>\n<p>-&#8220;C&#8217;\u00e9tait vachement touchant&#8221; (Daniel Morin; vid\u00e9o) : https:\/\/www.franceinter.fr\/emissions\/le-billet-de-daniel-morin\/le-billet-de-daniel-morin-10-octobre-2016<\/p>\n<p>-&#8220;Les gourous de la com&#8217; sont-ils toujours dans l&#8217;ar\u00e8ne politique&#8221; (Erwan Desplanques et Emilie Gavoille ont recueillis les avis des journalistes Aurore Gorius et Micha\u00ebl Moreau) : http:\/\/television.telerama.fr\/television\/les-gourous-de-la-com-sont-ils-toujours-dans-l-arene-politique,148389.php#xtor=EPR<\/p>\n<p><strong>-&#8220;En 2012, je croyais que la social-d\u00e9mocratie \u00e9tait une solution pour la France&#8221; (Mich\u00e8le Cotta, journaliste et \u00e9crivain; interrog\u00e9e par Dimitri Pavlenko; son) : <\/strong> http:\/\/www.sudradio.fr\/Podcasts\/L-invite-pour-comprendre\/Michele-Cotta-journaliste-et-ecrivain<\/p>\n<p>-&#8220;Le quinquennat a commenc\u00e9 par deux ans rat\u00e9s&#8221; (elle \u00e9tait l&#8217;invit\u00e9e du &#8220;Club de la Presse d&#8217;Europe 1&#8221; (vid\u00e9o et son) : http:\/\/www.europe1.fr\/politique\/michele-cotta-le-quinquennat-a-commence-par-deux-ans-rates-2866414                                                                                                                                                                                                                                                                       http:\/\/www.europe1.fr\/emissions\/le-club-de-la-presse\/europe-soir-le-club-de-la-presse-michele-cotta-et-frederic-lenoir-06102016-2866438<\/p>\n<p>-&#8220;Pas question de changer les programmes de l&#8217;apr\u00e8s-midi de France 2&#8221; (Marc Baudriller; son) : http:\/\/www.radioclassique.fr\/player\/progaction\/iniPlayer\/podcast\/la-vie-des-medias-2016-10-10-07-41-30.html<\/p>\n<p>-Une journaliste de l&#8217;Obs accuse Fran\u00e7ois Hollande d&#8217;avoir provoqu\u00e9 son licenciement (Aude Lancelin, face \u00e0 Jean-Jacques Bourdin; vid\u00e9o) : http:\/\/rmc.bfmtv.com\/mediaplayer\/video\/une-journaliste-de-l-obs-accuse-francois-hollande-d-avoir-provoque-son-licenciement-874867.html<\/p>\n<p><strong>-&#8220;Qui ne saute pas n&#8217;est pas Jupp\u00e9&#8221; (Nicolas Canteloup en pr\u00e9sence de Fran\u00e7ois Fillon; vid\u00e9o) :<\/strong> http:\/\/www.europe1.fr\/emissions\/la-revue-de-presque\/qui-ne-saute-pas-nest-pas-juppe-2868952<\/p>\n<p><strong>-&#8220;Claudine et Jean-Michel, fan de Sarko&#8221; (Charline Vanhoenacker et Guillaume Meurice; vid\u00e9o) <\/strong> : http:\/\/www.dailymotion.com\/video\/x4wsop9_claudine-et-jean-michel-fans-de-sarko-le-billet-de-charline_fun<\/p>\n","protected":false},"excerpt":{"rendered":"<p>ACTUALITE -Les chantiers navals de Saint-Nazaire &#8220;sont une entreprise strat\u00e9gique pour la France. Une nationalisation est coh\u00e9rente&#8221; (Nathalie Durand-Prinborge, d\u00e9l\u00e9gu\u00e9e syndicale FO aux chantiers STX; interrog\u00e9e par Vincent Parizot et Christelle Rebi\u00e8re; son) : http:\/\/www.rtl.fr\/actu\/societe-faits-divers\/chantiers-navals-de-saint-nazaire-une-entreprise-strategique-pour-la-france-7785208672 -&#8220;Le Kazakhstan viendra-t-il au chevet d&#8217;Areva ?&#8221; (Fran\u00e7ois Lenglet; vid\u00e9o) : http:\/\/www.rtl.fr\/actu\/societe-faits-divers\/pourquoi-le-kazakhstan-vient-au-chevet-d-areva-7785201474 -La Conf\u00e9d\u00e9ration g\u00e9n\u00e9rale du Logement a re\u00e7u pr\u00e8s [&hellip;]<\/p>\n","protected":false},"author":1042,"featured_media":0,"comment_status":"open","ping_status":"open","sticky":false,"template":"","format":"standard","meta":{"_themeisle_gutenberg_block_has_review":false,"footnotes":""},"categories":[151],"tags":[],"class_list":["post-9920","post","type-post","status-publish","format-standard","hentry","category-la-revue-de-presse-de-lulu"],"_links":{"self":[{"href":"https:\/\/archives.regards.fr\/index.php?rest_route=\/wp\/v2\/posts\/9920","targetHints":{"allow":["GET"]}}],"collection":[{"href":"https:\/\/archives.regards.fr\/index.php?rest_route=\/wp\/v2\/posts"}],"about":[{"href":"https:\/\/archives.regards.fr\/index.php?rest_route=\/wp\/v2\/types\/post"}],"author":[{"embeddable":true,"href":"https:\/\/archives.regards.fr\/index.php?rest_route=\/wp\/v2\/users\/1042"}],"replies":[{"embeddable":true,"href":"https:\/\/archives.regards.fr\/index.php?rest_route=%2Fwp%2Fv2%2Fcomments&post=9920"}],"version-history":[{"count":0,"href":"https:\/\/archives.regards.fr\/index.php?rest_route=\/wp\/v2\/posts\/9920\/revisions"}],"wp:attachment":[{"href":"https:\/\/archives.regards.fr\/index.php?rest_route=%2Fwp%2Fv2%2Fmedia&parent=9920"}],"wp:term":[{"taxonomy":"category","embeddable":true,"href":"https:\/\/archives.regards.fr\/index.php?rest_route=%2Fwp%2Fv2%2Fcategories&post=9920"},{"taxonomy":"post_tag","embeddable":true,"href":"https:\/\/archives.regards.fr\/index.php?rest_route=%2Fwp%2Fv2%2Ftags&post=9920"}],"curies":[{"name":"wp","href":"https:\/\/api.w.org\/{rel}","templated":true}]}}