{"id":9916,"date":"2016-10-10T07:05:59","date_gmt":"2016-10-10T05:05:59","guid":{"rendered":"https:\/\/wp.muchomaas.com\/article-la-revue-du-10-octobre-2016\/"},"modified":"2016-10-10T07:05:59","modified_gmt":"2016-10-10T05:05:59","slug":"article-la-revue-du-10-octobre-2016","status":"publish","type":"post","link":"https:\/\/archives.regards.fr\/?p=9916","title":{"rendered":"La Revue du 10 octobre 2016"},"content":{"rendered":"<p><strong>ACTUALITE<\/strong><\/p>\n<p>-&#8220;La reprise ? Quelle reprise ?&#8221; (Fabien Piliu) : http:\/\/www.latribune.fr\/economie\/france\/la-reprise-quelle-reprise-605398.html#xtor=EPR-2<\/p>\n<p>-&#8220;Pour les entreprises, l&#8217;accord de Paris sur le climat, c&#8217;est un changement de mod\u00e8le \u00e9conomique&#8221; (Nicole Notat, ancienne secr\u00e9taire nationale de la CFDT, aujourd&#8217;hui \u00e0 la t\u00eate d&#8217;une agence de notation financi\u00e8re; interrog\u00e9e par Alexandra Bensaid; son, amener le curseur sur 36:16) : https:\/\/www.franceinter.fr\/emissions\/on-n-arrete-pas-l-eco\/on-n-arrete-pas-l-eco-08-octobre-2016<\/p>\n<p>-&#8220;On ne reconnaitra pas les banques dans 20 ans&#8221; (Susanne Chishti, ancienne de la Deutsche Bank; propos recueillis par Delphine Cuny) : http:\/\/www.latribune.fr\/entreprises-finance\/banques-finance\/fintech-on-ne-reconnaitra-plus-les-banques-dans-20-ans-605569.html#xtor=EPR<\/p>\n<p><em>-L&#8217;image des banques (BVA) : <\/em> http:\/\/www.bva.fr\/fr\/sondages\/observatoire_2016_de_limage_des_banques.html<\/p>\n<p>-Pr\u00e9l\u00e8vement \u00e0 la source, des auditions au S\u00e9nat \u00e0 dominante sceptique (Capucine Truong; vid\u00e9os) : http:\/\/www.publicsenat.fr\/lcp\/politique\/senat-prelevement-source-l-impot-revenu-fait-pas-des-emules-1511906<\/p>\n<p><strong>-&#8220;Air France peut-elle vraiment faire du low-cost long courrier ?&#8221; (Fabrice Gliszczynski) : <\/strong> http:\/\/www.latribune.fr\/entreprises-finance\/services\/transport-logistique\/air-france-peut-elle-vraiment-faire-du-low-cost-long-courrier-605275.html#xtor=EPR<\/p>\n<p><strong>-&#8220;Le Pasteurdon est une collecte capitale&#8221; (Vincent Enouf de l&#8217;Institut Pasteur; interrog\u00e9 par Wendy Bouchard; son) <\/strong> : http:\/\/www.europe1.fr\/emissions\/linterview-verite-du-week-end\/vincent-enouf-le-pasteurdon-est-une-collecte-capitale-2867494<\/p>\n<p><em>-Les JO \u00e0 Paris en 2024 (CSA) : <\/em> http:\/\/www.csa.eu\/multimedia\/data\/sondages\/data2016\/opi20160929-un-paris-pour-les-j-o.pdf<\/p>\n<p>-Notre-Dame-des-Landes, nous refusons d&#8217;accepter que ce soit &#8220;la chronique d&#8217;une catastrophe annonc\u00e9e&#8221; (&#8220;Humanit\u00e9 et biodiversit\u00e9&#8221;) : http:\/\/www.humanite-biodiversite.fr\/article-asso\/chronique-d-une-catastrophe-annoncee-que-humanite-biodiversite-se-refuse-a-accepter<\/p>\n<p><strong>-De 12 800 \u00e0 40 000 manifestants avec des b\u00e2tons (Simon Gourmellet et Pierre Godon; vid\u00e9o) :<\/strong> http:\/\/www.francetvinfo.fr\/politique\/notre-dame-des-landes\/direct-des-milliers-d-opposants-manifestent-sur-le-site-de-notre-dame-des-landes_1862291.html#xtor=EPR                                                                                                                                                                               http:\/\/www.francetvinfo.fr\/politique\/notre-dame-des-landes\/notre-dame-des-landes-une-opposition-permanente_1863521.html<\/p>\n<p>-&#8220;C&#8217;est un contresens par rapport \u00e0 la COP 21&#8221; (C\u00e9cile Duflot, d\u00e9put\u00e9e \u00e9cologiste de Paris; son) : http:\/\/www.francetvinfo.fr\/politique\/notre-dame-des-landes\/pour-cecile-duflot-l-aeroport-de-notre-dame-des-landes-est-un-contre-sens-par-rapport-a-la-cop21_1862585.html#xtor=EPR<\/p>\n<p><strong>-Louis Matton, un photographe chez &#8220;les zadistes&#8221;, prix de la &#8220;Quinzaine photographique nantaise 2016&#8221;  (St\u00e9phanie Loeb; vid\u00e9o) : <\/strong> http:\/\/culturebox.francetvinfo.fr\/expositions\/photo\/louis-matton-un-photographe-chez-les-zadistes-de-notre-dame-des-landes-247035#xtor=EREC<\/p>\n<p>-&#8220;Pourquoi cette impuissance de l&#8217;Etat ?&#8221; (Eddy Fougier de l&#8217;Iris, politologue sp\u00e9cialiste des mouvements contestataires; invit\u00e9 de David Abiker; son, amener le curseur sur 9:37) : http:\/\/www.europe1.fr\/emissions\/c-est-arrive-cette-semaine\/cest-arrive-cette-semaine-081016-2867593<\/p>\n<p><strong>-&#8220;Un vol de bijoux \u00e0 Paris, \u00e9v\u00e8nement plan\u00e9taire&#8221; (le sociologue Guillaume Erner; son, amener le curseur sur 18:27) <\/strong> : http:\/\/www.europe1.fr\/emissions\/c-est-arrive-cette-semaine\/cest-arrive-cette-semaine-081016-2867593<\/p>\n<p>-Le conseil d&#8217;Etat confirme une assignation \u00e0 r\u00e9sidence d&#8217;un scientifique &#8220;en application du principe de pr\u00e9caution&#8221; (Jean-Baptiste Jacquin) : http:\/\/www.lemonde.fr\/police-justice\/article\/2016\/10\/08\/le-conseil-d-etat-confirme-l-assignation-a-residence-d-un-scientifique-par-principe-de-precaution_5010256_1653578.html<\/p>\n<p>-Des manifestations anti-migrants organis\u00e9es dans plusieurs villes de France : http:\/\/www.lefigaro.fr\/actualite-france\/2016\/10\/08\/01016-20161008ARTFIG00087-des-manifestations-anti-migrants-organisees-dans-plusieurs-villes-de-france.php<\/p>\n<p><strong>-&#8220;Et tant pis si on n&#8217;est pas r\u00e9\u00e9lus&#8221; (la municipalit\u00e9 de Naintr\u00e9, petite commune de la Vienne, qui accueille 25 Soudanais et Afghans depuis quatre mois (Julie Rasplus; vid\u00e9o) :<\/strong> http:\/\/www.francetvinfo.fr\/monde\/europe\/migrants\/cette-commune-de-la-vienne-a-accepte-d-accueillir-des-refugies-et-tant-pis-si-on-n-est-pas-reelus_1857031.html#xtor=EPR<\/p>\n<p>-&#8220;Pr\u00e8s de 11 millions d&#8217;aidants en France&#8221; (Blandine Bricka; son) : https:\/\/www.franceinter.fr\/emissions\/itw-societe-civile\/itw-societe-civile-09-octobre-2016<\/p>\n<p><em>-Les aidants familiaux en France (BVA) : <\/em> http:\/\/www.bva.fr\/fr\/sondages\/les_aidants_familiaux_en_france.html<\/p>\n<p>-Jean-S\u00e9bastien Vialatte, le d\u00e9put\u00e9-maire LR de Six-Four-les-Plages ne veut pas de cours d&#8217;arabe dans sa commune : http:\/\/www.lci.fr\/societe\/le-depute-maire-de-six-fours-les-plages-ne-veut-pas-de-cours-d-arabe-dans-sa-commune-2006748.html<\/p>\n<p>-&#8220;La police surveille 15 000 islamistes&#8221; (St\u00e9phane Joahny) : http:\/\/www.lejdd.fr\/Societe\/Les-chiffres-secrets-de-la-radicalisation-islamique-815668<\/p>\n<p><em>-Dans les fichiers des radicalis\u00e9s (Infographie) : <\/em> http:\/\/www.lejdd.fr\/Societe\/INFOGRAPHIE-Dans-le-fichier-des-radicalises-815632<\/p>\n<p><em>-La carte de France de la radicalisation islamique :<\/em> http:\/\/www.lejdd.fr\/Societe\/La-carte-de-France-de-la-radicalisation-815899<\/p>\n<p><strong>-Dans le bureau de Michel Gueller, juge pour enfants \u00e0 Mulhouse (&#8220;13H15 le samedi&#8221;; vid\u00e9o) : <\/strong> http:\/\/www.francetvinfo.fr\/replay-magazine\/france-2\/13h15\/13h15-du-samedi-8-octobre-2016_1851159.html<\/p>\n<p><strong>POLITIQUE<\/strong><\/p>\n<p><strong>-&#8220;Les autres ne parlent que des candidats, nous, nous allons parler des id\u00e9es, des pr\u00e9occupations des Fran\u00e7ais qui sont d&#8217;abord sociales. Mon opinion personnelle, c&#8217;est que plut\u00f4t que de rajouter une candidature (communiste) \u00e0 celles d\u00e9j\u00e0 annonc\u00e9es, il vaudrait mieux les faire converger en une seule. Fran\u00e7ois Hollande serait le candidat de l&#8217;\u00e9chec assur\u00e9. Le programme de Nicolas Sarkozy m&#8217;inqui\u00e8te beaucoup. Je n&#8217;ai pas \u00e0 choisir entre les candidats de droite&#8221; (Pierre Laurent, interrog\u00e9 par Wendy Bouchard; son) <\/strong> : http:\/\/www.europe1.fr\/emissions\/l-interview-politique-du-week-end\/pierre-laurent-francois-hollande-est-le-candidat-de-lechec-2867518<\/p>\n<p><em>-Les r\u00e9sultats de la consultation citoyenne organis\u00e9e par le PCF (VIAVOICE; document \u00e0 t\u00e9l\u00e9charger) <\/em> : http:\/\/www.pcf.fr\/92357<\/p>\n<p>-&#8220;Ce que demande le peuple&#8221; (vid\u00e9o) : http:\/\/www.pcf.fr\/86320<\/p>\n<p><em>-L&#8217;\u00e9tat d&#8217;esprit et les comportements des lyc\u00e9ens et \u00e9tudiants (IFOP) : <\/em> http:\/\/www.ifop.com\/?option=com_publication&#038;type=poll&#038;id=3511<\/p>\n<p><strong>-&#8220;Les bases de l&#8217;unit\u00e9 existent depuis longtemps&#8221; (Roger Martelli) : <\/strong> https:\/\/wp.muchomaas.com\/qui-veut-la-peau-de-roger-martelli\/article\/les-bases-de-l-unite-existent-depuis-longtemps<\/p>\n<p>-&#8220;Le PCF part en campagne&#8230;sans candidat&#8221; (Martine Chevalet) : http:\/\/www.leparisien.fr\/politique\/le-pcf-part-en-campagne-sans-candidat-08-10-2016-6184959.php#xtor=AD-32280599<\/p>\n<p>-&#8220;A d\u00e9faut de candidat pour 2017, le PCF \u00e9labore son programme&#8221; (Rapha\u00eblle Besse Desmouli\u00e8res) : http:\/\/www.lemonde.fr\/election-presidentielle-2017\/article\/2016\/10\/08\/a-defaut-de-candidat-pour-2017-le-pcf-elabore-son-programme_5010352_4854003.html<\/p>\n<p>-&#8220;Et le temps passait&#8230;&#8221; (Francis Parny) : https:\/\/blogs.mediapart.fr\/francis-parny\/blog\/071016\/et-le-temps-passait<\/p>\n<p><strong>-&#8220;Folie pr\u00e9sidentielle&#8221; (Luc Bentz; vid\u00e9os) <\/strong> : http:\/\/blogs.lexpress.fr\/etudiant-sur-le-tard\/folie-presidentielle\/<\/p>\n<p><strong>-&#8220;Nous ne changerons pas la soci\u00e9t\u00e9 avec des m\u00e9thodes insurrectionnelles&#8221; (Jean-Luc M\u00e9lenchon dans la nouvelle \u00e9mission du psychanalyste G\u00e9rard Miller sur la cha\u00eene &#8220;Toute l&#8217;Histoire&#8221;; vid\u00e9o) : <\/strong> http:\/\/www.lemonde.fr\/videos\/video\/2016\/10\/07\/jean-luc-melenchon-nous-ne-changerons-pas-la-societe-avec-des-methodes-insurrectionnelles_5010111_1669088.html<\/p>\n<p><strong>-Ce qu&#8217;il propose (il \u00e9tait l&#8217;invit\u00e9 du &#8220;Grand Jury-RTL&#8221; (vid\u00e9o) : <\/strong> http:\/\/www.dailymotion.com\/video\/x4wqnk9_jean-luc-melenchon-invite-a-le-grand-jury-sur-lci-le-09-10-2016_tv<\/p>\n<p>-L&#8217;eurod\u00e9put\u00e9e Mich\u00e8le Rivasi, &#8220;candidate de l&#8217;authenticit\u00e9&#8221; dans la primaire des \u00e9cologistes (interrog\u00e9e par Pierre Weill; son) : https:\/\/www.franceinter.fr\/emissions\/l-interview-politique\/l-interview-politique-08-octobre-2016<\/p>\n<p>-&#8220;Il y a une petite partie de la jeunesse qui a perdu la t\u00eate. Ce que propose Nicolas Sarkozy, c&#8217;est un Guantanamo \u00e0 la fran\u00e7aise. La SNCF doit d\u00e9fendre les int\u00e9r\u00eats d&#8217;Alstom. Il faut un Etat fort et protecteur. Nous devons d\u00e9fendre le patriotisme \u00e9conomique &#8221;  (Arnaud Montebourg; interrog\u00e9 par Francis Letellier dans &#8220;Dimanche en Politique&#8221;; vid\u00e9o) : http:\/\/pluzz.francetv.fr\/videos\/dimanche_en_politique.html<\/p>\n<p><strong>-&#8220;Dans la lutte contre le terrorisme, notre arsenal p\u00e9nal est complet&#8221; (Fran\u00e7ois Hollande devant le congr\u00e8s de l&#8217;Union syndicale des magistrats, \u00e0 Dijon; vid\u00e9o) : <\/strong> http:\/\/www.elysee.fr\/videos\/discours-lors-du-congres-de-l-union-syndicale-des-magistrats\/#content<\/p>\n<p><strong>-&#8220;Que feraient les maires des noms des personnes fich\u00e9es S dans leur ville ? Apr\u00e8s avoir gouvern\u00e9 cinq ans, Fran\u00e7ois Hollande ne peux pas dire : &#8220;je pars, j&#8217;ai piscine&#8221; (le ministre de la Justice Jean-Jacques Urvoas; invit\u00e9 du &#8220;Grand Rendez-vous d&#8217;Europe 1; vid\u00e9o)<\/strong> : http:\/\/www.itele.fr\/magazines\/grand-rendez-vous-politique-darmon\/le-grand-rendez-vous-partie-1-du-09102016-171348<\/p>\n<p><strong>-&#8220;Lui, pr\u00e9sident. Comment Fran\u00e7ois Hollande a d\u00e9\u00e7u la gauche&#8221;  (Un r\u00e9cit de Cl\u00e9ment Parrot; vid\u00e9os) <\/strong> : http:\/\/www.francetvinfo.fr\/politique\/francois-hollande\/lui-president-comment-francois-hollande-a-decu-la-gauche_1834619.html#xtor=EPR<\/p>\n<p>-&#8220;Une victoire de Jupp\u00e9 \u00e0 la primaire entra\u00eenerait celle de Le Pen aux l\u00e9gislatives&#8221; (Jean-Christophe Cambad\u00e9lis. Phrase qui pourrait bien inciter les \u00e9lecteurs du FN \u00e0 voter&#8230;Jupp\u00e9 \u00e0 la primaire de la droite et du centre !) : http:\/\/www.lepoint.fr\/presidentielle\/les-oracles-de-jean-christophe-cambadelis-08-10-2016-2074501_3121.php?M_BT<\/p>\n<p>-&#8220;J&#8217;ai besoin de savoir si j&#8217;ai des fichiers S dans les \u00e9tablissements scolaires ou parmi mes collaborateurs&#8221; (Herv\u00e9 Morin, pr\u00e9sident UDI de la r\u00e9gion Normandie; interrog\u00e9 par Louis Morin; son) : http:\/\/www.sudradio.fr\/Podcasts\/Le-Brunch-Politique\/Herve-Morin<\/p>\n<p>-&#8220;J&#8217;observe qu&#8217;en 2007, lorsqu&#8217;il \u00e9tait candidat \u00e0 l&#8217;\u00e9lection pr\u00e9sidentielle, Nicolas Sarkozy avait tr\u00e8s fortement pris position contre l&#8217;id\u00e9e d&#8217;organiser des r\u00e9f\u00e9rendums apr\u00e8s son \u00e9lection. A Notre-Dame-des-Landes, j&#8217;esp\u00e8re qu&#8217;on pourra engager les travaux avant mai ou juin 2017. Si la primaire se d\u00e9roule dans de bonnes conditions, Alain Jupp\u00e9 soutiendra le gagnant&#8221; (Edouard Philippe, d\u00e9put\u00e9 LR de Seine-Maritime; interrog\u00e9 par Ya\u00ebl Goosz; son et vid\u00e9os) : http:\/\/www.francetvinfo.fr\/replay-radio\/8h30-politique\/edouard-philippe-les-republicains-pointe-du-doigt-l-inconstance-de-nicolassarkozy_1851519.html<\/p>\n<p>-Il \u00e9tait l&#8217;invit\u00e9 de &#8220;Bureau Politique&#8221; sur LCI (vid\u00e9o) :<br \/>\nhttp:\/\/www.lci.fr\/replay\/replay-bureau-politique-du-8-octobre-2016-avec-edouard-philippe-porte-parole-d-alain-juppe-2006767.html%3Ftype=content<\/p>\n<p>-&#8220;L&#8217;impossible r\u00e9f\u00e9rendum ?&#8221; (Emmanuel Berreta) : http:\/\/www.lepoint.fr\/politique\/emmanuel-berretta\/sarkozy-l-impossible-referendum-08-10-2016-2074488_1897.php?M_BT<\/p>\n<p>-&#8220;Je dis aux Fran\u00e7ais, c&#8217;est le moment&#8221; (Bruno Le Maire, d\u00e9put\u00e9 LR de l&#8217;Eure; propos recueillis par Anna Cabana et Christine Olivier) : http:\/\/www.lejdd.fr\/Politique\/Bruno-Le-Maire-Je-dis-aux-Francais-c-est-le-moment-815821<\/p>\n<p><strong>-&#8220;Je suis in\u00e9branlable&#8221; (Nicolas Sarkozy dans le JDD; propos recueillis par Anna Cabana) :<\/strong>http:\/\/www.lejdd.fr\/Politique\/Primaire-de-la-droite-Sarkozy-veut-encore-y-croire-815794<\/p>\n<p>-&#8220;Porte-parole des incompris contre les \u00e9lites&#8221; (au Z\u00e9nith de Paris; vid\u00e9o) : http:\/\/www.lci.fr\/elections\/au-zenith-un-nicolas-sarkozy-anti-bobos-qui-se-presente-en-porte-parole-des-incompris-2006849.html<\/p>\n<p>-&#8220;Il cherche un second souffle. Il va en faire des tonnes pour qu&#8217;Alain Jupp\u00e9 apparaisse au centre, voire \u00e0 gauche&#8221; (Herv\u00e9 Gattegno, directeur du JDD; son) : http:\/\/www.europe1.fr\/emissions\/ledito-du-jdd\/nicolas-sarkozy-peut-il-encore-rebondir-2868100<\/p>\n<p>-&#8220;On a vu ce que c&#8217;\u00e9tait un pr\u00e9sident stagiaire. On n&#8217;a plus envie de cela. Je n&#8217;ai pas d&#8217;adversaire dans cette primaire, j&#8217;ai une pr\u00e9f\u00e9rence, Nicolas Sarkozy&#8221; (Eric Woerth, d\u00e9put\u00e9 LR de l&#8217;Oise; invit\u00e9 de &#8220;On n&#8217;est pas couch\u00e9&#8221;; vid\u00e9o) : http:\/\/www.france2.fr\/emissions\/on-n-est-pas-couche\/videos\/eric_woerth_-_on_nest_pas_couche_8_octobre_2016_onpc_08-10-2016_1308755?onglet=tous&#038;page=1<\/p>\n<p>-Vif \u00e9change avec Yann Moix sur l&#8217;affaire Tapie (vid\u00e9o) : http:\/\/www.france2.fr\/emissions\/on-n-est-pas-couche\/videos\/vif_echange_entre_yann_moix_et_eric_woerth_sur_laffaire_tapie_onpc_08-10-2016_1308745?onglet=tous&#038;page=1<\/p>\n<p>-Attaque de policiers, &#8220;c&#8217;est le symbole du d\u00e9sarmement p\u00e9nal de notre pays. Ceux qui sont dans la d\u00e9linquance ou l&#8217;activit\u00e9 terroriste ne doivent pas toucher les allocations sociales. Nicolas Sarkozy a compris de ses erreurs&#8221; (G\u00e9rald Darmanin, coordinateur de la campagne de Nicolas Sarkozy; invit\u00e9 de &#8220;BFM Politique&#8221;; vid\u00e9os) : http:\/\/www.bfmtv.com\/mediaplayer\/video\/policiers-attaques-aux-cocktails-molotov-c-est-le-symbole-de-desarmement-penal-de-notre-pays-gerald-darmanin-874759.html                                                                                                                                http:\/\/www.bfmtv.com\/mediaplayer\/video\/questions-d-eco-ceux-qui-sont-dans-la-delinquance-ou-dans-l-activite-terroriste-ne-doivent-pas-toucher-les-allocations-sociales-gerald-darmanin-874763.html                                                                                                                                                                                                                                                                                                         http:\/\/www.bfmtv.com\/mediaplayer\/video\/gerald-darmanin-face-aux-francais-nicolas-sarkozy-a-compris-de-ses-erreurs-gerald-darmanin-874761.html<\/p>\n<p>-(Jean-Fran\u00e7ois Cop\u00e9, interrog\u00e9 par Laurence Ferrari dans &#8220;Punchline&#8221; sur C8; vid\u00e9o) : http:\/\/replay.c8.fr\/video\/1419412<\/p>\n<p>-&#8220;Si on fait moins que la gauche, le candidat qui sortira de la primaire sera moins l\u00e9gitime&#8221; (NKM, d\u00e9put\u00e9e LR de l&#8217;Essonne, interrog\u00e9e par Nicolas Demorand dans &#8220;Questions politiques&#8221; sur France Inter; vid\u00e9os) : https:\/\/www.franceinter.fr\/emissions\/questions-politiques\/questions-politiques-09-octobre-2016<\/p>\n<p>-&#8220;Je suis la candidate des \u00e9lecteurs centristes qui ne sont pas d&#8217;accord pour soutenir un candidat des R\u00e9publicains . La primaire de droite avec des \u00e9lecteurs de gauche, c&#8217;est une arnaque&#8221; (Rama Yade, invit\u00e9e de &#8220;Dimanche politique en r\u00e9gion&#8221;; vid\u00e9o) :  http:\/\/pluzz.francetv.fr\/videos\/dimanche_en_politique_paris_ile_de_france_,146664718.html<\/p>\n<p><em>-Les intentions de vote \u00e0 la primaire de la droite (ODOXA) : <\/em> http:\/\/www.odoxa.fr\/primaire-sarkozy-est-le-plus-visible-mais-juppe-est-plus-que-jamais-le-favori\/<\/p>\n<p><em>-Le m\u00eame (HARRIS) :<\/em> http:\/\/harris-interactive.fr\/opinion_polls\/intentions-de-vote-a-la-primaire-de-la-droite-et-du-centre\/<\/p>\n<p><em>-Sondage pour &#8220;L&#8217;\u00e9mission politique&#8221; avec Alain Jupp\u00e9 (HARRIS) : <\/em> http:\/\/harris-interactive.fr\/opinion_polls\/lemission-politique-invite-alain-juppe\/<\/p>\n<p>-&#8220;Les blessures de Jean-Fran\u00e7ois Cop\u00e9&#8221;, d\u00e9put\u00e9 LR de Seine-et-Marne; invit\u00e9 de &#8220;D\u00e9shabillons-le&#8221; (vid\u00e9o) : http:\/\/replay.publicsenat.fr\/vod\/deshabillons-less\/les-blessures-de-cope\/jean-francois-cope,denis-bertrand,bruno-jeudy,frederic-dumoulin\/217340<\/p>\n<p>-&#8220;Je n&#8217;ai jamais cherch\u00e9 \u00e0 pi\u00e9ger personne. Bassesse, outrance, calomnie, trahison, ces quatre qualificatifs s&#8217;appliquent parfaitement \u00e0 Nicolas Sarkozy.  Dire que les djihadistes sont des fous ne nous permet pas de comprendre ce qui se passe&#8221; (Patrick Buisson, invit\u00e9 de &#8220;BFM Politique&#8221;; vid\u00e9os) :  http:\/\/www.bfmtv.com\/mediaplayer\/video\/nicolas-sarkozy-je-n-ai-jamais-cherche-a-pieger-personne-patrick-buisson-12-874749.html                                                                                                                                                                                                                                                                http:\/\/www.bfmtv.com\/mediaplayer\/video\/politiques-au-quotidien-bassesse-outrance-calomnie-trahison-ces-quatre-qualificatifs-s-appliquent-parfaitement-a-nicolas-sarkozy-patrick-buisson-874751.html                                                                                                                                                                                                                                                                                                        http:\/\/www.bfmtv.com\/mediaplayer\/video\/dire-que-les-djihadistes-sont-des-fous-ne-nous-permet-pas-de-comprendre-ce-qui-se-passe-patrick-buisson-22-874753.html<\/p>\n<p>-Dans le canton d&#8217;Orange, la Ligue du Sud remporte le duel d&#8217;extr\u00eame-droite : http:\/\/www.lemonde.fr\/politique\/article\/2016\/10\/09\/departementales-partielles-a-orange-la-ligue-du-sud-remporte-le-duel-d-extreme-droite-face-au-fn_5010737_823448.html#xtor=AL-32280270<\/p>\n<p><strong>EUROPE-MONDE<\/strong><\/p>\n<p>-Le pr\u00e9sident du Parlement europ\u00e9en Martin Schulz exprime son impatience par rapport \u00e0 la mise en oeuvre du Brexit (interrog\u00e9 par Nora Hamadi; Lucile Devillers vid\u00e9o) : http:\/\/www.publicsenat.fr\/lcp\/politique\/brexit-limpatience-martin-schulz-1510904<\/p>\n<p>-L&#8217;interview int\u00e9grale (vid\u00e9o, amener le curseur sur 3:06) : http:\/\/replay.publicsenat.fr\/vod\/europe-hebdo\/217759<\/p>\n<p>-&#8220;Il faut \u00eatre intransigeant sur la question du Brexit&#8221; (le pr\u00e9sident de la Commission europ\u00e9enne Jean-Claude Juncker; vid\u00e9o) : http:\/\/www.lemonde.fr\/referendum-sur-le-brexit\/video\/2016\/10\/07\/il-faut-etre-intransigeant-sur-la-question-du-brexit-selon-jean-claude-juncker_5010180_4872498.html<\/p>\n<p><strong>-&#8220;Le trait\u00e9 de libre-\u00e9change avec le Canada, pr\u00e9figuration du transatlantique&#8221; (Patrick Le Hyaric) :<\/strong> http:\/\/patrick-le-hyaric.fr\/traite-libre-echange-canada\/<\/p>\n<p>-&#8220;Faut-il d\u00e9manteler l&#8217;Union europ\u00e9enne ?&#8221; (Jacques Sapir, interrog\u00e9 par Jacques Nikonoff; vid\u00e9o) :  http:\/\/www.pardem.org\/union-europeenne\/la-coordination-europeenne-anti-euro\/chianciano-terme-italie-sept-2016\/468-nikonoff-interviewe-sapir<\/p>\n<p>-&#8220;Des \u00e9lections l\u00e9gislatives cruciales en G\u00e9orgie&#8221; (Estelle Patt\u00e9e) : http:\/\/www.liberation.fr\/planete\/2016\/10\/07\/quels-sont-les-enjeux-des-elections-legislatives-en-georgie_1519773?xtor=EPR<\/p>\n<p>-L&#8217;opposition d\u00e9nonce des fraudes : http:\/\/www.lemonde.fr\/international\/article\/2016\/10\/09\/en-georgie-l-opposition-denonce-des-fraudes-lors-des-elections-legislatives_5010588_3210.html<\/p>\n<p>-La d\u00e9fense des minorit\u00e9s en Turquie (la sociologue Pinar Selek et Janset Kalan de l&#8217;association de d\u00e9fense des droits des trans; son, amener le curseur sur 00:37:20) : http:\/\/www.franceculture.fr\/emissions\/culturesmonde\/minorites-etats-des-lieux-24-discrimine-e-s-sorganiser-pour-mieux-lutter#<\/p>\n<p>-&#8220;Le g\u00e9nocide des Yazidis perp\u00e9tr\u00e9 par Daesh&#8221; (le p\u00e8re Patrick Desbois, interrog\u00e9 par Jean-Pierre Elkabbach; Vincent Marcel; vid\u00e9o) : http:\/\/www.publicsenat.fr\/lcp\/politique\/genocide-des-yazidis-daesh-peut-plus-attendre-1504736<\/p>\n<p><strong>-Dans les rues d\u00e9vast\u00e9es d&#8217;Alep (vid\u00e9o)<\/strong> : http:\/\/www.francetvinfo.fr\/monde\/revolte-en-syrie\/document-france-2-syrie-dans-les-rues-devastees-d-alep-ouest_1864081.html#xtor=EPR<\/p>\n<p>-Bachar Al-Assad accuse les m\u00e9dias occidentaux de manipuler les images de la guerre en Syrie (vid\u00e9o) : http:\/\/www.francetvinfo.fr\/monde\/revolte-en-syrie\/video-bachar-al-assad-accuse-les-medias-etrangers-de-manipuler-les-images-de-la-guerre-en-syrie_1859349.html#xtor=EPR<\/p>\n<p>-Au Maroc, apr\u00e8s cinq ans au pouvoir, les islamistes remportent les \u00e9lections l\u00e9gislatives (Youssef Ait Akdim; vid\u00e9o) : http:\/\/www.lemonde.fr\/afrique\/article\/2016\/10\/07\/elections-au-maroc-participation-limitee-les-islamistes-denoncent-des-tentatives-de-fraudes_5010240_3212.html<\/p>\n<p>-Des bombardements meurtriers au Yemen (vid\u00e9o) : http:\/\/www.francetvinfo.fr\/monde\/proche-orient\/yemen\/yemen-raids-aeriens-meurtriers_1863887.html<\/p>\n<p><strong>-Aux Etats-Unis, depuis le d\u00e9but de l&#8217;ann\u00e9e 2016, 171 hommes noirs ont perdu la vie, victimes de violences polici\u00e8res. Quelles luttes ?&#8221;  (Audrey C\u00e9lestine, politiste \u00e0 l&#8217;universit\u00e9 Lille 3; Julien Talpin du CNRS; entretien r\u00e9alis\u00e9 par Florian Delorme; son) <\/strong> : http:\/\/www.franceculture.fr\/emissions\/culturesmonde\/minorites-etats-des-lieux-24-discrimine-e-s-sorganiser-pour-mieux-lutter#<\/p>\n<p>-&#8220;Les jeunes y travaillent plus que leurs a\u00een\u00e9s au m\u00eame \u00e2ge&#8230;et gagnent moins&#8221; : http:\/\/www.latribune.fr\/economie\/international\/etats-unis-les-jeunes-travaillent-plus-que-leurs-aines-au-meme-age-et-gagnent-moins-605672.html#xtor=EPR<\/p>\n<p>-&#8220;Bachar al-Assad, ses alli\u00e9s russes  et iraniens sont les ma\u00eetre du jeux. Obama\/Poutine, le retour de la guerre froide ?&#8221; (le g\u00e9opolitologue Dominique Mo\u00efsi, interrog\u00e9 par David Abiker; son, amener le curseur sur 1:05) : http:\/\/www.europe1.fr\/emissions\/c-est-arrive-cette-semaine\/cest-arrive-cette-semaine-081016-2867593<\/p>\n<p>-&#8220;Donald Trump dans la tourmente apr\u00e8s la r\u00e9v\u00e9lation de propos obsc\u00e8nes tenus en 2005&#8221; (vid\u00e9o) : http:\/\/www.francetvinfo.fr\/monde\/usa\/presidentielle\/donald-trump-dans-la-tourmente-apres-la-revelation-d-anciens-propos-machistes_1862149.html#<\/p>\n<p><strong>-Il est &#8220;un chien, un porc, un abruti&#8221; (Robert De Niro; vid\u00e9o) : <\/strong> http:\/\/www.francetvinfo.fr\/monde\/usa\/presidentielle\/donald-trump\/video-donald-trump-est-un-chien-un-porc-un-abruti-selon-robert-de-niro_1862483.html#xtor=EPR<\/p>\n<p><strong>-&#8220;On a un candidat tar\u00e9&#8221; (l&#8217;\u00e9crivain Douglas Kennedy; interrog\u00e9 par Audrey Crespo-Mara; vid\u00e9o) :<\/strong> http:\/\/www.lci.fr\/replay\/replay-l-invite-politique-du-7-octobre-2016-douglas-kennedy-2006519.html<\/p>\n<p><strong>-&#8220;Le messie de l&#8217;Am\u00e9rique d\u00e9sesp\u00e9r\u00e9e&#8221; (un reportage de Fr\u00e9d\u00e9ric Autran) : <\/strong> http:\/\/www.liberation.fr\/planete\/2016\/10\/07\/trump-le-messie-de-l-amerique-desesperee_1520508?xtor=EPR<\/p>\n<p><strong>-&#8220;Cela fait des mois que sa chute est pr\u00e9dite sans se produire. Sa base \u00e9lectorale ne changera pas d&#8217;avis&#8221; (Laurence Nardon de l&#8217;Ifri; interrog\u00e9e par Pierre Weill; son et une vid\u00e9o sur les principaux moments du premier face \u00e0 face t\u00e9l\u00e9vis\u00e9) :<\/strong> https:\/\/www.franceinter.fr\/emissions\/l-interview-politique\/l-interview-politique-09-octobre-2016<\/p>\n<p>-&#8220;La peur au fond des urnes&#8221; (un reportage de Claude Guibal et Nicolas Mathias; son) : https:\/\/www.franceinter.fr\/emissions\/interception\/interception-09-octobre-2016<\/p>\n<p>-&#8220;En  savoir plus sur l&#8217;\u00e9lection&#8221; (Mathieu Delhinger) : http:\/\/www.francetvinfo.fr\/monde\/usa\/presidentielle\/l-article-a-lire-pour-tout-comprendre-de-la-presidentielle-americaine_1857263.html<\/p>\n<p>-&#8220;Mes ravisseurs aussi m\u00e9ritaient le prix Nobel&#8221; (Ingrid Bettencour, ex-otage des Farc; son) : ttps:\/\/www.youtube.com\/watch?v=ki5nj5O9IFw<\/p>\n<p>-&#8220;M\u00eame si cet accord est imparfait, il est le bout du chemin&#8221; (son ex-mari; son) : https:\/\/www.youtube.com\/watch?v=JiHLSZZgKus<\/p>\n<p>-Un Nobel qui pourrait contribuer \u00e0 relancer le processus de paix (Michel Taille) : http:\/\/www.liberation.fr\/planete\/2016\/10\/07\/avec-le-nobel-de-la-paix-santos-en-position-de-farc_1520496?xtor=EPR-450206&#038;utm_source=newsletter&#038;utm_medium=email&#038;utm_campaign=quot<\/p>\n<p><strong>-Apr\u00e8s l&#8217;ouragan, Ha\u00efti, un pays d\u00e9truit (vid\u00e9o) : <\/strong> http:\/\/www.francetvinfo.fr\/meteo\/cyclone-ouragan\/ouragan-matthew\/haiti-le-pays-detruit-apres-l-ouragan-matthew_1863513.html<\/p>\n<p>-Des images a\u00e9riennes (vid\u00e9o) : http:\/\/nr.news-republic.com\/Web\/ArticleWeb.aspx?regionid=2&#038;articleid=74748849<\/p>\n<p>-Vers la fin de l&#8217;impunit\u00e9 des crimes d&#8217;honneur au Pakistan (Laurence Defranoux) : http:\/\/www.liberation.fr\/planete\/2016\/10\/07\/crimes-d-honneur-vers-la-fin-de-l-impunite-au-pakistan_1520476?xtor=EPR<\/p>\n<p>-La Russie met son veto \u00e0 la proposition de r\u00e9solution fran\u00e7aise pour un cessez-le-feu \u00e0 Alep. La Chine et l&#8217;Angola se sont abstenus : http:\/\/www.francetvinfo.fr\/monde\/revolte-en-syrie\/onu-la-russie-met-son-veto-a-la-proposition-de-la-france-pour-un-cessez-le-feu-a-alep_1862801.html<\/p>\n<p>-Au Conseil de s\u00e9curit\u00e9 (vid\u00e9o) : http:\/\/nr.news-republic.com\/Web\/ArticleWeb.aspx?regionid=2&#038;articleid=74741865<\/p>\n<p><strong>CULTURE-MEDIAS<\/strong><\/p>\n<p><strong>-&#8220;Se d\u00e9barrasser du capitalisme est une question de survie&#8221; (l&#8217;anthropologue Paul Jorion; propos recueillis par Anthony Laurent) : <\/strong> http:\/\/www.pauljorion.com\/blog\/2016\/10\/08\/sciences-critiques-paul-jorion-se-debarrasser-du-capitalisme-est-une-question-de-survie-le-7-octobre-2016\/?nbsp;Se_d%C3%A9barrasser_du_capitalisme_est_une_question_de_survie_%C2%BB,_le_7_octobre_2016<\/p>\n<p><strong>-&#8220;France, qu&#8217;as-tu fait de ta nation ?&#8221; (le g\u00e9opolitologue Fr\u00e9d\u00e9ric Encel et le g\u00e9ographe Yves Lacoste; re\u00e7us par Olivia Gesbert; son) : <\/strong> http:\/\/www.franceculture.fr\/emissions\/la-grande-table-2eme-partie\/france-quas-tu-fait-de-ta-nation<\/p>\n<p>-&#8220;Cette nouvelle bourgeoisie est dans une logique de laisser \u00e0 l&#8217;\u00e9cart tous les autres territoires&#8221; (le g\u00e9ographe Christophe Guiully; vid\u00e9o) : http:\/\/www.itele.fr\/france\/video\/cette-nouvelle-bourgeoisie-est-dans-une-logique-de-laisser-a-lecart-tous-les-autres-territoires-171330<\/p>\n<p>-Jack London rejoint la Pl\u00e9iade : http:\/\/culturebox.francetvinfo.fr\/livres\/romans\/jack-london-rejoint-la-pleiade-247085#xtor=EREC<\/p>\n<p><strong>-Monsieur cin\u00e9ma est mort (Annie Yamb\u00e9kian; vid\u00e9os) : <\/strong> http:\/\/culturebox.francetvinfo.fr\/tendances\/tele\/la-mort-de-pierre-tchernia-geant-de-la-television-francaise-247087<\/p>\n<p><strong>-Le r\u00e9\u00e9couter au micro de Mina et Andr\u00e9 Guillois en 1972 (son) : <\/strong> http:\/\/www.franceculture.fr\/emissions\/les-nuits-de-france-culture\/les-sentiers-de-lhumour-pierre-tchernia-1ere-diffusion#<\/p>\n<p>-La disparition du cin\u00e9aste polonais  Andrzej Wajda :                      http:\/\/www.lefigaro.fr\/cinema\/2016\/10\/10\/03002-20161010ARTFIG00011-le-cineaste-polonais-andrzej-wajda-est-mort.php<\/p>\n<p>-&#8220;L&#8217;Histoire naturelle&#8221; du r\u00e9alisateur argentin Luis Penzo, Oscar du film \u00e9tranger en 1986,  ressort en salles (Laurent Delmas; son et vid\u00e9o) : https:\/\/www.franceinter.fr\/emissions\/la-prescription-cinema-de-laurent-delmas\/la-prescription-cinema-de-laurent-delmas-08-octobre-2016<\/p>\n<p>-Avec Christine Masson, ils ont re\u00e7u C\u00e9line Sciamma, sc\u00e9nariste du film d&#8217;animation de Claude Barras &#8220;Ma vie de courgette&#8221; et Karim Dridi r\u00e9alisateur de &#8220;Chouf&#8221; (son) : https:\/\/www.franceinter.fr\/emissions\/on-aura-tout-vu\/on-aura-tout-vu-08-octobre-2016<\/p>\n<p>-Le prix Lumi\u00e8re attribu\u00e9 \u00e0 Lyon \u00e0 Catherine Deneuve. La 8e \u00e9dition du festival se d\u00e9roule jusqu&#8217;au 16 octobre (Geoffrey Priol; vid\u00e9os) :   http:\/\/culturebox.francetvinfo.fr\/cinema\/evenements\/festival-lumiere-catherine-deneuve-recompensee-du-prix-lumiere-a-lyon-241591                                                                                                                                                             http:\/\/culturebox.francetvinfo.fr\/cinema\/evenements\/catherine-deneuve-en-haut-de-l-affiche-du-festival-lumiere-247041#xtor=EREC<\/p>\n<p>-Quentin Tarantino est revenu \u00e0 Lyon (Jean-Fran\u00e7ois Lixon; vid\u00e9o) : http:\/\/culturebox.francetvinfo.fr\/cinema\/evenements\/quentin-tarantino-revient-a-lyon-pour-l-ouverture-de-lumiere-2016-246959<\/p>\n<p><strong>-Nicole Garcia, invit\u00e9e de &#8220;On n&#8217;est pas couch\u00e9&#8221;, \u00e0 l&#8217;occasion de la sortie du film &#8220;Mal de Pierres&#8221; dont elle est la r\u00e9alisatrice (vid\u00e9o) :<\/strong> http:\/\/www.france2.fr\/emissions\/on-n-est-pas-couche\/videos\/nicole_garcia_-_on_nest_pas_couche_8_octobre_2016_onpc_08-10-2016_1308759?onglet=tous&#038;page=1<\/p>\n<p><strong>-Andr\u00e9 Dussolier, qui reprend &#8220;Novecento&#8221; au Th\u00e9\u00e2tre du Rond-Point, \u00e9tait re\u00e7u par Catherine Ceylac dans &#8220;Th\u00e9 ou Caf\u00e9&#8221; (vid\u00e9o) <\/strong> : http:\/\/www.france2.fr\/emissions\/the-ou-cafe\/videos\/replay_-_the_ou_cafe_08-10-2016_1308531<\/p>\n<p>-L&#8217;artiste argentin Rodrigo Garcia quitte le CDN de Montpellier et ne demandera pas le renouvellement de son mandat. Il s&#8217;en explique : http:\/\/www.scoop.it\/t\/revue-de-presse-theatre\/p\/4070187767\/2016\/10\/08\/rodrigo-garcia-quitte-montpellier-et-ne-demandera-pas-de-renouvellement-de-son-mandat-il-s-explique?hash<\/p>\n<p><strong>-&#8220;Dans l&#8217;intimit\u00e9 de la plasticienne Louise Bourgeois&#8221; (l&#8217;\u00e9crivain Jean Fr\u00e9mon, la plasticienne M\u00e2khi Xenakis; invit\u00e9s d&#8217;Olivia Gesbert; son) :  <\/strong> http:\/\/www.franceculture.fr\/emissions\/la-grande-table-1ere-partie\/dans-lintimite-de-louise-bourgeois<\/p>\n<p>-Mallarm\u00e9, Degas, Renoir, Debussy, tous amoureux des &#8220;Affolantes&#8221; dans la vall\u00e9e de la Seine (Odile Morain; vid\u00e9o) : http:\/\/culturebox.francetvinfo.fr\/livres\/bande-dessinee\/l-auteur-de-bd-jean-claude-servais-prend-les-chemins-de-compostelle-247023#xtor=EREC<\/p>\n<p>-Jusqu&#8217;au 1er novembre, Chagall \u00e0 Landerneau (vid\u00e9o) : http:\/\/www.ouest-france.fr\/bretagne\/landerneau-29800\/landerneau-chagall-de-la-poesie-la-peinture-expose-au-fhel-4322816<\/p>\n<p><strong>-Jusqu&#8217;au 5 f\u00e9vrier 2017, Picasso et Giacometti se rencontrent au Mus\u00e9e Picasso \u00e0 Paris (Val\u00e9rie Oddos; vid\u00e9o ) : <\/strong> http:\/\/culturebox.francetvinfo.fr\/expositions\/evenements\/picasso-et-giacometti-deux-geants-de-l-art-reunis-au-musee-picasso-a-paris-247009<\/p>\n<p><strong>-A l&#8217;Op\u00e9ra de Paris, &#8220;Eliogabalo&#8221;, un op\u00e9ra baroque m\u00e9connu de Francesco Cavalli, mis en sc\u00e8ne par Thomas Jolly  (vid\u00e9o int\u00e9grale) : <\/strong> http:\/\/culturebox.francetvinfo.fr\/musique\/opera\/operas-de-france\/eliogabalo-de-cavalli-par-thomas-jolly-a-l-opera-de-paris-246533<\/p>\n<p><strong>-&#8220;Ella Fitzerald chez les cow-boys&#8221; (Nathale Piol\u00e9; son) : <\/strong> http:\/\/www.francemusique.fr\/emission\/banzzai\/2016-2017\/ella-fitzgerald-chez-les-cow-boys-10-07-2016-19-00<\/p>\n<p>-Jusqu&#8217;au 22 octobre, 16 jours de jazz en Ile-de-France avec &#8220;Jazz en F\u00eate 2016&#8221; (vid\u00e9o) : http:\/\/culturebox.francetvinfo.fr\/musique\/jazz-blues\/jazz-sur-seine-2016-16-jours-de-fete-du-jazz-en-ile-de-france-246983#xtor=EREC<\/p>\n<p><strong>-En 2006, en Seine-Saint-Denis, &#8220;Banlieues bleues&#8221; et Dynamo envahissaient une ancienne manufacture \u00e0 Pantin (Annie Yanb\u00e9kian; vid\u00e9o) : <\/strong> http:\/\/culturebox.francetvinfo.fr\/musique\/jazz-blues\/dynamo-de-banlieues-bleues-dix-ans-et-un-tout-nouveau-festival-246657<\/p>\n<p>-Le week-end dernier, \u00e0 Indio (2 heures \u00e0 l&#8217;est de Los Angeles), les l\u00e9gendes du rock ont partag\u00e9 la m\u00eame affiche (vid\u00e9o) :  http:\/\/culturebox.francetvinfo.fr\/musique\/rock\/les-legendes-du-rock-reunies-ce-week-end-pour-un-festival-historique-247033#xtor=EREC<\/p>\n<p>-Pour Jean-Michel Jarre, une tourn\u00e9e et un nouvel album pour les quarante ans &#8220;d&#8217; Oxyg\u00e8ne&#8221; (vid\u00e9o) : http:\/\/nr.news-republic.com\/Web\/ArticleWeb.aspx?regionid=2&#038;articleid=74704273<\/p>\n<p><strong>-Sting interrog\u00e9 par Laurent Delahousse (vid\u00e9o) : <\/strong> http:\/\/www.francetvinfo.fr\/monde\/europe\/sting-un-nouvel-opus-prevu-pour-le-11-novembre_1864097.html<\/p>\n<p>-Jean-Claude Servais prend &#8220;les chemins de Compostelle&#8221; en BD (V\u00e9ronique Dalmaz; vid\u00e9o) : http:\/\/culturebox.francetvinfo.fr\/livres\/bande-dessinee\/l-auteur-de-bd-jean-claude-servais-prend-les-chemins-de-compostelle-247023#xtor=EREC<\/p>\n<p><strong>-&#8220;La face crash\u00e9e de Marine Le Pen&#8221; (Richard Malka et Riss de &#8220;Charlie Hebdo&#8221;, invit\u00e9s de &#8220;On n&#8217;est pas couch\u00e9&#8221;; vid\u00e9o) :<\/strong> http:\/\/www.france2.fr\/emissions\/on-n-est-pas-couche\/videos\/richard_malka_riss_charlie_hebdo_-_on_nest_pas_couche_8_octobre_2016_08-10-2016_1308767?onglet=tous&#038;page=1<\/p>\n<p><strong>-Le prix Bayeux-Calvados, un des plus prestigieux pour les correspondants de guerre (Alexandra Ackoun; son) : <\/strong> https:\/\/www.franceinter.fr\/emissions\/regard-sur-les-medias\/regard-sur-les-medias-08-octobre-2016<\/p>\n<p><strong>-Pierre Tchernia, &#8220;un artisan de la t\u00e9l\u00e9vision&#8221; (vid\u00e9o) : <\/strong> http:\/\/www.francetvinfo.fr\/culture\/mort-de-pierre-tchernia\/pierre-tchernia-deces-d-un-artisan-de-la-television_1862735.html#xtor=EPR-<\/p>\n<p>-&#8220;L&#8217;audience ne gouverne pas France T\u00e9l\u00e9visions&#8221; (sa pr\u00e9sidente, Delphine Ernotte; cit\u00e9e par Thibaud Le Meneec) : http:\/\/www.lejdd.fr\/Medias\/Television\/Pour-Delphine-Ernotte-l-audience-ne-gouverne-pas-France-Televisions-815422<\/p>\n<p>-M6 diffuse de nouvelles images de l&#8217;altercation avec des jeunes de Sevran (93; vid\u00e9o) : http:\/\/www.bfmtv.com\/mediaplayer\/video\/dossier-tabou-m6-devoile-une-nouvelle-video-sur-l-altercation-de-bernard-de-la-villardiere-874003.html#?xtor=EPR<\/p>\n<p><strong>-&#8220;La r\u00e9volution copernicienne des th\u00e9ories du complot&#8221; (Emmanuelle Daviet; son) : <\/strong> https:\/\/www.franceinter.fr\/emissions\/interclass\/interclass-09-octobre-2016<\/p>\n<p>-&#8220;On va se laisser un peu de temps avant de r\u00e9inviter Arnaud Montebourg&#8221; (Laurence Ferrari, animatrice de &#8220;Punchline&#8221; sur C8; invit\u00e9e de Christophe Moulin; vid\u00e9o ) : http:\/\/www.lci.fr\/tele\/laurence-ferrari-il-n-y-a-pas-assez-d-emissions-politiques-2006542.html<\/p>\n<p><em>-Les attentes des Fran\u00e7ais vis \u00e0 vis de la couverture t\u00e9l\u00e9 de la campagne pr\u00e9sidentielle (IFOP) <\/em> : http:\/\/www.ifop.com\/?option=com_publication&#038;type=poll&#038;id=3512<\/p>\n<p><strong>-Bon anniversaire &#8220;Valeurs actuelles&#8221; (Guillaume Meurice; vid\u00e9o) : <\/strong> https:\/\/www.youtube.com\/watch?v=9JiO_PWqpJM&#038;feature=youtu.be<br \/>\n-En 1958, deux chansons de Jean Yann contre l&#8217;alcoolisme et les injustices sociales (vid\u00e9o de l&#8217;Ina) : https:\/\/www.ina.fr\/video\/I16278246<\/p>\n<p><strong>-&#8220;Vous \u00e9tiez le meilleur d&#8217;entre nous, vous \u00eates devenu le moins pire&#8221; (Charline Vanhoenacker \u00e0 Alain Jupp\u00e9; vid\u00e9o) : <\/strong> http:\/\/www.francetvinfo.fr\/politique\/l-emission-politique\/video-l-emission-politique-vous-etiez-le-meilleur-d-entre-nous-vous-etes-devenus-le-moins-pire-lance-charline-vanhoenacker-a-alain-juppe_1859573.html#xtor=EPR<\/p>\n<p><strong>-&#8220;Il est bon en ce moment Hollande, une id\u00e9e par jour&#8221; (St\u00e9phane Guillon 2017; vid\u00e9o)<\/strong> : http:\/\/replay.c8.fr\/video\/1419376<\/p>\n","protected":false},"excerpt":{"rendered":"<p>ACTUALITE -&#8220;La reprise ? Quelle reprise ?&#8221; (Fabien Piliu) : http:\/\/www.latribune.fr\/economie\/france\/la-reprise-quelle-reprise-605398.html#xtor=EPR-2 -&#8220;Pour les entreprises, l&#8217;accord de Paris sur le climat, c&#8217;est un changement de mod\u00e8le \u00e9conomique&#8221; (Nicole Notat, ancienne secr\u00e9taire nationale de la CFDT, aujourd&#8217;hui \u00e0 la t\u00eate d&#8217;une agence de notation financi\u00e8re; interrog\u00e9e par Alexandra Bensaid; son, amener le curseur sur 36:16) : https:\/\/www.franceinter.fr\/emissions\/on-n-arrete-pas-l-eco\/on-n-arrete-pas-l-eco-08-octobre-2016 [&hellip;]<\/p>\n","protected":false},"author":1042,"featured_media":0,"comment_status":"open","ping_status":"open","sticky":false,"template":"","format":"standard","meta":{"_themeisle_gutenberg_block_has_review":false,"footnotes":""},"categories":[151],"tags":[],"class_list":["post-9916","post","type-post","status-publish","format-standard","hentry","category-la-revue-de-presse-de-lulu"],"_links":{"self":[{"href":"https:\/\/archives.regards.fr\/index.php?rest_route=\/wp\/v2\/posts\/9916","targetHints":{"allow":["GET"]}}],"collection":[{"href":"https:\/\/archives.regards.fr\/index.php?rest_route=\/wp\/v2\/posts"}],"about":[{"href":"https:\/\/archives.regards.fr\/index.php?rest_route=\/wp\/v2\/types\/post"}],"author":[{"embeddable":true,"href":"https:\/\/archives.regards.fr\/index.php?rest_route=\/wp\/v2\/users\/1042"}],"replies":[{"embeddable":true,"href":"https:\/\/archives.regards.fr\/index.php?rest_route=%2Fwp%2Fv2%2Fcomments&post=9916"}],"version-history":[{"count":0,"href":"https:\/\/archives.regards.fr\/index.php?rest_route=\/wp\/v2\/posts\/9916\/revisions"}],"wp:attachment":[{"href":"https:\/\/archives.regards.fr\/index.php?rest_route=%2Fwp%2Fv2%2Fmedia&parent=9916"}],"wp:term":[{"taxonomy":"category","embeddable":true,"href":"https:\/\/archives.regards.fr\/index.php?rest_route=%2Fwp%2Fv2%2Fcategories&post=9916"},{"taxonomy":"post_tag","embeddable":true,"href":"https:\/\/archives.regards.fr\/index.php?rest_route=%2Fwp%2Fv2%2Ftags&post=9916"}],"curies":[{"name":"wp","href":"https:\/\/api.w.org\/{rel}","templated":true}]}}