{"id":9915,"date":"2016-10-08T06:38:16","date_gmt":"2016-10-08T04:38:16","guid":{"rendered":"https:\/\/wp.muchomaas.com\/article-la-revue-du-8-octobre-2016\/"},"modified":"2023-06-23T23:23:10","modified_gmt":"2023-06-23T21:23:10","slug":"article-la-revue-du-8-octobre-2016","status":"publish","type":"post","link":"https:\/\/archives.regards.fr\/?p=9915","title":{"rendered":"La Revue du 8 octobre 2016"},"content":{"rendered":"<strong>ACTUALITE<\/strong>\n\n-47 ex-salari\u00e9s des magasins Dia ne sont plus pay\u00e9s depuis trois mois (vid\u00e9o) : http:\/\/rmc.bfmtv.com\/mediaplayer\/video\/47-ex-salaries-de-dia-ne-sont-plus-payes-depuis-3-mois-874241.html\n\n<strong>-A la Poste, &#8220;une inqui\u00e9tante s\u00e9rie de suicides  alarme les experts&#8221; (Emilie Baujard; son) <\/strong> : http:\/\/www.rtl.fr\/actu\/societe-faits-divers\/la-poste-une-inquietante-serie-de-suicides-alarme-des-experts-7785136534\n\n<strong>-&#8220;Personne n&#8217;a vu \u00e7a ou n&#8217;a voulu voir&#8221; (vid\u00e9o) : <\/strong> http:\/\/www.itele.fr\/france\/video\/suicides-a-la-poste-personne-na-vu-ca-ou-personne-na-voulu-voir-171317\n\n-&#8220;La Poste prend en compte l&#8217;humain&#8221; (Line Exbrayat, DRH de la branche courrier; interrog\u00e9e par Yves Calvi; vid\u00e9o) : http:\/\/www.rtl.fr\/actu\/societe-faits-divers\/la-poste-prend-en-compte-l-humain-assure-une-drh-du-groupe-7785154872?utm_campaign\n\n-Les communes rurales aux abois avec la cure d&#8217;aust\u00e9rit\u00e9 impos\u00e9e par l&#8217;Etat (son) : http:\/\/www.sudradio.fr\/Podcasts\/Les-reportages-de-la-matinee\/Les-communes-rurales-aux-abois\n\n<strong>-&#8220;Des succ\u00e8s, il y en a plein en banlieue&#8221; (Sa\u00efd Hammouche, fondateur de &#8220;Moza\u00efk RH&#8221;; interrog\u00e9 par Elisabeth Martichoux; vid\u00e9o) <\/strong> : http:\/\/www.rtl.fr\/actu\/societe-faits-divers\/des-succes-il-y-en-a-plein-dans-les-banlieues-affirme-said-hammouche-7785155459\n\n-Aujourd&#8217;hui \u00e0 Paris, le salon des animaux domestiques, le plus grand d&#8217;Europe (la journaliste Elisa Gorins; son) : http:\/\/www.sudradio.fr\/Podcasts\/L-invite-pour-comprendre\/Elisa-Gorins-journaliste-chez-Wamiz.com\n\n-&#8220;Les nudistes dans la capitale&#8221; (Yolaine de la Bigne; son) : http:\/\/www.sudradio.fr\/Podcasts\/Quelle-epoque-ethique\/Les-nudistes-dans-Paris\n\n-A Orly (94), &#8220;les mules du trafic de coke&#8221; (St\u00e9phane Joahny) : http:\/\/www.lejdd.fr\/Societe\/Faits-divers\/A-Orly-les-mules-du-trafic-de-coke-813982\n\n-Pour battre Toulon en finale du championnat de France de rugby, les joueurs du Racing \u00e9taient-ils &#8220;charg\u00e9s&#8221; ? (ce qu&#8217;en pense Daniel Herrero, interrog\u00e9 par Dimitri Pavlenko; son) : http:\/\/www.sudradio.fr\/Podcasts\/L-invite-pour-comprendre\/Daniel-Herrero-Consultant-rugby-Sud-Radio\n\n-&#8220;Notre projet pour les JO \u00e0 Paris en 2024 est ambitieux et spectaculaire. 95% des infrastructures existent d\u00e9j\u00e0 ou sont temporaires&#8221; (Etienne Thobois, directeur du Comit\u00e9 de pr\u00e9-s\u00e9lection; interrog\u00e9 par Nicolas Pierron; vid\u00e9o) : http:\/\/www.dailymotion.com\/video\/x4wgnh7_notre-projet-est-ambitieux-et-spectaculaire-95-des-infrastructures-existent-deja-etienne-thobois-07_news\n\n-Le journal d&#8217;Outre-mer (Beno\u00eet Ferrand; son) : https:\/\/www.franceinter.fr\/emissions\/journal-d-outre-mer-1ere\/journal-d-outre-mer-1ere-07-octobre-2016\n\n<strong>-Violences polici\u00e8res, ce que r\u00e9v\u00e8lent les cas Vadot et Jounin&#8221; (Christophe Gueugneau; pi\u00e8ce jointe);<\/strong>\n\n<strong>POLITIQUE<\/strong>\n\n<strong>-&#8221; Les gens demandent de la protection et de l&#8217;\u00e9galit\u00e9. Il faut renationaliser les deux plus grandes banques. Fran\u00e7ois Hollande a tourn\u00e9 le dos \u00e0 ses \u00e9lecteurs. Si les forces que je propose de rassembler le faisaient, imm\u00e9diatement la candidature de Fran\u00e7ois Hollande serait marginalis\u00e9e. Il faut aller \u00e0 gauche vers une candidature unique&#8221; (Pierre Laurent, qui a fustig\u00e9 &#8220;les propos tr\u00e8s graves&#8221; d&#8217;Eric Zemmour, &#8220;\u00e0 la limite de l&#8217;apologie&#8221; du terrorisme; interrog\u00e9 par Jean-Jacques Bourdin; vid\u00e9o) <\/strong> : http:\/\/www.bfmtv.com\/mediaplayer\/video\/pierre-laurent-face-a-jean-jacques-bourdin-en-direct-874249.html\n\n<strong>-&#8220;Le droit \u00e0 l&#8217;avortement dans la constitution&#8221; (Jean-Luc M\u00e9lenchon) : <\/strong> http:\/\/melenchon.fr\/2016\/10\/06\/le-droit-a-lavortement-dans-la-constitution\/\n\n-Le n\u00b0 301 de &#8220;Cerises&#8221; : http:\/\/www.cerisesenligne.fr\/file\/archive\/cerises-301.pdf\n\n-&#8220;Je ne crois pas qu&#8217;il y aura un pr\u00e9sident \u00e9cologiste en 2017&#8221; (l&#8217;eurod\u00e9put\u00e9 Yannick Jadot, cit\u00e9 par Rachid La\u00efreche) :  http:\/\/www.liberation.fr\/france\/2016\/10\/07\/yannick-jadot-je-ne-crois-pas-qu-il-y-aura-un-president-ecologiste-en-2017_1520238?xtor=EPR\n\n-&#8220;Sur Notre-Dame-des-Landes, il faut que Valls garde son calme et arr\u00eate de jouer les cow-boys&#8221; (vid\u00e9o) : http:\/\/www.lcp.fr\/la-politique-en-video\/notre-dame-des-landes-jadot-eelv-demande-valls-de-ne-pas-jouer-les-cow-boys\n\n-Il \u00e9tait l&#8217;invit\u00e9 de &#8220;Politique Matin&#8221; et r\u00e9pondait aux questions de Brigitte Boucher (vid\u00e9o, amener le curseur sur 30:37) : http:\/\/www.lcp.fr\/emissions\/politique-matin\/278964-politique-matin\n\n-&#8220;Mais ils sont o\u00f9 les \u00e9colos ?&#8221; (Alexandre L\u00e9chenet) : http:\/\/www.liberation.fr\/france\/2016\/10\/06\/primaire-ee-lv-mais-ils-sont-ou-les-ecolos_1519901?xtor=EPR-\n\n-&#8220;J&#8217;ai honte de leur d\u00e9bat \u00e0 la primaire&#8221; (Daniel Cohn-Bendit; son) : http:\/\/www.europe1.fr\/emissions\/l-humeur\/dany-a-honte-du-debat-des-candidats-a-la-primaire-eelv-2866861\n\n-&#8220;Zemmour est compl\u00e8tement \u00e0 c\u00f4t\u00e9 de la plaque&#8221; (l&#8217;eurod\u00e9put\u00e9e \u00e9cologiste Mich\u00e8le Rivasi; vid\u00e9o) : http:\/\/rmc.bfmtv.com\/mediaplayer\/video\/michele-rivasi-zemmour-est-completement-a-cote-de-la-plaque-874245.html\n\n-&#8220;Fran\u00e7ois Hollande est le candidat n\u00e9cessaire. Pour les JO \u00e0 Paris, le gouvernement va amener un milliard d&#8217;euros sur neuf ann\u00e9es. Macron est un homme brillant mais qui veut faire de la politique comme un trader&#8221; (le ministre Patrick Kanner qui s&#8217;exprime aussi sur le dopage pr\u00e9sum\u00e9 de joueurs de rugby du Racing; interrog\u00e9 par Jean-Michel Apathie; vid\u00e9o) : http:\/\/www.dailymotion.com\/video\/x4wgwj1_pour-patrick-kanner-francois-hollande-est-le-candidat-necessaire_news\n\n<strong>-Avec Alain Jupp\u00e9, &#8220;va-t-on envoyer \u00e0 l&#8217;Elys\u00e9e, pour la premi\u00e8re fois dans l&#8217;histoire de la Ve R\u00e9publique, un homme qui a \u00e9t\u00e9 condamn\u00e9 par la justice fran\u00e7aise ?&#8221; (le s\u00e9nateur socialiste Luc Carvounas; vid\u00e9o)<\/strong> : http:\/\/www.lcp.fr\/la-politique-en-video\/va-t-envoyer-lelysee-pour-la-premiere-fois-dans-lhistoire-de-la-ve-republique\n\n<strong>-&#8220;Pour avoir une chance \u00e0 la pr\u00e9sidentielle, le PS veut sauver le repoussoir Sarkozy&#8221; (Bruno Rieth) <\/strong> : http:\/\/www.marianne.net\/avoir-chance-presidentielle-ps-veut-sauver-repoussoir-sarkozy-100246950.html\n\n-&#8220;Les discours en s\u00e9rie de Fran\u00e7ois Hollande n&#8217;en finissent plus&#8221; (David Revault d&#8217;Allonnes du &#8220;Monde&#8221;; vid\u00e9o, amener le curseur sur 4:05) : http:\/\/rmc.bfmtv.com\/mediaplayer\/video\/qg-bourdin-2017-les-discours-en-serie-de-francois-hollande-ne-s-arretent-plus-874231.html\n\n-&#8220;L&#8217;emploi des jeunes sera son grand \u00e9chec&#8221; (Alba Ventura; vid\u00e9o) : http:\/\/www.rtl.fr\/actu\/politique\/emploi-des-jeunes-ce-sera-le-grand-echec-de-francois-hollande-note-alba-ventura-7785155318\n\n-&#8220;Manuel Valls sort le ch\u00e9quier&#8221; (Yves Thr\u00e9ard du &#8220;Figaro; vid\u00e9o) : http:\/\/www.europe1.fr\/emissions\/ledito-politique-dyves-threard\/manuel-valls-sort-le-chequier-2866678\n\n-&#8220;Je prends des coups et en donne aussi&#8221; (Edouard Philippe, d\u00e9put\u00e9 LR de Seine-Maritime, soutien d&#8217;Alain Jupp\u00e9; vid\u00e9o) : http:\/\/www.lci.fr\/replay\/emule-de-mohammed-ali-edouard-philippe-pratique-la-boxe-je-prends-des-coups-et-en-donne-aussi-2006643.html\n\n-&#8220;Landais pr\u00e8s du bonnet, Jupp\u00e9 peut se montrer impatient voire bouillonnant !&#8221; (vid\u00e9o) : http:\/\/www.lci.fr\/replay\/landais-pres-du-beret-selon-edouard-philippe-juppe-peut-se-montrer-impatient-voire-bouillonnant-2006637.html\n\n-&#8220;Il ne m&#8217;a pas fait confiance tout de suite&#8221; (vid\u00e9o) : http:\/\/www.lci.fr\/replay\/edouard-philippe-se-souvient-de-sa-rencontre-avec-alain-juppe-il-ne-m-a-pas-fait-confiance-tout-de-suite-2006636.html\n\n<strong>-&#8220;Les Fran\u00e7ais exigent une alternance forte et franche, c&#8217;est ce que j&#8217;essaie de porter&#8221; (Nicolas Sarkozy, interrog\u00e9 par Laurent Delahousse au 20H de France 2. Il promet deux r\u00e9f\u00e9rendums, un sur le regroupement familial, l&#8217;autre sur l&#8217;incarc\u00e9ration pr\u00e9ventive de personnes fich\u00e9es S, le juge n&#8217;intervenant qu&#8217;a posteriori; vid\u00e9o) <\/strong> : http:\/\/www.francetvinfo.fr\/politique\/nicolas-sarkozy\/nicolas-sarkozy-veut-un-referendum-sur-les-fiches-s-et-le-regroupement-familial_1861319.html#xtor=EPR-744 \n\n-&#8220;Je ne partage pas l&#8217;opinion d&#8217;Alain Jupp\u00e9 fond\u00e9e sur une \u00e9tude. Faire appel, comme le font ses soutiens, aux \u00e9lecteurs de gauche n&#8217;est pas tr\u00e8s s\u00e9curisant. On n&#8217;a pas \u00e0 n\u00e9gocier notre projet avec des socialistes&#8221; (G\u00e9rald Darmanin, coordinateur de la campagne de Nicolas Sarkozy; interrog\u00e9 par Micha\u00ebl Darmon; vid\u00e9o ) : https:\/\/www.youtube.com\/watch?v=o1kfpH6vLew\n\n-&#8220;Si Sarkozy gagne, la question d&#8217;un candidat UDI se posera. Qu&#8217;est-ce que Macron fait \u00e0 gauche ?&#8221; (la s\u00e9natrice UDI de Paris, Chantal Jouanno, invit\u00e9e de &#8220;Questions d&#8217;Infos&#8221;; vid\u00e9o, amener le curseur sur 33:02) : http:\/\/www.sudradio.fr\/Politique\/L-interview-politique\/Jouanno-Si-Sarkozy-gagne-la-question-d-un-candidat-UDI-se-posera\n\n-&#8220;Excommunier les d\u00e9\u00e7us de Hollande \u00e0 la primaire de droite, c&#8217;est perdre&#8221; (NKM, d\u00e9put\u00e9e LR de L&#8217;Essonne; cit\u00e9e par Ga\u00ebl Vaillant) : http:\/\/www.lejdd.fr\/Politique\/NKM-Excommunier-les-decus-de-Hollande-a-la-primaire-de-droite-c-est-perdre-815113\n\n-&#8220;Ce n&#8217;est pas -comme le propose Alain Jupp\u00e9- en faisant une politique ti\u00e8de qu&#8217;on fera avancer les choses. On n&#8217;en peut plus de devoir choisir entre ceux qui ont \u00e9chou\u00e9 et le FN&#8221; (Nicolas Dupont-Aignan, d\u00e9put\u00e9 de l&#8217;Essonne; interrog\u00e9 par Renaud Blanc; vid\u00e9o) : http:\/\/www.dailymotion.com\/video\/x4wgp3s\n\n-&#8220;Haro sur le mod\u00e8le social fran\u00e7ais !&#8221; (Mathias Th\u00e9pot) : http:\/\/www.latribune.fr\/economie\/france\/haro-sur-la-modele-social-francais-605472.html\n\n<strong>EUROPE-MONDE<\/strong>\n\n<strong>-&#8220;Ces grandes migrations sont la cons\u00e9quence des guerres que l&#8217;occident a faites&#8221; (Enrico Letta, ancien premier ministre italien; vid\u00e9o) <\/strong> : https:\/\/www.youtube.com\/watch?v=ECEO5Hs6DmY\n\n-&#8220;Les r\u00e9seaux sociaux rendent l&#8217;Europe attractive pour les candidats \u00e0 l&#8217;immigration&#8221; (Michel Foucher, diplomate et g\u00e9ographe; interrog\u00e9 par Fr\u00e9d\u00e9ric Rivi\u00e8re; vid\u00e9o) : http:\/\/www.rfi.fr\/video\/20161007-michel-foucher-reseaux-sociaux-rendent-europe-attractive-candidats-immigration\n\n-En d\u00e9bat dans l&#8217;\u00e9mission &#8220;\u00c7a vous regarde&#8221; d&#8217;Arnaud Ardoin sur la cha\u00eene LCP (vid\u00e9o) : http:\/\/www.lcp.fr\/emissions\/ca-vous-regarde\/279232-ca-vous-regarde-07octo16\n\n-La faillite de la Deutsche Bank entra\u00eenerait une nouvelle crise mondiale (Nicole Sagener) : http:\/\/www.euractiv.fr\/section\/euro-finances\/interview\/financial-expert-deutsche-bank-bailout-would-be-expensive-for-all-of-us\/?nl_ref=22166878\n\n-Quel impact pour la culture en Allemagne ? (son) : http:\/\/www.francemusique.fr\/emission\/culture-eco\/2016-2017\/le-fiasco-de-la-deutsche-bank-quel-impact-pour-la-culture-en-allemagne-10-07-2016-08-10\n\n-&#8220;Les banques freinent la ru\u00e9e de l&#8217;Allemagne vers l&#8217;Iran&#8221; (Daniel M\u00fctzel) : http:\/\/www.euractiv.fr\/section\/l-europe-dans-le-monde\/news\/german-led-scramble-for-iran-underway-slowed-by-fearful-banks\/?nl_ref=22166878\n\n-&#8220;Hollande d\u00e9fend une ligne dure pour le Brexit&#8221; (Daniela Vincenti) : http:\/\/www.euractiv.fr\/section\/royaume-uni-en-europe\/news\/hollande-argues-for-firm-stance-on-brexit\/?nl_ref=22166878\n\n<strong>-Le Parlement europ\u00e9en s&#8217;inqui\u00e8te de l&#8217;ind\u00e9pendance des m\u00e9dias en France (Marion Candau) :<\/strong> http:\/\/www.euractiv.fr\/section\/politique\/news\/le-parlement-europeen-sinquiete-de-lindependance-des-medias-en-france\/?nl_ref=22166878\n\n-&#8220;La Pologne r\u00e9invente la d\u00e9mocratie&#8221; (Bernard Guetta; son) : https:\/\/www.franceinter.fr\/emissions\/geopolitique\/geopolitique-07-octobre-2016\n\n<strong>-&#8220;Les frappes de la France en Irak sont symboliques. Elles d\u00e9coulent du fait qu&#8217;elle a choisi son camp, ne parlant plus \u00e0 tout le monde&#8221; (Antoine Sfeir, directeurs des Cahiers de l&#8217;Orient; interrog\u00e9 par Dimitri Pavlenko; son)<\/strong> : http:\/\/www.sudradio.fr\/Podcasts\/L-invite-pour-comprendre\/Antoine-Sfeir-directeur-des-Cahiers-de-l-Orient\n\n-&#8220;Arr\u00eatons de parler d&#8217;Alep comme si c&#8217;\u00e9tait sur une autre plan\u00e8te&#8221; (Jean-Pierre Filiu, professeur \u00e0 Sciences Po; interrog\u00e9 par Thomas Sotto; vid\u00e9o) : http:\/\/www.europe1.fr\/emissions\/l-interview-verite\/arretons-de-parler-dalep-comme-si-cetait-sur-une-autre-planete-2866855\n\n<strong>-&#8220;Rien ne saurait justifier un d\u00e9luge de feu sur Alep&#8221; (Jean-Marc Ayrault, \u00e0 son homologue russe Sergue\u00ef Lavrov; vid\u00e9o) <\/strong> : http:\/\/nr.news-republic.com\/Web\/ArticleWeb.aspx?regionid=2&#038;articleid=74588604\n\n<strong>-Le prix Nobel de la Paix attribu\u00e9 au pr\u00e9sident colombien Juan Manuel Santos (avec sa r\u00e9action lorsqu&#8217;il apprend la nouvelle au t\u00e9l\u00e9phone; sons) : <\/strong> http:\/\/www.franceculture.fr\/geopolitique\/le-president-colombien-nobel-de-la-paix-pour-ses-negociations-avec-les-farc#xtor=EPR\n   \n-L&#8217;annonce (vid\u00e9o) : http:\/\/www.francetvinfo.fr\/monde\/prix-nobel\/video-l-annonce-du-prix-nobel-de-la-paix-2016-decernee-au-president-colombien_1860701.html\n\n<strong>CULTURE-MEDIAS<\/strong>\n\n<strong>-Le mardi 11 octobre, de 8H30 \u00e0 17H30, Espace Oscar Niemeyer, &#8220;Forum europ\u00e9en sur la voie chinoise 2016&#8221;. A l&#8217;initiative de la Fondation Gabriel P\u00e9ri et du Forum europ\u00e9en :<\/strong> http:\/\/www.gabrielperi.fr\/forum-franco-chinois.html\n\n-Jusqu&#8217;au 9 octobre, &#8220;Les 19e Rendez-vous de l&#8217;Histoire&#8221; de Blois, avec la participation des &#8220;Cahiers d&#8217;histoire&#8221; :                                           http:\/\/www.franceculture.fr\/evenement\/les-rendez-vous-de-lhistoire-de-blois#xtor=EPR\n\n-&#8220;Le d\u00e9bat sur l&#8217;identit\u00e9 est un faux d\u00e9bat&#8221; (le philosophe Fran\u00e7ois Jullien; invit\u00e9 d&#8217;Ali Baddou; vid\u00e9o) : https:\/\/www.franceinter.fr\/emissions\/l-invite-d-ali-baddou\/l-invite-d-ali-baddou-07-octobre-2016\n\n<strong>-&#8220;On nous dit c&#8217;\u00e9tait mieux avant, mais avant quoi ?&#8221; (Rapha\u00ebl Glucksmann \u00e9tait l&#8217;invit\u00e9 de la matinale de France Inter. Il r\u00e9pondait aux questions de Patrick Cohen; vid\u00e9o) :<\/strong>  http:\/\/www.dailymotion.com\/video\/x4wg8xy_raphael-glucksmann-on-nous-dit-c-etait-mieux-avant-mais-avant-quoi-l-invite-de-8h20_news\n\n-&#8220;La lutte contre les privil\u00e8ges est aujourd&#8217;hui capt\u00e9e par le FN&#8221;. Il a r\u00e9pondu aux questions des auditeurs (vid\u00e9o) : http:\/\/www.dailymotion.com\/video\/x4wgmuf_raphael-glucksmann-la-lutte-contre-les-privileges-est-aujourd-hui-captee-par-le-fn-interactiv_news\n\n<strong>-Fabrice Drouelle a consacr\u00e9 deux &#8220;Affaires sensibles&#8221; \u00e0 la psychanalyste Fran\u00e7oise Dolto et pour en parler, il a invit\u00e9 l&#8217;historienne et psychanalyste Elisabeth Roudinesco (sons et vid\u00e9o) : <\/strong>  https:\/\/www.franceinter.fr\/emissions\/affaires-sensibles\/affaires-sensibles-06-octobre-2016                                                                                                                                                         https:\/\/www.franceinter.fr\/emissions\/affaires-sensibles\/affaires-sensibles-07-octobre-2016\n\n-&#8220;Sorties d\u00e9cal\u00e9es pour ce week-end&#8221; :  http:\/\/www.telerama.fr\/sortir\/nos-idees-de-sorties-decalees-pour-le-week-end-du-8-octobre,148372.php#xtor=EPR\n\n-Pendant quinze jours, la f\u00eate de la science (un reportage de Sandrine Oudin; son) :   https:\/\/www.franceinter.fr\/emissions\/grand-angle\/grand-angle-07-octobre-2016\n\n<strong>-Le tribunal donne raison \u00e0 Gilles-Eric S\u00e9ralini qui, avec son \u00e9quipe de recherche de l&#8217;universit\u00e9 de Caen, avait d\u00e9couvert que les OGM provoquaient des tumeurs (Paul Fassa) :<\/strong> http:\/\/sain-et-naturel.com\/ogm-tumeurs-gagne-proces.html\n\n<strong>-&#8220;Karajan en g\u00e9n\u00e9ral&#8221; (Frederick Casadesus; vid\u00e9o de la 7e symphonie de Beethoven par le Berliner Philharmoniker sous sa direction) : <\/strong> https:\/\/blogs.mediapart.fr\/frederick-casadesus\/blog\/071016\/karajan-en-general\n\n-A l&#8217;approche du centenaire de la naissance de Fran\u00e7ois Mitterrand, Gallimard publie deux documents uniques sur sa relation avec Anne Pingeot (Alexandra Schwartzbrod et vid\u00e9o) :  http:\/\/next.liberation.fr\/livres\/2016\/10\/07\/francois-mitterrand-a-anne-pingeot-tu-as-ete-ma-chance-de-vie_1520201?xtor=EPR                                                                                                         http:\/\/www.itele.fr\/politique\/video\/les-lettres-damour-de-francois-mitterrand-a-anne-pingeot-publiees-171280\n\n-Antoine Gallimard r\u00e9pond aux questions de Jean-Pierre Elkabbach (vid\u00e9o) :                                                                                                                                                                                         http:\/\/www.europe1.fr\/emissions\/l-interview-politique\/publication-des-lettres-amoureuses-de-francois-mitterrand-a-anne-pingeot-antoine-gallimard-repond-aux-questions-de-jean-pierre-elkabbach-2866894 \n\n<strong>-&#8220;L&#8217;Homme qui marche&#8221;, le chef-d&#8217;oeuvre qui rendit c\u00e9l\u00e8bre Giacometti (Odile Morain; vid\u00e9o)<\/strong> : http:\/\/culturebox.francetvinfo.fr\/expositions\/sculpture\/l-homme-qui-marche-le-chef-d-oeuvre-qui-rendit-celebre-giacometti-247039#xtor=EREC\n\n<strong>-&#8220;Un acteur rend les mots solides, visibles&#8221; (Denis Podalyd\u00e8s, interrog\u00e9 par Fabienne Pascaud \u00e0 &#8220;T\u00e9l\u00e9rama Dialogue&#8221;; vid\u00e9o int\u00e9grale) <\/strong> : http:\/\/www.telerama.fr\/scenes\/denis-podalydes-a-telerama-dialogue-un-acteur-rend-les-mots-solides-visibles,148384.php#xtor=EPR\n\n-Jusqu&#8217;au 8 novembre, au Th\u00e9\u00e2tre du Vieux-Colombier, &#8220;Vania&#8221;, une adaptation de &#8220;Oncle Vania&#8221; de Tchekhov, mise en sc\u00e8ne par Julie Deliquet; avec les com\u00e9diens de la Com\u00e9die-Fran\u00e7aise (Anne Diatkine) : http:\/\/next.liberation.fr\/theatre\/2016\/10\/06\/vania-au-choeur-de-l-action_1520127?xtor=EPR\n\n-&#8220;Uber, les salauds et mes ovaires&#8221;, le show de Daniellle Simonnet du Parti de gauche; vid\u00e9o) : https:\/\/www.youtube.com\/watch?v=Q1_hQQQT-L0\n\n<strong>-&#8220;Avec &#8220;Chouf&#8221;, je voulais me d\u00e9marquer le plus possible du format documentaire&#8221; (le r\u00e9alisateur Karim Dridi qui nous conte l&#8217;histoire d&#8217;un \u00e9tudiant marseillais qui revient dans le quartier o\u00f9 il a grandi; propos recueillis par C\u00e9cile Mury; vid\u00e9o) :<\/strong> http:\/\/www.telerama.fr\/cinema\/karim-dridi-realisateur-avec-chouf-je-voulais-me-demarquer-le-plus-possible-du-format-reportage,148367.php#xtor=EPR\n\n-&#8220;L&#8217;Odyss\u00e9e&#8221; retrace la vie du commandant Cousteau (vid\u00e9o) : http:\/\/www.francetvinfo.fr\/monde\/environnement\/la-sortie-du-film-l-odyssee-retrace-la-vie-de-cousteau_1861313.html\n\n-Les bolides cultes du cin\u00e9ma au Mondial de l&#8217;automobile (Maxence Sorel) : http:\/\/www.telerama.fr\/sortir\/au-mondial-de-l-auto-les-bolides-cultes-du-cinema-font-le-show,148360.php#xtor=EPR\n\n<strong>-&#8220;Je pourrais travailler sur la m\u00eame minute de musique toute ma vie&#8221; (Vladimir Cosma; propos recueillis par J\u00e9r\u00f4me Badie; son) :<\/strong> http:\/\/www.lemonde.fr\/tant-de-temps\/article\/2016\/10\/07\/vladimir-cosma-je-pourrais-travailler-sur-la-meme-minute-de-musique-toute-ma-vie_5009647_4598196.html\n\n<strong>-Jusqu&#8217;au 16 octobre, au cin\u00e9ma &#8220;Le M\u00e9li\u00e8s&#8221; de Montreuil (93), la 21e \u00e9dition des &#8220;Rencontres du cin\u00e9ma documentaire&#8221; sur le th\u00e8me &#8220;Masculin\/F\u00e9minin&#8221; (Fran\u00e7ois Ekchajzer; vid\u00e9os) <\/strong> : http:\/\/television.telerama.fr\/television\/les-rencontres-de-montreuil-documentent-le-genre,147884.php#xtor=EPR\n\n-Le rugby au cin\u00e9ma (Jacques Morice; vid\u00e9os) : http:\/\/www.telerama.fr\/cinema\/six-films-qui-transforment-l-essai,148358.php#xtor=EPR\n\n-Un spectacle total pour Olivia Ruiz qui chante et danse dans &#8220;Volver&#8221;, accompagn\u00e9e par le chor\u00e9graphe napolitain Jean-Claude Gallotta (Emmanuelle Bouchez; vid\u00e9o) : http:\/\/www.telerama.fr\/sortir\/volver,148176.php#xtor=EPR\n\n-&#8220;Monsieur le pape, Myl\u00e8ne vous salue&#8221; (Rebecca Manzoni; vid\u00e9os) : https:\/\/www.franceinter.fr\/emissions\/tubes-co\/tubes-co-07-octobre-2016\n\n<strong>-Le rapeur Kery James \u00e9tait l&#8217;invit\u00e9 d&#8217;Augustin Trapenard (son et vid\u00e9o) :<\/strong> https:\/\/www.franceinter.fr\/emissions\/boomerang\/boomerang-07-octobre-2016\n\n-Le 11 octobre au Caf\u00e9 de la Danse \u00e0 Paris, Vanessa Wagner et Murcof, dans un r\u00e9pertoire qui va d&#8217;Erik Satie \u00e0 John Cage (propos recueillis par Odile de Plas; sons) :                                    http:\/\/www.telerama.fr\/sortir\/vanessa-wagner-et-murcof-quand-piano-rime-avec-electro,148373.php#xtor=EPR\n\n-Artevia r\u00e9agit au d\u00e9part de Michel Bouvet de la F\u00eate du graphisme (Xavier de Jarcy) : http:\/\/www.telerama.fr\/scenes\/michel-bouvet-quitte-la-fete-du-graphisme-episode-2-la-reaction-d-artevia,148345.php#xtor=EPR\n\n-Les photos de la semaine (EPIC) : http:\/\/epic-stories.com\/selection-jeudi-57\/\n\n<strong>-Loi \u00e9galit\u00e9 et citoyennet\u00e9, vive inqui\u00e9tude de plus de 20 soci\u00e9t\u00e9s de journalistes (leur appel) <\/strong> : http:\/\/www.lemonde.fr\/actualite-medias\/article\/2016\/10\/06\/loi-egalite-et-citoyennete-vive-inquietude-de-la-societes-des-journalistes-du-monde_5009539_3236.html\n\n-L&#8217;\u00e9viction de Vincent Meslet, directeur ex\u00e9cutif de France 2, difficile \u00e0 d\u00e9chiffrer (David Carzon) : http:\/\/www.liberation.fr\/futurs\/2016\/10\/06\/a-france-2-des-injonctions-contradictoires_1520168?xtor=EPR\n\n-La pol\u00e9mique n&#8217;en finit pas entre M6 et des jeunes de Sevran (93; vid\u00e9o) : http:\/\/www.europe1.fr\/emissions\/le-fait-medias-du-jour\/altercation-entre-bernard-de-la-villardiere-et-des-jeunes-de-sevran-qui-dit-vrai-2866960\n\n-&#8220;Dimension intime&#8221;, la nouvelle \u00e9mission politique de Karine Le Marchand sur M6 ( interrog\u00e9e par Thomas Joubert; vid\u00e9o) : http:\/\/www.europe1.fr\/emissions\/l-invite-medias\/karine-le-marchand-jai-epuise-les-hommes-et-femmes-politiques-pendant-4-ou-5-heures-2866981\n\n-Ce que nos t\u00e9l\u00e9s nous ont dit d&#8217;Antonio Guterres, futur secr\u00e9taire g\u00e9n\u00e9ral de l&#8217;ONU (vid\u00e9o) : http:\/\/www.liberation.fr\/video\/2016\/10\/06\/ce-que-nos-teles-nous-disent-d-antonio-guterres-futur-secretaire-general-de-l-onu_1520094?xtor=EPR\n\n<strong>-&#8220;Thierry Ardison regarde la t\u00e9l\u00e9 changer&#8230;ou pas&#8221;. Il \u00e9tait l&#8217;invit\u00e9 de Sonia Devillers (vid\u00e9o) <\/strong> : http:\/\/www.dailymotion.com\/video\/x4wgwpl_thierry-ardisson-regarde-la-tele-changer-ou-pas-l-instant-m-de-sonia-devillers_news\n\n-&#8220;Le sous-titrage collaboratif de Arte ne plait pas aux pros&#8221; (J\u00e9r\u00e9mie Maire) : http:\/\/www.telerama.fr\/medias\/quand-arte-teste-le-sous-titrage-collaboratif-les-pros-se-rebiffent,148338.php#xtor=EPR\n\n<strong>-Tous les dimanches \u00e0 midi sur France Culture, &#8220;On ne parle pas la bouche pleine !&#8221; d&#8217;Alain Kruger (Carole Lefran\u00e7ois; son; un r\u00e9gal)<\/strong> : http:\/\/www.telerama.fr\/radio\/sur-france-culture-la-cuisine-existentielle-d-alain-kruger,147850.php#xtor=EPR\n\n<strong>-&#8220;Giscard tient toujours la barre&#8221; (Charline Vanhoenacker; vid\u00e9o) : <\/strong> https:\/\/www.franceinter.fr\/emissions\/le-billet-de-charline-vanhoenacker\/le-billet-de-charline-vanhoenacker-07-octobre-2016\n\n<strong>-&#8220;Dans l&#8217;\u00e9quipe, le plus bourrin, c&#8217;est moi&#8221; (Fran\u00e7ois Morel; vid\u00e9o) : <\/strong> http:\/\/www.dailymotion.com\/video\/x4wgdsn_dans-l-equipe-le-plus-bourrin-c-est-moi-le-billet-de-francois-morel_fun\n\n-Ce que dit Albert Algou du dernier album de Fran\u00e7ois Morel (vid\u00e9o) : http:\/\/www.dailymotion.com\/video\/x4wh1zd_l-analyse-de-la-vie-de-francois-parle-pere-albert-albert-algoud-a-tout-compris_fun\n<h2 class=\"wp-block-heading\">Documents joints<\/h2>\n\n\n\n<div class=\"wp-block-file\"><a href=\"https:\/\/wp.muchomaas.com\/wp-content\/uploads\/2016\/10\/violences_policieres-012.pdf\">violences_policieres.pdf<\/a><\/div>\n\n\n","protected":false},"excerpt":{"rendered":"<p>ACTUALITE -47 ex-salari\u00e9s des magasins Dia ne sont plus pay\u00e9s depuis trois mois (vid\u00e9o) : http:\/\/rmc.bfmtv.com\/mediaplayer\/video\/47-ex-salaries-de-dia-ne-sont-plus-payes-depuis-3-mois-874241.html -A la Poste, &#8220;une inqui\u00e9tante s\u00e9rie de suicides alarme les experts&#8221; (Emilie Baujard; son) : http:\/\/www.rtl.fr\/actu\/societe-faits-divers\/la-poste-une-inquietante-serie-de-suicides-alarme-des-experts-7785136534 -&#8220;Personne n&#8217;a vu \u00e7a ou n&#8217;a voulu voir&#8221; (vid\u00e9o) : http:\/\/www.itele.fr\/france\/video\/suicides-a-la-poste-personne-na-vu-ca-ou-personne-na-voulu-voir-171317 -&#8220;La Poste prend en compte l&#8217;humain&#8221; (Line Exbrayat, DRH de la branche [&hellip;]<\/p>\n","protected":false},"author":1042,"featured_media":0,"comment_status":"open","ping_status":"open","sticky":false,"template":"","format":"standard","meta":{"_themeisle_gutenberg_block_has_review":false,"footnotes":""},"categories":[151],"tags":[],"class_list":["post-9915","post","type-post","status-publish","format-standard","hentry","category-la-revue-de-presse-de-lulu"],"_links":{"self":[{"href":"https:\/\/archives.regards.fr\/index.php?rest_route=\/wp\/v2\/posts\/9915","targetHints":{"allow":["GET"]}}],"collection":[{"href":"https:\/\/archives.regards.fr\/index.php?rest_route=\/wp\/v2\/posts"}],"about":[{"href":"https:\/\/archives.regards.fr\/index.php?rest_route=\/wp\/v2\/types\/post"}],"author":[{"embeddable":true,"href":"https:\/\/archives.regards.fr\/index.php?rest_route=\/wp\/v2\/users\/1042"}],"replies":[{"embeddable":true,"href":"https:\/\/archives.regards.fr\/index.php?rest_route=%2Fwp%2Fv2%2Fcomments&post=9915"}],"version-history":[{"count":0,"href":"https:\/\/archives.regards.fr\/index.php?rest_route=\/wp\/v2\/posts\/9915\/revisions"}],"wp:attachment":[{"href":"https:\/\/archives.regards.fr\/index.php?rest_route=%2Fwp%2Fv2%2Fmedia&parent=9915"}],"wp:term":[{"taxonomy":"category","embeddable":true,"href":"https:\/\/archives.regards.fr\/index.php?rest_route=%2Fwp%2Fv2%2Fcategories&post=9915"},{"taxonomy":"post_tag","embeddable":true,"href":"https:\/\/archives.regards.fr\/index.php?rest_route=%2Fwp%2Fv2%2Ftags&post=9915"}],"curies":[{"name":"wp","href":"https:\/\/api.w.org\/{rel}","templated":true}]}}