{"id":9910,"date":"2016-10-07T07:04:41","date_gmt":"2016-10-07T05:04:41","guid":{"rendered":"https:\/\/wp.muchomaas.com\/article-la-revue-du-7-octobre-2016\/"},"modified":"2023-06-23T23:23:09","modified_gmt":"2023-06-23T21:23:09","slug":"article-la-revue-du-7-octobre-2016","status":"publish","type":"post","link":"https:\/\/archives.regards.fr\/?p=9910","title":{"rendered":"La Revue du 7 octobre 2016"},"content":{"rendered":"<strong>ACTUALITE<\/strong>\n\n<strong>-&#8220;Il y aura forc\u00e9ment des transferts et des suppressions de postes, c&#8217;est encore en n\u00e9gociation&#8221; (Marwan Lahoud, directeur de la strat\u00e9gie d&#8217;Airbus; interrog\u00e9 par Nicolas Pierron; vid\u00e9o)<\/strong> : http:\/\/www.dailymotion.com\/video\/x4wahfs_il-y-aura-forcement-des-transferts-et-suppression-de-postes-c-est-encore-en-negociation-marwan-laho_news\n\n<em>-Les Fran\u00e7ais et la politique de l&#8217;offre (ODOXA) <\/em> : http:\/\/www.odoxa.fr\/les-francais-approuvent-la-politique-de-loffre-mais-79-estiment-que-les-entreprises-nont-pas-joue-le-jeu\/\n\n-&#8220;Toujours plus de niches fiscales&#8221; (Dominique Seux des &#8220;Echos&#8221;; son) : https:\/\/www.franceinter.fr\/emissions\/l-edito-eco\/l-edito-eco-06-octobre-2016\n\n-&#8220;Les quatre faiblesses du plan de sauvetage d&#8217;Alstom Belfort&#8221; (Anne-A\u00ebl Durand) : http:\/\/www.lemonde.fr\/les-decodeurs\/article\/2016\/10\/06\/les-quatre-faiblesses-du-plan-de-sauvetage-d-alstom-belfort_5009504_4355770.html#xtor=AL-32280270\n\n<em>-&#8220;Une d\u00e9cision purement \u00e9lectorale jug\u00e9e inefficace par 67% des Fran\u00e7ais&#8221; (ODOXA) :<\/em> http:\/\/www.odoxa.fr\/sauvetage-dalstom-une-decision-purement-electoraliste-qui-ne-sera-pas-efficace-a-long-terme\/\n\n<strong>-La r\u00e9alit\u00e9 du travail au noir dans tous les secteurs (vid\u00e9o) : <\/strong> http:\/\/www.francetvinfo.fr\/economie\/emploi\/travail-au-noir-une-realite-encore-presente-dans-tous-les-secteurs_1859455.html#xtor=EPR\n\n-Selon l&#8217;INSEE, la croissance fran\u00e7aise serait &#8220;d&#8217;\u00e0 peine 1,3%&#8221; en 2016 (Audrey Tonnelier) : http:\/\/www.lemonde.fr\/economie\/article\/2016\/10\/06\/une-croissance-francaise-encore-une-fois-decevante-en-2016_5009464_3234.html\n\n<em>-Son point de conjoncture (documents \u00e0 t\u00e9l\u00e9charger) :<\/em> http:\/\/www.insee.fr\/fr\/themes\/theme.asp?theme=17&#038;sous_theme=3&#038;page=note.htm\n\n<strong>-&#8220;Un appel au secours de la p\u00eache artisanale&#8221; (Nathalie Fontrel; son) : <\/strong> https:\/\/www.franceinter.fr\/emissions\/planete-environnement\/planete-environnement-06-octobre-2016\n\n-A l&#8217;universit\u00e9 Toulouse-Jean-Jaur\u00e8s, la rentr\u00e9e va enfin avoir lieu en psychologie (Camille Stromboni) :  http:\/\/www.lemonde.fr\/campus\/article\/2016\/10\/06\/au-mirail-la-rentree-va-enfin-avoir-lieu-en-psychologie_5009133_4401467.html\n\n<strong>-&#8220;In\u00e9vitable choc \u00e0 Notre-Dame-des Landes&#8221; (Eddy Fougier dans &#8220;Le Monde&#8221;; pi\u00e8ce jointe);<\/strong>\n\n-&#8220;Non \u00e0 la candidature de Paris aux Jeux de 2024&#8221; (un appel collectif) : \nhttp:\/\/www.liberation.fr\/debats\/2016\/10\/06\/non-a-la-candidature-de-paris-aux-jeux-de-2024_1519823\n\n-Guillaume Vadot, l&#8217;enseignant-chercheur qui se plaint d&#8217;avoir subi des violences polici\u00e8res, a tenu une conf\u00e9rence de presse (Balla Fofana) : http:\/\/www.liberation.fr\/france\/2016\/10\/06\/accusations-de-violences-policieres-un-enseignant-chercheur-persiste_1520135\n\n-La f\u00eate des voisins au travail (Atanase P\u00e9nifan; son) : http:\/\/www.sudradio.fr\/Podcasts\/L-invite-pour-comprendre\/Atanase-Perifan-createur-de-la-Fete-des-Voisins\n\n-Le journal d&#8217;Outre-mer (Beno\u00eet Ferrand; son) : https:\/\/www.franceinter.fr\/emissions\/journal-d-outre-mer-1ere\/journal-d-outre-mer-1ere-06-octobre-2016\n\n<strong>-&#8220;Petit floril\u00e8ge des courriers racistes re\u00e7us par la Grande Mosqu\u00e9e de Lyon&#8221; (vid\u00e9o)<\/strong> : http:\/\/www.francetvinfo.fr\/replay-magazine\/france-2\/complement-d-enquete\/video-petit-florilege-des-courriers-racistes-adresses-a-la-grande-mosquee-de-lyon_1857669.html#xtor=EPR-2\n\n-Christian Flaesch, l&#8217;ancien directeur de la police judiciaire parisienne mis en examen : http:\/\/www.lemonde.fr\/police-justice\/article\/2016\/10\/06\/affaire-squarcini-l-ancien-directeur-de-la-police-judiciaire-parisienne-christian-flaesch-mis-en-examen_5009507_1653578.html\n\n-Le g\u00e9n\u00e9ral Christian Piquemal radi\u00e9 des cadres de l&#8217;arm\u00e9e. Il estime que cette d\u00e9cision est &#8220;un d\u00e9saveu de l&#8217;institution judiciaire&#8221; (son) : http:\/\/www.rtl.fr\/actu\/societe-faits-divers\/cette-decision-est-un-desaveu-de-l-institution-judiciaire-estime-le-general-radie-de-l-armee-christian-piquemal-7785149622\n\n-Le FN en correctionnelle (Dominique Albertini) : http:\/\/www.liberation.fr\/france\/2016\/10\/06\/affaire-jeanne-un-proces-pour-le-fn_1520067\n\n<strong>POLITIQUE<\/strong>\n\n<strong>-&#8220;De quel &#8220;job&#8221; parlez-vous Madame la Ministre de la Sant\u00e9 ?&#8221; (Patrick Le Hyaric) :  <\/strong> http:\/\/patrick-le-hyaric.fr\/de-quel-job-parlez-vous-madame-la-ministre-de-la-sante\/\n\n-La p\u00e9nurie de m\u00e9decins en province (Nathalie Nieson, d\u00e9put\u00e9e PS de la Dr\u00f4me; son) : http:\/\/www.sudradio.fr\/Podcasts\/L-invite-pour-comprendre\/Nathalie-Nieson-deputee-PS-de-la-Drome\n\n-Danielle Simonnet, porte-parole de Jean-Luc M\u00e9lenchon, monte sur sc\u00e8ne (interrog\u00e9e par Dimitri Pavlenko; son) : http:\/\/www.sudradio.fr\/Podcasts\/L-invite-pour-comprendre\/D.Simonnet-conseillere-de-Paris-et-coordinatrice-du-Parti-de-Gauche\n\n-&#8220;Quand je vois la classe politique, je suis d&#8217;abord col\u00e8re. Ils me gonflent tellement que je crois que j&#8217;aurais du mal \u00e0 penser \u00e0 l&#8217;essentiel, aux millions de personnes auxquelles ils faut s&#8217;adresser&#8221; (Olivier Besancenot, porte-parole du NPA; son et vid\u00e9os) : http:\/\/www.francetvinfo.fr\/replay-radio\/8h30-aphatie\/presidentielle-2017-olivier-besancenot-na-l-etat-d-esprit-et-la-patience-pour-etre-candidat_1848345.html\n\n-&#8220;Avec 35 milliards de relance, on peut cr\u00e9er 350 000 emplois&#8221; (Marie-No\u00eblle Lienemann, interrog\u00e9e par Olivier Galzi; vid\u00e9o) : http:\/\/www.itele.fr\/chroniques\/invite-galzi-jusqua-minuit\/avec-35-milliards-de-relance-il-est-possible-de-creer-350000-emplois-affirme-marie-noelle-lienemann-171292\n\n-&#8220;C&#8217;est la premi\u00e8re fois qu&#8217;un accord sur le climat est ratifi\u00e9 en moins d&#8217;un an, gr\u00e2ce \u00e0 S\u00e9gol\u00e8ne Royal et Laurent Fabius. Le Brexit est une catastrophe. On ne peut pas accepter de laisser des gens dans la rue, dans la boue. En un an, on a mis \u00e0 l&#8217;abri 19 000 personnes. Je ne voterai pas \u00e0 la primaire \u00e9cologiste mais \u00e0 celle de la gauche&#8221; (la ministre Emmanuelle Cosse qui a appel\u00e9 \u00e0 d\u00e9noncer les actes et comportements  racistes \u00e0 l&#8217;encontre des r\u00e9fugi\u00e9s; interrog\u00e9e par Jean-Pierre Elkabbach; vid\u00e9o) : http:\/\/www.europe1.fr\/emissions\/l-interview-politique\/accord-sur-le-climat-brexit-jungle-de-calais-primaire-des-ecologistes-bilan-ecologique-du-quinquennat-emmanuelle-cosse-repond-aux-questions-de-jean-pierre-elkabbach-2865745\n\n-Le 2e d\u00e9bat de la primaire des \u00e9cologistes, sur BFMTV (vid\u00e9os) :  \nhttp:\/\/www.bfmtv.com\/mediaplayer\/video\/le-debat-de-la-primaire-de-l-ecologie-13-874141.html                                                                          http:\/\/www.bfmtv.com\/mediaplayer\/video\/le-debat-de-la-primaire-de-l-ecologie-23-874143.html       \nhttp:\/\/www.bfmtv.com\/mediaplayer\/video\/le-debat-de-la-primaire-de-l-ecologie-33-874147.html\n                                                                    \n-&#8220;Les chercheurs ont aujourd&#8217;hui une carri\u00e8re internationale. Fran\u00e7ois Hollande a fait un discours sur la modernisation des institutions&#8221; (le secr\u00e9taire d&#8217;Etat Thierry Mandon; interrog\u00e9 par Laurence Ferrari; vid\u00e9o) : https:\/\/www.youtube.com\/watch?v=ouc3itqppJA\n\n-&#8220;Le jeu politicien qui consiste \u00e0 remettre la faute sur le dos de l&#8217;autre est indigne&#8221; (la secr\u00e9taire d&#8217;Etat Juliette M\u00e9adel; interrog\u00e9e par Guillaume Durand; vid\u00e9o) : http:\/\/www.dailymotion.com\/video\/x4wajyu\n\n-&#8220;Il faut b\u00e2tir 33 nouveaux \u00e9tablissements p\u00e9nitentiaires&#8221; (Manuel Valls; vid\u00e9o) : http:\/\/www.bfmtv.com\/mediaplayer\/video\/valls-annonce-un-plan-de-construction-de-33-nouvelles-prisons-873969.html\n\n-&#8220;C&#8217;est d\u00e9j\u00e0 cela, mais franchement, on est loin du compte&#8221; (le b\u00e2tonnier du barreau de Paris Fr\u00e9d\u00e9ric Sicard; vid\u00e9o) : https:\/\/www.youtube.com\/watch?v=xtwHWT_j0bw\n\n<strong>-Fran\u00e7ois Hollande est revenu sur les choix du gouvernement pour Alstom dans son discours d&#8217;inauguration du p\u00f4le de recherche et de d\u00e9veloppement Safran (vid\u00e9o, amener le curseur sur 14:56) <\/strong> : http:\/\/www.elysee.fr\/videos\/discours-lors-de-l-inauguration-du-centre-de-recherche-et-developpement-safran-electronics-et-defense\/#content\n\n-&#8220;Une bouff\u00e9e d&#8217;oxyg\u00e8ne&#8230;pour un nouveau souffle ferroviaire&#8221; (Laurent Dumond du mdP) : http:\/\/www.md-progressistes.fr\/tribune-des-progressistes\/alstom-une-bouffee-doxygene-pour-un-nouveau-souffle-ferroviaire\/\n\n<strong>-&#8220;Il faut du temps pour faire une bonne loi. Nous essayons de voir comment reconstituer du vivre ensemble en s&#8217;appuyant sur les institutions. Le pr\u00e9sident Hollande est de nouveau patin\u00e9 par l&#8217;histoire. Lorsqu&#8217;on a connu le terrorisme tel qu&#8217;on a connu, la crise et les doutes des Fran\u00e7ais, on a une exp\u00e9rience qui peut faire la diff\u00e9rence&#8221; (Claude Bartolone, interrog\u00e9 par Patrick Cohen; vid\u00e9o) : <\/strong> http:\/\/www.dailymotion.com\/video\/x4wa9b6_claude-bartolone-il-faut-du-temps-pour-faire-une-bonne-loi-l-invite-de-8h20_news\n\n-Il a r\u00e9pondu aux questions des auditeurs de France Inter (vid\u00e9o) : http:\/\/www.dailymotion.com\/video\/x4waezd_claude-bartolone-je-propose-que-l-on-arrive-a-400-deputes-interactiv_news\n\n<strong>-Les propositions de Fran\u00e7ois Hollande &#8220;pour refaire la d\u00e9mocratie&#8221; (vid\u00e9o) : <\/strong>  http:\/\/www.elysee.fr\/videos\/discours-au-colloque-refaire-la-democratie\/#content\n\n-Le bilan de ses promesses chez Olivier Galzi sur iT\u00e9l\u00e9 (vid\u00e9o) : http:\/\/www.itele.fr\/chroniques\/grand-decryptage-olivier-galzi\/le-grand-decryptage-du-06102016-171290\n\n-&#8220;Jean-Christophe Cambad\u00e9lis se comporte en agent \u00e9lectoral de Fran\u00e7ois Hollande&#8221; (Fran\u00e7ois Kalfon, directeur de campagne d&#8217;Arnaud Montebourg; invit\u00e9 de &#8220;Territoires d&#8217;Infos&#8221;; vid\u00e9o, amener le curseur sur  33:33) : http:\/\/www.sudradio.fr\/Politique\/L-interview-politique\/Francois-Kalfon-Cambadelis-l-agent-electoral-de-Hollande\n\n-&#8220;Jupp\u00e9 a le pire programme de r\u00e9gression que l&#8217;on ait connu \u00e0 droite depuis 40 ans&#8221; (Bruno Le Roux, pr\u00e9sident du groupe socialiste \u00e0 l&#8217;Assembl\u00e9e nationale; interrog\u00e9 par Fr\u00e9d\u00e9ric Rivi\u00e8re; vid\u00e9o) : http:\/\/www.rfi.fr\/video\/20161006-bruno-le-roux-juppe-le-pire-programme-regression-on-ait-connu-droite-depuis-40-ans\n\n<strong>-&#8220;J&#8217;ai toujours su qu&#8217;\u00eatre ministre \u00e9tait un bail pr\u00e9caire. J&#8217;ai tourn\u00e9 la page. Quand vous \u00eates une femme, on vous regarde un petit peu de travers sur des sujets un peu techniques et complexes. L&#8217;augmentation du budget de la culture avant une p\u00e9riode \u00e9lectorale est une bonne chose m\u00eame si elle compense \u00e0 peine les diminutions du d\u00e9but de mandat. S&#8217;il se d\u00e9clarait, je soutiendrais Manuel Valls&#8221; (Fleur Pellerin, invit\u00e9e de L\u00e9a Salam\u00e9; vid\u00e9os)<\/strong> : https:\/\/www.franceinter.fr\/emissions\/l-invite-de-7h50\/l-invite-de-7h50-06-octobre-2016\n\n-&#8220;Valls attend&#8221; (Thomas Legrand; son) : https:\/\/www.franceinter.fr\/emissions\/l-edito-politique\/l-edito-politique-06-octobre-2016\n\n-&#8220;Les jeunes ch\u00f4meurs, les grands cocus de Fran\u00e7ois Hollande&#8221; (Yves Thr\u00e9ard du &#8220;Figaro&#8221;; vid\u00e9o) : http:\/\/www.europe1.fr\/emissions\/ledito-politique-dyves-threard\/les-jeunes-chomeurs-les-grands-cocus-de-hollande-2865598\n\n-&#8220;Emmanuel Macron joue \u00e0 installer sa candidature&#8221; (Alba Ventura; vid\u00e9o) : http:\/\/www.rtl.fr\/actu\/politique\/presidentielle-2017-emmanuel-macron-joue-a-installer-sa-candidature-juge-alba-ventura-7785136789\n\n-&#8220;EE-LV, vers une primaire en demi-teinte (Christophe Barbier; vid\u00e9o) : http:\/\/www.bfmtv.com\/mediaplayer\/video\/l-edito-de-christophe-barbier-eelv-vers-une-primaire-en-demi-teinte-874027.html\n\n<strong>-&#8220;J&#8217;ai beaucoup de choses \u00e0 dire et je ne me priverai pas de le faire. Alain Jupp\u00e9 est mieux plac\u00e9 que moi pour rassembler dans une situation aussi grave. Je ne vise pas Matignon&#8221; (Fran\u00e7ois Bayrou, pr\u00e9sident du MoDem; interrog\u00e9 par Caroline Roux; vid\u00e9o) <\/strong> : http:\/\/www.france2.fr\/emissions\/telematin\/actu\/francois-bayoru_512939\n\n<strong>-Alain Jupp\u00e9 dans &#8220;L&#8217;Emission politique&#8221; sur France 2 (vid\u00e9o pendant 6 jours) :  <\/strong>  http:\/\/pluzz.francetv.fr\/videos\/l_emission_politique_saison1_,146616543.html\n\n-Cinq extraits (vid\u00e9os) : http:\/\/www.francetvinfo.fr\/politique\/les-republicains\/primaire-de-la-droite\/videos-les-cinq-extraits-a-retenir-de-l-emission-politique-avec-alain-juppe_1860319.html#xtor=EPR\n\n-Les principaux moments : http:\/\/www.lefigaro.fr\/politique\/2016\/10\/06\/01002-20161006LIVWWW00328-alain-juppe-direct-live-france2-primaire-presidentielle.php                                                                                         http:\/\/www.sudouest.fr\/2016\/10\/06\/que-retenir-de-l-intervention-d-alain-juppe-sur-france-2-2526060-4693.php\n\n-&#8220;Est-ce qu&#8217;on demande \u00e0 un pr\u00e9sident de la R\u00e9publique de nous faire r\u00eaver ? Non&#8221;(Benoist Apparu, d\u00e9put\u00e9 LR de la Marne, porte-parole d&#8217;Alain Jupp\u00e9; interrog\u00e9 par Jean-Jacques Bourdin; vid\u00e9o) : http:\/\/www.bfmtv.com\/mediaplayer\/video\/benoist-apparu-a-jean-jacques-bourdin-en-direct-873925.html\n\n-Herv\u00e9 Mariton, d\u00e9put\u00e9 LR de la Dr\u00f4me, soutient aussi le maire de Bordeaux (invit\u00e9 de la matinale de LCI; vid\u00e9o) : http:\/\/www.lci.fr\/replay\/replay-l-invite-politique-du-6-octobre-2016-herve-mariton-2006369.html%3Ftype=content\n\n-Fr\u00e9d\u00e9ric Lefebvre aussi : http:\/\/www.lemonde.fr\/election-presidentielle-2017\/article\/2016\/10\/06\/primaire-de-la-droite-frederic-lefebvre-annonce-son-ralliement-a-alain-juppe_5009532_4854003.html#xtor=AL-32280270\n\n-&#8220;Ce n&#8217;est pas aux candidats de dire qui va voter. C&#8217;est la primaire de l&#8217;alternance. Elle est ouverte&#8221; (NKM, d\u00e9put\u00e9e LR de l&#8217;Essonne; interrog\u00e9e par Elisabeth Martichoux; vid\u00e9o) : http:\/\/www.rtl.fr\/actu\/politique\/primaire-les-republicains-ce-n-est-pas-aux-candidats-de-decider-qui-va-voter-dit-nkm-7785137578\n\n-Christian Estrosi, pr\u00e9sident LR de la r\u00e9gion PACA,  rompt les n\u00e9gociations avec la SNCF sur la reconduction de la convention sur le r\u00e9seau de TER (son et vid\u00e9o) : http:\/\/www.rtl.fr\/actu\/societe-faits-divers\/reseau-ter-en-region-paca-les-usagers-sont-excedes-par-la-situation-7785143258                                                                                                                                                               https:\/\/www.youtube.com\/watch?v=oR1_H2x0xCs\n\n-Comment le programme d&#8217;Alain Jupp\u00e9 tente de se diff\u00e9rencier (Valentine Pasquesoone) : http:\/\/www.francetvinfo.fr\/politique\/alain-juppe\/primaire-a-droite-comment-le-programme-dalain-juppe-tente-de-se-differencier_1856023.html#xtor=EPR\n\n-Les principaux points de celui de NKM (Laureline Dupont; vid\u00e9o, amener le curseur sur 2:50) : http:\/\/rmc.bfmtv.com\/mediaplayer\/video\/qg-bourdin-2017-quels-sont-les-principaux-points-du-programme-de-nathalie-kosciusko-morizet-873909.html\n\n-&#8220;Le cercle des giscardiens disparus&#8221; (Renaud D\u00e9ly, directeur de Marianne; son) : https:\/\/www.franceinter.fr\/emissions\/histoires-politiques\/histoires-politiques-06-octobre-2016\n\n<em>-Ce que disent les sondages sur la primaire de la droite et du centre (infographie) :<\/em> http:\/\/www.francetvinfo.fr\/politique\/les-republicains\/primaire-de-la-droite\/infographie-primaire-a-droite-ce-que-disent-les-sondages_1825957.html#xtor=EPR\n\n<strong>-&#8220;Sans les voix des sympathisants du FN, Nicolas Sarkozy serait largement battu&#8221; (Maxime Ferrer) : <\/strong> http:\/\/www.lemonde.fr\/les-decodeurs\/article\/2016\/10\/06\/primaire-de-la-droite-sans-les-voix-des-sympathisants-fn-nicolas-sarkozy-serait-largement-battu_5009286_4355770.html#xtor=AL-32280270\n\n-La France est en panne d&#8217;id\u00e9ologie&#8221; (Alain Duhamel; interrog\u00e9 par Guillaume Durand; vid\u00e9o) : http:\/\/www.dailymotion.com\/video\/x4wai5r_la-france-est-en-panne-d-ideologie-alain-duhamel-06-10-2016_news\n\n<strong>-&#8220;Moi Pr\u00e9sident. M\u00e9lissa, 33 ans, quatre enfants, vit en r\u00e9gion parisienne. Avec Herv\u00e9 Pauchon; vid\u00e9o) <\/strong> : https:\/\/www.franceinter.fr\/emissions\/moi-president\/moi-president-06-octobre-2016\n\n-&#8220;Je suis la preuve que nous faisons confiance aux jeunes. Il n&#8217;y a pas de raisons qui fassent que Jean-Luc M\u00e9lenchon ne puisse pas \u00eatre candidat. Acheter des trains \u00e0 l&#8217;\u00e9tranger puis se plaindre qu&#8217;Alstom n&#8217;a pas de commandes, \u00e7a n&#8217;a pas de sens. L&#8217;Europe va rejeter ce plan. Avec l&#8217;argent mis dedans, on pourrait faire une nationalisation partielle d&#8217;Alstom&#8221; (David Rachline, directeur de campagne de Marine Le Pen; interrog\u00e9 par Audrey Crespo-Mara; vid\u00e9o) :  http:\/\/www.lci.fr\/replay\/replay-david-rachline-est-l-invite-politique-de-lci-2005920.html%3Ftype=content\n\n<strong>-Que repr\u00e9sente encore Jean-Marie Le Pen dans l&#8217;\u00e9lectorat du FN ? (le d\u00e9mographe Herv\u00e9 Le Bras et le sociologue Sylvain Cr\u00e9pon; vid\u00e9o) <\/strong> : http:\/\/www.bfmtv.com\/mediaplayer\/video\/jean-marie-le-pen-represente-t-il-encore-un-electorat-consequent-dans-la-galaxie-fn-873891.html\n\n<em>-Le barom\u00e8tre politique (YOUGOV)<\/em> : https:\/\/fr.yougov.com\/news\/2016\/10\/06\/resultats-du-barometre-yougov-france-le-huffington\/\n\n<em>-Des Fran\u00e7ais ouverts aux r\u00e9formes (YOUGOV)<\/em> : https:\/\/fr.yougov.com\/news\/2016\/10\/06\/des-francais-ouverts-aux-reformes\/\n\n<strong>EUROPE-MONDE<\/strong>\n\n<strong>-Plus de 11 000 migrants secourus en M\u00e9diterran\u00e9e en 48 heures (vid\u00e9o) : <\/strong> http:\/\/nr.news-republic.com\/Web\/ArticleWeb.aspx?regionid=2&#038;articleid=74488301\n\n-Un nouveau dispositif pour le contr\u00f4le des fronti\u00e8res ext\u00e9rieures de l&#8217;Europe (Camille Adaoust; vid\u00e9o) : http:\/\/www.francetvinfo.fr\/monde\/europe\/migrants\/video-europe-un-nouveau-dispositif-pour-le-controle-des-frontieres-exterieures_1857511.html#xtor=EPR\n\n<strong>-Avant son d\u00e9part pour la Russie, l&#8217;interview int\u00e9grale de Jean-Marc Ayrault par Yves Calvi (vid\u00e9o, amener le curseur sur 1:05:10) <\/strong> : http:\/\/www.lci.fr\/replay\/replay-calvi-24-heures-en-questions-du-5-octobre-2016-2006335.html%3Ftype=content\n\n-Dresde accueille &#8220;les chasseurs de migrants&#8221; bulgares en h\u00e9ros (Alexandre L\u00e9vy) : https:\/\/www.letemps.ch\/monde\/2016\/10\/05\/dresde-accueille-chasseurs-migrants-bulgares-heros?utm_source\n\n-Theresa May confirme sa ligne sur le Brexit (vid\u00e9o) :  http:\/\/nr.news-republic.com\/Web\/ArticleWeb.aspx?regionid=2&#038;articleid=74498623\n\n-&#8220;Son choix&#8221; (Bernard Guetta; son) : https:\/\/www.franceinter.fr\/emissions\/geopolitique\/geopolitique-06-octobre-2016\n\n<strong>-La Pologne renonce \u00e0 interdire totalement l&#8217;IVG (Jakub Iwaniuk; vid\u00e9o) : <\/strong> http:\/\/www.lemonde.fr\/europe\/video\/2016\/10\/06\/pologne-les-ultraconservateurs-ont-voulu-eviter-un-retour-de-baton-sur-l-avortement_5009321_3214.html\n\n-Elle renonce aussi \u00e0 acheter des h\u00e9licopt\u00e8res fran\u00e7ais (Michel Cabirol) : http:\/\/www.latribune.fr\/entreprises-finance\/industrie\/aeronautique-defense\/si-si-la-pologne-a-enfin-renonce-a-acheter-des-helicopteres-francais-604934.html#xtor=EPR\n\n<strong>-&#8220;L&#8217;Europe de la d\u00e9fense nouvelle arl\u00e9sienne ou vrai projet&#8221; (Au &#8220;T\u00e9l\u00e9phone sonne&#8221; de France Inter; vid\u00e9o) :<\/strong> http:\/\/www.dailymotion.com\/video\/x4wb5y4_l-europe-de-la-defense-nouvelle-arlesienne-ou-vrai-projet-le-telephone-sonne-europe_news\n\n-Vladimir Poutine appelle la nouvelle Douma &#8220;\u00e0 faire un pays fort&#8221; (vid\u00e9o) : http:\/\/nr.news-republic.com\/Web\/ArticleWeb.aspx?regionid=2&#038;articleid=74497072\n\n-&#8220;A Mossoul, la guerre est d\u00e9j\u00e0 l\u00e0&#8221; (un reportage de Philippe Rand\u00e9; son) : https:\/\/www.franceinter.fr\/emissions\/le-zoom-de-la-redaction\/le-zoom-de-la-redaction-06-octobre-2016\n\n<strong>-A Alep, &#8220;les casques blancs au coeur de l&#8217;enfer&#8221; (vid\u00e9o) <\/strong> : http:\/\/www.francetvinfo.fr\/monde\/revolte-en-syrie\/syrie-les-casques-blancs-au-coeur-de-l-enfer_1859453.html#xtor=EPR-744\n\n<strong>-En Afrique, le sort des gardes qui prot\u00e8gent les animaux (Yolaine de la Bigne; son) : <\/strong> http:\/\/www.sudradio.fr\/Podcasts\/Quelle-epoque-ethique\/Les-Black-Mambas\n\n-&#8220;Philip Morris change de m\u00e9tier&#8221; (Servan Peca) : https:\/\/www.letemps.ch\/economie\/2016\/10\/06\/philip-morris-change-metier?utm_source\n\n-&#8220;Une Colombie qui dit &#8220;non&#8221;, l&#8217;autre  &#8220;oui&#8221; \u00e0 la paix avec les Farc (vid\u00e9o) : http:\/\/nr.news-republic.com\/Web\/ArticleWeb.aspx?regionid=2&#038;articleid=74521287\n\n-Le pr\u00e9sident Juan Manuel Santos &#8220;juge la paix proche&#8221; (vid\u00e9o) : http:\/\/nr.news-republic.com\/Web\/ArticleWeb.aspx?regionid=2&#038;articleid=74506044\n\n<strong>-De nombreux Colombiens dans la rue pour soutenir le processus de paix avec les Farc (vid\u00e9o) :<\/strong> http:\/\/www.lemonde.fr\/ameriques\/video\/2016\/10\/06\/de-nombreux-colombiens-dans-la-rue-pour-soutenir-le-processus-de-paix-avec-les-farc_5009382_3222.html#xtor=AL-32280270\n\n<strong>-Les fugueuses de la Cor\u00e9e du Sud (un reportage de Fr\u00e9d\u00e9ric Ojardias; son) :  <\/strong> https:\/\/www.franceinter.fr\/emissions\/journal-d-outre-mer-1ere\/journal-d-outre-mer-1ere-06-octobre-2016\n\n-La juriste Val\u00e9rie Cabanes milite pour une reconnaissance mondiale de &#8220;l&#8217;\u00e9cocide&#8221; (interrog\u00e9e par Eric Delvaux; son) : https:\/\/www.franceinter.fr\/emissions\/l-invite-du-5-7\/l-invite-du-5-7-06-octobre-2016\n\n-L&#8217;accord de Paris sur le climat entrera en vigueur dans trente jours : http:\/\/www.francetvinfo.fr\/meteo\/climat\/cop21\/climat-l-accord-de-paris-entrera-en-vigueur-dans-30-jours-un-record-selon-segolene-royal_1857705.html#xtor=EPR-2\n\n<strong>-Le consensus autour de la candidature du Portugais Antonio Guterres pour le secr\u00e9tariat g\u00e9n\u00e9ral de l&#8217;ONU (Fr\u00e9d\u00e9ric Autran) <\/strong> : http:\/\/www.liberation.fr\/planete\/2016\/10\/06\/pourquoi-antonio-guterres-a-mis-tout-le-monde-d-accord-pour-prendre-la-tete-de-l-onu_1519979\n\n-Il a obtenu le soutien unanime des 15 membres du Conseil de s\u00e9curit\u00e9 : http:\/\/www.rfi.fr\/general\/20161006-guterres-secretaire-general-onu-doutes-syrie-yemen-soudan-sud\n\n<strong>CULTURE-MEDIAS<\/strong>\n\n<strong>-Ecouter Jean-Pierre Sauvage, prix Nobel de chimie 2016, parler de ses travaux sur les plus petites machines du monde (sons) : <\/strong> http:\/\/www.franceculture.fr\/sciences\/le-nobel-de-chimie-couronne-un-francais-pere-des-plus-petites-machines-du-monde#\n\n-Il \u00e9tait interrog\u00e9 par Jean-Jacques Bourdin (son) : http:\/\/rmc.bfmtv.com\/mediaplayer\/video\/on-arrive-a-diriger-les-molecules-ce-qui-etait-totalement-illusoire-il-y-a-20-ans-873955.html\n\n<strong>-&#8220;Les id\u00e9es ne nous touchent que lorsqu&#8217;elles sont accompagn\u00e9es d&#8217;affects&#8221; (le philosophe, th\u00e9oricien de la pens\u00e9e spinoziste, Fr\u00e9d\u00e9ric Lordon; invit\u00e9 de Guillaume Erner; sons) :<\/strong>  http:\/\/www.franceculture.fr\/emissions\/linvite-des-matins\/frederic-lordon-le-retour-des-passions-politiques#xtor=EPR  \n\n-&#8220;L&#8217;\u00e9poque r\u00e9volutionnaire fran\u00e7aise est hors du commun&#8221; (Jean-Luc M\u00e9lenchon; vid\u00e9o) :       http:\/\/www.lemonde.fr\/politique\/video\/2016\/10\/05\/jean-luc-melenchon-l-epoque-revolutionnaire-francaise-est-hors-du-commun_5008782_823448.html       \n\n-&#8220;Je suis oppos\u00e9 \u00e0 la lutte arm\u00e9e&#8221; (vid\u00e9o) : http:\/\/www.lemonde.fr\/election-presidentielle-2017\/video\/2016\/10\/06\/jean-luc-melenchon-je-suis-oppose-a-la-lutte-armee_5009443_4854003.html#xtor=AL-32280270                                                                                                    \n\n<strong>Ce vendredi 7 octobre, l&#8217;Institut du Monde Arabe organise une journ\u00e9e de soutien aux artistes en exil (Sophie Rahal) :<\/strong> http:\/\/www.telerama.fr\/scenes\/artistes-en-exil-tant-qu-on-est-vivant-cette-lutte-continuera,148247.php#xtor=EPR-126-newsletter_tra-20161006\n\n-R\u00e9p\u00e9titions au Nouveau Th\u00e9\u00e2tre de Montreui (93) de &#8220;Corbeaux&#8221;, dans une chor\u00e9graphie de Bouchra Ouizguen (vid\u00e9o) :  https:\/\/www.youtube.com\/watch?feature=share&#038;v=X46vhwujbg4&#038;app=desktop\n\n<strong>-Les &#8220;P\u00e9ch\u00e9s capitaux&#8221; de Claudio Monteverdi au Palais des Doges de Venise (vid\u00e9o int\u00e9grale)<\/strong> : http:\/\/culturebox.francetvinfo.fr\/live\/musique\/musique-classique\/peches-capitaux-de-monteverdi-au-palais-des-doges-de-venise-244691#xtor=EREC\n\n-Une affaire de pr\u00e9sum\u00e9s faux tableaux \u00e9branle le milieu de l&#8217;art au niveau mondial (Zo\u00e9 Sfez; son) : http:\/\/www.franceculture.fr\/emissions\/le-journal-de-la-culture\/une-affaire-de-presumes-faux-tableaux-ebranle-le-milieu-de-lart#xtor=EPR\n\n-La photographie, l&#8217;autre tr\u00e9sor du mus\u00e9e du Quai Branly (St\u00e9phane Hilarion; vid\u00e9o : http:\/\/culturebox.francetvinfo.fr\/expositions\/photo\/la-photographie-l-autre-tresor-du-musee-du-quai-branly-246897#xtor=EREC\n\n-&#8220;Six pi\u00e8ces pour se r\u00e9concilier avec la com\u00e9die de boulevard&#8221; (Fabienne Pascaud) : http:\/\/www.telerama.fr\/sortir\/six-pieces-pour-se-reconcilier-avec-la-comedie-de-boulevard,148335.php#xtor=EPR\n\n<strong>-Bertrand Tavernier \u00e9tait l&#8217;invit\u00e9 d&#8217;Augustin Trapenard (son) : <\/strong> https:\/\/www.franceinter.fr\/emissions\/boomerang\/boomerang-06-octobre-2016\n\n-&#8220;Plaza de la Soledad&#8221;, le film choc de Maya Goded sur le commerce sexuel mexicain (Jos\u00e9phine Bind\u00e9; vid\u00e9o) : http:\/\/www.telerama.fr\/sortir\/plaza-de-la-soledad-le-film-choc-de-maya-goded-sur-le-commerce-sexuel-mexicain,148244.php#xtor=EPR\n\n<strong>-&#8220;Les P\u00e9pites&#8221;, le film documentaire de Xavier de Lauzanne, consacr\u00e9 aux enfants chiffonniers de Phnom Penh (Odile Morain; vid\u00e9os) :<\/strong> http:\/\/culturebox.francetvinfo.fr\/expositions\/photo\/la-photographie-l-autre-tresor-du-musee-du-quai-branly-246897#xtor=EREC\n\n-Jacques  Higelin de retour avec &#8220;Higelin 75&#8221; (vid\u00e9os) :  http:\/\/culturebox.francetvinfo.fr\/musique\/chanson-francaise\/jacques-higelin-de-retour-avec-higelin-75-246931#xtor=EREC\n\n-Vincent Delerm en session priv\u00e9e au studio Harcourt (Lice Gancel et Basile Lemaire; vid\u00e9o) : http:\/\/www.telerama.fr\/musique\/son-lumiere-vincent-delerm-en-session-privee,148182.php#xtor=EPR\n\n-Le nouveau clip de &#8220;Chocolat&#8221;, le groupe canadien d&#8217;indie psych\u00e9d\u00e9lique (Olivier Lamm; vid\u00e9o) : http:\/\/next.liberation.fr\/musique\/2016\/10\/06\/le-son-du-jour-23-le-nouveau-clip-multicolore-de-chocolat_1519864?xtor=EPR\n\n<strong>-&#8220;Le groupe Pixies revient&#8221;(Rebecca Manzoni; vid\u00e9o) : <\/strong> https:\/\/www.franceinter.fr\/emissions\/pop-co\/pop-co-06-octobre-2016\n\n-Retrouver le groupe Blur avec Fran\u00e7ois Gorin (vid\u00e9o) : http:\/\/www.telerama.fr\/musique\/blur-2-deja-un-plan-pour-en-sortir,148333.php#xtor=EPR\n\n-Rod Temperton, auteur de grands tubes de Michael Jackson, est mort (Annie Yanb\u00e9kian (vid\u00e9os et sons) : http:\/\/culturebox.francetvinfo.fr\/musique\/pop\/rod-temperton-auteur-de-grands-tubes-de-michael-jackson-est-mort-246943#xtor=EREC\n\n-Les \u00e9tudiants chantent Vladimir Cosma, sous sa direction, \u00e0 la Sorbonne (vid\u00e9o) : http:\/\/www.lci.fr\/musique\/jt-13h-vladimir-cosma-de-retour-sur-les-bancs-de-la-sorbonne-2006406.html%3Ftype=content\n\n<strong>-A voir ici jusqu&#8217;\u00e0 samedi et dimanche sur France 5 \u00e0 20H45, &#8220;Les gangsters et la R\u00e9publique&#8221;, un documentaire de Fr\u00e9d\u00e9ric Ploquin (Isabelle Poitte; vid\u00e9o) : <\/strong> http:\/\/television.telerama.fr\/television\/a-voir-en-avant-premiere-les-gangsters-et-la-republique,148348.php#xtor=EPR\n\n-Pour la F\u00eate de la VOD, location de films \u00e0 petits prix ce week-end (Alexandre Hervaud; vid\u00e9o) : http:\/\/next.liberation.fr\/cinema\/2016\/10\/06\/a-2-euros-le-film-est-ce-vraiment-la-fete-de-la-vod_1519881?xtor=EPR\n\n-&#8220;Le scandale Yahoo ! relance le d\u00e9bat sur la surveillance de l&#8217;internet&#8221; (St\u00e9phane Bussard) : https:\/\/www.letemps.ch\/monde\/2016\/10\/05\/scandale-yahoo-relance-debat-surveillance-linternet?utm_source\n\n<strong>-&#8220;France 3, politique, chanson &#8230;et culture&#8221; (Sonia Devillers re\u00e7oit Dana Hastier, la directrice de la cha\u00eene; vid\u00e9o)<\/strong> : http:\/\/www.dailymotion.com\/video\/x4wau3q_france-3-politique-chanson-et-culture_news\n\n-La BBC ne recule devant rien pour sensibiliser \u00e0 l&#8217;ob\u00e9sit\u00e9 (Bertrand Villegas; vid\u00e9o) : http:\/\/television.telerama.fr\/television\/la-bbc-ne-recule-devant-rien-pour-sensibiliser-a-l-obesite,148169.php#xtor=EPR\n\n<em>-A quoi ressemblera la communication de demain ? (SOFRES) <\/em> : http:\/\/www.tns-sofres.com\/publications\/digitale-personnalisee-humaine-a-quoi-ressemblera-la-communication-de-demain\n\n<strong>-&#8220;La solution Alstom appliqu\u00e9e aux barquettes en alu&#8221; (Charline Vanhoenacker; vid\u00e9o) <\/strong> : https:\/\/www.franceinter.fr\/emissions\/le-billet-de-charline-vanhoenacker\/le-billet-de-charline-vanhoenacker-06-octobre-2016\n<h2 class=\"wp-block-heading\">Documents joints<\/h2>\n\n\n\n<div class=\"wp-block-file\"><a href=\"https:\/\/wp.muchomaas.com\/wp-content\/uploads\/2016\/10\/inevitable_choc_a_notre-f2a.pdf\">inevitable_choc_a_notre.pdf<\/a><\/div>\n\n\n","protected":false},"excerpt":{"rendered":"<p>ACTUALITE -&#8220;Il y aura forc\u00e9ment des transferts et des suppressions de postes, c&#8217;est encore en n\u00e9gociation&#8221; (Marwan Lahoud, directeur de la strat\u00e9gie d&#8217;Airbus; interrog\u00e9 par Nicolas Pierron; vid\u00e9o) : http:\/\/www.dailymotion.com\/video\/x4wahfs_il-y-aura-forcement-des-transferts-et-suppression-de-postes-c-est-encore-en-negociation-marwan-laho_news -Les Fran\u00e7ais et la politique de l&#8217;offre (ODOXA) : http:\/\/www.odoxa.fr\/les-francais-approuvent-la-politique-de-loffre-mais-79-estiment-que-les-entreprises-nont-pas-joue-le-jeu\/ -&#8220;Toujours plus de niches fiscales&#8221; (Dominique Seux des &#8220;Echos&#8221;; son) : https:\/\/www.franceinter.fr\/emissions\/l-edito-eco\/l-edito-eco-06-octobre-2016 -&#8220;Les quatre faiblesses [&hellip;]<\/p>\n","protected":false},"author":1042,"featured_media":0,"comment_status":"open","ping_status":"open","sticky":false,"template":"","format":"standard","meta":{"_themeisle_gutenberg_block_has_review":false,"footnotes":""},"categories":[151],"tags":[],"class_list":["post-9910","post","type-post","status-publish","format-standard","hentry","category-la-revue-de-presse-de-lulu"],"_links":{"self":[{"href":"https:\/\/archives.regards.fr\/index.php?rest_route=\/wp\/v2\/posts\/9910","targetHints":{"allow":["GET"]}}],"collection":[{"href":"https:\/\/archives.regards.fr\/index.php?rest_route=\/wp\/v2\/posts"}],"about":[{"href":"https:\/\/archives.regards.fr\/index.php?rest_route=\/wp\/v2\/types\/post"}],"author":[{"embeddable":true,"href":"https:\/\/archives.regards.fr\/index.php?rest_route=\/wp\/v2\/users\/1042"}],"replies":[{"embeddable":true,"href":"https:\/\/archives.regards.fr\/index.php?rest_route=%2Fwp%2Fv2%2Fcomments&post=9910"}],"version-history":[{"count":0,"href":"https:\/\/archives.regards.fr\/index.php?rest_route=\/wp\/v2\/posts\/9910\/revisions"}],"wp:attachment":[{"href":"https:\/\/archives.regards.fr\/index.php?rest_route=%2Fwp%2Fv2%2Fmedia&parent=9910"}],"wp:term":[{"taxonomy":"category","embeddable":true,"href":"https:\/\/archives.regards.fr\/index.php?rest_route=%2Fwp%2Fv2%2Fcategories&post=9910"},{"taxonomy":"post_tag","embeddable":true,"href":"https:\/\/archives.regards.fr\/index.php?rest_route=%2Fwp%2Fv2%2Ftags&post=9910"}],"curies":[{"name":"wp","href":"https:\/\/api.w.org\/{rel}","templated":true}]}}