{"id":9903,"date":"2016-10-05T18:13:28","date_gmt":"2016-10-05T16:13:28","guid":{"rendered":"https:\/\/wp.muchomaas.com\/article-kerviel-ni-trader-fou-ni-egerie-de-gauche\/"},"modified":"2023-06-23T23:23:08","modified_gmt":"2023-06-23T21:23:08","slug":"article-kerviel-ni-trader-fou-ni-egerie-de-gauche","status":"publish","type":"post","link":"https:\/\/archives.regards.fr\/?p=9903","title":{"rendered":"Kerviel : ni trader fou, ni \u00e9g\u00e9rie de gauche"},"content":{"rendered":"<p class=\"post_excerpt\">La pr\u00e9sence de J\u00e9r\u00f4me Kerviel au meeting de Nicolas Dupont-Aignan n&#8217;aurait pas d\u00fb \u00e9tonner, estiment, \u00e0 gauche, ceux qui ont \u00e9pous\u00e9 sa cause : ce sont sa trajectoire et son &#8220;affaire&#8221; qui ont une port\u00e9e politique, pas sa personnalit\u00e9.<\/p>\n<p>Pour un peu, J\u00e9r\u00f4me Kerviel serait comme Leonard Zelig, le personnage-cam\u00e9l\u00e9on du film de Woody Allen que l&#8217;on retrouve en toutes sortes de compagnies, qui se fond dans n&#8217;importe quel milieu. Sa pr\u00e9sence, dimanche, au meeting de Nicolas Dupont-Aignan est en tout cas apparue contradictoire avec la proximit\u00e9 affich\u00e9e jusqu&#8217;alors avec quelques repr\u00e9sentants de la gauche mobilis\u00e9e contre les d\u00e9rives de la finance : \u00e0 la F\u00eate de L&#8217;Humanit\u00e9 2014 avec Jean-Luc M\u00e9lenchon (<em>\u00ab un homme qui m&#8217;a tenu la main au moment o\u00f9 j&#8217;\u00e9tais le plus mal \u00bb<\/em>, avait d\u00e9clar\u00e9 l&#8217;int\u00e9ress\u00e9) ou \u00e0 l&#8217;universit\u00e9 d&#8217;\u00e9t\u00e9 2015 des Verts \u00e0 l&#8217;invitation de Julien Bayou.<\/p>\n<p>C&#8217;est oublier que Kerviel s&#8217;\u00e9tait aussi (furtivement) entretenu en f\u00e9vrier 2014 avec le pape Fran\u00e7ois qui, malgr\u00e9 le progressisme qu&#8217;on lui pr\u00eate assez g\u00e9n\u00e9reusement, n&#8217;\u00e9marge pas encore dans les rangs de l&#8217;ultra-gauche. De Rome, l&#8217;ex-courtier avait entam\u00e9 <em>\u00ab une marche contre la tyrannie des march\u00e9s \u00bb<\/em> selon les termes de son avocat David Koubbi. De &#8220;L\u00e8ve-toi et marche&#8221; \u00e0 &#8220;Debout la France&#8221;, il y a certes une logique, mais tout cela n&#8217;aide par \u00e0 cerner un personnage dont la mise en sc\u00e8ne peut parfois sembler opportuniste. Du moins si l&#8217;on exige de lui une coh\u00e9rence politique dans le choix de ses apparitions.<\/p>\n<h2>La port\u00e9e d&#8217;une trajectoire<\/h2>\n<p>L&#8217;incompr\u00e9hension n\u00e9e de sa pr\u00e9sence au rassemblement de La France debout proc\u00e8de plut\u00f4t d&#8217;un malentendu. <em>\u00ab Il ne faut pas plaquer sur ce que fait J\u00e9r\u00f4me Kerviel le regard partisan d&#8217;une formation politique \u00bb<\/em>, assure Alexis Corbi\u00e8re, dont le lancement du livre <em>Le pi\u00e8ge des primaires<\/em> avait eu lieu en pr\u00e9sence de l&#8217;ex-trader, fin ao\u00fbt. Soulignant que ce dernier n&#8217;a pas apport\u00e9 son soutien \u00e0 Nicolas Dupont-Aignan, le porte-parole de Jean-Luc M\u00e9lenchon estime qu&#8217;il <em>\u00ab r\u00e9pond simplement aux invitations de ceux qui l&#8217;ont soutenu \u00bb<\/em>. M\u00eame teneur dans les propos de Julien Bayou (EELV, auteur de <em>Kerviel: une affaire d&#8217;\u00c9tat<\/em>) : <\/p>\n<blockquote><p>\u00ab J\u00e9r\u00f4me Kerviel peut tout \u00e0 fait se pr\u00e9senter \u00e0 un meeting sans que cela exprime une pr\u00e9f\u00e9rence partisane. Il n&#8217;y aurait rien de surprenant \u00e0 ce qu&#8217;il aille voir Yann Galut, Isabelle Attard, Georges Fenech ou Benoist Apparu, qui se sont tous int\u00e9ress\u00e9s \u00e0 cette affaire \u00bb. <\/p><\/blockquote>\n<p>La port\u00e9e du symbole Kerviel tiendrait plus du caract\u00e8re singulier de sa trajectoire que sa personne, m\u00eame si celle-ci a s\u00e9duit quelques-uns de ceux qui ont \u00e9pous\u00e9 sa lutte. <em>\u00ab J&#8217;ai beaucoup d&#8217;affection pour lui. C&#8217;est un type courageux et un honn\u00eate homme qui m\u00e9rite qu&#8217;on se batte pour lui \u00bb<\/em>, estime Alexis Corbi\u00e8re : <\/p>\n<blockquote><p>\u00ab Il a \u00e9norm\u00e9ment \u00e9volu\u00e9 depuis le moment o\u00f9 il \u0153uvrait dans les soutes de ce syst\u00e8me au sein duquel il \u00e9tait, selon ses propres termes, &#8220;une bonne gagneuse&#8221; pour la Soci\u00e9t\u00e9 G\u00e9n\u00e9rale \u00bb. <\/p><\/blockquote>\n<p>Pour le porte-parole d\u2019Europe \u00c9cologie-Les Verts, la chute de ce <em>\u00ab bouc \u00e9missaire \u00bb<\/em>, de ce <em>\u00ab repenti \u00bb<\/em> est porteuse de sens et elle le fonde \u00e0 <em>\u00ab parler techniquement d&#8217;un syst\u00e8me pourri reposant sur une sp\u00e9culation qui n&#8217;apporte rien \u00e0 l&#8217;\u00e9conomie r\u00e9elle \u00bb<\/em>. <\/p>\n<h2>\u00ab Un combat politique, pas partisan \u00bb<\/h2>\n<p>Car au-del\u00e0 de la personne et de son parcours, qui lui permettent de t\u00e9moigner des d\u00e9rives du capitalisme financier, c&#8217;est de toute fa\u00e7on l&#8217;affaire \u00e0 laquelle il est associ\u00e9 qui pr\u00e9sente un int\u00e9r\u00eat politique. Alexis Corbi\u00e8re voit <em>\u00ab quelque chose de paradigmatique dans cette histoire \u00bb<\/em>. En clair :<\/p>\n<blockquote><p>\u00ab Son cas particulier a permis de d\u00e9monter le fonctionnement et l&#8217;absurdit\u00e9 de ce syst\u00e8me dans lequel le probl\u00e8me n&#8217;est pas tel ou tel trader, mais la finance elle-m\u00eame \u00bb.<\/p><\/blockquote>\n<p>L&#8217;enjeu r\u00e9side en particulier dans la restitution de la ristourne fiscale obtenue par la Soci\u00e9t\u00e9 G\u00e9n\u00e9rale quand elle d\u00e9fendait <em>\u00ab la th\u00e8se du trader fou, brebis galeuse seule dans son coin \u00bb<\/em>. Pour Julien Bayou, <em>\u00ab Kerviel n&#8217;est certainement pas un lanceur d&#8217;alerte, mais il porte une cause qui rejoint l&#8217;int\u00e9r\u00eat du citoyen \u00bb<\/em> : <\/p>\n<blockquote><p>\u00ab Il s&#8217;agit de r\u00e9cup\u00e9rer les 2,2 milliards d&#8217;euros donn\u00e9s \u00e0 la banque quand elle se pr\u00e9tendait victime d&#8217;escroquerie, et de tirer les le\u00e7ons de cette affaire pour r\u00e9guler la finance \u00bb.<\/p><\/blockquote>\n<p><em>\u00ab Un combat hautement politique, mais nullement partisan \u00bb<\/em>, r\u00e9sume le militant \u00e9cologiste. H\u00e9ros d&#8217;une aventure qui a certes inspir\u00e9 des fictions \u2013 <a href=\"https:\/\/wp.muchomaas.com\/web\/article\/l-outsider-comment-la-societe-generale-a-cree-un-monstre\">le film <em>L&#8217;Outsider<\/em><\/a> et deux bandes dessin\u00e9es[[<em>Le Journal de J\u00e9r\u00f4me Kerviel<\/em> en 2008 et cette ann\u00e9e l&#8217;excellent <a href=\"https:\/\/wp.muchomaas.com\/nos-selections\/article\/les-aventuriers-de-la-finance-perdue\"><em>Les Aventuriers de la finance perdue<\/em><\/a>.]] \u2013 Kerviel n&#8217;a donc pas l&#8217;\u00e9toffe d&#8217;une \u00e9g\u00e9rie militante. <em>\u00ab On ne peut pas faire de J\u00e9r\u00f4me Kerviel une ic\u00f4ne de la gauche radicale, seulement une ic\u00f4ne du combat pour r\u00e9guler la finance \u00bb<\/em>, conclut Julien Bayou.<br \/>\n<div id='gallery-1' class='gallery galleryid-9903 gallery-columns-3 gallery-size-thumbnail'><figure class='gallery-item'>\n\t\t\t<div class='gallery-icon landscape'>\n\t\t\t\t<a href='https:\/\/archives.regards.fr\/wp-content\/uploads\/2016\/10\/kerviel-melenchon-b99.jpg'><img loading=\"lazy\" decoding=\"async\" width=\"150\" height=\"150\" src=\"https:\/\/archives.regards.fr\/wp-content\/uploads\/2016\/10\/kerviel-melenchon-b99-150x150.jpg\" class=\"attachment-thumbnail size-thumbnail\" alt=\"kerviel-melenchon.jpg\" \/><\/a>\n\t\t\t<\/div><\/figure>\n\t\t<\/div>\n<\/p>\n","protected":false},"excerpt":{"rendered":"<p>La pr\u00e9sence de J\u00e9r\u00f4me Kerviel au meeting de Nicolas Dupont-Aignan n&#8217;aurait pas d\u00fb \u00e9tonner, estiment, \u00e0 gauche, ceux qui ont \u00e9pous\u00e9 sa cause : ce sont sa trajectoire et son &#8220;affaire&#8221; qui ont une port\u00e9e politique, pas sa personnalit\u00e9.<\/p>\n","protected":false},"author":1188,"featured_media":23960,"comment_status":"open","ping_status":"open","sticky":false,"template":"","format":"standard","meta":{"_themeisle_gutenberg_block_has_review":false,"footnotes":""},"categories":[157],"tags":[464],"class_list":["post-9903","post","type-post","status-publish","format-standard","has-post-thumbnail","hentry","category-web","tag-jerome-kerviel"],"_links":{"self":[{"href":"https:\/\/archives.regards.fr\/index.php?rest_route=\/wp\/v2\/posts\/9903","targetHints":{"allow":["GET"]}}],"collection":[{"href":"https:\/\/archives.regards.fr\/index.php?rest_route=\/wp\/v2\/posts"}],"about":[{"href":"https:\/\/archives.regards.fr\/index.php?rest_route=\/wp\/v2\/types\/post"}],"author":[{"embeddable":true,"href":"https:\/\/archives.regards.fr\/index.php?rest_route=\/wp\/v2\/users\/1188"}],"replies":[{"embeddable":true,"href":"https:\/\/archives.regards.fr\/index.php?rest_route=%2Fwp%2Fv2%2Fcomments&post=9903"}],"version-history":[{"count":0,"href":"https:\/\/archives.regards.fr\/index.php?rest_route=\/wp\/v2\/posts\/9903\/revisions"}],"wp:featuredmedia":[{"embeddable":true,"href":"https:\/\/archives.regards.fr\/index.php?rest_route=\/wp\/v2\/media\/23960"}],"wp:attachment":[{"href":"https:\/\/archives.regards.fr\/index.php?rest_route=%2Fwp%2Fv2%2Fmedia&parent=9903"}],"wp:term":[{"taxonomy":"category","embeddable":true,"href":"https:\/\/archives.regards.fr\/index.php?rest_route=%2Fwp%2Fv2%2Fcategories&post=9903"},{"taxonomy":"post_tag","embeddable":true,"href":"https:\/\/archives.regards.fr\/index.php?rest_route=%2Fwp%2Fv2%2Ftags&post=9903"}],"curies":[{"name":"wp","href":"https:\/\/api.w.org\/{rel}","templated":true}]}}