{"id":9902,"date":"2016-10-06T08:24:36","date_gmt":"2016-10-06T06:24:36","guid":{"rendered":"https:\/\/wp.muchomaas.com\/article-la-revue-du-6-octobre-2016\/"},"modified":"2016-10-06T08:24:36","modified_gmt":"2016-10-06T06:24:36","slug":"article-la-revue-du-6-octobre-2016","status":"publish","type":"post","link":"https:\/\/archives.regards.fr\/?p=9902","title":{"rendered":"La Revue du 6 octobre 2016"},"content":{"rendered":"<p><strong>ACTUALITE<\/strong><\/p>\n<p>-&#8220;Pour les salari\u00e9s d&#8217;Alstom Belfort, le combat n&#8217;a pas \u00e9t\u00e9 vain&#8221; (Monique Clemens des &#8220;Echos&#8221;) : http:\/\/www.lesechos.fr\/industrie-services\/tourisme-transport\/0211357679687-alstom-belfort-pour-les-salaries-le-combat-na-pas-ete-vain-2032386.php#xtor=EPR<\/p>\n<p>-&#8220;Un sauvetage ubuesque&#8221; (Jean-Marc Vittori des &#8220;Echos&#8221;) : http:\/\/www.lesechos.fr\/industrie-services\/tourisme-transport\/0211358119613-alstom-un-sauvetage-ubuesque-2032387.php<\/p>\n<p>-&#8220;Le Mentir-vrai&#8221; (&#8220;Le Monde&#8221;) : http:\/\/www.lemonde.fr\/idees\/article\/2016\/10\/05\/alstom-ou-le-mentir-vrai_5008518_3232.html<\/p>\n<p>-Mettre des TGV sur des lignes Intercit\u00e9s, c&#8217;est &#8220;une aberration en termes d&#8217;\u00e9conomie et de service aux clients&#8221; (Gilles Dansart, sp\u00e9cialiste du transport ferroviaire; propos recueillis par Louis San) : http:\/\/www.francetvinfo.fr\/economie\/entreprises\/alstom\/alstom-mettre-des-tgv-sur-des-lignes-intercites-c-est-une-aberration-en-termes-d-economie-et-de-service-aux-clients_1855853.html#xtor=EPR<\/p>\n<p>-&#8220;L&#8217;Etat avait-il le choix ? On a assist\u00e9 au casse du si\u00e8cle&#8221; (sur BFMTV; vid\u00e9o) : http:\/\/www.bfmtv.com\/mediaplayer\/video\/sauvetage-d-alstom-l-etat-avait-il-le-choix-873549.html<\/p>\n<p>-Beaucoup moins de cars-Macron qu&#8217;annonc\u00e9s (vid\u00e9o) :<br \/>\nhttp:\/\/blog.francetvinfo.fr\/oeil-20h\/2016\/10\/05\/des-milliers-demploi-crees-par-les-cars-macron-vraiment.html#xtor=EPR-744<\/p>\n<p><strong>-&#8220;La s\u00e9lection en master instaur\u00e9e d\u00e8s la rentr\u00e9e 2017&#8221; (Camille Stromboni) : <\/strong> http:\/\/www.lemonde.fr\/campus\/article\/2016\/10\/04\/selection-en-master-un-accord-a-ete-conclu_5007596_4401467.html?xtmc=<\/p>\n<p>-&#8220;C&#8217;est un syst\u00e8me qui donne droit \u00e0 l&#8217;inclusion&#8221;(Jimmy Losfeld, pr\u00e9sident de la FAGE; son) : http:\/\/www.sudradio.fr\/Podcasts\/L-invite-pour-comprendre\/Jimmy-Losfeld-president-de-la-FAGE<\/p>\n<p>-&#8220;Une victoire d&#8217;ampleur pour les \u00e9tudiants&#8221; (l&#8217;UNEF; vid\u00e9o) : http:\/\/france3-regions.francetvinfo.fr\/paris-ile-de-france\/paris\/selection-etudiants-entree-master-paris-avis-partages-1101945.html#xtor=EPR<\/p>\n<p><em>-L&#8217;orientation scolaire des lyc\u00e9ens et des \u00e9tudiants selon les parents (IFOP) :<\/em> http:\/\/www.ifop.com\/?option=com_publication&#038;type=poll&#038;id=3509<\/p>\n<p>-Les industriels du m\u00e9dicament mobilis\u00e9s (Fran\u00e7ois Vidal; son) : http:\/\/www.radioclassique.fr\/player\/progaction\/iniPlayer\/podcast\/ledito-eco-2016-10-05-07-11-47.html<\/p>\n<p>-&#8220;Plus il y a d&#8217;\u00e9conomies, moins il y a d&#8217;innovations&#8221; (Patrick Errard, pr\u00e9sident des industries du m\u00e9dicament; interrog\u00e9 par Eric Delvaux; son) : https:\/\/www.franceinter.fr\/emissions\/l-invite-du-5-7\/l-invite-du-5-7-05-octobre-2016<\/p>\n<p>-&#8220;Orange va recruter 1 000 personnes suppl\u00e9mentaires entre 2016 et 2018&#8221; : http:\/\/www.humanite.fr\/orange-va-recruter-1-000-personnes-supplementaires-de-2016-2018-617003<\/p>\n<p>-&#8220;Groupama va l&#8217;aider \u00e0 devenir un op\u00e9rateur bancaire&#8221; (son pr\u00e9sident  Thierry Martel, interrog\u00e9 par Nicolas Pierron; son) : http:\/\/www.radioclassique.fr\/player\/progaction\/iniPlayer\/podcast\/linvite-de-leconomie-2016-10-05-07-16-40.html<\/p>\n<p><strong>-Selon le rapport du Haut conseil \u00e0 l&#8217;\u00e9galit\u00e9, &#8220;il y a une tol\u00e9rance extr\u00eame envers le viol en France&#8221; (le docteur Emmanuelle Piet, pr\u00e9sidente du Collectif f\u00e9ministe contre le viol; vid\u00e9o)<\/strong> :  https:\/\/www.youtube.com\/watch?v=hf5rMZzEBPs<\/p>\n<p>-&#8220;Le tabou, c&#8217;est d&#8217;en parler. Dans 90 % des cas, le violeur est un proche&#8221; (vid\u00e9o) : http:\/\/rmc.bfmtv.com\/mediaplayer\/video\/viol-le-tabou-c-est-d-en-parler-873651.html<\/p>\n<p><strong>-&#8220;Le viol est un ph\u00e9nom\u00e8ne massif&#8221; (Danielle Bousquet, la pr\u00e9sidente du Haut conseil; propos recueillis par Pascale Egr\u00e9)<\/strong> : http:\/\/www.leparisien.fr\/faits-divers\/le-viol-est-un-phenomene-massif-05-10-2016-6175833.php<\/p>\n<p><em>-Le communiqu\u00e9 et l&#8217;avis du Haut conseil (documents) : <\/em> http:\/\/www.haut-conseil-egalite.gouv.fr\/violences-de-genre\/actualites-69\/article\/publication-de-l-avis-pour-une-1137                                                                            http:\/\/www.haut-conseil-egalite.gouv.fr\/IMG\/pdf\/hce_avis_viol_2016_10_05-2-2.pdf<\/p>\n<p><strong>-&#8220;Les juges anti-terroristes sont ext\u00e9nu\u00e9s&#8221; (B\u00e9atrice Brug\u00e8re, secr\u00e9taire du syndicat FO des magistrats; interrog\u00e9e par Ruth Elkrief; vid\u00e9o) : <\/strong> http:\/\/www.bfmtv.com\/mediaplayer\/video\/beatrice-brugere-les-magistrats-antiterroristes-sont-extenues-873825.html<\/p>\n<p>-&#8220;Mon amiti\u00e9 m&#8217;a fait perdre ma lucidit\u00e9&#8221; (l&#8217;ancien commissaire lyonnais Michel Neyret (vid\u00e9o) : http:\/\/www.itele.fr\/chroniques\/grand-decryptage-olivier-galzi\/mon-amitie-ma-fait-perdre-ma-lucidite-se-defend-lancien-policier-michel-neyret-171251<\/p>\n<p>-&#8220;Les r\u00e9seaux de surveillance de la qualit\u00e9 de l&#8217;air ont des probl\u00e8mes de financement&#8221; (Nathalie Fontrel; son) : https:\/\/www.franceinter.fr\/emissions\/planete-environnement\/planete-environnement-05-octobre-2016<\/p>\n<p>-Que faire des d\u00e9chets chimiques m\u00e9nagers ? (Baptiste Gaborit; son) : http:\/\/www.radioclassique.fr\/player\/progaction\/iniPlayer\/podcast\/3-minutes-pour-la-planete-2016-10-05-06-46-44.html<\/p>\n<p>-Le petit d\u00e9jeuner des Fran\u00e7ais (Gabriel Tavoularis du Credoc; son) :  http:\/\/www.sudradio.fr\/Podcasts\/L-invite-pour-comprendre\/G.Tavoularis-Directeur-d-etudes-et-de-recherche-Pole-Consommation<\/p>\n<p>-En Loire Atlantique, du lait frais en direct des \u00e9leveurs (Yolaine de la Bigne; son) : http:\/\/www.sudradio.fr\/Podcasts\/Quelle-epoque-ethique\/Du-lait-frais-en-direct-des-eleveurs<\/p>\n<p>-Le journal d&#8217;Outre-mer (Edwige Saint Thomas; son) : https:\/\/www.franceinter.fr\/emissions\/journal-d-outre-mer-1ere\/journal-d-outre-mer-1ere-05-octobre-2016<\/p>\n<p><strong>POLITIQUE<\/strong><\/p>\n<p>-&#8220;Les commandes sont indispensables pour qu&#8217;Alstom vive \u00e0 Belfort. Si nous n&#8217;avions rien fait, que n&#8217;aurions-nous entendu !&#8221; (Michel Sapin, interrog\u00e9 par Jean-Pierre Elkabbach; vid\u00e9o) : http:\/\/www.europe1.fr\/emissions\/l-interview-politique\/alstom-sncf-diagnostic-du-fmi-emmanuel-macron-et-primaire-de-la-gauche-michel-sapin-repond-aux-questions-de-jean-pierre-elkabbach-2864812<\/p>\n<p>-&#8220;Nous assumons tr\u00e8s clairement ce geste politique d&#8217;anticipation&#8221; (Christophe Sirugue, le secr\u00e9taire d&#8217;Etat \u00e0 l&#8217;Industrie; interrog\u00e9 par Marc-Olivier Fogiel; son) : http:\/\/www.rtl.fr\/actu\/politique\/alstom-nous-assumons-tres-clairement-ce-geste-politique-d-anticipation-assure-christophe-sirugue-7785114424<\/p>\n<p>-&#8220;Pour la pr\u00e9sidentielle 2017, un candidat citoyen pour un vrai d\u00e9bat d\u00e9mocratique&#8221; (Robert Hue) : http:\/\/www.huffingtonpost.fr\/robert-hue\/presidentielle-2017-candidat-citoyen-soutien-sebastien-nadot_b_12329456.html<\/p>\n<p>-&#8220;Pierre Laurent &#8220;va entrer en campagne, grand bien nous fasse !&#8221; (Fran\u00e7ois Cocq) : https:\/\/cocq.wordpress.com\/2016\/10\/04\/pierre-laurent-va-entrer-en-campagne-grand-bien-nous-fasse\/<\/p>\n<p>-&#8220;Entre M\u00e9lenchon et Macron, les \u00e9lecteurs de gauche sans dessus dessous&#8221; (Bruno Rieth) : http:\/\/www.marianne.net\/presidentielle-entre-melenchon-macron-les-electeurs-gauche-sens-dessus-dessous-100246820.html<\/p>\n<p>-&#8220;Qu&#8217;Emmanuel Macron vienne d\u00e9fendre ses bonnes id\u00e9es dans le cadre de la primaire de la gauche&#8221; (Julien Dray, conseiller r\u00e9gional PS d&#8217;Ile-de-France; interrog\u00e9 par Ruth Elkrief; vid\u00e9o) : http:\/\/www.bfmtv.com\/mediaplayer\/video\/propositions-d-emmanuel-macron-il-faut-qu-il-vienne-defendre-ses-bonnes-idees-dans-le-cadre-de-la-primaire-de-la-gauche-julien-dray-873831.html<\/p>\n<p>-&#8220;Nous avons tendu la main aux d\u00e9partements mais pour n\u00e9gocier, il faut \u00eatre deux et de bonne volont\u00e9. Une partie des pr\u00e9sidents de droite est plus politicienne que politique&#8221; (le ministre Jean-Michel Baylet, invit\u00e9 de &#8220;Territoires d&#8217;Infos&#8221;; vid\u00e9o, amener le curseur sur 33:46) : http:\/\/www.sudradio.fr\/Politique\/L-interview-politique\/Jean-Michel-Baylet-ouvert-a-la-negociation-avec-les-departements<\/p>\n<p>-&#8220;Quoiqu&#8217;il arrive, nous demanderons des contreparties aux b\u00e9n\u00e9ficiaires du RSA&#8221; (Eric Straumann, pr\u00e9sident LR du Conseil d\u00e9partemental du Haut Rhin; interrog\u00e9 par Dimitri Pavlenko; son) : http:\/\/www.sudradio.fr\/Podcasts\/L-invite-pour-comprendre\/E.Straumann-president-LR-du-Conseil-Departemental-du-Haut-Rhin<\/p>\n<p>-&#8220;RSA contre b\u00e9n\u00e9volat&#8221; (Elodie For\u00eat; son) : https:\/\/www.franceinter.fr\/emissions\/grand-angle\/grand-angle-05-octobre-2016<\/p>\n<p>-&#8220;Ill\u00e9gal&#8221; selon le Tribunal administratif de Strasbourg : http:\/\/www.lemonde.fr\/societe\/article\/2016\/10\/05\/imposer-du-benevolat-en-echange-du-rsa-est-juge-illegal_5008363_3224.html<\/p>\n<p>-A Strasbourg, Emmanuel Macron charge Jupp\u00e9 et Sarkozy (vid\u00e9o) : http:\/\/www.francetvinfo.fr\/politique\/les-republicains\/primaire-de-la-droite\/video-en-meeting-a-strasbourg-emmannuel-macron-charge-alain-juppe-et-nicolas-sarkozy_1856215.html#xtor=EPR<\/p>\n<p><strong>-&#8220;On est loyal quand on est fid\u00e8le \u00e0 ses id\u00e9es, \u00e0 ses engagements&#8221; (Emmanuel Macron, interrog\u00e9 par Elisabeth Martichoux et par les auditeurs de RTL; vid\u00e9os) <\/strong> :                                      http:\/\/www.rtl.fr\/actu\/politique\/emmanuel-macron-sur-rtl-on-est-d-abord-loyal-quand-on-est-fidele-a-ses-idees-a-ses-engagements-7785120030                                                                      http:\/\/www.rtl.fr\/actu\/politique\/emmanuel-macron-est-l-invite-de-rtl-mercredi-5-octobre-et-repondra-a-vos-questions-7785111162                                                                                                   http:\/\/www.rtl.fr\/actu\/politique\/emmanuel-macron-sur-rtl-en-france-aucune-religion-n-est-un-probleme-7785120250<\/p>\n<p>-&#8220;Un peu hors sol tout cela. La sant\u00e9, c&#8217;est lib\u00e9ral aujourd&#8217;hui&#8221; (le secr\u00e9taire d&#8217;Etat Jean-Marie Le Guen; interrog\u00e9 par Micha\u00ebl Darmon; vid\u00e9o) : http:\/\/www.itele.fr\/chroniques\/invite-michael-darmon\/linvite-de-michael-darmon-du-05102016-171236<\/p>\n<p>-&#8220;Il promettait beaucoup mais est-ce vraiment nouveau, vraiment r\u00e9volutionnaire ? il a voulu surligner son image de candidat propre et est revenu aux vieilles bonnes recettes de la politique&#8221;                    (Guillaume Tabard du &#8220;Figaro&#8221;; son) : http:\/\/www.radioclassique.fr\/player\/progaction\/iniPlayer\/podcast\/ledito-politique-de-guillaume-tabard-2016-10-05-08-13-00.html<\/p>\n<p>-&#8220;Il l\u00e8ve le voile sur son programme pr\u00e9sidentiel&#8221; (Christophe Barbier; vid\u00e9o) : http:\/\/www.bfmtv.com\/mediaplayer\/video\/l-edito-de-christophe-barbier-emmanuel-macron-leve-le-voile-sur-son-programme-presidentiel-873583.html<\/p>\n<p>-&#8220;Que valent ses propositions ?&#8221; (vid\u00e9o) : http:\/\/www.bfmtv.com\/mediaplayer\/video\/meeting-d-emmanuel-macron-a-strasbourg-que-vaut-son-programme-22-873545.html<\/p>\n<p>-&#8220;Macron&#8230;Disruptif ?&#8221; (Thomas Legrand; son) : https:\/\/www.franceinter.fr\/emissions\/l-edito-politique\/l-edito-politique-05-octobre-2016<\/p>\n<p>-&#8220;La revanche du centre&#8221; (Yves Thr\u00e9ard du &#8220;Figaro&#8221;; vid\u00e9o) : http:\/\/www.europe1.fr\/emissions\/ledito-politique-dyves-threard\/la-revanche-du-centre-2864659<\/p>\n<p>-&#8220;En principe, nous ne votons pas \u00e0 l&#8217;\u00e9lection pr\u00e9sidentielle. La Corse a \u00e9t\u00e9 colonis\u00e9e par la France. La question de l&#8217;ind\u00e9pendance sera pos\u00e9e dans la s\u00e9quence suivante&#8221; (Jean-Guy Talamoni, pr\u00e9sident ind\u00e9pendantiste de l&#8217;Assembl\u00e9e de Corse; interrog\u00e9 par Jean-Jacques Bourdin; vid\u00e9o) : http:\/\/www.bfmtv.com\/mediaplayer\/video\/jean-guy-talamoni-face-a-jean-jacques-bourdin-en-direct-873625.html<\/p>\n<p><strong>-&#8220;J&#8217;ai fait de la politique pendant 35 ans et je n&#8217;ai jamais \u00e9t\u00e9 condamn\u00e9. Je suis revenu parce que je ne supportais pas de voir la famille politique qui incarne l&#8217;alternance s&#8217;effondrer. Nous avions redresser Alstom. Le plan est grotesque. On fait semblant d&#8217;avoir besoin de TGV alors qu&#8217;on n&#8217;en a pas besoin. Ce qui est grave, c&#8217;est d&#8217;avoir laiss\u00e9 fractionner Alstom. Nous avons une identit\u00e9 nationale qu&#8217;il faut prot\u00e9ger&#8221; (Nicolas Sarkozy, interrog\u00e9 par Guillaume Durand; vid\u00e9os) :  <\/strong> http:\/\/www.dailymotion.com\/video\/x4w46v3                                                                                    http:\/\/www.dailymotion.com\/video\/x4w4685_nous-avons-une-identite-nationale-qu-il-faut-proteger-nicolas-sarkozy-partie-2-05-10-2016_news<\/p>\n<p>-&#8220;Je le soutiens car il a l&#8217;exp\u00e9rience et la volont\u00e9. Comme moi \u00e0 Marseille, il faut faire compagne \u00e0 droite et gouverner au centre. Sous la Ve R\u00e9publique, on est bloc contre bloc. Et il y a le Front national. Avec le couperet du cumul des mandats, il y aura deux cat\u00e9gories d&#8217;\u00e9lus&#8221; (Jean-Claude Gaudin, interrog\u00e9 par Parick Cohen; vid\u00e9o) : http:\/\/www.dailymotion.com\/video\/x4w3xlg_jean-claude-gaudin-je-soutiens-nicolas-sarkozy-car-il-a-l-experience-et-la-volonte_news<\/p>\n<p>-&#8220;J&#8217;ai vraiment tout fait pour qu&#8217;il y ait une grande mosqu\u00e9e \u00e0 Marseille&#8221; (Il a r\u00e9pondu aux question,s des auditeurs de France Inter; vid\u00e9o) : http:\/\/www.dailymotion.com\/video\/x4w447j_jean-claude-gaudin-j-ai-vraiment-tout-fait-pour-qu-il-y-ait-une-grande-mosquee-a-marseille_news<\/p>\n<p>-&#8220;Emmanuel Macron, je ne supporte pas les d\u00e9clarations de ce monsieur. C&#8217;est un populiste, c&#8217;est Manuel Valls qui le dit.  Alstom, ce qui me choque, c&#8217;est l&#8217;absence d&#8217;anticipation, de vision de l&#8217;am\u00e9nagement du territoire, de prise en compte de la dette de la SNCF que le gouvernement a mise en concurrence avec les autocars&#8221; (Fran\u00e7ois Baroin, s\u00e9nateur LR de l&#8217;Aube; interrog\u00e9 par Caroline Roux; vid\u00e9o) : http:\/\/www.france2.fr\/emissions\/telematin\/actu\/les-4-verites-francois-baroin_512661<\/p>\n<p>-&#8220;Je suis heureux pour les salari\u00e9s d&#8217;Alstom mais ce plan est incompr\u00e9hensible&#8221; (Dominique Bussereau, d\u00e9put\u00e9 LR de Charente-Maritime, ancien ministre des Transports; interrog\u00e9 par Fr\u00e9d\u00e9ric Rivi\u00e8re; vid\u00e9o) : http:\/\/www.rfi.fr\/video\/20161005-bussereau-je-suis-heureux-salaries-alstom-mais-plan-est-incomprehensible <\/p>\n<p>-Il \u00e9tait invit\u00e9 de &#8220;Politique Matin&#8221; et r\u00e9pondait notamment \u00e0 son coll\u00e8gue de parti Damien Meslot, d\u00e9put\u00e9 LR du Territoire de Belfort (vid\u00e9o, amener le curseur sur 30:03) : http:\/\/www.lcp.fr\/emissions\/politique-matin\/278962-politique-matin-05octo16<\/p>\n<p>-&#8220;Si \u00e7a avait \u00e9t\u00e9 la droite au pouvoir, elle aurait fait la m\u00eame chose&#8221; (Gilles Savary, d\u00e9put\u00e9 PS de Gironde; vid\u00e9o) : http:\/\/rmc.bfmtv.com\/mediaplayer\/video\/si-ca-avait-ete-la-droite-au-pouvoir-elle-aurait-fait-la-meme-chose-873621.html<\/p>\n<p>-&#8220;C&#8217;est une bonne chose&#8221; (Ce qu&#8217;en pense Damien Meslot, d\u00e9put\u00e9 LR du Territoire de Belfort, invit\u00e9 de &#8220;Politique Matin&#8221;; vid\u00e9o, amener le curseur sur 18:45) : http:\/\/www.lcp.fr\/emissions\/politique-matin\/278962-politique-matin-05octo16<\/p>\n<p>-&#8220;Le vrai d\u00e9bat de la primaire, c&#8217;est entre l&#8217;ancien r\u00e9gime et le renouveau. Sauver \u00e0 tout prix le site de Belfort \u00e0 coup de centaines de millions d&#8217;euros, \u00e7a ne me parait pas responsable&#8221; (Bruno Le Maire, d\u00e9put\u00e9 LR de l&#8217;Eure; invit\u00e9 de &#8220;Mardi Politique&#8221;; vid\u00e9o) :  http:\/\/www.rfi.fr\/video\/20161004-bruno-le-maire-candidat-primaire-droite-centre<\/p>\n<p>-&#8220;Je le soutiens car il d\u00e9fend la reconnaissance du travail&#8221; (Herv\u00e9 Morin, pr\u00e9sident UDI de la r\u00e9gion Normandie; interrog\u00e9 par Olivier Galzi;  vid\u00e9o) : http:\/\/www.itele.fr\/chroniques\/invite-galzi-jusqua-minuit\/je-soutiens-bruno-le-maire-car-il-defend-la-reconnaissance-du-travail-insiste-herve-morin-171254<\/p>\n<p><strong>-&#8220;Si on est gaulliste, on consid\u00e8re qu&#8217;il y a un peuple fran\u00e7ais. On n&#8217;a pas des femmes et des hommes qui sont g\u00e9n\u00e9tiquement \u00e0 gauche ou \u00e0 droite. Que tous viennent voter&#8221; (Fran\u00e7ois Fillon; vid\u00e9o)<\/strong> : http:\/\/www.lcp.fr\/la-politique-en-video\/fillon-sarkozy-il-ny-pas-de-peuple-de-gauche-et-de-peuple-de-droite<\/p>\n<p>-&#8220;Arr\u00eatons de montrer du doigt les maires sur les migrants&#8221; (Bruno Retailleau, pr\u00e9sident du groupe LR au S\u00e9nat, soutien de Fran\u00e7ois Fillon; interrog\u00e9 par Laurence Ferrari; vid\u00e9o) : http:\/\/www.itele.fr\/chroniques\/invite-politique-ferrari-tirs-croises\/arretons-de-pointer-du-doigt-les-maires-sur-les-migrants-plaide-bruno-retailleau-171248<\/p>\n<p>-&#8220;Alstom, personne n&#8217;est dupe&#8221; (Philippe Tesson; vid\u00e9o) : http:\/\/www.dailymotion.com\/video\/x4vycvk_alain-juppe-sollicite-l-electorat-du-fn-tout-en-critiquant-nicolas-sarkozy-de-le-faire-philippe-tes_news<\/p>\n<p>-&#8220;A jouer au petit train, on risque de tomber dans la politique de gribouille&#8221; (Alba Ventura; vid\u00e9o) : http:\/\/www.rtl.fr\/actu\/politique\/alstom-jouer-au-petit-train-on-risque-de-tomber-dans-la-politique-de-gribouille-7785120316<\/p>\n<p>-&#8220;Et si Fran\u00e7ois Hollande \u00e9tait candidat pour de faux ?&#8221; (Apolline de Malherbe; vid\u00e9o, amener le curseur sur 2:57) : http:\/\/rmc.bfmtv.com\/mediaplayer\/video\/qg-bourdin-2017-et-si-francois-hollande-etait-candidat-pour-de-faux-873581.html<\/p>\n<p>-&#8220;Sa campagne fant\u00f4me&#8221; (Solenn de Royer du &#8220;Figaro&#8221;; son) : https:\/\/www.franceinter.fr\/emissions\/histoires-politiques\/histoires-politiques-05-octobre-2016<\/p>\n<p><strong>-&#8220;Moi Pr\u00e9sident. Karl, 51 ans, est un artiste vivant \u00e0 Lyon. Avec Herv\u00e9 Pauchon&#8221; (son) <\/strong> : https:\/\/www.franceinter.fr\/emissions\/moi-president\/moi-president-05-octobre-2016<\/p>\n<p><em>-Le tableau de bord politique (IFOP)<\/em> : http:\/\/www.sudradio.fr\/Politique\/Sondage-17-des-Francais-veulent-la-reelection-de-Hollande-en-2017<\/p>\n<p><em>-Les intentions de vote \u00e0 la primaire de la droite et du centre (HARRIS) : <em><\/strong> http:\/\/harris-interactive.fr\/opinion_polls\/intentions-de-vote-a-la-primaire-de-la-droite-et-du-centre\/<\/p>\n<p><em>-Le potentiel \u00e9lectoral de Nicolas Dupont-Aignan (IFOP)<\/em> : http:\/\/www.ifop.com\/?option=com_publication&#038;type=poll&#038;id=3508<\/p>\n<p><strong>EUROPE-MONDE<\/strong><\/p>\n<p>-&#8220;La signature de l&#8217;accord de Paris sur le climat n&#8217;\u00e9tait pas acquise d&#8217;avance&#8221; (Hugues Beaudoin; son) : http:\/\/www.radioclassique.fr\/player\/progaction\/iniPlayer\/podcast\/2016-10-04-19-09-00.html<\/p>\n<p>-Le Parlement unanime, sauf l&#8217;extr\u00eame-droite (Aline Robert) : http:\/\/www.euractiv.fr\/section\/climat-environnement\/news\/les-eurodeputes-unanimes-pour-laccord-de-paris-sauf-lextreme-droite\/?nl_ref=21977729<\/p>\n<p><strong>-La Commission europ\u00e9enne pr\u00eate \u00e0 offrir un pass InterRail gratuit \u00e0 tous les jeunes europ\u00e9ens f\u00eatant leurs 18 ans (Jorge Valero) <\/strong> : http:\/\/www.euractiv.fr\/section\/europe-sociale-emploi\/news\/eu-ready-to-explore-free-interrail-tickets-for-european-youngsters\/?nl_ref=21977729<\/p>\n<p><strong>-&#8220;Le Parlement europ\u00e9en r\u00e9clame de nouvelles r\u00e8gles contre le pantouflage&#8221; (C\u00e9cile Barbi\u00e8re) :<\/strong> http:\/\/www.euractiv.fr\/section\/politique\/news\/le-parlement-reclame-de-nouvelles-regles-contre-le-pantouflage\/?nl_ref=21977729<\/p>\n<p><strong>-&#8220;L&#8217;Europe plomb\u00e9e par le scandale Barroso&#8221; (notamment avec l&#8217;eurod\u00e9put\u00e9 Patrick Le Hyaric; vid\u00e9o) <\/strong> : https:\/\/www.youtube.com\/watch?v=_grg9cizz5A<\/p>\n<p>-Emmanuel Macron veut refonder la repr\u00e9sentativit\u00e9, y compris europ\u00e9enne (Aline Robert) : http:\/\/www.euractiv.fr\/section\/politique\/news\/macron-veut-refonder-la-representativite-y-compris-europeenne\/?nl_ref=21977729<\/p>\n<p><strong>-&#8220;En Gr\u00e8ce, des retrait\u00e9s affrontent la police au cours d&#8217;une manifestation contre la baisse de leurs pensions&#8221; (vid\u00e9o) <\/strong> : http:\/\/www.francetvinfo.fr\/economie\/crise\/crise-de-la-dette\/video-grece-des-retraites-affrontent-la-police-lors-d-une-manifestation-contre-la-baisse-de-leurs-pensions_1854081.html#xtor=EPR<\/p>\n<p>-A peine arriv\u00e9e \u00e0 la t\u00eate du parti britannique x\u00e9nophobe Ukip, en remplacement de Nigel Farage, Diane James d\u00e9missionne au bout de 18 jours (vid\u00e9o) : http:\/\/nr.news-republic.com\/Web\/ArticleWeb.aspx?regionid=2&#038;articleid=74458249<\/p>\n<p>-&#8220;Les tories s&#8217;enivrent&#8221; (Sonia Delesalle-Stolper) : http:\/\/www.liberation.fr\/planete\/2016\/10\/04\/hard-brexit-les-tories-s-enivrent_1519654<\/p>\n<p>-&#8220;Un mauvais Brexit d\u00e9truirait le march\u00e9 unique&#8221; (Guy Verhofstadt, n\u00e9gociateur pour le Parlement europ\u00e9en; cit\u00e9 par James Crisp) :  http:\/\/www.euractiv.fr\/section\/royaume-uni-en-europe\/news\/verhofstadt-brexit-immigration-controls-risk-destroying-eu\/?nl_ref=21977729<\/p>\n<p>-&#8220;Il doit adoucir sa vision f\u00e9d\u00e9raliste&#8221; (l&#8217;eurod\u00e9put\u00e9e socialiste belge Kathleen Van Brempt; vid\u00e9o sous-titr\u00e9e) : http:\/\/www.euractiv.fr\/section\/all\/video\/kathleen-van-brempt-rebel-with-a-cause\/?nl_ref=21977729<\/p>\n<p>-Selon des juristes, &#8220;l&#8217;Irlande du Nord pourrait oppos\u00e9 son veto au Brexit&#8221; : http:\/\/www.euractiv.fr\/section\/royaume-uni-en-europe\/news\/lirlande-du-nord-peut-opposer-son-veto-au-brexit\/?nl_ref=21977729<\/p>\n<p><strong>-Les entreprises britanniques vont devoir lister leurs salari\u00e9s \u00e9trangers (vid\u00e9o) : <\/strong> http:\/\/www.francetvinfo.fr\/monde\/europe\/la-grande-bretagne-et-l-ue\/migrants-la-grande-bretagne-durcit-le-ton_1857731.html<\/p>\n<p>-&#8220;Madrid ne veut plus payer la couverture sant\u00e9 des expatri\u00e9s britanniques&#8221; : http:\/\/www.euractiv.fr\/section\/royaume-uni-en-europe\/news\/spain-wants-uk-to-foot-healthcare-bill-for-british-citizens\/?nl_ref=21977729<\/p>\n<p><strong>-&#8220;Turbulences au PSOE&#8221; (Anthony Bellanger; son) <\/strong> : https:\/\/www.franceinter.fr\/emissions\/l-edito\/l-edito-04-octobre-2016<\/p>\n<p><strong>-En Pologne, l&#8217;interdiction totale de l&#8217;avortement rejet\u00e9e en commission parlementaire (Jakub Iwaniuk; vid\u00e9o) : <\/strong> http:\/\/www.lemonde.fr\/international\/article\/2016\/10\/05\/en-pologne-l-interdiction-totale-de-l-avortement-rejetee-en-commission-parlementaire_5008850_3210.html#xtor=AL-32280270<\/p>\n<p>-&#8220;Je vais en Russie pour expliquer la politique de la France concernant la Syrie &#8221; (Jean-Marc Ayrault; vid\u00e9o) : http:\/\/www.lci.fr\/international\/jean-marc-ayrault-je-vais-en-russie-pour-expliquer-la-position-de-la-france-concernant-la-syrie-2006294.html<\/p>\n<p><strong>-&#8220;Il faut arr\u00eater le massacre. Il n&#8217;y a pas de solution en Syrie du point de vue militaire&#8221; (le ministre des Affaires \u00e9trang\u00e8res; vid\u00e9o) :<\/strong> http:\/\/www.lci.fr\/international\/en-syrie-il-faut-arreter-le-massacre-pour-jean-marc-ayrault-2006292.html<\/p>\n<p>-&#8220;La politique \u00e9trang\u00e8re de Vladimir Poutine ressemble de plus en plus \u00e0 celle de l&#8217;URSS&#8221; (Alain Duhamel; son) : http:\/\/www.rtl.fr\/actu\/politique\/pour-alain-duhamel-la-politique-etrangere-de-vladimir-poutine-ressemble-de-plus-en-plus-a-celle-de-l-urss-7785115103<\/p>\n<p>-Le secr\u00e9taire d&#8217;Etat am\u00e9ricain John Kerry a appel\u00e9 &#8220;\u00e0 une Europe plus forte&#8221; (Daniela Vincenti; vid\u00e9os en anglais) : http:\/\/www.euractiv.fr\/section\/l-europe-dans-le-monde\/news\/kerry-makes-the-case-for-a-united-europe\/?nl_ref=21977729<\/p>\n<p><strong>-Comment l&#8217;Union europ\u00e9enne veut d\u00e9gager 88 milliards d&#8217;euros pour l&#8217;investissement en Afrique (Infographie) <\/strong> : http:\/\/www.euractiv.fr\/section\/aide-au-developpement\/infographic\/how-eu-wants-to-leverage-e1-5bn-into-e80bn-in-investment-for-africa\/?nl_ref=21977729<\/p>\n<p>-&#8220;Les mains libres de M. Erdogan&#8221; (Bernard Guetta; son) : https:\/\/www.franceinter.fr\/emissions\/geopolitique\/geopolitique-05-octobre-2016<\/p>\n<p><strong>-La marine isra\u00e9lienne intercepte &#8220;le bateau des femmes&#8221; pour Gaza : <\/strong> http:\/\/www.lemonde.fr\/proche-orient\/article\/2016\/10\/05\/gaza-la-marine-israelienne-intercepte-le-bateau-des-femmes_5008841_3218.html#xtor=AL-3 <\/p>\n<p>-&#8220;Un train chinois pour booster l&#8217;\u00e9conomie \u00e9thiopienne&#8221; (Vincent Defait) : https:\/\/www.letemps.ch\/monde\/2016\/10\/04\/un-train-chinois-booster-leconomie-ethiopienne?utm_source<\/p>\n<p><strong>-Pour relier Addis Abbeba au port de Djibouti (vid\u00e9o)<\/strong> : http:\/\/nr.news-republic.com\/Web\/ArticleWeb.aspx?regionid=2&#038;articleid=74455058<\/p>\n<p>-Le pr\u00e9sident colombien limite le cessez-le-feu avec les Farcs au 31 octobre (vid\u00e9o) : http:\/\/nr.news-republic.com\/Web\/ArticleWeb.aspx?regionid=2&#038;articleid=74443590<\/p>\n<p>-&#8220;Au Japon, les femmes pouss\u00e9es dans la pornographie, sortent de l&#8217;ombre (vid\u00e9o) : http:\/\/nr.news-republic.com\/Web\/ArticleWeb.aspx?regionid=2&#038;articleid=74443590<\/p>\n<p>-L&#8217;ancien premier ministre portugais Antonio Gutterez, favori pour le secr\u00e9tariat g\u00e9n\u00e9ral de l&#8217;ONU (Marie Bourreau) : http:\/\/www.lemonde.fr\/international\/article\/2016\/10\/06\/qui-est-antonio-guterres-favori-a-la-succession-de-ban-ki-moon-a-la-tete-de-l-onu_5008871_3210.html#xtor=AL-32280270<\/p>\n<p><strong>CULTURE-MEDIAS<\/strong><\/p>\n<p>-&#8220;Le Nobel de physique expliqu\u00e9 avec un bretzel et un beignet&#8221; (vid\u00e9o en anglais; amener le curseur sur 32:27) : https:\/\/www.youtube.com\/watch?v=9qpoBG5hy-A<\/p>\n<p>-Le chercheur fran\u00e7ais Jean-Pierre Sauvage, prix Nobel de Chimie (vid\u00e9o) : http:\/\/nr.news-republic.com\/Web\/ArticleWeb.aspx?regionid=2&#038;articleid=74468644<\/p>\n<p>-Il le partage avec le Britannique James Fraser Stoddart et le N\u00e9erlandais Bernard Lucas Feringa, pour leurs travaux sur la conception et la synth\u00e8se de machines mol\u00e9culaires : http:\/\/www.lemonde.fr\/prix-nobel\/article\/2016\/10\/05\/le-prix-nobel-de-chimie-attribue-a-jean-pierre-sauvage-j-fraser-stoddart-et-bernard-l-feringa_5008540_1772031.html<\/p>\n<p>-La science en f\u00eate du 8 au 16 octobre (Sophie Blancquart, pr\u00e9sidente de &#8220;Sciences pour tous&#8221;; invit\u00e9e de Dimitri Pavlenko; son) : http:\/\/www.sudradio.fr\/Podcasts\/L-invite-pour-comprendre\/Sophie-Bancquart-Presidente-du-groupe-Sciences-pour-tous<\/p>\n<p><strong>-La mort du sociologue  Georges Balandier, sp\u00e9cialiste de l&#8217;Afrique (Jean Copans, anthropologue et sociologue) :<\/strong> http:\/\/www.lemonde.fr\/disparitions\/article\/2016\/10\/05\/la-mort-de-georges-balandier-sociologue-specialiste-de-l-afrique_5008603_3382.html     <\/p>\n<p><strong>-Il avait accord\u00e9 un entretien \u00e0 &#8220;l&#8217;Humanit\u00e9&#8221; en 2002 (r\u00e9alis\u00e9 par Lucien Degoy) : <\/strong> http:\/\/www.humanite.fr\/node\/273405<\/p>\n<p>-A Bordeaux, des oeuvres d&#8217;artistes syriens comme actes de r\u00e9sistance (vid\u00e9o) : https:\/\/www.youtube.com\/watch?v=_8MLfjellPk<\/p>\n<p>-&#8220;La &#8220;sagesse&#8221; et le c\u00f4t\u00e9 obscur du Dala\u00ef Lama&#8221; (Vincent Engel) : http:\/\/www.lesoir.be\/1331469\/article\/debats\/chroniques\/2016-10-01\/sagesse-et-cote-obscur-du-dalai-lama<\/p>\n<p>-&#8220;Un agent am\u00e9ricain aux fr\u00e9quentations douteuses&#8221; (Fran\u00e7ois Asselineau, pr\u00e9sident du mouvement UPR; vid\u00e9o) : https:\/\/www.youtube.com\/watch?v=KaQMcqFPK0Y&#038;app=desktop<\/p>\n<p><strong>-&#8220;Il avait l&#8217;id\u00e9e d&#8217;une d\u00e9mocratie o\u00f9 tout le monde pouvait donner son avis&#8221; (V\u00e9ronique Colucci, \u00e0 l&#8217;occasion de l&#8217;exposition que l&#8217;H\u00f4tel de Ville consacre \u00e0 Coluche, jusqu&#8217;au 7 janvier; invit\u00e9e de Thomas Sotto; vid\u00e9o) : <\/strong> http:\/\/www.europe1.fr\/emissions\/l-interview-verite\/veronique-colucci-il-avait-lidee-dune-democratie-ou-tout-le-monde-pouvait-donner-son-avis-2864764<\/p>\n<p><strong>-Le Mus\u00e9e d&#8217;Orsay pr\u00e9pare une exposition sur le Second Empire (vid\u00e9o) : <\/strong> http:\/\/www.francetvinfo.fr\/culture\/expos\/musee-d-orsay-dans-les-coulisses-du-second-empire_1856175.html#xtor=EPR-<\/p>\n<p>-&#8220;Mercenaire&#8221;, le film de Sacha Wolff (vid\u00e9o) :  http:\/\/www.telerama.fr\/cinema\/le-film-de-la-semaine-mercenaire-de-sacha-wolff,148339.php<\/p>\n<p>-Catherine Deneuve en dix-neuf couvertures de &#8220;T\u00e9l\u00e9rama&#8221; (diaporama) : http:\/\/www.telerama.fr\/cinema\/catherine-deneuve-en-dix-neuf-couvertures-de-telerama,148254.php<\/p>\n<p><strong>-C\u00e9l\u00e8bres bandes sonores de films de Jacques Demy et Fran\u00e7ois Truffaut (vid\u00e9os) :<\/strong> http:\/\/www.radioclassique.fr\/videos\/bandes-originales-septembre.html<\/p>\n<p>-Alsarah et The Nubatones chantent dans &#8220;Les Musiques du monde&#8221;  (vid\u00e9os) :  http:\/\/www.rfi.fr\/video\/20161004-alsarah-the-nubatones-chantent-ya-watan-musiques-monde                               http:\/\/www.rfi.fr\/video\/20161004-alsarah-the-nubatones-chantent-roos-elneel-musiques-monde<\/p>\n<p>-Caroline Crawley, la voix du groupe &#8220;Shelleyan Orphan&#8221;, s&#8217;est tue (Vincent Arquilli\u00e8re; son et vid\u00e9o) : http:\/\/www.telerama.fr\/musique\/caroline-crawley-la-voix-de-shelleyan-orphan-s-est-tue,148343.php<\/p>\n<p><strong>-&#8220;C&#8217;est le moment d&#8217;\u00e9couter Vincent Delerme&#8221; (Rebecca Manzoni; son) : <\/strong> https:\/\/www.franceinter.fr\/emissions\/pop-co\/pop-co-05-octobre-2016<\/p>\n<p><strong>-Il \u00e9tait l&#8217;invit\u00e9 d&#8217;Augustin Trapenard (son)<\/strong> : https:\/\/www.franceinter.fr\/emissions\/boomerang\/boomerang-05-octobre-2016<\/p>\n<p><strong>-&#8220;Les fant\u00f4mes de Corneille&#8221; au 20 H de France 2 (vid\u00e9o) : <\/strong><br \/>\nhttp:\/\/www.francetvinfo.fr\/culture\/musique\/temoignage-les-fantomes-de-corneille_1857693.html<\/p>\n<p>-Affaire Elena Ferrante, &#8220;l&#8217;inanit\u00e9 d&#8217;un scoop&#8221; (Marie-Claude Martin) : https:\/\/www.letemps.ch\/opinions\/2016\/10\/04\/affaire-elena-ferrante-linanite-dun-scoop?utm_source<\/p>\n<p>-&#8220;Dossier Tabou&#8221; sur M6 continue \u00e0 faire des vagues (Marc Baudriller; son) : http:\/\/www.radioclassique.fr\/player\/progaction\/iniPlayer\/podcast\/la-vie-des-medias-2016-10-05-07-42-15.html<\/p>\n<p><strong>-Des jeunes de Sevran (93) parlent de leur altercation avec Bernard de La Villardi\u00e8re <\/strong> : http:\/\/www.20minutes.fr\/television\/1936219-20161004-dossier-tabou-jeunes-sevran-parlent-altercation-equipe-m6<\/p>\n<p><strong>-&#8220;Vincent Meslet, le directeur de France 2 brutalement limog\u00e9 par Delphine Ernotte&#8221; (Olivier Milot)<\/strong> : http:\/\/television.telerama.fr\/television\/delphine-ernotte-limoge-brutalement-vincent-meslet-de-la-direction-de-france-2,148337.php<\/p>\n<p>-&#8220;On a rien perdu de la magie de &#8220;C de l&#8217;air&#8221; (Caroline Roux et Bruce Toussaint; invit\u00e9s de Thomas Joubert; vid\u00e9o) : http:\/\/www.europe1.fr\/emissions\/l-invite-medias\/caroline-roux-on-na-rien-perdu-de-la-magie-de-c-dans-lair-2864926<\/p>\n<p><strong>-&#8220;La loi qui menace les journalistes au S\u00e9nat&#8221; (Sonia Devillers avec Me Christophe Bigot qui les d\u00e9fend; vid\u00e9o) <\/strong> : http:\/\/www.dailymotion.com\/video\/x4w4e5r_la-loi-qui-menace-les-journalistes_news<\/p>\n<p>-Agression de Kim Kardashian, &#8220;BFMTV d\u00e9nonce l&#8217;ins\u00e9curit\u00e9 du 8 arrondissement de Paris&#8221; (Samuel Gontier) : http:\/\/television.telerama.fr\/television\/agression-de-kim-kardashian-bfmtv-denonce-l-insecurite-du-8e-arrondissement,148252.php<\/p>\n<p>-Laure Adler, figure libre de &#8220;L&#8217;heure bleue&#8221; sur France Inter (Aude Dassonville) : http:\/\/www.telerama.fr\/radio\/laure-adler-figure-libre-de-l-heure-bleue,147848.php<\/p>\n<p>-Le prix &#8220;Italia&#8221; distingue la cr\u00e9ation radiophonique fran\u00e7aise : http:\/\/www.telerama.fr\/radio\/le-prix-italia-distingue-la-creation-radiophonique-francaise,148208.php<\/p>\n<p>-&#8220;La radio, y&#8217;a que \u00e7a de vrai !&#8221; (Sonia Kronlund de France Culture; propos recueillis par Carole Lefran\u00e7ois) : http:\/\/www.telerama.fr\/radio\/sonia-kronlund-la-radio-y-a-que-ca-de-vrai,147549.php<\/p>\n<p>&#8220;<strong>Marseille et Gaudin, on est loin de la nuit de noce&#8221; (Nicole Ferroni; vid\u00e9o) : <\/strong> http:\/\/www.dailymotion.com\/video\/x4w422d_marseille-et-gaudin-on-est-loin-de-la-nuit-de-noce-le-billet-de-nicole-ferroni_fun<\/p>\n<p><strong>-&#8220;Jean-Marie Le Pen ne se range pas des voitures&#8221; (Charline Vanhoenacker; vid\u00e9o) : <\/strong> http:\/\/www.dailymotion.com\/video\/x4w3qfg_jean-marie-le-pen-ne-se-range-pas-des-voitures-le-billet-de-charline_fun<\/p>\n<p>-Les 4 Q de &#8220;Quotidien&#8221; de Yann Barth\u00e8s (vid\u00e9o) : http:\/\/www.tf1.fr\/tmc\/quotidien-avec-yann-barthes\/videos\/4q-laurent-wauquiez-mode-fast-et-furious-repond.html<\/p>\n","protected":false},"excerpt":{"rendered":"<p>ACTUALITE -&#8220;Pour les salari\u00e9s d&#8217;Alstom Belfort, le combat n&#8217;a pas \u00e9t\u00e9 vain&#8221; (Monique Clemens des &#8220;Echos&#8221;) : http:\/\/www.lesechos.fr\/industrie-services\/tourisme-transport\/0211357679687-alstom-belfort-pour-les-salaries-le-combat-na-pas-ete-vain-2032386.php#xtor=EPR -&#8220;Un sauvetage ubuesque&#8221; (Jean-Marc Vittori des &#8220;Echos&#8221;) : http:\/\/www.lesechos.fr\/industrie-services\/tourisme-transport\/0211358119613-alstom-un-sauvetage-ubuesque-2032387.php -&#8220;Le Mentir-vrai&#8221; (&#8220;Le Monde&#8221;) : http:\/\/www.lemonde.fr\/idees\/article\/2016\/10\/05\/alstom-ou-le-mentir-vrai_5008518_3232.html -Mettre des TGV sur des lignes Intercit\u00e9s, c&#8217;est &#8220;une aberration en termes d&#8217;\u00e9conomie et de service aux clients&#8221; (Gilles Dansart, sp\u00e9cialiste du [&hellip;]<\/p>\n","protected":false},"author":1042,"featured_media":0,"comment_status":"open","ping_status":"open","sticky":false,"template":"","format":"standard","meta":{"_themeisle_gutenberg_block_has_review":false,"footnotes":""},"categories":[151],"tags":[],"class_list":["post-9902","post","type-post","status-publish","format-standard","hentry","category-la-revue-de-presse-de-lulu"],"_links":{"self":[{"href":"https:\/\/archives.regards.fr\/index.php?rest_route=\/wp\/v2\/posts\/9902","targetHints":{"allow":["GET"]}}],"collection":[{"href":"https:\/\/archives.regards.fr\/index.php?rest_route=\/wp\/v2\/posts"}],"about":[{"href":"https:\/\/archives.regards.fr\/index.php?rest_route=\/wp\/v2\/types\/post"}],"author":[{"embeddable":true,"href":"https:\/\/archives.regards.fr\/index.php?rest_route=\/wp\/v2\/users\/1042"}],"replies":[{"embeddable":true,"href":"https:\/\/archives.regards.fr\/index.php?rest_route=%2Fwp%2Fv2%2Fcomments&post=9902"}],"version-history":[{"count":0,"href":"https:\/\/archives.regards.fr\/index.php?rest_route=\/wp\/v2\/posts\/9902\/revisions"}],"wp:attachment":[{"href":"https:\/\/archives.regards.fr\/index.php?rest_route=%2Fwp%2Fv2%2Fmedia&parent=9902"}],"wp:term":[{"taxonomy":"category","embeddable":true,"href":"https:\/\/archives.regards.fr\/index.php?rest_route=%2Fwp%2Fv2%2Fcategories&post=9902"},{"taxonomy":"post_tag","embeddable":true,"href":"https:\/\/archives.regards.fr\/index.php?rest_route=%2Fwp%2Fv2%2Ftags&post=9902"}],"curies":[{"name":"wp","href":"https:\/\/api.w.org\/{rel}","templated":true}]}}