{"id":9901,"date":"2016-10-05T07:14:03","date_gmt":"2016-10-05T05:14:03","guid":{"rendered":"https:\/\/wp.muchomaas.com\/article-la-revue-du-5-octobre-2016\/"},"modified":"2016-10-05T07:14:03","modified_gmt":"2016-10-05T05:14:03","slug":"article-la-revue-du-5-octobre-2016","status":"publish","type":"post","link":"https:\/\/archives.regards.fr\/?p=9901","title":{"rendered":"La Revue du 5 octobre 2016"},"content":{"rendered":"<p><strong>ACTUALITE<\/strong><\/p>\n<p>-&#8220;Le plan du gouvernement pour sauver Alstom \u00e0 Belfort&#8221; (vid\u00e9o) : http:\/\/www.francetvinfo.fr\/economie\/entreprises\/alstom\/alstom-un-plan-pour-sauver-belfort_1855611.html<\/p>\n<p>-D\u00e9fendu par le secr\u00e9taire d&#8217;Etat \u00e0 l&#8217;Industrie Christophe Sirugue (vid\u00e9o) : http:\/\/www.francetvinfo.fr\/economie\/entreprises\/alstom\/sauvetage-du-site-alstom-de-belfort-un-plan-bien-raisonnable_1855701.html<\/p>\n<p>-Il \u00e9tait l&#8217;invit\u00e9 de Laurence Ferrari (vid\u00e9o) : http:\/\/www.itele.fr\/chroniques\/invite-politique-ferrari-tirs-croises\/70-millions-dinvestissements-sur-le-site-alstom-ce-nest-pas-du-carnet-de-commandes-se-defend-christophe-sirugue-171218<\/p>\n<p>-Les r\u00e9actions (vid\u00e9os et en rubrique &#8220;Politique&#8221;) :                                                                                                                                                                                                                                      http:\/\/www.lefigaro.fr\/conjoncture\/2016\/10\/04\/20002-20161004ARTFIG00173-bricolage-rafistolage-bidouillage-les-reactions-au-plan-de-l-etat-pour-alstom.php                                         http:\/\/www.lemonde.fr\/economie\/article\/2016\/10\/04\/plan-de-sauvetage-d-alstom-du-bricolage-industriel-pour-hamon-du-rafistolage-preelectoral-pour-larcher_5007844_3234.html      http:\/\/www.ouest-france.fr\/economie\/entreprises\/alstom\/alstom-les-reactions-politiques-au-plan-de-sauvetage-de-l-etat-4535095<\/p>\n<p><em>-&#8220;L&#8217;Etat et Alstom peuvent mieux faire&#8221; (le PCF) <\/em>  : http:\/\/www.pcf.fr\/92156<\/p>\n<p>-&#8220;Ce nest pas du bricolage&#8221; (Manuel Valls; vid\u00e9o) :   http:\/\/www.publicsenat.fr\/lcp\/politique\/alstom-l-etat-sauve-site-belfort-n-pas-bricolage-assure-valls-1509215                   <\/p>\n<p>-&#8220;Il faut maintenir de la production sur le site de Belfort. Je trouve bien que l&#8217;Etat se mobilise pour maintenir un site&#8221; (Laurent Berger, secr\u00e9taire de la CFDT; interrog\u00e9 par Thomas Sotto; vid\u00e9o) : http:\/\/www.europe1.fr\/emissions\/l-interview-verite\/laurent-berger-il-faut-maintenir-de-la-production-sur-le-site-de-belfort-2863750<\/p>\n<p>-&#8220;Le plan du gouvernement ne sauvera pas l&#8217;industrie ferroviaire&#8221; (Christian Menanteau; vid\u00e9o) : http:\/\/www.rtl.fr\/actu\/conso\/alstom-pourquoi-le-plan-du-gouvernement-ne-sauvera-pas-l-industrie-ferroviaire-7785103799<\/p>\n<p>-&#8220;Un plan improvis\u00e9&#8221; (Fran\u00e7ois Lenglet; vid\u00e9o) : http:\/\/www.francetvinfo.fr\/economie\/entreprises\/alstom\/alstom-un-plan-improvise_1856143.html<\/p>\n<p>-En d\u00e9bat dans l&#8217;\u00e9mission d&#8217;Olivier Galzi &#8220;Le Grand d\u00e9cryptage&#8221; (vid\u00e9o) : http:\/\/www.itele.fr\/chroniques\/grand-decryptage-olivier-galzi\/le-grand-decryptage-du-04102016-171222<\/p>\n<p>-Ce qu&#8217;en pensent Natacha Polony et Robin Rivaton (chez Ruth Elkrief; vid\u00e9o) : http:\/\/www.bfmtv.com\/mediaplayer\/video\/natacha-polony-face-a-robin-rivaton-l-etat-vole-au-secours-d-alstom-873509.html<\/p>\n<p>-Dans le Finist\u00e8re, les salari\u00e9s de &#8220;Tilly Sabco&#8221; entament leur dixi\u00e8me semaine de ch\u00f4mage technique (vid\u00e9o) : mc.bfmtv.com\/mediaplayer\/video\/tilly-sabco-les-salaries-entament-une-dixieme-semaine-de-chomage-technique-873265.html<\/p>\n<p><strong>-En Moselle, chez Smart, le passage aux 39 heures pay\u00e9es 37 (vid\u00e9o) : <\/strong> http:\/\/www.francetvinfo.fr\/economie\/emploi\/moselle-les-ouvriers-de-l-usine-smart-passent-aux-39-heures-payees-37_1854469.html<\/p>\n<p>-EDF va r\u00e9cup\u00e9rer pr\u00e8s d&#8217;un milliard d&#8217;euros aupr\u00e8s de ses clients : http:\/\/www.20minutes.fr\/economie\/1935523-20161003-factures-electricite-edf-va-recuperer-pres-milliard-euros-aupres-clients<\/p>\n<p>-A l&#8217;h\u00f4pital Delafontaine de Saint-Denis (93), &#8220;Marisol Touraine s&#8217;efforce de rassurer les soignants soumis \u00e0 la violence quotidienne&#8221; (Oihana  Gabriel) : http:\/\/www.20minutes.fr\/societe\/1935519-20161003-saint-denis-marisol-touraine-efforce-rassurer-soignants-soumis-violence-quotidienne<\/p>\n<p><strong>-A Privas dans l&#8217;Ard\u00e8che, un bus scolaire pour tous (vid\u00e9o) : <\/strong> http:\/\/www.francetvinfo.fr\/economie\/transports\/ardeche-des-bus-scolaires-pour-tous_1855699.html<\/p>\n<p>-&#8220;Les derni\u00e8res secondes du terroriste de Nice&#8221; (Sylvain Mouillard, Willy Le Devin, Isma\u00ebl Halissat et Julie Brafman) : http:\/\/www.liberation.fr\/france\/2016\/10\/04\/14-juillet-22h35-les-dernieres-secondes-du-terroriste-de-nice_1519437?xtor=EPR<\/p>\n<p><strong>-&#8220;Il ne faut pas laisser Internet aux extr\u00e9mistes&#8221; (l&#8217;Imam de Drancy (93), Hassen Chalgoumi; propos recueillis par Georgi Gotev) <\/strong> : http:\/\/www.euractiv.fr\/section\/all\/interview\/il-ne-faut-pas-laisser-internet-aux-extremistes\/?nl_ref=21883878<\/p>\n<p>-&#8220;Terra Nova veut l\u00e9galiser le cannabis sur le mod\u00e8le des jeux en ligne&#8221; : http:\/\/www.lemonde.fr\/societe\/article\/2016\/10\/04\/pour-reguler-le-cannabis-terra-nova-mise-sur-une-autorite-independante_5007620_3224.html<\/p>\n<p>-Le Conseil d&#8217;Etat d\u00e9cide d&#8217;interroger la Cour de justice europ\u00e9enne sur &#8220;les OGM cach\u00e9s&#8221; : http:\/\/www.euractiv.fr\/section\/agriculture-alimentation\/news\/la-justice-francaise-sen-remet-a-la-cjue-sur-les-ogm-caches\/?nl_ref=21883878<\/p>\n<p>-&#8220;Le prix du jus d&#8217;orange va augmenter de 10 \u00e0 15 centimes par litre&#8221; (Emmanuel Vasseneix; son) : http:\/\/www.rtl.fr\/actu\/conso\/emmanuel-vasseneix-le-prix-du-jus-d-orange-va-augmenter-de-10-a-15-centimes-par-litre-7785103522<\/p>\n<p><strong>-&#8220;Le climat favorise l&#8217;invasion d&#8217;insectes ind\u00e9sirables&#8221; (Nathalie Fontrel; son) : <\/strong> https:\/\/www.franceinter.fr\/emissions\/planete-environnement\/planete-environnement-04-octobre-2016<\/p>\n<p><strong>-&#8220;S&#8217;associer \u00e0 Len\u00f4tre a tir\u00e9 Sodexo vers le haut&#8221; (Michel Landel, directeur g\u00e9n\u00e9ral du n\u00b01 dans le monde dans la restauration industrielle, premier employeur fran\u00e7ais; interrog\u00e9 par Nicolas Pierron; vid\u00e9o)<\/strong> : http:\/\/www.dailymotion.com\/video\/x4vybbs<\/p>\n<p>-&#8220;Notre syst\u00e8me de production alimentaire est devenu obsol\u00e8te&#8221; (le chef cuisinier Aunaud Daguin; son) : http:\/\/www.rtl.fr\/actu\/societe-faits-divers\/arnaud-daguin-chef-etoile-notre-systeme-alimentaire-est-mort-7785104733<\/p>\n<p>-Selon le S\u00e9nat, la France n\u00e9gligerait un tr\u00e9sor en ne r\u00e9cup\u00e9rant  pas les m\u00e9taux pr\u00e9cieux contenus dans les t\u00e9l\u00e9phones portables (vid\u00e9o) : https:\/\/www.youtube.com\/watch?v=uPEzAe4Cugc<\/p>\n<p>-Remettre le glanage au go\u00fbt du jour pour combattre le gaspillage alimentaire (Benoit Hartmann,  porte-parole de &#8220;France Nature Environnement&#8221; et Baptiste Gaborit; sons :                       http:\/\/www.sudradio.fr\/Podcasts\/L-invite-pour-comprendre\/Benoit-Hartmann-porte-parole-de-France-Nature-Environnement3                                                                                                                          http:\/\/www.radioclassique.fr\/player\/progaction\/iniPlayer\/podcast\/3-minutes-pour-la-planete-2016-10-04-06-45-47.html<\/p>\n<p>-&#8220;Le Point Taxi&#8221;, une application pour t\u00e9l\u00e9phone portable d\u00e9di\u00e9e aux  taxis (Christian Delomel, pr\u00e9sident de la Chambre syndicale des artisans taxis (son) : http:\/\/www.sudradio.fr\/Podcasts\/L-invite-pour-comprendre\/C.Delomel-president-de-la-Chambre-syndicale-des-artisans-taxis<\/p>\n<p>-WWF et le groupe SEB partenaires (Yolaine de la Bigne; son) : http:\/\/www.sudradio.fr\/Podcasts\/Quelle-epoque-ethique\/WWF-et-SEB<\/p>\n<p><strong>-Affaire Traor\u00e9, &#8220;autopsie de dysfonctionnements judiciaires en s\u00e9rie&#8230;&#8221; (Emmanuel Lecl\u00e8re; son) <\/strong> :  https:\/\/www.franceinter.fr\/emissions\/le-zoom-de-la-redaction\/le-zoom-de-la-redaction-04-octobre-2016<\/p>\n<p>-Le journal d&#8217;Outre-mer (Edwige Saint-Thomas; son) : https:\/\/www.franceinter.fr\/emissions\/journal-d-outre-mer-1ere\/journal-d-outre-mer-1ere-04-octobre-2016<\/p>\n<p><strong>-&#8220;Pour certains, l&#8217;accueil de r\u00e9fugi\u00e9s reste une valeur importante&#8221; (Pierre Saumitou-Laprade, b\u00e9n\u00e9vole aupr\u00e8s d&#8217;une association d&#8217;accueil de migrants; interrog\u00e9 par Eric Delvaux; son)<\/strong> : https:\/\/www.franceinter.fr\/emissions\/l-invite-du-5-7\/l-invite-du-5-7-04-octobre-2016<\/p>\n<p><strong>POLITIQUE<\/strong><\/p>\n<p><em>-Comme me l&#8217;a fait gentiment remarquer l&#8217;ami Denis Duvot, c&#8217;est par erreur que j&#8217;ai parl\u00e9 hier d&#8217;une \u00e9lection l\u00e9gislative partielle dans le Vaucluse. Il s&#8217;agissait d&#8217;une \u00e9lection d\u00e9partementale, \u00e0 comparer donc avec celle de mars 2015. Avec mes excuses. LA <\/em> : http:\/\/mobile.interieur.gouv.fr\/Elections\/Les-resultats\/Departementales\/elecresult__departementales-2015\/(path)\/departementales-2015\/084\/08411.html<\/p>\n<p>-&#8220;La chance des salari\u00e9s d&#8217;Alstom, c&#8217;est la pr\u00e9sidentielle. On a conscience du bricolage industriel. L&#8217;Etat se ridiculise parce qu&#8217;il n&#8217;a pas jou\u00e9 son r\u00f4le avant. Je ne crois pas appartenir \u00e0 la gauche honteuse&#8221; (Beno\u00eet Hamon, d\u00e9put\u00e9 PS des Yvelines; interrog\u00e9 par L\u00e9a Salam\u00e9; vid\u00e9o) : http:\/\/www.dailymotion.com\/video\/x4vxwf1_benoit-hamon-je-ne-crois-pas-appartenir-a-la-gauche-honteuse_news<\/p>\n<p>-&#8220;Je soutiens Fran\u00e7ois de Rugy pour la primaire. Celle d&#8217;EE-LV ne fera rien gagner \u00e0 l&#8217;\u00e9cologie politique, mais pourrait faire perdre la gauche&#8221; (la secr\u00e9taire d&#8217;Etat Barbara Pompili; invit\u00e9e de &#8220;Territoires d&#8217;Infos&#8221;; vid\u00e9o, amener le curseur 33:02) : http:\/\/replay.publicsenat.fr\/vod\/territoires-d-infos\/barbara-pompili\/cyril-viguier\/217388<\/p>\n<p><strong>-Face \u00e0 face Fran\u00e7ois Khalfon, directeur de campagne d&#8217;Arnaud Montebourg\/Gu\u00e9nha\u00ebl Huet, porte-parole d&#8217;Alain Jupp\u00e9 (son) : <\/strong> http:\/\/www.radioclassique.fr\/player\/progaction\/initPlayer\/podcast\/2016-10-03-19-14-00.html <\/p>\n<p>-&#8220;La fronde, c&#8217;est d&#8217;abord un mouvement d&#8217;\u00e9mancipation parlementaire. Ce budget manque d&#8217;ambition. Derri\u00e8re des accents guerriers il y a une action ti\u00e8de. Le verbe a remplac\u00e9 l&#8217;action. En 2017, ce peut \u00eatre une catastrophe pour la gauche&#8221; (Christian Paul, d\u00e9put\u00e9 LR de la Ni\u00e8vre; interrog\u00e9 par Yves Calvi; vid\u00e9o, amener le curseur sur 1:06:29) : http:\/\/www.lci.fr\/replay\/replay-calvi-24-heures-en-questions-du-4-octobre-2016-2006098.html%3Ftype=content<\/p>\n<p>-&#8220;La campagne 2017 ne se passera pas comme pr\u00e9vu, il y aura des bouleversements&#8221; (le secr\u00e9taire d&#8217;Etat Jean-Marie Leguen, invit\u00e9 de Jean-Michel Apathie; son et vid\u00e9os) : http:\/\/www.francetvinfo.fr\/replay-radio\/8h30-aphatie\/pour-jean-marie-le-guen-la-campagne-2017-ne-se-passera-comme-prevue-il-y-aura-des-bouleversements_1845037.html<\/p>\n<p>-&#8220;Jadot-Duflot, les rivaux \u00e9colos&#8221; (Marcelo Wesfreid de &#8220;L&#8217;Express&#8221;;  son) : https:\/\/www.franceinter.fr\/emissions\/histoires-politiques\/histoires-politiques-04-octobre-2016<\/p>\n<p>-Le sociologue Michel Fize, candidat de &#8220;l&#8217;\u00e9cologie animale&#8221; \u00e0 l&#8217;\u00e9lection pr\u00e9sidentielle (interrog\u00e9 par Olivier Galzi; vid\u00e9o) : http:\/\/www.itele.fr\/chroniques\/invite-galzi-jusqua-minuit\/linvite-politique-dolivier-galzi-du-04102016-171224<\/p>\n<p>-Manuel Valls annonce une garantie publique pour les agriculteurs en difficult\u00e9s (vid\u00e9os) : http:\/\/www.publicsenat.fr\/lcp\/politique\/valls-annonce-une-garantie-publique-agriculteurs-difficulte-1509389<\/p>\n<p><strong>-&#8220;Primaires \u00e0 gauche, une machine \u00e0 diviser ?&#8221; (en d\u00e9bat dans l&#8217;\u00e9mission &#8220;\u00c7a vous regarde&#8221; d&#8217;Arnaud Ardoin, avec Laurent Baumel, d\u00e9put\u00e9 PS d&#8217;Indre-et-Loire,  soutien d&#8217;Arnaud Montebourg; Mathieu Hanotin, d\u00e9put\u00e9 PS de Seine-Saint-Denis, soutien de Beno\u00eet Hamon; Jean-Luc Benhamias du &#8220;Front d\u00e9mocrate&#8221; et Alexis Corbi\u00e8re, porte-parole de Jean-Luc M\u00e9lenchon; vid\u00e9o) :<\/strong> http:\/\/www.lcp.fr\/emissions\/ca-vous-regarde\/279228-ca-vous-regarde-03octo16 <\/p>\n<p>-Comme Sarkozy, &#8220;le gouvernement monte au cr\u00e9neau pour emp\u00eacher les \u00e9lecteurs de gauche de faire gagner Jupp\u00e9&#8221; (vid\u00e9o) : http:\/\/www.bfmtv.com\/politique\/le-clan-hollande-craint-la-mobilisation-de-gauche-a-la-primaire-de-droite-1044081.html#?xtor=EREC<\/p>\n<p>-&#8220;Dans la t\u00eate d&#8217;Emmanuel Macron&#8221; (un documentaire de Bertrand Delais; vid\u00e9o) : http:\/\/www.lcp.fr\/emissions\/277348-dans-la-tete-demmanuel-macron<\/p>\n<p>-&#8220;Pour lui, l&#8217;heure de v\u00e9rit\u00e9 arrive&#8221; (Yves Thr\u00e9ard du &#8220;Figaro&#8221;; vid\u00e9o) : http:\/\/www.europe1.fr\/emissions\/ledito-politique-dyves-threard\/emmanuel-macron-lheure-de-verite-2863630<\/p>\n<p><em>-Le barom\u00e8tre politique (VIAVOICE; \u00e0 t\u00e9l\u00e9charger) <\/em> : http:\/\/www.institut-viavoice.com\/viavoice-paris\/publications\/sondages-publies\/528-alain-juppe-et-emmanuel-macron-renforcent-leur-stature-presidentielle-nicolas-sarkozy-en-perte-de-dynamique<\/p>\n<p><strong>-&#8220;J&#8217;esp\u00e8re que Belfort sera sauv\u00e9e mais c&#8217;est le sapeur Camember. On bouche un trou pour en creuser un autre. Ce sont des gestes \u00e9lectoraux comme on en a dans un pays qui n&#8217;est pas s\u00e9rieux, qui masquent notre absence de comp\u00e9titivit\u00e9&#8221; (Fran\u00e7ois Fillon, d\u00e9put\u00e9 LR de Paris; face \u00e0 Micha\u00ebl Darmon et aux Fran\u00e7ais; vid\u00e9o) <\/strong> :  https:\/\/www.youtube.com\/watch?v=TEIqwSlvhpQ<\/p>\n<p>-&#8220;Cela va dans le bon sens, mais rien n&#8217;est acquis, il faut rester mobilis\u00e9&#8221; (Damien Meslot, maire LR de Belfort; vid\u00e9o) : http:\/\/rmc.bfmtv.com\/mediaplayer\/video\/alstom-rien-n-est-acquis-il-faut-rester-mobiliser-873263.html<\/p>\n<p>-&#8220;C&#8217;est imm\u00e9diatement une bonne chose pour les salari\u00e9s mais une op\u00e9ration de rafistolage qui ne r\u00e8gle rien pour l&#8217;avenir&#8221; (G\u00e9rard Larcher, p\u00e9sident LR du S\u00e9nat; interrog\u00e9 par Elisabeth Martichoux; vid\u00e9o) : http:\/\/www.rtl.fr\/actu\/politique\/primaire-les-republicains-francois-fillon-a-le-projet-le-plus-abouti-assure-gerard-larcher-7785104568<\/p>\n<p>-&#8220;C&#8217;est un caut\u00e8re sur une jambe de bois que propose M. Hollande pour Alstom. Il n&#8217;y a pas de strat\u00e9gie industrielle derri\u00e8re \u00e7a&#8221; (Christian Estrosi, pr\u00e9sident LR de la r\u00e9gion PACA; interrog\u00e9 par Jean-Pierre Elkabbach; vid\u00e9o) : http:\/\/www.europe1.fr\/emissions\/l-interview-politique\/alstom-usine-de-belfort-hommage-national-aux-victimes-de-nice-lutte-contre-le-terrorisme-et-primaire-de-la-droite-et-du-centre-nkm-repond-aux-questions-de-jean-pierre-elkabbach-2863811<\/p>\n<p>-&#8220;Un politique industrielle, il faudrait la prendre bien en amont, avec beaucoup d&#8217;anticipation. Cela fait cher l&#8217;emploi sauv\u00e9 pour un \u00e9tat qui est mauvais gestionnaire. Le programme de Nicolas Sarkozy est infaisable&#8221; (Virginie Calmels, premi\u00e8re-adjointe d&#8217;Alain Jupp\u00e9 \u00e0 Bordeaux; interrog\u00e9e par Guillaume Durand; vid\u00e9o) : http:\/\/www.dailymotion.com\/video\/x4vyae1<\/p>\n<p>-&#8220;On a essay\u00e9 d&#8217;aller tr\u00e8s en profondeur. On a fait la bagatelle de quatre livres&#8221; (Benoist Apparu, d\u00e9put\u00e9 LR de la Marne, soutien d&#8217;Alain Jupp\u00e9; interrog\u00e9 par Brigitte Boucher; vid\u00e9o, amener le curseur sur 30:18) : http:\/\/www.lcp.fr\/emissions\/politique-matin\/278961-politique-matin-04octo16<\/p>\n<p>-&#8220;Je ne prendrai pas position avant le premier tour de la primaire&#8221; (Nadine Morano, eurod\u00e9put\u00e9e LR; son et vid\u00e9os) : http:\/\/www.francetvinfo.fr\/replay-radio\/8h30-aphatie\/nadine-morano-je-ne-prendrai-pas-position-avant-le-premier-tour-de-la-primaire_1843465.html<\/p>\n<p><strong>-&#8220;Moi Pr\u00e9sident. Ilem, 20 ans, \u00e9l\u00e8ve infirmi\u00e8re \u00e0 Pontoise. Avec Herv\u00e9 Pauchon (son) :<\/strong> https:\/\/www.franceinter.fr\/emissions\/moi-president\/moi-president-04-octobre-2016<\/p>\n<p>-&#8220;Il y a cinq mois, la ministre de l&#8217;Education Nationale applaudissait ce pape alors de gauche&#8221; (Guillaume Tabard du &#8220;Figaro&#8221;; son) : http:\/\/www.radioclassique.fr\/player\/progaction\/iniPlayer\/podcast\/ledito-politique-de-guillaume-tabard-2016-10-04-08-14-30.html<\/p>\n<p>-&#8220;Ce n&#8217;est pas moi qui me sarkozyse, c&#8217;est lui qui se jean-marise&#8221; (Jean-Marie Le Pen; vid\u00e9o) : http:\/\/www.20minutes.fr\/politique\/1935551-20161004-video-primaire-droite-sarkozy-jean-marise-selon-pen<\/p>\n<p>-&#8220;Quelles questions d&#8217;importance dans la campagne de l&#8217;\u00e9lection pr\u00e9sidentielle ?&#8221; (sujet du &#8220;T\u00e9l\u00e9phone sonne&#8221;, anim\u00e9 par Nicolas Demorand avec pour invit\u00e9 le sociologue Alain Touraine qui, lui, ne retient aucun sujet \u00e9conomique et social ! (son) : https:\/\/www.franceinter.fr\/emissions\/le-telephone-sonne\/le-telephone-sonne-03-octobre-2016<\/p>\n<p><strong>EUROPE-MONDE<\/strong><\/p>\n<p>-&#8220;La Deustsch Bank dans la tourmente&#8221; (vid\u00e9o) : http:\/\/www.francetvinfo.fr\/monde\/europe\/la-deustsche-bank-dans-la-tourmente-vers-une-nouvelle-crise-financiere_1854443.html#xtor=EPR<\/p>\n<p>-&#8220;Qui pour succ\u00e9der \u00e0 Angela Merkel ?&#8221; (Henrik Uterwedde, de l&#8217;Institut franco-allemand de Ludwisburg; son) : https:\/\/www.franceinter.fr\/emissions\/meridien-d-europe\/meridien-d-europe-04-octobre-2016<\/p>\n<p>-&#8220;Londres va exempter ses soldats du droit humanitaire europ\u00e9en&#8221; : http:\/\/www.euractiv.fr\/section\/royaume-uni-en-europe\/news\/londres-va-exempter-ses-soldats-du-droit-humanitaire-europeen\/?nl_ref=21883878<\/p>\n<p>-En 2004, &#8220;une candidature de Tony Blair \u00e0 la t\u00eate de la Commission europ\u00e9enne, aurait \u00e9t\u00e9 contr\u00e9e par Jacques Chirac&#8221; (Matthew Tempest; vid\u00e9o) : http:\/\/www.euractiv.fr\/section\/politique\/news\/blair-would-have-been-vetoed-by-chirac-for-commission-president-aide-admits\/?nl_ref=21883878<\/p>\n<p><strong>-Les eurod\u00e9put\u00e9s s&#8217;opposent \u00e0 une sanction &#8220;immorale&#8221; de l&#8217;Espagne et du Portugal (Jorge Valero) <\/strong> : http:\/\/www.euractiv.fr\/section\/euro-finances\/news\/meps-oppose-immoral-suspension-of-eu-funds-for-spain-and-portugal\/?nl_ref=21883878<\/p>\n<p>-Ils s&#8217;interrogent sur le s\u00e9rieux des promesses d&#8217;aide au d\u00e9veloppement (C\u00e9cile Barbi\u00e8re) : http:\/\/www.euractiv.fr\/section\/aide-au-developpement\/news\/les-eurodeputes-questionnent-le-serieux-des-promesses-daide\/?nl_ref=21883878<\/p>\n<p>-A Tarragone, on c\u00e9l\u00e8bre &#8220;le castells&#8221;, l&#8217;art catalan des tours humaines (vid\u00e9o) : http:\/\/www.liberation.fr\/video\/2016\/10\/03\/a-tarragone-on-celebre-le-castells-l-art-catalan-des-tours-humaines_1519284?xtor=EPR<\/p>\n<p><strong>-&#8220;Le r\u00e9sultat du r\u00e9f\u00e9rendum, un \u00e9chec grave pour Viktor Orban&#8221; (l&#8217;historien Paul Gradvohl; propos recueillis par C\u00e9cile Bouanchaud) :<\/strong> http:\/\/www.lemonde.fr\/international\/article\/2016\/10\/03\/referendum-antimigrants-en-hongrie-un-echec-grave-pour-viktor-orban_5007575_3210.html<\/p>\n<p>-Pas de d\u00e9bat \u00e0 Strasbourg apr\u00e8s le vote des Hongrois (vid\u00e9o) : http:\/\/nr.news-republic.com\/Web\/ArticleWeb.aspx?regionid=2&#038;articleid=74333780<\/p>\n<p><strong>-&#8220;Tout r\u00e9f\u00e9rendum n&#8217;est pas manipulatoire&#8221; (le politologue Yves Sintomer; propos recueillis par Florence La Bruy\u00e8re) <\/strong> : http:\/\/www.liberation.fr\/planete\/2016\/10\/03\/tout-referendum-n-est-pas-manipulatoire_1519413?xtor=EPR<\/p>\n<p>-&#8220;La Hongrie accueille les migrants riches \u00e0 bras ouverts, pratiquant ainsi une x\u00e9nophobie s\u00e9lective&#8221; (Philippe Chapleau) : http:\/\/www.euractiv.fr\/section\/justice-affaires-interieures\/news\/la-hongrie-accueille-les-migrants-riches-a-bras-ouverts\/?nl_ref=21883878<\/p>\n<p>-&#8220;Vague populiste et conservatrice en Europe centrale&#8221; (un reportage de Bruno Cadenne; son) : https:\/\/www.franceinter.fr\/emissions\/la-face-b-de-l-actualite-internationale\/la-face-b-de-l-actualite-internationale-03-octobre-2016<\/p>\n<p>-Des milliers de polonaises pour un lundi noir contre l&#8217;interdiction de l&#8217;IVG (Hugues Beaudoin; son) : http:\/\/www.radioclassique.fr\/player\/progaction\/iniPlayer\/podcast\/2016-10-03-19-09-00.html<\/p>\n<p><strong>-Relay\u00e9es au Parlement europ\u00e9en, notamment par Patrick Le Hyaric (son, amener le curseur sur 9:10)<\/strong> : https:\/\/www.franceinter.fr\/emissions\/le-journal-de-7h\/le-journal-de-7h-05-octobre-2016<\/p>\n<p><strong>-&#8220;La sc\u00e8ne se passe en Pologne, c&#8217;est-\u00e0-dire nulle part&#8221; (Anthony Bellanger, citant &#8220;Ubu Roi&#8221; d&#8217;Alfred Jarry; son) <\/strong> : https:\/\/www.franceinter.fr\/emissions\/l-edito\/l-edito-03-octobre-2016<\/p>\n<p><strong>-&#8220;Pour \u00e9radiquer Daesh, il faut une solution politique apr\u00e8s. On n&#8217;a pas entendu ceux qui nous ont dit qu&#8217;apr\u00e8s avoir fait tomber Assad, ce serait pire. La preuve est faite qu&#8217;on ne l&#8217;a pas fait tomber. Ce sont les Russes qui ont la main et on ne sait pas vraiment ce qu&#8217;ils veulent. Les occidentaux n&#8217;ont pas pris la mesure du fait qu&#8217;ils n&#8217;avaient plus le monopole de la conduite des affaires du monde&#8221; (Hubert V\u00e9drine, invit\u00e9 du &#8220;Club de la Presse&#8221; d&#8217;Europe 1; son)<\/strong> : http:\/\/www.europe1.fr\/emissions\/le-club-de-la-presse\/europe-soir-le-club-de-la-presse-hubert-vedrine-et-abdennour-bidar-03102016-2863468<\/p>\n<p><strong>-&#8220;C&#8217;est un cr\u00eave-coeur d&#8217;avoir \u00e0 dire qu&#8217;on va faire avec Assad&#8221; (vid\u00e9o) : <\/strong> http:\/\/www.europe1.fr\/international\/vedrine-cest-un-creve-coeur-davoir-a-dire-quon-va-faire-avec-assad-2863441<\/p>\n<p>-&#8220;Les Russes sont responsables du sort d&#8217;Alep&#8221; (Jean-Marc Ayrault, ministre des Affaires \u00e9trang\u00e8res; vid\u00e9o) : http:\/\/www.lcp.fr\/la-politique-en-video\/les-russes-sont-responsables-du-sort-dalep-selon-jean-marc-ayrault<\/p>\n<p>-Lundi dernier, plus de 5 600 migrants ont \u00e9t\u00e9 secourus au large de la Libye (vid\u00e9o) : http:\/\/www.lemonde.fr\/immigration-et-diversite\/article\/2016\/10\/03\/plus-de-5-600-migrants-secourus-en-une-journee-au-large-de-la-libye_5007570_1654200.html http:\/\/nr.news-republic.com\/Web\/ArticleWeb.aspx?regionid=2&#038;articleid=74364441<\/p>\n<p><strong>-&#8220;L&#8217;Etat de droit d\u00e9cline dramatiquement en Afrique&#8221; (Karen McVeigh, Kate Hodal) : <\/strong> http:\/\/www.euractiv.fr\/section\/aide-au-developpement\/news\/rule-of-law-declines-for-70-of-africans-over-past-decade-warns-ibrahim-index\/?nl_ref=21883878<\/p>\n<p><strong>-&#8220;50 millions d&#8217;individus qui migrent vers les points de lumi\u00e8re en Afrique et dans le monde. Les fronti\u00e8res sont d\u00e9pass\u00e9es par les portables. Il faut tarir la source et signer le plan de d\u00e9veloppement que proposent 15 chefs d&#8217;Etats africains. Sur la Syrie, j&#8217;ai beaucoup de mal \u00e0 m&#8217;y retrouver et donc \u00e0 dire ce que j&#8217;en pense&#8221; (Jean-Louis Borloo, interrog\u00e9 par Jean-Jacques Bourlin; vid\u00e9o) : <\/strong> http:\/\/www.bfmtv.com\/mediaplayer\/video\/jean-louis-borloo-face-a-jean-jacques-bourdin-en-direct-873261.html<\/p>\n<p>-Au Bangladesh, le surf, instrument d&#8217;\u00e9mancipation pour les jeunes filles (vid\u00e9o) : http:\/\/www.francetvinfo.fr\/monde\/bangladesh\/bangladesh-le-surf-comme-instrument-d-emancipation-pour-les-jeunes-filles_1854475.html<\/p>\n<p><strong>-&#8220;Les ann\u00e9es Obama&#8221; (un documentaire de Norma Percy, Brian Lapping et Paul Mitchell diffus\u00e9 sur Arte; vid\u00e9os pendant 7 jours) : <\/strong><br \/>\nhttp:\/\/www.arte.tv\/guide\/fr\/052421-001-A\/les-annees-obama-1-4?country=FR http:\/\/www.arte.tv\/guide\/fr\/052421-002-A\/les-annees-obama-2-4?country=FR  http:\/\/www.arte.tv\/guide\/fr\/052421-003-A\/les-annees-obama-3-4?country=FR  http:\/\/www.arte.tv\/guide\/fr\/052421-004-A\/les-annees-obama-4-4?country=FR<\/p>\n<p>-&#8220;Les \u00e9lecteurs \u00e9vang\u00e9liques penchent pour Donald Trump&#8221; (vid\u00e9o) : http:\/\/nr.news-republic.com\/Web\/ArticleWeb.aspx?regionid=2&#038;articleid=74353021<\/p>\n<p>-&#8220;Chelsea Manning \u00e9crit depuis sa prison&#8221; (Olivier Tesquet) :  http:\/\/www.telerama.fr\/medias\/chelsea-manning-aux-lecteurs-de-telerama-je-suis-ravie-de-faire-votre-connaissance,148164.php#xtor=EPR  <\/p>\n<p>-Le gouvernement colombien lance de nouveaux pourparlers de paix (vid\u00e9o) : http:\/\/nr.news-republic.com\/Web\/ArticleWeb.aspx?regionid=2&#038;articleid=74364442<\/p>\n<p><strong>CULTURE-MEDIAS<\/strong><\/p>\n<p><strong>-Le primatologue Frans de Waal \u00e9tait l&#8217;invit\u00e9 de la matinale de France Inter. Auteur de &#8220;Sommes-nous trop b\u00eates pour comprendre l&#8217;intelligence des animaux&#8221;, il r\u00e9pondait aux questions de Patrick Cohen (vid\u00e9o) :<\/strong> http:\/\/www.dailymotion.com\/video\/x4vy3s3_frans-de-waal-repond-aux-questions-de-patrick-cohen_news<\/p>\n<p><strong>-Il a r\u00e9pondu aux questions des auditeurs (vid\u00e9o)<\/strong> : http:\/\/www.dailymotion.com\/video\/x4vyfzj_frans-de-wall-repond-aux-questions-des-auditeurs-de-france-inter_news<\/p>\n<p>-&#8220;Le terrorisme expliqu\u00e9 aux enfants (Tahar Ben Jelloun, interrog\u00e9 par Dimitri Pavlenko; son) : http:\/\/www.sudradio.fr\/Podcasts\/L-invite-pour-comprendre\/Tahar-Ben-Jelloun-ecrivain<\/p>\n<p><strong>-&#8220;Quelles valeurs partager et transmettre aujourd&#8217;hui&#8221; (le philosophe Abdennour Bidar; invit\u00e9 du &#8220;Club de la Presse&#8221; d&#8217;Europe 1; son, amener le curseur sur 18:23) : <\/strong>  http:\/\/www.europe1.fr\/emissions\/le-club-de-la-presse\/europe-soir-le-club-de-la-presse-hubert-vedrine-et-abdennour-bidar-03102016-2863468<\/p>\n<p><strong>-Augustin Trapenard a re\u00e7u Marie NDiaye, Prix F\u00e9mina en 2001 et Prix Goncourt en 2009, qui publie &#8220;La cheffe, roman d&#8217;une cuisini\u00e8re&#8221; (son) :<\/strong> https:\/\/www.franceinter.fr\/emissions\/boomerang\/boomerang-04-octobre-2016<\/p>\n<p>-Le Nobel de physique r\u00e9compense trois scientifiques britanniques (vid\u00e9o) : http:\/\/nr.news-republic.com\/Web\/ArticleWeb.aspx?regionid=2&#038;articleid=74392022<\/p>\n<p><strong>-&#8220;Ce sont mes personnages qui m&#8217;ont appris qui j&#8217;\u00e9tais&#8221; (Sandrine Kiberlain, interrog\u00e9e par Laurent Rigoulet \u00e0 &#8220;T\u00e9l\u00e9rama Dialogue&#8221;; vid\u00e9o int\u00e9grale) : <\/strong> http:\/\/www.telerama.fr\/cinema\/sandrine-kiberlain-a-telerama-dialogue-ce-sont-mes-personnages-qui-m-ont-appris-qui-j-etais,148181.php#xtor=EPR<\/p>\n<p>-&#8220;La crainte de d\u00e9cevoir r\u00f4de toujours&#8221; (Isabelle Adjani; vid\u00e9o) : http:\/\/www.dailymotion.com\/video\/x26vrar_isabelle-adjani-telerama-dialogue-la-crainte-de-decevoir-rode-toujours_shortfilms<\/p>\n<p>-&#8220;Je suis un acteur de proximit\u00e9&#8221; (Fran\u00e7ois Morel; vid\u00e9o) : http:\/\/www.dailymotion.com\/video\/x26vtip_francois-morel-telerama-dialogue-je-suis-un-acteur-de-proximite_shortfilms<\/p>\n<p>-&#8220;J&#8217;ai surtout un rapport avec l&#8217;auteur&#8221; (Michel Bouquet; vid\u00e9o) : http:\/\/www.dailymotion.com\/video\/x26ut5u_michel-bouquet-telerama-dialogue-j-ai-surtout-un-rapport-avec-l-auteur_shortfilms<\/p>\n<p>-&#8220;Il ne faut pas raconter d&#8217;histoires au public&#8221; (Daniel Pennac; vid\u00e9o) : http:\/\/www.dailymotion.com\/video\/x26vg9i_daniel-pennac-telerama-dialogue-il-ne-faut-pas-raconter-d-histoires-au-public_webcam<\/p>\n<p>-&#8220;Aujourd&#8217;hui, la parole est captur\u00e9e par une minorit\u00e9 qui appartient \u00e0 une \u00e9lite&#8221; (Rokhaya Diallo; vid\u00e9o) : http:\/\/www.dailymotion.com\/video\/x26vig8_rokhaya-diallo-telerama-dialogue-aujourd-hui-la-parole-est-capturee-par-une-minorite_news<\/p>\n<p><strong>-Il y a trois ans, la rencontre avec Stromae, interrog\u00e9 par Odile De Plas (vid\u00e9o int\u00e9grale) <\/strong> : http:\/\/www.dailymotion.com\/video\/x153dye_telerama-dialogue-au-rond-point-rencontre-avec-stromae_music<\/p>\n<p>-Dans &#8220;Le Ciel attendra&#8221;, Marie-Castille Mention-Schaar raconte le d\u00e9sarroi qui entoure la radicalisation des jeunes (vid\u00e9o) : https:\/\/www.youtube.com\/watch?v=Ie8t3YwF60M<\/p>\n<p>-&#8220;Les monstres m&#8217;ont r\u00e9ellement aid\u00e9 \u00e9motionnellement au cours de mon enfance&#8221; (Tim Burton, r\u00e9alisateur de &#8220;Miss Peregrine et les enfants particuliers&#8221;;vid\u00e9o) : https:\/\/www.youtube.com\/watch?v=0LsCpfBtfFA<\/p>\n<p>-&#8220;Crisis in six scenes&#8221;, le rendez-vous manqu\u00e9 de Woody Allen avec les s\u00e9ries&#8221; (Pierre Langlais; vid\u00e9o) : http:\/\/www.telerama.fr\/series-tv\/crisis-in-six-scenes-le-rendez-vous-manque-de-woody-allen-avec-les-series,148105.php#xtor=EPR<\/p>\n<p>-Passation de baguette \u00e0 l&#8217;Orchestre national de Lille (Sophie Bourdais; vid\u00e9o) :      http:\/\/www.telerama.fr\/musique\/orchestre-national-de-lille-au-revoir-et-bienvenue-maestros,148106.php#xtor=EPR<\/p>\n<p>-Retrouver Lush avec Fran\u00e7ois Gorin (son) : http:\/\/www.telerama.fr\/musique\/lush-cicatrice-et-joli-teint,148165.php#xtor=EPR<\/p>\n<p><strong>-&#8220;Mais o\u00f9 est donc pass\u00e9e Bridget Jones ? (Rebecca Manzoni; vid\u00e9o) : <\/strong> https:\/\/www.franceinter.fr\/emissions\/pop-co\/pop-co-04-octobre-2016<\/p>\n<p>-Rock\/reggae, 20 concerts en octobre \u00e0 Paris (Fr\u00e9d\u00e9ric P\u00e9guillan) :   http:\/\/www.telerama.fr\/sortir\/rock-reggae-les-20-concerts-a-ne-pas-rater-en-octobre-a-paris,148167.php#xtor=EPR-126-newsletter_tra-20161004      <\/p>\n<p>-&#8220;La sanction est s\u00e9v\u00e8re pour France 2&#8221; (son) :  http:\/\/www.radioclassique.fr\/player\/progaction\/iniPlayer\/podcast\/la-vie-des-medias-2016-10-04-07-41-25.html   <\/p>\n<p><strong>-&#8220;Les ann\u00e9es Obama&#8221;, la Maison Blanche racont\u00e9e de l&#8217;int\u00e9rieur&#8221; (Sonia Devillers recevait la productrice britannique Norma Percy; vid\u00e9o) : <\/strong> http:\/\/www.dailymotion.com\/video\/x4vyjbh_les-annees-obama-la-maison-blanche-racontee-de-l-interieur_news<\/p>\n<p>-Le quartier d&#8217;entrep\u00f4ts devenu temple du sreeet art \u00e0 Miami (vid\u00e9o) : http:\/\/nr.news-republic.com\/Web\/ArticleWeb.aspx?regionid=2&#038;articleid=74371122<\/p>\n<p>-&#8220;Vive la Nation !&#8221; (Thomas Legrand; son) :  https:\/\/www.franceinter.fr\/emissions\/l-edito-politique\/l-edito-politique-04-octobre-2016 <\/p>\n<p>-Pascal L\u00e9gitimus revient sur sc\u00e8ne, re\u00e7u par Marie-Sophie Lacarrau (vid\u00e9o) :  http:\/\/www.francetvinfo.fr\/culture\/spectacles\/pascal-legitimus-il-est-de-retour-sur-scene_1855763.html<\/p>\n<p>-La une du &#8220;Canard encha\u00een\u00e9&#8221; : http:\/\/www.lecanardenchaine.fr\/la-une-du-5-octobre-2016\/<\/p>\n<p><strong>-&#8220;Les humains plus malins que les animaux, vraiment ?&#8221; (Alex Vizorek; vid\u00e9o) : <\/strong> https:\/\/www.franceinter.fr\/emissions\/le-billet-d-alex-vizorek\/le-billet-d-alex-vizorek-04-octobre-2016<\/p>\n<p><strong>-&#8220;Mes id\u00e9es pour \u00e9gayer la primaire \u00e0 gauche&#8221; (Charline Vanhoenacker; vid\u00e9o) : <\/strong> http:\/\/www.dailymotion.com\/video\/x4vxuob_mes-idees-pour-egayer-la-primaire-a-gauche-le-billet-de-charline_fun<\/p>\n","protected":false},"excerpt":{"rendered":"<p>ACTUALITE -&#8220;Le plan du gouvernement pour sauver Alstom \u00e0 Belfort&#8221; (vid\u00e9o) : http:\/\/www.francetvinfo.fr\/economie\/entreprises\/alstom\/alstom-un-plan-pour-sauver-belfort_1855611.html -D\u00e9fendu par le secr\u00e9taire d&#8217;Etat \u00e0 l&#8217;Industrie Christophe Sirugue (vid\u00e9o) : http:\/\/www.francetvinfo.fr\/economie\/entreprises\/alstom\/sauvetage-du-site-alstom-de-belfort-un-plan-bien-raisonnable_1855701.html -Il \u00e9tait l&#8217;invit\u00e9 de Laurence Ferrari (vid\u00e9o) : http:\/\/www.itele.fr\/chroniques\/invite-politique-ferrari-tirs-croises\/70-millions-dinvestissements-sur-le-site-alstom-ce-nest-pas-du-carnet-de-commandes-se-defend-christophe-sirugue-171218 -Les r\u00e9actions (vid\u00e9os et en rubrique &#8220;Politique&#8221;) : http:\/\/www.lefigaro.fr\/conjoncture\/2016\/10\/04\/20002-20161004ARTFIG00173-bricolage-rafistolage-bidouillage-les-reactions-au-plan-de-l-etat-pour-alstom.php http:\/\/www.lemonde.fr\/economie\/article\/2016\/10\/04\/plan-de-sauvetage-d-alstom-du-bricolage-industriel-pour-hamon-du-rafistolage-preelectoral-pour-larcher_5007844_3234.html http:\/\/www.ouest-france.fr\/economie\/entreprises\/alstom\/alstom-les-reactions-politiques-au-plan-de-sauvetage-de-l-etat-4535095 -&#8220;L&#8217;Etat et Alstom peuvent mieux faire&#8221; (le PCF) : http:\/\/www.pcf.fr\/92156 [&hellip;]<\/p>\n","protected":false},"author":1042,"featured_media":0,"comment_status":"open","ping_status":"open","sticky":false,"template":"","format":"standard","meta":{"_themeisle_gutenberg_block_has_review":false,"footnotes":""},"categories":[151],"tags":[],"class_list":["post-9901","post","type-post","status-publish","format-standard","hentry","category-la-revue-de-presse-de-lulu"],"_links":{"self":[{"href":"https:\/\/archives.regards.fr\/index.php?rest_route=\/wp\/v2\/posts\/9901","targetHints":{"allow":["GET"]}}],"collection":[{"href":"https:\/\/archives.regards.fr\/index.php?rest_route=\/wp\/v2\/posts"}],"about":[{"href":"https:\/\/archives.regards.fr\/index.php?rest_route=\/wp\/v2\/types\/post"}],"author":[{"embeddable":true,"href":"https:\/\/archives.regards.fr\/index.php?rest_route=\/wp\/v2\/users\/1042"}],"replies":[{"embeddable":true,"href":"https:\/\/archives.regards.fr\/index.php?rest_route=%2Fwp%2Fv2%2Fcomments&post=9901"}],"version-history":[{"count":0,"href":"https:\/\/archives.regards.fr\/index.php?rest_route=\/wp\/v2\/posts\/9901\/revisions"}],"wp:attachment":[{"href":"https:\/\/archives.regards.fr\/index.php?rest_route=%2Fwp%2Fv2%2Fmedia&parent=9901"}],"wp:term":[{"taxonomy":"category","embeddable":true,"href":"https:\/\/archives.regards.fr\/index.php?rest_route=%2Fwp%2Fv2%2Fcategories&post=9901"},{"taxonomy":"post_tag","embeddable":true,"href":"https:\/\/archives.regards.fr\/index.php?rest_route=%2Fwp%2Fv2%2Ftags&post=9901"}],"curies":[{"name":"wp","href":"https:\/\/api.w.org\/{rel}","templated":true}]}}