{"id":9899,"date":"2016-10-04T08:08:20","date_gmt":"2016-10-04T06:08:20","guid":{"rendered":"https:\/\/wp.muchomaas.com\/article-la-revue-du-4-octobre-2016\/"},"modified":"2023-06-23T23:23:08","modified_gmt":"2023-06-23T21:23:08","slug":"article-la-revue-du-4-octobre-2016","status":"publish","type":"post","link":"https:\/\/archives.regards.fr\/?p=9899","title":{"rendered":"La Revue du 4 octobre 2016"},"content":{"rendered":"<strong>ACTUALITE<\/strong>\n\n<strong>-La campagne de la CGT sur les discriminations \u00e0 l&#8217;encontre des m\u00e8res de famille (Cl\u00e9mence Helfter de l&#8217;UGICT-CGT, interrog\u00e9e par Dimitri Pavlenko; son) : <\/strong> http:\/\/www.sudradio.fr\/Podcasts\/L-invite-pour-comprendre\/C.Helfter-responsable-du-collectif-egalite-femme-homme-de-l-UGICT-CGT\n\n<em>-Les Fran\u00e7ais et la pauvret\u00e9 (IFOP)<\/em> : http:\/\/www.ifop.com\/?option=com_publication&#038;type=poll&#038;id=3507\n\n-A Aix-en Provence, les avocats ont fait le &#8220;proc\u00e8s en inaction&#8221; de la justice (le b\u00e2tonnier Philippe Klein, interrog\u00e9 par Dimitri Pavlenko; son) : http:\/\/www.sudradio.fr\/Podcasts\/L-invite-pour-comprendre\/Philippe-Klein-avocat-Batonnier-d-Aix-en-Provence\n\n<strong>-&#8220;Avec une des pire s\u00e9cheresses qu&#8217;il y ait eu, la r\u00e9colte de c\u00e9r\u00e9ales est catastrophique et \u00e7a continue aujourd&#8217;hui&#8221; (Didier Nedelec; vid\u00e9o) : <\/strong> http:\/\/bfmbusiness.bfmtv.com\/mediaplayer\/video\/production-de-cereales-on-a-en-france-l-une-des-pires-secheresses-qu-il-y-ait-jamais-eu-et-personne-n-en-parle-une-fois-de-plus-didier-nedelec-0310-872925.html\n\n-Une journ\u00e9e d&#8217;information sur le glanage (Nathalie Fontrel; son) : https:\/\/www.franceinter.fr\/emissions\/planete-environnement\/planete-environnement-03-octobre-2016\n\n-Jusqu&#8217;au 3 f\u00e9vrier 2017, la fili\u00e8re viande investit les cantines scolaires (Yolaine de la Bigne; son) : http:\/\/www.sudradio.fr\/Podcasts\/Quelle-epoque-ethique\/La-viande-dans-les-cantines\n\n<strong>-&#8220;Les boues rouges de Gardanne&#8221; (Olivier Martocq; son)<\/strong> : https:\/\/www.franceinter.fr\/emissions\/le-zoom-de-la-redaction\/le-zoom-de-la-redaction-03-octobre-2016\n\n-Un camion pour de  petites r\u00e9parations m\u00e9nag\u00e8res (Baptiste Gaborit; son) : http:\/\/www.radioclassique.fr\/player\/progaction\/iniPlayer\/podcast\/3-minutes-pour-la-planete-2016-10-03-06-47-37.html\n\n<strong>-&#8220;La fraude dans les transports en Ile-de-France, c&#8217;est 63 millions d&#8217;euros par an&#8221; (Alain Krakovitch, directeur du r\u00e9seau Transilien; son) :<\/strong>  http:\/\/www.rtl.fr\/actu\/societe-faits-divers\/alain-krakovitch-la-fraude-dans-les-transports-c-est-63-millions-d-euros-par-an-en-ile-de-france-7785088309\n\n-&#8220;En France, une personne sur quatre aura un cancer&#8221; (Guillemette Jacob, cofondatrice de &#8220;Seintinelle&#8221;; invit\u00e9e d&#8217;Eric Delvaux; son) :  https:\/\/www.franceinter.fr\/emissions\/l-invite-du-5-7\/l-invite-du-5-7-03-octobre-2016\n\n<strong>-Dans le Perche, des agricultrices se mobilisent pour la Ligue contre le cancer (vid\u00e9o)<\/strong> : http:\/\/www.francetvinfo.fr\/sante\/cancer\/cancer-du-sein-des-agricultrices-se-mobilisent-dans-le-perche_1852571.html#xtor=EPR\n\n-&#8220;Paris a beaucoup d&#8217;arguments pour les JO en 2024&#8221; (Denis Masseglia, pr\u00e9sident du CNOSF; son) : http:\/\/www.sudradio.fr\/Podcasts\/L-invite-pour-comprendre\/Denis-Masseglia-president-du-Comite-national-olympique-et-sportif-FR\n\n-A Saint-Ouen (93), la mobilisation se poursuit por la d\u00e9fense des HLM (Nathalie Revenu) : http:\/\/www.leparisien.fr\/saint-ouen-93400\/fusion-des-hlm-a-saint-ouen-le-bras-de-fer-se-poursuit-03-10-2016-6172589.php\n\n-Le journal d&#8217;Outre-mer (Julie Straboni; son) : https:\/\/www.franceinter.fr\/emissions\/journal-d-outre-mer-1ere\/journal-d-outre-mer-1ere-03-octobre-2016\n\n-&#8220;Le gouvernement veut r\u00e9duire les in\u00e9galit\u00e9s entre les territoires d&#8217;Outre-mer et la m\u00e9tropole&#8221; (la ministre Ericka Bareigts; vid\u00e9o) : http:\/\/www.lcp.fr\/la-politique-en-video\/le-gouvernement-veut-reduire-les-inegalites-entre-les-territoires-doutre-mer\n\n-Michel Neyret, ancien num\u00e9ro 2 de la police lyonnaise, interrog\u00e9 par L\u00e9a Salam\u00e9 (vid\u00e9o) : http:\/\/www.dailymotion.com\/video\/x4vr6cl_michel-neyret-repond-aux-questions-de-lea-salame_news\n\n-Fresnes, la prison de la honte ? (dans l&#8217;\u00e9mission d&#8217;Olivier Galzi &#8220;Le Grand D\u00e9cryptage&#8221;; vid\u00e9o) : http:\/\/www.itele.fr\/chroniques\/grand-decryptage-olivier-galzi\/le-grand-decryptage-du-03102016-171171\n\n<strong>POLITIQUE <\/strong> \n\n-Le n\u00b0 824 de &#8220;ReSPUBLICA&#8221; : http:\/\/www.gaucherepublicaine.org\/wp-content\/uploads\/lettres\/20161003_respublica-lettre-sommaire_lettre-824.htm\n\n-&#8220;Je ne suis pas un m\u00e9decin-urgentiste de la gauche. L&#8217;objectif de Montebourg, c&#8217;est de faire la peau \u00e0 Hollande. \u00c7a ne m&#8217;int\u00e9resse pas&#8221; (Yannick Jadot, eurod\u00e9put\u00e9 EE-LV, qui propose de boycotter la Coupe du Monde en Russie pour protester contre les bombardements d&#8217;Alep; interrog\u00e9 par Micha\u00ebl Darmon) : https:\/\/www.youtube.com\/watch?v=WaIlkayRYiY\n\n-&#8220;Les offres politiques \u00e0 droite sont dangereuses pour notre pays&#8221; (Jean-Christophe Cambad\u00e9lis, face \u00e0 Guillaume Durand; vid\u00e9o) :  http:\/\/www.dailymotion.com\/video\/x4vrkk7\n\n<strong>-&#8220;L&#8217;\u00e9valuation de l&#8217;\u00e9ducation prioritaire des chercheurs est juste mais la r\u00e9forme de 2015 rectifie les choses, ce que les chercheurs ne peuvent appr\u00e9cier. La mixit\u00e9 sociale rel\u00e8ve de l&#8217;habitat&#8221; (Najat Vallaud-Belkacem, invit\u00e9e de la matinale de France Inter; interrog\u00e9 par Patrick Cohen; vid\u00e9o) <\/strong> : http:\/\/www.dailymotion.com\/video\/x4vrbft_najat-vallaud-belkacem-repond-aux-questions-de-patrick-cohen_news\n\n-Elle a r\u00e9pondu aux questions des auditeurs (vid\u00e9o) : http:\/\/www.dailymotion.com\/video\/x4vrg29_najat-vallaud-belkacem-repond-aux-questions-des-auditeurs-de-france-inter_news\n\n-&#8220;S&#8217;il n&#8217;y a pas de rassemblement de la gauche, elle ne sera pas au deuxi\u00e8me tour&#8221; de l&#8217;\u00e9lection pr\u00e9sidentielle. En Syrie, la solution ne peut pas simplement passer par l&#8217;exigence du d\u00e9part de Bachar al-Assad&#8221; (Julien Dray, conseiller r\u00e9gional PS d&#8217;Ile-de-France; interrog\u00e9 par Laurence Ferrari; vid\u00e9o) : http:\/\/www.itele.fr\/chroniques\/invite-politique-ferrari-tirs-croises\/la-solution-ne-peut-pas-simplement-passer-par-lexigence-du-depart-de-bachar-al-assad-selon-julien-dray-171165\n\n-&#8220;M. Cambad\u00e9lis essaie de nous mettre des brindilles dans les roues&#8221; (Fran\u00e7ois Kalfon, porte-parole d&#8217;Arnaud Montebourg; interrog\u00e9 par Fr\u00e9d\u00e9ric Rivi\u00e8re; vid\u00e9o) :  http:\/\/www.rfi.fr\/video\/20161003-francois-kalfon-mr-cambadelis-essaye-nous-mettre-brindilles-roues\n\n-Karine Berger, d\u00e9put\u00e9e PS des Hautes-Alpes, &#8220;pour le ni-ni&#8221; en cas de duel Sarkozy-Le Pen au second tour de la pr\u00e9sidentielle (vid\u00e9o) : http:\/\/www.lcp.fr\/la-politique-en-video\/berger-ps-pour-le-ni-ni-en-cas-de-duel-sarkozy-le-pen-au-2nd-tour-de-la\n\n-Elle \u00e9tait l&#8217;invit\u00e9e de &#8220;Politique Matin&#8221; sur la cha\u00eene LCP (vid\u00e9o, amener le curseur sur 17:25) : http:\/\/www.lcp.fr\/emissions\/politique-matin\/278960-politique-matin-03octo16\n\n-&#8220;Une primaire avec un Pr\u00e9sident dedans !&#8221; (Thomas Legrand; son) : https:\/\/www.franceinter.fr\/emissions\/l-edito-politique\/l-edito-politique-03-octobre-2016\n\n-&#8220;Toujours pas candidat, Hollande m\u00e8ne quand m\u00eame campagne&#8221; (vid\u00e9o) : http:\/\/www.lcp.fr\/la-politique-en-video\/toujours-pas-candidat-hollande-mene-quand-meme-campagne\n\n-&#8220;Faut-il vraiment une primaire \u00e0 gauche ?&#8221;  (Laurent Neumann et Eric Brunet; vid\u00e9o) : http:\/\/rmc.bfmtv.com\/mediaplayer\/video\/brunet-neumann-faut-il-vraiment-une-primaire-a-gauche-0310-872915.html\n\n-&#8220;Arnaud Montebourg a sauv\u00e9 la primaire de la gauche&#8221; (Christophe Barbier; vid\u00e9o) : http:\/\/www.bfmtv.com\/mediaplayer\/video\/l-edito-de-christophe-barbier-arnaud-montebourg-sauve-la-primaire-de-la-gauche-872903.html\n\n-&#8220;Elle va attirer l&#8217;attention sur ce qui se passe \u00e0 gauche et r\u00e9activer le clivage gauche\/droite dont Fran\u00e7ois Hollande a absolument besoin pour tenter de faire oublier son bilan&#8221; (Guillaume Tabard du &#8220;Figaro&#8221;; son) : http:\/\/www.radioclassique.fr\/player\/progaction\/iniPlayer\/podcast\/ledito-politique-de-guillaume-tabard-2016-10-03-08-13-00.html\n\n-&#8220;Les atermoiements de Fran\u00e7ois Hollande stimulent les ambitions&#8221; (Alba Ventura; vid\u00e9o) :  http:\/\/www.rtl.fr\/actu\/politique\/presidentielle-2017-les-atermoiements-de-hollande-stimulent-les-ambitions-decrypte-alba-ventura-7785088718\n\n<em>-Les intentions de vote \u00e0 la primaire de la gauche (BVA) : <\/em> http:\/\/www.bva.fr\/fr\/sondages\/intentions_de_vote_a_la_primaire_de_la_gauche.html\n\n<em>-Les jeunes, l&#8217;engagement et l&#8217;entrepreneuriat (BVA)<\/em> : http:\/\/www.bva.fr\/fr\/sondages\/les_jeunes_lengagement_et_lentrepreneuriat.html\n\n-&#8220;Le gouvernement bloque un amendement d\u00e9cisif contre la fraude fiscale&#8221; (Pauline Graulle) : http:\/\/www.politis.fr\/articles\/2016\/10\/evasion-fiscale-comment-le-gouvernement-a-encore-bloque-un-amendement-decisif-35481\/\n\n-Sur la th\u00e9orie du genre, le pape va un peu vite en besogne. Sur l&#8217;immigration, il faut une politique europ\u00e9enne. Aujourd&#8217;hui, il y a une confusion entre les r\u00e9fugi\u00e9s et les autres. 80 % des demandeurs d&#8217;asile sont d\u00e9bout\u00e9s et on ne les reconduit pas \u00e0 la fronti\u00e8re. Je ne serai pas la pr\u00e9sidente du nucl\u00e9aire, je serai la pr\u00e9sidente des alternatives, ce qui ne veut pas dire qu&#8217;il faut sortir du nucl\u00e9aire en France&#8221; (NKM, d\u00e9put\u00e9e LR de l&#8217;Essonne, invit\u00e9e de la matinale d&#8217;Europe 1; interrog\u00e9e par Thomas Sotto; vid\u00e9o : http:\/\/www.europe1.fr\/emissions\/l-interview-verite\/nathalie-kosciusko-morizet-propose-la-mise-hors-la-loi-de-la-predication-subjective-2862709\n\n-&#8220;Une agression \u00e0 Paris qui tourne en boucle, du c\u00f4t\u00e9 du gouvernement et de la ville, on n&#8217;est pas assez r\u00e9actif sur la s\u00e9curit\u00e9&#8221; (Interrog\u00e9e par Jean-Pierre Elkabbach; vid\u00e9o) : http:\/\/www.europe1.fr\/emissions\/l-interview-politique\/securite-a-paris-primaire-ses-adversaires-patrick-buisson-et-salon-de-lauto-nkm-repond-aux-questions-de-jean-pierre-elkabbach-2862760\n\n-&#8220;Les mesures de Jupp\u00e9 sont tout sauf des mesures de gauche&#8221; (son soutien, le s\u00e9nateur LR de l&#8217;Yonne Jean-Baptiste Lemoyne, invit\u00e9 de &#8220;Territoires d&#8217;Infos&#8221;; vid\u00e9o, amener le curseur sur 33:15) : http:\/\/www.sudradio.fr\/Politique\/L-interview-politique\/J.-B.-Lemoyne-Les-mesures-de-Juppe-tout-sauf-des-mesures-de-gauche\n\n<strong>-&#8220;Jupp\u00e9 le ressuscit\u00e9&#8221; (un documentaire de France 3; vid\u00e9o) : <\/strong> \nhttp:\/\/www.france3.fr\/emissions\/documentaires\/videos\/replay_-_juppe_le_ressuscite_03-10-2016_1302255\n\n-&#8220;Je serai derri\u00e8re le gagnant de la primaire, m\u00eame si c&#8217;est Nicolas Sarkozy. Dans l&#8217;affaire Bygmalion, il faut faire attention qu&#8217;on ne soit pas vuln\u00e9rable par rapport \u00e0 la question judiciaire&#8221; (Jean-Fran\u00e7ois Cop\u00e9, d\u00e9put\u00e9 LR de Seine-et-Marne; re\u00e7u par Jean-Michel Apathie; son et vid\u00e9os) : http:\/\/www.francetvinfo.fr\/replay-radio\/8h30-aphatie\/affaire-bygmalion-sarkozy-il-faut-faire-attention-qu-on-ne-soit-pas-vulnerable-par-rapport-a-la-question-judiciaire-j-f-cope_1839003.html\n\n-Les primaires en d\u00e9bat dans l&#8217;\u00e9mission d&#8217;Yves Calvi &#8220;24 Heures en questions&#8221; (vid\u00e9o) : http:\/\/www.lci.fr\/replay\/replay-calvi-24-heures-en-questions-du-3-octobre-2016-2005901.html%3Ftype=content \n\n-Xavier Bertrand, pr\u00e9sident LR de la r\u00e9gion Hauts-de-France n&#8217;a pas r\u00e9ussi \u00e0 remettre en activit\u00e9 60 000 ch\u00f4meurs comme il s&#8217;y \u00e9tait engag\u00e9  (interrog\u00e9 par Elisabeth Martichoux; vid\u00e9os) : http:\/\/www.rtl.fr\/actu\/politique\/hauts-de-france-xavier-bertrand-n-a-pas-atteint-son-objectif-de-remettre-en-activite-60-000-chomeurs-7785088716\n\n-&#8220;Tout est ouvert quand je vois la soupe des primaires \u00e0 droite et \u00e0 gauche. Pour moi, la primaire commence au premier tour.  Il n&#8217;y a que trois candidats anti-syst\u00e8me, Jean-Luc M\u00e9lenchon qui fait une bonne campagne, Marine Le Pen et moi-m\u00eame&#8221;&#8221; (Nicolas Dupont-Aignan, d\u00e9put\u00e9 de l&#8217;Essonne; vid\u00e9o, amener le curseur sur 32:08) : http:\/\/www.lcp.fr\/emissions\/politique-matin\/278960-politique-matin-03octo16\n\n-&#8220;La question qui \u00e9tait pos\u00e9e aux Hongrois \u00e9tat celle de la maitrise de la politique migratoire. Il est inadmissible que ce soit la Commission europ\u00e9enne qui d\u00e9cide. A l&#8217;inverse de l&#8217;ensemble de la classe politique, je n&#8217;ai pas peur des r\u00e9f\u00e9rendums. Au plan national, le Secours populaire m\u00e8ne souvent des actions admirables, au plan local, il est trop politis\u00e9&#8221; (Marine Le Pen, eurod\u00e9put\u00e9e FN; interrog\u00e9e par Caroline Roux; vid\u00e9o) :  http:\/\/www.france2.fr\/emissions\/telematin\/actu\/les-4-verites_511801\n\n-&#8220;Nous avons beaucoup plus de chances de l&#8217;emporter sans Jean-Marie Le Pen&#8221; (Florian Philippot, eurod\u00e9put\u00e9 FN; interrog\u00e9 par Olivier Galzi; vid\u00e9o) : http:\/\/www.itele.fr\/chroniques\/invite-galzi-jusqua-minuit\/presidentielle-nous-avons-beaucoup-plus-de-chances-de-lemporter-sans-jean-marie-le-pen-estime-le-fn-florian-philippot-171173\n\n-&#8220;Dans neuf mois, ce qu&#8217;aura fait Najat Vallaud-Belkacem sera supprim\u00e9. Patrick Buisson, \u00e7a vient de la droite et \u00e7a ne peut donc pas \u00eatre soup\u00e7onn\u00e9 d&#8217;\u00eatre pilot\u00e9 de l&#8217;Elys\u00e9e&#8221; (Luc Ferry, ancien ministre LR de l&#8217;Education nationale; interrog\u00e9 par Guillaume Durand; vid\u00e9o) :  http:\/\/www.dailymotion.com\/video\/x4vrj1c\n\n-J\u00e9r\u00f4me Lavrilleux, directeur-adjoint de la campagne de Nicolas Sarkozy en 2012, interrog\u00e9 par Yann Barth\u00e8s dans &#8220;Quotidien&#8221; (vid\u00e9o) : http:\/\/www.lci.fr\/politique\/affaire-bygmalion-franck-attal-plaide-coupable-sur-la-faute-morale-2005740.html\n\n<strong>-&#8220;Je suis l\u00e0 pour assurer le service apr\u00e8s-vente de l&#8217;\u00e9mission &#8220;Envoy\u00e9 Sp\u00e9cial&#8221;. Ce sera ma derni\u00e8re prestation&#8221; (Franck Attal, ordonnateur des meetings de Nicolas Sarkozy en 2012; interrog\u00e9 par Jean-Jacques Bourdin; vid\u00e9o) : <\/strong> http:\/\/www.bfmtv.com\/mediaplayer\/video\/franck-attal-face-a-jean-jacques-bourdin-en-direct-872911.html\n\n-&#8220;NKM ressuscite Jacques Chaban-Delmas&#8221; (Yves Thr\u00e9ard du &#8220;Figaro&#8221;; vid\u00e9o) : http:\/\/www.europe1.fr\/emissions\/ledito-politique-dyves-threard\/nkm-ressuscite-jacques-chaban-delmas-2862586\n\n<strong>-&#8220;Moi pr\u00e9sident. Emmanuel, 40 ans, jardinier. Avec Herv\u00e9 Pauchon; son) : <\/strong> https:\/\/www.franceinter.fr\/emissions\/moi-president\/moi-president-03-octobre-2016\n\n-Dans la 4e circonscription du Vaucluse, les deux listes d&#8217;extr\u00eame-droite largement en t\u00eate du premier tour de l&#8217;\u00e9lection l\u00e9gislative partielle. Le PS ne pr\u00e9sentait pas de candidat (Louis Hausalter) : http:\/\/www.marianne.net\/election-orange-classico-extreme-droite-extreme-droite-au-second-tour-100246805.html\n\n<em>-Les r\u00e9sultats en 2012 : <\/em> \nhttp:\/\/www.interieur.gouv.fr\/Elections\/Les-resultats\/Legislatives\/elecresult__LG2012\/(path)\/LG2012\/084\/08404.html\n\n<strong>EUROPE-MONDE<\/strong>\n\n-L&#8217;Europe est \u00e0 nouveau confront\u00e9e \u00e0 la perspective d&#8217;une crise bancaire (Fran\u00e7ois Vidal; son) : http:\/\/www.radioclassique.fr\/player\/progaction\/iniPlayer\/podcast\/ledito-eco-2016-10-03-07-10-45.html\n\n-&#8220;Le d\u00e9litement des gauches&#8221; (Bernard Guetta; son) :  https:\/\/www.franceinter.fr\/emissions\/geopolitique\/geopolitique-03-octobre-2016\n\n-&#8220;Le Royaume-Uni se d\u00e9tourne de l&#8217;aust\u00e9rit\u00e9&#8221; (vid\u00e9o) : http:\/\/nr.news-republic.com\/Web\/ArticleWeb.aspx?regionid=2&#038;articleid=74317223\n\n-Orban persiste malgr\u00e9 l&#8217;\u00e9chec du r\u00e9f\u00e9rendum : http:\/\/www.lemonde.fr\/europe\/article\/2016\/10\/02\/hongrie-le-manque-de-participation-au-referendum-sur-l-accueil-des-refugies-pourrait-invalider-la-victoire-du-non_5006966_3214.html\n\n-Il en sort affaibli (le PCF) : http:\/\/www.pcf.fr\/92100\n\n<strong>-Il y a 60 ans, en Europe, les migrants \u00e9taient Hongrois (Patrick Cohen; vid\u00e9o) :<\/strong> https:\/\/www.franceinter.fr\/emissions\/le-7h43\/le-7h43-03-octobre-2016\n\n<strong>-Hier lundi, c&#8217;\u00e9tait la gr\u00e8ve des femmes en Pologne pour d\u00e9fendre le droit \u00e0 l&#8217;IVG (Maja Zoltowska) :<\/strong> http:\/\/www.liberation.fr\/planete\/2016\/10\/02\/pologne-manif-lundi-noir-et-greve-des-femmes-pour-defendre-le-droit-a-l-ivg_1518005?xtor=EPR\n\n-&#8220;La Serbie mise tout sur l&#8217;Union europ\u00e9enne et son lib\u00e9ralisme&#8221; (Jean-Arnault D\u00e9rens; son) :  https:\/\/www.franceinter.fr\/emissions\/meridien-d-europe\/meridien-d-europe-03-octobre-2016\n\n-&#8220;Isra\u00ebl revient au centre des pr\u00e9occupations de la FIFA&#8221; (Luis Lema) : https:\/\/www.letemps.ch\/monde\/2016\/10\/03\/israel-revient-centre-preoccupations-fifa?utm_source\n\n<strong>-&#8220;L&#8217;Afrique entreprenante&#8221; (l&#8217;\u00e9conomiste Jean-Michel Severino; vid\u00e9os) : <\/strong> http:\/\/www.rfi.fr\/video\/20161001-afrique-entreprenante-jean-michel-severino-1-0                                                       http:\/\/www.rfi.fr\/video\/20161001-afrique-entreprenante-jean-michel-severino-2\n\n-&#8220;Les sportifs afro-am\u00e9ricains font entendre leur voix&#8221; (Laurent Favre) : https:\/\/www.letemps.ch\/sport\/2016\/10\/02\/sportifs-afroamericains-entendre-voix?utm_source\n\n-Les m\u00e9dias contre Trump (Marc Baudriller; son) : http:\/\/www.radioclassique.fr\/player\/progaction\/iniPlayer\/podcast\/la-vie-des-medias-2016-10-03-07-40-00.html\n\n-Le &#8220;non&#8221; surprise colombien : http:\/\/www.liberation.fr\/planete\/2016\/10\/03\/les-colombiens-refusent-de-ratifier-la-paix-avec-les-farc_1518962\n\n-Ingrid Betancourt appelle les Colombiens et les Farc &#8220;\u00e0 faire preuve de g\u00e9n\u00e9rosit\u00e9&#8221; (vid\u00e9o) : http:\/\/www.lci.fr\/international\/les-colombiens-rejettent-le-texte-visant-a-mettre-fin-au-conflit-arme-avec-les-farc-2005721.html\n\n-Elle \u00e9tait interrog\u00e9e par Audrey Crespo-Mara sur LCI (vid\u00e9o) : http:\/\/www.lci.fr\/replay\/replay-l-invite-de-lci-matin-du-03-octobre-ingrid-betancourt-2005756.html\n\n-&#8220;La Colombie plonge dans l&#8217;incertitude&#8221; (Vincent Taillefumier) : https:\/\/www.letemps.ch\/monde\/2016\/10\/03\/colombie-plonge-lincertitude?utm_source\n\n<strong>-&#8220;Le Venezuela au bord du pr\u00e9cipice&#8221; (Yves Besan\u00e7on) <\/strong> : https:\/\/blogs.mediapart.fr\/yves-besancon\/blog\/021016\/le-venezuela-au-bord-du-precipice?utm_source=global&#038;utm_medium=social&#038;utm_campaign=SharingApp&#038;xtor=CS3-5\n\n-&#8220;Au Br\u00e9sil, d\u00e9b\u00e2cle du Parti des travailleurs de Lula au premier tour des \u00e9lections municipales&#8221; (Claire Gatinois) : http:\/\/www.lemonde.fr\/ameriques\/article\/2016\/10\/03\/bresil-le-parti-des-travailleurs-defait-au-premier-tour-des-elections-municipales_5007023_3222.html?xtmc=elections_municipales_au_bresil&#038;xtcr=1\n\n<strong>CULTURE-MEDIAS<\/strong>\n\n<strong>-&#8220;J&#8217;adore raconter des histoires&#8221; (Hubert Reeves \u00e0 &#8220;T\u00e9l\u00e9rama Dialogue 2016&#8221;; interrog\u00e9 par Michel Abescat; vid\u00e9o int\u00e9grale) : <\/strong> http:\/\/www.telerama.fr\/monde\/hubert-reeves-a-telerama-dialogue-j-adore-raconter-des-histoires,148104.php#xtor=EPR\n\n<strong>-&#8220;La France, une id\u00e9e ou un mythe ?&#8221; (le philosophe R\u00e9gis Debray, re\u00e7u par Guillaume Erner; son) <\/strong> : http:\/\/www.franceculture.fr\/emissions\/linvite-des-matins\/la-france-une-idee-ou-un-mythe#xtor=EPR\n\n-Le biologiste japonais Yoshinori Ohsumi, prix Nobel 2016 de m\u00e9decine pour ses travaux sur l&#8217;autophagie cellulaire (vid\u00e9o) : http:\/\/www.lci.fr\/sante\/prix-nobel-de-medecine-2016-au-fait-c-est-quoi-l-autophagie-2005792.html\n\n-En savoir un peu plus sur l&#8217;autophagie (Cl\u00e9ment Lacaton; sons et vid\u00e9os) : http:\/\/www.franceculture.fr\/sciences\/nobel-de-medecine-mais-quest-ce-que-lautophagie#xtor=EPR\n\n-Le vendredi 14 octobre \u00e0 18 H, \u00e0 &#8220;L&#8217;Huma-Caf\u00e9&#8221; de Nantes, &#8220;la lutte continue ?&#8221; (pi\u00e8ce jointe);\n\n-Deux d\u00e9bats avec Jean-Luc M\u00e9lenchon (Samy Johsua) : https:\/\/blogs.mediapart.fr\/samy-johsua\/blog\/031016\/deux-debats-avec-jean-luc-melenchon\n\n-&#8220;Le retour en politique, une sp\u00e9cialit\u00e9 de la 5e R\u00e9publique&#8221; (l&#8217;historien Jean Garrigues, interrog\u00e9 par Fr\u00e9d\u00e9ric Haziza; vid\u00e9o) : http:\/\/www.lcp.fr\/emissions\/entre-les-lignes\/280017-entre-les-lignes-01octo16\n\n-Le pape Fran\u00e7ois accuse les manuels scolaires fran\u00e7ais d&#8217;enseigner la th\u00e9orie du genre (vid\u00e9o) : https:\/\/www.youtube.com\/watch?v=_SciNCkmHyA\n\n<strong>-&#8220;Une parole l\u00e9g\u00e8re et infond\u00e9e&#8221; (la ministre Najat Vallaud-Belkacem, interrog\u00e9e par Patrick Cohen; vid\u00e9o) <\/strong> : http:\/\/www.francetvinfo.fr\/politique\/ps\/najat-vallaud-belkacem\/video-propos-du-pape-sur-la-theorie-du-genre-je-regrette-cette-parole-pour-le-moins-legere-et-infondee-reagit-najat-vallaud-belkacem_1853703.html\n\n-Sciences-Po tourn\u00e9e vers les entreprises (Fr\u00e9d\u00e9ric Millon, son directeur; interrog\u00e9 par Nicolas Pierron; son) : http:\/\/www.radioclassique.fr\/player\/progaction\/initPlayer\/podcast\/linvite-de-leconomie-2016-10-03-07-15-47.html\n\n-Mausol\u00e9e de Tombouctou, &#8220;ce jugement qualifie le crime contre l&#8217;humanit\u00e9&#8221; (Francesco Bandarin de l&#8217;Unesco; propos recueillis par Sophie Rahal) : http:\/\/www.telerama.fr\/scenes\/mausolees-de-tombouctou-ce-jugement-qualifie-le-crime-contre-le-patrimoine,148078.php#xtor=EPR\n\n-&#8220;Magritte, la pens\u00e9e au bout du pinceau&#8221; (Cl\u00e9mentine Mercier) : http:\/\/next.liberation.fr\/arts\/2016\/10\/02\/magritte-la-pensee-au-bout-du-pinceau_1518349?xtor=EPR\n\n<strong>-&#8220;Bernard Sobel le magnifique et Ariane Ascaride l&#8217;imp\u00e9tueuse&#8221; (Jo\u00eblle Gayot; son) : <\/strong> http:\/\/www.franceculture.fr\/emissions\/une-saison-au-theatre\/bernard-sobel-le-magnifique-et-limpetueuse-ariane-ascaride#\n\n-&#8220;Les Damn\u00e9s&#8221; \u00e0 la Com\u00e9die-Fran\u00e7aise (Jacky Bornet) : http:\/\/culturebox.francetvinfo.fr\/scenes\/theatre\/rentree-theatrale\/les-damnes-a-la-comedie-francaise-de-sueur-de-sang-et-de-fureur-246675#xtor=EREC\n\n<strong>-Revoir la pi\u00e8ce dans la mise en sc\u00e8ne de Ivo van Hove, au Festival d&#8217;Avignon (vid\u00e9o int\u00e9grale) :<\/strong> http:\/\/culturebox.francetvinfo.fr\/avignon\/le-festival-d-avignon\/les-damnes-d-ivo-van-hove-au-festival-d-avignon-2016-241033\n\n-Philippe Caub\u00e8re re\u00e7u par Naguy (son, amener le curseur sur 1:04) : https:\/\/www.franceinter.fr\/emissions\/la-bande-originale\/la-bande-originale-03-octobre-2016\n\n-Du 13 au 16 octobre \u00e0 Albertville (73), le festival du voyage &#8220;Le Grand Bivouac&#8221; (S\u00e9bastien Porte) : http:\/\/www.telerama.fr\/sortir\/en-savoie-un-grand-bivouac-pour-tous-les-baroudeurs,148016.php#xtor=EPR\n\n-&#8220;Le cin\u00e9ma ind\u00e9pendant am\u00e9ricain fait sa r\u00e9volution \u00e0 la demande&#8221; (Ga\u00ebtan Mathieu) : http:\/\/www.telerama.fr\/cinema\/le-cinema-independant-americain-fait-sa-revolution-a-la-demande,148064.php#xtor=EPR\n\n-Juqu&#8217;au 11 octobre, &#8220;Viva Mexico&#8221;, le festival du cin\u00e9ma mexicain en France (vid\u00e9o) : http:\/\/www.viva-mexico-cinema.org\/\n\n<strong>-Six films et un documentaire dans le &#8220;cin\u00e9ma \u00e0 la carte&#8221; en DVD ou en VOD (Samuel Douhaire; vid\u00e9os)<\/strong> : http:\/\/www.telerama.fr\/cinema\/cinema-a-la-carte-ou-sont-les-hommes,148056.php#xtor=EPR-\n\n-Deux ans apr\u00e8s l&#8217;arriv\u00e9e de Netflix en France, les habitudes de consommation des s\u00e9ries et des films ont-elle chang\u00e9 ? (vid\u00e9o) : http:\/\/www.europe1.fr\/emissions\/l-invite-medias\/deux-ans-de-netflix-en-france-la-svod-a-t-elle-change-notre-facon-de-consommer-la-tele-2862838\n\n<strong>-Au Centre Pompidou, une r\u00e9trospective int\u00e9grale du cin\u00e9aste iranien Jafar Panahi (vid\u00e9os) <\/strong> : http:\/\/culturebox.francetvinfo.fr\/cinema\/evenements\/retrospective-integrale-du-cineaste-iranien-jafar-panahi-au-centre-pompidou-246813\n\n-&#8220;Raoul Walsh, le cin\u00e9aste qui avait tout compris aux films&#8221; (Anne Dessuant; vid\u00e9os) : http:\/\/television.telerama.fr\/television\/raoul-walsh-le-cineaste-qui-avait-tout-compris-aux-films,147840.php#xtor=EPR\n\n<strong>-Tim Burton \u00e9tait l&#8217;invit\u00e9 d&#8217;Augustin Trapenard (son) :<\/strong> https:\/\/www.franceinter.fr\/emissions\/boomerang\/boomerang-03-octobre-2016\n\n-&#8220;Sing Street&#8221; de John Carney, grand vainqueur du festival du film britannique de Dinard (vid\u00e9os) : http:\/\/culturebox.francetvinfo.fr\/cinema\/evenements\/sing-street-de-john-carney-grand-vainqueur-a-dinard-246771#xtor=EREC\n\n<strong>-Le d\u00e9c\u00e8s du chef d&#8217;orchestre britannique Neville Mariner qui a \u00e9t\u00e9 un des artisans de la renaissance de la musique baroque (vid\u00e9os)<\/strong> : http:\/\/culturebox.francetvinfo.fr\/musique\/musique-classique\/deces-du-chef-d-orchestre-britannique-neville-marriner-246787\n\n-Au d\u00e9but des ann\u00e9es 1970, le groupe Free de blues-rock, machine \u00e0 danser du samedi soir (Laurent Rigoulet; diaporama) : http:\/\/www.telerama.fr\/musique\/les-envolees-de-free-et-autres-rejouissances,148073.php#xtor=EPR\n\n-Le 25 novembre, Marianne Faithfull viendra chanter au Bataclan, un an apr\u00e8s l&#8217;attentat (vid\u00e9os) : http:\/\/culturebox.francetvinfo.fr\/musique\/rock\/marianne-faithfull-chantera-au-bataclan-le-25-novembre-un-an-apres-l-attentat-246793#xtor=EREC\n\n<strong>-Isabelle Aubret \u00e9tait hier lundi  \u00e0 l&#8217;Olympia avant de partir pour sa derni\u00e8re tourn\u00e9e (vid\u00e9o) <\/strong> : http:\/\/culturebox.francetvinfo.fr\/musique\/chanson-francaise\/isabelle-aubret-ce-soir-a-l-olympia-avant-sa-tournee-d-adieux-246797#xtor=EREC\n\n<strong>-Le duo de rap PNL (Rebecca Manzoni; vid\u00e9o)<\/strong> : https:\/\/www.franceinter.fr\/emissions\/pop-co\/pop-co-03-octobre-2016\n\n-Le groupe L7 au Festival Rock En Seine 20126 (vid\u00e9o) : http:\/\/culturebox.francetvinfo.fr\/festival-rock-en-seine\/l7-au-festival-rock-en-seine-2016-244237\n\n-Le cabaret &#8220;Le Don Camillo&#8221;, tremplin pour talents et rendez-vous du grand banditisme&#8221; (Chrystel Chabert; vid\u00e9o) : http:\/\/culturebox.francetvinfo.fr\/scenes\/humour\/le-don-camilo-tremplin-pour-talents-et-rendez-vous-du-grand-banditisme-246763#xtor=EREC\n\n<strong>-Jusqu&#8217;au 6 novembre, Fran\u00e7ois Morel chante au th\u00e9\u00e2tre du Rond-Point \u00e0 Paris (vid\u00e9os) :<\/strong> http:\/\/culturebox.francetvinfo.fr\/musique\/chanson-francaise\/francois-morel-en-chansons-un-album-et-28-concerts-au-rond-point-a-paris-246775#xtor=EREC\n\n-Comment vos e-mails et mots de passe se monnaient sur internet (Anouch Seydtaghia) : https:\/\/www.letemps.ch\/economie\/2016\/10\/02\/vos-emails-mots-passe-se-monnaient-internet?utm_source\n\n-&#8220;Bravo Madame Ernote, bravo le service public !&#8221; (Luc Chatel, pr\u00e9sident du Conseil national LR; vid\u00e9o) : http:\/\/www.lcp.fr\/la-politique-en-video\/chatel-lr-bravo-madame-ernotte-bravo-le-service-public-0\n\n-Le brunch m\u00e9dia de Sud Radio avec Louis Morin (son) : http:\/\/www.sudradio.fr\/Podcasts\/Le-Brunch-Media\/Invite-Frederic-Ploquin\n\n-Le philosophe Michel Onfray cr\u00e9e sa propre t\u00e9l\u00e9 (Sonia Devillers; vid\u00e9o) : http:\/\/www.dailymotion.com\/video\/x4vs0nd_michel-onfray-cree-sa-propre-tele_news\n\n-La directrice des programmes Nada Hastier ravie de la rentr\u00e9e de France 3 (invit\u00e9e de Christophe Moulin sur LCI; vid\u00e9o) : http:\/\/www.lci.fr\/tele\/christophe-hondelatte-jamy-gourmaud-eglantine-emeye-france-3-fait-le-plein-de-nouveautes-2005760.html \n\n<strong>-Sur FR3-Paris-Ile-de France, un mois d&#8217;octobre consacr\u00e9 \u00e0 ceux qui vivent dans les cit\u00e9s :   <\/strong>       http:\/\/france3-regions.francetvinfo.fr\/paris-ile-de-france\/octobre-des-cites-le-mois-des-grands-ensemble-saison-2-1098531.html#xtor=EREC                                       \n\n-&#8220;Un premier ministre rousse, Nathalie pense \u00e0 moi au second tour !&#8221; (Alain Jupp\u00e9, selon Nicolas Canteloup; vid\u00e9o) : http:\/\/www.europe1.fr\/emissions\/la-revue-de-presque\/juppe-une-premier-ministre-rousse-nathalie-pense-a-moi-au-second-tour-2862775\n\n-&#8220;La course aux promos pour participer \u00e0 une primaire&#8221; (Daniel Morin; vid\u00e9o) : https:\/\/www.franceinter.fr\/emissions\/le-billet-de-daniel-morin\/le-billet-de-daniel-morin-03-octobre-2016\n\n<strong>-Nicolas Dupont-Aignan, &#8220;un Bayrou sous acide qui pense \u00eatre au second tour&#8221; (Charline Vanhoenacker; vid\u00e9o)<\/strong> : https:\/\/www.franceinter.fr\/emissions\/le-billet-de-charline-vanhoenacker\/le-billet-de-charline-vanhoenacker-03-octobre-2016\n\n<strong>-&#8220;Sortir de la honte de n&#8217;avoir rien fait pour la Syrie&#8221; (Sophia Aram; vid\u00e9o) :<\/strong> http:\/\/www.dailymotion.com\/video\/x4vrriy_sortir-de-la-honte-de-n-avoir-rien-fait-pour-la-syrie-le-billet-de-sophia-aram_fun\n<h2 class=\"wp-block-heading\">Documents joints<\/h2>\n\n\n\n<div class=\"wp-block-file\"><a href=\"https:\/\/wp.muchomaas.com\/wp-content\/uploads\/2016\/10\/huma-cafe-2-3fc.pdf\">huma-cafe-2.pdf<\/a><\/div>\n\n\n","protected":false},"excerpt":{"rendered":"<p>ACTUALITE -La campagne de la CGT sur les discriminations \u00e0 l&#8217;encontre des m\u00e8res de famille (Cl\u00e9mence Helfter de l&#8217;UGICT-CGT, interrog\u00e9e par Dimitri Pavlenko; son) : http:\/\/www.sudradio.fr\/Podcasts\/L-invite-pour-comprendre\/C.Helfter-responsable-du-collectif-egalite-femme-homme-de-l-UGICT-CGT -Les Fran\u00e7ais et la pauvret\u00e9 (IFOP) : http:\/\/www.ifop.com\/?option=com_publication&#038;type=poll&#038;id=3507 -A Aix-en Provence, les avocats ont fait le &#8220;proc\u00e8s en inaction&#8221; de la justice (le b\u00e2tonnier Philippe Klein, interrog\u00e9 par Dimitri [&hellip;]<\/p>\n","protected":false},"author":1042,"featured_media":0,"comment_status":"open","ping_status":"open","sticky":false,"template":"","format":"standard","meta":{"_themeisle_gutenberg_block_has_review":false,"footnotes":""},"categories":[151],"tags":[],"class_list":["post-9899","post","type-post","status-publish","format-standard","hentry","category-la-revue-de-presse-de-lulu"],"_links":{"self":[{"href":"https:\/\/archives.regards.fr\/index.php?rest_route=\/wp\/v2\/posts\/9899","targetHints":{"allow":["GET"]}}],"collection":[{"href":"https:\/\/archives.regards.fr\/index.php?rest_route=\/wp\/v2\/posts"}],"about":[{"href":"https:\/\/archives.regards.fr\/index.php?rest_route=\/wp\/v2\/types\/post"}],"author":[{"embeddable":true,"href":"https:\/\/archives.regards.fr\/index.php?rest_route=\/wp\/v2\/users\/1042"}],"replies":[{"embeddable":true,"href":"https:\/\/archives.regards.fr\/index.php?rest_route=%2Fwp%2Fv2%2Fcomments&post=9899"}],"version-history":[{"count":0,"href":"https:\/\/archives.regards.fr\/index.php?rest_route=\/wp\/v2\/posts\/9899\/revisions"}],"wp:attachment":[{"href":"https:\/\/archives.regards.fr\/index.php?rest_route=%2Fwp%2Fv2%2Fmedia&parent=9899"}],"wp:term":[{"taxonomy":"category","embeddable":true,"href":"https:\/\/archives.regards.fr\/index.php?rest_route=%2Fwp%2Fv2%2Fcategories&post=9899"},{"taxonomy":"post_tag","embeddable":true,"href":"https:\/\/archives.regards.fr\/index.php?rest_route=%2Fwp%2Fv2%2Ftags&post=9899"}],"curies":[{"name":"wp","href":"https:\/\/api.w.org\/{rel}","templated":true}]}}