{"id":9896,"date":"2016-10-03T08:13:58","date_gmt":"2016-10-03T06:13:58","guid":{"rendered":"https:\/\/wp.muchomaas.com\/article-la-revue-du-3-octobre-2016\/"},"modified":"2016-10-03T08:13:58","modified_gmt":"2016-10-03T06:13:58","slug":"article-la-revue-du-3-octobre-2016","status":"publish","type":"post","link":"https:\/\/archives.regards.fr\/?p=9896","title":{"rendered":"La Revue du 3 octobre 2016"},"content":{"rendered":"<p><strong>ACTUALITE<\/strong><\/p>\n<p><strong>-&#8220;Faut-il mettre dos \u00e0 dos violences \u00e9conomiques et violences syndicales ?&#8221; (Pierre Ferracci du cabinet de conseil Alpha, interrog\u00e9 par David Abiker; son, amener le curseur sur 10:40) :<\/strong>                                                     http:\/\/www.europe1.fr\/emissions\/c-est-arrive-cette-semaine\/cest-arrive-cette-semaine-011016-2861482<\/p>\n<p>-&#8220;L&#8217;usine Smart en Moselle passe aux 39 heures pay\u00e9es 37&#8221; (vid\u00e9o) :               http:\/\/www.lci.fr\/societe\/moselle-l-usine-smart-passe-aux-39-heures-payees-37-2005540.html<\/p>\n<p>-&#8220;Je construis ma seconde vie&#8221; (Thierry Lepaon; propos recueillis par Catherine Gast\u00e9) :                                                                                   http:\/\/www.leparisien.fr\/economie\/thierry-lepaon-ex-patron-de-la-cgt-je-construis-ma-seconde-vie-02-10-2016-6169483.php<\/p>\n<p>-Pour les JO de 2024, &#8220;Paris mise sur sa large culture du sport&#8221; (Alexandre Mars, pr\u00e9sident du Comit\u00e9 &#8220;Sport et soci\u00e9t\u00e9&#8221;; interrog\u00e9 par Wendy Bouchard; son) :      http:\/\/www.europe1.fr\/emissions\/linterview-verite-du-week-end\/alexandre-mars-pour-les-jo-de-2024-paris-mise-sur-sa-large-culture-du-sport-2861452<\/p>\n<p>-Un an pour convaincre (vid\u00e9o) : http:\/\/www.francetvinfo.fr\/sports\/jo\/paris-2024-un-an-pour-convaincre_1851459.html#xtor=EPR-744<\/p>\n<p>-&#8220;Sans la banlieue, tu n&#8217;es rien&#8221;, l&#8217;Association des maires franciliens s&#8217;adresse \u00e0 Anne Hidalgo par voie d&#8217;affiches (Cathy Dogon) :                                           http:\/\/france3-regions.francetvinfo.fr\/paris-ile-de-france\/sans-la-banlieue-tu-n-es-rien-le-message-des-maires-franciliens-paris-1099421.html                                                                                                     <\/p>\n<p><em>-Les Franciliens et le projet du Grand Paris (ELABE) <\/em> : http:\/\/elabe.fr\/franciliens-projet-grand-paris\/<\/p>\n<p>-&#8220;Allex (2 500 habitants, dans la Dr\u00f4me) se d\u00e9chire sur l&#8217;accueil de 50 migrants&#8221; (Feriel Alouti) :                                                                               http:\/\/www.lemonde.fr\/societe\/article\/2016\/10\/01\/allex-2-500-habitants-se-dechire-sur-l-accueil-de-50-migrants_5006686_3224.html#xtor=AL-32280                                                                                                                                              <\/p>\n<p>-Des m\u00e9taux lourds retrouv\u00e9s dans l&#8217;alimentation des b\u00e9b\u00e9s (vid\u00e9o) : http:\/\/www.francetvinfo.fr\/sante\/alimentation\/des-metaux-lourds-retrouves-dans-l-alimentation-des-bebes_1847173.html#xtor=EPR<\/p>\n<p>-&#8220;Octobre rose&#8221;, un mois de pr\u00e9vention contre le cancer du sein (le canc\u00e9rologue Joseph Gligorov, re\u00e7u par Patricia Martin et Pierre Weill; son) :                               https:\/\/www.franceinter.fr\/emissions\/l-interview-politique\/l-interview-politique-02-octobre-2016<\/p>\n<p>-Contre les boues rouges de Cassis&#8230;en 1966 (Alain Bombard; rien n&#8217;a ajout\u00e9; vid\u00e9o de l&#8217;Ina) : http:\/\/www.ina.fr\/audio\/I12258938<\/p>\n<p>-Des milliers de manifestants contre l&#8217;EPR de Flamanville (vid\u00e9o) : http:\/\/www.lemonde.fr\/energies\/article\/2016\/10\/01\/des-milliers-des-manifestants-contre-l-epr-de-flamanville_5006775_1653054.html#xtor=AL-32280270                                                                                   http:\/\/www.francetvinfo.fr\/economie\/industrie\/nucleaire-plus-de-3000-personnes-manifestent-contre-l-epr-de-flamanville_1851287.html<\/p>\n<p>-Oppositions \u00e0 la suppression des trains de nuit au Conseil r\u00e9gional d&#8217;Auvergne-Rh\u00f4ne-Alpes (Julien Estrangin) : http:\/\/www.ledauphine.com\/haute-savoie\/2016\/09\/30\/trains-de-nuit-la-region-met-un-coup-de-pression<\/p>\n<p>-Au Mondial de l&#8217;auto de Paris, &#8220;les constructeurs entament leur r\u00e9volution culturelle&#8221; (Julien Dupont-Calbo et Maxime Amiot) :                                             http:\/\/www.lesechos.fr\/industrie-services\/automobile\/0211337281252-au-mondial-de-paris-la-planete-automobile-entame-sa-revolution-culturelle-2030933.php#xtor=EPR<\/p>\n<p>-&#8220;Une r\u00e9volution en marche&#8221; (vid\u00e9o) : http:\/\/www.francetvinfo.fr\/sciences\/high-tech\/mondial-de-l-automobile-une-revolution-en-marche_1851489.html<\/p>\n<p>-Les nouveaut\u00e9s pr\u00e9sent\u00e9es (diaporama) : http:\/\/www.lesechos.fr\/industrie-services\/diaporamas\/DIAP2709162090_FE6134-les-nouveautes-du-mondial-de-l-automobile-2031179.php?id_photo=3<\/p>\n<p>-Certains agents de la SNCF et de la RATP pourront \u00eatre arm\u00e9s et en tenue civil (vid\u00e9o) :    http:\/\/www.lci.fr\/france\/ratp-et-sncf-des-agents-armes-et-en-tenue-civile-a-compter-de-ce-samedi-1er-octobre-2005487.html<\/p>\n<p>-&#8220;La col\u00e8re des gardiens de prison&#8221; (Yoann Karar de FO P\u00e9nitentiaire; interrog\u00e9 par Pierre Weill; son) :                                                                     https:\/\/www.franceinter.fr\/emissions\/itw-societe-civile\/itw-societe-civile-02-octobre-2016  <\/p>\n<p>-Quand de faux Syriens font la manche \u00e0 Paris (vid\u00e9o) : http:\/\/www.francetvinfo.fr\/france\/paris-quand-des-faux-syriens-font-la-manche_1851275.html#xtor=EPR<\/p>\n<p>-&#8220;Laura Passoni, neuf mois au coeur de Daesh (vid\u00e9o) : http:\/\/www.bfmtv.com\/mediaplayer\/video\/laura-neuf-mois-au-coeur-de-daesh-872185.html#?xtor=EPR<\/p>\n<p>-Des arrestations de mineurs&#8221; (vid\u00e9o) : http:\/\/www.francetvinfo.fr\/monde\/terrorisme-djihadistes\/terrorisme-une-dizaine-d-arrestations-depuis-le-debut-de-l-ete_1851463.html<\/p>\n<p>-&#8220;Sc\u00e8nes de chasse aux r\u00e9fugi\u00e9s dans les Alpes Maritimes&#8221; (Chlo\u00e9 Dubois) : http:\/\/www.politis.fr\/articles\/2016\/10\/scenes-de-chasse-aux-refugies-dans-les-alpes-maritimes-35480\/<\/p>\n<p>-&#8220;Michel Sapin \u00e9pingl\u00e9 pour des indemnit\u00e9s ind\u00fbment per\u00e7ues&#8221; (Patrick Roger) : http:\/\/www.lemonde.fr\/politique\/article\/2016\/09\/30\/michel-sapin-epingle-pour-des-indemnites-indument-percues_5006011_823448.html<\/p>\n<p><strong>POLITIQUE<\/strong><\/p>\n<p>-&#8220;Le gouvernement a \u00e9chou\u00e9 sur des choses majeures&#8221; (Marie-No\u00eblle Lienemann, s\u00e9natrice PS de Paris,  interrog\u00e9e par Sonia Chironi sur iT\u00e9l\u00e9; vid\u00e9o) :                     http:\/\/www.itele.fr\/politique\/video\/marie-noelle-lienemann-le-gouvernement-a-echoue-sur-les-choses-majeures-171104<\/p>\n<p>-&#8220;Jean-Luc M\u00e9lenchon ne soutiendra pas ces JO-l\u00e0 \u00e0 Paris qui sont une machine pour faire du cash. Bien souvent, les financements sont ensuite support\u00e9s par les contribuables. La primaire du PS jouera le r\u00f4le de tamis social et c&#8217;est le candidat de l&#8217;appareil qui l&#8217;emportera, ce sera Fran\u00e7ois Hollande, je crois. Andr\u00e9 Chassaigne nous tape dessus. Au profit de qui,  si ce n&#8217;est d&#8217;un \u00e9gocentrisme d&#8217;appareil&#8221; (Alexis Corbi\u00e8re, porte-parole de Jean-Luc M\u00e9lenchon; invit\u00e9 de &#8220;Dimanche en Politique IDF&#8221;; vid\u00e9o pendant 6 jours) : http:\/\/pluzz.francetv.fr\/videos\/dimanche_en_politique_paris_ile_de_france_,146528841.html<\/p>\n<p>-&#8220;M\u00e9lenchon et le PCF complices du syst\u00e8me&#8221; (Nathalie Arthaud, candidate LO \u00e0 l&#8217;\u00e9lection pr\u00e9sidentielle; vid\u00e9o) :                                                           http:\/\/www.lci.fr\/elections\/meeting-de-lutte-ouvriere-nathalie-arthaud-cible-melenchon-et-le-pcf-complices-du-systeme-2005492.html<\/p>\n<p>-La candidature de Jean-Luc M\u00e9lenchon en d\u00e9bat \u00e0 &#8220;Ensemble&#8221; : http:\/\/www.contretemps.eu\/front-commun-reponse\/<\/p>\n<p><strong>-&#8220;A quoi sert le d\u00e9bat sur l&#8217;identit\u00e9 nationale ?&#8221; (Cl\u00e9mentine Autain, Michel Onfray et Heri Guaino; vid\u00e9o) <\/strong> : http:\/\/www.france5.fr\/emissions\/c-politique\/videos\/a_quoi_sert_le_debat_sur_lidentite_nationale__02-10-2016_1300595<\/p>\n<p>-&#8220;Il faut rendre l&#8217;\u00e9cologie politique bienveillante. C&#8217;est se r\u00e9concilier avec le futur&#8221; (l&#8217;eurod\u00e9put\u00e9 Yannick Jadot, interrog\u00e9 par Wendy Bouchard; son) :                                                              http:\/\/www.europe1.fr\/emissions\/l-interview-politique-du-week-end\/yannick-jadot-il-faut-rendre-lecologie-politique-bienveillante-2855185<\/p>\n<p>-&#8220;Je suis candidate \u00e0 l&#8217;\u00e9lection pr\u00e9sidentielle pour \u00eatre la premi\u00e8re femme \u00e9cologiste Pr\u00e9sidente de la R\u00e9publique&#8221; (C\u00e9cile Duflot, d\u00e9put\u00e9e de Paris; invit\u00e9e d&#8217;Audrey Pulvar; vid\u00e9o) : http:\/\/www.itele.fr\/politique\/video\/cecile-duflot-les-32-heures-cest-une-solution-171143<\/p>\n<p>-&#8220;Jeunesse de France, il faut pousser la porte&#8221; (un communiqu\u00e9 de S\u00e9bastien Nadot, &#8220;candidat progressiste et citoyen&#8221; \u00e0 l&#8217;\u00e9lection pr\u00e9sidentielle) :                                                                                       http:\/\/www.md-progressistes.fr\/jeunesse-de-france-il-faut-pousser-la-porte\/<\/p>\n<p><strong>-&#8220;Je suis candidat \u00e0 l&#8217;\u00e9lection pr\u00e9sidentielle dans le cadre de la primaire de la gauche&#8221; (Arnaud Montebourg au 20 heures de TF 1; vid\u00e9o, amener le curseur sur 23:27) <\/strong> : http:\/\/www.tf1.fr\/tf1\/jt-we\/videos\/20-heures-2-octobre-2016.html<\/p>\n<p>-Il \u00e9tait aussi l&#8217;invit\u00e9 de l&#8217;\u00e9mission &#8220;Bureau Politique&#8221; sur la m\u00eame cha\u00eene (vid\u00e9o) :<br \/>\nhttp:\/\/www.tf1.fr\/tf1\/bureau-politique\/videos\/bureau-politique-2-octobre-2016.html<\/p>\n<p>-&#8220;La primaire doit permettre d&#8217;unifier notre camp, la gauche, et non pas de punir un camp&#8221; (Jean-Christophe Cambad\u00e9lis \u00e0 l&#8217;issue du Conseil national du PS; vid\u00e9o) : http:\/\/www.parti-socialiste.fr\/conseil-national-2-octobre-2016-suivez-point-presse-de-jean-christophe-cambadelis\/ <\/p>\n<p>-&#8220;Rien n&#8217;est d\u00e9cid\u00e9. Si j&#8217;y vais, c&#8217;est pour gagner, pas pour figurer&#8221; (Fran\u00e7ois Hollande, cit\u00e9 dans le JDD par Anna Cabana) : http:\/\/www.lejdd.fr\/Politique\/Francois-Hollande-sur-la-presidentielle-Si-j-y-vais-c-est-pour-gagner-814012<\/p>\n<p><strong>-&#8220;L&#8217;activit\u00e9 ferroviaire sera maintenue \u00e0 Belfort et le site sera sauv\u00e9. J&#8217;exclus une taxation des plus hauts salaires pour renflouer l&#8217;Assurance ch\u00f4mage.  Le revenu universel viendrait simplifier et renforcer toutes les aides sociales actuellement existantes. Trop souvent on a gagn\u00e9 l&#8217;\u00e9lection pr\u00e9sidentielle par d\u00e9faut&#8221; (Manuel Valls, invit\u00e9 du &#8220;Grand Jury RTL&#8221;; vid\u00e9os) :  <\/strong>       http:\/\/www.rtl.fr\/actu\/politique\/manuel-valls-dans-le-grand-jury-les-6-points-a-retenir-de-l-interview-7785083442                   <\/p>\n<p>-&#8220;Pour Notre-Dame-des-Landes, il y a encore des contentieux. Chaque fois qu&#8217;on n&#8217;\u00e9coute pas, voila ce qui arrive. La p\u00eache en eau profonde est d\u00e9sormais interdite, gr\u00e2ce \u00e0 moi. Je pr\u00e9side la COP 21 donc je dois faire preuve d&#8217;impartialit\u00e9 vis \u00e0 vis de chefs d&#8217;Etats d&#8217;opinions diff\u00e9rentes. La France a r\u00e9ussi ce tour de force de maintenir son mod\u00e8le social en p\u00e9riode de crise. Il n&#8217;y a aucun pays au monde qui peut en dire autant. Arr\u00eatons de pleurnicher&#8221; (S\u00e9gol\u00e8ne Royal, invit\u00e9e de &#8220;On n&#8217;est pas couch\u00e9&#8221;; vid\u00e9o) :                                                                                                                       http:\/\/www.france2.fr\/emissions\/on-n-est-pas-couche\/videos\/segolene_royal_-_on_nest_pas_couche_1er_octobre_2016_onpc_01-10-2016_1300445?onglet=tous&#038;page=1<\/p>\n<p>-&#8220;Nous demandons une inscription dans le marbre de la primaire de la gauche&#8221; (Karine Berger, d\u00e9put\u00e9e PS des Hautes-Alpes; propos recueillis par H\u00e9l\u00e8ne Bekmezian) :                             http:\/\/www.lemonde.fr\/election-presidentielle-2017\/article\/2016\/10\/02\/le-processus-de-la-primaire-de-la-gauche-doit-etre-irrevocable_5006810_4854003.html<\/p>\n<p>-&#8220;Elle va avoir lieu, dans les m\u00eames conditions qu&#8217;en 2011. Nous avons pris nos responsabilit\u00e9s apr\u00e8s le constat que nos \u00e9ventuels partenaires pr\u00e9f\u00e9raient la division, or les sondages nous pr\u00e9viennent que la division, c&#8217;est l&#8217;\u00e9limination. Ils donnent tous la gauche battue&#8221; (Christophe Borgel, d\u00e9put\u00e9 PS de Haute-Garonne, organisateur de la primaire; interrog\u00e9 par Sonia Chironi; vid\u00e9o) : https:\/\/www.youtube.com\/watch?v=FEpJ2zmz5pY<\/p>\n<p>-&#8220;Le vague \u00e0 l&#8217;\u00e2me des d\u00e9put\u00e9s, on s&#8217;en fout. Le premier budget de la Nation redevient celui de l&#8217;Education, avec une rentr\u00e9e scolaire sans probl\u00e8mes. C&#8217;est une vision de la soci\u00e9t\u00e9. A gauche, certains sont plus durs contre le gouvernement que l&#8217;extr\u00eame-droite&#8221; (Razzy Hammadi, d\u00e9put\u00e9 PS de Seine-Saint-Denis; interrog\u00e9 par Brigitte Boucher; vid\u00e9o, amener le curseur sur 11:42) :                  http:\/\/www.lcp.fr\/emissions\/politique-matin\/278959-politique-matin-30sept16                 <\/p>\n<p>-&#8220;Hollande et Sarkozy, meilleurs ennemis politiques&#8221; (Nicolas Vinocur; vid\u00e9o) : https:\/\/www.youtube.com\/watch?v=F92Pb9Z1igs<\/p>\n<p><em>-Pour les Fran\u00e7ais, aussi mauvais l&#8217;un que l&#8217;autre. Deux sur trois estiment que la gauche peut disparaitre du paysage politique (UDOXA) <\/em> : http:\/\/www.odoxa.fr\/deux-francais-sur-trois-pensent-que-la-gauche-peut-disparaitre-du-paysage-politique-francais\/<\/p>\n<p><strong>-&#8220;Mon plan pour r\u00e9former la France&#8221; (Alain Jupp\u00e9 dans le JDD; propos recueillis par Anna Cabana et Christine Olivier)<\/strong> : http:\/\/www.lejdd.fr\/Politique\/EXCLUSIF-Juppe-Mon-plan-pour-reformer-la-France-814099<\/p>\n<p>-&#8220;Je suis aussi \u00e9loign\u00e9 de Nicolas Sarkozy que d&#8217;Alain Jupp\u00e9. On a une pr\u00e9sidence de faits divers. Pour redonner un avenir au pays, il faut que les Fran\u00e7ais aient un travail&#8221; (Fran\u00e7ois Fillon, d\u00e9put\u00e9 LR de Paris, invit\u00e9 de &#8220;Dimanche en  Politique&#8221;; interrog\u00e9 par Francis Letellier; vid\u00e9o pendant 6 jours) : http:\/\/pluzz.francetv.fr\/videos\/dimanche_en_politique.html<\/p>\n<p>-&#8220;Je ne rallierai personne au second tour de la primaire&#8221; (Bruno Le Maire, d\u00e9put\u00e9 LR de l&#8217;Eure; invit\u00e9 du &#8220;Grand Rendez-vous d&#8217;Europe 1; vid\u00e9o) :                                                                        http:\/\/www.itele.fr\/magazines\/grand-rendez-vous-politique-darmon\/bruno-le-maire-affirme-quil-ne-ralliera-personne-au-second-tour-de-la-primaire-171131<\/p>\n<p>-NKM \u00e9tait l&#8217;invit\u00e9e de Laurence Ferrari dans &#8220;Punchline&#8221; sur C 8 (vid\u00e9o) : http:\/\/www.c8.fr\/c8-info\/pid8591-c8-punchline.html?vid=1418331<\/p>\n<p>-&#8220;Nous supprimerons le pr\u00e9l\u00e8vement \u00e0 la source. Les difficult\u00e9s d&#8217;Alstom sont structurelles, l&#8217;Etat n&#8217;est pas un bon gestionnaire. Personne n&#8217;est dupe de la salve d&#8217;attaques contre Nicolas Sarkozy&#8221; (Luc Chatel, d\u00e9put\u00e9 LR de Haute-Marne, invit\u00e9 de &#8220;Parlement Hebdo&#8221; (vid\u00e9o, amener le curseur sur 3:14, 12:37, 29:50 :                                                                                                                                     http:\/\/www.lcp.fr\/emissions\/parlement-hebdo\/280367-parlement-hebdo<\/p>\n<p>-&#8220;Je d\u00e9fends la droite d\u00e9complex\u00e9e&#8221; (Jean-Fran\u00e7ois Cop\u00e9, d\u00e9put\u00e9 LR de Seine-et-Marne, en campagne \u00e0 Saint-Denis, 93; vid\u00e9o) : http:\/\/www.lcp.fr\/la-politique-en-video\/primaire-droite-cope-lr-en-campagne-saint-denis<\/p>\n<p>-&#8220;Je n&#8217;ai pas besoin de M. Buisson pour savoir ce que pense Nicolas Sarkozy. Je n&#8217;avais pas de bonne relations avec lui. J&#8217;ai connu Jean-Fran\u00e7ois Cop\u00e9 plus inspir\u00e9. C&#8217;est devenu un conflit personnel&#8221; (Roger Karoutchi, s\u00e9nateur LR des Hauts-de-Seine, interrog\u00e9 par Brigitte Boucher; vid\u00e9o, amener le curseur sur 30:31) :                                                                                                                           http:\/\/www.lcp.fr\/emissions\/politique-matin\/278959-politique-matin-30sept16<\/p>\n<p>-Bygmalion, &#8220;dans cette affaire, il n&#8217;y a aucun proche de Nicolas Sarkozy&#8221; (Brice Hortefeux, eurod\u00e9put\u00e9 LR; vid\u00e9o) :                                                 http:\/\/www.bfmtv.com\/mediaplayer\/video\/bygmalion-dans-cette-affaire-il-n-y-a-aucun-proche-de-nicolas-sarkozy-brice-hortefeux-872841.html<\/p>\n<p>-&#8220;Une batterie de casseroles pour Sarkozy&#8221; (Anna Cabana et Christophe Barbier; vid\u00e9o) :  http:\/\/www.canalplus.fr\/emissions\/pid8623-le-grand-journal.html?vid=1418172<\/p>\n<p>-Nicolas Dupont-Aignan, d\u00e9put\u00e9 de l&#8217;Essonne, invit\u00e9 du brunch politique de Louis Morin sur Sud Radio (son) : http:\/\/www.sudradio.fr\/Podcasts\/Le-Brunch-Politique\/Nicolas-Dupont-Aignan4<\/p>\n<p>-A Villeneuve-Saint-Georges (94), un \u00e9lu FN d\u00e9rape lors du Conseil municipal (Quentin Laurent) : http:\/\/m.leparisien.fr\/villeneuve-saint-georges-94190\/villeneuve-saint-georges-un-elu-fn-derape-lors-du-conseil-municipal-30-09-2016-6165207.php#x<\/p>\n<p><strong>-&#8220;Les d\u00e9lits d&#8217;association du FN&#8221; (Madeleine Meteyer) <\/strong> : http:\/\/www.marianne.net\/secours-populaire-hayange-centre-social-maison-du-vivre-ensemble-delit-association-fn-100246771.html<\/p>\n<p>-&#8220;La haine ne passera pas&#8221; (Julien Laupr\u00eatre, pr\u00e9sident du Secours populaire fran\u00e7ais) :                                                                                                                                                       https:\/\/www.secourspopulaire.fr\/declaration-de-julien-laupretre-en-reaction-au-maire-dhayange-qui-decide-dexpulser-le-secours<\/p>\n<p><strong>EUROPE-MONDE<\/strong><\/p>\n<p>-&#8220;Faut-il craindre une crise bancaire en Europe ?&#8221; (Anne Michel) : http:\/\/www.lemonde.fr\/economie\/article\/2016\/09\/30\/faut-il-craindre-une-crise-bancaire-en-europe_5006245_3234.html<\/p>\n<p><strong>-&#8220;Les banques ne sont pas le principal probl\u00e8me \u00e9conomique \u00e0 traiter&#8221; (Jean-Claude Trichet, ancien pr\u00e9sident de la BCE; invit\u00e9 de &#8220;Questions Politiques&#8221;, l&#8217;\u00e9mission de Nicolas Demorand; vid\u00e9o) <\/strong> :  http:\/\/www.dailymotion.com\/video\/x4vo4tv_jean-claude-trichet-invite-de-questions-politiques_news <\/p>\n<p>-Il a r\u00e9pondu aux questions des auditeurs de France Inter (vid\u00e9o) :                                                                                                                                                                                                http:\/\/www.dailymotion.com\/video\/x4vo6d4_jean-claude-trichet-repond-aux-questions-des-auditeurs-de-questions-politiques_news<\/p>\n<p>-En Espagne, &#8220;pour le PSOE, chaque \u00e9lection s&#8217;est transform\u00e9e en une agonie&#8221; (le politologue Fernando Vallespin; propos recueillis par Sandrine Morel) : http:\/\/www.lemonde.fr\/europe\/article\/2016\/10\/01\/pour-le-psoe-chaque-election-s-est-transformee-en-une-agonie_5006476_3214.html<\/p>\n<p>-Mis en minorit\u00e9, Pedro Sanchez quitte la t\u00eate du parti. La porte est ouverte pour Mariano Rajoy : http:\/\/www.lemonde.fr\/europe\/article\/2016\/10\/01\/mis-en-minorite-pedro-sanchez-quitte-la-tete-du-parti-socialiste-espagnol_5006763_3214.html#xtor=AL-32280270<\/p>\n<p>-En Hongrie, une politique environnementale \u00e0 double sens (vid\u00e9o) : http:\/\/nr.news-republic.com\/Web\/ArticleWeb.aspx?regionid=2&#038;articleid=74155421<\/p>\n<p>-Manifestation &#8220;pour l&#8217;humanit\u00e9&#8221; \u00e0 Budapest avant le r\u00e9f\u00e9rendum (vid\u00e9os) : http:\/\/nr.news-republic.com\/Web\/ArticleWeb.aspx?regionid=2&#038;articleid=74155421                     https:\/\/www.youtube.com\/watch?v=eJ3XjDBkyjY<\/p>\n<p>-&#8220;Le r\u00e9f\u00e9rendum qui d\u00e9fie l&#8217;Europe&#8221; (Yves Bertoncini, directeur de l&#8217;Institut Jacques Delors; son, amener le curseur sur 1:25) :                                                                                                        http:\/\/www.europe1.fr\/emissions\/c-est-arrive-demain\/cest-arrive-demain-david-abiker-021016-2861998<\/p>\n<p>-Il fait peur aux musulmans (vid\u00e9o) : http:\/\/nr.news-republic.com\/Web\/ArticleWeb.aspx?regionid=2&#038;articleid=74198820<\/p>\n<p>-Le non l&#8217;emporte mais faute de participants, il est invalid\u00e9 : http:\/\/www.lemonde.fr\/europe\/article\/2016\/10\/02\/hongrie-le-manque-de-participation-au-referendum-sur-l-accueil-des-refugies-pourrait-invalider-la-victoire-du-non_5006966_3214.html#xtor=AL-32280270<\/p>\n<p><strong>-En Pologne, une &#8220;manifestation noire&#8221; contre l&#8217;interdiction de l&#8217;IVG (Jacub Iwaniuk; diaporama et vid\u00e9o)<\/strong> : http:\/\/www.lemonde.fr\/europe\/article\/2016\/10\/01\/une-manifestation-noire-en-pologne-contre-le-projet-de-loi-visant-a-interdire-l-avortement_5006741_3214.html                                                                                                                                                     https:\/\/www.youtube.com\/watch?v=_5nGd1-ijQw<\/p>\n<p>-En Bosnie, des listes aux \u00e9lections municipales sur des bases communautaires : http:\/\/www.lemonde.fr\/europe\/article\/2016\/10\/02\/des-elections-municipales-sous-le-joug-des-divisions-communautaires-en-bosnie_5006796_3214.html<\/p>\n<p>-&#8220;D\u00e9bat politique qui tourne au pugilat en Ukraine&#8221; (vid\u00e9o) : http:\/\/www.bfmtv.com\/mediaplayer\/video\/quand-un-debat-politique-tourne-au-free-fight-en-ukraine-870293.html#?xtor=EPR<\/p>\n<p>-Syrie, aujourd&#8217;hui lundi, un projet de r\u00e9solution fran\u00e7ais discut\u00e9 au Conseil de s\u00e9curit\u00e9 des Nations-Unies : http:\/\/www.lemonde.fr\/syrie\/article\/2016\/10\/01\/syrie-un-projet-de-resolution-porte-par-paris-discute-au-conseil-de-securite_5006481_1618247.html<\/p>\n<p><strong>-Alep, &#8220;derri\u00e8re la trag\u00e9die humanitaire, l&#8217;impasse diplomatique&#8221; (Jean-Pierre Filiu, professeur d&#8217;histoire \u00e0 Sciences-Po; interrog\u00e9 par David Abiker; son, amener le curseur sur 1:20) :<\/strong> http:\/\/www.europe1.fr\/emissions\/c-est-arrive-cette-semaine\/cest-arrive-cette-semaine-011016-2861482<\/p>\n<p>-L&#8217;OMS dit avoir un plan pour des \u00e9vacuations m\u00e9dicales (vid\u00e9o) : http:\/\/nr.news-republic.com\/Web\/ArticleWeb.aspx?regionid=2&#038;articleid=74151679<\/p>\n<p>-&#8220;Lumi\u00e8res sur le chaos syriens&#8221; (Jules Cr\u00e9tois) : http:\/\/www.monde-diplomatique.fr\/2016\/10\/CRETOIS\/56426<\/p>\n<p><strong>-&#8220;Devoir d&#8217;indignation&#8221; (Denis Sieffert) <\/strong> : http:\/\/www.politis.fr\/articles\/2016\/09\/devoir-dindignation-35436\/<\/p>\n<p><strong>-La construction de 98 logements dans une colonie isra\u00e9lienne en Cisjordanie : <\/strong> http:\/\/www.lemonde.fr\/proche-orient\/article\/2016\/10\/02\/israel-donne-son-feu-vert-a-la-construction-de-98-logements-dans-une-colonie-de-cisjordanie_5006788_3218.html<\/p>\n<p>-Des centaines de Jordaniens manifestent contre le gaz isra\u00e9lien (vid\u00e9o) : http:\/\/nr.news-republic.com\/Web\/ArticleWeb.aspx?regionid=2&#038;articleid=74155707<\/p>\n<p>-&#8220;Il y a plus de cinquante ans, la France et Isra\u00ebl&#8221; (Claude Askolovitch; son) : https:\/\/www.franceinter.fr\/emissions\/histoire-et-politique\/histoire-et-politique-02-octobre-2016<\/p>\n<p>-Enqu\u00eate sur ces harkis rest\u00e9s en Alg\u00e9rie (Pierre Daum) : http:\/\/www.monde-diplomatique.fr\/2015\/04\/DAUM\/52832<\/p>\n<p>-La place des PME en Afrique (Jean-Michel Severino, auteur de &#8220;Entreprenante Afrique&#8221; (interrog\u00e9 par Pierre Weill; son) : https:\/\/www.franceinter.fr\/emissions\/l-interview-politique\/l-interview-politique-01-octobre-2016<\/p>\n<p>-&#8220;Un mus\u00e9e afro-am\u00e9ricain pour r\u00e9\u00e9crire l&#8217;histoire des Etats-Unis&#8221; (St\u00e9phane Bussard) :                                                                                                                                                                https:\/\/www.letemps.ch\/culture\/2016\/09\/30\/un-musee-afroamericain-reecrire-lhistoire-etatsunis?utm_source<\/p>\n<p><strong>-&#8220;Les violences polici\u00e8res ne sont qu&#8217;un maillon d&#8217;un racisme institutionnel&#8221; (la chercheuse  de l&#8217;Institut fran\u00e7ais de g\u00e9opolitique Charlotte Recoquillon, interrog\u00e9e par Marc Bettinelli; vid\u00e9o) :<\/strong> http:\/\/www.lemonde.fr\/ameriques\/video\/2016\/09\/30\/aux-etats-unis-les-violences-policieres-ne-sont-qu-un-maillon-d-un-racisme-institutionnel_5006374_3222.html<\/p>\n<p>-Lors du premier d\u00e9bat t\u00e9l\u00e9vis\u00e9, &#8220;Donald Trump a-t-il vraiment perdu ?&#8221; (Roger Cohen; son, amener le curseur sur 20:52) : http:\/\/www.europe1.fr\/emissions\/c-est-arrive-cette-semaine\/cest-arrive-cette-semaine-011016-2861482<\/p>\n<p><em>-&#8220;De l&#8217;extr\u00eame-gauche \u00e0 l&#8217;extr\u00eame-droite, les Fran\u00e7ais roulent pour Hillary&#8221; (ODOXA) <\/em> : http:\/\/www.odoxa.fr\/presidentielle-americaine-de-lextreme-gauche-a-lextreme-droite-les-francais-roulent-pour-hillary\/<\/p>\n<p>-&#8220;Cuba demande aux Etats-Unis d&#8217;arr\u00eater leur politique migratoire pr\u00e9f\u00e9rentielle pour les Cubains&#8221; : http:\/\/www.lemonde.fr\/ameriques\/article\/2016\/10\/01\/cuba-demande-aux-etats-unis-l-arret-de-la-politique-migratoire-preferentielle-pour-les-cubains_5006492_3222.html<\/p>\n<p>-Colombie, &#8220;la paix \u00e0 petits pas&#8221; (un reportage de Sarah Maquet; son) : https:\/\/www.franceinter.fr\/emissions\/interception\/interception-02-octobre-2016<\/p>\n<p>-Le non \u00e0 l&#8217;accord de paix l&#8217;emporte : http:\/\/www.lemonde.fr\/ameriques\/article\/2016\/10\/03\/colombie-victoire-du-non-a-l-accord-de-paix-avec-les-farc_5007006_3222.html<\/p>\n<p>-&#8220;Campagne des \u00e9lections municipales sanglante au Br\u00e9sil&#8221; (Claire Gatinois) : http:\/\/www.lemonde.fr\/ameriques\/article\/2016\/10\/01\/au-bresil-une-campagne-municipale-sanglante_5006479_3222.html<\/p>\n<p>-&#8220;Riposte culturelle au Cachemire&#8221; (Rapha\u00ebl Godechot) : http:\/\/www.monde-diplomatique.fr\/2016\/09\/GODECHOT\/56227<\/p>\n<p><strong>CULTURE-MEDIAS<\/strong><\/p>\n<p><strong>-&#8220;La jeunesse est aujourd&#8217;hui dans une situation complexe de division&#8221; (le philosophe Alain Badiou, interrog\u00e9 par Juliette Cerf lors de la 4e \u00e9dition de &#8220;T\u00e9l\u00e9rama Dialogue&#8221;; vid\u00e9o int\u00e9grale) <\/strong> : http:\/\/www.telerama.fr\/idees\/alain-badiou-a-telerama-dialogue-la-jeunesse-est-aujourd-hui-dans-une-situation-complexe-de-division,148088.php#xtor=EPR<\/p>\n<p>-&#8220;Cessons de faire dire aux musulmans ce qu&#8217;ils ne pensent pas&#8221; (le socio-d\u00e9mographe Patrick Simon, en r\u00e9action \u00e0 l&#8217;\u00e9tude de l&#8217;Institut Montaigne; son) : http:\/\/www.franceculture.fr\/emissions\/la-question-du-jour\/etude-de-linstitut-montaigne-sur-les-musulmans-de-france-un-travail<\/p>\n<p>-&#8220;La pr\u00e9sidentielle se jouera essentiellement au primaire. Le voile, c&#8217;est ce qu&#8217;il a sur la t\u00eate et ce qui m&#8217;importe, c&#8217;est ce qu&#8217;il a dans la t\u00eate. Il y a tout et n&#8217;importe quoi dans la loi El Khomri. L&#8217;Europe est possible autrement que dans des formules lib\u00e9rales. Si Marine Le Pen arrivait au pouvoir, elle ferait tr\u00e8s exactement la m\u00eame chose que Tsiptas en Gr\u00e8ce et M\u00e9nard dans sa ville. Tout tourne autour d&#8217;elle parce qu&#8217;il n&#8217;y a pas de propositions en face&#8221;                       (le philosophe et essayiste Michel Onfray, invit\u00e9 de BFM Politique; vid\u00e9os) :                                                                                                                                                                                                    http:\/\/www.bfmtv.com\/mediaplayer\/video\/election-de-2017-la-presidentielle-se-jouera-essentiellement-au-primaire-michel-onfray-872781.html                                                                  http:\/\/www.bfmtv.com\/mediaplayer\/video\/politiques-au-quotidien-le-voile-c-est-ce-qu-il-y-a-sur-la-tete-et-ce-qui-m-importe-c-est-ce-qu-il-y-a-dans-la-tete-michel-onfray-872783.html  http:\/\/www.bfmtv.com\/mediaplayer\/video\/questions-d-eco-il-y-a-tout-et-n-importe-quoi-dans-la-loi-el-khomri-michel-onfray-872787.html                 http:\/\/www.bfmtv.com\/mediaplayer\/video\/l-europe-est-possible-autrement-que-dans-des-formules-liberales-michel-onfray-872825.html           http:\/\/www.bfmtv.com\/mediaplayer\/video\/michel-onfray-face-aux-francais-si-marine-le-pen-arrivait-au-pouvoir-elle-ferait-tres-exactement-la-meme-chose-que-tsipras-en-grece-et-menard-dans-sa-ville-872827.html               http:\/\/www.bfmtv.com\/mediaplayer\/video\/comptes-de-campagne-tout-tourne-autour-de-marine-le-pen-parce-qu-il-n-y-a-pas-de-propositions-en-face-michel-onfray-872823.html<\/p>\n<p><strong>-Son face \u00e0 face avec la secr\u00e9taire d&#8217;Etat Julette M\u00e9hadel (vid\u00e9o) : <\/strong> http:\/\/www.bfmtv.com\/mediaplayer\/video\/michel-onfray-face-a-juliette-meadel-si-vous-n-avez-pas-essayer-la-paix-vous-n-avez-pas-le-droit-de-dire-que-ca-ne-marche-pas-872821.html<\/p>\n<p><strong>-&#8220;Fragments de vie de Nathalie Sarraute&#8221; (Jean-Yves Tadi\u00e9; son) <\/strong> :                                                                                                                                                                                                 http:\/\/www.franceculture.fr\/emissions\/la-compagnie-des-auteurs\/nathalie-sarraute-14-fragments-de-vie<\/p>\n<p>-Conversations avec elle (Rolande Causse et Mich\u00e8le Gazier; son) : http:\/\/www.franceculture.fr\/emissions\/la-compagnie-des-auteurs\/nathalie-sarraute-44-conversations-avec-nathalie-sarraute<\/p>\n<p>-A l&#8217;origine de son \u00e9criture (l&#8217;\u00e9crivain Pascale Fautrier, le critique Olivier Mony et l&#8217;acteur Jacques Bonnaff\u00e9; son) :                                                                                                          http:\/\/www.franceculture.fr\/emissions\/la-compagnie-des-auteurs\/nathalie-sarraute-24-lorigine-de-lecriture<\/p>\n<p>-&#8220;Mettre en sc\u00e8ne l&#8217;invisible&#8221; (Jacques Lassalle; son) :                                                                                                                                                                                                                       http:\/\/www.franceculture.fr\/emissions\/la-compagnie-des-auteurs\/nathalie-sarraute-34-mettre-en-scene-linvisible<\/p>\n<p><strong>-&#8220;Femmes de tous les pays, unissez-vous&#8221; (l&#8217;actrice Helena Noguera) :<\/strong> http:\/\/www.liberation.fr\/debats\/2016\/09\/29\/femmes-de-tous-les-pays-unissez-vous_1514854?utm_campaign=Echobox&#038;utm_medium=Social&#038;utm_source<\/p>\n<p>-Auteur \u00e0 succ\u00e8s de pi\u00e8ces de th\u00e9\u00e2tre jou\u00e9es \u00e0 travers le monde, Florian Zeller \u00e9tait l&#8217;invit\u00e9 du &#8220;Grand Journal&#8221; de Canal + (vid\u00e9o, amener le curseur sur 8:30) :                                http:\/\/www.canalplus.fr\/emissions\/pid8623-le-grand-journal.html?vid=1418157<\/p>\n<p>-&#8220;L&#8217;Univers \u00e0 port\u00e9e de main&#8221;, son auteur Christophe Galfard, docteur en physique th\u00e9orique (vid\u00e9o) : http:\/\/www.itele.fr\/culture\/video\/christophe-galfard-raconte-lespace-et-les-sciences-dans-lunivers-a-portee-de-main-171106<\/p>\n<p><strong>-&#8220;Sciences, les d\u00e9fis de la jeune g\u00e9n\u00e9ration. &#8220;Les valeurs de la science ne sont pas assez connues de la soci\u00e9t\u00e9&#8221; (la physicienne Catherine Br\u00e9chignac, secr\u00e9taire perp\u00e9tuelle de l&#8217;Acad\u00e9mie des sciences; son, amener le curseur sur 10:38) : <\/strong> http:\/\/www.europe1.fr\/emissions\/c-est-arrive-demain\/cest-arrive-demain-david-abiker-021016-2861998<\/p>\n<p>-&#8220;Rouge, histoire d&#8217;une couleur&#8221; (l&#8217;historien Michel Pastureau; son, amener le curseur Sur 19:16) : http:\/\/www.europe1.fr\/emissions\/c-est-arrive-demain\/cest-arrive-demain-david-abiker-021016-2861998<\/p>\n<p><strong>-&#8220;Les souliers rouges&#8221; de Marc Lavoine (invit\u00e9 de David Abiker; son, amener le curseur sur 28:13) <\/strong> :                                                                                                                                                    http:\/\/www.europe1.fr\/emissions\/c-est-arrive-demain\/cest-arrive-demain-david-abiker-021016-2861998<\/p>\n<p>-&#8220;Demain, pour la premi\u00e8re fois, j&#8217;enseignerai, je plaiderai, je ferai un discours&#8230;&#8221; (Perrine Kervran; son) : http:\/\/www.franceculture.fr\/emissions\/lsd-la-serie-documentaire\/oser-prendre-la-parole-14-demain-pour-la-premiere-fois<\/p>\n<p><strong>-&#8220;Notre France&#8221;. Son auteur, Rapha\u00ebl Glucksmann, \u00e9tait l&#8217;invit\u00e9 de &#8220;On n&#8217;est pas couch\u00e9&#8221; (vid\u00e9o) <\/strong> : http:\/\/www.france2.fr\/emissions\/on-n-est-pas-couche\/videos\/raphael_glucksmann_-_on_nest_pas_couche_1er_octobre_2016_onpc_01-10-2016_1300453?onglet=tous&#038;page=1<\/p>\n<p>-&#8220;Andy Warhol consid\u00e9rait Herg\u00e9 comme un des plus grands artistes de son temps&#8221; (J\u00e9r\u00f4me Neutres, commissaire de l&#8217;exposition du Grand Palais; propos recueillis par Vincent Brunner) :       http:\/\/www.telerama.fr\/sortir\/andy-warhol-considerait-herge-comme-un-des-plus-grands-artistes-de-son-temps,148095.php#xtor=EPR<\/p>\n<p>-&#8220;J&#8217;ai mang\u00e9 du bolch\u00e9vique chaque semaine&#8221; (quand Herg\u00e9 parlait de Tintin; vid\u00e9o de l&#8217;Ina) : http:\/\/www.ina.fr\/video\/VDN16094815<\/p>\n<p>-Les villes imaginaires dans la BD : http:\/\/next.liberation.fr\/livres\/2016\/09\/29\/de-moulinsart-a-celesteville-panorama-des-villes-de-bd_1514572?xtor=EPR<\/p>\n<p><strong>-Un &#8220;mus\u00e9e&#8221; du street art ouvre ses portes \u00e0 Paris (vid\u00e9o) : <\/strong> http:\/\/nr.news-republic.com\/Web\/ArticleWeb.aspx?regionid=2&#038;articleid=74153772<\/p>\n<p>-&#8220;L&#8217;erreur est humaine&#8221; (nouvelles sonores de Woody Allen pour d\u00e9noncer les exc\u00e8s et les d\u00e9rives de la soci\u00e9t\u00e9 am\u00e9ricaine; son) : http:\/\/www.franceculture.fr\/emissions\/fictions-la-vie-moderne\/lerreur-est-humaine-de-woody-allen<\/p>\n<p>-&#8220;Une petite exploration des musiques juives&#8221; (Jean-Fran\u00e7ois Zygel; son) : https:\/\/www.franceinter.fr\/emissions\/la-preuve-par-z\/la-preuve-par-z-01-octobre-2016<\/p>\n<p><strong>-&#8220;Les Beatles, jazz and soul&#8221; (le groupe de musique populaire le plus repris dans le monde; Laurent Valero et Thierry Jousse. Un r\u00e9gal, merci Jean-Pierre ! son) <\/strong> :                                                         http:\/\/www.francemusique.fr\/emission\/easy-tempo\/2016-2017\/beatles-jazz-and-soul-1-2-09-25-2016-18-00   <\/p>\n<p>-Retrouver Dean Martin avec Fran\u00e7ois Gorin (son) : http:\/\/www.telerama.fr\/musique\/dean-martin-3-un-petit-coup-dans-la-tete,148085.php#xtor=EPR<\/p>\n<p>-&#8220;D\u00e8s que le vent soufflera&#8221; (Renaud; vid\u00e9o de l&#8217;Ina) : http:\/\/www.ina.fr\/video\/I00001000\/renaud-des-que-le-vent-soufflera-video.html<\/p>\n<p>-Les 25 ans des &#8220;Vieilles charrues&#8221; de Carhaix c\u00e9l\u00e9br\u00e9s \u00e0 New York (le directeur du Festival J\u00e9r\u00f4me Tr\u00e9horel, interrog\u00e9 par Bernard Poirette; son et vid\u00e9o) : http:\/\/www.rtl.fr\/culture\/arts-spectacles\/les-vieilles-charrues-a-new-york-on-sera-un-peu-chez-nous-a-central-park-affirme-le-directeur-7785071854           https:\/\/www.youtube.com\/watch?v=0xSQOBhxcs0<\/p>\n<p><strong>-&#8220;Dix films dans les pas des d\u00e9racin\u00e9s du monde&#8221; (Fr\u00e9d\u00e9ric Strauss; vid\u00e9os) : <\/strong> http:\/\/www.telerama.fr\/cinema\/dix-films-dans-les-pas-des-deracines-du-monde,148097.php#xtor=EPR-126-newsletter_tra-20161001<\/p>\n<p>-Les retrait\u00e9s d&#8217;Hollywood toujours sous les feux de la rampe  (vid\u00e9o) : http:\/\/nr.news-republic.com\/Web\/ArticleWeb.aspx?regionid=2&#038;articleid=74181787<\/p>\n<p>-Laurent Delmas a vu &#8220;Aquarius&#8221; de Kleber Mando\u00e7a Filho (son) : https:\/\/www.franceinter.fr\/emissions\/la-prescription-cinema-de-laurent-delmas\/la-prescription-cinema-de-laurent-delmas-01-octobre-2016<\/p>\n<p><strong>-Le cin\u00e9ma du r\u00e9alisateur Michael Cimino (pour en parler, Christine Masson et Laurent Delmas re\u00e7oivent le r\u00e9alisateur Nicolas Saada et le producteur Christophe Gans; son et vid\u00e9o) :<\/strong> https:\/\/www.franceinter.fr\/emissions\/on-aura-tout-vu\/on-aura-tout-vu-01-octobre-2016<\/p>\n<p><strong>-A Marseille, de la cit\u00e9 au grand \u00e9cran (vid\u00e9o) <\/strong> : http:\/\/www.francetvinfo.fr\/culture\/cinema\/cinema-marseille-de-la-cite-au-grand-ecran_1851467.html#xtor=EPR-744<\/p>\n<p>-Catherine P\u00e9gard reste pr\u00e9sidente de l&#8217;Etablissement public du Ch\u00e2teau de Versailles (invit\u00e9e de David Abiker; son, amener le curseur sur 28: 27) :                                                                           http:\/\/www.europe1.fr\/emissions\/c-est-arrive-cette-semaine\/cest-arrive-cette-semaine-011016-2861482<\/p>\n<p>-Chez Dior, la premi\u00e8re collection de Maria Grazia Chiuri (vid\u00e9o) : http:\/\/nr.news-republic.com\/Web\/ArticleWeb.aspx?regionid=2&#038;articleid=74154043<\/p>\n<p>-&#8220;Une alliance de g\u00e9ants autour de l&#8217;intelligence artificielle&#8221; (Valentin Pasquier) : http:\/\/www.telerama.fr\/medias\/pourquoi-les-geants-du-web-forment-ils-une-alliance-autour-de-l-intelligence-artificielle,148094.php#xtor=EPR<\/p>\n<p>-&#8220;Anne Hidalgo d\u00e9marre au quart de tour&#8221; (l&#8217;humoriste Fabrice Ebou\u00e9; vid\u00e9o) : http:\/\/www.francetvinfo.fr\/economie\/transports\/journee-sans-voiture-fabrice-eboue-ironise-anne-hidalgo-demarre-au-quart-de-tour_1844803.html#xtor=EPR<\/p>\n<p>-Coup d&#8217;oeil dans le r\u00e9tro du Mondial de l&#8217;automobile (vid\u00e9o) : http:\/\/www.liberation.fr\/video\/2016\/09\/30\/salon-de-l-automobile-rapide-coup-d-oeil-dans-le-retro_1516052?xtor=EPR<\/p>\n<p>-&#8220;Les probl\u00e8mes de Bernard de la Villardi\u00e8re&#8221; (Samuel Gontier; vid\u00e9os) : http:\/\/television.telerama.fr\/television\/botox-et-islam-les-problemes-de-bernard-de-la-villardiere,148084.php#xtor=EPR<\/p>\n<p>-Le traitement de Nicolas Sarkozy sur France 2, &#8220;il y a un probl\u00e8me par rapport au service public, on verra plus tard&#8230;&#8221; (Roger Karoutchi, s\u00e9nateur LR des Hauts-de-Seine; vid\u00e9o) :                              http:\/\/www.lcp.fr\/la-politique-en-video\/karoutchi-lr-sur-france-televisions-il-y-un-probleme-par-rapport-au-service<\/p>\n<p>-&#8220;Tintin en banlieue, ou la fabrique de l&#8217;information&#8221; (J\u00e9r\u00f4me Berthaut; septembre 2013) : https:\/\/www.monde-diplomatique.fr\/2013\/09\/BERTHAUT\/49593<\/p>\n<p>-Le New York Times n&#8217;\u00e9chappe pas \u00e0 la crise de la presse (Alexandra Ackoun; son) : https:\/\/www.franceinter.fr\/emissions\/regard-sur-les-medias\/regard-sur-les-medias-01-octobre-2016<\/p>\n<p><strong>-Le photographe de presse grec  Aris Messinis a re\u00e7u le Visa d&#8217;Or au Festival de Perpignan (vid\u00e9o)<\/strong> :                                                                                                                                           http:\/\/www.francetvinfo.fr\/economie\/emploi\/metiers\/art-culture-edition\/video-chambre-noire-aris-messinis_1849229.html#xtor=EPR<\/p>\n<p><strong>-&#8220;Guillon 2007&#8221; (vid\u00e9o)<\/strong> : http:\/\/www.c8.fr\/c8-divertissement\/ms-salut-les-terriens\/pid8294-stephane-guillon.html?vid=1418273<\/p>\n","protected":false},"excerpt":{"rendered":"<p>ACTUALITE -&#8220;Faut-il mettre dos \u00e0 dos violences \u00e9conomiques et violences syndicales ?&#8221; (Pierre Ferracci du cabinet de conseil Alpha, interrog\u00e9 par David Abiker; son, amener le curseur sur 10:40) : http:\/\/www.europe1.fr\/emissions\/c-est-arrive-cette-semaine\/cest-arrive-cette-semaine-011016-2861482 -&#8220;L&#8217;usine Smart en Moselle passe aux 39 heures pay\u00e9es 37&#8221; (vid\u00e9o) : http:\/\/www.lci.fr\/societe\/moselle-l-usine-smart-passe-aux-39-heures-payees-37-2005540.html -&#8220;Je construis ma seconde vie&#8221; (Thierry Lepaon; propos recueillis par Catherine [&hellip;]<\/p>\n","protected":false},"author":1042,"featured_media":0,"comment_status":"open","ping_status":"open","sticky":false,"template":"","format":"standard","meta":{"_themeisle_gutenberg_block_has_review":false,"footnotes":""},"categories":[151],"tags":[],"class_list":["post-9896","post","type-post","status-publish","format-standard","hentry","category-la-revue-de-presse-de-lulu"],"_links":{"self":[{"href":"https:\/\/archives.regards.fr\/index.php?rest_route=\/wp\/v2\/posts\/9896","targetHints":{"allow":["GET"]}}],"collection":[{"href":"https:\/\/archives.regards.fr\/index.php?rest_route=\/wp\/v2\/posts"}],"about":[{"href":"https:\/\/archives.regards.fr\/index.php?rest_route=\/wp\/v2\/types\/post"}],"author":[{"embeddable":true,"href":"https:\/\/archives.regards.fr\/index.php?rest_route=\/wp\/v2\/users\/1042"}],"replies":[{"embeddable":true,"href":"https:\/\/archives.regards.fr\/index.php?rest_route=%2Fwp%2Fv2%2Fcomments&post=9896"}],"version-history":[{"count":0,"href":"https:\/\/archives.regards.fr\/index.php?rest_route=\/wp\/v2\/posts\/9896\/revisions"}],"wp:attachment":[{"href":"https:\/\/archives.regards.fr\/index.php?rest_route=%2Fwp%2Fv2%2Fmedia&parent=9896"}],"wp:term":[{"taxonomy":"category","embeddable":true,"href":"https:\/\/archives.regards.fr\/index.php?rest_route=%2Fwp%2Fv2%2Fcategories&post=9896"},{"taxonomy":"post_tag","embeddable":true,"href":"https:\/\/archives.regards.fr\/index.php?rest_route=%2Fwp%2Fv2%2Ftags&post=9896"}],"curies":[{"name":"wp","href":"https:\/\/api.w.org\/{rel}","templated":true}]}}