{"id":9894,"date":"2016-10-01T07:33:31","date_gmt":"2016-10-01T05:33:31","guid":{"rendered":"https:\/\/wp.muchomaas.com\/article-la-revue-du-1er-octobre-2016\/"},"modified":"2016-10-01T07:33:31","modified_gmt":"2016-10-01T05:33:31","slug":"article-la-revue-du-1er-octobre-2016","status":"publish","type":"post","link":"https:\/\/archives.regards.fr\/?p=9894","title":{"rendered":"La Revue du 1er octobre 2016"},"content":{"rendered":"<p><strong>ACTUALITE<\/strong><\/p>\n<p><strong>-&#8220;Les syndicats ne sont pas dans la boucle entre la direction et le gouvernement. Le PDG ne veut pas bouger. Les salari\u00e9s \u00e9taient au courant depuis un bon bout de temps. Nous les avions alert\u00e9s&#8221; (Fr\u00e9d\u00e9ric Demange, d\u00e9l\u00e9gu\u00e9 CGT d&#8217;Alstom Belfort; vid\u00e9o) <\/strong> : http:\/\/www.canalplus.fr\/emissions\/pid8623-le-grand-journal.html?vid=1418020<\/p>\n<p>-&#8220;Surtaxer les CDD et les tr\u00e8s hauts revenus, cela fait dix ans qu&#8217;on le demande&#8221; (Jean-Claude Mailly, secr\u00e9taire de FO; interrog\u00e9 par Dimitri Pavlenko; son) : http:\/\/www.sudradio.fr\/Podcasts\/L-invite-pour-comprendre\/Jean-Claude-Mailly-secretaire-general-de-Force-Ouvriere8<\/p>\n<p>-&#8220;Tous aux abris, la chasse est ouverte !&#8221; (Yolaine de la Bigne; son) : http:\/\/www.sudradio.fr\/Podcasts\/Quelle-epoque-ethique\/La-Chasse<\/p>\n<p>-Hyundai au Mondial de l&#8217;automobile avec sa nouvelle voiture \u00e9lectrique (son directeur en France Lionel French Keogh; son) : http:\/\/www.sudradio.fr\/Podcasts\/L-invite-pour-comprendre\/Lionel-French-Keogh-directeur-general-de-Hyundai-France<\/p>\n<p>-Jean Todt, pr\u00e9sident de la F\u00e9d\u00e9ration internationale de l&#8217;automobile, interrog\u00e9 par Jean-Pierre Elkabbach (vid\u00e9o ) : http:\/\/www.europe1.fr\/emissions\/l-interview-politique\/mondial-de-lautomobile-vente-de-vehicules-voiture-autonome-et-securite-routiere-jean-todt-repond-aux-questions-de-jean-pierre-elkabbach-2860612<\/p>\n<p><em>-La voiture de demain ? (ODOXA)<\/em> : http:\/\/www.odoxa.fr\/la-voiture-de-demain-du-temps-en-plus-mais-pour-quoi-faire\/<\/p>\n<p><strong>-&#8220;La voiture et la ville&#8221;, en d\u00e9bat chez Yves Calvi dans son \u00e9mission &#8220;24 heures en Questions (vid\u00e9o) :<\/strong> http:\/\/www.lci.fr\/replay\/replay-calvi-24-heures-en-questions-du-30-septembre-2016-2005515.html%3Ftype=content <\/p>\n<p><strong>-&#8220;Plus de la moiti\u00e9 des r\u00e9acteurs nucl\u00e9aires fran\u00e7ais seraient d\u00e9fectueux selon Greenpeace&#8221; (Baptiste Gaborit; son)<\/strong> : http:\/\/www.radioclassique.fr\/player\/progaction\/initPlayer\/podcast\/3-minutes-pour-la-planete-2016-09-30-06-48-10.html<\/p>\n<p><em>-Le rapport de &#8220;Large and Associates&#8221; (document) <\/em> : http:\/\/www.greenpeace.org\/france\/PageFiles\/266171\/R%C3%A9sum%C3%A9%20Note%20LargeAndAssociates.pdf?_ga=<\/p>\n<p>-La version des autorit\u00e9s de l&#8217;attentat de Nice contest\u00e9e par un document d&#8217;enqu\u00eate (Willy Le Devin et Isma\u00ebl Halissat) : http:\/\/www.liberation.fr\/france\/2016\/09\/29\/attentat-de-nice-la-version-des-autorites-contestee-par-un-document-d-enquete_1515136?xtor=EPR <\/p>\n<p><strong>-R\u00e9v\u00e9lations dans l&#8217;\u00e9mission de Yann Barth\u00e8s &#8220;Quotidien&#8221; (vid\u00e9o, amener le curseur sur 15:23. Au d\u00e9but, la suite de l&#8217;interview de Jean-Jacques Bourdin) :<\/strong> http:\/\/www.tf1.fr\/tmc\/quotidien-avec-yann-barthes\/videos\/quotidien-29-septembre-2016.html<\/p>\n<p>-L&#8217;\u00e9glise de Saint-Etienne-du-Rouvray rouvre ses portes dimanche (le P\u00e8re Philippe Maheut, vicaire de l&#8217;archidioc\u00e8se de Rouen; son) : http:\/\/www.sudradio.fr\/Podcasts\/L-invite-pour-comprendre\/Pere-Philippe-Maheut-vicaire-general-de-l-archidiocese-de-Rouen<\/p>\n<p>-Deux jeunes entrepreneurs de La Courneuve (93) participent au concours &#8220;Talents des Cit\u00e9s&#8221; (vid\u00e9o) : http:\/\/france3-regions.francetvinfo.fr\/paris-ile-de-france\/seine-saint-denis\/en-baskets-et-patins-la-courneuve-ils-participent-au-concours-talents-des-cites-1098293.html#xtor=EPR<\/p>\n<p><strong>-&#8220;9-3&#8243;, des contrastes et un tabou&#8221; (J\u00e9r\u00e9mie Robine, ma\u00eetre de conf\u00e9rences \u00e0 l&#8217;Institut fran\u00e7ais de g\u00e9opolitique) : <\/strong> http:\/\/www.liberation.fr\/france\/2016\/09\/28\/9-3-des-contrastes-et-un-tabou_1513764<\/p>\n<p><em>-Les Fran\u00e7ais et le partage (OPINION-WAY)<\/em> : http:\/\/www.opinion-way.com\/pdf\/amaguiz_-economie_du_partage_-made_in_france_et_numerique_-_juin_2016_.jpg<\/p>\n<p><em>-Leurs marques de bi\u00e8res pr\u00e9f\u00e9r\u00e9es (YOUGOV) <\/em> :  https:\/\/fr.yougov.com\/news\/2016\/09\/20\/Classement-marques-bieres-preferees-francais\/<\/p>\n<p><em>-Le portrait-robot du consommateur fran\u00e7ais en 2016 (OPINION-WAY) : <\/em> http:\/\/www.opinion-way.com\/pdf\/amaguiz_-portrait_robot_francais_2016_-_mode_de_vie_-_juin_2016.jpg<\/p>\n<p><em>-Ce qu&#8217;il pense du d\u00e9pannage \u00e0 domicile (OPINION-WAY)<\/em> : http:\/\/www.opinion-way.com\/pdf\/homeserve_-_le_depannage_a_domicile_-_septembre_2016.pdf<\/p>\n<p><em>-De l&#8217;\u00e9pargne ? (ODOXA) <\/em> : http:\/\/www.odoxa.fr\/rdv-les-francais-et-largent-les-francais-champions-de-lepargne-plus-adeptes-du-placement-sur-que-du-placement-dynamique\/<\/p>\n<p><strong>-Handball, &#8220;la m\u00e9thode Claude Onesta&#8221; (vid\u00e9o. Applicable \u00e0 toute la r\u00e9alit\u00e9 sociale. Quelle le\u00e7on !) :<\/strong> http:\/\/www.liberation.fr\/video\/2016\/09\/29\/handball-la-methode-claude-onesta-en-cinq-interventions_1514857?xtor=EPR<\/p>\n<p><strong>-Assa Traor\u00e9 au &#8220;Gros Journal de Canal +&#8221; pour d\u00e9noncer les conditions de la mort de son fr\u00e8re Adama (vid\u00e9o)<\/strong> : http:\/\/www.canalplus.fr\/emissions\/pid8579-le-gros-journal.html?vid=1417840<\/p>\n<p>-La temp\u00eate dans le journal d&#8217;Outre-mer (Beno\u00eet Ferrand; son) : https:\/\/www.franceinter.fr\/emissions\/journal-d-outre-mer-1ere\/journal-d-outre-mer-1ere-30-septembre-2016<\/p>\n<p>-15 ans apr\u00e8s l&#8217;explosion, le 24 janvier prochain, s&#8217;ouvrira le proc\u00e8s de la catastrophe AZF, \u00e0 la cour d&#8217;appel de Paris (Jean-Phlippe Deniau; son) : https:\/\/www.franceinter.fr\/emissions\/dans-le-pretoire\/dans-le-pretoire-30-septembre-2016<\/p>\n<p><strong>-En dix mois, 400 personnes ont d\u00e9clar\u00e9 \u00e0 l&#8217;association &#8220;La Parole lib\u00e9r\u00e9e&#8221; qu&#8217;elles avaient \u00e9t\u00e9 victimes d&#8217;abus sexuels, \u00e0 90 % commis par des pr\u00eatres (Laetitia Saavedra; sons)  <\/strong> : https:\/\/www.franceinter.fr\/emissions\/l-enquete-de-secrets-d-info\/l-enquete-de-secrets-d-info-30-septembre-2016<\/p>\n<p><strong>POLITIQUE<\/strong><\/p>\n<p><strong>-&#8220;Quand on est un communiste triste, on est un triste communiste&#8221; (Pierre Laurent, qui \u00e9tait l&#8217;invit\u00e9 d&#8217;Anne Roumanoff sur Europe 1 (son, amener le curseur sur 1:22) <\/strong> : http:\/\/www.europe1.fr\/emissions\/ca-pique-mais-cest-bon\/ca-pique-mais-cest-bon-300916-2860855<\/p>\n<p>-Le canular t\u00e9l\u00e9phonique d&#8217;Anne Roumanoff (son) : http:\/\/www.europe1.fr\/emissions\/le-canular-danne-roumanoff\/on-ma-dit-que-le-parti-communiste-cetait-tres-convivial-2860915<\/p>\n<p><strong>-Le portrait musical de Pierre Laurent par Chris Deslandes (vid\u00e9o) : <\/strong> http:\/\/www.europe1.fr\/emissions\/les-chroniques-humour-anne-roumanoff\/on-nest-jamais-aussi-bien-servi-que-par-soi-meme-2860888<\/p>\n<p>-Pr\u00e9sidentielle, le point de vue de Nora Saint-Gal, membre du Conseil national du PCF : http:\/\/norasaintgal.fr\/divers\/en-direct-du-conseil-national-du-pcf-24-25-septembre\/<\/p>\n<p>-Le n\u00b0 300 de &#8220;Cerises&#8221; : http:\/\/www.cerisesenligne.fr\/file\/archive\/cerises-300.pdf<\/p>\n<p>-&#8220;Nous avons toujours eu nos parrainages. Nous sommes un parti de militants. M\u00eame si on est minoritaire, il ne faut pas se taire&#8221; (Nathalie Arthaud, candidate de LO \u00e0 l&#8217;\u00e9lection pr\u00e9sidentielle; interrog\u00e9e par Jeff Wittenberg; vid\u00e9o) : http:\/\/www.france2.fr\/emissions\/telematin\/actu\/les-4-verites-nathalie-arthaud_511511<\/p>\n<p>-&#8220;Shimon Peres avait une vision politique de l&#8217;innovation&#8221; (la secr\u00e9taire d&#8217;Etat Axelle Lemaire, interrog\u00e9e par Micka\u00ebl Darmon; vid\u00e9o) : https:\/\/www.youtube.com\/watch?v=bJJg1BsyXl8<\/p>\n<p>-Le projet de loi de Finance 2017 (le secr\u00e9taire d&#8217;Etat Christian Eckert; interrog\u00e9 par Audrey Crespo-Mara; vid\u00e9o) : http:\/\/www.lci.fr\/replay\/repaly-l-invite-de-lci-matin-du-29-septembre-christian-eckert-2005157.html<\/p>\n<p>-&#8220;Ce n&#8217;est pas un budget de campagne \u00e9lectorale. Il est sinc\u00e8re&#8221; (Michel Sapin; interrog\u00e9 par Caroline Roux; vid\u00e9o) : http:\/\/www.france2.fr\/emissions\/telematin\/actu\/les-4-verites_510909<\/p>\n<p>-Marisol Touraine annonce une revalorisation du RSA de 2% : http:\/\/www.francetvinfo.fr\/economie\/marisol-touraine-annonce-une-revalorisation-du-rsa-de-2_1849245.html#xtor=EPR-51<\/p>\n<p><strong>-A l&#8217;occasion de la rentr\u00e9e universitaire, le discours de Fran\u00e7ois Hollande \u00e0 Jussieu (vid\u00e9o)<\/strong> : http:\/\/www.elysee.fr\/videos\/discours-a-l-universite-de-jussieu\/#content<\/p>\n<p><em>-D\u00e9fiance g\u00e9n\u00e9ralis\u00e9e des Fran\u00e7ais sur les promesses \u00e9conomiques des politiques (ODOXA) <\/em> : http:\/\/www.odoxa.fr\/rdv-de-leco-defiance-generalisee-des-francais-sur-les-promesses-economiques-des-politiques\/<\/p>\n<p><em>-Fran\u00e7ois Hollande plomb\u00e9 par la promesse d&#8217;inversion de la courbe du ch\u00f4mage (ODOXA) <\/em> : http:\/\/www.odoxa.fr\/inversion-de-la-courbe-du-chomage-une-promesse-qui-plombe-francois-hollande\/<\/p>\n<p>-&#8220;Le jour o\u00f9 la gauche s&#8217;est perdue. Je ne sais pas pour qui je vais voter \u00e0 la primaire&#8221; (Dominique Bertinotti, ancienne ministre PS \u00e0 la Famille; face \u00e0 Jean-Jacques Bourdin; vid\u00e9o) : http:\/\/rmc.bfmtv.com\/mediaplayer\/video\/dominique-bertinotti-ps-et-la-peur-de-la-tentation-populiste-chez-les-electeurs-872229.html<\/p>\n<p><strong>-&#8220;Le discours de la classe politique \u00e0 la jeunesse s&#8217;adresse aux grands-parents : ils votent plus&#8221; (Benjamin Lucas, pr\u00e9sident du Mouvement des jeunes socialistes; invit\u00e9 de Fr\u00e9d\u00e9ric Rivi\u00e8re; vid\u00e9o)<\/strong> : http:\/\/www.rfi.fr\/video\/20160930-le-discours-classe-politique-jeunesse-s-adresse-grands-parents-ils-votent-plus<\/p>\n<p><strong>-&#8220;Depuis le d\u00e9but, il y a des crimes de guerre en Syrie. Les Russes sont les ma\u00eetres du terrain. Il faut condamner le r\u00e9gime syrien mais il ne menace pas la paix du monde, qui l&#8217;est par Daesh. Poutine d\u00e9fend ses int\u00e9r\u00eats. Bien s\u00fbr qu&#8217;on va laisser faire&#8221; (Fran\u00e7ois Fillon, d\u00e9put\u00e9 LR de Paris; interrog\u00e9 par Jean-Jacques Bourdin; vid\u00e9o)<\/strong> : http:\/\/www.bfmtv.com\/mediaplayer\/video\/francois-fillon-face-a-jean-jacques-bourdin-en-direct-872377.html<\/p>\n<p>-Il a r\u00e9pondu aux questions des auditeurs de RMC (vid\u00e9os) :               http:\/\/rmc.bfmtv.com\/mediaplayer\/video\/hayange-les-masques-tombent-estime-francois-fillon-872247.html                                                                                  http:\/\/rmc.bfmtv.com\/mediaplayer\/video\/francois-fillon-en-35-ans-de-vie-politique-mon-nom-n-a-jamais-ete-cite-dans-quelque-affaires-que-ce-soit-872249.html                                                                              http:\/\/rmc.bfmtv.com\/mediaplayer\/video\/fillon-sur-macron-on-ne-sait-pas-encore-tres-bien-ou-le-placer-sur-l-echiquier-politique-872253.html                                                                                    http:\/\/rmc.bfmtv.com\/mediaplayer\/video\/pour-francois-fillon-le-cfcm-est-un-echec-872259.html<br \/>\nhttp:\/\/rmc.bfmtv.com\/mediaplayer\/video\/francois-fillon-sur-rmc-il-faut-travailler-plus-longtemps-872255.html<br \/>\nhttp:\/\/rmc.bfmtv.com\/mediaplayer\/video\/quand-francois-fillon-s-accroche-avec-un-auditeur-872289.html       <\/p>\n<p>                                                                                                                        -&#8220;Pour Nicolas Sarkozy, \u00e7a n&#8217;a pas \u00e9t\u00e9 une si mauvaise semaine que \u00e7a&#8221; (Eric Woerth, d\u00e9put\u00e9 LR de l&#8217;Oise; interrog\u00e9 par Yves Calvi; vid\u00e9o, amener le curseur sur 1:09:50) :  http:\/\/www.lci.fr\/replay\/replay-calvi-24-heures-en-questions-du-29-septembre-2016-2005336.html%3Ftype=content<\/p>\n<p>-&#8220;Il y a un probl\u00e8me avec l&#8217;Islam politique&#8221; (Guillaume Larriv\u00e9, d\u00e9put\u00e9 LR de l&#8217;Yonne; invit\u00e9 de &#8220;Territoires d&#8217;Infos; vid\u00e9o, amener le curseur sur 15:23) : http:\/\/www.sudradio.fr\/Politique\/L-interview-politique\/Guillaume-Larrive-Il-y-a-un-probleme-avec-l-Islam-politique<\/p>\n<p>-&#8220;Nous devons nous allier avec la Russie pour contrer Daesh&#8221; (Rachida Dati, eurod\u00e9put\u00e9e LR; interrog\u00e9e par Guillaume Durand; vid\u00e9o) : http:\/\/www.dailymotion.com\/video\/x4vdqho<\/p>\n<p>-Jean-Fr\u00e9d\u00e9ric Poisson, d\u00e9put\u00e9 des Yvelines, candidat \u00e0 la primaire de la droite (interrog\u00e9 par Elisabeth Martichoux; son) : http:\/\/www.rtl.fr\/actu\/politique\/jean-frederic-poisson-est-l-invite-de-rtl-7785055692<\/p>\n<p>-&#8220;A Villeurbane, le maire de Bordeaux a montr\u00e9 ses muscles&#8221; (Laure Equy) : http:\/\/www.liberation.fr\/france\/2016\/09\/29\/a-villeurbanne-juppe-chantre-d-un-etat-fort-montre-ses-muscles_1515135?xtor=EPR<\/p>\n<p>-Sur le &#8220;Mariage pour tous&#8221;, Herv\u00e9 Mariton se fait huer au meeting d&#8217;Alain Jupp\u00e9 (vid\u00e9o) : http:\/\/www.lci.fr\/politique\/herve-mariton-se-fait-huer-par-les-juppeistes-au-sujet-du-mariage-pour-tous-2005346.html%3Ftype=content<\/p>\n<p>-&#8220;Jean-Fran\u00e7ois Cop\u00e9 essaye de faire tomber Nicolas Sarkozy. Il n&#8217;a plus rien \u00e0 perdre&#8221; (Guillaume Tabard du &#8220;Figaro&#8221;; son) : http:\/\/www.radioclassique.fr\/player\/progaction\/iniPlayer\/podcast\/ledito-politique-de-guillaume-tabard-2016-09-30-08-13-00.html<\/p>\n<p>-&#8220;Il mise sur l&#8217;effondrement de Sarkozy&#8221; (Alba Ventura; vid\u00e9o) : http:\/\/www.rtl.fr\/actu\/politique\/primaire-les-republicains-cope-mise-sur-l-effondrement-de-sarkozy-decrypte-alba-ventura-7785055826<\/p>\n<p>-&#8220;Alain Jupp\u00e9 serait-il devenu un candidat de gauche ?&#8221; (Yves Thr\u00e9ard du &#8220;Figaro&#8221;; vid\u00e9o) : http:\/\/www.europe1.fr\/emissions\/ledito-politique-dyves-threard\/alain-juppe-serait-il-devenu-un-candidat-de-gauche-2860399<\/p>\n<p>-&#8220;La gauche va-t-elle peser dans la primaire de la droite ?&#8221; (Thomas Legrand; son) : https:\/\/www.franceinter.fr\/emissions\/l-edito-politique\/l-edito-politique-30-septembre-2016<\/p>\n<p>-Ce qu&#8217;en pense l&#8217;eurod\u00e9put\u00e9e Marielle de Sarnez, vice-pr\u00e9sidente du MoDem (interrog\u00e9e par Yves Calvi; vid\u00e9o, amener le curseur sur 1:08:40) :<br \/>\nhttp:\/\/www.lci.fr\/replay\/replay-calvi-24-heures-en-questions-du-30-septembre-2016-2005515.html%3Ftype=content <\/p>\n<p>-Patrick Buisson, invit\u00e9 du &#8220;Club de la Presse&#8221; d&#8217;Europe 1 (son) : http:\/\/www.europe1.fr\/emissions\/le-club-de-la-presse\/europe-soir-le-club-de-la-presse-patrick-buisson-29092016-2860216<\/p>\n<p>-&#8220;Buisson ou Sarkozy ?&#8221; (Jean-Marc Four; son) : https:\/\/www.franceinter.fr\/emissions\/la-mecanique-mediatique\/la-mecanique-mediatique-30-septembre-2016<\/p>\n<p><strong>-&#8220;Moi Pr\u00e9sident. Barbara, concessionnaire poids lourd. Avec Herv\u00e9 Pauchon; son) :<\/strong> https:\/\/www.franceinter.fr\/emissions\/moi-president\/moi-president-30-septembre-2016<\/p>\n<p><em>-La sant\u00e9 dans les enjeux pr\u00e9sidentiels (OPINION-WAY)<\/em> : http:\/\/www.opinion-way.com\/pdf\/sml_-_la_sante_dans_les_enjeux_presidentiels_-_aout_2016.pdf<\/p>\n<p><strong>EUROPE-MONDE<\/strong><\/p>\n<p><strong>-&#8220;Les nouvelles voies de d\u00e9veloppement \u00e9conomique et strat\u00e9gique se trouvent en mer&#8221; (Sabine Marie Decup-Provost, d\u00e9l\u00e9gu\u00e9e g\u00e9n\u00e9rale &#8220;d&#8217;Oc\u00e9anides&#8221;; invit\u00e9e de Jose Manuel Lamarque; son) <\/strong> : https:\/\/www.franceinter.fr\/emissions\/meridien-d-europe\/meridien-d-europe-30-septembre-2016<\/p>\n<p><strong>-L&#8217;Union europ\u00e9enne donne son feu vert \u00e0 l&#8217;accord de Paris sur le climat (S\u00e9gol\u00e8ne Royal, interrog\u00e9e par Laurent Delahousse; vid\u00e9o) : <\/strong> http:\/\/www.francetvinfo.fr\/meteo\/climat\/cop21\/climat-l-ue-donne-son-feu-vert-pour-la-cop-21_1850027.html#xtor=EPR<\/p>\n<p>-&#8220;Un rapport tacle le bilan \u00e9cologique du plan Juncker&#8221; (C\u00e9cile Barbi\u00e8re) : http:\/\/www.euractiv.fr\/section\/climat-environnement\/news\/un-rapport-tacle-le-bilan-ecolo-du-plan-juncker\/?nl_ref=21713137<\/p>\n<p><strong>-La r\u00e9forme du droit d&#8217;auteur divise la Commission europ\u00e9enne (Aline Robert) : <\/strong> http:\/\/www.euractiv.fr\/section\/innovation-entreprises\/news\/la-reforme-du-droit-dauteur-divise-jusquau-sein-de-la-commission\/?nl_ref=21713137<\/p>\n<p>-En Allemagne, l&#8217;agriculture traditionnelle se sent menac\u00e9e par le CETA (Daniel M\u00fctzel) : http:\/\/www.euractiv.fr\/section\/innovation-entreprises\/news\/ceta-death-knell-for-traditional-farming\/?nl_ref=21713137<\/p>\n<p>-Deux banques dans la tourmente (Hugues Beaudoin; son) : http:\/\/www.radioclassique.fr\/player\/progaction\/iniPlayer\/podcast\/2016-09-29-19-09-00.html<\/p>\n<p>-La vision des \u00e9lus fran\u00e7ais et allemands diverge sur l&#8217;avenir de l&#8217;Europe (Manon Flauch) : http:\/\/www.euractiv.fr\/section\/justice-affaires-interieures\/news\/la-vision-des-elus-francais-et-allemand-diverge-sur-lavenir-de-leurope\/?nl_ref=21713137<\/p>\n<p>-En Bosnie, &#8220;un Serbe aux portes de la mairie de Srebrenica ?&#8221; (vid\u00e9o) : http:\/\/nr.news-republic.com\/Web\/ArticleWeb.aspx?regionid=2&#038;articleid=74148060<\/p>\n<p><strong>-Les premi\u00e8res conclusions de la Commission d&#8217;enqu\u00eate internationale sur l&#8217;accident du Boeing 777, abattu au dessus de l&#8217;Ukraine (vid\u00e9o)<\/strong> : http:\/\/www.lemonde.fr\/europe\/video\/2016\/09\/29\/comment-les-enqueteurs-ont-prouve-que-le-vol-mh17-a-ete-abattu-par-un-missile-russe_5005711_3214.html<\/p>\n<p>-La trag\u00e9die d&#8217;Alep en d\u00e9bat dans l&#8217;\u00e9mission d&#8217;Yves Calvi &#8220;24 Heures en questions&#8221; (vid\u00e9o) : http:\/\/www.lci.fr\/replay\/replay-calvi-24-heures-en-questions-du-29-septembre-2016-2005336.html%3Ftype=content<\/p>\n<p>-&#8220;Nous sommes en passe de suspendre les discussions avec la Russie&#8221; (John Kerry; vid\u00e9o) : http:\/\/www.lci.fr\/international\/john-kerry-nous-sommes-en-passe-de-suspendre-les-discussions-avec-la-russie-2005344.html%3Ftype=content<\/p>\n<p>-D\u00e9placement de Fran\u00e7ois Hollande en Isra\u00ebl \u00e0 l&#8217;occasion des obs\u00e8ques de Shimon Peres (diaporama) : http:\/\/www.elysee.fr\/photos\/deplacement-du-president-de-la-republique-en-israel-a-l-occasion-des-obseques-de-shimon-peres\/#content<\/p>\n<p>-Gabon, &#8220;la Cour p\u00e9nale internationale proc\u00e8de \u00e0 un examen pr\u00e9liminaire des lieux&#8221; (vid\u00e9os) : http:\/\/www.itele.fr\/monde\/video\/live-gabon-la-cpi-va-proceder-a-un-examen-preliminaire-de-la-situation-dans-le-pays-170246<\/p>\n<p>-Les chiffres \u00e9tonnants du Botswana 50 ans apr\u00e8s son ind\u00e9pendance (vid\u00e9o) : http:\/\/www.rfi.fr\/video\/20160930-chiffres-surprenants-botswana<\/p>\n<p>-Accident de train dans le New Jersey, &#8220;nous avons laiss\u00e9 d\u00e9p\u00e9rir le r\u00e9seau&#8221; (St\u00e9phane Lauer; vid\u00e9o) : http:\/\/www.lemonde.fr\/ameriques\/article\/2016\/09\/29\/l-accident-de-train-dans-le-new-jersey-pose-la-question-d-un-sous-investissement-dans-le-ferroviaire_5005751_3222.html<\/p>\n<p>-Un autre accident \u00e0 Hoboken, en banlieue de New York (vid\u00e9o) : http:\/\/www.lemonde.fr\/ameriques\/video\/2016\/09\/29\/des-images-de-l-accident-de-train-a-hoboken_5005735_3222.html<\/p>\n<p>-Aux Philippines, des centaines d&#8217;\u00e9tudiants d\u00e9fient le pr\u00e9sident Rodrigo Duterte (vid\u00e9o) : http:\/\/www.francetvinfo.fr\/monde\/asie\/video-aux-philippines-des-centaines-d-etudiants-defient-le-controverse-president-rodrigo-duterte_1849963.html<\/p>\n<p><strong>-&#8220;Les paradoxes des in\u00e9galit\u00e9s mondiales&#8221; (Jean-Christophe Victor; vid\u00e9o) : <\/strong> https:\/\/www.youtube.com\/watch?v=h7v3mWvX9Ok&#038;app=desktop<\/p>\n<p><strong>CULTURE-MEDIAS<\/strong><\/p>\n<p>-&#8220;Marxisme et th\u00e9orie de la race, \u00e9tat des lieux&#8221; (David Roediger) : http:\/\/revueperiode.net\/marxisme-et-theorie-de-la-race-etat-des-lieux\/<\/p>\n<p>-Saul Friedlander, historien du nazisme et de la Shoah \u00e0 &#8220;La Marche de l&#8217;Histoire&#8221; de Jean Lebrun; son : https:\/\/www.franceinter.fr\/emissions\/affaires-sensibles\/affaires-sensibles-30-septembre-2016<\/p>\n<p>-&#8220;La d\u00e9mocratie, un mod\u00e8le universel ?&#8221; (le philosophe Florent Gu\u00e9nard, invit\u00e9 de Nicolas Demorand; son) : https:\/\/www.franceinter.fr\/emissions\/un-jour-dans-le-monde\/un-jour-dans-le-monde-29-septembre-2016<\/p>\n<p><strong>-&#8220;On a acquis la conviction que nos enfants et petits-enfants vivront moins bien que nous&#8221; (l&#8217;historien Fran\u00e7ois Hartog)<\/strong> : http:\/\/www.lemonde.fr\/tant-de-temps\/article\/2016\/09\/30\/francois-hartog-on-a-acquis-la-conviction-que-nos-enfants-et-petits-enfants-vivront-moins-bien-que-nous_5005851_4598196.html<\/p>\n<p><strong>-&#8220;On n&#8217;est plus capable de dire ce qu&#8217;on a de commun avec les autres. Renan, c&#8217;est plus subtil que Sarkozy&#8221; (le sociologue  Fran\u00e7ois Dubet; interrog\u00e9 par Ali Baddou; vid\u00e9o) : <\/strong> http:\/\/www.dailymotion.com\/video\/x4vdcx9_francois-dubet-repond-aux-questions-d-ali-baddou_news<\/p>\n<p>-Le bilan de la mission Rosetta autour de la com\u00e8te &#8220;Tchouri&#8221; (David Larousserie; vid\u00e9o) : http:\/\/www.lemonde.fr\/cosmos\/video\/2016\/09\/29\/le-bilan-de-la-mission-rosetta-apres-plus-de-deux-ans-autour-de-la-comete-tchouri_5005672_1650695.html<\/p>\n<p>-&#8220;Final en beaut\u00e9&#8221; (Philippe Droneau de la Cit\u00e9 de l&#8217;Espace \u00e0 Toulouse; son) : http:\/\/www.sudradio.fr\/Podcasts\/L-invite-pour-comprendre\/Philippe-Droneau-Dir.-des-Publics-a-la-Cite-de-l-Espace-a-Toulouse<\/p>\n<p>-Les derniers instants (vid\u00e9o) : http:\/\/www.francetvinfo.fr\/sciences\/espace\/sonde-rosetta\/video-suivez-les-dernieres-minutes-de-la-sonde-rosetta_1849501.html#xtor=EPR<\/p>\n<p><strong>-Qu&#8217;a-t-on appris de cette mission ? (sons) :<\/strong> http:\/\/www.franceculture.fr\/sciences\/qua-t-appris-de-la-mission-historique-de-rosetta#xtor=EPR<\/p>\n<p><strong>-&#8220;L&#8217;approximation aura toujours plus d&#8217;impact qu&#8217;une v\u00e9rit\u00e9 historique&#8221; (l&#8217;historien Patrick Boucheron, membre du Coll\u00e8ge de France; interrog\u00e9 par Gilles Heur\u00e9; vid\u00e9o)<\/strong> : http:\/\/www.telerama.fr\/idees\/patrick-boucheron-a-telerama-dialogue-l-approximation-aura-toujours-plus-d-impact-qu-une-verite-historique,148075.php#xtor=EPR-126<\/p>\n<p><strong>-&#8220;J&#8217;ai eu de la chance, quand m\u00eame&#8221; (l&#8217;actrice Karin Viard; interrog\u00e9e par Guillemette Odicino; vid\u00e9o) <\/strong> : http:\/\/www.telerama.fr\/cinema\/karin-viard-a-telerama-dialogue-j-ai-eu-de-la-chance-quand-meme,148034.php<\/p>\n<p><strong>-Sous le th\u00e8me &#8220;Journalisme et politique&#8221;, les interventions de Jos\u00e9 Bov\u00e9, Charline Vanhoenacker, Jack Lang, Marc Voinchet, Cecile Allegra et Delphine Deloget, Yves Jeuland (sons) :<\/strong> http:\/\/www.telerama.fr\/monde\/de-jose-bove-a-marc-voinchet-reecoutez-telerama-dialogue-3-cote-politique-et-journalisme,131993.php<\/p>\n<p>-L&#8217;urgentiste Patrick Pelloux (son) : http:\/\/www.telerama.fr\/medias\/patrick-pelloux-quitte-charlie-hebdo-je-pense-que-je-n-apporte-plus-rien-a-ce-journal,131906.php<\/p>\n<p>-Retour en images sur les rencontres qui ont eu lieu au Th\u00e9\u00e2tre du Rond Point \u00e0 Paris (diaporama) : http:\/\/www.telerama.fr\/monde\/telerama-dialogue-4-souvenirs-en-images,148080.php#xtor=EPR<\/p>\n<p>-Les sorties possibles du week-end : http:\/\/www.lemonde.fr\/arts\/article\/2016\/09\/30\/la-selection-sorties-du-week-end-du-monde_5005796_1655012.html<\/p>\n<p>-Jusqu&#8217;au 15 janvier, Tintin au Grand Palais (Sarah Tisseyre; vid\u00e9o et son) :  http:\/\/www.rfi.fr\/video\/20160930-herge-grand-palais-atelier-pere-tintin-paris-bd-laminutevideo                                                                          http:\/\/www.rfi.fr\/emission\/20160929-herge-grand-palais-atelier-pere-tintin<\/p>\n<p><strong>-Fans de Herg\u00e9 et de Tintin, Benoit Peeters, Albert Algoud et Bruno Podalydes r\u00e9pondent aux questions de Patrick Cohen (vid\u00e9o)<\/strong> : http:\/\/www.dailymotion.com\/video\/x4vdet3_benoit-peeters-albert-algoud-et-bruno-podalydes-repondent-aux-questions-de-patrick-cohen_news<\/p>\n<p><strong>-Ils ont r\u00e9pondu aux questions des auditeurs de France Inter (vid\u00e9o) : <\/strong> http:\/\/www.dailymotion.com\/video\/x4vdhcr_benoit-peeters-bruno-podalydes-et-albert-algoud-repondent-aux-questions-des-auditeurs-de-france-inte_news<\/p>\n<p>-Le dessinateur de BD Ted Beno\u00eet est mort : http:\/\/culturebox.francetvinfo.fr\/livres\/bande-dessinee\/le-dessinateur-et-scenariste-de-bande-dessinee-ted-benoit-est-mort-246723#xtor=EREC<\/p>\n<p>-Ce samedi soir \u00e0 Paris, une &#8220;Nuit Blanche&#8221; consacr\u00e9e \u00e0 l&#8217;amour et \u00e0 la Seine : http:\/\/culturebox.francetvinfo.fr\/tendances\/evenements\/sexe-parades-et-video-pour-la-nuit-blanche-samedi-a-paris-246709#xtor=EREC<\/p>\n<p>-Trois d\u00e9couvertes parisiennes : http:\/\/france3-regions.francetvinfo.fr\/paris-ile-de-france\/paris\/en-attendant-la-nuit-blanche-3-oeuvres-decouvrir-dans-les-rues-de-la-capitale-1097863.html#xtor=EPR<\/p>\n<p><strong>-Alexandre Bloch, le nouveau chef de l&#8217;Orchestre national de Lille, \u00e9tait l&#8217;invit\u00e9 d&#8217;Olivier Bellamy dans &#8220;Passion Classique&#8221; (son)<\/strong> : http:\/\/www.radioclassique.fr\/player\/progaction\/iniPlayer\/podcast\/pour-podcast-important-fcache-2016-09-29-18-02-55.html<\/p>\n<p><strong>-Danseuse \u00e9toile de l&#8217;Op\u00e9ra de Paris, Marie-Agn\u00e8s Gillot \u00e9tait l&#8217;invit\u00e9e d&#8217;Augustin Trapenard (son) <\/strong> : https:\/\/www.franceinter.fr\/emissions\/boomerang\/boomerang-30-septembre-2016<\/p>\n<p>-Les 10 milliards d&#8217;euros suppl\u00e9mentaires pour la Culture dans le projet de loi de Finance 2017, &#8220;rel\u00e8vent plut\u00f4t d&#8217;une subtilit\u00e9 de langage&#8221; de la ministre (Emmanuelle Bouchez) : http:\/\/www.telerama.fr\/scenes\/budget-de-la-culture-dix-milliards-qui-comptent-plutot-pour-sept,148061.php#xtor=EPR<\/p>\n<p><em>-La pr\u00e9sentation du minist\u00e8re de la Culture (document) <\/em> : http:\/\/www.culturecommunication.gouv.fr\/Actualites\/En-continu\/Projet-de-loi-de-finances-2017-de-la-culture<\/p>\n<p>-Dans son recueil de nouvelles &#8220;Comme une respiration&#8221;, Jean Teul\u00e9 raconte les petites et grandes histoires des gens ordinaires (Bernard Lehut; sons) : http:\/\/www.rtl.fr\/culture\/arts-spectacles\/jean-teule-j-avais-envie-de-raconter-des-histoires-solidaires-et-positives-7785057634?utm_campaign<\/p>\n<p>-Nouvelle vie en salles du film de Sergio Leone &#8220;Il \u00e9tait une fois dans l&#8217;Ouest&#8221; (Nicolas Didier; vid\u00e9o) : http:\/\/www.telerama.fr\/cinema\/trois-raisons-de-re-voir-il-etait-une-fois-dans-l-ouest,148066.php#xtor=EPR<\/p>\n<p>-Jean-Pierre Masetti, le directeur du Cin&#8217;Hoche de Bagnolet (93) prend une retraite bien m\u00e9rit\u00e9e : http:\/\/elus-crc.over-blog.com\/2016\/10\/derniere-seance-pour-jean-pierre-masetti-directeur-du-cin-hoche.html?utm_source=_ob_email&#038;utm_medium=_ob_notification&#038;utm_campaign=_ob_pushmail<\/p>\n<p>-&#8220;Tantale&#8221;, un film interactif produit par J\u00e9r\u00e9my Pouilloux (entretien r\u00e9alis\u00e9 par Mona Prudhomme; vid\u00e9os) : http:\/\/www.telerama.fr\/sortir\/festival-i-love-transmedia-le-cinema-du-futur-c-est-maintenant,148046.php#xtor=EPR<\/p>\n<p><strong>-Rencontre avec &#8220;Les Liminanas&#8221;, le duo de Perpignan (Lionel, le guitariste, interrog\u00e9 par Laurent Rigoulet; vid\u00e9os et son) <\/strong> : http:\/\/www.telerama.fr\/musique\/lionel-liminana-les-stooges-m-ont-ouvert-les-yeux,148062.php#xtor=EPR<\/p>\n<p>-Retrouver John Martyn et Kip Hanrahan avec Fran\u00e7ois Gorin (vid\u00e9o et sons) : http:\/\/www.telerama.fr\/musique\/john-martyn-1-sous-le-pave-folk-une-vision,147858.php                                                               http:\/\/www.telerama.fr\/musique\/john-martyn-2-quelques-pas-de-funambule,147912.php                                                         http:\/\/www.telerama.fr\/musique\/john-martyn-3-saphir-poli-ou-diamant-brut,148043.php                                                                  http:\/\/www.telerama.fr\/musique\/kip-anrahan-orchestrateurs-de-desirs,148063.php#xtor=EPR  <\/p>\n<p><strong>-Bernard Lavilliers d\u00e9fend Dilma Rousseff au &#8220;Grand Journal&#8221; de Canal + (vid\u00e9o) : <\/strong> http:\/\/www.canalplus.fr\/emissions\/pid8623-le-grand-journal.html?vid=1417997<\/p>\n<p><strong>-Augustin Trapenard a rencontr\u00e9 Lady Gaga (vid\u00e9o)<\/strong> : http:\/\/www.canalplus.fr\/emissions\/pid8623-le-grand-journal.html?vid=1417874<\/p>\n<p>-&#8220;Whole Lotta Love&#8221; de Zeppling (Rebecca Manzoni; vid\u00e9o) : https:\/\/www.franceinter.fr\/emissions\/moi-president\/moi-president-30-septembre-2016        <\/p>\n<p>-&#8220;Fannie or Die&#8221;, le site web qui a un pied \u00e0 Hollywood, un autre \u00e0 la Maison Blanche&#8221; (Romain Jeanticou et J\u00e9r\u00e9mie Maire; vid\u00e9os) : http:\/\/www.telerama.fr\/medias\/funny-or-die-un-pied-a-hollywood-un-autre-a-la-maison-blanche,148054.php#xtor=EPR<\/p>\n<p><strong>-&#8220;Envoy\u00e9 Sp\u00e9cial&#8221;, &#8220;la pol\u00e9mique avec Field nous a fait perdre des t\u00e9moignages&#8221; (Tristan Waleckx, auteur du reportage sur l&#8217;affaire Bygmalion; propos recueillis par Richard S\u00e9n\u00e9joux) : <\/strong> http:\/\/www.telerama.fr\/medias\/envoye-special-sur-bygmalion-la-polemique-avec-field-nous-a-fait-perdre-des-temoignages,148072.php#xtor=EPR-<\/p>\n<p><strong>-Dans &#8220;Dossier Tabou&#8221; consacr\u00e9 \u00e0 l&#8217;Islam, &#8220;Bernard de la Villardi\u00e8re manipule tout le monde&#8221; (St\u00e9phane Gatignon, maire EE-LV de Sevran (93); vid\u00e9o) <\/strong> : http:\/\/rmc.bfmtv.com\/emission\/-dossier-tabou-sur-l-islam-pour-le-maire-de-sevran-bernard-de-la-villardiere-manipule-tout-le-monde&#8211;1042017.html<\/p>\n<p><strong>-&#8220;La Guerre des Mondes&#8221; d&#8217;Orson Welles revisit\u00e9e dans &#8220;Affaires sensibles&#8221; de Fabrice Drouelle. Ecrit par Philippe Touzet. Avec pour invit\u00e9  Fran\u00e7ois Thomas, professeur de cin\u00e9ma (son) :<\/strong> https:\/\/www.franceinter.fr\/emissions\/affaires-sensibles\/affaires-sensibles-30-septembre-2016<\/p>\n<p>-Sur Canal +, la saison 2 de &#8220;Gomora&#8221; (vid\u00e9o) : http:\/\/www.telerama.fr\/series-tv\/tetes-de-series-14-gomorra-2-nouveau-souffle-nouveau-succes,148067.php#xtor=EPR<\/p>\n<p>-&#8220;Le ph\u00e9nom\u00e8ne Zemmour vient d&#8217;une carence m\u00e9diatique&#8221; (R\u00e9gis Le Sommier; vid\u00e9o) : http:\/\/www.dailymotion.com\/video\/x4vdnfg_le-phenomene-zemmour-vient-d-une-carence-mediatique-regis-le-sommier-30-09-2016_news<\/p>\n<p>-Le CSA saisi pour une s\u00e9quence de &#8220;Touche pas \u00e0 mon pote&#8221; de Cyril Hanouna (J\u00e9r\u00f4me Ivanitchtchenko; vid\u00e9o) : http:\/\/www.europe1.fr\/emissions\/le-fait-medias-du-jour\/tpmp-le-csa-saisit-apres-une-sequence-jugee-humiliante-pour-matthieu-delormeau-2860696<\/p>\n<p>-&#8220;Je suis tr\u00e8s heureuse sur FR 3&#8221; (Wendy Bouchard et Dave; vid\u00e9o) : http:\/\/www.europe1.fr\/emissions\/l-invite-medias\/wendy-bouchard-je-suis-tres-heureuse-sur-france-3-2860705<\/p>\n<p>-Pour la nouvelle \u00e9mission culturelle de L\u00e9a Salam\u00e9, dur, dur pour l&#8217;audience (Marc Baudriller; son) :  http:\/\/www.radioclassique.fr\/player\/progaction\/iniPlayer\/podcast\/la-vie-des-medias-2016-09-30-07-39-43.html<\/p>\n<p>-Patrick Timsit, invit\u00e9 d&#8217;Audrey Crespo-Mara sur LCI (vid\u00e9o) : http:\/\/www.lci.fr\/replay\/replay-l-invite-de-lci-matin-du-30-septembre-patrick-timsit-2005361.html%3Ftype=content<\/p>\n<p><strong>-&#8220;Pour Nicolas Sarkozy, une semaine digne &#8220;d&#8217;Affaires sensibles&#8221; (Charline Vanhoenacker; vid\u00e9o)<\/strong> : http:\/\/www.dailymotion.com\/video\/x4vdcx5_pour-nicolas-sarkozy-une-semaine-digne-d-affaires-sensibles-le-billet-de-charline_fun<\/p>\n<p><strong>-&#8220;Quelle peine pour un tic de langage ?&#8221; (Fran\u00e7ois Morel; son) : <\/strong> https:\/\/www.franceinter.fr\/emissions\/le-billet-de-francois-morel\/le-billet-de-francois-morel-30-septembre-2016<\/p>\n<p><strong>-&#8220;Les R\u00e9publicains, \u00e7a se durcit&#8221; (vid\u00e9o) :<\/strong> http:\/\/www.dailymotion.com\/video\/x4ve3e2_les-republicains-ca-se-durcit-le-meilleur-de-la-semaine_fun<\/p>\n","protected":false},"excerpt":{"rendered":"<p>ACTUALITE -&#8220;Les syndicats ne sont pas dans la boucle entre la direction et le gouvernement. Le PDG ne veut pas bouger. Les salari\u00e9s \u00e9taient au courant depuis un bon bout de temps. Nous les avions alert\u00e9s&#8221; (Fr\u00e9d\u00e9ric Demange, d\u00e9l\u00e9gu\u00e9 CGT d&#8217;Alstom Belfort; vid\u00e9o) : http:\/\/www.canalplus.fr\/emissions\/pid8623-le-grand-journal.html?vid=1418020 -&#8220;Surtaxer les CDD et les tr\u00e8s hauts revenus, cela fait [&hellip;]<\/p>\n","protected":false},"author":1042,"featured_media":0,"comment_status":"open","ping_status":"open","sticky":false,"template":"","format":"standard","meta":{"_themeisle_gutenberg_block_has_review":false,"footnotes":""},"categories":[151],"tags":[],"class_list":["post-9894","post","type-post","status-publish","format-standard","hentry","category-la-revue-de-presse-de-lulu"],"_links":{"self":[{"href":"https:\/\/archives.regards.fr\/index.php?rest_route=\/wp\/v2\/posts\/9894","targetHints":{"allow":["GET"]}}],"collection":[{"href":"https:\/\/archives.regards.fr\/index.php?rest_route=\/wp\/v2\/posts"}],"about":[{"href":"https:\/\/archives.regards.fr\/index.php?rest_route=\/wp\/v2\/types\/post"}],"author":[{"embeddable":true,"href":"https:\/\/archives.regards.fr\/index.php?rest_route=\/wp\/v2\/users\/1042"}],"replies":[{"embeddable":true,"href":"https:\/\/archives.regards.fr\/index.php?rest_route=%2Fwp%2Fv2%2Fcomments&post=9894"}],"version-history":[{"count":0,"href":"https:\/\/archives.regards.fr\/index.php?rest_route=\/wp\/v2\/posts\/9894\/revisions"}],"wp:attachment":[{"href":"https:\/\/archives.regards.fr\/index.php?rest_route=%2Fwp%2Fv2%2Fmedia&parent=9894"}],"wp:term":[{"taxonomy":"category","embeddable":true,"href":"https:\/\/archives.regards.fr\/index.php?rest_route=%2Fwp%2Fv2%2Fcategories&post=9894"},{"taxonomy":"post_tag","embeddable":true,"href":"https:\/\/archives.regards.fr\/index.php?rest_route=%2Fwp%2Fv2%2Ftags&post=9894"}],"curies":[{"name":"wp","href":"https:\/\/api.w.org\/{rel}","templated":true}]}}