{"id":9892,"date":"2016-09-30T07:37:16","date_gmt":"2016-09-30T05:37:16","guid":{"rendered":"https:\/\/wp.muchomaas.com\/article-la-revue-du-30-septembre-2016\/"},"modified":"2016-09-30T07:37:16","modified_gmt":"2016-09-30T05:37:16","slug":"article-la-revue-du-30-septembre-2016","status":"publish","type":"post","link":"https:\/\/archives.regards.fr\/?p=9892","title":{"rendered":"La Revue du 30 septembre 2016"},"content":{"rendered":"<p><strong>ACTUALITE<\/strong><\/p>\n<p><strong>-Avec Alstom, &#8220;je crains que d&#8217;autres plans sociaux soient dans les tuyaux. Le gouvernement doit maintenir la fili\u00e8re ferroviaire et l&#8217;aider jusqu&#8217;en 2022, date \u00e0 laquelle est pr\u00e9vue l&#8217;arriv\u00e9e du &#8220;TGV du futur&#8221;. Contre la loi Travail, FO compte poursuivre l&#8217;action sur le terrain juridique. Je ne sens pas les salari\u00e9s entrer dans la campagne \u00e9lectorale. Il y a une forme d\u00e9sabus\u00e9e. J&#8217;entends souvent : &#8220;qu&#8217;est-ce que \u00e7a va changer ?&#8221; (Jean-Claude Mailly, secr\u00e9taire de FO; interrog\u00e9 par Pascal Pogam de &#8220;Les Echos&#8221;; vid\u00e9os) <\/strong> : http:\/\/www.lesechos.fr\/politique-societe\/politique\/0211336347669-jean-claude-mailly-fo-craint-dautres-plans-sociaux-dans-les-entreprises-2030861.php#xtor=CS1-25<\/p>\n<p>-Pour Alstom, il y aura une r\u00e9ponse concr\u00e8te dans les tout prochains jours&#8221; (le secr\u00e9taire d&#8217;Etat Christophe Sirugue; vid\u00e9o) : http:\/\/www.lcp.fr\/actualites\/alstom-sirugue-promet-une-reponse-concrete-dans-les-tout-prochains-jours<\/p>\n<p>-Les besoins de mobilit\u00e9 n&#8217;ont jamais \u00e9t\u00e9 aussi forts&#8221; (Carlos Tavares, PDG de PSA; propos recueillis par Nabil Bourassi) : http:\/\/www.latribune.fr\/entreprises-finance\/industrie\/automobile\/les-besoins-de-mobilite-n-ont-jamais-ete-aussi-forts-carlos-tavares-psa-603178.html#xtor=EPR-2<\/p>\n<p>-Le Mondial de l&#8217;automobile de Paris, &#8220;une f\u00eate sur fond d&#8217;inqui\u00e9tudes&#8221; :  http:\/\/www.latribune.fr\/entreprises-finance\/industrie\/automobile\/mondial-de-l-automobile-de-paris-une-fete-sur-fond-d-inquietudes-603186.html#xtor=EPR<\/p>\n<p><strong>-Son commissaire g\u00e9n\u00e9ral Jean-Claude Girot (vid\u00e9o)<\/strong> : http:\/\/rmc.bfmtv.com\/mediaplayer\/video\/utile-le-mondial-de-l-automobile&#8211;871911.html<\/p>\n<p>-Les marques allemandes parient sur l&#8217;\u00e9lectricit\u00e9 (Luc Debraine): https:\/\/www.letemps.ch\/economie\/2016\/09\/29\/marques-automobiles-allemandes-parient-lelectricite?utm_source<\/p>\n<p>-Les s\u00e9nateurs veulent mettre un coup d&#8217;arr\u00eat aux lignes \u00e0 grande vitesse : http:\/\/www.latribune.fr\/entreprises-finance\/services\/transport-logistique\/lgv-l-etat-doit-arreter-de-financer-de-nouvelles-lignes-selon-le-senat-603344.html#xtor=EPR-2<\/p>\n<p><strong>-Dans le lyc\u00e9e Suger \u00e0 Saint-Denis (93), &#8220;les in\u00e9galit\u00e9s, je les touche du doigt tous les jours&#8221; (Gatien Elie, agr\u00e9g\u00e9 de g\u00e9ographie; propos recueillis par Marie Piquemal)<\/strong> : http:\/\/www.liberation.fr\/france\/2016\/09\/28\/education-prioritaire-dans-mon-lycee-les-inegalites-je-les-touche-du-doigt-tous-les-jours_1513613<\/p>\n<p><strong>-&#8220;Faut-il mettre en place la s\u00e9lection \u00e0 l&#8217;entr\u00e9e des universit\u00e9s ?&#8221; (au T\u00e9l\u00e9phone sonne&#8221; de France Inter, anim\u00e9 par Nicolas Demorand. Avec Laurent Batsch, pr\u00e9sident de l&#8217;universit\u00e9 Paris Dauphine et Lil\u00e2 Le Bas, pr\u00e9sidente de l&#8217;UNEF; son) :<\/strong> https:\/\/www.franceinter.fr\/emissions\/le-telephone-sonne\/le-telephone-sonne-28-septembre-2016<\/p>\n<p>-&#8220;Marion 13 ans pour toujours&#8221;, contre le harc\u00e8lement scolaire (vid\u00e9o) : http:\/\/www.francetvinfo.fr\/societe\/education\/harcelement-a-l-ecole\/marion-13-ans-pour-toujours-un-telefilm-choc-sur-le-harcelement-scolaire_1845003.html#xtor=EPR<\/p>\n<p>-Un manuel anti-IVG distribu\u00e9 dans des lyc\u00e9es priv\u00e9s (Sandra Lorenzo) : http:\/\/www.huffingtonpost.fr\/2016\/09\/28\/manuel-anti-avortement_n_12229546.html<\/p>\n<p>-Le gouvernement veut p\u00e9naliser les sites anti-IVG (vid\u00e9o) : http:\/\/www.itele.fr\/france\/video\/le-gouvernement-veut-penaliser-les-sites-anti-ivg-171033<\/p>\n<p>-Manif anti-chasse samedi \u00e0 Paris (Nathalie Fontrel; son) : https:\/\/www.franceinter.fr\/emissions\/planete-environnement\/planete-environnement-29-septembre-2016<\/p>\n<p><strong>-&#8220;Les gagnants et les perdants de la politique fiscale depuis 2012&#8221; (Ingrid Feuerstein) : <\/strong> http:\/\/www.lesechos.fr\/economie-france\/budget-fiscalite\/0211338723847-impots-les-gagnants-et-les-perdants-de-la-politique-fiscale-depuis-2012-2030991.php#xtor=EPR<\/p>\n<p>-&#8220;35 % des salari\u00e9s estiment que leur patron serait incapable de faire leur travail&#8221; (vid\u00e9o) : http:\/\/rmc.bfmtv.com\/mediaplayer\/video\/35percent-des-salaries-affirment-que-leur-patron-serait-incapable-d-effectuer-leur-travail-871905.html<\/p>\n<p>-A l&#8217;h\u00f4pital de Montivilliers en Seine Maritime, un dispositif d&#8217;urgence contre les violences (vid\u00e9o) : http:\/\/www.francetvinfo.fr\/economie\/greve\/greve-des-medecins\/hopital-de-montivilliers-un-dispositif-d-alerte-mis-en-place-contre-les-violences_1844999.html<\/p>\n<p><strong>-Mieux diagnostiquer la maladie de Lyme (vid\u00e9o) <\/strong> : http:\/\/www.francetvinfo.fr\/sante\/maladie\/sante-mieux-diagnostiquer-la-maladie-de-lyme_1847889.html<\/p>\n<p>-&#8220;Est-ce qu&#8217;on va revenir vivant, le soir&#8221; (un surveillant de prison; son) : http:\/\/www.lci.fr\/justice\/prison-est-ce-qu-on-va-revenir-vivant-le-soir-un-surveillant-raconte-son-quotidien-2005160.html%3Ftype=content<\/p>\n<p><strong>-Un sans-abri sur dix est dipl\u00f4m\u00e9 de l&#8217;Enseignement sup\u00e9rieur (Isabelle Rey-Lefebvre) <\/strong> : http:\/\/www.lemonde.fr\/societe\/article\/2016\/09\/29\/un-sans-abri-sur-dix-est-diplome-de-l-enseignement-superieur_5005137_3224.html<\/p>\n<p><em>-Les sans-domicile en France (l&#8217;\u00e9tude de l&#8217;Institut national d&#8217;\u00e9tudes  d\u00e9mographiques; \u00e0 t\u00e9l\u00e9charger)<\/em> : https:\/\/www.ined.fr\/fr\/tout-savoir-population\/memos-demo\/fiches-pedagogiques\/les-sans-domicile-en-france\/<\/p>\n<p>-Le &#8220;sino-racisme&#8221; enfin jug\u00e9 au tribunal de Bobigny (93; Gurvan Kristanadjaja) : http:\/\/www.liberation.fr\/france\/2016\/09\/29\/a-bobigny-la-justice-reconnait-le-racisme-anti-chinois_1513707<\/p>\n<p>-Le journal d&#8217;Outre-mer (Beno\u00eet Ferrand; son) : https:\/\/www.franceinter.fr\/emissions\/journal-d-outre-mer-1ere\/journal-d-outre-mer-1ere-29-septembre-2016<\/p>\n<p><strong>-&#8220;Il y a une r\u00e9ponse collective \u00e0 apporter au terrorisme&#8221; (le nouveau directeur g\u00e9n\u00e9ral de la gendarmerie, le g\u00e9n\u00e9ral Richard Lizurey, invit\u00e9 d&#8217;Elisabeth Martichoux; vid\u00e9os) <\/strong> : http:\/\/www.rtl.fr\/actu\/societe-faits-divers\/il-y-a-une-reponse-collective-a-apporter-au-terrorisme-pour-le-general-richard-lizurey-7785039982<\/p>\n<p>-A Dammartin-en-Go\u00eble (77), &#8220;reconstruire pour se reconstruire soi-m\u00eame&#8221; (Michel Catalano; vid\u00e9os) : http:\/\/www.francetvinfo.fr\/faits-divers\/terrorisme\/dammartin-en-goele-reconstruire-son-entreprise-pour-se-reconstruire_1847765.html<br \/>\nhttp:\/\/www.francetvinfo.fr\/faits-divers\/terrorisme\/dammartin-en-goele-le-challenge-de-michel-catalano_1847771.html<\/p>\n<p><strong>POLITIQUE<\/strong><\/p>\n<p><strong>-&#8220;La d\u00e9mocratie contre le pi\u00e8ge identitaire&#8221; (Patrick Le Hyaric)<\/strong> : http:\/\/patrick-le-hyaric.fr\/la-democratie-contre-le-piege-identitaire\/<\/p>\n<p><strong>-Sur le projet de loi &#8220;Egalit\u00e9-citoyennet\u00e9&#8221; que la droite s\u00e9natoriale utilise pour remettre en cause  la loi SRU et sur les annonces du premier ministre sur le logement, la r\u00e9action de Christian Favier, s\u00e9nateur CRC du Val-de-Varne (vid\u00e9o, amener le curseur sur 29:09) <\/strong> : http:\/\/replay.publicsenat.fr\/vod\/senat-360\/217025<\/p>\n<p>-&#8220;Faut-il d\u00e9battre avec Sarkozy sur l&#8217;identit\u00e9 nationale ?&#8221; (Olivier Dartigolles, porte-parole du PCF) : https:\/\/blogs.mediapart.fr\/olivier-dartigolles\/blog\/280916\/faut-il-de-battre-avec-sarkozy-sur-lidentite-nationale?utm_source<\/p>\n<p><strong>-&#8220;M\u00e9lenchon et le r\u00e9cit national&#8221; (Roger Martelli) :<\/strong> https:\/\/wp.muchomaas.com\/qui-veut-la-peau-de-roger-martelli\/article\/melenchon-et-le-recit-national<\/p>\n<p>-L&#8217;intervention d&#8217;Andr\u00e9 Chassaigne, pr\u00e9sident du groupe Front de gauche \u00e0 l&#8217;Assembl\u00e9e nationale, au Conseil national du PCF (en musique !) : http:\/\/pcfevry.hautetfort.com\/archive\/2016\/09\/26\/intervention-d-andre-chassaigne-au-conseil-national-du-pcf-5852794.html<\/p>\n<p>La disparition de Marie-Th\u00e9r\u00e8se Goutmann (Pierre Laurent) :<br \/>\nhttp:\/\/www.pcf.fr\/91970<\/p>\n<p><strong>-&#8220;Je m&#8217;inscris dans  le chemin qu&#8217;a trac\u00e9  Nicolas Hulot. Je veux redonner \u00e0 l&#8217;\u00e9cologie une image d&#8217;amabilit\u00e9. On met des milliards dans l&#8217;industrie nucl\u00e9aire qui va s&#8217;\u00e9crouler. On va tuer EDF. S&#8217;il y avait du Fret ferroviaire, on aurait besoin de locomotives pour Alstom. Les gouvernants ont choisi la route contre le ferroviaire, comme ils ont choisi le nucl\u00e9aire contre le renouvelable&#8221; (Yannick Jadot, eurod\u00e9put\u00e9 EE-LV; interrog\u00e9 par Jean-Jacques Bourdin; vid\u00e9o)<\/strong> : http:\/\/www.bfmtv.com\/mediaplayer\/video\/yannick-jadot-face-a-jean-jacques-bourdin-en-direct-871881.html<\/p>\n<p>-&#8220;Fran\u00e7ois Hollande est un peu trop en paix avec son bilan&#8221; (Beno\u00eet Hamon, d\u00e9put\u00e9 PS des Yvelines; interrog\u00e9 par Ruth Elkrief; vid\u00e9o) : http:\/\/www.bfmtv.com\/mediaplayer\/video\/benoit-hamon-francois-hollande-est-un-peu-trop-en-paix-avec-son-bilan-872137.html<\/p>\n<p>-La primaire se rapproche pour Arnaud Montebourg (Lilian Alemagna) : http:\/\/www.liberation.fr\/france\/2016\/09\/29\/montebourg-a-la-primaire-ca-se-rapproche_1513729?xtor=EPR-450206&#038;utm_source=newsletter&#038;utm_medium=email&#038;utm_campaign=quot<\/p>\n<p>-Pour Fran\u00e7ois Hollande aussi (Yves Thr\u00e9ard du &#8220;Figaro&#8221;; vid\u00e9o) : http:\/\/www.europe1.fr\/emissions\/ledito-politique-dyves-threard\/hollande-cap-sur-la-primaire-2859370<\/p>\n<p>-&#8220;Je suis Fran\u00e7ais et je vote sans ambigu\u00eft\u00e9 Hillary Clinton pour la s\u00e9curit\u00e9 du monde. Il y a une stabilisation du ch\u00f4mage mais les indicateurs sont au vert. Fran\u00e7ois Hollande est convaincu que le ch\u00f4mage va baisser mais il a autre chose \u00e0 faire qu&#8217;annoncer une candidature. Il n&#8217;y a dans le pays aucun crit\u00e8re qui soit moins bon que quand nous sommes arriv\u00e9s&#8221; (Bruno Le Roux, pr\u00e9sident du groupe PS \u00e0 l&#8217;Assembl\u00e9e nationale; invit\u00e9 de &#8220;Territoires d&#8217;Infos&#8221;; vid\u00e9o, amener le curseur sur 3:42) : http:\/\/replay.publicsenat.fr\/vod\/territoires-d-infos\/217382<\/p>\n<p>-&#8220;Fran\u00e7ois Hollande est pr\u00e9sident, il ne peut pas \u00eatre un candidat comme les autres&#8221; (la ministre Najat Vallaud-Belkacem interrog\u00e9e par Guillaume Durand; vid\u00e9o) : http:\/\/www.dailymotion.com\/video\/x4v843z<\/p>\n<p>-Des \u00e9lecteurs de gauche qui voteraient \u00e0 la primaire de droite, &#8220;c&#8217;est une vision erron\u00e9e de la d\u00e9mocratie&#8221; (le secr\u00e9taire d&#8217;Etat Jean-Marie Le Guen; interrog\u00e9 par Olivier Galzi; vid\u00e9o) : http:\/\/www.itele.fr\/chroniques\/invite-galzi-jusqua-minuit\/electeurs-de-gauche-qui-voteraient-pour-la-primaire-a-droite-cest-une-vision-devoyee-de-la-democratie-pour-jean-marie-le-guen-171066<\/p>\n<p><strong>-A compter du 1er janvier 2018, &#8220;la dotation globale de l&#8217;Etat aux r\u00e9gions sera remplac\u00e9e par une fraction des recettes de la TVA&#8221; (Manuel Valls; vid\u00e9o) : <\/strong> http:\/\/www.bfmtv.com\/mediaplayer\/video\/manuel-valls-annonce-la-fin-des-dotations-d-etat-aux-regions-871991.html<\/p>\n<p>-Des ministres \u00e0 la recherche d&#8217;un si\u00e8ge de d\u00e9put\u00e9 (Arnaud Faucraud) : http:\/\/www.lejdd.fr\/Politique\/Les-ministres-preparent-les-legislatives-813319<\/p>\n<p>-&#8220;Le projet de budget est celui des grandes promesses tenues. Il faut que la droite nous dise quels postes parmi les  300 000 fonctionnaires qu&#8217;ils veulent supprimer, o\u00f9 ils veulent r\u00e9duire les d\u00e9penses de 150 milliards d&#8217;euros. Apr\u00e8s les efforts que nous avons faits, je suis pour 2,7% de d\u00e9ficit. Ce sont dans les grandes \u00e9preuves qu&#8217;on commence \u00e0 former les hommes d&#8217;Etat. Fran\u00e7ois Hollande, avec les \u00e9preuves qu&#8217;il a travers\u00e9es, n&#8217;est plus le m\u00eame&#8221; (Claude Bartolone, pr\u00e9sident PS de l&#8217;Assembl\u00e9e nationale; interrog\u00e9 par Micha\u00ebl Darmon; vid\u00e9o) : https:\/\/www.youtube.com\/watch?v=gD0Tt0b9P_U<\/p>\n<p><strong>-Le projet de budget en d\u00e9bat dans l&#8217;\u00e9mission &#8220;\u00c7a vous regarde&#8221;, anim\u00e9e par Arnaud Ardoin (vid\u00e9o)<\/strong> : http:\/\/www.lcp.fr\/emissions\/ca-vous-regarde\/279225-ca-vous-regarde-28sept16<\/p>\n<p>-&#8220;Un budget 2017 en trompe l&#8217;oeil&#8221; (Dominique Seux des &#8220;Echos&#8221;; son) : https:\/\/www.franceinter.fr\/emissions\/l-edito-eco\/l-edito-eco-29-septembre-2016<\/p>\n<p>-&#8220;C&#8217;est une v\u00e9ritable plaisanterie&#8221; (Herv\u00e9 Gaymard, d\u00e9put\u00e9 LR de Savoie; interrog\u00e9 par Eric Delvaux; son) : https:\/\/www.franceinter.fr\/emissions\/l-invite-du-5-7\/l-invite-du-5-7-29-septembre-2016<\/p>\n<p>-&#8220;Emmanuel Macron me g\u00eanait un peu&#8221; (Christian Eckert, secr\u00e9taire d&#8217;Etat au Budget; vid\u00e9o) : http:\/\/www.lci.fr\/politique\/question-off-emmanuel-macron-me-genait-un-peu-declare-christian-eckert-2005171.html%3Ftype=content<\/p>\n<p><strong>-Pour la troisi\u00e8me ann\u00e9e cons\u00e9cutive, &#8220;il n&#8217;est pas pr\u00e9vu de revalorisation sur les retraites&#8221; (vid\u00e9o) <\/strong> : http:\/\/www.lci.fr\/politique\/christian-eckert-il-n-est-pas-prevu-de-revalorisation-sur-les-retraites-2005150.html%3Ftype=content<\/p>\n<p><strong>-&#8220;C&#8217;est lamentable !&#8221; (vid\u00e9o) :<\/strong> http:\/\/www.francetvinfo.fr\/economie\/retraite\/argent-les-retraites-sont-inquiets_1848001.html<\/p>\n<p><em>-La primaire socialiste (ELABE)<\/em> : http:\/\/elabe.fr\/la-primaire-socialiste\/<\/p>\n<p>-&#8220;Je suis un maire heureux&#8221; (Christian Troadec qui a inaugur\u00e9 une usine chinoise dans sa ville; son) : http:\/\/www.rtl.fr\/actu\/societe-faits-divers\/je-suis-un-maire-heureux-glisse-christian-troadec-ancien-chef-de-fil-des-bonnets-rouges-7785039265<\/p>\n<p>-&#8220;Bayrou-Macron, trop ressemblants pour se supporter&#8221; (Renaud Dely, directeur de &#8220;Marianne&#8221;; son) : https:\/\/www.franceinter.fr\/emissions\/histoires-politiques\/histoires-politiques-29-septembre-2016<\/p>\n<p>-&#8220;Un pays isol\u00e9 ne peut pas peser sur les \u00e9v\u00e8nements. La Russie a choisi d&#8217;aller au bout de la guerre. Fran\u00e7ois Hollande a bien fait d&#8217;inviter Nicolas Sarkozy \u00e0 aller en Isra\u00ebl. Si l&#8217;affaire du CPE que raconte Buisson est vraie, c&#8217;est une forfaiture. Il y a maintenant une chance pour Alain Jupp\u00e9&#8221; (Fran\u00e7ois Bayrou, pr\u00e9sident du MoDem; interrog\u00e9 par Jean-Pierre Elkabbach; vid\u00e9o) : http:\/\/www.europe1.fr\/emissions\/l-interview-politique\/situation-de-la-syrie-deces-de-shimon-peres-livre-de-patrick-buisson-nicolas-sarkozy-soutien-a-alain-juppe-et-presidentielle-2017-francois-bayrou-repond-aux-questions-de-jean-pierre-elkabbach-2859523<\/p>\n<p>-&#8220;En 2007, la rupture n&#8217;a pas eu lieu. Il faut changer la m\u00e9thode de gouvernement et proc\u00e9der par ordonnances. Les sondages ne font pas l&#8217;\u00e9lection&#8221;  (Jean-Fran\u00e7ois Copp\u00e9, d\u00e9put\u00e9 LR de Seine-et-Marne; interrog\u00e9 par Brigitte Boucher; vid\u00e9o, amener le curseur sur 29:09) : http:\/\/www.lcp.fr\/emissions\/politique-matin\/278958-politique-matin-29sept16<\/p>\n<p>-&#8220;Les attaques contre Nicolas Sarkozy ne feront que renforcer son camp&#8221; (Renaud Muselier, eurod\u00e9put\u00e9 LR; interrog\u00e9 par Fr\u00e9d\u00e9ric Rivi\u00e8re; vid\u00e9o) : http:\/\/www.rfi.fr\/video\/20160929-renaud-muselier-lr-attaques-contre-nicolas-sarkozy-feront-renforcer-son-camp<\/p>\n<p>-&#8220;Quand on est candidat \u00e0 la pr\u00e9sidence de la R\u00e9publique, on ne recule pas devant la bassesse, l&#8217;outrance, la calomnie, la trahison&#8221; (Nicolas Sarkozy en meeting \u00e0 Chantilly (60); vid\u00e9o) : http:\/\/www.francetvinfo.fr\/politique\/les-republicains\/primaire-de-la-droite\/video-nicolas-sarkozy-ne-reculera-pas-meme-devant-la-trahison_1847391.html<\/p>\n<p>-Jean-Marie Le Pen &#8220;est entour\u00e9 d&#8217;une bande de zozos&#8221; (Louis Alliot, vice-pr\u00e9sident du FN, interrog\u00e9 par Laurence Ferrari; vid\u00e9o) : http:\/\/www.itele.fr\/chroniques\/invite-politique-ferrari-tirs-croises\/jean-marie-le-pen-est-entoure-dune-bande-de-zozos-selon-louis-alliot-171061<\/p>\n<p><em>-Le barom\u00e8tre SOFRES-Le Figaro Magazine :<\/em> http:\/\/www.lefigaro.fr\/politique\/2016\/09\/29\/01002-20160929ARTFIG00100-hollande-devisse-juppe-resiste.php<\/p>\n<p><strong>-&#8220;Moi Pr\u00e9sidente. Martine, 67 ans, enseignante \u00e0 la retraite. Avec Herv\u00e9 Pauchon; son) <\/strong> : https:\/\/www.franceinter.fr\/emissions\/moi-president\/moi-president-29-septembre-2016<\/p>\n<p><strong>EUROPE-MONDE<\/strong><\/p>\n<p><strong>-Le Parlement r\u00e9clame une harmonisation du prix des m\u00e9dicaments en Europe (Sarantis Michalopoulos)<\/strong> : http:\/\/www.euractiv.fr\/section\/sante-modes-de-vie\/news\/parliament-wants-harmonised-criteria-for-drug-pricing-and-reimbursement\/?nl_ref=21622071<\/p>\n<p>-La Commission propose de durcir l&#8217;encadrement du lobbying : http:\/\/www.euractiv.fr\/section\/priorites-ue-2020\/news\/la-commission-propose-de-durcir-lencadrement-du-lobbying\/?nl_ref=21622071<\/p>\n<p>-Un rapport parlementaire accuse l&#8217;Union europ\u00e9enne d&#8217;optimisme sur les effets du Trait\u00e9 transatlantique : http:\/\/www.euractiv.fr\/section\/l-europe-dans-le-monde\/news\/un-rapport-parlementaire-accuse-lue-doptimisme-sur-les-effets-du-ttip\/?nl_ref=21622071<\/p>\n<p>-&#8220;Le renouveau europ\u00e9en passe par l&#8217;\u00e9nergie et le climat&#8221; (Nick Mabey) : http:\/\/www.euractiv.fr\/section\/climat-environnement\/opinion\/energy-and-climate-change-all-important-to-new-eu\/?nl_ref=21622071<\/p>\n<p>-&#8220;Guerre fraticide entre les socialistes espagnols&#8221; (vid\u00e9o) : http:\/\/nr.news-republic.com\/Web\/ArticleWeb.aspx?regionid=2&#038;articleid=74062751<\/p>\n<p>-&#8220;C&#8217;est quoi le Brexit ?&#8221; (Bernard Guetta; son) : https:\/\/www.franceinter.fr\/emissions\/geopolitique\/geopolitique-29-septembre-2016<\/p>\n<p>-&#8220;Les gendarmes financiers fran\u00e7ais ouvrent les bras aux victimes du Brexit&#8221; (Delphine Cuny) : http:\/\/www.euractiv.fr\/section\/royaume-uni-en-europe\/news\/les-gendarmes-financiers-francais-ouvrent-les-bras-aux-victimes-du-brexit\/?nl_ref=21622071<\/p>\n<p>-&#8220;Signature de l&#8217;accord nucl\u00e9aire pharaonique d&#8217;Hinkley Point&#8221; (Jean-Marc Ayrault; vid\u00e9o) : http:\/\/nr.news-republic.com\/Web\/ArticleWeb.aspx?regionid=2&#038;articleid=74069956 <\/p>\n<p>-La Bulgarie change son fusil d&#8217;\u00e9paule pour la succession de Ban Ki-moon \u00e0 l&#8217;ONU (Georgi Gotev) : http:\/\/www.euractiv.fr\/section\/l-europe-dans-le-monde\/news\/breaking-borissov-nominates-georgieva-for-un-top-job\/?nl_ref=21622071<\/p>\n<p><strong>-Victor Orban minimise les responsabilit\u00e9s hongroises dans la d\u00e9portation de centaines de milliers de juifs (un reportage de Florence La Bruy\u00e8re; son) : <\/strong> https:\/\/www.franceinter.fr\/emissions\/grand-angle\/grand-angle-29-septembre-2016<\/p>\n<p><strong>-En Pologne, les femmes se mettent en gr\u00e8ve pour d\u00e9fendre le droit \u00e0 l&#8217;IVG : <\/strong> http:\/\/www.courrierinternational.com\/article\/pologne-les-femmes-se-mettent-en-greve-pour-defendre-livg?utm_campaign<\/p>\n<p>-&#8220;Retour \u00e0 Sarajevo avec le grand reporter Herv\u00e9 Ghesqui\u00e8re&#8221; (son) : https:\/\/www.franceinter.fr\/emissions\/meridien-d-europe\/meridien-d-europe-29-septembre-2016<\/p>\n<p><strong>-Voyage dans l&#8217;islam des Balkans (vid\u00e9os en cliquant sur les liens en rouge) : <\/strong> http:\/\/www.rfi.fr\/europe\/20160711-voyage-islam-balkans-musulmans-kosovo-bosnie-herzegovine<\/p>\n<p>-&#8220;L&#8217;enfer d&#8217;Alep&#8221; (R\u00e9gis Le Sommier, directeur adjoint de Paris Match qui vient de passer cinq jours dans la ville; son) : http:\/\/www.sudradio.fr\/Podcasts\/L-invite-pour-comprendre\/Regis-Le-Sommier-Directeur-adjoint-de-la-redaction-de-Paris-Match<\/p>\n<p><strong>-&#8220;C&#8217;est une question d&#8217;heure avant qu&#8217;Alep ne tombe&#8221; (Jean-Marc Ayrault, ministre des Affaires \u00e9trang\u00e8res; interrog\u00e9 par Thomas Sotto; vid\u00e9o) <\/strong> : http:\/\/www.europe1.fr\/emissions\/l-interview-verite\/jean-marc-ayrault-cest-une-question-dheures-avant-qualep-ne-tombe-2859454<\/p>\n<p>-&#8220;A qui profite le crime ?&#8221; (Paul Quil\u00e8s) : http:\/\/paul.quiles.over-blog.com\/2016\/09\/alep-a-qui-profite-le-crime.html<\/p>\n<p><strong>-Au Gabon, &#8220;les disparus de Libreville&#8221; (vid\u00e9o) : <\/strong>  http:\/\/www.itele.fr\/magazines\/le-document-itele\/gabon-les-disparus-de-libreville-171003<\/p>\n<p>-Accord \u00e0 l&#8217;OPEP pour une r\u00e9duction de sa production de p\u00e9trole (Anne Feitz) : http:\/\/www.lesechos.fr\/finance-marches\/marches-financiers\/0211339042600-petrole-accord-a-lopep-pour-une-reduction-de-sa-production-2031000.php<\/p>\n<p><strong>-Face au Conseil municipal de Charlotte, les larmes d&#8217;une fillette contre les violences polici\u00e8res aux Etats-Unis (vid\u00e9o)<\/strong> : http:\/\/www.francetvinfo.fr\/monde\/usa\/emeutes-a-charlotte\/video-les-larmes-de-zianna-face-aux-violences-policieres-aux-etats-unis_1846053.html#xtor=EPR<\/p>\n<p>-La spoliation des terres bient\u00f4t consid\u00e9r\u00e9e comme un crime contre l&#8217;humanit\u00e9 ? (Yolaine de la Bigne; son) : http:\/\/www.sudradio.fr\/Podcasts\/Quelle-epoque-ethique\/La-spoliation-crime-contre-l-humanite<\/p>\n<p><strong>CULTURE-MEDIAS<\/strong><\/p>\n<p><em>-L&#8217;observatoire de la d\u00e9mocratie 2016 (VIAVOICE; documents \u00e0 t\u00e9l\u00e9charger) : <\/em> http:\/\/www.institut-viavoice.com\/viavoice-paris\/publications\/sondages-publies\/523-l-observatoire-de-la-democratie<\/p>\n<p><strong>-Les principaux r\u00e9sultats :<\/strong>  https:\/\/jean-jaures.org\/nos-productions\/l-observatoire-de-la-democratie<\/p>\n<p>-&#8220;Notre d\u00e9mocratie est-elle menac\u00e9e ?&#8221; (Jean-Philippe Moinet, directeur chez Viavoice; vid\u00e9o) : http:\/\/www.lcp.fr\/la-politique-en-video\/notre-democratie-est-elle-en-danger<\/p>\n<p>-&#8220;Le non-cumul des mandats, tout le monde est pour&#8221; (Thomas Legrand; son) : https:\/\/www.franceinter.fr\/emissions\/l-edito-politique\/l-edito-politique-29-septembre-2016<\/p>\n<p><strong>-&#8220;On essaye de comprendre les 30 % de Fran\u00e7ais qui veulent changer de syst\u00e8me. Les Fran\u00e7ais veulent moins de parlementaires, davantage de pouvoirs pour le local et les r\u00e9gions. Le rapport \u00e0 la politique reste fort en France&#8221; (Gilles Finchelstein de la Fondation Jean Jaur\u00e8s et Romain Slitine, ma\u00eetre de conf\u00e9rences \u00e0 Sciences Po Paris, auteur de &#8220;Le coup d&#8217;Etat citoyen&#8221;; interrog\u00e9s par Patrick Cohen; vid\u00e9o) : <\/strong> http:\/\/www.dailymotion.com\/video\/x4v8377_gilles-finchelstein-repond-aux-questions-de-patrick-cohen_news<\/p>\n<p><strong>-lls ont r\u00e9pondu aux questions des auditeurs (vid\u00e9o)<\/strong> : http:\/\/www.dailymotion.com\/video\/x4v80xi_gilles-finchelstein-et-romain-slitine-repondent-aux-questions-des-auditeurs-de-france-inter_news<\/p>\n<p>-&#8220;La France a besoin d&#8217;un r\u00e9cit national&#8221; (l&#8217;historien Dimitri Casali; son) : http:\/\/www.sudradio.fr\/Podcasts\/L-invite-pour-comprendre\/Dimitri-Casali-historien2<\/p>\n<p><strong>-&#8220;Les algorithmes r\u00e9gissent-ils nos vies ?&#8221; (la chercheuse belge Antoinette Rouvroy et Serge Abiteboul, directeur de recherche \u00e0 l&#8217;INRIA; invit\u00e9s de Guillaume Erner; sons) :<\/strong><br \/>\nhttp:\/\/www.franceculture.fr\/emissions\/linvite-des-matins\/les-algorithmes-regissent-ils-nos-vies#xtor=EPR                                                                                                 http:\/\/www.franceculture.fr\/emissions\/linvite-des-matins-2eme-partie\/les-algorithmes-regissent-ils-nos-vies<\/p>\n<p>-&#8220;Le guide du snobisme sexuel&#8221; (Ma\u00efa Mazaurette) : http:\/\/redaction.actu.lemonde.fr\/m-perso\/article\/2016\/09\/25\/guide-du-snobisme-sexuel_5003032_4497916.html#xtor=SEC-33280898<\/p>\n<p><strong>-&#8220;Maja Hoffmann, la reine d&#8217;Arles, qui veut faire de la ville la capitale mondiale de l&#8217;Art&#8221; (dans la nouvelle \u00e9mission de L\u00e9a Salam\u00e9 &#8220;Stup\u00e9fiant !&#8221;; vid\u00e9o) : <\/strong> http:\/\/www.france2.fr\/emissions\/stupefiant\/videos\/la_reine_darles_28-09-2016_1297083?onglet=tous&#038;page=1<\/p>\n<p>-Silvia Costa, jeune metteure en sc\u00e8ne \u00e0 suivre (propos recueillis par Mo\u00efra Dalant) : https:\/\/inferno-magazine.com\/2016\/09\/28\/silvia-costa-portrait-dune-jeune-metteure-en-scene-a-suivre\/<\/p>\n<p>-Jusqu&#8217;au 15 janvier, au Petit-Palais \u00e0 Paris, l&#8217;exposition consacr\u00e9e \u00e0 Oscar Wilde (Fran\u00e7ois Angeller; son) : http:\/\/www.franceculture.fr\/emissions\/les-emois\/wild-wilde-ou-le-lys-souffrant#xtor=EPR<\/p>\n<p>-Herg\u00e9 jusqu&#8217;au 15 janvier au Grand-Palais, visit\u00e9 par le g\u00e9ographe Jean-Louis Tissier : http:\/\/next.liberation.fr\/arts\/2016\/09\/28\/on-a-marche-sur-le-grand-palais_1513809?xtor=EPR-<\/p>\n<p>-A partit du 18 octobre, la BNF consacre une exposition au photographe Richard Avedon (vid\u00e9o) : http:\/\/www.france2.fr\/emissions\/stupefiant\/videos\/la_brigade_du_stup_richard_avedon_28-09-2016_1297175?onglet=tous&#038;page=1<\/p>\n<p>-Les photos de la semaine (EPIC) : http:\/\/epic-stories.com\/selection-jeudi-56\/<\/p>\n<p><strong>-&#8220;Les Damn\u00e9s&#8221; de Visconti dans &#8220;la Marche de l&#8217;Histoire&#8221; de Jean Lebrun, avec pour invit\u00e9e Laurence Schifano; son) <\/strong> :  https:\/\/www.franceinter.fr\/emissions\/la-marche-de-l-histoire\/la-marche-de-l-histoire-29-septembre-2016<\/p>\n<p><strong>-&#8220;Filmer la peau, \u00e9rotiser le corps&#8221; (une conf\u00e9rence de Philippe Royer, critique de cin\u00e9ma; vid\u00e9o) <\/strong> : https:\/\/www.dailymotion.com\/video\/x4knk42_filmer-la-peau-erotiser-le-corps-philippe-rouyer_shortfilms<\/p>\n<p><strong>-La radicalisation des jeunes dans le film &#8220;Le Ciel attendra&#8221; de Marie-Castille Mention; interrog\u00e9e par L\u00e9a Salam\u00e9; vid\u00e9o)<\/strong> : http:\/\/www.dailymotion.com\/video\/x4v7q5w_marie-castille-mention-schaar-repond-aux-questions-de-lea-salame_news<\/p>\n<p><strong>-&#8220;La M\u00e9canique des fluides&#8221;, un documentaire de Nathalie Loubeyre sur ces r\u00e9fugi\u00e9s qui, &#8220;avec la force de leurs r\u00eaves et leur vitalit\u00e9, affrontent une violence qui ne dit pas son nom&#8221;. S&#8217;il passe pr\u00e8s de chez vous, ne le manquez pas. Merci \u00e0 toi  Denise. Ren\u00e9 serait fier de toi :<\/strong> http:\/\/www.lamecaniquedesflux.com\/<\/p>\n<p>-Elle en a vendu 50 millions dans le monde. Son denier album &#8220;Day Breaks&#8221; est r\u00e9solument jazz. Norah Jones \u00e9tait l&#8217;invit\u00e9e d&#8217;Augustin Trapenard (son) : https:\/\/www.franceinter.fr\/emissions\/boomerang\/boomerang-29-septembre-2016<\/p>\n<p><strong>-Il y a 40 ans, Stevie Wonders sortait son album &#8220;Songs in the Key of Life&#8221; qui s&#8217;impose comme un de ses derniers sommets (Matthieu Conquet; sons et vid\u00e9os) : <\/strong> http:\/\/www.franceculture.fr\/emissions\/lactualite-musicale\/stevie-wonder-et-les-cles-de-la-chanson#xtor=EPR<\/p>\n<p>-L&#8217;extraordinaire ballade de Marianne Faithfull qui a chant\u00e9 avec les Rolling Stones, aim\u00e9 Mick Jagger et connu la rue (Aur\u00e9lie Charon; son et vid\u00e9os) : http:\/\/www.franceculture.fr\/emissions\/une-vie-dartiste\/numero-5-la-ballade-de-marianne-faithfull#xtor=EPR<\/p>\n<p><strong>-Au Festi&#8217;Val-de-Marne, qui f\u00eate son trenti\u00e8me anniversaire, la chanson fran\u00e7aise se porte comme un charme (Marie-Catherine Mardi)<\/strong> : http:\/\/www.telerama.fr\/sortir\/au-festi-val-de-marne-la-chanson-francaise-se-porte-comme-un-charme,148033.php#xtor=EPR-126-newsletter_tra-20160929<\/p>\n<p>&#8211; De leur nouvel album &#8220;Circle&#8221;, &#8220;Al Alone&#8221; et &#8220;Liar&#8221;, deux titres du groupe Electro Deluxe (vid\u00e9os) : http:\/\/www.rfi.fr\/video\/20160928-electro-deluxe-interprete-all-alone-live                                                                                 http:\/\/www.rfi.fr\/video\/20160928-electro-deluxe-interprete-liar-live<\/p>\n<p>-The Dizzy Brains chantent &#8220;Noana Be&#8221; au Pan Piper Paris (vid\u00e9o) : http:\/\/www.rfi.fr\/video\/20160928-the-dizzy-brains-chantent-noana-be-pan-piper-paris<\/p>\n<p><strong>-Les Etats-Unis, c&#8217;est aussi Hanni El Khatib (Rebecca Manzoni; vid\u00e9o) :  <\/strong> https:\/\/www.franceinter.fr\/emissions\/pop-co\/pop-co-29-septembre-2016<\/p>\n<p><strong>-La grande manipulation de la justice et de l&#8217;opinion avec le film &#8220;Les Ann\u00e9es de plomb, une trag\u00e9die italienne&#8221;. Son r\u00e9alisateur Nicolas Glimois \u00e9tait l&#8217;invit\u00e9 de Sonia Devillers (vid\u00e9o) :<\/strong>  http:\/\/www.dailymotion.com\/video\/x4v8bl2_les-annees-de-plomb-ou-la-grande-manipulation-de-la-justice-et-de-l-opinion_news<\/p>\n<p><strong>-Sur Canal +, Assa Traor\u00e9 interpelle Fran\u00e7ois Hollande sur les conditions de la mort de son fr\u00e8re Adama (Emmanuelle Skyvington; vid\u00e9os)<\/strong> : http:\/\/television.telerama.fr\/television\/dans-un-entretien-choc-pour-le-gros-journal-assa-traore-interpelle-francois-hollande,148037.php#xtor=EPR-126<\/p>\n<p>-Tr\u00e8s vives r\u00e9actions apr\u00e8s la diffusion de &#8220;Dossier Tabou&#8221; sur M6, consacr\u00e9e \u00e0 la mont\u00e9e de l&#8217;islam (son) : http:\/\/www.europe1.fr\/emissions\/le-fait-medias-du-jour\/dossier-tabou-lemission-de-m6-cree-la-polemique-2859625<\/p>\n<p><strong>-&#8220;Le calendrier politique ne peut pas dicter le calendrier journalistique&#8221; (Elise Lucet, invit\u00e9e de Thomas Joubert; vid\u00e9o) <\/strong> : http:\/\/www.europe1.fr\/emissions\/l-invite-medias\/elise-lucet-le-calendrier-politique-ne-peut-pas-dicter-le-calendrier-journalistique-2859631<\/p>\n<p><strong>-&#8220;Envoy\u00e9 Sp\u00e9cial&#8221; dont elle est la nouvelle animatrice. Avec une enqu\u00eate sur la SNCF \u00e0 Br\u00e9tigny-sur-Orge et sur l&#8217;affaire Bygmalion (vid\u00e9o pendant 6 jours) : <\/strong> http:\/\/pluzz.francetv.fr\/videos\/envoye_special.html<\/p>\n<p><strong>-&#8220;24 heures dans la vie d&#8217;un \u00e9lu socialiste&#8221; (Charline Vanhoenacker; vid\u00e9o) :  <\/strong> https:\/\/www.franceinter.fr\/emissions\/le-billet-de-charline-vanhoenacker\/le-billet-de-charline-vanhoenacker-29-septembre-2016<\/p>\n<p>-&#8220;Patrick Buisson, l&#8217;\u00e9colo-rapporteur&#8221; (Nicolas Canteloup; son) : http:\/\/www.europe1.fr\/emissions\/la-revue-de-presque\/patrick-buisson-lecolo-rapporteur-2859547<\/p>\n","protected":false},"excerpt":{"rendered":"<p>ACTUALITE -Avec Alstom, &#8220;je crains que d&#8217;autres plans sociaux soient dans les tuyaux. Le gouvernement doit maintenir la fili\u00e8re ferroviaire et l&#8217;aider jusqu&#8217;en 2022, date \u00e0 laquelle est pr\u00e9vue l&#8217;arriv\u00e9e du &#8220;TGV du futur&#8221;. Contre la loi Travail, FO compte poursuivre l&#8217;action sur le terrain juridique. Je ne sens pas les salari\u00e9s entrer dans la [&hellip;]<\/p>\n","protected":false},"author":1042,"featured_media":0,"comment_status":"open","ping_status":"open","sticky":false,"template":"","format":"standard","meta":{"_themeisle_gutenberg_block_has_review":false,"footnotes":""},"categories":[151],"tags":[],"class_list":["post-9892","post","type-post","status-publish","format-standard","hentry","category-la-revue-de-presse-de-lulu"],"_links":{"self":[{"href":"https:\/\/archives.regards.fr\/index.php?rest_route=\/wp\/v2\/posts\/9892","targetHints":{"allow":["GET"]}}],"collection":[{"href":"https:\/\/archives.regards.fr\/index.php?rest_route=\/wp\/v2\/posts"}],"about":[{"href":"https:\/\/archives.regards.fr\/index.php?rest_route=\/wp\/v2\/types\/post"}],"author":[{"embeddable":true,"href":"https:\/\/archives.regards.fr\/index.php?rest_route=\/wp\/v2\/users\/1042"}],"replies":[{"embeddable":true,"href":"https:\/\/archives.regards.fr\/index.php?rest_route=%2Fwp%2Fv2%2Fcomments&post=9892"}],"version-history":[{"count":0,"href":"https:\/\/archives.regards.fr\/index.php?rest_route=\/wp\/v2\/posts\/9892\/revisions"}],"wp:attachment":[{"href":"https:\/\/archives.regards.fr\/index.php?rest_route=%2Fwp%2Fv2%2Fmedia&parent=9892"}],"wp:term":[{"taxonomy":"category","embeddable":true,"href":"https:\/\/archives.regards.fr\/index.php?rest_route=%2Fwp%2Fv2%2Fcategories&post=9892"},{"taxonomy":"post_tag","embeddable":true,"href":"https:\/\/archives.regards.fr\/index.php?rest_route=%2Fwp%2Fv2%2Ftags&post=9892"}],"curies":[{"name":"wp","href":"https:\/\/api.w.org\/{rel}","templated":true}]}}