{"id":9888,"date":"2016-09-29T07:10:22","date_gmt":"2016-09-29T05:10:22","guid":{"rendered":"https:\/\/wp.muchomaas.com\/article-la-revue-du-29-septembre-2016\/"},"modified":"2023-06-23T23:23:06","modified_gmt":"2023-06-23T21:23:06","slug":"article-la-revue-du-29-septembre-2016","status":"publish","type":"post","link":"https:\/\/archives.regards.fr\/?p=9888","title":{"rendered":"La Revue du 29 septembre 2016"},"content":{"rendered":"<strong>ACTUALITE<\/strong>\n\n-Pour conserver son travail, apr\u00e8s la fermeture de l&#8217;usine PSA d&#8217;Aulnay-sous-Bois (93), il est parti \u00e0 Metz (vid\u00e9o) : http:\/\/rmc.bfmtv.com\/mediaplayer\/video\/ancien-de-psa-aulnay-sous-bois-il-a-ete-contraint-de-demenager-pour-conserver-son-travail-871537.html\n\n<strong>-&#8220;On attend du gouvernement qu&#8217;il joue son r\u00f4le d&#8217;Etat-strat\u00e8ge&#8221; (Philippe Martinez; vid\u00e9o, amener le curseur sur 1:14)<\/strong> : http:\/\/www.lcp.fr\/emissions\/lcp-info\/279124-lcp-info\n\n-&#8220;L&#8217;\u00e9tat doit taper du poing sur la table&#8221; (Olivier Kohler, d\u00e9l\u00e9gu\u00e9 CFDT; son) : http:\/\/www.rtl.fr\/actu\/societe-faits-divers\/l-etat-doit-taper-du-poing-sur-la-table-fulmine-un-salarie-d-alstom-7785011907\n\n<em>-La nouvelle question sociale (ELABE)<\/em> : http:\/\/elabe.fr\/nouvelle-question-sociale\/\n\n<strong>-&#8220;Les pr\u00e9occupations principales des Fran\u00e7ais&#8221; (Gilles Finchelstein de la Fondation Jean-Jaur\u00e8s qui a command\u00e9 le sondage; interrog\u00e9 par Yves Calvi; vid\u00e9o) :<\/strong> http:\/\/www.rtl.fr\/actu\/societe-faits-divers\/terrorisme-chomage-immigration-quelles-sont-les-preoccupations-principales-des-francais-7785023223\n\n-De la prison avec sursis requise pour cinq salari\u00e9s d&#8217;Air France (vid\u00e9o) : https:\/\/www.youtube.com\/watch?v=Wx3Tcjq9O44\n\n<strong>-L&#8217;\u00e9cole fran\u00e7aise, championne des in\u00e9galit\u00e9s (Rodrigo Arenas, pr\u00e9sident de la FCPE de Seine-Saint-Denis, interrog\u00e9 par Dimitri Pavlenko; son) : <\/strong> http:\/\/www.sudradio.fr\/Podcasts\/L-invite-pour-comprendre\/Rodrigo-Arenas-president-de-la-FCPE-de-Seine-Saint-Denis2\n\n<strong>-&#8220;Ce qui plombe ces zones d&#8217;\u00e9ducation prioritaire n&#8217;est pas d&#8217;\u00eatre des zones d&#8217;\u00e9ducation prioritaire mais d&#8217;\u00eatre des ghettos&#8221; (Thomas Legrand; son) : <\/strong> https:\/\/www.franceinter.fr\/emissions\/l-edito-politique\/l-edito-politique-28-septembre-2016\n\n-Le Mondial de l&#8217;automobile, quelques jours apr\u00e8s la journ\u00e9e sans voiture (son commissaire Jean-Claude Girot; son) : http:\/\/www.sudradio.fr\/Podcasts\/L-invite-pour-comprendre\/Jean-Claude-Girot-Commissaire-General-du-Mondial-de-l-Automobile\n\n-Bient\u00f4t, un Mondial sans voiture ? : http:\/\/www.lesechos.fr\/industrie-services\/automobile\/0211337281252-au-mondial-de-paris-la-planete-automobile-entame-sa-revolution-culturelle-2030933.php#xtor=EPR\n\n-Des propri\u00e9taires parisiens hors la loi (vid\u00e9o) : http:\/\/blog.francetvinfo.fr\/oeil-20h\/#xtor=EPR-744\n\n<strong>-La premi\u00e8re usine de bio-\u00e9nergie, la raffinerie du v\u00e9g\u00e9tal, va ouvrir en Champagne (Baptiste Gaborit; son) :<\/strong> http:\/\/www.radioclassique.fr\/player\/progaction\/iniPlayer\/podcast\/3-minutes-pour-la-planete-2016-09-28-06-47-54.html\n\n-Les entreprises d&#8217;emballage plastique lancent une campagne de protection des oc\u00e9ans (Nathalie Fontrel; son) : https:\/\/www.franceinter.fr\/emissions\/planete-environnement\/planete-environnement-28-septembre-2016\n\n-Imp\u00f4t \u00e0 la source, &#8220;on ajoute de l&#8217;anxi\u00e9t\u00e9 dans un pays qui va mal. On ne r\u00e9forme pas le syst\u00e8me, seulement le pr\u00e9l\u00e8vement&#8221;  (l&#8217;\u00e9conomiste Christophe Ramaux et le journaliste Etienne Lefebvre (vid\u00e9o) : http:\/\/www.francetvinfo.fr\/economie\/impots\/impot-a-la-source-on-rajoute-de-l-anxiete-dans-un-pays-qui-va-mal_1845939.html\n\n-Aujourd&#8217;hui, l&#8217;imprimerie de Dammartin (77) rouvre  (son) : http:\/\/www.sudradio.fr\/Podcasts\/Les-reportages-de-la-matinee\/L-imprimerie-de-Dammartin-18-mois-apres\n\n-Le parquet de Bobigny (93) ouvre une enqu\u00eate apr\u00e8s qu&#8217;un enseignant de la Sorbonne se soit plaint d&#8217;avoir \u00e9t\u00e9 agress\u00e9 par des policiers \u00e0 Saint-Denis : http:\/\/www.francetvinfo.fr\/faits-divers\/police\/le-parquet-ouvre-une-enquete-apres-le-temoignage-d-un-enseignant-affirmant-avoir-ete-agresse-par-des-policiers_1846387.html\n\n-Le journal d&#8217;Outre-mer (Beno\u00eet Ferrand; son) : https:\/\/www.franceinter.fr\/emissions\/journal-d-outre-mer-1ere\/journal-d-outre-mer-1ere-28-septembre-2016\n\n<strong>-Les arnaques au d\u00e9pannage \u00e0 domicile (vid\u00e9o) : <\/strong> http:\/\/rmc.bfmtv.com\/mediaplayer\/video\/arnaques-au-depannage-a-domicile&#8211;871557.html\n\n-&#8220;Ne pas c\u00e9der \u00e0 l&#8217;urgence&#8221; (Nicolas Godfroy de UFC-Que Choisir; son) :  http:\/\/www.rtl.fr\/actu\/conso\/depannage-a-domicile-ne-pas-ceder-a-l-urgence-previent-nicolas-godfroy-7785022021\n\n-&#8220;Les d\u00e9rives des ex-flics de la Sarkozie&#8221; (Matthieu Suc; pi\u00e8ce jointe);\n\n Bernard Squarcini mis en examen pour trafic d&#8217;influence et recel de violation du secret professionnel (vid\u00e9o) : http:\/\/www.francetvinfo.fr\/societe\/justice\/bernard-squarcini-mis-en-examen-pour-trafic-d-influence-et-recel-de-violation-du-secret-professionnel_1846655.html\n\n<strong>POLITIQUE<\/strong>\n\n<strong>-Alstom, &#8220;c&#8217;est \u00e0 l&#8217;Etat de prendre ses responsabilit\u00e9s&#8221; (Pierre Laurent; vid\u00e9o) : <\/strong> http:\/\/www.lcp.fr\/la-politique-en-video\/alstom-cest-letat-de-prendre-ses-responsabilites-tranche-laurent-pcf\n\n-&#8220;Shimon Peres n&#8217;a fait qu&#8217;accompagner le long processus d&#8217;agonie de la paix&#8221; (invit\u00e9 de Laurence Ferrari; vid\u00e9o) : http:\/\/www.itele.fr\/politique\/video\/shimon-peres-na-fait-quaccompagner-le-long-processus-dagonie-de-la-paix-juge-pierre-laurent-171039\n\n<em>-La d\u00e9claration du PCF :<\/em> http:\/\/www.pcf.fr\/91928\n\n<strong>-&#8220;Air France, Alstom, les braves gens en proc\u00e8s&#8221; (Jean-Luc M\u00e9lenchon; vid\u00e9o) : <\/strong> https:\/\/www.youtube.com\/watch?v=W5mn0dAf9s8\n\n-&#8220;La France coule la France dans l&#8217;affaire Alstom&#8221; (Arnaud Montebourg, interrog\u00e9 par Thomas Sotto; vid\u00e9o) : http:\/\/www.europe1.fr\/emissions\/l-interview-verite\/arnaud-montebourg-la-france-coule-la-france-dans-laffaire-astom-2858413\n\n-L&#8217;audition du PDG d&#8217;Alstom par la Commission des affaires \u00e9conomiques de l&#8217;Assembl\u00e9e nationale (vid\u00e9o) : http:\/\/videos.assemblee-nationale.fr\/video.4243170_57ea5aecc8ade.commission-des-affaires-economiques&#8211;audition-de-m-henri-poupart-lafarge-pdg-d-alstom&#8211;modernisa-27-septembre-2016\n\n-&#8220;Dans les conditions actuelles, il n&#8217;est pas pas possible de soutenir Jean-Luc-M\u00e9lenchon&#8221; (Andr\u00e9 Chassaigne, pr\u00e9sident du groupe Front de Gauche \u00e0 l&#8217;Assembl\u00e9e nationale. Si mes souvenirs sont bons, pour lui, c&#8217;\u00e9tait d\u00e9j\u00e0 le cas dans les conditions de 2012) : https:\/\/wp.muchomaas.com\/web\/article\/andre-chassaigne-dans-les-conditions-actuelles-il-n-est-pas-possible-de\n\n-&#8220;&#8216;Pourquoi aboyer en cadence quoi que dise Sarkozy ?&#8221; (Jean-Luc M\u00e9lenchon; propos recueillis par Arnaud Focraud) : http:\/\/www.lejdd.fr\/Politique\/Melenchon-Pourquoi-aboyer-en-cadence-quoi-que-dise-Sarkozy-813148\n\n<strong>-Son discours \u00e0 Boulogne-sur-Mer (vid\u00e9o) <\/strong> : https:\/\/www.youtube.com\/watch?v=L0zosTKacRs&#038;app=desktop\n\n-Didier Paillard, maire de Sain-Denis (93), &#8220;veut tourner la page&#8221; (Dominique Sanchez) : http:\/\/www.lejsd.com\/content\/paillard-veut-tourner-la-page\n\n<strong>-Le premier d\u00e9bat de la primaire \u00e9cologiste (vid\u00e9o int\u00e9grale) : <\/strong> http:\/\/www.lcp.fr\/emissions\/evenements-2016-2017\/280525-primaire-eelv-le-debat-en-integralite\n\n-&#8220;Ils ont livr\u00e9 un d\u00e9bat camomille&#8221; (Nicolas Domenach; vid\u00e9o) :  http:\/\/www.rtl.fr\/actu\/societe-faits-divers\/primaire-eelv-les-ecologistes-ont-livre-un-debat-camomille-note-nicolas-domenach-7785023224\n\n-&#8220;Parlons de migrants avec dignit\u00e9 et lucidit\u00e9&#8221; (la ministre Emmanuelle Cosse r\u00e9pond \u00e0 Patrick Cohen; vid\u00e9o) : http:\/\/www.dailymotion.com\/video\/x4v1hdd_emmanuelle-cosse-parlons-des-migrants-avec-dignite-et-lucidite_news\n\n-Elle a r\u00e9pondu aux questions des auditeurs de France Inter, notamment \u00e0 celle de la baisse des APL (son) : https:\/\/www.franceinter.fr\/emissions\/interactiv\/interactiv-28-septembre-2016\n\n-&#8220;Il n&#8217;y a pas en Europe de politique \u00e9conomique suffisamment existante. Quand la France emprunte, elle paye 0,17 % de taux d&#8217;int\u00e9r\u00eats, preuve qu&#8217;on nous fait confiance&#8221; (Val\u00e9rie Rabault, d\u00e9put\u00e9e PS du Tarn-et-Garonne, rapporteur du budget; interrog\u00e9e par Nicolas Pierron; vid\u00e9o) : http:\/\/www.dailymotion.com\/video\/x4v1txl\n\n-&#8220;La France sera \u00e0 4% de d\u00e9ficit public en 2017&#8221; (Christian Jacob, pr\u00e9sident du groupe LR \u00e0 l&#8217;Assembl\u00e9e nationale; vid\u00e9o) : http:\/\/www.lcp.fr\/la-politique-en-video\/pour-jacob-lr-la-france-sera-4-de-deficit-public-en-2017\n\n-&#8220;J&#8217;annoncerai la semaine prochaine des mesures significatives en faveur des m\u00e9decins hospitaliers&#8221; (Marisol Touraine, interrog\u00e9e par Jean-Michel Apathie; son et vid\u00e9os) : http:\/\/www.francetvinfo.fr\/replay-radio\/8h30-aphatie\/marisol-touraine-prevoit-des-mesures-financieres-significatives-pour-les-medecins-hospitaliers_1833975.html\n\n-&#8220;Fran\u00e7ois Hollande est un grand pr\u00e9sident de la R\u00e9publique, l&#8217;histoire le reconnaitra&#8221; (Fran\u00e7ois Rebsamen, maire PS de Dijon; interrog\u00e9 par Fr\u00e9d\u00e9ric Rivi\u00e8re; vid\u00e9o) : http:\/\/www.rfi.fr\/video\/20160928-francois-rebsamen-f-hollande-est-grand-president-republique-histoire-le-reconnaitra\n\n-&#8220;Le temps est fini o\u00f9 on pouvait gagner des points \u00e9lectoraux en faisant la pol\u00e9mique quotidienne&#8221; (S\u00e9gol\u00e8ne Royal, interrog\u00e9e par Ruth Elkrief; vid\u00e9o) : http:\/\/www.bfmtv.com\/mediaplayer\/video\/segolene-royal-le-temps-est-fini-ou-l-on-pouvait-gagner-des-points-electoraux-en-faisant-la-polemique-quotidienne&#8211;871801.html\n\n-Le discours du Pr\u00e9sident de la R\u00e9publique lors de la c\u00e9r\u00e9monie de r\u00e9int\u00e9gration des mineurs gr\u00e9vistes de 1948 (vid\u00e9o) : http:\/\/www.elysee.fr\/videos\/discours-lors-de-la-ceremonie-de-reintegration-dans-les-grades-de-reserve-des-mineurs-grevistes-de-194\/\n\n-&#8220;Il n&#8217;y a aucune raison pour que Macron ne soit pas candidat. Il va passer \u00e0 la vitesse sup\u00e9rieure dans les prochaines semaines&#8221; (G\u00e9rard Collomb, s\u00e9nateur-maire PS de Lyon, invit\u00e9 de &#8220;Territoires d&#8217;Infos&#8221;; vid\u00e9o, amener le curseur sur 32:48) : http:\/\/www.sudradio.fr\/Politique\/L-interview-politique\/Gerard-Collomb-Aucune-raison-pour-que-Macron-ne-soit-pas-candidat\n\n-&#8220;Macron n&#8217;a jamais sorti 100 balles de sa poche pour les risquer dans une entreprise&#8221; (Christian Jacob, pr\u00e9sident du groupe LR \u00e0 l&#8217;Assembl\u00e9e nationale; vid\u00e9o) : http:\/\/www.lcp.fr\/la-politique-en-video\/jacob-lr-macron-na-jamais-sorti-100-balles-de-sa-poche-pour-les-risquer-dans\n\n-&#8220;M\u00eame en maquillant les chiffres, la courbe du ch\u00f4mage ne s&#8217;inverse pas&#8221; (Jean-Christophe Lagarde, pr\u00e9sident de l&#8217;UDI; vid\u00e9os) : http:\/\/www.lesechos.fr\/politique-societe\/politique\/0211332211104-hollande-candidat-sa-derniere-promesse-trahie-selon-jean-christophe-lagarde-udi-2030515.php#xtor=CS1-25\n\n-&#8220;Notre pays est parfaitement capable de passer \u00e0 7% de ch\u00f4mage&#8221; (Jean-Louis Borloo, interrog\u00e9 par Guillaume Durand; vid\u00e9o) : http:\/\/www.dailymotion.com\/video\/x4v1vc6\n\n-&#8220;Je pense que dans ce livre (de Patrick Buisson), c&#8217;est la haine qui l&#8217;emporte sur la v\u00e9rit\u00e9&#8221; (Laurent Wauquiez, pr\u00e9sident du parti &#8220;Les R\u00e9publicains&#8221; qui ne r\u00e9pondra pas \u00e0 la question r\u00e9it\u00e9r\u00e9e par Jean-Jacques Bourdin: &#8220;Est-ce que Buisson ment?&#8221;; vid\u00e9o) : http:\/\/www.bfmtv.com\/mediaplayer\/video\/laurent-wauquiez-face-a-jean-jacques-bourdin-en-direct-871533.html\n\n-&#8220;Des m\u00e9thodes emprunt\u00e9es \u00e0 la Stasi&#8221; (Fran\u00e7ois Baroin, s\u00e9nateur LR de l&#8217;Aube; interrog\u00e9 par Elisabeth Martichoux; vid\u00e9os) : http:\/\/www.rtl.fr\/actu\/politique\/francois-baroin-patrick-buisson-et-ses-methodes-empruntees-a-la-stasi-7785022905\n\n-&#8220;Il n&#8217;est pas tr\u00e8s courageux de sortir ce pamphlet abominable&#8221; (Philippe Vigier, pr\u00e9sident du groupe UDI \u00e0 l&#8217;Assembl\u00e9e nationale; invit\u00e9 d&#8217;Olivier Galzi; vid\u00e9o) : http:\/\/www.itele.fr\/chroniques\/invite-galzi-jusqua-minuit\/livre-de-pbuisson-il-nest-pas-tres-courageux-de-sortir-ce-pamphlet-abominable-estime-philippe-vigier-171036\n\n-&#8220;Chez les Wauquiez, tout le monde n&#8217;a pas la m\u00eame opinion sur l&#8217;accueil des migrants&#8221; (vid\u00e9o) :  http:\/\/rmc.bfmtv.com\/mediaplayer\/video\/dissensions-dans-la-famille-wauquiez-pour-l-accueil-de-migrants-au-chambon-sur-lignon-871523.html\n\n-&#8220;Avec Alain Jupp\u00e9, nous partageons la sinc\u00e9rit\u00e9 et l&#8217;exigence de s\u00e9rieux&#8221; (Herv\u00e9 Mariton, d\u00e9put\u00e9 LR de la Dr\u00f4me, annonce qu&#8217;il soutient Alain Jupp\u00e9; interrog\u00e9 par L\u00e9a Salam\u00e9; vid\u00e9o) : http:\/\/www.dailymotion.com\/video\/x4v1c0m_primaire-a-droite-herve-mariton-se-rallie-a-alain-juppe_news\n\n<strong>-&#8220;Tout le monde peut aller voter \u00e0 la primaire. Les Fran\u00e7ais vont comprendre que tout va se jouer dans cette primaire de laquelle  sortira le futur pr\u00e9sident de la R\u00e9publique&#8221; (Virginie Calmette, premi\u00e8re-adjointe LR du maire de Bordeaux; interrog\u00e9e par Brigitte Boucher; vid\u00e9o, amener le curseur sur 31:58) :<\/strong> http:\/\/www.lcp.fr\/emissions\/politique-matin\/278957-politique-matin-28sept16\n\n-&#8220;Alain Jupp\u00e9 joue la s\u00e9r\u00e9nit\u00e9&#8221; (Alba Ventura; vid\u00e9o) : http:\/\/www.rtl.fr\/actu\/politique\/primaire-les-republicains-alain-juppe-joue-la-serenite-analyse-alba-ventura-7785022676\n\n-&#8220;Nicolas Sarkozy est le plus \u00e0 m\u00eame d&#8217;apporter des solutions&#8221; (Rachida Dati, eurod\u00e9put\u00e9e LR; invit\u00e9e de Jean-Michel Apathie; son et vid\u00e9os) : http:\/\/www.francetvinfo.fr\/replay-radio\/8h30-aphatie\/rachida-dati-nicolas-sarkozy-est-le-plus-a-meme-d-apporter-des-solutions_1835591.html\n\n-&#8220;Nicolas Sarkozy d\u00e9range. Chaque fois qu&#8217;il a \u00e9t\u00e9 mis en cause, il est sorti innocent\u00e9&#8221; (Brice Hortefeux, eurod\u00e9put\u00e9 LR, invit\u00e9 de la matinale de LCI; vid\u00e9o) : http:\/\/www.lci.fr\/replay\/replay-l-invite-de-lci-matin-du-28-septembre-brice-hortefeux-2004974.html\n\n<em>-Les intentions de vote \u00e0 la primaire de la droite et du centre (IFOP) : <\/em> http:\/\/www.ifop.com\/?option=com_publication&#038;type=poll&#038;id=3503\n\n-&#8220;La m\u00e9canique Sarkozy se grippe&#8221; (Fr\u00e9d\u00e9ric Dabi directeur g\u00e9n\u00e9ral-adjoint de l&#8217;IFOP; son) : http:\/\/www.sudradio.fr\/Podcasts\/L-invite-pour-comprendre\/Frederic-Dabi-directeur-general-adjoint-de-l-IFOP5\n\n-&#8220;Ces sondages ne sont pas une bonne nouvelle pour lui. Le livre de Buisson non plus&#8221; (Guillaume Tabard du &#8220;Figaro&#8221;; son) : http:\/\/www.radioclassique.fr\/player\/progaction\/iniPlayer\/podcast\/ledito-politique-de-guillaume-tabard-2016-09-28-08-13-30.html\n\n-Pour Nicolas Sarkozy, &#8220;les emmerdes volent en escadrille&#8221; (Yves Thr\u00e9ard du &#8220;Figaro&#8221;; vid\u00e9o) : http:\/\/www.europe1.fr\/emissions\/ledito-politique-dyves-threard\/pour-nicolas-sarkozy-les-emmerdes-volent-en-escadrille-2858293\n\n-&#8220;Traverse-t-il une mauvaise passe ?&#8221; (chez Ruth Elkrief sur BFMTV; vid\u00e9o) : http:\/\/www.bfmtv.com\/mediaplayer\/video\/nicolas-sarkozy-traverse-t-il-une-mauvaise-passe&#8211;871807.html\n\n-Patrick Buisson, &#8220;ce fut un mauvais conseiller, d\u00e9loyal. Au S\u00e9nat nous pr\u00e9parons l&#8217;alternance. M. Sapin doit assumer l&#8217;\u00e9chec n\u00b0 1, le ch\u00f4mage. Nous sommes champion d&#8217;Europe des pr\u00e9l\u00e8vements obligatoires&#8221; (G\u00e9rard Larcher, pr\u00e9sident LR du S\u00e9nat, interrog\u00e9 par Micha\u00ebl Darmon; vid\u00e9o) : https:\/\/www.youtube.com\/watch?v=bf2j-Qe8iCo\n\n-&#8220;Si  Patrick Buisson a la preuve de ce qu&#8217;il dit,  c&#8217;est extr\u00eamement grave. Nous avons souvenir que Nicolas Sarkozy et ses amis avait tout fait pour torpiller le CPE. Nous avions abaiss\u00e9 le ch\u00f4mage \u00e0 7,4%, devant l&#8217;Allemagne&#8221; (Thierry Breton, ancien ministre de l&#8217;Economie, interrog\u00e9 par Guillaume Durand; son) : http:\/\/www.radioclassique.fr\/player\/progaction\/iniPlayer\/podcast\/linvite-du-matin-2016-09-28-07-48-25.html\n\n-Ce que Patrick Buisson dit dans &#8220;Valeurs actuelles&#8221; (le directeur de la r\u00e9daction Geoffroy Lejeune; vid\u00e9o) : http:\/\/rmc.bfmtv.com\/mediaplayer\/video\/dasn-valeurs-actuelles-patrick-buisson-s-explique-sur-son-livre-contre-nicolas-sarkozy-871511.html\n\n-Il \u00e9tait interrog\u00e9 par David Pujadas au 20H de France 2 (vid\u00e9o) : http:\/\/www.francetvinfo.fr\/politique\/sarkoleaks\/regardez-l-interview-de-patrick-buisson-invite-du-journal-de-20-heures-de-france-2_1846293.html\n\n-&#8220;Ces conseillers qui passent \u00e0 confesse&#8221; (Solenn de Royer du &#8220;Figaro&#8221;; son) : https:\/\/www.franceinter.fr\/emissions\/histoires-politiques\/histoires-politiques-28-septembre-2016\n\n<strong>-&#8220;Le retour des millions de Kadhafi&#8221; (Fabrice Arfi et Karl Lask; pi\u00e8ce jointe);<\/strong>\n\n-&#8220;Des r\u00e9v\u00e9lations ridicules&#8221; (Christian Jacob, d\u00e9put\u00e9 LR de Seine-et-Marne; vid\u00e9o) : http:\/\/www.lcp.fr\/la-politique-en-video\/jacob-lr-juge-ridicules-les-revelations-libyennes-de-mediapart-contre-sarkoy\n\n-&#8220;Sarkozy, Jupp\u00e9, Fillon, tous ont oeuvr\u00e9 pour la guerre en Libye&#8221; (Ellen Salvi; pi\u00e8ce jointe);\n\n-Fran\u00e7ois Fillon d\u00e9fendant l&#8217;intervention fran\u00e7aise en Libye (vid\u00e9o) : https:\/\/www.youtube.com\/watch?v=FG0PPYqS6oc\n\n-Le discours d&#8217;Alain Jupp\u00e9 \u00e0 l&#8217;ONU (vid\u00e9o) : https:\/\/www.youtube.com\/watch?v=A5ZFRryGnoE\n\n-26 artistes fran\u00e7ais et leurs choix politiques (diaporama) : http:\/\/www.pausepeople.com\/quelle-orientation-politique-celebrites-francaises\/\n\n-&#8220;Shimon Peres est l&#8217;homme qui, \u00e0 la fois, a \u00e9t\u00e9 capable de doter Isra\u00ebl de l&#8217;arme atomique, de signer les accords d&#8217;Oslo et d&#8217;obtenir le Prix Nobel de la Paix. C&#8217;est donc un v\u00e9ritable homme d&#8217;Etat, homme de paix et homme capable de faire la guerre. Ce que nous apprend Buisson sur Sarkozy, c&#8217;est la bande \u00e0 Bonnot !&#8221; (Gilbert Collard, d\u00e9put\u00e9 &#8220;Bleu marine&#8221; du Gard; interrog\u00e9 par Caroline Roux; vid\u00e9o) : http:\/\/www.france2.fr\/emissions\/telematin\/actu\/les-4-verites_510447\n\n-&#8220;L&#8217;homme de tous les r\u00f4les&#8221; (Serge Dumont) : https:\/\/www.letemps.ch\/monde\/2016\/09\/28\/shimon-peres-lhomme-roles?utm_source\n\n<strong>-&#8220;Moi Pr\u00e9sident. Hugo, 24 ans, termine ses \u00e9tudes d&#8217;ost\u00e9opathie. Avec Herv\u00e9 Pauchon (son) <\/strong> :  https:\/\/www.franceinter.fr\/emissions\/moi-president\/moi-president-28-septembre-2016\n\n<em>-Les d\u00e9terminants du vote \u00e0 l&#8217;\u00e9lection pr\u00e9sidentielle 2017 (IFOP) : <\/em> http:\/\/www.ifop.com\/?option=com_publication&#038;type=poll&#038;id=3504\n\n<strong>EUROPE-MONDE<\/strong>\n\n-Des eurod\u00e9put\u00e9s de droite veulent faire passer un amendement contre le Pr\u00e9sident socialiste du Parlement (Aline Robert) : http:\/\/www.euractiv.fr\/section\/politique\/news\/des-eurodeputes-veulent-faire-passer-un-amendement-anti-schulz\/?nl_ref=21524156\n\n<strong>-&#8220;La commission d&#8217;enqu\u00eate sur les Panama Papers cible l&#8217;ancienne commissaire Neelie Kroes&#8221; (C\u00e9cile Barbi\u00e8re) :<\/strong> http:\/\/www.euractiv.fr\/section\/euro-finances\/news\/la-commission-denquete-sur-les-panama-papers-cible-neelie-kroes\/?nl_ref=21524156\n\n-&#8220;Le projet de la Commission sur les perturbateurs endocriniens est ill\u00e9gal&#8221; (la juriste Alice Bernard) : http:\/\/www.euractiv.fr\/section\/agriculture-alimentation\/opinion\/le-projet-de-la-commission-visant-a-identifier-les-perturbateurs-endocriniens-est-illegal-insuffisant-et-dramatiquement-tardif-estime-alice-bernard\/?nl_ref=21524156\n\n-Le Royaume-Uni se dresse contre la cr\u00e9ation d&#8217;une arm\u00e9e europ\u00e9enne (Hugues Beaudoin; son) : http:\/\/www.radioclassique.fr\/player\/progaction\/iniPlayer\/podcast\/2016-09-27-19-09-00.html\n\n<strong>-Paris et Berlin contrattaquent contre &#8220;les pratiques abusives&#8221; du secteur routier : <\/strong> http:\/\/www.euractiv.fr\/section\/transport\/news\/paris-et-berlin-contre-attaquent-sur-les-pratiques-abusives-du-secteur-routier\/?nl_ref=21524156\n\n<strong>-La d\u00e9claration conjointe Merkel-Hollande \u00e0 Berlin (vid\u00e9o) :<\/strong> http:\/\/www.elysee.fr\/videos\/new-video-60\/#content\n\n<strong>-L&#8217;agriculture allemande tente de r\u00e9sister \u00e0 la crise (Ama Lorenz) : <\/strong> http:\/\/www.euractiv.fr\/section\/agriculture-alimentation\/news\/deutschlands-landwirtschaft-kurzfristige-krisenbewaeltigung-oder-langfristige-strategie\/?nl_ref=21524156\n\n-Le vice-pr\u00e9sident du parlement allemand s&#8217;est prononc\u00e9 contre la lib\u00e9ralisation des visas pour la Turquie (Rainer Woratschka) : http:\/\/www.euractiv.fr\/section\/l-europe-dans-le-monde\/news\/csu-warns-against-turkish-visa-liberalisation\/?nl_ref=21524156\n\n-En Espagne, d\u00e9mission collective \u00e0 la t\u00eate du PSOE : http:\/\/www.lemonde.fr\/europe\/article\/2016\/09\/28\/espagne-demission-collective-au-sommet-du-psoe_5005081_3214.html#xtor=AL-32280270\n\n-&#8220;Les \u00e9conomies des Balkans occidentaux r\u00e9sistent aux crises europ\u00e9ennes&#8221; (Georgi Gotev) :  http:\/\/www.euractiv.fr\/section\/euro-finances\/news\/world-bank-western-balkans-economically-resilient-despite-setbacks\/?nl_ref=21524156\n\n-&#8220;Je ne crois pas au retrait des colons isra\u00e9liens en Cisjordanie&#8221; (l&#8217;anthropologue C\u00e9dric Parizot; propos recueillis par Marie Cailletet; vid\u00e9os) : http:\/\/television.telerama.fr\/television\/cedric-parizot-anthropologue-je-ne-crois-pas-au-retrait-des-colons-israeliens-en-cisjordanie,147731.php#xtor=EPR\n\n<strong>-&#8220;Pour les Palestiniens, Shimon Perez restera l&#8217;homme qui n&#8217;a pas mis en oeuvre les accords d&#8217;Oslo&#8221; (Leila Shaid; vid\u00e9o et son) :<\/strong> http:\/\/www.francetvinfo.fr\/monde\/proche-orient\/leila-shahid-pour-les-palestiniens-shimon-peres-restera-l-homme-qui-n-a-pas-mis-en-oeuvre-les-accords-d-oslo_1845715.html\n\n-Son rapport \u00e0 la religion (face \u00e0 Jacques Chancel; son) : https:\/\/www.franceinter.fr\/emissions\/le-7h43\/le-7h43-28-septembre-2016\n\n-&#8220;Daesh poursuit l&#8217;extermination m\u00e9thodique de la minorit\u00e9 Y\u00e9sidis&#8221; (le p\u00e8re Patrick Desbois; vid\u00e9o) : https:\/\/www.youtube.com\/watch?v=ivhTBl3Ac44\n\n<strong>-La muraille verte contre l&#8217;avanc\u00e9e du d\u00e9sert (vid\u00e9o) <\/strong> : http:\/\/www.francetvinfo.fr\/monde\/afrique\/desert-la-grande-muraille-verte_1846577.html#xtor=EPR-744-[newsletterjt]-20160928-[sujet2]\n\n-Hong Kong c\u00e9l\u00e8bre le deuxi\u00e8me anniversaire de &#8220;la r\u00e9vollte des parapluies&#8221; (vid\u00e9o) : http:\/\/nr.news-republic.com\/Web\/ArticleWeb.aspx?regionid=2&#038;articleid=73980864\n\n-Il y a trente ans, Il atteignait le p\u00f4le Nord en solitaire (Jean-Louis Etienne; son) : http:\/\/www.sudradio.fr\/Podcasts\/L-invite-pour-comprendre\/Jean-Louis-Etienne-medecin-explorateur\n\n<strong>-&#8220;Neuf personnes sur dix dans le monde expos\u00e9es \u00e0 un air trop pollu\u00e9&#8221; :<\/strong> http:\/\/www.latribune.fr\/economie\/international\/neuf-personnes-sur-dix-exposees-a-un-air-trop-pollue-602503.html#xtor=EPR-\n\n<em>-Le communiqu\u00e9 de l&#8217;OMS : <\/em> http:\/\/www.who.int\/mediacentre\/news\/releases\/2016\/air-pollution-estimates\/fr\/\n\n<em>-Les documents \u00e0 t\u00e9l\u00e9charger : <\/em> http:\/\/www.who.int\/phe\/health_topics\/outdoorair\/outdoorair_aqg\/fr\/\n\n<strong>-21 millions de victimes du travail forc\u00e9, la nouvelle forme de l&#8217;esclavage (Yolaine de la Bigne; son) <\/strong> : http:\/\/www.sudradio.fr\/Podcasts\/Quelle-epoque-ethique\/Le-travail-force-l-esclavage-moderne\n\n<strong>CULTURE-MEDIAS<\/strong>\n\n-La programmation 2016-2017 de l&#8217;auditorium de la Maison de la Radio : http:\/\/www.vertical-mail.com\/soloradiof1609saisonsrecru\/index_france_culture.php4\n\n<strong>-Ces jeunes qui d\u00e9fendent la musique classique sur Youtube (Charlotte Landru-Chand\u00e8s; vid\u00e9os) <\/strong> : http:\/\/www.telerama.fr\/musique\/ces-jeunes-qui-defendent-la-musique-classique-sur-youtube,147806.php#xtor=EPR\n\n-&#8220;Le prince cr\u00e9ole Buckwheat Zydeco s&#8217;en est all\u00e9&#8221; (Eric Delhaye; vid\u00e9os) : http:\/\/www.telerama.fr\/musique\/buckwheat-zydeco-un-prince-creole-s-en-est-alle,148022.php#xtor=EPR-126-newsletter_tra-20160928\n\n-&#8220;Je reste un type de l&#8217;underground mais avec un pied dans le luxe&#8221; (&#8220;le ma\u00eetre de la ritournelle minimale&#8221; Pascal Comelade; propos recueillis par Eric Delhaye; son) : http:\/\/www.telerama.fr\/sortir\/pascal-comelade-je-reste-un-type-de-l-underground-mais-avec-un-pied-dans-le-luxe,148004.php#xtor=EPR\n\n-La com\u00e9die musicale &#8220;Le Fant\u00f4me de l&#8217;Op\u00e9ra&#8221; joue avec le feu \u00e0 Mogador (Sophie Berthier) : http:\/\/www.telerama.fr\/sortir\/le-fantome-de-l-opera-joue-avec-le-feu-a-mogador,148026.php#xtor=EPR\n\n<strong>-Didier Varrod nous emm\u00e8ne dans l&#8217;\u00e9lectro de Paradis (vid\u00e9o) : <\/strong> https:\/\/www.franceinter.fr\/emissions\/pop-co\/pop-co-28-septembre-2016\n\n-Le mus\u00e9e des Beaux-Arts de Rouen invite le public \u00e0 s\u00e9lectionner sur internet des oeuvres entrepos\u00e9es dans ses r\u00e9serves. La collection choisie sera expos\u00e9e (Sophie Cachon) : http:\/\/www.telerama.fr\/scenes\/le-musee-de-rouen-opte-pour-une-exposition-100-democratique,147908.php#xtor=EPR\n\n<strong>-Alors qu&#8217;il lit du Modiano, Edouard Baer est l&#8217;invit\u00e9 d&#8217;Augustin Trapenard (son) :<\/strong> https:\/\/www.franceinter.fr\/emissions\/boomerang\/boomerang-28-septembre-2016\n\n-Le cin\u00e9ma ind\u00e9pendant fran\u00e7ais en recherche de collaborations \u00e0 New York (Ca\u00ebtan Mathieu) : http:\/\/www.telerama.fr\/cinema\/le-cinema-independant-francais-en-speed-dating-a-new-york,147910.php#xtor=EPR\n\n<strong>-&#8220;La Danseuse&#8221; de St\u00e9phanie Di Giusto, avec Soko et Lily-Rose Depp (Guillemette Odicino; vid\u00e9o)<\/strong> : http:\/\/www.telerama.fr\/cinema\/le-film-de-la-semaine-la-danseuse-avec-soko,147805.php#xtor=EPR\n\n-&#8220;L&#8217;affirmation du cin\u00e9ma polonais face \u00e0 la censure d&#8217;Etat&#8221; (Ania Szczepa\u0144ska, ma\u00eetre de conf\u00e9rence \u00e0 Paris I; cit\u00e9e par C\u00e9dric L\u00e9pine) : https:\/\/blogs.mediapart.fr\/cedric-lepine\/blog\/270916\/l-affirmation-du-cinema-polonais-face-la-censure-d-etat\n\n<strong>-&#8220;Fuocoammare, par-del\u00e0 Lamp\u00e9duza&#8221;, le film de Gianfranco Rosi, Lion d&#8217;or au festival de Berlin, est sorti en salles hier (un reportage d&#8217;Eric Valmir; son) :<\/strong> https:\/\/www.franceinter.fr\/emissions\/le-zoom-de-la-redaction\/le-zoom-de-la-redaction-28-septembre-2016\n\n<strong>-En lice pour le Prix Goncourt, L\u00e9\u00efla Slimani \u00e9tait l&#8217;invit\u00e9e de &#8220;Passion classique&#8221; d&#8217;Olivier Bellamy; son) : <\/strong> http:\/\/www.radioclassique.fr\/player\/progaction\/iniPlayer\/podcast\/pour-podcast-important-fcache-2016-09-27-18-03-17.html\n\n<strong>-Au &#8220;Samovar&#8221; de Bagnolet (93) , un spectacle de clowns qui fait rire les adultes (St\u00e9phanie Barios) :<\/strong> http:\/\/www.telerama.fr\/sortir\/en-seine-saint-denis-un-festival-de-clowns-qui-fait-rire-les-adultes,148007.php#xtor=EPR\n\n-La ville -la mienne !- accueille cette \u00e9cole de formation de clowns depuis de nombreuses ann\u00e9es. Elle fut aussi, avec son Festival, un p\u00f4le mondial pour la danse contemporaine, accueillit le th\u00e9\u00e2tre musical de l&#8217;Atem de Georges Aperghis et Edit Scob, puis Marie-Claude Pietragalla et son \u00e9cole de danse, ouvrit un des premiers cin\u00e9mas publics &#8220;Le Cinhoche. Aujourd&#8217;hui, l&#8217;ami R\u00e9gis H\u00e9bette -dont le p\u00e8re fut pour beaucoup dans la vocation culturelle de cette ville populaire- y dirige la compagnie &#8220;Public Ch\u00e9ri&#8221; et le th\u00e9\u00e2tre de &#8220;l&#8217;Echangeur&#8221;. Citons aussi les facteurs d&#8217;instruments de &#8220;La Lutherie urbaine&#8221; et le th\u00e9\u00e2tre Le Colombier qui prolongent une riche tradition, \u00e0 l&#8217;honneur des \u00e9lus communistes qui, dans l&#8217;union, se sont succ\u00e9d\u00e9s \u00e0 la t\u00eate de cette municipalit\u00e9 de gauche : http:\/\/www.lesamovar.net\/accueil\n\n-Aux Iles F\u00e9ro\u00e9, des moutons \u00e9quip\u00e9s de cam\u00e9ras pour investir la toile (Valentin Pasquier; vid\u00e9o et diaporama) : http:\/\/www.telerama.fr\/medias\/les-iles-feroe-investissent-la-toile-grace-a-leurs-moutons,147710.php#xtor=EPR\n\n-On a vu &#8220;Envoy\u00e9 Sp\u00e9cial&#8221; sur l&#8217;affaire Bygmalion qui sera diffus\u00e9 ce soir jeudi sur France 2 (Richard S\u00e9n\u00e9joux; vid\u00e9o) : http:\/\/www.telerama.fr\/medias\/on-a-vu-l-envoye-special-sur-l-affaire-bygmalion,148027.php#xtor=EPR\n\n-Thomas Baumgartner quitte France Culture pour Radio Nova (Carole Lefran\u00e7ois) : http:\/\/www.telerama.fr\/radio\/thomas-baumgartner-quitte-france-culture-pour-radio-nova,148019.php#xtor=EPR\n\n<strong>-A la t\u00e9l\u00e9, &#8220;P\u00f4le emploi&#8221; sauve les ch\u00f4meurs et choient les employeurs&#8221; (Samuel Gontier) <\/strong> : http:\/\/television.telerama.fr\/television\/m6-et-pole-emploi-sauvent-les-chomeurs-et-choient-les-employeurs,147909.php#xtor=EPR\n\n-Sur France 2, &#8220;pendant combien de temps resterons-nous fascin\u00e9s par &#8220;Mr Robot&#8221; ? (vid\u00e9o) : http:\/\/www.telerama.fr\/series-tv\/mr-robot-saison-2-que-reste-t-il-de-la-fascination,148020.php#xtor=EPR\n\n-&#8220;Stup\u00e9fiant&#8221;, le nouveau magazine culturel de France 2, anim\u00e9 par L\u00e9a Salam\u00e9 (vid\u00e9o) : http:\/\/www.europe1.fr\/emissions\/le-fait-medias-du-jour\/stupefiant-lancement-de-la-nouvelle-emission-culturelle-de-lea-salame-sur-france-2-2858560\n\n<strong>-Elise Lucet reprend &#8220;Envoy\u00e9 Sp\u00e9cial&#8221; \u00e0 la sauce investigation. Elle est re\u00e7ue par Sonia Devillers; vid\u00e9o) <\/strong> : http:\/\/www.dailymotion.com\/video\/x4v21ei_elise-lucet-reprend-envoye-special-a-la-sauce-investigation_news\n\n-&#8220;Dossier Tabou&#8221;, des sujets de soci\u00e9t\u00e9 fran\u00e7ais sur M6, avec Bernard de Villardi\u00e8re (vid\u00e9o) : http:\/\/www.europe1.fr\/emissions\/le-fait-medias-du-jour\/stupefiant-lancement-de-la-nouvelle-emission-culturelle-de-lea-salame-sur-france-2-2858560\n\n-BFM TV devance largement les autres cha\u00eenes d&#8217;informations et &#8220;Le Parisien&#8221; a gagn\u00e9 10% de lecteurs avec sa nouvelle formule (Marc Baudriller: son) : http:\/\/www.radioclassique.fr\/player\/progaction\/iniPlayer\/podcast\/la-vie-des-medias-2016-09-28-07-40-16.html\n\n<strong>-&#8220;Deux jeunes sans Mariton pleurent leur h\u00e9ros&#8221; (Charline Vanhoenacker; vid\u00e9o) : <\/strong> http:\/\/www.dailymotion.com\/video\/x4v1b2m_deux-jeunes-sans-mariton-pleurent-leur-heros-le-billet-de-charline_fun\n\n<strong>-&#8220;Recherche appartement d\u00e9sesp\u00e9r\u00e9ment&#8221; (Nicole Ferroni; vid\u00e9o) : <\/strong> http:\/\/www.dailymotion.com\/video\/x4v1ky9_recherche-appartement-desesperement-le-billet-de-nicole-ferroni_fun\n\n-Le d\u00e9bat des Verts avec Isabelle Aubret (vid\u00e9o) : http:\/\/www.dailymotion.com\/video\/x4uy2lr_le-debat-des-verts-si-tu-ecoutes-le-sketch_fun\n\n<strong>-&#8220;J&#8217;ai retrouv\u00e9 Robert Hue&#8221; (Guy Birenbaum; vid\u00e9o) : <\/strong> http:\/\/www.dailymotion.com\/video\/x4uwoei_t-as-vu-l-info-le-robert-hue-circus-show_news\n\n<strong>-&#8220;Mais qui va r\u00e9cup\u00e9rer le 1% d&#8217;Herv\u00e9 Mariton ?&#8221; (Yann Barth\u00e8s dans &#8220;Quotidien&#8221; (vid\u00e9o)<\/strong> : http:\/\/www.tf1.fr\/tmc\/quotidien-avec-yann-barthes\/videos\/herve-mariton-ex-candidat-de-primaire-a-droite.html\n<h2 class=\"wp-block-heading\">Documents joints<\/h2>\n\n\n\n<div class=\"wp-block-file\"><a href=\"https:\/\/wp.muchomaas.com\/wp-content\/uploads\/2016\/09\/les_derives_des_ex-8a1.pdf\">les_derives_des_ex.pdf<\/a><\/div>\n\n\n\n<div class=\"wp-block-file\"><a href=\"https:\/\/wp.muchomaas.com\/wp-content\/uploads\/2016\/09\/les_millions_de_kadhafi-814.pdf\">les_millions_de_kadhafi.pdf<\/a><\/div>\n\n\n\n<div class=\"wp-block-file\"><a href=\"https:\/\/wp.muchomaas.com\/wp-content\/uploads\/2016\/09\/tous_pour_la_guerre_en_libye-4c3.pdf\">tous_pour_la_guerre_en_libye.pdf<\/a><\/div>\n\n\n","protected":false},"excerpt":{"rendered":"<p>ACTUALITE -Pour conserver son travail, apr\u00e8s la fermeture de l&#8217;usine PSA d&#8217;Aulnay-sous-Bois (93), il est parti \u00e0 Metz (vid\u00e9o) : http:\/\/rmc.bfmtv.com\/mediaplayer\/video\/ancien-de-psa-aulnay-sous-bois-il-a-ete-contraint-de-demenager-pour-conserver-son-travail-871537.html -&#8220;On attend du gouvernement qu&#8217;il joue son r\u00f4le d&#8217;Etat-strat\u00e8ge&#8221; (Philippe Martinez; vid\u00e9o, amener le curseur sur 1:14) : http:\/\/www.lcp.fr\/emissions\/lcp-info\/279124-lcp-info -&#8220;L&#8217;\u00e9tat doit taper du poing sur la table&#8221; (Olivier Kohler, d\u00e9l\u00e9gu\u00e9 CFDT; son) : http:\/\/www.rtl.fr\/actu\/societe-faits-divers\/l-etat-doit-taper-du-poing-sur-la-table-fulmine-un-salarie-d-alstom-7785011907 [&hellip;]<\/p>\n","protected":false},"author":1042,"featured_media":0,"comment_status":"open","ping_status":"open","sticky":false,"template":"","format":"standard","meta":{"_themeisle_gutenberg_block_has_review":false,"footnotes":""},"categories":[151],"tags":[],"class_list":["post-9888","post","type-post","status-publish","format-standard","hentry","category-la-revue-de-presse-de-lulu"],"_links":{"self":[{"href":"https:\/\/archives.regards.fr\/index.php?rest_route=\/wp\/v2\/posts\/9888","targetHints":{"allow":["GET"]}}],"collection":[{"href":"https:\/\/archives.regards.fr\/index.php?rest_route=\/wp\/v2\/posts"}],"about":[{"href":"https:\/\/archives.regards.fr\/index.php?rest_route=\/wp\/v2\/types\/post"}],"author":[{"embeddable":true,"href":"https:\/\/archives.regards.fr\/index.php?rest_route=\/wp\/v2\/users\/1042"}],"replies":[{"embeddable":true,"href":"https:\/\/archives.regards.fr\/index.php?rest_route=%2Fwp%2Fv2%2Fcomments&post=9888"}],"version-history":[{"count":0,"href":"https:\/\/archives.regards.fr\/index.php?rest_route=\/wp\/v2\/posts\/9888\/revisions"}],"wp:attachment":[{"href":"https:\/\/archives.regards.fr\/index.php?rest_route=%2Fwp%2Fv2%2Fmedia&parent=9888"}],"wp:term":[{"taxonomy":"category","embeddable":true,"href":"https:\/\/archives.regards.fr\/index.php?rest_route=%2Fwp%2Fv2%2Fcategories&post=9888"},{"taxonomy":"post_tag","embeddable":true,"href":"https:\/\/archives.regards.fr\/index.php?rest_route=%2Fwp%2Fv2%2Ftags&post=9888"}],"curies":[{"name":"wp","href":"https:\/\/api.w.org\/{rel}","templated":true}]}}