{"id":9885,"date":"2016-09-28T07:19:17","date_gmt":"2016-09-28T05:19:17","guid":{"rendered":"https:\/\/wp.muchomaas.com\/article-la-revue-du-28-septembre-2016\/"},"modified":"2023-06-23T23:23:05","modified_gmt":"2023-06-23T21:23:05","slug":"article-la-revue-du-28-septembre-2016","status":"publish","type":"post","link":"https:\/\/archives.regards.fr\/?p=9885","title":{"rendered":"La Revue du 28 septembre 2016"},"content":{"rendered":"<strong>ACTUALITE<\/strong>\n\n<strong>-&#8220;Des 6 heures du matin, les salari\u00e9s d&#8217;Alstom mobilis\u00e9s en gare de Belfort&#8221; (vid\u00e9o) <\/strong> : http:\/\/www.francetvinfo.fr\/economie\/entreprises\/alstom\/alstom-les-ouvriers-de-belfort-se-mobilisent_1844503.html\n\n<strong>-&#8220;Paroles de salari\u00e9s&#8221; (recueillies par Delphine Evenou; son) : <\/strong> https:\/\/www.franceinter.fr\/emissions\/le-zoom-de-la-redaction\/le-zoom-de-la-redaction-27-septembre-2016\n\n-Eliane Assassi, pr\u00e9sidente du groupe CRC au S\u00e9nat, demande \u00e0 Manuel Valls un d\u00e9bat du Parlement sur l&#8217;avenir de l&#8217;industrie (vid\u00e9o) : http:\/\/www.publicsenat.fr\/lcp\/politique\/alstom-eliane-assassi-demande-manuel-valls-un-debat-parlement-l-avenir-l-industrie-149\n\n-&#8220;L&#8217;\u00e9conomie fran\u00e7aise est en convalescence. Le pr\u00e9l\u00e8vement \u00e0 la source est une horreur pour les entreprises&#8221; (Pierre Gattaz, pr\u00e9sident du Medef, interrog\u00e9 par Elisabeth Martichoux; vid\u00e9o) : http:\/\/www.rtl.fr\/actu\/politique\/le-prelevement-a-la-source-est-une-horreur-pour-les-entreprises-tranche-pierre-gattaz-7785007609\n\n<strong>-&#8220;Nous voulons simplement que notre temps de garde soit reconnu&#8221; (Renaud P\u00e9quignot, secr\u00e9taire de l&#8217;intersyndicale Avenir hospitalier; interrog\u00e9 par Jean-Jacques Bourdin; vid\u00e9o)<\/strong> : http:\/\/rmc.bfmtv.com\/mediaplayer\/video\/greve-dans-les-hopitaux-nous-voulons-simplement-que-notre-temps-de-garde-soit-reconnu&#8211;870849.html\n\n-&#8220;Air France, le climat social au tribunal&#8221; (Alain Franck) : http:\/\/www.liberation.fr\/futurs\/2016\/09\/26\/air-france-le-climat-social-au-tribunal_1511388?xtor=EPR-450206&#038;utm_source=newsletter&#038;utm_medium=email&#038;utm_campaign=quot\n\n-&#8220;Audience tendue au Tribunal de Bobigny&#8221; (vid\u00e9o) : http:\/\/www.francetvinfo.fr\/economie\/transports\/greve-a-air-france\/air-france-le-proces-de-la-chemise-arrachee-est-ouvert_1844979.html\n\n-&#8220;Qui a le droit de parler au sein de l&#8217;Education nationale ?&#8221; (Marie Piquemal) : http:\/\/www.liberation.fr\/france\/2016\/09\/26\/qui-a-le-droit-de-parler-au-sein-de-l-education-nationale_1511332?xtor=EPR-450206&#038;utm_source=newsletter&#038;utm_medium=email&#038;utm_campaign=quot\n\n<strong>-&#8220;In\u00e9galit\u00e9s sociales et migratoires, comment l&#8217;\u00e9cole les amplifie&#8221; (\u00e0 l&#8217;initiative du &#8220;Conseil national d&#8217;\u00e9valuation du syst\u00e8me scolaire&#8221;, 22 \u00e9quipes de chercheurs fran\u00e7ais et \u00e9trangers ont produit un travail jusqu&#8217;ici jamais accompli. Les r\u00e9sultats de leurs recherches sont ici :<\/strong> http:\/\/www.cnesco.fr\/wp-content\/uploads\/2016\/09\/160926-Inegalites-scolaires.pdf\nhttp:\/\/www.cnesco.fr\/wp-content\/uploads\/2016\/09\/Dossier_synthese_inegalites.pdf\n\n-&#8220;Nous arrivons \u00e0 vendre des logements 50% moins chers&#8221; (Herv\u00e9 Legros, pr\u00e9sident d&#8217;Alila; interrog\u00e9 par Nicolas Pierron; vid\u00e9o) : http:\/\/www.dailymotion.com\/video\/x4uvqjn\n\n-Quand les Parisiens \u00e9taient oppos\u00e9s \u00e0 la circulation des voitures sur les voies sur berges (vid\u00e9o) : http:\/\/www.francetvinfo.fr\/monde\/environnement\/video-quand-les-parisiens-etaient-opposes-a-la-circulation-des-voitures-sur-les-voies-sur-berges_1842609.html#xtor=EPR\n\n-En 1967, \u00e0 l&#8217;ouverture de la voie Pompidou \u00e0 Paris (Patrick Cohen; son) :  https:\/\/www.franceinter.fr\/emissions\/le-7h43\/le-7h43-27-septembre-2016\n\n-Le journal d&#8217;Outre-mer (Beno\u00eet Ferrand; son) : https:\/\/www.franceinter.fr\/emissions\/journal-d-outre-mer-1ere\/journal-d-outre-mer-1ere-27-septembre-2016\n\n<strong>POLITIQUE<\/strong>\n\n-&#8220;Front commun&#8221; revendique plus de 3 000 signataires et ambitionne d&#8217;en rassembler 10 000 : http:\/\/www.frontcommun.fr\/\n\n<strong>-&#8220;Il y a eu un trou d&#8217;air au mois d&#8217;ao\u00fbt. Pour lutter contre le ch\u00f4mage, nous avons lanc\u00e9 le plan &#8220;500 000 formations prioritaires&#8221; (Myriam El Khomri, ministre du Travail; interrog\u00e9e par Guillaume Durand; vid\u00e9o) <\/strong> : http:\/\/www.dailymotion.com\/video\/x4uvrpr\n\n-&#8220;Nous n&#8217;avons pas r\u00e9gler le probl\u00e8me du ch\u00f4mage. Je pr\u00e9f\u00e8re parler de phase de stabilisation. La primaire est la cons\u00e9quence de la division de la gauche&#8221; (Bruno Le Roux, pr\u00e9sident du groupe socialiste \u00e0 l&#8217;Assembl\u00e9e nationale, qui s&#8217;en est pris durement \u00e0 Emmanuel Macron; invit\u00e9 de &#8220;Territoires d&#8217;Infos&#8221;; vid\u00e9os) :  http:\/\/www.publicsenat.fr\/lcp\/politique\/bruno-roux-primaire-consequence-division-gauche-1499834\n\n-&#8220;La courbe et le Pr\u00e9sident&#8221; (Thomas Legrand; son) : https:\/\/www.franceinter.fr\/emissions\/l-edito-politique\/l-edito-politique-27-septembre-2016\n\n-&#8220;Sur le ch\u00f4mage, Hollande ne peut s&#8217;en prendre qu&#8217;\u00e0 lui-m\u00eame&#8221; (Yves Thr\u00e9ard du &#8220;Figaro&#8221;; vid\u00e9o) : http:\/\/www.europe1.fr\/emissions\/ledito-politique-dyves-threard\/chomage-hollande-peut-il-encore-se-presenter-2857279\n\n-&#8220;Il y a toujours eu un candidat \u00e9cologiste \u00e0 l&#8217;\u00e9lection pr\u00e9sidentielle. Ce qui est devant nous, c&#8217;est la reconstruction de la gauche et de l&#8217;\u00e9cologie&#8221; (No\u00ebl Mam\u00e8re, d\u00e9put\u00e9 de Gironde; interrog\u00e9 par Brigitte Boucher dans l&#8217;\u00e9mission &#8220;Politique Matin&#8221; sur LCP; vid\u00e9o) : http:\/\/www.lcp.fr\/emissions\/politique-matin\/278956-politique-matin-27sept16\n\n-&#8220;Je suis capable de rassembler l&#8217;ensemble de la famille \u00e9cologiste&#8221; (Yannick Jadot, eurod\u00e9put\u00e9, interrog\u00e9 par Olivier Galzi; vid\u00e9o) : http:\/\/www.itele.fr\/chroniques\/invite-galzi-jusqua-minuit\/notoriete-nest-pas-popularite-est-persuade-yannick-jadot-candidat-a-la-primaire-eelv-170997\n\n-Quelles diff\u00e9rences entre les candidats de la primaire d&#8217;Europe-Ecologie-Les Verts ? (vid\u00e9o) : http:\/\/www.lcp.fr\/la-politique-en-video\/quelles-differences-entre-les-candidats-la-primaire-deurope-ecologie-les-verts\n\n-&#8220;Fran\u00e7ois Kalfon, le nouveau bras droit de Montebourg&#8221; (Marcelo Wesfreid; son) : https:\/\/www.franceinter.fr\/emissions\/histoires-politiques\/histoires-politiques-27-septembre-2016\n\n-&#8220;Les choses vont mal pour lui (Fran\u00e7ois Hollande). Je ne pense pas qu&#8217;il veuille \u00eatre candidat pour finir \u00e0 la 4e ou 5e place. Emmanuel Macron est dans une s\u00e9quence d&#8217;immersion, ensuite ce sera le programme et la campagne. Ce qui marque sa candidature, c&#8217;est cette volont\u00e9 de prendre le meilleur chez des forces aujourd&#8217;hui oppos\u00e9es&#8221; (G\u00e9rard Collomb, s\u00e9nateur-maire de Lyon, interrog\u00e9 par Laurence Ferrari; vid\u00e9o) : http:\/\/www.itele.fr\/chroniques\/invite-politique-ferrari-tirs-croises\/linvite-de-laurence-ferrari-du-27092016-170991\n\n<em>-Le barom\u00e8tre de confiance de l&#8217;ex\u00e9cutif (HARRIS)<\/em> : http:\/\/harris-interactive.fr\/opinion_polls\/barometre-de-confiance-dans-lexecutif-harris-interactive-delits-dopinion-jean-daniel-levy-repond-aux-questions-de-delits-dopinion-29\/\n\n<strong>-&#8220;Que faire de Calais ? Un enjeu politique pour 2017&#8221; (en d\u00e9bat dans l&#8217;\u00e9mission &#8220;\u00c7a vous regarde&#8221; sur LCP; vid\u00e9o) <\/strong> : http:\/\/www.lcp.fr\/emissions\/ca-vous-regarde\/279223-ca-vous-regarde-26sept16\n\n-&#8220;Depuis que Fran\u00e7ois Hollande est Pr\u00e9sident, c&#8217;est un million de ch\u00f4meurs de plus&#8221; (Philippe Vigier, d\u00e9put\u00e9 UDI d&#8217;Eure-et-Loir; interrog\u00e9 par Fr\u00e9d\u00e9ric Rivi\u00e8re; vid\u00e9o) : http:\/\/www.rfi.fr\/video\/20160927-philippe-vigier-udi-depuis-f-hollande-est-president-est-million-chomeurs-plus\n\n<strong>-Le ch\u00f4mage, &#8220;c&#8217;est un \u00e9chec d\u00e9sastreux. Il faut changer profond\u00e9ment de politique en mettant l&#8217;entreprise au centre. Pourquoi les autres r\u00e9ussissent-ils ? Je veux consolider notre syst\u00e8me social en y mettant de la responsabilit\u00e9. Je m&#8217;adresse \u00e0 tout le monde pour cette primaire&#8221; (Alain Jupp\u00e9, interrog\u00e9 par Patrick Cohen; vid\u00e9o) <\/strong> : http:\/\/www.dailymotion.com\/video\/x4uvkwf_alain-juppe-repond-aux-questions-de-patrick-cohen_news\n\n-Il a r\u00e9pondu aux questions des auditeurs de France Inter (vid\u00e9o) : http:\/\/www.dailymotion.com\/video\/x4uvo12_alain-juppe-repond-aux-questions-des-auditeurs-de-france-inter_news\n\n-&#8220;Aujourd&#8217;hui, on d\u00e9fend une \u00e9conomie du pass\u00e9&#8221; (Luc Chatel, d\u00e9put\u00e9 LR de la Haute-Marne; interrog\u00e9 par Micha\u00ebl Darmon; vid\u00e9o) :  http:\/\/www.itele.fr\/politique\/video\/luc-chatel-aujourdhui-on-defend-une-economie-du-passe-170974\n\n-Les soutiens de Nicolas Sarkozy misent beaucoup sur Fran\u00e7ois Baroin (Alba Ventura; vid\u00e9o) : http:\/\/www.rtl.fr\/actu\/politique\/ingrid-betancourt-et-francois-baroin-en-meeting-avec-nicolas-sarkozy-le-9-octobre-7785007664\n\n-&#8220;Dans son livre, Patrick Buisson torpille Nicolas Sarkozy&#8221; (diaporama et vid\u00e9o) : http:\/\/tempsreel.nouvelobs.com\/politique\/20160927.OBS8847\/dans-un-livre-explosif-patrick-buisson-torpille-nicolas-sarkozy.html\n\n-Il fait son entr\u00e9e dans la primaire de la droite (en d\u00e9bat chez Olivier Galzi; vid\u00e9o) : http:\/\/www.itele.fr\/chroniques\/grand-decryptage-olivier-galzi\/le-grand-decryptage-du-27092016-170995\n\n-&#8220;Je ressens un profond malaise devant ce genre d&#8217;ouvrage. L&#8217;innovation viendra du bas, pas du haut. Si les transports sont dans cet \u00e9tat, ce n&#8217;est pas ma responsabilit\u00e9 mais de ceux qui ont gouvern\u00e9 pendant plus de 10 ans. A Paris o\u00f9 sont les mesures compensatoires aux cons\u00e9quences de la fermeture des voies sur berges ?&#8221;               (Val\u00e9rie P\u00e9cresse; pr\u00e9sidente LR de la r\u00e9gion Ile-de-France, interrog\u00e9e par Ruth Elkrief; vid\u00e9o) : http:\/\/www.bfmtv.com\/mediaplayer\/video\/fermeture-des-voies-sur-berge-ce-n-est-pas-une-querelle-d-egaux-mais-une-question-de-sante-et-de-qualite-de-vie-valerie-pecresse-871443.html\n\n-Eric Ciotti, porte-parole de Nicolas Sarkozy, a notamment expliqu\u00e9 \u00e0 Yves Calvi pouquoi les Alpes Maritimes, d\u00e9partement dont il dirige le Conseil d\u00e9partemental, refusait d&#8217;accueillir des r\u00e9fugi\u00e9s (vid\u00e9o, amener le curseur sur 1:17:40) : http:\/\/www.lci.fr\/replay\/replay-calvi-24-heures-en-questions-du-27-septembre-2016-2004951.html\n\n<em>-Intentions de vote \u00e0 la primaire de la droite et du centre (BVA) :<\/em> http:\/\/www.bva.fr\/fr\/sondages\/intentions_de_vote_a_la_primaire_de_la_droite_et_du_centre.html\n\n<em>-Le m\u00eame (SOFRES<\/em>) : http:\/\/www.lefigaro.fr\/politique\/2016\/09\/27\/01002-20160927ARTFIG00284-primaire-a-droite-alain-juppe-creuse-l-ecart-avec-nicolas-sarkozy.php\n\n-&#8220;Il y a trois candidats qui veulent rompre avec les politiques men\u00e9es jusqu&#8217;ici, M. M\u00e9lenchon qu&#8217;il ne faut pas oublier, Mme Le Pen et votre serviteur. Hollande restera comme le Pr\u00e9sident du &#8220;n&#8217;importe quoi&#8221; (Nicolas Dupont-Aignan, d\u00e9put\u00e9 de l&#8217;Essonne; invit\u00e9 de la matinale de LCI; vid\u00e9o) : http:\/\/www.lci.fr\/replay\/replay-l-invite-de-lci-matin-du-26-septembre-2016-nicolas-dupont-aignan-2004670.html%3Ftype=content\n\n-&#8220;La loi El Khomri ne va nul part&#8221; (Jean-Baptiste Danet, pr\u00e9sident de Croissance + qui r\u00e9clame une r\u00e9duction drastique de la dette publique, une flexibilit\u00e9 accrue du travail et une baisse de la fiscalit\u00e9; interrog\u00e9 par Eric Devaux; son) : https:\/\/www.franceinter.fr\/emissions\/l-invite-du-5-7\/l-invite-du-5-7-27-septembre-2016\n\n-&#8220;Les Fran\u00e7ais ont pris conscience que je repr\u00e9sentais une v\u00e9ritable alternative \u00e0 la politique men\u00e9e depuis 30 ans. Je pense que je peux \u00eatre \u00e9lue parce que les choix que je porte sont majoritairement partag\u00e9s par le pays&#8221; (Marine Le Pen recevait Ruh Elkrief dans son bureau \u00e0 Nanterre; vid\u00e9os) : http:\/\/www.bfmtv.com\/mediaplayer\/video\/marine-le-pen-face-a-ruth-elkrief-1-2&#8211;871107.html\nhttp:\/\/www.bfmtv.com\/mediaplayer\/video\/marine-le-pen-face-a-ruth-elkrief-2-2&#8211;871109.html\n\n-&#8220;En tout cas, je ne voterais pas pour Hillary Clinton. \u00c7a ne m&#8217;\u00e9tonnerait pas que ce que dit Buisson de Sarkozy soit vrai. Avec l&#8217;Union europ\u00e9enne, nous ne pouvons pas faire jouer le patriotisme \u00e9conomique&#8221; (Marion Mar\u00e9chal Le Pen, d\u00e9put\u00e9e FN du Var; face \u00e0 Jean-Jacques Bourdin; vid\u00e9o) : http:\/\/www.bfmtv.com\/mediaplayer\/video\/marion-marechal-le-pen-face-a-jean-jacques-bourdin-en-direct-871179.html\n\n-&#8220;Je n&#8217;ai aucune valeur commune avec Nicolas Sarkozy. Les Fran\u00e7ais ont vu l&#8217;\u00e9cart entre ses paroles et les actes&#8221;. Fran\u00e7ois Hollande, &#8220;s&#8217;il est coh\u00e9rent, ne devrait pas se repr\u00e9senter&#8221;  (Florian Philippot, eurod\u00e9put\u00e9 FN; interrog\u00e9 par Brigitte Boucher; vid\u00e9o, amener le curseur sur 31:28) : http:\/\/www.lcp.fr\/emissions\/politique-matin\/278956-politique-matin-27sept16\n\n<strong>-&#8220;Moi Pr\u00e9sident. Kiran, 25 ans, vit \u00e0 Gen\u00e8ve. Avec Herv\u00e9 Pauchon; son) : <\/strong> https:\/\/www.franceinter.fr\/emissions\/moi-president\/moi-president-27-septembre-2016\n\n<strong>EUROPE-MONDE<\/strong>\n\n-&#8220;Le libre \u00e9change contre le r\u00e9chauffement climatique !&#8221;. C&#8217;est la th\u00e8se du chercheur allemand Hermann Lotze-Campen (propos recueillis par Nicole Sagener) : http:\/\/www.euractiv.fr\/section\/agriculture-alimentation\/interview\/le-libre-echange-peut-repondre-aux-effets-du-rechauffement-climatique-sur-lagriculture\/?nl_ref=21413783\n\n<strong>-&#8220;Pourquoi la recherche europ\u00e9enne en mati\u00e8re de d\u00e9fense est-elle aussi importante ?&#8221; (Jorge Domecq)<\/strong> : http:\/\/www.euractiv.fr\/section\/l-europe-dans-le-monde\/opinion\/hold-mondaywhy-european-defence-research-matters\/?nl_ref=21413783\n\n-La vice-pr\u00e9sidente de la Commission europ\u00e9enne Kristalina Georgieva, candidate non-officielle au poste de Secr\u00e9taire g\u00e9n\u00e9ral de l&#8217;ONU (Georgi Gotev) : http:\/\/www.euractiv.fr\/section\/elections\/news\/georgieva-close-to-un-nomination-but-obstacle-remains\/?nl_ref=21413783\n\n-Londres maintient son opposition \u00e0 une d\u00e9fense europ\u00e9enne : http:\/\/www.euractiv.fr\/section\/l-europe-dans-le-monde\/news\/france-germany-to-table-defence-plan-at-bratislava-ministerial-meeting\/?nl_ref=21413783\n\n<strong>-Milan aussi est d\u00e9bord\u00e9e par l&#8217;afflux de r\u00e9fugi\u00e9s (un reportage de Mathilde Imberty; son) :<\/strong> https:\/\/www.franceinter.fr\/emissions\/grand-angle\/grand-angle-27-septembre-2016\n\n-En Suisse, un vote contre les travailleurs frontaliers tend les relations avec l&#8217;Union europ\u00e9enne (Georgi Gotev) : http:\/\/www.euractiv.fr\/section\/europe-sociale-emploi\/news\/commission-deplores-swiss-canton-referendum\/?nl_ref=21413783\n\n-En d\u00e9cembre auront lieu les \u00e9lections l\u00e9gislatives roumaine. Comme ailleurs, on redoute une pouss\u00e9e populiste (Radu Ciobotea; son) : https:\/\/www.franceinter.fr\/emissions\/meridien-d-europe\/meridien-d-europe-27-septembre-2016\n\n-L&#8217;Europe distribue des cartes bancaires aux r\u00e9fugi\u00e9s syriens en Turquie (vid\u00e9o) : http:\/\/nr.news-republic.com\/Web\/ArticleWeb.aspx?regionid=2&#038;articleid=73828705\n\n-&#8220;Moscou encourage les s\u00e9paratistes europ\u00e9ens et am\u00e9ricains&#8221; (Emmanuel Grynszpan): http:\/\/www.euractiv.fr\/section\/langues-culture\/news\/moscou-encourage-les-separatistes-europeens-et-americains\/?nl_ref=21413783\n\n-&#8220;La Russie d\u00e9nonce les accusations inadmissibles des occidentaux&#8221; : http:\/\/www.lemonde.fr\/syrie\/article\/2016\/09\/26\/bombardements-a-alep-moscou-denonce-des-accusations-inadmissibles-des-occidentaux_5003780_1618247.html\n\n<strong>-Alep, quatre ans sous les bombes (images) :<\/strong> http:\/\/www.liberation.fr\/photographie\/2016\/09\/27\/alep-quatre-ans-sous-les-bombes_1511318?xtor=EPR\n\n-&#8220;La France est engag\u00e9e de toutes ses forces contre ce massacre&#8221; (Jean-Marc Ayrault; vid\u00e9o) : http:\/\/www.publicsenat.fr\/lcp\/politique\/jean-marc-ayrault-alep-france-engagee-toutes-forces-contre-massacre-1500301\n\n-&#8220;Ils ont bonne mine &#8220;les r\u00e9alistes&#8221; de l&#8217;imbroglio syrien&#8221; (Laurent Joffrin) : http:\/\/www.liberation.fr\/planete\/2016\/09\/26\/cyniques_1511400?xtor=EPR-450206&#038;utm_source\n\n-Un convoi des Nations-Unies distribue de l&#8217;aide humanitaire \u00e0 Madaya (vid\u00e9o) : http:\/\/nr.news-republic.com\/Web\/ArticleWeb.aspx?regionid=2&#038;articleid=73825817\n\n<strong>-La mort de Shimon Peres, &#8220;le dernier des mohicans&#8221; (Etienne Monin, correspondant de France Inter en Isra\u00ebl; son) <\/strong> : https:\/\/www.franceinter.fr\/emissions\/l-invite-du-5-7\/l-invite-du-5-7-28-septembre-2016\n\n<strong>-En deux volets, du r\u00e9alisateur isra\u00e9lien Shimon Dotan, &#8220;Les Colons&#8221;, documentaire qui explore en profondeur les motivations d&#8217;individus qui privent les Palestiniens de leur terre et sont un obstacle essentiel \u00e0 la recherche de la paix dans cette partie du monde (vid\u00e9os)<\/strong> : http:\/\/www.arte.tv\/guide\/fr\/053996-001-A\/les-colons-1-2\nhttp:\/\/www.arte.tv\/guide\/fr\/053996-002-A\/les-colons-2-2\n\n<strong>-&#8220;Amona, colonie sauvage en Cisjordanie&#8221; (un reportage d&#8217;Etienne Monin; son) :<\/strong> https:\/\/www.franceinter.fr\/emissions\/la-face-b-de-l-actualite-internationale\/la-face-b-de-l-actualite-internationale-26-septembre-2016\n\n-La nouvelle vie des bless\u00e9s de guerre \u00e0 Gaza (vid\u00e9o) : http:\/\/nr.news-republic.com\/Web\/ArticleWeb.aspx?regionid=2&#038;articleid=73851363\n\n<strong>-Le 7 octobre au Maroc auront lieu les \u00e9lections l\u00e9gislatives. &#8220;Le parti islamiste PJD a r\u00e9ussi \u00e0 incarner une nouvelle fa\u00e7on de faire de la politique&#8221; (Charlotte Bozonnet; vid\u00e9o)<\/strong> : http:\/\/www.lemonde.fr\/afrique\/video\/2016\/09\/26\/elections-au-maroc-les-islamistes-du-pjd-ont-reussi-a-incarner-une-autre-facon-de-faire-de-la-politique_5003655_3212.html\n\n<strong>-&#8220;Sept moments-cl\u00e9s du d\u00e9bat Clinton-Trump&#8221; (Aude Masssiot; vid\u00e9os) : <\/strong> http:\/\/www.liberation.fr\/planete\/2016\/09\/27\/sept-moments-cles-du-debat-trump-clinton_1511821?xtor=EPR\n\n-&#8220;Elle impose son exp\u00e9rience&#8221; (Elsa Conesa; vid\u00e9os) : http:\/\/www.lesechos.fr\/monde\/elections-americaines\/0211331084731-hillary-clinton-impose-son-experience-dans-un-debat-sans-appel-2030487.php#xtor=EPR\n\n<strong>-&#8220;Elle a attaqu\u00e9 Trump toutes les cinq minutes&#8221; (l&#8217;historien Fran\u00e7ois Durpaire; vid\u00e9o) <\/strong> :  http:\/\/rmc.bfmtv.com\/mediaplayer\/video\/debat-presidentiel-hillary-clinton-a-attaque-trump-toutes-les-cinq-minutes&#8211;871241.html     \n\n<strong>-&#8220;Trump a \u00e9t\u00e9 moins insultant que d&#8217;habitude mais il a perdu le contr\u00f4le&#8221; (Denis Lacorne, directeur de recherche au CERI-Siences Po; invit\u00e9 de L\u00e9a Salam\u00e9; vid\u00e9o) :<\/strong>  http:\/\/www.dailymotion.com\/video\/x4uvi2f_denis-lacorne-est-l-invite-de-lea-salame_news        \n\n-&#8220;Il y avait bien deux lignes dans ce d\u00e9bat et parfaitement claires&#8221; (Bernard Guetta; son) :  https:\/\/www.franceinter.fr\/emissions\/geopolitique\/geopolitique-27-septembre-2016    \n\n-Dans l&#8217;\u00e9mission d&#8217;Yves Calvi &#8220;24 heures en questions&#8221; (vid\u00e9o, amener le curseur sur 12:21) : http:\/\/www.lci.fr\/replay\/replay-calvi-24-heures-en-questions-du-27-septembre-2016-2004951.html  \n\n-Le point de vue de Christine Ockrent, auteure de &#8220;l&#8217;Am\u00e9rique en col\u00e8re&#8221; (vid\u00e9o) : http:\/\/www.lci.fr\/replay\/replay-l-invite-de-lci-matin-du-27-septembre-2016-christine-ockrent-2004800.html          \n\n-&#8220;\u00c7a se joue entre un fou et une va-t-en-guerre&#8221; (le r\u00e9alisateur Oliver Stone; propos recueillis par Darius Rochebin; vid\u00e9o sous-titr\u00e9e) : http:\/\/www.lepoint.fr\/monde\/elections-americaines-oliver-stone-ca-se-joue-entre-un-fou-et-une-va-t-en-guerre-26-09-2016-2071533_24.php?M_BT\n\n-Au Mexique, les parents des 43 \u00e9tudiants disparus continuent d&#8217;esp\u00e9rer (vid\u00e9o) : http:\/\/nr.news-republic.com\/Web\/ArticleWeb.aspx?regionid=2&#038;articleid=73827893\n\n<strong>-L&#8217;accord de paix en Colombie (\u00e9dition sp\u00e9ciale sur RFI; vid\u00e9o)<\/strong> : http:\/\/www.rfi.fr\/video\/20160927-edition-speciale-colombie-accord-paix\n\n-Les Farc ray\u00e9es de la listes des organisations terroristes de l&#8217;Union europ\u00e9enne : http:\/\/www.euractiv.fr\/section\/l-europe-dans-le-monde\/news\/eu-open-to-removing-farc-from-terrorist-blacklist\/?nl_ref=21413783\n\n<strong>CULTURE-MEDIAS<\/strong>\n\n-&#8220;Le pr\u00e9sent reste le meilleur moment historique que nous ayons v\u00e9cu&#8221; (l&#8217;\u00e9conomiste \u00e9cossais Angus Deaton, prix Nobel d&#8217;\u00e9conomie en 2015; propos recueillis par Juliette Cerf) : http:\/\/www.telerama.fr\/idees\/angus-deaton-prix-nobel-d-economie-le-present-reste-le-meilleur-moment-historique-que-nous-ayons-connu,147800.php#xtor=EPR\n\n<strong>-&#8220;Vers un racisme (vraiment) fran\u00e7ais ?&#8221; (une tribune de l&#8217;historien G\u00e9rard Noiriel, signal\u00e9e par l&#8217;ami Bernard Vasseur; pi\u00e8ce jointe);<\/strong>\n\n-&#8220;Qui veut la peau des \u00e9conomistes orthodoxes  ?&#8221; (Paul Jaurion; pi\u00e8ce jointe);\n\n-Le mercredi 5 octobre \u00e0 18h30, &#8220;Qu&#8217;est-ce qui peut changer \u00e0 gauche ? Les exp\u00e9riences en cours dans le monde&#8221; (\u00e0 l&#8217;initiative des Fondations Gabriel P\u00e9ri, Copernic et de l&#8217;Institut Tribune Socialiste) : http:\/\/www.gabrielperi.fr\/face-aux-grandes-tendances-du-capitalisme-contemporain.html\n\n<strong>-&#8220;Le &#8220;gentil&#8221; Nerval ou la qu\u00eate de l&#8217;\u00e9toile&#8221; (une conf\u00e9rence d&#8217;Agn\u00e8s Spiquel, professeur \u00e9m\u00e9rite \u00e0 l&#8217;universit\u00e9 de Valenciennes; vid\u00e9o) : <\/strong>  http:\/\/www.franceculture.fr\/conferences\/universite-de-nantes\/le-gentil-nerval-ou-la-quete-de-letoile#\n\n<strong>-&#8220;Magritte, le surr\u00e9alisme et la philosophie au Centre Pompidou&#8221; (Val\u00e9rie Oddos) : <\/strong> http:\/\/culturebox.francetvinfo.fr\/expositions\/peinture\/magritte-le-surrealisme-et-la-philosophie-au-centre-pompidou-246517\n\n-&#8220;Elle&#8221; de Paul Verhoeven repr\u00e9sentera la France aux Oscars (Samuel Douhaire; vid\u00e9o) : http:\/\/www.telerama.fr\/cinema\/bonne-surprise-c-est-elle-de-paul-verhoeven-qui-representera-la-france-aux-oscars,147906.php#xtor=EPR-126-newsletter_tra-20160927\n\n<strong>-Interpr\u00e8te du &#8220;Ciel attendra&#8221; de Marie Castille Mention Schaar, Sandrine Bonnaire \u00e9tait l&#8217;invit\u00e9e d&#8217;Augustin Trapenard; son) <\/strong> : https:\/\/www.franceinter.fr\/emissions\/boomerang\/boomerang-27-septembre-2016\n\n-Les fameuses bornes &#8220;d&#8217;Histoires courtes&#8221;, recommand\u00e9es par Francis Ford Coppola, arrivent dans la capitale (Rossana Di Vincenzo; vid\u00e9o) : http:\/\/www.telerama.fr\/sortir\/j-ai-teste-le-distributeur-d-histoires-courtes-recommande-par-francis-ford-coppola,147857.php#xtor=EPR\n\n-De quoi s&#8217;agit-il ? (vid\u00e9os et son) : http:\/\/short-edition.com\/p\/distributeurs-d-histoires-courtes\n\n<strong>-Avec Adrien Soleiman, c&#8217;est encore un peu l&#8217;\u00e9t\u00e9 (Rebecca Manzoni; vid\u00e9os) : <\/strong> https:\/\/www.franceinter.fr\/emissions\/pop-co\/pop-co-27-septembre-2016\n\n-Jusqu&#8217;au 2 octobre \u00e0 Vevey, l&#8217;exposition consacr\u00e9e au photographe St\u00e9phane Winter (Luc Desbeno\u00eet) : http:\/\/www.telerama.fr\/scenes\/stephane-winter-construit-son-identite-d-orphelin-a-travers-la-photo-de-famille,147798.php#xtor=EPR\n\n-Angelina Jordan, de l&#8217;enfance \u00e0 l&#8217;\u00e2ge adulte (Nicolas Delesalle; vid\u00e9os) : http:\/\/television.telerama.fr\/television\/angelina-jordan-de-la-femme-a-barbe-aux-etoiles,147787.php#xtor=EPR\n\n-Jusqu&#8217;au 22 octobre, \u00e0 la galerie Marian Goodman dans le 3e arrondissement de Paris, le sculpteur italien Giuseppe Penone (Olivier Cena) : http:\/\/www.telerama.fr\/sortir\/giuseppe-penone-sculpteur-patient,147556.php#xtor=EPR-126-newsletter_tra-20160927\n\n-A Lyon, le mus\u00e9e des Confluences priv\u00e9 des subventions du d\u00e9partement : http:\/\/culturebox.francetvinfo.fr\/expositions\/lyon-le-musee-des-confluences-prive-des-subventions-du-departement-246541#xtor=EREC\n\n-R\u00e9alis\u00e9 en 1951 par une \u00e9quipe de la BBC, le plus vieil enregistrement de musique jou\u00e9e par ordinateur (son) : http:\/\/www.telerama.fr\/musique\/ecoutez-le-plus-vieil-enregistrement-de-musique-jouee-par-ordinateur,147862.php#xtor=EPR\n\n-Michel Bouvet renonce \u00e0 participer \u00e0 la F\u00eate du graphisme (propos recueillis par Xavier de Jarcy) : http:\/\/www.telerama.fr\/scenes\/fache-le-fondateur-de-la-fete-du-graphisme-se-retire-de-l-affiche,147865.php#xtor=EPR-126-newsletter_tra-20160927\n\n-A Marseille, &#8220;David Poullard s&#8217;amuse avec les mots de la rue&#8221; : http:\/\/www.telerama.fr\/scenes\/a-marseille-le-graphiste-david-poullard-s-amuse-avec-les-mots-de-la-rue,147590.php#xtor=EPR\n\n-Le magazine &#8220;Rolling Stone&#8221; vend une partie de sa marque (Jean-Baptiste Roch) : http:\/\/www.telerama.fr\/medias\/rolling-stone-vend-un-peu-de-son-mythe-ou-de-ce-qu-il-en-reste,147896.php#xtor=EPR\n\n<strong>-L\u00e9a Salam\u00e9, &#8220;la madame de la t\u00e9l\u00e9&#8221; (invit\u00e9e de Sonia Devillers; vid\u00e9o) : <\/strong> http:\/\/www.dailymotion.com\/video\/x4uw90y_lea-salame-le-president-et-le-guepard_news\n\n-Diffus\u00e9e aux USA, &#8220;la nouvelle version de la s\u00e9rie du h\u00e9ros bricolo &#8220;MacGyver&#8221; ne vaut pas un clou&#8221; (Pierre Langlais; vid\u00e9o) : http:\/\/www.telerama.fr\/series-tv\/le-nouveau-macgyver-ne-vaut-pas-un-clou,147804.php#xtor=EPR\n\n-La une du &#8220;Canard encha\u00een\u00e9&#8221; : http:\/\/www.lecanardenchaine.fr\/la-une-du-28-septembre-2016\/\n\n-Chantal Ladesou joue &#8220;Peau de Vache&#8221; au th\u00e9\u00e2tre Antoine \u00e0 Paris, dans une mise en sc\u00e8ne de Michel Fau; invit\u00e9e de Marie-Sophie Laccarau (vid\u00e9o) : http:\/\/www.francetvinfo.fr\/culture\/sorties\/theatre-chantal-ladesou-est-peau-de-vache_1844659.html\n\n<strong>-&#8220;C&#8217;est terrible, je suis jupp\u00e9iste&#8221; (Alex Vizorex; vid\u00e9o) <\/strong> : http:\/\/www.dailymotion.com\/video\/x4uvnfw_c-est-terrible-je-suis-juppeiste-le-billet-d-alex-vizorek_fun\n\n<strong>-&#8220;Deux euros pour virer Sarkozy, c&#8217;est donn\u00e9 (Charline Vanhoenacker; vid\u00e9o) : <\/strong> http:\/\/www.dailymotion.com\/video\/x4uvg26_2-e-pour-virer-sarkozy-c-est-donne-le-billet-de-charline_fun\n<h2 class=\"wp-block-heading\">Documents joints<\/h2>\n\n\n\n<div class=\"wp-block-file\"><a href=\"https:\/\/wp.muchomaas.com\/wp-content\/uploads\/2016\/09\/vers_un_racisme-561.pdf\">vers_un_racisme.pdf<\/a><\/div>\n\n\n\n<div class=\"wp-block-file\"><a href=\"https:\/\/wp.muchomaas.com\/wp-content\/uploads\/2016\/09\/qui_veut_la_peau_des_economistes_orthodoxes-4ec.pdf\">qui_veut_la_peau_des_economistes_orthodoxes.pdf<\/a><\/div>\n\n\n","protected":false},"excerpt":{"rendered":"<p>ACTUALITE -&#8220;Des 6 heures du matin, les salari\u00e9s d&#8217;Alstom mobilis\u00e9s en gare de Belfort&#8221; (vid\u00e9o) : http:\/\/www.francetvinfo.fr\/economie\/entreprises\/alstom\/alstom-les-ouvriers-de-belfort-se-mobilisent_1844503.html -&#8220;Paroles de salari\u00e9s&#8221; (recueillies par Delphine Evenou; son) : https:\/\/www.franceinter.fr\/emissions\/le-zoom-de-la-redaction\/le-zoom-de-la-redaction-27-septembre-2016 -Eliane Assassi, pr\u00e9sidente du groupe CRC au S\u00e9nat, demande \u00e0 Manuel Valls un d\u00e9bat du Parlement sur l&#8217;avenir de l&#8217;industrie (vid\u00e9o) : http:\/\/www.publicsenat.fr\/lcp\/politique\/alstom-eliane-assassi-demande-manuel-valls-un-debat-parlement-l-avenir-l-industrie-149 -&#8220;L&#8217;\u00e9conomie fran\u00e7aise est en convalescence. [&hellip;]<\/p>\n","protected":false},"author":1042,"featured_media":0,"comment_status":"open","ping_status":"open","sticky":false,"template":"","format":"standard","meta":{"_themeisle_gutenberg_block_has_review":false,"footnotes":""},"categories":[151],"tags":[],"class_list":["post-9885","post","type-post","status-publish","format-standard","hentry","category-la-revue-de-presse-de-lulu"],"_links":{"self":[{"href":"https:\/\/archives.regards.fr\/index.php?rest_route=\/wp\/v2\/posts\/9885","targetHints":{"allow":["GET"]}}],"collection":[{"href":"https:\/\/archives.regards.fr\/index.php?rest_route=\/wp\/v2\/posts"}],"about":[{"href":"https:\/\/archives.regards.fr\/index.php?rest_route=\/wp\/v2\/types\/post"}],"author":[{"embeddable":true,"href":"https:\/\/archives.regards.fr\/index.php?rest_route=\/wp\/v2\/users\/1042"}],"replies":[{"embeddable":true,"href":"https:\/\/archives.regards.fr\/index.php?rest_route=%2Fwp%2Fv2%2Fcomments&post=9885"}],"version-history":[{"count":0,"href":"https:\/\/archives.regards.fr\/index.php?rest_route=\/wp\/v2\/posts\/9885\/revisions"}],"wp:attachment":[{"href":"https:\/\/archives.regards.fr\/index.php?rest_route=%2Fwp%2Fv2%2Fmedia&parent=9885"}],"wp:term":[{"taxonomy":"category","embeddable":true,"href":"https:\/\/archives.regards.fr\/index.php?rest_route=%2Fwp%2Fv2%2Fcategories&post=9885"},{"taxonomy":"post_tag","embeddable":true,"href":"https:\/\/archives.regards.fr\/index.php?rest_route=%2Fwp%2Fv2%2Ftags&post=9885"}],"curies":[{"name":"wp","href":"https:\/\/api.w.org\/{rel}","templated":true}]}}