{"id":9880,"date":"2016-09-27T07:05:34","date_gmt":"2016-09-27T05:05:34","guid":{"rendered":"https:\/\/wp.muchomaas.com\/article-la-revue-du-27-septembre-2016\/"},"modified":"2023-06-23T23:23:04","modified_gmt":"2023-06-23T21:23:04","slug":"article-la-revue-du-27-septembre-2016","status":"publish","type":"post","link":"https:\/\/archives.regards.fr\/?p=9880","title":{"rendered":"La Revue du 27 septembre 2016"},"content":{"rendered":"<strong>ACTUALITE<\/strong>\n\n<strong>-&#8220;Tr\u00e8s forte hausse du ch\u00f4mage en ao\u00fbt&#8221; (Alain Ruello) : <\/strong> http:\/\/www.lesechos.fr\/economie-france\/social\/0211329402763-chomage-tres-forte-hausse-en-aout-2030286.php\n\n&#8211;<strong>&#8220;Le ch\u00f4mage repart \u00e0 la hausse&#8230;et les droits \u00e0 la baisse ?&#8221; (la CGT) : <\/strong> http:\/\/www.cgt.fr\/Le-chomage-repart-a-la-hausse-et.html\n\n-&#8220;Un coup de massue pour Fran\u00e7ois Hollande&#8221; (vid\u00e9o) : http:\/\/www.francetvinfo.fr\/economie\/emploi\/chomage\/hausse-du-chomage-un-coup-de-massue-pour-francois-hollande_1843451.html\n\n-La gr\u00e8ve des m\u00e9decins hospitaliers : http:\/\/www.lesechos.fr\/politique-societe\/societe\/0211327152652-les-medecins-hospitaliers-appeles-a-une-greve-massive-ce-lundi-2030179.php#xtor=EPR-\n\n-A l&#8217;initiative des anesth\u00e9sistes  (vid\u00e9o) : https:\/\/www.youtube.com\/watch?v=WB7H1qWOIZM\n\n<strong>-La journ\u00e9e mondiale de la contraception (Yorick Berger du syndicat des pharmaciens parisiens; son)<\/strong> : http:\/\/www.sudradio.fr\/Podcasts\/L-invite-pour-comprendre\/Yorick-Berger-secretaire-general-du-syndicat-des-pharmaciens-de-Paris\n\n<strong>-&#8220;L&#8217;impact des ch\u00e2timents corporels sur la sant\u00e9 psychique des enfants&#8221; (La psychiatre Muriel Samona; vid\u00e9o)<\/strong> : http:\/\/www.rfi.fr\/video\/20160926-impact-chatiment-corporel-sante-psychique-enfant\n\n-&#8220;La soci\u00e9t\u00e9 du para\u00eetre&#8221; du sociologue Jean-Fran\u00e7ois Amadieu (interrog\u00e9 par Dimitri Pavlenko; son) : http:\/\/www.sudradio.fr\/Podcasts\/L-invite-pour-comprendre\/Jean-Francois-Amadieu-sociologue-du-travail\n\n-&#8220;La voie sur berge sera d\u00e9finitivement ferm\u00e9e. Nous ferons un bilan dans six mois. Nous avons trouv\u00e9 le financements des deux camps de migrants. Nous allons accepter la proposition d&#8217;un camp naturiste \u00e0 Paris&#8221; (Bruno Julliard, premier adjoint de la maire de Paris; vid\u00e9o) : http:\/\/rmc.bfmtv.com\/mediaplayer\/video\/bruno-julliard-nous-allons-accepter-la-proposition-d-un-camp-naturiste-a-paris&#8211;870815.html\n\n-Premiers chiffres sur l&#8217;\u00e9tat du trafic avec la fermeture des  voies  sur berges (Laetitia Van Eeckhout) : http:\/\/www.lemonde.fr\/planete\/article\/2016\/09\/26\/fermeture-des-voies-sur-berges-premiers-chiffres-sur-l-etat-du-trafic_5003176_3244.html\n\n-D\u00e9bats anim\u00e9s pour une mesure adopt\u00e9e  :    http:\/\/www.francetvinfo.fr\/societe\/le-conseil-de-paris-approuve-la-pietonnisation-des-berges-de-seine_1842913.html#xtor=EPR-51\n\n<strong>-&#8220;Paris est une ville trop pollu\u00e9e. Chaque jour, il arrive 80 \u00e0 100 migrants de plus&#8221; (Anne Hidalgo, invit\u00e9e d&#8217;Elisabeth Martichoux; vid\u00e9o) :<\/strong> http:\/\/www.rtl.fr\/actu\/politique\/anne-hidalgo-sur-rtl-6-500-deces-supplementaires-par-an-sur-la-metropole-de-paris-a-cause-de-la-pollution-7784993536\n\n<strong>-&#8220;Les sp\u00e9cialistes sont dubitatifs&#8221; (Baptiste Gaborit; son) : <\/strong> http:\/\/www.radioclassique.fr\/player\/progaction\/iniPlayer\/podcast\/3-minutes-pour-la-planete-2016-09-26-06-46-45.html\n\n-&#8220;Les rumeurs d&#8217;expulsion enflent \u00e0 Notre-Dame-des-Landes&#8221; (Dominique Fresneau de l&#8217;Acipa; son) : http:\/\/www.sudradio.fr\/Podcasts\/L-invite-pour-comprendre\/Dominique-Fresneau-vice-president-de-l-Acipa\n\n-&#8220;La fin des oeufs de poules en batterie ?&#8221; (Yolaine de la Bigne; son) : http:\/\/www.sudradio.fr\/Podcasts\/Quelle-epoque-ethique\/La-fin-des-aeufs-en-batterie\n\n<strong>-Tourn\u00e9 dans le m\u00e9tro de Rennes, un court-m\u00e9trage pour d\u00e9noncer le harc\u00e8lement dans les transports (vid\u00e9o) <\/strong> : http:\/\/www.francetvinfo.fr\/societe\/video-un-court-metrage-pour-denoncer-le-harcelement-dans-les-transports_1840167.html#xtor=EPR\n\n-Le journal d&#8217;Outre-mer (Beno\u00eet Ferrand; son) : https:\/\/www.franceinter.fr\/emissions\/journal-d-outre-mer-1ere\/journal-d-outre-mer-1ere-26-septembre-2016\n\n<strong>-&#8220;A Grande-Synthe, m\u00eame si le camp n&#8217;est pas une solution \u00e0 long terme, la situation est satisfaisante&#8221; (Damien Car\u00eame, maire EE-LV de la ville; interrog\u00e9 par Eric Delvaux; son)<\/strong> : https:\/\/www.franceinter.fr\/emissions\/l-invite-du-5-7\/l-invite-du-5-7-26-septembre-2016\n\n<strong>-Discours de Fran\u00e7ois Hollande \u00e0 la gendarmerie de Calais (vid\u00e9o) : <\/strong> http:\/\/www.elysee.fr\/videos\/new-video-59\/\n\n-&#8220;L&#8217;ancien  patron du renseignement int\u00e9rieur Bernard Squarcini plac\u00e9 en garde-\u00e0-vue dans le cadre d&#8217;une enqu\u00eate pour trafic d&#8217;influence&#8221; :                          http:\/\/www.francetvinfo.fr\/societe\/justice\/l-ancien-patron-du-renseignement-interieur-bernard-squarcini-place-en-garde-a-vue-dans-le-cadre-d-une-enquete-pour-trafic-d-influence_1843247.html#xtor=EPR\n\n-Fr\u00e9d\u00e9ric P\u00e9chenard, directeur g\u00e9n\u00e9ral des R\u00e9publicains, lui apporte son soutien &#8220;plein et entier&#8221;; interrog\u00e9 par Laurence Ferrari (vid\u00e9o) : http:\/\/www.itele.fr\/chroniques\/invite-politique-ferrari-tirs-croises\/frederic-pechenard-apporte-son-soutien-plein-et-entier-a-squarcini-et-flaesch-17095\n\n<strong>POLITIQUE<\/strong>\n\n<strong>-&#8220;Je regrette que la France n&#8217;ait pas un discours d&#8217;ensemble sur sa responsabilit\u00e9 dans la guerre d&#8217;Alg\u00e9rie. Il faut des gestes et pas seulement \u00e0 l&#8217;\u00e9gard des harkis. Le probl\u00e8me de Calais ne peut se r\u00e9gler que dans la dur\u00e9e et le dialogue. L&#8217;accueil sur l&#8217;ensemble du territoire est une solution qui doit \u00eatre conduite en concertation avec les communes concern\u00e9es et en leur en donnant les moyens. L&#8217;Europe essaye de contourner la ratification par les parlements nationaux des trait\u00e9s transatlantiques. Nous poursuivons nos appels \u00e0 la convergence des forces alors que le risque de leur  marginalisation est r\u00e9el&#8221; (Pierre Laurent, invit\u00e9 de Fr\u00e9d\u00e9ric Rivi\u00e8re sur RFI; vid\u00e9o) :<\/strong>  http:\/\/www.rfi.fr\/video\/20160926-pierre-laurent-le-probleme-calais-peut-regler-duree-le-dialogue-ceux\n\n-L&#8217;intervention de Robert Injey au Conseil national du PCF : http:\/\/www.robertinjey.com\/2016\/09\/2017-intervention-au-conseil-national-du-pcf.html\n\n-&#8220;Communistes Hauts-garonnais et M\u00e9lenchon, rupture consomm\u00e9e ?&#8221; (Patrick Noviello) : http:\/\/france3-regions.blog.francetvinfo.fr\/midi-pyrenees-politiques-france3\/2016\/09\/26\/communistes-hauts-garonnais-et-melenchon-rupture-consommee.html\n\n-&#8220;Le discours de Jean-Luc M\u00e9lenchon sur l&#8217;immigration a beaucoup chang\u00e9&#8221; (Yves Thr\u00e9ard du &#8220;Figaro&#8221;; vid\u00e9o) : http:\/\/www.europe1.fr\/emissions\/ledito-politique-dyves-threard\/migrants-jean-luc-melenchon-muscle-son-discours-et-cree-le-malaise-a-lextreme-gauche-2856280\n\n-&#8220;Les trois sc\u00e9narios du PCF pour la pr\u00e9sidentielle&#8221; (Rachid La\u00efreche) : http:\/\/www.liberation.fr\/france\/2016\/09\/26\/les-trois-scenarios-du-pcf-pour-la-presidentielle_1511243\n\n<strong>-&#8220;L&#8217;Etat a le devoir de sauver Alsthom qui n&#8217;est pas en difficult\u00e9. Le gouvernement savait et n&#8217;a rien fait. Il est possible de r\u00e9partir autrement la charge de travail du contrat avec l&#8217;Inde. Je suis scandalis\u00e9 que les fusils de l&#8217;arm\u00e9e soient fabriqu\u00e9s en Allemagne. Nous achetons toutes nos munitions \u00e0 l&#8217;\u00e9tranger. On ne peut plus laisser faire. L&#8217;\u00e9chec de Fran\u00e7ois Hollande est fond\u00e9 sur un reniement et un renoncement. Je crains de ne pas \u00eatre le seul \u00e0 ne plus vouloir de lui. Je trouve scandaleux que l&#8217;on ait sous-trait\u00e9 le m\u00e9tier de douanier des Anglais&#8221; (Arnaud Montebourg, interrog\u00e9 par Jean-Jacques Bourdin; vid\u00e9o) <\/strong> : http:\/\/www.bfmtv.com\/mediaplayer\/video\/arnaud-montebourg-face-a-jean-jacques-bourdin-en-direct-870833.html\n\n-&#8220;Nous sommes au milieu du gu\u00e9 de l&#8217;inversion de la courbe du ch\u00f4mage&#8221; (Jean-Marc Germain, d\u00e9put\u00e9 PS des Hauts-de-Seine, proche de Martine Aubry; interrog\u00e9 par Olivier Galzi; vid\u00e9o) : http:\/\/www.itele.fr\/chroniques\/invite-galzi-jusqua-minuit\/linvite-politique-dolivier-galzi-du-26092016-170965\n\n-&#8220;Tout est possible, rien n&#8217;est \u00e9crit. La vie politique est en voie de recomposition partout. Je suis pour la s\u00e9lection, pas dans les discours, mais dans les actes&#8221; (le secr\u00e9taire d&#8217;Etat charg\u00e9 des universit\u00e9s Thierry Mandon; interrog\u00e9 par Guillaume Durand; vid\u00e9o) : http:\/\/www.dailymotion.com\/video\/x4uqmrm\n\n-&#8220;L&#8217;\u00e9lection pr\u00e9sidentielle 2017, je n&#8217;y pense pas, c&#8217;est l&#8217;affaire des partis politiques, c&#8217;est comme \u00e7a. Un scandale diesel chez Renault, je n&#8217;y crois pas&#8221; (S\u00e9gol\u00e8ne Royal, interrog\u00e9e par Yves Calvi, qui a salu\u00e9 &#8220;le courage d&#8217;Anne Hidalgo&#8221; dans la fermeture des voies sur berges de la Seine (vid\u00e9os) : http:\/\/www.lci.fr\/politique\/presidentielle-2017-segolene-royal-n-y-pense-pas-2004754.html%3Ftype=content\nhttp:\/\/www.lci.fr\/politique\/scandale-renault-sur-le-diesel-segolene-royal-n-y-croit-pas-2004753.html%3Ftype=content\nhttp:\/\/www.lci.fr\/politique\/fermeture-des-voies-sur-berges-anne-hidalgo-est-courageuse-pour-segolene-royal-2004752.html%3Ftype=content\n\n-&#8220;Notre pays est un des seuls \u00e0 conna\u00eetre en Europe un mal-logement durable. On est capable de faire 400 000 logements par an&#8221; (la ministre Emmanelle Cosse, invit\u00e9e d&#8217;Audrey Pulvar, dans l&#8217;\u00e9mission &#8220;18 h Politique&#8221; sur iT\u00e9l\u00e9; vid\u00e9o) :  https:\/\/www.youtube.com\/watch?v=b2M_WltoZlI\n\n-&#8220;APL rabot\u00e9es, \u00e7a suffit !&#8221; (S\u00e9bastien Nadot, candidat \u00e0 l&#8217;\u00e9lection pr\u00e9sidentielle) : http:\/\/www.md-progressistes.fr\/apl-rabotees-ca-suffit-la-france-une-democratie-sociale\/\n\n-&#8220;A Calais, il s&#8217;agit de mener une politique courageuse, audacieuse, ce qui n&#8217;a jamais \u00e9t\u00e9 fait. Si la gauche n&#8217;est pas capable de se ressaisir, elle sera marginalis\u00e9e&#8221; (le secr\u00e9taire d&#8217;Etat Jean-Marie Le Guen, interrog\u00e9 par Brigitte Berger; vid\u00e9o, amener le curseur sur 30:50) : http:\/\/www.lcp.fr\/emissions\/politique-matin\/278955-la-matinale-du-lundi-26-septembre-2016\n\n-&#8220;Pourquoi Fran\u00e7ois Hollande change-t-il de rythme ?&#8221; (Apolline de Malherbe; vid\u00e9o) : http:\/\/rmc.bfmtv.com\/mediaplayer\/video\/qg-bourdin-2017-pourquoi-francois-hollande-change-t-il-de-rythme&#8211;870821.html\n\n-&#8220;Fran\u00e7ois Hollande se drape du manteau de sa fonction. Emmanuel Macron avance pas \u00e0 pas, de plus en plus d\u00e9termin\u00e9 \u00e0 se pr\u00e9senter \u00e0 la pr\u00e9sentielle&#8221; (Guillaume Tabard du &#8220;Figaro&#8221;; son) : http:\/\/www.radioclassique.fr\/player\/progaction\/iniPlayer\/podcast\/ledito-politique-de-guillaume-tabard-2016-09-26-08-13-40.html\n\n-&#8220;C&#8217;est toujours utile de regarder l&#8217;histoire en face &#8221; (l&#8217;historien Benjamin Stora; son) : http:\/\/www.radioclassique.fr\/player\/progaction\/initPlayer\/podcast\/linvite-du-matin-2016-09-26-07-50-15.html\n\n-&#8220;Une reconnaissance bien tardive&#8221; (Alba Ventura; vid\u00e9o) : http:\/\/www.rtl.fr\/actu\/politique\/harkis-une-reconnaissance-bien-tardive-deplore-alba-ventura-7784993485\n\n-La primaire du PS aura-t-elle lieu ? (Nathalie Schuck du &#8220;Parisien&#8221;; son) : https:\/\/www.franceinter.fr\/emissions\/histoires-politiques\/histoires-politiques-26-septembre-2016\n\n<strong>-&#8220;La r\u00e9signation complice du PS face \u00e0 la mont\u00e9e du FN&#8221; (Nicolas Domenach; vid\u00e9o) <\/strong> : http:\/\/www.rtl.fr\/actu\/societe-faits-divers\/nicolas-domenach-se-desole-de-la-resignation-complice-de-la-gauche-face-a-marine-le-pen-7784994149\n\n-&#8220;10% des \u00e9lecteurs de Fran\u00e7ois Hollande de 2012 s&#8217;appr\u00eateraient \u00e0 aller voter pour Alain Jupp\u00e9 \u00e0 la primaire de la droite&#8221; (Laure Equy et Amandine Cailhol) : http:\/\/www.liberation.fr\/france\/2016\/09\/25\/ces-infiltres-de-gauche-a-la-primaire-de-droite_1510132?xtor=EPR\n\n<strong>-&#8220;Notre pays est all\u00e9 trop loin dans la d\u00e9pense publique et dans la bureaucratie. Le gouvernement d\u00e9pense de l&#8217;argent qui sera factur\u00e9 en 2017 et 2018. La hausse de la TVA est compens\u00e9e par la baisse des charges sociales. Je ne crois pas aux sondages, c&#8217;est une majorit\u00e9 silencieuse qui va se mobiliser. On ne peut pas r\u00e9gler le probl\u00e8me syrien sans les Russes&#8221; (Fran\u00e7ois Fillon, d\u00e9put\u00e9 LR de Paris, interrog\u00e9 par Patrick Cohen; vid\u00e9o) <\/strong> : http:\/\/www.dailymotion.com\/video\/x4uq6lf_francois-fillon-repond-aux-questions-de-patrick-cohen_news\n\n-Il a r\u00e9pondu aux questions des auditeurs de France Inter (vid\u00e9o) : http:\/\/www.dailymotion.com\/video\/x4uqd2e_francois-fillon-repond-aux-questions-des-auditeurs-de-france-inter_news\n\n-&#8220;Celui qui gagnera (la primaire) n&#8217;aura pas de mal \u00e0 rassembler les autres&#8221; (Nicolas Sarkozy, interrog\u00e9 par Nicolas Sotto; vid\u00e9o) : http:\/\/www.europe1.fr\/emissions\/l-interview-verite\/nicolas-sarkozy-celui-qui-gagnera-naura-pas-de-mal-a-rassembler-les-autres-2856439\n\n<strong>-Il a r\u00e9pondu aux questions de Jean-Pierre Elkabbach (vid\u00e9o) : <\/strong> http:\/\/www.europe1.fr\/emissions\/l-interview-politique\/immigration-calais-accords-du-touquet-montee-du-communautarisme-syrie-vladimir-poutine-guerre-contre-daech-primaire-de-la-droite-alain-juppe-francois-bayrou-et-presidentielle-americaine-nicolas-sarkozy-repond-aux-questions-de-jean-pierre-elkabbach-2856484\n\n-&#8220;Je veux \u00eatre une alternative \u00e0 la foire d&#8217;empoigne&#8221; (Bruno Le Maire, d\u00e9put\u00e9 LR de l&#8217;Eure; interrog\u00e9 par Isabelle Ficek, Nicolas Barr\u00e9, Dominique Seux et Guillaume de Calignon) : http:\/\/www.lesechos.fr\/politique-societe\/politique\/0211326781328-bruno-le-maire-bruno-le-maire-tout-dire-avant-pour-tout-faire-apres-tres-bien-encore-ne-faut-il-pas-raconter-nimporte-quoi-avant-2029961.php\n\n-&#8220;Le vainqueur de la primaire \u00e0 droite ne pourra pas \u00eatre \u00e9lu sans un accord avec l&#8217;UDI&#8221; (Yves J\u00e9go, d\u00e9put\u00e9 de Seine-et-Marne; vid\u00e9o) :  http:\/\/www.lcp.fr\/la-politique-en-video\/le-vainqueur-de-la-primaire-droite-ne-pourra-pas-etre-elu-en-2017-sans-un\n\n-Invit\u00e9 de &#8220;Politique Matin&#8221;, il \u00e9tait interrog\u00e9 par Brigitte Boucher (vid\u00e9o, amener le curseur sur 5:47) : http:\/\/www.lcp.fr\/emissions\/politique-matin\/278955-la-matinale-du-lundi-26-septembre-2016\n\n-&#8220;Le d\u00e9bat sur le R\u00e9cit national et l&#8217;enseignement de l&#8217;histoire, au coeur de la primaire de la droite&#8221; (Thomas Legrand; son) : https:\/\/www.franceinter.fr\/emissions\/l-edito-politique\/l-edito-politique-26-septembre-2016\n\n-&#8220;A Calais, Fran\u00e7ois Hollande fait de la communication&#8221; (Bruno Retailleau, pr\u00e9sident LR de la r\u00e9gion Pays de Loire, invit\u00e9 de &#8220;Territoires d&#8217;Infos&#8221;; vid\u00e9o, amener le curseur sur 34:17) : http:\/\/www.sudradio.fr\/Politique\/L-interview-politique\/B.-Retailleau-A-Calais-Francois-Hollande-fait-de-la-communication\n\n-&#8220;A Fr\u00e9jus, nous avons adopt\u00e9 le label &#8220;Ma commune sans migrants&#8221;, contre l&#8217;avis des \u00e9lus R\u00e9publicains&#8221; (David Rachline, directeur de campagne FN de Marine Le Pen; face \u00e0 Micha\u00ebl Darmon; vid\u00e9o) : https:\/\/www.youtube.com\/watch?v=8c_98Nxd9eg\n\n<strong>-&#8220;Moi pr\u00e9sident. Jean-Eric, 34 ans, docteur en \u00e9conomie. Avec Herv\u00e9 Pauchon&#8221; (son) <\/strong> :  https:\/\/www.franceinter.fr\/emissions\/moi-president\/moi-president-26-septembre-2016\n\n<em>-R\u00e9alis\u00e9e \u00e0 la demande du CEVIPOV, l&#8217;enqu\u00eate \u00e9lectorale fran\u00e7aise (IPSOS) : <\/em> http:\/\/m.ipsos.fr\/decrypter-societe\/2016-09-26-enquete-electorale-francaise-vague-6-primaire-droite-l-ecart-se-resserre-entre-alain-juppe-et\n\n<strong>-&#8220;Le total Le Pen-M\u00e9lenchon d\u00e9passe les 40 %&#8221; (Bernard Sanan\u00e8s, pr\u00e9sident de l&#8217;institut Elabe, interrog\u00e9 par Pascal Pogam; vid\u00e9os) : <\/strong> http:\/\/www.lesechos.fr\/politique-societe\/politique\/0211328441186-sondages-2017-le-total-le-pen-melenchon-depasse-les-40-bernard-sananes-elabe-2030203.php\n\n-&#8220;Les Fran\u00e7ais sont le peuple le pus difficile \u00e0 gouverner du monde&#8221; (Alain Duhamel, invit\u00e9 de L\u00e9a Salam\u00e9; vid\u00e9os) : https:\/\/www.franceinter.fr\/emissions\/l-invite-de-7h50\/l-invite-de-7h50-26-septembre-2016\n\n<strong>EUROPE-MONDE<\/strong>\n\n<strong>-Les n\u00e9gociations sur le Trait\u00e9 transatlantique se poursuivent en d\u00e9pit des oppositions (Aline Robert)<\/strong> : http:\/\/www.euractiv.fr\/section\/l-europe-dans-le-monde\/news\/la-fronde-contre-le-ttip-naboutit-pas\/?nl_ref=21317709\n\n-&#8220;L&#8217;Union europ\u00e9enne risque d&#8217;\u00eatre exclue des d\u00e9cisions majeures sur le climat&#8221; (Georgi Gotev) : http:\/\/www.euractiv.fr\/section\/climat-environnement\/news\/europe-risks-exclusion-from-key-un-climate-body\/?nl_ref=21317709\n\n-L&#8217;agriculture europ\u00e9enne mise \u00e0 l&#8217;\u00e9preuve par &#8220;la croissance verte&#8221; (Daniel M\u00fctzel) : http:\/\/www.euractiv.fr\/section\/agriculture-alimentation\/news\/agrarpolitik-die-grenzen-des-gruenen-wachstums\/?nl_ref=21317709\n\n<strong>-L&#8217;interdiction de l&#8217;IVG en Europe, la r\u00e9action de la s\u00e9natrice communiste du Val-de-Marne Laurence Cohen <\/strong> : http:\/\/www.pcf.fr\/91818\n\n-Les d\u00e9saccords sur le Brexit se multiplient au sein du gouvernement britannique (Matthew Tempest) : http:\/\/www.euractiv.fr\/section\/royaume-uni-en-europe\/news\/commission-calm-in-face-of-uk-governments-conflicting-brexit-messages\/?nl_ref=21317709\n\n<strong>Aux \u00e9lections r\u00e9gionales en Galice et au Pays basque, le PP,  parti de Mariano Rajoy se maintien et le PSOE est devanc\u00e9 par Podemos (Fran\u00e7ois Musseau) : <\/strong> http:\/\/www.liberation.fr\/planete\/2016\/09\/26\/espagne-les-elections-regionales-renforcent-rajoy_1510657?xtor=EPR\n\n-L&#8217;ex-patron du FMI, Rodrigo Rato, accueilli par des hu\u00e9es \u00e0 son arriv\u00e9e au tribunal, dans la banlieue de Madrid (vid\u00e9o) : http:\/\/nr.news-republic.com\/Web\/ArticleWeb.aspx?regionid=2&#038;articleid=73781088\n\n<strong>-La capitale espagnole essaie de se d\u00e9faire des derni\u00e8res traces du franquisme (Anthony Bellanger; son) :<\/strong> https:\/\/www.franceinter.fr\/emissions\/les-histoires-du-monde\/les-histoires-du-monde-26-septembre-2016\n\n-Matteo Renzi demande \u00e0 Bruxelles plus d&#8217;aide et de souplesse pour la gestion des r\u00e9fugi\u00e9s et des d\u00e9ficits (Alberto Toscano; son) : https:\/\/www.franceinter.fr\/emissions\/meridien-d-europe\/meridien-d-europe-26-septembre-2016\n\n<strong>-Les pays de la route des Balkans s&#8217;organisent sans l&#8217;Union europ\u00e9enne (Georgi Gotev) :<\/strong> http:\/\/www.euractiv.fr\/section\/l-europe-dans-le-monde\/news\/balkan-route-nations-turn-away-from-eu-solutions-to-refugee-crisis\/?nl_ref=21317709\n\n-Les Serbes de Bosnie veulent leur F\u00eate nationale (vid\u00e9o) : http:\/\/nr.news-republic.com\/Web\/ArticleWeb.aspx?regionid=2&#038;articleid=73745073\n\n<strong>-&#8220;Le plan d&#8217;investissement pour l&#8217;Afrique pourrait rassembler 88 milliards d&#8217;euros&#8221; (Neven Mimica, commissaire europ\u00e9en au d\u00e9veloppement; propos recueillis par Matthew Tempest)<\/strong> : http:\/\/www.euractiv.fr\/section\/aide-au-developpement\/interview\/weds-mimica-europes-new-aid-plan-for-africa-could-reach-e88-billion\/?nl_ref=21317709\n\n-Les Suisses ont massivement r\u00e9pondu oui \u00e0 la surveillance de leurs communications t\u00e9l\u00e9phoniques (Amandine Seguin) : http:\/\/www.lexpress.fr\/actualite\/monde\/europe\/les-suisses-disent-un-grand-oui-a-la-loi-sur-le-renseignement_1834171.html?PMSRC_CAMPAIGN=2016\n\n-&#8220;En Turquie, on attend la lib\u00e9ralisation des visas d\u00e9but 2017&#8221; (Georgi Gotev) :  http:\/\/www.euractiv.fr\/section\/l-europe-dans-le-monde\/news\/experts-expect-visa-liberalisation-for-turkey-by-early-2017\/?nl_ref=21317709\n\n-A Istanbul, un rassemblement pour le droit des femmes \u00e0 porter un short (vid\u00e9o) : http:\/\/nr.news-republic.com\/Web\/ArticleWeb.aspx?regionid=2&#038;articleid=73733716\n\n-L&#8217;aide humanitaire livr\u00e9e dans quatre villes syriennes assi\u00e9g\u00e9es : http:\/\/www.lemonde.fr\/syrie\/article\/2016\/09\/26\/l-aide-humanitaire-livree-dans-quatre-villes-syriennes-assiegees_5003164_1618247.html\n\n<strong>-En Jordanie, jug\u00e9 pour &#8220;insulte&#8221; \u00e0 l&#8217;islam, l&#8217;\u00e9crivain Nahed Hattar assassin\u00e9 le jour de son proc\u00e8s (Isabelle Hanne et Hala Kodmani) : <\/strong> http:\/\/www.liberation.fr\/planete\/2016\/09\/25\/amman-juge-pour-insulte-a-l-islam-l-ecrivain-nahed-hattar-tue-le-jour-de-son-proces_1510163?xtor=EPR\n\n-&#8220;Nous sommes l&#8217;Am\u00e9rique&#8221; (Barack Obama a inaugur\u00e9 le mus\u00e9e de l&#8217;histoire afro-am\u00e9ricaine; vid\u00e9o) : http:\/\/culturebox.francetvinfo.fr\/expositions\/evenements\/obama-inaugure-le-musee-de-l-histoire-afro-americaine-nous-sommes-l-amerique-246459#xtor=EREC\n\n<strong>-Pour d\u00e9noncer les bavures polici\u00e8res, une femme noire se peint en blanc (Julie Rasplus; vid\u00e9o) <\/strong> :  http:\/\/www.francetvinfo.fr\/monde\/usa\/emeutes-a-charlotte\/video-cette-femme-noire-americaine-se-peint-en-blanc-pour-denoncer-les-bavures-policieres_1840035.html#xtor=EPR\n\n-Fusillades en s\u00e9rie (vid\u00e9o) : http:\/\/www.francetvinfo.fr\/monde\/usa\/etats-unis-fusillades-en-serie_1841725.html\n\n-&#8220;L&#8217;Am\u00e9rique en col\u00e8re&#8221; de Christine Ockrent (interrog\u00e9e par Dimitri Pavlenko; son) : http:\/\/www.sudradio.fr\/Podcasts\/L-invite-pour-comprendre\/Christine-Ockrent-auteure-de-Clinton-Trump-l-Amerique-en-colere\n\n-&#8220;A New York, les jeunes attendent Hillary Clinton au tournant&#8221; (Bertrand Gallicher; son) : https:\/\/www.franceinter.fr\/emissions\/le-zoom-de-la-redaction\/le-zoom-de-la-redaction-26-septembre-2016\n\n<strong>-Le d\u00e9clin de la classe moyenne (vid\u00e9o) :<\/strong> http:\/\/www.francetvinfo.fr\/monde\/usa\/etats-unis-le-declin-de-la-classe-moyenne_1843441.html\n\n-&#8220;La fulgurante ascension de Trump dans les sondages&#8221; (Sophie Amsili; infographie) : http:\/\/www.lefigaro.fr\/elections-americaines\/2016\/09\/26\/01040-20160926ARTFIG00111-la-fulgurante-ascension-du-candidat-donald-trump.php \n\n-Avant le premier des trois d\u00e9bats t\u00e9l\u00e9vis\u00e9s (chez Olivier Galzi sur iT\u00e9l\u00e9; vid\u00e9o) : http:\/\/www.itele.fr\/chroniques\/grand-decryptage-olivier-galzi\/le-grand-decryptage-du-26092016-170963\n\n<strong>-&#8220;Les cinq meilleurs moments du d\u00e9bat&#8221; (vid\u00e9os)<\/strong> : http:\/\/www.francetvinfo.fr\/monde\/usa\/presidentielle\/hillary-clinton\/videos-les-cinq-meilleurs-moments-du-debat-clinton-trump_1844027.html#xtor=EPR\n\n-&#8220;Les Etats-Unis face \u00e0 leur \u00e9chec syrien&#8221; (Bernard Guetta; son) : https:\/\/www.franceinter.fr\/emissions\/geopolitique\/geopolitique-26-septembre-2016\n\n<strong>-La Colombie signe la paix avec les Farc (vid\u00e9o) <\/strong> : http:\/\/nr.news-republic.com\/Web\/ArticleWeb.aspx?regionid=2&#038;articleid=73822474\n\n-Ta\u00efwan veut produire de l&#8217;\u00e9lectricit\u00e9 gr\u00e2ce au courant marin (vid\u00e9o) : http:\/\/nr.news-republic.com\/Web\/ArticleWeb.aspx?regionid=2&#038;articleid=73814679 \n\n<strong>-En Chine, \u00e0 l&#8217;\u00e9cole de l&#8217;arm\u00e9e rouge (vid\u00e9o):<\/strong> http:\/\/www.francetvinfo.fr\/monde\/chine\/chine-a-l-ecole-de-l-armee-rouge_1843449.html\n\n<strong>-&#8220;Le Rafale, la France, l&#8217;Inde et la prolif\u00e9ration nucl\u00e9aire&#8221; (Paul Quil\u00e8s) : <\/strong> http:\/\/paul.quiles.over-blog.com\/2016\/09\/le-rafale-la-france-l-inde-et-la-proliferation-nucleaire.html\n\n<strong>-&#8220;Comment la France a mang\u00e9 son chapeau en Inde&#8221; (Guillaume Delacroix; pi\u00e8ce jointe);<\/strong>\n\n-&#8220;Des emplois vont \u00eatre cr\u00e9\u00e9s gr\u00e2ce \u00e0 ce contrat&#8221; (Eric Trapier, PDG de Dassault Aviation; interrog\u00e9 par Nicolas Pierron; vid\u00e9o) : http:\/\/www.dailymotion.com\/video\/x4uqm47\n\n<strong>CULTURE-MEDIAS<\/strong>\n\n<strong>-Enfin disponible, l&#8217;interview d&#8217;Alain Badiou sur LCI ! (vid\u00e9o) :<\/strong> http:\/\/www.lci.fr\/replay\/replay-l-invite-de-lci-matin-du-23-septembre-2016-alain-badiou-2004682.html%3Ftype=content\n\n-&#8220;Charles X bient\u00f4t de retour dans le 9.3 ?&#8221; (pi\u00e8ce jointe);\n\n-Le 15 octobre, au Mus\u00e9e de l&#8217;Histoire vivante de Montreuil (93), &#8220;le Front populaire et la question coloniale&#8221; (en rendant son nom \u00e0 Anne Jollet, r\u00e9dactrice en chef des &#8220;Cahiers d&#8217;histoire&#8221; !) : http:\/\/www.politis.fr\/articles\/2016\/09\/le-front-populaire-et-la-question-coloniale-35428\/\n\n<strong>-Ce qu&#8217;elle a dit de la BD de Gr\u00e9gory Jarry &#8220;Petite histoire de la R\u00e9volution fran\u00e7aise&#8221;, \u00e0 la relecture historique de laquelle elle a collabor\u00e9 (propos recueillis par H\u00e9lo\u00efse Morel) <\/strong> : https:\/\/actualite-poitou-charentes.info\/anne-jollet-histoire-et-bd-changer-la-focale\/\n\n-Au MuCEM de Marseille, les vendredi 30 septembre et dimanche 2 octobre, &#8220;What Nature Says&#8221; de Myriam Van Imschoot : http:\/\/www.mucem.org\/node\/4526\n\n<strong>-A l&#8217;H\u00f4tel de Sully, Mozart et Bach par l&#8217;Orchestre de Chambre de Paris (vid\u00e9o) : <\/strong> http:\/\/culturebox.francetvinfo.fr\/live\/musique\/musique-classique\/mozart-bach-par-l-orchestre-de-chambre-de-paris-245973\n\n-&#8220;Au commencement \u00e9tait la photographe Diane Arbus&#8221; (Dominique Poiret) : http:\/\/next.liberation.fr\/arts\/2016\/09\/26\/au-commencement-etait-diane-arbus_1509619?xtor=EPR\n\n<strong>-Les plus grands th\u00e8mes d&#8217;Ennio Morricone pour le cin\u00e9ma (Eric Delhaye; sons) :<\/strong> http:\/\/www.telerama.fr\/sortir\/ennio-morricone-ses-plus-grands-themes-pour-le-cinema,147723.php#xtor=EPR\n\n<strong>-Vladimir Cosma part en tourn\u00e9e, \u00e0 la t\u00eate de l&#8217;orchestre national de Roumanie, avec ses musiques de films (vid\u00e9o) : <\/strong> http:\/\/www.rtl.fr\/culture\/musique\/vladimir-cosma-en-tournee-je-me-reserve-de-la-place-pour-la-nouveaute-7784994302\n\n-&#8220;10 (petites) choses que vous ne savez (peut-\u00eatre) pas sur George Gershwin (Nathalie Moller; vid\u00e9o) : http:\/\/www.francemusique.fr\/classique\/10-petites-choses-que-vous-ne-savez-peut-etre-pas-sur-george-gershwin-142299\n\n-Isabelle Aubret fera ses adieux le 3 octobre \u00e0 l&#8217;Olympia (son) : http:\/\/www.rtl.fr\/actu\/societe-faits-divers\/isabelle-aubret-je-prefere-que-les-gens-se-disent-elle-aurait-pu-rester-un-petit-peu-7784973632\n\n<strong>-&#8220;Fran\u00e7oise Hardy, la disc\u00e8te&#8221; sur Arte (vid\u00e9o)<\/strong> : http:\/\/www.arte.tv\/guide\/fr\/064471-000-A\/francoise-hardy\n\n-&#8220;Le Rouge et le Noir&#8221;, la chanteuse Zazie invite Stendhal dans le monde de la com\u00e9die musicale (Jean-Fran\u00e7ois Lixon; vid\u00e9o) : http:\/\/culturebox.francetvinfo.fr\/scenes\/comedie-musicale\/le-rouge-et-le-noir-zazie-invite-stendhal-dans-le-monde-de-la-comedie-musicale-246451#xtor=EREC\n\n-La disparition de l&#8217;accord\u00e9oniste am\u00e9ricain Buckwheat Zydeco (vid\u00e9o) : http:\/\/culturebox.francetvinfo.fr\/musique\/musiques-du-monde\/mort-de-l-accordeoniste-buckwheat-zydeco-246469#xtor=EREC\n\n-Celle d&#8217;Anne Germain, la voix chant\u00e9e de Catherine Deneuve dans &#8220;Peau d&#8217;Ane&#8221; et &#8220;Les Demoiselles de Rochefort&#8221; (vid\u00e9o) : http:\/\/www.francemusique.fr\/emission\/42e-rue\/2016-2017\/hommage-anne-germain-une-voix-fantome-francaise-09-25-2016-11-00\n\n-Sa carri\u00e8re : http:\/\/danslombredesstudios.blogspot.fr\/\n\n-&#8220;The Dizzy Brains&#8221;, les rockers de Madagascar (vid\u00e9o) : http:\/\/www.rfi.fr\/video\/20160922-the-dizzy-brains-rockeurs-madagascar-decouvrir\n\n-L&#8217;artiste malien Sidiki Diabate chante &#8220;Douaou Djabira&#8221; (vid\u00e9o) : http:\/\/www.rfi.fr\/video\/20160922-sidiki-diabate-chante-douaou-djabira-couleurs-tropicales1\n\n-&#8220;Laisser passer&#8221; par le congolais Diblo Dibala (vid\u00e9o) : http:\/\/www.rfi.fr\/video\/20160922-diblo-dibala-chante-laissez-passer-couleurs-tropicales-rfi\n\n<strong>-&#8220;Il y a 25 ans, les derni\u00e8res heures d&#8217;insouciance de l&#8217;underground am\u00e9ricain&#8221; (Romain Jeanticou; vid\u00e9os) <\/strong> : http:\/\/www.telerama.fr\/musique\/il-y-a-vingt-cinq-ans-les-dernieres-heures-d-insouciance-de-l-underground-americain,147154.php#xtor=EPR\n\n-&#8220;Sur France Inter, avec &#8220;Moi Pr\u00e9sident&#8221;, on ira tous \u00e0 l&#8217;Elys\u00e9e&#8221; (Aude Dassonville) : http:\/\/www.telerama.fr\/radio\/sur-france-inter-on-ira-tous-a-l-elysee,147533.php#xtor=EPR\n\n-Le d\u00e9c\u00e8s de Jean Boissonnat, cofondateur de &#8220;l&#8217;Expansion&#8221; : http:\/\/culturebox.francetvinfo.fr\/livres\/evenements\/deces-du-journaliste-et-essayiste-jean-boissonnat-246475#xtor=EREC\n\n-Face \u00e0 Jacques Chirac en avril 1988 (son) : https:\/\/www.franceinter.fr\/emissions\/le-7h43\/le-7h43-26-septembre-2016\n\n-Pour Canal +, &#8220;les bricolages de Vincent Bollor\u00e9&#8221; (Olivier Ubertalli) : http:\/\/www.lepoint.fr\/medias\/canal-les-bricolages-de-vincent-bollore-26-09-2016-2071300_260.php?M_BT\n\n-&#8220;Le Grand Journal&#8221; redevient enti\u00e8rement en clair&#8221; (vid\u00e9o) : http:\/\/www.europe1.fr\/emissions\/la-revue-de-presque\/sarkozy-raconte-la-meche-dalain-juppe-2856523\n\n-&#8220;Canal + n&#8217;a pas communiqu\u00e9 sur mon changement de cha\u00eene&#8221; (Thierry Ardisson; son) : http:\/\/www.europe1.fr\/emissions\/l-invite-medias\/thierry-ardisson-canal-na-pas-communique-sur-mon-changement-de-chaine-2856583\n\n<strong>-&#8220;La presse magazine a-t-elle un sexe ?&#8221; chez Sonia Devillers (vid\u00e9o) : <\/strong> http:\/\/www.dailymotion.com\/video\/x4uqr4o_grazia-la-presse-magazine-a-t-elle-un-sexe_news\n\n-Sur Arte, jusqu&#8217;au 7 octobre, Catherine Deneuve lit des tweets acides sur le milieu de la mode (Lucas Armati; vid\u00e9os) : http:\/\/television.telerama.fr\/television\/catherine-deneuve-lit-la-mode-dire-du-mal-ca-fait-du-bien,147525.php#xtor=EPR\n\n-15 photos pour nous rappeler notre pass\u00e9&#8230;de r\u00e9fugi\u00e9s (Denis Gentile) : http:\/\/positivr.fr\/migrants-refugies-europeens-photos-colorisees-guerre-mondiale-immigration\/\n\n-L&#8217;interview de Kad Merad par Yann Barthes dans &#8220;Quotidien&#8221; (vid\u00e9o) : http:\/\/www.tf1.fr\/tmc\/quotidien-avec-yann-barthes\/videos\/l-interview-kad-merad-l-acteur-a-succes.html\n\n-L&#8217;offensive m\u00e9diatique de Nicolas Sarkozy dans la m\u00eame \u00e9mission (vid\u00e9o) : http:\/\/www.tf1.fr\/tmc\/quotidien-avec-yann-barthes\/videos\/l-offensive-mediatique-de-nicolas-sarkozy.html\n\n<strong>-&#8220;Un Conseil de chefs am\u00e9rindiens a offert une amnistie partielle \u00e0 220 millions d&#8217;immigrants blancs ill\u00e9gaux vivant dans le pays&#8221; &#8216;Axel Leclercq) : <\/strong> http:\/\/positivr.fr\/indiens-amerique-sans-papiers-blancs\/\n\n<strong>-&#8220;La manif pour tous, c&#8217;est reparti comme en 40 !&#8221; (Sophia Aram; vid\u00e9o) :  <\/strong> http:\/\/www.dailymotion.com\/video\/x4uqb01_c-est-reparti-comme-en-40-le-billet-de-sophia-aram_fun\n\n<strong>-&#8220;Je m&#8217;appr\u00eate \u00e0 sauter dans  le vide&#8230; dans le programme d&#8217;Emmanuel Macron&#8221; (Charline Vanhoenacker; vid\u00e9o) : <\/strong> http:\/\/www.dailymotion.com\/video\/x4uq33t_charline-se-lance-dans-le-vide-dans-le-programme-de-macron-le-billet-de-charline_fun\n\n<strong>-&#8220;Sarkozy raconte la m\u00e8che d&#8217;Alain Jupp\u00e9&#8221; (Nicolas Canteloup, en pr\u00e9sence de Nicolas Sarkozy; vid\u00e9o) <\/strong> :  http:\/\/www.europe1.fr\/emissions\/la-revue-de-presque\/sarkozy-raconte-la-meche-dalain-juppe-2856523\n<h2 class=\"wp-block-heading\">Documents joints<\/h2>\n\n\n\n<div class=\"wp-block-file\"><a href=\"https:\/\/wp.muchomaas.com\/wp-content\/uploads\/2016\/09\/rafale-0ea.pdf\">rafale.pdf<\/a><\/div>\n\n\n\n<div class=\"wp-block-file\"><a href=\"https:\/\/wp.muchomaas.com\/wp-content\/uploads\/2016\/09\/figaro_article-93d.pdf\">figaro_article.pdf<\/a><\/div>\n\n\n","protected":false},"excerpt":{"rendered":"<p>ACTUALITE -&#8220;Tr\u00e8s forte hausse du ch\u00f4mage en ao\u00fbt&#8221; (Alain Ruello) : http:\/\/www.lesechos.fr\/economie-france\/social\/0211329402763-chomage-tres-forte-hausse-en-aout-2030286.php &#8211;&#8220;Le ch\u00f4mage repart \u00e0 la hausse&#8230;et les droits \u00e0 la baisse ?&#8221; (la CGT) : http:\/\/www.cgt.fr\/Le-chomage-repart-a-la-hausse-et.html -&#8220;Un coup de massue pour Fran\u00e7ois Hollande&#8221; (vid\u00e9o) : http:\/\/www.francetvinfo.fr\/economie\/emploi\/chomage\/hausse-du-chomage-un-coup-de-massue-pour-francois-hollande_1843451.html -La gr\u00e8ve des m\u00e9decins hospitaliers : http:\/\/www.lesechos.fr\/politique-societe\/societe\/0211327152652-les-medecins-hospitaliers-appeles-a-une-greve-massive-ce-lundi-2030179.php#xtor=EPR- -A l&#8217;initiative des anesth\u00e9sistes (vid\u00e9o) : https:\/\/www.youtube.com\/watch?v=WB7H1qWOIZM -La journ\u00e9e mondiale [&hellip;]<\/p>\n","protected":false},"author":1042,"featured_media":0,"comment_status":"open","ping_status":"open","sticky":false,"template":"","format":"standard","meta":{"_themeisle_gutenberg_block_has_review":false,"footnotes":""},"categories":[151],"tags":[],"class_list":["post-9880","post","type-post","status-publish","format-standard","hentry","category-la-revue-de-presse-de-lulu"],"_links":{"self":[{"href":"https:\/\/archives.regards.fr\/index.php?rest_route=\/wp\/v2\/posts\/9880","targetHints":{"allow":["GET"]}}],"collection":[{"href":"https:\/\/archives.regards.fr\/index.php?rest_route=\/wp\/v2\/posts"}],"about":[{"href":"https:\/\/archives.regards.fr\/index.php?rest_route=\/wp\/v2\/types\/post"}],"author":[{"embeddable":true,"href":"https:\/\/archives.regards.fr\/index.php?rest_route=\/wp\/v2\/users\/1042"}],"replies":[{"embeddable":true,"href":"https:\/\/archives.regards.fr\/index.php?rest_route=%2Fwp%2Fv2%2Fcomments&post=9880"}],"version-history":[{"count":0,"href":"https:\/\/archives.regards.fr\/index.php?rest_route=\/wp\/v2\/posts\/9880\/revisions"}],"wp:attachment":[{"href":"https:\/\/archives.regards.fr\/index.php?rest_route=%2Fwp%2Fv2%2Fmedia&parent=9880"}],"wp:term":[{"taxonomy":"category","embeddable":true,"href":"https:\/\/archives.regards.fr\/index.php?rest_route=%2Fwp%2Fv2%2Fcategories&post=9880"},{"taxonomy":"post_tag","embeddable":true,"href":"https:\/\/archives.regards.fr\/index.php?rest_route=%2Fwp%2Fv2%2Ftags&post=9880"}],"curies":[{"name":"wp","href":"https:\/\/api.w.org\/{rel}","templated":true}]}}