{"id":9877,"date":"2016-09-26T06:33:00","date_gmt":"2016-09-26T04:33:00","guid":{"rendered":"https:\/\/wp.muchomaas.com\/article-la-revue-du-26-septembre-2016\/"},"modified":"2016-09-26T06:33:00","modified_gmt":"2016-09-26T04:33:00","slug":"article-la-revue-du-26-septembre-2016","status":"publish","type":"post","link":"https:\/\/archives.regards.fr\/?p=9877","title":{"rendered":"La Revue du 26 septembre 2016"},"content":{"rendered":"<p><strong>ACTUALITE<\/strong><\/p>\n<p>-&#8220;Construire ensemble une culture de paix&#8221; (Pierre Laurent, samedi dernier \u00e0 Paris; vid\u00e9o) : https:\/\/www.youtube.com\/watch?v=r7eZM5Sqm7Y&#038;app=desktop<\/p>\n<p><em>-&#8220;Le d\u00e9sarmement est-il dans l&#8217;ADN de la France ?&#8221; (un communiqu\u00e9 d&#8217;Initiative pour le D\u00e9sarmement Nucl\u00e9aire) <\/em> : http:\/\/2b9e8.r.ca.d.sendibm2.com\/2xflopql1kzf.html<\/p>\n<p><strong>-Jusqu&#8217;au 1er octobre, \u00e0 la Bourse du Travail de Paris, &#8220;4 mois contre la loi Travail&#8221; (l&#8217;exposition des photographes qui ont couvert les manifestations; Patricia Martin; son) <\/strong> : https:\/\/www.franceinter.fr\/emissions\/la-photo-de-la-semaine\/la-photo-de-la-semaine-24-septembre-2016<\/p>\n<p>-Samedi, Belfort s&#8217;est mobilis\u00e9 pour Alstom (vid\u00e9o) : https:\/\/www.youtube.com\/watch?v=ItzHlo4jcuw<\/p>\n<p><strong>-Des milliers dans les rues de la ville (vid\u00e9o) : <\/strong> http:\/\/www.francetvinfo.fr\/economie\/entreprises\/alstom\/video-des-milliers-de-personnes-defilent-a-belfort-contre-la-fermeture-d-alstom_1840325.html<\/p>\n<p>-Olivier Kohler, d\u00e9l\u00e9gu\u00e9 CFDT de l&#8217;entreprise (son) : https:\/\/www.franceinter.fr\/emissions\/itw-societe-civile\/itw-societe-civile-25-septembre-2016<\/p>\n<p><strong>-Laurent Berger, secr\u00e9taire de la CFDT, \u00e9tait l&#8217;invit\u00e9 de la nouvelle \u00e9mission de Nicolas Demorand sur France Inter &#8220;Questions Politiques&#8221; (vid\u00e9os) : <\/strong> https:\/\/www.franceinter.fr\/emissions\/questions-politiques\/questions-politiques-25-septembre-2016<\/p>\n<p>-&#8220;Le d\u00e9ficit de la S\u00e9curit\u00e9 sociale se r\u00e9duit fortement mais rien n&#8217;est jou\u00e9&#8221; (l&#8217;\u00e9conomiste Fr\u00e9d\u00e9ric Bizard; vid\u00e9o) : https:\/\/www.youtube.com\/watch?v=-9qAJTQwZAw<\/p>\n<p><strong>-&#8220;Un retour \u00e0 l&#8217;\u00e9quilibre qui traduit la poursuite de la politique d&#8217;aust\u00e9rit\u00e9&#8221; (la CGT) : <\/strong> http:\/\/www.cgt.fr\/Un-retour-a-l-equilibre-des.html<\/p>\n<p>-Quand les \u00e9tudiants logent chez l&#8217;habitant pour faire des \u00e9conomies (vid\u00e9o) :<br \/>\nhttp:\/\/www.lci.fr\/replay\/sept-a-huit-life-quand-les-etudiants-se-logent-chez-l-habitant-pour-faire-des-economies-2004590.html%3Ftype=content<\/p>\n<p>-La place de la voiture \u00e0 Paris (vid\u00e9o pendant 6 jours) : http:\/\/pluzz.francetv.fr\/videos\/transportez_moi_,146445504.html<\/p>\n<p><em>-Ce qu&#8217;en pensent les Parisiens (IFOP) :<\/em> http:\/\/www.ifop.com\/?option=com_publication&#038;type=poll&#038;id=3500<\/p>\n<p>-&#8220;La Programmation pluriannuelle de l&#8217;\u00e9nergie&#8221;, une consultation capitale&#8221; : http:\/\/www.humanite-biodiversite.fr\/document\/la-programmation-pluriannuelle-de-l-energie-ppe-une-consultation-publique-capitale<\/p>\n<p><em>-Le projet de S\u00e9gol\u00e8ne Royal (document)<\/em> : http:\/\/www.consultations-publiques.developpement-durable.gouv.fr\/projet-de-programmation-pluriannuelle-de-l-energie-a1526.html<\/p>\n<p>-&#8220;Quand les d\u00e9chets des oc\u00e9ans deviennent des v\u00eatements (vid\u00e9o) : http:\/\/www.francetvinfo.fr\/monde\/environnement\/video-thalassa-quand-les-dechets-des-oceans-deviennent-des-vetements_1840207.html#xtor=EPR<\/p>\n<p>-Des jardins dans les villes (vid\u00e9o) : http:\/\/www.francetvinfo.fr\/replay-radio\/jardin\/jardins-quand-la-nature-s-invite-en-ville_1840347.html#xtor=EPR-744<\/p>\n<p><strong>-L&#8217;agro-\u00e9cologie, Marc Dufumier, ing\u00e9nieur agronome et Fabien Perrot, directeur de la bergerie nationale de Rambouillet; invit\u00e9s de Fabienne Chauvi\u00e8re (son) :<\/strong> https:\/\/www.franceinter.fr\/emissions\/les-savanturiers\/les-savanturiers-04-septembre-2016<\/p>\n<p><em>-Les Fran\u00e7ais et la gastronomie (IFOP)<\/em> : http:\/\/www.ifop.com\/?option=com_publication&#038;type=poll&#038;id=3498<\/p>\n<p>-A Lyon, une montagne de chaussures pour parler de Syrie (vid\u00e9o) : http:\/\/www.francetvinfo.fr\/france\/lyon-une-montagne-de-chaussures-pour-parler-de-syrie_1841141.html<\/p>\n<p><strong>-&#8220;Juifs de France, en plein doute&#8221; (&#8220;13H15 le dimanche&#8221;; vid\u00e9o) : <\/strong> http:\/\/www.francetvinfo.fr\/replay-magazine\/france-2\/13h15\/13h15-du-dimanche-25-septembre-2016_1830513.html<\/p>\n<p>-&#8220;Ghada Hatem, une gyn\u00e9cologue libanaise qui r\u00e9pare les femmes excis\u00e9es (propos recueillis par Brigitte Marti et Joachim Cairaschi; vid\u00e9o) : http:\/\/www.50-50magazine.fr\/2016\/09\/23\/ghada-hatem-une-gynecologue-qui-repare-les-femmes-excisees\/<\/p>\n<p><strong>-La d\u00e9fiance des \u00e9l\u00e8ves d&#8217;un lyc\u00e9e de Garges-l\u00e8s-Gonesse (95) et leur perm\u00e9abilit\u00e9 aux th\u00e9ories du complot (Denis Leguen, professeur d&#8217;histoire-g\u00e9ographie, interrog\u00e9 par Emmanuelle Daviet; son) : <\/strong> https:\/\/www.franceinter.fr\/emissions\/interclass\/interclass-25-septembre-2016<\/p>\n<p>-&#8220;Les jeunes de banlieue mangent-t-ils les enfants&#8221; (le politologue Thomas Guinol\u00e9, invit\u00e9 de &#8220;Dimanche Politique&#8221;, interrog\u00e9 par Philippe Lecaplain; son) : http:\/\/www.rfi.fr\/emission\/20160327-france-guenole-politologue-jeunes-banlieue-mangent-enfants<\/p>\n<p><strong>-&#8220;Nous voulons vivre comme des gens normaux&#8221; (Sami, r\u00e9fugi\u00e9 syrien, dans &#8220;l&#8217;Invit\u00e9 des Matins&#8221; de Guillaume Erner sur France Culture (sons) : <\/strong> http:\/\/www.franceculture.fr\/emissions\/linvite-des-matins\/accueillir-les-migrants-emission-speciale-en-direct-de-saint-brevin-les#xtor=EPR                                                                                                    http:\/\/www.franceculture.fr\/emissions\/linvite-des-matins-2eme-partie\/accueillir-les-migrants-emission-speciale-en-direct-de<\/p>\n<p>-Fran\u00e7ois Hollande au centre d&#8217;accueil de r\u00e9fugi\u00e9s de Tour  (vid\u00e9o) : http:\/\/www.elysee.fr\/videos\/rencontre-au-centre-d-accueil-et-d-orientation-de-refugies-a-tours\/<\/p>\n<p><strong>-En Loire Atlantique, des familles d&#8217;accueil pour de jeunes migrants isol\u00e9s (vid\u00e9o) : <\/strong> http:\/\/nr.news-republic.com\/Web\/ArticleWeb.aspx?regionid=2&#038;articleid=73689218<\/p>\n<p>-&#8220;Affaire Kerviel, rappel des faits avant le verdict de la Cour d&#8217;appel&#8221; (vid\u00e9o) : http:\/\/www.france2.fr\/emissions\/actuality\/videos\/rappel_des_faits_laffaire_kerviel_-_actuality_22-09-2016_1290221?onglet=tous&#038;page=1<\/p>\n<p>-&#8220;Je veux rendre l&#8217;honneur du nom de famille qui m&#8217;a \u00e9t\u00e9 vol\u00e9 le 24 janvier 2008&#8221; (J\u00e9r\u00f4me Kerviel; son et vid\u00e9o) : http:\/\/www.francetvinfo.fr\/societe\/justice\/jerome-kerviel\/jerome-kerviel-je-veux-rendre-l-honneur-du-nom-de-famille-qui-m-a-ete-vole-le-24-janvier-2008_1838093.html#xtor=EPR<\/p>\n<p><strong>-Questions \u00e0 un m\u00e9decin l\u00e9giste sur le d\u00e9c\u00e8s d&#8217;Adama Traor\u00e9 (LeDoc) <\/strong>  :  http:\/\/blog.francetvinfo.fr\/police\/2016\/09\/23\/deces-dadama-traore-questions-autour-des-autopsies.html#xtor=EPR<\/p>\n<p>-Des juges d&#8217;instruction vont enqu\u00eater sur le scandale de la D\u00e9pakine : http:\/\/www.francetvinfo.fr\/sante\/grossesse\/depakine\/des-juges-d-instruction-vont-enqueter-sur-le-scandale-de-la-depakine-un-antiepileptique-presentant-des-risques-pour-la-sante-du-foetus_1838627.html#xtor=EPR-51<\/p>\n<p>-&#8220;Bygmalion, et maintenant des e-mails cach\u00e9s&#8221; (Laurent Valdigui\u00e9) : http:\/\/www.lejdd.fr\/Societe\/Bygmalion-et-maintenant-les-e-mails-caches-812221<\/p>\n<p><strong>-Les PV d&#8217;audition de l&#8217;affaire di Falco (Laeticia Saavedra) :<\/strong> https:\/\/www.franceinter.fr\/justice\/secrets-d-info<\/p>\n<p><strong>POLITIQUE<\/strong><\/p>\n<p><strong>-Jean-Luc M\u00e9lenchon, premier invit\u00e9 de la nouvelle \u00e9mission de Laurence Ferrari &#8220;Punchline&#8221; (vid\u00e9o) <\/strong> : http:\/\/www.c8.fr\/c8-info\/pid8591-c8-punchline.html?vid=1417331<\/p>\n<p>-&#8220;Ensemble contre M\u00e9lenchon&#8221; (texte collectif) : http:\/\/fischer02003.over-blog.com\/2016\/09\/ensemble-contre-melenchon.html<\/p>\n<p>-&#8220;Il faut rendre l&#8217;\u00e9cologie bienveillante&#8221; (Yannick Jadot, eurod\u00e9put\u00e9 \u00e9cologiste, candidat \u00e0 la primaire; face \u00e0 Wendy Bouchard; son) : http:\/\/www.europe1.fr\/emissions\/l-interview-politique-du-week-end\/yannick-jadot-il-faut-rendre-lecologie-politique-bienveillante-2855185<\/p>\n<p>-Quatre \u00e9lus \u00e9cologistes ne croient pas en cette primaire : http:\/\/blogs.mediapart.fr\/edition\/les-invites-de-mediapart\/article\/230916\/que-penser-de-la-primaire-des-ecologistes-et-de-la-presidentielle-de-2017?utm_source=global&#038;utm_medium=social&#038;utm_campaign=<\/p>\n<p>-&#8220;Fran\u00e7ois Hollande perdra la primaire. Il n&#8217;a pas fait son examen de conscience. Nicolas Sarkozy s&#8217;inspire de Donald Trump&#8221;  (Beno\u00eet Hamon, d\u00e9put\u00e9 PS des Yvelines, invit\u00e9 du &#8220;Grand Jury RTL&#8221;; vid\u00e9os) :  http:\/\/www.rtl.fr\/actu\/politique\/benoit-hamon-francois-hollande-perdra-la-primaire-7784987267<\/p>\n<p><strong>-&#8220;La gauche a fait son travail. Le bilan social de ce quinquennat, il est absolument formidable&#8221; (Marisol Touraine, interrog\u00e9e par Francis Letellier dans &#8220;Dimanche en Politique&#8221; (vid\u00e9o pendant 6 jours) : <\/strong> http:\/\/m.pluzz.francetv.fr\/videos\/dimanche_en_politique_,146056623.html<\/p>\n<p>-&#8220;A sept mois du vote, Hollande pris en \u00e9tau entre M\u00e9lenchon et Macron&#8221; (Pierre-Alain Furbury; vid\u00e9os) : http:\/\/www.lesechos.fr\/elections\/presidentielle-2017\/0211318665835-presidentielle-2017-hollande-pris-en-etau-entre-melenchon-et-macron-a-sept-mois-du-vote-2029486.php#xtor=EPR<\/p>\n<p>-Un r\u00e9f\u00e9rendum sur l&#8217;Europe, &#8220;une tr\u00e8s mauvaise m\u00e9thode qui divise, qui blesse, qui simplifie, qui d\u00e9forme et qui d\u00e9sinforme&#8221; (Pierre Moscovici, commissaire europ\u00e9en PS, qui met en garde les candidats &#8220;tent\u00e9s de s&#8217;affranchir de la r\u00e8gle des 3% de d\u00e9ficit; invit\u00e9 du &#8220;Grand Rendez-vous d&#8217;Europe 1&#8221;; vid\u00e9o) : http:\/\/www.itele.fr\/magazines\/grand-rendez-vous-politique-darmon\/pierre-moscovici-quils-oublient-le-referendum-170912<\/p>\n<p><strong>-&#8220;Je me prononcerai quand nous serons arriv\u00e9s au bout de ce travail, pour la fin du mois de novembre. Je veux que ces id\u00e9es (celles &#8220;des r\u00e9formistes europ\u00e9ens&#8221;) gagnent&#8221;. Alain Jupp\u00e9 &#8220;a raison de souligner que le d\u00e9bat politique n&#8217;est pas au niveau d&#8217;exigence intellectuelle, id\u00e9ologique et de responsabilit\u00e9 qui est le n\u00f4tre&#8221;. &#8220;L&#8217;avenir de la France passera par l&#8217;Europe&#8221; (Emmanuel Macron, interrog\u00e9 par Ruth Elkrief, en marge du meeting de Lyon; vid\u00e9os) : <\/strong> http:\/\/www.bfmtv.com\/mediaplayer\/video\/prsidentielle-emmanuel-macron-acclre-sa-marche-12-870603.html<br \/>\nhttp:\/\/www.bfmtv.com\/mediaplayer\/video\/presidentielle-emmanuel-macron-accelere-sa-marche-2-2&#8211;870609.html<\/p>\n<p>-&#8220;Il n&#8217;est plus ministre, il va peut-\u00eatre avoir un autre destin. Le gouvernement a peur d&#8217;Emmanuel Macron, ce qui montre un certain d\u00e9sarroi. Je lui consacre deux jours par semaine. Au PS, certains sont rest\u00e9s aux ann\u00e9es 1930, d&#8217;autres aux ann\u00e9es 1980. Avec les r\u00e9fugi\u00e9s, je ne veux pas que se cr\u00e9ent des bidonvilles. Je revendique le cumul des mandats&#8221; (G\u00e9rard Collomb, s\u00e9nateur-maire PS de Lyon, invit\u00e9 de &#8220;On n&#8217;est pas couch\u00e9&#8221;; vid\u00e9o) : http:\/\/www.france2.fr\/emissions\/on-n-est-pas-couche\/videos\/gerard_collomb_-_on_nest_pas_couche_24_septembre_2016_onpc_24-09-2016_1292197?onglet=tous&#038;page=1<\/p>\n<p>-&#8220;Beaucoup de choses nous rapprochent du Modem. Je suis partisane d&#8217;un candidat qui incarne le centre. C&#8217;est la primaire de la droite, pas du Centre. J&#8217;irai vot\u00e9 pour NKM ou pour Alain Jupp\u00e9&#8221; (Chantal Jouanno, s\u00e9natrice UDI de Paris; interrog\u00e9e par Pierre Weill; son) : https:\/\/www.franceinter.fr\/emissions\/l-interview-politique\/l-interview-politique-24-septembre-2016<\/p>\n<p>-&#8220;L&#8217;UDI n&#8217;exclut pas de pr\u00e9senter un candidat apr\u00e8s la primaire&#8221; (sur iT\u00e9l\u00e9; vid\u00e9o) : http:\/\/www.itele.fr\/politique\/video\/chantal-jouanno-ludi-nexclut-pas-de-presenter-un-candidat-apres-la-primaire-170902<\/p>\n<p>-&#8220;La question des r\u00e9fugi\u00e9s obstrue le d\u00e9bat pr\u00e9sidentiel&#8221; (Jean-Christophe Lagarde, pr\u00e9sident de l&#8217;UDI, invit\u00e9 de la matinale de Franceinfo; son et vid\u00e9o) : http:\/\/www.francetvinfo.fr\/replay-radio\/8h30-politique\/jean-christophe-lagarde-udi-la-question-des-refugies-obstrue-le-debat-presidentiel_1829657.html<\/p>\n<p>-&#8220;Fran\u00e7ois Bayrou dresse le proc\u00e8s de l&#8217;obsession identitaire de Nicolas Sarkozy&#8221; (Matthieu Goar) : http:\/\/www.lemonde.fr\/politique\/article\/2016\/09\/25\/francois-bayrou-dresse-le-proces-de-l-obsession-identitaire-de-nicolas-sarkozy_5003075_823448.html<\/p>\n<p><em>-Les Fran\u00e7ais et Fran\u00e7ois Bayrou (ODOXA)<\/em> : http:\/\/www.odoxa.fr\/crible-f-bayrou-les-francais-lapprecient-mais-ne-pensent-pas-quil-ferait-un-bon-president\/<\/p>\n<p><em>-Majoritairement, ils estiment que Jupp\u00e9 est l&#8217;h\u00e9ritier de Chirac (IFOP) : <\/em> http:\/\/www.lejdd.fr\/Politique\/Les-Francais-estiment-majoritairement-qu-Alain-Juppe-est-l-heritier-de-Jacques-Chirac-812038<\/p>\n<p>-&#8220;Je ne me reconnais pas dans cette France \u00e9clat\u00e9e. Il faut que nous arrivions \u00e0 penser la Nation, ce que nous avons en commun plut\u00f4t que ces comm\u00e9morations particuli\u00e8res&#8221; (Rama Yade, invit\u00e9e du &#8220;Brunch Politique&#8221; de Louis Morin sur Sud Radio; son) : http:\/\/www.sudradio.fr\/Podcasts\/Le-Brunch-Politique\/Rama-Yade2<\/p>\n<p><strong>-&#8220;Nicolas Sarkozy a pris ses responsabilit\u00e9s et a rassembl\u00e9 sa famille politique. Il y a besoin de France en Europe. Je ne crois pas \u00e0 un sursaut de la gauche pour faire barrage \u00e0 Sarkozy dans la primaire. Ce qui compte, c&#8217;est d&#8217;\u00eatre le plus utile&#8221; (Fran\u00e7ois Baroin, s\u00e9nateur LR de l&#8217;Aube; invit\u00e9 de &#8220;BFM Politique&#8221;; vid\u00e9os) : <\/strong> http:\/\/www.bfmtv.com\/mediaplayer\/video\/les-republicains-nicolas-sarkozy-a-pris-ses-responsabilites-et-a-rassemble-sa-famille-politique-francois-baroin-870641.html<br \/>\nhttp:\/\/www.bfmtv.com\/mediaplayer\/video\/questions-d-eco-il-y-a-un-besoin-de-france-en-europe-francois-baroin-870647.html<br \/>\nhttp:\/\/www.bfmtv.com\/mediaplayer\/video\/baroin-ne-croit-pas-en-un-sursaut-de-la-gauche-pour-faire-barrage&#8211;sarkozy&#8211;la-primaire-870635.html           http:\/\/www.bfmtv.com\/mediaplayer\/video\/ce-qui-compte-cest-dtre-le-plus-utile-choisir-dtre-candidat&#8211;llection-prsidentielle-est-une-dcision-trs-lourde-franois-baroin-870653.html<\/p>\n<p>-Son face \u00e0 face avec Madjid Si Hocine, docteur \u00e0 Brie-sur-Marne (94; vid\u00e9o) : http:\/\/www.bfmtv.com\/mediaplayer\/video\/madjid-si-hocine-face-a-francois-baroin-le-cancer-c-est-de-dire-que-le-probleme-c-est-l-immigration-et-l-islam&#8211;870655.html<\/p>\n<p>-&#8220;Alors que la d\u00e9fiance est immense, certains font le choix de la politique et du militantisme&#8221; (t\u00e9moignages; sons) : http:\/\/www.franceculture.fr\/emissions\/hashtag\/la-politique-ca-ete-un-coup-de-foudre-radical#xtor=EPR<\/p>\n<p>-Alain Jupp\u00e9 face \u00e0 Aristote, &#8220;l&#8217;art d&#8217;\u00eatre heureux&#8221; (G\u00e9raldine Mosna-Savoye; son) : http:\/\/www.franceculture.fr\/emissions\/petit-precis-de-philosophie-lusage-des-candidats\/juppe-face-aristote-lart-detre-heureux#xtor=EPR<\/p>\n<p>-L&#8217;influence de Trump sur la droite et l&#8217;extr\u00eame droite (Nicholas Vinocur; vid\u00e9o) : https:\/\/www.youtube.com\/watch?v=WWWApr4UdPk<\/p>\n<p><strong>-&#8220;Les \u00e9lecteurs de gauche peuvent-ils influencer la primaire de la droite ?&#8221; (Pascal Perrineau, professeur \u00e0 Sciences Po, interrog\u00e9 par David Abiker; son, amen\u00e9 le curseur sur 1:03)<\/strong> : http:\/\/www.europe1.fr\/emissions\/c-est-arrive-demain\/cest-arrive-demain-david-abiker-250916-2855746<\/p>\n<p>-&#8220;L&#8217;hommage national aux Harkis attire les candidat \u00e0 la pr\u00e9sidentielle&#8221; (vid\u00e9o) :   https:\/\/www.youtube.com\/watch?v=PwKjiZNtFvM<\/p>\n<p>-Jean-Marc Todeschini, secr\u00e9taire d&#8217;Etat aux Anciens combattants; interrog\u00e9 par Pierre Weill; son : https:\/\/www.franceinter.fr\/emissions\/l-interview-politique\/l-interview-politique-25-septembre-2016<\/p>\n<p><strong>-Un reportage de St\u00e9phane Igl\u00e9sis parmi les harkis du Sud-Ouest (son) :<\/strong> https:\/\/www.franceinter.fr\/emissions\/interception\/interception-25-septembre-2016<\/p>\n<p><strong>-Fran\u00e7ois Hollande reconna\u00eet la responsabilit\u00e9 de l&#8217;Etat fran\u00e7ais dans leur abandon (vid\u00e9o) : <\/strong>  http:\/\/www.elysee.fr\/videos\/new-video-58\/#content<\/p>\n<p><strong>EUROPE-MONDE<\/strong><\/p>\n<p>-R\u00e9fugi\u00e9s, les nouvelles fronti\u00e8res de l&#8217;Europe (Bruno Tertrais, ma\u00eetre de recherche \u00e0 la Fondation pour la recherche strat\u00e9gique, interrog\u00e9 par David Abiker; son, amener le curseur sur 1:10) : http:\/\/www.europe1.fr\/emissions\/c-est-arrive-cette-semaine\/cest-arrive-cette-semaine-240916-2855236<\/p>\n<p>-&#8220;Le plan B continue son chemin&#8221; (Jean Luc M\u00e9lenchon) : http:\/\/melenchon.fr\/2016\/09\/23\/plan-b-continue-chemin\/<\/p>\n<p><strong>-Au Labour, Jeremy Corbyn l&#8217;emporte largement et tourne la page du blairisme (Philippe Bernard) :<\/strong> http:\/\/www.lemonde.fr\/europe\/article\/2016\/09\/24\/jeremy-corbyn-renforce-son-emprise-sur-le-labour-et-tourne-la-page-du-blairisme_5002938_3214.html<\/p>\n<p>-&#8220;R\u00e9\u00e9lu triomphalement&#8221; (vid\u00e9o) : http:\/\/nr.news-republic.com\/Web\/ArticleWeb.aspx?regionid=2&#038;articleid=73681090<\/p>\n<p>-&#8220;A Boston, on veut le Brexit et vite (vid\u00e9o) : http:\/\/www.francetvinfo.fr\/monde\/europe\/la-grande-bretagne-et-l-ue\/royaume-uni-a-boston-on-veut-le-brexit-et-vite_1840359.html<\/p>\n<p>-Pour le Brexit, &#8220;il n&#8217;y aura pas de menu \u00e0 la carte&#8221; (Martin Schulz, pr\u00e9sident du Parlement europ\u00e9en, de passage \u00e0 Londres: vid\u00e9o) : http:\/\/nr.news-republic.com\/Web\/ArticleWeb.aspx?regionid=2&#038;articleid=73643612<\/p>\n<p>-&#8220;Catalogne, le retour de la question nationale en Europe&#8221; (Jacques-Hubert Rodier) :  http:\/\/www.lesechos.fr\/idees-debats\/editos-analyses\/0211282142290-catalogne-le-retour-de-la-question-nationale-en-europe-2029196.php#xtor=EPR<\/p>\n<p><strong>-&#8220;Des femmes qui luttent pour la d\u00e9mocratie et l&#8217;\u00e9galit\u00e9 sont des cibles pour Erdogan&#8221; (Tugba Hezer, d\u00e9put\u00e9e du Parti d\u00e9mocratique des peuples; HDP; propos recueillis par Charlotte Mongibeaux) <\/strong> : http:\/\/www.50-50magazine.fr\/2016\/09\/01\/tugba-hezer-deputee-de-lopposition-turque-les-femmes-qui-luttent-pour-la-democratie-et-legalite-sont-des-cibles-derdogan\/<\/p>\n<p>-&#8220;A Alep, les secouristes sont tout particuli\u00e8rement vis\u00e9s par les bombes&#8221; (Benjamin Barthe; vid\u00e9o) :  http:\/\/www.lemonde.fr\/proche-orient\/article\/2016\/09\/24\/les-casques-blancs-d-alep-sous-un-deluge-de-bombes_5002758_3218.html<\/p>\n<p>-Un enfant de 5 ans extirp\u00e9 des d\u00e9combres de sa maison (vid\u00e9o) : http:\/\/www.francetvinfo.fr\/monde\/revolte-en-syrie\/video-a-alep-une-enfant-de-5-ans-est-extirpee-des-decombres-apres-le-bombardement-de-sa-maison_1838717.html#xtor=EPR<\/p>\n<p>-Des sc\u00e8nes d&#8217;horreur (vid\u00e9o) : http:\/\/www.francetvinfo.fr\/monde\/revolte-en-syrie\/video-ambulances-bombardees-hopitaux-debordes-des-scenes-d-horreur-a-alep_1841701.html#xtor=EPR-744<\/p>\n<p>-&#8220;Alep ne doit pas devenir &#8220;le Guernica du XXIe si\u00e8cle&#8221; (Jean-Marc Ayrault; vid\u00e9o) : http:\/\/nr.news-republic.com\/Web\/ArticleWeb.aspx?regionid=2&#038;articleid=73650845<\/p>\n<p>-Au Gabon, la Cour constitutionnelle valide la r\u00e9\u00e9lection d&#8217;Ali Bongo : http:\/\/www.lemonde.fr\/afrique\/article\/2016\/09\/24\/la-cour-constitutionnelle-valide-la-reelection-du-president-ali-bongo_5002729_3212.html<\/p>\n<p>-L&#8217;opposant Ping d\u00e9nonce &#8220;un d\u00e9ni de droit&#8221; (vid\u00e9o) : http:\/\/nr.news-republic.com\/Web\/ArticleWeb.aspx?regionid=2&#038;articleid=73688639<\/p>\n<p>-En Afrique du Sud, r\u00e9union de la Cites pour  la protection des esp\u00e8ces menac\u00e9es (vid\u00e9o) : http:\/\/nr.news-republic.com\/Web\/ArticleWeb.aspx?regionid=2&#038;articleid=73650845<\/p>\n<p>-&#8220;Les sanctions p\u00e9nales contre le braconnage ne sont pas assez s\u00e9v\u00e8res&#8221; (S\u00e9bastien Pinchon de &#8220;No\u00e9 Conservation&#8221;; son) : http:\/\/www.rtl.fr\/actu\/environnement\/braconnage-l-elephant-le-lion-le-requin-le-rhinoceros-et-la-pangolin-sont-en-danger-7784985116<\/p>\n<p>-Au Y\u00e9men, &#8220;si on veut le m\u00eame sc\u00e9nario qu&#8217;en Syrie et en Irak, on en prend la route&#8221; (Hassan Boucenine, chef de la mission de &#8220;M\u00e9decins sans Fronti\u00e8res&#8221;; propos recueillis par Florian Reynaud) : http:\/\/www.lemonde.fr\/international\/article\/2016\/09\/23\/yemen-si-on-veut-le-meme-scenario-qu-en-syrie-et-qu-en-irak-on-en-prend-la-route_5002594<\/p>\n<p><strong>-La police de Charlotte publie une vid\u00e9o de la sc\u00e8ne o\u00f9 Keith Scott est abattu par la police <\/strong>  : http:\/\/www.lci.fr\/international\/etats-unis-la-police-de-charlotte-publie-2004505.html<\/p>\n<p>-Ted Cruz se rallie \u00e0 Donald Trump (vid\u00e9os) : http:\/\/www.lemonde.fr\/elections-americaines\/article\/2016\/09\/24\/presidentielle-americaine-j-45-ted-cruz-se-rallie-a-donald-trump_5002756_829254.html<\/p>\n<p>-Les id\u00e9es que Trump agite &#8220;sont tr\u00e8s dangereuses&#8221; (Bruce Springsteen, cit\u00e9 par Laure Narian; vid\u00e9o) : http:\/\/culturebox.francetvinfo.fr\/musique\/rock\/pour-bruce-springsteen-donald-trump-est-un-abruti-qui-fait-honte-aux-usa-246429#xtor=EREC<\/p>\n<p>-En Colombie, un r\u00e9f\u00e9rendum pour d\u00e9finir la famille ? (la sociologue Olga L Gonzales) : http:\/\/www.50-50magazine.fr\/2016\/09\/22\/colombie-un-referendum-pour-definir-la-famille\/<\/p>\n<p><strong>CULTURE-MEDIAS<\/strong><\/p>\n<p>-&#8220;En France, on confond &#8220;avoir rat\u00e9&#8221; et &#8220;\u00eatre un rat\u00e9&#8221; (le philosophe Charles P\u00e9pin auteur &#8220;Des Vertus de l&#8217;\u00e9chec&#8221; (Olivier Flandin; vid\u00e9o) : http:\/\/culturebox.francetvinfo.fr\/livres\/essais-documents\/charles-pepin-en-france-on-confond-avoir-rate-et-etre-un-rate-246385#xtor=EREC<\/p>\n<p>-&#8220;Une nouvelle aristocratie n\u00e9e apr\u00e8s 1981&#8221; (Fran\u00e7ois Hullande) : http:\/\/www.monde-diplomatique.fr\/2007\/04\/HOLLANDE\/14609<\/p>\n<p><strong>-&#8220;La philosophie face \u00e0 la terreur&#8221; (\u00e0 l&#8217;Ecole Normale Sup\u00e9rieure, une conf\u00e9rence du philosophe Marc Cr\u00e9pon, \u00e0 partir d&#8217;une lecture de Habermas et de Derrida; son) :<\/strong>  http:\/\/www.franceculture.fr\/conferences\/ecole-normale-superieure\/la-philosophie-face-la-terreur-une-lecture-de-habermas-et#xtor=EPR<\/p>\n<p><strong>-&#8220;Terrorisme, une notion pi\u00e9g\u00e9e&#8221; (Vincent Sizaire, magistrat; ma\u00eetre de conf\u00e9rences associ\u00e9 \u00e0 l&#8217;universit\u00e9 Paris-Nanterre-La D\u00e9fense) :<\/strong> http:\/\/www.monde-diplomatique.fr\/2016\/08\/SIZAIRE\/56077<\/p>\n<p>-T\u00eate \u00e0 t\u00eate avec James Ellroy, la forte t\u00eate des lettres am\u00e9ricaines (son) : http:\/\/www.franceculture.fr\/emissions\/ping-pong\/ellroy-confidentiel-emission-speciale-james-ellroy#xtor=EPR<\/p>\n<p>-Ga\u00ebl Faye, auteur de &#8220;Petit pays&#8221;, invit\u00e9 de &#8220;On n&#8217;est pas couch\u00e9&#8221; (vid\u00e9o) : http:\/\/www.france2.fr\/emissions\/on-n-est-pas-couche\/videos\/gael_faye_-_on_nest_pas_couche_24_septembre_2016_onpc_24-09-2016_1292217?onglet=tous&#038;page=1<\/p>\n<p><strong>-Rigoletto de Giuseppe Verdi, mis en sc\u00e8ne par Claus Guth \u00e0 l&#8217;Op\u00e9ra Bastille (vid\u00e9o int\u00e9grale)<\/strong> : http:\/\/culturebox.francetvinfo.fr\/festivals\/operas-de-france\/rigoletto-de-verdi-a-l-opera-bastille-237943<\/p>\n<p>-&#8220;La donna \u00e8 mobile&#8221; par Michael Fabiano (vid\u00e9o) : http:\/\/culturebox.francetvinfo.fr\/festivals\/operas-de-france\/la-donna-e-mobile-michael-fabiano-extrait-de-rigoletto-238899#xtor=EREC-<\/p>\n<p><strong>-Jusqu&#8217;au 8 octobre, &#8220;Antoine et Cl\u00e9op\u00e2tre&#8221; de Tiago Rodrigues prennent la Bastille (Philippe Chevilley) <\/strong> : http:\/\/www.lesechos.fr\/week-end\/culture\/spectacles\/0211290369566-antoine-et-cleopatre-ont-pris-la-bastille-2027639.php?AbZwrwUWziGQrj7H.01#<\/p>\n<p>-Jean-Fran\u00e7ois Zigel fait un tour du monde musical (son) : https:\/\/www.franceinter.fr\/emissions\/la-preuve-par-z\/la-preuve-par-z-24-septembre-2016<\/p>\n<p>-A la Biennale de la danse de Lyon, le chor\u00e9graphe Olivier Dubois a pr\u00e9sent\u00e9 sa cr\u00e9ation &#8220;Auguri&#8221; (Odile Morain; vid\u00e9o) : http:\/\/culturebox.francetvinfo.fr\/danse\/biennale-de-la-danse-auguri-le-marathon-hypnotique-d-olivier-dubois-246365#xtor=EREC<\/p>\n<p>-A Barcelone, rendez-vous en 2026 pour d\u00e9couvrir la Sagrada Familia achev\u00e9e (vid\u00e9o) : http:\/\/www.francetvinfo.fr\/monde\/espagne\/sagrada-familia-la-fin-des-travaux-prevue-en-2026_1840143.html#xtor=EPR<\/p>\n<p>-Fanny Cotten\u00e7on, interpr\u00e8te de la pi\u00e8ce d&#8217;Eric-Emmanuel Schmitt &#8220;Petits crimes conjugaux&#8221; (invit\u00e9e de David Abiker; son, amener le curseur sur 18:27) : http:\/\/www.europe1.fr\/emissions\/c-est-arrive-demain\/cest-arrive-demain-david-abiker-250916-2855746<\/p>\n<p>-Laurent Delmas a vu le documentaire de Paul Lacoste &#8220;Vendanges&#8221; (son et vid\u00e9o) : https:\/\/www.franceinter.fr\/emissions\/la-prescription-cinema-de-laurent-delmas\/la-prescription-cinema-de-laurent-delmas-24-septembre-2016<\/p>\n<p><strong>-Avec Christine Masson, ils ont re\u00e7u Gianfranco Rosi, r\u00e9alisateur de &#8220;Mauvais sang&#8221; et Juliette Binoche (son) <\/strong> : https:\/\/www.franceinter.fr\/emissions\/on-aura-tout-vu\/on-aura-tout-vu-24-septembre-2016<\/p>\n<p>-&#8220;Soy Nero&#8221; de Rafi Pitts, le portait d&#8217;un immigrant mexicain (vid\u00e9o) : http:\/\/www.itele.fr\/culture\/video\/soy-nero-portrait-dun-immigrant-mexicain-170826<\/p>\n<p><strong>-&#8220;Le Ciel attendra&#8221; de Marie-Castille Mention, sur le processus de radicalisation d&#8217;une jeune fille (avec Clotilde Courau, son interpr\u00e8te, invit\u00e9es de &#8220;On n&#8217;est pas couch\u00e9&#8221;; vid\u00e9o) <\/strong> : http:\/\/www.france2.fr\/emissions\/on-n-est-pas-couche\/videos\/clotilde_courau_marie-castille_mention_-_on_nest_pas_couche_24_septembre_2016_24-09-2016_1292213?onglet=tous&#038;page=1<\/p>\n<p>-&#8220;La Danseuse&#8221; de St\u00e9phanie di Giusto (son, amener le curseur sur 27:10) : http:\/\/www.europe1.fr\/emissions\/c-est-arrive-demain\/cest-arrive-demain-david-abiker-250916-2855746<\/p>\n<p><strong>-Catherine Ceylac recevait Renaud dans &#8220;Th\u00e9 ou caf\u00e9&#8221; (vid\u00e9o) : <\/strong> http:\/\/www.france2.fr\/emissions\/the-ou-cafe\/videos\/replay_-_the_ou_cafe_24-09-2016_1292001?onglet=tous&#038;page=1<\/p>\n<p><strong>-Bernard Lavilliers \u00e9tait l&#8217;invit\u00e9 du 20 H de France 2 (vid\u00e9o) : <\/strong> http:\/\/www.francetvinfo.fr\/culture\/musique\/bernard-lavilliers-pouvoirs-l-album-de-1979-correspond-de-nouveau-a-l-actualite_1841713.html<\/p>\n<p>-Le 25 mars dernier, le concert des Rolling Stones \u00e0 La Havane (vid\u00e9o) : https:\/\/www.youtube.com\/watch?v=MHlxGg0QIqE<\/p>\n<p>-Slimane, invit\u00e9 de &#8220;On n&#8217;est pas couch\u00e9&#8221; (vid\u00e9o) : http:\/\/www.france2.fr\/emissions\/on-n-est-pas-couche\/videos\/slimane_-_on_nest_pas_couche_24_septembre_2016_onpc_24-09-2016_1292221?onglet=tous&#038;page=1<\/p>\n<p><strong>-&#8220;Je me complais dans la m\u00e9lancolie, c&#8217;est le moment o\u00f9 je suis la plus cr\u00e9ative&#8221; (La chanteuse et actrice Soko; invit\u00e9e d&#8217;Eva Bester; son) :  <\/strong> https:\/\/www.franceinter.fr\/emissions\/remede-a-la-melancolie\/remede-a-la-melancolie-25-septembre-2016<\/p>\n<p>-Plus de 300 000 personnes \u00e0 la techno parade de Paris (vid\u00e9o) : http:\/\/www.lci.fr\/musique\/a-la-techno-parade-petits-et-grands-se-tremoussent-dans-une-ambiance-electrique-2004491.html<\/p>\n<p><strong>-Ren\u00e9 Magritte revisit\u00e9 au Centre Pompidou (Portfolio) :<\/strong> http:\/\/www.lemonde.fr\/arts\/portfolio\/2016\/09\/21\/rene-magritte-revisite-au-centre-pompidou_5001378_1655012.html<\/p>\n<p><strong>-Les autres expositions de la rentr\u00e9e \u00e0 Paris (Emmanuelle Jardonnet) : <\/strong> http:\/\/www.lemonde.fr\/arts\/article\/2016\/09\/12\/les-15-grandes-expos-de-la-rentree-a-paris_4996568_1655012.html<\/p>\n<p>-Monsieur Chat, tagueur de f\u00e9lins hilares, risque la prison : http:\/\/culturebox.francetvinfo.fr\/tendances\/street-art\/monsieur-chat-tagueur-de-felins-hilares-risque-la-prison-246401#xtor=EREC<\/p>\n<p><strong>-Il r\u00f4de dans une galerie aixoise (Jean-Michel Ogier; vid\u00e9o) : <\/strong> http:\/\/culturebox.francetvinfo.fr\/tendances\/street-art\/monsieur-chat-rode-dans-une-galerie-aixoise-232319<\/p>\n<p><strong>-&#8220;Le r\u00e8gne calamiteux des simplificateurs&#8221; (Jean-Louis Guillebaud dans &#8220;Sud-Ouest&#8221; : <\/strong> http:\/\/www.sudouest.fr\/2016\/09\/25\/le-regne-calamiteux-des-simplificateurs-2512788-4701.php<\/p>\n<p>-La multiplication des piratages (vid\u00e9o) : http:\/\/www.francetvinfo.fr\/internet\/yahoo\/video-yahoo-myspace-linkedin-tous-pirates_1838723.html#xtor=EPR<\/p>\n<p><strong>-&#8220;Herg\u00e9, une \u00e9toile myst\u00e9rieuse&#8221; (vid\u00e9o)<\/strong> : http:\/\/www.francetvinfo.fr\/replay-magazine\/france-2\/13h15\/13h15-du-samedi-24-septembre-2016_1829317.html<\/p>\n<p>-Le &#8220;Rafale&#8221; \u00e9merveille &#8220;Le Figaro&#8221; (Serge Halimi) : http:\/\/www.monde-diplomatique.fr\/2016\/04\/HALIMI\/55236<\/p>\n<p>-La le\u00e7on \u00e9rudite de St\u00e9phane Le Foll sur &#8220;nos anc\u00eatres les gaulois&#8221; (vid\u00e9o) : http:\/\/www.francetvinfo.fr\/politique\/les-republicains\/primaire-de-la-droite\/video-la-lecon-erudite-de-stephane-le-foll-sur-nos-ancetres-les-gaulois_1836719.html#xtor=EPR<\/p>\n<p>-&#8220;La primaire et les girouettes&#8221; (vid\u00e9o) : http:\/\/www.france2.fr\/emissions\/actuality\/videos\/le_vovf_la_primaire_et_les_girouettes_actuality_22-09-2016_1290213?onglet=tous&#038;page=1<\/p>\n<p>-Elie Semoun, invit\u00e9 de &#8220;On n&#8217;est pas couch\u00e9&#8221; (vid\u00e9o) : http:\/\/www.france2.fr\/emissions\/on-n-est-pas-couche\/videos\/elie_semoun_-_on_nest_pas_couche_24_septembre_2016_onpc_24-09-2016_1292209?onglet=tous&#038;page=1<\/p>\n<p><strong>-&#8220;Ma vie en super 8&#8221; (Laurent Gerra, vid\u00e9o) :<\/strong> http:\/\/www.c8.fr\/c8-divertissement\/pid8479-c8-laurent-gerra-au-chatelet.html?vid=1417147<\/p>\n","protected":false},"excerpt":{"rendered":"<p>ACTUALITE -&#8220;Construire ensemble une culture de paix&#8221; (Pierre Laurent, samedi dernier \u00e0 Paris; vid\u00e9o) : https:\/\/www.youtube.com\/watch?v=r7eZM5Sqm7Y&#038;app=desktop -&#8220;Le d\u00e9sarmement est-il dans l&#8217;ADN de la France ?&#8221; (un communiqu\u00e9 d&#8217;Initiative pour le D\u00e9sarmement Nucl\u00e9aire) : http:\/\/2b9e8.r.ca.d.sendibm2.com\/2xflopql1kzf.html -Jusqu&#8217;au 1er octobre, \u00e0 la Bourse du Travail de Paris, &#8220;4 mois contre la loi Travail&#8221; (l&#8217;exposition des photographes qui ont [&hellip;]<\/p>\n","protected":false},"author":1042,"featured_media":0,"comment_status":"open","ping_status":"open","sticky":false,"template":"","format":"standard","meta":{"_themeisle_gutenberg_block_has_review":false,"footnotes":""},"categories":[151],"tags":[],"class_list":["post-9877","post","type-post","status-publish","format-standard","hentry","category-la-revue-de-presse-de-lulu"],"_links":{"self":[{"href":"https:\/\/archives.regards.fr\/index.php?rest_route=\/wp\/v2\/posts\/9877","targetHints":{"allow":["GET"]}}],"collection":[{"href":"https:\/\/archives.regards.fr\/index.php?rest_route=\/wp\/v2\/posts"}],"about":[{"href":"https:\/\/archives.regards.fr\/index.php?rest_route=\/wp\/v2\/types\/post"}],"author":[{"embeddable":true,"href":"https:\/\/archives.regards.fr\/index.php?rest_route=\/wp\/v2\/users\/1042"}],"replies":[{"embeddable":true,"href":"https:\/\/archives.regards.fr\/index.php?rest_route=%2Fwp%2Fv2%2Fcomments&post=9877"}],"version-history":[{"count":0,"href":"https:\/\/archives.regards.fr\/index.php?rest_route=\/wp\/v2\/posts\/9877\/revisions"}],"wp:attachment":[{"href":"https:\/\/archives.regards.fr\/index.php?rest_route=%2Fwp%2Fv2%2Fmedia&parent=9877"}],"wp:term":[{"taxonomy":"category","embeddable":true,"href":"https:\/\/archives.regards.fr\/index.php?rest_route=%2Fwp%2Fv2%2Fcategories&post=9877"},{"taxonomy":"post_tag","embeddable":true,"href":"https:\/\/archives.regards.fr\/index.php?rest_route=%2Fwp%2Fv2%2Ftags&post=9877"}],"curies":[{"name":"wp","href":"https:\/\/api.w.org\/{rel}","templated":true}]}}