{"id":9875,"date":"2016-09-24T06:47:53","date_gmt":"2016-09-24T04:47:53","guid":{"rendered":"https:\/\/wp.muchomaas.com\/article-la-revue-du-24-septembre-2016\/"},"modified":"2023-06-23T23:23:04","modified_gmt":"2023-06-23T21:23:04","slug":"article-la-revue-du-24-septembre-2016","status":"publish","type":"post","link":"https:\/\/archives.regards.fr\/?p=9875","title":{"rendered":"La Revue du 24 septembre 2016"},"content":{"rendered":"<strong>ACTUALITE<\/strong>\n\n<strong>-A la t\u00eate de l&#8217;UNEF, Lil\u00e2 Le Bas veut combattre &#8220;la gal\u00e8re&#8221; \u00e9tudiante (cit\u00e9e par Adrien de Tricornot) : <\/strong> http:\/\/www.lemonde.fr\/campus\/article\/2016\/09\/23\/a-la-tete-de-l-unef-lila-le-bas-veut-combattre-la-galere-etudiante_5002213_4401467.html\n\n-&#8220;Les difficult\u00e9s d&#8217;Alstom traduisent celles de la SNCF&#8221; (Fran\u00e7ois-Xavier Pietri; vid\u00e9o) : http:\/\/www.lci.fr\/economie\/les-difficultes-d-alstom-traduisent-celles-de-la-sncf-2004232.html\n\n-&#8220;Le d\u00e9ficit de la S\u00e9cu \u00e0 son plus bas niveau depuis 2002&#8221; : http:\/\/www.liberation.fr\/futurs\/2016\/09\/22\/le-deficit-de-la-secu-a-son-plus-bas-niveau-depuis-2002_1506673?xtor=EPR\n\n-&#8220;En 2017, le &#8220;trou de la S\u00e9cu&#8221; aura disparu&#8221; (Marisol Touraine; propos recueillis par Etienne Lefebvre, Gr\u00e9goire Poussielgue et Solveig Godeluck) : http:\/\/www.lesechos.fr\/economie-france\/social\/0211319237368-marisol-touraine-nous-avons-sauve-la-securite-sociale-2029503.php#xtor=EPR\n\n-&#8220;Vraiment ?&#8221; (vid\u00e9o) : http:\/\/www.lci.fr\/politique\/la-securite-sociale-a-l-equilibre-des-2017-assure-marisol-touraine-vraiment-2004254.html\n\n<strong>-&#8220;Derri\u00e8re l&#8217;annonce de l&#8217;\u00e9quilibre retrouv\u00e9 en 2017, les difficult\u00e9s de l&#8217;Assurance-maladie&#8221; (Fran\u00e7ois B\u00e9guin)<\/strong> : http:\/\/www.lemonde.fr\/financement-de-la-sante\/article\/2016\/09\/22\/le-deficit-de-la-securite-sociale-reduit-a-son-plus-bas-niveau-depuis-2002_5002108_1655421.html\n\n<strong>-&#8220;Un fran\u00e7ais sur 3 a des difficult\u00e9s \u00e0 payer les soins de base&#8221; (le docteur Val\u00e9rie Briole, pr\u00e9sidente de l&#8217;UFML; son)<\/strong> : http:\/\/www.sudradio.fr\/Podcasts\/L-invite-pour-comprendre\/Docteur-Valerie-Briole-vice-presidente-de-l-UFML\n\n-La r\u00e9forme des APL fait consensus contre elle (Clara Lecocq R\u00e9ale; son) : https:\/\/www.franceinter.fr\/emissions\/grand-angle\/grand-angle-23-septembre-2016\n\n-Huile de palme, un an apr\u00e8s les engagements des entreprises, &#8220;ont-elles tenu leurs promesses ?&#8221;, selon WWF (Cl\u00e9mentine Thiberge) : http:\/\/www.lemonde.fr\/planete\/article\/2016\/09\/22\/huile-de-palme-ou-en-sont-ferrero-carrefour-et-les-autres_5002113_3244.html\n\n<em>-L&#8217;article et le rapport de WWF (document en anglais) : <\/em>    http:\/\/www.wwf.fr\/?10020\/Edition-2016-du-scorecard-huile-de-palme-du-WWF                                                                       http:\/\/palmoilscorecard.panda.org\/file\/WWF_Palm_Oil_Scorecard_2016.pdf\n\n-La journ\u00e9e sans voiture \u00e0 Paris (Olivier Blond, pr\u00e9sident de l&#8217;association &#8220;Respire&#8221;; interrog\u00e9 par Dimitri Pavlenko; son) : http:\/\/www.sudradio.fr\/Podcasts\/L-invite-pour-comprendre\/Olivier-Blond-president-de-l-Association-Respire\n\n<strong>-La qualit\u00e9 de l&#8217;air manque de financements&#8221; (Marine Jobert) <\/strong> : http:\/\/www.euractiv.fr\/section\/climat-environnement\/interview\/la-qualite-de-lair-manque-de-financements\/?nl_ref=21193785\n\n<strong>-&#8220;Nous avons d\u00e9croch\u00e9 un gros contrat au Mexique pour une usine de dessalement&#8221; (Jean-Louis Chaussade, directeur g\u00e9n\u00e9ral de Suez, interrog\u00e9 par Nicolas Pierron; vid\u00e9o) :<\/strong>  http:\/\/www.dailymotion.com\/video\/x4udedz\n\n-&#8220;Le retour du canard dans nos assiettes&#8221; (Bruno Doucet, chef du restaurant &#8220;La R\u00e9galade&#8221;; son) : http:\/\/www.sudradio.fr\/Podcasts\/L-invite-pour-comprendre\/Bruno-Doucet-chef-du-Restaurant-La-Regalade\n\n-&#8220;85 % des porcs m\u00e2les sont castr\u00e9s \u00e0 vif&#8221; (Yolaine de la Bigne; son) : http:\/\/www.sudradio.fr\/Podcasts\/Quelle-epoque-ethique\/85-des-porcs-males-sont-castres-a-vif\n\n<strong>-Une conf\u00e9rence mondiale sur le trafic d&#8217;animaux sauvages en Afrique du Sud (Baptiste Gaborit; son) : <\/strong> http:\/\/www.radioclassique.fr\/player\/progaction\/iniPlayer\/podcast\/3-minutes-pour-la-planete-2016-09-23-06-47-00.html\n\n<strong>-Dans l&#8217;H\u00e9rault, immersion dans une vie de p\u00eacheur (vid\u00e9o) : <\/strong> \nhttp:\/\/www.francetvinfo.fr\/france\/immersion-une-vie-de-pecheur_1838981.html\n\n-Le fait religieux en augmentation dans les entreprises. Pour la grande majorit\u00e9 des personnes interrog\u00e9es, ce n&#8217;est pas source de probl\u00e8me (Simon Barbarit) : http:\/\/www.publicsenat.fr\/lcp\/politique\/fait-religieux-augmentation-entreprises-1494115\n\n<em>-L&#8217;\u00e9tude de l&#8217;institut Randstad (document) :<\/em> http:\/\/grouperandstad.fr\/wp-content\/uploads\/2016\/09\/cp-exxtude-2016-fait-religieux-en-entreprise-1.pdf\n\n<strong>-Le journal d&#8217;Outre-mer (Beno\u00eet Ferrand; son) : <\/strong> https:\/\/www.franceinter.fr\/emissions\/journal-d-outre-mer-1ere\/journal-d-outre-mer-1ere-23-septembre-2016\n\n-La pr\u00e9fecture de Seine-Saint-Denis met en demeure la municipalit\u00e9 de Saint-Ouen de scolariser les enfants Roms : http:\/\/www.bondyblog.fr\/201609231842\/scolarisation-des-enfants-roms-la-prefecture-de-seine-saint-denis-met-en-demeure-la-mairie-de-saint-ouen\/#.V-VmMLKvihA\n\n-&#8220;Les \u00e9lus du Conseil d\u00e9partemental des Alpes-Maritimes disent &#8220;non&#8221; \u00e0 l&#8217;accueil de migrants&#8221; :  http:\/\/www.lejdd.fr\/Societe\/Departement-les-elus-des-Alpes-Maritimes-disent-non-aux-migrants-de-Calais-811738\n\n<em>-Regards crois\u00e9s des parents et des enfants  sur les apprentissages scolaires (IPSOS)<\/em> : http:\/\/m.ipsos.fr\/decrypter-societe\/2016-09-21-l-apprentissage-vu-par-parents-et-enfants\n\n<strong>-&#8220;D&#8217;un coup, dans mon pays, je n&#8217;\u00e9tais plus \u00e0 ma place&#8221; (t\u00e9moignages de &#8220;femmes fran\u00e7aises de culture musulmane, croyantes ou non&#8221;) : <\/strong> http:\/\/www.liberation.fr\/apps\/2016\/09\/temoignages-francaises-musulmanes\/\n\n-&#8220;Le sentiment de faire les frais d&#8217;un amalgame avec le terrorisme&#8221; (Sabrina Champenois) : http:\/\/www.liberation.fr\/france\/2016\/09\/22\/mosaique_1506691?xtor=EPR-450206&#038;utm_source\n\n<strong>-L&#8217;association &#8220;SOS M\u00e9diterran\u00e9e&#8221; qui vient au secours des r\u00e9fugi\u00e9s qui traversent la mer (Francis Vallat; son) : <\/strong> https:\/\/www.franceinter.fr\/emissions\/meridien-d-europe\/meridien-d-europe-23-septembre-2016\n\n-L&#8217;\u00e9v\u00eaque de Gap, Mg di Falco, assign\u00e9 au civil pour une affaire de p\u00e9dophilie pr\u00e9sum\u00e9e (La\u00ebtitia Saavedra; vid\u00e9o) : http:\/\/www.francetvinfo.fr\/societe\/justice\/info-franceinfo-pedophilie-laffaire-di-falco-relancee_1837935.html#xtor=EPR\n\n-L&#8217;avocat de la municipalit\u00e9 de Moirans (38) d\u00e9nonce &#8220;des r\u00e9quisitions bien gentilles&#8221; \u00e0 l&#8217;encontre des membres de la communaut\u00e9 des gens du voyage, inculp\u00e9s apr\u00e8s les \u00e9meutes (Fran\u00e7ois Carrel) : http:\/\/www.liberation.fr\/france\/2016\/09\/22\/emeutes-de-moirans-l-avocat-de-la-ville-denonce-des-requisitions-bien-gentilles_1506622?xtor=EPR\n\n<strong>-&#8220;Pourquoi il serait contre-productif d&#8217;expulser les fich\u00e9s d&#8217;Evreux&#8221; (Serge Slama, ma\u00eetre de conf\u00e9rence en droit public \u00e0 l&#8217;universit\u00e9 Paris Nanterre; vid\u00e9o) :<\/strong> http:\/\/rmc.bfmtv.com\/mediaplayer\/video\/pourquoi-il-serait-contreproductif-et-absurde-d-expulser-d-evreux-les-fiches-s-870167.html\n\n<strong>-En appel, J\u00e9r\u00f4me Kerviel jug\u00e9 &#8220;partiellement responsable&#8221; (vid\u00e9o) : <\/strong> \nhttp:\/\/www.francetvinfo.fr\/france\/societe-generale-jerome-kerviel-juge-partiellement-responsable_1838935.html#xtor=EPR-744\n\n<strong>POLITIQUE<\/strong>\n\n-&#8220;Mon inclinaison naturelle, c&#8217;est la primaire&#8221; (Arnaud Montebourg au cours de &#8220;l&#8217;Emission Politique&#8221; sur France 2 (vid\u00e9os) : http:\/\/www.lemonde.fr\/election-presidentielle-2017\/article\/2016\/09\/23\/arnaud-montebourg-mon-inclinaison-naturelle-c-est-la-primaire_5002147_4854003.html\n\n-&#8220;L&#8217;avertissement aux frondeurs de Jean-Christophe Cambad\u00e9lis pour les prochaines \u00e9lections l\u00e9gislatives&#8221; (vid\u00e9o) : http:\/\/www.lcp.fr\/la-politique-en-video\/legislatives-2017-lavertissement-de-cambadelis-aux-deputes-frondeurs\n\n<strong>-&#8220;La primaire aura lieu, elle s&#8217;organise, elle est en marche. Tout le monde sait qu&#8217;elle sera loyale. Je suis impartial mais je ne suis pas neutre. J&#8217;ai depuis longtemps estim\u00e9 que le Pr\u00e9sident est notre meilleur atout \u00e0 gauche&#8221; (il \u00e9tait l&#8217;invit\u00e9 de la matinale de LCP; vid\u00e9o, amener le curseur sur 30:07) <\/strong> : http:\/\/www.lcp.fr\/emissions\/politique-matin\/278954-politique-matin\n\n<em>-Les Fran\u00e7ais et les candidats \u00e0 la primaire de la gauche (HARRIS) : <\/em> http:\/\/harris-interactive.fr\/opinion_polls\/harris-interactive-interroge-les-francais-sur-les-candidats-de-la-primaire-de-la-gauche\/\n\n<em>-Le sondage de &#8220;l&#8217;Emission Politique&#8221; avec Arnaud Montebourg (HARRIS) :    <\/em>        http:\/\/harris-interactive.fr\/opinion_polls\/sondage-harris-interactive-pour-lemission-politique-2\/ \n\n-&#8220;Hollande ne gagnerait pas une primaire de toute la gauche&#8221; (G\u00e9rard Filoche, membre du Bureau national du PS; propos recueillis par Thibaud Leneec) : http:\/\/www.lejdd.fr\/Politique\/Gerard-Filoche-Hollande-ne-gagnerait-pas-une-primaire-de-toute-la-gauche-811207\n\n<strong>-&#8220;Il risque d&#8217;arriver \u00e0 Jupp\u00e9 ce qui est arriv\u00e9 \u00e0 Balladur. C&#8217;est la Soci\u00e9t\u00e9 g\u00e9n\u00e9rale qui doit de l&#8217;argent \u00e0 l&#8217;Etat, pas J\u00e9r\u00f4me Kerviel. Le moment est venu de se rassembler. Il faut inlassablement poser la question \u00e0 Jean-Luc M\u00e9lenchon&#8221; (Julien Dray, conseiller r\u00e9gional PS de la R\u00e9gion Ile-de-France; face \u00e0 Jean-Michel Apathie; son) <\/strong> : http:\/\/www.francetvinfo.fr\/replay-radio\/8h30-aphatie\/julien-dray-il-risque-d-arriver-a-juppe-ce-qui-est-arrive-a-balladur_1828319.html\n\n-Ch\u00f4mage, &#8220;ce qui se profile pour 2017 n&#8217;est pas bon selon l&#8217;UNEDIC&#8221; (en d\u00e9bat dans l&#8217;\u00e9mission &#8220;\u00c7a vous regarde&#8221;, anim\u00e9e par Arnaud Ardoin; vid\u00e9o) : http:\/\/www.lcp.fr\/emissions\/ca-vous-regarde\/279221-ca-vous-regarde\n\n<em>-Les perspectives de l&#8217;UNEDIC (document) : <\/em> http:\/\/www.unedic.org\/actualite\/perspectives-financieres-2016-2019-de-l-assurance-chomage-septembre-2016-9653\n\n-&#8220;Pour les places de prison, il faut un milliard d\u00e8s l&#8217;ann\u00e9e prochaine&#8221; (le ministre de la Justice Jean-Jacques Urvoas, interrog\u00e9 par Jeff Witteberg; vid\u00e9o) :  http:\/\/www.france2.fr\/emissions\/telematin\/actu\/les-4-verites-jean-jacques-urvoas_509089\n\n-La s\u00e9natrice \u00e9cologiste de Paris Leila A\u00efchi rejoint le MoDem (Fran\u00e7ois Vidal; vid\u00e9o) : http:\/\/www.publicsenat.fr\/lcp\/politique\/senatrice-ecolo-leila-aichi-rejoint-modem-n-pas-une-surprise-1494076\n\n-Le vide laiss\u00e9 par Nicolas Hulot (Thomas Legrand; son) : https:\/\/www.franceinter.fr\/emissions\/l-edito-politique\/l-edito-politique-23-septembre-2016\n\n<strong>-L&#8217;audition de Bernard Cazeneuve par la Commission des Lois du S\u00e9nat sur l&#8217;accueil des r\u00e9fugi\u00e9s. Suivie par celle d&#8217;Anne Hidalgo sur la candidature de Paris \u00e0 l&#8217;organisation des JO (vid\u00e9o) <\/strong> : http:\/\/replay.publicsenat.fr\/vod\/les-matins-du-senat\/auditions-de-bernard-cazeneuve-et-d-anne-hidalgo\/tam-tran-huy\/218544\n\n-&#8220;Mais o\u00f9 est le centre ?&#8221; (Christophe Barbier; vid\u00e9o) : http:\/\/www.bfmtv.com\/mediaplayer\/video\/l-edito-de-christophe-barbier-mais-ou-est-le-centre&#8211;870077.html\n\n-&#8220;Quel est le plan d&#8217;Emmanuel Macron ?&#8221; (Charlotte Chaffanjon du &#8220;Point&#8221;; vid\u00e9o, amener le curseur sur 1:36) : http:\/\/rmc.bfmtv.com\/mediaplayer\/video\/qg-bourdin-2017-quel-est-le-plan-d-emmanuel-macron-pour-etre-candidat-a-la-presidentielle&#8211;870069.html\n\n-&#8220;Je suis plus \u00e0 gauche que lui, je l&#8217;assume&#8221; (Fran\u00e7ois Bayrou, pr\u00e9sident du MoDem; vid\u00e9o) : http:\/\/www.europe1.fr\/politique\/francois-bayrou-sur-emmanuel-macron-je-suis-plus-a-gauche-je-lassume-2854033\n\n-Il \u00e9tait l&#8217;invit\u00e9 du &#8220;Club de la Presse d&#8217;Europe 1&#8221; (son) : http:\/\/www.europe1.fr\/emissions\/le-club-de-la-presse\/europe-soir-le-club-de-la-presse-francois-bayrou-et-marie-de-noailles-22092016-2854045\n\n<strong>-&#8220;Son objectif est bien l&#8217;\u00e9lection pr\u00e9sidentielle. Il se pr\u00e9sentera contre Hollande&#8221; (Guillaume Tabard du &#8220;Figaro&#8221;; son) : <\/strong> http:\/\/www.radioclassique.fr\/player\/progaction\/iniPlayer\/podcast\/ledito-politique-de-guillaume-tabard-2016-09-23-08-14-20.html\n\n-&#8220;Il faudra plus que Cohn-Bendit pour qu&#8217;il s&#8217;impose&#8221; (Alba Ventura; vid\u00e9o) : http:\/\/www.rtl.fr\/actu\/politique\/il-faudra-plus-que-cohn-bendit-pour-que-macron-s-impose-note-alba-ventura-7784963336\n\n<strong>-&#8220;Nicolas Sarkozy est un voyou&#8221; (Alain Badiou, invit\u00e9 de la matinale de LCI; vid\u00e9o. Comme souvent avec cette cha\u00eene, le replay n&#8217;est pas disponible. Sachez qu&#8217;il a qualifi\u00e9 Macron de &#8220;personnage d&#8217;une insignifiance la plus totale&#8221; et qu&#8217;il ne croyait pas que Jean-Luc M\u00e9lenchon &#8220;repr\u00e9sente une alternative cr\u00e9dible&#8221; <\/strong> :\nhttp:\/\/www.lci.fr\/politique\/nicolas-sarkozy-est-un-voyou-pour-alain-badiou-2004267.html\n\n-&#8220;Mais non, M. Jupp\u00e9, le d\u00e9bat n&#8217;est pas nul, il est tout simplement primaire&#8221; (Yves Thr\u00e9ard du &#8220;Figaro&#8221;; vid\u00e9o) : http:\/\/www.europe1.fr\/emissions\/ledito-politique-dyves-threard\/mais-non-mr-juppe-la-campagne-nest-pas-nulle-2854222\n\n-&#8220;Aujourd&#8217;hui, on est Fran\u00e7ais un peu par hazard. Nicolas Sarkozy aime animer le d\u00e9bat avec de vrais-faux sujets&#8221; (Jean-Fran\u00e7ois  Cop\u00e9, d\u00e9put\u00e9 LR de Seine-et-Marne qui veut supprimer le droit du sol; interrog\u00e9 par Elisabeth Martichoux; vid\u00e9o) : http:\/\/www.rtl.fr\/actu\/politique\/polemique-sur-les-gaulois-nicolas-sarkozy-aime-animer-le-debat-avec-de-vrais-faux-sujets-7784963319\n\n-&#8220;Ceux qui trouvent que le d\u00e9bat est nul sont ceux qui n&#8217;ont rien \u00e0 proposer. Nous sommes au degr\u00e9 z\u00e9ro de la d\u00e9radicalisation&#8221; (Rachida Dati, eurod\u00e9put\u00e9e LR; invit\u00e9e de &#8220;Territoires d&#8217;Infos&#8221;; vid\u00e9o, amener le curseur sur 32:37) : http:\/\/www.sudradio.fr\/Politique\/L-interview-politique\/Rachida-Dati-Les-Gaulois-sont-aussi-mes-ancetres\n\n-&#8220;Dans ce pays, on veut museler la libert\u00e9 d&#8217;expression&#8221; (Nadine Morano, eurod\u00e9put\u00e9e LR, invit\u00e9e de Guillaume Durand; vid\u00e9o) : http:\/\/www.dailymotion.com\/video\/x4udg3v\n\n-Le 2e d\u00e9bat de la primaire de la droite, anim\u00e9 par Laurence Ferrari (vid\u00e9o) : http:\/\/www.itele.fr\/politique\/video\/second-debat-de-la-primaire-de-la-droite-170857 \n\n-&#8220;On est un petit peu de gauche, un petit peu de droite, mais surtout nous sommes Fran\u00e7ais, nous sommes des patriotes&#8221; (David Rachline, directeur de la campagne de Marine Le Pen; vid\u00e9o) : http:\/\/www.bfmtv.com\/mediaplayer\/video\/david-rachline-face-a-jean-jacques-bourdin-en-direct-870107.html\n\n-&#8220;Les Fran\u00e7ais ont bien compris que Sarkozy, c&#8217;\u00e9tait l&#8217;arnaqueur&#8221; (Florian Philippot, eurod\u00e9put\u00e9 FN; interrog\u00e9 par Fr\u00e9d\u00e9ric Rivi\u00e8re; vid\u00e9o) : http:\/\/www.rfi.fr\/video\/20160923-florian-philippot-francais-ont-bien-compris-sarkozy-etait-arnaqueur\n\n-Les nouveaux visages du FN (vid\u00e9o) : http:\/\/www.bfmtv.com\/mediaplayer\/video\/qui-sont-les-nouveaux-visages-du-fn-et-quels-postes-occupent-ils-863647.html\n\n<strong>-&#8220;Moi Pr\u00e9sident. Emma, 17 ans, en terminale L. Avec Herv\u00e9 Pauchon&#8221; (son) : <\/strong> https:\/\/www.franceinter.fr\/emissions\/moi-president\/moi-president-23-septembre-2016\n\n<em>-Les intentions de vote \u00e0 l&#8217;\u00e9lection pr\u00e9sidentielle (ELABE) : <\/em> http:\/\/elabe.fr\/presidentielle-2017-intentions-de-vote-a-7-mois-scrutin-sondage-elabe-echos-radio-classique\/\n\n<strong>-&#8220;Le vainqueur de ce sondage, c&#8217;est Jean-Luc M\u00e9lenchon&#8221; (Bernard Sanan\u00e8s, PDG de l&#8217;institut Elabe; son) : <\/strong> http:\/\/www.radioclassique.fr\/player\/progaction\/initPlayer\/podcast\/linvite-du-matin-2016-09-23-07-50-00.html\n\n-Il \u00e9tait aussi interrog\u00e9 par Jean-Jacques Bourdin sur RMC (son, amener le curseur sur 3:11) : http:\/\/rmc.bfmtv.com\/mediaplayer\/audio\/rmc-2209-qg-bourdin-2017-bernard-sananes-351428.html\n\n<strong>EUROPE-MONDE<\/strong>\n\n<strong>-&#8220;L&#8217;affaire Kroes, l&#8217;ex-commissaire charg\u00e9e de la concurrence, rappelle \u00e0 Juncker ses propres failles&#8221; (Ludovic Lamant; pi\u00e8ce jointe);<\/strong>\n\n<strong>-&#8220;Les pr\u00e9dateurs financiers au service de la Commission europ\u00e9enne&#8221; (Patrick Le Hyaric) : <\/strong> http:\/\/www.patrick-le-hyaric.eu\/predateurs-financiers-commission-europeenne\/\n\n-&#8220;La Commission pr\u00eate \u00e0 la sanctionner&#8221; (Jorge Valero) : http:\/\/www.euractiv.fr\/section\/euro-finances\/news\/commission-ready-to-sanction-kroes-oversight-after-it-missed-her-confession\/?nl_ref=21193785\n\n-Elle juge l\u00e9gal le soutien aux langues r\u00e9gionales  : http:\/\/www.euractiv.fr\/section\/langues-culture\/news\/spanish-promotion-of-regional-languages-did-not-breach-state-aid-rules\/?nl_ref=21193785\n\n-La pression pour un salaire minimum europ\u00e9en s&#8217;accentue (C\u00e9cile Barbi\u00e8re) : http:\/\/www.euractiv.fr\/section\/europe-sociale-emploi\/news\/la-pression-pour-un-salaire-minimum-europeen-saccentue\/?nl_ref=21193785\n\n<strong>-La mobilisation progresse contre la fusion Bayer-Monsanto (Aline Robert) : <\/strong> http:\/\/www.euractiv.fr\/section\/agriculture-alimentation\/news\/la-mobilisation-progresse-contre-la-fusion-bayermonsanto\/?nl_ref=21193785\n\n-La Fondation Nicolas Hulot lance une p\u00e9tition contre les trait\u00e9s TAFTA et CETA : http:\/\/www.fondation-nicolas-hulot.org\/action\/tafta-ceta-des-traites-climaticides-qui-menacent-nos-democraties\n\n-&#8220;La menace Trump aide pour une ratification rapide de l&#8217;accord de Paris sur le climat&#8221; (Dagmar Dehmer) : http:\/\/www.euractiv.fr\/section\/l-europe-dans-le-monde\/news\/paris-agreement-saving-face-and-negating-trump\/?nl_ref=21193785\n\n<strong>-&#8220;Les raisons du renoncement de Rome \u00e0 l&#8217;organisation des JO de 2024&#8221; (vid\u00e9o) : <\/strong> http:\/\/www.liberation.fr\/video\/2016\/09\/22\/jeux-olympiques-2024-les-raisons-du-renoncement-de-rome_1506393?xtor=EPR\n\n-L&#8217;\u00e9trange histoire belge des policiers qui conduisent des r\u00e9fugi\u00e9s en France (vid\u00e9o) : http:\/\/www.liberation.fr\/video\/2016\/09\/22\/l-etrange-histoire-des-policiers-belges-qui-conduisent-des-migrants-en-france_1506324?xtor=EPR\n\n-Le 26 septembre, Hillary Clinton et Donald Trump s&#8217;affrontent dans le premier d\u00e9bat d&#8217;une s\u00e9rie de trois (Ga\u00e9tan Mathieu) : http:\/\/www.telerama.fr\/monde\/elections-americaines-le-casse-tete-du-camp-clinton-avant-le-debat-avec-trump,147763.php#xtor=EPR\n\n-Pour Julian Assange, le fondateur de &#8220;WikiLeaks&#8221;, la candidate d\u00e9mocrate est &#8220;sa meilleure ennemie&#8221; (avec Olivier Tesquet) : http:\/\/www.telerama.fr\/medias\/pourquoi-wikileaks-veut-etre-le-pire-cauchemar-d-hillary-clinton,147739.php#xtor=EPR\n\n-&#8220;Jean-Yves Le Drian en Inde pour des Mirages et des milliards&#8221; (vid\u00e9o) : http:\/\/www.liberation.fr\/video\/2016\/09\/22\/jean-yves-le-drian-en-inde-des-rafale-et-des-milliards_1506481?xtor=EPR\n\n-Le contrat est sign\u00e9 (vid\u00e9o) : http:\/\/www.francetvinfo.fr\/economie\/aeronautique\/rafale\/rafale-le-contrat-avec-linde-est-signe_1838939.html#xtor=EPR-744\n\n-&#8220;Ces politiques du monde entier adeptes des paradis fiscaux&#8221; (vid\u00e9o) : http:\/\/www.francetvinfo.fr\/economie\/fraude\/panama-papers\/video-ces-politiques-du-monde-entier-adeptes-des-paradis-fiscaux_1836945.html#xtor=EPR\n\n<strong>-&#8220;Le monde entier est g\u00e9r\u00e9 de cette mani\u00e8re, dans l&#8217;opacit\u00e9&#8221; (le s\u00e9nateur communiste du Nord Eric Bocquet; propos recueillis par Fran\u00e7ois Vignal) : <\/strong> http:\/\/www.publicsenat.fr\/lcp\/politique\/bahamas-leaks-monde-entier-gere-maniere-l-opacite-selon-eric-bocquet-1494153\n\n<strong>CULTURE-MEDIAS<\/strong>\n\n<strong>-Auteure camerounaise de &#8220;Cr\u00e9puscule du tourment&#8221;, Leonora Mialo \u00e9tait l&#8217;invit\u00e9e de la matinale de France Inter. Elle a r\u00e9pondu aux questions de Patrick Cohen; vid\u00e9o) :<\/strong> http:\/\/www.dailymotion.com\/video\/x4ud55f_leonora-miano-repond-aux-questions-de-patrick-cohen_news\n\n<strong>-Et \u00e0 celles des auditeurs <\/strong> : http:\/\/www.dailymotion.com\/video\/x4ud6ms_leonora-miano-repond-aux-questions-des-auditeurs-de-france-inter_news\n\n-&#8220;Les vertus de l&#8217;\u00e9chec&#8221;, son auteur, le philosophe Charles P\u00e9pin, invit\u00e9 d&#8217;Ali Baddou; vid\u00e9o) :  http:\/\/www.dailymotion.com\/video\/x4ucx24_charles-pepin-repond-aux-questions-d-ali-baddou_news\n\n-&#8220;Gu\u00e9rilla&#8221;, le roman de Laurent Obertone qui pr\u00e9dit une guerre civile en France (interrog\u00e9 par Dimitri Pavlenko; son) : http:\/\/www.sudradio.fr\/Podcasts\/L-invite-pour-comprendre\/Laurent-Obertone-journaliste-et-auteur-de-Guerilla\n\n-De grands noms de Hollywood mobilis\u00e9s contre Trump (J\u00e9r\u00e9mie Maire; vid\u00e9os) : http:\/\/www.telerama.fr\/monde\/super-heros-et-des-super-scientifiques-mobilises-contre-le-super-vilain-donald-trump,147750.php#xtor=EPR\n\n<strong>-La situation des migrants dans le nouveau film du r\u00e9alisateur franco-iranien Rafi Pitts, &#8220;Soy Nero&#8221; (propos recueillis par Fr\u00e9d\u00e9ric Strauss; vid\u00e9os) : <\/strong> http:\/\/www.telerama.fr\/cinema\/avec-soy-nero-rafi-pitts-s-impose-comme-un-cineaste-sans-frontieres,147721.php#xtor=EPR\n\n-&#8220;Pour r\u00e9ussir un film de skate, il faut arriver l&#8217;esprit libre&#8221; (Fred Montagne, \u00e0 l&#8217;occasion du premier festival \u00e0 Paris des films consacr\u00e9s \u00e0 la discipline, jusqu&#8217;au 25 septembre; propos recueillis par J\u00e9r\u00e9mie Couston; vid\u00e9o) : http:\/\/www.telerama.fr\/sortir\/fred-mortagne-pour-reussir-un-film-de-skate-il-faut-arriver-l-esprit-libre,147704.php#xtor=EPR\n\n-Mobilisation \u00e0 Marseille pour les cin\u00e9mas &#8220;Le C\u00e9sar&#8221; et &#8220;les Vari\u00e9t\u00e9s&#8221; (David Coquille) : http:\/\/m.lamarseillaise.fr\/marseille\/societe\/52648-marseille-mobilisation-pour-les-cinemas-le-cesar-et-les-varietes\n\n-Souvenirs de tournage dans l&#8217;Allier de &#8220;C\u00e9sar et moi&#8221; (Odile Morain; vid\u00e9o) : http:\/\/culturebox.francetvinfo.fr\/cinema\/sorties\/cezanne-et-moi-souvenirs-de-tournage-dans-l-allier-246331#xtor=EREC-15\n\n<strong>-La directrice de la danse \u00e0 l&#8217;Op\u00e9ra de Paris Aur\u00e9lie Dupont, invit\u00e9e de &#8220;Passion classique&#8221; d&#8217;Olivier Bellamy; son) :  <\/strong> http:\/\/www.radioclassique.fr\/player\/progaction\/initPlayer\/podcast\/2016-09-22-18-03-49.html\n\n<strong>-&#8220;Little Richard&#8221;, celui qui chante comme on crie&#8221; (Rebecca Manzoni; vid\u00e9o) : <\/strong> https:\/\/www.franceinter.fr\/emissions\/tubes-co\/tubes-co-23-septembre-2016\n\n-Retrouver &#8220;The Chantays&#8221; et Johnny Thunders avec Fran\u00e7ois Gorin (sons) : http:\/\/www.telerama.fr\/musique\/the-chantays-johnny-thunders-5-deux-bons-tuyaux,147747.php#xtor=EPR\n\n-Le retour de Petula Clark chez Augustin Trapenard (son) : https:\/\/www.franceinter.fr\/emissions\/boomerang\/boomerang-23-septembre-2016\n\n-&#8220;Guerre EP&#8221;, le nouveau mini-album du groupe &#8220;Aquaserge&#8221; (Olivier Lamm; son, en cliquant sur la photo) : http:\/\/next.liberation.fr\/musique\/2016\/09\/23\/le-son-du-jour-14-aquaserge_1505064?xtor=EPR\n\n<strong>-&#8220;You Want it Darker&#8221; (Leonard Cohen; son) <\/strong> : https:\/\/www.youtube.com\/watch?v=v0nmHymgM7Y\n\n-Le groupe Yahoo ! annonce que les comptes de 500 millions d&#8217;utilisateurs ont \u00e9t\u00e9 pirat\u00e9s &#8220;fin 2014&#8221; : http:\/\/www.liberation.fr\/planete\/2016\/09\/22\/500-millions-de-comptes-yahoo-pirates-probablement-par-une-entite-liee-a-un-etat_1506801?xtor=EPR\n\n-&#8220;Pandora&#8221;, le site de streaming avance \u00e0  pas de g\u00e9ants&#8221; (Jean-Baptiste Roch) : http:\/\/www.telerama.fr\/musique\/pandora-le-petit-site-de-streaming-aux-pas-de-geant,147740.php#xtor=EPR\n\n-Jusqu&#8217;au 9 octobre, Arte propose son premier festival de films europ\u00e9ens en ligne (Samuel Douhaire; vid\u00e9os) : http:\/\/www.telerama.fr\/cinema\/arte-fait-son-cinema-en-ligne,147227.php#xtor=EPR\n\n-Jusqu&#8217;au 26 avril \u00e0 &#8220;la Com\u00e9die des Champs-Elys\u00e9es&#8221;, le nouveau spectacle de Gaspard Proust (Mich\u00e8le Bourcet) : http:\/\/www.telerama.fr\/sortir\/gaspard-proust-un-nouveau-spectacle-au-gout-acide,147743.php#xtor=EPR\n\n<strong>-Comment se porte la presse fran\u00e7aise ? (vid\u00e9o) : <\/strong> http:\/\/www.europe1.fr\/emissions\/le-fait-medias-du-jour\/comment-se-porte-la-presse-francaise-2854456\n\n-Le match Barthes-Hanouna (Marc Baudriller; son) : http:\/\/www.radioclassique.fr\/player\/progaction\/iniPlayer\/podcast\/la-vie-des-medias-2016-09-23-07-40-58.html\n\n-Canal + r\u00e9trop\u00e9dale et rallonge ses plages de diffusion &#8220;en clair&#8221; (Alexandre Piquard) : http:\/\/www.lemonde.fr\/actualite-medias\/article\/2016\/09\/23\/canal-retropedale-et-rallonge-ses-plages-de-diffusion-en-clair_5002612_3236.html#xtor=AL-32280270\n\n-&#8220;Lettre d&#8217;amour \u00e0 J\u00e9r\u00f4me Cahuzac&#8221; (Audrey Vernon; son) : https:\/\/www.franceinter.fr\/emissions\/le-billet-d-audrey-vernon\/le-billet-d-audrey-vernon-23-septembre-2016\n\n<strong>-&#8220;Manuel Valls en Afrique, mais sans Ayrault&#8221; (Charline Vanhoenacker; vid\u00e9o) :<\/strong> https:\/\/www.franceinter.fr\/emissions\/le-billet-de-charline-vanhoenacker\/le-billet-de-charline-vanhoenacker-23-septembre-2016\n\n<strong>-&#8220;Je ne suis pour rien dans la s\u00e9paration entre Brad Pitt et Angelina Jolie (Fran\u00e7ois Morel; vid\u00e9o)<\/strong> : http:\/\/www.dailymotion.com\/video\/x4ud6qm_je-ne-suis-pour-rien-dans-la-separation-entre-brad-pitt-et-angelina-jolie-le-billet-de-francois-mor_fun\n\n\n<h2 class=\"wp-block-heading\">Documents joints<\/h2>\n\n\n\n<div class=\"wp-block-file\"><a href=\"https:\/\/wp.muchomaas.com\/wp-content\/uploads\/2016\/09\/europe-e62.pdf\">europe.pdf<\/a><\/div>\n\n\n","protected":false},"excerpt":{"rendered":"<p>ACTUALITE -A la t\u00eate de l&#8217;UNEF, Lil\u00e2 Le Bas veut combattre &#8220;la gal\u00e8re&#8221; \u00e9tudiante (cit\u00e9e par Adrien de Tricornot) : http:\/\/www.lemonde.fr\/campus\/article\/2016\/09\/23\/a-la-tete-de-l-unef-lila-le-bas-veut-combattre-la-galere-etudiante_5002213_4401467.html -&#8220;Les difficult\u00e9s d&#8217;Alstom traduisent celles de la SNCF&#8221; (Fran\u00e7ois-Xavier Pietri; vid\u00e9o) : http:\/\/www.lci.fr\/economie\/les-difficultes-d-alstom-traduisent-celles-de-la-sncf-2004232.html -&#8220;Le d\u00e9ficit de la S\u00e9cu \u00e0 son plus bas niveau depuis 2002&#8221; : http:\/\/www.liberation.fr\/futurs\/2016\/09\/22\/le-deficit-de-la-secu-a-son-plus-bas-niveau-depuis-2002_1506673?xtor=EPR -&#8220;En 2017, le &#8220;trou de la S\u00e9cu&#8221; [&hellip;]<\/p>\n","protected":false},"author":1042,"featured_media":0,"comment_status":"open","ping_status":"open","sticky":false,"template":"","format":"standard","meta":{"_themeisle_gutenberg_block_has_review":false,"footnotes":""},"categories":[151],"tags":[],"class_list":["post-9875","post","type-post","status-publish","format-standard","hentry","category-la-revue-de-presse-de-lulu"],"_links":{"self":[{"href":"https:\/\/archives.regards.fr\/index.php?rest_route=\/wp\/v2\/posts\/9875","targetHints":{"allow":["GET"]}}],"collection":[{"href":"https:\/\/archives.regards.fr\/index.php?rest_route=\/wp\/v2\/posts"}],"about":[{"href":"https:\/\/archives.regards.fr\/index.php?rest_route=\/wp\/v2\/types\/post"}],"author":[{"embeddable":true,"href":"https:\/\/archives.regards.fr\/index.php?rest_route=\/wp\/v2\/users\/1042"}],"replies":[{"embeddable":true,"href":"https:\/\/archives.regards.fr\/index.php?rest_route=%2Fwp%2Fv2%2Fcomments&post=9875"}],"version-history":[{"count":0,"href":"https:\/\/archives.regards.fr\/index.php?rest_route=\/wp\/v2\/posts\/9875\/revisions"}],"wp:attachment":[{"href":"https:\/\/archives.regards.fr\/index.php?rest_route=%2Fwp%2Fv2%2Fmedia&parent=9875"}],"wp:term":[{"taxonomy":"category","embeddable":true,"href":"https:\/\/archives.regards.fr\/index.php?rest_route=%2Fwp%2Fv2%2Fcategories&post=9875"},{"taxonomy":"post_tag","embeddable":true,"href":"https:\/\/archives.regards.fr\/index.php?rest_route=%2Fwp%2Fv2%2Ftags&post=9875"}],"curies":[{"name":"wp","href":"https:\/\/api.w.org\/{rel}","templated":true}]}}