{"id":9873,"date":"2016-09-23T06:54:47","date_gmt":"2016-09-23T04:54:47","guid":{"rendered":"https:\/\/wp.muchomaas.com\/article-la-revue-du-23-septembre-2016\/"},"modified":"2016-09-23T06:54:47","modified_gmt":"2016-09-23T04:54:47","slug":"article-la-revue-du-23-septembre-2016","status":"publish","type":"post","link":"https:\/\/archives.regards.fr\/?p=9873","title":{"rendered":"La Revue du 23 septembre 2016"},"content":{"rendered":"<p><strong>ACTUALITE<\/strong><\/p>\n<p>-Plusieurs milliers de chefs d&#8217;\u00e9tablissements scolaires ont manifest\u00e9 (vid\u00e9o) : http:\/\/www.francetvinfo.fr\/societe\/education\/education-les-chefs-d-etablissements-scolaires-dans-la-rue_1836397.html<\/p>\n<p><strong>-Michel Richard, secr\u00e9taire de leur syndicat de la FSU, r\u00e9pondait aux questions de Francis Letellier (vid\u00e9o) :<\/strong>  http:\/\/www.francetvinfo.fr\/faits-divers\/terrorisme\/attaques-du-13-novembre-a-paris\/etat-d-urgence-en-france\/scolarite-obligatoire-de-3-a-18-ans-regulariser-une-situation-deja-existante-est-un-symbole-fort_1836403.html<\/p>\n<p>-&#8221; J&#8217;ai mis dans le d\u00e9bat public la prolongation de la scolarit\u00e9 obligatoire \u00e0 18 ans. Ce n&#8217;est pas une proposition neuve. S&#8217;adapter, c&#8217;est \u00e9lever le niveau de qualification. Il y a deux difficult\u00e9s, la question des moyens et les jeunes qui ne souhaitent pas rester dans le syst\u00e8me \u00e9ducatif. Le ch\u00f4mage des jeunes est en train de se r\u00e9sorber gr\u00e2ce \u00e0 la politique du gouvernement&#8221; (Najat Vallaud-Belkacem, interrog\u00e9e par Jean-Jacques Bourdin; vid\u00e9o) : http:\/\/www.bfmtv.com\/mediaplayer\/video\/najat-vallaud-belkacem-face-a-jean-jacques-bourdin-en-direct-869509.html<\/p>\n<p>-&#8220;Pour un revenu universel de base&#8221; (l&#8217;\u00e9conomiste Marc de Basquiat; son) : http:\/\/www.sudradio.fr\/Podcasts\/L-invite-pour-comprendre\/Marc-de-Basquiat-Ingenieur-et-docteur-en-economie<\/p>\n<p><strong>-Le PDG d&#8217;Airbus annonce un plan de restructuration (vid\u00e9o) : <\/strong> http:\/\/www.francetvinfo.fr\/economie\/emploi\/plans-sociaux\/airbus-les-effectifs-du-constructeur-aeronautique-menaces_1837135.html<\/p>\n<p><strong>-&#8220;On est dans un avion, la plan\u00e8te Terre, qui a une chance sur dix de s&#8217;\u00e9craser&#8221; (Ga\u00ebl Giraud, \u00e9conomiste en chef de l&#8217;Agence fran\u00e7aise de d\u00e9veloppement, \u00e9tait l&#8217;invit\u00e9 de la matinale de France Inter. Il a r\u00e9pondu aux questions de Patrick Cohen; vid\u00e9o) : <\/strong>  http:\/\/www.dailymotion.com\/video\/x4u79ib_gael-giraud-de-l-afd-repond-aux-questions-de-patrick-cohen_news<\/p>\n<p><strong>-Et \u00e0 celles des auditeurs (vid\u00e9o) <\/strong> : http:\/\/www.dailymotion.com\/video\/x4u7dq7_gael-giraud-economiste-repond-aux-questions-des-auditeurs-de-france-inter_news<\/p>\n<p><strong>-&#8220;Faut-il bannir les voitures des centres-villes ?&#8221; (le &#8220;T\u00e9l\u00e9phone sonne&#8221; de France Inter, anim\u00e9 par Nicolas Demorand; son)<\/strong> : https:\/\/www.franceinter.fr\/emissions\/le-telephone-sonne\/le-telephone-sonne-21-septembre-2016<\/p>\n<p>-Le bio bat des records en France (Baptiste Gaborit; son) : http:\/\/www.radioclassique.fr\/player\/progaction\/iniPlayer\/podcast\/3-minutes-pour-la-planete-2016-09-22-06-48-45.html<\/p>\n<p>-Notre-Dame-des-Landes, en attendant l&#8217;\u00e9vacuation (B\u00e9atrice Dugu\u00e9; son) : https:\/\/www.franceinter.fr\/emissions\/le-zoom-de-la-redaction\/le-zoom-de-la-redaction-22-septembre-2016<\/p>\n<p><strong>-L&#8217;\u00e9tat des sols en France avec &#8220;Gis Sol&#8221; (Nathalie Fontrel; son) : <\/strong> https:\/\/www.franceinter.fr\/emissions\/planete-environnement\/planete-environnement-22-septembre-2016<\/p>\n<p>-&#8220;La pollution de l&#8217;air int\u00e9rieur, un danger m\u00e9connu&#8221; (Giulietta Gamberini) : http:\/\/www.latribune.fr\/entreprises-finance\/industrie\/energie-environnement\/pollution-de-l-air-interieur-un-danger-meconnu-un-marche-croissant-600135.html#xtor=EPR<\/p>\n<p>-&#8220;Contre l&#8217;invasion de l&#8217;agro-chimie dans nos assiettes&#8221; (Franck Pinay, r\u00e9dacteur en chef du site d&#8217;information &#8220;Atabula&#8221;, interrog\u00e9 par Dimitri Pavlenko; son) : http:\/\/www.sudradio.fr\/Podcasts\/L-invite-pour-comprendre\/Franck-Pinay-redacteur-en-chef-du-site-d-information-Atabula<\/p>\n<p>-Les discriminations \u00e0 l&#8217;emploi dues \u00e0 la tyrannie du para\u00eetre (le sociologue Jean-Fran\u00e7ois Amadieu; son) : http:\/\/rmc.bfmtv.com\/mediaplayer\/video\/discriminations-a-l-emploi-le-capital-erotique-donne-des-chances-d-etre-embauche-869583.html<\/p>\n<p>-&#8220;Nos refuges sont pleins \u00e0 craquer&#8221; (Nicolas Dumas de la SPA; son) : http:\/\/www.sudradio.fr\/Podcasts\/L-invite-pour-comprendre\/Nicolas-Dumas-directeur-general-adjoint-de-la-SPA<\/p>\n<p><strong>-Le journal d&#8217;outre-mer (Beno\u00eet Ferrand; son) <\/strong> : https:\/\/www.franceinter.fr\/emissions\/journal-d-outre-mer-1ere\/journal-d-outre-mer-1ere-22-septembre-2016<\/p>\n<p>-Une gendarme porte plainte contre la famille d&#8217;Adama Traor\u00e9 et Mediapart : http:\/\/www.liberation.fr\/france\/2016\/09\/21\/une-gendarme-porte-plainte-contre-la-famille-d-adama-traore-et-mediapart_1505615?xtor=EPR<\/p>\n<p>-Christophe Caresche, d\u00e9put\u00e9 PS de Paris et la Ministre Myriam El Khomri, d&#8217;une pierre deux coups (Yann Brossat) : http:\/\/www.pcf.fr\/91665<\/p>\n<p>-&#8220;Quelles pistes pour lutter contre le terrorisme ?&#8221; (en d\u00e9bat chez Laurence Ferrari; vid\u00e9o) : http:\/\/www.itele.fr\/chroniques\/invite-politique-ferrari-tirs-croises\/linvite-de-laurence-ferrari-du-22092016-170855<\/p>\n<p><strong>-&#8220;Les Jobs en or de la R\u00e9publique&#8221; (&#8220;Pi\u00e8ces \u00e0 conviction&#8221; sur FR 3, pr\u00e9sent\u00e9e par Virna Sacchi; vid\u00e9o) <\/strong> : http:\/\/www.francetvinfo.fr\/replay-magazine\/france-3\/pieces-a-conviction\/pieces-a-conviction-du-mercredi-21-septembre-2016_1825373.html<\/p>\n<p><strong>POLITIQUE<\/strong><\/p>\n<p><strong>-&#8220;Reprendre le pouvoir sur l&#8217;argent&#8221; (Patrick Le Hyaric) :<\/strong> http:\/\/patrick-le-hyaric.fr\/reprendre-le-pouvoir-sur-largent\/<\/p>\n<p>-Le n\u00b0 823 de &#8220;ReSPUBLICA&#8221; : http:\/\/www.gaucherepublicaine.org\/wp-content\/uploads\/lettres\/20160922_respublica-lettre-sommaire_lettre-823.htm<\/p>\n<p>-Migrants, &#8220;Wauquiez et Estrosi sont irresponsables&#8221; (Jean-No\u00ebl Carpentier, d\u00e9put\u00e9  MdP du Val-d&#8217;Oise :  http:\/\/www.md-progressistes.fr\/migrants-wauquiez-et-estrosi-sont-irresponsables\/?utm_source<\/p>\n<p>-&#8220;De l&#8217;audace, encore de l&#8217;audace&#8230;&#8221; (tribune collective dans laquelle les signataires stigmatisent la &#8220;d\u00e9rive nationale-populiste&#8221; de Jean-Luc M\u00e9lenchon. Que leur restera-t-il pour qualifier Mme Le Pen qu&#8217;ils contribuent, selon moi,  ainsi \u00e0 &#8220;d\u00e9diaboliser&#8221; ?) : https:\/\/blogs.mediapart.fr\/denis-durand\/blog\/210916\/de-laudace-encore-de-laudace<\/p>\n<p><strong>-Cinq s\u00e9quences de &#8220;L&#8217;Emission politique&#8221; consacr\u00e9e \u00e0 Arnaud Montebourg (vid\u00e9os) <\/strong> : http:\/\/www.francetvinfo.fr\/politique\/arnaud-montebourg\/videos-l-emission-politique-avec-arnaud-montebourg-cinq-sequences-a-retenir_1837223.html<\/p>\n<p>-L&#8217;int\u00e9grale (vid\u00e9o pendant 6 jours) : http:\/\/m.pluzz.francetv.fr\/videos\/l_emission_politique_saison1_,145948267.html<\/p>\n<p>-Dans la primaire de la droite, &#8220;on parle aux instincts. Une partie des Allemands ne comprennent pas que les portes soient largement ouvertes. L&#8217;Europe a les moyens d&#8217;accueillir ceux qui sont pers\u00e9cut\u00e9s. Ce n&#8217;est pas la premi\u00e8re fois que notre Pr\u00e9sident est reconnu par la presse internationale. C&#8217;est dur, mais vous verrez, il incarnera l&#8217;espoir. J&#8217;esp\u00e8re bien qu&#8217;il pense \u00e0 se pr\u00e9senter. Nous nous organisons pour \u00eatre pr\u00eats \u00e0 le soutenir&#8221; (Bruno Le Roux, pr\u00e9sident du groupe socialiste \u00e0 l&#8217;Assembl\u00e9e nationale; invit\u00e9 de &#8220;Mardi Politique&#8221; sur RFI; vid\u00e9o) : http:\/\/www.rfi.fr\/video\/20160921-bruno-le-roux-depute-seine-saint-denis-president-groupe-socialiste-assemblee-national<\/p>\n<p>-&#8220;Nous sommes un pays d&#8217;accueil, une France fraternelle. Nous sommes pour l&#8217;accueil des r\u00e9fugi\u00e9s, la droite est contre. Une droite qui se d\u00e9chire et une gauche qui se divise, \u00e7a fait les affaires de Marine Le Pen&#8221; (Didier Guillaume, pr\u00e9sident du groupe socialiste au S\u00e9nat, interrog\u00e9 par Micka\u00ebl Darmon; vid\u00e9o) : https:\/\/www.youtube.com\/watch?v=gC53nhzcL2E&#038;feature=youtu.be<\/p>\n<p>-&#8220;Emmanuel Macron doit dire s&#8217;il veut se pr\u00e9senter contre Fran\u00e7ois Hollande et prendre la responsabilit\u00e9 de la fragmentation d&#8217;un \u00e9lectorat, ouvrant un boulevard \u00e0 Marine Le Pen&#8221; (la secr\u00e9taire d&#8217;Etat Axel Lemaire, face \u00e0 Guillaume Durand; vid\u00e9o) : http:\/\/www.dailymotion.com\/video\/x4u7i6y<\/p>\n<p><strong>-&#8220;Je n&#8217;ai pas de doute sur le fait qu&#8217;il (Fran\u00e7ois Hollande) en ait envie et qu&#8217;il est n\u00e9cessaire qu&#8217;il soit candidat&#8221; (Olivier Faure, d\u00e9put\u00e9 PS de Seine-et-Marne; face \u00e0 Olivier Galzi; vid\u00e9o) :<\/strong> http:\/\/www.itele.fr\/chroniques\/invite-galzi-jusqua-minuit\/olivier-faure-je-nai-pas-de-toute-sur-le-fait-que-francois-hollande-ait-envie-detre-candidat-170860<\/p>\n<p>-&#8220;Fran\u00e7ois Hollande est \u00e0 la reconqu\u00eate de son \u00e9lectorat&#8221; (Christophe Barbier; vid\u00e9o) : http:\/\/www.bfmtv.com\/mediaplayer\/video\/l-edito-de-christophe-barbier-francois-hollande-est-a-la-reconquete-de-son-electorat-869503.html<\/p>\n<p>-&#8220;Il n&#8217;entend pas rester en retrait de la primaire de la droite&#8221; (Alba Ventura; vid\u00e9o) : http:\/\/www.rtl.fr\/actu\/politique\/primaire-les-republicains-francois-hollande-n-entend-pas-etre-en-retrait-decrypte-alba-ventura-7784949923<\/p>\n<p>-&#8220;Aujourd&#8217;hui, l&#8217;\u00e9cologie est la plus grande cr\u00e9atrice d&#8217;emplois&#8221; (la secr\u00e9taire d&#8217;Etat Barbara Pompili, interrog\u00e9e par Fr\u00e9d\u00e9ric Rivi\u00e8re; vid\u00e9o) : http:\/\/www.rfi.fr\/video\/20160921-barbara-pompili-ecologie-economie-aujourd-hui-ecologie-est-plus-grande-creatrice-empl<\/p>\n<p>-Pour Daniel Cohn-Bendit, &#8220;la solution pour \u00e9viter le cauchemar d&#8217;un 2e tour Sarkozy-Le Pen, c&#8217;est Macron&#8221; (vid\u00e9o) : http:\/\/www.francetvinfo.fr\/politique\/emmanuel-macron\/cohn-bendit-mise-sur-macron-pour-eviter-le-cauchemar-d-un-2e-tour-sarkozy-le-pen_1836367.html<\/p>\n<p><strong>-&#8220;On essaye d&#8217;obs\u00e9der le pays autour de questions qui ne sont pas celles qui font la vie quotidienne des Fran\u00e7ais. Fran\u00e7ois Hollande s&#8217;est constamment comport\u00e9 comme un premier secr\u00e9taire du Parti socialiste. Nicolas Sarkozy cherche la victoire \u00e9lectorale dans la division des Fran\u00e7ais. Il sait ce qu&#8217;il fait, il cherche des voix dans la primaire comme l&#8217;a fait Donald Trump&#8221; (Fran\u00e7ois Bayrou, pr\u00e9sident du MoDem, invit\u00e9 de la matinale de LCI; vid\u00e9o) <\/strong> : http:\/\/www.lci.fr\/replay\/replay-l-invite-de-lci-matin-du-22-septembre-2016-francois-bayrou-2004130.html%3Ftype=content<\/p>\n<p><strong>-&#8220;Je n&#8217;ai pas \u00e9t\u00e9 mis en examen pour financement ill\u00e9gal de campagne&#8221;. En PACA et dans les Hauts-de-France, &#8220;pardon, les socialistes on fait un score si minable qu&#8217;ils n&#8217;ont pas pu se maintenir. J&#8217;ai permis que le FN ne gagne aucune r\u00e9gion&#8221;. Sur Calais, Marine Le Pen &#8220;dit n&#8217;importe quoi&#8221; et Fran\u00e7ois Hollande &#8220;se croise les bras&#8221; pendant cinq ans. Je veux convaincre les Allemands qu&#8217;il faut refonder l&#8217;Europe&#8221;  (Nicolas Sarkozy a re\u00e7u Ruth Elkrief dans son local de campagne; vid\u00e9os) : <\/strong> http:\/\/www.bfmtv.com\/mediaplayer\/video\/nicolas-sarkozy-face-a-ruth-elkrief-1-2&#8211;869797.html<br \/>\nhttp:\/\/www.bfmtv.com\/mediaplayer\/video\/nicolas-sarkozy-face-a-ruth-elkrief-2-2&#8211;869799.html<\/p>\n<p>-&#8220;Il faut s&#8217;occuper des migrants avec humanit\u00e9 et objectivit\u00e9, ce qui suppose le d\u00e9mant\u00e8lement de la jungle de Calais et la ren\u00e9gociation des accords du Touquet avec la Grande-Bretagne. Il faut contr\u00f4ler les fronti\u00e8res, les citoyens sentent qu&#8217;on ne contr\u00f4le plus rien&#8221; (G\u00e9rard Larcher, pr\u00e9sident LR du S\u00e9nat, invit\u00e9 de &#8220;Territoires d&#8217;Infos&#8221;; vid\u00e9o, amener le curseur sur 33:01) : http:\/\/replay.publicsenat.fr\/vod\/territoires-d-infos\/gerard-larcher\/gerard-larcher,cyril-viguier\/217378<\/p>\n<p>-&#8220;Je choisirai un candidat sans \u00eatre inf\u00e9od\u00e9e \u00e0 lui&#8221; (Val\u00e9rie P\u00e9cresse, pr\u00e9sidente LR de la R\u00e9gion Ile-de-France, interrog\u00e9e par Caroline Roux; vid\u00e9o) : http:\/\/www.francetvinfo.fr\/politique\/les-republicains\/primaire-de-la-droite\/4-verites-primaire-de-la-droite-pecresse-choisira-un-candidat-sans-etre-infeode-a-lui_1836461.html<\/p>\n<p><strong>-&#8220;Nicolas Sarkozy est dans une strat\u00e9gie assez cynique de d\u00e9rive identitaire&#8221; (Fr\u00e9d\u00e9ric Lefebvre, d\u00e9put\u00e9 LR, interrog\u00e9 par Fr\u00e9d\u00e9ric Rivi\u00e8re; vid\u00e9o) :<\/strong> http:\/\/www.rfi.fr\/video\/20160922-frederic-lefebvre-nicolas-sarkozy-est-une-strategie-assez-cynique-derive-identitaire<\/p>\n<p><strong>-&#8220;Il faut ren\u00e9gocier avec les Anglais les accords du Touquet&#8217; (Xavier Bertrand, pr\u00e9sident LR de la r\u00e9gion Hauts-de-France; vid\u00e9o)<\/strong> : http:\/\/www.rtl.fr\/actu\/societe-faits-divers\/xavier-bertrand-il-faut-renegocier-avec-les-anglais-7784946994<\/p>\n<p>-&#8220;Fran\u00e7ois Hollande veut neutraliser &#8220;l&#8217;anti-hollandisme&#8221; par &#8220;l&#8217;antisarkozysme&#8221; (Fran\u00e7ois Fillon) : http:\/\/www.publicsenat.fr\/lcp\/politique\/fillon-hollande-veut-neutraliser-lanti-hollandisme-lanti-sarkozysme-1493253<\/p>\n<p>-&#8220;Il tente de se relancer au Cirque d&#8217;Hiver&#8221; (vid\u00e9o) : http:\/\/www.lcp.fr\/la-politique-en-video\/primaire-droite-fillon-tente-de-se-relancer-au-cirque-dhiver<\/p>\n<p>-Sa strat\u00e9gie en d\u00e9bat dans l&#8217;\u00e9mission d&#8217;Yves Calvi &#8220;24 heures en questions&#8221; (vid\u00e9o) : http:\/\/www.lci.fr\/replay\/replay-24-heures-en-questions-du-22-septembre-2016-2004227.html%3Ftype=content<\/p>\n<p>-&#8220;Pour que la primaire soit r\u00e9ussie, il faut que ce soit un d\u00e9bat&#8221; (son organisateur, Thierry Sol\u00e8re, d\u00e9put\u00e9 LR des Hauts-de-Seine; face \u00e0 L\u00e9a Salam\u00e9; vid\u00e9o) : http:\/\/www.dailymotion.com\/video\/x4u70hd_thierry-solere-repond-aux-questions-de-lea-salame_news<\/p>\n<p>-Invalid\u00e9, Herv\u00e9 Mariton, d\u00e9put\u00e9 de la Dr\u00f4me, se dit &#8220;sous le choc&#8221; (vid\u00e9o) : http:\/\/www.francetvinfo.fr\/politique\/les-republicains\/primaire-de-la-droite\/video-apres-l-invalidation-de-sa-candidature-a-la-primaire-de-la-droite-herve-mariton-se-dit-sous-le-choc_1836343.html<\/p>\n<p>-&#8220;C&#8217;est cruel&#8221; (interrog\u00e9 par Elisabeth Martichoux sur RTL; vid\u00e9os) : http:\/\/www.rtl.fr\/actu\/politique\/primaire-les-republicains-c-est-un-choc-c-est-cruel-dit-herve-mariton-7784949971<\/p>\n<p>-Les Chirac, &#8220;une famille durement frapp\u00e9e&#8221; (Brice Hortefeux, eurod\u00e9put\u00e9 LR; vid\u00e9o) : http:\/\/www.europe1.fr\/politique\/brice-hortefeux-sur-les-chirac-une-famille-durement-frappee-2853190<\/p>\n<p>-&#8216;Il \u00e9tait l&#8217;invit\u00e9 du &#8220;Club de la Presse&#8221; d&#8217;Europe 1 son) : http:\/\/www.europe1.fr\/emissions\/le-club-de-la-presse\/europe-soir-le-club-de-la-presse-brice-hortefeux-et-riss-21092016-2853205<\/p>\n<p><strong>-&#8220;Qui sera le 3e de la primaire ?&#8221; (dans l&#8217;\u00e9mission &#8220;\u00c7a vous regarde&#8221; sur LCP; vid\u00e9o)<\/strong> : http:\/\/www.lcp.fr\/emissions\/ca-vous-regarde\/279220-ca-vous-regarde<\/p>\n<p>-&#8220;Les Fran\u00e7ais ne sont pas encore entr\u00e9s dans la primaire&#8221; (Guillaume Tabard du &#8220;Figaro&#8221;; son) : http:\/\/www.radioclassique.fr\/player\/progaction\/iniPlayer\/podcast\/linvite-du-matin-2016-09-22-07-50-00.html<\/p>\n<p>-&#8220;Jupp\u00e9, le po\u00e8te \u00e9nerv\u00e9&#8221; (Renaud D\u00e9ly, directeur de &#8220;Marianne&#8221;; son) : https:\/\/www.franceinter.fr\/emissions\/histoires-politiques\/histoires-politiques-22-septembre-2016<\/p>\n<p>-&#8220;Cette primaire est vraiment m\u00e9diocre&#8221; (Philippe Tesson; vid\u00e9o) : http:\/\/www.dailymotion.com\/video\/x4u7ix5<\/p>\n<p><strong>-&#8220;Elle se joue \u00e0 deux niveaux&#8221; (Thomas Legrand; son) <\/strong> : https:\/\/www.franceinter.fr\/emissions\/l-edito-politique\/l-edito-politique-22-septembre-2016<\/p>\n<p><strong>-&#8220;Moi Pr\u00e9sident. Christophe a 42 ans et habite Calais. Avec Herv\u00e9 Pauchon (son) : <\/strong> https:\/\/www.franceinter.fr\/emissions\/moi-president\/moi-president-22-septembre-2016<\/p>\n<p><em>-Les Fran\u00e7ais attendent une totale transparence des candidats sur leur sant\u00e9 (ODOXA) <\/em> : http:\/\/www.odoxa.fr\/carnet-de-sante-50-des-francais-attendent-une-totale-transparence-des-candidats-sur-leur-sante\/<\/p>\n<p><strong>EUROPE-MONDE<\/strong><\/p>\n<p><strong>-L&#8217;ex-commissaire europ\u00e9enne \u00e0 la concurrence Neelie Kroes \u00e9tait membre du conseil d&#8217;administration d&#8217;une soci\u00e9t\u00e9 offshore aux Bahamas :<\/strong> http:\/\/www.lemonde.fr\/idees\/article\/2016\/09\/22\/bahamas-leaks-la-trahison-morale-des-elites_5001825_3232.html<\/p>\n<p>-&#8220;A la recherche de la moralit\u00e9 fiscale&#8221; (Doroth\u00e9e Traverse) : http:\/\/www.latribune.fr\/opinions\/tribunes\/apple-a-la-recherche-de-la-moralite-fiscale-599656.html<\/p>\n<p>-Le trait\u00e9 transatlantique, &#8220;symbole de la mondialisation malheureuse ?&#8221; (en d\u00e9bat chez Olivier Galzi sur iT\u00e9l\u00e9; vid\u00e9o) : http:\/\/www.itele.fr\/chroniques\/grand-decryptage-olivier-galzi\/le-grand-decryptage-du-22092016-170859<\/p>\n<p>-Situation &#8220;ing\u00e9rable&#8221; dans les hotspots grecs (Sarantis Michalopoulos) : http:\/\/www.euractiv.fr\/section\/l-europe-dans-le-monde\/news\/unmanageable-situations-at-greek-hot-spots-regional-governor-says\/?nl_ref=21119921<\/p>\n<p>-&#8220;L&#8217;Union europ\u00e9enne accepte la demande d&#8217;adh\u00e9sion de la Bosnie Herz\u00e9govine&#8230;qui pourrait intervenir dans 15 ou 20 ans. La maire de Rome refuse l&#8217;organisation des JO&#8221; (Hugues Beaudoin; son) : http:\/\/www.radioclassique.fr\/player\/progaction\/iniPlayer\/podcast\/2016-09-21-19-09-00.html<\/p>\n<p>-La Slovaquie devient le 4e pays europ\u00e9en \u00e0 ratifier l&#8217;accord de Paris sur le climat (Georgi Gotev) : http:\/\/www.euractiv.fr\/section\/climat-environnement\/news\/slovakia-becomes-fourth-eu-country-to-ratify-the-paris-climate-agreement\/?nl_ref=21119921<\/p>\n<p><strong>-&#8220;Le climat s&#8217;invite dans l&#8217;union des march\u00e9s de capitaux&#8221; (Fr\u00e9d\u00e9ric Simon) :<\/strong> http:\/\/www.euractiv.fr\/section\/euro-finances\/news\/financiers-want-climate-risk-integrated-into-eus-capital-markets-union\/?nl_ref=21119921<\/p>\n<p><strong>-Malgr\u00e9 la d\u00e9cision de la Cour supr\u00eame isra\u00e9lienne, des colons refusent de quitter une colonie ill\u00e9gale en Cisjordanie (vid\u00e9o)<\/strong> : http:\/\/nr.news-republic.com\/Web\/ArticleWeb.aspx?regionid=2&#038;articleid=73508503<\/p>\n<p>-&#8220;Les grandes puissances et l&#8217;enfer syrien&#8221; (Bernard Guetta; son) : https:\/\/www.franceinter.fr\/emissions\/geopolitique\/geopolitique-22-septembre-2016<\/p>\n<p><strong>-Pour prot\u00e9ger ses parcs nationaux, l&#8217;Afrique du Sud militarise la lutte contre le braconnage (un reportage de Lisa Fabian; son) <\/strong> : https:\/\/www.franceinter.fr\/emissions\/grand-angle\/grand-angle-22-septembre-2016<\/p>\n<p><strong>-Plus de 200 millions d&#8217;Am\u00e9ricains expos\u00e9s \u00e0 une eau chrom\u00e9e  (St\u00e9phanie Senet) <\/strong> : http:\/\/www.euractiv.fr\/section\/sante-modes-de-vie\/news\/plus-de-200-millions-damericains-exposes-a-une-eau-chromee\/?nl_ref=21119921<\/p>\n<p>-Nouvelle nuit de violences \u00e0 Charlotte (vid\u00e9o) : http:\/\/nr.news-republic.com\/Web\/ArticleWeb.aspx?regionid=2&#038;articleid=73507044<\/p>\n<p>-Un manifestant dans un \u00e9tat critique (vid\u00e9o) : http:\/\/nr.news-republic.com\/Web\/ArticleWeb.aspx?regionid=2&#038;articleid=73496356<\/p>\n<p>-L&#8217;Etat d&#8217;urgence y a \u00e9t\u00e9 d\u00e9cr\u00e9t\u00e9 : http:\/\/www.liberation.fr\/planete\/2016\/09\/22\/etats-unis-l-etat-d-urgence-decrete-a-charlotte_1505910?xtor=EPR<\/p>\n<p>-La r\u00e9action d&#8217;Hillary Clinton (vid\u00e9o) : http:\/\/nr.news-republic.com\/Web\/ArticleWeb.aspx?regionid=2&#038;articleid=73484769<\/p>\n<p>-&#8220;Trump fait le tour des plateaux t\u00e9l\u00e9&#8221; (Marie Normand; vid\u00e9o) : http:\/\/www.rfi.fr\/video\/20160921-trump-fait-le-tour-plateaux-tv<\/p>\n<p>-R\u00e9sistance aux antibiotiques, &#8220;l&#8217;ONU mobilise les Etats \u00e0 tous le niveaux&#8221; (Jean-Yves Paill\u00e9) : http:\/\/www.latribune.fr\/entreprises-finance\/industrie\/chimie-pharmacie\/resistance-aux-antibiotiques-l-onu-mobilise-les-gouvernements-a-tous-les-niveaux-oms-599812.html#xtor=EPR<\/p>\n<p>-&#8220;L&#8217;extr\u00eame pauvret\u00e9 recule dans le monde&#8221; (Nicolas Vercken d&#8217;Oxfam France; propos recueillis par Estelle Patt\u00e9e) : http:\/\/www.liberation.fr\/planete\/2016\/09\/22\/l-extreme-pauvrete-recule-dans-le-monde_1505048?xtor=EPR<\/p>\n<p>-&#8220;L&#8217;OCDE abaisse encore ses pr\u00e9visions de croissance mondiale&#8221; (vid\u00e9o) : http:\/\/nr.news-republic.com\/Web\/ArticleWeb.aspx?regionid=2&#038;articleid=73462535<\/p>\n<p><strong>-Le chemin parcouru pour arriver \u00e0 l&#8217;accord de Paris sur le climat (vid\u00e9o) : <\/strong> http:\/\/nr.news-republic.com\/Web\/ArticleWeb.aspx?regionid=2&#038;articleid=73469427<\/p>\n<p><strong>CULTURE-MEDIAS<\/strong><\/p>\n<p><strong>-Alors que la pi\u00e8ce est pr\u00e9sent\u00e9e dans une soixantaine d&#8217;\u00e9tablissements scolaires, Isma\u00ebl Sa\u00efdi, auteur et metteur en sc\u00e8ne de &#8220;Djihad&#8221;, \u00e9tait l&#8217;invit\u00e9 de Jean- Jacques Bourdin (vid\u00e9o) : <\/strong> http:\/\/rmc.bfmtv.com\/mediaplayer\/video\/une-piece-de-theatre-intitulee-djihad-presentee-dans-une-soixantaine-d-etablissements-scolaires-francais-869533.html<\/p>\n<p>-&#8220;Notre d\u00e9mocratie est \u00e0 bout de souffle&#8221; (Romain Slitine, auteur de &#8220;Le Coup d&#8217;Etat citoyen&#8221;; interrog\u00e9 par Eric Delvaux; son) : https:\/\/www.franceinter.fr\/emissions\/l-invite-du-5-7\/l-invite-du-5-7-22-septembre-2016<\/p>\n<p>-&#8220;Nos origines sont plus latines que gauloises. Les identit\u00e9s ne sont pas fig\u00e9es&#8221; (Dominique Garcia, sp\u00e9cialiste de la Gaule pr\u00e9romaine; vid\u00e9o) : http:\/\/rmc.bfmtv.com\/mediaplayer\/video\/sarkozy-et-les-gaulois-nos-origines-sont-plus-latines-que-gauloises-869543.html<\/p>\n<p><strong>-&#8220;Pour dire merci&#8221;, la lettre hommage de R\u00e9gis Debray \u00e0 l&#8217;\u00e9diteur Fran\u00e7ois Maspero<\/strong> : https:\/\/blogs.mediapart.fr\/littinerante\/blog\/200916\/pour-dire-merci-par-regis-debray?utm_source<\/p>\n<p>-Le critique d&#8217;art Bernard Marcad\u00e9 sur Ren\u00e9 Magritte (son) : http:\/\/www.radioclassique.fr\/player\/progaction\/iniPlayer\/podcast\/linvite-du-matin-2016-09-22-07-50-00.html<\/p>\n<p>-&#8220;Brooklyn Village&#8221; de Ira Sachs, &#8220;une rencontre remarquable avec des habitants ordinaires&#8221; (Jacky Bomet; vid\u00e9o) : http:\/\/culturebox.francetvinfo.fr\/cinema\/critiques\/brooklyn-village-rencontre-remarquable-avec-des-habitants-ordinaires-246207<\/p>\n<p>-Thierry Gandillot a vu &#8220;Juste la fin du monde&#8221; de Xavier Dolan (son) : http:\/\/www.radioclassique.fr\/player\/progaction\/iniPlayer\/podcast\/2016-09-21-19-50-00.html<\/p>\n<p>-La mort du r\u00e9alisateur am\u00e9ricain Curtis Hanson, auteur de &#8220;8 mile&#8221; et de &#8220;L.A. Confidential&#8221; (Samuel Douhaire; vid\u00e9o) : http:\/\/www.telerama.fr\/cinema\/curtis-hanson-le-realisateur-de-8-mile-et-de-l-a-confidential-est-mort,147719.php#xtor=EPR<\/p>\n<p>-Francis Huster, invit\u00e9 de &#8220;Passion Classique&#8221; (son) : http:\/\/www.radioclassique.fr\/player\/progaction\/iniPlayer\/podcast\/2016-09-21-18-02-50.html<\/p>\n<p><strong>-Le chanteur et guitariste Asaf Avidan a enregistr\u00e9 son nouvel album \u00e0 la Chartreuse de Neuville dans le Pas-de-Calais (Odile Morain; vid\u00e9os) : <\/strong> http:\/\/culturebox.francetvinfo.fr\/musique\/pop\/videos-asaf-avidan-enregistre-son-nouvel-album-a-la-chartreuse-de-neuville-246263<\/p>\n<p>-Henry Padovani, le fondateur de &#8220;The Police&#8221;, &#8220;l&#8217;homme qui aurait pu \u00eatre une star&#8221; (Jean-Michel Ogier; vid\u00e9o) : http:\/\/culturebox.francetvinfo.fr\/cinema\/documentaire\/rock-n-rollof-corse-l-histoire-d-henry-padovani-fondateur-de-the-police-246259<\/p>\n<p>-Retrouver &#8220;The Tornados&#8221; avec Fran\u00e7ois Gorin (son) : http:\/\/www.telerama.fr\/musique\/the-tornados-satellite-de-l-oncle-joe,147732.php#xtor=EPR<\/p>\n<p>-&#8220;La Sc\u00e8ne musicale&#8221;, nouvel \u00e9quipement culturel sur l&#8217;Ile Seguin, ouvrira d&#8217;ici l&#8217;\u00e9t\u00e9 2017 : http:\/\/culturebox.francetvinfo.fr\/musique\/evenements\/la-seine-musicale-nouvel-equipement-culturel-sur-l-ile-seguin-d-ici-l-ete-2017-246277<\/p>\n<p>-La chanteuse Cora Vaucaire est d\u00e9c\u00e9d\u00e9e \u00e0 93 ans (vid\u00e9o) : http:\/\/www.lefigaro.fr\/musique\/2011\/09\/17\/03006-20110917ARTFIG00463-la-chanteuse-cora-vaucaire-est-decedee.php<\/p>\n<p><strong>-Les rappeurs Kery James, Youssoupha et Lino dans &#8220;Couleurs tropicales&#8221; sur RFI (vid\u00e9os)<\/strong> : http:\/\/www.rfi.fr\/video\/20160920-entretien-le-rappeur-kery-james-couleurs-tropicales        http:\/\/www.rfi.fr\/video\/20160920-le-rappeur-youssoupha-couleurs-tropicales-rfi     http:\/\/www.rfi.fr\/video\/20160920-le-rappeur-lino-couleurs-tropicales                                                 http:\/\/www.rfi.fr\/video\/20160920-musique-negre-kery-james-youssoupha-lino-exclusiviterfi <\/p>\n<p><strong>-La mauritanienne Noura Mint Seymali publie &#8220;&#8221;Arbina&#8221;, son nouvel album. Le meilleur de la musique venue du Sahara (Rebecca Manzoni; vid\u00e9o) <\/strong> : https:\/\/www.franceinter.fr\/emissions\/pop-co\/pop-co-22-septembre-2016<\/p>\n<p>-&#8220;La Vie&#8221;, le nouvel album de Fran\u00e7ois Morel (Patrick Cohen; vid\u00e9o) : https:\/\/www.franceinter.fr\/emissions\/le-7h43\/le-7h43-22-septembre-2016<\/p>\n<p>-Seule en sc\u00e8ne avec son nouveau spectacle, &#8220;L&#8217;esprit de contradiction&#8221;, la com\u00e9dienne Camille Chamoux \u00e9tait l&#8217;invit\u00e9e d&#8217;Augustin Trapenard (son) : https:\/\/www.franceinter.fr\/emissions\/boomerang\/boomerang-22-septembre-2016<\/p>\n<p>-Les 28 sites du web nord-cor\u00e9en (J\u00e9r\u00e9mie Maire) : http:\/\/www.telerama.fr\/medias\/voila-a-quoi-ressemblent-les-28-sites-du-web-nord-coreen,147730.php#xtor=EPR<\/p>\n<p><em>-Les r\u00e9seau sociaux, un outil de s\u00e9duction ? (SOFRES)<\/em> : http:\/\/www.tns-sofres.com\/publications\/les-reseaux-sociaux-un-outil-de-seduction<\/p>\n<p><strong>-A Toulouse, les photos de la journaliste italienne Letizia Battaglia consacr\u00e9es \u00e0 son combat contre la mafia (vid\u00e9o)<\/strong> : http:\/\/nr.news-republic.com\/Web\/ArticleWeb.aspx?regionid=2&#038;articleid=73472924<\/p>\n<p>-Les photos de la semaine (EPIC) : http:\/\/epic-stories.com\/selection-jeudi-55\/<\/p>\n<p>-&#8220;Laurent Bon, l&#8217;homme qui murmure \u00e0 l&#8217;oreille de Yann Barthes&#8221; (Lucas Armati; vid\u00e9os) : http:\/\/television.telerama.fr\/television\/laurent-bon-l-homme-qui-murmure-a-l-oreillette-de-yann-barthes,147708.php#xtor=EPR<\/p>\n<p>-Avec &#8220;Hier, aujourd&#8217;hui, demain&#8221; sur France 2, &#8220;Fr\u00e9d\u00e9ric Tadde\u00ef l\u00e2che l&#8217;actu pour les id\u00e9es&#8221; (Erwan Desplanques) : http:\/\/television.telerama.fr\/television\/a-partir-de-ce-soir-frederic-taddei-lache-l-actu-pour-les-idees,147724.php#xtor=EPR<\/p>\n<p><strong>-Alain Badiou dans la premi\u00e8re \u00e9mission (vid\u00e9o, amener le curseur sur 49:40; pendant 6 jours) <\/strong> : http:\/\/www.france2.fr\/emission\/hier-aujourdhui-demain\/diffusion-du-21-09-2016-23h30<\/p>\n<p>-Lors de la premi\u00e8re de &#8220;Mardi cin\u00e9ma&#8221; de Laurent Ruquier , &#8220;le pire ne s&#8217;est pas tout \u00e0 fait produit&#8221; (Nicolas Didier) : http:\/\/www.telerama.fr\/cinema\/on-a-regarde-la-premiere-de-mardi-cinema,147722.php#xtor=EPR<\/p>\n<p><strong>-Avec &#8220;Au-del\u00e0 des murs&#8221; de Marc Herpoux,  &#8220;Arte revisite les codes de la maison hant\u00e9e&#8221; (Sonia Devillers re\u00e7oit le sc\u00e9nariste; vid\u00e9os)<\/strong> :  https:\/\/www.franceinter.fr\/emissions\/l-instant-m\/l-instant-m-22-septembre-2016<\/p>\n<p><strong>-Prisons surpeupl\u00e9es, &#8220;France 2 pr\u00e9conise des constructions et un meilleur rangement&#8221; (Samuel Gontier; vid\u00e9o) <\/strong> : http:\/\/television.telerama.fr\/television\/prisons-surpeuplees-france-2-preconise-des-constructions-et-un-meilleur-rangement,147735.php#xtor=EPR<\/p>\n<p>-La mise en garde-\u00e0-vue de Jean-Marc Morandini (Marc Baudriller; son) : http:\/\/www.radioclassique.fr\/player\/progaction\/iniPlayer\/podcast\/la-vie-des-medias-2016-09-22-07-41-00.html<\/p>\n<p>-&#8220;On m&#8217;a reproch\u00e9 &#8220;de bouffer \u00e0 tous les rateliers&#8221;, mais, aujourd&#8217;hui, en France, n&#8217;est-ce pas le seul moyen de manger ?&#8221; (Fr\u00e9d\u00e9ric Beigbeder; vid\u00e9o) :  https:\/\/www.franceinter.fr\/emissions\/le-billet-de-frederic-beigbeder\/le-billet-de-frederic-beigbeder-22-septembre-2016<\/p>\n<p><strong>-&#8220;Une petite pens\u00e9e pour Jacques Chirac&#8221; (Mathieu Mad\u00e9nian et Thomas VDB; vid\u00e9o)<\/strong> : http:\/\/www.france2.fr\/emissions\/actuality\/videos\/une_pensee_pour_jacques_chirac_par_mathieu_madenian_thomas_vdb_-_actuality_20-09-2016_1287515?onglet=tous&#038;page=1<\/p>\n<p><strong>-&#8220;Cette primaire, un vrai p\u00e9plum organis\u00e9 par le Qatar&#8221; (Charline Vanhoenacker; vid\u00e9o) <\/strong> : http:\/\/www.dailymotion.com\/video\/x4u6z59_cette-primaire-un-vrai-peplum-organise-par-le-qatar-le-billet-de-charline_fun<\/p>\n<p><strong>-Elle a offert un melon \u00e0 Arnaud Montebourg (vid\u00e9o) <\/strong> :  http:\/\/www.francetvinfo.fr\/politique\/l-emission-politique\/video-l-emission-politique-charline-vanhoenacker-offre-un-melon-a-arnaud-montebourg_1837207.html<\/p>\n","protected":false},"excerpt":{"rendered":"<p>ACTUALITE -Plusieurs milliers de chefs d&#8217;\u00e9tablissements scolaires ont manifest\u00e9 (vid\u00e9o) : http:\/\/www.francetvinfo.fr\/societe\/education\/education-les-chefs-d-etablissements-scolaires-dans-la-rue_1836397.html -Michel Richard, secr\u00e9taire de leur syndicat de la FSU, r\u00e9pondait aux questions de Francis Letellier (vid\u00e9o) : http:\/\/www.francetvinfo.fr\/faits-divers\/terrorisme\/attaques-du-13-novembre-a-paris\/etat-d-urgence-en-france\/scolarite-obligatoire-de-3-a-18-ans-regulariser-une-situation-deja-existante-est-un-symbole-fort_1836403.html -&#8221; J&#8217;ai mis dans le d\u00e9bat public la prolongation de la scolarit\u00e9 obligatoire \u00e0 18 ans. Ce n&#8217;est pas une proposition neuve. S&#8217;adapter, c&#8217;est \u00e9lever [&hellip;]<\/p>\n","protected":false},"author":1042,"featured_media":0,"comment_status":"open","ping_status":"open","sticky":false,"template":"","format":"standard","meta":{"_themeisle_gutenberg_block_has_review":false,"footnotes":""},"categories":[151],"tags":[],"class_list":["post-9873","post","type-post","status-publish","format-standard","hentry","category-la-revue-de-presse-de-lulu"],"_links":{"self":[{"href":"https:\/\/archives.regards.fr\/index.php?rest_route=\/wp\/v2\/posts\/9873","targetHints":{"allow":["GET"]}}],"collection":[{"href":"https:\/\/archives.regards.fr\/index.php?rest_route=\/wp\/v2\/posts"}],"about":[{"href":"https:\/\/archives.regards.fr\/index.php?rest_route=\/wp\/v2\/types\/post"}],"author":[{"embeddable":true,"href":"https:\/\/archives.regards.fr\/index.php?rest_route=\/wp\/v2\/users\/1042"}],"replies":[{"embeddable":true,"href":"https:\/\/archives.regards.fr\/index.php?rest_route=%2Fwp%2Fv2%2Fcomments&post=9873"}],"version-history":[{"count":0,"href":"https:\/\/archives.regards.fr\/index.php?rest_route=\/wp\/v2\/posts\/9873\/revisions"}],"wp:attachment":[{"href":"https:\/\/archives.regards.fr\/index.php?rest_route=%2Fwp%2Fv2%2Fmedia&parent=9873"}],"wp:term":[{"taxonomy":"category","embeddable":true,"href":"https:\/\/archives.regards.fr\/index.php?rest_route=%2Fwp%2Fv2%2Fcategories&post=9873"},{"taxonomy":"post_tag","embeddable":true,"href":"https:\/\/archives.regards.fr\/index.php?rest_route=%2Fwp%2Fv2%2Ftags&post=9873"}],"curies":[{"name":"wp","href":"https:\/\/api.w.org\/{rel}","templated":true}]}}