{"id":9871,"date":"2016-09-22T00:26:23","date_gmt":"2016-09-21T22:26:23","guid":{"rendered":"https:\/\/wp.muchomaas.com\/article-eric-coquerel-il-n-y-a-pas-de-troisieme-voie-serieuse-entre-le-ps-et-melenchon\/"},"modified":"2023-06-23T23:23:03","modified_gmt":"2023-06-23T21:23:03","slug":"article-eric-coquerel-il-n-y-a-pas-de-troisieme-voie-serieuse-entre-le-ps-et-melenchon","status":"publish","type":"post","link":"https:\/\/archives.regards.fr\/?p=9871","title":{"rendered":"\u00c9ric Coquerel : \u00ab Il n\u2019y a pas de troisi\u00e8me voie s\u00e9rieuse entre le PS et M\u00e9lenchon \u00bb"},"content":{"rendered":"<p class=\"post_excerpt\">Intentions de vote, alliances, programme, Europe : \u00c9ric Coquerel, co-coordinateur du Parti de gauche et conseiller r\u00e9gional d\u2019Ile-de-France, analyse les perspectives de Jean-Luc M\u00e9lenchon pour la pr\u00e9sidentielle. Et n&#8217;exclut pas de le voir au second tour.<\/p>\n<p><strong>Regards. 24% des Fran\u00e7ais estiment que Jean-Luc M\u00e9lenchon est le mieux plac\u00e9 pour repr\u00e9senter la gauche en 2017. Pour autant, les intentions de vote oscillent entre 10 et 14,5% &#8211; pas encore de quoi passer le second tour. Comment expliquez-vous cette contradiction ?<\/strong><\/p>\n<p><strong>\u00c9ric Coquerel.<\/strong> C\u2019est une bonne base de d\u00e9part, non ? Il y a toujours un d\u00e9calage entre le premier sondage qui r\u00e9sulte d\u2019une question ouverte sur les &#8220;pr\u00e9f\u00e9rences&#8221; \u2013 et elle est sacr\u00e9ment int\u00e9ressante puisque Jean-Luc M\u00e9lenchon y est la personnalit\u00e9 largement pr\u00e9f\u00e9r\u00e9e par les \u00e9lecteurs de &#8220;gauche&#8221; \u2013 et le second qui mesure les intentions de vote des Fran\u00e7ais. En septembre 2011, les sondages mettaient Jean-Luc M\u00e9lenchon \u00e0 peine au dessus de la barre des 5%. Aujourd\u2019hui, alors que la campagne n\u2019a pas r\u00e9ellement commenc\u00e9 et que le tableau des candidats pr\u00e9sent\u00e9s est virtuel (il m\u00e9lange candidats \u00e0 la pr\u00e9sidentielle et aux primaires), les intentions de vote le placent au-dessus du r\u00e9sultat obtenu en 2012. C\u2019est l\u00e0 une assise confortable sur laquelle s\u2019appuyer. Il faut maintenant convaincre que sa candidature est la seule alternative possible, et cr\u00e9dible, au syst\u00e8me. Il peut \u00eatre qualifi\u00e9 pour le second tour. Il peut d\u00e8s lors remporter l\u2019\u00e9lection pr\u00e9sidentielle l\u2019ann\u00e9e prochaine. C\u2019est un trou de souris, mais il existe.<\/p>\n<p><strong>Comment allez-vous vous adresser aux Fran\u00e7ais et renouer avec les classes populaires ?<\/strong><\/p>\n<p>Nous disposons d\u00e9j\u00e0 d\u2019un camp de base solide : pour aller vite, une bonne part de celles et ceux qui ont combattu la loi El Khomri. Pour tous ceux-l\u00e0, heureusement que Jean-Luc s\u2019est pr\u00e9sent\u00e9 vite afin de prouver qu\u2019il y avait une autre issue politique que celle, mortif\u00e8re, des primaires. Ensuite, je suis certain qu\u2019il reste dans ce pays une disponibilit\u00e9 tr\u00e8s large contre les d\u00e9g\u00e2ts du lib\u00e9ralisme. Cela s\u2019est exprim\u00e9 par exemple dans le refus, rest\u00e9 majoritaire jusqu\u2019au bout, des Fran\u00e7ais \u00e0 la loi travail.  Mais cette tr\u00e8s grande masse de nos concitoyens, le &#8220;peuple&#8221;, n\u2019a pas toujours une conscience claire de ses int\u00e9r\u00eats communs, tellement la soci\u00e9t\u00e9 a \u00e9t\u00e9 atomis\u00e9e par la pr\u00e9carit\u00e9, le ch\u00f4mage, l\u2019ub\u00e9risation, les discriminations spatiales, les replis identitaires et communautaires agit\u00e9s par certains comme des refuges\u2026 En quelques mois, nous devons aller convaincre ces populations \u00e9clat\u00e9es en partant de leurs pr\u00e9occupations concr\u00e8tes. <\/p>\n<p><em> <\/p>\n<h2>\u00ab Pour un homme seul, Jean-Luc M\u00e9lenchon est de plus en plus accompagn\u00e9 ! \u00bb<\/h2>\n<p> <\/em><\/p>\n<p><strong>Comment atteindre ces \u00e9lecteurs ?<\/strong><\/p>\n<p>Quand, dans son discours de la f\u00eate de l\u2019humanit\u00e9, Jean-Luc M\u00e9lenchon parle des millions de Fran\u00e7ais qui vivent sous le seuil de pauvret\u00e9 en nous invitant \u00e0 voir le monde \u00e0 travers leurs yeux, il montre que l\u2019origine de leurs maux et de la d\u00e9gradation de leur condition est la m\u00eame que ceux dont souffre le reste du peuple : moins de m\u00e9canismes de solidarit\u00e9 du fait de l\u2019aust\u00e9rit\u00e9, moins de services publics, l\u2019in\u00e9galit\u00e9 grandissante des richesses&#8230; C\u2019est sur le m\u00eame principe que Danielle Simonnet soutient les chauffeurs de taxi contre l\u2019ub\u00e9risation. Leurs int\u00e9r\u00eats sont similaires que ceux de la masse des salari\u00e9s ou artisans confront\u00e9s \u00e0 la d\u00e9r\u00e8glementation de la loi Macron. C\u2019est cela, f\u00e9d\u00e9rer le peuple : lui d\u00e9signer son adversaire commun \u2013 la rente, l\u2019oligarchie financi\u00e8re \u2013 et donc son int\u00e9r\u00eat commun \u00e0 renverser par les urnes ce syst\u00e8me qui met en concurrence les biens et les personnes.   <\/p>\n<p><strong>Jean-Luc M\u00e9lenchon se pr\u00e9sente en candidat du peuple sans passer par la case primaire. D\u2019apr\u00e8s vous, pourquoi l\u2019id\u00e9e d\u2019une primaire de la gauche non gouvernementale n\u2019\u00e9tait-elle pas possible ?<\/strong><\/p>\n<p>Je ne crois pas au syst\u00e8me des primaires. Ce syst\u00e8me import\u00e9 des \u00c9tats-Unis ne peut pas \u00eatre un mod\u00e8le pour la France \u2013 sans compter qu\u2019il a conduit \u00e0 faire dispara\u00eetre la gauche en Italie. Les primaires aggravent les tares de la Ve R\u00e9publique et personnifient le scrutin \u00e0 outrance. Elles sont une machine \u00e0 d\u00e9velopper les \u00e9gos. Par ailleurs, on a vu par le pass\u00e9 que les primaires n\u2019attiraient pas les classes populaires. Il y a un c\u00f4t\u00e9 censitaire dans l\u2019id\u00e9e m\u00eame de primaires. Parce que les cat\u00e9gories CSP\/CSP+ y sont surrepr\u00e9sent\u00e9es. Enfin, si l\u2019on regarde encore par le pass\u00e9, en 2007, les collectifs antilib\u00e9raux avaient organis\u00e9 une sorte de primaire de la gauche antilib\u00e9rale. C\u2019est Marie-George Buffet qui avait recueilli le plus de suffrages, mais ce r\u00e9sultat arithm\u00e9tique n\u2019avait pas suffi \u00e0 convaincre l\u2019ensemble des participants de la l\u00e9gitimit\u00e9 politique d\u2019une candidature issue du PCF. Et donc \u00e0 emp\u00eacher la division : au final, trois candidats se partag\u00e8rent cet espace politique avec le succ\u00e8s que l\u2019on sait. <\/p>\n<p><strong>La situation n&#8217;a-t-elle pas chang\u00e9, depuis ?<\/strong><\/p>\n<p>Elle est bien plus grave qu\u2019en 2007, avec un fort risque d\u2019une victoire de la r\u00e9action la plus dure, sans m\u00eame exclure celle du FN, et un PS qui, heureusement, ne sera pas en capacit\u00e9 de nous jouer le vote utile apr\u00e8s son bilan catastrophique. Franchement, a-t-on le temps et le droit de tergiverser quand il nous reste peu d\u2019atouts ? Et sauf \u00e0 se voiler la face dans un sectarisme irresponsable, il est \u00e9vident que Jean-Luc M\u00e9lenchon en est un atout de taille. Il est le candidat le mieux plac\u00e9. Il n\u2019y a pas de troisi\u00e8me voie s\u00e9rieuse entre le PS et lui. D\u2019ailleurs, j\u2019observe qu\u2019en plus des bons sondages, avec pr\u00e8s de 130.000 citoyens qui ont sign\u00e9 la plate-forme de la campagne France insoumise, des milliers de groupes d\u2019appuis, de militants syndicaux et \u00e9cologistes s\u2019y sont d\u00e9j\u00e0 engag\u00e9s, des partis et groupes ont rejoint l\u2019espace politique de FI \u2013 auxquels s&#8217;ajoutent tous ceux qui, depuis la f\u00eate de l\u2019Huma, ont dit soutenir \u00e0 leur tour Jean-Luc M\u00e9lenchon : syndicalistes, intellectuels, membres du PC et d\u2019Ensemble. C\u2019est un homme seul de plus en plus accompagn\u00e9 ! Bien plus en tous cas qu\u2019il ne l\u2019\u00e9tait \u00e0 la m\u00eame \u00e9poque en 2011.<\/p>\n<p><em> <\/p>\n<h2>\u00ab En 2017, on ne s\u00e9parera pas pr\u00e9sidentielle et l\u00e9gislative. Il faudra un candidat \u00e0 la pr\u00e9sidentielle commun, un programme commun pour les deux \u00e9lections. \u00bb<\/h2>\n<p> <\/em><\/p>\n<p><strong>Il y a quelques jours, Jean-Luc M\u00e9lenchon a r\u00e9pondu \u00e0 une militante communiste qui d\u00e9fendait l\u2019id\u00e9e d\u2019une candidature unique : \u00ab Nous ne serions pas cr\u00e9dibles si vous d\u00e9cidiez tout \u00e0 coup de me soutenir (\u2026) ne faites rien avec moi \u00bb. Peut-il r\u00e9ellement se passer des communistes dans cette campagne ?<\/strong><\/p>\n<p>Ce n\u2019est pas &#8220;juste&#8221; une &#8220;militante&#8221; communiste, mais une attaque personnelle et violente de plus de la part d\u2019une dirigeante du PCF. Jean-Luc M\u00e9lenchon choisit donc de ne pas l\u2019ignorer et de lui r\u00e9pondre. \u00c0 elle et donc \u00e0 la partie du PC qu\u2019elle repr\u00e9sente ou qui se reconna\u00eet en elle. Il a raison : on ne va pas obliger cette partie du PCF \u00e0 faire campagne contre son gr\u00e9. On s\u2019en passera. Mais je pr\u00e9f\u00e8re m\u2019int\u00e9resser \u00e0 d\u2019autre signaux positifs envoy\u00e9s par des milliers de communistes, et non des moindres comme Francis Parny, Christian Audouin et leurs amis, ainsi que par des \u00e9lus de terrain et de grandes figures du Parti communiste telle ma camarade Marie-George Buffet. C\u2019est autrement plus fort et symbolique. On sait le PCF divis\u00e9. Mon sentiment malgr\u00e9 tout, c\u2019est qu\u2019on se retrouve d\u00e9j\u00e0 ou qu\u2019on va se retrouver, quoi qu\u2019il arrive, avec un tr\u00e8s tr\u00e8s grand nombre de militants et sympathisants communistes : ceux avec qui nous battons le pav\u00e9 dans les cort\u00e8ges contre la loi El Khomri ou la d\u00e9fense des libert\u00e9s syndicales si malmen\u00e9es ; celles et ceux, dont beaucoup d\u2019\u00e9lus des villes des quartiers populaires, qui sont au contact de la r\u00e9alit\u00e9 sociale du pays, tous ces militant-e-s qui se battent au quotidien et font un boulot remarquable. Je m\u2019en r\u00e9jouis. Jusqu\u2019o\u00f9 ira ce mouvement dans le PCF ? On verra. Par contre, nous ne pouvons pas nous permettre d\u2019attendre, donc nous avan\u00e7ons, nous travaillons.  <\/p>\n<p><strong>Des discussions sont-elles engag\u00e9es avec le PCF pour les l\u00e9gislatives ?<\/strong><\/p>\n<p>Il n\u2019y a aucune discussion en cours. Par ailleurs, au PG, nous estimons que nous ne pouvons pas refaire les erreurs du pass\u00e9. Le score de M\u00e9lenchon a \u00e9t\u00e9 divis\u00e9 par deux aux l\u00e9gislatives de 2012. Pourquoi ? Parce que nous n\u2019avons pas men\u00e9 la m\u00eame campagne partout en France. Nous avons manqu\u00e9 d\u2019unit\u00e9 et de visibilit\u00e9. Nous \u00e9tions inaudibles. La suite de l\u2019histoire du Front de gauche a \u00e9t\u00e9 du m\u00eame tonneau, en empirant : absence de strat\u00e9gie nationale allant jusqu\u2019\u00e0 des alliances \u00e0 g\u00e9om\u00e9trie variable, pas de label commun, et \u00e0 la fin pas de dynamique nationale. En 2017, on ne s\u00e9parera pas pr\u00e9sidentielle et l\u00e9gislative. C\u2019est la m\u00eame \u00e9lection : il faudra un candidat \u00e0 la pr\u00e9sidentielle commun, un programme commun pour les deux scrutins, un label et une \u00e9tiquette communs et un certain nombre de conditions pour les investitures qu&#8217;accordera France Insoumise. Il appartiendra \u00e0 toutes celles et ceux qui sont engag\u00e9s dans France Insoumise d\u2019en d\u00e9finir les quelques r\u00e8gles et m\u00e9thodes. <\/p>\n<p><strong>Comment rallier d&#8217;autres soutiens, \u00e9largir l&#8217;assise ?<\/strong><\/p>\n<p>Je souhaite entamer un dialogue fraternel avec les signataires de l\u2019appel Front commun. Il est important et positif, c\u2019est un grand pas en avant, j\u2019y ai de tr\u00e8s nombreux amis avec qui j\u2019ai partag\u00e9 l\u2019ambition d\u2019un Front de gauche non cartellis\u00e9 et ouvert aux adh\u00e9sions directes. Je leur dis : c\u2019est justement cela qui conduit le Parti de gauche \u00e0 participer \u00e0 France insoumise ; il n\u2019est pas question d\u2019additionner un parti aux autres partis, mais d\u2019une campagne embrassant dans un m\u00eame mouvement pr\u00e9sidentielle et l\u00e9gislative et reposant en d\u00e9finitive sur des adh\u00e9sions directes et non r\u00e9duit \u00e0 un accord de cartel. Est-ce que nous prolongerons et accentuerons ensuite cette mise en commun apr\u00e8s les \u00e9lections ? Au PG nous le souhaitons, c\u2019est dans notre ADN de vouloir notre d\u00e9passement dans une force politique nouvelle, mais de cela nous en d\u00e9ciderons ensemble. Ce n\u2019est en rien la condition \u00e0 la porte d\u2019entr\u00e9e. Plus g\u00e9n\u00e9ralement on verra par la suite qui d\u00e9cide de rejoindre ou pas cette campagne. Bien s\u00fbr, plus on est, mieux \u00e7a sera. Mais, et chacun le comprendra, \u00e7a ne peut conduire \u00e0 se soumettre aux conditions de ceux qui arriveraient en dernier. <\/p>\n<p><em> <\/p>\n<h2>\u00ab Il est vain d\u2019esp\u00e9rer r\u00e9former l&#8217;UE. Il faut sortir des trait\u00e9s, c\u2019est la condition pour esp\u00e9rer reb\u00e2tir un projet europ\u00e9en \u00bb<\/h2>\n<p> <\/em><\/p>\n<p><strong>Vous travaillez sur le programme pr\u00e9sidentiel de Jean-Luc M\u00e9lenchon. Y a-t-il d\u2019apr\u00e8s vous des d\u00e9saccords d\u2019ordre programmatique avec le PCF ? <\/strong><\/p>\n<p>Ce sera un programme pr\u00e9sidentiel et l\u00e9gislatif. Je voudrais d\u2019abord rappeler que le programme &#8220;L\u2019Humain d\u2019abord&#8221; pour 2012 a \u00e9t\u00e9 pr\u00e9sent\u00e9 \u00e0 la F\u00eate de l\u2019Humanit\u00e9 de septembre 2011. Nous n\u2019avons donc pas de temps \u00e0 perdre. Par ailleurs, le programme des insoumis puise justement ses racines dans ce programme de 2012. Nous ne partons pas de rien. Nous partageons depuis longtemps, depuis la bataille contre le TCE en 2005, des combats et des espaces de r\u00e9flexion au sein desquels on se connait bien les uns et les autres. Et en la mati\u00e8re, il n\u2019y a pas de d\u00e9saccords majeurs. Apr\u00e8s, sur des questions comme l\u2019\u00e9cologie par exemple, nous avons la conviction au Parti de gauche qu\u2019il faut passer un cran. Apr\u00e8s le terrible \u00e9pisode de Fukushima, nous devons nous prononcer pour une sortie programm\u00e9e du nucl\u00e9aire, tout en planifiant une transition \u00e9nerg\u00e9tique, et pas seulement sur un r\u00e9f\u00e9rendum. C\u2019est aussi le cas sur l\u2019UE, qui a prouv\u00e9 depuis 2012 combien il \u00e9tait vain d\u2019esp\u00e9rer la r\u00e9former. Il faut donc sortir des trait\u00e9s, c\u2019est la condition pour esp\u00e9rer reb\u00e2tir un projet europ\u00e9en. <\/p>\n<p><strong>Votre candidat a \u00e9t\u00e9 tr\u00e8s attaqu\u00e9 sur sa gauche \u00e0 propos de ses d\u00e9clarations sur la politique migratoire qu\u2019il conduirait s\u2019il \u00e9tait en responsabilit\u00e9. A-t-il d\u00e9finitivement tourn\u00e9 la page du discours de Marseille ?<\/strong><\/p>\n<p>C\u00e9cile Duflot, David Cormand et, je le regrette, Olivier Besancenot, ne sont pas honn\u00eates lorsqu\u2019ils critiquent M\u00e9lenchon sur ce point en le comparant \u00e0 l\u2019extr\u00eame droite ! Et ils le savent. Dans son interview du Monde, il affirme sans ambig\u00fcit\u00e9 qu\u2019il est pour la r\u00e9gularisation des travailleurs sans-papiers et pour l\u2019accueil digne des migrants, que la France peut faire bien mieux en mati\u00e8re de droit d\u2019asile. Il n\u2019a eu de cesse de critiquer la mise en place de Frontex en lieu et place de Mare Nostrum. Vous connaissez un autre candidat \u00e0 plus de 10% dans les sondages qui affirme cela ? Il faut sortir des caricatures. La politique du Front de gauche en mati\u00e8re de migrations n\u2019a jamais \u00e9t\u00e9 de dire que <em>\u00ab la France doit ouvrir compl\u00e8tement ses fronti\u00e8res \u00bb<\/em>. Le Jean-Luc M\u00e9lenchon de Marseille est bien vivant. Mais dans une situation dramatique, avant tout pour les centaines de milliers de migrants oblig\u00e9s de fuir leur pays au risque de leur vie, il faut faire des propositions concr\u00e8tes si l&#8217;on aspire \u00e0 gouverner le pays. <\/p>\n<p><strong>Quelles sont-elles, au Parti de gauche ?<\/strong><\/p>\n<p>Les solutions que nous pr\u00e9conisons n\u2019ont pas vari\u00e9 : il faut agir tr\u00e8s vite sur les causes g\u00e9opolitiques et les causes li\u00e9es au libre-\u00e9change qui conduisent les gens \u00e0 quitter leur pays d\u2019origine. \u00c0 ce titre, la France et l\u2019Europe tout enti\u00e8re ont une grande responsabilit\u00e9. Il faut revenir \u00e0 des m\u00e9thodes de coop\u00e9ration type Mare Nostrum et d\u00e9noncer des accords comme celui qui, en \u00e9change d\u2019une mansu\u00e9tude vis-\u00e0-vis du r\u00e9gime d\u2019Erdogan, a fait de la Turquie une gare de triage. Il faut ensuite cr\u00e9er des conditions dignes d\u2019accueil des migrants pr\u00e9sents et \u00e9largir les conditions d\u2019acc\u00e8s au droit d\u2019asile. Enfin, il faut r\u00e9gler le probl\u00e8me tr\u00e8s concret de gens qui passent par la France pour rejoindre l\u2019Angleterre et qu\u2019on emp\u00eache de le faire du fait des accords du Touquet. D\u2019un point de vue \u00e9conomique, toute personne qui travaille aujourd\u2019hui en France doit \u00eatre r\u00e9gularis\u00e9e et b\u00e9n\u00e9ficier du m\u00eame contrat de travail. C\u2019est la revendication juste des toutes les gr\u00e8ves des travailleurs sans papiers. Nous devons \u00eatre \u00e0 la hauteur de ces enjeux si l\u2019on veut g\u00e9rer le pays, demain, et offrir un avenir en commun \u00e0 toutes celles et ceux qui y vivent.<\/p>\n<p><a href=\"https:\/\/wp.muchomaas.com\/qui-sommes-nous\/article\/soutenez-regards\"><img loading=\"lazy\" decoding=\"async\" class=\" aligncenter size-full wp-image-23858\" src=\"https:\/\/wp.muchomaas.com\/wp-content\/uploads\/2016\/09\/560-horizontal_rose-80f.png\" alt=\"560-horizontal_rose.png\" align=\"center\" width=\"460\" height=\"210\" srcset=\"https:\/\/archives.regards.fr\/wp-content\/uploads\/2016\/09\/560-horizontal_rose-80f.png 460w, https:\/\/archives.regards.fr\/wp-content\/uploads\/2016\/09\/560-horizontal_rose-80f-300x137.png 300w\" sizes=\"auto, (max-width: 460px) 100vw, 460px\" \/><\/a><div id='gallery-1' class='gallery galleryid-9871 gallery-columns-3 gallery-size-thumbnail'><figure class='gallery-item'>\n\t\t\t<div class='gallery-icon landscape'>\n\t\t\t\t<a href='https:\/\/archives.regards.fr\/wp-content\/uploads\/2016\/09\/420-horizontal_prune-5cd.png'><img loading=\"lazy\" decoding=\"async\" width=\"150\" height=\"150\" src=\"https:\/\/archives.regards.fr\/wp-content\/uploads\/2016\/09\/420-horizontal_prune-5cd-150x150.png\" class=\"attachment-thumbnail size-thumbnail\" alt=\"420-horizontal_prune.png\" \/><\/a>\n\t\t\t<\/div><\/figure><figure class='gallery-item'>\n\t\t\t<div class='gallery-icon landscape'>\n\t\t\t\t<a href='https:\/\/archives.regards.fr\/wp-content\/uploads\/2016\/09\/560-horizontal_rose-c4d.png'><img loading=\"lazy\" decoding=\"async\" width=\"150\" height=\"150\" src=\"https:\/\/archives.regards.fr\/wp-content\/uploads\/2016\/09\/560-horizontal_rose-c4d-150x150.png\" class=\"attachment-thumbnail size-thumbnail\" alt=\"560-horizontal_rose.png\" \/><\/a>\n\t\t\t<\/div><\/figure>\n\t\t<\/div>\n<\/p>\n","protected":false},"excerpt":{"rendered":"<p>Intentions de vote, alliances, programme, Europe : \u00c9ric Coquerel, co-coordinateur du Parti de gauche et conseiller r\u00e9gional d\u2019Ile-de-France, analyse les perspectives de Jean-Luc M\u00e9lenchon pour la pr\u00e9sidentielle. Et n&#8217;exclut pas de le voir au second tour.<\/p>\n","protected":false},"author":1039,"featured_media":23858,"comment_status":"open","ping_status":"open","sticky":false,"template":"","format":"standard","meta":{"_themeisle_gutenberg_block_has_review":false,"footnotes":""},"categories":[157],"tags":[293,383,497],"class_list":["post-9871","post","type-post","status-publish","format-standard","has-post-thumbnail","hentry","category-web","tag-entretien","tag-jean-luc-melenchon","tag-presidentielle-2017"],"_links":{"self":[{"href":"https:\/\/archives.regards.fr\/index.php?rest_route=\/wp\/v2\/posts\/9871","targetHints":{"allow":["GET"]}}],"collection":[{"href":"https:\/\/archives.regards.fr\/index.php?rest_route=\/wp\/v2\/posts"}],"about":[{"href":"https:\/\/archives.regards.fr\/index.php?rest_route=\/wp\/v2\/types\/post"}],"author":[{"embeddable":true,"href":"https:\/\/archives.regards.fr\/index.php?rest_route=\/wp\/v2\/users\/1039"}],"replies":[{"embeddable":true,"href":"https:\/\/archives.regards.fr\/index.php?rest_route=%2Fwp%2Fv2%2Fcomments&post=9871"}],"version-history":[{"count":0,"href":"https:\/\/archives.regards.fr\/index.php?rest_route=\/wp\/v2\/posts\/9871\/revisions"}],"wp:featuredmedia":[{"embeddable":true,"href":"https:\/\/archives.regards.fr\/index.php?rest_route=\/wp\/v2\/media\/23858"}],"wp:attachment":[{"href":"https:\/\/archives.regards.fr\/index.php?rest_route=%2Fwp%2Fv2%2Fmedia&parent=9871"}],"wp:term":[{"taxonomy":"category","embeddable":true,"href":"https:\/\/archives.regards.fr\/index.php?rest_route=%2Fwp%2Fv2%2Fcategories&post=9871"},{"taxonomy":"post_tag","embeddable":true,"href":"https:\/\/archives.regards.fr\/index.php?rest_route=%2Fwp%2Fv2%2Ftags&post=9871"}],"curies":[{"name":"wp","href":"https:\/\/api.w.org\/{rel}","templated":true}]}}