{"id":9841,"date":"2016-09-09T11:09:30","date_gmt":"2016-09-09T09:09:30","guid":{"rendered":"https:\/\/wp.muchomaas.com\/article-pierre-laurent-la-bataille-de-la-recomposition-de-la-gauche-est-engagee\/"},"modified":"2023-06-23T23:22:55","modified_gmt":"2023-06-23T21:22:55","slug":"article-pierre-laurent-la-bataille-de-la-recomposition-de-la-gauche-est-engagee","status":"publish","type":"post","link":"https:\/\/archives.regards.fr\/?p=9841","title":{"rendered":"Pierre Laurent : \u00ab La bataille de la recomposition de la gauche est engag\u00e9e \u00bb"},"content":{"rendered":"<p class=\"post_excerpt\">Alors que se profilent \u00e9lections pr\u00e9sidentielle et l\u00e9gislatives, Pierre Laurent s&#8217;exprime sur les \u00e9volutions internes et les strat\u00e9gies d&#8217;un PCF nagu\u00e8re dominant et aujourd\u2019hui mal connu. Extrait du n\u00b0 d&#8217;automne de <em>Regards<\/em> qui sort mardi !<\/p>\n<p><em>Extrait du num\u00e9ro d&#8217;automne de<\/em> Regards, <em>qui sort mardi 13 dans les kiosques, et sera disponible d\u00e8s ce week-end au village du livre de la f\u00eate de <\/em>L&#8217;Humanit\u00e9.<\/p>\n<p style=\"text-align: center;\"><img decoding=\"async\" src=\"IMG\/jpg\/laurent-pierre-itw-2.jpg\" alt=\"laurent-pierre-itw-2.jpg\" align=\"center\" \/><\/p>\n<p><strong>Regards. Il y a six ans, quelques mois apr\u00e8s votre \u00e9lection \u00e0 la t\u00eate du PCF vous \u00e9criviez que les exigences de transformation du parti \u00e9taient d\u00e9pass\u00e9es et qu\u2019il fallait d\u00e9sormais se tourner vers le futur. Diriez-vous toujours cela ?<\/strong><\/p>\n<p><strong>Pierre Laurent.<\/strong> Je ne crois pas avoir \u00e9crit que la transformation \u00e9tait accomplie, encore moins d\u00e9pass\u00e9e, j&#8217;ai dit qu&#8217;il me paraissait acquis, pour la majorit\u00e9 des communistes, que nous devions mener ces transformations profondes. Depuis, elles entrent dans la vie, notamment au travers du renouvellement des cadres et des animateurs de la vie du parti. En deux congr\u00e8s, deux tiers des membres du Conseil national [instance dirigeante du PCF, ndlr] ont chang\u00e9. Comme les jeunes qui adh\u00e8rent au PCF, ces nouveaux dirigeants ont une culture politique moins th\u00e9orique et sont moins exp\u00e9riment\u00e9s dans la lutte politique que leurs pr\u00e9d\u00e9cesseurs. Mais ils apportent beaucoup de neuf et des pratiques diff\u00e9rentes. Ils sont davantage pr\u00e9occup\u00e9s par les \u00e9checs de la mondialisation capitaliste, qui est leur monde, que tourn\u00e9s vers les \u00e9checs pass\u00e9s du socialisme \u00e0 l&#8217;Est. Leur envie de transformer le monde et leur envie de communisme sont tr\u00e8s profondes. Ils poussent en avant les \u00e9volutions du PCF. <\/p>\n<p><strong>Le congr\u00e8s de juin a-t-il marqu\u00e9 une \u00e9volution dans ce sens ?<\/strong><\/p>\n<p>Le congr\u00e8s s\u2019est essay\u00e9 \u00e0 faire reculer la verticalit\u00e9 au profit de la culture du r\u00e9seau \u00e0 l\u2019int\u00e9rieur m\u00eame du parti. Mais ce chantier sera long et il arrive que nous ayons le sentiment que cela ne progresse pas au rythme souhait\u00e9. J&#8217;ajoute, et c&#8217;est un atout, que la confrontation d\u2019opinions est v\u00e9cue aujourd&#8217;hui avec beaucoup de s\u00e9r\u00e9nit\u00e9. En revanche, nous avons toujours du mal \u00e0 r\u00e9inventer notre mani\u00e8re de communiquer avec la soci\u00e9t\u00e9. Nos structures sont encore trop en d\u00e9calage avec la vie m\u00eame des adh\u00e9rents. Le d\u00e9bat interne sur les id\u00e9es est vif, mais il demeure une difficult\u00e9 \u00e0 \u00e9noncer un projet lisible et accessible. Cela ne tient pas seulement au PCF, mais aussi au bouleversement de notre soci\u00e9t\u00e9. Notre t\u00e2che premi\u00e8re est de mettre en coh\u00e9rence tous ces mouvements autour de ce que nous appelons le temps du commun.<\/p>\n<p><em> <\/p>\n<h2>\u00ab Au fond, nous sommes un parti plus exp\u00e9rimental qu\u2019il ne l\u2019\u00e9tait et qui doit trouver les sources d\u2019une efficacit\u00e9 nouvelle. \u00bb<\/h2>\n<p> <\/em><\/p>\n<p><strong>\u00c0 quoi ressemble le PCF d\u2019aujourd\u2019hui ?<\/strong><\/p>\n<p>Nous restons un parti de militants, avec beaucoup d&#8217;\u00e9nergie et de d\u00e9vouement. Nous avons 120.000 adh\u00e9rents, dont la moiti\u00e9 sont des cotisants r\u00e9guliers. Parmi eux, entre 30.000 et 40.000 participent \u00e0 la vie du parti et notamment aux consultations internes. C\u2019est cette part active de l\u2019organisation qui s\u2019est le plus renouvel\u00e9e et rajeunie. Avec des disparit\u00e9s : le PCF reste divers, \u00e0 l\u2019image de la soci\u00e9t\u00e9 d\u2019aujourd\u2019hui. Il est pr\u00e9sent dans toutes ses sph\u00e8res. Ceux qui nous rejoignent, qui marquent le rajeunissement du c\u0153ur le plus militant, sont issus le plus souvent du salariat pr\u00e9caire. Ils viennent assez peu des grandes concentrations ouvri\u00e8res et de services qui restent au c\u0153ur de notre affaiblissement. Pour cela, nous voulons reconstruire notre intervention dans l\u2019entreprise, dans des formes \u00e0 inventer. <\/p>\n<p><strong>Avec des ressources nettement moindres qu&#8217;auparavant\u2026<\/strong><\/p>\n<p>Nos moyens d\u2019organisation ont beaucoup diminu\u00e9. Le PCF n\u2019est plus un parti de permanents, certaines grandes f\u00e9d\u00e9rations n\u2019ont plus que des moyens b\u00e9n\u00e9voles. L\u2019ancrage militant local reste tr\u00e8s puissant, m\u00eame s&#8217;il est moins fort et moins homog\u00e8ne qu&#8217;\u00e0 l&#8217;\u00e9poque de ce qu&#8217;on a appel\u00e9 le \u201ccommunisme municipal\u201d. Tout cela dessine un parti tr\u00e8s militant, tr\u00e8s mobilis\u00e9, mais d\u2019une certaine mani\u00e8re moins efficace. Nous n\u2019avons pas encore trouv\u00e9 la fa\u00e7on de mettre en commun la grande diversit\u00e9 d\u2019exp\u00e9riences et de pratiques qui coexistent au sein du parti, celles des plus jeunes et celles des plus aguerris, celles des zones d\u2019influence et celles des territoires de conqu\u00eate&#8230; L\u2019ancienne mani\u00e8re d\u2019assurer cette fonction de coh\u00e9rence doit changer : nous ne pouvons plus compter sur une structure permanente et verticale pour le faire, parce que la soci\u00e9t\u00e9 a chang\u00e9, parce que nous n\u2019en avons plus les moyens, et surtout que parce que notre vie d\u00e9mocratique appelle de nouvelles mani\u00e8res de d\u00e9cider ensemble. Au fond, nous sommes un parti plus exp\u00e9rimental qu\u2019il ne l\u2019\u00e9tait et qui doit trouver les sources d\u2019une efficacit\u00e9 nouvelle pour notre temps. <\/p>\n<p><strong>Et \u00e0 quoi ressemble l\u2019\u00e9lectorat communiste, l\u2019influence communiste ?<\/strong><\/p>\n<p>Les \u00e9lecteurs du Parti communiste ont eux aussi beaucoup chang\u00e9. La partie fid\u00e8le et traditionnelle se r\u00e9duit au profit d\u2019une nouvelle carte \u00e9lectorale. Des zones de forte influence persistent, d&#8217;autres sont r\u00e9duites \u00e0 peu tandis que notre influence se maintient ou se renouvelle ailleurs\u2026 La carte n\u2019est pas simple \u00e0 dessiner, elle est tr\u00e8s in\u00e9gale, que l\u2019on prenne l\u2019influence dans les quartiers populaires ou dans le monde intellectuel. Ici et l\u00e0, l\u2019activit\u00e9 communiste reste forte tandis qu\u2019ailleurs, on constate de grands d\u00e9serts. Nous sommes en phase de reconstruction.<\/p>\n<p><em> <\/p>\n<h2>\u00ab Les signes tangibles d\u2019une relance sont l\u00e0. Nous jouerons un r\u00f4le important dans la reconstruction \u00e0 venir de la gauche. \u00bb<\/h2>\n<p> <\/em><\/p>\n<p><strong>Qu\u2019est-ce qui vous fait dire que le d\u00e9clin est enray\u00e9 et que vous \u00eates en reconstruction ?<\/strong><\/p>\n<p>Je r\u00e9cuse l\u2019id\u00e9e d\u2019un d\u00e9clin continu. Nous sommes dans une phase de relance partielle. Peu \u00e0 peu, les conditions se r\u00e9unissent de voir r\u00e9-\u00e9merger une force communiste de grande ampleur. L\u2019influence communiste est celle de la galaxie communiste. Cette galaxie est compos\u00e9e de nombreux anciens communistes qui continuent d\u2019avoir des liens avec le parti et qui s\u2019investissent dans tous les champs du social. Nous avons connu des phases d\u2019\u00e9loignement, mais le dialogue politique entre ces militants et le PCF se renoue sous des formes nouvelles. Dans le moment de mont\u00e9e du Front de gauche, c\u2019est bien l\u2019espace communiste qui s\u2019est r\u00e9activ\u00e9. Par exemple, pour parler de Paris, que je connais bien, ce sont dans les arrondissements o\u00f9 l&#8217;on \u00e9lisait des d\u00e9put\u00e9s communistes que le Front de gauche fait ses meilleurs r\u00e9sultats. La culture communiste joue un r\u00f4le dans le maintien d\u2019une culture militante dans le pays. Il s\u2019op\u00e8re un m\u00e9lange entre l\u2019empreinte communiste et les transformations de la soci\u00e9t\u00e9. Depuis les ann\u00e9es 2000-2002 avec Le Pen au second tour et 2005 avec le r\u00e9f\u00e9rendum europ\u00e9en, cela se traduit par un retour de la jeunesse dans nos rangs. Et on le voit encore aujourd\u2019hui avec l\u2019arriv\u00e9e de nouveaux militants contre la loi travail. Les \u00e9volutions se font par vagues, sont partielles, mais les signes tangibles d\u2019une relance sont l\u00e0. Nous jouerons un r\u00f4le important dans la reconstruction \u00e0 venir de la gauche. <\/p>\n<p><a href=\"https:\/\/wp.muchomaas.com\/qui-sommes-nous\/article\/soutenez-regards\"><img loading=\"lazy\" decoding=\"async\" class=\" aligncenter size-full wp-image-23118\" src=\"https:\/\/wp.muchomaas.com\/wp-content\/uploads\/2016\/03\/don_insert-601.png\" alt=\"don_insert.png\" align=\"center\" width=\"460\" height=\"210\" \/><\/a><\/p>\n<p><strong>Comment d\u00e9finiriez-vous aujourd\u2019hui la fonction politique du Parti communiste ?<\/strong><\/p>\n<p>Nous avons une double ambition, \u00eatre utile concr\u00e8tement et ouvrir une perspective politique pour l\u2019\u00e9mancipation sociale. Notre utilit\u00e9 concr\u00e8te et imm\u00e9diate, nous la concevons d\u2019abord pour ceux qui ont le plus besoin de changement. Sur cette fonction, nous sommes en difficult\u00e9. Les conqu\u00eates imm\u00e9diates \u2013 sociales et d\u00e9mocratiques \u2013 sont devenues plus ardues. Nous devons d&#8217;ailleurs repenser notre engagement quotidien dans les solidarit\u00e9s concr\u00e8tes. Le Parti communiste a toujours \u00e9t\u00e9 un des animateurs du d\u00e9bat d\u2019id\u00e9es et des constructions politiques. Nous n\u2019avons pas quitt\u00e9 ce terrain, mais il nous faut r\u00e9inventer le projet, changer d\u2019\u00e9chelle et penser les d\u00e9fis nouveaux sur le travail, la mobilit\u00e9, la d\u00e9mocratie\u2026 Avec la mise en r\u00e9seau de l\u2019espace communiste, ce travail commence \u00e0 \u00eatre visible. Mais en termes de construction politique, tout va devoir \u00eatre repens\u00e9 dans la recomposition engag\u00e9e.<\/p>\n<p><strong>Comment caract\u00e9riseriez-vous votre espace politique ?<\/strong><\/p>\n<p>Nous appartenons \u00e0 la France populaire et \u00e0 la gauche\u2026 toutes deux boulevers\u00e9es. Au XXe si\u00e8cle, la gauche a \u00e9t\u00e9 principalement compos\u00e9e de deux p\u00f4les, l\u2019un autour du PS, l\u2019autre autour du PCF. La stabilit\u00e9 de chacun de ces p\u00f4les est mise en question. Depuis les ann\u00e9es 80, nous avons connu deux grands mouvements. Un premier temps fut marqu\u00e9 par un affaiblissement tr\u00e8s profond de l\u2019id\u00e9al communiste. Le redressement passe par un projet qui pense la transformation sociale dans la mondialisation et la r\u00e9volution num\u00e9rique. L\u2019autre bouleversement est li\u00e9 \u00e0 la fin d&#8217;une p\u00e9riode ouverte par le programme commun, voulu d\u00e8s les ann\u00e9es 60 par le PCF, qui a vu une partie des socialistes quitter le camp de la transformation sociale. Le PS que nous avons connu ne sera bient\u00f4t plus. Cela nous pose une question profonde : la France reste un pays dans lequel le changement majoritaire \u00e0 gauche \u00e9tait une hypoth\u00e8se cr\u00e9dible. C\u2019est pour nous essentiel, et cela doit \u00eatre pr\u00e9serv\u00e9. Avec l\u2019\u00e9volution du PS, il nous faut trouver d\u2019autres voies pour le rassemblement de ces majorit\u00e9s de transformation sociale \u00e0 gauche. La cr\u00e9ation du Front de gauche a \u00e9t\u00e9 une tentative dans ce sens. Mais il faut aller plus loin parce que la gauche est en train de changer de visage. Il n\u2019y a l\u00e0 nulle satisfaction et nous ne pouvons ni ne devons regretter le pass\u00e9. Il nous faut regarder lucidement et admettre que la gauche est \u00e0 reconstruire.<br \/>\n(\u2026)<\/p>\n<p><em>Retrouvez l&#8217;int\u00e9gralit\u00e9 de l&#8217;interview de Pierre Laurent dans le num\u00e9ro d&#8217;automne de<\/em> Regards : <em>mardi 13 dans les kiosques, et d\u00e8s ce week-end au village du livre de la f\u00eate de <\/em>L&#8217;Humanit\u00e9.<br \/>\n<div id='gallery-1' class='gallery galleryid-9841 gallery-columns-3 gallery-size-thumbnail'><figure class='gallery-item'>\n\t\t\t<div class='gallery-icon landscape'>\n\t\t\t\t<a href='https:\/\/archives.regards.fr\/wp-content\/uploads\/2016\/05\/don_insert-393.png'><img loading=\"lazy\" decoding=\"async\" width=\"150\" height=\"150\" src=\"https:\/\/archives.regards.fr\/wp-content\/uploads\/2016\/05\/don_insert-393-150x150.png\" class=\"attachment-thumbnail size-thumbnail\" alt=\"don_insert.png\" \/><\/a>\n\t\t\t<\/div><\/figure><figure class='gallery-item'>\n\t\t\t<div class='gallery-icon portrait'>\n\t\t\t\t<a href='https:\/\/archives.regards.fr\/wp-content\/uploads\/2016\/09\/une_automne2-168.jpg'><img loading=\"lazy\" decoding=\"async\" width=\"150\" height=\"150\" src=\"https:\/\/archives.regards.fr\/wp-content\/uploads\/2016\/09\/une_automne2-168-150x150.jpg\" class=\"attachment-thumbnail size-thumbnail\" alt=\"une_automne2.jpg\" \/><\/a>\n\t\t\t<\/div><\/figure>\n\t\t<\/div>\n<\/p>\n","protected":false},"excerpt":{"rendered":"<p>Alors que se profilent \u00e9lections pr\u00e9sidentielle et l\u00e9gislatives, Pierre Laurent s&#8217;exprime sur les \u00e9volutions internes et les strat\u00e9gies d&#8217;un PCF nagu\u00e8re dominant et aujourd\u2019hui mal connu. Extrait du n\u00b0 d&#8217;automne de <em>Regards<\/em> qui sort mardi !<\/p>\n","protected":false},"author":328,"featured_media":23118,"comment_status":"open","ping_status":"open","sticky":false,"template":"","format":"standard","meta":{"_themeisle_gutenberg_block_has_review":false,"footnotes":""},"categories":[157],"tags":[293,295,406,497],"class_list":["post-9841","post","type-post","status-publish","format-standard","has-post-thumbnail","hentry","category-web","tag-entretien","tag-nupes","tag-pcf","tag-presidentielle-2017"],"_links":{"self":[{"href":"https:\/\/archives.regards.fr\/index.php?rest_route=\/wp\/v2\/posts\/9841","targetHints":{"allow":["GET"]}}],"collection":[{"href":"https:\/\/archives.regards.fr\/index.php?rest_route=\/wp\/v2\/posts"}],"about":[{"href":"https:\/\/archives.regards.fr\/index.php?rest_route=\/wp\/v2\/types\/post"}],"author":[{"embeddable":true,"href":"https:\/\/archives.regards.fr\/index.php?rest_route=\/wp\/v2\/users\/328"}],"replies":[{"embeddable":true,"href":"https:\/\/archives.regards.fr\/index.php?rest_route=%2Fwp%2Fv2%2Fcomments&post=9841"}],"version-history":[{"count":0,"href":"https:\/\/archives.regards.fr\/index.php?rest_route=\/wp\/v2\/posts\/9841\/revisions"}],"wp:featuredmedia":[{"embeddable":true,"href":"https:\/\/archives.regards.fr\/index.php?rest_route=\/wp\/v2\/media\/23118"}],"wp:attachment":[{"href":"https:\/\/archives.regards.fr\/index.php?rest_route=%2Fwp%2Fv2%2Fmedia&parent=9841"}],"wp:term":[{"taxonomy":"category","embeddable":true,"href":"https:\/\/archives.regards.fr\/index.php?rest_route=%2Fwp%2Fv2%2Fcategories&post=9841"},{"taxonomy":"post_tag","embeddable":true,"href":"https:\/\/archives.regards.fr\/index.php?rest_route=%2Fwp%2Fv2%2Ftags&post=9841"}],"curies":[{"name":"wp","href":"https:\/\/api.w.org\/{rel}","templated":true}]}}