{"id":9791,"date":"2016-07-12T10:52:57","date_gmt":"2016-07-12T08:52:57","guid":{"rendered":"https:\/\/wp.muchomaas.com\/article-gaza-les-vivants-et-les-morts-de-l-ete-2014\/"},"modified":"2023-06-23T23:22:45","modified_gmt":"2023-06-23T21:22:45","slug":"article-gaza-les-vivants-et-les-morts-de-l-ete-2014","status":"publish","type":"post","link":"https:\/\/archives.regards.fr\/?p=9791","title":{"rendered":"Gaza, les vivants et les morts de l&#8217;\u00e9t\u00e9 2014"},"content":{"rendered":"<p class=\"post_excerpt\">Les journalistes Anne Paq et Ala Qandil proposent un webdocumentaire sur des familles palestiniennes d\u00e9cim\u00e9es lors de l&#8217;offensive isra\u00e9lienne \u00e0 Gaza, en 2014. Bouleversante plong\u00e9e dans cette guerre faite aux civils, leur travail livre des pistes pour demander justice.<\/p>\n<p>\u00ab\u00a0<em>Comment se reconstruire quand vous avez perdu une partie voire toute votre famille, que votre maison a \u00e9t\u00e9 d\u00e9truite, que vous ne pouvez pas retrouver de travail, le tout dans des conditions mat\u00e9rielles impossibles et sur un territoire soumis au blocus?<\/em>\u00a0\u00bb <\/p>\n<p>\u00c0 cette question que pose Anne Paq, le webdocumentaire #ObliteratedFamilies (<a href=\"http:\/\/www.obliteratedfamilies.com\/main\/fr\/\"><em>Familles d\u00e9cim\u00e9es<\/em><\/a>) dont elle est la cor\u00e9alisatrice, n&#8217;apporte pas de r\u00e9ponse. Il nous parle des morts et des vivants, des pertes irr\u00e9m\u00e9diables, met des visages et des corps sur la guerre, donne \u00e0 voir les traumatismes profonds\u00a0et durables occasionn\u00e9s par les bombardements, mais aussi la soif de justice du peuple qui les subit. Et c&#8217;est d\u00e9j\u00e0 beaucoup.<\/p>\n<h2>Le tribut des familles<\/h2>\n<p>Durant 51 jours, pendant l&#8217;\u00e9t\u00e9 2014, l&#8217;arm\u00e9e isra\u00e9lienne a men\u00e9 dans la bande de Gaza une offensive militaire \u2013 &#8220;Bordure protectrice&#8221; \u2013 qui a co\u00fbt\u00e9 la vie \u00e0 pr\u00e8s de 2.200 Palestiniens, tr\u00e8s majoritairement des civils, dont plus de 500 enfants, fait plus de 11.000 bless\u00e9s, dont au moins 1.000 enfants aujourd&#8217;hui handicap\u00e9s \u00e0 vie, et laiss\u00e9 100.000 Gazaouis sans-abris. <\/p>\n<p>Apr\u00e8s les op\u00e9rations &#8220;Plomb durci&#8221; de d\u00e9cembre 2008\/janvier 2009 et &#8220;Pilier de d\u00e9fense&#8221; de novembre 2012, c&#8217;\u00e9tait la troisi\u00e8me fois en six ans que le petit territoire subissait la violence (a\u00e9rienne, terrestre, navale) de l&#8217;arm\u00e9e isra\u00e9lienne. \u00ab\u00a0<em>La confrontation arm\u00e9e est le terrain d\u2019Isra\u00ebl, et il y excelle<\/em>\u00a0\u00bb, r\u00e9sume la journaliste Amira Hass, dans son texte d&#8217;introduction au webdoc. Un terrain g\u00e9n\u00e9ralement jonch\u00e9 de cadavres lorsque &#8220;Tsahal&#8221; s&#8217;en retire, notamment dans la bande de Gaza. \u00ab\u00a0<em>Au sortir de la confrontation, il y a eu cette statistique effroyable donn\u00e9e par les Nations Unies, qui m&#8217;a vraiment choqu\u00e9e<\/em>, rappelle Anne Paq\u00a0: <\/p>\n<blockquote><p>\u00ab\u00a0En 51 jours de bombardements, 142 familles ont perdu au moins trois membres ou plus. Il y a toujours eu beaucoup de civils tu\u00e9s par l&#8217;arm\u00e9e isra\u00e9lienne, mais l\u00e0 c&#8217;est vraiment une caract\u00e9ristique sp\u00e9cifique \u00e0 cette offensive. C&#8217;est cela qui m&#8217;a conduit \u00e0 mener ce travail en partant des familles.\u00a0\u00bb<\/p><\/blockquote>\n<p>Journaliste-photographe fran\u00e7aise membre du collectif Activestills, un collectif \u00e9tabli en 2005 par des photographes et documentaristes pour qui \u00ab\u00a0<em>la photographie doit \u00eatre un outil de changement social et politique<\/em>\u00a0\u00bb (\u00e0 voir <a href=\"http:\/\/activestills.org\/index.php\">ici<\/a> ), Anne Paq pratique la Palestine depuis une quinzaine d&#8217;ann\u00e9e et a commenc\u00e9 \u00e0 se rendre r\u00e9guli\u00e8rement dans la bande de Gaza en 2010. \u00ab\u00a0<em>Il m&#8217;a sembl\u00e9 important de passer du temps sur place pour parler du si\u00e8ge, des bombardements, documenter la situation<\/em>\u00a0\u00bb. En 2014, c&#8217;est d&#8217;Europe qu&#8217;elle suit la mont\u00e9e des tensions \u00e0 l&#8217;approche de l&#8217;\u00e9t\u00e9. D\u00e8s que l&#8217;offensive militaire est d\u00e9clench\u00e9e, elle se rend sur place. \u00ab\u00a0<em>J&#8217;y suis rest\u00e9e trois semaines, jusqu&#8217;\u00e0 mon point de rupture. Je suis ensuite revenue \u00e0 Gaza en septembre<\/em>\u00a0\u00bb. <\/p>\n<h2>L&#8217;histoire des victimes<\/h2>\n<p>Sur place, travaillant comme journaliste pour divers m\u00e9dias, elle est happ\u00e9e par la couverture de l&#8217;info, plongeant dans une \u00ab\u00a0<em>incessante s\u00e9rie d&#8217;atrocit\u00e9s<\/em>\u00a0\u00bb. <\/p>\n<blockquote><p>\u00ab\u00a0<em>On est \u00e0 l&#8217;h\u00f4pital, dans les morgues, il y a les corps qui d\u00e9filent, les familles ravag\u00e9es qui d\u00e9barquent et c&#8217;est extr\u00eamement frustrant de ne pas conna\u00eetre l&#8217;histoire de ces personnes. En septembre suivant, pour moi, c&#8217;\u00e9tait important de retrouver certaines de ces familles<\/em>\u00a0\u00bb. <\/p><\/blockquote>\n<p>En compagnie de sa coll\u00e8gue Ala Qandil, journaliste palestino-polonaise, et avec le concours du Centre Al Mezan pour les droits humains (\u00e0 voir <a href=\"http:\/\/www.mezan.org\/en\/\">ici<\/a>) qui l&#8217;oriente sur d&#8217;autre pistes, elle va au final documenter l&#8217;histoire d&#8217;une cinquantaine de familles. Qui, un jour de juillet ou d&#8217;ao\u00fbt 2014, en quelques secondes, ont bascul\u00e9 dans l&#8217;horreur. Le grondement d&#8217;un avion, le sifflement d&#8217;un missile, le fracas d&#8217;une bombe. Et dans le chaos des ruines fumantes, les corps des enfants, du p\u00e8re, de l&#8217;\u00e9pouse, des fr\u00e8res, de la cousine. Parfois d\u00e9coup\u00e9s en morceaux, br\u00fbl\u00e9s. Les survivants racontent. <\/p>\n<p><img decoding=\"async\" src=\"IMG\/jpg\/obliterated-3.jpg\" alt=\"obliterated-3.jpg\" align=\"center\" \/><em>photo Anne Paq \/ activetills.org<\/em><\/p>\n<p>Parmi ces histoires, il y a celle de la famille Suheibar. Le 17 juillet, Afnan, huit ans, ses deux cousins Jihad et Wassim, dix et neuf ans, ont \u00e9t\u00e9 tu\u00e9s par un missile tir\u00e9 d&#8217;un drone. Ils \u00e9taient sur le toit de la maison pour nourrir les oiseaux. Des fragments du projectile ont permis d&#8217;identifier le fabriquant d&#8217;un composant, la soci\u00e9t\u00e9 fran\u00e7aise Exxelia Technologies. Le 29 juin dernier, la famille Suheibar, soutenue par l\u2019ACAT, a port\u00e9 plainte en France contre cette soci\u00e9t\u00e9 pour complicit\u00e9 de crime de guerre et homicide involontaire. Anne Paq explique pourquoi \u00ab\u00a0<em>Faire \u00e9cho \u00e0 de telles d\u00e9marches fait partie de nos objectifs<\/em> : <\/p>\n<blockquote><p>\u00ab\u00a0Leur plainte permet de mettre en lumi\u00e8re les complicit\u00e9s avec Isra\u00ebl, d&#8217;\u00e9tablir des liens. Tout cela est important parce que si l&#8217;impunit\u00e9 d&#8217;Isra\u00ebl perdure, \u00e7a recommencera. Aujourd&#8217;hui d&#8217;ailleurs, la question n&#8217;est pas tant de savoir si la bande de Gaza sera de nouveau frapp\u00e9e mais plut\u00f4t quand&#8230;\u00a0\u00bb<\/p><\/blockquote>\n<h2>La col\u00e8re et la justice<\/h2>\n<p>En attendant, #ObliteratedFamilies permet aussi de rappeler cette r\u00e9alit\u00e9\u00a0: \u00ab\u00a0<em>Il n&#8217;y a jamais de retour \u00e0 la normale \u00e0 Gaza. Les attaques, c&#8217;est tragique, mais il y a un avant, un apr\u00e8s. Durant l&#8217;offensive de l&#8217;\u00e9t\u00e9 2014, les h\u00f4tels du territoire \u00e9taient plein de journalistes. Lorsque je suis revenue en septembre, il n&#8217;y en avait plus un seul. Il faut pourtant montrer la lenteur de la reconstruction et dire que la situation de si\u00e8ge et l&#8217;omnipr\u00e9sence dans le ciel de chasseurs ou de drones sont anormale et injuste. Tout le temps.<\/em> \u00bb<\/p>\n<p>\u00ab <em>La col\u00e8re est l\u00e0, bien s\u00fbr mais c&#8217;est surtout la soif de justice qui est exprim\u00e9e<\/em>, poursuit Anne Paq. <em>Et ce d&#8217;autant plus qu&#8217;ils ne sont pas reconnus en tant que victimes par Isra\u00ebl, dont le discours est de renvoyer la responsabilit\u00e9 de tous ces morts aux Palestiniens eux-m\u00eames. Alors que rien ne peut justifier que l&#8217;on tue ainsi des civils\u00a0: les principes de distinction entre civils et combattants et celui de la proportionnalit\u00e9 existent en droit international&#8230;<\/em>\u00a0\u00bb <\/p>\n<p>Des principes \u00e9vanouis durant l&#8217;\u00e9t\u00e9 2014, comme le montre ce webdocumentaire tr\u00e8s abouti. Alternant textes, vid\u00e9os et photos (en arabe, anglais et fran\u00e7ais), #ObliteratedFamilies propose les histoires de dix familles ; cinq sont d\u00e9j\u00e0 accessibles, les suivantes le seront au fil des semaines, d&#8217;ici la fin du mois d&#8217;ao\u00fbt. Un kit d&#8217;exposition t\u00e9l\u00e9chargeable et donnant des informations sur les autres familles rencontr\u00e9es dans le cadre du projet devrait bient\u00f4t \u00eatre disponible. Pour que \u00ab\u00a0<em>tous ceux qui le souhaitent puissent se saisir du sujet et l&#8217;exposer<\/em>\u00a0\u00bb.<div id='gallery-1' class='gallery galleryid-9791 gallery-columns-3 gallery-size-thumbnail'><figure class='gallery-item'>\n\t\t\t<div class='gallery-icon landscape'>\n\t\t\t\t<a href='https:\/\/archives.regards.fr\/wp-content\/uploads\/2016\/07\/obliterated-2-4ea.jpg'><img loading=\"lazy\" decoding=\"async\" width=\"150\" height=\"150\" src=\"https:\/\/archives.regards.fr\/wp-content\/uploads\/2016\/07\/obliterated-2-4ea-150x150.jpg\" class=\"attachment-thumbnail size-thumbnail\" alt=\"obliterated-2.jpg\" \/><\/a>\n\t\t\t<\/div><\/figure>\n\t\t<\/div>\n<\/p>\n","protected":false},"excerpt":{"rendered":"<p>Les journalistes Anne Paq et Ala Qandil proposent un webdocumentaire sur des familles palestiniennes d\u00e9cim\u00e9es lors de l&#8217;offensive isra\u00e9lienne \u00e0 Gaza, en 2014. Bouleversante plong\u00e9e dans cette guerre faite aux civils, leur travail livre des pistes pour demander justice.<\/p>\n","protected":false},"author":558,"featured_media":23726,"comment_status":"open","ping_status":"open","sticky":false,"template":"","format":"standard","meta":{"_themeisle_gutenberg_block_has_review":false,"footnotes":""},"categories":[11],"tags":[470,332],"class_list":["post-9791","post","type-post","status-publish","format-standard","has-post-thumbnail","hentry","category-monde","tag-israel","tag-palestine"],"_links":{"self":[{"href":"https:\/\/archives.regards.fr\/index.php?rest_route=\/wp\/v2\/posts\/9791","targetHints":{"allow":["GET"]}}],"collection":[{"href":"https:\/\/archives.regards.fr\/index.php?rest_route=\/wp\/v2\/posts"}],"about":[{"href":"https:\/\/archives.regards.fr\/index.php?rest_route=\/wp\/v2\/types\/post"}],"author":[{"embeddable":true,"href":"https:\/\/archives.regards.fr\/index.php?rest_route=\/wp\/v2\/users\/558"}],"replies":[{"embeddable":true,"href":"https:\/\/archives.regards.fr\/index.php?rest_route=%2Fwp%2Fv2%2Fcomments&post=9791"}],"version-history":[{"count":0,"href":"https:\/\/archives.regards.fr\/index.php?rest_route=\/wp\/v2\/posts\/9791\/revisions"}],"wp:featuredmedia":[{"embeddable":true,"href":"https:\/\/archives.regards.fr\/index.php?rest_route=\/wp\/v2\/media\/23726"}],"wp:attachment":[{"href":"https:\/\/archives.regards.fr\/index.php?rest_route=%2Fwp%2Fv2%2Fmedia&parent=9791"}],"wp:term":[{"taxonomy":"category","embeddable":true,"href":"https:\/\/archives.regards.fr\/index.php?rest_route=%2Fwp%2Fv2%2Fcategories&post=9791"},{"taxonomy":"post_tag","embeddable":true,"href":"https:\/\/archives.regards.fr\/index.php?rest_route=%2Fwp%2Fv2%2Ftags&post=9791"}],"curies":[{"name":"wp","href":"https:\/\/api.w.org\/{rel}","templated":true}]}}