{"id":9785,"date":"2016-07-05T20:30:01","date_gmt":"2016-07-05T18:30:01","guid":{"rendered":"https:\/\/wp.muchomaas.com\/article-remi-lefebvre-l-executif-veut-faire-l-economie-du-ps-voire-s-en-debarrasser\/"},"modified":"2016-07-05T20:30:01","modified_gmt":"2016-07-05T18:30:01","slug":"article-remi-lefebvre-l-executif-veut-faire-l-economie-du-ps-voire-s-en-debarrasser","status":"publish","type":"post","link":"https:\/\/archives.regards.fr\/?p=9785","title":{"rendered":"R\u00e9mi Lefebvre : \u00ab L\u2019ex\u00e9cutif veut faire l\u2019\u00e9conomie du PS, voire s\u2019en d\u00e9barrasser \u00bb"},"content":{"rendered":"<p class=\"post_excerpt\">Adeptes du 49.3 \u00e0 l\u2019Assembl\u00e9e, les dirigeants socialistes ne semblent pas plus appr\u00e9cier le d\u00e9bat au sein de leur propre parti. Un constat confirm\u00e9 par l\u2019annulation de l\u2019universit\u00e9 d\u2019\u00e9t\u00e9 par Jean-Christophe Cambad\u00e9lis ? Entretien avec R\u00e9mi Lefebvre. <\/p>\n<p><em>R\u00e9mi Lefebvre est professeur de sciences politiques \u00e0 l\u2019universit\u00e9 de Lille 2, et chercheur au CERAPS. Sp\u00e9cialiste du Parti socialiste, il d\u00e9crit son<\/em> \u00ab autodestruction \u00bb <em>en cours.<\/em><\/p>\n<p><strong>Regards. Il y a encore peu de temps, Jean-Christophe Cambad\u00e9lis affirmait ne pas craindre les d\u00e9bordements en marge de l\u2019universit\u00e9 d\u2019\u00e9t\u00e9 du PS. Pourquoi ce soudain revirement ?<\/strong><\/p>\n<p><strong>R\u00e9mi Lefebvre.<\/strong> Il y a d\u2019abord eu le lobbying de la maire de Nantes contre l\u2019organisation de cette universit\u00e9 d\u2019\u00e9t\u00e9, notamment en raison de ce qui se passe \u00e0 Notre-Dame-des-Landes. Le PS est encore assez implant\u00e9 dans la r\u00e9gion Pays-de-la-Loire, o\u00f9 il conserve beaucoup d\u2019\u00e9lus. Cela a d\u00fb jouer. La deuxi\u00e8me raison est de l\u2019ordre de la communication. Une universit\u00e9 d\u2019\u00e9t\u00e9 marque la rentr\u00e9e d\u2019un parti politique. Entamer cette rentr\u00e9e sur des images de contestation tr\u00e8s forte du gouvernement, alors que la campagne des primaires va commencer, serait un mauvais signal envoy\u00e9. Cela a beaucoup pes\u00e9. Enfin, reste un point sur lequel je suis moins affirmatif : on a l\u2019impression que Cambad\u00e9lis souhaite compl\u00e8tement liquider le PS pour ne pas laisser de prise \u00e0 la contestation interne. Il ne veut pas donner d\u2019occasion aux frondeurs de se manifester \u00e0 l\u2019int\u00e9rieur du parti. On semble \u00eatre dans une strat\u00e9gie d\u2019effacement du parti. Il va y avoir des primaires aux contours flous, il n\u2019y a pas d\u2019universit\u00e9 d\u2019\u00e9t\u00e9\u2026 On a un peu l\u2019impression que le parti se d\u00e9sagr\u00e8ge. <\/p>\n<p><em> <\/p>\n<h2>\u00ab Depuis 2012, le Parti socialiste a \u00e9t\u00e9 compl\u00e8tement d\u00e9mon\u00e9tis\u00e9, ses instances ont une vie l\u00e9thargique, les militants s\u2019en vont. Il n\u2019est plus un lieu de d\u00e9bat. \u00bb<\/h2>\n<p> <\/em><\/p>\n<p><strong>La proposition alternative d\u2019universit\u00e9s r\u00e9gionales d\u00e9centralis\u00e9es s\u2019inscrit-elle dans cette strat\u00e9gie d\u2019\u00e9vitement de la contestation sociale et du d\u00e9bat interne ? <\/strong><\/p>\n<p>Cela ne mange pas de pain de dire que l\u2019on va d\u00e9centraliser les universit\u00e9s d\u2019\u00e9t\u00e9. La plupart des f\u00e9d\u00e9rations organisent d\u00e9j\u00e0 ce genre d\u2019\u00e9v\u00e9nements. C\u2019est donc une mani\u00e8re de botter en touche, de donner l\u2019impression que le parti continue d\u2019exister alors que, concr\u00e8tement, il ne se passera rien de plus que d\u2019habitude au sein des f\u00e9d\u00e9rations. De plus, il y a une telle d\u00e9mobilisation dans le parti que certaines f\u00e9d\u00e9rations risquent de ne m\u00eame pas pouvoir organiser d\u2019universit\u00e9. <\/p>\n<p><strong>Cette annulation marque-t-elle la fin du d\u00e9bat interne au sein PS ainsi que la prise de pouvoir de la &#8220;Belle alliance populaire&#8221; et de &#8220;H\u00e9 ho la gauche&#8221;, noyau de soutien \u00e0 Fran\u00e7ois Hollande ? <\/strong><\/p>\n<p>Depuis 2012, le Parti socialiste a quelque peu \u00e9t\u00e9 mis sur la touche, car v\u00e9cu comme potentiellement encombrant, dans un sc\u00e9nario de contestation de la ligne du gouvernement. Il a \u00e9t\u00e9 compl\u00e8tement d\u00e9mon\u00e9tis\u00e9, ses instances ont une vie l\u00e9thargique, les militants s\u2019en vont. Le parti n\u2019est plus un lieu de d\u00e9bat. C\u2019est d\u2019ailleurs pour cela que celui-ci s\u2019est d\u00e9plac\u00e9 au Parlement, et les frondeurs avec. Il y a eu un Congr\u00e8s \u00e0 Poitiers en juin 2015, o\u00f9 ont \u00e9t\u00e9 mises en avant un certain nombre de critiques du gouvernement qui n\u2019ont pas du tout \u00e9t\u00e9 entendues. M\u00eame le Congr\u00e8s a fait l\u2019objet d\u2019un \u00e9vitement. La suppression de l\u2019universit\u00e9 d\u2019\u00e9t\u00e9 et le d\u00e9placement du parti vers ces esp\u00e8ces de conglom\u00e9rats disparates de petits partis et de micro-partis favorables \u00e0 Hollande montrent que le discours de Cambad\u00e9lis sur le \u00ab d\u00e9passement \u00bb du PS \u2013 expression dont il est tr\u00e8s friand \u2013 est en fait un euph\u00e9misme pour parler de sa liquidation. Concr\u00e8tement, aujourd\u2019hui, l\u2019ex\u00e9cutif veut faire l\u2019\u00e9conomie du parti, voire s\u2019en d\u00e9barrasser. <\/p>\n<p><em> <\/p>\n<h2>\u00ab Si les frondeurs concourent et perdent \u00e0 la primaire, ils devront appeler \u00e0 voter pour Hollande et perdront toute l\u00e9gitimit\u00e9 \u00bb <\/h2>\n<p> <\/em><\/p>\n<p><strong>Si la relative contestation interne se d\u00e9place du parti vers le Parlement, il reste tout de m\u00eame l\u2019\u00e9ch\u00e9ance de la primaire. Les regards se tournent une nouvelle fois vers Martine Aubry\u2026<\/strong><\/p>\n<p>Je vois mal Martine Aubry sortir du bois. Elle est embarrass\u00e9e. Elle a dit \u00e0 plusieurs reprises qu\u2019il ne faut pas trop critiquer le pr\u00e9sident sortant, car elle est tr\u00e8s l\u00e9gitimiste sur le plan institutionnel. Et puis, c\u2019est compliqu\u00e9 pour elle : je pense qu\u2019elle ne veut pas participer aux primaires, il n\u2019y a pas \u00e9norm\u00e9ment de candidats possibles, elle n\u2019a pas une relation facile avec Arnaud Montebourg\u2026 Mon opinion \u00e0 ce stade est que Martine Aubry ne va pas jouer de r\u00f4le important durant la primaire. Elle fait le calcul que, de toute fa\u00e7on, Fran\u00e7ois Hollande va perdre, et que les d\u00e9bats se trancheront plus tard. <\/p>\n<p><strong>\u00cates-vous aussi dubitatif sur la capacit\u00e9 d\u2019alliance des &#8220;frondeurs&#8221; que vous l\u2019\u00e9tiez \u2013 \u00e0 raison \u2013 avant le Congr\u00e8s de Poitiers l\u2019ann\u00e9e derni\u00e8re ?<\/strong><\/p>\n<p>Les frondeurs se trouvent dans une situation d\u00e9licate. Ils ont une d\u00e9cision strat\u00e9gique \u00e0 prendre. Ou bien ils participent \u00e0 une primaire qu\u2019ils peuvent \u00e9ventuellement gagner, \u00e0 condition d\u2019obtenir une inter-primaire ouverte avec beaucoup de bureaux de votes. Cela para\u00eet tr\u00e8s difficile \u00e0 r\u00e9aliser pour un parti compl\u00e8tement d\u00e9compos\u00e9. Ou bien ils d\u00e9cident de ne pas y aller, en d\u00e9non\u00e7ant des conditions de primaire ouverte non-remplies. Si jamais ils concourent et qu\u2019ils perdent, ils seront neutralis\u00e9s et devront appeler \u00e0 voter pour Hollande. Ils auront alors perdu toute l\u00e9gitimit\u00e9, car celle-ci prend sa source dans la critique de l\u2019ex\u00e9cutif. De nombreux militants socialistes ont d\u2019ailleurs du mal \u00e0 accepter ce principe des primaires qui oblige les vaincus \u00e0 soutenir le vainqueur. <\/p>\n<p><em> <\/p>\n<h2>\u00ab\u00a0Valls est dans une strat\u00e9gie de fracturation de la gauche, dont il exacerbe les diff\u00e9rences entre composantes \u00bb<\/h2>\n<p> <\/em><\/p>\n<p><strong>Permanences PS saccag\u00e9es, ministres en d\u00e9placement hu\u00e9s et appels au boycott d\u2019un c\u00f4t\u00e9, r\u00e9pression sauvage du mouvement social et crainte d\u2019une \u00ab gu\u00e9rilla d\u2019ultra-gauche \u00bb de l\u2019autre\u2026 Comment les dirigeants socialistes consid\u00e8rent-ils les attaques qu\u2019ils subissent et leurs auteurs ? <\/strong><\/p>\n<p>Si les gouvernements de gauche r\u00e9formiste ont toujours entra\u00een\u00e9 une contestation sur leur gauche \u2013 on l\u2019a vu sous Mitterrand et sous Jospin \u2013 cette fois-ci, le rejet du PS se g\u00e9n\u00e9ralise, de fa\u00e7on in\u00e9dite, \u00e0 une frange plus large de la soci\u00e9t\u00e9, dont une partie n\u2019a pas d\u2019autre vis\u00e9e contestataire. Face \u00e0 cela, les partitions des uns et des autres sont diff\u00e9rentes. Manuel Valls joue clairement l\u2019affrontement. C\u2019est lui qui voulait interdire la manifestation du 23 juin. Il est dans une strat\u00e9gie de fracturation de la gauche, dont il exacerbe les diff\u00e9rences entre composantes. Il tend \u00e9galement vers la dissolution du PS. Ensuite vient l\u2019option Cambad\u00e9lis qui, en tant que leader de parti, a int\u00e9r\u00eat \u00e0 r\u00e9duire la contestation et lui coller une \u00e9tiquette &#8220;radicalis\u00e9e&#8221;. Il parle d\u2019\u00e9l\u00e9ments incontr\u00f4lables mus par une haine du PS, sans jeter le discr\u00e9dit sur l\u2019ensemble de la gauche \u2013 m\u00eame s\u2019il a quand m\u00eame, de plus en plus, un discours de critique des appareils \u00ab radicalis\u00e9s \u00bb. Mais il reste, en tant que leader du PS, une sorte de gardien de l\u2019union de la gauche.<\/p>\n<p><strong>Comment interpr\u00e9ter l&#8217;attitude de Fran\u00e7ois Hollande ?<\/strong><\/p>\n<p>On ne comprend pas trop\u2026 Je pense que son calcul est de m\u00e9nager un peu la gauche, tout en ne faisant pas marche arri\u00e8re afin de donner l\u2019impression d\u2019avoir une ligne directrice. Il est convaincu que la gauche du PS est atomis\u00e9e, qu\u2019elle ne peut pas vraiment le concurrencer et que, dans le m\u00eame temps, la droitisation de la droite avec ces primaires va l\u2019aider \u00e0 se repositionner \u00e0 gauche. C\u2019est un calcul tr\u00e8s incertain, dont on imagine mal qu&#8217;il le qualifierait pour le second tour. <\/p>\n","protected":false},"excerpt":{"rendered":"<p>Adeptes du 49.3 \u00e0 l\u2019Assembl\u00e9e, les dirigeants socialistes ne semblent pas plus appr\u00e9cier le d\u00e9bat au sein de leur propre parti. Un constat confirm\u00e9 par l\u2019annulation de l\u2019universit\u00e9 d\u2019\u00e9t\u00e9 par Jean-Christophe Cambad\u00e9lis ? Entretien avec R\u00e9mi Lefebvre. <\/p>\n","protected":false},"author":1,"featured_media":0,"comment_status":"open","ping_status":"open","sticky":false,"template":"","format":"standard","meta":{"_themeisle_gutenberg_block_has_review":false,"footnotes":""},"categories":[157],"tags":[293,390,497],"class_list":["post-9785","post","type-post","status-publish","format-standard","hentry","category-web","tag-entretien","tag-parti-socialiste","tag-presidentielle-2017"],"_links":{"self":[{"href":"https:\/\/archives.regards.fr\/index.php?rest_route=\/wp\/v2\/posts\/9785","targetHints":{"allow":["GET"]}}],"collection":[{"href":"https:\/\/archives.regards.fr\/index.php?rest_route=\/wp\/v2\/posts"}],"about":[{"href":"https:\/\/archives.regards.fr\/index.php?rest_route=\/wp\/v2\/types\/post"}],"author":[{"embeddable":true,"href":"https:\/\/archives.regards.fr\/index.php?rest_route=\/wp\/v2\/users\/1"}],"replies":[{"embeddable":true,"href":"https:\/\/archives.regards.fr\/index.php?rest_route=%2Fwp%2Fv2%2Fcomments&post=9785"}],"version-history":[{"count":0,"href":"https:\/\/archives.regards.fr\/index.php?rest_route=\/wp\/v2\/posts\/9785\/revisions"}],"wp:attachment":[{"href":"https:\/\/archives.regards.fr\/index.php?rest_route=%2Fwp%2Fv2%2Fmedia&parent=9785"}],"wp:term":[{"taxonomy":"category","embeddable":true,"href":"https:\/\/archives.regards.fr\/index.php?rest_route=%2Fwp%2Fv2%2Fcategories&post=9785"},{"taxonomy":"post_tag","embeddable":true,"href":"https:\/\/archives.regards.fr\/index.php?rest_route=%2Fwp%2Fv2%2Ftags&post=9785"}],"curies":[{"name":"wp","href":"https:\/\/api.w.org\/{rel}","templated":true}]}}