{"id":9783,"date":"2016-07-05T16:30:06","date_gmt":"2016-07-05T14:30:06","guid":{"rendered":"https:\/\/wp.muchomaas.com\/article-numero-de-juin-2016-du-e-mensuel\/"},"modified":"2023-06-23T23:22:42","modified_gmt":"2023-06-23T21:22:42","slug":"article-numero-de-juin-2016-du-e-mensuel","status":"publish","type":"post","link":"https:\/\/archives.regards.fr\/?p=9783","title":{"rendered":"Num\u00e9ro de juin 2016 du e-mensuel"},"content":{"rendered":"<strong>Sommaire N\u00b068<br>\nUnion europ\u00e9enne, le compte \u00e0 rebours<\/strong>\n<br>\nL\u2019UE a \u00e9t\u00e9 atteinte par l\u2019onde de choc du Brexit, mais la crise \u00e9tait d\u00e9clar\u00e9e depuis longtemps. Quelle reconstruction europ\u00e9enne proposer, qui \u00e9chappe aux impasses d\u2019un projet \u00e0 l\u2019agonie comme aux mirages du repli national ?<br>\nP. 04 &#8211; Apr\u00e8s le Brexit, refaire l\u2019Europe<br>\nP. 08 &#8211; L\u2019Europe, on la change ou elle meurt\n\n\n<p>\n\n<strong>Quelle gauche pour 2017 ?<\/strong><br>\nM\u00e9lenchon en campagne, le PCF en rase campagne, le PS engag\u00e9 dans \n\u00absa\u00bb primaire\u2026 La pr\u00e9sidentielle va redessiner les contours des gauches \nmais pour l\u2019heure, les cons\u00e9quences des choix strat\u00e9giques des uns \net des autres restent floues.<br>\nP. 14 &#8211; Entre le PCF et M\u00e9lenchon, encore quelques degr\u00e9s \n\tde s\u00e9paration<br>\nP. 22 &#8211; Jean-Luc M\u00e9lenchon : \u00ab Il est de mon devoir d\u2019avancer \t\tsans attendre le bon vouloir de qui que ce soit \u00bb<br>\nP. 30 &#8211; PS : une primaire contre la gauche\n\n\n<p>\n\n\n\n<strong>La r\u00e9pression, bras arm\u00e9 de \nla lib\u00e9ralisation<\/strong><br>\nLes mobilisations du printemps ont illustr\u00e9 comment les doctrines polici\u00e8res r\u00e9pressives ont \u00e9t\u00e9 mises au service d\u2019un ex\u00e9cutif qui a cherch\u00e9 le rapport de forces. Pour imposer la loi travail et discr\u00e9diter le mouvement social.\n<br>\nP. 36 &#8211; Le gouvernement choisit le camp de la peur<br>\nP. 40 &#8211; Flash-Ball, grenades : pourquoi il faut d\u00e9sarmer \n\tle maintien de l\u2019ordre<br>\nP. 46 &#8211; Hugo Melchior, militant criminalis\u00e9\n\n<p>\n\n\n<iframe loading=\"lazy\" width=\"460\" height=\"327\" src=\"\/\/e.issuu.com\/embed.html#6130135\/37001847\" frameborder=\"0\" allowfullscreen><\/iframe>\n<h2 class=\"wp-block-heading\">Documents joints<\/h2>\n\n\n\n<div class=\"wp-block-file\"><a href=\"https:\/\/wp.muchomaas.com\/wp-content\/uploads\/2016\/07\/68_light-5ab.pdf\">Version imprimable avec images<\/a><\/div>\n\n\n\n<div class=\"wp-block-file\"><a href=\"https:\/\/wp.muchomaas.com\/wp-content\/uploads\/2016\/07\/68_light_sansimages-b95.pdf\">Version imprimable sans images<\/a><\/div>\n\n\n","protected":false},"excerpt":{"rendered":"<p>Sommaire N\u00b068 Union europ\u00e9enne, le compte \u00e0 rebours L\u2019UE a \u00e9t\u00e9 atteinte par l\u2019onde de choc du Brexit, mais la crise \u00e9tait d\u00e9clar\u00e9e depuis longtemps. Quelle reconstruction europ\u00e9enne proposer, qui \u00e9chappe aux impasses d\u2019un projet \u00e0 l\u2019agonie comme aux mirages du repli national ? P. 04 &#8211; Apr\u00e8s le Brexit, refaire l\u2019Europe P. 08 &#8211; [&hellip;]<\/p>\n","protected":false},"author":1,"featured_media":0,"comment_status":"open","ping_status":"open","sticky":false,"template":"","format":"standard","meta":{"_themeisle_gutenberg_block_has_review":false,"footnotes":""},"categories":[1],"tags":[359],"class_list":["post-9783","post","type-post","status-publish","format-standard","hentry","category-non-classe","tag-exclure-de-la-home"],"_links":{"self":[{"href":"https:\/\/archives.regards.fr\/index.php?rest_route=\/wp\/v2\/posts\/9783","targetHints":{"allow":["GET"]}}],"collection":[{"href":"https:\/\/archives.regards.fr\/index.php?rest_route=\/wp\/v2\/posts"}],"about":[{"href":"https:\/\/archives.regards.fr\/index.php?rest_route=\/wp\/v2\/types\/post"}],"author":[{"embeddable":true,"href":"https:\/\/archives.regards.fr\/index.php?rest_route=\/wp\/v2\/users\/1"}],"replies":[{"embeddable":true,"href":"https:\/\/archives.regards.fr\/index.php?rest_route=%2Fwp%2Fv2%2Fcomments&post=9783"}],"version-history":[{"count":0,"href":"https:\/\/archives.regards.fr\/index.php?rest_route=\/wp\/v2\/posts\/9783\/revisions"}],"wp:attachment":[{"href":"https:\/\/archives.regards.fr\/index.php?rest_route=%2Fwp%2Fv2%2Fmedia&parent=9783"}],"wp:term":[{"taxonomy":"category","embeddable":true,"href":"https:\/\/archives.regards.fr\/index.php?rest_route=%2Fwp%2Fv2%2Fcategories&post=9783"},{"taxonomy":"post_tag","embeddable":true,"href":"https:\/\/archives.regards.fr\/index.php?rest_route=%2Fwp%2Fv2%2Ftags&post=9783"}],"curies":[{"name":"wp","href":"https:\/\/api.w.org\/{rel}","templated":true}]}}